{"id":75244,"date":"2017-07-06T19:18:02","date_gmt":"2017-07-06T19:18:02","guid":{"rendered":"http:\/\/candas365.es\/noticias\/?p=75244"},"modified":"2017-07-06T19:22:31","modified_gmt":"2017-07-06T19:22:31","slug":"los-servicios-sociales-de-carreno-contaran-con-mas-personal","status":"publish","type":"post","link":"https:\/\/candas365.es\/noticias\/los-servicios-sociales-de-carreno-contaran-con-mas-personal\/","title":{"rendered":"Los servicios sociales de Carre\u00f1o contar\u00e1n con m\u00e1s personal"},"content":{"rendered":"<p><img fetchpriority=\"high\" decoding=\"async\" class=\"alignleft size-medium wp-image-6453\" src=\"https:\/\/candas365.es\/noticias\/wp-content\/uploads\/2015\/01\/ayuntamiento-360x270.jpg\" alt=\"\" width=\"360\" height=\"270\" srcset=\"https:\/\/candas365.es\/noticias\/wp-content\/uploads\/2015\/01\/ayuntamiento-360x270.jpg 360w, https:\/\/candas365.es\/noticias\/wp-content\/uploads\/2015\/01\/ayuntamiento-640x480.jpg 640w, https:\/\/candas365.es\/noticias\/wp-content\/uploads\/2015\/01\/ayuntamiento-768x576.jpg 768w, https:\/\/candas365.es\/noticias\/wp-content\/uploads\/2015\/01\/ayuntamiento-150x113.jpg 150w, https:\/\/candas365.es\/noticias\/wp-content\/uploads\/2015\/01\/ayuntamiento-450x338.jpg 450w, https:\/\/candas365.es\/noticias\/wp-content\/uploads\/2015\/01\/ayuntamiento-80x60.jpg 80w, https:\/\/candas365.es\/noticias\/wp-content\/uploads\/2015\/01\/ayuntamiento-265x198.jpg 265w, https:\/\/candas365.es\/noticias\/wp-content\/uploads\/2015\/01\/ayuntamiento-696x522.jpg 696w, https:\/\/candas365.es\/noticias\/wp-content\/uploads\/2015\/01\/ayuntamiento-560x420.jpg 560w, https:\/\/candas365.es\/noticias\/wp-content\/uploads\/2015\/01\/ayuntamiento-90x67.jpg 90w, https:\/\/candas365.es\/noticias\/wp-content\/uploads\/2015\/01\/ayuntamiento.jpg 800w\" sizes=\"(max-width: 360px) 100vw, 360px\" \/>A partir de este mes de julio el Departamento de Servicios Sociales Municipal ver\u00e1 incrementada su plantilla con la contrataci\u00f3n de una Trabajadora Social.<\/p>\n<p>Esta contrataci\u00f3n es consecuencia de una propuesta, presentada a la mesa de negociaci\u00f3n por el Concejal de Personal Gabriel Rodr\u00edguez, de reorganizaci\u00f3n parcial de la plantilla municipal centrada en el refuerzo de servicios b\u00e1sicos. En el que se inclu\u00edan entre otros el servicio de obras, la biblioteca y los servicios sociales. Y resultado del acuerdo entre el equipo de gobierno socialista y Somos para la aprobaci\u00f3n del Presupuesto 2017, en el que se inclu\u00eda la cobertura de esta plaza.<\/p>\n<p>El Centro de Servicios Sociales (SS.SS.) de Carre\u00f1o inici\u00f3 su andadura en el a\u00f1o 1987 con la incorporaci\u00f3n de una Trabajadora Social. Para el desarrollo de programas y servicios que diesen respuesta a las necesidades sociales de la ciudadan\u00eda, garantizando el acceso de las personas a las prestaciones a las que tiene derecho.<\/p>\n<p>Desde sus comienzos la financiaci\u00f3n de este servicio ha corrido a cargo de la Entidad Municipal y del Principado de Asturias. En la actualidad a trav\u00e9s de lo que se denomina, Plan Concertado de Servicios Sociales, la Administraci\u00f3n Auton\u00f3mica y Central financia el 66,66% del servicio, mientras que la Administraci\u00f3n Local el 33,33%.<\/p>\n<p>\u201cA lo largo de los a\u00f1os el sistema p\u00fablico de Servicios Sociales ha ido consolid\u00e1ndose, creciendo y como consecuencia los servicios que presta el Centro han ido en aumento debido fundamentalmente al incremento y desarrollo de nuevas prestaciones como salario social, centro de d\u00eda, centros de apoyo a la integraci\u00f3n,..; a una mejor coordinaci\u00f3n entre las entidades e instituciones lo que ha permitido una mayor detecci\u00f3n de casos; y el conocimiento en general de la poblaci\u00f3n de los servicios se prestan y la visi\u00f3n de ellos como integradores y no estigmatizadores\u201d coment\u00f3 Cecilia Tasc\u00f3n- Concejala de Bienestar Social-.<\/p>\n<p>Paulatinamente a este desarrollo en las prestaciones sea ido generando una necesidad de profesionales en el \u00e1mbito t\u00e9cnico y profesional. Y desde este mes de julio la plantilla del servicio estar\u00e1 formada por un auxiliar administrativo, una educadora social y tres trabajadoras sociales.<\/p>\n<p>Los \u00e1mbitos de actuaci\u00f3n, servicios y demandas que desde el Centro ubicado en la calle Nicanor Pi\u00f1ole de Cand\u00e1s se atienden son amplios, destacando:<\/p>\n<p>\u00b7 Prevenci\u00f3n de la marginaci\u00f3n e inserci\u00f3n social.<\/p>\n<p>\u00b7 Servicio de Ayuda a domicilio y Tele-asistencia.<\/p>\n<p>\u00b7 Violencia de G\u00e9nero.<\/p>\n<p>\u00b7 Protecci\u00f3n a la infancia.<\/p>\n<p>\u00b7 Prestaciones espec\u00edficas para personas mayores y\/o en situaci\u00f3n de dependencia<\/p>\n<p>\u00b7 Prestaciones para personas de diversidad funcional.<\/p>\n","protected":false},"excerpt":{"rendered":"<p>A partir de este mes de julio el Departamento de Servicios Sociales Municipal ver\u00e1 incrementada su plantilla con la contrataci\u00f3n de una Trabajadora Social. Esta contrataci\u00f3n es consecuencia de una propuesta, presentada a la mesa de negociaci\u00f3n por el Concejal de Personal Gabriel Rodr\u00edguez, de reorganizaci\u00f3n parcial de la plantilla municipal centrada en el refuerzo<\/p>\n","protected":false},"author":1,"featured_media":6453,"comment_status":"closed","ping_status":"closed","sticky":false,"template":"","format":"standard","meta":{"footnotes":""},"categories":[2],"tags":[],"class_list":{"0":"post-75244","1":"post","2":"type-post","3":"status-publish","4":"format-standard","5":"has-post-thumbnail","7":"category-noticias-carreno"},"aioseo_notices":[],"aioseo_head":"\n\t\t<!-- All in One SEO Pro 4.9.6.2 - aioseo.com -->\n\t<meta name=\"description\" content=\"A partir de este mes de julio el Departamento de Servicios Sociales Municipal ver\u00e1 incrementada su plantilla con la contrataci\u00f3n de una Trabajadora Social. Esta contrataci\u00f3n es consecuencia de una propuesta, presentada a la mesa de negociaci\u00f3n por el Concejal de Personal Gabriel Rodr\u00edguez, de reorganizaci\u00f3n parcial de la plantilla municipal centrada en el refuerzo\" \/>\n\t<meta name=\"robots\" content=\"max-image-preview:large\" \/>\n\t<meta name=\"author\" content=\"Cand\u00e1s 365\"\/>\n\t<meta name=\"google-site-verification\" content=\"UA-32230408-1\" \/>\n\t<meta name=\"msvalidate.01\" content=\"354F3CDFB2DA171B47FBE9ABF1F88D5\" \/>\n\t<meta name=\"keywords\" content=\"noticias carre\u00f1o\" \/>\n\t<link rel=\"canonical\" href=\"https:\/\/candas365.es\/noticias\/los-servicios-sociales-de-carreno-contaran-con-mas-personal\/\" \/>\n\t<meta name=\"generator\" content=\"All in One SEO Pro (AIOSEO) 4.9.6.2\" \/>\n\t\t<meta property=\"og:locale\" content=\"es_ES\" \/>\n\t\t<meta property=\"og:site_name\" content=\"Cand\u00e1s 365\" \/>\n\t\t<meta property=\"og:type\" content=\"article\" \/>\n\t\t<meta property=\"og:title\" content=\"Los servicios sociales de Carre\u00f1o contar\u00e1n con m\u00e1s personal | Cand\u00e1s 365\" \/>\n\t\t<meta property=\"og:description\" content=\"A partir de este mes de julio el Departamento de Servicios Sociales Municipal ver\u00e1 incrementada su plantilla con la contrataci\u00f3n de una Trabajadora Social. Esta contrataci\u00f3n es consecuencia de una propuesta, presentada a la mesa de negociaci\u00f3n por el Concejal de Personal Gabriel Rodr\u00edguez, de reorganizaci\u00f3n parcial de la plantilla municipal centrada en el refuerzo\" \/>\n\t\t<meta property=\"og:url\" content=\"https:\/\/candas365.es\/noticias\/los-servicios-sociales-de-carreno-contaran-con-mas-personal\/\" \/>\n\t\t<meta property=\"og:image\" content=\"https:\/\/candas365.es\/noticias\/wp-content\/uploads\/2015\/01\/ayuntamiento.jpg\" \/>\n\t\t<meta property=\"og:image:secure_url\" content=\"https:\/\/candas365.es\/noticias\/wp-content\/uploads\/2015\/01\/ayuntamiento.jpg\" \/>\n\t\t<meta property=\"og:image:width\" content=\"800\" \/>\n\t\t<meta property=\"og:image:height\" content=\"600\" \/>\n\t\t<meta property=\"article:published_time\" content=\"2017-07-06T19:18:02+00:00\" \/>\n\t\t<meta property=\"article:modified_time\" content=\"2017-07-06T19:22:31+00:00\" \/>\n\t\t<meta property=\"article:publisher\" content=\"https:\/\/www.facebook.com\/Nachofdezber\" \/>\n\t\t<meta property=\"article:author\" content=\"https:\/\/www.facebook.com\/carrenoactualidad\" \/>\n\t\t<meta name=\"twitter:card\" content=\"summary_large_image\" \/>\n\t\t<meta name=\"twitter:site\" content=\"@NabercoDigital\" \/>\n\t\t<meta name=\"twitter:title\" content=\"Los servicios sociales de Carre\u00f1o contar\u00e1n con m\u00e1s personal | Cand\u00e1s 365\" \/>\n\t\t<meta name=\"twitter:description\" content=\"A partir de este mes de julio el Departamento de Servicios Sociales Municipal ver\u00e1 incrementada su plantilla con la contrataci\u00f3n de una Trabajadora Social. Esta contrataci\u00f3n es consecuencia de una propuesta, presentada a la mesa de negociaci\u00f3n por el Concejal de Personal Gabriel Rodr\u00edguez, de reorganizaci\u00f3n parcial de la plantilla municipal centrada en el refuerzo\" \/>\n\t\t<meta name=\"twitter:creator\" content=\"@nbasturias\" \/>\n\t\t<meta name=\"twitter:image\" content=\"https:\/\/candas365.es\/noticias\/wp-content\/uploads\/2015\/01\/ayuntamiento.jpg\" \/>\n\t\t<meta name=\"twitter:label1\" content=\"Escrito por\" \/>\n\t\t<meta name=\"twitter:data1\" content=\"Cand\u00e1s 365\" \/>\n\t\t<meta name=\"twitter:label2\" content=\"Tiempo de lectura estimado\" \/>\n\t\t<meta name=\"twitter:data2\" content=\"2 minutos\" \/>\n\t\t<script type=\"application\/ld+json\" class=\"aioseo-schema\">\n\t\t\t{\"@context\":\"https:\\\/\\\/schema.org\",\"@graph\":[{\"@type\":\"BreadcrumbList\",\"@id\":\"https:\\\/\\\/candas365.es\\\/noticias\\\/los-servicios-sociales-de-carreno-contaran-con-mas-personal\\\/#breadcrumblist\",\"itemListElement\":[{\"@type\":\"ListItem\",\"@id\":\"https:\\\/\\\/candas365.es\\\/noticias#listItem\",\"position\":1,\"name\":\"Home\",\"item\":\"https:\\\/\\\/candas365.es\\\/noticias\",\"nextItem\":{\"@type\":\"ListItem\",\"@id\":\"https:\\\/\\\/candas365.es\\\/noticias\\\/category\\\/noticias-carreno\\\/#listItem\",\"name\":\"Noticias Carre\\u00f1o\"}},{\"@type\":\"ListItem\",\"@id\":\"https:\\\/\\\/candas365.es\\\/noticias\\\/category\\\/noticias-carreno\\\/#listItem\",\"position\":2,\"name\":\"Noticias Carre\\u00f1o\",\"item\":\"https:\\\/\\\/candas365.es\\\/noticias\\\/category\\\/noticias-carreno\\\/\",\"nextItem\":{\"@type\":\"ListItem\",\"@id\":\"https:\\\/\\\/candas365.es\\\/noticias\\\/los-servicios-sociales-de-carreno-contaran-con-mas-personal\\\/#listItem\",\"name\":\"Los servicios sociales de Carre\\u00f1o contar\\u00e1n con m\\u00e1s personal\"},\"previousItem\":{\"@type\":\"ListItem\",\"@id\":\"https:\\\/\\\/candas365.es\\\/noticias#listItem\",\"name\":\"Home\"}},{\"@type\":\"ListItem\",\"@id\":\"https:\\\/\\\/candas365.es\\\/noticias\\\/los-servicios-sociales-de-carreno-contaran-con-mas-personal\\\/#listItem\",\"position\":3,\"name\":\"Los servicios sociales de Carre\\u00f1o contar\\u00e1n con m\\u00e1s personal\",\"previousItem\":{\"@type\":\"ListItem\",\"@id\":\"https:\\\/\\\/candas365.es\\\/noticias\\\/category\\\/noticias-carreno\\\/#listItem\",\"name\":\"Noticias Carre\\u00f1o\"}}]},{\"@type\":\"NewsArticle\",\"@id\":\"https:\\\/\\\/candas365.es\\\/noticias\\\/los-servicios-sociales-de-carreno-contaran-con-mas-personal\\\/#newsarticle\",\"name\":\"Los servicios sociales de Carre\\u00f1o contar\\u00e1n con m\\u00e1s personal | Cand\\u00e1s 365\",\"headline\":\"Los servicios sociales de Carre\\u00f1o contar\\u00e1n con m\\u00e1s personal\",\"author\":{\"@id\":\"https:\\\/\\\/candas365.es\\\/noticias\\\/author\\\/admin\\\/#author\"},\"publisher\":{\"@id\":\"https:\\\/\\\/candas365.es\\\/noticias\\\/#organization\"},\"image\":{\"@type\":\"ImageObject\",\"url\":\"https:\\\/\\\/candas365.es\\\/noticias\\\/wp-content\\\/uploads\\\/2015\\\/01\\\/ayuntamiento.jpg\",\"width\":800,\"height\":600,\"caption\":\"Carre\\u00f1o\"},\"datePublished\":\"2017-07-06T19:18:02+02:00\",\"dateModified\":\"2017-07-06T19:22:31+02:00\",\"inLanguage\":\"es-ES\",\"mainEntityOfPage\":{\"@id\":\"https:\\\/\\\/candas365.es\\\/noticias\\\/los-servicios-sociales-de-carreno-contaran-con-mas-personal\\\/#webpage\"},\"isPartOf\":{\"@id\":\"https:\\\/\\\/candas365.es\\\/noticias\\\/los-servicios-sociales-de-carreno-contaran-con-mas-personal\\\/#webpage\"},\"articleSection\":\"Noticias Carre\\u00f1o\",\"dateline\":\"Publicado el julio 6, 2017.\"},{\"@type\":\"Organization\",\"@id\":\"https:\\\/\\\/candas365.es\\\/noticias\\\/#organization\",\"name\":\"Cand\\u00e1s 365\",\"description\":\"Cand\\u00e1s 365 es un diario digital independiente, fundado en 2012, con base en Asturias. Informamos con rigor sobre actualidad, sociedad, cultura y ocio, con una mirada local y global.\",\"url\":\"https:\\\/\\\/candas365.es\\\/noticias\\\/\",\"email\":\"info@candas365.es\",\"telephone\":\"+34652131393\",\"foundingDate\":\"2012-06-10\",\"logo\":{\"@type\":\"ImageObject\",\"url\":\"https:\\\/\\\/candas365.es\\\/noticias\\\/wp-content\\\/uploads\\\/2024\\\/09\\\/Candas-365-Redes.jpg\",\"@id\":\"https:\\\/\\\/candas365.es\\\/noticias\\\/los-servicios-sociales-de-carreno-contaran-con-mas-personal\\\/#organizationLogo\",\"width\":1152,\"height\":864,\"caption\":\"Cand\\u00e1s 365 Redes\"},\"image\":{\"@id\":\"https:\\\/\\\/candas365.es\\\/noticias\\\/los-servicios-sociales-de-carreno-contaran-con-mas-personal\\\/#organizationLogo\"},\"sameAs\":[\"https:\\\/\\\/www.facebook.com\\\/Nachofdezber\",\"https:\\\/\\\/x.com\\\/NabercoDigital\",\"https:\\\/\\\/www.instagram.com\\\/nachofdezber\\\/\",\"https:\\\/\\\/www.youtube.com\\\/channel\\\/UCZP-2wLEB9Rv6erhFmqVnvg\"],\"address\":{\"@id\":\"https:\\\/\\\/candas365.es\\\/noticias\\\/#postaladdress\",\"@type\":\"PostalAddress\",\"streetAddress\":\"san antonio 4, san antonio 4\",\"postalCode\":\"33430\",\"addressLocality\":\"Cand\\u00e1s\",\"addressRegion\":\"Asturias\",\"addressCountry\":\"ES\"}},{\"@type\":\"Person\",\"@id\":\"https:\\\/\\\/candas365.es\\\/noticias\\\/author\\\/admin\\\/#author\",\"url\":\"https:\\\/\\\/candas365.es\\\/noticias\\\/author\\\/admin\\\/\",\"name\":\"Cand\\u00e1s 365\",\"image\":{\"@type\":\"ImageObject\",\"@id\":\"https:\\\/\\\/candas365.es\\\/noticias\\\/los-servicios-sociales-de-carreno-contaran-con-mas-personal\\\/#authorImage\",\"url\":\"https:\\\/\\\/secure.gravatar.com\\\/avatar\\\/496a8e03d0c493ede1718b7934145dbdf8d89be1036b0eec9544e1094c9de390?s=96&d=mm&r=g\",\"width\":96,\"height\":96,\"caption\":\"Cand\\u00e1s 365\"},\"sameAs\":[\"https:\\\/\\\/www.facebook.com\\\/carrenoactualidad\",\"https:\\\/\\\/twitter.com\\\/nbasturias\",\"https:\\\/\\\/www.instagram.com\\\/nachofdezber\\\/\",\"https:\\\/\\\/www.youtube.com\\\/channel\\\/UCZP-2wLEB9Rv6erhFmqVnvg\"]},{\"@type\":\"WebPage\",\"@id\":\"https:\\\/\\\/candas365.es\\\/noticias\\\/los-servicios-sociales-de-carreno-contaran-con-mas-personal\\\/#webpage\",\"url\":\"https:\\\/\\\/candas365.es\\\/noticias\\\/los-servicios-sociales-de-carreno-contaran-con-mas-personal\\\/\",\"name\":\"Los servicios sociales de Carre\\u00f1o contar\\u00e1n con m\\u00e1s personal | Cand\\u00e1s 365\",\"description\":\"A partir de este mes de julio el Departamento de Servicios Sociales Municipal ver\\u00e1 incrementada su plantilla con la contrataci\\u00f3n de una Trabajadora Social. Esta contrataci\\u00f3n es consecuencia de una propuesta, presentada a la mesa de negociaci\\u00f3n por el Concejal de Personal Gabriel Rodr\\u00edguez, de reorganizaci\\u00f3n parcial de la plantilla municipal centrada en el refuerzo\",\"inLanguage\":\"es-ES\",\"isPartOf\":{\"@id\":\"https:\\\/\\\/candas365.es\\\/noticias\\\/#website\"},\"breadcrumb\":{\"@id\":\"https:\\\/\\\/candas365.es\\\/noticias\\\/los-servicios-sociales-de-carreno-contaran-con-mas-personal\\\/#breadcrumblist\"},\"author\":{\"@id\":\"https:\\\/\\\/candas365.es\\\/noticias\\\/author\\\/admin\\\/#author\"},\"creator\":{\"@id\":\"https:\\\/\\\/candas365.es\\\/noticias\\\/author\\\/admin\\\/#author\"},\"image\":{\"@type\":\"ImageObject\",\"url\":\"https:\\\/\\\/candas365.es\\\/noticias\\\/wp-content\\\/uploads\\\/2015\\\/01\\\/ayuntamiento.jpg\",\"@id\":\"https:\\\/\\\/candas365.es\\\/noticias\\\/los-servicios-sociales-de-carreno-contaran-con-mas-personal\\\/#mainImage\",\"width\":800,\"height\":600,\"caption\":\"Carre\\u00f1o\"},\"primaryImageOfPage\":{\"@id\":\"https:\\\/\\\/candas365.es\\\/noticias\\\/los-servicios-sociales-de-carreno-contaran-con-mas-personal\\\/#mainImage\"},\"datePublished\":\"2017-07-06T19:18:02+02:00\",\"dateModified\":\"2017-07-06T19:22:31+02:00\"},{\"@type\":\"WebSite\",\"@id\":\"https:\\\/\\\/candas365.es\\\/noticias\\\/#website\",\"url\":\"https:\\\/\\\/candas365.es\\\/noticias\\\/\",\"name\":\"Cand\\u00e1s 365\",\"alternateName\":\"Cand\\u00e1s 365 Noticias\",\"description\":\"Actualidad desde Carre\\u00f1o para el mundo\",\"inLanguage\":\"es-ES\",\"publisher\":{\"@id\":\"https:\\\/\\\/candas365.es\\\/noticias\\\/#organization\"}}]}\n\t\t<\/script>\n\t\t<!-- All in One SEO Pro -->\r\n\t\t<title>Los servicios sociales de Carre\u00f1o contar\u00e1n con m\u00e1s personal | Cand\u00e1s 365<\/title>\n\n","aioseo_head_json":{"title":"Los servicios sociales de Carre\u00f1o contar\u00e1n con m\u00e1s personal | Cand\u00e1s 365","description":"A partir de este mes de julio el Departamento de Servicios Sociales Municipal ver\u00e1 incrementada su plantilla con la contrataci\u00f3n de una Trabajadora Social. Esta contrataci\u00f3n es consecuencia de una propuesta, presentada a la mesa de negociaci\u00f3n por el Concejal de Personal Gabriel Rodr\u00edguez, de reorganizaci\u00f3n parcial de la plantilla municipal centrada en el refuerzo","canonical_url":"https:\/\/candas365.es\/noticias\/los-servicios-sociales-de-carreno-contaran-con-mas-personal\/","robots":"max-image-preview:large","keywords":"noticias carre\u00f1o","webmasterTools":{"google-site-verification":"UA-32230408-1","msvalidate.01":"354F3CDFB2DA171B47FBE9ABF1F88D5","miscellaneous":""},"schema":{"@context":"https:\/\/schema.org","@graph":[{"@type":"BreadcrumbList","@id":"https:\/\/candas365.es\/noticias\/los-servicios-sociales-de-carreno-contaran-con-mas-personal\/#breadcrumblist","itemListElement":[{"@type":"ListItem","@id":"https:\/\/candas365.es\/noticias#listItem","position":1,"name":"Home","item":"https:\/\/candas365.es\/noticias","nextItem":{"@type":"ListItem","@id":"https:\/\/candas365.es\/noticias\/category\/noticias-carreno\/#listItem","name":"Noticias Carre\u00f1o"}},{"@type":"ListItem","@id":"https:\/\/candas365.es\/noticias\/category\/noticias-carreno\/#listItem","position":2,"name":"Noticias Carre\u00f1o","item":"https:\/\/candas365.es\/noticias\/category\/noticias-carreno\/","nextItem":{"@type":"ListItem","@id":"https:\/\/candas365.es\/noticias\/los-servicios-sociales-de-carreno-contaran-con-mas-personal\/#listItem","name":"Los servicios sociales de Carre\u00f1o contar\u00e1n con m\u00e1s personal"},"previousItem":{"@type":"ListItem","@id":"https:\/\/candas365.es\/noticias#listItem","name":"Home"}},{"@type":"ListItem","@id":"https:\/\/candas365.es\/noticias\/los-servicios-sociales-de-carreno-contaran-con-mas-personal\/#listItem","position":3,"name":"Los servicios sociales de Carre\u00f1o contar\u00e1n con m\u00e1s personal","previousItem":{"@type":"ListItem","@id":"https:\/\/candas365.es\/noticias\/category\/noticias-carreno\/#listItem","name":"Noticias Carre\u00f1o"}}]},{"@type":"NewsArticle","@id":"https:\/\/candas365.es\/noticias\/los-servicios-sociales-de-carreno-contaran-con-mas-personal\/#newsarticle","name":"Los servicios sociales de Carre\u00f1o contar\u00e1n con m\u00e1s personal | Cand\u00e1s 365","headline":"Los servicios sociales de Carre\u00f1o contar\u00e1n con m\u00e1s personal","author":{"@id":"https:\/\/candas365.es\/noticias\/author\/admin\/#author"},"publisher":{"@id":"https:\/\/candas365.es\/noticias\/#organization"},"image":{"@type":"ImageObject","url":"https:\/\/candas365.es\/noticias\/wp-content\/uploads\/2015\/01\/ayuntamiento.jpg","width":800,"height":600,"caption":"Carre\u00f1o"},"datePublished":"2017-07-06T19:18:02+02:00","dateModified":"2017-07-06T19:22:31+02:00","inLanguage":"es-ES","mainEntityOfPage":{"@id":"https:\/\/candas365.es\/noticias\/los-servicios-sociales-de-carreno-contaran-con-mas-personal\/#webpage"},"isPartOf":{"@id":"https:\/\/candas365.es\/noticias\/los-servicios-sociales-de-carreno-contaran-con-mas-personal\/#webpage"},"articleSection":"Noticias Carre\u00f1o","dateline":"Publicado el julio 6, 2017."},{"@type":"Organization","@id":"https:\/\/candas365.es\/noticias\/#organization","name":"Cand\u00e1s 365","description":"Cand\u00e1s 365 es un diario digital independiente, fundado en 2012, con base en Asturias. Informamos con rigor sobre actualidad, sociedad, cultura y ocio, con una mirada local y global.","url":"https:\/\/candas365.es\/noticias\/","email":"info@candas365.es","telephone":"+34652131393","foundingDate":"2012-06-10","logo":{"@type":"ImageObject","url":"https:\/\/candas365.es\/noticias\/wp-content\/uploads\/2024\/09\/Candas-365-Redes.jpg","@id":"https:\/\/candas365.es\/noticias\/los-servicios-sociales-de-carreno-contaran-con-mas-personal\/#organizationLogo","width":1152,"height":864,"caption":"Cand\u00e1s 365 Redes"},"image":{"@id":"https:\/\/candas365.es\/noticias\/los-servicios-sociales-de-carreno-contaran-con-mas-personal\/#organizationLogo"},"sameAs":["https:\/\/www.facebook.com\/Nachofdezber","https:\/\/x.com\/NabercoDigital","https:\/\/www.instagram.com\/nachofdezber\/","https:\/\/www.youtube.com\/channel\/UCZP-2wLEB9Rv6erhFmqVnvg"],"address":{"@id":"https:\/\/candas365.es\/noticias\/#postaladdress","@type":"PostalAddress","streetAddress":"san antonio 4, san antonio 4","postalCode":"33430","addressLocality":"Cand\u00e1s","addressRegion":"Asturias","addressCountry":"ES"}},{"@type":"Person","@id":"https:\/\/candas365.es\/noticias\/author\/admin\/#author","url":"https:\/\/candas365.es\/noticias\/author\/admin\/","name":"Cand\u00e1s 365","image":{"@type":"ImageObject","@id":"https:\/\/candas365.es\/noticias\/los-servicios-sociales-de-carreno-contaran-con-mas-personal\/#authorImage","url":"https:\/\/secure.gravatar.com\/avatar\/496a8e03d0c493ede1718b7934145dbdf8d89be1036b0eec9544e1094c9de390?s=96&d=mm&r=g","width":96,"height":96,"caption":"Cand\u00e1s 365"},"sameAs":["https:\/\/www.facebook.com\/carrenoactualidad","https:\/\/twitter.com\/nbasturias","https:\/\/www.instagram.com\/nachofdezber\/","https:\/\/www.youtube.com\/channel\/UCZP-2wLEB9Rv6erhFmqVnvg"]},{"@type":"WebPage","@id":"https:\/\/candas365.es\/noticias\/los-servicios-sociales-de-carreno-contaran-con-mas-personal\/#webpage","url":"https:\/\/candas365.es\/noticias\/los-servicios-sociales-de-carreno-contaran-con-mas-personal\/","name":"Los servicios sociales de Carre\u00f1o contar\u00e1n con m\u00e1s personal | Cand\u00e1s 365","description":"A partir de este mes de julio el Departamento de Servicios Sociales Municipal ver\u00e1 incrementada su plantilla con la contrataci\u00f3n de una Trabajadora Social. Esta contrataci\u00f3n es consecuencia de una propuesta, presentada a la mesa de negociaci\u00f3n por el Concejal de Personal Gabriel Rodr\u00edguez, de reorganizaci\u00f3n parcial de la plantilla municipal centrada en el refuerzo","inLanguage":"es-ES","isPartOf":{"@id":"https:\/\/candas365.es\/noticias\/#website"},"breadcrumb":{"@id":"https:\/\/candas365.es\/noticias\/los-servicios-sociales-de-carreno-contaran-con-mas-personal\/#breadcrumblist"},"author":{"@id":"https:\/\/candas365.es\/noticias\/author\/admin\/#author"},"creator":{"@id":"https:\/\/candas365.es\/noticias\/author\/admin\/#author"},"image":{"@type":"ImageObject","url":"https:\/\/candas365.es\/noticias\/wp-content\/uploads\/2015\/01\/ayuntamiento.jpg","@id":"https:\/\/candas365.es\/noticias\/los-servicios-sociales-de-carreno-contaran-con-mas-personal\/#mainImage","width":800,"height":600,"caption":"Carre\u00f1o"},"primaryImageOfPage":{"@id":"https:\/\/candas365.es\/noticias\/los-servicios-sociales-de-carreno-contaran-con-mas-personal\/#mainImage"},"datePublished":"2017-07-06T19:18:02+02:00","dateModified":"2017-07-06T19:22:31+02:00"},{"@type":"WebSite","@id":"https:\/\/candas365.es\/noticias\/#website","url":"https:\/\/candas365.es\/noticias\/","name":"Cand\u00e1s 365","alternateName":"Cand\u00e1s 365 Noticias","description":"Actualidad desde Carre\u00f1o para el mundo","inLanguage":"es-ES","publisher":{"@id":"https:\/\/candas365.es\/noticias\/#organization"}}]},"og:locale":"es_ES","og:site_name":"Cand\u00e1s 365","og:type":"article","og:title":"Los servicios sociales de Carre\u00f1o contar\u00e1n con m\u00e1s personal | Cand\u00e1s 365","og:description":"A partir de este mes de julio el Departamento de Servicios Sociales Municipal ver\u00e1 incrementada su plantilla con la contrataci\u00f3n de una Trabajadora Social. Esta contrataci\u00f3n es consecuencia de una propuesta, presentada a la mesa de negociaci\u00f3n por el Concejal de Personal Gabriel Rodr\u00edguez, de reorganizaci\u00f3n parcial de la plantilla municipal centrada en el refuerzo","og:url":"https:\/\/candas365.es\/noticias\/los-servicios-sociales-de-carreno-contaran-con-mas-personal\/","og:image":"https:\/\/candas365.es\/noticias\/wp-content\/uploads\/2015\/01\/ayuntamiento.jpg","og:image:secure_url":"https:\/\/candas365.es\/noticias\/wp-content\/uploads\/2015\/01\/ayuntamiento.jpg","og:image:width":800,"og:image:height":600,"article:published_time":"2017-07-06T19:18:02+00:00","article:modified_time":"2017-07-06T19:22:31+00:00","article:publisher":"https:\/\/www.facebook.com\/Nachofdezber","article:author":"https:\/\/www.facebook.com\/carrenoactualidad","twitter:card":"summary_large_image","twitter:site":"@NabercoDigital","twitter:title":"Los servicios sociales de Carre\u00f1o contar\u00e1n con m\u00e1s personal | Cand\u00e1s 365","twitter:description":"A partir de este mes de julio el Departamento de Servicios Sociales Municipal ver\u00e1 incrementada su plantilla con la contrataci\u00f3n de una Trabajadora Social. Esta contrataci\u00f3n es consecuencia de una propuesta, presentada a la mesa de negociaci\u00f3n por el Concejal de Personal Gabriel Rodr\u00edguez, de reorganizaci\u00f3n parcial de la plantilla municipal centrada en el refuerzo","twitter:creator":"@nbasturias","twitter:image":"https:\/\/candas365.es\/noticias\/wp-content\/uploads\/2015\/01\/ayuntamiento.jpg","twitter:label1":"Escrito por","twitter:data1":"Cand\u00e1s 365","twitter:label2":"Tiempo de lectura estimado","twitter:data2":"2 minutos"},"aioseo_meta_data":{"post_id":"75244","title":null,"description":null,"keywords":null,"keyphrases":null,"primary_term":null,"canonical_url":null,"og_title":null,"og_description":null,"og_object_type":"default","og_image_type":"default","og_image_url":null,"og_image_width":null,"og_image_height":null,"og_image_custom_url":null,"og_image_custom_fields":null,"og_video":null,"og_custom_url":null,"og_article_section":null,"og_article_tags":null,"twitter_use_og":false,"twitter_card":"default","twitter_image_type":"default","twitter_image_url":null,"twitter_image_custom_url":null,"twitter_image_custom_fields":null,"twitter_title":null,"twitter_description":null,"schema":{"blockGraphs":[],"customGraphs":[],"default":{"data":{"Article":[],"Course":[],"Dataset":[],"FAQPage":[],"Movie":[],"Person":[],"Product":[],"ProductReview":[],"Car":[],"Recipe":[],"Service":[],"SoftwareApplication":[],"WebPage":[]},"graphName":"","isEnabled":true},"graphs":[],"defaultGraph":"","defaultPostTypeGraph":""},"schema_type":null,"schema_type_options":null,"pillar_content":false,"robots_default":true,"robots_noindex":false,"robots_noarchive":false,"robots_nosnippet":false,"robots_nofollow":false,"robots_noimageindex":false,"robots_noodp":false,"robots_notranslate":false,"robots_max_snippet":null,"robots_max_videopreview":null,"robots_max_imagepreview":"large","priority":null,"frequency":null,"location":null,"local_seo":null,"seo_analyzer_scan_date":"2025-08-25 17:48:38","breadcrumb_settings":null,"limit_modified_date":false,"reviewed_by":null,"open_ai":null,"ai":null,"created":"2020-12-21 12:56:53","updated":"2025-08-25 17:48:38"},"aioseo_breadcrumb":"<div class=\"aioseo-breadcrumbs\"><span class=\"aioseo-breadcrumb\">\n\t<a href=\"https:\/\/candas365.es\/noticias\" title=\"Home\">Home<\/a>\n<\/span><span class=\"aioseo-breadcrumb-separator\">&ndash;<\/span><span class=\"aioseo-breadcrumb\">\n\t<a href=\"https:\/\/candas365.es\/noticias\/category\/noticias-carreno\/\" title=\"Noticias Carre\u00f1o\">Noticias Carre\u00f1o<\/a>\n<\/span><span class=\"aioseo-breadcrumb-separator\">&ndash;<\/span><span class=\"aioseo-breadcrumb\">\n\tLos servicios sociales de Carre\u00f1o contar\u00e1n con m\u00e1s personal\n<\/span><\/div>","aioseo_breadcrumb_json":[{"label":"Home","link":"https:\/\/candas365.es\/noticias"},{"label":"Noticias Carre\u00f1o","link":"https:\/\/candas365.es\/noticias\/category\/noticias-carreno\/"},{"label":"Los servicios sociales de Carre\u00f1o contar\u00e1n con m\u00e1s personal","link":"https:\/\/candas365.es\/noticias\/los-servicios-sociales-de-carreno-contaran-con-mas-personal\/"}],"_links":{"self":[{"href":"https:\/\/candas365.es\/noticias\/wp-json\/wp\/v2\/posts\/75244","targetHints":{"allow":["GET"]}}],"collection":[{"href":"https:\/\/candas365.es\/noticias\/wp-json\/wp\/v2\/posts"}],"about":[{"href":"https:\/\/candas365.es\/noticias\/wp-json\/wp\/v2\/types\/post"}],"author":[{"embeddable":true,"href":"https:\/\/candas365.es\/noticias\/wp-json\/wp\/v2\/users\/1"}],"replies":[{"embeddable":true,"href":"https:\/\/candas365.es\/noticias\/wp-json\/wp\/v2\/comments?post=75244"}],"version-history":[{"count":0,"href":"https:\/\/candas365.es\/noticias\/wp-json\/wp\/v2\/posts\/75244\/revisions"}],"wp:featuredmedia":[{"embeddable":true,"href":"https:\/\/candas365.es\/noticias\/wp-json\/wp\/v2\/media\/6453"}],"wp:attachment":[{"href":"https:\/\/candas365.es\/noticias\/wp-json\/wp\/v2\/media?parent=75244"}],"wp:term":[{"taxonomy":"category","embeddable":true,"href":"https:\/\/candas365.es\/noticias\/wp-json\/wp\/v2\/categories?post=75244"},{"taxonomy":"post_tag","embeddable":true,"href":"https:\/\/candas365.es\/noticias\/wp-json\/wp\/v2\/tags?post=75244"}],"curies":[{"name":"wp","href":"https:\/\/api.w.org\/{rel}","templated":true}]}}