{"id":75129,"date":"2017-07-04T19:57:25","date_gmt":"2017-07-04T19:57:25","guid":{"rendered":"http:\/\/candas365.es\/noticias\/?p=75129"},"modified":"2017-07-04T19:57:25","modified_gmt":"2017-07-04T19:57:25","slug":"habic-nombra-presidente-a-mikel-martinez-gerente-de-burdinola","status":"publish","type":"post","link":"https:\/\/candas365.es\/noticias\/habic-nombra-presidente-a-mikel-martinez-gerente-de-burdinola\/","title":{"rendered":"HABIC nombra presidente a Mikel Mart\u00ednez, gerente de Burdinola"},"content":{"rendered":"<p><img fetchpriority=\"high\" decoding=\"async\" class=\"alignleft size-medium wp-image-75130\" src=\"https:\/\/candas365.es\/noticias\/wp-content\/uploads\/2017\/07\/1499076246_HabicPresibaja-360x203.jpg\" alt=\"\" width=\"360\" height=\"203\" srcset=\"https:\/\/candas365.es\/noticias\/wp-content\/uploads\/2017\/07\/1499076246_HabicPresibaja-360x203.jpg 360w, https:\/\/candas365.es\/noticias\/wp-content\/uploads\/2017\/07\/1499076246_HabicPresibaja-655x369.jpg 655w, https:\/\/candas365.es\/noticias\/wp-content\/uploads\/2017\/07\/1499076246_HabicPresibaja-696x392.jpg 696w, https:\/\/candas365.es\/noticias\/wp-content\/uploads\/2017\/07\/1499076246_HabicPresibaja-499x280.jpg 499w, https:\/\/candas365.es\/noticias\/wp-content\/uploads\/2017\/07\/1499076246_HabicPresibaja.jpg 729w\" sizes=\"(max-width: 360px) 100vw, 360px\" \/>La asociaci\u00f3n cl\u00faster del sector del equipamiento, madera y dise\u00f1o -Habic- ha celebrado su asamblea general en la que se ha presentado el Plan Estrat\u00e9gico 2017-2020. Durante la asamblea, ha tenido lugar tambi\u00e9n la renovaci\u00f3n de la presidencia. El CEO\/gerente de Burdinola, Mikel Mart\u00ednez, ha sido elegido nuevo presidente de Habic, recogiendo el testigo de Agust\u00edn Ibarretxe de la empresa B.lux. Se encargar\u00e1 de guiar al cl\u00faster en el desarrollo de sus l\u00edneas maestras para promover la competitividad y la transformaci\u00f3n del sector equipamiento, madera y dise\u00f1o.<\/p>\n<p>Burdinola, como socio de Habic desde 2012, ha desarrollado desde los inicios un trabajo activo, participando en las sucesivas iniciativas que se han puesto en marcha y en los programas relacionados con el \u00e1mbito del equipamiento de los laboratorios. \u201cEn Burdinola tenemos claro que la colaboraci\u00f3n es un factor clave para alcanzar mayor competitividad y operatividad en proyectos globales, as\u00ed como para llegar a nuevas oportunidades.\u201d, afirma Mikel Mart\u00ednez, nuevo presidente de Habic<\/p>\n<p>En relaci\u00f3n al nuevo Plan Estrat\u00e9gico, se explic\u00f3 a los presentes que se trata de un plan continuista, alineado con la estrategia RIS3 de Euskadi. Este plan tiene como objetivo favorecer la especializaci\u00f3n inteligente en \u00e1reas de desarrollo tecnol\u00f3gico e industrial prioritarias, donde los socios de Habic pueden desarrollar un importante papel: biociencias y salud, h\u00e1bitat, ecosistemas.<\/p>\n<p>El cl\u00faster Habic tiene su \u00e1mbito de actuaci\u00f3n en el Pa\u00eds Vasco y \u00e1reas geogr\u00e1ficas colindantes. Cuenta con m\u00e1s de 100 asociados que desarrollan su actividad en el campo del equipamiento y que suman en total m\u00e1s de 5000 empleos. Entre ellos integra a representantes de toda la cadena de valor del sector h\u00e1bitat, madera, oficina y contract y a las empresas de mayor peso espec\u00edfico. Cuenta entre sus asociados con un 8,29% de las empresas del sector del mobiliario y el equipamiento del Pa\u00eds Vasco, que generan el 19,6% del empleo y el 32,86% de la facturaci\u00f3n total del sector.<\/p>\n<p>Fundado en el 2009, el principal objetivo de Habic es relacionar entidades del \u00e1mbito local y exterior para crear nuevas sin\u00e9rgicas, servicios y programas en colaboraci\u00f3n que permitan a las empresas asociadas aumentar su competitividad en los mercados locales, nacionales e internacionales.<\/p>\n","protected":false},"excerpt":{"rendered":"<p>La asociaci\u00f3n cl\u00faster del sector del equipamiento, madera y dise\u00f1o -Habic- ha celebrado su asamblea general en la que se ha presentado el Plan Estrat\u00e9gico 2017-2020. Durante la asamblea, ha tenido lugar tambi\u00e9n la renovaci\u00f3n de la presidencia. El CEO\/gerente de Burdinola, Mikel Mart\u00ednez, ha sido elegido nuevo presidente de Habic, recogiendo el testigo de<\/p>\n","protected":false},"author":1,"featured_media":75130,"comment_status":"closed","ping_status":"closed","sticky":false,"template":"","format":"standard","meta":{"footnotes":""},"categories":[151],"tags":[],"class_list":{"0":"post-75129","1":"post","2":"type-post","3":"status-publish","4":"format-standard","5":"has-post-thumbnail","7":"category-canal-empresas"},"aioseo_notices":[],"aioseo_head":"\n\t\t<!-- All in One SEO Pro 4.9.6.2 - aioseo.com -->\n\t<meta name=\"description\" content=\"La asociaci\u00f3n cl\u00faster del sector del equipamiento, madera y dise\u00f1o -Habic- ha celebrado su asamblea general en la que se ha presentado el Plan Estrat\u00e9gico 2017-2020. Durante la asamblea, ha tenido lugar tambi\u00e9n la renovaci\u00f3n de la presidencia. El CEO\/gerente de Burdinola, Mikel Mart\u00ednez, ha sido elegido nuevo presidente de Habic, recogiendo el testigo de\" \/>\n\t<meta name=\"robots\" content=\"max-image-preview:large\" \/>\n\t<meta name=\"author\" content=\"Cand\u00e1s 365\"\/>\n\t<meta name=\"google-site-verification\" content=\"UA-32230408-1\" \/>\n\t<meta name=\"msvalidate.01\" content=\"354F3CDFB2DA171B47FBE9ABF1F88D5\" \/>\n\t<meta name=\"keywords\" content=\"canal empresas\" \/>\n\t<link rel=\"canonical\" href=\"https:\/\/candas365.es\/noticias\/habic-nombra-presidente-a-mikel-martinez-gerente-de-burdinola\/\" \/>\n\t<meta name=\"generator\" content=\"All in One SEO Pro (AIOSEO) 4.9.6.2\" \/>\n\t\t<meta property=\"og:locale\" content=\"es_ES\" \/>\n\t\t<meta property=\"og:site_name\" content=\"Cand\u00e1s 365\" \/>\n\t\t<meta property=\"og:type\" content=\"article\" \/>\n\t\t<meta property=\"og:title\" content=\"HABIC nombra presidente a Mikel Mart\u00ednez, gerente de Burdinola | Cand\u00e1s 365\" \/>\n\t\t<meta property=\"og:description\" content=\"La asociaci\u00f3n cl\u00faster del sector del equipamiento, madera y dise\u00f1o -Habic- ha celebrado su asamblea general en la que se ha presentado el Plan Estrat\u00e9gico 2017-2020. Durante la asamblea, ha tenido lugar tambi\u00e9n la renovaci\u00f3n de la presidencia. El CEO\/gerente de Burdinola, Mikel Mart\u00ednez, ha sido elegido nuevo presidente de Habic, recogiendo el testigo de\" \/>\n\t\t<meta property=\"og:url\" content=\"https:\/\/candas365.es\/noticias\/habic-nombra-presidente-a-mikel-martinez-gerente-de-burdinola\/\" \/>\n\t\t<meta property=\"og:image\" content=\"https:\/\/candas365.es\/noticias\/wp-content\/uploads\/2017\/07\/1499076246_HabicPresibaja.jpg\" \/>\n\t\t<meta property=\"og:image:secure_url\" content=\"https:\/\/candas365.es\/noticias\/wp-content\/uploads\/2017\/07\/1499076246_HabicPresibaja.jpg\" \/>\n\t\t<meta property=\"og:image:width\" content=\"729\" \/>\n\t\t<meta property=\"og:image:height\" content=\"411\" \/>\n\t\t<meta property=\"article:published_time\" content=\"2017-07-04T19:57:25+00:00\" \/>\n\t\t<meta property=\"article:modified_time\" content=\"2017-07-04T19:57:25+00:00\" \/>\n\t\t<meta property=\"article:publisher\" content=\"https:\/\/www.facebook.com\/Nachofdezber\" \/>\n\t\t<meta property=\"article:author\" content=\"https:\/\/www.facebook.com\/carrenoactualidad\" \/>\n\t\t<meta name=\"twitter:card\" content=\"summary_large_image\" \/>\n\t\t<meta name=\"twitter:site\" content=\"@NabercoDigital\" \/>\n\t\t<meta name=\"twitter:title\" content=\"HABIC nombra presidente a Mikel Mart\u00ednez, gerente de Burdinola | Cand\u00e1s 365\" \/>\n\t\t<meta name=\"twitter:description\" content=\"La asociaci\u00f3n cl\u00faster del sector del equipamiento, madera y dise\u00f1o -Habic- ha celebrado su asamblea general en la que se ha presentado el Plan Estrat\u00e9gico 2017-2020. Durante la asamblea, ha tenido lugar tambi\u00e9n la renovaci\u00f3n de la presidencia. El CEO\/gerente de Burdinola, Mikel Mart\u00ednez, ha sido elegido nuevo presidente de Habic, recogiendo el testigo de\" \/>\n\t\t<meta name=\"twitter:creator\" content=\"@nbasturias\" \/>\n\t\t<meta name=\"twitter:image\" content=\"https:\/\/candas365.es\/noticias\/wp-content\/uploads\/2017\/07\/1499076246_HabicPresibaja.jpg\" \/>\n\t\t<meta name=\"twitter:label1\" content=\"Escrito por\" \/>\n\t\t<meta name=\"twitter:data1\" content=\"Cand\u00e1s 365\" \/>\n\t\t<meta name=\"twitter:label2\" content=\"Tiempo de lectura estimado\" \/>\n\t\t<meta name=\"twitter:data2\" content=\"2 minutos\" \/>\n\t\t<script type=\"application\/ld+json\" class=\"aioseo-schema\">\n\t\t\t{\"@context\":\"https:\\\/\\\/schema.org\",\"@graph\":[{\"@type\":\"BreadcrumbList\",\"@id\":\"https:\\\/\\\/candas365.es\\\/noticias\\\/habic-nombra-presidente-a-mikel-martinez-gerente-de-burdinola\\\/#breadcrumblist\",\"itemListElement\":[{\"@type\":\"ListItem\",\"@id\":\"https:\\\/\\\/candas365.es\\\/noticias#listItem\",\"position\":1,\"name\":\"Home\",\"item\":\"https:\\\/\\\/candas365.es\\\/noticias\",\"nextItem\":{\"@type\":\"ListItem\",\"@id\":\"https:\\\/\\\/candas365.es\\\/noticias\\\/category\\\/canal-empresas\\\/#listItem\",\"name\":\"Canal Empresas\"}},{\"@type\":\"ListItem\",\"@id\":\"https:\\\/\\\/candas365.es\\\/noticias\\\/category\\\/canal-empresas\\\/#listItem\",\"position\":2,\"name\":\"Canal Empresas\",\"item\":\"https:\\\/\\\/candas365.es\\\/noticias\\\/category\\\/canal-empresas\\\/\",\"nextItem\":{\"@type\":\"ListItem\",\"@id\":\"https:\\\/\\\/candas365.es\\\/noticias\\\/habic-nombra-presidente-a-mikel-martinez-gerente-de-burdinola\\\/#listItem\",\"name\":\"HABIC nombra presidente a Mikel Mart\\u00ednez, gerente de Burdinola\"},\"previousItem\":{\"@type\":\"ListItem\",\"@id\":\"https:\\\/\\\/candas365.es\\\/noticias#listItem\",\"name\":\"Home\"}},{\"@type\":\"ListItem\",\"@id\":\"https:\\\/\\\/candas365.es\\\/noticias\\\/habic-nombra-presidente-a-mikel-martinez-gerente-de-burdinola\\\/#listItem\",\"position\":3,\"name\":\"HABIC nombra presidente a Mikel Mart\\u00ednez, gerente de Burdinola\",\"previousItem\":{\"@type\":\"ListItem\",\"@id\":\"https:\\\/\\\/candas365.es\\\/noticias\\\/category\\\/canal-empresas\\\/#listItem\",\"name\":\"Canal Empresas\"}}]},{\"@type\":\"NewsArticle\",\"@id\":\"https:\\\/\\\/candas365.es\\\/noticias\\\/habic-nombra-presidente-a-mikel-martinez-gerente-de-burdinola\\\/#newsarticle\",\"name\":\"HABIC nombra presidente a Mikel Mart\\u00ednez, gerente de Burdinola | Cand\\u00e1s 365\",\"headline\":\"HABIC nombra presidente a Mikel Mart\\u00ednez, gerente de Burdinola\",\"author\":{\"@id\":\"https:\\\/\\\/candas365.es\\\/noticias\\\/author\\\/admin\\\/#author\"},\"publisher\":{\"@id\":\"https:\\\/\\\/candas365.es\\\/noticias\\\/#organization\"},\"image\":{\"@type\":\"ImageObject\",\"url\":\"https:\\\/\\\/candas365.es\\\/noticias\\\/wp-content\\\/uploads\\\/2017\\\/07\\\/1499076246_HabicPresibaja.jpg\",\"width\":729,\"height\":411},\"datePublished\":\"2017-07-04T19:57:25+02:00\",\"dateModified\":\"2017-07-04T19:57:25+02:00\",\"inLanguage\":\"es-ES\",\"mainEntityOfPage\":{\"@id\":\"https:\\\/\\\/candas365.es\\\/noticias\\\/habic-nombra-presidente-a-mikel-martinez-gerente-de-burdinola\\\/#webpage\"},\"isPartOf\":{\"@id\":\"https:\\\/\\\/candas365.es\\\/noticias\\\/habic-nombra-presidente-a-mikel-martinez-gerente-de-burdinola\\\/#webpage\"},\"articleSection\":\"Canal Empresas\",\"dateline\":\"Publicado el julio 4, 2017.\"},{\"@type\":\"Organization\",\"@id\":\"https:\\\/\\\/candas365.es\\\/noticias\\\/#organization\",\"name\":\"Cand\\u00e1s 365\",\"description\":\"Cand\\u00e1s 365 es un diario digital independiente, fundado en 2012, con base en Asturias. Informamos con rigor sobre actualidad, sociedad, cultura y ocio, con una mirada local y global.\",\"url\":\"https:\\\/\\\/candas365.es\\\/noticias\\\/\",\"email\":\"info@candas365.es\",\"telephone\":\"+34652131393\",\"foundingDate\":\"2012-06-10\",\"logo\":{\"@type\":\"ImageObject\",\"url\":\"https:\\\/\\\/candas365.es\\\/noticias\\\/wp-content\\\/uploads\\\/2024\\\/09\\\/Candas-365-Redes.jpg\",\"@id\":\"https:\\\/\\\/candas365.es\\\/noticias\\\/habic-nombra-presidente-a-mikel-martinez-gerente-de-burdinola\\\/#organizationLogo\",\"width\":1152,\"height\":864,\"caption\":\"Cand\\u00e1s 365 Redes\"},\"image\":{\"@id\":\"https:\\\/\\\/candas365.es\\\/noticias\\\/habic-nombra-presidente-a-mikel-martinez-gerente-de-burdinola\\\/#organizationLogo\"},\"sameAs\":[\"https:\\\/\\\/www.facebook.com\\\/Nachofdezber\",\"https:\\\/\\\/x.com\\\/NabercoDigital\",\"https:\\\/\\\/www.instagram.com\\\/nachofdezber\\\/\",\"https:\\\/\\\/www.youtube.com\\\/channel\\\/UCZP-2wLEB9Rv6erhFmqVnvg\"],\"address\":{\"@id\":\"https:\\\/\\\/candas365.es\\\/noticias\\\/#postaladdress\",\"@type\":\"PostalAddress\",\"streetAddress\":\"san antonio 4, san antonio 4\",\"postalCode\":\"33430\",\"addressLocality\":\"Cand\\u00e1s\",\"addressRegion\":\"Asturias\",\"addressCountry\":\"ES\"}},{\"@type\":\"Person\",\"@id\":\"https:\\\/\\\/candas365.es\\\/noticias\\\/author\\\/admin\\\/#author\",\"url\":\"https:\\\/\\\/candas365.es\\\/noticias\\\/author\\\/admin\\\/\",\"name\":\"Cand\\u00e1s 365\",\"image\":{\"@type\":\"ImageObject\",\"@id\":\"https:\\\/\\\/candas365.es\\\/noticias\\\/habic-nombra-presidente-a-mikel-martinez-gerente-de-burdinola\\\/#authorImage\",\"url\":\"https:\\\/\\\/secure.gravatar.com\\\/avatar\\\/496a8e03d0c493ede1718b7934145dbdf8d89be1036b0eec9544e1094c9de390?s=96&d=mm&r=g\",\"width\":96,\"height\":96,\"caption\":\"Cand\\u00e1s 365\"},\"sameAs\":[\"https:\\\/\\\/www.facebook.com\\\/carrenoactualidad\",\"https:\\\/\\\/twitter.com\\\/nbasturias\",\"https:\\\/\\\/www.instagram.com\\\/nachofdezber\\\/\",\"https:\\\/\\\/www.youtube.com\\\/channel\\\/UCZP-2wLEB9Rv6erhFmqVnvg\"]},{\"@type\":\"WebPage\",\"@id\":\"https:\\\/\\\/candas365.es\\\/noticias\\\/habic-nombra-presidente-a-mikel-martinez-gerente-de-burdinola\\\/#webpage\",\"url\":\"https:\\\/\\\/candas365.es\\\/noticias\\\/habic-nombra-presidente-a-mikel-martinez-gerente-de-burdinola\\\/\",\"name\":\"HABIC nombra presidente a Mikel Mart\\u00ednez, gerente de Burdinola | Cand\\u00e1s 365\",\"description\":\"La asociaci\\u00f3n cl\\u00faster del sector del equipamiento, madera y dise\\u00f1o -Habic- ha celebrado su asamblea general en la que se ha presentado el Plan Estrat\\u00e9gico 2017-2020. Durante la asamblea, ha tenido lugar tambi\\u00e9n la renovaci\\u00f3n de la presidencia. El CEO\\\/gerente de Burdinola, Mikel Mart\\u00ednez, ha sido elegido nuevo presidente de Habic, recogiendo el testigo de\",\"inLanguage\":\"es-ES\",\"isPartOf\":{\"@id\":\"https:\\\/\\\/candas365.es\\\/noticias\\\/#website\"},\"breadcrumb\":{\"@id\":\"https:\\\/\\\/candas365.es\\\/noticias\\\/habic-nombra-presidente-a-mikel-martinez-gerente-de-burdinola\\\/#breadcrumblist\"},\"author\":{\"@id\":\"https:\\\/\\\/candas365.es\\\/noticias\\\/author\\\/admin\\\/#author\"},\"creator\":{\"@id\":\"https:\\\/\\\/candas365.es\\\/noticias\\\/author\\\/admin\\\/#author\"},\"image\":{\"@type\":\"ImageObject\",\"url\":\"https:\\\/\\\/candas365.es\\\/noticias\\\/wp-content\\\/uploads\\\/2017\\\/07\\\/1499076246_HabicPresibaja.jpg\",\"@id\":\"https:\\\/\\\/candas365.es\\\/noticias\\\/habic-nombra-presidente-a-mikel-martinez-gerente-de-burdinola\\\/#mainImage\",\"width\":729,\"height\":411},\"primaryImageOfPage\":{\"@id\":\"https:\\\/\\\/candas365.es\\\/noticias\\\/habic-nombra-presidente-a-mikel-martinez-gerente-de-burdinola\\\/#mainImage\"},\"datePublished\":\"2017-07-04T19:57:25+02:00\",\"dateModified\":\"2017-07-04T19:57:25+02:00\"},{\"@type\":\"WebSite\",\"@id\":\"https:\\\/\\\/candas365.es\\\/noticias\\\/#website\",\"url\":\"https:\\\/\\\/candas365.es\\\/noticias\\\/\",\"name\":\"Cand\\u00e1s 365\",\"alternateName\":\"Cand\\u00e1s 365 Noticias\",\"description\":\"Actualidad desde Carre\\u00f1o para el mundo\",\"inLanguage\":\"es-ES\",\"publisher\":{\"@id\":\"https:\\\/\\\/candas365.es\\\/noticias\\\/#organization\"}}]}\n\t\t<\/script>\n\t\t<!-- All in One SEO Pro -->\r\n\t\t<title>HABIC nombra presidente a Mikel Mart\u00ednez, gerente de Burdinola | Cand\u00e1s 365<\/title>\n\n","aioseo_head_json":{"title":"HABIC nombra presidente a Mikel Mart\u00ednez, gerente de Burdinola | Cand\u00e1s 365","description":"La asociaci\u00f3n cl\u00faster del sector del equipamiento, madera y dise\u00f1o -Habic- ha celebrado su asamblea general en la que se ha presentado el Plan Estrat\u00e9gico 2017-2020. Durante la asamblea, ha tenido lugar tambi\u00e9n la renovaci\u00f3n de la presidencia. El CEO\/gerente de Burdinola, Mikel Mart\u00ednez, ha sido elegido nuevo presidente de Habic, recogiendo el testigo de","canonical_url":"https:\/\/candas365.es\/noticias\/habic-nombra-presidente-a-mikel-martinez-gerente-de-burdinola\/","robots":"max-image-preview:large","keywords":"canal empresas","webmasterTools":{"google-site-verification":"UA-32230408-1","msvalidate.01":"354F3CDFB2DA171B47FBE9ABF1F88D5","miscellaneous":""},"schema":{"@context":"https:\/\/schema.org","@graph":[{"@type":"BreadcrumbList","@id":"https:\/\/candas365.es\/noticias\/habic-nombra-presidente-a-mikel-martinez-gerente-de-burdinola\/#breadcrumblist","itemListElement":[{"@type":"ListItem","@id":"https:\/\/candas365.es\/noticias#listItem","position":1,"name":"Home","item":"https:\/\/candas365.es\/noticias","nextItem":{"@type":"ListItem","@id":"https:\/\/candas365.es\/noticias\/category\/canal-empresas\/#listItem","name":"Canal Empresas"}},{"@type":"ListItem","@id":"https:\/\/candas365.es\/noticias\/category\/canal-empresas\/#listItem","position":2,"name":"Canal Empresas","item":"https:\/\/candas365.es\/noticias\/category\/canal-empresas\/","nextItem":{"@type":"ListItem","@id":"https:\/\/candas365.es\/noticias\/habic-nombra-presidente-a-mikel-martinez-gerente-de-burdinola\/#listItem","name":"HABIC nombra presidente a Mikel Mart\u00ednez, gerente de Burdinola"},"previousItem":{"@type":"ListItem","@id":"https:\/\/candas365.es\/noticias#listItem","name":"Home"}},{"@type":"ListItem","@id":"https:\/\/candas365.es\/noticias\/habic-nombra-presidente-a-mikel-martinez-gerente-de-burdinola\/#listItem","position":3,"name":"HABIC nombra presidente a Mikel Mart\u00ednez, gerente de Burdinola","previousItem":{"@type":"ListItem","@id":"https:\/\/candas365.es\/noticias\/category\/canal-empresas\/#listItem","name":"Canal Empresas"}}]},{"@type":"NewsArticle","@id":"https:\/\/candas365.es\/noticias\/habic-nombra-presidente-a-mikel-martinez-gerente-de-burdinola\/#newsarticle","name":"HABIC nombra presidente a Mikel Mart\u00ednez, gerente de Burdinola | Cand\u00e1s 365","headline":"HABIC nombra presidente a Mikel Mart\u00ednez, gerente de Burdinola","author":{"@id":"https:\/\/candas365.es\/noticias\/author\/admin\/#author"},"publisher":{"@id":"https:\/\/candas365.es\/noticias\/#organization"},"image":{"@type":"ImageObject","url":"https:\/\/candas365.es\/noticias\/wp-content\/uploads\/2017\/07\/1499076246_HabicPresibaja.jpg","width":729,"height":411},"datePublished":"2017-07-04T19:57:25+02:00","dateModified":"2017-07-04T19:57:25+02:00","inLanguage":"es-ES","mainEntityOfPage":{"@id":"https:\/\/candas365.es\/noticias\/habic-nombra-presidente-a-mikel-martinez-gerente-de-burdinola\/#webpage"},"isPartOf":{"@id":"https:\/\/candas365.es\/noticias\/habic-nombra-presidente-a-mikel-martinez-gerente-de-burdinola\/#webpage"},"articleSection":"Canal Empresas","dateline":"Publicado el julio 4, 2017."},{"@type":"Organization","@id":"https:\/\/candas365.es\/noticias\/#organization","name":"Cand\u00e1s 365","description":"Cand\u00e1s 365 es un diario digital independiente, fundado en 2012, con base en Asturias. Informamos con rigor sobre actualidad, sociedad, cultura y ocio, con una mirada local y global.","url":"https:\/\/candas365.es\/noticias\/","email":"info@candas365.es","telephone":"+34652131393","foundingDate":"2012-06-10","logo":{"@type":"ImageObject","url":"https:\/\/candas365.es\/noticias\/wp-content\/uploads\/2024\/09\/Candas-365-Redes.jpg","@id":"https:\/\/candas365.es\/noticias\/habic-nombra-presidente-a-mikel-martinez-gerente-de-burdinola\/#organizationLogo","width":1152,"height":864,"caption":"Cand\u00e1s 365 Redes"},"image":{"@id":"https:\/\/candas365.es\/noticias\/habic-nombra-presidente-a-mikel-martinez-gerente-de-burdinola\/#organizationLogo"},"sameAs":["https:\/\/www.facebook.com\/Nachofdezber","https:\/\/x.com\/NabercoDigital","https:\/\/www.instagram.com\/nachofdezber\/","https:\/\/www.youtube.com\/channel\/UCZP-2wLEB9Rv6erhFmqVnvg"],"address":{"@id":"https:\/\/candas365.es\/noticias\/#postaladdress","@type":"PostalAddress","streetAddress":"san antonio 4, san antonio 4","postalCode":"33430","addressLocality":"Cand\u00e1s","addressRegion":"Asturias","addressCountry":"ES"}},{"@type":"Person","@id":"https:\/\/candas365.es\/noticias\/author\/admin\/#author","url":"https:\/\/candas365.es\/noticias\/author\/admin\/","name":"Cand\u00e1s 365","image":{"@type":"ImageObject","@id":"https:\/\/candas365.es\/noticias\/habic-nombra-presidente-a-mikel-martinez-gerente-de-burdinola\/#authorImage","url":"https:\/\/secure.gravatar.com\/avatar\/496a8e03d0c493ede1718b7934145dbdf8d89be1036b0eec9544e1094c9de390?s=96&d=mm&r=g","width":96,"height":96,"caption":"Cand\u00e1s 365"},"sameAs":["https:\/\/www.facebook.com\/carrenoactualidad","https:\/\/twitter.com\/nbasturias","https:\/\/www.instagram.com\/nachofdezber\/","https:\/\/www.youtube.com\/channel\/UCZP-2wLEB9Rv6erhFmqVnvg"]},{"@type":"WebPage","@id":"https:\/\/candas365.es\/noticias\/habic-nombra-presidente-a-mikel-martinez-gerente-de-burdinola\/#webpage","url":"https:\/\/candas365.es\/noticias\/habic-nombra-presidente-a-mikel-martinez-gerente-de-burdinola\/","name":"HABIC nombra presidente a Mikel Mart\u00ednez, gerente de Burdinola | Cand\u00e1s 365","description":"La asociaci\u00f3n cl\u00faster del sector del equipamiento, madera y dise\u00f1o -Habic- ha celebrado su asamblea general en la que se ha presentado el Plan Estrat\u00e9gico 2017-2020. Durante la asamblea, ha tenido lugar tambi\u00e9n la renovaci\u00f3n de la presidencia. El CEO\/gerente de Burdinola, Mikel Mart\u00ednez, ha sido elegido nuevo presidente de Habic, recogiendo el testigo de","inLanguage":"es-ES","isPartOf":{"@id":"https:\/\/candas365.es\/noticias\/#website"},"breadcrumb":{"@id":"https:\/\/candas365.es\/noticias\/habic-nombra-presidente-a-mikel-martinez-gerente-de-burdinola\/#breadcrumblist"},"author":{"@id":"https:\/\/candas365.es\/noticias\/author\/admin\/#author"},"creator":{"@id":"https:\/\/candas365.es\/noticias\/author\/admin\/#author"},"image":{"@type":"ImageObject","url":"https:\/\/candas365.es\/noticias\/wp-content\/uploads\/2017\/07\/1499076246_HabicPresibaja.jpg","@id":"https:\/\/candas365.es\/noticias\/habic-nombra-presidente-a-mikel-martinez-gerente-de-burdinola\/#mainImage","width":729,"height":411},"primaryImageOfPage":{"@id":"https:\/\/candas365.es\/noticias\/habic-nombra-presidente-a-mikel-martinez-gerente-de-burdinola\/#mainImage"},"datePublished":"2017-07-04T19:57:25+02:00","dateModified":"2017-07-04T19:57:25+02:00"},{"@type":"WebSite","@id":"https:\/\/candas365.es\/noticias\/#website","url":"https:\/\/candas365.es\/noticias\/","name":"Cand\u00e1s 365","alternateName":"Cand\u00e1s 365 Noticias","description":"Actualidad desde Carre\u00f1o para el mundo","inLanguage":"es-ES","publisher":{"@id":"https:\/\/candas365.es\/noticias\/#organization"}}]},"og:locale":"es_ES","og:site_name":"Cand\u00e1s 365","og:type":"article","og:title":"HABIC nombra presidente a Mikel Mart\u00ednez, gerente de Burdinola | Cand\u00e1s 365","og:description":"La asociaci\u00f3n cl\u00faster del sector del equipamiento, madera y dise\u00f1o -Habic- ha celebrado su asamblea general en la que se ha presentado el Plan Estrat\u00e9gico 2017-2020. Durante la asamblea, ha tenido lugar tambi\u00e9n la renovaci\u00f3n de la presidencia. El CEO\/gerente de Burdinola, Mikel Mart\u00ednez, ha sido elegido nuevo presidente de Habic, recogiendo el testigo de","og:url":"https:\/\/candas365.es\/noticias\/habic-nombra-presidente-a-mikel-martinez-gerente-de-burdinola\/","og:image":"https:\/\/candas365.es\/noticias\/wp-content\/uploads\/2017\/07\/1499076246_HabicPresibaja.jpg","og:image:secure_url":"https:\/\/candas365.es\/noticias\/wp-content\/uploads\/2017\/07\/1499076246_HabicPresibaja.jpg","og:image:width":729,"og:image:height":411,"article:published_time":"2017-07-04T19:57:25+00:00","article:modified_time":"2017-07-04T19:57:25+00:00","article:publisher":"https:\/\/www.facebook.com\/Nachofdezber","article:author":"https:\/\/www.facebook.com\/carrenoactualidad","twitter:card":"summary_large_image","twitter:site":"@NabercoDigital","twitter:title":"HABIC nombra presidente a Mikel Mart\u00ednez, gerente de Burdinola | Cand\u00e1s 365","twitter:description":"La asociaci\u00f3n cl\u00faster del sector del equipamiento, madera y dise\u00f1o -Habic- ha celebrado su asamblea general en la que se ha presentado el Plan Estrat\u00e9gico 2017-2020. Durante la asamblea, ha tenido lugar tambi\u00e9n la renovaci\u00f3n de la presidencia. El CEO\/gerente de Burdinola, Mikel Mart\u00ednez, ha sido elegido nuevo presidente de Habic, recogiendo el testigo de","twitter:creator":"@nbasturias","twitter:image":"https:\/\/candas365.es\/noticias\/wp-content\/uploads\/2017\/07\/1499076246_HabicPresibaja.jpg","twitter:label1":"Escrito por","twitter:data1":"Cand\u00e1s 365","twitter:label2":"Tiempo de lectura estimado","twitter:data2":"2 minutos"},"aioseo_meta_data":{"post_id":"75129","title":null,"description":null,"keywords":null,"keyphrases":null,"primary_term":null,"canonical_url":null,"og_title":null,"og_description":null,"og_object_type":"default","og_image_type":"default","og_image_url":null,"og_image_width":null,"og_image_height":null,"og_image_custom_url":null,"og_image_custom_fields":null,"og_video":null,"og_custom_url":null,"og_article_section":null,"og_article_tags":null,"twitter_use_og":false,"twitter_card":"default","twitter_image_type":"default","twitter_image_url":null,"twitter_image_custom_url":null,"twitter_image_custom_fields":null,"twitter_title":null,"twitter_description":null,"schema":{"blockGraphs":[],"customGraphs":[],"default":{"data":{"Article":[],"Course":[],"Dataset":[],"FAQPage":[],"Movie":[],"Person":[],"Product":[],"ProductReview":[],"Car":[],"Recipe":[],"Service":[],"SoftwareApplication":[],"WebPage":[]},"graphName":"","isEnabled":true},"graphs":[],"defaultGraph":"","defaultPostTypeGraph":""},"schema_type":null,"schema_type_options":null,"pillar_content":false,"robots_default":true,"robots_noindex":false,"robots_noarchive":false,"robots_nosnippet":false,"robots_nofollow":false,"robots_noimageindex":false,"robots_noodp":false,"robots_notranslate":false,"robots_max_snippet":null,"robots_max_videopreview":null,"robots_max_imagepreview":"large","priority":null,"frequency":null,"location":null,"local_seo":null,"seo_analyzer_scan_date":"2025-08-25 17:40:20","breadcrumb_settings":null,"limit_modified_date":false,"reviewed_by":null,"open_ai":null,"ai":null,"created":"2020-12-21 11:18:14","updated":"2025-08-25 17:40:20"},"aioseo_breadcrumb":"<div class=\"aioseo-breadcrumbs\"><span class=\"aioseo-breadcrumb\">\n\t<a href=\"https:\/\/candas365.es\/noticias\" title=\"Home\">Home<\/a>\n<\/span><span class=\"aioseo-breadcrumb-separator\">&ndash;<\/span><span class=\"aioseo-breadcrumb\">\n\t<a href=\"https:\/\/candas365.es\/noticias\/category\/canal-empresas\/\" title=\"Canal Empresas\">Canal Empresas<\/a>\n<\/span><span class=\"aioseo-breadcrumb-separator\">&ndash;<\/span><span class=\"aioseo-breadcrumb\">\n\tHABIC nombra presidente a Mikel Mart\u00ednez, gerente de Burdinola\n<\/span><\/div>","aioseo_breadcrumb_json":[{"label":"Home","link":"https:\/\/candas365.es\/noticias"},{"label":"Canal Empresas","link":"https:\/\/candas365.es\/noticias\/category\/canal-empresas\/"},{"label":"HABIC nombra presidente a Mikel Mart\u00ednez, gerente de Burdinola","link":"https:\/\/candas365.es\/noticias\/habic-nombra-presidente-a-mikel-martinez-gerente-de-burdinola\/"}],"_links":{"self":[{"href":"https:\/\/candas365.es\/noticias\/wp-json\/wp\/v2\/posts\/75129","targetHints":{"allow":["GET"]}}],"collection":[{"href":"https:\/\/candas365.es\/noticias\/wp-json\/wp\/v2\/posts"}],"about":[{"href":"https:\/\/candas365.es\/noticias\/wp-json\/wp\/v2\/types\/post"}],"author":[{"embeddable":true,"href":"https:\/\/candas365.es\/noticias\/wp-json\/wp\/v2\/users\/1"}],"replies":[{"embeddable":true,"href":"https:\/\/candas365.es\/noticias\/wp-json\/wp\/v2\/comments?post=75129"}],"version-history":[{"count":0,"href":"https:\/\/candas365.es\/noticias\/wp-json\/wp\/v2\/posts\/75129\/revisions"}],"wp:featuredmedia":[{"embeddable":true,"href":"https:\/\/candas365.es\/noticias\/wp-json\/wp\/v2\/media\/75130"}],"wp:attachment":[{"href":"https:\/\/candas365.es\/noticias\/wp-json\/wp\/v2\/media?parent=75129"}],"wp:term":[{"taxonomy":"category","embeddable":true,"href":"https:\/\/candas365.es\/noticias\/wp-json\/wp\/v2\/categories?post=75129"},{"taxonomy":"post_tag","embeddable":true,"href":"https:\/\/candas365.es\/noticias\/wp-json\/wp\/v2\/tags?post=75129"}],"curies":[{"name":"wp","href":"https:\/\/api.w.org\/{rel}","templated":true}]}}