{"id":75123,"date":"2017-07-04T19:27:51","date_gmt":"2017-07-04T19:27:51","guid":{"rendered":"http:\/\/candas365.es\/noticias\/?p=75123"},"modified":"2017-07-04T19:27:51","modified_gmt":"2017-07-04T19:27:51","slug":"el-ayuntamiento-instala-iluminacion-led-en-la-subida-al-cementerio-de-candas","status":"publish","type":"post","link":"https:\/\/candas365.es\/noticias\/el-ayuntamiento-instala-iluminacion-led-en-la-subida-al-cementerio-de-candas\/","title":{"rendered":"El Ayuntamiento instala iluminaci\u00f3n LED en la subida al cementerio de Cand\u00e1s"},"content":{"rendered":"<p><img fetchpriority=\"high\" decoding=\"async\" class=\"alignleft size-medium wp-image-75124\" src=\"https:\/\/candas365.es\/noticias\/wp-content\/uploads\/2017\/07\/Luminarianuevaacera-225x300.jpg\" alt=\"\" width=\"225\" height=\"300\" srcset=\"https:\/\/candas365.es\/noticias\/wp-content\/uploads\/2017\/07\/Luminarianuevaacera-225x300.jpg 225w, https:\/\/candas365.es\/noticias\/wp-content\/uploads\/2017\/07\/Luminarianuevaacera-768x1024.jpg 768w, https:\/\/candas365.es\/noticias\/wp-content\/uploads\/2017\/07\/Luminarianuevaacera-360x480.jpg 360w, https:\/\/candas365.es\/noticias\/wp-content\/uploads\/2017\/07\/Luminarianuevaacera-696x928.jpg 696w, https:\/\/candas365.es\/noticias\/wp-content\/uploads\/2017\/07\/Luminarianuevaacera-315x420.jpg 315w, https:\/\/candas365.es\/noticias\/wp-content\/uploads\/2017\/07\/Luminarianuevaacera.jpg 960w\" sizes=\"(max-width: 225px) 100vw, 225px\" \/>Con la colocaci\u00f3n de las 17 luminarias a lo largo de la nueva acera y en la explanada que da acceso al Campo Santo, se ultiman las obras de mejora en los accesos al cementerio municipal.<\/p>\n<p>Dichas obras se enmarcan dentro del acuerdo presupuestario alcanzado en 2016 con otro grupo pol\u00edtico. La intervenci\u00f3n inclu\u00eda la ejecuci\u00f3n de una nueva red de alumbrado p\u00fablico. As\u00ed pues, ejecutada la fase de actuaciones previas y la ejecuci\u00f3n del muro de contenci\u00f3n y relleno de su trasd\u00f3s, se introdujeron las canalizaciones bajo doble tubo de PVC corrugado sobre la que discurre el cableado necesario para distribuci\u00f3n de energ\u00eda el\u00e9ctrica destinada a alimentar la nueva red de alumbrado p\u00fablico, desde el centro de mando, protecci\u00f3n y medida que se situar\u00e1 en un armario que se colocar\u00e1 pr\u00f3ximo a la avenida Bernardo Alfageme.<\/p>\n<p>En la acera de subida al cementerio se est\u00e1n colocando postes lum\u00ednicos c\u00f3nicos, de acero galvanizado en caliente, sin costura visible, recubiertos de pintura en polvo y provistos de termoesmaltado de alta calidad, de 8 metros de altura y di\u00e1metro 76 mm, colocados cada 30 metros con luminaria LED con distribuci\u00f3n de intensidad lum\u00ednica asim\u00e9trica en forma de banda, 4*LED-0282\/840, 4000K, 11240 l\u00famenes.<\/p>\n<p>Para el aparcamiento se han colocado postes de 9 metros de altura de acero galvanizado en caliente, sin costura visible, recubierto de pintura en polvo y provistos de termoesmaltado de alta calidad sobre los que se coloca un manguito para cuatro proyectores dos extensivos y dos intensivos.<\/p>\n<p>El tipo de luminaria que se est\u00e1n instalando cumple con la marca europea ENEC+ de productos el\u00e9ctricos de alta calidad.<\/p>\n<p>\u201cSon un tipo de luminarias led de \u00faltima generaci\u00f3n, de 64 vatios con sistema de autorregulaci\u00f3n y que puede conseguir ahorros de hasta un 65% del consumo de energ\u00eda el\u00e9ctrica que se ven\u00eda soportando\u201d, se\u00f1al\u00f3 Gabriel Rodr\u00edguez, concejal de Urbanismo.<\/p>\n<p>\u201cEste tipo de luminarias led vienen recomendadas para una altura comprendida entre 4 metros y 10 y cuentan tambi\u00e9n con un sistema de auto limpiado mediante el agua de lluvia que permite su correcta evacuaci\u00f3n sin ensuciar la luminaria, evitando que las prestaciones lum\u00ednicas se vean afectadas con el paso del tiempo\u201d, a\u00f1adi\u00f3 Rodr\u00edguez.<\/p>\n","protected":false},"excerpt":{"rendered":"<p>Con la colocaci\u00f3n de las 17 luminarias a lo largo de la nueva acera y en la explanada que da acceso al Campo Santo, se ultiman las obras de mejora en los accesos al cementerio municipal. Dichas obras se enmarcan dentro del acuerdo presupuestario alcanzado en 2016 con otro grupo pol\u00edtico. La intervenci\u00f3n inclu\u00eda la<\/p>\n","protected":false},"author":1,"featured_media":75124,"comment_status":"closed","ping_status":"closed","sticky":false,"template":"","format":"standard","meta":{"footnotes":""},"categories":[2],"tags":[],"class_list":{"0":"post-75123","1":"post","2":"type-post","3":"status-publish","4":"format-standard","5":"has-post-thumbnail","7":"category-noticias-carreno"},"aioseo_notices":[],"aioseo_head":"\n\t\t<!-- All in One SEO Pro 4.9.6.2 - aioseo.com -->\n\t<meta name=\"description\" content=\"Con la colocaci\u00f3n de las 17 luminarias a lo largo de la nueva acera y en la explanada que da acceso al Campo Santo, se ultiman las obras de mejora en los accesos al cementerio municipal. Dichas obras se enmarcan dentro del acuerdo presupuestario alcanzado en 2016 con otro grupo pol\u00edtico. La intervenci\u00f3n inclu\u00eda la\" \/>\n\t<meta name=\"robots\" content=\"max-image-preview:large\" \/>\n\t<meta name=\"author\" content=\"Cand\u00e1s 365\"\/>\n\t<meta name=\"google-site-verification\" content=\"UA-32230408-1\" \/>\n\t<meta name=\"msvalidate.01\" content=\"354F3CDFB2DA171B47FBE9ABF1F88D5\" \/>\n\t<meta name=\"keywords\" content=\"noticias carre\u00f1o\" \/>\n\t<link rel=\"canonical\" href=\"https:\/\/candas365.es\/noticias\/el-ayuntamiento-instala-iluminacion-led-en-la-subida-al-cementerio-de-candas\/\" \/>\n\t<meta name=\"generator\" content=\"All in One SEO Pro (AIOSEO) 4.9.6.2\" \/>\n\t\t<meta property=\"og:locale\" content=\"es_ES\" \/>\n\t\t<meta property=\"og:site_name\" content=\"Cand\u00e1s 365\" \/>\n\t\t<meta property=\"og:type\" content=\"article\" \/>\n\t\t<meta property=\"og:title\" content=\"El Ayuntamiento instala iluminaci\u00f3n LED en la subida al cementerio de Cand\u00e1s | Cand\u00e1s 365\" \/>\n\t\t<meta property=\"og:description\" content=\"Con la colocaci\u00f3n de las 17 luminarias a lo largo de la nueva acera y en la explanada que da acceso al Campo Santo, se ultiman las obras de mejora en los accesos al cementerio municipal. Dichas obras se enmarcan dentro del acuerdo presupuestario alcanzado en 2016 con otro grupo pol\u00edtico. La intervenci\u00f3n inclu\u00eda la\" \/>\n\t\t<meta property=\"og:url\" content=\"https:\/\/candas365.es\/noticias\/el-ayuntamiento-instala-iluminacion-led-en-la-subida-al-cementerio-de-candas\/\" \/>\n\t\t<meta property=\"og:image\" content=\"https:\/\/candas365.es\/noticias\/wp-content\/uploads\/2017\/07\/Luminarianuevaacera.jpg\" \/>\n\t\t<meta property=\"og:image:secure_url\" content=\"https:\/\/candas365.es\/noticias\/wp-content\/uploads\/2017\/07\/Luminarianuevaacera.jpg\" \/>\n\t\t<meta property=\"og:image:width\" content=\"960\" \/>\n\t\t<meta property=\"og:image:height\" content=\"1280\" \/>\n\t\t<meta property=\"article:published_time\" content=\"2017-07-04T19:27:51+00:00\" \/>\n\t\t<meta property=\"article:modified_time\" content=\"2017-07-04T19:27:51+00:00\" \/>\n\t\t<meta property=\"article:publisher\" content=\"https:\/\/www.facebook.com\/Nachofdezber\" \/>\n\t\t<meta property=\"article:author\" content=\"https:\/\/www.facebook.com\/carrenoactualidad\" \/>\n\t\t<meta name=\"twitter:card\" content=\"summary_large_image\" \/>\n\t\t<meta name=\"twitter:site\" content=\"@NabercoDigital\" \/>\n\t\t<meta name=\"twitter:title\" content=\"El Ayuntamiento instala iluminaci\u00f3n LED en la subida al cementerio de Cand\u00e1s | Cand\u00e1s 365\" \/>\n\t\t<meta name=\"twitter:description\" content=\"Con la colocaci\u00f3n de las 17 luminarias a lo largo de la nueva acera y en la explanada que da acceso al Campo Santo, se ultiman las obras de mejora en los accesos al cementerio municipal. Dichas obras se enmarcan dentro del acuerdo presupuestario alcanzado en 2016 con otro grupo pol\u00edtico. La intervenci\u00f3n inclu\u00eda la\" \/>\n\t\t<meta name=\"twitter:creator\" content=\"@nbasturias\" \/>\n\t\t<meta name=\"twitter:image\" content=\"https:\/\/candas365.es\/noticias\/wp-content\/uploads\/2017\/07\/Luminarianuevaacera.jpg\" \/>\n\t\t<meta name=\"twitter:label1\" content=\"Escrito por\" \/>\n\t\t<meta name=\"twitter:data1\" content=\"Cand\u00e1s 365\" \/>\n\t\t<meta name=\"twitter:label2\" content=\"Tiempo de lectura estimado\" \/>\n\t\t<meta name=\"twitter:data2\" content=\"2 minutos\" \/>\n\t\t<script type=\"application\/ld+json\" class=\"aioseo-schema\">\n\t\t\t{\"@context\":\"https:\\\/\\\/schema.org\",\"@graph\":[{\"@type\":\"BreadcrumbList\",\"@id\":\"https:\\\/\\\/candas365.es\\\/noticias\\\/el-ayuntamiento-instala-iluminacion-led-en-la-subida-al-cementerio-de-candas\\\/#breadcrumblist\",\"itemListElement\":[{\"@type\":\"ListItem\",\"@id\":\"https:\\\/\\\/candas365.es\\\/noticias#listItem\",\"position\":1,\"name\":\"Home\",\"item\":\"https:\\\/\\\/candas365.es\\\/noticias\",\"nextItem\":{\"@type\":\"ListItem\",\"@id\":\"https:\\\/\\\/candas365.es\\\/noticias\\\/category\\\/noticias-carreno\\\/#listItem\",\"name\":\"Noticias Carre\\u00f1o\"}},{\"@type\":\"ListItem\",\"@id\":\"https:\\\/\\\/candas365.es\\\/noticias\\\/category\\\/noticias-carreno\\\/#listItem\",\"position\":2,\"name\":\"Noticias Carre\\u00f1o\",\"item\":\"https:\\\/\\\/candas365.es\\\/noticias\\\/category\\\/noticias-carreno\\\/\",\"nextItem\":{\"@type\":\"ListItem\",\"@id\":\"https:\\\/\\\/candas365.es\\\/noticias\\\/el-ayuntamiento-instala-iluminacion-led-en-la-subida-al-cementerio-de-candas\\\/#listItem\",\"name\":\"El Ayuntamiento instala iluminaci\\u00f3n LED en la subida al cementerio de Cand\\u00e1s\"},\"previousItem\":{\"@type\":\"ListItem\",\"@id\":\"https:\\\/\\\/candas365.es\\\/noticias#listItem\",\"name\":\"Home\"}},{\"@type\":\"ListItem\",\"@id\":\"https:\\\/\\\/candas365.es\\\/noticias\\\/el-ayuntamiento-instala-iluminacion-led-en-la-subida-al-cementerio-de-candas\\\/#listItem\",\"position\":3,\"name\":\"El Ayuntamiento instala iluminaci\\u00f3n LED en la subida al cementerio de Cand\\u00e1s\",\"previousItem\":{\"@type\":\"ListItem\",\"@id\":\"https:\\\/\\\/candas365.es\\\/noticias\\\/category\\\/noticias-carreno\\\/#listItem\",\"name\":\"Noticias Carre\\u00f1o\"}}]},{\"@type\":\"NewsArticle\",\"@id\":\"https:\\\/\\\/candas365.es\\\/noticias\\\/el-ayuntamiento-instala-iluminacion-led-en-la-subida-al-cementerio-de-candas\\\/#newsarticle\",\"name\":\"El Ayuntamiento instala iluminaci\\u00f3n LED en la subida al cementerio de Cand\\u00e1s | Cand\\u00e1s 365\",\"headline\":\"El Ayuntamiento instala iluminaci\\u00f3n LED en la subida al cementerio de Cand\\u00e1s\",\"author\":{\"@id\":\"https:\\\/\\\/candas365.es\\\/noticias\\\/author\\\/admin\\\/#author\"},\"publisher\":{\"@id\":\"https:\\\/\\\/candas365.es\\\/noticias\\\/#organization\"},\"image\":{\"@type\":\"ImageObject\",\"url\":\"https:\\\/\\\/candas365.es\\\/noticias\\\/wp-content\\\/uploads\\\/2017\\\/07\\\/Luminarianuevaacera.jpg\",\"width\":960,\"height\":1280},\"datePublished\":\"2017-07-04T19:27:51+02:00\",\"dateModified\":\"2017-07-04T19:27:51+02:00\",\"inLanguage\":\"es-ES\",\"mainEntityOfPage\":{\"@id\":\"https:\\\/\\\/candas365.es\\\/noticias\\\/el-ayuntamiento-instala-iluminacion-led-en-la-subida-al-cementerio-de-candas\\\/#webpage\"},\"isPartOf\":{\"@id\":\"https:\\\/\\\/candas365.es\\\/noticias\\\/el-ayuntamiento-instala-iluminacion-led-en-la-subida-al-cementerio-de-candas\\\/#webpage\"},\"articleSection\":\"Noticias Carre\\u00f1o\",\"dateline\":\"Publicado el julio 4, 2017.\"},{\"@type\":\"Organization\",\"@id\":\"https:\\\/\\\/candas365.es\\\/noticias\\\/#organization\",\"name\":\"Cand\\u00e1s 365\",\"description\":\"Cand\\u00e1s 365 es un diario digital independiente, fundado en 2012, con base en Asturias. Informamos con rigor sobre actualidad, sociedad, cultura y ocio, con una mirada local y global.\",\"url\":\"https:\\\/\\\/candas365.es\\\/noticias\\\/\",\"email\":\"info@candas365.es\",\"telephone\":\"+34652131393\",\"foundingDate\":\"2012-06-10\",\"logo\":{\"@type\":\"ImageObject\",\"url\":\"https:\\\/\\\/candas365.es\\\/noticias\\\/wp-content\\\/uploads\\\/2024\\\/09\\\/Candas-365-Redes.jpg\",\"@id\":\"https:\\\/\\\/candas365.es\\\/noticias\\\/el-ayuntamiento-instala-iluminacion-led-en-la-subida-al-cementerio-de-candas\\\/#organizationLogo\",\"width\":1152,\"height\":864,\"caption\":\"Cand\\u00e1s 365 Redes\"},\"image\":{\"@id\":\"https:\\\/\\\/candas365.es\\\/noticias\\\/el-ayuntamiento-instala-iluminacion-led-en-la-subida-al-cementerio-de-candas\\\/#organizationLogo\"},\"sameAs\":[\"https:\\\/\\\/www.facebook.com\\\/Nachofdezber\",\"https:\\\/\\\/x.com\\\/NabercoDigital\",\"https:\\\/\\\/www.instagram.com\\\/nachofdezber\\\/\",\"https:\\\/\\\/www.youtube.com\\\/channel\\\/UCZP-2wLEB9Rv6erhFmqVnvg\"],\"address\":{\"@id\":\"https:\\\/\\\/candas365.es\\\/noticias\\\/#postaladdress\",\"@type\":\"PostalAddress\",\"streetAddress\":\"san antonio 4, san antonio 4\",\"postalCode\":\"33430\",\"addressLocality\":\"Cand\\u00e1s\",\"addressRegion\":\"Asturias\",\"addressCountry\":\"ES\"}},{\"@type\":\"Person\",\"@id\":\"https:\\\/\\\/candas365.es\\\/noticias\\\/author\\\/admin\\\/#author\",\"url\":\"https:\\\/\\\/candas365.es\\\/noticias\\\/author\\\/admin\\\/\",\"name\":\"Cand\\u00e1s 365\",\"image\":{\"@type\":\"ImageObject\",\"@id\":\"https:\\\/\\\/candas365.es\\\/noticias\\\/el-ayuntamiento-instala-iluminacion-led-en-la-subida-al-cementerio-de-candas\\\/#authorImage\",\"url\":\"https:\\\/\\\/secure.gravatar.com\\\/avatar\\\/496a8e03d0c493ede1718b7934145dbdf8d89be1036b0eec9544e1094c9de390?s=96&d=mm&r=g\",\"width\":96,\"height\":96,\"caption\":\"Cand\\u00e1s 365\"},\"sameAs\":[\"https:\\\/\\\/www.facebook.com\\\/carrenoactualidad\",\"https:\\\/\\\/twitter.com\\\/nbasturias\",\"https:\\\/\\\/www.instagram.com\\\/nachofdezber\\\/\",\"https:\\\/\\\/www.youtube.com\\\/channel\\\/UCZP-2wLEB9Rv6erhFmqVnvg\"]},{\"@type\":\"WebPage\",\"@id\":\"https:\\\/\\\/candas365.es\\\/noticias\\\/el-ayuntamiento-instala-iluminacion-led-en-la-subida-al-cementerio-de-candas\\\/#webpage\",\"url\":\"https:\\\/\\\/candas365.es\\\/noticias\\\/el-ayuntamiento-instala-iluminacion-led-en-la-subida-al-cementerio-de-candas\\\/\",\"name\":\"El Ayuntamiento instala iluminaci\\u00f3n LED en la subida al cementerio de Cand\\u00e1s | Cand\\u00e1s 365\",\"description\":\"Con la colocaci\\u00f3n de las 17 luminarias a lo largo de la nueva acera y en la explanada que da acceso al Campo Santo, se ultiman las obras de mejora en los accesos al cementerio municipal. Dichas obras se enmarcan dentro del acuerdo presupuestario alcanzado en 2016 con otro grupo pol\\u00edtico. La intervenci\\u00f3n inclu\\u00eda la\",\"inLanguage\":\"es-ES\",\"isPartOf\":{\"@id\":\"https:\\\/\\\/candas365.es\\\/noticias\\\/#website\"},\"breadcrumb\":{\"@id\":\"https:\\\/\\\/candas365.es\\\/noticias\\\/el-ayuntamiento-instala-iluminacion-led-en-la-subida-al-cementerio-de-candas\\\/#breadcrumblist\"},\"author\":{\"@id\":\"https:\\\/\\\/candas365.es\\\/noticias\\\/author\\\/admin\\\/#author\"},\"creator\":{\"@id\":\"https:\\\/\\\/candas365.es\\\/noticias\\\/author\\\/admin\\\/#author\"},\"image\":{\"@type\":\"ImageObject\",\"url\":\"https:\\\/\\\/candas365.es\\\/noticias\\\/wp-content\\\/uploads\\\/2017\\\/07\\\/Luminarianuevaacera.jpg\",\"@id\":\"https:\\\/\\\/candas365.es\\\/noticias\\\/el-ayuntamiento-instala-iluminacion-led-en-la-subida-al-cementerio-de-candas\\\/#mainImage\",\"width\":960,\"height\":1280},\"primaryImageOfPage\":{\"@id\":\"https:\\\/\\\/candas365.es\\\/noticias\\\/el-ayuntamiento-instala-iluminacion-led-en-la-subida-al-cementerio-de-candas\\\/#mainImage\"},\"datePublished\":\"2017-07-04T19:27:51+02:00\",\"dateModified\":\"2017-07-04T19:27:51+02:00\"},{\"@type\":\"WebSite\",\"@id\":\"https:\\\/\\\/candas365.es\\\/noticias\\\/#website\",\"url\":\"https:\\\/\\\/candas365.es\\\/noticias\\\/\",\"name\":\"Cand\\u00e1s 365\",\"alternateName\":\"Cand\\u00e1s 365 Noticias\",\"description\":\"Actualidad desde Carre\\u00f1o para el mundo\",\"inLanguage\":\"es-ES\",\"publisher\":{\"@id\":\"https:\\\/\\\/candas365.es\\\/noticias\\\/#organization\"}}]}\n\t\t<\/script>\n\t\t<!-- All in One SEO Pro -->\r\n\t\t<title>El Ayuntamiento instala iluminaci\u00f3n LED en la subida al cementerio de Cand\u00e1s | Cand\u00e1s 365<\/title>\n\n","aioseo_head_json":{"title":"El Ayuntamiento instala iluminaci\u00f3n LED en la subida al cementerio de Cand\u00e1s | Cand\u00e1s 365","description":"Con la colocaci\u00f3n de las 17 luminarias a lo largo de la nueva acera y en la explanada que da acceso al Campo Santo, se ultiman las obras de mejora en los accesos al cementerio municipal. Dichas obras se enmarcan dentro del acuerdo presupuestario alcanzado en 2016 con otro grupo pol\u00edtico. La intervenci\u00f3n inclu\u00eda la","canonical_url":"https:\/\/candas365.es\/noticias\/el-ayuntamiento-instala-iluminacion-led-en-la-subida-al-cementerio-de-candas\/","robots":"max-image-preview:large","keywords":"noticias carre\u00f1o","webmasterTools":{"google-site-verification":"UA-32230408-1","msvalidate.01":"354F3CDFB2DA171B47FBE9ABF1F88D5","miscellaneous":""},"schema":{"@context":"https:\/\/schema.org","@graph":[{"@type":"BreadcrumbList","@id":"https:\/\/candas365.es\/noticias\/el-ayuntamiento-instala-iluminacion-led-en-la-subida-al-cementerio-de-candas\/#breadcrumblist","itemListElement":[{"@type":"ListItem","@id":"https:\/\/candas365.es\/noticias#listItem","position":1,"name":"Home","item":"https:\/\/candas365.es\/noticias","nextItem":{"@type":"ListItem","@id":"https:\/\/candas365.es\/noticias\/category\/noticias-carreno\/#listItem","name":"Noticias Carre\u00f1o"}},{"@type":"ListItem","@id":"https:\/\/candas365.es\/noticias\/category\/noticias-carreno\/#listItem","position":2,"name":"Noticias Carre\u00f1o","item":"https:\/\/candas365.es\/noticias\/category\/noticias-carreno\/","nextItem":{"@type":"ListItem","@id":"https:\/\/candas365.es\/noticias\/el-ayuntamiento-instala-iluminacion-led-en-la-subida-al-cementerio-de-candas\/#listItem","name":"El Ayuntamiento instala iluminaci\u00f3n LED en la subida al cementerio de Cand\u00e1s"},"previousItem":{"@type":"ListItem","@id":"https:\/\/candas365.es\/noticias#listItem","name":"Home"}},{"@type":"ListItem","@id":"https:\/\/candas365.es\/noticias\/el-ayuntamiento-instala-iluminacion-led-en-la-subida-al-cementerio-de-candas\/#listItem","position":3,"name":"El Ayuntamiento instala iluminaci\u00f3n LED en la subida al cementerio de Cand\u00e1s","previousItem":{"@type":"ListItem","@id":"https:\/\/candas365.es\/noticias\/category\/noticias-carreno\/#listItem","name":"Noticias Carre\u00f1o"}}]},{"@type":"NewsArticle","@id":"https:\/\/candas365.es\/noticias\/el-ayuntamiento-instala-iluminacion-led-en-la-subida-al-cementerio-de-candas\/#newsarticle","name":"El Ayuntamiento instala iluminaci\u00f3n LED en la subida al cementerio de Cand\u00e1s | Cand\u00e1s 365","headline":"El Ayuntamiento instala iluminaci\u00f3n LED en la subida al cementerio de Cand\u00e1s","author":{"@id":"https:\/\/candas365.es\/noticias\/author\/admin\/#author"},"publisher":{"@id":"https:\/\/candas365.es\/noticias\/#organization"},"image":{"@type":"ImageObject","url":"https:\/\/candas365.es\/noticias\/wp-content\/uploads\/2017\/07\/Luminarianuevaacera.jpg","width":960,"height":1280},"datePublished":"2017-07-04T19:27:51+02:00","dateModified":"2017-07-04T19:27:51+02:00","inLanguage":"es-ES","mainEntityOfPage":{"@id":"https:\/\/candas365.es\/noticias\/el-ayuntamiento-instala-iluminacion-led-en-la-subida-al-cementerio-de-candas\/#webpage"},"isPartOf":{"@id":"https:\/\/candas365.es\/noticias\/el-ayuntamiento-instala-iluminacion-led-en-la-subida-al-cementerio-de-candas\/#webpage"},"articleSection":"Noticias Carre\u00f1o","dateline":"Publicado el julio 4, 2017."},{"@type":"Organization","@id":"https:\/\/candas365.es\/noticias\/#organization","name":"Cand\u00e1s 365","description":"Cand\u00e1s 365 es un diario digital independiente, fundado en 2012, con base en Asturias. Informamos con rigor sobre actualidad, sociedad, cultura y ocio, con una mirada local y global.","url":"https:\/\/candas365.es\/noticias\/","email":"info@candas365.es","telephone":"+34652131393","foundingDate":"2012-06-10","logo":{"@type":"ImageObject","url":"https:\/\/candas365.es\/noticias\/wp-content\/uploads\/2024\/09\/Candas-365-Redes.jpg","@id":"https:\/\/candas365.es\/noticias\/el-ayuntamiento-instala-iluminacion-led-en-la-subida-al-cementerio-de-candas\/#organizationLogo","width":1152,"height":864,"caption":"Cand\u00e1s 365 Redes"},"image":{"@id":"https:\/\/candas365.es\/noticias\/el-ayuntamiento-instala-iluminacion-led-en-la-subida-al-cementerio-de-candas\/#organizationLogo"},"sameAs":["https:\/\/www.facebook.com\/Nachofdezber","https:\/\/x.com\/NabercoDigital","https:\/\/www.instagram.com\/nachofdezber\/","https:\/\/www.youtube.com\/channel\/UCZP-2wLEB9Rv6erhFmqVnvg"],"address":{"@id":"https:\/\/candas365.es\/noticias\/#postaladdress","@type":"PostalAddress","streetAddress":"san antonio 4, san antonio 4","postalCode":"33430","addressLocality":"Cand\u00e1s","addressRegion":"Asturias","addressCountry":"ES"}},{"@type":"Person","@id":"https:\/\/candas365.es\/noticias\/author\/admin\/#author","url":"https:\/\/candas365.es\/noticias\/author\/admin\/","name":"Cand\u00e1s 365","image":{"@type":"ImageObject","@id":"https:\/\/candas365.es\/noticias\/el-ayuntamiento-instala-iluminacion-led-en-la-subida-al-cementerio-de-candas\/#authorImage","url":"https:\/\/secure.gravatar.com\/avatar\/496a8e03d0c493ede1718b7934145dbdf8d89be1036b0eec9544e1094c9de390?s=96&d=mm&r=g","width":96,"height":96,"caption":"Cand\u00e1s 365"},"sameAs":["https:\/\/www.facebook.com\/carrenoactualidad","https:\/\/twitter.com\/nbasturias","https:\/\/www.instagram.com\/nachofdezber\/","https:\/\/www.youtube.com\/channel\/UCZP-2wLEB9Rv6erhFmqVnvg"]},{"@type":"WebPage","@id":"https:\/\/candas365.es\/noticias\/el-ayuntamiento-instala-iluminacion-led-en-la-subida-al-cementerio-de-candas\/#webpage","url":"https:\/\/candas365.es\/noticias\/el-ayuntamiento-instala-iluminacion-led-en-la-subida-al-cementerio-de-candas\/","name":"El Ayuntamiento instala iluminaci\u00f3n LED en la subida al cementerio de Cand\u00e1s | Cand\u00e1s 365","description":"Con la colocaci\u00f3n de las 17 luminarias a lo largo de la nueva acera y en la explanada que da acceso al Campo Santo, se ultiman las obras de mejora en los accesos al cementerio municipal. Dichas obras se enmarcan dentro del acuerdo presupuestario alcanzado en 2016 con otro grupo pol\u00edtico. La intervenci\u00f3n inclu\u00eda la","inLanguage":"es-ES","isPartOf":{"@id":"https:\/\/candas365.es\/noticias\/#website"},"breadcrumb":{"@id":"https:\/\/candas365.es\/noticias\/el-ayuntamiento-instala-iluminacion-led-en-la-subida-al-cementerio-de-candas\/#breadcrumblist"},"author":{"@id":"https:\/\/candas365.es\/noticias\/author\/admin\/#author"},"creator":{"@id":"https:\/\/candas365.es\/noticias\/author\/admin\/#author"},"image":{"@type":"ImageObject","url":"https:\/\/candas365.es\/noticias\/wp-content\/uploads\/2017\/07\/Luminarianuevaacera.jpg","@id":"https:\/\/candas365.es\/noticias\/el-ayuntamiento-instala-iluminacion-led-en-la-subida-al-cementerio-de-candas\/#mainImage","width":960,"height":1280},"primaryImageOfPage":{"@id":"https:\/\/candas365.es\/noticias\/el-ayuntamiento-instala-iluminacion-led-en-la-subida-al-cementerio-de-candas\/#mainImage"},"datePublished":"2017-07-04T19:27:51+02:00","dateModified":"2017-07-04T19:27:51+02:00"},{"@type":"WebSite","@id":"https:\/\/candas365.es\/noticias\/#website","url":"https:\/\/candas365.es\/noticias\/","name":"Cand\u00e1s 365","alternateName":"Cand\u00e1s 365 Noticias","description":"Actualidad desde Carre\u00f1o para el mundo","inLanguage":"es-ES","publisher":{"@id":"https:\/\/candas365.es\/noticias\/#organization"}}]},"og:locale":"es_ES","og:site_name":"Cand\u00e1s 365","og:type":"article","og:title":"El Ayuntamiento instala iluminaci\u00f3n LED en la subida al cementerio de Cand\u00e1s | Cand\u00e1s 365","og:description":"Con la colocaci\u00f3n de las 17 luminarias a lo largo de la nueva acera y en la explanada que da acceso al Campo Santo, se ultiman las obras de mejora en los accesos al cementerio municipal. Dichas obras se enmarcan dentro del acuerdo presupuestario alcanzado en 2016 con otro grupo pol\u00edtico. La intervenci\u00f3n inclu\u00eda la","og:url":"https:\/\/candas365.es\/noticias\/el-ayuntamiento-instala-iluminacion-led-en-la-subida-al-cementerio-de-candas\/","og:image":"https:\/\/candas365.es\/noticias\/wp-content\/uploads\/2017\/07\/Luminarianuevaacera.jpg","og:image:secure_url":"https:\/\/candas365.es\/noticias\/wp-content\/uploads\/2017\/07\/Luminarianuevaacera.jpg","og:image:width":960,"og:image:height":1280,"article:published_time":"2017-07-04T19:27:51+00:00","article:modified_time":"2017-07-04T19:27:51+00:00","article:publisher":"https:\/\/www.facebook.com\/Nachofdezber","article:author":"https:\/\/www.facebook.com\/carrenoactualidad","twitter:card":"summary_large_image","twitter:site":"@NabercoDigital","twitter:title":"El Ayuntamiento instala iluminaci\u00f3n LED en la subida al cementerio de Cand\u00e1s | Cand\u00e1s 365","twitter:description":"Con la colocaci\u00f3n de las 17 luminarias a lo largo de la nueva acera y en la explanada que da acceso al Campo Santo, se ultiman las obras de mejora en los accesos al cementerio municipal. Dichas obras se enmarcan dentro del acuerdo presupuestario alcanzado en 2016 con otro grupo pol\u00edtico. La intervenci\u00f3n inclu\u00eda la","twitter:creator":"@nbasturias","twitter:image":"https:\/\/candas365.es\/noticias\/wp-content\/uploads\/2017\/07\/Luminarianuevaacera.jpg","twitter:label1":"Escrito por","twitter:data1":"Cand\u00e1s 365","twitter:label2":"Tiempo de lectura estimado","twitter:data2":"2 minutos"},"aioseo_meta_data":{"post_id":"75123","title":null,"description":null,"keywords":null,"keyphrases":null,"primary_term":null,"canonical_url":null,"og_title":null,"og_description":null,"og_object_type":"default","og_image_type":"default","og_image_url":null,"og_image_width":null,"og_image_height":null,"og_image_custom_url":null,"og_image_custom_fields":null,"og_video":null,"og_custom_url":null,"og_article_section":null,"og_article_tags":null,"twitter_use_og":false,"twitter_card":"default","twitter_image_type":"default","twitter_image_url":null,"twitter_image_custom_url":null,"twitter_image_custom_fields":null,"twitter_title":null,"twitter_description":null,"schema":{"blockGraphs":[],"customGraphs":[],"default":{"data":{"Article":[],"Course":[],"Dataset":[],"FAQPage":[],"Movie":[],"Person":[],"Product":[],"ProductReview":[],"Car":[],"Recipe":[],"Service":[],"SoftwareApplication":[],"WebPage":[]},"graphName":"","isEnabled":true},"graphs":[]},"schema_type":null,"schema_type_options":null,"pillar_content":false,"robots_default":true,"robots_noindex":false,"robots_noarchive":false,"robots_nosnippet":false,"robots_nofollow":false,"robots_noimageindex":false,"robots_noodp":false,"robots_notranslate":false,"robots_max_snippet":null,"robots_max_videopreview":null,"robots_max_imagepreview":"large","priority":null,"frequency":null,"location":null,"local_seo":null,"seo_analyzer_scan_date":"2025-08-25 17:40:17","breadcrumb_settings":null,"limit_modified_date":false,"reviewed_by":null,"open_ai":null,"ai":null,"created":"2020-12-21 12:57:03","updated":"2025-08-25 17:40:17"},"aioseo_breadcrumb":"<div class=\"aioseo-breadcrumbs\"><span class=\"aioseo-breadcrumb\">\n\t<a href=\"https:\/\/candas365.es\/noticias\" title=\"Home\">Home<\/a>\n<\/span><span class=\"aioseo-breadcrumb-separator\">&ndash;<\/span><span class=\"aioseo-breadcrumb\">\n\t<a href=\"https:\/\/candas365.es\/noticias\/category\/noticias-carreno\/\" title=\"Noticias Carre\u00f1o\">Noticias Carre\u00f1o<\/a>\n<\/span><span class=\"aioseo-breadcrumb-separator\">&ndash;<\/span><span class=\"aioseo-breadcrumb\">\n\tEl Ayuntamiento instala iluminaci\u00f3n LED en la subida al cementerio de Cand\u00e1s\n<\/span><\/div>","aioseo_breadcrumb_json":[{"label":"Home","link":"https:\/\/candas365.es\/noticias"},{"label":"Noticias Carre\u00f1o","link":"https:\/\/candas365.es\/noticias\/category\/noticias-carreno\/"},{"label":"El Ayuntamiento instala iluminaci\u00f3n LED en la subida al cementerio de Cand\u00e1s","link":"https:\/\/candas365.es\/noticias\/el-ayuntamiento-instala-iluminacion-led-en-la-subida-al-cementerio-de-candas\/"}],"_links":{"self":[{"href":"https:\/\/candas365.es\/noticias\/wp-json\/wp\/v2\/posts\/75123","targetHints":{"allow":["GET"]}}],"collection":[{"href":"https:\/\/candas365.es\/noticias\/wp-json\/wp\/v2\/posts"}],"about":[{"href":"https:\/\/candas365.es\/noticias\/wp-json\/wp\/v2\/types\/post"}],"author":[{"embeddable":true,"href":"https:\/\/candas365.es\/noticias\/wp-json\/wp\/v2\/users\/1"}],"replies":[{"embeddable":true,"href":"https:\/\/candas365.es\/noticias\/wp-json\/wp\/v2\/comments?post=75123"}],"version-history":[{"count":0,"href":"https:\/\/candas365.es\/noticias\/wp-json\/wp\/v2\/posts\/75123\/revisions"}],"wp:featuredmedia":[{"embeddable":true,"href":"https:\/\/candas365.es\/noticias\/wp-json\/wp\/v2\/media\/75124"}],"wp:attachment":[{"href":"https:\/\/candas365.es\/noticias\/wp-json\/wp\/v2\/media?parent=75123"}],"wp:term":[{"taxonomy":"category","embeddable":true,"href":"https:\/\/candas365.es\/noticias\/wp-json\/wp\/v2\/categories?post=75123"},{"taxonomy":"post_tag","embeddable":true,"href":"https:\/\/candas365.es\/noticias\/wp-json\/wp\/v2\/tags?post=75123"}],"curies":[{"name":"wp","href":"https:\/\/api.w.org\/{rel}","templated":true}]}}