{"id":75102,"date":"2017-07-04T18:45:48","date_gmt":"2017-07-04T18:45:48","guid":{"rendered":"http:\/\/candas365.es\/noticias\/?p=75102"},"modified":"2017-07-04T18:45:48","modified_gmt":"2017-07-04T18:45:48","slug":"el-numero-total-de-desempleados-se-situa-en-3-362-811","status":"publish","type":"post","link":"https:\/\/candas365.es\/noticias\/el-numero-total-de-desempleados-se-situa-en-3-362-811\/","title":{"rendered":"El n\u00famero total de desempleados se sit\u00faa en 3.362.811"},"content":{"rendered":"<p><img fetchpriority=\"high\" decoding=\"async\" class=\"alignleft size-medium wp-image-75103\" src=\"https:\/\/candas365.es\/noticias\/wp-content\/uploads\/2017\/07\/021216paro-360x239.jpg\" alt=\"\" width=\"360\" height=\"239\" srcset=\"https:\/\/candas365.es\/noticias\/wp-content\/uploads\/2017\/07\/021216paro-360x239.jpg 360w, https:\/\/candas365.es\/noticias\/wp-content\/uploads\/2017\/07\/021216paro-84x55.jpg 84w, https:\/\/candas365.es\/noticias\/wp-content\/uploads\/2017\/07\/021216paro.jpg 496w\" sizes=\"(max-width: 360px) 100vw, 360px\" \/>El n\u00famero de parados registrados en las oficinas de los Servicios P\u00fablicos de Empleo Estatal (SEPE) ha bajado en junio en 98.317 personas en relaci\u00f3n al mes anterior. As\u00ed, la cifra total de parados registrados en el mes de junio se sit\u00faa en 3.362.811. Alcanza as\u00ed su nivel m\u00e1s bajo de los \u00faltimos 8 a\u00f1os.<\/p>\n<p>\u200bEn t\u00e9rminos desestacionalizados el paro se reduce en el mes de junio en 21.668 personas.<\/p>\n<p>En los 12 \u00faltimos meses, el paro ha reducido en 404.243 personas, la mayor reducci\u00f3n anual en junio de toda la serie hist\u00f3rica, manteniendo un ritmo anual de reducci\u00f3n cercano al 11%.<\/p>\n<p>El desempleo de los j\u00f3venes menores de 25 a\u00f1os se reduce en junio un 16,5% interanualmente, sensiblemente por encima de la media general del 10,7%.<\/p>\n<p>Por sectores econ\u00f3micos de procedencia de los trabajadores, el paro registrado disminuye en Servicios en 75.101 personas, en Construcci\u00f3n, en 10.168, en Industria, en 10.048 personas y en el colectivo de personas sin empleo anterior se reduce en 10.249 personas. Y aumenta en Agricultura y Pesca, en 7.249 personas.<\/p>\n<p>En cuanto a las Comunidades Aut\u00f3nomas el paro registrado baja en las 17, principalmente en Catalu\u00f1a (-18.102), Andaluc\u00eda (-10.324) y en Galicia (- 9.973).<\/p>\n<p><strong>El n\u00famero de contratos indefinidos crece un 12,2%<\/strong><\/p>\n<p>El n\u00famero de contratos registrados durante el mes de junio ha sido de 2.089.520, el mayor n\u00famero de toda la serie hist\u00f3rica en cualquier mes. Representa una subida de 169.180, (8,81%) sobre el mismo mes del a\u00f1o pasado.<\/p>\n<p>La contrataci\u00f3n acumulada en los cinco primeros meses del 2017 ha alcanzado la cifra de 10.540.458, lo que supone un incremento del 11,02%, que en igual periodo del a\u00f1o anterior.<\/p>\n<p>En cuanto a la contrataci\u00f3n indefinida en el mes de junio se han registrado 166.462, que significa un aumento 18.067 (12,17%) sobre igual mes del ejercicio anterior. Se encadenan as\u00ed 41 meses de incremento de la contrataci\u00f3n indefinida.<\/p>\n<p>En datos acumulados se han realizado 572.133 contratos indefinidos a tiempo completo hasta junio de este a\u00f1o, lo que supone un incremento del 13,76% sobre el mismo periodo de 2016.<\/p>\n","protected":false},"excerpt":{"rendered":"<p>El n\u00famero de parados registrados en las oficinas de los Servicios P\u00fablicos de Empleo Estatal (SEPE) ha bajado en junio en 98.317 personas en relaci\u00f3n al mes anterior. As\u00ed, la cifra total de parados registrados en el mes de junio se sit\u00faa en 3.362.811. Alcanza as\u00ed su nivel m\u00e1s bajo de los \u00faltimos 8 a\u00f1os.<\/p>\n","protected":false},"author":1,"featured_media":75103,"comment_status":"closed","ping_status":"closed","sticky":false,"template":"","format":"standard","meta":{"footnotes":""},"categories":[343],"tags":[],"class_list":{"0":"post-75102","1":"post","2":"type-post","3":"status-publish","4":"format-standard","5":"has-post-thumbnail","7":"category-actualidad"},"aioseo_notices":[],"aioseo_head":"\n\t\t<!-- All in One SEO Pro 4.9.6.2 - aioseo.com -->\n\t<meta name=\"description\" content=\"El n\u00famero de parados registrados en las oficinas de los Servicios P\u00fablicos de Empleo Estatal (SEPE) ha bajado en junio en 98.317 personas en relaci\u00f3n al mes anterior. As\u00ed, la cifra total de parados registrados en el mes de junio se sit\u00faa en 3.362.811. Alcanza as\u00ed su nivel m\u00e1s bajo de los \u00faltimos 8 a\u00f1os.\" \/>\n\t<meta name=\"robots\" content=\"max-image-preview:large\" \/>\n\t<meta name=\"author\" content=\"Cand\u00e1s 365\"\/>\n\t<meta name=\"google-site-verification\" content=\"UA-32230408-1\" \/>\n\t<meta name=\"msvalidate.01\" content=\"354F3CDFB2DA171B47FBE9ABF1F88D5\" \/>\n\t<meta name=\"keywords\" content=\"actualidad\" \/>\n\t<link rel=\"canonical\" href=\"https:\/\/candas365.es\/noticias\/el-numero-total-de-desempleados-se-situa-en-3-362-811\/\" \/>\n\t<meta name=\"generator\" content=\"All in One SEO Pro (AIOSEO) 4.9.6.2\" \/>\n\t\t<meta property=\"og:locale\" content=\"es_ES\" \/>\n\t\t<meta property=\"og:site_name\" content=\"Cand\u00e1s 365\" \/>\n\t\t<meta property=\"og:type\" content=\"article\" \/>\n\t\t<meta property=\"og:title\" content=\"El n\u00famero total de desempleados se sit\u00faa en 3.362.811 | Cand\u00e1s 365\" \/>\n\t\t<meta property=\"og:description\" content=\"El n\u00famero de parados registrados en las oficinas de los Servicios P\u00fablicos de Empleo Estatal (SEPE) ha bajado en junio en 98.317 personas en relaci\u00f3n al mes anterior. As\u00ed, la cifra total de parados registrados en el mes de junio se sit\u00faa en 3.362.811. Alcanza as\u00ed su nivel m\u00e1s bajo de los \u00faltimos 8 a\u00f1os.\" \/>\n\t\t<meta property=\"og:url\" content=\"https:\/\/candas365.es\/noticias\/el-numero-total-de-desempleados-se-situa-en-3-362-811\/\" \/>\n\t\t<meta property=\"og:image\" content=\"https:\/\/candas365.es\/noticias\/wp-content\/uploads\/2017\/07\/021216paro.jpg\" \/>\n\t\t<meta property=\"og:image:secure_url\" content=\"https:\/\/candas365.es\/noticias\/wp-content\/uploads\/2017\/07\/021216paro.jpg\" \/>\n\t\t<meta property=\"og:image:width\" content=\"496\" \/>\n\t\t<meta property=\"og:image:height\" content=\"329\" \/>\n\t\t<meta property=\"article:published_time\" content=\"2017-07-04T18:45:48+00:00\" \/>\n\t\t<meta property=\"article:modified_time\" content=\"2017-07-04T18:45:48+00:00\" \/>\n\t\t<meta property=\"article:publisher\" content=\"https:\/\/www.facebook.com\/Nachofdezber\" \/>\n\t\t<meta property=\"article:author\" content=\"https:\/\/www.facebook.com\/carrenoactualidad\" \/>\n\t\t<meta name=\"twitter:card\" content=\"summary_large_image\" \/>\n\t\t<meta name=\"twitter:site\" content=\"@NabercoDigital\" \/>\n\t\t<meta name=\"twitter:title\" content=\"El n\u00famero total de desempleados se sit\u00faa en 3.362.811 | Cand\u00e1s 365\" \/>\n\t\t<meta name=\"twitter:description\" content=\"El n\u00famero de parados registrados en las oficinas de los Servicios P\u00fablicos de Empleo Estatal (SEPE) ha bajado en junio en 98.317 personas en relaci\u00f3n al mes anterior. As\u00ed, la cifra total de parados registrados en el mes de junio se sit\u00faa en 3.362.811. Alcanza as\u00ed su nivel m\u00e1s bajo de los \u00faltimos 8 a\u00f1os.\" \/>\n\t\t<meta name=\"twitter:creator\" content=\"@nbasturias\" \/>\n\t\t<meta name=\"twitter:image\" content=\"https:\/\/candas365.es\/noticias\/wp-content\/uploads\/2017\/07\/021216paro.jpg\" \/>\n\t\t<meta name=\"twitter:label1\" content=\"Escrito por\" \/>\n\t\t<meta name=\"twitter:data1\" content=\"Cand\u00e1s 365\" \/>\n\t\t<meta name=\"twitter:label2\" content=\"Tiempo de lectura estimado\" \/>\n\t\t<meta name=\"twitter:data2\" content=\"2 minutos\" \/>\n\t\t<script type=\"application\/ld+json\" class=\"aioseo-schema\">\n\t\t\t{\"@context\":\"https:\\\/\\\/schema.org\",\"@graph\":[{\"@type\":\"BreadcrumbList\",\"@id\":\"https:\\\/\\\/candas365.es\\\/noticias\\\/el-numero-total-de-desempleados-se-situa-en-3-362-811\\\/#breadcrumblist\",\"itemListElement\":[{\"@type\":\"ListItem\",\"@id\":\"https:\\\/\\\/candas365.es\\\/noticias#listItem\",\"position\":1,\"name\":\"Home\",\"item\":\"https:\\\/\\\/candas365.es\\\/noticias\",\"nextItem\":{\"@type\":\"ListItem\",\"@id\":\"https:\\\/\\\/candas365.es\\\/noticias\\\/category\\\/actualidad\\\/#listItem\",\"name\":\"Actualidad\"}},{\"@type\":\"ListItem\",\"@id\":\"https:\\\/\\\/candas365.es\\\/noticias\\\/category\\\/actualidad\\\/#listItem\",\"position\":2,\"name\":\"Actualidad\",\"item\":\"https:\\\/\\\/candas365.es\\\/noticias\\\/category\\\/actualidad\\\/\",\"nextItem\":{\"@type\":\"ListItem\",\"@id\":\"https:\\\/\\\/candas365.es\\\/noticias\\\/el-numero-total-de-desempleados-se-situa-en-3-362-811\\\/#listItem\",\"name\":\"El n\\u00famero total de desempleados se sit\\u00faa en 3.362.811\"},\"previousItem\":{\"@type\":\"ListItem\",\"@id\":\"https:\\\/\\\/candas365.es\\\/noticias#listItem\",\"name\":\"Home\"}},{\"@type\":\"ListItem\",\"@id\":\"https:\\\/\\\/candas365.es\\\/noticias\\\/el-numero-total-de-desempleados-se-situa-en-3-362-811\\\/#listItem\",\"position\":3,\"name\":\"El n\\u00famero total de desempleados se sit\\u00faa en 3.362.811\",\"previousItem\":{\"@type\":\"ListItem\",\"@id\":\"https:\\\/\\\/candas365.es\\\/noticias\\\/category\\\/actualidad\\\/#listItem\",\"name\":\"Actualidad\"}}]},{\"@type\":\"NewsArticle\",\"@id\":\"https:\\\/\\\/candas365.es\\\/noticias\\\/el-numero-total-de-desempleados-se-situa-en-3-362-811\\\/#newsarticle\",\"name\":\"El n\\u00famero total de desempleados se sit\\u00faa en 3.362.811 | Cand\\u00e1s 365\",\"headline\":\"El n\\u00famero total de desempleados se sit\\u00faa en 3.362.811\",\"author\":{\"@id\":\"https:\\\/\\\/candas365.es\\\/noticias\\\/author\\\/admin\\\/#author\"},\"publisher\":{\"@id\":\"https:\\\/\\\/candas365.es\\\/noticias\\\/#organization\"},\"image\":{\"@type\":\"ImageObject\",\"url\":\"https:\\\/\\\/candas365.es\\\/noticias\\\/wp-content\\\/uploads\\\/2017\\\/07\\\/021216paro.jpg\",\"width\":496,\"height\":329},\"datePublished\":\"2017-07-04T18:45:48+02:00\",\"dateModified\":\"2017-07-04T18:45:48+02:00\",\"inLanguage\":\"es-ES\",\"mainEntityOfPage\":{\"@id\":\"https:\\\/\\\/candas365.es\\\/noticias\\\/el-numero-total-de-desempleados-se-situa-en-3-362-811\\\/#webpage\"},\"isPartOf\":{\"@id\":\"https:\\\/\\\/candas365.es\\\/noticias\\\/el-numero-total-de-desempleados-se-situa-en-3-362-811\\\/#webpage\"},\"articleSection\":\"Actualidad\",\"dateline\":\"Publicado el julio 4, 2017.\"},{\"@type\":\"Organization\",\"@id\":\"https:\\\/\\\/candas365.es\\\/noticias\\\/#organization\",\"name\":\"Cand\\u00e1s 365\",\"description\":\"Cand\\u00e1s 365 es un diario digital independiente, fundado en 2012, con base en Asturias. Informamos con rigor sobre actualidad, sociedad, cultura y ocio, con una mirada local y global.\",\"url\":\"https:\\\/\\\/candas365.es\\\/noticias\\\/\",\"email\":\"info@candas365.es\",\"telephone\":\"+34652131393\",\"foundingDate\":\"2012-06-10\",\"logo\":{\"@type\":\"ImageObject\",\"url\":\"https:\\\/\\\/candas365.es\\\/noticias\\\/wp-content\\\/uploads\\\/2024\\\/09\\\/Candas-365-Redes.jpg\",\"@id\":\"https:\\\/\\\/candas365.es\\\/noticias\\\/el-numero-total-de-desempleados-se-situa-en-3-362-811\\\/#organizationLogo\",\"width\":1152,\"height\":864,\"caption\":\"Cand\\u00e1s 365 Redes\"},\"image\":{\"@id\":\"https:\\\/\\\/candas365.es\\\/noticias\\\/el-numero-total-de-desempleados-se-situa-en-3-362-811\\\/#organizationLogo\"},\"sameAs\":[\"https:\\\/\\\/www.facebook.com\\\/Nachofdezber\",\"https:\\\/\\\/x.com\\\/NabercoDigital\",\"https:\\\/\\\/www.instagram.com\\\/nachofdezber\\\/\",\"https:\\\/\\\/www.youtube.com\\\/channel\\\/UCZP-2wLEB9Rv6erhFmqVnvg\"],\"address\":{\"@id\":\"https:\\\/\\\/candas365.es\\\/noticias\\\/#postaladdress\",\"@type\":\"PostalAddress\",\"streetAddress\":\"san antonio 4, san antonio 4\",\"postalCode\":\"33430\",\"addressLocality\":\"Cand\\u00e1s\",\"addressRegion\":\"Asturias\",\"addressCountry\":\"ES\"}},{\"@type\":\"Person\",\"@id\":\"https:\\\/\\\/candas365.es\\\/noticias\\\/author\\\/admin\\\/#author\",\"url\":\"https:\\\/\\\/candas365.es\\\/noticias\\\/author\\\/admin\\\/\",\"name\":\"Cand\\u00e1s 365\",\"image\":{\"@type\":\"ImageObject\",\"@id\":\"https:\\\/\\\/candas365.es\\\/noticias\\\/el-numero-total-de-desempleados-se-situa-en-3-362-811\\\/#authorImage\",\"url\":\"https:\\\/\\\/secure.gravatar.com\\\/avatar\\\/496a8e03d0c493ede1718b7934145dbdf8d89be1036b0eec9544e1094c9de390?s=96&d=mm&r=g\",\"width\":96,\"height\":96,\"caption\":\"Cand\\u00e1s 365\"},\"sameAs\":[\"https:\\\/\\\/www.facebook.com\\\/carrenoactualidad\",\"https:\\\/\\\/twitter.com\\\/nbasturias\",\"https:\\\/\\\/www.instagram.com\\\/nachofdezber\\\/\",\"https:\\\/\\\/www.youtube.com\\\/channel\\\/UCZP-2wLEB9Rv6erhFmqVnvg\"]},{\"@type\":\"WebPage\",\"@id\":\"https:\\\/\\\/candas365.es\\\/noticias\\\/el-numero-total-de-desempleados-se-situa-en-3-362-811\\\/#webpage\",\"url\":\"https:\\\/\\\/candas365.es\\\/noticias\\\/el-numero-total-de-desempleados-se-situa-en-3-362-811\\\/\",\"name\":\"El n\\u00famero total de desempleados se sit\\u00faa en 3.362.811 | Cand\\u00e1s 365\",\"description\":\"El n\\u00famero de parados registrados en las oficinas de los Servicios P\\u00fablicos de Empleo Estatal (SEPE) ha bajado en junio en 98.317 personas en relaci\\u00f3n al mes anterior. As\\u00ed, la cifra total de parados registrados en el mes de junio se sit\\u00faa en 3.362.811. Alcanza as\\u00ed su nivel m\\u00e1s bajo de los \\u00faltimos 8 a\\u00f1os.\",\"inLanguage\":\"es-ES\",\"isPartOf\":{\"@id\":\"https:\\\/\\\/candas365.es\\\/noticias\\\/#website\"},\"breadcrumb\":{\"@id\":\"https:\\\/\\\/candas365.es\\\/noticias\\\/el-numero-total-de-desempleados-se-situa-en-3-362-811\\\/#breadcrumblist\"},\"author\":{\"@id\":\"https:\\\/\\\/candas365.es\\\/noticias\\\/author\\\/admin\\\/#author\"},\"creator\":{\"@id\":\"https:\\\/\\\/candas365.es\\\/noticias\\\/author\\\/admin\\\/#author\"},\"image\":{\"@type\":\"ImageObject\",\"url\":\"https:\\\/\\\/candas365.es\\\/noticias\\\/wp-content\\\/uploads\\\/2017\\\/07\\\/021216paro.jpg\",\"@id\":\"https:\\\/\\\/candas365.es\\\/noticias\\\/el-numero-total-de-desempleados-se-situa-en-3-362-811\\\/#mainImage\",\"width\":496,\"height\":329},\"primaryImageOfPage\":{\"@id\":\"https:\\\/\\\/candas365.es\\\/noticias\\\/el-numero-total-de-desempleados-se-situa-en-3-362-811\\\/#mainImage\"},\"datePublished\":\"2017-07-04T18:45:48+02:00\",\"dateModified\":\"2017-07-04T18:45:48+02:00\"},{\"@type\":\"WebSite\",\"@id\":\"https:\\\/\\\/candas365.es\\\/noticias\\\/#website\",\"url\":\"https:\\\/\\\/candas365.es\\\/noticias\\\/\",\"name\":\"Cand\\u00e1s 365\",\"alternateName\":\"Cand\\u00e1s 365 Noticias\",\"description\":\"Actualidad desde Carre\\u00f1o para el mundo\",\"inLanguage\":\"es-ES\",\"publisher\":{\"@id\":\"https:\\\/\\\/candas365.es\\\/noticias\\\/#organization\"}}]}\n\t\t<\/script>\n\t\t<!-- All in One SEO Pro -->\r\n\t\t<title>El n\u00famero total de desempleados se sit\u00faa en 3.362.811 | Cand\u00e1s 365<\/title>\n\n","aioseo_head_json":{"title":"El n\u00famero total de desempleados se sit\u00faa en 3.362.811 | Cand\u00e1s 365","description":"El n\u00famero de parados registrados en las oficinas de los Servicios P\u00fablicos de Empleo Estatal (SEPE) ha bajado en junio en 98.317 personas en relaci\u00f3n al mes anterior. As\u00ed, la cifra total de parados registrados en el mes de junio se sit\u00faa en 3.362.811. Alcanza as\u00ed su nivel m\u00e1s bajo de los \u00faltimos 8 a\u00f1os.","canonical_url":"https:\/\/candas365.es\/noticias\/el-numero-total-de-desempleados-se-situa-en-3-362-811\/","robots":"max-image-preview:large","keywords":"actualidad","webmasterTools":{"google-site-verification":"UA-32230408-1","msvalidate.01":"354F3CDFB2DA171B47FBE9ABF1F88D5","miscellaneous":""},"schema":{"@context":"https:\/\/schema.org","@graph":[{"@type":"BreadcrumbList","@id":"https:\/\/candas365.es\/noticias\/el-numero-total-de-desempleados-se-situa-en-3-362-811\/#breadcrumblist","itemListElement":[{"@type":"ListItem","@id":"https:\/\/candas365.es\/noticias#listItem","position":1,"name":"Home","item":"https:\/\/candas365.es\/noticias","nextItem":{"@type":"ListItem","@id":"https:\/\/candas365.es\/noticias\/category\/actualidad\/#listItem","name":"Actualidad"}},{"@type":"ListItem","@id":"https:\/\/candas365.es\/noticias\/category\/actualidad\/#listItem","position":2,"name":"Actualidad","item":"https:\/\/candas365.es\/noticias\/category\/actualidad\/","nextItem":{"@type":"ListItem","@id":"https:\/\/candas365.es\/noticias\/el-numero-total-de-desempleados-se-situa-en-3-362-811\/#listItem","name":"El n\u00famero total de desempleados se sit\u00faa en 3.362.811"},"previousItem":{"@type":"ListItem","@id":"https:\/\/candas365.es\/noticias#listItem","name":"Home"}},{"@type":"ListItem","@id":"https:\/\/candas365.es\/noticias\/el-numero-total-de-desempleados-se-situa-en-3-362-811\/#listItem","position":3,"name":"El n\u00famero total de desempleados se sit\u00faa en 3.362.811","previousItem":{"@type":"ListItem","@id":"https:\/\/candas365.es\/noticias\/category\/actualidad\/#listItem","name":"Actualidad"}}]},{"@type":"NewsArticle","@id":"https:\/\/candas365.es\/noticias\/el-numero-total-de-desempleados-se-situa-en-3-362-811\/#newsarticle","name":"El n\u00famero total de desempleados se sit\u00faa en 3.362.811 | Cand\u00e1s 365","headline":"El n\u00famero total de desempleados se sit\u00faa en 3.362.811","author":{"@id":"https:\/\/candas365.es\/noticias\/author\/admin\/#author"},"publisher":{"@id":"https:\/\/candas365.es\/noticias\/#organization"},"image":{"@type":"ImageObject","url":"https:\/\/candas365.es\/noticias\/wp-content\/uploads\/2017\/07\/021216paro.jpg","width":496,"height":329},"datePublished":"2017-07-04T18:45:48+02:00","dateModified":"2017-07-04T18:45:48+02:00","inLanguage":"es-ES","mainEntityOfPage":{"@id":"https:\/\/candas365.es\/noticias\/el-numero-total-de-desempleados-se-situa-en-3-362-811\/#webpage"},"isPartOf":{"@id":"https:\/\/candas365.es\/noticias\/el-numero-total-de-desempleados-se-situa-en-3-362-811\/#webpage"},"articleSection":"Actualidad","dateline":"Publicado el julio 4, 2017."},{"@type":"Organization","@id":"https:\/\/candas365.es\/noticias\/#organization","name":"Cand\u00e1s 365","description":"Cand\u00e1s 365 es un diario digital independiente, fundado en 2012, con base en Asturias. Informamos con rigor sobre actualidad, sociedad, cultura y ocio, con una mirada local y global.","url":"https:\/\/candas365.es\/noticias\/","email":"info@candas365.es","telephone":"+34652131393","foundingDate":"2012-06-10","logo":{"@type":"ImageObject","url":"https:\/\/candas365.es\/noticias\/wp-content\/uploads\/2024\/09\/Candas-365-Redes.jpg","@id":"https:\/\/candas365.es\/noticias\/el-numero-total-de-desempleados-se-situa-en-3-362-811\/#organizationLogo","width":1152,"height":864,"caption":"Cand\u00e1s 365 Redes"},"image":{"@id":"https:\/\/candas365.es\/noticias\/el-numero-total-de-desempleados-se-situa-en-3-362-811\/#organizationLogo"},"sameAs":["https:\/\/www.facebook.com\/Nachofdezber","https:\/\/x.com\/NabercoDigital","https:\/\/www.instagram.com\/nachofdezber\/","https:\/\/www.youtube.com\/channel\/UCZP-2wLEB9Rv6erhFmqVnvg"],"address":{"@id":"https:\/\/candas365.es\/noticias\/#postaladdress","@type":"PostalAddress","streetAddress":"san antonio 4, san antonio 4","postalCode":"33430","addressLocality":"Cand\u00e1s","addressRegion":"Asturias","addressCountry":"ES"}},{"@type":"Person","@id":"https:\/\/candas365.es\/noticias\/author\/admin\/#author","url":"https:\/\/candas365.es\/noticias\/author\/admin\/","name":"Cand\u00e1s 365","image":{"@type":"ImageObject","@id":"https:\/\/candas365.es\/noticias\/el-numero-total-de-desempleados-se-situa-en-3-362-811\/#authorImage","url":"https:\/\/secure.gravatar.com\/avatar\/496a8e03d0c493ede1718b7934145dbdf8d89be1036b0eec9544e1094c9de390?s=96&d=mm&r=g","width":96,"height":96,"caption":"Cand\u00e1s 365"},"sameAs":["https:\/\/www.facebook.com\/carrenoactualidad","https:\/\/twitter.com\/nbasturias","https:\/\/www.instagram.com\/nachofdezber\/","https:\/\/www.youtube.com\/channel\/UCZP-2wLEB9Rv6erhFmqVnvg"]},{"@type":"WebPage","@id":"https:\/\/candas365.es\/noticias\/el-numero-total-de-desempleados-se-situa-en-3-362-811\/#webpage","url":"https:\/\/candas365.es\/noticias\/el-numero-total-de-desempleados-se-situa-en-3-362-811\/","name":"El n\u00famero total de desempleados se sit\u00faa en 3.362.811 | Cand\u00e1s 365","description":"El n\u00famero de parados registrados en las oficinas de los Servicios P\u00fablicos de Empleo Estatal (SEPE) ha bajado en junio en 98.317 personas en relaci\u00f3n al mes anterior. As\u00ed, la cifra total de parados registrados en el mes de junio se sit\u00faa en 3.362.811. Alcanza as\u00ed su nivel m\u00e1s bajo de los \u00faltimos 8 a\u00f1os.","inLanguage":"es-ES","isPartOf":{"@id":"https:\/\/candas365.es\/noticias\/#website"},"breadcrumb":{"@id":"https:\/\/candas365.es\/noticias\/el-numero-total-de-desempleados-se-situa-en-3-362-811\/#breadcrumblist"},"author":{"@id":"https:\/\/candas365.es\/noticias\/author\/admin\/#author"},"creator":{"@id":"https:\/\/candas365.es\/noticias\/author\/admin\/#author"},"image":{"@type":"ImageObject","url":"https:\/\/candas365.es\/noticias\/wp-content\/uploads\/2017\/07\/021216paro.jpg","@id":"https:\/\/candas365.es\/noticias\/el-numero-total-de-desempleados-se-situa-en-3-362-811\/#mainImage","width":496,"height":329},"primaryImageOfPage":{"@id":"https:\/\/candas365.es\/noticias\/el-numero-total-de-desempleados-se-situa-en-3-362-811\/#mainImage"},"datePublished":"2017-07-04T18:45:48+02:00","dateModified":"2017-07-04T18:45:48+02:00"},{"@type":"WebSite","@id":"https:\/\/candas365.es\/noticias\/#website","url":"https:\/\/candas365.es\/noticias\/","name":"Cand\u00e1s 365","alternateName":"Cand\u00e1s 365 Noticias","description":"Actualidad desde Carre\u00f1o para el mundo","inLanguage":"es-ES","publisher":{"@id":"https:\/\/candas365.es\/noticias\/#organization"}}]},"og:locale":"es_ES","og:site_name":"Cand\u00e1s 365","og:type":"article","og:title":"El n\u00famero total de desempleados se sit\u00faa en 3.362.811 | Cand\u00e1s 365","og:description":"El n\u00famero de parados registrados en las oficinas de los Servicios P\u00fablicos de Empleo Estatal (SEPE) ha bajado en junio en 98.317 personas en relaci\u00f3n al mes anterior. As\u00ed, la cifra total de parados registrados en el mes de junio se sit\u00faa en 3.362.811. Alcanza as\u00ed su nivel m\u00e1s bajo de los \u00faltimos 8 a\u00f1os.","og:url":"https:\/\/candas365.es\/noticias\/el-numero-total-de-desempleados-se-situa-en-3-362-811\/","og:image":"https:\/\/candas365.es\/noticias\/wp-content\/uploads\/2017\/07\/021216paro.jpg","og:image:secure_url":"https:\/\/candas365.es\/noticias\/wp-content\/uploads\/2017\/07\/021216paro.jpg","og:image:width":496,"og:image:height":329,"article:published_time":"2017-07-04T18:45:48+00:00","article:modified_time":"2017-07-04T18:45:48+00:00","article:publisher":"https:\/\/www.facebook.com\/Nachofdezber","article:author":"https:\/\/www.facebook.com\/carrenoactualidad","twitter:card":"summary_large_image","twitter:site":"@NabercoDigital","twitter:title":"El n\u00famero total de desempleados se sit\u00faa en 3.362.811 | Cand\u00e1s 365","twitter:description":"El n\u00famero de parados registrados en las oficinas de los Servicios P\u00fablicos de Empleo Estatal (SEPE) ha bajado en junio en 98.317 personas en relaci\u00f3n al mes anterior. As\u00ed, la cifra total de parados registrados en el mes de junio se sit\u00faa en 3.362.811. Alcanza as\u00ed su nivel m\u00e1s bajo de los \u00faltimos 8 a\u00f1os.","twitter:creator":"@nbasturias","twitter:image":"https:\/\/candas365.es\/noticias\/wp-content\/uploads\/2017\/07\/021216paro.jpg","twitter:label1":"Escrito por","twitter:data1":"Cand\u00e1s 365","twitter:label2":"Tiempo de lectura estimado","twitter:data2":"2 minutos"},"aioseo_meta_data":{"post_id":"75102","title":null,"description":null,"keywords":null,"keyphrases":null,"primary_term":null,"canonical_url":null,"og_title":null,"og_description":null,"og_object_type":"default","og_image_type":"default","og_image_url":null,"og_image_width":null,"og_image_height":null,"og_image_custom_url":null,"og_image_custom_fields":null,"og_video":null,"og_custom_url":null,"og_article_section":null,"og_article_tags":null,"twitter_use_og":false,"twitter_card":"default","twitter_image_type":"default","twitter_image_url":null,"twitter_image_custom_url":null,"twitter_image_custom_fields":null,"twitter_title":null,"twitter_description":null,"schema":{"blockGraphs":[],"customGraphs":[],"default":{"data":{"Article":[],"Course":[],"Dataset":[],"FAQPage":[],"Movie":[],"Person":[],"Product":[],"ProductReview":[],"Car":[],"Recipe":[],"Service":[],"SoftwareApplication":[],"WebPage":[]},"graphName":"","isEnabled":true},"graphs":[],"defaultGraph":"","defaultPostTypeGraph":""},"schema_type":null,"schema_type_options":null,"pillar_content":false,"robots_default":true,"robots_noindex":false,"robots_noarchive":false,"robots_nosnippet":false,"robots_nofollow":false,"robots_noimageindex":false,"robots_noodp":false,"robots_notranslate":false,"robots_max_snippet":null,"robots_max_videopreview":null,"robots_max_imagepreview":"large","priority":null,"frequency":null,"location":null,"local_seo":null,"seo_analyzer_scan_date":"2025-08-25 17:38:15","breadcrumb_settings":null,"limit_modified_date":false,"reviewed_by":null,"open_ai":null,"ai":null,"created":"2020-12-21 12:57:03","updated":"2025-08-25 17:38:15"},"aioseo_breadcrumb":"<div class=\"aioseo-breadcrumbs\"><span class=\"aioseo-breadcrumb\">\n\t<a href=\"https:\/\/candas365.es\/noticias\" title=\"Home\">Home<\/a>\n<\/span><span class=\"aioseo-breadcrumb-separator\">&ndash;<\/span><span class=\"aioseo-breadcrumb\">\n\t<a href=\"https:\/\/candas365.es\/noticias\/category\/actualidad\/\" title=\"Actualidad\">Actualidad<\/a>\n<\/span><span class=\"aioseo-breadcrumb-separator\">&ndash;<\/span><span class=\"aioseo-breadcrumb\">\n\tEl n\u00famero total de desempleados se sit\u00faa en 3.362.811\n<\/span><\/div>","aioseo_breadcrumb_json":[{"label":"Home","link":"https:\/\/candas365.es\/noticias"},{"label":"Actualidad","link":"https:\/\/candas365.es\/noticias\/category\/actualidad\/"},{"label":"El n\u00famero total de desempleados se sit\u00faa en 3.362.811","link":"https:\/\/candas365.es\/noticias\/el-numero-total-de-desempleados-se-situa-en-3-362-811\/"}],"_links":{"self":[{"href":"https:\/\/candas365.es\/noticias\/wp-json\/wp\/v2\/posts\/75102","targetHints":{"allow":["GET"]}}],"collection":[{"href":"https:\/\/candas365.es\/noticias\/wp-json\/wp\/v2\/posts"}],"about":[{"href":"https:\/\/candas365.es\/noticias\/wp-json\/wp\/v2\/types\/post"}],"author":[{"embeddable":true,"href":"https:\/\/candas365.es\/noticias\/wp-json\/wp\/v2\/users\/1"}],"replies":[{"embeddable":true,"href":"https:\/\/candas365.es\/noticias\/wp-json\/wp\/v2\/comments?post=75102"}],"version-history":[{"count":0,"href":"https:\/\/candas365.es\/noticias\/wp-json\/wp\/v2\/posts\/75102\/revisions"}],"wp:featuredmedia":[{"embeddable":true,"href":"https:\/\/candas365.es\/noticias\/wp-json\/wp\/v2\/media\/75103"}],"wp:attachment":[{"href":"https:\/\/candas365.es\/noticias\/wp-json\/wp\/v2\/media?parent=75102"}],"wp:term":[{"taxonomy":"category","embeddable":true,"href":"https:\/\/candas365.es\/noticias\/wp-json\/wp\/v2\/categories?post=75102"},{"taxonomy":"post_tag","embeddable":true,"href":"https:\/\/candas365.es\/noticias\/wp-json\/wp\/v2\/tags?post=75102"}],"curies":[{"name":"wp","href":"https:\/\/api.w.org\/{rel}","templated":true}]}}