{"id":7445,"date":"2015-02-20T14:58:32","date_gmt":"2015-02-20T16:58:32","guid":{"rendered":"http:\/\/candas365.es\/noticias\/?p=7445"},"modified":"2015-02-20T14:58:32","modified_gmt":"2015-02-20T16:58:32","slug":"alumnos-de-la-escuela-superior-de-arte-de-aviles-decoraran-los-espacios-del-area-de-pediatria-del-huca","status":"publish","type":"post","link":"https:\/\/candas365.es\/noticias\/alumnos-de-la-escuela-superior-de-arte-de-aviles-decoraran-los-espacios-del-area-de-pediatria-del-huca\/","title":{"rendered":"Alumnos de la Escuela Superior de Arte de Avil\u00e9s decorar\u00e1n los espacios del \u00e1rea de pediatr\u00eda del HUCA"},"content":{"rendered":"<p><img fetchpriority=\"high\" decoding=\"async\" class=\"alignleft size-medium wp-image-7446\" src=\"https:\/\/candas365.es\/noticias\/wp-content\/uploads\/2015\/02\/2015_02_20-Visita-al-HUCA-alumnos-Escuela-Arte-Aviles-360x202.jpg\" alt=\"2015_02_20 Visita al HUCA alumnos Escuela Arte Aviles\" width=\"360\" height=\"202\" srcset=\"https:\/\/candas365.es\/noticias\/wp-content\/uploads\/2015\/02\/2015_02_20-Visita-al-HUCA-alumnos-Escuela-Arte-Aviles-360x202.jpg 360w, https:\/\/candas365.es\/noticias\/wp-content\/uploads\/2015\/02\/2015_02_20-Visita-al-HUCA-alumnos-Escuela-Arte-Aviles-650x365.jpg 650w, https:\/\/candas365.es\/noticias\/wp-content\/uploads\/2015\/02\/2015_02_20-Visita-al-HUCA-alumnos-Escuela-Arte-Aviles-768x431.jpg 768w, https:\/\/candas365.es\/noticias\/wp-content\/uploads\/2015\/02\/2015_02_20-Visita-al-HUCA-alumnos-Escuela-Arte-Aviles-1536x862.jpg 1536w, https:\/\/candas365.es\/noticias\/wp-content\/uploads\/2015\/02\/2015_02_20-Visita-al-HUCA-alumnos-Escuela-Arte-Aviles-150x84.jpg 150w, https:\/\/candas365.es\/noticias\/wp-content\/uploads\/2015\/02\/2015_02_20-Visita-al-HUCA-alumnos-Escuela-Arte-Aviles-450x253.jpg 450w, https:\/\/candas365.es\/noticias\/wp-content\/uploads\/2015\/02\/2015_02_20-Visita-al-HUCA-alumnos-Escuela-Arte-Aviles-1200x674.jpg 1200w, https:\/\/candas365.es\/noticias\/wp-content\/uploads\/2015\/02\/2015_02_20-Visita-al-HUCA-alumnos-Escuela-Arte-Aviles-655x368.jpg 655w, https:\/\/candas365.es\/noticias\/wp-content\/uploads\/2015\/02\/2015_02_20-Visita-al-HUCA-alumnos-Escuela-Arte-Aviles-696x391.jpg 696w, https:\/\/candas365.es\/noticias\/wp-content\/uploads\/2015\/02\/2015_02_20-Visita-al-HUCA-alumnos-Escuela-Arte-Aviles-1068x599.jpg 1068w, https:\/\/candas365.es\/noticias\/wp-content\/uploads\/2015\/02\/2015_02_20-Visita-al-HUCA-alumnos-Escuela-Arte-Aviles-748x420.jpg 748w, https:\/\/candas365.es\/noticias\/wp-content\/uploads\/2015\/02\/2015_02_20-Visita-al-HUCA-alumnos-Escuela-Arte-Aviles-499x280.jpg 499w, https:\/\/candas365.es\/noticias\/wp-content\/uploads\/2015\/02\/2015_02_20-Visita-al-HUCA-alumnos-Escuela-Arte-Aviles.jpg 1632w\" sizes=\"(max-width: 360px) 100vw, 360px\" \/>Las consejer\u00edas de Sanidad y Educaci\u00f3n han alcanzado un acuerdo para que los alumnos del tercer curso de Dise\u00f1o Gr\u00e1fico de la Escuela Superior de Arte de Avil\u00e9s colaboren con el Hospital Universitario Central de Asturias (HUCA) en la humanizaci\u00f3n de los espacios del \u00e1rea de pediatr\u00eda para hacer m\u00e1s confortable la estancia de los menores y sus familias en el centro.<\/p>\n<p>Los estudiantes realizar\u00e1n dise\u00f1os para decorar \u00e1reas como la sala de espera, el hospital de d\u00eda o las unidades pedi\u00e1tricas de cuidados intensivos. Posteriormente, la empresa p\u00fablica Gispasa se encargar\u00e1 de ejecutarlos.<\/p>\n<p>El objetivo \u00faltimo de este proyecto conjunto es crear entornos m\u00e1s amables y acogedores mediante una actividad real que el centro educativo avilesino incluir\u00e1 en el contenido curricular de los estudiantes de dise\u00f1o.<\/p>\n<p>Los alumnos de la escuela han visitado hoy el hospital, donde han sido recibidos por el viceconsejero de Cultura y Deporte, Alejandro Calvo, y el director general de Salud P\u00fablica, Julio Bruno. Bruno ha se\u00f1alado que una de las peculiaridades del proyecto es que las propuestas deber\u00e1n centrarse en contenidos infantiles, pero tambi\u00e9n medioambientales y de salud p\u00fablica en un concepto amplio, puesto que se trata de zonas frecuentadas tambi\u00e9n por otros usuarios.<\/p>\n<p>El director m\u00e9dico del HUCA, Miguel Rodr\u00edguez, y el jefe del servicio de Obras de la Consejer\u00eda de Sanidad, Jes\u00fas Men\u00e9ndez, han explicado a los estudiantes que la concepci\u00f3n de los espacios del hospital persigue una simplificaci\u00f3n en cuanto a materiales, acabados y elementos gr\u00e1ficos, con el fin de organizar la complejidad de funciones y actividades que acoge. As\u00ed, el tratamiento visual de los sistemas constructivos del HUCA se caracteriza por peque\u00f1os elementos crom\u00e1ticos que cumplen la funci\u00f3n de orientar en el espacio a los usuarios, acabados unificados y cambios en el uso de materiales \u00fanicamente en espacios singulares.<\/p>\n<p>De acuerdo con esta l\u00f3gica arquitect\u00f3nica, para la elecci\u00f3n de los materiales los estudiantes deber\u00e1n valorar cuestiones como los soportes disponibles en cada una de las zonas, as\u00ed como la seguridad, la durabilidad o la facilidad de limpieza.<\/p>\n<p>Paneles, materiales y costes<\/p>\n<p>Los alumnos formar\u00e1n varios equipos que deber\u00e1n presentar a lo largo del trimestre paneles con simulaciones fotogr\u00e1ficas u otras im\u00e1genes a escala que permitan apreciar las propuestas en sus aspectos creativos y t\u00e9cnicos, una breve memoria de materiales, t\u00e9cnicas y sistemas de construcci\u00f3n de cara a la producci\u00f3n e instalaci\u00f3n, y una estimaci\u00f3n de los costes.<\/p>\n<p>Las propuestas ser\u00e1n valoradas por un jurado formado por siete miembros, cuatro pertenecientes a la Escuela Superior de Arte del Principado de Asturias, un profesional cualificado nombrado a propuesta del centro educativo y\/o los concursantes, y dos miembros seleccionados por la Consejer\u00eda de Sanidad.<\/p>\n","protected":false},"excerpt":{"rendered":"<p>Las consejer\u00edas de Sanidad y Educaci\u00f3n han alcanzado un acuerdo para que los alumnos del tercer curso de Dise\u00f1o Gr\u00e1fico de la Escuela Superior de Arte de Avil\u00e9s colaboren con el Hospital Universitario Central de Asturias (HUCA) en la humanizaci\u00f3n de los espacios del \u00e1rea de pediatr\u00eda para hacer m\u00e1s confortable la estancia de los<\/p>\n","protected":false},"author":1,"featured_media":7446,"comment_status":"open","ping_status":"closed","sticky":false,"template":"","format":"standard","meta":{"footnotes":""},"categories":[7],"tags":[],"class_list":{"0":"post-7445","1":"post","2":"type-post","3":"status-publish","4":"format-standard","5":"has-post-thumbnail","7":"category-asturias"},"aioseo_notices":[],"aioseo_head":"\n\t\t<!-- All in One SEO Pro 4.9.6.2 - aioseo.com -->\n\t<meta name=\"description\" content=\"Las consejer\u00edas de Sanidad y Educaci\u00f3n han alcanzado un acuerdo para que los alumnos del tercer curso de Dise\u00f1o Gr\u00e1fico de la Escuela Superior de Arte de Avil\u00e9s colaboren con el Hospital Universitario Central de Asturias (HUCA) en la humanizaci\u00f3n de los espacios del \u00e1rea de pediatr\u00eda para hacer m\u00e1s confortable la estancia de los\" \/>\n\t<meta name=\"robots\" content=\"max-image-preview:large\" \/>\n\t<meta name=\"author\" content=\"Cand\u00e1s 365\"\/>\n\t<meta name=\"google-site-verification\" content=\"UA-32230408-1\" \/>\n\t<meta name=\"msvalidate.01\" content=\"354F3CDFB2DA171B47FBE9ABF1F88D5\" \/>\n\t<meta name=\"keywords\" content=\"asturias\" \/>\n\t<link rel=\"canonical\" href=\"https:\/\/candas365.es\/noticias\/alumnos-de-la-escuela-superior-de-arte-de-aviles-decoraran-los-espacios-del-area-de-pediatria-del-huca\/\" \/>\n\t<meta name=\"generator\" content=\"All in One SEO Pro (AIOSEO) 4.9.6.2\" \/>\n\t\t<meta property=\"og:locale\" content=\"es_ES\" \/>\n\t\t<meta property=\"og:site_name\" content=\"Cand\u00e1s 365\" \/>\n\t\t<meta property=\"og:type\" content=\"article\" \/>\n\t\t<meta property=\"og:title\" content=\"Alumnos de la Escuela Superior de Arte de Avil\u00e9s decorar\u00e1n los espacios del \u00e1rea de pediatr\u00eda del HUCA | Cand\u00e1s 365\" \/>\n\t\t<meta property=\"og:description\" content=\"Las consejer\u00edas de Sanidad y Educaci\u00f3n han alcanzado un acuerdo para que los alumnos del tercer curso de Dise\u00f1o Gr\u00e1fico de la Escuela Superior de Arte de Avil\u00e9s colaboren con el Hospital Universitario Central de Asturias (HUCA) en la humanizaci\u00f3n de los espacios del \u00e1rea de pediatr\u00eda para hacer m\u00e1s confortable la estancia de los\" \/>\n\t\t<meta property=\"og:url\" content=\"https:\/\/candas365.es\/noticias\/alumnos-de-la-escuela-superior-de-arte-de-aviles-decoraran-los-espacios-del-area-de-pediatria-del-huca\/\" \/>\n\t\t<meta property=\"og:image\" content=\"https:\/\/candas365.es\/noticias\/wp-content\/uploads\/2015\/02\/2015_02_20-Visita-al-HUCA-alumnos-Escuela-Arte-Aviles.jpg\" \/>\n\t\t<meta property=\"og:image:secure_url\" content=\"https:\/\/candas365.es\/noticias\/wp-content\/uploads\/2015\/02\/2015_02_20-Visita-al-HUCA-alumnos-Escuela-Arte-Aviles.jpg\" \/>\n\t\t<meta property=\"og:image:width\" content=\"1632\" \/>\n\t\t<meta property=\"og:image:height\" content=\"916\" \/>\n\t\t<meta property=\"article:published_time\" content=\"2015-02-20T16:58:32+00:00\" \/>\n\t\t<meta property=\"article:modified_time\" content=\"2015-02-20T16:58:32+00:00\" \/>\n\t\t<meta property=\"article:publisher\" content=\"https:\/\/www.facebook.com\/Nachofdezber\" \/>\n\t\t<meta property=\"article:author\" content=\"https:\/\/www.facebook.com\/carrenoactualidad\" \/>\n\t\t<meta name=\"twitter:card\" content=\"summary_large_image\" \/>\n\t\t<meta name=\"twitter:site\" content=\"@NabercoDigital\" \/>\n\t\t<meta name=\"twitter:title\" content=\"Alumnos de la Escuela Superior de Arte de Avil\u00e9s decorar\u00e1n los espacios del \u00e1rea de pediatr\u00eda del HUCA | Cand\u00e1s 365\" \/>\n\t\t<meta name=\"twitter:description\" content=\"Las consejer\u00edas de Sanidad y Educaci\u00f3n han alcanzado un acuerdo para que los alumnos del tercer curso de Dise\u00f1o Gr\u00e1fico de la Escuela Superior de Arte de Avil\u00e9s colaboren con el Hospital Universitario Central de Asturias (HUCA) en la humanizaci\u00f3n de los espacios del \u00e1rea de pediatr\u00eda para hacer m\u00e1s confortable la estancia de los\" \/>\n\t\t<meta name=\"twitter:creator\" content=\"@nbasturias\" \/>\n\t\t<meta name=\"twitter:image\" content=\"https:\/\/candas365.es\/noticias\/wp-content\/uploads\/2015\/02\/2015_02_20-Visita-al-HUCA-alumnos-Escuela-Arte-Aviles.jpg\" \/>\n\t\t<meta name=\"twitter:label1\" content=\"Escrito por\" \/>\n\t\t<meta name=\"twitter:data1\" content=\"Cand\u00e1s 365\" \/>\n\t\t<meta name=\"twitter:label2\" content=\"Tiempo de lectura estimado\" \/>\n\t\t<meta name=\"twitter:data2\" content=\"2 minutos\" \/>\n\t\t<script type=\"application\/ld+json\" class=\"aioseo-schema\">\n\t\t\t{\"@context\":\"https:\\\/\\\/schema.org\",\"@graph\":[{\"@type\":\"BreadcrumbList\",\"@id\":\"https:\\\/\\\/candas365.es\\\/noticias\\\/alumnos-de-la-escuela-superior-de-arte-de-aviles-decoraran-los-espacios-del-area-de-pediatria-del-huca\\\/#breadcrumblist\",\"itemListElement\":[{\"@type\":\"ListItem\",\"@id\":\"https:\\\/\\\/candas365.es\\\/noticias#listItem\",\"position\":1,\"name\":\"Home\",\"item\":\"https:\\\/\\\/candas365.es\\\/noticias\",\"nextItem\":{\"@type\":\"ListItem\",\"@id\":\"https:\\\/\\\/candas365.es\\\/noticias\\\/category\\\/asturias\\\/#listItem\",\"name\":\"Asturias\"}},{\"@type\":\"ListItem\",\"@id\":\"https:\\\/\\\/candas365.es\\\/noticias\\\/category\\\/asturias\\\/#listItem\",\"position\":2,\"name\":\"Asturias\",\"item\":\"https:\\\/\\\/candas365.es\\\/noticias\\\/category\\\/asturias\\\/\",\"nextItem\":{\"@type\":\"ListItem\",\"@id\":\"https:\\\/\\\/candas365.es\\\/noticias\\\/alumnos-de-la-escuela-superior-de-arte-de-aviles-decoraran-los-espacios-del-area-de-pediatria-del-huca\\\/#listItem\",\"name\":\"Alumnos de la Escuela Superior de Arte de Avil\\u00e9s decorar\\u00e1n los espacios del \\u00e1rea de pediatr\\u00eda del HUCA\"},\"previousItem\":{\"@type\":\"ListItem\",\"@id\":\"https:\\\/\\\/candas365.es\\\/noticias#listItem\",\"name\":\"Home\"}},{\"@type\":\"ListItem\",\"@id\":\"https:\\\/\\\/candas365.es\\\/noticias\\\/alumnos-de-la-escuela-superior-de-arte-de-aviles-decoraran-los-espacios-del-area-de-pediatria-del-huca\\\/#listItem\",\"position\":3,\"name\":\"Alumnos de la Escuela Superior de Arte de Avil\\u00e9s decorar\\u00e1n los espacios del \\u00e1rea de pediatr\\u00eda del HUCA\",\"previousItem\":{\"@type\":\"ListItem\",\"@id\":\"https:\\\/\\\/candas365.es\\\/noticias\\\/category\\\/asturias\\\/#listItem\",\"name\":\"Asturias\"}}]},{\"@type\":\"NewsArticle\",\"@id\":\"https:\\\/\\\/candas365.es\\\/noticias\\\/alumnos-de-la-escuela-superior-de-arte-de-aviles-decoraran-los-espacios-del-area-de-pediatria-del-huca\\\/#newsarticle\",\"name\":\"Alumnos de la Escuela Superior de Arte de Avil\\u00e9s decorar\\u00e1n los espacios del \\u00e1rea de pediatr\\u00eda del HUCA | Cand\\u00e1s 365\",\"headline\":\"Alumnos de la Escuela Superior de Arte de Avil\\u00e9s decorar\\u00e1n los espacios del \\u00e1rea de pediatr\\u00eda del HUCA\",\"author\":{\"@id\":\"https:\\\/\\\/candas365.es\\\/noticias\\\/author\\\/admin\\\/#author\"},\"publisher\":{\"@id\":\"https:\\\/\\\/candas365.es\\\/noticias\\\/#organization\"},\"image\":{\"@type\":\"ImageObject\",\"url\":\"https:\\\/\\\/candas365.es\\\/noticias\\\/wp-content\\\/uploads\\\/2015\\\/02\\\/2015_02_20-Visita-al-HUCA-alumnos-Escuela-Arte-Aviles.jpg\",\"width\":1632,\"height\":916},\"datePublished\":\"2015-02-20T14:58:32+01:00\",\"dateModified\":\"2015-02-20T14:58:32+01:00\",\"inLanguage\":\"es-ES\",\"mainEntityOfPage\":{\"@id\":\"https:\\\/\\\/candas365.es\\\/noticias\\\/alumnos-de-la-escuela-superior-de-arte-de-aviles-decoraran-los-espacios-del-area-de-pediatria-del-huca\\\/#webpage\"},\"isPartOf\":{\"@id\":\"https:\\\/\\\/candas365.es\\\/noticias\\\/alumnos-de-la-escuela-superior-de-arte-de-aviles-decoraran-los-espacios-del-area-de-pediatria-del-huca\\\/#webpage\"},\"articleSection\":\"Asturias\",\"dateline\":\"Publicado el febrero 20, 2015.\"},{\"@type\":\"Organization\",\"@id\":\"https:\\\/\\\/candas365.es\\\/noticias\\\/#organization\",\"name\":\"Cand\\u00e1s 365\",\"description\":\"Cand\\u00e1s 365 es un diario digital independiente, fundado en 2012, con base en Asturias. Informamos con rigor sobre actualidad, sociedad, cultura y ocio, con una mirada local y global.\",\"url\":\"https:\\\/\\\/candas365.es\\\/noticias\\\/\",\"email\":\"info@candas365.es\",\"telephone\":\"+34652131393\",\"foundingDate\":\"2012-06-10\",\"logo\":{\"@type\":\"ImageObject\",\"url\":\"https:\\\/\\\/candas365.es\\\/noticias\\\/wp-content\\\/uploads\\\/2024\\\/09\\\/Candas-365-Redes.jpg\",\"@id\":\"https:\\\/\\\/candas365.es\\\/noticias\\\/alumnos-de-la-escuela-superior-de-arte-de-aviles-decoraran-los-espacios-del-area-de-pediatria-del-huca\\\/#organizationLogo\",\"width\":1152,\"height\":864,\"caption\":\"Cand\\u00e1s 365 Redes\"},\"image\":{\"@id\":\"https:\\\/\\\/candas365.es\\\/noticias\\\/alumnos-de-la-escuela-superior-de-arte-de-aviles-decoraran-los-espacios-del-area-de-pediatria-del-huca\\\/#organizationLogo\"},\"sameAs\":[\"https:\\\/\\\/www.facebook.com\\\/Nachofdezber\",\"https:\\\/\\\/x.com\\\/NabercoDigital\",\"https:\\\/\\\/www.instagram.com\\\/nachofdezber\\\/\",\"https:\\\/\\\/www.youtube.com\\\/channel\\\/UCZP-2wLEB9Rv6erhFmqVnvg\"],\"address\":{\"@id\":\"https:\\\/\\\/candas365.es\\\/noticias\\\/#postaladdress\",\"@type\":\"PostalAddress\",\"streetAddress\":\"san antonio 4, san antonio 4\",\"postalCode\":\"33430\",\"addressLocality\":\"Cand\\u00e1s\",\"addressRegion\":\"Asturias\",\"addressCountry\":\"ES\"}},{\"@type\":\"Person\",\"@id\":\"https:\\\/\\\/candas365.es\\\/noticias\\\/author\\\/admin\\\/#author\",\"url\":\"https:\\\/\\\/candas365.es\\\/noticias\\\/author\\\/admin\\\/\",\"name\":\"Cand\\u00e1s 365\",\"image\":{\"@type\":\"ImageObject\",\"@id\":\"https:\\\/\\\/candas365.es\\\/noticias\\\/alumnos-de-la-escuela-superior-de-arte-de-aviles-decoraran-los-espacios-del-area-de-pediatria-del-huca\\\/#authorImage\",\"url\":\"https:\\\/\\\/secure.gravatar.com\\\/avatar\\\/496a8e03d0c493ede1718b7934145dbdf8d89be1036b0eec9544e1094c9de390?s=96&d=mm&r=g\",\"width\":96,\"height\":96,\"caption\":\"Cand\\u00e1s 365\"},\"sameAs\":[\"https:\\\/\\\/www.facebook.com\\\/carrenoactualidad\",\"https:\\\/\\\/twitter.com\\\/nbasturias\",\"https:\\\/\\\/www.instagram.com\\\/nachofdezber\\\/\",\"https:\\\/\\\/www.youtube.com\\\/channel\\\/UCZP-2wLEB9Rv6erhFmqVnvg\"]},{\"@type\":\"WebPage\",\"@id\":\"https:\\\/\\\/candas365.es\\\/noticias\\\/alumnos-de-la-escuela-superior-de-arte-de-aviles-decoraran-los-espacios-del-area-de-pediatria-del-huca\\\/#webpage\",\"url\":\"https:\\\/\\\/candas365.es\\\/noticias\\\/alumnos-de-la-escuela-superior-de-arte-de-aviles-decoraran-los-espacios-del-area-de-pediatria-del-huca\\\/\",\"name\":\"Alumnos de la Escuela Superior de Arte de Avil\\u00e9s decorar\\u00e1n los espacios del \\u00e1rea de pediatr\\u00eda del HUCA | Cand\\u00e1s 365\",\"description\":\"Las consejer\\u00edas de Sanidad y Educaci\\u00f3n han alcanzado un acuerdo para que los alumnos del tercer curso de Dise\\u00f1o Gr\\u00e1fico de la Escuela Superior de Arte de Avil\\u00e9s colaboren con el Hospital Universitario Central de Asturias (HUCA) en la humanizaci\\u00f3n de los espacios del \\u00e1rea de pediatr\\u00eda para hacer m\\u00e1s confortable la estancia de los\",\"inLanguage\":\"es-ES\",\"isPartOf\":{\"@id\":\"https:\\\/\\\/candas365.es\\\/noticias\\\/#website\"},\"breadcrumb\":{\"@id\":\"https:\\\/\\\/candas365.es\\\/noticias\\\/alumnos-de-la-escuela-superior-de-arte-de-aviles-decoraran-los-espacios-del-area-de-pediatria-del-huca\\\/#breadcrumblist\"},\"author\":{\"@id\":\"https:\\\/\\\/candas365.es\\\/noticias\\\/author\\\/admin\\\/#author\"},\"creator\":{\"@id\":\"https:\\\/\\\/candas365.es\\\/noticias\\\/author\\\/admin\\\/#author\"},\"image\":{\"@type\":\"ImageObject\",\"url\":\"https:\\\/\\\/candas365.es\\\/noticias\\\/wp-content\\\/uploads\\\/2015\\\/02\\\/2015_02_20-Visita-al-HUCA-alumnos-Escuela-Arte-Aviles.jpg\",\"@id\":\"https:\\\/\\\/candas365.es\\\/noticias\\\/alumnos-de-la-escuela-superior-de-arte-de-aviles-decoraran-los-espacios-del-area-de-pediatria-del-huca\\\/#mainImage\",\"width\":1632,\"height\":916},\"primaryImageOfPage\":{\"@id\":\"https:\\\/\\\/candas365.es\\\/noticias\\\/alumnos-de-la-escuela-superior-de-arte-de-aviles-decoraran-los-espacios-del-area-de-pediatria-del-huca\\\/#mainImage\"},\"datePublished\":\"2015-02-20T14:58:32+01:00\",\"dateModified\":\"2015-02-20T14:58:32+01:00\"},{\"@type\":\"WebSite\",\"@id\":\"https:\\\/\\\/candas365.es\\\/noticias\\\/#website\",\"url\":\"https:\\\/\\\/candas365.es\\\/noticias\\\/\",\"name\":\"Cand\\u00e1s 365\",\"alternateName\":\"Cand\\u00e1s 365 Noticias\",\"description\":\"Actualidad desde Carre\\u00f1o para el mundo\",\"inLanguage\":\"es-ES\",\"publisher\":{\"@id\":\"https:\\\/\\\/candas365.es\\\/noticias\\\/#organization\"}}]}\n\t\t<\/script>\n\t\t<!-- All in One SEO Pro -->\r\n\t\t<title>Alumnos de la Escuela Superior de Arte de Avil\u00e9s decorar\u00e1n los espacios del \u00e1rea de pediatr\u00eda del HUCA | Cand\u00e1s 365<\/title>\n\n","aioseo_head_json":{"title":"Alumnos de la Escuela Superior de Arte de Avil\u00e9s decorar\u00e1n los espacios del \u00e1rea de pediatr\u00eda del HUCA | Cand\u00e1s 365","description":"Las consejer\u00edas de Sanidad y Educaci\u00f3n han alcanzado un acuerdo para que los alumnos del tercer curso de Dise\u00f1o Gr\u00e1fico de la Escuela Superior de Arte de Avil\u00e9s colaboren con el Hospital Universitario Central de Asturias (HUCA) en la humanizaci\u00f3n de los espacios del \u00e1rea de pediatr\u00eda para hacer m\u00e1s confortable la estancia de los","canonical_url":"https:\/\/candas365.es\/noticias\/alumnos-de-la-escuela-superior-de-arte-de-aviles-decoraran-los-espacios-del-area-de-pediatria-del-huca\/","robots":"max-image-preview:large","keywords":"asturias","webmasterTools":{"google-site-verification":"UA-32230408-1","msvalidate.01":"354F3CDFB2DA171B47FBE9ABF1F88D5","miscellaneous":""},"schema":{"@context":"https:\/\/schema.org","@graph":[{"@type":"BreadcrumbList","@id":"https:\/\/candas365.es\/noticias\/alumnos-de-la-escuela-superior-de-arte-de-aviles-decoraran-los-espacios-del-area-de-pediatria-del-huca\/#breadcrumblist","itemListElement":[{"@type":"ListItem","@id":"https:\/\/candas365.es\/noticias#listItem","position":1,"name":"Home","item":"https:\/\/candas365.es\/noticias","nextItem":{"@type":"ListItem","@id":"https:\/\/candas365.es\/noticias\/category\/asturias\/#listItem","name":"Asturias"}},{"@type":"ListItem","@id":"https:\/\/candas365.es\/noticias\/category\/asturias\/#listItem","position":2,"name":"Asturias","item":"https:\/\/candas365.es\/noticias\/category\/asturias\/","nextItem":{"@type":"ListItem","@id":"https:\/\/candas365.es\/noticias\/alumnos-de-la-escuela-superior-de-arte-de-aviles-decoraran-los-espacios-del-area-de-pediatria-del-huca\/#listItem","name":"Alumnos de la Escuela Superior de Arte de Avil\u00e9s decorar\u00e1n los espacios del \u00e1rea de pediatr\u00eda del HUCA"},"previousItem":{"@type":"ListItem","@id":"https:\/\/candas365.es\/noticias#listItem","name":"Home"}},{"@type":"ListItem","@id":"https:\/\/candas365.es\/noticias\/alumnos-de-la-escuela-superior-de-arte-de-aviles-decoraran-los-espacios-del-area-de-pediatria-del-huca\/#listItem","position":3,"name":"Alumnos de la Escuela Superior de Arte de Avil\u00e9s decorar\u00e1n los espacios del \u00e1rea de pediatr\u00eda del HUCA","previousItem":{"@type":"ListItem","@id":"https:\/\/candas365.es\/noticias\/category\/asturias\/#listItem","name":"Asturias"}}]},{"@type":"NewsArticle","@id":"https:\/\/candas365.es\/noticias\/alumnos-de-la-escuela-superior-de-arte-de-aviles-decoraran-los-espacios-del-area-de-pediatria-del-huca\/#newsarticle","name":"Alumnos de la Escuela Superior de Arte de Avil\u00e9s decorar\u00e1n los espacios del \u00e1rea de pediatr\u00eda del HUCA | Cand\u00e1s 365","headline":"Alumnos de la Escuela Superior de Arte de Avil\u00e9s decorar\u00e1n los espacios del \u00e1rea de pediatr\u00eda del HUCA","author":{"@id":"https:\/\/candas365.es\/noticias\/author\/admin\/#author"},"publisher":{"@id":"https:\/\/candas365.es\/noticias\/#organization"},"image":{"@type":"ImageObject","url":"https:\/\/candas365.es\/noticias\/wp-content\/uploads\/2015\/02\/2015_02_20-Visita-al-HUCA-alumnos-Escuela-Arte-Aviles.jpg","width":1632,"height":916},"datePublished":"2015-02-20T14:58:32+01:00","dateModified":"2015-02-20T14:58:32+01:00","inLanguage":"es-ES","mainEntityOfPage":{"@id":"https:\/\/candas365.es\/noticias\/alumnos-de-la-escuela-superior-de-arte-de-aviles-decoraran-los-espacios-del-area-de-pediatria-del-huca\/#webpage"},"isPartOf":{"@id":"https:\/\/candas365.es\/noticias\/alumnos-de-la-escuela-superior-de-arte-de-aviles-decoraran-los-espacios-del-area-de-pediatria-del-huca\/#webpage"},"articleSection":"Asturias","dateline":"Publicado el febrero 20, 2015."},{"@type":"Organization","@id":"https:\/\/candas365.es\/noticias\/#organization","name":"Cand\u00e1s 365","description":"Cand\u00e1s 365 es un diario digital independiente, fundado en 2012, con base en Asturias. Informamos con rigor sobre actualidad, sociedad, cultura y ocio, con una mirada local y global.","url":"https:\/\/candas365.es\/noticias\/","email":"info@candas365.es","telephone":"+34652131393","foundingDate":"2012-06-10","logo":{"@type":"ImageObject","url":"https:\/\/candas365.es\/noticias\/wp-content\/uploads\/2024\/09\/Candas-365-Redes.jpg","@id":"https:\/\/candas365.es\/noticias\/alumnos-de-la-escuela-superior-de-arte-de-aviles-decoraran-los-espacios-del-area-de-pediatria-del-huca\/#organizationLogo","width":1152,"height":864,"caption":"Cand\u00e1s 365 Redes"},"image":{"@id":"https:\/\/candas365.es\/noticias\/alumnos-de-la-escuela-superior-de-arte-de-aviles-decoraran-los-espacios-del-area-de-pediatria-del-huca\/#organizationLogo"},"sameAs":["https:\/\/www.facebook.com\/Nachofdezber","https:\/\/x.com\/NabercoDigital","https:\/\/www.instagram.com\/nachofdezber\/","https:\/\/www.youtube.com\/channel\/UCZP-2wLEB9Rv6erhFmqVnvg"],"address":{"@id":"https:\/\/candas365.es\/noticias\/#postaladdress","@type":"PostalAddress","streetAddress":"san antonio 4, san antonio 4","postalCode":"33430","addressLocality":"Cand\u00e1s","addressRegion":"Asturias","addressCountry":"ES"}},{"@type":"Person","@id":"https:\/\/candas365.es\/noticias\/author\/admin\/#author","url":"https:\/\/candas365.es\/noticias\/author\/admin\/","name":"Cand\u00e1s 365","image":{"@type":"ImageObject","@id":"https:\/\/candas365.es\/noticias\/alumnos-de-la-escuela-superior-de-arte-de-aviles-decoraran-los-espacios-del-area-de-pediatria-del-huca\/#authorImage","url":"https:\/\/secure.gravatar.com\/avatar\/496a8e03d0c493ede1718b7934145dbdf8d89be1036b0eec9544e1094c9de390?s=96&d=mm&r=g","width":96,"height":96,"caption":"Cand\u00e1s 365"},"sameAs":["https:\/\/www.facebook.com\/carrenoactualidad","https:\/\/twitter.com\/nbasturias","https:\/\/www.instagram.com\/nachofdezber\/","https:\/\/www.youtube.com\/channel\/UCZP-2wLEB9Rv6erhFmqVnvg"]},{"@type":"WebPage","@id":"https:\/\/candas365.es\/noticias\/alumnos-de-la-escuela-superior-de-arte-de-aviles-decoraran-los-espacios-del-area-de-pediatria-del-huca\/#webpage","url":"https:\/\/candas365.es\/noticias\/alumnos-de-la-escuela-superior-de-arte-de-aviles-decoraran-los-espacios-del-area-de-pediatria-del-huca\/","name":"Alumnos de la Escuela Superior de Arte de Avil\u00e9s decorar\u00e1n los espacios del \u00e1rea de pediatr\u00eda del HUCA | Cand\u00e1s 365","description":"Las consejer\u00edas de Sanidad y Educaci\u00f3n han alcanzado un acuerdo para que los alumnos del tercer curso de Dise\u00f1o Gr\u00e1fico de la Escuela Superior de Arte de Avil\u00e9s colaboren con el Hospital Universitario Central de Asturias (HUCA) en la humanizaci\u00f3n de los espacios del \u00e1rea de pediatr\u00eda para hacer m\u00e1s confortable la estancia de los","inLanguage":"es-ES","isPartOf":{"@id":"https:\/\/candas365.es\/noticias\/#website"},"breadcrumb":{"@id":"https:\/\/candas365.es\/noticias\/alumnos-de-la-escuela-superior-de-arte-de-aviles-decoraran-los-espacios-del-area-de-pediatria-del-huca\/#breadcrumblist"},"author":{"@id":"https:\/\/candas365.es\/noticias\/author\/admin\/#author"},"creator":{"@id":"https:\/\/candas365.es\/noticias\/author\/admin\/#author"},"image":{"@type":"ImageObject","url":"https:\/\/candas365.es\/noticias\/wp-content\/uploads\/2015\/02\/2015_02_20-Visita-al-HUCA-alumnos-Escuela-Arte-Aviles.jpg","@id":"https:\/\/candas365.es\/noticias\/alumnos-de-la-escuela-superior-de-arte-de-aviles-decoraran-los-espacios-del-area-de-pediatria-del-huca\/#mainImage","width":1632,"height":916},"primaryImageOfPage":{"@id":"https:\/\/candas365.es\/noticias\/alumnos-de-la-escuela-superior-de-arte-de-aviles-decoraran-los-espacios-del-area-de-pediatria-del-huca\/#mainImage"},"datePublished":"2015-02-20T14:58:32+01:00","dateModified":"2015-02-20T14:58:32+01:00"},{"@type":"WebSite","@id":"https:\/\/candas365.es\/noticias\/#website","url":"https:\/\/candas365.es\/noticias\/","name":"Cand\u00e1s 365","alternateName":"Cand\u00e1s 365 Noticias","description":"Actualidad desde Carre\u00f1o para el mundo","inLanguage":"es-ES","publisher":{"@id":"https:\/\/candas365.es\/noticias\/#organization"}}]},"og:locale":"es_ES","og:site_name":"Cand\u00e1s 365","og:type":"article","og:title":"Alumnos de la Escuela Superior de Arte de Avil\u00e9s decorar\u00e1n los espacios del \u00e1rea de pediatr\u00eda del HUCA | Cand\u00e1s 365","og:description":"Las consejer\u00edas de Sanidad y Educaci\u00f3n han alcanzado un acuerdo para que los alumnos del tercer curso de Dise\u00f1o Gr\u00e1fico de la Escuela Superior de Arte de Avil\u00e9s colaboren con el Hospital Universitario Central de Asturias (HUCA) en la humanizaci\u00f3n de los espacios del \u00e1rea de pediatr\u00eda para hacer m\u00e1s confortable la estancia de los","og:url":"https:\/\/candas365.es\/noticias\/alumnos-de-la-escuela-superior-de-arte-de-aviles-decoraran-los-espacios-del-area-de-pediatria-del-huca\/","og:image":"https:\/\/candas365.es\/noticias\/wp-content\/uploads\/2015\/02\/2015_02_20-Visita-al-HUCA-alumnos-Escuela-Arte-Aviles.jpg","og:image:secure_url":"https:\/\/candas365.es\/noticias\/wp-content\/uploads\/2015\/02\/2015_02_20-Visita-al-HUCA-alumnos-Escuela-Arte-Aviles.jpg","og:image:width":1632,"og:image:height":916,"article:published_time":"2015-02-20T16:58:32+00:00","article:modified_time":"2015-02-20T16:58:32+00:00","article:publisher":"https:\/\/www.facebook.com\/Nachofdezber","article:author":"https:\/\/www.facebook.com\/carrenoactualidad","twitter:card":"summary_large_image","twitter:site":"@NabercoDigital","twitter:title":"Alumnos de la Escuela Superior de Arte de Avil\u00e9s decorar\u00e1n los espacios del \u00e1rea de pediatr\u00eda del HUCA | Cand\u00e1s 365","twitter:description":"Las consejer\u00edas de Sanidad y Educaci\u00f3n han alcanzado un acuerdo para que los alumnos del tercer curso de Dise\u00f1o Gr\u00e1fico de la Escuela Superior de Arte de Avil\u00e9s colaboren con el Hospital Universitario Central de Asturias (HUCA) en la humanizaci\u00f3n de los espacios del \u00e1rea de pediatr\u00eda para hacer m\u00e1s confortable la estancia de los","twitter:creator":"@nbasturias","twitter:image":"https:\/\/candas365.es\/noticias\/wp-content\/uploads\/2015\/02\/2015_02_20-Visita-al-HUCA-alumnos-Escuela-Arte-Aviles.jpg","twitter:label1":"Escrito por","twitter:data1":"Cand\u00e1s 365","twitter:label2":"Tiempo de lectura estimado","twitter:data2":"2 minutos"},"aioseo_meta_data":{"post_id":"7445","title":null,"description":null,"keywords":null,"keyphrases":null,"primary_term":null,"canonical_url":null,"og_title":null,"og_description":null,"og_object_type":"default","og_image_type":"default","og_image_url":null,"og_image_width":null,"og_image_height":null,"og_image_custom_url":null,"og_image_custom_fields":null,"og_video":null,"og_custom_url":null,"og_article_section":null,"og_article_tags":null,"twitter_use_og":false,"twitter_card":"default","twitter_image_type":"default","twitter_image_url":null,"twitter_image_custom_url":null,"twitter_image_custom_fields":null,"twitter_title":null,"twitter_description":null,"schema":{"blockGraphs":[],"customGraphs":[],"default":{"data":{"Article":[],"Course":[],"Dataset":[],"FAQPage":[],"Movie":[],"Person":[],"Product":[],"ProductReview":[],"Car":[],"Recipe":[],"Service":[],"SoftwareApplication":[],"WebPage":[]},"graphName":"","isEnabled":true},"graphs":[],"defaultGraph":"","defaultPostTypeGraph":""},"schema_type":null,"schema_type_options":null,"pillar_content":false,"robots_default":true,"robots_noindex":false,"robots_noarchive":false,"robots_nosnippet":false,"robots_nofollow":false,"robots_noimageindex":false,"robots_noodp":false,"robots_notranslate":false,"robots_max_snippet":null,"robots_max_videopreview":null,"robots_max_imagepreview":"large","priority":null,"frequency":null,"location":null,"local_seo":null,"seo_analyzer_scan_date":"2025-08-23 05:25:13","breadcrumb_settings":null,"limit_modified_date":false,"reviewed_by":null,"open_ai":null,"ai":null,"created":"2020-12-21 10:55:28","updated":"2025-08-23 05:25:13"},"aioseo_breadcrumb":"<div class=\"aioseo-breadcrumbs\"><span class=\"aioseo-breadcrumb\">\n\t<a href=\"https:\/\/candas365.es\/noticias\" title=\"Home\">Home<\/a>\n<\/span><span class=\"aioseo-breadcrumb-separator\">&ndash;<\/span><span class=\"aioseo-breadcrumb\">\n\t<a href=\"https:\/\/candas365.es\/noticias\/category\/asturias\/\" title=\"Asturias\">Asturias<\/a>\n<\/span><span class=\"aioseo-breadcrumb-separator\">&ndash;<\/span><span class=\"aioseo-breadcrumb\">\n\tAlumnos de la Escuela Superior de Arte de Avil\u00e9s decorar\u00e1n los espacios del \u00e1rea de pediatr\u00eda del HUCA\n<\/span><\/div>","aioseo_breadcrumb_json":[{"label":"Home","link":"https:\/\/candas365.es\/noticias"},{"label":"Asturias","link":"https:\/\/candas365.es\/noticias\/category\/asturias\/"},{"label":"Alumnos de la Escuela Superior de Arte de Avil\u00e9s decorar\u00e1n los espacios del \u00e1rea de pediatr\u00eda del HUCA","link":"https:\/\/candas365.es\/noticias\/alumnos-de-la-escuela-superior-de-arte-de-aviles-decoraran-los-espacios-del-area-de-pediatria-del-huca\/"}],"_links":{"self":[{"href":"https:\/\/candas365.es\/noticias\/wp-json\/wp\/v2\/posts\/7445","targetHints":{"allow":["GET"]}}],"collection":[{"href":"https:\/\/candas365.es\/noticias\/wp-json\/wp\/v2\/posts"}],"about":[{"href":"https:\/\/candas365.es\/noticias\/wp-json\/wp\/v2\/types\/post"}],"author":[{"embeddable":true,"href":"https:\/\/candas365.es\/noticias\/wp-json\/wp\/v2\/users\/1"}],"replies":[{"embeddable":true,"href":"https:\/\/candas365.es\/noticias\/wp-json\/wp\/v2\/comments?post=7445"}],"version-history":[{"count":0,"href":"https:\/\/candas365.es\/noticias\/wp-json\/wp\/v2\/posts\/7445\/revisions"}],"wp:featuredmedia":[{"embeddable":true,"href":"https:\/\/candas365.es\/noticias\/wp-json\/wp\/v2\/media\/7446"}],"wp:attachment":[{"href":"https:\/\/candas365.es\/noticias\/wp-json\/wp\/v2\/media?parent=7445"}],"wp:term":[{"taxonomy":"category","embeddable":true,"href":"https:\/\/candas365.es\/noticias\/wp-json\/wp\/v2\/categories?post=7445"},{"taxonomy":"post_tag","embeddable":true,"href":"https:\/\/candas365.es\/noticias\/wp-json\/wp\/v2\/tags?post=7445"}],"curies":[{"name":"wp","href":"https:\/\/api.w.org\/{rel}","templated":true}]}}