{"id":7442,"date":"2015-02-19T15:31:19","date_gmt":"2015-02-19T17:31:19","guid":{"rendered":"http:\/\/candas365.es\/noticias\/?p=7442"},"modified":"2015-02-19T15:31:19","modified_gmt":"2015-02-19T17:31:19","slug":"el-principado-presenta-la-oferta-turistica-asturiana-en-estocolmo","status":"publish","type":"post","link":"https:\/\/candas365.es\/noticias\/el-principado-presenta-la-oferta-turistica-asturiana-en-estocolmo\/","title":{"rendered":"El Principado presenta la oferta tur\u00edstica asturiana en Estocolmo"},"content":{"rendered":"<p><img fetchpriority=\"high\" decoding=\"async\" class=\"alignleft size-medium wp-image-7443\" src=\"https:\/\/candas365.es\/noticias\/wp-content\/uploads\/2015\/02\/2015_02_19-consejero-estocolmo-1-360x270.jpg\" alt=\"2015_02_19 consejero estocolmo 1\" width=\"360\" height=\"270\" srcset=\"https:\/\/candas365.es\/noticias\/wp-content\/uploads\/2015\/02\/2015_02_19-consejero-estocolmo-1-360x270.jpg 360w, https:\/\/candas365.es\/noticias\/wp-content\/uploads\/2015\/02\/2015_02_19-consejero-estocolmo-1-640x480.jpg 640w, https:\/\/candas365.es\/noticias\/wp-content\/uploads\/2015\/02\/2015_02_19-consejero-estocolmo-1-768x576.jpg 768w, https:\/\/candas365.es\/noticias\/wp-content\/uploads\/2015\/02\/2015_02_19-consejero-estocolmo-1-1536x1152.jpg 1536w, https:\/\/candas365.es\/noticias\/wp-content\/uploads\/2015\/02\/2015_02_19-consejero-estocolmo-1-2048x1536.jpg 2048w, https:\/\/candas365.es\/noticias\/wp-content\/uploads\/2015\/02\/2015_02_19-consejero-estocolmo-1-150x113.jpg 150w, https:\/\/candas365.es\/noticias\/wp-content\/uploads\/2015\/02\/2015_02_19-consejero-estocolmo-1-450x338.jpg 450w, https:\/\/candas365.es\/noticias\/wp-content\/uploads\/2015\/02\/2015_02_19-consejero-estocolmo-1-1200x900.jpg 1200w, https:\/\/candas365.es\/noticias\/wp-content\/uploads\/2015\/02\/2015_02_19-consejero-estocolmo-1-1920x1440.jpg 1920w, https:\/\/candas365.es\/noticias\/wp-content\/uploads\/2015\/02\/2015_02_19-consejero-estocolmo-1-80x60.jpg 80w, https:\/\/candas365.es\/noticias\/wp-content\/uploads\/2015\/02\/2015_02_19-consejero-estocolmo-1-265x198.jpg 265w, https:\/\/candas365.es\/noticias\/wp-content\/uploads\/2015\/02\/2015_02_19-consejero-estocolmo-1-696x522.jpg 696w, https:\/\/candas365.es\/noticias\/wp-content\/uploads\/2015\/02\/2015_02_19-consejero-estocolmo-1-1068x801.jpg 1068w, https:\/\/candas365.es\/noticias\/wp-content\/uploads\/2015\/02\/2015_02_19-consejero-estocolmo-1-560x420.jpg 560w, https:\/\/candas365.es\/noticias\/wp-content\/uploads\/2015\/02\/2015_02_19-consejero-estocolmo-1-90x67.jpg 90w\" sizes=\"(max-width: 360px) 100vw, 360px\" \/>El consejero de Econom\u00eda y Empleo, Graciano Torre, ha presentado Asturias como destino tur\u00edstico en Estocolmo, en un acto celebrado hoy ante una veintena de medios de comunicaci\u00f3n, ante los que ha destacado los atractivos naturales y culturales del Principado, as\u00ed como su gastronom\u00eda y sus ciudades y villas marineras. Al acto, fruto de una invitaci\u00f3n de la Oficina Espa\u00f1ola de Turismo de Estocolmo (OET), tambi\u00e9n ha asistido el director general de Comercio y Turismo del Principado, Julio Gonz\u00e1lez Zapico. Adem\u00e1s, el evento ha contado con otras personalidades, entre ellas el embajador de Espa\u00f1a en Suecia, Francisco Javier Jim\u00e9nez-Ugarte, y el director de la OET de Estocolmo, Octavio Gonz\u00e1lez<\/p>\n<p>El consejero ha dado a conocer a los representantes de los medios de comunicaci\u00f3n especializados la oferta tur\u00edstica del Principado, que se asienta sobre cinco pilares: la naturaleza, la cultura, la gastronom\u00eda, la costa y las villas marineras, y el turismo urbano y de negocios.<\/p>\n<p>Torre ha resaltado que \u201cAsturias es un Para\u00edso Natural que cuenta con 200 playas silenciosas al pide de una cordillera de 2.500 metros de altitud; y esta peculiaridad paisaj\u00edstica no se repite en ning\u00fan otro lugar de Espa\u00f1a; nunca el mar est\u00e1 tan cerca de la alta monta\u00f1a, lo que nos permite transitar de la costa a la monta\u00f1a y viceversa en 50 minutos\u201d. Tambi\u00e9n ha se\u00f1alado que gracias a la excelente conservaci\u00f3n del medio ambiente, la Unesco ha concedido el t\u00edtulo de Reserva de la Biosfera a seis espacios del Principado.<\/p>\n<p>\u201cAsturias es un tesoro cultural que cuenta con manifestaciones art\u00edsticas desde la Prehistoria, cinco cuevas reconocidas como Patrimonio de la Humanidad y un arte \u00fanico en el mundo, el Prerrom\u00e1nico\u201d, ha a\u00f1adido, antes de referirse a la ceremonia de entrega de los Premios Princesa de Asturias, que cada mes de octubre tiene lugar en Oviedo, a los embajadores asturianos de fama mundial, como la reina Letizia, el campe\u00f3n de F\u00f3rmula I, Fernando Alonso, y los futbolistas Villa, Mata y Cazorla.<\/p>\n<p>La sidra y las peculiaridades gastron\u00f3micas de la regi\u00f3n tambi\u00e9n fueron presentadas a los medios de comunicaci\u00f3n suecos. El encuentro se celebr\u00f3 en el marco de un desayuno de trabajo en el restaurante Deville, regentado por cocineros espa\u00f1oles, en el que se pudieron degustar platos asturianos.<\/p>\n<p>La presentaci\u00f3n en Estocolmo de la comunidad como destino tur\u00edstico forma parte de la nueva campa\u00f1a de promoci\u00f3n internacional presentada el pasado enero en Fitur. El plan de promoci\u00f3n tur\u00edstica previsto para 2015 incluye, entre otras acciones, 28 viajes de conocimiento para agentes, medios de comunicaci\u00f3n y otros prescriptores; la asistencia a ferias como la World Travel Market de Londres, la ITB de Berl\u00edn y la Bird Fair de Reino Unido; y acciones promocionales directas en los mercados de Reino Unido, Francia, Alemania, Portugal e Italia.<\/p>\n<p>Tambi\u00e9n y desde ayer mi\u00e9rcoles y hasta el pr\u00f3ximo domingo, Asturias est\u00e1 presente en la feria Free de Munich, una de las m\u00e1s importantes del pa\u00eds germano que congrega a m\u00e1s de 125.000 visitantes.<\/p>\n<p>Asturias recibi\u00f3 el pasado a\u00f1o 1.915.940 turistas de los que 288.133 eran extranjeros, lo que supone un incremento del 18,3% con respecto al a\u00f1o anterior.<\/p>\n","protected":false},"excerpt":{"rendered":"<p>El consejero de Econom\u00eda y Empleo, Graciano Torre, ha presentado Asturias como destino tur\u00edstico en Estocolmo, en un acto celebrado hoy ante una veintena de medios de comunicaci\u00f3n, ante los que ha destacado los atractivos naturales y culturales del Principado, as\u00ed como su gastronom\u00eda y sus ciudades y villas marineras. Al acto, fruto de una<\/p>\n","protected":false},"author":1,"featured_media":7443,"comment_status":"open","ping_status":"closed","sticky":false,"template":"","format":"standard","meta":{"footnotes":""},"categories":[7],"tags":[],"class_list":{"0":"post-7442","1":"post","2":"type-post","3":"status-publish","4":"format-standard","5":"has-post-thumbnail","7":"category-asturias"},"aioseo_notices":[],"aioseo_head":"\n\t\t<!-- All in One SEO Pro 4.9.6.2 - aioseo.com -->\n\t<meta name=\"description\" content=\"El consejero de Econom\u00eda y Empleo, Graciano Torre, ha presentado Asturias como destino tur\u00edstico en Estocolmo, en un acto celebrado hoy ante una veintena de medios de comunicaci\u00f3n, ante los que ha destacado los atractivos naturales y culturales del Principado, as\u00ed como su gastronom\u00eda y sus ciudades y villas marineras. Al acto, fruto de una\" \/>\n\t<meta name=\"robots\" content=\"max-image-preview:large\" \/>\n\t<meta name=\"author\" content=\"Cand\u00e1s 365\"\/>\n\t<meta name=\"google-site-verification\" content=\"UA-32230408-1\" \/>\n\t<meta name=\"msvalidate.01\" content=\"354F3CDFB2DA171B47FBE9ABF1F88D5\" \/>\n\t<meta name=\"keywords\" content=\"asturias\" \/>\n\t<link rel=\"canonical\" href=\"https:\/\/candas365.es\/noticias\/el-principado-presenta-la-oferta-turistica-asturiana-en-estocolmo\/\" \/>\n\t<meta name=\"generator\" content=\"All in One SEO Pro (AIOSEO) 4.9.6.2\" \/>\n\t\t<meta property=\"og:locale\" content=\"es_ES\" \/>\n\t\t<meta property=\"og:site_name\" content=\"Cand\u00e1s 365\" \/>\n\t\t<meta property=\"og:type\" content=\"article\" \/>\n\t\t<meta property=\"og:title\" content=\"El Principado presenta la oferta tur\u00edstica asturiana en Estocolmo | Cand\u00e1s 365\" \/>\n\t\t<meta property=\"og:description\" content=\"El consejero de Econom\u00eda y Empleo, Graciano Torre, ha presentado Asturias como destino tur\u00edstico en Estocolmo, en un acto celebrado hoy ante una veintena de medios de comunicaci\u00f3n, ante los que ha destacado los atractivos naturales y culturales del Principado, as\u00ed como su gastronom\u00eda y sus ciudades y villas marineras. Al acto, fruto de una\" \/>\n\t\t<meta property=\"og:url\" content=\"https:\/\/candas365.es\/noticias\/el-principado-presenta-la-oferta-turistica-asturiana-en-estocolmo\/\" \/>\n\t\t<meta property=\"og:image\" content=\"https:\/\/candas365.es\/noticias\/wp-content\/uploads\/2015\/02\/2015_02_19-consejero-estocolmo-1.jpg\" \/>\n\t\t<meta property=\"og:image:secure_url\" content=\"https:\/\/candas365.es\/noticias\/wp-content\/uploads\/2015\/02\/2015_02_19-consejero-estocolmo-1.jpg\" \/>\n\t\t<meta property=\"og:image:width\" content=\"2480\" \/>\n\t\t<meta property=\"og:image:height\" content=\"1860\" \/>\n\t\t<meta property=\"article:published_time\" content=\"2015-02-19T17:31:19+00:00\" \/>\n\t\t<meta property=\"article:modified_time\" content=\"2015-02-19T17:31:19+00:00\" \/>\n\t\t<meta property=\"article:publisher\" content=\"https:\/\/www.facebook.com\/Nachofdezber\" \/>\n\t\t<meta property=\"article:author\" content=\"https:\/\/www.facebook.com\/carrenoactualidad\" \/>\n\t\t<meta name=\"twitter:card\" content=\"summary_large_image\" \/>\n\t\t<meta name=\"twitter:site\" content=\"@NabercoDigital\" \/>\n\t\t<meta name=\"twitter:title\" content=\"El Principado presenta la oferta tur\u00edstica asturiana en Estocolmo | Cand\u00e1s 365\" \/>\n\t\t<meta name=\"twitter:description\" content=\"El consejero de Econom\u00eda y Empleo, Graciano Torre, ha presentado Asturias como destino tur\u00edstico en Estocolmo, en un acto celebrado hoy ante una veintena de medios de comunicaci\u00f3n, ante los que ha destacado los atractivos naturales y culturales del Principado, as\u00ed como su gastronom\u00eda y sus ciudades y villas marineras. Al acto, fruto de una\" \/>\n\t\t<meta name=\"twitter:creator\" content=\"@nbasturias\" \/>\n\t\t<meta name=\"twitter:image\" content=\"https:\/\/candas365.es\/noticias\/wp-content\/uploads\/2015\/02\/2015_02_19-consejero-estocolmo-1.jpg\" \/>\n\t\t<meta name=\"twitter:label1\" content=\"Escrito por\" \/>\n\t\t<meta name=\"twitter:data1\" content=\"Cand\u00e1s 365\" \/>\n\t\t<meta name=\"twitter:label2\" content=\"Tiempo de lectura estimado\" \/>\n\t\t<meta name=\"twitter:data2\" content=\"3 minutos\" \/>\n\t\t<script type=\"application\/ld+json\" class=\"aioseo-schema\">\n\t\t\t{\"@context\":\"https:\\\/\\\/schema.org\",\"@graph\":[{\"@type\":\"BreadcrumbList\",\"@id\":\"https:\\\/\\\/candas365.es\\\/noticias\\\/el-principado-presenta-la-oferta-turistica-asturiana-en-estocolmo\\\/#breadcrumblist\",\"itemListElement\":[{\"@type\":\"ListItem\",\"@id\":\"https:\\\/\\\/candas365.es\\\/noticias#listItem\",\"position\":1,\"name\":\"Home\",\"item\":\"https:\\\/\\\/candas365.es\\\/noticias\",\"nextItem\":{\"@type\":\"ListItem\",\"@id\":\"https:\\\/\\\/candas365.es\\\/noticias\\\/category\\\/asturias\\\/#listItem\",\"name\":\"Asturias\"}},{\"@type\":\"ListItem\",\"@id\":\"https:\\\/\\\/candas365.es\\\/noticias\\\/category\\\/asturias\\\/#listItem\",\"position\":2,\"name\":\"Asturias\",\"item\":\"https:\\\/\\\/candas365.es\\\/noticias\\\/category\\\/asturias\\\/\",\"nextItem\":{\"@type\":\"ListItem\",\"@id\":\"https:\\\/\\\/candas365.es\\\/noticias\\\/el-principado-presenta-la-oferta-turistica-asturiana-en-estocolmo\\\/#listItem\",\"name\":\"El Principado presenta la oferta tur\\u00edstica asturiana en Estocolmo\"},\"previousItem\":{\"@type\":\"ListItem\",\"@id\":\"https:\\\/\\\/candas365.es\\\/noticias#listItem\",\"name\":\"Home\"}},{\"@type\":\"ListItem\",\"@id\":\"https:\\\/\\\/candas365.es\\\/noticias\\\/el-principado-presenta-la-oferta-turistica-asturiana-en-estocolmo\\\/#listItem\",\"position\":3,\"name\":\"El Principado presenta la oferta tur\\u00edstica asturiana en Estocolmo\",\"previousItem\":{\"@type\":\"ListItem\",\"@id\":\"https:\\\/\\\/candas365.es\\\/noticias\\\/category\\\/asturias\\\/#listItem\",\"name\":\"Asturias\"}}]},{\"@type\":\"NewsArticle\",\"@id\":\"https:\\\/\\\/candas365.es\\\/noticias\\\/el-principado-presenta-la-oferta-turistica-asturiana-en-estocolmo\\\/#newsarticle\",\"name\":\"El Principado presenta la oferta tur\\u00edstica asturiana en Estocolmo | Cand\\u00e1s 365\",\"headline\":\"El Principado presenta la oferta tur\\u00edstica asturiana en Estocolmo\",\"author\":{\"@id\":\"https:\\\/\\\/candas365.es\\\/noticias\\\/author\\\/admin\\\/#author\"},\"publisher\":{\"@id\":\"https:\\\/\\\/candas365.es\\\/noticias\\\/#organization\"},\"image\":{\"@type\":\"ImageObject\",\"url\":\"https:\\\/\\\/candas365.es\\\/noticias\\\/wp-content\\\/uploads\\\/2015\\\/02\\\/2015_02_19-consejero-estocolmo-1.jpg\",\"width\":2480,\"height\":1860},\"datePublished\":\"2015-02-19T15:31:19+01:00\",\"dateModified\":\"2015-02-19T15:31:19+01:00\",\"inLanguage\":\"es-ES\",\"mainEntityOfPage\":{\"@id\":\"https:\\\/\\\/candas365.es\\\/noticias\\\/el-principado-presenta-la-oferta-turistica-asturiana-en-estocolmo\\\/#webpage\"},\"isPartOf\":{\"@id\":\"https:\\\/\\\/candas365.es\\\/noticias\\\/el-principado-presenta-la-oferta-turistica-asturiana-en-estocolmo\\\/#webpage\"},\"articleSection\":\"Asturias\",\"dateline\":\"Publicado el febrero 19, 2015.\"},{\"@type\":\"Organization\",\"@id\":\"https:\\\/\\\/candas365.es\\\/noticias\\\/#organization\",\"name\":\"Cand\\u00e1s 365\",\"description\":\"Cand\\u00e1s 365 es un diario digital independiente, fundado en 2012, con base en Asturias. Informamos con rigor sobre actualidad, sociedad, cultura y ocio, con una mirada local y global.\",\"url\":\"https:\\\/\\\/candas365.es\\\/noticias\\\/\",\"email\":\"info@candas365.es\",\"telephone\":\"+34652131393\",\"foundingDate\":\"2012-06-10\",\"logo\":{\"@type\":\"ImageObject\",\"url\":\"https:\\\/\\\/candas365.es\\\/noticias\\\/wp-content\\\/uploads\\\/2024\\\/09\\\/Candas-365-Redes.jpg\",\"@id\":\"https:\\\/\\\/candas365.es\\\/noticias\\\/el-principado-presenta-la-oferta-turistica-asturiana-en-estocolmo\\\/#organizationLogo\",\"width\":1152,\"height\":864,\"caption\":\"Cand\\u00e1s 365 Redes\"},\"image\":{\"@id\":\"https:\\\/\\\/candas365.es\\\/noticias\\\/el-principado-presenta-la-oferta-turistica-asturiana-en-estocolmo\\\/#organizationLogo\"},\"sameAs\":[\"https:\\\/\\\/www.facebook.com\\\/Nachofdezber\",\"https:\\\/\\\/x.com\\\/NabercoDigital\",\"https:\\\/\\\/www.instagram.com\\\/nachofdezber\\\/\",\"https:\\\/\\\/www.youtube.com\\\/channel\\\/UCZP-2wLEB9Rv6erhFmqVnvg\"],\"address\":{\"@id\":\"https:\\\/\\\/candas365.es\\\/noticias\\\/#postaladdress\",\"@type\":\"PostalAddress\",\"streetAddress\":\"san antonio 4, san antonio 4\",\"postalCode\":\"33430\",\"addressLocality\":\"Cand\\u00e1s\",\"addressRegion\":\"Asturias\",\"addressCountry\":\"ES\"}},{\"@type\":\"Person\",\"@id\":\"https:\\\/\\\/candas365.es\\\/noticias\\\/author\\\/admin\\\/#author\",\"url\":\"https:\\\/\\\/candas365.es\\\/noticias\\\/author\\\/admin\\\/\",\"name\":\"Cand\\u00e1s 365\",\"image\":{\"@type\":\"ImageObject\",\"@id\":\"https:\\\/\\\/candas365.es\\\/noticias\\\/el-principado-presenta-la-oferta-turistica-asturiana-en-estocolmo\\\/#authorImage\",\"url\":\"https:\\\/\\\/secure.gravatar.com\\\/avatar\\\/496a8e03d0c493ede1718b7934145dbdf8d89be1036b0eec9544e1094c9de390?s=96&d=mm&r=g\",\"width\":96,\"height\":96,\"caption\":\"Cand\\u00e1s 365\"},\"sameAs\":[\"https:\\\/\\\/www.facebook.com\\\/carrenoactualidad\",\"https:\\\/\\\/twitter.com\\\/nbasturias\",\"https:\\\/\\\/www.instagram.com\\\/nachofdezber\\\/\",\"https:\\\/\\\/www.youtube.com\\\/channel\\\/UCZP-2wLEB9Rv6erhFmqVnvg\"]},{\"@type\":\"WebPage\",\"@id\":\"https:\\\/\\\/candas365.es\\\/noticias\\\/el-principado-presenta-la-oferta-turistica-asturiana-en-estocolmo\\\/#webpage\",\"url\":\"https:\\\/\\\/candas365.es\\\/noticias\\\/el-principado-presenta-la-oferta-turistica-asturiana-en-estocolmo\\\/\",\"name\":\"El Principado presenta la oferta tur\\u00edstica asturiana en Estocolmo | Cand\\u00e1s 365\",\"description\":\"El consejero de Econom\\u00eda y Empleo, Graciano Torre, ha presentado Asturias como destino tur\\u00edstico en Estocolmo, en un acto celebrado hoy ante una veintena de medios de comunicaci\\u00f3n, ante los que ha destacado los atractivos naturales y culturales del Principado, as\\u00ed como su gastronom\\u00eda y sus ciudades y villas marineras. Al acto, fruto de una\",\"inLanguage\":\"es-ES\",\"isPartOf\":{\"@id\":\"https:\\\/\\\/candas365.es\\\/noticias\\\/#website\"},\"breadcrumb\":{\"@id\":\"https:\\\/\\\/candas365.es\\\/noticias\\\/el-principado-presenta-la-oferta-turistica-asturiana-en-estocolmo\\\/#breadcrumblist\"},\"author\":{\"@id\":\"https:\\\/\\\/candas365.es\\\/noticias\\\/author\\\/admin\\\/#author\"},\"creator\":{\"@id\":\"https:\\\/\\\/candas365.es\\\/noticias\\\/author\\\/admin\\\/#author\"},\"image\":{\"@type\":\"ImageObject\",\"url\":\"https:\\\/\\\/candas365.es\\\/noticias\\\/wp-content\\\/uploads\\\/2015\\\/02\\\/2015_02_19-consejero-estocolmo-1.jpg\",\"@id\":\"https:\\\/\\\/candas365.es\\\/noticias\\\/el-principado-presenta-la-oferta-turistica-asturiana-en-estocolmo\\\/#mainImage\",\"width\":2480,\"height\":1860},\"primaryImageOfPage\":{\"@id\":\"https:\\\/\\\/candas365.es\\\/noticias\\\/el-principado-presenta-la-oferta-turistica-asturiana-en-estocolmo\\\/#mainImage\"},\"datePublished\":\"2015-02-19T15:31:19+01:00\",\"dateModified\":\"2015-02-19T15:31:19+01:00\"},{\"@type\":\"WebSite\",\"@id\":\"https:\\\/\\\/candas365.es\\\/noticias\\\/#website\",\"url\":\"https:\\\/\\\/candas365.es\\\/noticias\\\/\",\"name\":\"Cand\\u00e1s 365\",\"alternateName\":\"Cand\\u00e1s 365 Noticias\",\"description\":\"Actualidad desde Carre\\u00f1o para el mundo\",\"inLanguage\":\"es-ES\",\"publisher\":{\"@id\":\"https:\\\/\\\/candas365.es\\\/noticias\\\/#organization\"}}]}\n\t\t<\/script>\n\t\t<!-- All in One SEO Pro -->\r\n\t\t<title>El Principado presenta la oferta tur\u00edstica asturiana en Estocolmo | Cand\u00e1s 365<\/title>\n\n","aioseo_head_json":{"title":"El Principado presenta la oferta tur\u00edstica asturiana en Estocolmo | Cand\u00e1s 365","description":"El consejero de Econom\u00eda y Empleo, Graciano Torre, ha presentado Asturias como destino tur\u00edstico en Estocolmo, en un acto celebrado hoy ante una veintena de medios de comunicaci\u00f3n, ante los que ha destacado los atractivos naturales y culturales del Principado, as\u00ed como su gastronom\u00eda y sus ciudades y villas marineras. Al acto, fruto de una","canonical_url":"https:\/\/candas365.es\/noticias\/el-principado-presenta-la-oferta-turistica-asturiana-en-estocolmo\/","robots":"max-image-preview:large","keywords":"asturias","webmasterTools":{"google-site-verification":"UA-32230408-1","msvalidate.01":"354F3CDFB2DA171B47FBE9ABF1F88D5","miscellaneous":""},"schema":{"@context":"https:\/\/schema.org","@graph":[{"@type":"BreadcrumbList","@id":"https:\/\/candas365.es\/noticias\/el-principado-presenta-la-oferta-turistica-asturiana-en-estocolmo\/#breadcrumblist","itemListElement":[{"@type":"ListItem","@id":"https:\/\/candas365.es\/noticias#listItem","position":1,"name":"Home","item":"https:\/\/candas365.es\/noticias","nextItem":{"@type":"ListItem","@id":"https:\/\/candas365.es\/noticias\/category\/asturias\/#listItem","name":"Asturias"}},{"@type":"ListItem","@id":"https:\/\/candas365.es\/noticias\/category\/asturias\/#listItem","position":2,"name":"Asturias","item":"https:\/\/candas365.es\/noticias\/category\/asturias\/","nextItem":{"@type":"ListItem","@id":"https:\/\/candas365.es\/noticias\/el-principado-presenta-la-oferta-turistica-asturiana-en-estocolmo\/#listItem","name":"El Principado presenta la oferta tur\u00edstica asturiana en Estocolmo"},"previousItem":{"@type":"ListItem","@id":"https:\/\/candas365.es\/noticias#listItem","name":"Home"}},{"@type":"ListItem","@id":"https:\/\/candas365.es\/noticias\/el-principado-presenta-la-oferta-turistica-asturiana-en-estocolmo\/#listItem","position":3,"name":"El Principado presenta la oferta tur\u00edstica asturiana en Estocolmo","previousItem":{"@type":"ListItem","@id":"https:\/\/candas365.es\/noticias\/category\/asturias\/#listItem","name":"Asturias"}}]},{"@type":"NewsArticle","@id":"https:\/\/candas365.es\/noticias\/el-principado-presenta-la-oferta-turistica-asturiana-en-estocolmo\/#newsarticle","name":"El Principado presenta la oferta tur\u00edstica asturiana en Estocolmo | Cand\u00e1s 365","headline":"El Principado presenta la oferta tur\u00edstica asturiana en Estocolmo","author":{"@id":"https:\/\/candas365.es\/noticias\/author\/admin\/#author"},"publisher":{"@id":"https:\/\/candas365.es\/noticias\/#organization"},"image":{"@type":"ImageObject","url":"https:\/\/candas365.es\/noticias\/wp-content\/uploads\/2015\/02\/2015_02_19-consejero-estocolmo-1.jpg","width":2480,"height":1860},"datePublished":"2015-02-19T15:31:19+01:00","dateModified":"2015-02-19T15:31:19+01:00","inLanguage":"es-ES","mainEntityOfPage":{"@id":"https:\/\/candas365.es\/noticias\/el-principado-presenta-la-oferta-turistica-asturiana-en-estocolmo\/#webpage"},"isPartOf":{"@id":"https:\/\/candas365.es\/noticias\/el-principado-presenta-la-oferta-turistica-asturiana-en-estocolmo\/#webpage"},"articleSection":"Asturias","dateline":"Publicado el febrero 19, 2015."},{"@type":"Organization","@id":"https:\/\/candas365.es\/noticias\/#organization","name":"Cand\u00e1s 365","description":"Cand\u00e1s 365 es un diario digital independiente, fundado en 2012, con base en Asturias. Informamos con rigor sobre actualidad, sociedad, cultura y ocio, con una mirada local y global.","url":"https:\/\/candas365.es\/noticias\/","email":"info@candas365.es","telephone":"+34652131393","foundingDate":"2012-06-10","logo":{"@type":"ImageObject","url":"https:\/\/candas365.es\/noticias\/wp-content\/uploads\/2024\/09\/Candas-365-Redes.jpg","@id":"https:\/\/candas365.es\/noticias\/el-principado-presenta-la-oferta-turistica-asturiana-en-estocolmo\/#organizationLogo","width":1152,"height":864,"caption":"Cand\u00e1s 365 Redes"},"image":{"@id":"https:\/\/candas365.es\/noticias\/el-principado-presenta-la-oferta-turistica-asturiana-en-estocolmo\/#organizationLogo"},"sameAs":["https:\/\/www.facebook.com\/Nachofdezber","https:\/\/x.com\/NabercoDigital","https:\/\/www.instagram.com\/nachofdezber\/","https:\/\/www.youtube.com\/channel\/UCZP-2wLEB9Rv6erhFmqVnvg"],"address":{"@id":"https:\/\/candas365.es\/noticias\/#postaladdress","@type":"PostalAddress","streetAddress":"san antonio 4, san antonio 4","postalCode":"33430","addressLocality":"Cand\u00e1s","addressRegion":"Asturias","addressCountry":"ES"}},{"@type":"Person","@id":"https:\/\/candas365.es\/noticias\/author\/admin\/#author","url":"https:\/\/candas365.es\/noticias\/author\/admin\/","name":"Cand\u00e1s 365","image":{"@type":"ImageObject","@id":"https:\/\/candas365.es\/noticias\/el-principado-presenta-la-oferta-turistica-asturiana-en-estocolmo\/#authorImage","url":"https:\/\/secure.gravatar.com\/avatar\/496a8e03d0c493ede1718b7934145dbdf8d89be1036b0eec9544e1094c9de390?s=96&d=mm&r=g","width":96,"height":96,"caption":"Cand\u00e1s 365"},"sameAs":["https:\/\/www.facebook.com\/carrenoactualidad","https:\/\/twitter.com\/nbasturias","https:\/\/www.instagram.com\/nachofdezber\/","https:\/\/www.youtube.com\/channel\/UCZP-2wLEB9Rv6erhFmqVnvg"]},{"@type":"WebPage","@id":"https:\/\/candas365.es\/noticias\/el-principado-presenta-la-oferta-turistica-asturiana-en-estocolmo\/#webpage","url":"https:\/\/candas365.es\/noticias\/el-principado-presenta-la-oferta-turistica-asturiana-en-estocolmo\/","name":"El Principado presenta la oferta tur\u00edstica asturiana en Estocolmo | Cand\u00e1s 365","description":"El consejero de Econom\u00eda y Empleo, Graciano Torre, ha presentado Asturias como destino tur\u00edstico en Estocolmo, en un acto celebrado hoy ante una veintena de medios de comunicaci\u00f3n, ante los que ha destacado los atractivos naturales y culturales del Principado, as\u00ed como su gastronom\u00eda y sus ciudades y villas marineras. Al acto, fruto de una","inLanguage":"es-ES","isPartOf":{"@id":"https:\/\/candas365.es\/noticias\/#website"},"breadcrumb":{"@id":"https:\/\/candas365.es\/noticias\/el-principado-presenta-la-oferta-turistica-asturiana-en-estocolmo\/#breadcrumblist"},"author":{"@id":"https:\/\/candas365.es\/noticias\/author\/admin\/#author"},"creator":{"@id":"https:\/\/candas365.es\/noticias\/author\/admin\/#author"},"image":{"@type":"ImageObject","url":"https:\/\/candas365.es\/noticias\/wp-content\/uploads\/2015\/02\/2015_02_19-consejero-estocolmo-1.jpg","@id":"https:\/\/candas365.es\/noticias\/el-principado-presenta-la-oferta-turistica-asturiana-en-estocolmo\/#mainImage","width":2480,"height":1860},"primaryImageOfPage":{"@id":"https:\/\/candas365.es\/noticias\/el-principado-presenta-la-oferta-turistica-asturiana-en-estocolmo\/#mainImage"},"datePublished":"2015-02-19T15:31:19+01:00","dateModified":"2015-02-19T15:31:19+01:00"},{"@type":"WebSite","@id":"https:\/\/candas365.es\/noticias\/#website","url":"https:\/\/candas365.es\/noticias\/","name":"Cand\u00e1s 365","alternateName":"Cand\u00e1s 365 Noticias","description":"Actualidad desde Carre\u00f1o para el mundo","inLanguage":"es-ES","publisher":{"@id":"https:\/\/candas365.es\/noticias\/#organization"}}]},"og:locale":"es_ES","og:site_name":"Cand\u00e1s 365","og:type":"article","og:title":"El Principado presenta la oferta tur\u00edstica asturiana en Estocolmo | Cand\u00e1s 365","og:description":"El consejero de Econom\u00eda y Empleo, Graciano Torre, ha presentado Asturias como destino tur\u00edstico en Estocolmo, en un acto celebrado hoy ante una veintena de medios de comunicaci\u00f3n, ante los que ha destacado los atractivos naturales y culturales del Principado, as\u00ed como su gastronom\u00eda y sus ciudades y villas marineras. Al acto, fruto de una","og:url":"https:\/\/candas365.es\/noticias\/el-principado-presenta-la-oferta-turistica-asturiana-en-estocolmo\/","og:image":"https:\/\/candas365.es\/noticias\/wp-content\/uploads\/2015\/02\/2015_02_19-consejero-estocolmo-1.jpg","og:image:secure_url":"https:\/\/candas365.es\/noticias\/wp-content\/uploads\/2015\/02\/2015_02_19-consejero-estocolmo-1.jpg","og:image:width":2480,"og:image:height":1860,"article:published_time":"2015-02-19T17:31:19+00:00","article:modified_time":"2015-02-19T17:31:19+00:00","article:publisher":"https:\/\/www.facebook.com\/Nachofdezber","article:author":"https:\/\/www.facebook.com\/carrenoactualidad","twitter:card":"summary_large_image","twitter:site":"@NabercoDigital","twitter:title":"El Principado presenta la oferta tur\u00edstica asturiana en Estocolmo | Cand\u00e1s 365","twitter:description":"El consejero de Econom\u00eda y Empleo, Graciano Torre, ha presentado Asturias como destino tur\u00edstico en Estocolmo, en un acto celebrado hoy ante una veintena de medios de comunicaci\u00f3n, ante los que ha destacado los atractivos naturales y culturales del Principado, as\u00ed como su gastronom\u00eda y sus ciudades y villas marineras. Al acto, fruto de una","twitter:creator":"@nbasturias","twitter:image":"https:\/\/candas365.es\/noticias\/wp-content\/uploads\/2015\/02\/2015_02_19-consejero-estocolmo-1.jpg","twitter:label1":"Escrito por","twitter:data1":"Cand\u00e1s 365","twitter:label2":"Tiempo de lectura estimado","twitter:data2":"3 minutos"},"aioseo_meta_data":{"post_id":"7442","title":null,"description":null,"keywords":null,"keyphrases":null,"primary_term":null,"canonical_url":null,"og_title":null,"og_description":null,"og_object_type":"default","og_image_type":"default","og_image_url":null,"og_image_width":null,"og_image_height":null,"og_image_custom_url":null,"og_image_custom_fields":null,"og_video":null,"og_custom_url":null,"og_article_section":null,"og_article_tags":null,"twitter_use_og":false,"twitter_card":"default","twitter_image_type":"default","twitter_image_url":null,"twitter_image_custom_url":null,"twitter_image_custom_fields":null,"twitter_title":null,"twitter_description":null,"schema":{"blockGraphs":[],"customGraphs":[],"default":{"data":{"Article":[],"Course":[],"Dataset":[],"FAQPage":[],"Movie":[],"Person":[],"Product":[],"ProductReview":[],"Car":[],"Recipe":[],"Service":[],"SoftwareApplication":[],"WebPage":[]},"graphName":"","isEnabled":true},"graphs":[],"defaultGraph":"","defaultPostTypeGraph":""},"schema_type":null,"schema_type_options":null,"pillar_content":false,"robots_default":true,"robots_noindex":false,"robots_noarchive":false,"robots_nosnippet":false,"robots_nofollow":false,"robots_noimageindex":false,"robots_noodp":false,"robots_notranslate":false,"robots_max_snippet":null,"robots_max_videopreview":null,"robots_max_imagepreview":"large","priority":null,"frequency":null,"location":null,"local_seo":null,"seo_analyzer_scan_date":"2025-08-23 05:25:12","breadcrumb_settings":null,"limit_modified_date":false,"reviewed_by":null,"open_ai":null,"ai":null,"created":"2020-12-21 10:55:28","updated":"2025-08-23 05:25:12"},"aioseo_breadcrumb":"<div class=\"aioseo-breadcrumbs\"><span class=\"aioseo-breadcrumb\">\n\t<a href=\"https:\/\/candas365.es\/noticias\" title=\"Home\">Home<\/a>\n<\/span><span class=\"aioseo-breadcrumb-separator\">&ndash;<\/span><span class=\"aioseo-breadcrumb\">\n\t<a href=\"https:\/\/candas365.es\/noticias\/category\/asturias\/\" title=\"Asturias\">Asturias<\/a>\n<\/span><span class=\"aioseo-breadcrumb-separator\">&ndash;<\/span><span class=\"aioseo-breadcrumb\">\n\tEl Principado presenta la oferta tur\u00edstica asturiana en Estocolmo\n<\/span><\/div>","aioseo_breadcrumb_json":[{"label":"Home","link":"https:\/\/candas365.es\/noticias"},{"label":"Asturias","link":"https:\/\/candas365.es\/noticias\/category\/asturias\/"},{"label":"El Principado presenta la oferta tur\u00edstica asturiana en Estocolmo","link":"https:\/\/candas365.es\/noticias\/el-principado-presenta-la-oferta-turistica-asturiana-en-estocolmo\/"}],"_links":{"self":[{"href":"https:\/\/candas365.es\/noticias\/wp-json\/wp\/v2\/posts\/7442","targetHints":{"allow":["GET"]}}],"collection":[{"href":"https:\/\/candas365.es\/noticias\/wp-json\/wp\/v2\/posts"}],"about":[{"href":"https:\/\/candas365.es\/noticias\/wp-json\/wp\/v2\/types\/post"}],"author":[{"embeddable":true,"href":"https:\/\/candas365.es\/noticias\/wp-json\/wp\/v2\/users\/1"}],"replies":[{"embeddable":true,"href":"https:\/\/candas365.es\/noticias\/wp-json\/wp\/v2\/comments?post=7442"}],"version-history":[{"count":0,"href":"https:\/\/candas365.es\/noticias\/wp-json\/wp\/v2\/posts\/7442\/revisions"}],"wp:featuredmedia":[{"embeddable":true,"href":"https:\/\/candas365.es\/noticias\/wp-json\/wp\/v2\/media\/7443"}],"wp:attachment":[{"href":"https:\/\/candas365.es\/noticias\/wp-json\/wp\/v2\/media?parent=7442"}],"wp:term":[{"taxonomy":"category","embeddable":true,"href":"https:\/\/candas365.es\/noticias\/wp-json\/wp\/v2\/categories?post=7442"},{"taxonomy":"post_tag","embeddable":true,"href":"https:\/\/candas365.es\/noticias\/wp-json\/wp\/v2\/tags?post=7442"}],"curies":[{"name":"wp","href":"https:\/\/api.w.org\/{rel}","templated":true}]}}