{"id":7437,"date":"2015-02-19T15:21:00","date_gmt":"2015-02-19T17:21:00","guid":{"rendered":"http:\/\/candas365.es\/noticias\/?p=7437"},"modified":"2015-02-19T15:21:00","modified_gmt":"2015-02-19T17:21:00","slug":"guillermo-martinez-el-principado-apuesta-por-la-potenciacion-y-modernizacion-de-su-industria","status":"publish","type":"post","link":"https:\/\/candas365.es\/noticias\/guillermo-martinez-el-principado-apuesta-por-la-potenciacion-y-modernizacion-de-su-industria\/","title":{"rendered":"Guillermo Mart\u00ednez \u201cEl Principado apuesta por la potenciaci\u00f3n y modernizaci\u00f3n de su industria\u201d"},"content":{"rendered":"<p><img fetchpriority=\"high\" decoding=\"async\" class=\"alignleft size-medium wp-image-7438\" src=\"https:\/\/candas365.es\/noticias\/wp-content\/uploads\/2015\/02\/2015_02_19-consejero-iniciativa-vanguardia-2-360x231.jpg\" alt=\"2015_02_19 consejero iniciativa vanguardia 2\" width=\"360\" height=\"231\" srcset=\"https:\/\/candas365.es\/noticias\/wp-content\/uploads\/2015\/02\/2015_02_19-consejero-iniciativa-vanguardia-2-360x231.jpg 360w, https:\/\/candas365.es\/noticias\/wp-content\/uploads\/2015\/02\/2015_02_19-consejero-iniciativa-vanguardia-2-650x416.jpg 650w, https:\/\/candas365.es\/noticias\/wp-content\/uploads\/2015\/02\/2015_02_19-consejero-iniciativa-vanguardia-2-768x492.jpg 768w, https:\/\/candas365.es\/noticias\/wp-content\/uploads\/2015\/02\/2015_02_19-consejero-iniciativa-vanguardia-2-1536x984.jpg 1536w, https:\/\/candas365.es\/noticias\/wp-content\/uploads\/2015\/02\/2015_02_19-consejero-iniciativa-vanguardia-2-2048x1312.jpg 2048w, https:\/\/candas365.es\/noticias\/wp-content\/uploads\/2015\/02\/2015_02_19-consejero-iniciativa-vanguardia-2-150x96.jpg 150w, https:\/\/candas365.es\/noticias\/wp-content\/uploads\/2015\/02\/2015_02_19-consejero-iniciativa-vanguardia-2-450x288.jpg 450w, https:\/\/candas365.es\/noticias\/wp-content\/uploads\/2015\/02\/2015_02_19-consejero-iniciativa-vanguardia-2-1200x769.jpg 1200w, https:\/\/candas365.es\/noticias\/wp-content\/uploads\/2015\/02\/2015_02_19-consejero-iniciativa-vanguardia-2-1920x1230.jpg 1920w, https:\/\/candas365.es\/noticias\/wp-content\/uploads\/2015\/02\/2015_02_19-consejero-iniciativa-vanguardia-2-655x420.jpg 655w, https:\/\/candas365.es\/noticias\/wp-content\/uploads\/2015\/02\/2015_02_19-consejero-iniciativa-vanguardia-2-696x446.jpg 696w, https:\/\/candas365.es\/noticias\/wp-content\/uploads\/2015\/02\/2015_02_19-consejero-iniciativa-vanguardia-2-1068x684.jpg 1068w, https:\/\/candas365.es\/noticias\/wp-content\/uploads\/2015\/02\/2015_02_19-consejero-iniciativa-vanguardia-2-656x420.jpg 656w, https:\/\/candas365.es\/noticias\/wp-content\/uploads\/2015\/02\/2015_02_19-consejero-iniciativa-vanguardia-2-84x55.jpg 84w\" sizes=\"(max-width: 360px) 100vw, 360px\" \/>El consejero de Presidencia y portavoz del Principado, Guillermo Mart\u00ednez, ha abierto hoy en Oviedo una jornada de an\u00e1lisis y debate sobre el proceso de reindustrializaci\u00f3n de Europa que impulsa la Comisi\u00f3n Europea y en la que tanto los gobiernos estatales como los regionales est\u00e1n llamados a una participaci\u00f3n activa. Asturias lo hizo con una estrategia propia desde el inicio de la presente legislatura y en enero de 2014 se sum\u00f3 con otros territorios europeos a la alianza \u201cIniciativas de Vanguardia\u201d, un grupo integrado por 21 regiones que por su tradici\u00f3n y tejido empresarial son verdaderas potencias industriales y conforman un \u201clobby\u201d de trabajo en las instituciones comunitarias. \u201cAspiramos a contribuir a este proceso como protagonistas activos y, por tanto, rentabilizar esta nueva industrializaci\u00f3n\u201d, puntualiz\u00f3 el consejero.<\/p>\n<p>La apuesta del Gobierno del Principado por la potenciaci\u00f3n y modernizaci\u00f3n de su industria, se\u00f1al\u00f3 Guillermo Mart\u00ednez, ha encontrado unos aliados en estas otras 20 regiones que permitir\u00e1 conectar a las empresas, universidades, centros de investigaci\u00f3n e innovaci\u00f3n para cooperar con proyectos comunes y favorecer su internacionalizaci\u00f3n.<\/p>\n<p>El titular de Presidencia invit\u00f3 a representantes empresariales y del \u00e1mbito de la investigaci\u00f3n a participar activamente con el Ejecutivo asturiano en \u201cIniciativas de Vanguardia\u201d para rentabilizar las experiencias de cada uno de los 21 territorios y compartir iniciativas generadoras de empleo de calidad y de riqueza. \u201cQueremos que la voluntad pol\u00edtica de cooperar con otros territorios europeos se traduzca en resultados tangibles para Asturias, que no son otros que la creaci\u00f3n de riqueza, empleo y bienestar y para ello esperamos contar con la ayuda\u201d de todos los protagonistas econ\u00f3micos y sociales de nuestra comunidad, afirm\u00f3 Guillermo Mart\u00ednez ante un auditorio integrado por directivos de empresas y entidades financieras, Universidad de Oviedo, y centros de investigaci\u00f3n e institutos de innovaci\u00f3n.<\/p>\n<p>Las pol\u00edticas energ\u00e9tica e industrial han marcado la construcci\u00f3n de la Uni\u00f3n Europea. Sin embargo, la industria europea ha ido perdiendo peso y competitividad, \u201chasta que hemos comprendido que la fortaleza econ\u00f3mica de Europa se sustenta en ser un polo industrial de referencia mundial; la industria no solo ha marcado el pasado, estamos convencidos de su protagonismo en el presente y futuro\u201d, se\u00f1al\u00f3 Guillermo Mart\u00ednez en referencia a que el porvenir industrial de la UE se fundamentar\u00e1 en aunar los sectores tradicionales con la innovaci\u00f3n y la investigaci\u00f3n.<\/p>\n<p>El marco presupuestario de la UE hasta 2020 y el Plan Europeo de Reindustrializaci\u00f3n obliga a los estados miembros y a las regiones a tener un papel m\u00e1s activo para aprovechar todas las oportunidades existentes y financiar proyectos econ\u00f3micos, sociales, educativos y de investigaci\u00f3n. Se trata, en definitiva, de que estas 21 regiones europeas impulsen acuerdos institucionales y empresariales para rentabilizar estos recursos.<\/p>\n<p>Las regiones que integran \u2018Iniciativas de Vanguardia\u201d son, como el caso de Asturias, territorios donde la industria ha marcado su historia en los dos \u00faltimos siglos y que han logrado con esfuerzos e iniciativas diversas superar duros periodos de ajustes y reconversiones. Son regiones con un PIB industrial que oscila entre el 17,5% y el 35% y que han dise\u00f1ado estrategias de especializaci\u00f3n inteligente para respaldar esta nueva pol\u00edtica industrial.<\/p>\n<p>Asturias, con un Producto Interior Bruto (PIB) industrial del 20,1%, frente a un 15,8% de la media espa\u00f1ola y el 19,2% europeo, aporta a la estrategia dise\u00f1ada por este \u201clobby\u201d de regiones la pujanza y modernizaci\u00f3n de los sectores sider\u00fargico, energ\u00e9tico y del metal, su potencial de crecimiento, su liderazgo en el tejido econ\u00f3mico regional y la posibilidad de fomentar acuerdos empresariales entre las 21 regiones implicadas. Ah\u00ed est\u00e1 tambi\u00e9n el Plan de Ciencia, Tecnolog\u00eda e Innovaci\u00f3n (PCTi) del Principado, con una dotaci\u00f3n, tanto p\u00fablica como privada, de 1.288 millones hasta 2017, o los acuerdos de concertaci\u00f3n social entre el Gobierno auton\u00f3mico con las organizaciones empresariales y sindicales, que se han convertido en herramientas esenciales para buscar soluciones conjuntas a las situaciones de crisis como la actual y fijar prioridades en el desarrollo econ\u00f3mico.<\/p>\n<p>\u201cIniciativas de Vanguardia\u201d est\u00e1 integrada por las regiones alemanas de Baden-W\u00fcttemberg y Renania del Norte-Westfalia, las belgas de Flandes y Valonia, la italiana de Lombardia, las polacas de Silesia y Malopolska, las francesas de R\u00f3dano-Alpes y Nord-Pas de Calais, las suecas de Skane y Dalarna, la finlandesa de Tampere, la del Sur de Holanda, la del Norte de Austria, Escocia, el Norte de Portugal y por Asturias, Pa\u00eds Vasco, Navarra y Catalu\u00f1a.<\/p>\n","protected":false},"excerpt":{"rendered":"<p>El consejero de Presidencia y portavoz del Principado, Guillermo Mart\u00ednez, ha abierto hoy en Oviedo una jornada de an\u00e1lisis y debate sobre el proceso de reindustrializaci\u00f3n de Europa que impulsa la Comisi\u00f3n Europea y en la que tanto los gobiernos estatales como los regionales est\u00e1n llamados a una participaci\u00f3n activa. Asturias lo hizo con una<\/p>\n","protected":false},"author":1,"featured_media":7438,"comment_status":"open","ping_status":"closed","sticky":false,"template":"","format":"standard","meta":{"footnotes":""},"categories":[7],"tags":[],"class_list":{"0":"post-7437","1":"post","2":"type-post","3":"status-publish","4":"format-standard","5":"has-post-thumbnail","7":"category-asturias"},"aioseo_notices":[],"aioseo_head":"\n\t\t<!-- All in One SEO Pro 4.9.6.2 - aioseo.com -->\n\t<meta name=\"description\" content=\"El consejero de Presidencia y portavoz del Principado, Guillermo Mart\u00ednez, ha abierto hoy en Oviedo una jornada de an\u00e1lisis y debate sobre el proceso de reindustrializaci\u00f3n de Europa que impulsa la Comisi\u00f3n Europea y en la que tanto los gobiernos estatales como los regionales est\u00e1n llamados a una participaci\u00f3n activa. Asturias lo hizo con una\" \/>\n\t<meta name=\"robots\" content=\"max-image-preview:large\" \/>\n\t<meta name=\"author\" content=\"Cand\u00e1s 365\"\/>\n\t<meta name=\"google-site-verification\" content=\"UA-32230408-1\" \/>\n\t<meta name=\"msvalidate.01\" content=\"354F3CDFB2DA171B47FBE9ABF1F88D5\" \/>\n\t<meta name=\"keywords\" content=\"asturias\" \/>\n\t<link rel=\"canonical\" href=\"https:\/\/candas365.es\/noticias\/guillermo-martinez-el-principado-apuesta-por-la-potenciacion-y-modernizacion-de-su-industria\/\" \/>\n\t<meta name=\"generator\" content=\"All in One SEO Pro (AIOSEO) 4.9.6.2\" \/>\n\t\t<meta property=\"og:locale\" content=\"es_ES\" \/>\n\t\t<meta property=\"og:site_name\" content=\"Cand\u00e1s 365\" \/>\n\t\t<meta property=\"og:type\" content=\"article\" \/>\n\t\t<meta property=\"og:title\" content=\"Guillermo Mart\u00ednez \u201cEl Principado apuesta por la potenciaci\u00f3n y modernizaci\u00f3n de su industria\u201d | Cand\u00e1s 365\" \/>\n\t\t<meta property=\"og:description\" content=\"El consejero de Presidencia y portavoz del Principado, Guillermo Mart\u00ednez, ha abierto hoy en Oviedo una jornada de an\u00e1lisis y debate sobre el proceso de reindustrializaci\u00f3n de Europa que impulsa la Comisi\u00f3n Europea y en la que tanto los gobiernos estatales como los regionales est\u00e1n llamados a una participaci\u00f3n activa. Asturias lo hizo con una\" \/>\n\t\t<meta property=\"og:url\" content=\"https:\/\/candas365.es\/noticias\/guillermo-martinez-el-principado-apuesta-por-la-potenciacion-y-modernizacion-de-su-industria\/\" \/>\n\t\t<meta property=\"og:image\" content=\"https:\/\/candas365.es\/noticias\/wp-content\/uploads\/2015\/02\/2015_02_19-consejero-iniciativa-vanguardia-2-scaled.jpg\" \/>\n\t\t<meta property=\"og:image:secure_url\" content=\"https:\/\/candas365.es\/noticias\/wp-content\/uploads\/2015\/02\/2015_02_19-consejero-iniciativa-vanguardia-2-scaled.jpg\" \/>\n\t\t<meta property=\"og:image:width\" content=\"2560\" \/>\n\t\t<meta property=\"og:image:height\" content=\"1640\" \/>\n\t\t<meta property=\"article:published_time\" content=\"2015-02-19T17:21:00+00:00\" \/>\n\t\t<meta property=\"article:modified_time\" content=\"2015-02-19T17:21:00+00:00\" \/>\n\t\t<meta property=\"article:publisher\" content=\"https:\/\/www.facebook.com\/Nachofdezber\" \/>\n\t\t<meta property=\"article:author\" content=\"https:\/\/www.facebook.com\/carrenoactualidad\" \/>\n\t\t<meta name=\"twitter:card\" content=\"summary_large_image\" \/>\n\t\t<meta name=\"twitter:site\" content=\"@NabercoDigital\" \/>\n\t\t<meta name=\"twitter:title\" content=\"Guillermo Mart\u00ednez \u201cEl Principado apuesta por la potenciaci\u00f3n y modernizaci\u00f3n de su industria\u201d | Cand\u00e1s 365\" \/>\n\t\t<meta name=\"twitter:description\" content=\"El consejero de Presidencia y portavoz del Principado, Guillermo Mart\u00ednez, ha abierto hoy en Oviedo una jornada de an\u00e1lisis y debate sobre el proceso de reindustrializaci\u00f3n de Europa que impulsa la Comisi\u00f3n Europea y en la que tanto los gobiernos estatales como los regionales est\u00e1n llamados a una participaci\u00f3n activa. Asturias lo hizo con una\" \/>\n\t\t<meta name=\"twitter:creator\" content=\"@nbasturias\" \/>\n\t\t<meta name=\"twitter:image\" content=\"https:\/\/candas365.es\/noticias\/wp-content\/uploads\/2015\/02\/2015_02_19-consejero-iniciativa-vanguardia-2-scaled.jpg\" \/>\n\t\t<meta name=\"twitter:label1\" content=\"Escrito por\" \/>\n\t\t<meta name=\"twitter:data1\" content=\"Cand\u00e1s 365\" \/>\n\t\t<meta name=\"twitter:label2\" content=\"Tiempo de lectura estimado\" \/>\n\t\t<meta name=\"twitter:data2\" content=\"4 minutos\" \/>\n\t\t<script type=\"application\/ld+json\" class=\"aioseo-schema\">\n\t\t\t{\"@context\":\"https:\\\/\\\/schema.org\",\"@graph\":[{\"@type\":\"BreadcrumbList\",\"@id\":\"https:\\\/\\\/candas365.es\\\/noticias\\\/guillermo-martinez-el-principado-apuesta-por-la-potenciacion-y-modernizacion-de-su-industria\\\/#breadcrumblist\",\"itemListElement\":[{\"@type\":\"ListItem\",\"@id\":\"https:\\\/\\\/candas365.es\\\/noticias#listItem\",\"position\":1,\"name\":\"Home\",\"item\":\"https:\\\/\\\/candas365.es\\\/noticias\",\"nextItem\":{\"@type\":\"ListItem\",\"@id\":\"https:\\\/\\\/candas365.es\\\/noticias\\\/category\\\/asturias\\\/#listItem\",\"name\":\"Asturias\"}},{\"@type\":\"ListItem\",\"@id\":\"https:\\\/\\\/candas365.es\\\/noticias\\\/category\\\/asturias\\\/#listItem\",\"position\":2,\"name\":\"Asturias\",\"item\":\"https:\\\/\\\/candas365.es\\\/noticias\\\/category\\\/asturias\\\/\",\"nextItem\":{\"@type\":\"ListItem\",\"@id\":\"https:\\\/\\\/candas365.es\\\/noticias\\\/guillermo-martinez-el-principado-apuesta-por-la-potenciacion-y-modernizacion-de-su-industria\\\/#listItem\",\"name\":\"Guillermo Mart\\u00ednez \\u201cEl Principado apuesta por la potenciaci\\u00f3n y modernizaci\\u00f3n de su industria\\u201d\"},\"previousItem\":{\"@type\":\"ListItem\",\"@id\":\"https:\\\/\\\/candas365.es\\\/noticias#listItem\",\"name\":\"Home\"}},{\"@type\":\"ListItem\",\"@id\":\"https:\\\/\\\/candas365.es\\\/noticias\\\/guillermo-martinez-el-principado-apuesta-por-la-potenciacion-y-modernizacion-de-su-industria\\\/#listItem\",\"position\":3,\"name\":\"Guillermo Mart\\u00ednez \\u201cEl Principado apuesta por la potenciaci\\u00f3n y modernizaci\\u00f3n de su industria\\u201d\",\"previousItem\":{\"@type\":\"ListItem\",\"@id\":\"https:\\\/\\\/candas365.es\\\/noticias\\\/category\\\/asturias\\\/#listItem\",\"name\":\"Asturias\"}}]},{\"@type\":\"NewsArticle\",\"@id\":\"https:\\\/\\\/candas365.es\\\/noticias\\\/guillermo-martinez-el-principado-apuesta-por-la-potenciacion-y-modernizacion-de-su-industria\\\/#newsarticle\",\"name\":\"Guillermo Mart\\u00ednez \\u201cEl Principado apuesta por la potenciaci\\u00f3n y modernizaci\\u00f3n de su industria\\u201d | Cand\\u00e1s 365\",\"headline\":\"Guillermo Mart\\u00ednez \\u201cEl Principado apuesta por la potenciaci\\u00f3n y modernizaci\\u00f3n de su industria\\u201d\",\"author\":{\"@id\":\"https:\\\/\\\/candas365.es\\\/noticias\\\/author\\\/admin\\\/#author\"},\"publisher\":{\"@id\":\"https:\\\/\\\/candas365.es\\\/noticias\\\/#organization\"},\"image\":{\"@type\":\"ImageObject\",\"url\":\"https:\\\/\\\/candas365.es\\\/noticias\\\/wp-content\\\/uploads\\\/2015\\\/02\\\/2015_02_19-consejero-iniciativa-vanguardia-2-scaled.jpg\",\"width\":2560,\"height\":1640},\"datePublished\":\"2015-02-19T15:21:00+01:00\",\"dateModified\":\"2015-02-19T15:21:00+01:00\",\"inLanguage\":\"es-ES\",\"mainEntityOfPage\":{\"@id\":\"https:\\\/\\\/candas365.es\\\/noticias\\\/guillermo-martinez-el-principado-apuesta-por-la-potenciacion-y-modernizacion-de-su-industria\\\/#webpage\"},\"isPartOf\":{\"@id\":\"https:\\\/\\\/candas365.es\\\/noticias\\\/guillermo-martinez-el-principado-apuesta-por-la-potenciacion-y-modernizacion-de-su-industria\\\/#webpage\"},\"articleSection\":\"Asturias\",\"dateline\":\"Publicado el febrero 19, 2015.\"},{\"@type\":\"Organization\",\"@id\":\"https:\\\/\\\/candas365.es\\\/noticias\\\/#organization\",\"name\":\"Cand\\u00e1s 365\",\"description\":\"Cand\\u00e1s 365 es un diario digital independiente, fundado en 2012, con base en Asturias. Informamos con rigor sobre actualidad, sociedad, cultura y ocio, con una mirada local y global.\",\"url\":\"https:\\\/\\\/candas365.es\\\/noticias\\\/\",\"email\":\"info@candas365.es\",\"telephone\":\"+34652131393\",\"foundingDate\":\"2012-06-10\",\"logo\":{\"@type\":\"ImageObject\",\"url\":\"https:\\\/\\\/candas365.es\\\/noticias\\\/wp-content\\\/uploads\\\/2024\\\/09\\\/Candas-365-Redes.jpg\",\"@id\":\"https:\\\/\\\/candas365.es\\\/noticias\\\/guillermo-martinez-el-principado-apuesta-por-la-potenciacion-y-modernizacion-de-su-industria\\\/#organizationLogo\",\"width\":1152,\"height\":864,\"caption\":\"Cand\\u00e1s 365 Redes\"},\"image\":{\"@id\":\"https:\\\/\\\/candas365.es\\\/noticias\\\/guillermo-martinez-el-principado-apuesta-por-la-potenciacion-y-modernizacion-de-su-industria\\\/#organizationLogo\"},\"sameAs\":[\"https:\\\/\\\/www.facebook.com\\\/Nachofdezber\",\"https:\\\/\\\/x.com\\\/NabercoDigital\",\"https:\\\/\\\/www.instagram.com\\\/nachofdezber\\\/\",\"https:\\\/\\\/www.youtube.com\\\/channel\\\/UCZP-2wLEB9Rv6erhFmqVnvg\"],\"address\":{\"@id\":\"https:\\\/\\\/candas365.es\\\/noticias\\\/#postaladdress\",\"@type\":\"PostalAddress\",\"streetAddress\":\"san antonio 4, san antonio 4\",\"postalCode\":\"33430\",\"addressLocality\":\"Cand\\u00e1s\",\"addressRegion\":\"Asturias\",\"addressCountry\":\"ES\"}},{\"@type\":\"Person\",\"@id\":\"https:\\\/\\\/candas365.es\\\/noticias\\\/author\\\/admin\\\/#author\",\"url\":\"https:\\\/\\\/candas365.es\\\/noticias\\\/author\\\/admin\\\/\",\"name\":\"Cand\\u00e1s 365\",\"image\":{\"@type\":\"ImageObject\",\"@id\":\"https:\\\/\\\/candas365.es\\\/noticias\\\/guillermo-martinez-el-principado-apuesta-por-la-potenciacion-y-modernizacion-de-su-industria\\\/#authorImage\",\"url\":\"https:\\\/\\\/secure.gravatar.com\\\/avatar\\\/496a8e03d0c493ede1718b7934145dbdf8d89be1036b0eec9544e1094c9de390?s=96&d=mm&r=g\",\"width\":96,\"height\":96,\"caption\":\"Cand\\u00e1s 365\"},\"sameAs\":[\"https:\\\/\\\/www.facebook.com\\\/carrenoactualidad\",\"https:\\\/\\\/twitter.com\\\/nbasturias\",\"https:\\\/\\\/www.instagram.com\\\/nachofdezber\\\/\",\"https:\\\/\\\/www.youtube.com\\\/channel\\\/UCZP-2wLEB9Rv6erhFmqVnvg\"]},{\"@type\":\"WebPage\",\"@id\":\"https:\\\/\\\/candas365.es\\\/noticias\\\/guillermo-martinez-el-principado-apuesta-por-la-potenciacion-y-modernizacion-de-su-industria\\\/#webpage\",\"url\":\"https:\\\/\\\/candas365.es\\\/noticias\\\/guillermo-martinez-el-principado-apuesta-por-la-potenciacion-y-modernizacion-de-su-industria\\\/\",\"name\":\"Guillermo Mart\\u00ednez \\u201cEl Principado apuesta por la potenciaci\\u00f3n y modernizaci\\u00f3n de su industria\\u201d | Cand\\u00e1s 365\",\"description\":\"El consejero de Presidencia y portavoz del Principado, Guillermo Mart\\u00ednez, ha abierto hoy en Oviedo una jornada de an\\u00e1lisis y debate sobre el proceso de reindustrializaci\\u00f3n de Europa que impulsa la Comisi\\u00f3n Europea y en la que tanto los gobiernos estatales como los regionales est\\u00e1n llamados a una participaci\\u00f3n activa. Asturias lo hizo con una\",\"inLanguage\":\"es-ES\",\"isPartOf\":{\"@id\":\"https:\\\/\\\/candas365.es\\\/noticias\\\/#website\"},\"breadcrumb\":{\"@id\":\"https:\\\/\\\/candas365.es\\\/noticias\\\/guillermo-martinez-el-principado-apuesta-por-la-potenciacion-y-modernizacion-de-su-industria\\\/#breadcrumblist\"},\"author\":{\"@id\":\"https:\\\/\\\/candas365.es\\\/noticias\\\/author\\\/admin\\\/#author\"},\"creator\":{\"@id\":\"https:\\\/\\\/candas365.es\\\/noticias\\\/author\\\/admin\\\/#author\"},\"image\":{\"@type\":\"ImageObject\",\"url\":\"https:\\\/\\\/candas365.es\\\/noticias\\\/wp-content\\\/uploads\\\/2015\\\/02\\\/2015_02_19-consejero-iniciativa-vanguardia-2-scaled.jpg\",\"@id\":\"https:\\\/\\\/candas365.es\\\/noticias\\\/guillermo-martinez-el-principado-apuesta-por-la-potenciacion-y-modernizacion-de-su-industria\\\/#mainImage\",\"width\":2560,\"height\":1640},\"primaryImageOfPage\":{\"@id\":\"https:\\\/\\\/candas365.es\\\/noticias\\\/guillermo-martinez-el-principado-apuesta-por-la-potenciacion-y-modernizacion-de-su-industria\\\/#mainImage\"},\"datePublished\":\"2015-02-19T15:21:00+01:00\",\"dateModified\":\"2015-02-19T15:21:00+01:00\"},{\"@type\":\"WebSite\",\"@id\":\"https:\\\/\\\/candas365.es\\\/noticias\\\/#website\",\"url\":\"https:\\\/\\\/candas365.es\\\/noticias\\\/\",\"name\":\"Cand\\u00e1s 365\",\"alternateName\":\"Cand\\u00e1s 365 Noticias\",\"description\":\"Actualidad desde Carre\\u00f1o para el mundo\",\"inLanguage\":\"es-ES\",\"publisher\":{\"@id\":\"https:\\\/\\\/candas365.es\\\/noticias\\\/#organization\"}}]}\n\t\t<\/script>\n\t\t<!-- All in One SEO Pro -->\r\n\t\t<title>Guillermo Mart\u00ednez \u201cEl Principado apuesta por la potenciaci\u00f3n y modernizaci\u00f3n de su industria\u201d | Cand\u00e1s 365<\/title>\n\n","aioseo_head_json":{"title":"Guillermo Mart\u00ednez \u201cEl Principado apuesta por la potenciaci\u00f3n y modernizaci\u00f3n de su industria\u201d | Cand\u00e1s 365","description":"El consejero de Presidencia y portavoz del Principado, Guillermo Mart\u00ednez, ha abierto hoy en Oviedo una jornada de an\u00e1lisis y debate sobre el proceso de reindustrializaci\u00f3n de Europa que impulsa la Comisi\u00f3n Europea y en la que tanto los gobiernos estatales como los regionales est\u00e1n llamados a una participaci\u00f3n activa. Asturias lo hizo con una","canonical_url":"https:\/\/candas365.es\/noticias\/guillermo-martinez-el-principado-apuesta-por-la-potenciacion-y-modernizacion-de-su-industria\/","robots":"max-image-preview:large","keywords":"asturias","webmasterTools":{"google-site-verification":"UA-32230408-1","msvalidate.01":"354F3CDFB2DA171B47FBE9ABF1F88D5","miscellaneous":""},"schema":{"@context":"https:\/\/schema.org","@graph":[{"@type":"BreadcrumbList","@id":"https:\/\/candas365.es\/noticias\/guillermo-martinez-el-principado-apuesta-por-la-potenciacion-y-modernizacion-de-su-industria\/#breadcrumblist","itemListElement":[{"@type":"ListItem","@id":"https:\/\/candas365.es\/noticias#listItem","position":1,"name":"Home","item":"https:\/\/candas365.es\/noticias","nextItem":{"@type":"ListItem","@id":"https:\/\/candas365.es\/noticias\/category\/asturias\/#listItem","name":"Asturias"}},{"@type":"ListItem","@id":"https:\/\/candas365.es\/noticias\/category\/asturias\/#listItem","position":2,"name":"Asturias","item":"https:\/\/candas365.es\/noticias\/category\/asturias\/","nextItem":{"@type":"ListItem","@id":"https:\/\/candas365.es\/noticias\/guillermo-martinez-el-principado-apuesta-por-la-potenciacion-y-modernizacion-de-su-industria\/#listItem","name":"Guillermo Mart\u00ednez \u201cEl Principado apuesta por la potenciaci\u00f3n y modernizaci\u00f3n de su industria\u201d"},"previousItem":{"@type":"ListItem","@id":"https:\/\/candas365.es\/noticias#listItem","name":"Home"}},{"@type":"ListItem","@id":"https:\/\/candas365.es\/noticias\/guillermo-martinez-el-principado-apuesta-por-la-potenciacion-y-modernizacion-de-su-industria\/#listItem","position":3,"name":"Guillermo Mart\u00ednez \u201cEl Principado apuesta por la potenciaci\u00f3n y modernizaci\u00f3n de su industria\u201d","previousItem":{"@type":"ListItem","@id":"https:\/\/candas365.es\/noticias\/category\/asturias\/#listItem","name":"Asturias"}}]},{"@type":"NewsArticle","@id":"https:\/\/candas365.es\/noticias\/guillermo-martinez-el-principado-apuesta-por-la-potenciacion-y-modernizacion-de-su-industria\/#newsarticle","name":"Guillermo Mart\u00ednez \u201cEl Principado apuesta por la potenciaci\u00f3n y modernizaci\u00f3n de su industria\u201d | Cand\u00e1s 365","headline":"Guillermo Mart\u00ednez \u201cEl Principado apuesta por la potenciaci\u00f3n y modernizaci\u00f3n de su industria\u201d","author":{"@id":"https:\/\/candas365.es\/noticias\/author\/admin\/#author"},"publisher":{"@id":"https:\/\/candas365.es\/noticias\/#organization"},"image":{"@type":"ImageObject","url":"https:\/\/candas365.es\/noticias\/wp-content\/uploads\/2015\/02\/2015_02_19-consejero-iniciativa-vanguardia-2-scaled.jpg","width":2560,"height":1640},"datePublished":"2015-02-19T15:21:00+01:00","dateModified":"2015-02-19T15:21:00+01:00","inLanguage":"es-ES","mainEntityOfPage":{"@id":"https:\/\/candas365.es\/noticias\/guillermo-martinez-el-principado-apuesta-por-la-potenciacion-y-modernizacion-de-su-industria\/#webpage"},"isPartOf":{"@id":"https:\/\/candas365.es\/noticias\/guillermo-martinez-el-principado-apuesta-por-la-potenciacion-y-modernizacion-de-su-industria\/#webpage"},"articleSection":"Asturias","dateline":"Publicado el febrero 19, 2015."},{"@type":"Organization","@id":"https:\/\/candas365.es\/noticias\/#organization","name":"Cand\u00e1s 365","description":"Cand\u00e1s 365 es un diario digital independiente, fundado en 2012, con base en Asturias. Informamos con rigor sobre actualidad, sociedad, cultura y ocio, con una mirada local y global.","url":"https:\/\/candas365.es\/noticias\/","email":"info@candas365.es","telephone":"+34652131393","foundingDate":"2012-06-10","logo":{"@type":"ImageObject","url":"https:\/\/candas365.es\/noticias\/wp-content\/uploads\/2024\/09\/Candas-365-Redes.jpg","@id":"https:\/\/candas365.es\/noticias\/guillermo-martinez-el-principado-apuesta-por-la-potenciacion-y-modernizacion-de-su-industria\/#organizationLogo","width":1152,"height":864,"caption":"Cand\u00e1s 365 Redes"},"image":{"@id":"https:\/\/candas365.es\/noticias\/guillermo-martinez-el-principado-apuesta-por-la-potenciacion-y-modernizacion-de-su-industria\/#organizationLogo"},"sameAs":["https:\/\/www.facebook.com\/Nachofdezber","https:\/\/x.com\/NabercoDigital","https:\/\/www.instagram.com\/nachofdezber\/","https:\/\/www.youtube.com\/channel\/UCZP-2wLEB9Rv6erhFmqVnvg"],"address":{"@id":"https:\/\/candas365.es\/noticias\/#postaladdress","@type":"PostalAddress","streetAddress":"san antonio 4, san antonio 4","postalCode":"33430","addressLocality":"Cand\u00e1s","addressRegion":"Asturias","addressCountry":"ES"}},{"@type":"Person","@id":"https:\/\/candas365.es\/noticias\/author\/admin\/#author","url":"https:\/\/candas365.es\/noticias\/author\/admin\/","name":"Cand\u00e1s 365","image":{"@type":"ImageObject","@id":"https:\/\/candas365.es\/noticias\/guillermo-martinez-el-principado-apuesta-por-la-potenciacion-y-modernizacion-de-su-industria\/#authorImage","url":"https:\/\/secure.gravatar.com\/avatar\/496a8e03d0c493ede1718b7934145dbdf8d89be1036b0eec9544e1094c9de390?s=96&d=mm&r=g","width":96,"height":96,"caption":"Cand\u00e1s 365"},"sameAs":["https:\/\/www.facebook.com\/carrenoactualidad","https:\/\/twitter.com\/nbasturias","https:\/\/www.instagram.com\/nachofdezber\/","https:\/\/www.youtube.com\/channel\/UCZP-2wLEB9Rv6erhFmqVnvg"]},{"@type":"WebPage","@id":"https:\/\/candas365.es\/noticias\/guillermo-martinez-el-principado-apuesta-por-la-potenciacion-y-modernizacion-de-su-industria\/#webpage","url":"https:\/\/candas365.es\/noticias\/guillermo-martinez-el-principado-apuesta-por-la-potenciacion-y-modernizacion-de-su-industria\/","name":"Guillermo Mart\u00ednez \u201cEl Principado apuesta por la potenciaci\u00f3n y modernizaci\u00f3n de su industria\u201d | Cand\u00e1s 365","description":"El consejero de Presidencia y portavoz del Principado, Guillermo Mart\u00ednez, ha abierto hoy en Oviedo una jornada de an\u00e1lisis y debate sobre el proceso de reindustrializaci\u00f3n de Europa que impulsa la Comisi\u00f3n Europea y en la que tanto los gobiernos estatales como los regionales est\u00e1n llamados a una participaci\u00f3n activa. Asturias lo hizo con una","inLanguage":"es-ES","isPartOf":{"@id":"https:\/\/candas365.es\/noticias\/#website"},"breadcrumb":{"@id":"https:\/\/candas365.es\/noticias\/guillermo-martinez-el-principado-apuesta-por-la-potenciacion-y-modernizacion-de-su-industria\/#breadcrumblist"},"author":{"@id":"https:\/\/candas365.es\/noticias\/author\/admin\/#author"},"creator":{"@id":"https:\/\/candas365.es\/noticias\/author\/admin\/#author"},"image":{"@type":"ImageObject","url":"https:\/\/candas365.es\/noticias\/wp-content\/uploads\/2015\/02\/2015_02_19-consejero-iniciativa-vanguardia-2-scaled.jpg","@id":"https:\/\/candas365.es\/noticias\/guillermo-martinez-el-principado-apuesta-por-la-potenciacion-y-modernizacion-de-su-industria\/#mainImage","width":2560,"height":1640},"primaryImageOfPage":{"@id":"https:\/\/candas365.es\/noticias\/guillermo-martinez-el-principado-apuesta-por-la-potenciacion-y-modernizacion-de-su-industria\/#mainImage"},"datePublished":"2015-02-19T15:21:00+01:00","dateModified":"2015-02-19T15:21:00+01:00"},{"@type":"WebSite","@id":"https:\/\/candas365.es\/noticias\/#website","url":"https:\/\/candas365.es\/noticias\/","name":"Cand\u00e1s 365","alternateName":"Cand\u00e1s 365 Noticias","description":"Actualidad desde Carre\u00f1o para el mundo","inLanguage":"es-ES","publisher":{"@id":"https:\/\/candas365.es\/noticias\/#organization"}}]},"og:locale":"es_ES","og:site_name":"Cand\u00e1s 365","og:type":"article","og:title":"Guillermo Mart\u00ednez \u201cEl Principado apuesta por la potenciaci\u00f3n y modernizaci\u00f3n de su industria\u201d | Cand\u00e1s 365","og:description":"El consejero de Presidencia y portavoz del Principado, Guillermo Mart\u00ednez, ha abierto hoy en Oviedo una jornada de an\u00e1lisis y debate sobre el proceso de reindustrializaci\u00f3n de Europa que impulsa la Comisi\u00f3n Europea y en la que tanto los gobiernos estatales como los regionales est\u00e1n llamados a una participaci\u00f3n activa. Asturias lo hizo con una","og:url":"https:\/\/candas365.es\/noticias\/guillermo-martinez-el-principado-apuesta-por-la-potenciacion-y-modernizacion-de-su-industria\/","og:image":"https:\/\/candas365.es\/noticias\/wp-content\/uploads\/2015\/02\/2015_02_19-consejero-iniciativa-vanguardia-2-scaled.jpg","og:image:secure_url":"https:\/\/candas365.es\/noticias\/wp-content\/uploads\/2015\/02\/2015_02_19-consejero-iniciativa-vanguardia-2-scaled.jpg","og:image:width":2560,"og:image:height":1640,"article:published_time":"2015-02-19T17:21:00+00:00","article:modified_time":"2015-02-19T17:21:00+00:00","article:publisher":"https:\/\/www.facebook.com\/Nachofdezber","article:author":"https:\/\/www.facebook.com\/carrenoactualidad","twitter:card":"summary_large_image","twitter:site":"@NabercoDigital","twitter:title":"Guillermo Mart\u00ednez \u201cEl Principado apuesta por la potenciaci\u00f3n y modernizaci\u00f3n de su industria\u201d | Cand\u00e1s 365","twitter:description":"El consejero de Presidencia y portavoz del Principado, Guillermo Mart\u00ednez, ha abierto hoy en Oviedo una jornada de an\u00e1lisis y debate sobre el proceso de reindustrializaci\u00f3n de Europa que impulsa la Comisi\u00f3n Europea y en la que tanto los gobiernos estatales como los regionales est\u00e1n llamados a una participaci\u00f3n activa. Asturias lo hizo con una","twitter:creator":"@nbasturias","twitter:image":"https:\/\/candas365.es\/noticias\/wp-content\/uploads\/2015\/02\/2015_02_19-consejero-iniciativa-vanguardia-2-scaled.jpg","twitter:label1":"Escrito por","twitter:data1":"Cand\u00e1s 365","twitter:label2":"Tiempo de lectura estimado","twitter:data2":"4 minutos"},"aioseo_meta_data":{"post_id":"7437","title":null,"description":null,"keywords":null,"keyphrases":null,"primary_term":null,"canonical_url":null,"og_title":null,"og_description":null,"og_object_type":"default","og_image_type":"default","og_image_url":null,"og_image_width":null,"og_image_height":null,"og_image_custom_url":null,"og_image_custom_fields":null,"og_video":null,"og_custom_url":null,"og_article_section":null,"og_article_tags":null,"twitter_use_og":false,"twitter_card":"default","twitter_image_type":"default","twitter_image_url":null,"twitter_image_custom_url":null,"twitter_image_custom_fields":null,"twitter_title":null,"twitter_description":null,"schema":{"blockGraphs":[],"customGraphs":[],"default":{"data":{"Article":[],"Course":[],"Dataset":[],"FAQPage":[],"Movie":[],"Person":[],"Product":[],"ProductReview":[],"Car":[],"Recipe":[],"Service":[],"SoftwareApplication":[],"WebPage":[]},"graphName":"","isEnabled":true},"graphs":[],"defaultGraph":"","defaultPostTypeGraph":""},"schema_type":null,"schema_type_options":null,"pillar_content":false,"robots_default":true,"robots_noindex":false,"robots_noarchive":false,"robots_nosnippet":false,"robots_nofollow":false,"robots_noimageindex":false,"robots_noodp":false,"robots_notranslate":false,"robots_max_snippet":null,"robots_max_videopreview":null,"robots_max_imagepreview":"large","priority":null,"frequency":null,"location":null,"local_seo":null,"seo_analyzer_scan_date":"2025-08-23 05:24:39","breadcrumb_settings":null,"limit_modified_date":false,"reviewed_by":null,"open_ai":null,"ai":null,"created":"2020-12-21 10:55:28","updated":"2025-08-23 05:24:39"},"aioseo_breadcrumb":"<div class=\"aioseo-breadcrumbs\"><span class=\"aioseo-breadcrumb\">\n\t<a href=\"https:\/\/candas365.es\/noticias\" title=\"Home\">Home<\/a>\n<\/span><span class=\"aioseo-breadcrumb-separator\">&ndash;<\/span><span class=\"aioseo-breadcrumb\">\n\t<a href=\"https:\/\/candas365.es\/noticias\/category\/asturias\/\" title=\"Asturias\">Asturias<\/a>\n<\/span><span class=\"aioseo-breadcrumb-separator\">&ndash;<\/span><span class=\"aioseo-breadcrumb\">\n\tGuillermo Mart\u00ednez \u201cEl Principado apuesta por la potenciaci\u00f3n y modernizaci\u00f3n de su industria\u201d\n<\/span><\/div>","aioseo_breadcrumb_json":[{"label":"Home","link":"https:\/\/candas365.es\/noticias"},{"label":"Asturias","link":"https:\/\/candas365.es\/noticias\/category\/asturias\/"},{"label":"Guillermo Mart\u00ednez \u201cEl Principado apuesta por la potenciaci\u00f3n y modernizaci\u00f3n de su industria\u201d","link":"https:\/\/candas365.es\/noticias\/guillermo-martinez-el-principado-apuesta-por-la-potenciacion-y-modernizacion-de-su-industria\/"}],"_links":{"self":[{"href":"https:\/\/candas365.es\/noticias\/wp-json\/wp\/v2\/posts\/7437","targetHints":{"allow":["GET"]}}],"collection":[{"href":"https:\/\/candas365.es\/noticias\/wp-json\/wp\/v2\/posts"}],"about":[{"href":"https:\/\/candas365.es\/noticias\/wp-json\/wp\/v2\/types\/post"}],"author":[{"embeddable":true,"href":"https:\/\/candas365.es\/noticias\/wp-json\/wp\/v2\/users\/1"}],"replies":[{"embeddable":true,"href":"https:\/\/candas365.es\/noticias\/wp-json\/wp\/v2\/comments?post=7437"}],"version-history":[{"count":0,"href":"https:\/\/candas365.es\/noticias\/wp-json\/wp\/v2\/posts\/7437\/revisions"}],"wp:featuredmedia":[{"embeddable":true,"href":"https:\/\/candas365.es\/noticias\/wp-json\/wp\/v2\/media\/7438"}],"wp:attachment":[{"href":"https:\/\/candas365.es\/noticias\/wp-json\/wp\/v2\/media?parent=7437"}],"wp:term":[{"taxonomy":"category","embeddable":true,"href":"https:\/\/candas365.es\/noticias\/wp-json\/wp\/v2\/categories?post=7437"},{"taxonomy":"post_tag","embeddable":true,"href":"https:\/\/candas365.es\/noticias\/wp-json\/wp\/v2\/tags?post=7437"}],"curies":[{"name":"wp","href":"https:\/\/api.w.org\/{rel}","templated":true}]}}