{"id":7382,"date":"2015-02-18T16:43:05","date_gmt":"2015-02-18T18:43:05","guid":{"rendered":"http:\/\/candas365.es\/noticias\/?p=7382"},"modified":"2015-02-18T16:43:15","modified_gmt":"2015-02-18T18:43:15","slug":"adjudicadas-58-viviendas-publicas-en-alquiler-en-cinco-concejos-de-asturias","status":"publish","type":"post","link":"https:\/\/candas365.es\/noticias\/adjudicadas-58-viviendas-publicas-en-alquiler-en-cinco-concejos-de-asturias\/","title":{"rendered":"Adjudicadas 58 viviendas p\u00fablicas en alquiler en cinco concejos de Asturias"},"content":{"rendered":"<p><img fetchpriority=\"high\" decoding=\"async\" class=\"alignleft size-medium wp-image-7383\" src=\"https:\/\/candas365.es\/noticias\/wp-content\/uploads\/2015\/02\/2015_02_18-Reunion-CG-2-360x232.jpg\" alt=\"2015_02_18 Reunion CG  2\" width=\"360\" height=\"232\" srcset=\"https:\/\/candas365.es\/noticias\/wp-content\/uploads\/2015\/02\/2015_02_18-Reunion-CG-2-360x232.jpg 360w, https:\/\/candas365.es\/noticias\/wp-content\/uploads\/2015\/02\/2015_02_18-Reunion-CG-2-650x419.jpg 650w, https:\/\/candas365.es\/noticias\/wp-content\/uploads\/2015\/02\/2015_02_18-Reunion-CG-2-768x495.jpg 768w, https:\/\/candas365.es\/noticias\/wp-content\/uploads\/2015\/02\/2015_02_18-Reunion-CG-2-1536x990.jpg 1536w, https:\/\/candas365.es\/noticias\/wp-content\/uploads\/2015\/02\/2015_02_18-Reunion-CG-2-150x97.jpg 150w, https:\/\/candas365.es\/noticias\/wp-content\/uploads\/2015\/02\/2015_02_18-Reunion-CG-2-450x290.jpg 450w, https:\/\/candas365.es\/noticias\/wp-content\/uploads\/2015\/02\/2015_02_18-Reunion-CG-2-1200x774.jpg 1200w, https:\/\/candas365.es\/noticias\/wp-content\/uploads\/2015\/02\/2015_02_18-Reunion-CG-2-655x422.jpg 655w, https:\/\/candas365.es\/noticias\/wp-content\/uploads\/2015\/02\/2015_02_18-Reunion-CG-2-696x449.jpg 696w, https:\/\/candas365.es\/noticias\/wp-content\/uploads\/2015\/02\/2015_02_18-Reunion-CG-2-1068x688.jpg 1068w, https:\/\/candas365.es\/noticias\/wp-content\/uploads\/2015\/02\/2015_02_18-Reunion-CG-2-652x420.jpg 652w, https:\/\/candas365.es\/noticias\/wp-content\/uploads\/2015\/02\/2015_02_18-Reunion-CG-2-84x55.jpg 84w, https:\/\/candas365.es\/noticias\/wp-content\/uploads\/2015\/02\/2015_02_18-Reunion-CG-2.jpg 1632w\" sizes=\"(max-width: 360px) 100vw, 360px\" \/>La consejera de Bienestar Social y Vivienda, Graciela Blanco, ha informado al Consejo de Gobierno del proceso de adjudicaci\u00f3n, en r\u00e9gimen de alquiler, de 58 viviendas p\u00fablicas vacantes en cinco concejos, pol\u00edtica que se seguir\u00e1 intensificando durante las pr\u00f3ximas semanas.<\/p>\n<p>Esta medida es un elemento clave en las pol\u00edticas sociales impulsadas por el Ejecutivo a favor de las familias y de las personas con menos recursos econ\u00f3micos y forma parte del plan de choque para poner a disposici\u00f3n de los ciudadanos el mayor n\u00famero posible de viviendas vacantes pertenecientes al parque del Principado, que asciende a 9.500, incluyendo las de protecci\u00f3n de la sociedad p\u00fablica Vipasa.<\/p>\n<p>En los dos a\u00f1os y ocho meses de la legislatura actual, se han rehabilitado y acondicionado 792 viviendas vacantes, para lo que se han destinado 2,4 millones de euros. En 2014 se entregaron 469 viviendas en 50 municipios. En estos primeros dos meses del a\u00f1o, se han adjudicado 58 viviendas en r\u00e9gimen de alquiler en Villay\u00f3n, Grado, Teverga, Sobrescobio y Gij\u00f3n.<\/p>\n<p>En la recuperaci\u00f3n de estas viviendas el Gobierno de Asturias ha invertido 490.606 euros, de los que 290.942 se destinaron a la rehabilitaci\u00f3n de 50 viviendas de promoci\u00f3n p\u00fablica de Gij\u00f3n, ubicadas en Montevil, El Lauredal, Roces, El Cerillero, Trema\u00f1es, El Natahoyo, Gij\u00f3n centro y la carretera Carbonera. Tienen una superficie \u00fatil de entre 30,23 y 89,75 metros cuadrados, algunas con trastero vinculado. La renta inicial de estas viviendas se acomoda a las circunstancias econ\u00f3micas y familiares de los adjudicatarios.<\/p>\n<p>Desde el verano de 2012, la Consejer\u00eda de Bienestar Social y Vivienda ha entregado m\u00e1s 900 viviendas en r\u00e9gimen de alquiler en distintos municipios. Del total, 660 fueron adjudicadas en convocatoria p\u00fablica, 157 por el procedimiento de emergencia, y otras 104 por el de urgencia. La modificaci\u00f3n del decreto de adjudicaci\u00f3n de viviendas del Principado, aprobado en el verano de 2012, ha permitido agilizar los plazos de adjudicaci\u00f3n y dar una respuesta m\u00e1s r\u00e1pida a las situaciones urgentes.<\/p>\n","protected":false},"excerpt":{"rendered":"<p>La consejera de Bienestar Social y Vivienda, Graciela Blanco, ha informado al Consejo de Gobierno del proceso de adjudicaci\u00f3n, en r\u00e9gimen de alquiler, de 58 viviendas p\u00fablicas vacantes en cinco concejos, pol\u00edtica que se seguir\u00e1 intensificando durante las pr\u00f3ximas semanas. Esta medida es un elemento clave en las pol\u00edticas sociales impulsadas por el Ejecutivo a<\/p>\n","protected":false},"author":1,"featured_media":7383,"comment_status":"open","ping_status":"closed","sticky":false,"template":"","format":"standard","meta":{"footnotes":""},"categories":[7],"tags":[],"class_list":{"0":"post-7382","1":"post","2":"type-post","3":"status-publish","4":"format-standard","5":"has-post-thumbnail","7":"category-asturias"},"aioseo_notices":[],"aioseo_head":"\n\t\t<!-- All in One SEO Pro 4.9.6.2 - aioseo.com -->\n\t<meta name=\"description\" content=\"La consejera de Bienestar Social y Vivienda, Graciela Blanco, ha informado al Consejo de Gobierno del proceso de adjudicaci\u00f3n, en r\u00e9gimen de alquiler, de 58 viviendas p\u00fablicas vacantes en cinco concejos, pol\u00edtica que se seguir\u00e1 intensificando durante las pr\u00f3ximas semanas. Esta medida es un elemento clave en las pol\u00edticas sociales impulsadas por el Ejecutivo a\" \/>\n\t<meta name=\"robots\" content=\"max-image-preview:large\" \/>\n\t<meta name=\"author\" content=\"Cand\u00e1s 365\"\/>\n\t<meta name=\"google-site-verification\" content=\"UA-32230408-1\" \/>\n\t<meta name=\"msvalidate.01\" content=\"354F3CDFB2DA171B47FBE9ABF1F88D5\" \/>\n\t<meta name=\"keywords\" content=\"asturias\" \/>\n\t<link rel=\"canonical\" href=\"https:\/\/candas365.es\/noticias\/adjudicadas-58-viviendas-publicas-en-alquiler-en-cinco-concejos-de-asturias\/\" \/>\n\t<meta name=\"generator\" content=\"All in One SEO Pro (AIOSEO) 4.9.6.2\" \/>\n\t\t<meta property=\"og:locale\" content=\"es_ES\" \/>\n\t\t<meta property=\"og:site_name\" content=\"Cand\u00e1s 365\" \/>\n\t\t<meta property=\"og:type\" content=\"article\" \/>\n\t\t<meta property=\"og:title\" content=\"Adjudicadas 58 viviendas p\u00fablicas en alquiler en cinco concejos de Asturias | Cand\u00e1s 365\" \/>\n\t\t<meta property=\"og:description\" content=\"La consejera de Bienestar Social y Vivienda, Graciela Blanco, ha informado al Consejo de Gobierno del proceso de adjudicaci\u00f3n, en r\u00e9gimen de alquiler, de 58 viviendas p\u00fablicas vacantes en cinco concejos, pol\u00edtica que se seguir\u00e1 intensificando durante las pr\u00f3ximas semanas. Esta medida es un elemento clave en las pol\u00edticas sociales impulsadas por el Ejecutivo a\" \/>\n\t\t<meta property=\"og:url\" content=\"https:\/\/candas365.es\/noticias\/adjudicadas-58-viviendas-publicas-en-alquiler-en-cinco-concejos-de-asturias\/\" \/>\n\t\t<meta property=\"og:image\" content=\"https:\/\/candas365.es\/noticias\/wp-content\/uploads\/2015\/02\/2015_02_18-Reunion-CG-2.jpg\" \/>\n\t\t<meta property=\"og:image:secure_url\" content=\"https:\/\/candas365.es\/noticias\/wp-content\/uploads\/2015\/02\/2015_02_18-Reunion-CG-2.jpg\" \/>\n\t\t<meta property=\"og:image:width\" content=\"1632\" \/>\n\t\t<meta property=\"og:image:height\" content=\"1052\" \/>\n\t\t<meta property=\"article:published_time\" content=\"2015-02-18T18:43:05+00:00\" \/>\n\t\t<meta property=\"article:modified_time\" content=\"2015-02-18T18:43:15+00:00\" \/>\n\t\t<meta property=\"article:publisher\" content=\"https:\/\/www.facebook.com\/Nachofdezber\" \/>\n\t\t<meta property=\"article:author\" content=\"https:\/\/www.facebook.com\/carrenoactualidad\" \/>\n\t\t<meta name=\"twitter:card\" content=\"summary_large_image\" \/>\n\t\t<meta name=\"twitter:site\" content=\"@NabercoDigital\" \/>\n\t\t<meta name=\"twitter:title\" content=\"Adjudicadas 58 viviendas p\u00fablicas en alquiler en cinco concejos de Asturias | Cand\u00e1s 365\" \/>\n\t\t<meta name=\"twitter:description\" content=\"La consejera de Bienestar Social y Vivienda, Graciela Blanco, ha informado al Consejo de Gobierno del proceso de adjudicaci\u00f3n, en r\u00e9gimen de alquiler, de 58 viviendas p\u00fablicas vacantes en cinco concejos, pol\u00edtica que se seguir\u00e1 intensificando durante las pr\u00f3ximas semanas. Esta medida es un elemento clave en las pol\u00edticas sociales impulsadas por el Ejecutivo a\" \/>\n\t\t<meta name=\"twitter:creator\" content=\"@nbasturias\" \/>\n\t\t<meta name=\"twitter:image\" content=\"https:\/\/candas365.es\/noticias\/wp-content\/uploads\/2015\/02\/2015_02_18-Reunion-CG-2.jpg\" \/>\n\t\t<meta name=\"twitter:label1\" content=\"Escrito por\" \/>\n\t\t<meta name=\"twitter:data1\" content=\"Cand\u00e1s 365\" \/>\n\t\t<meta name=\"twitter:label2\" content=\"Tiempo de lectura estimado\" \/>\n\t\t<meta name=\"twitter:data2\" content=\"2 minutos\" \/>\n\t\t<script type=\"application\/ld+json\" class=\"aioseo-schema\">\n\t\t\t{\"@context\":\"https:\\\/\\\/schema.org\",\"@graph\":[{\"@type\":\"BreadcrumbList\",\"@id\":\"https:\\\/\\\/candas365.es\\\/noticias\\\/adjudicadas-58-viviendas-publicas-en-alquiler-en-cinco-concejos-de-asturias\\\/#breadcrumblist\",\"itemListElement\":[{\"@type\":\"ListItem\",\"@id\":\"https:\\\/\\\/candas365.es\\\/noticias#listItem\",\"position\":1,\"name\":\"Home\",\"item\":\"https:\\\/\\\/candas365.es\\\/noticias\",\"nextItem\":{\"@type\":\"ListItem\",\"@id\":\"https:\\\/\\\/candas365.es\\\/noticias\\\/category\\\/asturias\\\/#listItem\",\"name\":\"Asturias\"}},{\"@type\":\"ListItem\",\"@id\":\"https:\\\/\\\/candas365.es\\\/noticias\\\/category\\\/asturias\\\/#listItem\",\"position\":2,\"name\":\"Asturias\",\"item\":\"https:\\\/\\\/candas365.es\\\/noticias\\\/category\\\/asturias\\\/\",\"nextItem\":{\"@type\":\"ListItem\",\"@id\":\"https:\\\/\\\/candas365.es\\\/noticias\\\/adjudicadas-58-viviendas-publicas-en-alquiler-en-cinco-concejos-de-asturias\\\/#listItem\",\"name\":\"Adjudicadas 58 viviendas p\\u00fablicas en alquiler en cinco concejos de Asturias\"},\"previousItem\":{\"@type\":\"ListItem\",\"@id\":\"https:\\\/\\\/candas365.es\\\/noticias#listItem\",\"name\":\"Home\"}},{\"@type\":\"ListItem\",\"@id\":\"https:\\\/\\\/candas365.es\\\/noticias\\\/adjudicadas-58-viviendas-publicas-en-alquiler-en-cinco-concejos-de-asturias\\\/#listItem\",\"position\":3,\"name\":\"Adjudicadas 58 viviendas p\\u00fablicas en alquiler en cinco concejos de Asturias\",\"previousItem\":{\"@type\":\"ListItem\",\"@id\":\"https:\\\/\\\/candas365.es\\\/noticias\\\/category\\\/asturias\\\/#listItem\",\"name\":\"Asturias\"}}]},{\"@type\":\"NewsArticle\",\"@id\":\"https:\\\/\\\/candas365.es\\\/noticias\\\/adjudicadas-58-viviendas-publicas-en-alquiler-en-cinco-concejos-de-asturias\\\/#newsarticle\",\"name\":\"Adjudicadas 58 viviendas p\\u00fablicas en alquiler en cinco concejos de Asturias | Cand\\u00e1s 365\",\"headline\":\"Adjudicadas 58 viviendas p\\u00fablicas en alquiler en cinco concejos de Asturias\",\"author\":{\"@id\":\"https:\\\/\\\/candas365.es\\\/noticias\\\/author\\\/admin\\\/#author\"},\"publisher\":{\"@id\":\"https:\\\/\\\/candas365.es\\\/noticias\\\/#organization\"},\"image\":{\"@type\":\"ImageObject\",\"url\":\"https:\\\/\\\/candas365.es\\\/noticias\\\/wp-content\\\/uploads\\\/2015\\\/02\\\/2015_02_18-Reunion-CG-2.jpg\",\"width\":1632,\"height\":1052},\"datePublished\":\"2015-02-18T16:43:05+01:00\",\"dateModified\":\"2015-02-18T16:43:15+01:00\",\"inLanguage\":\"es-ES\",\"mainEntityOfPage\":{\"@id\":\"https:\\\/\\\/candas365.es\\\/noticias\\\/adjudicadas-58-viviendas-publicas-en-alquiler-en-cinco-concejos-de-asturias\\\/#webpage\"},\"isPartOf\":{\"@id\":\"https:\\\/\\\/candas365.es\\\/noticias\\\/adjudicadas-58-viviendas-publicas-en-alquiler-en-cinco-concejos-de-asturias\\\/#webpage\"},\"articleSection\":\"Asturias\",\"dateline\":\"Publicado el febrero 18, 2015.\"},{\"@type\":\"Organization\",\"@id\":\"https:\\\/\\\/candas365.es\\\/noticias\\\/#organization\",\"name\":\"Cand\\u00e1s 365\",\"description\":\"Cand\\u00e1s 365 es un diario digital independiente, fundado en 2012, con base en Asturias. Informamos con rigor sobre actualidad, sociedad, cultura y ocio, con una mirada local y global.\",\"url\":\"https:\\\/\\\/candas365.es\\\/noticias\\\/\",\"email\":\"info@candas365.es\",\"telephone\":\"+34652131393\",\"foundingDate\":\"2012-06-10\",\"logo\":{\"@type\":\"ImageObject\",\"url\":\"https:\\\/\\\/candas365.es\\\/noticias\\\/wp-content\\\/uploads\\\/2024\\\/09\\\/Candas-365-Redes.jpg\",\"@id\":\"https:\\\/\\\/candas365.es\\\/noticias\\\/adjudicadas-58-viviendas-publicas-en-alquiler-en-cinco-concejos-de-asturias\\\/#organizationLogo\",\"width\":1152,\"height\":864,\"caption\":\"Cand\\u00e1s 365 Redes\"},\"image\":{\"@id\":\"https:\\\/\\\/candas365.es\\\/noticias\\\/adjudicadas-58-viviendas-publicas-en-alquiler-en-cinco-concejos-de-asturias\\\/#organizationLogo\"},\"sameAs\":[\"https:\\\/\\\/www.facebook.com\\\/Nachofdezber\",\"https:\\\/\\\/x.com\\\/NabercoDigital\",\"https:\\\/\\\/www.instagram.com\\\/nachofdezber\\\/\",\"https:\\\/\\\/www.youtube.com\\\/channel\\\/UCZP-2wLEB9Rv6erhFmqVnvg\"],\"address\":{\"@id\":\"https:\\\/\\\/candas365.es\\\/noticias\\\/#postaladdress\",\"@type\":\"PostalAddress\",\"streetAddress\":\"san antonio 4, san antonio 4\",\"postalCode\":\"33430\",\"addressLocality\":\"Cand\\u00e1s\",\"addressRegion\":\"Asturias\",\"addressCountry\":\"ES\"}},{\"@type\":\"Person\",\"@id\":\"https:\\\/\\\/candas365.es\\\/noticias\\\/author\\\/admin\\\/#author\",\"url\":\"https:\\\/\\\/candas365.es\\\/noticias\\\/author\\\/admin\\\/\",\"name\":\"Cand\\u00e1s 365\",\"image\":{\"@type\":\"ImageObject\",\"@id\":\"https:\\\/\\\/candas365.es\\\/noticias\\\/adjudicadas-58-viviendas-publicas-en-alquiler-en-cinco-concejos-de-asturias\\\/#authorImage\",\"url\":\"https:\\\/\\\/secure.gravatar.com\\\/avatar\\\/496a8e03d0c493ede1718b7934145dbdf8d89be1036b0eec9544e1094c9de390?s=96&d=mm&r=g\",\"width\":96,\"height\":96,\"caption\":\"Cand\\u00e1s 365\"},\"sameAs\":[\"https:\\\/\\\/www.facebook.com\\\/carrenoactualidad\",\"https:\\\/\\\/twitter.com\\\/nbasturias\",\"https:\\\/\\\/www.instagram.com\\\/nachofdezber\\\/\",\"https:\\\/\\\/www.youtube.com\\\/channel\\\/UCZP-2wLEB9Rv6erhFmqVnvg\"]},{\"@type\":\"WebPage\",\"@id\":\"https:\\\/\\\/candas365.es\\\/noticias\\\/adjudicadas-58-viviendas-publicas-en-alquiler-en-cinco-concejos-de-asturias\\\/#webpage\",\"url\":\"https:\\\/\\\/candas365.es\\\/noticias\\\/adjudicadas-58-viviendas-publicas-en-alquiler-en-cinco-concejos-de-asturias\\\/\",\"name\":\"Adjudicadas 58 viviendas p\\u00fablicas en alquiler en cinco concejos de Asturias | Cand\\u00e1s 365\",\"description\":\"La consejera de Bienestar Social y Vivienda, Graciela Blanco, ha informado al Consejo de Gobierno del proceso de adjudicaci\\u00f3n, en r\\u00e9gimen de alquiler, de 58 viviendas p\\u00fablicas vacantes en cinco concejos, pol\\u00edtica que se seguir\\u00e1 intensificando durante las pr\\u00f3ximas semanas. Esta medida es un elemento clave en las pol\\u00edticas sociales impulsadas por el Ejecutivo a\",\"inLanguage\":\"es-ES\",\"isPartOf\":{\"@id\":\"https:\\\/\\\/candas365.es\\\/noticias\\\/#website\"},\"breadcrumb\":{\"@id\":\"https:\\\/\\\/candas365.es\\\/noticias\\\/adjudicadas-58-viviendas-publicas-en-alquiler-en-cinco-concejos-de-asturias\\\/#breadcrumblist\"},\"author\":{\"@id\":\"https:\\\/\\\/candas365.es\\\/noticias\\\/author\\\/admin\\\/#author\"},\"creator\":{\"@id\":\"https:\\\/\\\/candas365.es\\\/noticias\\\/author\\\/admin\\\/#author\"},\"image\":{\"@type\":\"ImageObject\",\"url\":\"https:\\\/\\\/candas365.es\\\/noticias\\\/wp-content\\\/uploads\\\/2015\\\/02\\\/2015_02_18-Reunion-CG-2.jpg\",\"@id\":\"https:\\\/\\\/candas365.es\\\/noticias\\\/adjudicadas-58-viviendas-publicas-en-alquiler-en-cinco-concejos-de-asturias\\\/#mainImage\",\"width\":1632,\"height\":1052},\"primaryImageOfPage\":{\"@id\":\"https:\\\/\\\/candas365.es\\\/noticias\\\/adjudicadas-58-viviendas-publicas-en-alquiler-en-cinco-concejos-de-asturias\\\/#mainImage\"},\"datePublished\":\"2015-02-18T16:43:05+01:00\",\"dateModified\":\"2015-02-18T16:43:15+01:00\"},{\"@type\":\"WebSite\",\"@id\":\"https:\\\/\\\/candas365.es\\\/noticias\\\/#website\",\"url\":\"https:\\\/\\\/candas365.es\\\/noticias\\\/\",\"name\":\"Cand\\u00e1s 365\",\"alternateName\":\"Cand\\u00e1s 365 Noticias\",\"description\":\"Actualidad desde Carre\\u00f1o para el mundo\",\"inLanguage\":\"es-ES\",\"publisher\":{\"@id\":\"https:\\\/\\\/candas365.es\\\/noticias\\\/#organization\"}}]}\n\t\t<\/script>\n\t\t<!-- All in One SEO Pro -->\r\n\t\t<title>Adjudicadas 58 viviendas p\u00fablicas en alquiler en cinco concejos de Asturias | Cand\u00e1s 365<\/title>\n\n","aioseo_head_json":{"title":"Adjudicadas 58 viviendas p\u00fablicas en alquiler en cinco concejos de Asturias | Cand\u00e1s 365","description":"La consejera de Bienestar Social y Vivienda, Graciela Blanco, ha informado al Consejo de Gobierno del proceso de adjudicaci\u00f3n, en r\u00e9gimen de alquiler, de 58 viviendas p\u00fablicas vacantes en cinco concejos, pol\u00edtica que se seguir\u00e1 intensificando durante las pr\u00f3ximas semanas. Esta medida es un elemento clave en las pol\u00edticas sociales impulsadas por el Ejecutivo a","canonical_url":"https:\/\/candas365.es\/noticias\/adjudicadas-58-viviendas-publicas-en-alquiler-en-cinco-concejos-de-asturias\/","robots":"max-image-preview:large","keywords":"asturias","webmasterTools":{"google-site-verification":"UA-32230408-1","msvalidate.01":"354F3CDFB2DA171B47FBE9ABF1F88D5","miscellaneous":""},"schema":{"@context":"https:\/\/schema.org","@graph":[{"@type":"BreadcrumbList","@id":"https:\/\/candas365.es\/noticias\/adjudicadas-58-viviendas-publicas-en-alquiler-en-cinco-concejos-de-asturias\/#breadcrumblist","itemListElement":[{"@type":"ListItem","@id":"https:\/\/candas365.es\/noticias#listItem","position":1,"name":"Home","item":"https:\/\/candas365.es\/noticias","nextItem":{"@type":"ListItem","@id":"https:\/\/candas365.es\/noticias\/category\/asturias\/#listItem","name":"Asturias"}},{"@type":"ListItem","@id":"https:\/\/candas365.es\/noticias\/category\/asturias\/#listItem","position":2,"name":"Asturias","item":"https:\/\/candas365.es\/noticias\/category\/asturias\/","nextItem":{"@type":"ListItem","@id":"https:\/\/candas365.es\/noticias\/adjudicadas-58-viviendas-publicas-en-alquiler-en-cinco-concejos-de-asturias\/#listItem","name":"Adjudicadas 58 viviendas p\u00fablicas en alquiler en cinco concejos de Asturias"},"previousItem":{"@type":"ListItem","@id":"https:\/\/candas365.es\/noticias#listItem","name":"Home"}},{"@type":"ListItem","@id":"https:\/\/candas365.es\/noticias\/adjudicadas-58-viviendas-publicas-en-alquiler-en-cinco-concejos-de-asturias\/#listItem","position":3,"name":"Adjudicadas 58 viviendas p\u00fablicas en alquiler en cinco concejos de Asturias","previousItem":{"@type":"ListItem","@id":"https:\/\/candas365.es\/noticias\/category\/asturias\/#listItem","name":"Asturias"}}]},{"@type":"NewsArticle","@id":"https:\/\/candas365.es\/noticias\/adjudicadas-58-viviendas-publicas-en-alquiler-en-cinco-concejos-de-asturias\/#newsarticle","name":"Adjudicadas 58 viviendas p\u00fablicas en alquiler en cinco concejos de Asturias | Cand\u00e1s 365","headline":"Adjudicadas 58 viviendas p\u00fablicas en alquiler en cinco concejos de Asturias","author":{"@id":"https:\/\/candas365.es\/noticias\/author\/admin\/#author"},"publisher":{"@id":"https:\/\/candas365.es\/noticias\/#organization"},"image":{"@type":"ImageObject","url":"https:\/\/candas365.es\/noticias\/wp-content\/uploads\/2015\/02\/2015_02_18-Reunion-CG-2.jpg","width":1632,"height":1052},"datePublished":"2015-02-18T16:43:05+01:00","dateModified":"2015-02-18T16:43:15+01:00","inLanguage":"es-ES","mainEntityOfPage":{"@id":"https:\/\/candas365.es\/noticias\/adjudicadas-58-viviendas-publicas-en-alquiler-en-cinco-concejos-de-asturias\/#webpage"},"isPartOf":{"@id":"https:\/\/candas365.es\/noticias\/adjudicadas-58-viviendas-publicas-en-alquiler-en-cinco-concejos-de-asturias\/#webpage"},"articleSection":"Asturias","dateline":"Publicado el febrero 18, 2015."},{"@type":"Organization","@id":"https:\/\/candas365.es\/noticias\/#organization","name":"Cand\u00e1s 365","description":"Cand\u00e1s 365 es un diario digital independiente, fundado en 2012, con base en Asturias. Informamos con rigor sobre actualidad, sociedad, cultura y ocio, con una mirada local y global.","url":"https:\/\/candas365.es\/noticias\/","email":"info@candas365.es","telephone":"+34652131393","foundingDate":"2012-06-10","logo":{"@type":"ImageObject","url":"https:\/\/candas365.es\/noticias\/wp-content\/uploads\/2024\/09\/Candas-365-Redes.jpg","@id":"https:\/\/candas365.es\/noticias\/adjudicadas-58-viviendas-publicas-en-alquiler-en-cinco-concejos-de-asturias\/#organizationLogo","width":1152,"height":864,"caption":"Cand\u00e1s 365 Redes"},"image":{"@id":"https:\/\/candas365.es\/noticias\/adjudicadas-58-viviendas-publicas-en-alquiler-en-cinco-concejos-de-asturias\/#organizationLogo"},"sameAs":["https:\/\/www.facebook.com\/Nachofdezber","https:\/\/x.com\/NabercoDigital","https:\/\/www.instagram.com\/nachofdezber\/","https:\/\/www.youtube.com\/channel\/UCZP-2wLEB9Rv6erhFmqVnvg"],"address":{"@id":"https:\/\/candas365.es\/noticias\/#postaladdress","@type":"PostalAddress","streetAddress":"san antonio 4, san antonio 4","postalCode":"33430","addressLocality":"Cand\u00e1s","addressRegion":"Asturias","addressCountry":"ES"}},{"@type":"Person","@id":"https:\/\/candas365.es\/noticias\/author\/admin\/#author","url":"https:\/\/candas365.es\/noticias\/author\/admin\/","name":"Cand\u00e1s 365","image":{"@type":"ImageObject","@id":"https:\/\/candas365.es\/noticias\/adjudicadas-58-viviendas-publicas-en-alquiler-en-cinco-concejos-de-asturias\/#authorImage","url":"https:\/\/secure.gravatar.com\/avatar\/496a8e03d0c493ede1718b7934145dbdf8d89be1036b0eec9544e1094c9de390?s=96&d=mm&r=g","width":96,"height":96,"caption":"Cand\u00e1s 365"},"sameAs":["https:\/\/www.facebook.com\/carrenoactualidad","https:\/\/twitter.com\/nbasturias","https:\/\/www.instagram.com\/nachofdezber\/","https:\/\/www.youtube.com\/channel\/UCZP-2wLEB9Rv6erhFmqVnvg"]},{"@type":"WebPage","@id":"https:\/\/candas365.es\/noticias\/adjudicadas-58-viviendas-publicas-en-alquiler-en-cinco-concejos-de-asturias\/#webpage","url":"https:\/\/candas365.es\/noticias\/adjudicadas-58-viviendas-publicas-en-alquiler-en-cinco-concejos-de-asturias\/","name":"Adjudicadas 58 viviendas p\u00fablicas en alquiler en cinco concejos de Asturias | Cand\u00e1s 365","description":"La consejera de Bienestar Social y Vivienda, Graciela Blanco, ha informado al Consejo de Gobierno del proceso de adjudicaci\u00f3n, en r\u00e9gimen de alquiler, de 58 viviendas p\u00fablicas vacantes en cinco concejos, pol\u00edtica que se seguir\u00e1 intensificando durante las pr\u00f3ximas semanas. Esta medida es un elemento clave en las pol\u00edticas sociales impulsadas por el Ejecutivo a","inLanguage":"es-ES","isPartOf":{"@id":"https:\/\/candas365.es\/noticias\/#website"},"breadcrumb":{"@id":"https:\/\/candas365.es\/noticias\/adjudicadas-58-viviendas-publicas-en-alquiler-en-cinco-concejos-de-asturias\/#breadcrumblist"},"author":{"@id":"https:\/\/candas365.es\/noticias\/author\/admin\/#author"},"creator":{"@id":"https:\/\/candas365.es\/noticias\/author\/admin\/#author"},"image":{"@type":"ImageObject","url":"https:\/\/candas365.es\/noticias\/wp-content\/uploads\/2015\/02\/2015_02_18-Reunion-CG-2.jpg","@id":"https:\/\/candas365.es\/noticias\/adjudicadas-58-viviendas-publicas-en-alquiler-en-cinco-concejos-de-asturias\/#mainImage","width":1632,"height":1052},"primaryImageOfPage":{"@id":"https:\/\/candas365.es\/noticias\/adjudicadas-58-viviendas-publicas-en-alquiler-en-cinco-concejos-de-asturias\/#mainImage"},"datePublished":"2015-02-18T16:43:05+01:00","dateModified":"2015-02-18T16:43:15+01:00"},{"@type":"WebSite","@id":"https:\/\/candas365.es\/noticias\/#website","url":"https:\/\/candas365.es\/noticias\/","name":"Cand\u00e1s 365","alternateName":"Cand\u00e1s 365 Noticias","description":"Actualidad desde Carre\u00f1o para el mundo","inLanguage":"es-ES","publisher":{"@id":"https:\/\/candas365.es\/noticias\/#organization"}}]},"og:locale":"es_ES","og:site_name":"Cand\u00e1s 365","og:type":"article","og:title":"Adjudicadas 58 viviendas p\u00fablicas en alquiler en cinco concejos de Asturias | Cand\u00e1s 365","og:description":"La consejera de Bienestar Social y Vivienda, Graciela Blanco, ha informado al Consejo de Gobierno del proceso de adjudicaci\u00f3n, en r\u00e9gimen de alquiler, de 58 viviendas p\u00fablicas vacantes en cinco concejos, pol\u00edtica que se seguir\u00e1 intensificando durante las pr\u00f3ximas semanas. Esta medida es un elemento clave en las pol\u00edticas sociales impulsadas por el Ejecutivo a","og:url":"https:\/\/candas365.es\/noticias\/adjudicadas-58-viviendas-publicas-en-alquiler-en-cinco-concejos-de-asturias\/","og:image":"https:\/\/candas365.es\/noticias\/wp-content\/uploads\/2015\/02\/2015_02_18-Reunion-CG-2.jpg","og:image:secure_url":"https:\/\/candas365.es\/noticias\/wp-content\/uploads\/2015\/02\/2015_02_18-Reunion-CG-2.jpg","og:image:width":1632,"og:image:height":1052,"article:published_time":"2015-02-18T18:43:05+00:00","article:modified_time":"2015-02-18T18:43:15+00:00","article:publisher":"https:\/\/www.facebook.com\/Nachofdezber","article:author":"https:\/\/www.facebook.com\/carrenoactualidad","twitter:card":"summary_large_image","twitter:site":"@NabercoDigital","twitter:title":"Adjudicadas 58 viviendas p\u00fablicas en alquiler en cinco concejos de Asturias | Cand\u00e1s 365","twitter:description":"La consejera de Bienestar Social y Vivienda, Graciela Blanco, ha informado al Consejo de Gobierno del proceso de adjudicaci\u00f3n, en r\u00e9gimen de alquiler, de 58 viviendas p\u00fablicas vacantes en cinco concejos, pol\u00edtica que se seguir\u00e1 intensificando durante las pr\u00f3ximas semanas. Esta medida es un elemento clave en las pol\u00edticas sociales impulsadas por el Ejecutivo a","twitter:creator":"@nbasturias","twitter:image":"https:\/\/candas365.es\/noticias\/wp-content\/uploads\/2015\/02\/2015_02_18-Reunion-CG-2.jpg","twitter:label1":"Escrito por","twitter:data1":"Cand\u00e1s 365","twitter:label2":"Tiempo de lectura estimado","twitter:data2":"2 minutos"},"aioseo_meta_data":{"post_id":"7382","title":null,"description":null,"keywords":null,"keyphrases":null,"primary_term":null,"canonical_url":null,"og_title":null,"og_description":null,"og_object_type":"default","og_image_type":"default","og_image_url":null,"og_image_width":null,"og_image_height":null,"og_image_custom_url":null,"og_image_custom_fields":null,"og_video":null,"og_custom_url":null,"og_article_section":null,"og_article_tags":null,"twitter_use_og":false,"twitter_card":"default","twitter_image_type":"default","twitter_image_url":null,"twitter_image_custom_url":null,"twitter_image_custom_fields":null,"twitter_title":null,"twitter_description":null,"schema":{"blockGraphs":[],"customGraphs":[],"default":{"data":{"Article":[],"Course":[],"Dataset":[],"FAQPage":[],"Movie":[],"Person":[],"Product":[],"ProductReview":[],"Car":[],"Recipe":[],"Service":[],"SoftwareApplication":[],"WebPage":[]},"graphName":"","isEnabled":true},"graphs":[],"defaultGraph":"","defaultPostTypeGraph":""},"schema_type":null,"schema_type_options":null,"pillar_content":false,"robots_default":true,"robots_noindex":false,"robots_noarchive":false,"robots_nosnippet":false,"robots_nofollow":false,"robots_noimageindex":false,"robots_noodp":false,"robots_notranslate":false,"robots_max_snippet":null,"robots_max_videopreview":null,"robots_max_imagepreview":"large","priority":null,"frequency":null,"location":null,"local_seo":null,"seo_analyzer_scan_date":"2025-08-23 05:21:08","breadcrumb_settings":null,"limit_modified_date":false,"reviewed_by":null,"open_ai":null,"ai":null,"created":"2020-12-21 10:55:13","updated":"2025-08-23 05:21:08"},"aioseo_breadcrumb":"<div class=\"aioseo-breadcrumbs\"><span class=\"aioseo-breadcrumb\">\n\t<a href=\"https:\/\/candas365.es\/noticias\" title=\"Home\">Home<\/a>\n<\/span><span class=\"aioseo-breadcrumb-separator\">&ndash;<\/span><span class=\"aioseo-breadcrumb\">\n\t<a href=\"https:\/\/candas365.es\/noticias\/category\/asturias\/\" title=\"Asturias\">Asturias<\/a>\n<\/span><span class=\"aioseo-breadcrumb-separator\">&ndash;<\/span><span class=\"aioseo-breadcrumb\">\n\tAdjudicadas 58 viviendas p\u00fablicas en alquiler en cinco concejos de Asturias\n<\/span><\/div>","aioseo_breadcrumb_json":[{"label":"Home","link":"https:\/\/candas365.es\/noticias"},{"label":"Asturias","link":"https:\/\/candas365.es\/noticias\/category\/asturias\/"},{"label":"Adjudicadas 58 viviendas p\u00fablicas en alquiler en cinco concejos de Asturias","link":"https:\/\/candas365.es\/noticias\/adjudicadas-58-viviendas-publicas-en-alquiler-en-cinco-concejos-de-asturias\/"}],"_links":{"self":[{"href":"https:\/\/candas365.es\/noticias\/wp-json\/wp\/v2\/posts\/7382","targetHints":{"allow":["GET"]}}],"collection":[{"href":"https:\/\/candas365.es\/noticias\/wp-json\/wp\/v2\/posts"}],"about":[{"href":"https:\/\/candas365.es\/noticias\/wp-json\/wp\/v2\/types\/post"}],"author":[{"embeddable":true,"href":"https:\/\/candas365.es\/noticias\/wp-json\/wp\/v2\/users\/1"}],"replies":[{"embeddable":true,"href":"https:\/\/candas365.es\/noticias\/wp-json\/wp\/v2\/comments?post=7382"}],"version-history":[{"count":0,"href":"https:\/\/candas365.es\/noticias\/wp-json\/wp\/v2\/posts\/7382\/revisions"}],"wp:featuredmedia":[{"embeddable":true,"href":"https:\/\/candas365.es\/noticias\/wp-json\/wp\/v2\/media\/7383"}],"wp:attachment":[{"href":"https:\/\/candas365.es\/noticias\/wp-json\/wp\/v2\/media?parent=7382"}],"wp:term":[{"taxonomy":"category","embeddable":true,"href":"https:\/\/candas365.es\/noticias\/wp-json\/wp\/v2\/categories?post=7382"},{"taxonomy":"post_tag","embeddable":true,"href":"https:\/\/candas365.es\/noticias\/wp-json\/wp\/v2\/tags?post=7382"}],"curies":[{"name":"wp","href":"https:\/\/api.w.org\/{rel}","templated":true}]}}