{"id":73785,"date":"2017-06-17T18:06:51","date_gmt":"2017-06-17T18:06:51","guid":{"rendered":"http:\/\/candas365.es\/noticias\/?p=73785"},"modified":"2017-06-17T18:06:51","modified_gmt":"2017-06-17T18:06:51","slug":"cronicas-estrena-el-reportaje-la-decision-de-aliona","status":"publish","type":"post","link":"https:\/\/candas365.es\/noticias\/cronicas-estrena-el-reportaje-la-decision-de-aliona\/","title":{"rendered":"&#8216;Cr\u00f3nicas&#8217; estrena el reportaje &#8216;La decisi\u00f3n de Aliona&#8217;"},"content":{"rendered":"<p><img fetchpriority=\"high\" decoding=\"async\" class=\"alignleft size-medium wp-image-73786\" src=\"https:\/\/candas365.es\/noticias\/wp-content\/uploads\/2017\/06\/Tele186171-360x203.jpg\" alt=\"\" width=\"360\" height=\"203\" srcset=\"https:\/\/candas365.es\/noticias\/wp-content\/uploads\/2017\/06\/Tele186171-360x203.jpg 360w, https:\/\/candas365.es\/noticias\/wp-content\/uploads\/2017\/06\/Tele186171-768x432.jpg 768w, https:\/\/candas365.es\/noticias\/wp-content\/uploads\/2017\/06\/Tele186171-655x369.jpg 655w, https:\/\/candas365.es\/noticias\/wp-content\/uploads\/2017\/06\/Tele186171-696x392.jpg 696w, https:\/\/candas365.es\/noticias\/wp-content\/uploads\/2017\/06\/Tele186171-1068x601.jpg 1068w, https:\/\/candas365.es\/noticias\/wp-content\/uploads\/2017\/06\/Tele186171-746x420.jpg 746w, https:\/\/candas365.es\/noticias\/wp-content\/uploads\/2017\/06\/Tele186171-499x280.jpg 499w, https:\/\/candas365.es\/noticias\/wp-content\/uploads\/2017\/06\/Tele186171.jpg 1180w\" sizes=\"(max-width: 360px) 100vw, 360px\" \/>Esta semana &#8216;Cr\u00f3nicas&#8217; estrena el reportaje &#8216;La decisi\u00f3n de Aliona&#8217; en el que aborda el debate de la gestaci\u00f3n subrogada, un asunto de m\u00e1xima actualidad en Espa\u00f1a. Un equipo del programa ha estado en Estados Unidos y en Ucrania, al ser los dos pa\u00edses a los que m\u00e1s recurren los espa\u00f1oles para conseguir un vientre de alquiler.<\/p>\n<p>C\u00f3mo la gestaci\u00f3n subrogada est\u00e1 prohibida por nuestra legislaci\u00f3n, &#8216;Cr\u00f3nicas&#8217; ha viajado a Estados Unidos y a Ucrania, los pa\u00edses que m\u00e1s eligen los espa\u00f1oles que recurren a esta pr\u00e1ctica, para hablar con mujeres que han tenido beb\u00e9s para espa\u00f1oles y saber qu\u00e9 les mueve a hacerlo.<\/p>\n<p>El equipo del programa tambi\u00e9n ha estado con algunas parejas que han recurrido a la maternidad por sustituci\u00f3n como \u00fanica opci\u00f3n para tener hijos, quienes cuentan su propia experiencia, Algunos con sus ni\u00f1os ya en Espa\u00f1a, y otros esperando un parto a miles de kil\u00f3metros.<\/p>\n<p>&#8216;Cr\u00f3nicas&#8217;, adem\u00e1s, recoge algunas voces de los colectivos contrarios a este tipo de gestaci\u00f3n, que aseguran que es una nueva forma de explotaci\u00f3n de las mujeres y va contra los derechos humanos. Una l\u00ednea que asume el Comit\u00e9 de Bio\u00e9tica que acaba de sacar su primer informe sobre este asunto.<\/p>\n<p>Desde el Comit\u00e9 se aconseja al Gobierno que la prohibici\u00f3n siga aqu\u00ed y aboga por acabar con esta pr\u00e1ctica a nivel internacional.<\/p>\n<p>El programa ofrece testimonios directos para que el espectador se pueda hacer una idea sobre este debate, lleno de aristas.<\/p>\n<p>&#8216;La decisi\u00f3n de Aliona&#8217; es un reportaje con gui\u00f3n de Teresa Mart\u00edn; realizaci\u00f3n de Carlos G\u00f3mez L\u00f3pez; imagen de Jos\u00e9 Mar\u00eda Ortiz; sonido de David del Puerto; postproducci\u00f3n AVID de Eulalia Morcillo; sonorizaci\u00f3n de Isabel Garc\u00eda Leal; y postproducci\u00f3n Ana Pastor y Lourdes.<\/p>\n<p>&nbsp;<\/p>\n","protected":false},"excerpt":{"rendered":"<p>Esta semana &#8216;Cr\u00f3nicas&#8217; estrena el reportaje &#8216;La decisi\u00f3n de Aliona&#8217; en el que aborda el debate de la gestaci\u00f3n subrogada, un asunto de m\u00e1xima actualidad en Espa\u00f1a. Un equipo del programa ha estado en Estados Unidos y en Ucrania, al ser los dos pa\u00edses a los que m\u00e1s recurren los espa\u00f1oles para conseguir un vientre<\/p>\n","protected":false},"author":1,"featured_media":73786,"comment_status":"closed","ping_status":"closed","sticky":false,"template":"","format":"standard","meta":{"footnotes":""},"categories":[1],"tags":[],"class_list":{"0":"post-73785","1":"post","2":"type-post","3":"status-publish","4":"format-standard","5":"has-post-thumbnail","7":"category-agenda"},"aioseo_notices":[],"aioseo_head":"\n\t\t<!-- All in One SEO Pro 4.9.6.2 - aioseo.com -->\n\t<meta name=\"description\" content=\"Esta semana &#039;Cr\u00f3nicas&#039; estrena el reportaje &#039;La decisi\u00f3n de Aliona&#039; en el que aborda el debate de la gestaci\u00f3n subrogada, un asunto de m\u00e1xima actualidad en Espa\u00f1a. Un equipo del programa ha estado en Estados Unidos y en Ucrania, al ser los dos pa\u00edses a los que m\u00e1s recurren los espa\u00f1oles para conseguir un vientre\" \/>\n\t<meta name=\"robots\" content=\"max-image-preview:large\" \/>\n\t<meta name=\"author\" content=\"Cand\u00e1s 365\"\/>\n\t<meta name=\"google-site-verification\" content=\"UA-32230408-1\" \/>\n\t<meta name=\"msvalidate.01\" content=\"354F3CDFB2DA171B47FBE9ABF1F88D5\" \/>\n\t<meta name=\"keywords\" content=\"agenda\" \/>\n\t<link rel=\"canonical\" href=\"https:\/\/candas365.es\/noticias\/cronicas-estrena-el-reportaje-la-decision-de-aliona\/\" \/>\n\t<meta name=\"generator\" content=\"All in One SEO Pro (AIOSEO) 4.9.6.2\" \/>\n\t\t<meta property=\"og:locale\" content=\"es_ES\" \/>\n\t\t<meta property=\"og:site_name\" content=\"Cand\u00e1s 365\" \/>\n\t\t<meta property=\"og:type\" content=\"article\" \/>\n\t\t<meta property=\"og:title\" content=\"\u2018Cr\u00f3nicas\u2019 estrena el reportaje \u2018La decisi\u00f3n de Aliona\u2019 | Cand\u00e1s 365\" \/>\n\t\t<meta property=\"og:description\" content=\"Esta semana &#039;Cr\u00f3nicas&#039; estrena el reportaje &#039;La decisi\u00f3n de Aliona&#039; en el que aborda el debate de la gestaci\u00f3n subrogada, un asunto de m\u00e1xima actualidad en Espa\u00f1a. Un equipo del programa ha estado en Estados Unidos y en Ucrania, al ser los dos pa\u00edses a los que m\u00e1s recurren los espa\u00f1oles para conseguir un vientre\" \/>\n\t\t<meta property=\"og:url\" content=\"https:\/\/candas365.es\/noticias\/cronicas-estrena-el-reportaje-la-decision-de-aliona\/\" \/>\n\t\t<meta property=\"og:image\" content=\"https:\/\/candas365.es\/noticias\/wp-content\/uploads\/2017\/06\/Tele186171.jpg\" \/>\n\t\t<meta property=\"og:image:secure_url\" content=\"https:\/\/candas365.es\/noticias\/wp-content\/uploads\/2017\/06\/Tele186171.jpg\" \/>\n\t\t<meta property=\"og:image:width\" content=\"1180\" \/>\n\t\t<meta property=\"og:image:height\" content=\"664\" \/>\n\t\t<meta property=\"article:published_time\" content=\"2017-06-17T18:06:51+00:00\" \/>\n\t\t<meta property=\"article:modified_time\" content=\"2017-06-17T18:06:51+00:00\" \/>\n\t\t<meta property=\"article:publisher\" content=\"https:\/\/www.facebook.com\/Nachofdezber\" \/>\n\t\t<meta property=\"article:author\" content=\"https:\/\/www.facebook.com\/carrenoactualidad\" \/>\n\t\t<meta name=\"twitter:card\" content=\"summary_large_image\" \/>\n\t\t<meta name=\"twitter:site\" content=\"@NabercoDigital\" \/>\n\t\t<meta name=\"twitter:title\" content=\"\u2018Cr\u00f3nicas\u2019 estrena el reportaje \u2018La decisi\u00f3n de Aliona\u2019 | Cand\u00e1s 365\" \/>\n\t\t<meta name=\"twitter:description\" content=\"Esta semana &#039;Cr\u00f3nicas&#039; estrena el reportaje &#039;La decisi\u00f3n de Aliona&#039; en el que aborda el debate de la gestaci\u00f3n subrogada, un asunto de m\u00e1xima actualidad en Espa\u00f1a. Un equipo del programa ha estado en Estados Unidos y en Ucrania, al ser los dos pa\u00edses a los que m\u00e1s recurren los espa\u00f1oles para conseguir un vientre\" \/>\n\t\t<meta name=\"twitter:creator\" content=\"@nbasturias\" \/>\n\t\t<meta name=\"twitter:image\" content=\"https:\/\/candas365.es\/noticias\/wp-content\/uploads\/2017\/06\/Tele186171.jpg\" \/>\n\t\t<meta name=\"twitter:label1\" content=\"Escrito por\" \/>\n\t\t<meta name=\"twitter:data1\" content=\"Cand\u00e1s 365\" \/>\n\t\t<meta name=\"twitter:label2\" content=\"Tiempo de lectura estimado\" \/>\n\t\t<meta name=\"twitter:data2\" content=\"2 minutos\" \/>\n\t\t<script type=\"application\/ld+json\" class=\"aioseo-schema\">\n\t\t\t{\"@context\":\"https:\\\/\\\/schema.org\",\"@graph\":[{\"@type\":\"BreadcrumbList\",\"@id\":\"https:\\\/\\\/candas365.es\\\/noticias\\\/cronicas-estrena-el-reportaje-la-decision-de-aliona\\\/#breadcrumblist\",\"itemListElement\":[{\"@type\":\"ListItem\",\"@id\":\"https:\\\/\\\/candas365.es\\\/noticias#listItem\",\"position\":1,\"name\":\"Home\",\"item\":\"https:\\\/\\\/candas365.es\\\/noticias\",\"nextItem\":{\"@type\":\"ListItem\",\"@id\":\"https:\\\/\\\/candas365.es\\\/noticias\\\/category\\\/agenda\\\/#listItem\",\"name\":\"Agenda\"}},{\"@type\":\"ListItem\",\"@id\":\"https:\\\/\\\/candas365.es\\\/noticias\\\/category\\\/agenda\\\/#listItem\",\"position\":2,\"name\":\"Agenda\",\"item\":\"https:\\\/\\\/candas365.es\\\/noticias\\\/category\\\/agenda\\\/\",\"nextItem\":{\"@type\":\"ListItem\",\"@id\":\"https:\\\/\\\/candas365.es\\\/noticias\\\/cronicas-estrena-el-reportaje-la-decision-de-aliona\\\/#listItem\",\"name\":\"&#8216;Cr\\u00f3nicas&#8217; estrena el reportaje &#8216;La decisi\\u00f3n de Aliona&#8217;\"},\"previousItem\":{\"@type\":\"ListItem\",\"@id\":\"https:\\\/\\\/candas365.es\\\/noticias#listItem\",\"name\":\"Home\"}},{\"@type\":\"ListItem\",\"@id\":\"https:\\\/\\\/candas365.es\\\/noticias\\\/cronicas-estrena-el-reportaje-la-decision-de-aliona\\\/#listItem\",\"position\":3,\"name\":\"&#8216;Cr\\u00f3nicas&#8217; estrena el reportaje &#8216;La decisi\\u00f3n de Aliona&#8217;\",\"previousItem\":{\"@type\":\"ListItem\",\"@id\":\"https:\\\/\\\/candas365.es\\\/noticias\\\/category\\\/agenda\\\/#listItem\",\"name\":\"Agenda\"}}]},{\"@type\":\"NewsArticle\",\"@id\":\"https:\\\/\\\/candas365.es\\\/noticias\\\/cronicas-estrena-el-reportaje-la-decision-de-aliona\\\/#newsarticle\",\"name\":\"\\u2018Cr\\u00f3nicas\\u2019 estrena el reportaje \\u2018La decisi\\u00f3n de Aliona\\u2019 | Cand\\u00e1s 365\",\"headline\":\"&#8216;Cr\\u00f3nicas&#8217; estrena el reportaje &#8216;La decisi\\u00f3n de Aliona&#8217;\",\"author\":{\"@id\":\"https:\\\/\\\/candas365.es\\\/noticias\\\/author\\\/admin\\\/#author\"},\"publisher\":{\"@id\":\"https:\\\/\\\/candas365.es\\\/noticias\\\/#organization\"},\"image\":{\"@type\":\"ImageObject\",\"url\":\"https:\\\/\\\/candas365.es\\\/noticias\\\/wp-content\\\/uploads\\\/2017\\\/06\\\/Tele186171.jpg\",\"width\":1180,\"height\":664},\"datePublished\":\"2017-06-17T18:06:51+02:00\",\"dateModified\":\"2017-06-17T18:06:51+02:00\",\"inLanguage\":\"es-ES\",\"mainEntityOfPage\":{\"@id\":\"https:\\\/\\\/candas365.es\\\/noticias\\\/cronicas-estrena-el-reportaje-la-decision-de-aliona\\\/#webpage\"},\"isPartOf\":{\"@id\":\"https:\\\/\\\/candas365.es\\\/noticias\\\/cronicas-estrena-el-reportaje-la-decision-de-aliona\\\/#webpage\"},\"articleSection\":\"Agenda\",\"dateline\":\"Publicado el junio 17, 2017.\"},{\"@type\":\"Organization\",\"@id\":\"https:\\\/\\\/candas365.es\\\/noticias\\\/#organization\",\"name\":\"Cand\\u00e1s 365\",\"description\":\"Cand\\u00e1s 365 es un diario digital independiente, fundado en 2012, con base en Asturias. Informamos con rigor sobre actualidad, sociedad, cultura y ocio, con una mirada local y global.\",\"url\":\"https:\\\/\\\/candas365.es\\\/noticias\\\/\",\"email\":\"info@candas365.es\",\"telephone\":\"+34652131393\",\"foundingDate\":\"2012-06-10\",\"logo\":{\"@type\":\"ImageObject\",\"url\":\"https:\\\/\\\/candas365.es\\\/noticias\\\/wp-content\\\/uploads\\\/2024\\\/09\\\/Candas-365-Redes.jpg\",\"@id\":\"https:\\\/\\\/candas365.es\\\/noticias\\\/cronicas-estrena-el-reportaje-la-decision-de-aliona\\\/#organizationLogo\",\"width\":1152,\"height\":864,\"caption\":\"Cand\\u00e1s 365 Redes\"},\"image\":{\"@id\":\"https:\\\/\\\/candas365.es\\\/noticias\\\/cronicas-estrena-el-reportaje-la-decision-de-aliona\\\/#organizationLogo\"},\"sameAs\":[\"https:\\\/\\\/www.facebook.com\\\/Nachofdezber\",\"https:\\\/\\\/x.com\\\/NabercoDigital\",\"https:\\\/\\\/www.instagram.com\\\/nachofdezber\\\/\",\"https:\\\/\\\/www.youtube.com\\\/channel\\\/UCZP-2wLEB9Rv6erhFmqVnvg\"],\"address\":{\"@id\":\"https:\\\/\\\/candas365.es\\\/noticias\\\/#postaladdress\",\"@type\":\"PostalAddress\",\"streetAddress\":\"san antonio 4, san antonio 4\",\"postalCode\":\"33430\",\"addressLocality\":\"Cand\\u00e1s\",\"addressRegion\":\"Asturias\",\"addressCountry\":\"ES\"}},{\"@type\":\"Person\",\"@id\":\"https:\\\/\\\/candas365.es\\\/noticias\\\/author\\\/admin\\\/#author\",\"url\":\"https:\\\/\\\/candas365.es\\\/noticias\\\/author\\\/admin\\\/\",\"name\":\"Cand\\u00e1s 365\",\"image\":{\"@type\":\"ImageObject\",\"@id\":\"https:\\\/\\\/candas365.es\\\/noticias\\\/cronicas-estrena-el-reportaje-la-decision-de-aliona\\\/#authorImage\",\"url\":\"https:\\\/\\\/secure.gravatar.com\\\/avatar\\\/496a8e03d0c493ede1718b7934145dbdf8d89be1036b0eec9544e1094c9de390?s=96&d=mm&r=g\",\"width\":96,\"height\":96,\"caption\":\"Cand\\u00e1s 365\"},\"sameAs\":[\"https:\\\/\\\/www.facebook.com\\\/carrenoactualidad\",\"https:\\\/\\\/twitter.com\\\/nbasturias\",\"https:\\\/\\\/www.instagram.com\\\/nachofdezber\\\/\",\"https:\\\/\\\/www.youtube.com\\\/channel\\\/UCZP-2wLEB9Rv6erhFmqVnvg\"]},{\"@type\":\"WebPage\",\"@id\":\"https:\\\/\\\/candas365.es\\\/noticias\\\/cronicas-estrena-el-reportaje-la-decision-de-aliona\\\/#webpage\",\"url\":\"https:\\\/\\\/candas365.es\\\/noticias\\\/cronicas-estrena-el-reportaje-la-decision-de-aliona\\\/\",\"name\":\"\\u2018Cr\\u00f3nicas\\u2019 estrena el reportaje \\u2018La decisi\\u00f3n de Aliona\\u2019 | Cand\\u00e1s 365\",\"description\":\"Esta semana 'Cr\\u00f3nicas' estrena el reportaje 'La decisi\\u00f3n de Aliona' en el que aborda el debate de la gestaci\\u00f3n subrogada, un asunto de m\\u00e1xima actualidad en Espa\\u00f1a. Un equipo del programa ha estado en Estados Unidos y en Ucrania, al ser los dos pa\\u00edses a los que m\\u00e1s recurren los espa\\u00f1oles para conseguir un vientre\",\"inLanguage\":\"es-ES\",\"isPartOf\":{\"@id\":\"https:\\\/\\\/candas365.es\\\/noticias\\\/#website\"},\"breadcrumb\":{\"@id\":\"https:\\\/\\\/candas365.es\\\/noticias\\\/cronicas-estrena-el-reportaje-la-decision-de-aliona\\\/#breadcrumblist\"},\"author\":{\"@id\":\"https:\\\/\\\/candas365.es\\\/noticias\\\/author\\\/admin\\\/#author\"},\"creator\":{\"@id\":\"https:\\\/\\\/candas365.es\\\/noticias\\\/author\\\/admin\\\/#author\"},\"image\":{\"@type\":\"ImageObject\",\"url\":\"https:\\\/\\\/candas365.es\\\/noticias\\\/wp-content\\\/uploads\\\/2017\\\/06\\\/Tele186171.jpg\",\"@id\":\"https:\\\/\\\/candas365.es\\\/noticias\\\/cronicas-estrena-el-reportaje-la-decision-de-aliona\\\/#mainImage\",\"width\":1180,\"height\":664},\"primaryImageOfPage\":{\"@id\":\"https:\\\/\\\/candas365.es\\\/noticias\\\/cronicas-estrena-el-reportaje-la-decision-de-aliona\\\/#mainImage\"},\"datePublished\":\"2017-06-17T18:06:51+02:00\",\"dateModified\":\"2017-06-17T18:06:51+02:00\"},{\"@type\":\"WebSite\",\"@id\":\"https:\\\/\\\/candas365.es\\\/noticias\\\/#website\",\"url\":\"https:\\\/\\\/candas365.es\\\/noticias\\\/\",\"name\":\"Cand\\u00e1s 365\",\"alternateName\":\"Cand\\u00e1s 365 Noticias\",\"description\":\"Actualidad desde Carre\\u00f1o para el mundo\",\"inLanguage\":\"es-ES\",\"publisher\":{\"@id\":\"https:\\\/\\\/candas365.es\\\/noticias\\\/#organization\"}}]}\n\t\t<\/script>\n\t\t<!-- All in One SEO Pro -->\r\n\t\t<title>\u2018Cr\u00f3nicas\u2019 estrena el reportaje \u2018La decisi\u00f3n de Aliona\u2019 | Cand\u00e1s 365<\/title>\n\n","aioseo_head_json":{"title":"\u2018Cr\u00f3nicas\u2019 estrena el reportaje \u2018La decisi\u00f3n de Aliona\u2019 | Cand\u00e1s 365","description":"Esta semana 'Cr\u00f3nicas' estrena el reportaje 'La decisi\u00f3n de Aliona' en el que aborda el debate de la gestaci\u00f3n subrogada, un asunto de m\u00e1xima actualidad en Espa\u00f1a. Un equipo del programa ha estado en Estados Unidos y en Ucrania, al ser los dos pa\u00edses a los que m\u00e1s recurren los espa\u00f1oles para conseguir un vientre","canonical_url":"https:\/\/candas365.es\/noticias\/cronicas-estrena-el-reportaje-la-decision-de-aliona\/","robots":"max-image-preview:large","keywords":"agenda","webmasterTools":{"google-site-verification":"UA-32230408-1","msvalidate.01":"354F3CDFB2DA171B47FBE9ABF1F88D5","miscellaneous":""},"schema":{"@context":"https:\/\/schema.org","@graph":[{"@type":"BreadcrumbList","@id":"https:\/\/candas365.es\/noticias\/cronicas-estrena-el-reportaje-la-decision-de-aliona\/#breadcrumblist","itemListElement":[{"@type":"ListItem","@id":"https:\/\/candas365.es\/noticias#listItem","position":1,"name":"Home","item":"https:\/\/candas365.es\/noticias","nextItem":{"@type":"ListItem","@id":"https:\/\/candas365.es\/noticias\/category\/agenda\/#listItem","name":"Agenda"}},{"@type":"ListItem","@id":"https:\/\/candas365.es\/noticias\/category\/agenda\/#listItem","position":2,"name":"Agenda","item":"https:\/\/candas365.es\/noticias\/category\/agenda\/","nextItem":{"@type":"ListItem","@id":"https:\/\/candas365.es\/noticias\/cronicas-estrena-el-reportaje-la-decision-de-aliona\/#listItem","name":"&#8216;Cr\u00f3nicas&#8217; estrena el reportaje &#8216;La decisi\u00f3n de Aliona&#8217;"},"previousItem":{"@type":"ListItem","@id":"https:\/\/candas365.es\/noticias#listItem","name":"Home"}},{"@type":"ListItem","@id":"https:\/\/candas365.es\/noticias\/cronicas-estrena-el-reportaje-la-decision-de-aliona\/#listItem","position":3,"name":"&#8216;Cr\u00f3nicas&#8217; estrena el reportaje &#8216;La decisi\u00f3n de Aliona&#8217;","previousItem":{"@type":"ListItem","@id":"https:\/\/candas365.es\/noticias\/category\/agenda\/#listItem","name":"Agenda"}}]},{"@type":"NewsArticle","@id":"https:\/\/candas365.es\/noticias\/cronicas-estrena-el-reportaje-la-decision-de-aliona\/#newsarticle","name":"\u2018Cr\u00f3nicas\u2019 estrena el reportaje \u2018La decisi\u00f3n de Aliona\u2019 | Cand\u00e1s 365","headline":"&#8216;Cr\u00f3nicas&#8217; estrena el reportaje &#8216;La decisi\u00f3n de Aliona&#8217;","author":{"@id":"https:\/\/candas365.es\/noticias\/author\/admin\/#author"},"publisher":{"@id":"https:\/\/candas365.es\/noticias\/#organization"},"image":{"@type":"ImageObject","url":"https:\/\/candas365.es\/noticias\/wp-content\/uploads\/2017\/06\/Tele186171.jpg","width":1180,"height":664},"datePublished":"2017-06-17T18:06:51+02:00","dateModified":"2017-06-17T18:06:51+02:00","inLanguage":"es-ES","mainEntityOfPage":{"@id":"https:\/\/candas365.es\/noticias\/cronicas-estrena-el-reportaje-la-decision-de-aliona\/#webpage"},"isPartOf":{"@id":"https:\/\/candas365.es\/noticias\/cronicas-estrena-el-reportaje-la-decision-de-aliona\/#webpage"},"articleSection":"Agenda","dateline":"Publicado el junio 17, 2017."},{"@type":"Organization","@id":"https:\/\/candas365.es\/noticias\/#organization","name":"Cand\u00e1s 365","description":"Cand\u00e1s 365 es un diario digital independiente, fundado en 2012, con base en Asturias. Informamos con rigor sobre actualidad, sociedad, cultura y ocio, con una mirada local y global.","url":"https:\/\/candas365.es\/noticias\/","email":"info@candas365.es","telephone":"+34652131393","foundingDate":"2012-06-10","logo":{"@type":"ImageObject","url":"https:\/\/candas365.es\/noticias\/wp-content\/uploads\/2024\/09\/Candas-365-Redes.jpg","@id":"https:\/\/candas365.es\/noticias\/cronicas-estrena-el-reportaje-la-decision-de-aliona\/#organizationLogo","width":1152,"height":864,"caption":"Cand\u00e1s 365 Redes"},"image":{"@id":"https:\/\/candas365.es\/noticias\/cronicas-estrena-el-reportaje-la-decision-de-aliona\/#organizationLogo"},"sameAs":["https:\/\/www.facebook.com\/Nachofdezber","https:\/\/x.com\/NabercoDigital","https:\/\/www.instagram.com\/nachofdezber\/","https:\/\/www.youtube.com\/channel\/UCZP-2wLEB9Rv6erhFmqVnvg"],"address":{"@id":"https:\/\/candas365.es\/noticias\/#postaladdress","@type":"PostalAddress","streetAddress":"san antonio 4, san antonio 4","postalCode":"33430","addressLocality":"Cand\u00e1s","addressRegion":"Asturias","addressCountry":"ES"}},{"@type":"Person","@id":"https:\/\/candas365.es\/noticias\/author\/admin\/#author","url":"https:\/\/candas365.es\/noticias\/author\/admin\/","name":"Cand\u00e1s 365","image":{"@type":"ImageObject","@id":"https:\/\/candas365.es\/noticias\/cronicas-estrena-el-reportaje-la-decision-de-aliona\/#authorImage","url":"https:\/\/secure.gravatar.com\/avatar\/496a8e03d0c493ede1718b7934145dbdf8d89be1036b0eec9544e1094c9de390?s=96&d=mm&r=g","width":96,"height":96,"caption":"Cand\u00e1s 365"},"sameAs":["https:\/\/www.facebook.com\/carrenoactualidad","https:\/\/twitter.com\/nbasturias","https:\/\/www.instagram.com\/nachofdezber\/","https:\/\/www.youtube.com\/channel\/UCZP-2wLEB9Rv6erhFmqVnvg"]},{"@type":"WebPage","@id":"https:\/\/candas365.es\/noticias\/cronicas-estrena-el-reportaje-la-decision-de-aliona\/#webpage","url":"https:\/\/candas365.es\/noticias\/cronicas-estrena-el-reportaje-la-decision-de-aliona\/","name":"\u2018Cr\u00f3nicas\u2019 estrena el reportaje \u2018La decisi\u00f3n de Aliona\u2019 | Cand\u00e1s 365","description":"Esta semana 'Cr\u00f3nicas' estrena el reportaje 'La decisi\u00f3n de Aliona' en el que aborda el debate de la gestaci\u00f3n subrogada, un asunto de m\u00e1xima actualidad en Espa\u00f1a. Un equipo del programa ha estado en Estados Unidos y en Ucrania, al ser los dos pa\u00edses a los que m\u00e1s recurren los espa\u00f1oles para conseguir un vientre","inLanguage":"es-ES","isPartOf":{"@id":"https:\/\/candas365.es\/noticias\/#website"},"breadcrumb":{"@id":"https:\/\/candas365.es\/noticias\/cronicas-estrena-el-reportaje-la-decision-de-aliona\/#breadcrumblist"},"author":{"@id":"https:\/\/candas365.es\/noticias\/author\/admin\/#author"},"creator":{"@id":"https:\/\/candas365.es\/noticias\/author\/admin\/#author"},"image":{"@type":"ImageObject","url":"https:\/\/candas365.es\/noticias\/wp-content\/uploads\/2017\/06\/Tele186171.jpg","@id":"https:\/\/candas365.es\/noticias\/cronicas-estrena-el-reportaje-la-decision-de-aliona\/#mainImage","width":1180,"height":664},"primaryImageOfPage":{"@id":"https:\/\/candas365.es\/noticias\/cronicas-estrena-el-reportaje-la-decision-de-aliona\/#mainImage"},"datePublished":"2017-06-17T18:06:51+02:00","dateModified":"2017-06-17T18:06:51+02:00"},{"@type":"WebSite","@id":"https:\/\/candas365.es\/noticias\/#website","url":"https:\/\/candas365.es\/noticias\/","name":"Cand\u00e1s 365","alternateName":"Cand\u00e1s 365 Noticias","description":"Actualidad desde Carre\u00f1o para el mundo","inLanguage":"es-ES","publisher":{"@id":"https:\/\/candas365.es\/noticias\/#organization"}}]},"og:locale":"es_ES","og:site_name":"Cand\u00e1s 365","og:type":"article","og:title":"\u2018Cr\u00f3nicas\u2019 estrena el reportaje \u2018La decisi\u00f3n de Aliona\u2019 | Cand\u00e1s 365","og:description":"Esta semana 'Cr\u00f3nicas' estrena el reportaje 'La decisi\u00f3n de Aliona' en el que aborda el debate de la gestaci\u00f3n subrogada, un asunto de m\u00e1xima actualidad en Espa\u00f1a. Un equipo del programa ha estado en Estados Unidos y en Ucrania, al ser los dos pa\u00edses a los que m\u00e1s recurren los espa\u00f1oles para conseguir un vientre","og:url":"https:\/\/candas365.es\/noticias\/cronicas-estrena-el-reportaje-la-decision-de-aliona\/","og:image":"https:\/\/candas365.es\/noticias\/wp-content\/uploads\/2017\/06\/Tele186171.jpg","og:image:secure_url":"https:\/\/candas365.es\/noticias\/wp-content\/uploads\/2017\/06\/Tele186171.jpg","og:image:width":1180,"og:image:height":664,"article:published_time":"2017-06-17T18:06:51+00:00","article:modified_time":"2017-06-17T18:06:51+00:00","article:publisher":"https:\/\/www.facebook.com\/Nachofdezber","article:author":"https:\/\/www.facebook.com\/carrenoactualidad","twitter:card":"summary_large_image","twitter:site":"@NabercoDigital","twitter:title":"\u2018Cr\u00f3nicas\u2019 estrena el reportaje \u2018La decisi\u00f3n de Aliona\u2019 | Cand\u00e1s 365","twitter:description":"Esta semana 'Cr\u00f3nicas' estrena el reportaje 'La decisi\u00f3n de Aliona' en el que aborda el debate de la gestaci\u00f3n subrogada, un asunto de m\u00e1xima actualidad en Espa\u00f1a. Un equipo del programa ha estado en Estados Unidos y en Ucrania, al ser los dos pa\u00edses a los que m\u00e1s recurren los espa\u00f1oles para conseguir un vientre","twitter:creator":"@nbasturias","twitter:image":"https:\/\/candas365.es\/noticias\/wp-content\/uploads\/2017\/06\/Tele186171.jpg","twitter:label1":"Escrito por","twitter:data1":"Cand\u00e1s 365","twitter:label2":"Tiempo de lectura estimado","twitter:data2":"2 minutos"},"aioseo_meta_data":{"post_id":"73785","title":null,"description":null,"keywords":null,"keyphrases":null,"primary_term":null,"canonical_url":null,"og_title":null,"og_description":null,"og_object_type":"default","og_image_type":"default","og_image_url":null,"og_image_width":null,"og_image_height":null,"og_image_custom_url":null,"og_image_custom_fields":null,"og_video":null,"og_custom_url":null,"og_article_section":null,"og_article_tags":null,"twitter_use_og":false,"twitter_card":"default","twitter_image_type":"default","twitter_image_url":null,"twitter_image_custom_url":null,"twitter_image_custom_fields":null,"twitter_title":null,"twitter_description":null,"schema":{"blockGraphs":[],"customGraphs":[],"default":{"data":{"Article":[],"Course":[],"Dataset":[],"FAQPage":[],"Movie":[],"Person":[],"Product":[],"ProductReview":[],"Car":[],"Recipe":[],"Service":[],"SoftwareApplication":[],"WebPage":[]},"graphName":"","isEnabled":true},"graphs":[]},"schema_type":null,"schema_type_options":null,"pillar_content":false,"robots_default":true,"robots_noindex":false,"robots_noarchive":false,"robots_nosnippet":false,"robots_nofollow":false,"robots_noimageindex":false,"robots_noodp":false,"robots_notranslate":false,"robots_max_snippet":null,"robots_max_videopreview":null,"robots_max_imagepreview":"large","priority":null,"frequency":null,"location":null,"local_seo":null,"seo_analyzer_scan_date":"2025-08-25 16:29:11","breadcrumb_settings":null,"limit_modified_date":false,"reviewed_by":null,"open_ai":null,"ai":null,"created":"2020-12-21 12:58:52","updated":"2025-08-25 16:29:11"},"aioseo_breadcrumb":"<div class=\"aioseo-breadcrumbs\"><span class=\"aioseo-breadcrumb\">\n\t<a href=\"https:\/\/candas365.es\/noticias\" title=\"Home\">Home<\/a>\n<\/span><span class=\"aioseo-breadcrumb-separator\">&ndash;<\/span><span class=\"aioseo-breadcrumb\">\n\t<a href=\"https:\/\/candas365.es\/noticias\/category\/agenda\/\" title=\"Agenda\">Agenda<\/a>\n<\/span><span class=\"aioseo-breadcrumb-separator\">&ndash;<\/span><span class=\"aioseo-breadcrumb\">\n\t\u2018Cr\u00f3nicas\u2019 estrena el reportaje \u2018La decisi\u00f3n de Aliona\u2019\n<\/span><\/div>","aioseo_breadcrumb_json":[{"label":"Home","link":"https:\/\/candas365.es\/noticias"},{"label":"Agenda","link":"https:\/\/candas365.es\/noticias\/category\/agenda\/"},{"label":"&#8216;Cr\u00f3nicas&#8217; estrena el reportaje &#8216;La decisi\u00f3n de Aliona&#8217;","link":"https:\/\/candas365.es\/noticias\/cronicas-estrena-el-reportaje-la-decision-de-aliona\/"}],"_links":{"self":[{"href":"https:\/\/candas365.es\/noticias\/wp-json\/wp\/v2\/posts\/73785","targetHints":{"allow":["GET"]}}],"collection":[{"href":"https:\/\/candas365.es\/noticias\/wp-json\/wp\/v2\/posts"}],"about":[{"href":"https:\/\/candas365.es\/noticias\/wp-json\/wp\/v2\/types\/post"}],"author":[{"embeddable":true,"href":"https:\/\/candas365.es\/noticias\/wp-json\/wp\/v2\/users\/1"}],"replies":[{"embeddable":true,"href":"https:\/\/candas365.es\/noticias\/wp-json\/wp\/v2\/comments?post=73785"}],"version-history":[{"count":0,"href":"https:\/\/candas365.es\/noticias\/wp-json\/wp\/v2\/posts\/73785\/revisions"}],"wp:featuredmedia":[{"embeddable":true,"href":"https:\/\/candas365.es\/noticias\/wp-json\/wp\/v2\/media\/73786"}],"wp:attachment":[{"href":"https:\/\/candas365.es\/noticias\/wp-json\/wp\/v2\/media?parent=73785"}],"wp:term":[{"taxonomy":"category","embeddable":true,"href":"https:\/\/candas365.es\/noticias\/wp-json\/wp\/v2\/categories?post=73785"},{"taxonomy":"post_tag","embeddable":true,"href":"https:\/\/candas365.es\/noticias\/wp-json\/wp\/v2\/tags?post=73785"}],"curies":[{"name":"wp","href":"https:\/\/api.w.org\/{rel}","templated":true}]}}