{"id":73514,"date":"2017-06-13T16:43:19","date_gmt":"2017-06-13T16:43:19","guid":{"rendered":"http:\/\/candas365.es\/noticias\/?p=73514"},"modified":"2017-06-13T16:43:19","modified_gmt":"2017-06-13T16:43:19","slug":"el-hospital-de-cabuenes-acogera-la-exposicion-empieza-tu-camino","status":"publish","type":"post","link":"https:\/\/candas365.es\/noticias\/el-hospital-de-cabuenes-acogera-la-exposicion-empieza-tu-camino\/","title":{"rendered":"El Hospital de Cabue\u00f1es acoger\u00e1 la exposici\u00f3n \u00a1EMpieza tu camino!"},"content":{"rendered":"<p><img fetchpriority=\"high\" decoding=\"async\" class=\"alignleft size-medium wp-image-31302\" src=\"https:\/\/candas365.es\/noticias\/wp-content\/uploads\/2016\/06\/cabue\u00f1es-360x205.jpg\" alt=\"\" width=\"360\" height=\"205\" srcset=\"https:\/\/candas365.es\/noticias\/wp-content\/uploads\/2016\/06\/cabue\u00f1es-360x205.jpg 360w, https:\/\/candas365.es\/noticias\/wp-content\/uploads\/2016\/06\/cabue\u00f1es-150x85.jpg 150w, https:\/\/candas365.es\/noticias\/wp-content\/uploads\/2016\/06\/cabue\u00f1es-450x256.jpg 450w, https:\/\/candas365.es\/noticias\/wp-content\/uploads\/2016\/06\/cabue\u00f1es.jpg 632w\" sizes=\"(max-width: 360px) 100vw, 360px\" \/>El Hospital Universitario de Cabue\u00f1es acoger\u00e1 la exposici\u00f3n \u00a1EMpieza tu camino!, una iniciativa para concienciar a la ciudadan\u00eda sobre el impacto de la esclerosis m\u00faltiple (EM) en la calidad de vida de los pacientes. La muestra, formada por once im\u00e1genes, se instalar\u00e1 ma\u00f1ana, mi\u00e9rcoles, en el vest\u00edbulo principal del centro.<\/p>\n<p>\u00a1EMpieza tu camino! refleja, desde una perspectiva optimista, las implicaciones de esta patolog\u00eda en las diferentes esferas de la vida a trav\u00e9s de once fotograf\u00edas y testimonios reales. Con ello, se da visibilidad a la esclerosis y se proporciona a los pacientes y a sus familiares los materiales y herramientas necesarios para convivir con la enfermedad.<\/p>\n<p>La Unidad de Esclerosis M\u00faltiple de Cabue\u00f1es, la primera de estas caracter\u00edsticas abierta en Asturias, se inaugur\u00f3 en octubre de 2016. En ella trabajan los neur\u00f3logos Dionisio Fern\u00e1ndez Ur\u00eda, Dulce Mar\u00eda Solar S\u00e1nchez y Roberto Su\u00e1rez Moro, adem\u00e1s de la enfermera especializada Delia Rubio Fern\u00e1ndez. Desde su puesta en marcha, los pacientes reciben una atenci\u00f3n de mayor calidad, ya que siempre permanece abierta una consulta telef\u00f3nica que pueden utilizar si surgen complicaciones o efectos secundarios asociados al tratamiento, para recibir asistencia inmediata. De este modo, se han reducido las visitas a urgencias y las hospitalizaciones.<\/p>\n<p>Esta enfermedad autoinmune, cr\u00f3nica y neurodegenerativa, tiene una prevalencia de alrededor de 120 casos por cada 100.000 habitantes. Seg\u00fan esta estimaci\u00f3n, se calcula que en Asturias viven m\u00e1s de 1.200 personas afectadas por una patolog\u00eda discapacitante que afecta sobre todo a gente joven. Adem\u00e1s, supone una importante carga en la esfera laboral, ya que a los tres a\u00f1os del diagn\u00f3stico, hasta un 40% de los pacientes pierde su trabajo, y a los diez, el 70%.<\/p>\n","protected":false},"excerpt":{"rendered":"<p>El Hospital Universitario de Cabue\u00f1es acoger\u00e1 la exposici\u00f3n \u00a1EMpieza tu camino!, una iniciativa para concienciar a la ciudadan\u00eda sobre el impacto de la esclerosis m\u00faltiple (EM) en la calidad de vida de los pacientes. La muestra, formada por once im\u00e1genes, se instalar\u00e1 ma\u00f1ana, mi\u00e9rcoles, en el vest\u00edbulo principal del centro. \u00a1EMpieza tu camino! refleja, desde<\/p>\n","protected":false},"author":1,"featured_media":31302,"comment_status":"closed","ping_status":"closed","sticky":false,"template":"","format":"standard","meta":{"footnotes":""},"categories":[1],"tags":[],"class_list":{"0":"post-73514","1":"post","2":"type-post","3":"status-publish","4":"format-standard","5":"has-post-thumbnail","7":"category-agenda"},"aioseo_notices":[],"aioseo_head":"\n\t\t<!-- All in One SEO Pro 4.9.6.2 - aioseo.com -->\n\t<meta name=\"description\" content=\"El Hospital Universitario de Cabue\u00f1es acoger\u00e1 la exposici\u00f3n \u00a1EMpieza tu camino!, una iniciativa para concienciar a la ciudadan\u00eda sobre el impacto de la esclerosis m\u00faltiple (EM) en la calidad de vida de los pacientes. La muestra, formada por once im\u00e1genes, se instalar\u00e1 ma\u00f1ana, mi\u00e9rcoles, en el vest\u00edbulo principal del centro. \u00a1EMpieza tu camino! refleja, desde\" \/>\n\t<meta name=\"robots\" content=\"max-image-preview:large\" \/>\n\t<meta name=\"author\" content=\"Cand\u00e1s 365\"\/>\n\t<meta name=\"google-site-verification\" content=\"UA-32230408-1\" \/>\n\t<meta name=\"msvalidate.01\" content=\"354F3CDFB2DA171B47FBE9ABF1F88D5\" \/>\n\t<meta name=\"keywords\" content=\"agenda\" \/>\n\t<link rel=\"canonical\" href=\"https:\/\/candas365.es\/noticias\/el-hospital-de-cabuenes-acogera-la-exposicion-empieza-tu-camino\/\" \/>\n\t<meta name=\"generator\" content=\"All in One SEO Pro (AIOSEO) 4.9.6.2\" \/>\n\t\t<meta property=\"og:locale\" content=\"es_ES\" \/>\n\t\t<meta property=\"og:site_name\" content=\"Cand\u00e1s 365\" \/>\n\t\t<meta property=\"og:type\" content=\"article\" \/>\n\t\t<meta property=\"og:title\" content=\"El Hospital de Cabue\u00f1es acoger\u00e1 la exposici\u00f3n \u00a1EMpieza tu camino! | Cand\u00e1s 365\" \/>\n\t\t<meta property=\"og:description\" content=\"El Hospital Universitario de Cabue\u00f1es acoger\u00e1 la exposici\u00f3n \u00a1EMpieza tu camino!, una iniciativa para concienciar a la ciudadan\u00eda sobre el impacto de la esclerosis m\u00faltiple (EM) en la calidad de vida de los pacientes. La muestra, formada por once im\u00e1genes, se instalar\u00e1 ma\u00f1ana, mi\u00e9rcoles, en el vest\u00edbulo principal del centro. \u00a1EMpieza tu camino! refleja, desde\" \/>\n\t\t<meta property=\"og:url\" content=\"https:\/\/candas365.es\/noticias\/el-hospital-de-cabuenes-acogera-la-exposicion-empieza-tu-camino\/\" \/>\n\t\t<meta property=\"og:image\" content=\"https:\/\/candas365.es\/noticias\/wp-content\/uploads\/2016\/06\/cabue\u00f1es.jpg\" \/>\n\t\t<meta property=\"og:image:secure_url\" content=\"https:\/\/candas365.es\/noticias\/wp-content\/uploads\/2016\/06\/cabue\u00f1es.jpg\" \/>\n\t\t<meta property=\"og:image:width\" content=\"632\" \/>\n\t\t<meta property=\"og:image:height\" content=\"360\" \/>\n\t\t<meta property=\"article:published_time\" content=\"2017-06-13T16:43:19+00:00\" \/>\n\t\t<meta property=\"article:modified_time\" content=\"2017-06-13T16:43:19+00:00\" \/>\n\t\t<meta property=\"article:publisher\" content=\"https:\/\/www.facebook.com\/Nachofdezber\" \/>\n\t\t<meta property=\"article:author\" content=\"https:\/\/www.facebook.com\/carrenoactualidad\" \/>\n\t\t<meta name=\"twitter:card\" content=\"summary_large_image\" \/>\n\t\t<meta name=\"twitter:site\" content=\"@NabercoDigital\" \/>\n\t\t<meta name=\"twitter:title\" content=\"El Hospital de Cabue\u00f1es acoger\u00e1 la exposici\u00f3n \u00a1EMpieza tu camino! | Cand\u00e1s 365\" \/>\n\t\t<meta name=\"twitter:description\" content=\"El Hospital Universitario de Cabue\u00f1es acoger\u00e1 la exposici\u00f3n \u00a1EMpieza tu camino!, una iniciativa para concienciar a la ciudadan\u00eda sobre el impacto de la esclerosis m\u00faltiple (EM) en la calidad de vida de los pacientes. La muestra, formada por once im\u00e1genes, se instalar\u00e1 ma\u00f1ana, mi\u00e9rcoles, en el vest\u00edbulo principal del centro. \u00a1EMpieza tu camino! refleja, desde\" \/>\n\t\t<meta name=\"twitter:creator\" content=\"@nbasturias\" \/>\n\t\t<meta name=\"twitter:image\" content=\"https:\/\/candas365.es\/noticias\/wp-content\/uploads\/2016\/06\/cabue\u00f1es.jpg\" \/>\n\t\t<meta name=\"twitter:label1\" content=\"Escrito por\" \/>\n\t\t<meta name=\"twitter:data1\" content=\"Cand\u00e1s 365\" \/>\n\t\t<meta name=\"twitter:label2\" content=\"Tiempo de lectura estimado\" \/>\n\t\t<meta name=\"twitter:data2\" content=\"2 minutos\" \/>\n\t\t<script type=\"application\/ld+json\" class=\"aioseo-schema\">\n\t\t\t{\"@context\":\"https:\\\/\\\/schema.org\",\"@graph\":[{\"@type\":\"BreadcrumbList\",\"@id\":\"https:\\\/\\\/candas365.es\\\/noticias\\\/el-hospital-de-cabuenes-acogera-la-exposicion-empieza-tu-camino\\\/#breadcrumblist\",\"itemListElement\":[{\"@type\":\"ListItem\",\"@id\":\"https:\\\/\\\/candas365.es\\\/noticias#listItem\",\"position\":1,\"name\":\"Home\",\"item\":\"https:\\\/\\\/candas365.es\\\/noticias\",\"nextItem\":{\"@type\":\"ListItem\",\"@id\":\"https:\\\/\\\/candas365.es\\\/noticias\\\/category\\\/agenda\\\/#listItem\",\"name\":\"Agenda\"}},{\"@type\":\"ListItem\",\"@id\":\"https:\\\/\\\/candas365.es\\\/noticias\\\/category\\\/agenda\\\/#listItem\",\"position\":2,\"name\":\"Agenda\",\"item\":\"https:\\\/\\\/candas365.es\\\/noticias\\\/category\\\/agenda\\\/\",\"nextItem\":{\"@type\":\"ListItem\",\"@id\":\"https:\\\/\\\/candas365.es\\\/noticias\\\/el-hospital-de-cabuenes-acogera-la-exposicion-empieza-tu-camino\\\/#listItem\",\"name\":\"El Hospital de Cabue\\u00f1es acoger\\u00e1 la exposici\\u00f3n \\u00a1EMpieza tu camino!\"},\"previousItem\":{\"@type\":\"ListItem\",\"@id\":\"https:\\\/\\\/candas365.es\\\/noticias#listItem\",\"name\":\"Home\"}},{\"@type\":\"ListItem\",\"@id\":\"https:\\\/\\\/candas365.es\\\/noticias\\\/el-hospital-de-cabuenes-acogera-la-exposicion-empieza-tu-camino\\\/#listItem\",\"position\":3,\"name\":\"El Hospital de Cabue\\u00f1es acoger\\u00e1 la exposici\\u00f3n \\u00a1EMpieza tu camino!\",\"previousItem\":{\"@type\":\"ListItem\",\"@id\":\"https:\\\/\\\/candas365.es\\\/noticias\\\/category\\\/agenda\\\/#listItem\",\"name\":\"Agenda\"}}]},{\"@type\":\"NewsArticle\",\"@id\":\"https:\\\/\\\/candas365.es\\\/noticias\\\/el-hospital-de-cabuenes-acogera-la-exposicion-empieza-tu-camino\\\/#newsarticle\",\"name\":\"El Hospital de Cabue\\u00f1es acoger\\u00e1 la exposici\\u00f3n \\u00a1EMpieza tu camino! | Cand\\u00e1s 365\",\"headline\":\"El Hospital de Cabue\\u00f1es acoger\\u00e1 la exposici\\u00f3n \\u00a1EMpieza tu camino!\",\"author\":{\"@id\":\"https:\\\/\\\/candas365.es\\\/noticias\\\/author\\\/admin\\\/#author\"},\"publisher\":{\"@id\":\"https:\\\/\\\/candas365.es\\\/noticias\\\/#organization\"},\"image\":{\"@type\":\"ImageObject\",\"url\":\"https:\\\/\\\/candas365.es\\\/noticias\\\/wp-content\\\/uploads\\\/2016\\\/06\\\/cabue\\u00f1es.jpg\",\"width\":632,\"height\":360},\"datePublished\":\"2017-06-13T16:43:19+02:00\",\"dateModified\":\"2017-06-13T16:43:19+02:00\",\"inLanguage\":\"es-ES\",\"mainEntityOfPage\":{\"@id\":\"https:\\\/\\\/candas365.es\\\/noticias\\\/el-hospital-de-cabuenes-acogera-la-exposicion-empieza-tu-camino\\\/#webpage\"},\"isPartOf\":{\"@id\":\"https:\\\/\\\/candas365.es\\\/noticias\\\/el-hospital-de-cabuenes-acogera-la-exposicion-empieza-tu-camino\\\/#webpage\"},\"articleSection\":\"Agenda\",\"dateline\":\"Publicado el junio 13, 2017.\"},{\"@type\":\"Organization\",\"@id\":\"https:\\\/\\\/candas365.es\\\/noticias\\\/#organization\",\"name\":\"Cand\\u00e1s 365\",\"description\":\"Cand\\u00e1s 365 es un diario digital independiente, fundado en 2012, con base en Asturias. Informamos con rigor sobre actualidad, sociedad, cultura y ocio, con una mirada local y global.\",\"url\":\"https:\\\/\\\/candas365.es\\\/noticias\\\/\",\"email\":\"info@candas365.es\",\"telephone\":\"+34652131393\",\"foundingDate\":\"2012-06-10\",\"logo\":{\"@type\":\"ImageObject\",\"url\":\"https:\\\/\\\/candas365.es\\\/noticias\\\/wp-content\\\/uploads\\\/2024\\\/09\\\/Candas-365-Redes.jpg\",\"@id\":\"https:\\\/\\\/candas365.es\\\/noticias\\\/el-hospital-de-cabuenes-acogera-la-exposicion-empieza-tu-camino\\\/#organizationLogo\",\"width\":1152,\"height\":864,\"caption\":\"Cand\\u00e1s 365 Redes\"},\"image\":{\"@id\":\"https:\\\/\\\/candas365.es\\\/noticias\\\/el-hospital-de-cabuenes-acogera-la-exposicion-empieza-tu-camino\\\/#organizationLogo\"},\"sameAs\":[\"https:\\\/\\\/www.facebook.com\\\/Nachofdezber\",\"https:\\\/\\\/x.com\\\/NabercoDigital\",\"https:\\\/\\\/www.instagram.com\\\/nachofdezber\\\/\",\"https:\\\/\\\/www.youtube.com\\\/channel\\\/UCZP-2wLEB9Rv6erhFmqVnvg\"],\"address\":{\"@id\":\"https:\\\/\\\/candas365.es\\\/noticias\\\/#postaladdress\",\"@type\":\"PostalAddress\",\"streetAddress\":\"san antonio 4, san antonio 4\",\"postalCode\":\"33430\",\"addressLocality\":\"Cand\\u00e1s\",\"addressRegion\":\"Asturias\",\"addressCountry\":\"ES\"}},{\"@type\":\"Person\",\"@id\":\"https:\\\/\\\/candas365.es\\\/noticias\\\/author\\\/admin\\\/#author\",\"url\":\"https:\\\/\\\/candas365.es\\\/noticias\\\/author\\\/admin\\\/\",\"name\":\"Cand\\u00e1s 365\",\"image\":{\"@type\":\"ImageObject\",\"@id\":\"https:\\\/\\\/candas365.es\\\/noticias\\\/el-hospital-de-cabuenes-acogera-la-exposicion-empieza-tu-camino\\\/#authorImage\",\"url\":\"https:\\\/\\\/secure.gravatar.com\\\/avatar\\\/496a8e03d0c493ede1718b7934145dbdf8d89be1036b0eec9544e1094c9de390?s=96&d=mm&r=g\",\"width\":96,\"height\":96,\"caption\":\"Cand\\u00e1s 365\"},\"sameAs\":[\"https:\\\/\\\/www.facebook.com\\\/carrenoactualidad\",\"https:\\\/\\\/twitter.com\\\/nbasturias\",\"https:\\\/\\\/www.instagram.com\\\/nachofdezber\\\/\",\"https:\\\/\\\/www.youtube.com\\\/channel\\\/UCZP-2wLEB9Rv6erhFmqVnvg\"]},{\"@type\":\"WebPage\",\"@id\":\"https:\\\/\\\/candas365.es\\\/noticias\\\/el-hospital-de-cabuenes-acogera-la-exposicion-empieza-tu-camino\\\/#webpage\",\"url\":\"https:\\\/\\\/candas365.es\\\/noticias\\\/el-hospital-de-cabuenes-acogera-la-exposicion-empieza-tu-camino\\\/\",\"name\":\"El Hospital de Cabue\\u00f1es acoger\\u00e1 la exposici\\u00f3n \\u00a1EMpieza tu camino! | Cand\\u00e1s 365\",\"description\":\"El Hospital Universitario de Cabue\\u00f1es acoger\\u00e1 la exposici\\u00f3n \\u00a1EMpieza tu camino!, una iniciativa para concienciar a la ciudadan\\u00eda sobre el impacto de la esclerosis m\\u00faltiple (EM) en la calidad de vida de los pacientes. La muestra, formada por once im\\u00e1genes, se instalar\\u00e1 ma\\u00f1ana, mi\\u00e9rcoles, en el vest\\u00edbulo principal del centro. \\u00a1EMpieza tu camino! refleja, desde\",\"inLanguage\":\"es-ES\",\"isPartOf\":{\"@id\":\"https:\\\/\\\/candas365.es\\\/noticias\\\/#website\"},\"breadcrumb\":{\"@id\":\"https:\\\/\\\/candas365.es\\\/noticias\\\/el-hospital-de-cabuenes-acogera-la-exposicion-empieza-tu-camino\\\/#breadcrumblist\"},\"author\":{\"@id\":\"https:\\\/\\\/candas365.es\\\/noticias\\\/author\\\/admin\\\/#author\"},\"creator\":{\"@id\":\"https:\\\/\\\/candas365.es\\\/noticias\\\/author\\\/admin\\\/#author\"},\"image\":{\"@type\":\"ImageObject\",\"url\":\"https:\\\/\\\/candas365.es\\\/noticias\\\/wp-content\\\/uploads\\\/2016\\\/06\\\/cabue\\u00f1es.jpg\",\"@id\":\"https:\\\/\\\/candas365.es\\\/noticias\\\/el-hospital-de-cabuenes-acogera-la-exposicion-empieza-tu-camino\\\/#mainImage\",\"width\":632,\"height\":360},\"primaryImageOfPage\":{\"@id\":\"https:\\\/\\\/candas365.es\\\/noticias\\\/el-hospital-de-cabuenes-acogera-la-exposicion-empieza-tu-camino\\\/#mainImage\"},\"datePublished\":\"2017-06-13T16:43:19+02:00\",\"dateModified\":\"2017-06-13T16:43:19+02:00\"},{\"@type\":\"WebSite\",\"@id\":\"https:\\\/\\\/candas365.es\\\/noticias\\\/#website\",\"url\":\"https:\\\/\\\/candas365.es\\\/noticias\\\/\",\"name\":\"Cand\\u00e1s 365\",\"alternateName\":\"Cand\\u00e1s 365 Noticias\",\"description\":\"Actualidad desde Carre\\u00f1o para el mundo\",\"inLanguage\":\"es-ES\",\"publisher\":{\"@id\":\"https:\\\/\\\/candas365.es\\\/noticias\\\/#organization\"}}]}\n\t\t<\/script>\n\t\t<!-- All in One SEO Pro -->\r\n\t\t<title>El Hospital de Cabue\u00f1es acoger\u00e1 la exposici\u00f3n \u00a1EMpieza tu camino! | Cand\u00e1s 365<\/title>\n\n","aioseo_head_json":{"title":"El Hospital de Cabue\u00f1es acoger\u00e1 la exposici\u00f3n \u00a1EMpieza tu camino! | Cand\u00e1s 365","description":"El Hospital Universitario de Cabue\u00f1es acoger\u00e1 la exposici\u00f3n \u00a1EMpieza tu camino!, una iniciativa para concienciar a la ciudadan\u00eda sobre el impacto de la esclerosis m\u00faltiple (EM) en la calidad de vida de los pacientes. La muestra, formada por once im\u00e1genes, se instalar\u00e1 ma\u00f1ana, mi\u00e9rcoles, en el vest\u00edbulo principal del centro. \u00a1EMpieza tu camino! refleja, desde","canonical_url":"https:\/\/candas365.es\/noticias\/el-hospital-de-cabuenes-acogera-la-exposicion-empieza-tu-camino\/","robots":"max-image-preview:large","keywords":"agenda","webmasterTools":{"google-site-verification":"UA-32230408-1","msvalidate.01":"354F3CDFB2DA171B47FBE9ABF1F88D5","miscellaneous":""},"schema":{"@context":"https:\/\/schema.org","@graph":[{"@type":"BreadcrumbList","@id":"https:\/\/candas365.es\/noticias\/el-hospital-de-cabuenes-acogera-la-exposicion-empieza-tu-camino\/#breadcrumblist","itemListElement":[{"@type":"ListItem","@id":"https:\/\/candas365.es\/noticias#listItem","position":1,"name":"Home","item":"https:\/\/candas365.es\/noticias","nextItem":{"@type":"ListItem","@id":"https:\/\/candas365.es\/noticias\/category\/agenda\/#listItem","name":"Agenda"}},{"@type":"ListItem","@id":"https:\/\/candas365.es\/noticias\/category\/agenda\/#listItem","position":2,"name":"Agenda","item":"https:\/\/candas365.es\/noticias\/category\/agenda\/","nextItem":{"@type":"ListItem","@id":"https:\/\/candas365.es\/noticias\/el-hospital-de-cabuenes-acogera-la-exposicion-empieza-tu-camino\/#listItem","name":"El Hospital de Cabue\u00f1es acoger\u00e1 la exposici\u00f3n \u00a1EMpieza tu camino!"},"previousItem":{"@type":"ListItem","@id":"https:\/\/candas365.es\/noticias#listItem","name":"Home"}},{"@type":"ListItem","@id":"https:\/\/candas365.es\/noticias\/el-hospital-de-cabuenes-acogera-la-exposicion-empieza-tu-camino\/#listItem","position":3,"name":"El Hospital de Cabue\u00f1es acoger\u00e1 la exposici\u00f3n \u00a1EMpieza tu camino!","previousItem":{"@type":"ListItem","@id":"https:\/\/candas365.es\/noticias\/category\/agenda\/#listItem","name":"Agenda"}}]},{"@type":"NewsArticle","@id":"https:\/\/candas365.es\/noticias\/el-hospital-de-cabuenes-acogera-la-exposicion-empieza-tu-camino\/#newsarticle","name":"El Hospital de Cabue\u00f1es acoger\u00e1 la exposici\u00f3n \u00a1EMpieza tu camino! | Cand\u00e1s 365","headline":"El Hospital de Cabue\u00f1es acoger\u00e1 la exposici\u00f3n \u00a1EMpieza tu camino!","author":{"@id":"https:\/\/candas365.es\/noticias\/author\/admin\/#author"},"publisher":{"@id":"https:\/\/candas365.es\/noticias\/#organization"},"image":{"@type":"ImageObject","url":"https:\/\/candas365.es\/noticias\/wp-content\/uploads\/2016\/06\/cabue\u00f1es.jpg","width":632,"height":360},"datePublished":"2017-06-13T16:43:19+02:00","dateModified":"2017-06-13T16:43:19+02:00","inLanguage":"es-ES","mainEntityOfPage":{"@id":"https:\/\/candas365.es\/noticias\/el-hospital-de-cabuenes-acogera-la-exposicion-empieza-tu-camino\/#webpage"},"isPartOf":{"@id":"https:\/\/candas365.es\/noticias\/el-hospital-de-cabuenes-acogera-la-exposicion-empieza-tu-camino\/#webpage"},"articleSection":"Agenda","dateline":"Publicado el junio 13, 2017."},{"@type":"Organization","@id":"https:\/\/candas365.es\/noticias\/#organization","name":"Cand\u00e1s 365","description":"Cand\u00e1s 365 es un diario digital independiente, fundado en 2012, con base en Asturias. Informamos con rigor sobre actualidad, sociedad, cultura y ocio, con una mirada local y global.","url":"https:\/\/candas365.es\/noticias\/","email":"info@candas365.es","telephone":"+34652131393","foundingDate":"2012-06-10","logo":{"@type":"ImageObject","url":"https:\/\/candas365.es\/noticias\/wp-content\/uploads\/2024\/09\/Candas-365-Redes.jpg","@id":"https:\/\/candas365.es\/noticias\/el-hospital-de-cabuenes-acogera-la-exposicion-empieza-tu-camino\/#organizationLogo","width":1152,"height":864,"caption":"Cand\u00e1s 365 Redes"},"image":{"@id":"https:\/\/candas365.es\/noticias\/el-hospital-de-cabuenes-acogera-la-exposicion-empieza-tu-camino\/#organizationLogo"},"sameAs":["https:\/\/www.facebook.com\/Nachofdezber","https:\/\/x.com\/NabercoDigital","https:\/\/www.instagram.com\/nachofdezber\/","https:\/\/www.youtube.com\/channel\/UCZP-2wLEB9Rv6erhFmqVnvg"],"address":{"@id":"https:\/\/candas365.es\/noticias\/#postaladdress","@type":"PostalAddress","streetAddress":"san antonio 4, san antonio 4","postalCode":"33430","addressLocality":"Cand\u00e1s","addressRegion":"Asturias","addressCountry":"ES"}},{"@type":"Person","@id":"https:\/\/candas365.es\/noticias\/author\/admin\/#author","url":"https:\/\/candas365.es\/noticias\/author\/admin\/","name":"Cand\u00e1s 365","image":{"@type":"ImageObject","@id":"https:\/\/candas365.es\/noticias\/el-hospital-de-cabuenes-acogera-la-exposicion-empieza-tu-camino\/#authorImage","url":"https:\/\/secure.gravatar.com\/avatar\/496a8e03d0c493ede1718b7934145dbdf8d89be1036b0eec9544e1094c9de390?s=96&d=mm&r=g","width":96,"height":96,"caption":"Cand\u00e1s 365"},"sameAs":["https:\/\/www.facebook.com\/carrenoactualidad","https:\/\/twitter.com\/nbasturias","https:\/\/www.instagram.com\/nachofdezber\/","https:\/\/www.youtube.com\/channel\/UCZP-2wLEB9Rv6erhFmqVnvg"]},{"@type":"WebPage","@id":"https:\/\/candas365.es\/noticias\/el-hospital-de-cabuenes-acogera-la-exposicion-empieza-tu-camino\/#webpage","url":"https:\/\/candas365.es\/noticias\/el-hospital-de-cabuenes-acogera-la-exposicion-empieza-tu-camino\/","name":"El Hospital de Cabue\u00f1es acoger\u00e1 la exposici\u00f3n \u00a1EMpieza tu camino! | Cand\u00e1s 365","description":"El Hospital Universitario de Cabue\u00f1es acoger\u00e1 la exposici\u00f3n \u00a1EMpieza tu camino!, una iniciativa para concienciar a la ciudadan\u00eda sobre el impacto de la esclerosis m\u00faltiple (EM) en la calidad de vida de los pacientes. La muestra, formada por once im\u00e1genes, se instalar\u00e1 ma\u00f1ana, mi\u00e9rcoles, en el vest\u00edbulo principal del centro. \u00a1EMpieza tu camino! refleja, desde","inLanguage":"es-ES","isPartOf":{"@id":"https:\/\/candas365.es\/noticias\/#website"},"breadcrumb":{"@id":"https:\/\/candas365.es\/noticias\/el-hospital-de-cabuenes-acogera-la-exposicion-empieza-tu-camino\/#breadcrumblist"},"author":{"@id":"https:\/\/candas365.es\/noticias\/author\/admin\/#author"},"creator":{"@id":"https:\/\/candas365.es\/noticias\/author\/admin\/#author"},"image":{"@type":"ImageObject","url":"https:\/\/candas365.es\/noticias\/wp-content\/uploads\/2016\/06\/cabue\u00f1es.jpg","@id":"https:\/\/candas365.es\/noticias\/el-hospital-de-cabuenes-acogera-la-exposicion-empieza-tu-camino\/#mainImage","width":632,"height":360},"primaryImageOfPage":{"@id":"https:\/\/candas365.es\/noticias\/el-hospital-de-cabuenes-acogera-la-exposicion-empieza-tu-camino\/#mainImage"},"datePublished":"2017-06-13T16:43:19+02:00","dateModified":"2017-06-13T16:43:19+02:00"},{"@type":"WebSite","@id":"https:\/\/candas365.es\/noticias\/#website","url":"https:\/\/candas365.es\/noticias\/","name":"Cand\u00e1s 365","alternateName":"Cand\u00e1s 365 Noticias","description":"Actualidad desde Carre\u00f1o para el mundo","inLanguage":"es-ES","publisher":{"@id":"https:\/\/candas365.es\/noticias\/#organization"}}]},"og:locale":"es_ES","og:site_name":"Cand\u00e1s 365","og:type":"article","og:title":"El Hospital de Cabue\u00f1es acoger\u00e1 la exposici\u00f3n \u00a1EMpieza tu camino! | Cand\u00e1s 365","og:description":"El Hospital Universitario de Cabue\u00f1es acoger\u00e1 la exposici\u00f3n \u00a1EMpieza tu camino!, una iniciativa para concienciar a la ciudadan\u00eda sobre el impacto de la esclerosis m\u00faltiple (EM) en la calidad de vida de los pacientes. La muestra, formada por once im\u00e1genes, se instalar\u00e1 ma\u00f1ana, mi\u00e9rcoles, en el vest\u00edbulo principal del centro. \u00a1EMpieza tu camino! refleja, desde","og:url":"https:\/\/candas365.es\/noticias\/el-hospital-de-cabuenes-acogera-la-exposicion-empieza-tu-camino\/","og:image":"https:\/\/candas365.es\/noticias\/wp-content\/uploads\/2016\/06\/cabue\u00f1es.jpg","og:image:secure_url":"https:\/\/candas365.es\/noticias\/wp-content\/uploads\/2016\/06\/cabue\u00f1es.jpg","og:image:width":632,"og:image:height":360,"article:published_time":"2017-06-13T16:43:19+00:00","article:modified_time":"2017-06-13T16:43:19+00:00","article:publisher":"https:\/\/www.facebook.com\/Nachofdezber","article:author":"https:\/\/www.facebook.com\/carrenoactualidad","twitter:card":"summary_large_image","twitter:site":"@NabercoDigital","twitter:title":"El Hospital de Cabue\u00f1es acoger\u00e1 la exposici\u00f3n \u00a1EMpieza tu camino! | Cand\u00e1s 365","twitter:description":"El Hospital Universitario de Cabue\u00f1es acoger\u00e1 la exposici\u00f3n \u00a1EMpieza tu camino!, una iniciativa para concienciar a la ciudadan\u00eda sobre el impacto de la esclerosis m\u00faltiple (EM) en la calidad de vida de los pacientes. La muestra, formada por once im\u00e1genes, se instalar\u00e1 ma\u00f1ana, mi\u00e9rcoles, en el vest\u00edbulo principal del centro. \u00a1EMpieza tu camino! refleja, desde","twitter:creator":"@nbasturias","twitter:image":"https:\/\/candas365.es\/noticias\/wp-content\/uploads\/2016\/06\/cabue\u00f1es.jpg","twitter:label1":"Escrito por","twitter:data1":"Cand\u00e1s 365","twitter:label2":"Tiempo de lectura estimado","twitter:data2":"2 minutos"},"aioseo_meta_data":{"post_id":"73514","title":null,"description":null,"keywords":null,"keyphrases":null,"primary_term":null,"canonical_url":null,"og_title":null,"og_description":null,"og_object_type":"default","og_image_type":"default","og_image_url":null,"og_image_width":null,"og_image_height":null,"og_image_custom_url":null,"og_image_custom_fields":null,"og_video":null,"og_custom_url":null,"og_article_section":null,"og_article_tags":null,"twitter_use_og":false,"twitter_card":"default","twitter_image_type":"default","twitter_image_url":null,"twitter_image_custom_url":null,"twitter_image_custom_fields":null,"twitter_title":null,"twitter_description":null,"schema":{"blockGraphs":[],"customGraphs":[],"default":{"data":{"Article":[],"Course":[],"Dataset":[],"FAQPage":[],"Movie":[],"Person":[],"Product":[],"ProductReview":[],"Car":[],"Recipe":[],"Service":[],"SoftwareApplication":[],"WebPage":[]},"graphName":"","isEnabled":true},"graphs":[],"defaultGraph":"","defaultPostTypeGraph":""},"schema_type":null,"schema_type_options":null,"pillar_content":false,"robots_default":true,"robots_noindex":false,"robots_noarchive":false,"robots_nosnippet":false,"robots_nofollow":false,"robots_noimageindex":false,"robots_noodp":false,"robots_notranslate":false,"robots_max_snippet":null,"robots_max_videopreview":null,"robots_max_imagepreview":"large","priority":null,"frequency":null,"location":null,"local_seo":null,"seo_analyzer_scan_date":"2025-08-25 16:11:14","breadcrumb_settings":null,"limit_modified_date":false,"reviewed_by":null,"open_ai":null,"ai":null,"created":"2020-12-21 12:59:00","updated":"2025-08-25 16:11:14"},"aioseo_breadcrumb":"<div class=\"aioseo-breadcrumbs\"><span class=\"aioseo-breadcrumb\">\n\t<a href=\"https:\/\/candas365.es\/noticias\" title=\"Home\">Home<\/a>\n<\/span><span class=\"aioseo-breadcrumb-separator\">&ndash;<\/span><span class=\"aioseo-breadcrumb\">\n\t<a href=\"https:\/\/candas365.es\/noticias\/category\/agenda\/\" title=\"Agenda\">Agenda<\/a>\n<\/span><span class=\"aioseo-breadcrumb-separator\">&ndash;<\/span><span class=\"aioseo-breadcrumb\">\n\tEl Hospital de Cabue\u00f1es acoger\u00e1 la exposici\u00f3n \u00a1EMpieza tu camino!\n<\/span><\/div>","aioseo_breadcrumb_json":[{"label":"Home","link":"https:\/\/candas365.es\/noticias"},{"label":"Agenda","link":"https:\/\/candas365.es\/noticias\/category\/agenda\/"},{"label":"El Hospital de Cabue\u00f1es acoger\u00e1 la exposici\u00f3n \u00a1EMpieza tu camino!","link":"https:\/\/candas365.es\/noticias\/el-hospital-de-cabuenes-acogera-la-exposicion-empieza-tu-camino\/"}],"_links":{"self":[{"href":"https:\/\/candas365.es\/noticias\/wp-json\/wp\/v2\/posts\/73514","targetHints":{"allow":["GET"]}}],"collection":[{"href":"https:\/\/candas365.es\/noticias\/wp-json\/wp\/v2\/posts"}],"about":[{"href":"https:\/\/candas365.es\/noticias\/wp-json\/wp\/v2\/types\/post"}],"author":[{"embeddable":true,"href":"https:\/\/candas365.es\/noticias\/wp-json\/wp\/v2\/users\/1"}],"replies":[{"embeddable":true,"href":"https:\/\/candas365.es\/noticias\/wp-json\/wp\/v2\/comments?post=73514"}],"version-history":[{"count":0,"href":"https:\/\/candas365.es\/noticias\/wp-json\/wp\/v2\/posts\/73514\/revisions"}],"wp:featuredmedia":[{"embeddable":true,"href":"https:\/\/candas365.es\/noticias\/wp-json\/wp\/v2\/media\/31302"}],"wp:attachment":[{"href":"https:\/\/candas365.es\/noticias\/wp-json\/wp\/v2\/media?parent=73514"}],"wp:term":[{"taxonomy":"category","embeddable":true,"href":"https:\/\/candas365.es\/noticias\/wp-json\/wp\/v2\/categories?post=73514"},{"taxonomy":"post_tag","embeddable":true,"href":"https:\/\/candas365.es\/noticias\/wp-json\/wp\/v2\/tags?post=73514"}],"curies":[{"name":"wp","href":"https:\/\/api.w.org\/{rel}","templated":true}]}}