{"id":7343,"date":"2015-02-18T08:57:16","date_gmt":"2015-02-18T10:57:16","guid":{"rendered":"http:\/\/candas365.es\/noticias\/?p=7343"},"modified":"2015-02-18T08:57:52","modified_gmt":"2015-02-18T10:57:52","slug":"las-sardinas-se-mudan-al-norte","status":"publish","type":"post","link":"https:\/\/candas365.es\/noticias\/las-sardinas-se-mudan-al-norte\/","title":{"rendered":"Las sardinas se mudan al norte"},"content":{"rendered":"<p><img fetchpriority=\"high\" decoding=\"async\" class=\"alignleft size-medium wp-image-7344\" src=\"https:\/\/candas365.es\/noticias\/wp-content\/uploads\/2015\/02\/Las-sardinas-se-mudan-al-norte-360x243.jpg\" alt=\"Las-sardinas-se-mudan-al-norte\" width=\"360\" height=\"243\" srcset=\"https:\/\/candas365.es\/noticias\/wp-content\/uploads\/2015\/02\/Las-sardinas-se-mudan-al-norte-360x243.jpg 360w, https:\/\/candas365.es\/noticias\/wp-content\/uploads\/2015\/02\/Las-sardinas-se-mudan-al-norte-150x101.jpg 150w, https:\/\/candas365.es\/noticias\/wp-content\/uploads\/2015\/02\/Las-sardinas-se-mudan-al-norte-450x304.jpg 450w, https:\/\/candas365.es\/noticias\/wp-content\/uploads\/2015\/02\/Las-sardinas-se-mudan-al-norte-560x380.jpg 560w, https:\/\/candas365.es\/noticias\/wp-content\/uploads\/2015\/02\/Las-sardinas-se-mudan-al-norte.jpg 563w\" sizes=\"(max-width: 360px) 100vw, 360px\" \/>Sinc &#8211; Sardinas, boquerones y caballas desempe\u00f1an un papel primordial en los ecosistemas marinos, adem\u00e1s de poseer un alto valor comercial. Pero el calentamiento del agua les obliga a desaparecer de los mares donde suelen ser habituales y migrar al norte. Un estudio pionero que ha analizado 57.000 censos de peces en 40 a\u00f1os lo confirma. Los investigadores advierten que los pueblos costeros dependientes de estos recursos pesqueros deber\u00e1n adaptar sus econom\u00edas.<\/p>\n<p>El aumento continuado de la temperatura del agua ha alterado la estructura y la funci\u00f3n de los ecosistemas marinos de todo el mundo. En el Atl\u00e1ntico norte su efecto ha sido incluso mayor, con aumentos de hasta 1,3 \u00baC en la temperatura media de los \u00faltimos 30 a\u00f1os.<\/p>\n<blockquote>\n<p style=\"text-align: right;\">Estos peces representan una importante fuente de ingresos para la mayor\u00eda de pa\u00edses costeros del mundo<\/p>\n<\/blockquote>\n<p>Esta variaci\u00f3n afecta directamente a la frecuencia y biogeograf\u00eda de un grupo de peces pel\u00e1gicos, que incluye a la sardina (Sardina pilchardus), al boquer\u00f3n (Engraulis encrasicolus), al jurel (Trachurus trachurus) y a la caballa (Scomber scombrus), entre otros, que se alimentan de fitoplancton y zooplancton, y que son la base de la dieta de grandes depredadores como los cet\u00e1ceos, grandes peces y aves marinas. Estos peces tambi\u00e9n representan una importante fuente de ingresos para la mayor\u00eda de pa\u00edses costeros del mundo.<\/p>\n<p>Hasta ahora, los cient\u00edficos no hab\u00edan logrado probar si los cambios observados en los la fisiolog\u00eda de los pel\u00e1gicos eran resultado directo de la temperatura del agua o si se deb\u00eda a los cambios en las comunidades planct\u00f3nicas, sus principales presas, que tambi\u00e9n se han visto afectadas por el calentamiento global y han cambiado su distribuci\u00f3n y su abundancia.<\/p>\n<p>El nuevo estudio, publicado en Global Change Biology y que ha desarrollado modelos estad\u00edsticos para la zona del mar del Norte, confirma la gran importancia de la temperatura marina. \u201cSe han incluido series temporales de zooplancton y datos de la temperatura superficial del mar para determinar cu\u00e1l fue el factor causante de estos patrones\u201d, se\u00f1ala a Sinc Ignasi Montero-Serra, autor principal del estudio e investigador en el departamento de Ecolog\u00eda de la Universidad de Barcelona.<\/p>\n<blockquote><p>Las sardinas y otros peces son altamente vulnerables a cambios en la temperatura de los oc\u00e9anos<\/p><\/blockquote>\n<p>Bioindicadores de la salud del mar<\/p>\n<p>Para demostrar las consecuencias del calentamiento del agua, el equipo de investigaci\u00f3n analiz\u00f3 57.000 censos de peces de la pesca comercial realizados de forma independiente a lo largo de la plataforma continental europea entre los a\u00f1os 1965 y 2012, extra\u00eddos de los datos p\u00fablicos facilitados por el Consejo Internacional para la Exploraci\u00f3n de los Oc\u00e9anos (ICES).<\/p>\n<p>El trabajo, el primero que se realiza a gran escala temporal y espacial, permite entender las din\u00e1micas de estas especies en relaci\u00f3n al r\u00e1pido calentamiento de los oc\u00e9anos que se viene produciendo desde la d\u00e9cada de los 80.<\/p>\n<p>Los resultados revelan que las sardinas y otros peces \u2013que cuentan con ciclos de vida r\u00e1pido, fase larvaria planct\u00f3nica, y baja dependencia del h\u00e1bitat\u2013 son altamente vulnerables a cambios en la temperatura de los oc\u00e9anos, por lo que representan \u201cun bioindicador excepcional para medir la direcci\u00f3n y velocidad del cambio clim\u00e1tico que se espera en un futuro reciente\u201d, apunta Montero-Serra.<\/p>\n<p>Subtropicalizaci\u00f3n de las especies del mar del Norte<\/p>\n<p>Con el aumento acelerado de la temperatura en los mares continentales, las sardinas y las anchoas \u2013con una distribuci\u00f3n t\u00edpicamente m\u00e1s subtropical\u2013 han aumentado su presencia en el mar del Norte, \u201cincluso entrando en el mar B\u00e1ltico\u201d, asegura Montero-Serra, quien recoge que las especies con una distribuci\u00f3n m\u00e1s boreal \u2013como el arenque o el espad\u00edn\u2013 han disminuido su presencia.<\/p>\n<blockquote>\n<p style=\"text-align: right;\">Las especies con una distribuci\u00f3n m\u00e1s boreal \u2013como el arenque o el espad\u00edn\u2013 han disminuido su presencia en el mar del Norte<\/p>\n<\/blockquote>\n<p>El an\u00e1lisis demuestra as\u00ed \u201cuna clara se\u00f1al de subtropicalizaci\u00f3n\u201d en la composici\u00f3n de las especies del mar del Norte y el mar B\u00e1ltico, \u201cdonde las sardinas, las anchoas, la caballa y el jurel, m\u00e1s afines a elevadas temperaturas, han incrementado su presencia\u201d, apunta el investigador.<\/p>\n<p>Esto se debe a que los peces pel\u00e1gicos son muy dependientes de las temperaturas ambientales en diferentes etapas de su vida: desde las migraciones reproductivas y las puestas de huevos, hasta el desarrollo y la supervivencia de las larvas.<\/p>\n<p>Seg\u00fan los investigadores, los cambios en este grupo ecol\u00f3gico tan importante \u201crepercutir\u00e1n en la estructura y funcionamiento de todo el ecosistema\u201d. El experto advierte que los pueblos costeros altamente dependientes de estos recursos pesqueros \u201cdeber\u00e1n adaptarse a los nuevos contextos ecol\u00f3gicos y a las posibles consecuencias de estos cambios\u201d, aunque a\u00fan se desconoce la magnitud de las repercusiones socioecon\u00f3micas y ecol\u00f3gicas.<\/p>\n","protected":false},"excerpt":{"rendered":"<p>Sinc &#8211; Sardinas, boquerones y caballas desempe\u00f1an un papel primordial en los ecosistemas marinos, adem\u00e1s de poseer un alto valor comercial. Pero el calentamiento del agua les obliga a desaparecer de los mares donde suelen ser habituales y migrar al norte. Un estudio pionero que ha analizado 57.000 censos de peces en 40 a\u00f1os lo<\/p>\n","protected":false},"author":1,"featured_media":7344,"comment_status":"open","ping_status":"closed","sticky":false,"template":"","format":"standard","meta":{"footnotes":""},"categories":[7],"tags":[],"class_list":{"0":"post-7343","1":"post","2":"type-post","3":"status-publish","4":"format-standard","5":"has-post-thumbnail","7":"category-asturias"},"aioseo_notices":[],"aioseo_head":"\n\t\t<!-- All in One SEO Pro 4.9.6.2 - aioseo.com -->\n\t<meta name=\"description\" content=\"Sinc - Sardinas, boquerones y caballas desempe\u00f1an un papel primordial en los ecosistemas marinos, adem\u00e1s de poseer un alto valor comercial. Pero el calentamiento del agua les obliga a desaparecer de los mares donde suelen ser habituales y migrar al norte. Un estudio pionero que ha analizado 57.000 censos de peces en 40 a\u00f1os lo\" \/>\n\t<meta name=\"robots\" content=\"max-image-preview:large\" \/>\n\t<meta name=\"author\" content=\"Cand\u00e1s 365\"\/>\n\t<meta name=\"google-site-verification\" content=\"UA-32230408-1\" \/>\n\t<meta name=\"msvalidate.01\" content=\"354F3CDFB2DA171B47FBE9ABF1F88D5\" \/>\n\t<meta name=\"keywords\" content=\"asturias\" \/>\n\t<link rel=\"canonical\" href=\"https:\/\/candas365.es\/noticias\/las-sardinas-se-mudan-al-norte\/\" \/>\n\t<meta name=\"generator\" content=\"All in One SEO Pro (AIOSEO) 4.9.6.2\" \/>\n\t\t<meta property=\"og:locale\" content=\"es_ES\" \/>\n\t\t<meta property=\"og:site_name\" content=\"Cand\u00e1s 365\" \/>\n\t\t<meta property=\"og:type\" content=\"article\" \/>\n\t\t<meta property=\"og:title\" content=\"Las sardinas se mudan al norte | Cand\u00e1s 365\" \/>\n\t\t<meta property=\"og:description\" content=\"Sinc - Sardinas, boquerones y caballas desempe\u00f1an un papel primordial en los ecosistemas marinos, adem\u00e1s de poseer un alto valor comercial. Pero el calentamiento del agua les obliga a desaparecer de los mares donde suelen ser habituales y migrar al norte. Un estudio pionero que ha analizado 57.000 censos de peces en 40 a\u00f1os lo\" \/>\n\t\t<meta property=\"og:url\" content=\"https:\/\/candas365.es\/noticias\/las-sardinas-se-mudan-al-norte\/\" \/>\n\t\t<meta property=\"og:image\" content=\"https:\/\/candas365.es\/noticias\/wp-content\/uploads\/2015\/02\/Las-sardinas-se-mudan-al-norte.jpg\" \/>\n\t\t<meta property=\"og:image:secure_url\" content=\"https:\/\/candas365.es\/noticias\/wp-content\/uploads\/2015\/02\/Las-sardinas-se-mudan-al-norte.jpg\" \/>\n\t\t<meta property=\"og:image:width\" content=\"563\" \/>\n\t\t<meta property=\"og:image:height\" content=\"380\" \/>\n\t\t<meta property=\"article:published_time\" content=\"2015-02-18T10:57:16+00:00\" \/>\n\t\t<meta property=\"article:modified_time\" content=\"2015-02-18T10:57:52+00:00\" \/>\n\t\t<meta property=\"article:publisher\" content=\"https:\/\/www.facebook.com\/Nachofdezber\" \/>\n\t\t<meta property=\"article:author\" content=\"https:\/\/www.facebook.com\/carrenoactualidad\" \/>\n\t\t<meta name=\"twitter:card\" content=\"summary_large_image\" \/>\n\t\t<meta name=\"twitter:site\" content=\"@NabercoDigital\" \/>\n\t\t<meta name=\"twitter:title\" content=\"Las sardinas se mudan al norte | Cand\u00e1s 365\" \/>\n\t\t<meta name=\"twitter:description\" content=\"Sinc - Sardinas, boquerones y caballas desempe\u00f1an un papel primordial en los ecosistemas marinos, adem\u00e1s de poseer un alto valor comercial. Pero el calentamiento del agua les obliga a desaparecer de los mares donde suelen ser habituales y migrar al norte. Un estudio pionero que ha analizado 57.000 censos de peces en 40 a\u00f1os lo\" \/>\n\t\t<meta name=\"twitter:creator\" content=\"@nbasturias\" \/>\n\t\t<meta name=\"twitter:image\" content=\"https:\/\/candas365.es\/noticias\/wp-content\/uploads\/2015\/02\/Las-sardinas-se-mudan-al-norte.jpg\" \/>\n\t\t<meta name=\"twitter:label1\" content=\"Escrito por\" \/>\n\t\t<meta name=\"twitter:data1\" content=\"Cand\u00e1s 365\" \/>\n\t\t<meta name=\"twitter:label2\" content=\"Tiempo de lectura estimado\" \/>\n\t\t<meta name=\"twitter:data2\" content=\"4 minutos\" \/>\n\t\t<script type=\"application\/ld+json\" class=\"aioseo-schema\">\n\t\t\t{\"@context\":\"https:\\\/\\\/schema.org\",\"@graph\":[{\"@type\":\"BreadcrumbList\",\"@id\":\"https:\\\/\\\/candas365.es\\\/noticias\\\/las-sardinas-se-mudan-al-norte\\\/#breadcrumblist\",\"itemListElement\":[{\"@type\":\"ListItem\",\"@id\":\"https:\\\/\\\/candas365.es\\\/noticias#listItem\",\"position\":1,\"name\":\"Home\",\"item\":\"https:\\\/\\\/candas365.es\\\/noticias\",\"nextItem\":{\"@type\":\"ListItem\",\"@id\":\"https:\\\/\\\/candas365.es\\\/noticias\\\/category\\\/asturias\\\/#listItem\",\"name\":\"Asturias\"}},{\"@type\":\"ListItem\",\"@id\":\"https:\\\/\\\/candas365.es\\\/noticias\\\/category\\\/asturias\\\/#listItem\",\"position\":2,\"name\":\"Asturias\",\"item\":\"https:\\\/\\\/candas365.es\\\/noticias\\\/category\\\/asturias\\\/\",\"nextItem\":{\"@type\":\"ListItem\",\"@id\":\"https:\\\/\\\/candas365.es\\\/noticias\\\/las-sardinas-se-mudan-al-norte\\\/#listItem\",\"name\":\"Las sardinas se mudan al norte\"},\"previousItem\":{\"@type\":\"ListItem\",\"@id\":\"https:\\\/\\\/candas365.es\\\/noticias#listItem\",\"name\":\"Home\"}},{\"@type\":\"ListItem\",\"@id\":\"https:\\\/\\\/candas365.es\\\/noticias\\\/las-sardinas-se-mudan-al-norte\\\/#listItem\",\"position\":3,\"name\":\"Las sardinas se mudan al norte\",\"previousItem\":{\"@type\":\"ListItem\",\"@id\":\"https:\\\/\\\/candas365.es\\\/noticias\\\/category\\\/asturias\\\/#listItem\",\"name\":\"Asturias\"}}]},{\"@type\":\"NewsArticle\",\"@id\":\"https:\\\/\\\/candas365.es\\\/noticias\\\/las-sardinas-se-mudan-al-norte\\\/#newsarticle\",\"name\":\"Las sardinas se mudan al norte | Cand\\u00e1s 365\",\"headline\":\"Las sardinas se mudan al norte\",\"author\":{\"@id\":\"https:\\\/\\\/candas365.es\\\/noticias\\\/author\\\/admin\\\/#author\"},\"publisher\":{\"@id\":\"https:\\\/\\\/candas365.es\\\/noticias\\\/#organization\"},\"image\":{\"@type\":\"ImageObject\",\"url\":\"https:\\\/\\\/candas365.es\\\/noticias\\\/wp-content\\\/uploads\\\/2015\\\/02\\\/Las-sardinas-se-mudan-al-norte.jpg\",\"width\":563,\"height\":380},\"datePublished\":\"2015-02-18T08:57:16+01:00\",\"dateModified\":\"2015-02-18T08:57:52+01:00\",\"inLanguage\":\"es-ES\",\"mainEntityOfPage\":{\"@id\":\"https:\\\/\\\/candas365.es\\\/noticias\\\/las-sardinas-se-mudan-al-norte\\\/#webpage\"},\"isPartOf\":{\"@id\":\"https:\\\/\\\/candas365.es\\\/noticias\\\/las-sardinas-se-mudan-al-norte\\\/#webpage\"},\"articleSection\":\"Asturias\",\"dateline\":\"Publicado el febrero 18, 2015.\"},{\"@type\":\"Organization\",\"@id\":\"https:\\\/\\\/candas365.es\\\/noticias\\\/#organization\",\"name\":\"Cand\\u00e1s 365\",\"description\":\"Cand\\u00e1s 365 es un diario digital independiente, fundado en 2012, con base en Asturias. Informamos con rigor sobre actualidad, sociedad, cultura y ocio, con una mirada local y global.\",\"url\":\"https:\\\/\\\/candas365.es\\\/noticias\\\/\",\"email\":\"info@candas365.es\",\"telephone\":\"+34652131393\",\"foundingDate\":\"2012-06-10\",\"logo\":{\"@type\":\"ImageObject\",\"url\":\"https:\\\/\\\/candas365.es\\\/noticias\\\/wp-content\\\/uploads\\\/2024\\\/09\\\/Candas-365-Redes.jpg\",\"@id\":\"https:\\\/\\\/candas365.es\\\/noticias\\\/las-sardinas-se-mudan-al-norte\\\/#organizationLogo\",\"width\":1152,\"height\":864,\"caption\":\"Cand\\u00e1s 365 Redes\"},\"image\":{\"@id\":\"https:\\\/\\\/candas365.es\\\/noticias\\\/las-sardinas-se-mudan-al-norte\\\/#organizationLogo\"},\"sameAs\":[\"https:\\\/\\\/www.facebook.com\\\/Nachofdezber\",\"https:\\\/\\\/x.com\\\/NabercoDigital\",\"https:\\\/\\\/www.instagram.com\\\/nachofdezber\\\/\",\"https:\\\/\\\/www.youtube.com\\\/channel\\\/UCZP-2wLEB9Rv6erhFmqVnvg\"],\"address\":{\"@id\":\"https:\\\/\\\/candas365.es\\\/noticias\\\/#postaladdress\",\"@type\":\"PostalAddress\",\"streetAddress\":\"san antonio 4, san antonio 4\",\"postalCode\":\"33430\",\"addressLocality\":\"Cand\\u00e1s\",\"addressRegion\":\"Asturias\",\"addressCountry\":\"ES\"}},{\"@type\":\"Person\",\"@id\":\"https:\\\/\\\/candas365.es\\\/noticias\\\/author\\\/admin\\\/#author\",\"url\":\"https:\\\/\\\/candas365.es\\\/noticias\\\/author\\\/admin\\\/\",\"name\":\"Cand\\u00e1s 365\",\"image\":{\"@type\":\"ImageObject\",\"@id\":\"https:\\\/\\\/candas365.es\\\/noticias\\\/las-sardinas-se-mudan-al-norte\\\/#authorImage\",\"url\":\"https:\\\/\\\/secure.gravatar.com\\\/avatar\\\/496a8e03d0c493ede1718b7934145dbdf8d89be1036b0eec9544e1094c9de390?s=96&d=mm&r=g\",\"width\":96,\"height\":96,\"caption\":\"Cand\\u00e1s 365\"},\"sameAs\":[\"https:\\\/\\\/www.facebook.com\\\/carrenoactualidad\",\"https:\\\/\\\/twitter.com\\\/nbasturias\",\"https:\\\/\\\/www.instagram.com\\\/nachofdezber\\\/\",\"https:\\\/\\\/www.youtube.com\\\/channel\\\/UCZP-2wLEB9Rv6erhFmqVnvg\"]},{\"@type\":\"WebPage\",\"@id\":\"https:\\\/\\\/candas365.es\\\/noticias\\\/las-sardinas-se-mudan-al-norte\\\/#webpage\",\"url\":\"https:\\\/\\\/candas365.es\\\/noticias\\\/las-sardinas-se-mudan-al-norte\\\/\",\"name\":\"Las sardinas se mudan al norte | Cand\\u00e1s 365\",\"description\":\"Sinc - Sardinas, boquerones y caballas desempe\\u00f1an un papel primordial en los ecosistemas marinos, adem\\u00e1s de poseer un alto valor comercial. Pero el calentamiento del agua les obliga a desaparecer de los mares donde suelen ser habituales y migrar al norte. Un estudio pionero que ha analizado 57.000 censos de peces en 40 a\\u00f1os lo\",\"inLanguage\":\"es-ES\",\"isPartOf\":{\"@id\":\"https:\\\/\\\/candas365.es\\\/noticias\\\/#website\"},\"breadcrumb\":{\"@id\":\"https:\\\/\\\/candas365.es\\\/noticias\\\/las-sardinas-se-mudan-al-norte\\\/#breadcrumblist\"},\"author\":{\"@id\":\"https:\\\/\\\/candas365.es\\\/noticias\\\/author\\\/admin\\\/#author\"},\"creator\":{\"@id\":\"https:\\\/\\\/candas365.es\\\/noticias\\\/author\\\/admin\\\/#author\"},\"image\":{\"@type\":\"ImageObject\",\"url\":\"https:\\\/\\\/candas365.es\\\/noticias\\\/wp-content\\\/uploads\\\/2015\\\/02\\\/Las-sardinas-se-mudan-al-norte.jpg\",\"@id\":\"https:\\\/\\\/candas365.es\\\/noticias\\\/las-sardinas-se-mudan-al-norte\\\/#mainImage\",\"width\":563,\"height\":380},\"primaryImageOfPage\":{\"@id\":\"https:\\\/\\\/candas365.es\\\/noticias\\\/las-sardinas-se-mudan-al-norte\\\/#mainImage\"},\"datePublished\":\"2015-02-18T08:57:16+01:00\",\"dateModified\":\"2015-02-18T08:57:52+01:00\"},{\"@type\":\"WebSite\",\"@id\":\"https:\\\/\\\/candas365.es\\\/noticias\\\/#website\",\"url\":\"https:\\\/\\\/candas365.es\\\/noticias\\\/\",\"name\":\"Cand\\u00e1s 365\",\"alternateName\":\"Cand\\u00e1s 365 Noticias\",\"description\":\"Actualidad desde Carre\\u00f1o para el mundo\",\"inLanguage\":\"es-ES\",\"publisher\":{\"@id\":\"https:\\\/\\\/candas365.es\\\/noticias\\\/#organization\"}}]}\n\t\t<\/script>\n\t\t<!-- All in One SEO Pro -->\r\n\t\t<title>Las sardinas se mudan al norte | Cand\u00e1s 365<\/title>\n\n","aioseo_head_json":{"title":"Las sardinas se mudan al norte | Cand\u00e1s 365","description":"Sinc - Sardinas, boquerones y caballas desempe\u00f1an un papel primordial en los ecosistemas marinos, adem\u00e1s de poseer un alto valor comercial. Pero el calentamiento del agua les obliga a desaparecer de los mares donde suelen ser habituales y migrar al norte. Un estudio pionero que ha analizado 57.000 censos de peces en 40 a\u00f1os lo","canonical_url":"https:\/\/candas365.es\/noticias\/las-sardinas-se-mudan-al-norte\/","robots":"max-image-preview:large","keywords":"asturias","webmasterTools":{"google-site-verification":"UA-32230408-1","msvalidate.01":"354F3CDFB2DA171B47FBE9ABF1F88D5","miscellaneous":""},"schema":{"@context":"https:\/\/schema.org","@graph":[{"@type":"BreadcrumbList","@id":"https:\/\/candas365.es\/noticias\/las-sardinas-se-mudan-al-norte\/#breadcrumblist","itemListElement":[{"@type":"ListItem","@id":"https:\/\/candas365.es\/noticias#listItem","position":1,"name":"Home","item":"https:\/\/candas365.es\/noticias","nextItem":{"@type":"ListItem","@id":"https:\/\/candas365.es\/noticias\/category\/asturias\/#listItem","name":"Asturias"}},{"@type":"ListItem","@id":"https:\/\/candas365.es\/noticias\/category\/asturias\/#listItem","position":2,"name":"Asturias","item":"https:\/\/candas365.es\/noticias\/category\/asturias\/","nextItem":{"@type":"ListItem","@id":"https:\/\/candas365.es\/noticias\/las-sardinas-se-mudan-al-norte\/#listItem","name":"Las sardinas se mudan al norte"},"previousItem":{"@type":"ListItem","@id":"https:\/\/candas365.es\/noticias#listItem","name":"Home"}},{"@type":"ListItem","@id":"https:\/\/candas365.es\/noticias\/las-sardinas-se-mudan-al-norte\/#listItem","position":3,"name":"Las sardinas se mudan al norte","previousItem":{"@type":"ListItem","@id":"https:\/\/candas365.es\/noticias\/category\/asturias\/#listItem","name":"Asturias"}}]},{"@type":"NewsArticle","@id":"https:\/\/candas365.es\/noticias\/las-sardinas-se-mudan-al-norte\/#newsarticle","name":"Las sardinas se mudan al norte | Cand\u00e1s 365","headline":"Las sardinas se mudan al norte","author":{"@id":"https:\/\/candas365.es\/noticias\/author\/admin\/#author"},"publisher":{"@id":"https:\/\/candas365.es\/noticias\/#organization"},"image":{"@type":"ImageObject","url":"https:\/\/candas365.es\/noticias\/wp-content\/uploads\/2015\/02\/Las-sardinas-se-mudan-al-norte.jpg","width":563,"height":380},"datePublished":"2015-02-18T08:57:16+01:00","dateModified":"2015-02-18T08:57:52+01:00","inLanguage":"es-ES","mainEntityOfPage":{"@id":"https:\/\/candas365.es\/noticias\/las-sardinas-se-mudan-al-norte\/#webpage"},"isPartOf":{"@id":"https:\/\/candas365.es\/noticias\/las-sardinas-se-mudan-al-norte\/#webpage"},"articleSection":"Asturias","dateline":"Publicado el febrero 18, 2015."},{"@type":"Organization","@id":"https:\/\/candas365.es\/noticias\/#organization","name":"Cand\u00e1s 365","description":"Cand\u00e1s 365 es un diario digital independiente, fundado en 2012, con base en Asturias. Informamos con rigor sobre actualidad, sociedad, cultura y ocio, con una mirada local y global.","url":"https:\/\/candas365.es\/noticias\/","email":"info@candas365.es","telephone":"+34652131393","foundingDate":"2012-06-10","logo":{"@type":"ImageObject","url":"https:\/\/candas365.es\/noticias\/wp-content\/uploads\/2024\/09\/Candas-365-Redes.jpg","@id":"https:\/\/candas365.es\/noticias\/las-sardinas-se-mudan-al-norte\/#organizationLogo","width":1152,"height":864,"caption":"Cand\u00e1s 365 Redes"},"image":{"@id":"https:\/\/candas365.es\/noticias\/las-sardinas-se-mudan-al-norte\/#organizationLogo"},"sameAs":["https:\/\/www.facebook.com\/Nachofdezber","https:\/\/x.com\/NabercoDigital","https:\/\/www.instagram.com\/nachofdezber\/","https:\/\/www.youtube.com\/channel\/UCZP-2wLEB9Rv6erhFmqVnvg"],"address":{"@id":"https:\/\/candas365.es\/noticias\/#postaladdress","@type":"PostalAddress","streetAddress":"san antonio 4, san antonio 4","postalCode":"33430","addressLocality":"Cand\u00e1s","addressRegion":"Asturias","addressCountry":"ES"}},{"@type":"Person","@id":"https:\/\/candas365.es\/noticias\/author\/admin\/#author","url":"https:\/\/candas365.es\/noticias\/author\/admin\/","name":"Cand\u00e1s 365","image":{"@type":"ImageObject","@id":"https:\/\/candas365.es\/noticias\/las-sardinas-se-mudan-al-norte\/#authorImage","url":"https:\/\/secure.gravatar.com\/avatar\/496a8e03d0c493ede1718b7934145dbdf8d89be1036b0eec9544e1094c9de390?s=96&d=mm&r=g","width":96,"height":96,"caption":"Cand\u00e1s 365"},"sameAs":["https:\/\/www.facebook.com\/carrenoactualidad","https:\/\/twitter.com\/nbasturias","https:\/\/www.instagram.com\/nachofdezber\/","https:\/\/www.youtube.com\/channel\/UCZP-2wLEB9Rv6erhFmqVnvg"]},{"@type":"WebPage","@id":"https:\/\/candas365.es\/noticias\/las-sardinas-se-mudan-al-norte\/#webpage","url":"https:\/\/candas365.es\/noticias\/las-sardinas-se-mudan-al-norte\/","name":"Las sardinas se mudan al norte | Cand\u00e1s 365","description":"Sinc - Sardinas, boquerones y caballas desempe\u00f1an un papel primordial en los ecosistemas marinos, adem\u00e1s de poseer un alto valor comercial. Pero el calentamiento del agua les obliga a desaparecer de los mares donde suelen ser habituales y migrar al norte. Un estudio pionero que ha analizado 57.000 censos de peces en 40 a\u00f1os lo","inLanguage":"es-ES","isPartOf":{"@id":"https:\/\/candas365.es\/noticias\/#website"},"breadcrumb":{"@id":"https:\/\/candas365.es\/noticias\/las-sardinas-se-mudan-al-norte\/#breadcrumblist"},"author":{"@id":"https:\/\/candas365.es\/noticias\/author\/admin\/#author"},"creator":{"@id":"https:\/\/candas365.es\/noticias\/author\/admin\/#author"},"image":{"@type":"ImageObject","url":"https:\/\/candas365.es\/noticias\/wp-content\/uploads\/2015\/02\/Las-sardinas-se-mudan-al-norte.jpg","@id":"https:\/\/candas365.es\/noticias\/las-sardinas-se-mudan-al-norte\/#mainImage","width":563,"height":380},"primaryImageOfPage":{"@id":"https:\/\/candas365.es\/noticias\/las-sardinas-se-mudan-al-norte\/#mainImage"},"datePublished":"2015-02-18T08:57:16+01:00","dateModified":"2015-02-18T08:57:52+01:00"},{"@type":"WebSite","@id":"https:\/\/candas365.es\/noticias\/#website","url":"https:\/\/candas365.es\/noticias\/","name":"Cand\u00e1s 365","alternateName":"Cand\u00e1s 365 Noticias","description":"Actualidad desde Carre\u00f1o para el mundo","inLanguage":"es-ES","publisher":{"@id":"https:\/\/candas365.es\/noticias\/#organization"}}]},"og:locale":"es_ES","og:site_name":"Cand\u00e1s 365","og:type":"article","og:title":"Las sardinas se mudan al norte | Cand\u00e1s 365","og:description":"Sinc - Sardinas, boquerones y caballas desempe\u00f1an un papel primordial en los ecosistemas marinos, adem\u00e1s de poseer un alto valor comercial. Pero el calentamiento del agua les obliga a desaparecer de los mares donde suelen ser habituales y migrar al norte. Un estudio pionero que ha analizado 57.000 censos de peces en 40 a\u00f1os lo","og:url":"https:\/\/candas365.es\/noticias\/las-sardinas-se-mudan-al-norte\/","og:image":"https:\/\/candas365.es\/noticias\/wp-content\/uploads\/2015\/02\/Las-sardinas-se-mudan-al-norte.jpg","og:image:secure_url":"https:\/\/candas365.es\/noticias\/wp-content\/uploads\/2015\/02\/Las-sardinas-se-mudan-al-norte.jpg","og:image:width":563,"og:image:height":380,"article:published_time":"2015-02-18T10:57:16+00:00","article:modified_time":"2015-02-18T10:57:52+00:00","article:publisher":"https:\/\/www.facebook.com\/Nachofdezber","article:author":"https:\/\/www.facebook.com\/carrenoactualidad","twitter:card":"summary_large_image","twitter:site":"@NabercoDigital","twitter:title":"Las sardinas se mudan al norte | Cand\u00e1s 365","twitter:description":"Sinc - Sardinas, boquerones y caballas desempe\u00f1an un papel primordial en los ecosistemas marinos, adem\u00e1s de poseer un alto valor comercial. Pero el calentamiento del agua les obliga a desaparecer de los mares donde suelen ser habituales y migrar al norte. Un estudio pionero que ha analizado 57.000 censos de peces en 40 a\u00f1os lo","twitter:creator":"@nbasturias","twitter:image":"https:\/\/candas365.es\/noticias\/wp-content\/uploads\/2015\/02\/Las-sardinas-se-mudan-al-norte.jpg","twitter:label1":"Escrito por","twitter:data1":"Cand\u00e1s 365","twitter:label2":"Tiempo de lectura estimado","twitter:data2":"4 minutos"},"aioseo_meta_data":{"post_id":"7343","title":null,"description":null,"keywords":null,"keyphrases":null,"primary_term":null,"canonical_url":null,"og_title":null,"og_description":null,"og_object_type":"default","og_image_type":"default","og_image_url":null,"og_image_width":null,"og_image_height":null,"og_image_custom_url":null,"og_image_custom_fields":null,"og_video":null,"og_custom_url":null,"og_article_section":null,"og_article_tags":null,"twitter_use_og":false,"twitter_card":"default","twitter_image_type":"default","twitter_image_url":null,"twitter_image_custom_url":null,"twitter_image_custom_fields":null,"twitter_title":null,"twitter_description":null,"schema":{"blockGraphs":[],"customGraphs":[],"default":{"data":{"Article":[],"Course":[],"Dataset":[],"FAQPage":[],"Movie":[],"Person":[],"Product":[],"ProductReview":[],"Car":[],"Recipe":[],"Service":[],"SoftwareApplication":[],"WebPage":[]},"graphName":"","isEnabled":true},"graphs":[],"defaultGraph":"","defaultPostTypeGraph":""},"schema_type":null,"schema_type_options":null,"pillar_content":false,"robots_default":true,"robots_noindex":false,"robots_noarchive":false,"robots_nosnippet":false,"robots_nofollow":false,"robots_noimageindex":false,"robots_noodp":false,"robots_notranslate":false,"robots_max_snippet":null,"robots_max_videopreview":null,"robots_max_imagepreview":"large","priority":null,"frequency":null,"location":null,"local_seo":null,"seo_analyzer_scan_date":"2025-08-23 05:17:20","breadcrumb_settings":null,"limit_modified_date":false,"reviewed_by":null,"open_ai":null,"ai":null,"created":"2020-12-21 10:55:13","updated":"2025-08-23 05:17:20"},"aioseo_breadcrumb":"<div class=\"aioseo-breadcrumbs\"><span class=\"aioseo-breadcrumb\">\n\t<a href=\"https:\/\/candas365.es\/noticias\" title=\"Home\">Home<\/a>\n<\/span><span class=\"aioseo-breadcrumb-separator\">&ndash;<\/span><span class=\"aioseo-breadcrumb\">\n\t<a href=\"https:\/\/candas365.es\/noticias\/category\/asturias\/\" title=\"Asturias\">Asturias<\/a>\n<\/span><span class=\"aioseo-breadcrumb-separator\">&ndash;<\/span><span class=\"aioseo-breadcrumb\">\n\tLas sardinas se mudan al norte\n<\/span><\/div>","aioseo_breadcrumb_json":[{"label":"Home","link":"https:\/\/candas365.es\/noticias"},{"label":"Asturias","link":"https:\/\/candas365.es\/noticias\/category\/asturias\/"},{"label":"Las sardinas se mudan al norte","link":"https:\/\/candas365.es\/noticias\/las-sardinas-se-mudan-al-norte\/"}],"_links":{"self":[{"href":"https:\/\/candas365.es\/noticias\/wp-json\/wp\/v2\/posts\/7343","targetHints":{"allow":["GET"]}}],"collection":[{"href":"https:\/\/candas365.es\/noticias\/wp-json\/wp\/v2\/posts"}],"about":[{"href":"https:\/\/candas365.es\/noticias\/wp-json\/wp\/v2\/types\/post"}],"author":[{"embeddable":true,"href":"https:\/\/candas365.es\/noticias\/wp-json\/wp\/v2\/users\/1"}],"replies":[{"embeddable":true,"href":"https:\/\/candas365.es\/noticias\/wp-json\/wp\/v2\/comments?post=7343"}],"version-history":[{"count":0,"href":"https:\/\/candas365.es\/noticias\/wp-json\/wp\/v2\/posts\/7343\/revisions"}],"wp:featuredmedia":[{"embeddable":true,"href":"https:\/\/candas365.es\/noticias\/wp-json\/wp\/v2\/media\/7344"}],"wp:attachment":[{"href":"https:\/\/candas365.es\/noticias\/wp-json\/wp\/v2\/media?parent=7343"}],"wp:term":[{"taxonomy":"category","embeddable":true,"href":"https:\/\/candas365.es\/noticias\/wp-json\/wp\/v2\/categories?post=7343"},{"taxonomy":"post_tag","embeddable":true,"href":"https:\/\/candas365.es\/noticias\/wp-json\/wp\/v2\/tags?post=7343"}],"curies":[{"name":"wp","href":"https:\/\/api.w.org\/{rel}","templated":true}]}}