{"id":7311,"date":"2015-02-17T15:03:27","date_gmt":"2015-02-17T17:03:27","guid":{"rendered":"http:\/\/candas365.es\/noticias\/?p=7311"},"modified":"2015-02-18T09:37:20","modified_gmt":"2015-02-18T11:37:20","slug":"la-sanidad-publica-asturiana-cuenta-con-3-210-medicos","status":"publish","type":"post","link":"https:\/\/candas365.es\/noticias\/la-sanidad-publica-asturiana-cuenta-con-3-210-medicos\/","title":{"rendered":"La sanidad p\u00fablica asturiana cuenta con 3.210 m\u00e9dicos"},"content":{"rendered":"<p><img fetchpriority=\"high\" decoding=\"async\" class=\"alignleft size-medium wp-image-5347\" src=\"https:\/\/candas365.es\/noticias\/wp-content\/uploads\/2014\/11\/cabue\u00f1es-360x270.jpg\" alt=\"cabue\u00f1es\" width=\"360\" height=\"270\" srcset=\"https:\/\/candas365.es\/noticias\/wp-content\/uploads\/2014\/11\/cabue\u00f1es.jpg 360w, https:\/\/candas365.es\/noticias\/wp-content\/uploads\/2014\/11\/cabue\u00f1es-150x113.jpg 150w, https:\/\/candas365.es\/noticias\/wp-content\/uploads\/2014\/11\/cabue\u00f1es-80x60.jpg 80w, https:\/\/candas365.es\/noticias\/wp-content\/uploads\/2014\/11\/cabue\u00f1es-265x198.jpg 265w, https:\/\/candas365.es\/noticias\/wp-content\/uploads\/2014\/11\/cabue\u00f1es-90x67.jpg 90w\" sizes=\"(max-width: 360px) 100vw, 360px\" \/>El Servicio de Salud del Principado de Asturias (Sespa), con el fin de ofrecer una informaci\u00f3n correcta a los ciudadanos, asegura que el n\u00famero de facultativos que trabajan actualmente en la sanidad p\u00fablica asturiana es de 3.210 profesionales, 61 m\u00e9dicos m\u00e1s de los que hab\u00eda a uno de enero de 2010. Por tanto, sin \u00e1nimo de polemizar, la sanidad asturiana no ha perdido en este tiempo 600 m\u00e9dicos, como los dirigentes del Sindicato M\u00e9dico Profesional parece que tratan de dar a entender.<\/p>\n<p>Estos 3.210 profesionales, como se recog\u00eda en el acuerdo marco pactado con el Sindicato M\u00e9dico y otros agentes sociales en enero de 2013, mantienen sus retribuciones y han pactado con la empresa trabajar 2,5 horas m\u00e1s a la semana en horario de tarde para completar la jornada obligada de 37,5 horas de los empleados p\u00fablicos. Esto permite que el Servicio de Salud disponga de muchas m\u00e1s horas de atenci\u00f3n sanitaria para dar servicio al conjunto de la poblaci\u00f3n asturiana.<\/p>\n<p>Se trata de una medida de eficiencia en un contexto econ\u00f3mico complejo que facilita que los asturianos dispongan de un servicio p\u00fablico de salud m\u00e1s sostenible, que mantiene todos los dispositivos asistenciales, ampl\u00eda la cartera de servicios con nuevas prestaciones como el cribado de c\u00e1ncer de colon o los nuevos cribados prenatales y mantiene el empleo de la plantilla estructural del Servicio de Salud del Principado de Asturias.<\/p>\n<p>El Servicio de Salud recuerda, adem\u00e1s, que el propio pacto enero de 2013 establec\u00eda unos mecanismos de desarrollo y vigilancia de estos acuerdos que implican a las dos partes. La direcci\u00f3n de Recursos Humanos del Servicio P\u00fablico de Salud est\u00e1 dispuesta a estudiar todas las propuestas que supongan la mejor aplicaci\u00f3n de los acuerdos de enero de 2013, que consideramos est\u00e1n siendo buenos para todos y, fundamentalmente, para el servicio a los ciudadanos.<\/p>\n","protected":false},"excerpt":{"rendered":"<p>El Servicio de Salud del Principado de Asturias (Sespa), con el fin de ofrecer una informaci\u00f3n correcta a los ciudadanos, asegura que el n\u00famero de facultativos que trabajan actualmente en la sanidad p\u00fablica asturiana es de 3.210 profesionales, 61 m\u00e9dicos m\u00e1s de los que hab\u00eda a uno de enero de 2010. Por tanto, sin \u00e1nimo<\/p>\n","protected":false},"author":1,"featured_media":5347,"comment_status":"open","ping_status":"closed","sticky":false,"template":"","format":"standard","meta":{"footnotes":""},"categories":[7],"tags":[],"class_list":{"0":"post-7311","1":"post","2":"type-post","3":"status-publish","4":"format-standard","5":"has-post-thumbnail","7":"category-asturias"},"aioseo_notices":[],"aioseo_head":"\n\t\t<!-- All in One SEO Pro 4.9.6.2 - aioseo.com -->\n\t<meta name=\"description\" content=\"El Servicio de Salud del Principado de Asturias (Sespa), con el fin de ofrecer una informaci\u00f3n correcta a los ciudadanos, asegura que el n\u00famero de facultativos que trabajan actualmente en la sanidad p\u00fablica asturiana es de 3.210 profesionales, 61 m\u00e9dicos m\u00e1s de los que hab\u00eda a uno de enero de 2010. Por tanto, sin \u00e1nimo\" \/>\n\t<meta name=\"robots\" content=\"max-image-preview:large\" \/>\n\t<meta name=\"author\" content=\"Cand\u00e1s 365\"\/>\n\t<meta name=\"google-site-verification\" content=\"UA-32230408-1\" \/>\n\t<meta name=\"msvalidate.01\" content=\"354F3CDFB2DA171B47FBE9ABF1F88D5\" \/>\n\t<meta name=\"keywords\" content=\"asturias\" \/>\n\t<link rel=\"canonical\" href=\"https:\/\/candas365.es\/noticias\/la-sanidad-publica-asturiana-cuenta-con-3-210-medicos\/\" \/>\n\t<meta name=\"generator\" content=\"All in One SEO Pro (AIOSEO) 4.9.6.2\" \/>\n\t\t<meta property=\"og:locale\" content=\"es_ES\" \/>\n\t\t<meta property=\"og:site_name\" content=\"Cand\u00e1s 365\" \/>\n\t\t<meta property=\"og:type\" content=\"article\" \/>\n\t\t<meta property=\"og:title\" content=\"La sanidad p\u00fablica asturiana cuenta con 3.210 m\u00e9dicos | Cand\u00e1s 365\" \/>\n\t\t<meta property=\"og:description\" content=\"El Servicio de Salud del Principado de Asturias (Sespa), con el fin de ofrecer una informaci\u00f3n correcta a los ciudadanos, asegura que el n\u00famero de facultativos que trabajan actualmente en la sanidad p\u00fablica asturiana es de 3.210 profesionales, 61 m\u00e9dicos m\u00e1s de los que hab\u00eda a uno de enero de 2010. Por tanto, sin \u00e1nimo\" \/>\n\t\t<meta property=\"og:url\" content=\"https:\/\/candas365.es\/noticias\/la-sanidad-publica-asturiana-cuenta-con-3-210-medicos\/\" \/>\n\t\t<meta property=\"og:image\" content=\"https:\/\/candas365.es\/noticias\/wp-content\/uploads\/2014\/11\/cabue\u00f1es.jpg\" \/>\n\t\t<meta property=\"og:image:secure_url\" content=\"https:\/\/candas365.es\/noticias\/wp-content\/uploads\/2014\/11\/cabue\u00f1es.jpg\" \/>\n\t\t<meta property=\"og:image:width\" content=\"360\" \/>\n\t\t<meta property=\"og:image:height\" content=\"270\" \/>\n\t\t<meta property=\"article:published_time\" content=\"2015-02-17T17:03:27+00:00\" \/>\n\t\t<meta property=\"article:modified_time\" content=\"2015-02-18T11:37:20+00:00\" \/>\n\t\t<meta property=\"article:publisher\" content=\"https:\/\/www.facebook.com\/Nachofdezber\" \/>\n\t\t<meta property=\"article:author\" content=\"https:\/\/www.facebook.com\/carrenoactualidad\" \/>\n\t\t<meta name=\"twitter:card\" content=\"summary_large_image\" \/>\n\t\t<meta name=\"twitter:site\" content=\"@NabercoDigital\" \/>\n\t\t<meta name=\"twitter:title\" content=\"La sanidad p\u00fablica asturiana cuenta con 3.210 m\u00e9dicos | Cand\u00e1s 365\" \/>\n\t\t<meta name=\"twitter:description\" content=\"El Servicio de Salud del Principado de Asturias (Sespa), con el fin de ofrecer una informaci\u00f3n correcta a los ciudadanos, asegura que el n\u00famero de facultativos que trabajan actualmente en la sanidad p\u00fablica asturiana es de 3.210 profesionales, 61 m\u00e9dicos m\u00e1s de los que hab\u00eda a uno de enero de 2010. Por tanto, sin \u00e1nimo\" \/>\n\t\t<meta name=\"twitter:creator\" content=\"@nbasturias\" \/>\n\t\t<meta name=\"twitter:image\" content=\"https:\/\/candas365.es\/noticias\/wp-content\/uploads\/2014\/11\/cabue\u00f1es.jpg\" \/>\n\t\t<meta name=\"twitter:label1\" content=\"Escrito por\" \/>\n\t\t<meta name=\"twitter:data1\" content=\"Cand\u00e1s 365\" \/>\n\t\t<meta name=\"twitter:label2\" content=\"Tiempo de lectura estimado\" \/>\n\t\t<meta name=\"twitter:data2\" content=\"2 minutos\" \/>\n\t\t<script type=\"application\/ld+json\" class=\"aioseo-schema\">\n\t\t\t{\"@context\":\"https:\\\/\\\/schema.org\",\"@graph\":[{\"@type\":\"BreadcrumbList\",\"@id\":\"https:\\\/\\\/candas365.es\\\/noticias\\\/la-sanidad-publica-asturiana-cuenta-con-3-210-medicos\\\/#breadcrumblist\",\"itemListElement\":[{\"@type\":\"ListItem\",\"@id\":\"https:\\\/\\\/candas365.es\\\/noticias#listItem\",\"position\":1,\"name\":\"Home\",\"item\":\"https:\\\/\\\/candas365.es\\\/noticias\",\"nextItem\":{\"@type\":\"ListItem\",\"@id\":\"https:\\\/\\\/candas365.es\\\/noticias\\\/category\\\/asturias\\\/#listItem\",\"name\":\"Asturias\"}},{\"@type\":\"ListItem\",\"@id\":\"https:\\\/\\\/candas365.es\\\/noticias\\\/category\\\/asturias\\\/#listItem\",\"position\":2,\"name\":\"Asturias\",\"item\":\"https:\\\/\\\/candas365.es\\\/noticias\\\/category\\\/asturias\\\/\",\"nextItem\":{\"@type\":\"ListItem\",\"@id\":\"https:\\\/\\\/candas365.es\\\/noticias\\\/la-sanidad-publica-asturiana-cuenta-con-3-210-medicos\\\/#listItem\",\"name\":\"La sanidad p\\u00fablica asturiana cuenta con 3.210 m\\u00e9dicos\"},\"previousItem\":{\"@type\":\"ListItem\",\"@id\":\"https:\\\/\\\/candas365.es\\\/noticias#listItem\",\"name\":\"Home\"}},{\"@type\":\"ListItem\",\"@id\":\"https:\\\/\\\/candas365.es\\\/noticias\\\/la-sanidad-publica-asturiana-cuenta-con-3-210-medicos\\\/#listItem\",\"position\":3,\"name\":\"La sanidad p\\u00fablica asturiana cuenta con 3.210 m\\u00e9dicos\",\"previousItem\":{\"@type\":\"ListItem\",\"@id\":\"https:\\\/\\\/candas365.es\\\/noticias\\\/category\\\/asturias\\\/#listItem\",\"name\":\"Asturias\"}}]},{\"@type\":\"NewsArticle\",\"@id\":\"https:\\\/\\\/candas365.es\\\/noticias\\\/la-sanidad-publica-asturiana-cuenta-con-3-210-medicos\\\/#newsarticle\",\"name\":\"La sanidad p\\u00fablica asturiana cuenta con 3.210 m\\u00e9dicos | Cand\\u00e1s 365\",\"headline\":\"La sanidad p\\u00fablica asturiana cuenta con 3.210 m\\u00e9dicos\",\"author\":{\"@id\":\"https:\\\/\\\/candas365.es\\\/noticias\\\/author\\\/admin\\\/#author\"},\"publisher\":{\"@id\":\"https:\\\/\\\/candas365.es\\\/noticias\\\/#organization\"},\"image\":{\"@type\":\"ImageObject\",\"url\":\"https:\\\/\\\/candas365.es\\\/noticias\\\/wp-content\\\/uploads\\\/2014\\\/11\\\/cabue\\u00f1es.jpg\",\"width\":360,\"height\":270},\"datePublished\":\"2015-02-17T15:03:27+01:00\",\"dateModified\":\"2015-02-18T09:37:20+01:00\",\"inLanguage\":\"es-ES\",\"mainEntityOfPage\":{\"@id\":\"https:\\\/\\\/candas365.es\\\/noticias\\\/la-sanidad-publica-asturiana-cuenta-con-3-210-medicos\\\/#webpage\"},\"isPartOf\":{\"@id\":\"https:\\\/\\\/candas365.es\\\/noticias\\\/la-sanidad-publica-asturiana-cuenta-con-3-210-medicos\\\/#webpage\"},\"articleSection\":\"Asturias\",\"dateline\":\"Publicado el febrero 17, 2015.\"},{\"@type\":\"Organization\",\"@id\":\"https:\\\/\\\/candas365.es\\\/noticias\\\/#organization\",\"name\":\"Cand\\u00e1s 365\",\"description\":\"Cand\\u00e1s 365 es un diario digital independiente, fundado en 2012, con base en Asturias. Informamos con rigor sobre actualidad, sociedad, cultura y ocio, con una mirada local y global.\",\"url\":\"https:\\\/\\\/candas365.es\\\/noticias\\\/\",\"email\":\"info@candas365.es\",\"telephone\":\"+34652131393\",\"foundingDate\":\"2012-06-10\",\"logo\":{\"@type\":\"ImageObject\",\"url\":\"https:\\\/\\\/candas365.es\\\/noticias\\\/wp-content\\\/uploads\\\/2024\\\/09\\\/Candas-365-Redes.jpg\",\"@id\":\"https:\\\/\\\/candas365.es\\\/noticias\\\/la-sanidad-publica-asturiana-cuenta-con-3-210-medicos\\\/#organizationLogo\",\"width\":1152,\"height\":864,\"caption\":\"Cand\\u00e1s 365 Redes\"},\"image\":{\"@id\":\"https:\\\/\\\/candas365.es\\\/noticias\\\/la-sanidad-publica-asturiana-cuenta-con-3-210-medicos\\\/#organizationLogo\"},\"sameAs\":[\"https:\\\/\\\/www.facebook.com\\\/Nachofdezber\",\"https:\\\/\\\/x.com\\\/NabercoDigital\",\"https:\\\/\\\/www.instagram.com\\\/nachofdezber\\\/\",\"https:\\\/\\\/www.youtube.com\\\/channel\\\/UCZP-2wLEB9Rv6erhFmqVnvg\"],\"address\":{\"@id\":\"https:\\\/\\\/candas365.es\\\/noticias\\\/#postaladdress\",\"@type\":\"PostalAddress\",\"streetAddress\":\"san antonio 4, san antonio 4\",\"postalCode\":\"33430\",\"addressLocality\":\"Cand\\u00e1s\",\"addressRegion\":\"Asturias\",\"addressCountry\":\"ES\"}},{\"@type\":\"Person\",\"@id\":\"https:\\\/\\\/candas365.es\\\/noticias\\\/author\\\/admin\\\/#author\",\"url\":\"https:\\\/\\\/candas365.es\\\/noticias\\\/author\\\/admin\\\/\",\"name\":\"Cand\\u00e1s 365\",\"image\":{\"@type\":\"ImageObject\",\"@id\":\"https:\\\/\\\/candas365.es\\\/noticias\\\/la-sanidad-publica-asturiana-cuenta-con-3-210-medicos\\\/#authorImage\",\"url\":\"https:\\\/\\\/secure.gravatar.com\\\/avatar\\\/496a8e03d0c493ede1718b7934145dbdf8d89be1036b0eec9544e1094c9de390?s=96&d=mm&r=g\",\"width\":96,\"height\":96,\"caption\":\"Cand\\u00e1s 365\"},\"sameAs\":[\"https:\\\/\\\/www.facebook.com\\\/carrenoactualidad\",\"https:\\\/\\\/twitter.com\\\/nbasturias\",\"https:\\\/\\\/www.instagram.com\\\/nachofdezber\\\/\",\"https:\\\/\\\/www.youtube.com\\\/channel\\\/UCZP-2wLEB9Rv6erhFmqVnvg\"]},{\"@type\":\"WebPage\",\"@id\":\"https:\\\/\\\/candas365.es\\\/noticias\\\/la-sanidad-publica-asturiana-cuenta-con-3-210-medicos\\\/#webpage\",\"url\":\"https:\\\/\\\/candas365.es\\\/noticias\\\/la-sanidad-publica-asturiana-cuenta-con-3-210-medicos\\\/\",\"name\":\"La sanidad p\\u00fablica asturiana cuenta con 3.210 m\\u00e9dicos | Cand\\u00e1s 365\",\"description\":\"El Servicio de Salud del Principado de Asturias (Sespa), con el fin de ofrecer una informaci\\u00f3n correcta a los ciudadanos, asegura que el n\\u00famero de facultativos que trabajan actualmente en la sanidad p\\u00fablica asturiana es de 3.210 profesionales, 61 m\\u00e9dicos m\\u00e1s de los que hab\\u00eda a uno de enero de 2010. Por tanto, sin \\u00e1nimo\",\"inLanguage\":\"es-ES\",\"isPartOf\":{\"@id\":\"https:\\\/\\\/candas365.es\\\/noticias\\\/#website\"},\"breadcrumb\":{\"@id\":\"https:\\\/\\\/candas365.es\\\/noticias\\\/la-sanidad-publica-asturiana-cuenta-con-3-210-medicos\\\/#breadcrumblist\"},\"author\":{\"@id\":\"https:\\\/\\\/candas365.es\\\/noticias\\\/author\\\/admin\\\/#author\"},\"creator\":{\"@id\":\"https:\\\/\\\/candas365.es\\\/noticias\\\/author\\\/admin\\\/#author\"},\"image\":{\"@type\":\"ImageObject\",\"url\":\"https:\\\/\\\/candas365.es\\\/noticias\\\/wp-content\\\/uploads\\\/2014\\\/11\\\/cabue\\u00f1es.jpg\",\"@id\":\"https:\\\/\\\/candas365.es\\\/noticias\\\/la-sanidad-publica-asturiana-cuenta-con-3-210-medicos\\\/#mainImage\",\"width\":360,\"height\":270},\"primaryImageOfPage\":{\"@id\":\"https:\\\/\\\/candas365.es\\\/noticias\\\/la-sanidad-publica-asturiana-cuenta-con-3-210-medicos\\\/#mainImage\"},\"datePublished\":\"2015-02-17T15:03:27+01:00\",\"dateModified\":\"2015-02-18T09:37:20+01:00\"},{\"@type\":\"WebSite\",\"@id\":\"https:\\\/\\\/candas365.es\\\/noticias\\\/#website\",\"url\":\"https:\\\/\\\/candas365.es\\\/noticias\\\/\",\"name\":\"Cand\\u00e1s 365\",\"alternateName\":\"Cand\\u00e1s 365 Noticias\",\"description\":\"Actualidad desde Carre\\u00f1o para el mundo\",\"inLanguage\":\"es-ES\",\"publisher\":{\"@id\":\"https:\\\/\\\/candas365.es\\\/noticias\\\/#organization\"}}]}\n\t\t<\/script>\n\t\t<!-- All in One SEO Pro -->\r\n\t\t<title>La sanidad p\u00fablica asturiana cuenta con 3.210 m\u00e9dicos | Cand\u00e1s 365<\/title>\n\n","aioseo_head_json":{"title":"La sanidad p\u00fablica asturiana cuenta con 3.210 m\u00e9dicos | Cand\u00e1s 365","description":"El Servicio de Salud del Principado de Asturias (Sespa), con el fin de ofrecer una informaci\u00f3n correcta a los ciudadanos, asegura que el n\u00famero de facultativos que trabajan actualmente en la sanidad p\u00fablica asturiana es de 3.210 profesionales, 61 m\u00e9dicos m\u00e1s de los que hab\u00eda a uno de enero de 2010. Por tanto, sin \u00e1nimo","canonical_url":"https:\/\/candas365.es\/noticias\/la-sanidad-publica-asturiana-cuenta-con-3-210-medicos\/","robots":"max-image-preview:large","keywords":"asturias","webmasterTools":{"google-site-verification":"UA-32230408-1","msvalidate.01":"354F3CDFB2DA171B47FBE9ABF1F88D5","miscellaneous":""},"schema":{"@context":"https:\/\/schema.org","@graph":[{"@type":"BreadcrumbList","@id":"https:\/\/candas365.es\/noticias\/la-sanidad-publica-asturiana-cuenta-con-3-210-medicos\/#breadcrumblist","itemListElement":[{"@type":"ListItem","@id":"https:\/\/candas365.es\/noticias#listItem","position":1,"name":"Home","item":"https:\/\/candas365.es\/noticias","nextItem":{"@type":"ListItem","@id":"https:\/\/candas365.es\/noticias\/category\/asturias\/#listItem","name":"Asturias"}},{"@type":"ListItem","@id":"https:\/\/candas365.es\/noticias\/category\/asturias\/#listItem","position":2,"name":"Asturias","item":"https:\/\/candas365.es\/noticias\/category\/asturias\/","nextItem":{"@type":"ListItem","@id":"https:\/\/candas365.es\/noticias\/la-sanidad-publica-asturiana-cuenta-con-3-210-medicos\/#listItem","name":"La sanidad p\u00fablica asturiana cuenta con 3.210 m\u00e9dicos"},"previousItem":{"@type":"ListItem","@id":"https:\/\/candas365.es\/noticias#listItem","name":"Home"}},{"@type":"ListItem","@id":"https:\/\/candas365.es\/noticias\/la-sanidad-publica-asturiana-cuenta-con-3-210-medicos\/#listItem","position":3,"name":"La sanidad p\u00fablica asturiana cuenta con 3.210 m\u00e9dicos","previousItem":{"@type":"ListItem","@id":"https:\/\/candas365.es\/noticias\/category\/asturias\/#listItem","name":"Asturias"}}]},{"@type":"NewsArticle","@id":"https:\/\/candas365.es\/noticias\/la-sanidad-publica-asturiana-cuenta-con-3-210-medicos\/#newsarticle","name":"La sanidad p\u00fablica asturiana cuenta con 3.210 m\u00e9dicos | Cand\u00e1s 365","headline":"La sanidad p\u00fablica asturiana cuenta con 3.210 m\u00e9dicos","author":{"@id":"https:\/\/candas365.es\/noticias\/author\/admin\/#author"},"publisher":{"@id":"https:\/\/candas365.es\/noticias\/#organization"},"image":{"@type":"ImageObject","url":"https:\/\/candas365.es\/noticias\/wp-content\/uploads\/2014\/11\/cabue\u00f1es.jpg","width":360,"height":270},"datePublished":"2015-02-17T15:03:27+01:00","dateModified":"2015-02-18T09:37:20+01:00","inLanguage":"es-ES","mainEntityOfPage":{"@id":"https:\/\/candas365.es\/noticias\/la-sanidad-publica-asturiana-cuenta-con-3-210-medicos\/#webpage"},"isPartOf":{"@id":"https:\/\/candas365.es\/noticias\/la-sanidad-publica-asturiana-cuenta-con-3-210-medicos\/#webpage"},"articleSection":"Asturias","dateline":"Publicado el febrero 17, 2015."},{"@type":"Organization","@id":"https:\/\/candas365.es\/noticias\/#organization","name":"Cand\u00e1s 365","description":"Cand\u00e1s 365 es un diario digital independiente, fundado en 2012, con base en Asturias. Informamos con rigor sobre actualidad, sociedad, cultura y ocio, con una mirada local y global.","url":"https:\/\/candas365.es\/noticias\/","email":"info@candas365.es","telephone":"+34652131393","foundingDate":"2012-06-10","logo":{"@type":"ImageObject","url":"https:\/\/candas365.es\/noticias\/wp-content\/uploads\/2024\/09\/Candas-365-Redes.jpg","@id":"https:\/\/candas365.es\/noticias\/la-sanidad-publica-asturiana-cuenta-con-3-210-medicos\/#organizationLogo","width":1152,"height":864,"caption":"Cand\u00e1s 365 Redes"},"image":{"@id":"https:\/\/candas365.es\/noticias\/la-sanidad-publica-asturiana-cuenta-con-3-210-medicos\/#organizationLogo"},"sameAs":["https:\/\/www.facebook.com\/Nachofdezber","https:\/\/x.com\/NabercoDigital","https:\/\/www.instagram.com\/nachofdezber\/","https:\/\/www.youtube.com\/channel\/UCZP-2wLEB9Rv6erhFmqVnvg"],"address":{"@id":"https:\/\/candas365.es\/noticias\/#postaladdress","@type":"PostalAddress","streetAddress":"san antonio 4, san antonio 4","postalCode":"33430","addressLocality":"Cand\u00e1s","addressRegion":"Asturias","addressCountry":"ES"}},{"@type":"Person","@id":"https:\/\/candas365.es\/noticias\/author\/admin\/#author","url":"https:\/\/candas365.es\/noticias\/author\/admin\/","name":"Cand\u00e1s 365","image":{"@type":"ImageObject","@id":"https:\/\/candas365.es\/noticias\/la-sanidad-publica-asturiana-cuenta-con-3-210-medicos\/#authorImage","url":"https:\/\/secure.gravatar.com\/avatar\/496a8e03d0c493ede1718b7934145dbdf8d89be1036b0eec9544e1094c9de390?s=96&d=mm&r=g","width":96,"height":96,"caption":"Cand\u00e1s 365"},"sameAs":["https:\/\/www.facebook.com\/carrenoactualidad","https:\/\/twitter.com\/nbasturias","https:\/\/www.instagram.com\/nachofdezber\/","https:\/\/www.youtube.com\/channel\/UCZP-2wLEB9Rv6erhFmqVnvg"]},{"@type":"WebPage","@id":"https:\/\/candas365.es\/noticias\/la-sanidad-publica-asturiana-cuenta-con-3-210-medicos\/#webpage","url":"https:\/\/candas365.es\/noticias\/la-sanidad-publica-asturiana-cuenta-con-3-210-medicos\/","name":"La sanidad p\u00fablica asturiana cuenta con 3.210 m\u00e9dicos | Cand\u00e1s 365","description":"El Servicio de Salud del Principado de Asturias (Sespa), con el fin de ofrecer una informaci\u00f3n correcta a los ciudadanos, asegura que el n\u00famero de facultativos que trabajan actualmente en la sanidad p\u00fablica asturiana es de 3.210 profesionales, 61 m\u00e9dicos m\u00e1s de los que hab\u00eda a uno de enero de 2010. Por tanto, sin \u00e1nimo","inLanguage":"es-ES","isPartOf":{"@id":"https:\/\/candas365.es\/noticias\/#website"},"breadcrumb":{"@id":"https:\/\/candas365.es\/noticias\/la-sanidad-publica-asturiana-cuenta-con-3-210-medicos\/#breadcrumblist"},"author":{"@id":"https:\/\/candas365.es\/noticias\/author\/admin\/#author"},"creator":{"@id":"https:\/\/candas365.es\/noticias\/author\/admin\/#author"},"image":{"@type":"ImageObject","url":"https:\/\/candas365.es\/noticias\/wp-content\/uploads\/2014\/11\/cabue\u00f1es.jpg","@id":"https:\/\/candas365.es\/noticias\/la-sanidad-publica-asturiana-cuenta-con-3-210-medicos\/#mainImage","width":360,"height":270},"primaryImageOfPage":{"@id":"https:\/\/candas365.es\/noticias\/la-sanidad-publica-asturiana-cuenta-con-3-210-medicos\/#mainImage"},"datePublished":"2015-02-17T15:03:27+01:00","dateModified":"2015-02-18T09:37:20+01:00"},{"@type":"WebSite","@id":"https:\/\/candas365.es\/noticias\/#website","url":"https:\/\/candas365.es\/noticias\/","name":"Cand\u00e1s 365","alternateName":"Cand\u00e1s 365 Noticias","description":"Actualidad desde Carre\u00f1o para el mundo","inLanguage":"es-ES","publisher":{"@id":"https:\/\/candas365.es\/noticias\/#organization"}}]},"og:locale":"es_ES","og:site_name":"Cand\u00e1s 365","og:type":"article","og:title":"La sanidad p\u00fablica asturiana cuenta con 3.210 m\u00e9dicos | Cand\u00e1s 365","og:description":"El Servicio de Salud del Principado de Asturias (Sespa), con el fin de ofrecer una informaci\u00f3n correcta a los ciudadanos, asegura que el n\u00famero de facultativos que trabajan actualmente en la sanidad p\u00fablica asturiana es de 3.210 profesionales, 61 m\u00e9dicos m\u00e1s de los que hab\u00eda a uno de enero de 2010. Por tanto, sin \u00e1nimo","og:url":"https:\/\/candas365.es\/noticias\/la-sanidad-publica-asturiana-cuenta-con-3-210-medicos\/","og:image":"https:\/\/candas365.es\/noticias\/wp-content\/uploads\/2014\/11\/cabue\u00f1es.jpg","og:image:secure_url":"https:\/\/candas365.es\/noticias\/wp-content\/uploads\/2014\/11\/cabue\u00f1es.jpg","og:image:width":360,"og:image:height":270,"article:published_time":"2015-02-17T17:03:27+00:00","article:modified_time":"2015-02-18T11:37:20+00:00","article:publisher":"https:\/\/www.facebook.com\/Nachofdezber","article:author":"https:\/\/www.facebook.com\/carrenoactualidad","twitter:card":"summary_large_image","twitter:site":"@NabercoDigital","twitter:title":"La sanidad p\u00fablica asturiana cuenta con 3.210 m\u00e9dicos | Cand\u00e1s 365","twitter:description":"El Servicio de Salud del Principado de Asturias (Sespa), con el fin de ofrecer una informaci\u00f3n correcta a los ciudadanos, asegura que el n\u00famero de facultativos que trabajan actualmente en la sanidad p\u00fablica asturiana es de 3.210 profesionales, 61 m\u00e9dicos m\u00e1s de los que hab\u00eda a uno de enero de 2010. Por tanto, sin \u00e1nimo","twitter:creator":"@nbasturias","twitter:image":"https:\/\/candas365.es\/noticias\/wp-content\/uploads\/2014\/11\/cabue\u00f1es.jpg","twitter:label1":"Escrito por","twitter:data1":"Cand\u00e1s 365","twitter:label2":"Tiempo de lectura estimado","twitter:data2":"2 minutos"},"aioseo_meta_data":{"post_id":"7311","title":null,"description":null,"keywords":null,"keyphrases":null,"primary_term":null,"canonical_url":null,"og_title":null,"og_description":null,"og_object_type":"default","og_image_type":"default","og_image_url":null,"og_image_width":null,"og_image_height":null,"og_image_custom_url":null,"og_image_custom_fields":null,"og_video":null,"og_custom_url":null,"og_article_section":null,"og_article_tags":null,"twitter_use_og":false,"twitter_card":"default","twitter_image_type":"default","twitter_image_url":null,"twitter_image_custom_url":null,"twitter_image_custom_fields":null,"twitter_title":null,"twitter_description":null,"schema":{"blockGraphs":[],"customGraphs":[],"default":{"data":{"Article":[],"Course":[],"Dataset":[],"FAQPage":[],"Movie":[],"Person":[],"Product":[],"ProductReview":[],"Car":[],"Recipe":[],"Service":[],"SoftwareApplication":[],"WebPage":[]},"graphName":"","isEnabled":true},"graphs":[],"defaultGraph":"","defaultPostTypeGraph":""},"schema_type":null,"schema_type_options":null,"pillar_content":false,"robots_default":true,"robots_noindex":false,"robots_noarchive":false,"robots_nosnippet":false,"robots_nofollow":false,"robots_noimageindex":false,"robots_noodp":false,"robots_notranslate":false,"robots_max_snippet":null,"robots_max_videopreview":null,"robots_max_imagepreview":"large","priority":null,"frequency":null,"location":null,"local_seo":null,"seo_analyzer_scan_date":"2025-08-23 05:13:31","breadcrumb_settings":null,"limit_modified_date":false,"reviewed_by":null,"open_ai":null,"ai":null,"created":"2020-12-21 10:55:12","updated":"2025-08-23 05:13:31"},"aioseo_breadcrumb":"<div class=\"aioseo-breadcrumbs\"><span class=\"aioseo-breadcrumb\">\n\t<a href=\"https:\/\/candas365.es\/noticias\" title=\"Home\">Home<\/a>\n<\/span><span class=\"aioseo-breadcrumb-separator\">&ndash;<\/span><span class=\"aioseo-breadcrumb\">\n\t<a href=\"https:\/\/candas365.es\/noticias\/category\/asturias\/\" title=\"Asturias\">Asturias<\/a>\n<\/span><span class=\"aioseo-breadcrumb-separator\">&ndash;<\/span><span class=\"aioseo-breadcrumb\">\n\tLa sanidad p\u00fablica asturiana cuenta con 3.210 m\u00e9dicos\n<\/span><\/div>","aioseo_breadcrumb_json":[{"label":"Home","link":"https:\/\/candas365.es\/noticias"},{"label":"Asturias","link":"https:\/\/candas365.es\/noticias\/category\/asturias\/"},{"label":"La sanidad p\u00fablica asturiana cuenta con 3.210 m\u00e9dicos","link":"https:\/\/candas365.es\/noticias\/la-sanidad-publica-asturiana-cuenta-con-3-210-medicos\/"}],"_links":{"self":[{"href":"https:\/\/candas365.es\/noticias\/wp-json\/wp\/v2\/posts\/7311","targetHints":{"allow":["GET"]}}],"collection":[{"href":"https:\/\/candas365.es\/noticias\/wp-json\/wp\/v2\/posts"}],"about":[{"href":"https:\/\/candas365.es\/noticias\/wp-json\/wp\/v2\/types\/post"}],"author":[{"embeddable":true,"href":"https:\/\/candas365.es\/noticias\/wp-json\/wp\/v2\/users\/1"}],"replies":[{"embeddable":true,"href":"https:\/\/candas365.es\/noticias\/wp-json\/wp\/v2\/comments?post=7311"}],"version-history":[{"count":0,"href":"https:\/\/candas365.es\/noticias\/wp-json\/wp\/v2\/posts\/7311\/revisions"}],"wp:featuredmedia":[{"embeddable":true,"href":"https:\/\/candas365.es\/noticias\/wp-json\/wp\/v2\/media\/5347"}],"wp:attachment":[{"href":"https:\/\/candas365.es\/noticias\/wp-json\/wp\/v2\/media?parent=7311"}],"wp:term":[{"taxonomy":"category","embeddable":true,"href":"https:\/\/candas365.es\/noticias\/wp-json\/wp\/v2\/categories?post=7311"},{"taxonomy":"post_tag","embeddable":true,"href":"https:\/\/candas365.es\/noticias\/wp-json\/wp\/v2\/tags?post=7311"}],"curies":[{"name":"wp","href":"https:\/\/api.w.org\/{rel}","templated":true}]}}