{"id":7305,"date":"2015-02-17T14:50:26","date_gmt":"2015-02-17T16:50:26","guid":{"rendered":"http:\/\/candas365.es\/noticias\/?p=7305"},"modified":"2015-02-17T14:50:26","modified_gmt":"2015-02-17T16:50:26","slug":"via-libre-para-cristina-coto","status":"publish","type":"post","link":"https:\/\/candas365.es\/noticias\/via-libre-para-cristina-coto\/","title":{"rendered":"V\u00eda libre para Cristina Coto"},"content":{"rendered":"<p><img fetchpriority=\"high\" decoding=\"async\" class=\"alignleft size-medium wp-image-282\" src=\"https:\/\/candas365.es\/noticias\/wp-content\/uploads\/2014\/09\/coto-360x240.jpg\" alt=\"coto\" width=\"360\" height=\"240\" srcset=\"https:\/\/candas365.es\/noticias\/wp-content\/uploads\/2014\/09\/coto-360x240.jpg 360w, https:\/\/candas365.es\/noticias\/wp-content\/uploads\/2014\/09\/coto-650x434.jpg 650w, https:\/\/candas365.es\/noticias\/wp-content\/uploads\/2014\/09\/coto-768x513.jpg 768w, https:\/\/candas365.es\/noticias\/wp-content\/uploads\/2014\/09\/coto-150x100.jpg 150w, https:\/\/candas365.es\/noticias\/wp-content\/uploads\/2014\/09\/coto-450x300.jpg 450w, https:\/\/candas365.es\/noticias\/wp-content\/uploads\/2014\/09\/coto-655x437.jpg 655w, https:\/\/candas365.es\/noticias\/wp-content\/uploads\/2014\/09\/coto-696x465.jpg 696w, https:\/\/candas365.es\/noticias\/wp-content\/uploads\/2014\/09\/coto-629x420.jpg 629w, https:\/\/candas365.es\/noticias\/wp-content\/uploads\/2014\/09\/coto-84x55.jpg 84w, https:\/\/candas365.es\/noticias\/wp-content\/uploads\/2014\/09\/coto.jpg 800w\" sizes=\"(max-width: 360px) 100vw, 360px\" \/>La diputada Cristina Coto tiene el camino despejado para ocupar la vacante de Francisco \u00c1lvarez-Cascos. Ayer anunci\u00f3 su intenci\u00f3n de optar a la presidencia del partido, pero de momento no contar\u00e1 con ning\u00fan adversario ya que el otro nombre que sonaba con mucha insistencia, el de Fernando Couto, se fue diluyendo. El concejal gijon\u00e9s se autodescart\u00f3 de la carrera por ocupar el puesto de Cascos.<\/p>\n<p>Couto aseguro que no pretende participar en batallas internas y mostr\u00f3 su agradecimiento a todos los militantes y alcaldes que pensaron en \u00e9l para abanderar el nuevo proyecto de Foro. De momento quiere centrarse en la vida municipal. Cristitina Coto cuenta con el respaldo de la mayor\u00eda de los diputados de la Junta, que la consideran como la persona m\u00e1s capacitada para liderar el partido.<\/p>\n<p>Son muchos los militantes del partido que han reclamado a Francisco \u00c1lvarez-Cascos que reconsidere su postura. No obstante, el exministro popular se plantea estar en la lista de Foro, pero siempre en un segundo plano. Muchos afiliados de la formaci\u00f3n consideran que la ausencia de Cascos podr\u00eda pasarles factura en las urnas.<\/p>\n","protected":false},"excerpt":{"rendered":"<p>La diputada Cristina Coto tiene el camino despejado para ocupar la vacante de Francisco \u00c1lvarez-Cascos. Ayer anunci\u00f3 su intenci\u00f3n de optar a la presidencia del partido, pero de momento no contar\u00e1 con ning\u00fan adversario ya que el otro nombre que sonaba con mucha insistencia, el de Fernando Couto, se fue diluyendo. El concejal gijon\u00e9s se<\/p>\n","protected":false},"author":1,"featured_media":282,"comment_status":"open","ping_status":"closed","sticky":false,"template":"","format":"standard","meta":{"footnotes":""},"categories":[7],"tags":[],"class_list":{"0":"post-7305","1":"post","2":"type-post","3":"status-publish","4":"format-standard","5":"has-post-thumbnail","7":"category-asturias"},"aioseo_notices":[],"aioseo_head":"\n\t\t<!-- All in One SEO Pro 4.9.6.2 - aioseo.com -->\n\t<meta name=\"description\" content=\"La diputada Cristina Coto tiene el camino despejado para ocupar la vacante de Francisco \u00c1lvarez-Cascos. Ayer anunci\u00f3 su intenci\u00f3n de optar a la presidencia del partido, pero de momento no contar\u00e1 con ning\u00fan adversario ya que el otro nombre que sonaba con mucha insistencia, el de Fernando Couto, se fue diluyendo. El concejal gijon\u00e9s se\" \/>\n\t<meta name=\"robots\" content=\"max-image-preview:large\" \/>\n\t<meta name=\"author\" content=\"Cand\u00e1s 365\"\/>\n\t<meta name=\"google-site-verification\" content=\"UA-32230408-1\" \/>\n\t<meta name=\"msvalidate.01\" content=\"354F3CDFB2DA171B47FBE9ABF1F88D5\" \/>\n\t<meta name=\"keywords\" content=\"asturias\" \/>\n\t<link rel=\"canonical\" href=\"https:\/\/candas365.es\/noticias\/via-libre-para-cristina-coto\/\" \/>\n\t<meta name=\"generator\" content=\"All in One SEO Pro (AIOSEO) 4.9.6.2\" \/>\n\t\t<meta property=\"og:locale\" content=\"es_ES\" \/>\n\t\t<meta property=\"og:site_name\" content=\"Cand\u00e1s 365\" \/>\n\t\t<meta property=\"og:type\" content=\"article\" \/>\n\t\t<meta property=\"og:title\" content=\"V\u00eda libre para Cristina Coto | Cand\u00e1s 365\" \/>\n\t\t<meta property=\"og:description\" content=\"La diputada Cristina Coto tiene el camino despejado para ocupar la vacante de Francisco \u00c1lvarez-Cascos. Ayer anunci\u00f3 su intenci\u00f3n de optar a la presidencia del partido, pero de momento no contar\u00e1 con ning\u00fan adversario ya que el otro nombre que sonaba con mucha insistencia, el de Fernando Couto, se fue diluyendo. El concejal gijon\u00e9s se\" \/>\n\t\t<meta property=\"og:url\" content=\"https:\/\/candas365.es\/noticias\/via-libre-para-cristina-coto\/\" \/>\n\t\t<meta property=\"og:image\" content=\"https:\/\/candas365.es\/noticias\/wp-content\/uploads\/2014\/09\/coto.jpg\" \/>\n\t\t<meta property=\"og:image:secure_url\" content=\"https:\/\/candas365.es\/noticias\/wp-content\/uploads\/2014\/09\/coto.jpg\" \/>\n\t\t<meta property=\"og:image:width\" content=\"800\" \/>\n\t\t<meta property=\"og:image:height\" content=\"534\" \/>\n\t\t<meta property=\"article:published_time\" content=\"2015-02-17T16:50:26+00:00\" \/>\n\t\t<meta property=\"article:modified_time\" content=\"2015-02-17T16:50:26+00:00\" \/>\n\t\t<meta property=\"article:publisher\" content=\"https:\/\/www.facebook.com\/Nachofdezber\" \/>\n\t\t<meta property=\"article:author\" content=\"https:\/\/www.facebook.com\/carrenoactualidad\" \/>\n\t\t<meta name=\"twitter:card\" content=\"summary_large_image\" \/>\n\t\t<meta name=\"twitter:site\" content=\"@NabercoDigital\" \/>\n\t\t<meta name=\"twitter:title\" content=\"V\u00eda libre para Cristina Coto | Cand\u00e1s 365\" \/>\n\t\t<meta name=\"twitter:description\" content=\"La diputada Cristina Coto tiene el camino despejado para ocupar la vacante de Francisco \u00c1lvarez-Cascos. Ayer anunci\u00f3 su intenci\u00f3n de optar a la presidencia del partido, pero de momento no contar\u00e1 con ning\u00fan adversario ya que el otro nombre que sonaba con mucha insistencia, el de Fernando Couto, se fue diluyendo. El concejal gijon\u00e9s se\" \/>\n\t\t<meta name=\"twitter:creator\" content=\"@nbasturias\" \/>\n\t\t<meta name=\"twitter:image\" content=\"https:\/\/candas365.es\/noticias\/wp-content\/uploads\/2014\/09\/coto.jpg\" \/>\n\t\t<meta name=\"twitter:label1\" content=\"Escrito por\" \/>\n\t\t<meta name=\"twitter:data1\" content=\"Cand\u00e1s 365\" \/>\n\t\t<meta name=\"twitter:label2\" content=\"Tiempo de lectura estimado\" \/>\n\t\t<meta name=\"twitter:data2\" content=\"1 minuto\" \/>\n\t\t<script type=\"application\/ld+json\" class=\"aioseo-schema\">\n\t\t\t{\"@context\":\"https:\\\/\\\/schema.org\",\"@graph\":[{\"@type\":\"BreadcrumbList\",\"@id\":\"https:\\\/\\\/candas365.es\\\/noticias\\\/via-libre-para-cristina-coto\\\/#breadcrumblist\",\"itemListElement\":[{\"@type\":\"ListItem\",\"@id\":\"https:\\\/\\\/candas365.es\\\/noticias#listItem\",\"position\":1,\"name\":\"Home\",\"item\":\"https:\\\/\\\/candas365.es\\\/noticias\",\"nextItem\":{\"@type\":\"ListItem\",\"@id\":\"https:\\\/\\\/candas365.es\\\/noticias\\\/category\\\/asturias\\\/#listItem\",\"name\":\"Asturias\"}},{\"@type\":\"ListItem\",\"@id\":\"https:\\\/\\\/candas365.es\\\/noticias\\\/category\\\/asturias\\\/#listItem\",\"position\":2,\"name\":\"Asturias\",\"item\":\"https:\\\/\\\/candas365.es\\\/noticias\\\/category\\\/asturias\\\/\",\"nextItem\":{\"@type\":\"ListItem\",\"@id\":\"https:\\\/\\\/candas365.es\\\/noticias\\\/via-libre-para-cristina-coto\\\/#listItem\",\"name\":\"V\\u00eda libre para Cristina Coto\"},\"previousItem\":{\"@type\":\"ListItem\",\"@id\":\"https:\\\/\\\/candas365.es\\\/noticias#listItem\",\"name\":\"Home\"}},{\"@type\":\"ListItem\",\"@id\":\"https:\\\/\\\/candas365.es\\\/noticias\\\/via-libre-para-cristina-coto\\\/#listItem\",\"position\":3,\"name\":\"V\\u00eda libre para Cristina Coto\",\"previousItem\":{\"@type\":\"ListItem\",\"@id\":\"https:\\\/\\\/candas365.es\\\/noticias\\\/category\\\/asturias\\\/#listItem\",\"name\":\"Asturias\"}}]},{\"@type\":\"NewsArticle\",\"@id\":\"https:\\\/\\\/candas365.es\\\/noticias\\\/via-libre-para-cristina-coto\\\/#newsarticle\",\"name\":\"V\\u00eda libre para Cristina Coto | Cand\\u00e1s 365\",\"headline\":\"V\\u00eda libre para Cristina Coto\",\"author\":{\"@id\":\"https:\\\/\\\/candas365.es\\\/noticias\\\/author\\\/admin\\\/#author\"},\"publisher\":{\"@id\":\"https:\\\/\\\/candas365.es\\\/noticias\\\/#organization\"},\"image\":{\"@type\":\"ImageObject\",\"url\":\"https:\\\/\\\/candas365.es\\\/noticias\\\/wp-content\\\/uploads\\\/2014\\\/09\\\/coto.jpg\",\"width\":800,\"height\":534},\"datePublished\":\"2015-02-17T14:50:26+01:00\",\"dateModified\":\"2015-02-17T14:50:26+01:00\",\"inLanguage\":\"es-ES\",\"mainEntityOfPage\":{\"@id\":\"https:\\\/\\\/candas365.es\\\/noticias\\\/via-libre-para-cristina-coto\\\/#webpage\"},\"isPartOf\":{\"@id\":\"https:\\\/\\\/candas365.es\\\/noticias\\\/via-libre-para-cristina-coto\\\/#webpage\"},\"articleSection\":\"Asturias\",\"dateline\":\"Publicado el febrero 17, 2015.\"},{\"@type\":\"Organization\",\"@id\":\"https:\\\/\\\/candas365.es\\\/noticias\\\/#organization\",\"name\":\"Cand\\u00e1s 365\",\"description\":\"Cand\\u00e1s 365 es un diario digital independiente, fundado en 2012, con base en Asturias. Informamos con rigor sobre actualidad, sociedad, cultura y ocio, con una mirada local y global.\",\"url\":\"https:\\\/\\\/candas365.es\\\/noticias\\\/\",\"email\":\"info@candas365.es\",\"telephone\":\"+34652131393\",\"foundingDate\":\"2012-06-10\",\"logo\":{\"@type\":\"ImageObject\",\"url\":\"https:\\\/\\\/candas365.es\\\/noticias\\\/wp-content\\\/uploads\\\/2024\\\/09\\\/Candas-365-Redes.jpg\",\"@id\":\"https:\\\/\\\/candas365.es\\\/noticias\\\/via-libre-para-cristina-coto\\\/#organizationLogo\",\"width\":1152,\"height\":864,\"caption\":\"Cand\\u00e1s 365 Redes\"},\"image\":{\"@id\":\"https:\\\/\\\/candas365.es\\\/noticias\\\/via-libre-para-cristina-coto\\\/#organizationLogo\"},\"sameAs\":[\"https:\\\/\\\/www.facebook.com\\\/Nachofdezber\",\"https:\\\/\\\/x.com\\\/NabercoDigital\",\"https:\\\/\\\/www.instagram.com\\\/nachofdezber\\\/\",\"https:\\\/\\\/www.youtube.com\\\/channel\\\/UCZP-2wLEB9Rv6erhFmqVnvg\"],\"address\":{\"@id\":\"https:\\\/\\\/candas365.es\\\/noticias\\\/#postaladdress\",\"@type\":\"PostalAddress\",\"streetAddress\":\"san antonio 4, san antonio 4\",\"postalCode\":\"33430\",\"addressLocality\":\"Cand\\u00e1s\",\"addressRegion\":\"Asturias\",\"addressCountry\":\"ES\"}},{\"@type\":\"Person\",\"@id\":\"https:\\\/\\\/candas365.es\\\/noticias\\\/author\\\/admin\\\/#author\",\"url\":\"https:\\\/\\\/candas365.es\\\/noticias\\\/author\\\/admin\\\/\",\"name\":\"Cand\\u00e1s 365\",\"image\":{\"@type\":\"ImageObject\",\"@id\":\"https:\\\/\\\/candas365.es\\\/noticias\\\/via-libre-para-cristina-coto\\\/#authorImage\",\"url\":\"https:\\\/\\\/secure.gravatar.com\\\/avatar\\\/496a8e03d0c493ede1718b7934145dbdf8d89be1036b0eec9544e1094c9de390?s=96&d=mm&r=g\",\"width\":96,\"height\":96,\"caption\":\"Cand\\u00e1s 365\"},\"sameAs\":[\"https:\\\/\\\/www.facebook.com\\\/carrenoactualidad\",\"https:\\\/\\\/twitter.com\\\/nbasturias\",\"https:\\\/\\\/www.instagram.com\\\/nachofdezber\\\/\",\"https:\\\/\\\/www.youtube.com\\\/channel\\\/UCZP-2wLEB9Rv6erhFmqVnvg\"]},{\"@type\":\"WebPage\",\"@id\":\"https:\\\/\\\/candas365.es\\\/noticias\\\/via-libre-para-cristina-coto\\\/#webpage\",\"url\":\"https:\\\/\\\/candas365.es\\\/noticias\\\/via-libre-para-cristina-coto\\\/\",\"name\":\"V\\u00eda libre para Cristina Coto | Cand\\u00e1s 365\",\"description\":\"La diputada Cristina Coto tiene el camino despejado para ocupar la vacante de Francisco \\u00c1lvarez-Cascos. Ayer anunci\\u00f3 su intenci\\u00f3n de optar a la presidencia del partido, pero de momento no contar\\u00e1 con ning\\u00fan adversario ya que el otro nombre que sonaba con mucha insistencia, el de Fernando Couto, se fue diluyendo. El concejal gijon\\u00e9s se\",\"inLanguage\":\"es-ES\",\"isPartOf\":{\"@id\":\"https:\\\/\\\/candas365.es\\\/noticias\\\/#website\"},\"breadcrumb\":{\"@id\":\"https:\\\/\\\/candas365.es\\\/noticias\\\/via-libre-para-cristina-coto\\\/#breadcrumblist\"},\"author\":{\"@id\":\"https:\\\/\\\/candas365.es\\\/noticias\\\/author\\\/admin\\\/#author\"},\"creator\":{\"@id\":\"https:\\\/\\\/candas365.es\\\/noticias\\\/author\\\/admin\\\/#author\"},\"image\":{\"@type\":\"ImageObject\",\"url\":\"https:\\\/\\\/candas365.es\\\/noticias\\\/wp-content\\\/uploads\\\/2014\\\/09\\\/coto.jpg\",\"@id\":\"https:\\\/\\\/candas365.es\\\/noticias\\\/via-libre-para-cristina-coto\\\/#mainImage\",\"width\":800,\"height\":534},\"primaryImageOfPage\":{\"@id\":\"https:\\\/\\\/candas365.es\\\/noticias\\\/via-libre-para-cristina-coto\\\/#mainImage\"},\"datePublished\":\"2015-02-17T14:50:26+01:00\",\"dateModified\":\"2015-02-17T14:50:26+01:00\"},{\"@type\":\"WebSite\",\"@id\":\"https:\\\/\\\/candas365.es\\\/noticias\\\/#website\",\"url\":\"https:\\\/\\\/candas365.es\\\/noticias\\\/\",\"name\":\"Cand\\u00e1s 365\",\"alternateName\":\"Cand\\u00e1s 365 Noticias\",\"description\":\"Actualidad desde Carre\\u00f1o para el mundo\",\"inLanguage\":\"es-ES\",\"publisher\":{\"@id\":\"https:\\\/\\\/candas365.es\\\/noticias\\\/#organization\"}}]}\n\t\t<\/script>\n\t\t<!-- All in One SEO Pro -->\r\n\t\t<title>V\u00eda libre para Cristina Coto | Cand\u00e1s 365<\/title>\n\n","aioseo_head_json":{"title":"V\u00eda libre para Cristina Coto | Cand\u00e1s 365","description":"La diputada Cristina Coto tiene el camino despejado para ocupar la vacante de Francisco \u00c1lvarez-Cascos. Ayer anunci\u00f3 su intenci\u00f3n de optar a la presidencia del partido, pero de momento no contar\u00e1 con ning\u00fan adversario ya que el otro nombre que sonaba con mucha insistencia, el de Fernando Couto, se fue diluyendo. El concejal gijon\u00e9s se","canonical_url":"https:\/\/candas365.es\/noticias\/via-libre-para-cristina-coto\/","robots":"max-image-preview:large","keywords":"asturias","webmasterTools":{"google-site-verification":"UA-32230408-1","msvalidate.01":"354F3CDFB2DA171B47FBE9ABF1F88D5","miscellaneous":""},"schema":{"@context":"https:\/\/schema.org","@graph":[{"@type":"BreadcrumbList","@id":"https:\/\/candas365.es\/noticias\/via-libre-para-cristina-coto\/#breadcrumblist","itemListElement":[{"@type":"ListItem","@id":"https:\/\/candas365.es\/noticias#listItem","position":1,"name":"Home","item":"https:\/\/candas365.es\/noticias","nextItem":{"@type":"ListItem","@id":"https:\/\/candas365.es\/noticias\/category\/asturias\/#listItem","name":"Asturias"}},{"@type":"ListItem","@id":"https:\/\/candas365.es\/noticias\/category\/asturias\/#listItem","position":2,"name":"Asturias","item":"https:\/\/candas365.es\/noticias\/category\/asturias\/","nextItem":{"@type":"ListItem","@id":"https:\/\/candas365.es\/noticias\/via-libre-para-cristina-coto\/#listItem","name":"V\u00eda libre para Cristina Coto"},"previousItem":{"@type":"ListItem","@id":"https:\/\/candas365.es\/noticias#listItem","name":"Home"}},{"@type":"ListItem","@id":"https:\/\/candas365.es\/noticias\/via-libre-para-cristina-coto\/#listItem","position":3,"name":"V\u00eda libre para Cristina Coto","previousItem":{"@type":"ListItem","@id":"https:\/\/candas365.es\/noticias\/category\/asturias\/#listItem","name":"Asturias"}}]},{"@type":"NewsArticle","@id":"https:\/\/candas365.es\/noticias\/via-libre-para-cristina-coto\/#newsarticle","name":"V\u00eda libre para Cristina Coto | Cand\u00e1s 365","headline":"V\u00eda libre para Cristina Coto","author":{"@id":"https:\/\/candas365.es\/noticias\/author\/admin\/#author"},"publisher":{"@id":"https:\/\/candas365.es\/noticias\/#organization"},"image":{"@type":"ImageObject","url":"https:\/\/candas365.es\/noticias\/wp-content\/uploads\/2014\/09\/coto.jpg","width":800,"height":534},"datePublished":"2015-02-17T14:50:26+01:00","dateModified":"2015-02-17T14:50:26+01:00","inLanguage":"es-ES","mainEntityOfPage":{"@id":"https:\/\/candas365.es\/noticias\/via-libre-para-cristina-coto\/#webpage"},"isPartOf":{"@id":"https:\/\/candas365.es\/noticias\/via-libre-para-cristina-coto\/#webpage"},"articleSection":"Asturias","dateline":"Publicado el febrero 17, 2015."},{"@type":"Organization","@id":"https:\/\/candas365.es\/noticias\/#organization","name":"Cand\u00e1s 365","description":"Cand\u00e1s 365 es un diario digital independiente, fundado en 2012, con base en Asturias. Informamos con rigor sobre actualidad, sociedad, cultura y ocio, con una mirada local y global.","url":"https:\/\/candas365.es\/noticias\/","email":"info@candas365.es","telephone":"+34652131393","foundingDate":"2012-06-10","logo":{"@type":"ImageObject","url":"https:\/\/candas365.es\/noticias\/wp-content\/uploads\/2024\/09\/Candas-365-Redes.jpg","@id":"https:\/\/candas365.es\/noticias\/via-libre-para-cristina-coto\/#organizationLogo","width":1152,"height":864,"caption":"Cand\u00e1s 365 Redes"},"image":{"@id":"https:\/\/candas365.es\/noticias\/via-libre-para-cristina-coto\/#organizationLogo"},"sameAs":["https:\/\/www.facebook.com\/Nachofdezber","https:\/\/x.com\/NabercoDigital","https:\/\/www.instagram.com\/nachofdezber\/","https:\/\/www.youtube.com\/channel\/UCZP-2wLEB9Rv6erhFmqVnvg"],"address":{"@id":"https:\/\/candas365.es\/noticias\/#postaladdress","@type":"PostalAddress","streetAddress":"san antonio 4, san antonio 4","postalCode":"33430","addressLocality":"Cand\u00e1s","addressRegion":"Asturias","addressCountry":"ES"}},{"@type":"Person","@id":"https:\/\/candas365.es\/noticias\/author\/admin\/#author","url":"https:\/\/candas365.es\/noticias\/author\/admin\/","name":"Cand\u00e1s 365","image":{"@type":"ImageObject","@id":"https:\/\/candas365.es\/noticias\/via-libre-para-cristina-coto\/#authorImage","url":"https:\/\/secure.gravatar.com\/avatar\/496a8e03d0c493ede1718b7934145dbdf8d89be1036b0eec9544e1094c9de390?s=96&d=mm&r=g","width":96,"height":96,"caption":"Cand\u00e1s 365"},"sameAs":["https:\/\/www.facebook.com\/carrenoactualidad","https:\/\/twitter.com\/nbasturias","https:\/\/www.instagram.com\/nachofdezber\/","https:\/\/www.youtube.com\/channel\/UCZP-2wLEB9Rv6erhFmqVnvg"]},{"@type":"WebPage","@id":"https:\/\/candas365.es\/noticias\/via-libre-para-cristina-coto\/#webpage","url":"https:\/\/candas365.es\/noticias\/via-libre-para-cristina-coto\/","name":"V\u00eda libre para Cristina Coto | Cand\u00e1s 365","description":"La diputada Cristina Coto tiene el camino despejado para ocupar la vacante de Francisco \u00c1lvarez-Cascos. Ayer anunci\u00f3 su intenci\u00f3n de optar a la presidencia del partido, pero de momento no contar\u00e1 con ning\u00fan adversario ya que el otro nombre que sonaba con mucha insistencia, el de Fernando Couto, se fue diluyendo. El concejal gijon\u00e9s se","inLanguage":"es-ES","isPartOf":{"@id":"https:\/\/candas365.es\/noticias\/#website"},"breadcrumb":{"@id":"https:\/\/candas365.es\/noticias\/via-libre-para-cristina-coto\/#breadcrumblist"},"author":{"@id":"https:\/\/candas365.es\/noticias\/author\/admin\/#author"},"creator":{"@id":"https:\/\/candas365.es\/noticias\/author\/admin\/#author"},"image":{"@type":"ImageObject","url":"https:\/\/candas365.es\/noticias\/wp-content\/uploads\/2014\/09\/coto.jpg","@id":"https:\/\/candas365.es\/noticias\/via-libre-para-cristina-coto\/#mainImage","width":800,"height":534},"primaryImageOfPage":{"@id":"https:\/\/candas365.es\/noticias\/via-libre-para-cristina-coto\/#mainImage"},"datePublished":"2015-02-17T14:50:26+01:00","dateModified":"2015-02-17T14:50:26+01:00"},{"@type":"WebSite","@id":"https:\/\/candas365.es\/noticias\/#website","url":"https:\/\/candas365.es\/noticias\/","name":"Cand\u00e1s 365","alternateName":"Cand\u00e1s 365 Noticias","description":"Actualidad desde Carre\u00f1o para el mundo","inLanguage":"es-ES","publisher":{"@id":"https:\/\/candas365.es\/noticias\/#organization"}}]},"og:locale":"es_ES","og:site_name":"Cand\u00e1s 365","og:type":"article","og:title":"V\u00eda libre para Cristina Coto | Cand\u00e1s 365","og:description":"La diputada Cristina Coto tiene el camino despejado para ocupar la vacante de Francisco \u00c1lvarez-Cascos. Ayer anunci\u00f3 su intenci\u00f3n de optar a la presidencia del partido, pero de momento no contar\u00e1 con ning\u00fan adversario ya que el otro nombre que sonaba con mucha insistencia, el de Fernando Couto, se fue diluyendo. El concejal gijon\u00e9s se","og:url":"https:\/\/candas365.es\/noticias\/via-libre-para-cristina-coto\/","og:image":"https:\/\/candas365.es\/noticias\/wp-content\/uploads\/2014\/09\/coto.jpg","og:image:secure_url":"https:\/\/candas365.es\/noticias\/wp-content\/uploads\/2014\/09\/coto.jpg","og:image:width":800,"og:image:height":534,"article:published_time":"2015-02-17T16:50:26+00:00","article:modified_time":"2015-02-17T16:50:26+00:00","article:publisher":"https:\/\/www.facebook.com\/Nachofdezber","article:author":"https:\/\/www.facebook.com\/carrenoactualidad","twitter:card":"summary_large_image","twitter:site":"@NabercoDigital","twitter:title":"V\u00eda libre para Cristina Coto | Cand\u00e1s 365","twitter:description":"La diputada Cristina Coto tiene el camino despejado para ocupar la vacante de Francisco \u00c1lvarez-Cascos. Ayer anunci\u00f3 su intenci\u00f3n de optar a la presidencia del partido, pero de momento no contar\u00e1 con ning\u00fan adversario ya que el otro nombre que sonaba con mucha insistencia, el de Fernando Couto, se fue diluyendo. El concejal gijon\u00e9s se","twitter:creator":"@nbasturias","twitter:image":"https:\/\/candas365.es\/noticias\/wp-content\/uploads\/2014\/09\/coto.jpg","twitter:label1":"Escrito por","twitter:data1":"Cand\u00e1s 365","twitter:label2":"Tiempo de lectura estimado","twitter:data2":"1 minuto"},"aioseo_meta_data":{"post_id":"7305","title":null,"description":null,"keywords":null,"keyphrases":null,"primary_term":null,"canonical_url":null,"og_title":null,"og_description":null,"og_object_type":"default","og_image_type":"default","og_image_url":null,"og_image_width":null,"og_image_height":null,"og_image_custom_url":null,"og_image_custom_fields":null,"og_video":null,"og_custom_url":null,"og_article_section":null,"og_article_tags":null,"twitter_use_og":false,"twitter_card":"default","twitter_image_type":"default","twitter_image_url":null,"twitter_image_custom_url":null,"twitter_image_custom_fields":null,"twitter_title":null,"twitter_description":null,"schema":{"blockGraphs":[],"customGraphs":[],"default":{"data":{"Article":[],"Course":[],"Dataset":[],"FAQPage":[],"Movie":[],"Person":[],"Product":[],"ProductReview":[],"Car":[],"Recipe":[],"Service":[],"SoftwareApplication":[],"WebPage":[]},"graphName":"","isEnabled":true},"graphs":[]},"schema_type":null,"schema_type_options":null,"pillar_content":false,"robots_default":true,"robots_noindex":false,"robots_noarchive":false,"robots_nosnippet":false,"robots_nofollow":false,"robots_noimageindex":false,"robots_noodp":false,"robots_notranslate":false,"robots_max_snippet":null,"robots_max_videopreview":null,"robots_max_imagepreview":"large","priority":null,"frequency":null,"location":null,"local_seo":null,"seo_analyzer_scan_date":"2025-08-23 05:13:27","breadcrumb_settings":null,"limit_modified_date":false,"reviewed_by":null,"open_ai":null,"ai":null,"created":"2020-12-21 10:55:12","updated":"2025-08-23 05:13:27"},"aioseo_breadcrumb":"<div class=\"aioseo-breadcrumbs\"><span class=\"aioseo-breadcrumb\">\n\t<a href=\"https:\/\/candas365.es\/noticias\" title=\"Home\">Home<\/a>\n<\/span><span class=\"aioseo-breadcrumb-separator\">&ndash;<\/span><span class=\"aioseo-breadcrumb\">\n\t<a href=\"https:\/\/candas365.es\/noticias\/category\/asturias\/\" title=\"Asturias\">Asturias<\/a>\n<\/span><span class=\"aioseo-breadcrumb-separator\">&ndash;<\/span><span class=\"aioseo-breadcrumb\">\n\tV\u00eda libre para Cristina Coto\n<\/span><\/div>","aioseo_breadcrumb_json":[{"label":"Home","link":"https:\/\/candas365.es\/noticias"},{"label":"Asturias","link":"https:\/\/candas365.es\/noticias\/category\/asturias\/"},{"label":"V\u00eda libre para Cristina Coto","link":"https:\/\/candas365.es\/noticias\/via-libre-para-cristina-coto\/"}],"_links":{"self":[{"href":"https:\/\/candas365.es\/noticias\/wp-json\/wp\/v2\/posts\/7305","targetHints":{"allow":["GET"]}}],"collection":[{"href":"https:\/\/candas365.es\/noticias\/wp-json\/wp\/v2\/posts"}],"about":[{"href":"https:\/\/candas365.es\/noticias\/wp-json\/wp\/v2\/types\/post"}],"author":[{"embeddable":true,"href":"https:\/\/candas365.es\/noticias\/wp-json\/wp\/v2\/users\/1"}],"replies":[{"embeddable":true,"href":"https:\/\/candas365.es\/noticias\/wp-json\/wp\/v2\/comments?post=7305"}],"version-history":[{"count":0,"href":"https:\/\/candas365.es\/noticias\/wp-json\/wp\/v2\/posts\/7305\/revisions"}],"wp:featuredmedia":[{"embeddable":true,"href":"https:\/\/candas365.es\/noticias\/wp-json\/wp\/v2\/media\/282"}],"wp:attachment":[{"href":"https:\/\/candas365.es\/noticias\/wp-json\/wp\/v2\/media?parent=7305"}],"wp:term":[{"taxonomy":"category","embeddable":true,"href":"https:\/\/candas365.es\/noticias\/wp-json\/wp\/v2\/categories?post=7305"},{"taxonomy":"post_tag","embeddable":true,"href":"https:\/\/candas365.es\/noticias\/wp-json\/wp\/v2\/tags?post=7305"}],"curies":[{"name":"wp","href":"https:\/\/api.w.org\/{rel}","templated":true}]}}