{"id":72986,"date":"2017-06-06T14:09:05","date_gmt":"2017-06-06T14:09:05","guid":{"rendered":"http:\/\/candas365.es\/noticias\/?p=72986"},"modified":"2017-06-06T14:09:05","modified_gmt":"2017-06-06T14:09:05","slug":"el-hospital-valle-del-nalon-expone-27-cuadros-del-pintor-ovetense-nigro","status":"publish","type":"post","link":"https:\/\/candas365.es\/noticias\/el-hospital-valle-del-nalon-expone-27-cuadros-del-pintor-ovetense-nigro\/","title":{"rendered":"El Hospital Valle del Nal\u00f3n expone 27 cuadros del pintor ovetense Nigro"},"content":{"rendered":"<p><img fetchpriority=\"high\" decoding=\"async\" class=\"alignleft size-medium wp-image-72987\" src=\"https:\/\/candas365.es\/noticias\/wp-content\/uploads\/2017\/06\/Valle-Nalon-360x216.jpg\" alt=\"\" width=\"360\" height=\"216\" srcset=\"https:\/\/candas365.es\/noticias\/wp-content\/uploads\/2017\/06\/Valle-Nalon-360x216.jpg 360w, https:\/\/candas365.es\/noticias\/wp-content\/uploads\/2017\/06\/Valle-Nalon-768x461.jpg 768w, https:\/\/candas365.es\/noticias\/wp-content\/uploads\/2017\/06\/Valle-Nalon-655x393.jpg 655w, https:\/\/candas365.es\/noticias\/wp-content\/uploads\/2017\/06\/Valle-Nalon-696x418.jpg 696w, https:\/\/candas365.es\/noticias\/wp-content\/uploads\/2017\/06\/Valle-Nalon-1068x641.jpg 1068w, https:\/\/candas365.es\/noticias\/wp-content\/uploads\/2017\/06\/Valle-Nalon-700x420.jpg 700w, https:\/\/candas365.es\/noticias\/wp-content\/uploads\/2017\/06\/Valle-Nalon.jpg 1280w\" sizes=\"(max-width: 360px) 100vw, 360px\" \/>El Hospital Valle del Nal\u00f3n, centro de referencia del \u00e1rea sanitaria VIII, acoge una exposici\u00f3n permanente de 27 piezas del pintor ovetense Francisco Casariego Hern\u00e1ndez-Vaquero, conocido art\u00edsticamente con el seud\u00f3nimo de Nigro, como parte de su programa Sanidad Amable, una iniciativa con la que se trata de humanizar los espacios asistenciales para hacerlos m\u00e1s c\u00e1lidos y confortables para los pacientes y sus familiares.<\/p>\n<p>El consejero de Sanidad, Francisco del Busto, ha visitado esta ma\u00f1ana las obras del artista pl\u00e1stico junto con el gerente del \u00e1rea sanitaria VIII y varios herederos del pintor que han cedido gratuitamente las obras con el fin de difundir el trabajo del artista.<\/p>\n<p>Los 27 cuadros firmados de Nigro expuestos en el Hospital Valle del Nal\u00f3n son piezas de peque\u00f1o y mediano formato, fundamentalmente sobre tablex y sobre lienzo, vinculados con la escuela abstracta de arte europeo. La mayor parte de las obras est\u00e1n colgadas en los pasillos, vest\u00edbulos y otros espacios p\u00fablicos del centro hospitalario como el sal\u00f3n de actos.<\/p>\n<p><strong>Sobre Nigro<\/strong><\/p>\n<p>Francisco Casariego Hern\u00e1ndez-Vaquero naci\u00f3 en Oviedo en 1919, ciudad en la que vivi\u00f3 casi permanentemente hasta su fallecimiento en 2010.<\/p>\n<p>Educado en una familia donde se conjugaba el arte y la t\u00e9cnica, Nigro estuvo atento desde su juventud al devenir de las artes pl\u00e1sticas. Fue una visita al MOMA de New York en los a\u00f1os cincuenta la que actu\u00f3 como catalizadora de su sensibilidad art\u00edstica al quedar deslumbrado por las obras de los grandes pintores expresionistas abstractos norteamericanos.<\/p>\n<p>Tras obtener la titulaci\u00f3n de Ingeniero Industrial, y posteriormente el doctorado, desarroll\u00f3 esta profesi\u00f3n durante varias d\u00e9cadas en una empresa hidroel\u00e9ctrica asturiana, de la que, con el tiempo, lleg\u00f3 a ser director.<\/p>\n<p>Su dedicaci\u00f3n total al arte y su trayectoria como pintor comenzaron tras su jubilaci\u00f3n como ingeniero. En esta tercera parte de su vida, su intensa y apasionada actividad art\u00edstica se concret\u00f3 en varios cientos de cuadros, muchos de ellos de gran formato, y en diversas muestras individuales y colectivas.<\/p>\n<p>Actualmente, hay cuadros de Nigro en el Museo de Bellas Artes de Oviedo y en las sedes de varias empresas e instituciones asturianas.<\/p>\n<p>&nbsp;<\/p>\n","protected":false},"excerpt":{"rendered":"<p>El Hospital Valle del Nal\u00f3n, centro de referencia del \u00e1rea sanitaria VIII, acoge una exposici\u00f3n permanente de 27 piezas del pintor ovetense Francisco Casariego Hern\u00e1ndez-Vaquero, conocido art\u00edsticamente con el seud\u00f3nimo de Nigro, como parte de su programa Sanidad Amable, una iniciativa con la que se trata de humanizar los espacios asistenciales para hacerlos m\u00e1s c\u00e1lidos<\/p>\n","protected":false},"author":1,"featured_media":72987,"comment_status":"open","ping_status":"closed","sticky":false,"template":"","format":"standard","meta":{"footnotes":""},"categories":[1],"tags":[],"class_list":{"0":"post-72986","1":"post","2":"type-post","3":"status-publish","4":"format-standard","5":"has-post-thumbnail","7":"category-agenda"},"aioseo_notices":[],"aioseo_head":"\n\t\t<!-- All in One SEO Pro 4.9.6.2 - aioseo.com -->\n\t<meta name=\"description\" content=\"El Hospital Valle del Nal\u00f3n, centro de referencia del \u00e1rea sanitaria VIII, acoge una exposici\u00f3n permanente de 27 piezas del pintor ovetense Francisco Casariego Hern\u00e1ndez-Vaquero, conocido art\u00edsticamente con el seud\u00f3nimo de Nigro, como parte de su programa Sanidad Amable, una iniciativa con la que se trata de humanizar los espacios asistenciales para hacerlos m\u00e1s c\u00e1lidos\" \/>\n\t<meta name=\"robots\" content=\"max-image-preview:large\" \/>\n\t<meta name=\"author\" content=\"Cand\u00e1s 365\"\/>\n\t<meta name=\"google-site-verification\" content=\"UA-32230408-1\" \/>\n\t<meta name=\"msvalidate.01\" content=\"354F3CDFB2DA171B47FBE9ABF1F88D5\" \/>\n\t<meta name=\"keywords\" content=\"agenda\" \/>\n\t<link rel=\"canonical\" href=\"https:\/\/candas365.es\/noticias\/el-hospital-valle-del-nalon-expone-27-cuadros-del-pintor-ovetense-nigro\/\" \/>\n\t<meta name=\"generator\" content=\"All in One SEO Pro (AIOSEO) 4.9.6.2\" \/>\n\t\t<meta property=\"og:locale\" content=\"es_ES\" \/>\n\t\t<meta property=\"og:site_name\" content=\"Cand\u00e1s 365\" \/>\n\t\t<meta property=\"og:type\" content=\"article\" \/>\n\t\t<meta property=\"og:title\" content=\"El Hospital Valle del Nal\u00f3n expone 27 cuadros del pintor ovetense Nigro | Cand\u00e1s 365\" \/>\n\t\t<meta property=\"og:description\" content=\"El Hospital Valle del Nal\u00f3n, centro de referencia del \u00e1rea sanitaria VIII, acoge una exposici\u00f3n permanente de 27 piezas del pintor ovetense Francisco Casariego Hern\u00e1ndez-Vaquero, conocido art\u00edsticamente con el seud\u00f3nimo de Nigro, como parte de su programa Sanidad Amable, una iniciativa con la que se trata de humanizar los espacios asistenciales para hacerlos m\u00e1s c\u00e1lidos\" \/>\n\t\t<meta property=\"og:url\" content=\"https:\/\/candas365.es\/noticias\/el-hospital-valle-del-nalon-expone-27-cuadros-del-pintor-ovetense-nigro\/\" \/>\n\t\t<meta property=\"og:image\" content=\"https:\/\/candas365.es\/noticias\/wp-content\/uploads\/2017\/06\/Valle-Nalon.jpg\" \/>\n\t\t<meta property=\"og:image:secure_url\" content=\"https:\/\/candas365.es\/noticias\/wp-content\/uploads\/2017\/06\/Valle-Nalon.jpg\" \/>\n\t\t<meta property=\"og:image:width\" content=\"1280\" \/>\n\t\t<meta property=\"og:image:height\" content=\"768\" \/>\n\t\t<meta property=\"article:published_time\" content=\"2017-06-06T14:09:05+00:00\" \/>\n\t\t<meta property=\"article:modified_time\" content=\"2017-06-06T14:09:05+00:00\" \/>\n\t\t<meta property=\"article:publisher\" content=\"https:\/\/www.facebook.com\/Nachofdezber\" \/>\n\t\t<meta property=\"article:author\" content=\"https:\/\/www.facebook.com\/carrenoactualidad\" \/>\n\t\t<meta name=\"twitter:card\" content=\"summary_large_image\" \/>\n\t\t<meta name=\"twitter:site\" content=\"@NabercoDigital\" \/>\n\t\t<meta name=\"twitter:title\" content=\"El Hospital Valle del Nal\u00f3n expone 27 cuadros del pintor ovetense Nigro | Cand\u00e1s 365\" \/>\n\t\t<meta name=\"twitter:description\" content=\"El Hospital Valle del Nal\u00f3n, centro de referencia del \u00e1rea sanitaria VIII, acoge una exposici\u00f3n permanente de 27 piezas del pintor ovetense Francisco Casariego Hern\u00e1ndez-Vaquero, conocido art\u00edsticamente con el seud\u00f3nimo de Nigro, como parte de su programa Sanidad Amable, una iniciativa con la que se trata de humanizar los espacios asistenciales para hacerlos m\u00e1s c\u00e1lidos\" \/>\n\t\t<meta name=\"twitter:creator\" content=\"@nbasturias\" \/>\n\t\t<meta name=\"twitter:image\" content=\"https:\/\/candas365.es\/noticias\/wp-content\/uploads\/2017\/06\/Valle-Nalon.jpg\" \/>\n\t\t<meta name=\"twitter:label1\" content=\"Escrito por\" \/>\n\t\t<meta name=\"twitter:data1\" content=\"Cand\u00e1s 365\" \/>\n\t\t<meta name=\"twitter:label2\" content=\"Tiempo de lectura estimado\" \/>\n\t\t<meta name=\"twitter:data2\" content=\"2 minutos\" \/>\n\t\t<script type=\"application\/ld+json\" class=\"aioseo-schema\">\n\t\t\t{\"@context\":\"https:\\\/\\\/schema.org\",\"@graph\":[{\"@type\":\"BreadcrumbList\",\"@id\":\"https:\\\/\\\/candas365.es\\\/noticias\\\/el-hospital-valle-del-nalon-expone-27-cuadros-del-pintor-ovetense-nigro\\\/#breadcrumblist\",\"itemListElement\":[{\"@type\":\"ListItem\",\"@id\":\"https:\\\/\\\/candas365.es\\\/noticias#listItem\",\"position\":1,\"name\":\"Home\",\"item\":\"https:\\\/\\\/candas365.es\\\/noticias\",\"nextItem\":{\"@type\":\"ListItem\",\"@id\":\"https:\\\/\\\/candas365.es\\\/noticias\\\/category\\\/agenda\\\/#listItem\",\"name\":\"Agenda\"}},{\"@type\":\"ListItem\",\"@id\":\"https:\\\/\\\/candas365.es\\\/noticias\\\/category\\\/agenda\\\/#listItem\",\"position\":2,\"name\":\"Agenda\",\"item\":\"https:\\\/\\\/candas365.es\\\/noticias\\\/category\\\/agenda\\\/\",\"nextItem\":{\"@type\":\"ListItem\",\"@id\":\"https:\\\/\\\/candas365.es\\\/noticias\\\/el-hospital-valle-del-nalon-expone-27-cuadros-del-pintor-ovetense-nigro\\\/#listItem\",\"name\":\"El Hospital Valle del Nal\\u00f3n expone 27 cuadros del pintor ovetense Nigro\"},\"previousItem\":{\"@type\":\"ListItem\",\"@id\":\"https:\\\/\\\/candas365.es\\\/noticias#listItem\",\"name\":\"Home\"}},{\"@type\":\"ListItem\",\"@id\":\"https:\\\/\\\/candas365.es\\\/noticias\\\/el-hospital-valle-del-nalon-expone-27-cuadros-del-pintor-ovetense-nigro\\\/#listItem\",\"position\":3,\"name\":\"El Hospital Valle del Nal\\u00f3n expone 27 cuadros del pintor ovetense Nigro\",\"previousItem\":{\"@type\":\"ListItem\",\"@id\":\"https:\\\/\\\/candas365.es\\\/noticias\\\/category\\\/agenda\\\/#listItem\",\"name\":\"Agenda\"}}]},{\"@type\":\"NewsArticle\",\"@id\":\"https:\\\/\\\/candas365.es\\\/noticias\\\/el-hospital-valle-del-nalon-expone-27-cuadros-del-pintor-ovetense-nigro\\\/#newsarticle\",\"name\":\"El Hospital Valle del Nal\\u00f3n expone 27 cuadros del pintor ovetense Nigro | Cand\\u00e1s 365\",\"headline\":\"El Hospital Valle del Nal\\u00f3n expone 27 cuadros del pintor ovetense Nigro\",\"author\":{\"@id\":\"https:\\\/\\\/candas365.es\\\/noticias\\\/author\\\/admin\\\/#author\"},\"publisher\":{\"@id\":\"https:\\\/\\\/candas365.es\\\/noticias\\\/#organization\"},\"image\":{\"@type\":\"ImageObject\",\"url\":\"https:\\\/\\\/candas365.es\\\/noticias\\\/wp-content\\\/uploads\\\/2017\\\/06\\\/Valle-Nalon.jpg\",\"width\":1280,\"height\":768},\"datePublished\":\"2017-06-06T14:09:05+02:00\",\"dateModified\":\"2017-06-06T14:09:05+02:00\",\"inLanguage\":\"es-ES\",\"mainEntityOfPage\":{\"@id\":\"https:\\\/\\\/candas365.es\\\/noticias\\\/el-hospital-valle-del-nalon-expone-27-cuadros-del-pintor-ovetense-nigro\\\/#webpage\"},\"isPartOf\":{\"@id\":\"https:\\\/\\\/candas365.es\\\/noticias\\\/el-hospital-valle-del-nalon-expone-27-cuadros-del-pintor-ovetense-nigro\\\/#webpage\"},\"articleSection\":\"Agenda\",\"dateline\":\"Publicado el junio 6, 2017.\"},{\"@type\":\"Organization\",\"@id\":\"https:\\\/\\\/candas365.es\\\/noticias\\\/#organization\",\"name\":\"Cand\\u00e1s 365\",\"description\":\"Cand\\u00e1s 365 es un diario digital independiente, fundado en 2012, con base en Asturias. Informamos con rigor sobre actualidad, sociedad, cultura y ocio, con una mirada local y global.\",\"url\":\"https:\\\/\\\/candas365.es\\\/noticias\\\/\",\"email\":\"info@candas365.es\",\"telephone\":\"+34652131393\",\"foundingDate\":\"2012-06-10\",\"logo\":{\"@type\":\"ImageObject\",\"url\":\"https:\\\/\\\/candas365.es\\\/noticias\\\/wp-content\\\/uploads\\\/2024\\\/09\\\/Candas-365-Redes.jpg\",\"@id\":\"https:\\\/\\\/candas365.es\\\/noticias\\\/el-hospital-valle-del-nalon-expone-27-cuadros-del-pintor-ovetense-nigro\\\/#organizationLogo\",\"width\":1152,\"height\":864,\"caption\":\"Cand\\u00e1s 365 Redes\"},\"image\":{\"@id\":\"https:\\\/\\\/candas365.es\\\/noticias\\\/el-hospital-valle-del-nalon-expone-27-cuadros-del-pintor-ovetense-nigro\\\/#organizationLogo\"},\"sameAs\":[\"https:\\\/\\\/www.facebook.com\\\/Nachofdezber\",\"https:\\\/\\\/x.com\\\/NabercoDigital\",\"https:\\\/\\\/www.instagram.com\\\/nachofdezber\\\/\",\"https:\\\/\\\/www.youtube.com\\\/channel\\\/UCZP-2wLEB9Rv6erhFmqVnvg\"],\"address\":{\"@id\":\"https:\\\/\\\/candas365.es\\\/noticias\\\/#postaladdress\",\"@type\":\"PostalAddress\",\"streetAddress\":\"san antonio 4, san antonio 4\",\"postalCode\":\"33430\",\"addressLocality\":\"Cand\\u00e1s\",\"addressRegion\":\"Asturias\",\"addressCountry\":\"ES\"}},{\"@type\":\"Person\",\"@id\":\"https:\\\/\\\/candas365.es\\\/noticias\\\/author\\\/admin\\\/#author\",\"url\":\"https:\\\/\\\/candas365.es\\\/noticias\\\/author\\\/admin\\\/\",\"name\":\"Cand\\u00e1s 365\",\"image\":{\"@type\":\"ImageObject\",\"@id\":\"https:\\\/\\\/candas365.es\\\/noticias\\\/el-hospital-valle-del-nalon-expone-27-cuadros-del-pintor-ovetense-nigro\\\/#authorImage\",\"url\":\"https:\\\/\\\/secure.gravatar.com\\\/avatar\\\/496a8e03d0c493ede1718b7934145dbdf8d89be1036b0eec9544e1094c9de390?s=96&d=mm&r=g\",\"width\":96,\"height\":96,\"caption\":\"Cand\\u00e1s 365\"},\"sameAs\":[\"https:\\\/\\\/www.facebook.com\\\/carrenoactualidad\",\"https:\\\/\\\/twitter.com\\\/nbasturias\",\"https:\\\/\\\/www.instagram.com\\\/nachofdezber\\\/\",\"https:\\\/\\\/www.youtube.com\\\/channel\\\/UCZP-2wLEB9Rv6erhFmqVnvg\"]},{\"@type\":\"WebPage\",\"@id\":\"https:\\\/\\\/candas365.es\\\/noticias\\\/el-hospital-valle-del-nalon-expone-27-cuadros-del-pintor-ovetense-nigro\\\/#webpage\",\"url\":\"https:\\\/\\\/candas365.es\\\/noticias\\\/el-hospital-valle-del-nalon-expone-27-cuadros-del-pintor-ovetense-nigro\\\/\",\"name\":\"El Hospital Valle del Nal\\u00f3n expone 27 cuadros del pintor ovetense Nigro | Cand\\u00e1s 365\",\"description\":\"El Hospital Valle del Nal\\u00f3n, centro de referencia del \\u00e1rea sanitaria VIII, acoge una exposici\\u00f3n permanente de 27 piezas del pintor ovetense Francisco Casariego Hern\\u00e1ndez-Vaquero, conocido art\\u00edsticamente con el seud\\u00f3nimo de Nigro, como parte de su programa Sanidad Amable, una iniciativa con la que se trata de humanizar los espacios asistenciales para hacerlos m\\u00e1s c\\u00e1lidos\",\"inLanguage\":\"es-ES\",\"isPartOf\":{\"@id\":\"https:\\\/\\\/candas365.es\\\/noticias\\\/#website\"},\"breadcrumb\":{\"@id\":\"https:\\\/\\\/candas365.es\\\/noticias\\\/el-hospital-valle-del-nalon-expone-27-cuadros-del-pintor-ovetense-nigro\\\/#breadcrumblist\"},\"author\":{\"@id\":\"https:\\\/\\\/candas365.es\\\/noticias\\\/author\\\/admin\\\/#author\"},\"creator\":{\"@id\":\"https:\\\/\\\/candas365.es\\\/noticias\\\/author\\\/admin\\\/#author\"},\"image\":{\"@type\":\"ImageObject\",\"url\":\"https:\\\/\\\/candas365.es\\\/noticias\\\/wp-content\\\/uploads\\\/2017\\\/06\\\/Valle-Nalon.jpg\",\"@id\":\"https:\\\/\\\/candas365.es\\\/noticias\\\/el-hospital-valle-del-nalon-expone-27-cuadros-del-pintor-ovetense-nigro\\\/#mainImage\",\"width\":1280,\"height\":768},\"primaryImageOfPage\":{\"@id\":\"https:\\\/\\\/candas365.es\\\/noticias\\\/el-hospital-valle-del-nalon-expone-27-cuadros-del-pintor-ovetense-nigro\\\/#mainImage\"},\"datePublished\":\"2017-06-06T14:09:05+02:00\",\"dateModified\":\"2017-06-06T14:09:05+02:00\"},{\"@type\":\"WebSite\",\"@id\":\"https:\\\/\\\/candas365.es\\\/noticias\\\/#website\",\"url\":\"https:\\\/\\\/candas365.es\\\/noticias\\\/\",\"name\":\"Cand\\u00e1s 365\",\"alternateName\":\"Cand\\u00e1s 365 Noticias\",\"description\":\"Actualidad desde Carre\\u00f1o para el mundo\",\"inLanguage\":\"es-ES\",\"publisher\":{\"@id\":\"https:\\\/\\\/candas365.es\\\/noticias\\\/#organization\"}}]}\n\t\t<\/script>\n\t\t<!-- All in One SEO Pro -->\r\n\t\t<title>El Hospital Valle del Nal\u00f3n expone 27 cuadros del pintor ovetense Nigro | Cand\u00e1s 365<\/title>\n\n","aioseo_head_json":{"title":"El Hospital Valle del Nal\u00f3n expone 27 cuadros del pintor ovetense Nigro | Cand\u00e1s 365","description":"El Hospital Valle del Nal\u00f3n, centro de referencia del \u00e1rea sanitaria VIII, acoge una exposici\u00f3n permanente de 27 piezas del pintor ovetense Francisco Casariego Hern\u00e1ndez-Vaquero, conocido art\u00edsticamente con el seud\u00f3nimo de Nigro, como parte de su programa Sanidad Amable, una iniciativa con la que se trata de humanizar los espacios asistenciales para hacerlos m\u00e1s c\u00e1lidos","canonical_url":"https:\/\/candas365.es\/noticias\/el-hospital-valle-del-nalon-expone-27-cuadros-del-pintor-ovetense-nigro\/","robots":"max-image-preview:large","keywords":"agenda","webmasterTools":{"google-site-verification":"UA-32230408-1","msvalidate.01":"354F3CDFB2DA171B47FBE9ABF1F88D5","miscellaneous":""},"schema":{"@context":"https:\/\/schema.org","@graph":[{"@type":"BreadcrumbList","@id":"https:\/\/candas365.es\/noticias\/el-hospital-valle-del-nalon-expone-27-cuadros-del-pintor-ovetense-nigro\/#breadcrumblist","itemListElement":[{"@type":"ListItem","@id":"https:\/\/candas365.es\/noticias#listItem","position":1,"name":"Home","item":"https:\/\/candas365.es\/noticias","nextItem":{"@type":"ListItem","@id":"https:\/\/candas365.es\/noticias\/category\/agenda\/#listItem","name":"Agenda"}},{"@type":"ListItem","@id":"https:\/\/candas365.es\/noticias\/category\/agenda\/#listItem","position":2,"name":"Agenda","item":"https:\/\/candas365.es\/noticias\/category\/agenda\/","nextItem":{"@type":"ListItem","@id":"https:\/\/candas365.es\/noticias\/el-hospital-valle-del-nalon-expone-27-cuadros-del-pintor-ovetense-nigro\/#listItem","name":"El Hospital Valle del Nal\u00f3n expone 27 cuadros del pintor ovetense Nigro"},"previousItem":{"@type":"ListItem","@id":"https:\/\/candas365.es\/noticias#listItem","name":"Home"}},{"@type":"ListItem","@id":"https:\/\/candas365.es\/noticias\/el-hospital-valle-del-nalon-expone-27-cuadros-del-pintor-ovetense-nigro\/#listItem","position":3,"name":"El Hospital Valle del Nal\u00f3n expone 27 cuadros del pintor ovetense Nigro","previousItem":{"@type":"ListItem","@id":"https:\/\/candas365.es\/noticias\/category\/agenda\/#listItem","name":"Agenda"}}]},{"@type":"NewsArticle","@id":"https:\/\/candas365.es\/noticias\/el-hospital-valle-del-nalon-expone-27-cuadros-del-pintor-ovetense-nigro\/#newsarticle","name":"El Hospital Valle del Nal\u00f3n expone 27 cuadros del pintor ovetense Nigro | Cand\u00e1s 365","headline":"El Hospital Valle del Nal\u00f3n expone 27 cuadros del pintor ovetense Nigro","author":{"@id":"https:\/\/candas365.es\/noticias\/author\/admin\/#author"},"publisher":{"@id":"https:\/\/candas365.es\/noticias\/#organization"},"image":{"@type":"ImageObject","url":"https:\/\/candas365.es\/noticias\/wp-content\/uploads\/2017\/06\/Valle-Nalon.jpg","width":1280,"height":768},"datePublished":"2017-06-06T14:09:05+02:00","dateModified":"2017-06-06T14:09:05+02:00","inLanguage":"es-ES","mainEntityOfPage":{"@id":"https:\/\/candas365.es\/noticias\/el-hospital-valle-del-nalon-expone-27-cuadros-del-pintor-ovetense-nigro\/#webpage"},"isPartOf":{"@id":"https:\/\/candas365.es\/noticias\/el-hospital-valle-del-nalon-expone-27-cuadros-del-pintor-ovetense-nigro\/#webpage"},"articleSection":"Agenda","dateline":"Publicado el junio 6, 2017."},{"@type":"Organization","@id":"https:\/\/candas365.es\/noticias\/#organization","name":"Cand\u00e1s 365","description":"Cand\u00e1s 365 es un diario digital independiente, fundado en 2012, con base en Asturias. Informamos con rigor sobre actualidad, sociedad, cultura y ocio, con una mirada local y global.","url":"https:\/\/candas365.es\/noticias\/","email":"info@candas365.es","telephone":"+34652131393","foundingDate":"2012-06-10","logo":{"@type":"ImageObject","url":"https:\/\/candas365.es\/noticias\/wp-content\/uploads\/2024\/09\/Candas-365-Redes.jpg","@id":"https:\/\/candas365.es\/noticias\/el-hospital-valle-del-nalon-expone-27-cuadros-del-pintor-ovetense-nigro\/#organizationLogo","width":1152,"height":864,"caption":"Cand\u00e1s 365 Redes"},"image":{"@id":"https:\/\/candas365.es\/noticias\/el-hospital-valle-del-nalon-expone-27-cuadros-del-pintor-ovetense-nigro\/#organizationLogo"},"sameAs":["https:\/\/www.facebook.com\/Nachofdezber","https:\/\/x.com\/NabercoDigital","https:\/\/www.instagram.com\/nachofdezber\/","https:\/\/www.youtube.com\/channel\/UCZP-2wLEB9Rv6erhFmqVnvg"],"address":{"@id":"https:\/\/candas365.es\/noticias\/#postaladdress","@type":"PostalAddress","streetAddress":"san antonio 4, san antonio 4","postalCode":"33430","addressLocality":"Cand\u00e1s","addressRegion":"Asturias","addressCountry":"ES"}},{"@type":"Person","@id":"https:\/\/candas365.es\/noticias\/author\/admin\/#author","url":"https:\/\/candas365.es\/noticias\/author\/admin\/","name":"Cand\u00e1s 365","image":{"@type":"ImageObject","@id":"https:\/\/candas365.es\/noticias\/el-hospital-valle-del-nalon-expone-27-cuadros-del-pintor-ovetense-nigro\/#authorImage","url":"https:\/\/secure.gravatar.com\/avatar\/496a8e03d0c493ede1718b7934145dbdf8d89be1036b0eec9544e1094c9de390?s=96&d=mm&r=g","width":96,"height":96,"caption":"Cand\u00e1s 365"},"sameAs":["https:\/\/www.facebook.com\/carrenoactualidad","https:\/\/twitter.com\/nbasturias","https:\/\/www.instagram.com\/nachofdezber\/","https:\/\/www.youtube.com\/channel\/UCZP-2wLEB9Rv6erhFmqVnvg"]},{"@type":"WebPage","@id":"https:\/\/candas365.es\/noticias\/el-hospital-valle-del-nalon-expone-27-cuadros-del-pintor-ovetense-nigro\/#webpage","url":"https:\/\/candas365.es\/noticias\/el-hospital-valle-del-nalon-expone-27-cuadros-del-pintor-ovetense-nigro\/","name":"El Hospital Valle del Nal\u00f3n expone 27 cuadros del pintor ovetense Nigro | Cand\u00e1s 365","description":"El Hospital Valle del Nal\u00f3n, centro de referencia del \u00e1rea sanitaria VIII, acoge una exposici\u00f3n permanente de 27 piezas del pintor ovetense Francisco Casariego Hern\u00e1ndez-Vaquero, conocido art\u00edsticamente con el seud\u00f3nimo de Nigro, como parte de su programa Sanidad Amable, una iniciativa con la que se trata de humanizar los espacios asistenciales para hacerlos m\u00e1s c\u00e1lidos","inLanguage":"es-ES","isPartOf":{"@id":"https:\/\/candas365.es\/noticias\/#website"},"breadcrumb":{"@id":"https:\/\/candas365.es\/noticias\/el-hospital-valle-del-nalon-expone-27-cuadros-del-pintor-ovetense-nigro\/#breadcrumblist"},"author":{"@id":"https:\/\/candas365.es\/noticias\/author\/admin\/#author"},"creator":{"@id":"https:\/\/candas365.es\/noticias\/author\/admin\/#author"},"image":{"@type":"ImageObject","url":"https:\/\/candas365.es\/noticias\/wp-content\/uploads\/2017\/06\/Valle-Nalon.jpg","@id":"https:\/\/candas365.es\/noticias\/el-hospital-valle-del-nalon-expone-27-cuadros-del-pintor-ovetense-nigro\/#mainImage","width":1280,"height":768},"primaryImageOfPage":{"@id":"https:\/\/candas365.es\/noticias\/el-hospital-valle-del-nalon-expone-27-cuadros-del-pintor-ovetense-nigro\/#mainImage"},"datePublished":"2017-06-06T14:09:05+02:00","dateModified":"2017-06-06T14:09:05+02:00"},{"@type":"WebSite","@id":"https:\/\/candas365.es\/noticias\/#website","url":"https:\/\/candas365.es\/noticias\/","name":"Cand\u00e1s 365","alternateName":"Cand\u00e1s 365 Noticias","description":"Actualidad desde Carre\u00f1o para el mundo","inLanguage":"es-ES","publisher":{"@id":"https:\/\/candas365.es\/noticias\/#organization"}}]},"og:locale":"es_ES","og:site_name":"Cand\u00e1s 365","og:type":"article","og:title":"El Hospital Valle del Nal\u00f3n expone 27 cuadros del pintor ovetense Nigro | Cand\u00e1s 365","og:description":"El Hospital Valle del Nal\u00f3n, centro de referencia del \u00e1rea sanitaria VIII, acoge una exposici\u00f3n permanente de 27 piezas del pintor ovetense Francisco Casariego Hern\u00e1ndez-Vaquero, conocido art\u00edsticamente con el seud\u00f3nimo de Nigro, como parte de su programa Sanidad Amable, una iniciativa con la que se trata de humanizar los espacios asistenciales para hacerlos m\u00e1s c\u00e1lidos","og:url":"https:\/\/candas365.es\/noticias\/el-hospital-valle-del-nalon-expone-27-cuadros-del-pintor-ovetense-nigro\/","og:image":"https:\/\/candas365.es\/noticias\/wp-content\/uploads\/2017\/06\/Valle-Nalon.jpg","og:image:secure_url":"https:\/\/candas365.es\/noticias\/wp-content\/uploads\/2017\/06\/Valle-Nalon.jpg","og:image:width":1280,"og:image:height":768,"article:published_time":"2017-06-06T14:09:05+00:00","article:modified_time":"2017-06-06T14:09:05+00:00","article:publisher":"https:\/\/www.facebook.com\/Nachofdezber","article:author":"https:\/\/www.facebook.com\/carrenoactualidad","twitter:card":"summary_large_image","twitter:site":"@NabercoDigital","twitter:title":"El Hospital Valle del Nal\u00f3n expone 27 cuadros del pintor ovetense Nigro | Cand\u00e1s 365","twitter:description":"El Hospital Valle del Nal\u00f3n, centro de referencia del \u00e1rea sanitaria VIII, acoge una exposici\u00f3n permanente de 27 piezas del pintor ovetense Francisco Casariego Hern\u00e1ndez-Vaquero, conocido art\u00edsticamente con el seud\u00f3nimo de Nigro, como parte de su programa Sanidad Amable, una iniciativa con la que se trata de humanizar los espacios asistenciales para hacerlos m\u00e1s c\u00e1lidos","twitter:creator":"@nbasturias","twitter:image":"https:\/\/candas365.es\/noticias\/wp-content\/uploads\/2017\/06\/Valle-Nalon.jpg","twitter:label1":"Escrito por","twitter:data1":"Cand\u00e1s 365","twitter:label2":"Tiempo de lectura estimado","twitter:data2":"2 minutos"},"aioseo_meta_data":{"post_id":"72986","title":null,"description":null,"keywords":null,"keyphrases":null,"primary_term":null,"canonical_url":null,"og_title":null,"og_description":null,"og_object_type":"default","og_image_type":"default","og_image_url":null,"og_image_width":null,"og_image_height":null,"og_image_custom_url":null,"og_image_custom_fields":null,"og_video":null,"og_custom_url":null,"og_article_section":null,"og_article_tags":null,"twitter_use_og":false,"twitter_card":"default","twitter_image_type":"default","twitter_image_url":null,"twitter_image_custom_url":null,"twitter_image_custom_fields":null,"twitter_title":null,"twitter_description":null,"schema":{"blockGraphs":[],"customGraphs":[],"default":{"data":{"Article":[],"Course":[],"Dataset":[],"FAQPage":[],"Movie":[],"Person":[],"Product":[],"ProductReview":[],"Car":[],"Recipe":[],"Service":[],"SoftwareApplication":[],"WebPage":[]},"graphName":"","isEnabled":true},"graphs":[],"defaultGraph":"","defaultPostTypeGraph":""},"schema_type":null,"schema_type_options":null,"pillar_content":false,"robots_default":true,"robots_noindex":false,"robots_noarchive":false,"robots_nosnippet":false,"robots_nofollow":false,"robots_noimageindex":false,"robots_noodp":false,"robots_notranslate":false,"robots_max_snippet":null,"robots_max_videopreview":null,"robots_max_imagepreview":"large","priority":null,"frequency":null,"location":null,"local_seo":null,"seo_analyzer_scan_date":"2025-08-25 15:33:13","breadcrumb_settings":null,"limit_modified_date":false,"reviewed_by":null,"open_ai":null,"ai":null,"created":"2020-12-21 10:51:55","updated":"2025-08-25 15:33:13"},"aioseo_breadcrumb":"<div class=\"aioseo-breadcrumbs\"><span class=\"aioseo-breadcrumb\">\n\t<a href=\"https:\/\/candas365.es\/noticias\" title=\"Home\">Home<\/a>\n<\/span><span class=\"aioseo-breadcrumb-separator\">&ndash;<\/span><span class=\"aioseo-breadcrumb\">\n\t<a href=\"https:\/\/candas365.es\/noticias\/category\/agenda\/\" title=\"Agenda\">Agenda<\/a>\n<\/span><span class=\"aioseo-breadcrumb-separator\">&ndash;<\/span><span class=\"aioseo-breadcrumb\">\n\tEl Hospital Valle del Nal\u00f3n expone 27 cuadros del pintor ovetense Nigro\n<\/span><\/div>","aioseo_breadcrumb_json":[{"label":"Home","link":"https:\/\/candas365.es\/noticias"},{"label":"Agenda","link":"https:\/\/candas365.es\/noticias\/category\/agenda\/"},{"label":"El Hospital Valle del Nal\u00f3n expone 27 cuadros del pintor ovetense Nigro","link":"https:\/\/candas365.es\/noticias\/el-hospital-valle-del-nalon-expone-27-cuadros-del-pintor-ovetense-nigro\/"}],"_links":{"self":[{"href":"https:\/\/candas365.es\/noticias\/wp-json\/wp\/v2\/posts\/72986","targetHints":{"allow":["GET"]}}],"collection":[{"href":"https:\/\/candas365.es\/noticias\/wp-json\/wp\/v2\/posts"}],"about":[{"href":"https:\/\/candas365.es\/noticias\/wp-json\/wp\/v2\/types\/post"}],"author":[{"embeddable":true,"href":"https:\/\/candas365.es\/noticias\/wp-json\/wp\/v2\/users\/1"}],"replies":[{"embeddable":true,"href":"https:\/\/candas365.es\/noticias\/wp-json\/wp\/v2\/comments?post=72986"}],"version-history":[{"count":0,"href":"https:\/\/candas365.es\/noticias\/wp-json\/wp\/v2\/posts\/72986\/revisions"}],"wp:featuredmedia":[{"embeddable":true,"href":"https:\/\/candas365.es\/noticias\/wp-json\/wp\/v2\/media\/72987"}],"wp:attachment":[{"href":"https:\/\/candas365.es\/noticias\/wp-json\/wp\/v2\/media?parent=72986"}],"wp:term":[{"taxonomy":"category","embeddable":true,"href":"https:\/\/candas365.es\/noticias\/wp-json\/wp\/v2\/categories?post=72986"},{"taxonomy":"post_tag","embeddable":true,"href":"https:\/\/candas365.es\/noticias\/wp-json\/wp\/v2\/tags?post=72986"}],"curies":[{"name":"wp","href":"https:\/\/api.w.org\/{rel}","templated":true}]}}