{"id":72982,"date":"2017-06-06T14:07:21","date_gmt":"2017-06-06T14:07:21","guid":{"rendered":"http:\/\/candas365.es\/noticias\/?p=72982"},"modified":"2017-06-06T14:07:21","modified_gmt":"2017-06-06T14:07:21","slug":"los-cortometrajes-asturianos-protagonistas-en-la-programacion-de-laboral-cineteca","status":"publish","type":"post","link":"https:\/\/candas365.es\/noticias\/los-cortometrajes-asturianos-protagonistas-en-la-programacion-de-laboral-cineteca\/","title":{"rendered":"Los cortometrajes asturianos, protagonistas en la programaci\u00f3n de Laboral Cineteca"},"content":{"rendered":"<p><img fetchpriority=\"high\" decoding=\"async\" class=\"alignleft size-medium wp-image-72983\" src=\"https:\/\/candas365.es\/noticias\/wp-content\/uploads\/2017\/06\/Negrea-300x300.jpg\" alt=\"\" width=\"300\" height=\"300\" srcset=\"https:\/\/candas365.es\/noticias\/wp-content\/uploads\/2017\/06\/Negrea-300x300.jpg 300w, https:\/\/candas365.es\/noticias\/wp-content\/uploads\/2017\/06\/Negrea-696x696.jpg 696w, https:\/\/candas365.es\/noticias\/wp-content\/uploads\/2017\/06\/Negrea-420x420.jpg 420w, https:\/\/candas365.es\/noticias\/wp-content\/uploads\/2017\/06\/Negrea-150x150.jpg 150w, https:\/\/candas365.es\/noticias\/wp-content\/uploads\/2017\/06\/Negrea-768x768.jpg 768w, https:\/\/candas365.es\/noticias\/wp-content\/uploads\/2017\/06\/Negrea-480x480.jpg 480w, https:\/\/candas365.es\/noticias\/wp-content\/uploads\/2017\/06\/Negrea-50x50.jpg 50w, https:\/\/candas365.es\/noticias\/wp-content\/uploads\/2017\/06\/Negrea.jpg 900w\" sizes=\"(max-width: 300px) 100vw, 300px\" \/>Los cortometrajes son los protagonistas de la programaci\u00f3n de Laboral Cineteca de esta semana con dos citas dedicadas a estas producciones audiovisuales. El viernes 9, a las 20:00 horas, el Paraninfo de Laboral Ciudad de la Cultura acoger\u00e1 la proyecci\u00f3n de los cortos No Jungle! de Carmen Men\u00e9ndez, Agostu de Diego Llorente y Negrea de Juan Luis Ruiz, que forman parte del cat\u00e1logo Cortometrajes Laboral Cineteca 2016, en un pase especial que incluye la presentaci\u00f3n de los trabajos y el encuentro con los tres directores tras la proyecci\u00f3n.<\/p>\n<p>Desde su selecci\u00f3n para formar parte del cat\u00e1logo de cortos, No Jungle! de Carmen Men\u00e9ndez ha estado presente en el Festival de M\u00e1laga. Cine en Espa\u00f1ol, uno de los eventos cinematogr\u00e1ficos m\u00e1s relevantes del pa\u00eds, en el Festival Internacional de Cine de Lanzarote, en la secci\u00f3n internacional dedicada al corto documental, y en el Festival Internacional de Cortometrajes Pi\u00e9lagos en corto, dentro de la Categor\u00eda Social.<\/p>\n<p>A nivel internacional ha competido en los festivales de cine Belo Jardim de Recife, en Brasil, y en el Human Rights Nights International Film Festival de Bolonia (Italia). Adem\u00e1s, pr\u00f3ximamente participar\u00e1 en el Festival Internacional de Cortos de Tracia (Nettuno, Italia) y en el Festival Corto Ciudad Real donde, adem\u00e1s de competir en la modalidad de corto documental, Carmen Men\u00e9ndez optar\u00e1 al Premio Especial Joven Realizador. Por su parte Negrea de Juan Luis Ruiz, ha participado en la Semana del Audiovisual Contempor\u00e1neo de Oviedo (SACO) y Agostu de Diego Llorente, ha competido en la Secci\u00f3n Oficial del Avil\u00e9s Acci\u00f3n Film Festival.<\/p>\n<p>La segunda cita con el cortometraje se enmarca en el ciclo de cine infantil y juvenil, uno de los ejes de la programaci\u00f3n de Laboral Cineteca, que contin\u00faa en junio con Peque\u00f1os de cine, una cuidada selecci\u00f3n de siete cortos de animaci\u00f3n premiados en festivales internacionales. Las peripecias de un erizo que abandona su madriguera en First snow, las aventuras de una peque\u00f1a figura de juguete en Pawo o la guerra de bolas de nieve de Dunder ser\u00e1n algunas de las historias que se proyectar\u00e1n el domingo 11 de junio, a las 17:30 horas, en el Paraninfo de la Laboral.<\/p>\n<p>La programaci\u00f3n de Laboral Cineteca para esta semana incluye, adem\u00e1s, un nuevo t\u00edtulo del ciclo \u201cLos monstruos de la m\u00e1quina. Frankenstein en el siglo XXI\u201d que coordina Roberto Cueto, profesor y miembro del Comit\u00e9 de Selecci\u00f3n del Festival de Cine de San Sebasti\u00e1n.<\/p>\n<p>El s\u00e1bado 10 de junio, a las 20:00 horas, se proyectar\u00e1 Suicide room de Jan Komasa. Dominik, un adolescente humillado por sus compa\u00f1eros de instituto, solo encuentra refugio en su ordenador. As\u00ed, navegar\u00e1 hasta la misteriosa \u00abhabitaci\u00f3n del suicidio\u00bb, un mundo virtual donde conoce a la fascinante Sylwia, una joven con la que iniciar\u00e1 una apasionada relaci\u00f3n que no precisa del contacto f\u00edsico. La \u00f3pera prima de Komasa -uno de los nuevos talentos del cine polaco- se adentra en ese confuso territorio en que la fantas\u00eda y la imaginaci\u00f3n humanas se materializan gracias al desarrollo cient\u00edfico.<\/p>\n<p>Completa el programa de proyecciones, el domingo 11 a las 20:00 horas, la pel\u00edcula Safari, del cineasta austriaco Ulrich Seidl que prosigue su maravillosa y despiadada b\u00fasqueda antropol\u00f3gica, desplaz\u00e1ndose hasta Namibia para acompa\u00f1ar a varios turistas adinerados que van de safari con el objetivo de conseguir trofeos en sus cacer\u00edas de ant\u00edlopes, impalas y jirafas. Una atrevida y perturbadora mirada a la caza y los aficionados a matar animales salvajes, que rastrea las huellas del colonialismo en \u00c1frica.<\/p>\n<p>Las entradas para las proyecciones tienen un precio general de 4 euros y reducido de 3 para socios del Club Cultura Asturias y Carn\u00e9 Joven y pueden adquirirse en la Recepci\u00f3n de Laboral Ciudad de la Cultura en Gij\u00f3n, en la Recepci\u00f3n del Centro Niemeyer en Avil\u00e9s, en el Centro de Informaci\u00f3n Tur\u00edstica del Principado en Oviedo, en entradas.Liberbank.es, en el tel\u00e9fono 902 106 601 y en la red de cajeros Liberbank.<\/p>\n<p>Laboral Cineteca es una iniciativa promovida por la Viceconsejer\u00eda de Cultura y Deporte, a trav\u00e9s de la Sociedad P\u00fablica de Gesti\u00f3n y Promoci\u00f3n Tur\u00edstica y Cultural del Principado de Asturias que pretende estimular el conocimiento del arte cinematogr\u00e1fico, mediante programas de proyecciones, seminarios, actividades educativas y otras iniciativas especiales. Adem\u00e1s, este proyecto constituye un servicio p\u00fablico para el sector creativo cinematogr\u00e1fico y audiovisual asturiano a trav\u00e9s de la Film Commission, Cineteca distribuidora y Cineteca cortos.<\/p>\n<p>&nbsp;<\/p>\n","protected":false},"excerpt":{"rendered":"<p>Los cortometrajes son los protagonistas de la programaci\u00f3n de Laboral Cineteca de esta semana con dos citas dedicadas a estas producciones audiovisuales. El viernes 9, a las 20:00 horas, el Paraninfo de Laboral Ciudad de la Cultura acoger\u00e1 la proyecci\u00f3n de los cortos No Jungle! de Carmen Men\u00e9ndez, Agostu de Diego Llorente y Negrea de<\/p>\n","protected":false},"author":1,"featured_media":72984,"comment_status":"open","ping_status":"closed","sticky":false,"template":"","format":"standard","meta":{"footnotes":""},"categories":[1],"tags":[],"class_list":{"0":"post-72982","1":"post","2":"type-post","3":"status-publish","4":"format-standard","5":"has-post-thumbnail","7":"category-agenda"},"aioseo_notices":[],"aioseo_head":"\n\t\t<!-- All in One SEO Pro 4.9.6.2 - aioseo.com -->\n\t<meta name=\"description\" content=\"Los cortometrajes son los protagonistas de la programaci\u00f3n de Laboral Cineteca de esta semana con dos citas dedicadas a estas producciones audiovisuales. El viernes 9, a las 20:00 horas, el Paraninfo de Laboral Ciudad de la Cultura acoger\u00e1 la proyecci\u00f3n de los cortos No Jungle! de Carmen Men\u00e9ndez, Agostu de Diego Llorente y Negrea de\" \/>\n\t<meta name=\"robots\" content=\"max-image-preview:large\" \/>\n\t<meta name=\"author\" content=\"Cand\u00e1s 365\"\/>\n\t<meta name=\"google-site-verification\" content=\"UA-32230408-1\" \/>\n\t<meta name=\"msvalidate.01\" content=\"354F3CDFB2DA171B47FBE9ABF1F88D5\" \/>\n\t<meta name=\"keywords\" content=\"agenda\" \/>\n\t<link rel=\"canonical\" href=\"https:\/\/candas365.es\/noticias\/los-cortometrajes-asturianos-protagonistas-en-la-programacion-de-laboral-cineteca\/\" \/>\n\t<meta name=\"generator\" content=\"All in One SEO Pro (AIOSEO) 4.9.6.2\" \/>\n\t\t<meta property=\"og:locale\" content=\"es_ES\" \/>\n\t\t<meta property=\"og:site_name\" content=\"Cand\u00e1s 365\" \/>\n\t\t<meta property=\"og:type\" content=\"article\" \/>\n\t\t<meta property=\"og:title\" content=\"Los cortometrajes asturianos, protagonistas en la programaci\u00f3n de Laboral Cineteca | Cand\u00e1s 365\" \/>\n\t\t<meta property=\"og:description\" content=\"Los cortometrajes son los protagonistas de la programaci\u00f3n de Laboral Cineteca de esta semana con dos citas dedicadas a estas producciones audiovisuales. El viernes 9, a las 20:00 horas, el Paraninfo de Laboral Ciudad de la Cultura acoger\u00e1 la proyecci\u00f3n de los cortos No Jungle! de Carmen Men\u00e9ndez, Agostu de Diego Llorente y Negrea de\" \/>\n\t\t<meta property=\"og:url\" content=\"https:\/\/candas365.es\/noticias\/los-cortometrajes-asturianos-protagonistas-en-la-programacion-de-laboral-cineteca\/\" \/>\n\t\t<meta property=\"og:image\" content=\"https:\/\/candas365.es\/noticias\/wp-content\/uploads\/2017\/06\/agostu_cg_1_13.jpg\" \/>\n\t\t<meta property=\"og:image:secure_url\" content=\"https:\/\/candas365.es\/noticias\/wp-content\/uploads\/2017\/06\/agostu_cg_1_13.jpg\" \/>\n\t\t<meta property=\"og:image:width\" content=\"1280\" \/>\n\t\t<meta property=\"og:image:height\" content=\"720\" \/>\n\t\t<meta property=\"article:published_time\" content=\"2017-06-06T14:07:21+00:00\" \/>\n\t\t<meta property=\"article:modified_time\" content=\"2017-06-06T14:07:21+00:00\" \/>\n\t\t<meta property=\"article:publisher\" content=\"https:\/\/www.facebook.com\/Nachofdezber\" \/>\n\t\t<meta property=\"article:author\" content=\"https:\/\/www.facebook.com\/carrenoactualidad\" \/>\n\t\t<meta name=\"twitter:card\" content=\"summary_large_image\" \/>\n\t\t<meta name=\"twitter:site\" content=\"@NabercoDigital\" \/>\n\t\t<meta name=\"twitter:title\" content=\"Los cortometrajes asturianos, protagonistas en la programaci\u00f3n de Laboral Cineteca | Cand\u00e1s 365\" \/>\n\t\t<meta name=\"twitter:description\" content=\"Los cortometrajes son los protagonistas de la programaci\u00f3n de Laboral Cineteca de esta semana con dos citas dedicadas a estas producciones audiovisuales. El viernes 9, a las 20:00 horas, el Paraninfo de Laboral Ciudad de la Cultura acoger\u00e1 la proyecci\u00f3n de los cortos No Jungle! de Carmen Men\u00e9ndez, Agostu de Diego Llorente y Negrea de\" \/>\n\t\t<meta name=\"twitter:creator\" content=\"@nbasturias\" \/>\n\t\t<meta name=\"twitter:image\" content=\"https:\/\/candas365.es\/noticias\/wp-content\/uploads\/2017\/06\/agostu_cg_1_13.jpg\" \/>\n\t\t<meta name=\"twitter:label1\" content=\"Escrito por\" \/>\n\t\t<meta name=\"twitter:data1\" content=\"Cand\u00e1s 365\" \/>\n\t\t<meta name=\"twitter:label2\" content=\"Tiempo de lectura estimado\" \/>\n\t\t<meta name=\"twitter:data2\" content=\"4 minutos\" \/>\n\t\t<script type=\"application\/ld+json\" class=\"aioseo-schema\">\n\t\t\t{\"@context\":\"https:\\\/\\\/schema.org\",\"@graph\":[{\"@type\":\"BreadcrumbList\",\"@id\":\"https:\\\/\\\/candas365.es\\\/noticias\\\/los-cortometrajes-asturianos-protagonistas-en-la-programacion-de-laboral-cineteca\\\/#breadcrumblist\",\"itemListElement\":[{\"@type\":\"ListItem\",\"@id\":\"https:\\\/\\\/candas365.es\\\/noticias#listItem\",\"position\":1,\"name\":\"Home\",\"item\":\"https:\\\/\\\/candas365.es\\\/noticias\",\"nextItem\":{\"@type\":\"ListItem\",\"@id\":\"https:\\\/\\\/candas365.es\\\/noticias\\\/category\\\/agenda\\\/#listItem\",\"name\":\"Agenda\"}},{\"@type\":\"ListItem\",\"@id\":\"https:\\\/\\\/candas365.es\\\/noticias\\\/category\\\/agenda\\\/#listItem\",\"position\":2,\"name\":\"Agenda\",\"item\":\"https:\\\/\\\/candas365.es\\\/noticias\\\/category\\\/agenda\\\/\",\"nextItem\":{\"@type\":\"ListItem\",\"@id\":\"https:\\\/\\\/candas365.es\\\/noticias\\\/los-cortometrajes-asturianos-protagonistas-en-la-programacion-de-laboral-cineteca\\\/#listItem\",\"name\":\"Los cortometrajes asturianos, protagonistas en la programaci\\u00f3n de Laboral Cineteca\"},\"previousItem\":{\"@type\":\"ListItem\",\"@id\":\"https:\\\/\\\/candas365.es\\\/noticias#listItem\",\"name\":\"Home\"}},{\"@type\":\"ListItem\",\"@id\":\"https:\\\/\\\/candas365.es\\\/noticias\\\/los-cortometrajes-asturianos-protagonistas-en-la-programacion-de-laboral-cineteca\\\/#listItem\",\"position\":3,\"name\":\"Los cortometrajes asturianos, protagonistas en la programaci\\u00f3n de Laboral Cineteca\",\"previousItem\":{\"@type\":\"ListItem\",\"@id\":\"https:\\\/\\\/candas365.es\\\/noticias\\\/category\\\/agenda\\\/#listItem\",\"name\":\"Agenda\"}}]},{\"@type\":\"NewsArticle\",\"@id\":\"https:\\\/\\\/candas365.es\\\/noticias\\\/los-cortometrajes-asturianos-protagonistas-en-la-programacion-de-laboral-cineteca\\\/#newsarticle\",\"name\":\"Los cortometrajes asturianos, protagonistas en la programaci\\u00f3n de Laboral Cineteca | Cand\\u00e1s 365\",\"headline\":\"Los cortometrajes asturianos, protagonistas en la programaci\\u00f3n de Laboral Cineteca\",\"author\":{\"@id\":\"https:\\\/\\\/candas365.es\\\/noticias\\\/author\\\/admin\\\/#author\"},\"publisher\":{\"@id\":\"https:\\\/\\\/candas365.es\\\/noticias\\\/#organization\"},\"image\":{\"@type\":\"ImageObject\",\"url\":\"https:\\\/\\\/candas365.es\\\/noticias\\\/wp-content\\\/uploads\\\/2017\\\/06\\\/agostu_cg_1_13.jpg\",\"width\":1280,\"height\":720},\"datePublished\":\"2017-06-06T14:07:21+02:00\",\"dateModified\":\"2017-06-06T14:07:21+02:00\",\"inLanguage\":\"es-ES\",\"mainEntityOfPage\":{\"@id\":\"https:\\\/\\\/candas365.es\\\/noticias\\\/los-cortometrajes-asturianos-protagonistas-en-la-programacion-de-laboral-cineteca\\\/#webpage\"},\"isPartOf\":{\"@id\":\"https:\\\/\\\/candas365.es\\\/noticias\\\/los-cortometrajes-asturianos-protagonistas-en-la-programacion-de-laboral-cineteca\\\/#webpage\"},\"articleSection\":\"Agenda\",\"dateline\":\"Publicado el junio 6, 2017.\"},{\"@type\":\"Organization\",\"@id\":\"https:\\\/\\\/candas365.es\\\/noticias\\\/#organization\",\"name\":\"Cand\\u00e1s 365\",\"description\":\"Cand\\u00e1s 365 es un diario digital independiente, fundado en 2012, con base en Asturias. Informamos con rigor sobre actualidad, sociedad, cultura y ocio, con una mirada local y global.\",\"url\":\"https:\\\/\\\/candas365.es\\\/noticias\\\/\",\"email\":\"info@candas365.es\",\"telephone\":\"+34652131393\",\"foundingDate\":\"2012-06-10\",\"logo\":{\"@type\":\"ImageObject\",\"url\":\"https:\\\/\\\/candas365.es\\\/noticias\\\/wp-content\\\/uploads\\\/2024\\\/09\\\/Candas-365-Redes.jpg\",\"@id\":\"https:\\\/\\\/candas365.es\\\/noticias\\\/los-cortometrajes-asturianos-protagonistas-en-la-programacion-de-laboral-cineteca\\\/#organizationLogo\",\"width\":1152,\"height\":864,\"caption\":\"Cand\\u00e1s 365 Redes\"},\"image\":{\"@id\":\"https:\\\/\\\/candas365.es\\\/noticias\\\/los-cortometrajes-asturianos-protagonistas-en-la-programacion-de-laboral-cineteca\\\/#organizationLogo\"},\"sameAs\":[\"https:\\\/\\\/www.facebook.com\\\/Nachofdezber\",\"https:\\\/\\\/x.com\\\/NabercoDigital\",\"https:\\\/\\\/www.instagram.com\\\/nachofdezber\\\/\",\"https:\\\/\\\/www.youtube.com\\\/channel\\\/UCZP-2wLEB9Rv6erhFmqVnvg\"],\"address\":{\"@id\":\"https:\\\/\\\/candas365.es\\\/noticias\\\/#postaladdress\",\"@type\":\"PostalAddress\",\"streetAddress\":\"san antonio 4, san antonio 4\",\"postalCode\":\"33430\",\"addressLocality\":\"Cand\\u00e1s\",\"addressRegion\":\"Asturias\",\"addressCountry\":\"ES\"}},{\"@type\":\"Person\",\"@id\":\"https:\\\/\\\/candas365.es\\\/noticias\\\/author\\\/admin\\\/#author\",\"url\":\"https:\\\/\\\/candas365.es\\\/noticias\\\/author\\\/admin\\\/\",\"name\":\"Cand\\u00e1s 365\",\"image\":{\"@type\":\"ImageObject\",\"@id\":\"https:\\\/\\\/candas365.es\\\/noticias\\\/los-cortometrajes-asturianos-protagonistas-en-la-programacion-de-laboral-cineteca\\\/#authorImage\",\"url\":\"https:\\\/\\\/secure.gravatar.com\\\/avatar\\\/496a8e03d0c493ede1718b7934145dbdf8d89be1036b0eec9544e1094c9de390?s=96&d=mm&r=g\",\"width\":96,\"height\":96,\"caption\":\"Cand\\u00e1s 365\"},\"sameAs\":[\"https:\\\/\\\/www.facebook.com\\\/carrenoactualidad\",\"https:\\\/\\\/twitter.com\\\/nbasturias\",\"https:\\\/\\\/www.instagram.com\\\/nachofdezber\\\/\",\"https:\\\/\\\/www.youtube.com\\\/channel\\\/UCZP-2wLEB9Rv6erhFmqVnvg\"]},{\"@type\":\"WebPage\",\"@id\":\"https:\\\/\\\/candas365.es\\\/noticias\\\/los-cortometrajes-asturianos-protagonistas-en-la-programacion-de-laboral-cineteca\\\/#webpage\",\"url\":\"https:\\\/\\\/candas365.es\\\/noticias\\\/los-cortometrajes-asturianos-protagonistas-en-la-programacion-de-laboral-cineteca\\\/\",\"name\":\"Los cortometrajes asturianos, protagonistas en la programaci\\u00f3n de Laboral Cineteca | Cand\\u00e1s 365\",\"description\":\"Los cortometrajes son los protagonistas de la programaci\\u00f3n de Laboral Cineteca de esta semana con dos citas dedicadas a estas producciones audiovisuales. El viernes 9, a las 20:00 horas, el Paraninfo de Laboral Ciudad de la Cultura acoger\\u00e1 la proyecci\\u00f3n de los cortos No Jungle! de Carmen Men\\u00e9ndez, Agostu de Diego Llorente y Negrea de\",\"inLanguage\":\"es-ES\",\"isPartOf\":{\"@id\":\"https:\\\/\\\/candas365.es\\\/noticias\\\/#website\"},\"breadcrumb\":{\"@id\":\"https:\\\/\\\/candas365.es\\\/noticias\\\/los-cortometrajes-asturianos-protagonistas-en-la-programacion-de-laboral-cineteca\\\/#breadcrumblist\"},\"author\":{\"@id\":\"https:\\\/\\\/candas365.es\\\/noticias\\\/author\\\/admin\\\/#author\"},\"creator\":{\"@id\":\"https:\\\/\\\/candas365.es\\\/noticias\\\/author\\\/admin\\\/#author\"},\"image\":{\"@type\":\"ImageObject\",\"url\":\"https:\\\/\\\/candas365.es\\\/noticias\\\/wp-content\\\/uploads\\\/2017\\\/06\\\/agostu_cg_1_13.jpg\",\"@id\":\"https:\\\/\\\/candas365.es\\\/noticias\\\/los-cortometrajes-asturianos-protagonistas-en-la-programacion-de-laboral-cineteca\\\/#mainImage\",\"width\":1280,\"height\":720},\"primaryImageOfPage\":{\"@id\":\"https:\\\/\\\/candas365.es\\\/noticias\\\/los-cortometrajes-asturianos-protagonistas-en-la-programacion-de-laboral-cineteca\\\/#mainImage\"},\"datePublished\":\"2017-06-06T14:07:21+02:00\",\"dateModified\":\"2017-06-06T14:07:21+02:00\"},{\"@type\":\"WebSite\",\"@id\":\"https:\\\/\\\/candas365.es\\\/noticias\\\/#website\",\"url\":\"https:\\\/\\\/candas365.es\\\/noticias\\\/\",\"name\":\"Cand\\u00e1s 365\",\"alternateName\":\"Cand\\u00e1s 365 Noticias\",\"description\":\"Actualidad desde Carre\\u00f1o para el mundo\",\"inLanguage\":\"es-ES\",\"publisher\":{\"@id\":\"https:\\\/\\\/candas365.es\\\/noticias\\\/#organization\"}}]}\n\t\t<\/script>\n\t\t<!-- All in One SEO Pro -->\r\n\t\t<title>Los cortometrajes asturianos, protagonistas en la programaci\u00f3n de Laboral Cineteca | Cand\u00e1s 365<\/title>\n\n","aioseo_head_json":{"title":"Los cortometrajes asturianos, protagonistas en la programaci\u00f3n de Laboral Cineteca | Cand\u00e1s 365","description":"Los cortometrajes son los protagonistas de la programaci\u00f3n de Laboral Cineteca de esta semana con dos citas dedicadas a estas producciones audiovisuales. El viernes 9, a las 20:00 horas, el Paraninfo de Laboral Ciudad de la Cultura acoger\u00e1 la proyecci\u00f3n de los cortos No Jungle! de Carmen Men\u00e9ndez, Agostu de Diego Llorente y Negrea de","canonical_url":"https:\/\/candas365.es\/noticias\/los-cortometrajes-asturianos-protagonistas-en-la-programacion-de-laboral-cineteca\/","robots":"max-image-preview:large","keywords":"agenda","webmasterTools":{"google-site-verification":"UA-32230408-1","msvalidate.01":"354F3CDFB2DA171B47FBE9ABF1F88D5","miscellaneous":""},"schema":{"@context":"https:\/\/schema.org","@graph":[{"@type":"BreadcrumbList","@id":"https:\/\/candas365.es\/noticias\/los-cortometrajes-asturianos-protagonistas-en-la-programacion-de-laboral-cineteca\/#breadcrumblist","itemListElement":[{"@type":"ListItem","@id":"https:\/\/candas365.es\/noticias#listItem","position":1,"name":"Home","item":"https:\/\/candas365.es\/noticias","nextItem":{"@type":"ListItem","@id":"https:\/\/candas365.es\/noticias\/category\/agenda\/#listItem","name":"Agenda"}},{"@type":"ListItem","@id":"https:\/\/candas365.es\/noticias\/category\/agenda\/#listItem","position":2,"name":"Agenda","item":"https:\/\/candas365.es\/noticias\/category\/agenda\/","nextItem":{"@type":"ListItem","@id":"https:\/\/candas365.es\/noticias\/los-cortometrajes-asturianos-protagonistas-en-la-programacion-de-laboral-cineteca\/#listItem","name":"Los cortometrajes asturianos, protagonistas en la programaci\u00f3n de Laboral Cineteca"},"previousItem":{"@type":"ListItem","@id":"https:\/\/candas365.es\/noticias#listItem","name":"Home"}},{"@type":"ListItem","@id":"https:\/\/candas365.es\/noticias\/los-cortometrajes-asturianos-protagonistas-en-la-programacion-de-laboral-cineteca\/#listItem","position":3,"name":"Los cortometrajes asturianos, protagonistas en la programaci\u00f3n de Laboral Cineteca","previousItem":{"@type":"ListItem","@id":"https:\/\/candas365.es\/noticias\/category\/agenda\/#listItem","name":"Agenda"}}]},{"@type":"NewsArticle","@id":"https:\/\/candas365.es\/noticias\/los-cortometrajes-asturianos-protagonistas-en-la-programacion-de-laboral-cineteca\/#newsarticle","name":"Los cortometrajes asturianos, protagonistas en la programaci\u00f3n de Laboral Cineteca | Cand\u00e1s 365","headline":"Los cortometrajes asturianos, protagonistas en la programaci\u00f3n de Laboral Cineteca","author":{"@id":"https:\/\/candas365.es\/noticias\/author\/admin\/#author"},"publisher":{"@id":"https:\/\/candas365.es\/noticias\/#organization"},"image":{"@type":"ImageObject","url":"https:\/\/candas365.es\/noticias\/wp-content\/uploads\/2017\/06\/agostu_cg_1_13.jpg","width":1280,"height":720},"datePublished":"2017-06-06T14:07:21+02:00","dateModified":"2017-06-06T14:07:21+02:00","inLanguage":"es-ES","mainEntityOfPage":{"@id":"https:\/\/candas365.es\/noticias\/los-cortometrajes-asturianos-protagonistas-en-la-programacion-de-laboral-cineteca\/#webpage"},"isPartOf":{"@id":"https:\/\/candas365.es\/noticias\/los-cortometrajes-asturianos-protagonistas-en-la-programacion-de-laboral-cineteca\/#webpage"},"articleSection":"Agenda","dateline":"Publicado el junio 6, 2017."},{"@type":"Organization","@id":"https:\/\/candas365.es\/noticias\/#organization","name":"Cand\u00e1s 365","description":"Cand\u00e1s 365 es un diario digital independiente, fundado en 2012, con base en Asturias. Informamos con rigor sobre actualidad, sociedad, cultura y ocio, con una mirada local y global.","url":"https:\/\/candas365.es\/noticias\/","email":"info@candas365.es","telephone":"+34652131393","foundingDate":"2012-06-10","logo":{"@type":"ImageObject","url":"https:\/\/candas365.es\/noticias\/wp-content\/uploads\/2024\/09\/Candas-365-Redes.jpg","@id":"https:\/\/candas365.es\/noticias\/los-cortometrajes-asturianos-protagonistas-en-la-programacion-de-laboral-cineteca\/#organizationLogo","width":1152,"height":864,"caption":"Cand\u00e1s 365 Redes"},"image":{"@id":"https:\/\/candas365.es\/noticias\/los-cortometrajes-asturianos-protagonistas-en-la-programacion-de-laboral-cineteca\/#organizationLogo"},"sameAs":["https:\/\/www.facebook.com\/Nachofdezber","https:\/\/x.com\/NabercoDigital","https:\/\/www.instagram.com\/nachofdezber\/","https:\/\/www.youtube.com\/channel\/UCZP-2wLEB9Rv6erhFmqVnvg"],"address":{"@id":"https:\/\/candas365.es\/noticias\/#postaladdress","@type":"PostalAddress","streetAddress":"san antonio 4, san antonio 4","postalCode":"33430","addressLocality":"Cand\u00e1s","addressRegion":"Asturias","addressCountry":"ES"}},{"@type":"Person","@id":"https:\/\/candas365.es\/noticias\/author\/admin\/#author","url":"https:\/\/candas365.es\/noticias\/author\/admin\/","name":"Cand\u00e1s 365","image":{"@type":"ImageObject","@id":"https:\/\/candas365.es\/noticias\/los-cortometrajes-asturianos-protagonistas-en-la-programacion-de-laboral-cineteca\/#authorImage","url":"https:\/\/secure.gravatar.com\/avatar\/496a8e03d0c493ede1718b7934145dbdf8d89be1036b0eec9544e1094c9de390?s=96&d=mm&r=g","width":96,"height":96,"caption":"Cand\u00e1s 365"},"sameAs":["https:\/\/www.facebook.com\/carrenoactualidad","https:\/\/twitter.com\/nbasturias","https:\/\/www.instagram.com\/nachofdezber\/","https:\/\/www.youtube.com\/channel\/UCZP-2wLEB9Rv6erhFmqVnvg"]},{"@type":"WebPage","@id":"https:\/\/candas365.es\/noticias\/los-cortometrajes-asturianos-protagonistas-en-la-programacion-de-laboral-cineteca\/#webpage","url":"https:\/\/candas365.es\/noticias\/los-cortometrajes-asturianos-protagonistas-en-la-programacion-de-laboral-cineteca\/","name":"Los cortometrajes asturianos, protagonistas en la programaci\u00f3n de Laboral Cineteca | Cand\u00e1s 365","description":"Los cortometrajes son los protagonistas de la programaci\u00f3n de Laboral Cineteca de esta semana con dos citas dedicadas a estas producciones audiovisuales. El viernes 9, a las 20:00 horas, el Paraninfo de Laboral Ciudad de la Cultura acoger\u00e1 la proyecci\u00f3n de los cortos No Jungle! de Carmen Men\u00e9ndez, Agostu de Diego Llorente y Negrea de","inLanguage":"es-ES","isPartOf":{"@id":"https:\/\/candas365.es\/noticias\/#website"},"breadcrumb":{"@id":"https:\/\/candas365.es\/noticias\/los-cortometrajes-asturianos-protagonistas-en-la-programacion-de-laboral-cineteca\/#breadcrumblist"},"author":{"@id":"https:\/\/candas365.es\/noticias\/author\/admin\/#author"},"creator":{"@id":"https:\/\/candas365.es\/noticias\/author\/admin\/#author"},"image":{"@type":"ImageObject","url":"https:\/\/candas365.es\/noticias\/wp-content\/uploads\/2017\/06\/agostu_cg_1_13.jpg","@id":"https:\/\/candas365.es\/noticias\/los-cortometrajes-asturianos-protagonistas-en-la-programacion-de-laboral-cineteca\/#mainImage","width":1280,"height":720},"primaryImageOfPage":{"@id":"https:\/\/candas365.es\/noticias\/los-cortometrajes-asturianos-protagonistas-en-la-programacion-de-laboral-cineteca\/#mainImage"},"datePublished":"2017-06-06T14:07:21+02:00","dateModified":"2017-06-06T14:07:21+02:00"},{"@type":"WebSite","@id":"https:\/\/candas365.es\/noticias\/#website","url":"https:\/\/candas365.es\/noticias\/","name":"Cand\u00e1s 365","alternateName":"Cand\u00e1s 365 Noticias","description":"Actualidad desde Carre\u00f1o para el mundo","inLanguage":"es-ES","publisher":{"@id":"https:\/\/candas365.es\/noticias\/#organization"}}]},"og:locale":"es_ES","og:site_name":"Cand\u00e1s 365","og:type":"article","og:title":"Los cortometrajes asturianos, protagonistas en la programaci\u00f3n de Laboral Cineteca | Cand\u00e1s 365","og:description":"Los cortometrajes son los protagonistas de la programaci\u00f3n de Laboral Cineteca de esta semana con dos citas dedicadas a estas producciones audiovisuales. El viernes 9, a las 20:00 horas, el Paraninfo de Laboral Ciudad de la Cultura acoger\u00e1 la proyecci\u00f3n de los cortos No Jungle! de Carmen Men\u00e9ndez, Agostu de Diego Llorente y Negrea de","og:url":"https:\/\/candas365.es\/noticias\/los-cortometrajes-asturianos-protagonistas-en-la-programacion-de-laboral-cineteca\/","og:image":"https:\/\/candas365.es\/noticias\/wp-content\/uploads\/2017\/06\/agostu_cg_1_13.jpg","og:image:secure_url":"https:\/\/candas365.es\/noticias\/wp-content\/uploads\/2017\/06\/agostu_cg_1_13.jpg","og:image:width":1280,"og:image:height":720,"article:published_time":"2017-06-06T14:07:21+00:00","article:modified_time":"2017-06-06T14:07:21+00:00","article:publisher":"https:\/\/www.facebook.com\/Nachofdezber","article:author":"https:\/\/www.facebook.com\/carrenoactualidad","twitter:card":"summary_large_image","twitter:site":"@NabercoDigital","twitter:title":"Los cortometrajes asturianos, protagonistas en la programaci\u00f3n de Laboral Cineteca | Cand\u00e1s 365","twitter:description":"Los cortometrajes son los protagonistas de la programaci\u00f3n de Laboral Cineteca de esta semana con dos citas dedicadas a estas producciones audiovisuales. El viernes 9, a las 20:00 horas, el Paraninfo de Laboral Ciudad de la Cultura acoger\u00e1 la proyecci\u00f3n de los cortos No Jungle! de Carmen Men\u00e9ndez, Agostu de Diego Llorente y Negrea de","twitter:creator":"@nbasturias","twitter:image":"https:\/\/candas365.es\/noticias\/wp-content\/uploads\/2017\/06\/agostu_cg_1_13.jpg","twitter:label1":"Escrito por","twitter:data1":"Cand\u00e1s 365","twitter:label2":"Tiempo de lectura estimado","twitter:data2":"4 minutos"},"aioseo_meta_data":{"post_id":"72982","title":null,"description":null,"keywords":null,"keyphrases":null,"primary_term":null,"canonical_url":null,"og_title":null,"og_description":null,"og_object_type":"default","og_image_type":"default","og_image_url":null,"og_image_width":null,"og_image_height":null,"og_image_custom_url":null,"og_image_custom_fields":null,"og_video":null,"og_custom_url":null,"og_article_section":null,"og_article_tags":null,"twitter_use_og":false,"twitter_card":"default","twitter_image_type":"default","twitter_image_url":null,"twitter_image_custom_url":null,"twitter_image_custom_fields":null,"twitter_title":null,"twitter_description":null,"schema":{"blockGraphs":[],"customGraphs":[],"default":{"data":{"Article":[],"Course":[],"Dataset":[],"FAQPage":[],"Movie":[],"Person":[],"Product":[],"ProductReview":[],"Car":[],"Recipe":[],"Service":[],"SoftwareApplication":[],"WebPage":[]},"graphName":"","isEnabled":true},"graphs":[]},"schema_type":null,"schema_type_options":null,"pillar_content":false,"robots_default":true,"robots_noindex":false,"robots_noarchive":false,"robots_nosnippet":false,"robots_nofollow":false,"robots_noimageindex":false,"robots_noodp":false,"robots_notranslate":false,"robots_max_snippet":null,"robots_max_videopreview":null,"robots_max_imagepreview":"large","priority":null,"frequency":null,"location":null,"local_seo":null,"seo_analyzer_scan_date":"2025-08-25 15:33:13","breadcrumb_settings":null,"limit_modified_date":false,"reviewed_by":null,"open_ai":null,"ai":null,"created":"2020-12-21 10:51:55","updated":"2025-08-25 15:33:13"},"aioseo_breadcrumb":"<div class=\"aioseo-breadcrumbs\"><span class=\"aioseo-breadcrumb\">\n\t<a href=\"https:\/\/candas365.es\/noticias\" title=\"Home\">Home<\/a>\n<\/span><span class=\"aioseo-breadcrumb-separator\">&ndash;<\/span><span class=\"aioseo-breadcrumb\">\n\t<a href=\"https:\/\/candas365.es\/noticias\/category\/agenda\/\" title=\"Agenda\">Agenda<\/a>\n<\/span><span class=\"aioseo-breadcrumb-separator\">&ndash;<\/span><span class=\"aioseo-breadcrumb\">\n\tLos cortometrajes asturianos, protagonistas en la programaci\u00f3n de Laboral Cineteca\n<\/span><\/div>","aioseo_breadcrumb_json":[{"label":"Home","link":"https:\/\/candas365.es\/noticias"},{"label":"Agenda","link":"https:\/\/candas365.es\/noticias\/category\/agenda\/"},{"label":"Los cortometrajes asturianos, protagonistas en la programaci\u00f3n de Laboral Cineteca","link":"https:\/\/candas365.es\/noticias\/los-cortometrajes-asturianos-protagonistas-en-la-programacion-de-laboral-cineteca\/"}],"_links":{"self":[{"href":"https:\/\/candas365.es\/noticias\/wp-json\/wp\/v2\/posts\/72982","targetHints":{"allow":["GET"]}}],"collection":[{"href":"https:\/\/candas365.es\/noticias\/wp-json\/wp\/v2\/posts"}],"about":[{"href":"https:\/\/candas365.es\/noticias\/wp-json\/wp\/v2\/types\/post"}],"author":[{"embeddable":true,"href":"https:\/\/candas365.es\/noticias\/wp-json\/wp\/v2\/users\/1"}],"replies":[{"embeddable":true,"href":"https:\/\/candas365.es\/noticias\/wp-json\/wp\/v2\/comments?post=72982"}],"version-history":[{"count":0,"href":"https:\/\/candas365.es\/noticias\/wp-json\/wp\/v2\/posts\/72982\/revisions"}],"wp:featuredmedia":[{"embeddable":true,"href":"https:\/\/candas365.es\/noticias\/wp-json\/wp\/v2\/media\/72984"}],"wp:attachment":[{"href":"https:\/\/candas365.es\/noticias\/wp-json\/wp\/v2\/media?parent=72982"}],"wp:term":[{"taxonomy":"category","embeddable":true,"href":"https:\/\/candas365.es\/noticias\/wp-json\/wp\/v2\/categories?post=72982"},{"taxonomy":"post_tag","embeddable":true,"href":"https:\/\/candas365.es\/noticias\/wp-json\/wp\/v2\/tags?post=72982"}],"curies":[{"name":"wp","href":"https:\/\/api.w.org\/{rel}","templated":true}]}}