{"id":7287,"date":"2015-02-16T16:44:23","date_gmt":"2015-02-16T18:44:23","guid":{"rendered":"http:\/\/candas365.es\/noticias\/?p=7287"},"modified":"2015-02-16T16:44:23","modified_gmt":"2015-02-16T18:44:23","slug":"bienestar-social-cierra-el-dia-23-la-convocatoria-de-ayudas-proyectos-de-cooperacion","status":"publish","type":"post","link":"https:\/\/candas365.es\/noticias\/bienestar-social-cierra-el-dia-23-la-convocatoria-de-ayudas-proyectos-de-cooperacion\/","title":{"rendered":"Bienestar Social cierra el d\u00eda 23 la convocatoria de ayudas a proyectos de cooperaci\u00f3n"},"content":{"rendered":"<p><img fetchpriority=\"high\" decoding=\"async\" class=\"alignleft size-medium wp-image-7288\" src=\"https:\/\/candas365.es\/noticias\/wp-content\/uploads\/2015\/02\/2015_02_16-consejo-cooperacion-360x174.jpg\" alt=\"2015_02_16 consejo cooperacion\" width=\"360\" height=\"174\" srcset=\"https:\/\/candas365.es\/noticias\/wp-content\/uploads\/2015\/02\/2015_02_16-consejo-cooperacion-360x174.jpg 360w, https:\/\/candas365.es\/noticias\/wp-content\/uploads\/2015\/02\/2015_02_16-consejo-cooperacion-650x314.jpg 650w, https:\/\/candas365.es\/noticias\/wp-content\/uploads\/2015\/02\/2015_02_16-consejo-cooperacion-768x371.jpg 768w, https:\/\/candas365.es\/noticias\/wp-content\/uploads\/2015\/02\/2015_02_16-consejo-cooperacion-1536x743.jpg 1536w, https:\/\/candas365.es\/noticias\/wp-content\/uploads\/2015\/02\/2015_02_16-consejo-cooperacion-2048x990.jpg 2048w, https:\/\/candas365.es\/noticias\/wp-content\/uploads\/2015\/02\/2015_02_16-consejo-cooperacion-150x73.jpg 150w, https:\/\/candas365.es\/noticias\/wp-content\/uploads\/2015\/02\/2015_02_16-consejo-cooperacion-450x218.jpg 450w, https:\/\/candas365.es\/noticias\/wp-content\/uploads\/2015\/02\/2015_02_16-consejo-cooperacion-1200x580.jpg 1200w, https:\/\/candas365.es\/noticias\/wp-content\/uploads\/2015\/02\/2015_02_16-consejo-cooperacion-1920x928.jpg 1920w, https:\/\/candas365.es\/noticias\/wp-content\/uploads\/2015\/02\/2015_02_16-consejo-cooperacion-655x317.jpg 655w, https:\/\/candas365.es\/noticias\/wp-content\/uploads\/2015\/02\/2015_02_16-consejo-cooperacion-696x337.jpg 696w, https:\/\/candas365.es\/noticias\/wp-content\/uploads\/2015\/02\/2015_02_16-consejo-cooperacion-1068x516.jpg 1068w, https:\/\/candas365.es\/noticias\/wp-content\/uploads\/2015\/02\/2015_02_16-consejo-cooperacion-869x420.jpg 869w\" sizes=\"(max-width: 360px) 100vw, 360px\" \/>La Agencia Asturiana de Cooperaci\u00f3n al Desarrollo cerrar\u00e1 el pr\u00f3ximo d\u00eda 23 la convocatoria de subvenciones para financiar las distintas l\u00edneas de proyectos al desarrollo, educaci\u00f3n y sensibilizaci\u00f3n, a la que destina este a\u00f1o m\u00e1s de 2,7 millones. La consejera de Bienestar Social y Vivienda, Graciela Blanco, ha presidido hoy la reuni\u00f3n del Consejo Asturiano de Cooperaci\u00f3n al Desarrollo, donde ha informado de la ejecuci\u00f3n del presupuesto de 2014, que se situ\u00f3 en el 99,14%, y de las distintas actividades realizadas.<\/p>\n<p>En relaci\u00f3n con el presupuesto de la agencia, la consejera ha destacado el incremento de las partidas destinadas a subvenciones a ONGDs para la ejecuci\u00f3n de proyectos en materia de educaci\u00f3n para el desarrollo y sensibilizaci\u00f3n en Asturias, as\u00ed como para el apoyo a la ejecuci\u00f3n de proyectos en el exterior.<\/p>\n<p>Sobre la convocatoria de subvenciones, ha se\u00f1alado que la aprobaci\u00f3n del presupuesto regional para este a\u00f1o ha permitido adelantarla y aumentar las cuant\u00edas con respecto a ejercicios anteriores.<\/p>\n<p>Por otra parte, durante la reuni\u00f3n se ha analizado la evaluaci\u00f3n externa de seis proyectos financiados por la Agencia Asturiana de Cooperaci\u00f3n al Desarrollo, cuatro en Bolivia y dos en Colombia. El proceso de evaluaci\u00f3n, fijado en el Plan Director de Cooperaci\u00f3n al Desarrollo 2013-2016, favorece la transparencia y contribuye a mejorar la calidad, eficacia y coherencia de los recursos de las pol\u00edticas de cooperaci\u00f3n. En este sentido, la consejera de Bienestar Social se ha comprometido a dar continuidad a este proceso de an\u00e1lisis para que la sociedad asturiana pueda conocer cu\u00e1l es el destino de los fondos de la cooperaci\u00f3n asturiana.<\/p>\n<p>La evaluaci\u00f3n de los seis proyectos, financiados a trav\u00e9s de la convocatoria p\u00fablica de subvenciones de 2012, arroja resultados positivos y demuestra un alto grado de cumplimiento de los objetivos.<\/p>\n<p>Los seis proyectos est\u00e1n relacionados con la prevenci\u00f3n, diagn\u00f3stico y tratamiento de la infecci\u00f3n de Chagas, la atenci\u00f3n integral de familias, la mejora de las capacidades de producci\u00f3n y organizaci\u00f3n de las comunidades ind\u00edgenas y el fortalecimiento de las organizaciones comunitarias de mujeres para desarrollar sus aptitudes para la pol\u00edtica. Las ONGDs M\u00e9dicos sin Fronteras, Arco Iris Educaci\u00f3n para el Desarrollo, Fundaci\u00f3n Interm\u00f3n Oxfam, Soldepaz Pachakuti, Cooperaci\u00f3n Social Asturias y Fundaci\u00f3n ProClade fueron las encargadas de desarrollar estas iniciativas.<\/p>\n<p>Alianza Espa\u00f1ola contra el Hambre<\/p>\n<p>El encuentro tambi\u00e9n ha permitido dar a conocer la actividad que desarrolla la Alianza Espa\u00f1ola contra el Hambre y la Malnutrici\u00f3n, de la que forma parte activa la Agencia Asturiana de Cooperaci\u00f3n al Desarrollo. Fruto de esa colaboraci\u00f3n, Asturias acoger\u00e1 en abril una serie de actividades de sensibilizaci\u00f3n sobre los excedentes de alimentos que incluyen un ciclo de conferencias.<\/p>\n<p>Por otra parte, en la reuni\u00f3n se ha informado de que en junio se celebrar\u00e1n en Oviedo, con motivo del A\u00f1o europeo del desarrollo, diversos actos para presentar a la ciudadan\u00eda los proyectos y actuaciones que impulsa Asturias en materia de cooperaci\u00f3n.<\/p>\n","protected":false},"excerpt":{"rendered":"<p>La Agencia Asturiana de Cooperaci\u00f3n al Desarrollo cerrar\u00e1 el pr\u00f3ximo d\u00eda 23 la convocatoria de subvenciones para financiar las distintas l\u00edneas de proyectos al desarrollo, educaci\u00f3n y sensibilizaci\u00f3n, a la que destina este a\u00f1o m\u00e1s de 2,7 millones. La consejera de Bienestar Social y Vivienda, Graciela Blanco, ha presidido hoy la reuni\u00f3n del Consejo Asturiano<\/p>\n","protected":false},"author":1,"featured_media":7288,"comment_status":"open","ping_status":"closed","sticky":false,"template":"","format":"standard","meta":{"footnotes":""},"categories":[7],"tags":[],"class_list":{"0":"post-7287","1":"post","2":"type-post","3":"status-publish","4":"format-standard","5":"has-post-thumbnail","7":"category-asturias"},"aioseo_notices":[],"aioseo_head":"\n\t\t<!-- All in One SEO Pro 4.9.6.2 - aioseo.com -->\n\t<meta name=\"description\" content=\"La Agencia Asturiana de Cooperaci\u00f3n al Desarrollo cerrar\u00e1 el pr\u00f3ximo d\u00eda 23 la convocatoria de subvenciones para financiar las distintas l\u00edneas de proyectos al desarrollo, educaci\u00f3n y sensibilizaci\u00f3n, a la que destina este a\u00f1o m\u00e1s de 2,7 millones. La consejera de Bienestar Social y Vivienda, Graciela Blanco, ha presidido hoy la reuni\u00f3n del Consejo Asturiano\" \/>\n\t<meta name=\"robots\" content=\"max-image-preview:large\" \/>\n\t<meta name=\"author\" content=\"Cand\u00e1s 365\"\/>\n\t<meta name=\"google-site-verification\" content=\"UA-32230408-1\" \/>\n\t<meta name=\"msvalidate.01\" content=\"354F3CDFB2DA171B47FBE9ABF1F88D5\" \/>\n\t<meta name=\"keywords\" content=\"asturias\" \/>\n\t<link rel=\"canonical\" href=\"https:\/\/candas365.es\/noticias\/bienestar-social-cierra-el-dia-23-la-convocatoria-de-ayudas-proyectos-de-cooperacion\/\" \/>\n\t<meta name=\"generator\" content=\"All in One SEO Pro (AIOSEO) 4.9.6.2\" \/>\n\t\t<meta property=\"og:locale\" content=\"es_ES\" \/>\n\t\t<meta property=\"og:site_name\" content=\"Cand\u00e1s 365\" \/>\n\t\t<meta property=\"og:type\" content=\"article\" \/>\n\t\t<meta property=\"og:title\" content=\"Bienestar Social cierra el d\u00eda 23 la convocatoria de ayudas a proyectos de cooperaci\u00f3n | Cand\u00e1s 365\" \/>\n\t\t<meta property=\"og:description\" content=\"La Agencia Asturiana de Cooperaci\u00f3n al Desarrollo cerrar\u00e1 el pr\u00f3ximo d\u00eda 23 la convocatoria de subvenciones para financiar las distintas l\u00edneas de proyectos al desarrollo, educaci\u00f3n y sensibilizaci\u00f3n, a la que destina este a\u00f1o m\u00e1s de 2,7 millones. La consejera de Bienestar Social y Vivienda, Graciela Blanco, ha presidido hoy la reuni\u00f3n del Consejo Asturiano\" \/>\n\t\t<meta property=\"og:url\" content=\"https:\/\/candas365.es\/noticias\/bienestar-social-cierra-el-dia-23-la-convocatoria-de-ayudas-proyectos-de-cooperacion\/\" \/>\n\t\t<meta property=\"og:image\" content=\"https:\/\/candas365.es\/noticias\/wp-content\/uploads\/2015\/02\/2015_02_16-consejo-cooperacion-scaled.jpg\" \/>\n\t\t<meta property=\"og:image:secure_url\" content=\"https:\/\/candas365.es\/noticias\/wp-content\/uploads\/2015\/02\/2015_02_16-consejo-cooperacion-scaled.jpg\" \/>\n\t\t<meta property=\"og:image:width\" content=\"2560\" \/>\n\t\t<meta property=\"og:image:height\" content=\"1238\" \/>\n\t\t<meta property=\"article:published_time\" content=\"2015-02-16T18:44:23+00:00\" \/>\n\t\t<meta property=\"article:modified_time\" content=\"2015-02-16T18:44:23+00:00\" \/>\n\t\t<meta property=\"article:publisher\" content=\"https:\/\/www.facebook.com\/Nachofdezber\" \/>\n\t\t<meta property=\"article:author\" content=\"https:\/\/www.facebook.com\/carrenoactualidad\" \/>\n\t\t<meta name=\"twitter:card\" content=\"summary_large_image\" \/>\n\t\t<meta name=\"twitter:site\" content=\"@NabercoDigital\" \/>\n\t\t<meta name=\"twitter:title\" content=\"Bienestar Social cierra el d\u00eda 23 la convocatoria de ayudas a proyectos de cooperaci\u00f3n | Cand\u00e1s 365\" \/>\n\t\t<meta name=\"twitter:description\" content=\"La Agencia Asturiana de Cooperaci\u00f3n al Desarrollo cerrar\u00e1 el pr\u00f3ximo d\u00eda 23 la convocatoria de subvenciones para financiar las distintas l\u00edneas de proyectos al desarrollo, educaci\u00f3n y sensibilizaci\u00f3n, a la que destina este a\u00f1o m\u00e1s de 2,7 millones. La consejera de Bienestar Social y Vivienda, Graciela Blanco, ha presidido hoy la reuni\u00f3n del Consejo Asturiano\" \/>\n\t\t<meta name=\"twitter:creator\" content=\"@nbasturias\" \/>\n\t\t<meta name=\"twitter:image\" content=\"https:\/\/candas365.es\/noticias\/wp-content\/uploads\/2015\/02\/2015_02_16-consejo-cooperacion-scaled.jpg\" \/>\n\t\t<meta name=\"twitter:label1\" content=\"Escrito por\" \/>\n\t\t<meta name=\"twitter:data1\" content=\"Cand\u00e1s 365\" \/>\n\t\t<meta name=\"twitter:label2\" content=\"Tiempo de lectura estimado\" \/>\n\t\t<meta name=\"twitter:data2\" content=\"3 minutos\" \/>\n\t\t<script type=\"application\/ld+json\" class=\"aioseo-schema\">\n\t\t\t{\"@context\":\"https:\\\/\\\/schema.org\",\"@graph\":[{\"@type\":\"BreadcrumbList\",\"@id\":\"https:\\\/\\\/candas365.es\\\/noticias\\\/bienestar-social-cierra-el-dia-23-la-convocatoria-de-ayudas-proyectos-de-cooperacion\\\/#breadcrumblist\",\"itemListElement\":[{\"@type\":\"ListItem\",\"@id\":\"https:\\\/\\\/candas365.es\\\/noticias#listItem\",\"position\":1,\"name\":\"Home\",\"item\":\"https:\\\/\\\/candas365.es\\\/noticias\",\"nextItem\":{\"@type\":\"ListItem\",\"@id\":\"https:\\\/\\\/candas365.es\\\/noticias\\\/category\\\/asturias\\\/#listItem\",\"name\":\"Asturias\"}},{\"@type\":\"ListItem\",\"@id\":\"https:\\\/\\\/candas365.es\\\/noticias\\\/category\\\/asturias\\\/#listItem\",\"position\":2,\"name\":\"Asturias\",\"item\":\"https:\\\/\\\/candas365.es\\\/noticias\\\/category\\\/asturias\\\/\",\"nextItem\":{\"@type\":\"ListItem\",\"@id\":\"https:\\\/\\\/candas365.es\\\/noticias\\\/bienestar-social-cierra-el-dia-23-la-convocatoria-de-ayudas-proyectos-de-cooperacion\\\/#listItem\",\"name\":\"Bienestar Social cierra el d\\u00eda 23 la convocatoria de ayudas a proyectos de cooperaci\\u00f3n\"},\"previousItem\":{\"@type\":\"ListItem\",\"@id\":\"https:\\\/\\\/candas365.es\\\/noticias#listItem\",\"name\":\"Home\"}},{\"@type\":\"ListItem\",\"@id\":\"https:\\\/\\\/candas365.es\\\/noticias\\\/bienestar-social-cierra-el-dia-23-la-convocatoria-de-ayudas-proyectos-de-cooperacion\\\/#listItem\",\"position\":3,\"name\":\"Bienestar Social cierra el d\\u00eda 23 la convocatoria de ayudas a proyectos de cooperaci\\u00f3n\",\"previousItem\":{\"@type\":\"ListItem\",\"@id\":\"https:\\\/\\\/candas365.es\\\/noticias\\\/category\\\/asturias\\\/#listItem\",\"name\":\"Asturias\"}}]},{\"@type\":\"NewsArticle\",\"@id\":\"https:\\\/\\\/candas365.es\\\/noticias\\\/bienestar-social-cierra-el-dia-23-la-convocatoria-de-ayudas-proyectos-de-cooperacion\\\/#newsarticle\",\"name\":\"Bienestar Social cierra el d\\u00eda 23 la convocatoria de ayudas a proyectos de cooperaci\\u00f3n | Cand\\u00e1s 365\",\"headline\":\"Bienestar Social cierra el d\\u00eda 23 la convocatoria de ayudas a proyectos de cooperaci\\u00f3n\",\"author\":{\"@id\":\"https:\\\/\\\/candas365.es\\\/noticias\\\/author\\\/admin\\\/#author\"},\"publisher\":{\"@id\":\"https:\\\/\\\/candas365.es\\\/noticias\\\/#organization\"},\"image\":{\"@type\":\"ImageObject\",\"url\":\"https:\\\/\\\/candas365.es\\\/noticias\\\/wp-content\\\/uploads\\\/2015\\\/02\\\/2015_02_16-consejo-cooperacion-scaled.jpg\",\"width\":2560,\"height\":1238},\"datePublished\":\"2015-02-16T16:44:23+01:00\",\"dateModified\":\"2015-02-16T16:44:23+01:00\",\"inLanguage\":\"es-ES\",\"mainEntityOfPage\":{\"@id\":\"https:\\\/\\\/candas365.es\\\/noticias\\\/bienestar-social-cierra-el-dia-23-la-convocatoria-de-ayudas-proyectos-de-cooperacion\\\/#webpage\"},\"isPartOf\":{\"@id\":\"https:\\\/\\\/candas365.es\\\/noticias\\\/bienestar-social-cierra-el-dia-23-la-convocatoria-de-ayudas-proyectos-de-cooperacion\\\/#webpage\"},\"articleSection\":\"Asturias\",\"dateline\":\"Publicado el febrero 16, 2015.\"},{\"@type\":\"Organization\",\"@id\":\"https:\\\/\\\/candas365.es\\\/noticias\\\/#organization\",\"name\":\"Cand\\u00e1s 365\",\"description\":\"Cand\\u00e1s 365 es un diario digital independiente, fundado en 2012, con base en Asturias. Informamos con rigor sobre actualidad, sociedad, cultura y ocio, con una mirada local y global.\",\"url\":\"https:\\\/\\\/candas365.es\\\/noticias\\\/\",\"email\":\"info@candas365.es\",\"telephone\":\"+34652131393\",\"foundingDate\":\"2012-06-10\",\"logo\":{\"@type\":\"ImageObject\",\"url\":\"https:\\\/\\\/candas365.es\\\/noticias\\\/wp-content\\\/uploads\\\/2024\\\/09\\\/Candas-365-Redes.jpg\",\"@id\":\"https:\\\/\\\/candas365.es\\\/noticias\\\/bienestar-social-cierra-el-dia-23-la-convocatoria-de-ayudas-proyectos-de-cooperacion\\\/#organizationLogo\",\"width\":1152,\"height\":864,\"caption\":\"Cand\\u00e1s 365 Redes\"},\"image\":{\"@id\":\"https:\\\/\\\/candas365.es\\\/noticias\\\/bienestar-social-cierra-el-dia-23-la-convocatoria-de-ayudas-proyectos-de-cooperacion\\\/#organizationLogo\"},\"sameAs\":[\"https:\\\/\\\/www.facebook.com\\\/Nachofdezber\",\"https:\\\/\\\/x.com\\\/NabercoDigital\",\"https:\\\/\\\/www.instagram.com\\\/nachofdezber\\\/\",\"https:\\\/\\\/www.youtube.com\\\/channel\\\/UCZP-2wLEB9Rv6erhFmqVnvg\"],\"address\":{\"@id\":\"https:\\\/\\\/candas365.es\\\/noticias\\\/#postaladdress\",\"@type\":\"PostalAddress\",\"streetAddress\":\"san antonio 4, san antonio 4\",\"postalCode\":\"33430\",\"addressLocality\":\"Cand\\u00e1s\",\"addressRegion\":\"Asturias\",\"addressCountry\":\"ES\"}},{\"@type\":\"Person\",\"@id\":\"https:\\\/\\\/candas365.es\\\/noticias\\\/author\\\/admin\\\/#author\",\"url\":\"https:\\\/\\\/candas365.es\\\/noticias\\\/author\\\/admin\\\/\",\"name\":\"Cand\\u00e1s 365\",\"image\":{\"@type\":\"ImageObject\",\"@id\":\"https:\\\/\\\/candas365.es\\\/noticias\\\/bienestar-social-cierra-el-dia-23-la-convocatoria-de-ayudas-proyectos-de-cooperacion\\\/#authorImage\",\"url\":\"https:\\\/\\\/secure.gravatar.com\\\/avatar\\\/496a8e03d0c493ede1718b7934145dbdf8d89be1036b0eec9544e1094c9de390?s=96&d=mm&r=g\",\"width\":96,\"height\":96,\"caption\":\"Cand\\u00e1s 365\"},\"sameAs\":[\"https:\\\/\\\/www.facebook.com\\\/carrenoactualidad\",\"https:\\\/\\\/twitter.com\\\/nbasturias\",\"https:\\\/\\\/www.instagram.com\\\/nachofdezber\\\/\",\"https:\\\/\\\/www.youtube.com\\\/channel\\\/UCZP-2wLEB9Rv6erhFmqVnvg\"]},{\"@type\":\"WebPage\",\"@id\":\"https:\\\/\\\/candas365.es\\\/noticias\\\/bienestar-social-cierra-el-dia-23-la-convocatoria-de-ayudas-proyectos-de-cooperacion\\\/#webpage\",\"url\":\"https:\\\/\\\/candas365.es\\\/noticias\\\/bienestar-social-cierra-el-dia-23-la-convocatoria-de-ayudas-proyectos-de-cooperacion\\\/\",\"name\":\"Bienestar Social cierra el d\\u00eda 23 la convocatoria de ayudas a proyectos de cooperaci\\u00f3n | Cand\\u00e1s 365\",\"description\":\"La Agencia Asturiana de Cooperaci\\u00f3n al Desarrollo cerrar\\u00e1 el pr\\u00f3ximo d\\u00eda 23 la convocatoria de subvenciones para financiar las distintas l\\u00edneas de proyectos al desarrollo, educaci\\u00f3n y sensibilizaci\\u00f3n, a la que destina este a\\u00f1o m\\u00e1s de 2,7 millones. La consejera de Bienestar Social y Vivienda, Graciela Blanco, ha presidido hoy la reuni\\u00f3n del Consejo Asturiano\",\"inLanguage\":\"es-ES\",\"isPartOf\":{\"@id\":\"https:\\\/\\\/candas365.es\\\/noticias\\\/#website\"},\"breadcrumb\":{\"@id\":\"https:\\\/\\\/candas365.es\\\/noticias\\\/bienestar-social-cierra-el-dia-23-la-convocatoria-de-ayudas-proyectos-de-cooperacion\\\/#breadcrumblist\"},\"author\":{\"@id\":\"https:\\\/\\\/candas365.es\\\/noticias\\\/author\\\/admin\\\/#author\"},\"creator\":{\"@id\":\"https:\\\/\\\/candas365.es\\\/noticias\\\/author\\\/admin\\\/#author\"},\"image\":{\"@type\":\"ImageObject\",\"url\":\"https:\\\/\\\/candas365.es\\\/noticias\\\/wp-content\\\/uploads\\\/2015\\\/02\\\/2015_02_16-consejo-cooperacion-scaled.jpg\",\"@id\":\"https:\\\/\\\/candas365.es\\\/noticias\\\/bienestar-social-cierra-el-dia-23-la-convocatoria-de-ayudas-proyectos-de-cooperacion\\\/#mainImage\",\"width\":2560,\"height\":1238},\"primaryImageOfPage\":{\"@id\":\"https:\\\/\\\/candas365.es\\\/noticias\\\/bienestar-social-cierra-el-dia-23-la-convocatoria-de-ayudas-proyectos-de-cooperacion\\\/#mainImage\"},\"datePublished\":\"2015-02-16T16:44:23+01:00\",\"dateModified\":\"2015-02-16T16:44:23+01:00\"},{\"@type\":\"WebSite\",\"@id\":\"https:\\\/\\\/candas365.es\\\/noticias\\\/#website\",\"url\":\"https:\\\/\\\/candas365.es\\\/noticias\\\/\",\"name\":\"Cand\\u00e1s 365\",\"alternateName\":\"Cand\\u00e1s 365 Noticias\",\"description\":\"Actualidad desde Carre\\u00f1o para el mundo\",\"inLanguage\":\"es-ES\",\"publisher\":{\"@id\":\"https:\\\/\\\/candas365.es\\\/noticias\\\/#organization\"}}]}\n\t\t<\/script>\n\t\t<!-- All in One SEO Pro -->\r\n\t\t<title>Bienestar Social cierra el d\u00eda 23 la convocatoria de ayudas a proyectos de cooperaci\u00f3n | Cand\u00e1s 365<\/title>\n\n","aioseo_head_json":{"title":"Bienestar Social cierra el d\u00eda 23 la convocatoria de ayudas a proyectos de cooperaci\u00f3n | Cand\u00e1s 365","description":"La Agencia Asturiana de Cooperaci\u00f3n al Desarrollo cerrar\u00e1 el pr\u00f3ximo d\u00eda 23 la convocatoria de subvenciones para financiar las distintas l\u00edneas de proyectos al desarrollo, educaci\u00f3n y sensibilizaci\u00f3n, a la que destina este a\u00f1o m\u00e1s de 2,7 millones. La consejera de Bienestar Social y Vivienda, Graciela Blanco, ha presidido hoy la reuni\u00f3n del Consejo Asturiano","canonical_url":"https:\/\/candas365.es\/noticias\/bienestar-social-cierra-el-dia-23-la-convocatoria-de-ayudas-proyectos-de-cooperacion\/","robots":"max-image-preview:large","keywords":"asturias","webmasterTools":{"google-site-verification":"UA-32230408-1","msvalidate.01":"354F3CDFB2DA171B47FBE9ABF1F88D5","miscellaneous":""},"schema":{"@context":"https:\/\/schema.org","@graph":[{"@type":"BreadcrumbList","@id":"https:\/\/candas365.es\/noticias\/bienestar-social-cierra-el-dia-23-la-convocatoria-de-ayudas-proyectos-de-cooperacion\/#breadcrumblist","itemListElement":[{"@type":"ListItem","@id":"https:\/\/candas365.es\/noticias#listItem","position":1,"name":"Home","item":"https:\/\/candas365.es\/noticias","nextItem":{"@type":"ListItem","@id":"https:\/\/candas365.es\/noticias\/category\/asturias\/#listItem","name":"Asturias"}},{"@type":"ListItem","@id":"https:\/\/candas365.es\/noticias\/category\/asturias\/#listItem","position":2,"name":"Asturias","item":"https:\/\/candas365.es\/noticias\/category\/asturias\/","nextItem":{"@type":"ListItem","@id":"https:\/\/candas365.es\/noticias\/bienestar-social-cierra-el-dia-23-la-convocatoria-de-ayudas-proyectos-de-cooperacion\/#listItem","name":"Bienestar Social cierra el d\u00eda 23 la convocatoria de ayudas a proyectos de cooperaci\u00f3n"},"previousItem":{"@type":"ListItem","@id":"https:\/\/candas365.es\/noticias#listItem","name":"Home"}},{"@type":"ListItem","@id":"https:\/\/candas365.es\/noticias\/bienestar-social-cierra-el-dia-23-la-convocatoria-de-ayudas-proyectos-de-cooperacion\/#listItem","position":3,"name":"Bienestar Social cierra el d\u00eda 23 la convocatoria de ayudas a proyectos de cooperaci\u00f3n","previousItem":{"@type":"ListItem","@id":"https:\/\/candas365.es\/noticias\/category\/asturias\/#listItem","name":"Asturias"}}]},{"@type":"NewsArticle","@id":"https:\/\/candas365.es\/noticias\/bienestar-social-cierra-el-dia-23-la-convocatoria-de-ayudas-proyectos-de-cooperacion\/#newsarticle","name":"Bienestar Social cierra el d\u00eda 23 la convocatoria de ayudas a proyectos de cooperaci\u00f3n | Cand\u00e1s 365","headline":"Bienestar Social cierra el d\u00eda 23 la convocatoria de ayudas a proyectos de cooperaci\u00f3n","author":{"@id":"https:\/\/candas365.es\/noticias\/author\/admin\/#author"},"publisher":{"@id":"https:\/\/candas365.es\/noticias\/#organization"},"image":{"@type":"ImageObject","url":"https:\/\/candas365.es\/noticias\/wp-content\/uploads\/2015\/02\/2015_02_16-consejo-cooperacion-scaled.jpg","width":2560,"height":1238},"datePublished":"2015-02-16T16:44:23+01:00","dateModified":"2015-02-16T16:44:23+01:00","inLanguage":"es-ES","mainEntityOfPage":{"@id":"https:\/\/candas365.es\/noticias\/bienestar-social-cierra-el-dia-23-la-convocatoria-de-ayudas-proyectos-de-cooperacion\/#webpage"},"isPartOf":{"@id":"https:\/\/candas365.es\/noticias\/bienestar-social-cierra-el-dia-23-la-convocatoria-de-ayudas-proyectos-de-cooperacion\/#webpage"},"articleSection":"Asturias","dateline":"Publicado el febrero 16, 2015."},{"@type":"Organization","@id":"https:\/\/candas365.es\/noticias\/#organization","name":"Cand\u00e1s 365","description":"Cand\u00e1s 365 es un diario digital independiente, fundado en 2012, con base en Asturias. Informamos con rigor sobre actualidad, sociedad, cultura y ocio, con una mirada local y global.","url":"https:\/\/candas365.es\/noticias\/","email":"info@candas365.es","telephone":"+34652131393","foundingDate":"2012-06-10","logo":{"@type":"ImageObject","url":"https:\/\/candas365.es\/noticias\/wp-content\/uploads\/2024\/09\/Candas-365-Redes.jpg","@id":"https:\/\/candas365.es\/noticias\/bienestar-social-cierra-el-dia-23-la-convocatoria-de-ayudas-proyectos-de-cooperacion\/#organizationLogo","width":1152,"height":864,"caption":"Cand\u00e1s 365 Redes"},"image":{"@id":"https:\/\/candas365.es\/noticias\/bienestar-social-cierra-el-dia-23-la-convocatoria-de-ayudas-proyectos-de-cooperacion\/#organizationLogo"},"sameAs":["https:\/\/www.facebook.com\/Nachofdezber","https:\/\/x.com\/NabercoDigital","https:\/\/www.instagram.com\/nachofdezber\/","https:\/\/www.youtube.com\/channel\/UCZP-2wLEB9Rv6erhFmqVnvg"],"address":{"@id":"https:\/\/candas365.es\/noticias\/#postaladdress","@type":"PostalAddress","streetAddress":"san antonio 4, san antonio 4","postalCode":"33430","addressLocality":"Cand\u00e1s","addressRegion":"Asturias","addressCountry":"ES"}},{"@type":"Person","@id":"https:\/\/candas365.es\/noticias\/author\/admin\/#author","url":"https:\/\/candas365.es\/noticias\/author\/admin\/","name":"Cand\u00e1s 365","image":{"@type":"ImageObject","@id":"https:\/\/candas365.es\/noticias\/bienestar-social-cierra-el-dia-23-la-convocatoria-de-ayudas-proyectos-de-cooperacion\/#authorImage","url":"https:\/\/secure.gravatar.com\/avatar\/496a8e03d0c493ede1718b7934145dbdf8d89be1036b0eec9544e1094c9de390?s=96&d=mm&r=g","width":96,"height":96,"caption":"Cand\u00e1s 365"},"sameAs":["https:\/\/www.facebook.com\/carrenoactualidad","https:\/\/twitter.com\/nbasturias","https:\/\/www.instagram.com\/nachofdezber\/","https:\/\/www.youtube.com\/channel\/UCZP-2wLEB9Rv6erhFmqVnvg"]},{"@type":"WebPage","@id":"https:\/\/candas365.es\/noticias\/bienestar-social-cierra-el-dia-23-la-convocatoria-de-ayudas-proyectos-de-cooperacion\/#webpage","url":"https:\/\/candas365.es\/noticias\/bienestar-social-cierra-el-dia-23-la-convocatoria-de-ayudas-proyectos-de-cooperacion\/","name":"Bienestar Social cierra el d\u00eda 23 la convocatoria de ayudas a proyectos de cooperaci\u00f3n | Cand\u00e1s 365","description":"La Agencia Asturiana de Cooperaci\u00f3n al Desarrollo cerrar\u00e1 el pr\u00f3ximo d\u00eda 23 la convocatoria de subvenciones para financiar las distintas l\u00edneas de proyectos al desarrollo, educaci\u00f3n y sensibilizaci\u00f3n, a la que destina este a\u00f1o m\u00e1s de 2,7 millones. La consejera de Bienestar Social y Vivienda, Graciela Blanco, ha presidido hoy la reuni\u00f3n del Consejo Asturiano","inLanguage":"es-ES","isPartOf":{"@id":"https:\/\/candas365.es\/noticias\/#website"},"breadcrumb":{"@id":"https:\/\/candas365.es\/noticias\/bienestar-social-cierra-el-dia-23-la-convocatoria-de-ayudas-proyectos-de-cooperacion\/#breadcrumblist"},"author":{"@id":"https:\/\/candas365.es\/noticias\/author\/admin\/#author"},"creator":{"@id":"https:\/\/candas365.es\/noticias\/author\/admin\/#author"},"image":{"@type":"ImageObject","url":"https:\/\/candas365.es\/noticias\/wp-content\/uploads\/2015\/02\/2015_02_16-consejo-cooperacion-scaled.jpg","@id":"https:\/\/candas365.es\/noticias\/bienestar-social-cierra-el-dia-23-la-convocatoria-de-ayudas-proyectos-de-cooperacion\/#mainImage","width":2560,"height":1238},"primaryImageOfPage":{"@id":"https:\/\/candas365.es\/noticias\/bienestar-social-cierra-el-dia-23-la-convocatoria-de-ayudas-proyectos-de-cooperacion\/#mainImage"},"datePublished":"2015-02-16T16:44:23+01:00","dateModified":"2015-02-16T16:44:23+01:00"},{"@type":"WebSite","@id":"https:\/\/candas365.es\/noticias\/#website","url":"https:\/\/candas365.es\/noticias\/","name":"Cand\u00e1s 365","alternateName":"Cand\u00e1s 365 Noticias","description":"Actualidad desde Carre\u00f1o para el mundo","inLanguage":"es-ES","publisher":{"@id":"https:\/\/candas365.es\/noticias\/#organization"}}]},"og:locale":"es_ES","og:site_name":"Cand\u00e1s 365","og:type":"article","og:title":"Bienestar Social cierra el d\u00eda 23 la convocatoria de ayudas a proyectos de cooperaci\u00f3n | Cand\u00e1s 365","og:description":"La Agencia Asturiana de Cooperaci\u00f3n al Desarrollo cerrar\u00e1 el pr\u00f3ximo d\u00eda 23 la convocatoria de subvenciones para financiar las distintas l\u00edneas de proyectos al desarrollo, educaci\u00f3n y sensibilizaci\u00f3n, a la que destina este a\u00f1o m\u00e1s de 2,7 millones. La consejera de Bienestar Social y Vivienda, Graciela Blanco, ha presidido hoy la reuni\u00f3n del Consejo Asturiano","og:url":"https:\/\/candas365.es\/noticias\/bienestar-social-cierra-el-dia-23-la-convocatoria-de-ayudas-proyectos-de-cooperacion\/","og:image":"https:\/\/candas365.es\/noticias\/wp-content\/uploads\/2015\/02\/2015_02_16-consejo-cooperacion-scaled.jpg","og:image:secure_url":"https:\/\/candas365.es\/noticias\/wp-content\/uploads\/2015\/02\/2015_02_16-consejo-cooperacion-scaled.jpg","og:image:width":2560,"og:image:height":1238,"article:published_time":"2015-02-16T18:44:23+00:00","article:modified_time":"2015-02-16T18:44:23+00:00","article:publisher":"https:\/\/www.facebook.com\/Nachofdezber","article:author":"https:\/\/www.facebook.com\/carrenoactualidad","twitter:card":"summary_large_image","twitter:site":"@NabercoDigital","twitter:title":"Bienestar Social cierra el d\u00eda 23 la convocatoria de ayudas a proyectos de cooperaci\u00f3n | Cand\u00e1s 365","twitter:description":"La Agencia Asturiana de Cooperaci\u00f3n al Desarrollo cerrar\u00e1 el pr\u00f3ximo d\u00eda 23 la convocatoria de subvenciones para financiar las distintas l\u00edneas de proyectos al desarrollo, educaci\u00f3n y sensibilizaci\u00f3n, a la que destina este a\u00f1o m\u00e1s de 2,7 millones. La consejera de Bienestar Social y Vivienda, Graciela Blanco, ha presidido hoy la reuni\u00f3n del Consejo Asturiano","twitter:creator":"@nbasturias","twitter:image":"https:\/\/candas365.es\/noticias\/wp-content\/uploads\/2015\/02\/2015_02_16-consejo-cooperacion-scaled.jpg","twitter:label1":"Escrito por","twitter:data1":"Cand\u00e1s 365","twitter:label2":"Tiempo de lectura estimado","twitter:data2":"3 minutos"},"aioseo_meta_data":{"post_id":"7287","title":null,"description":null,"keywords":null,"keyphrases":null,"primary_term":null,"canonical_url":null,"og_title":null,"og_description":null,"og_object_type":"default","og_image_type":"default","og_image_url":null,"og_image_width":null,"og_image_height":null,"og_image_custom_url":null,"og_image_custom_fields":null,"og_video":null,"og_custom_url":null,"og_article_section":null,"og_article_tags":null,"twitter_use_og":false,"twitter_card":"default","twitter_image_type":"default","twitter_image_url":null,"twitter_image_custom_url":null,"twitter_image_custom_fields":null,"twitter_title":null,"twitter_description":null,"schema":{"blockGraphs":[],"customGraphs":[],"default":{"data":{"Article":[],"Course":[],"Dataset":[],"FAQPage":[],"Movie":[],"Person":[],"Product":[],"ProductReview":[],"Car":[],"Recipe":[],"Service":[],"SoftwareApplication":[],"WebPage":[]},"graphName":"","isEnabled":true},"graphs":[],"defaultGraph":"","defaultPostTypeGraph":""},"schema_type":null,"schema_type_options":null,"pillar_content":false,"robots_default":true,"robots_noindex":false,"robots_noarchive":false,"robots_nosnippet":false,"robots_nofollow":false,"robots_noimageindex":false,"robots_noodp":false,"robots_notranslate":false,"robots_max_snippet":null,"robots_max_videopreview":null,"robots_max_imagepreview":"large","priority":null,"frequency":null,"location":null,"local_seo":null,"seo_analyzer_scan_date":"2025-08-23 05:12:19","breadcrumb_settings":null,"limit_modified_date":false,"reviewed_by":null,"open_ai":null,"ai":null,"created":"2020-12-21 10:54:51","updated":"2025-08-23 05:12:19"},"aioseo_breadcrumb":"<div class=\"aioseo-breadcrumbs\"><span class=\"aioseo-breadcrumb\">\n\t<a href=\"https:\/\/candas365.es\/noticias\" title=\"Home\">Home<\/a>\n<\/span><span class=\"aioseo-breadcrumb-separator\">&ndash;<\/span><span class=\"aioseo-breadcrumb\">\n\t<a href=\"https:\/\/candas365.es\/noticias\/category\/asturias\/\" title=\"Asturias\">Asturias<\/a>\n<\/span><span class=\"aioseo-breadcrumb-separator\">&ndash;<\/span><span class=\"aioseo-breadcrumb\">\n\tBienestar Social cierra el d\u00eda 23 la convocatoria de ayudas a proyectos de cooperaci\u00f3n\n<\/span><\/div>","aioseo_breadcrumb_json":[{"label":"Home","link":"https:\/\/candas365.es\/noticias"},{"label":"Asturias","link":"https:\/\/candas365.es\/noticias\/category\/asturias\/"},{"label":"Bienestar Social cierra el d\u00eda 23 la convocatoria de ayudas a proyectos de cooperaci\u00f3n","link":"https:\/\/candas365.es\/noticias\/bienestar-social-cierra-el-dia-23-la-convocatoria-de-ayudas-proyectos-de-cooperacion\/"}],"_links":{"self":[{"href":"https:\/\/candas365.es\/noticias\/wp-json\/wp\/v2\/posts\/7287","targetHints":{"allow":["GET"]}}],"collection":[{"href":"https:\/\/candas365.es\/noticias\/wp-json\/wp\/v2\/posts"}],"about":[{"href":"https:\/\/candas365.es\/noticias\/wp-json\/wp\/v2\/types\/post"}],"author":[{"embeddable":true,"href":"https:\/\/candas365.es\/noticias\/wp-json\/wp\/v2\/users\/1"}],"replies":[{"embeddable":true,"href":"https:\/\/candas365.es\/noticias\/wp-json\/wp\/v2\/comments?post=7287"}],"version-history":[{"count":0,"href":"https:\/\/candas365.es\/noticias\/wp-json\/wp\/v2\/posts\/7287\/revisions"}],"wp:featuredmedia":[{"embeddable":true,"href":"https:\/\/candas365.es\/noticias\/wp-json\/wp\/v2\/media\/7288"}],"wp:attachment":[{"href":"https:\/\/candas365.es\/noticias\/wp-json\/wp\/v2\/media?parent=7287"}],"wp:term":[{"taxonomy":"category","embeddable":true,"href":"https:\/\/candas365.es\/noticias\/wp-json\/wp\/v2\/categories?post=7287"},{"taxonomy":"post_tag","embeddable":true,"href":"https:\/\/candas365.es\/noticias\/wp-json\/wp\/v2\/tags?post=7287"}],"curies":[{"name":"wp","href":"https:\/\/api.w.org\/{rel}","templated":true}]}}