{"id":7285,"date":"2015-02-16T16:40:28","date_gmt":"2015-02-16T18:40:28","guid":{"rendered":"http:\/\/candas365.es\/noticias\/?p=7285"},"modified":"2015-02-16T16:40:28","modified_gmt":"2015-02-16T18:40:28","slug":"iu-llevara-pleno-la-reforma-de-la-ley-de-servicios-sociales-y-la-convocatoria-de-vacantes-en-el-era","status":"publish","type":"post","link":"https:\/\/candas365.es\/noticias\/iu-llevara-pleno-la-reforma-de-la-ley-de-servicios-sociales-y-la-convocatoria-de-vacantes-en-el-era\/","title":{"rendered":"IU llevar\u00e1 a pleno la reforma de la Ley de Servicios  Sociales y la convocatoria de vacantes en el ERA"},"content":{"rendered":"<p><img fetchpriority=\"high\" decoding=\"async\" class=\"alignleft size-medium wp-image-190\" src=\"https:\/\/candas365.es\/noticias\/wp-content\/uploads\/2014\/09\/palamento-360x240.jpg\" alt=\"palamento\" width=\"360\" height=\"240\" srcset=\"https:\/\/candas365.es\/noticias\/wp-content\/uploads\/2014\/09\/palamento.jpg 360w, https:\/\/candas365.es\/noticias\/wp-content\/uploads\/2014\/09\/palamento-150x100.jpg 150w, https:\/\/candas365.es\/noticias\/wp-content\/uploads\/2014\/09\/palamento-84x55.jpg 84w\" sizes=\"(max-width: 360px) 100vw, 360px\" \/>El grupo parlamentario de IU en la Junta General interpelar\u00e1 a la Consejera de Bienestar Social en materia de atenci\u00f3n a las personas con discapacidad, m\u00e1s concretamente sobre la reforma de la Ley de Servicios Sociales. Aurelio Mart\u00edn, portavoz parlamentario de IU, explic\u00f3 que esta nueva iniciativa intenta obtener una respuesta concreta despu\u00e9s de las evasivas del presidente Javier Fern\u00e1ndez en la semana pasada. \u201cQueremos un compromiso en firme sobre la fecha en la que el Gobierno va a traer esta ley a la c\u00e1mara, porque es un asunto resuelto en gran parte de las comunidades aut\u00f3nomas y aqu\u00ed no. Creemos que se puede hacer antes de que acabe la legislatura\u201d, asegur\u00f3.<\/p>\n<p>En la Proposici\u00f3n No de Ley que IU llevar\u00e1 al pleno en la sesi\u00f3n del viernes insta al Consejo de Gobierno a destinar una parte de las vacantes puras de la administraci\u00f3n del Principado de Asturias a la dotaci\u00f3n del personal necesario para la apertura de las residencias p\u00fablicas del ERA que est\u00e1n pendientes de prestar su servicio. Mart\u00edn record\u00f3 que 1.600 personas est\u00e1n en la lista de espera para las residencias asturianas y es necesario abrir residencias, ya finalizadas, y poner al m\u00e1ximo rendimiento otras que est\u00e1n a medio gas para lo que es necesario personal.<\/p>\n<p>Por otro lado, la Junta de Portavoces no abord\u00f3 la renovaci\u00f3n del consejo de administraci\u00f3n de la RTPA y la elecci\u00f3n de un nuevo director, tal como hab\u00eda manifestado el portavoz del PSOE, Fernando Lastra. A juicio de Aurelio Mart\u00edn esta decisi\u00f3n ser\u00eda legal pero no oportuna ni ejemplar a dos meses de las elecciones, cuando la elecci\u00f3n es para los pr\u00f3ximos seis a\u00f1os. \u201cNo es lo mejor que podemos hacer\u201d, advirti\u00f3 Mart\u00edn. El portavoz de IU entiende que este asunto est\u00e1 retirado de este orden del d\u00eda y de sucesivos.<\/p>\n","protected":false},"excerpt":{"rendered":"<p>El grupo parlamentario de IU en la Junta General interpelar\u00e1 a la Consejera de Bienestar Social en materia de atenci\u00f3n a las personas con discapacidad, m\u00e1s concretamente sobre la reforma de la Ley de Servicios Sociales. Aurelio Mart\u00edn, portavoz parlamentario de IU, explic\u00f3 que esta nueva iniciativa intenta obtener una respuesta concreta despu\u00e9s de las<\/p>\n","protected":false},"author":1,"featured_media":190,"comment_status":"open","ping_status":"closed","sticky":false,"template":"","format":"standard","meta":{"footnotes":""},"categories":[7],"tags":[],"class_list":{"0":"post-7285","1":"post","2":"type-post","3":"status-publish","4":"format-standard","5":"has-post-thumbnail","7":"category-asturias"},"aioseo_notices":[],"aioseo_head":"\n\t\t<!-- All in One SEO Pro 4.9.6.2 - aioseo.com -->\n\t<meta name=\"description\" content=\"El grupo parlamentario de IU en la Junta General interpelar\u00e1 a la Consejera de Bienestar Social en materia de atenci\u00f3n a las personas con discapacidad, m\u00e1s concretamente sobre la reforma de la Ley de Servicios Sociales. Aurelio Mart\u00edn, portavoz parlamentario de IU, explic\u00f3 que esta nueva iniciativa intenta obtener una respuesta concreta despu\u00e9s de las\" \/>\n\t<meta name=\"robots\" content=\"max-image-preview:large\" \/>\n\t<meta name=\"author\" content=\"Cand\u00e1s 365\"\/>\n\t<meta name=\"google-site-verification\" content=\"UA-32230408-1\" \/>\n\t<meta name=\"msvalidate.01\" content=\"354F3CDFB2DA171B47FBE9ABF1F88D5\" \/>\n\t<meta name=\"keywords\" content=\"asturias\" \/>\n\t<link rel=\"canonical\" href=\"https:\/\/candas365.es\/noticias\/iu-llevara-pleno-la-reforma-de-la-ley-de-servicios-sociales-y-la-convocatoria-de-vacantes-en-el-era\/\" \/>\n\t<meta name=\"generator\" content=\"All in One SEO Pro (AIOSEO) 4.9.6.2\" \/>\n\t\t<meta property=\"og:locale\" content=\"es_ES\" \/>\n\t\t<meta property=\"og:site_name\" content=\"Cand\u00e1s 365\" \/>\n\t\t<meta property=\"og:type\" content=\"article\" \/>\n\t\t<meta property=\"og:title\" content=\"IU llevar\u00e1 a pleno la reforma de la Ley de Servicios Sociales y la convocatoria de vacantes en el ERA | Cand\u00e1s 365\" \/>\n\t\t<meta property=\"og:description\" content=\"El grupo parlamentario de IU en la Junta General interpelar\u00e1 a la Consejera de Bienestar Social en materia de atenci\u00f3n a las personas con discapacidad, m\u00e1s concretamente sobre la reforma de la Ley de Servicios Sociales. Aurelio Mart\u00edn, portavoz parlamentario de IU, explic\u00f3 que esta nueva iniciativa intenta obtener una respuesta concreta despu\u00e9s de las\" \/>\n\t\t<meta property=\"og:url\" content=\"https:\/\/candas365.es\/noticias\/iu-llevara-pleno-la-reforma-de-la-ley-de-servicios-sociales-y-la-convocatoria-de-vacantes-en-el-era\/\" \/>\n\t\t<meta property=\"og:image\" content=\"https:\/\/candas365.es\/noticias\/wp-content\/uploads\/2014\/09\/palamento.jpg\" \/>\n\t\t<meta property=\"og:image:secure_url\" content=\"https:\/\/candas365.es\/noticias\/wp-content\/uploads\/2014\/09\/palamento.jpg\" \/>\n\t\t<meta property=\"og:image:width\" content=\"360\" \/>\n\t\t<meta property=\"og:image:height\" content=\"240\" \/>\n\t\t<meta property=\"article:published_time\" content=\"2015-02-16T18:40:28+00:00\" \/>\n\t\t<meta property=\"article:modified_time\" content=\"2015-02-16T18:40:28+00:00\" \/>\n\t\t<meta property=\"article:publisher\" content=\"https:\/\/www.facebook.com\/Nachofdezber\" \/>\n\t\t<meta property=\"article:author\" content=\"https:\/\/www.facebook.com\/carrenoactualidad\" \/>\n\t\t<meta name=\"twitter:card\" content=\"summary_large_image\" \/>\n\t\t<meta name=\"twitter:site\" content=\"@NabercoDigital\" \/>\n\t\t<meta name=\"twitter:title\" content=\"IU llevar\u00e1 a pleno la reforma de la Ley de Servicios Sociales y la convocatoria de vacantes en el ERA | Cand\u00e1s 365\" \/>\n\t\t<meta name=\"twitter:description\" content=\"El grupo parlamentario de IU en la Junta General interpelar\u00e1 a la Consejera de Bienestar Social en materia de atenci\u00f3n a las personas con discapacidad, m\u00e1s concretamente sobre la reforma de la Ley de Servicios Sociales. Aurelio Mart\u00edn, portavoz parlamentario de IU, explic\u00f3 que esta nueva iniciativa intenta obtener una respuesta concreta despu\u00e9s de las\" \/>\n\t\t<meta name=\"twitter:creator\" content=\"@nbasturias\" \/>\n\t\t<meta name=\"twitter:image\" content=\"https:\/\/candas365.es\/noticias\/wp-content\/uploads\/2014\/09\/palamento.jpg\" \/>\n\t\t<meta name=\"twitter:label1\" content=\"Escrito por\" \/>\n\t\t<meta name=\"twitter:data1\" content=\"Cand\u00e1s 365\" \/>\n\t\t<meta name=\"twitter:label2\" content=\"Tiempo de lectura estimado\" \/>\n\t\t<meta name=\"twitter:data2\" content=\"2 minutos\" \/>\n\t\t<script type=\"application\/ld+json\" class=\"aioseo-schema\">\n\t\t\t{\"@context\":\"https:\\\/\\\/schema.org\",\"@graph\":[{\"@type\":\"BreadcrumbList\",\"@id\":\"https:\\\/\\\/candas365.es\\\/noticias\\\/iu-llevara-pleno-la-reforma-de-la-ley-de-servicios-sociales-y-la-convocatoria-de-vacantes-en-el-era\\\/#breadcrumblist\",\"itemListElement\":[{\"@type\":\"ListItem\",\"@id\":\"https:\\\/\\\/candas365.es\\\/noticias#listItem\",\"position\":1,\"name\":\"Home\",\"item\":\"https:\\\/\\\/candas365.es\\\/noticias\",\"nextItem\":{\"@type\":\"ListItem\",\"@id\":\"https:\\\/\\\/candas365.es\\\/noticias\\\/category\\\/asturias\\\/#listItem\",\"name\":\"Asturias\"}},{\"@type\":\"ListItem\",\"@id\":\"https:\\\/\\\/candas365.es\\\/noticias\\\/category\\\/asturias\\\/#listItem\",\"position\":2,\"name\":\"Asturias\",\"item\":\"https:\\\/\\\/candas365.es\\\/noticias\\\/category\\\/asturias\\\/\",\"nextItem\":{\"@type\":\"ListItem\",\"@id\":\"https:\\\/\\\/candas365.es\\\/noticias\\\/iu-llevara-pleno-la-reforma-de-la-ley-de-servicios-sociales-y-la-convocatoria-de-vacantes-en-el-era\\\/#listItem\",\"name\":\"IU llevar\\u00e1 a pleno la reforma de la Ley de Servicios  Sociales y la convocatoria de vacantes en el ERA\"},\"previousItem\":{\"@type\":\"ListItem\",\"@id\":\"https:\\\/\\\/candas365.es\\\/noticias#listItem\",\"name\":\"Home\"}},{\"@type\":\"ListItem\",\"@id\":\"https:\\\/\\\/candas365.es\\\/noticias\\\/iu-llevara-pleno-la-reforma-de-la-ley-de-servicios-sociales-y-la-convocatoria-de-vacantes-en-el-era\\\/#listItem\",\"position\":3,\"name\":\"IU llevar\\u00e1 a pleno la reforma de la Ley de Servicios  Sociales y la convocatoria de vacantes en el ERA\",\"previousItem\":{\"@type\":\"ListItem\",\"@id\":\"https:\\\/\\\/candas365.es\\\/noticias\\\/category\\\/asturias\\\/#listItem\",\"name\":\"Asturias\"}}]},{\"@type\":\"NewsArticle\",\"@id\":\"https:\\\/\\\/candas365.es\\\/noticias\\\/iu-llevara-pleno-la-reforma-de-la-ley-de-servicios-sociales-y-la-convocatoria-de-vacantes-en-el-era\\\/#newsarticle\",\"name\":\"IU llevar\\u00e1 a pleno la reforma de la Ley de Servicios Sociales y la convocatoria de vacantes en el ERA | Cand\\u00e1s 365\",\"headline\":\"IU llevar\\u00e1 a pleno la reforma de la Ley de Servicios  Sociales y la convocatoria de vacantes en el ERA\",\"author\":{\"@id\":\"https:\\\/\\\/candas365.es\\\/noticias\\\/author\\\/admin\\\/#author\"},\"publisher\":{\"@id\":\"https:\\\/\\\/candas365.es\\\/noticias\\\/#organization\"},\"image\":{\"@type\":\"ImageObject\",\"url\":\"https:\\\/\\\/candas365.es\\\/noticias\\\/wp-content\\\/uploads\\\/2014\\\/09\\\/palamento.jpg\",\"width\":360,\"height\":240},\"datePublished\":\"2015-02-16T16:40:28+01:00\",\"dateModified\":\"2015-02-16T16:40:28+01:00\",\"inLanguage\":\"es-ES\",\"mainEntityOfPage\":{\"@id\":\"https:\\\/\\\/candas365.es\\\/noticias\\\/iu-llevara-pleno-la-reforma-de-la-ley-de-servicios-sociales-y-la-convocatoria-de-vacantes-en-el-era\\\/#webpage\"},\"isPartOf\":{\"@id\":\"https:\\\/\\\/candas365.es\\\/noticias\\\/iu-llevara-pleno-la-reforma-de-la-ley-de-servicios-sociales-y-la-convocatoria-de-vacantes-en-el-era\\\/#webpage\"},\"articleSection\":\"Asturias\",\"dateline\":\"Publicado el febrero 16, 2015.\"},{\"@type\":\"Organization\",\"@id\":\"https:\\\/\\\/candas365.es\\\/noticias\\\/#organization\",\"name\":\"Cand\\u00e1s 365\",\"description\":\"Cand\\u00e1s 365 es un diario digital independiente, fundado en 2012, con base en Asturias. Informamos con rigor sobre actualidad, sociedad, cultura y ocio, con una mirada local y global.\",\"url\":\"https:\\\/\\\/candas365.es\\\/noticias\\\/\",\"email\":\"info@candas365.es\",\"telephone\":\"+34652131393\",\"foundingDate\":\"2012-06-10\",\"logo\":{\"@type\":\"ImageObject\",\"url\":\"https:\\\/\\\/candas365.es\\\/noticias\\\/wp-content\\\/uploads\\\/2024\\\/09\\\/Candas-365-Redes.jpg\",\"@id\":\"https:\\\/\\\/candas365.es\\\/noticias\\\/iu-llevara-pleno-la-reforma-de-la-ley-de-servicios-sociales-y-la-convocatoria-de-vacantes-en-el-era\\\/#organizationLogo\",\"width\":1152,\"height\":864,\"caption\":\"Cand\\u00e1s 365 Redes\"},\"image\":{\"@id\":\"https:\\\/\\\/candas365.es\\\/noticias\\\/iu-llevara-pleno-la-reforma-de-la-ley-de-servicios-sociales-y-la-convocatoria-de-vacantes-en-el-era\\\/#organizationLogo\"},\"sameAs\":[\"https:\\\/\\\/www.facebook.com\\\/Nachofdezber\",\"https:\\\/\\\/x.com\\\/NabercoDigital\",\"https:\\\/\\\/www.instagram.com\\\/nachofdezber\\\/\",\"https:\\\/\\\/www.youtube.com\\\/channel\\\/UCZP-2wLEB9Rv6erhFmqVnvg\"],\"address\":{\"@id\":\"https:\\\/\\\/candas365.es\\\/noticias\\\/#postaladdress\",\"@type\":\"PostalAddress\",\"streetAddress\":\"san antonio 4, san antonio 4\",\"postalCode\":\"33430\",\"addressLocality\":\"Cand\\u00e1s\",\"addressRegion\":\"Asturias\",\"addressCountry\":\"ES\"}},{\"@type\":\"Person\",\"@id\":\"https:\\\/\\\/candas365.es\\\/noticias\\\/author\\\/admin\\\/#author\",\"url\":\"https:\\\/\\\/candas365.es\\\/noticias\\\/author\\\/admin\\\/\",\"name\":\"Cand\\u00e1s 365\",\"image\":{\"@type\":\"ImageObject\",\"@id\":\"https:\\\/\\\/candas365.es\\\/noticias\\\/iu-llevara-pleno-la-reforma-de-la-ley-de-servicios-sociales-y-la-convocatoria-de-vacantes-en-el-era\\\/#authorImage\",\"url\":\"https:\\\/\\\/secure.gravatar.com\\\/avatar\\\/496a8e03d0c493ede1718b7934145dbdf8d89be1036b0eec9544e1094c9de390?s=96&d=mm&r=g\",\"width\":96,\"height\":96,\"caption\":\"Cand\\u00e1s 365\"},\"sameAs\":[\"https:\\\/\\\/www.facebook.com\\\/carrenoactualidad\",\"https:\\\/\\\/twitter.com\\\/nbasturias\",\"https:\\\/\\\/www.instagram.com\\\/nachofdezber\\\/\",\"https:\\\/\\\/www.youtube.com\\\/channel\\\/UCZP-2wLEB9Rv6erhFmqVnvg\"]},{\"@type\":\"WebPage\",\"@id\":\"https:\\\/\\\/candas365.es\\\/noticias\\\/iu-llevara-pleno-la-reforma-de-la-ley-de-servicios-sociales-y-la-convocatoria-de-vacantes-en-el-era\\\/#webpage\",\"url\":\"https:\\\/\\\/candas365.es\\\/noticias\\\/iu-llevara-pleno-la-reforma-de-la-ley-de-servicios-sociales-y-la-convocatoria-de-vacantes-en-el-era\\\/\",\"name\":\"IU llevar\\u00e1 a pleno la reforma de la Ley de Servicios Sociales y la convocatoria de vacantes en el ERA | Cand\\u00e1s 365\",\"description\":\"El grupo parlamentario de IU en la Junta General interpelar\\u00e1 a la Consejera de Bienestar Social en materia de atenci\\u00f3n a las personas con discapacidad, m\\u00e1s concretamente sobre la reforma de la Ley de Servicios Sociales. Aurelio Mart\\u00edn, portavoz parlamentario de IU, explic\\u00f3 que esta nueva iniciativa intenta obtener una respuesta concreta despu\\u00e9s de las\",\"inLanguage\":\"es-ES\",\"isPartOf\":{\"@id\":\"https:\\\/\\\/candas365.es\\\/noticias\\\/#website\"},\"breadcrumb\":{\"@id\":\"https:\\\/\\\/candas365.es\\\/noticias\\\/iu-llevara-pleno-la-reforma-de-la-ley-de-servicios-sociales-y-la-convocatoria-de-vacantes-en-el-era\\\/#breadcrumblist\"},\"author\":{\"@id\":\"https:\\\/\\\/candas365.es\\\/noticias\\\/author\\\/admin\\\/#author\"},\"creator\":{\"@id\":\"https:\\\/\\\/candas365.es\\\/noticias\\\/author\\\/admin\\\/#author\"},\"image\":{\"@type\":\"ImageObject\",\"url\":\"https:\\\/\\\/candas365.es\\\/noticias\\\/wp-content\\\/uploads\\\/2014\\\/09\\\/palamento.jpg\",\"@id\":\"https:\\\/\\\/candas365.es\\\/noticias\\\/iu-llevara-pleno-la-reforma-de-la-ley-de-servicios-sociales-y-la-convocatoria-de-vacantes-en-el-era\\\/#mainImage\",\"width\":360,\"height\":240},\"primaryImageOfPage\":{\"@id\":\"https:\\\/\\\/candas365.es\\\/noticias\\\/iu-llevara-pleno-la-reforma-de-la-ley-de-servicios-sociales-y-la-convocatoria-de-vacantes-en-el-era\\\/#mainImage\"},\"datePublished\":\"2015-02-16T16:40:28+01:00\",\"dateModified\":\"2015-02-16T16:40:28+01:00\"},{\"@type\":\"WebSite\",\"@id\":\"https:\\\/\\\/candas365.es\\\/noticias\\\/#website\",\"url\":\"https:\\\/\\\/candas365.es\\\/noticias\\\/\",\"name\":\"Cand\\u00e1s 365\",\"alternateName\":\"Cand\\u00e1s 365 Noticias\",\"description\":\"Actualidad desde Carre\\u00f1o para el mundo\",\"inLanguage\":\"es-ES\",\"publisher\":{\"@id\":\"https:\\\/\\\/candas365.es\\\/noticias\\\/#organization\"}}]}\n\t\t<\/script>\n\t\t<!-- All in One SEO Pro -->\r\n\t\t<title>IU llevar\u00e1 a pleno la reforma de la Ley de Servicios Sociales y la convocatoria de vacantes en el ERA | Cand\u00e1s 365<\/title>\n\n","aioseo_head_json":{"title":"IU llevar\u00e1 a pleno la reforma de la Ley de Servicios Sociales y la convocatoria de vacantes en el ERA | Cand\u00e1s 365","description":"El grupo parlamentario de IU en la Junta General interpelar\u00e1 a la Consejera de Bienestar Social en materia de atenci\u00f3n a las personas con discapacidad, m\u00e1s concretamente sobre la reforma de la Ley de Servicios Sociales. Aurelio Mart\u00edn, portavoz parlamentario de IU, explic\u00f3 que esta nueva iniciativa intenta obtener una respuesta concreta despu\u00e9s de las","canonical_url":"https:\/\/candas365.es\/noticias\/iu-llevara-pleno-la-reforma-de-la-ley-de-servicios-sociales-y-la-convocatoria-de-vacantes-en-el-era\/","robots":"max-image-preview:large","keywords":"asturias","webmasterTools":{"google-site-verification":"UA-32230408-1","msvalidate.01":"354F3CDFB2DA171B47FBE9ABF1F88D5","miscellaneous":""},"schema":{"@context":"https:\/\/schema.org","@graph":[{"@type":"BreadcrumbList","@id":"https:\/\/candas365.es\/noticias\/iu-llevara-pleno-la-reforma-de-la-ley-de-servicios-sociales-y-la-convocatoria-de-vacantes-en-el-era\/#breadcrumblist","itemListElement":[{"@type":"ListItem","@id":"https:\/\/candas365.es\/noticias#listItem","position":1,"name":"Home","item":"https:\/\/candas365.es\/noticias","nextItem":{"@type":"ListItem","@id":"https:\/\/candas365.es\/noticias\/category\/asturias\/#listItem","name":"Asturias"}},{"@type":"ListItem","@id":"https:\/\/candas365.es\/noticias\/category\/asturias\/#listItem","position":2,"name":"Asturias","item":"https:\/\/candas365.es\/noticias\/category\/asturias\/","nextItem":{"@type":"ListItem","@id":"https:\/\/candas365.es\/noticias\/iu-llevara-pleno-la-reforma-de-la-ley-de-servicios-sociales-y-la-convocatoria-de-vacantes-en-el-era\/#listItem","name":"IU llevar\u00e1 a pleno la reforma de la Ley de Servicios  Sociales y la convocatoria de vacantes en el ERA"},"previousItem":{"@type":"ListItem","@id":"https:\/\/candas365.es\/noticias#listItem","name":"Home"}},{"@type":"ListItem","@id":"https:\/\/candas365.es\/noticias\/iu-llevara-pleno-la-reforma-de-la-ley-de-servicios-sociales-y-la-convocatoria-de-vacantes-en-el-era\/#listItem","position":3,"name":"IU llevar\u00e1 a pleno la reforma de la Ley de Servicios  Sociales y la convocatoria de vacantes en el ERA","previousItem":{"@type":"ListItem","@id":"https:\/\/candas365.es\/noticias\/category\/asturias\/#listItem","name":"Asturias"}}]},{"@type":"NewsArticle","@id":"https:\/\/candas365.es\/noticias\/iu-llevara-pleno-la-reforma-de-la-ley-de-servicios-sociales-y-la-convocatoria-de-vacantes-en-el-era\/#newsarticle","name":"IU llevar\u00e1 a pleno la reforma de la Ley de Servicios Sociales y la convocatoria de vacantes en el ERA | Cand\u00e1s 365","headline":"IU llevar\u00e1 a pleno la reforma de la Ley de Servicios  Sociales y la convocatoria de vacantes en el ERA","author":{"@id":"https:\/\/candas365.es\/noticias\/author\/admin\/#author"},"publisher":{"@id":"https:\/\/candas365.es\/noticias\/#organization"},"image":{"@type":"ImageObject","url":"https:\/\/candas365.es\/noticias\/wp-content\/uploads\/2014\/09\/palamento.jpg","width":360,"height":240},"datePublished":"2015-02-16T16:40:28+01:00","dateModified":"2015-02-16T16:40:28+01:00","inLanguage":"es-ES","mainEntityOfPage":{"@id":"https:\/\/candas365.es\/noticias\/iu-llevara-pleno-la-reforma-de-la-ley-de-servicios-sociales-y-la-convocatoria-de-vacantes-en-el-era\/#webpage"},"isPartOf":{"@id":"https:\/\/candas365.es\/noticias\/iu-llevara-pleno-la-reforma-de-la-ley-de-servicios-sociales-y-la-convocatoria-de-vacantes-en-el-era\/#webpage"},"articleSection":"Asturias","dateline":"Publicado el febrero 16, 2015."},{"@type":"Organization","@id":"https:\/\/candas365.es\/noticias\/#organization","name":"Cand\u00e1s 365","description":"Cand\u00e1s 365 es un diario digital independiente, fundado en 2012, con base en Asturias. Informamos con rigor sobre actualidad, sociedad, cultura y ocio, con una mirada local y global.","url":"https:\/\/candas365.es\/noticias\/","email":"info@candas365.es","telephone":"+34652131393","foundingDate":"2012-06-10","logo":{"@type":"ImageObject","url":"https:\/\/candas365.es\/noticias\/wp-content\/uploads\/2024\/09\/Candas-365-Redes.jpg","@id":"https:\/\/candas365.es\/noticias\/iu-llevara-pleno-la-reforma-de-la-ley-de-servicios-sociales-y-la-convocatoria-de-vacantes-en-el-era\/#organizationLogo","width":1152,"height":864,"caption":"Cand\u00e1s 365 Redes"},"image":{"@id":"https:\/\/candas365.es\/noticias\/iu-llevara-pleno-la-reforma-de-la-ley-de-servicios-sociales-y-la-convocatoria-de-vacantes-en-el-era\/#organizationLogo"},"sameAs":["https:\/\/www.facebook.com\/Nachofdezber","https:\/\/x.com\/NabercoDigital","https:\/\/www.instagram.com\/nachofdezber\/","https:\/\/www.youtube.com\/channel\/UCZP-2wLEB9Rv6erhFmqVnvg"],"address":{"@id":"https:\/\/candas365.es\/noticias\/#postaladdress","@type":"PostalAddress","streetAddress":"san antonio 4, san antonio 4","postalCode":"33430","addressLocality":"Cand\u00e1s","addressRegion":"Asturias","addressCountry":"ES"}},{"@type":"Person","@id":"https:\/\/candas365.es\/noticias\/author\/admin\/#author","url":"https:\/\/candas365.es\/noticias\/author\/admin\/","name":"Cand\u00e1s 365","image":{"@type":"ImageObject","@id":"https:\/\/candas365.es\/noticias\/iu-llevara-pleno-la-reforma-de-la-ley-de-servicios-sociales-y-la-convocatoria-de-vacantes-en-el-era\/#authorImage","url":"https:\/\/secure.gravatar.com\/avatar\/496a8e03d0c493ede1718b7934145dbdf8d89be1036b0eec9544e1094c9de390?s=96&d=mm&r=g","width":96,"height":96,"caption":"Cand\u00e1s 365"},"sameAs":["https:\/\/www.facebook.com\/carrenoactualidad","https:\/\/twitter.com\/nbasturias","https:\/\/www.instagram.com\/nachofdezber\/","https:\/\/www.youtube.com\/channel\/UCZP-2wLEB9Rv6erhFmqVnvg"]},{"@type":"WebPage","@id":"https:\/\/candas365.es\/noticias\/iu-llevara-pleno-la-reforma-de-la-ley-de-servicios-sociales-y-la-convocatoria-de-vacantes-en-el-era\/#webpage","url":"https:\/\/candas365.es\/noticias\/iu-llevara-pleno-la-reforma-de-la-ley-de-servicios-sociales-y-la-convocatoria-de-vacantes-en-el-era\/","name":"IU llevar\u00e1 a pleno la reforma de la Ley de Servicios Sociales y la convocatoria de vacantes en el ERA | Cand\u00e1s 365","description":"El grupo parlamentario de IU en la Junta General interpelar\u00e1 a la Consejera de Bienestar Social en materia de atenci\u00f3n a las personas con discapacidad, m\u00e1s concretamente sobre la reforma de la Ley de Servicios Sociales. Aurelio Mart\u00edn, portavoz parlamentario de IU, explic\u00f3 que esta nueva iniciativa intenta obtener una respuesta concreta despu\u00e9s de las","inLanguage":"es-ES","isPartOf":{"@id":"https:\/\/candas365.es\/noticias\/#website"},"breadcrumb":{"@id":"https:\/\/candas365.es\/noticias\/iu-llevara-pleno-la-reforma-de-la-ley-de-servicios-sociales-y-la-convocatoria-de-vacantes-en-el-era\/#breadcrumblist"},"author":{"@id":"https:\/\/candas365.es\/noticias\/author\/admin\/#author"},"creator":{"@id":"https:\/\/candas365.es\/noticias\/author\/admin\/#author"},"image":{"@type":"ImageObject","url":"https:\/\/candas365.es\/noticias\/wp-content\/uploads\/2014\/09\/palamento.jpg","@id":"https:\/\/candas365.es\/noticias\/iu-llevara-pleno-la-reforma-de-la-ley-de-servicios-sociales-y-la-convocatoria-de-vacantes-en-el-era\/#mainImage","width":360,"height":240},"primaryImageOfPage":{"@id":"https:\/\/candas365.es\/noticias\/iu-llevara-pleno-la-reforma-de-la-ley-de-servicios-sociales-y-la-convocatoria-de-vacantes-en-el-era\/#mainImage"},"datePublished":"2015-02-16T16:40:28+01:00","dateModified":"2015-02-16T16:40:28+01:00"},{"@type":"WebSite","@id":"https:\/\/candas365.es\/noticias\/#website","url":"https:\/\/candas365.es\/noticias\/","name":"Cand\u00e1s 365","alternateName":"Cand\u00e1s 365 Noticias","description":"Actualidad desde Carre\u00f1o para el mundo","inLanguage":"es-ES","publisher":{"@id":"https:\/\/candas365.es\/noticias\/#organization"}}]},"og:locale":"es_ES","og:site_name":"Cand\u00e1s 365","og:type":"article","og:title":"IU llevar\u00e1 a pleno la reforma de la Ley de Servicios Sociales y la convocatoria de vacantes en el ERA | Cand\u00e1s 365","og:description":"El grupo parlamentario de IU en la Junta General interpelar\u00e1 a la Consejera de Bienestar Social en materia de atenci\u00f3n a las personas con discapacidad, m\u00e1s concretamente sobre la reforma de la Ley de Servicios Sociales. Aurelio Mart\u00edn, portavoz parlamentario de IU, explic\u00f3 que esta nueva iniciativa intenta obtener una respuesta concreta despu\u00e9s de las","og:url":"https:\/\/candas365.es\/noticias\/iu-llevara-pleno-la-reforma-de-la-ley-de-servicios-sociales-y-la-convocatoria-de-vacantes-en-el-era\/","og:image":"https:\/\/candas365.es\/noticias\/wp-content\/uploads\/2014\/09\/palamento.jpg","og:image:secure_url":"https:\/\/candas365.es\/noticias\/wp-content\/uploads\/2014\/09\/palamento.jpg","og:image:width":360,"og:image:height":240,"article:published_time":"2015-02-16T18:40:28+00:00","article:modified_time":"2015-02-16T18:40:28+00:00","article:publisher":"https:\/\/www.facebook.com\/Nachofdezber","article:author":"https:\/\/www.facebook.com\/carrenoactualidad","twitter:card":"summary_large_image","twitter:site":"@NabercoDigital","twitter:title":"IU llevar\u00e1 a pleno la reforma de la Ley de Servicios Sociales y la convocatoria de vacantes en el ERA | Cand\u00e1s 365","twitter:description":"El grupo parlamentario de IU en la Junta General interpelar\u00e1 a la Consejera de Bienestar Social en materia de atenci\u00f3n a las personas con discapacidad, m\u00e1s concretamente sobre la reforma de la Ley de Servicios Sociales. Aurelio Mart\u00edn, portavoz parlamentario de IU, explic\u00f3 que esta nueva iniciativa intenta obtener una respuesta concreta despu\u00e9s de las","twitter:creator":"@nbasturias","twitter:image":"https:\/\/candas365.es\/noticias\/wp-content\/uploads\/2014\/09\/palamento.jpg","twitter:label1":"Escrito por","twitter:data1":"Cand\u00e1s 365","twitter:label2":"Tiempo de lectura estimado","twitter:data2":"2 minutos"},"aioseo_meta_data":{"post_id":"7285","title":null,"description":null,"keywords":null,"keyphrases":null,"primary_term":null,"canonical_url":null,"og_title":null,"og_description":null,"og_object_type":"default","og_image_type":"default","og_image_url":null,"og_image_width":null,"og_image_height":null,"og_image_custom_url":null,"og_image_custom_fields":null,"og_video":null,"og_custom_url":null,"og_article_section":null,"og_article_tags":null,"twitter_use_og":false,"twitter_card":"default","twitter_image_type":"default","twitter_image_url":null,"twitter_image_custom_url":null,"twitter_image_custom_fields":null,"twitter_title":null,"twitter_description":null,"schema":{"blockGraphs":[],"customGraphs":[],"default":{"data":{"Article":[],"Course":[],"Dataset":[],"FAQPage":[],"Movie":[],"Person":[],"Product":[],"ProductReview":[],"Car":[],"Recipe":[],"Service":[],"SoftwareApplication":[],"WebPage":[]},"graphName":"","isEnabled":true},"graphs":[],"defaultGraph":"","defaultPostTypeGraph":""},"schema_type":null,"schema_type_options":null,"pillar_content":false,"robots_default":true,"robots_noindex":false,"robots_noarchive":false,"robots_nosnippet":false,"robots_nofollow":false,"robots_noimageindex":false,"robots_noodp":false,"robots_notranslate":false,"robots_max_snippet":null,"robots_max_videopreview":null,"robots_max_imagepreview":"large","priority":null,"frequency":null,"location":null,"local_seo":null,"seo_analyzer_scan_date":"2025-08-23 05:12:18","breadcrumb_settings":null,"limit_modified_date":false,"reviewed_by":null,"open_ai":null,"ai":null,"created":"2020-12-21 10:54:51","updated":"2025-08-23 05:12:18"},"aioseo_breadcrumb":"<div class=\"aioseo-breadcrumbs\"><span class=\"aioseo-breadcrumb\">\n\t<a href=\"https:\/\/candas365.es\/noticias\" title=\"Home\">Home<\/a>\n<\/span><span class=\"aioseo-breadcrumb-separator\">&ndash;<\/span><span class=\"aioseo-breadcrumb\">\n\t<a href=\"https:\/\/candas365.es\/noticias\/category\/asturias\/\" title=\"Asturias\">Asturias<\/a>\n<\/span><span class=\"aioseo-breadcrumb-separator\">&ndash;<\/span><span class=\"aioseo-breadcrumb\">\n\tIU llevar\u00e1 a pleno la reforma de la Ley de Servicios  Sociales y la convocatoria de vacantes en el ERA\n<\/span><\/div>","aioseo_breadcrumb_json":[{"label":"Home","link":"https:\/\/candas365.es\/noticias"},{"label":"Asturias","link":"https:\/\/candas365.es\/noticias\/category\/asturias\/"},{"label":"IU llevar\u00e1 a pleno la reforma de la Ley de Servicios  Sociales y la convocatoria de vacantes en el ERA","link":"https:\/\/candas365.es\/noticias\/iu-llevara-pleno-la-reforma-de-la-ley-de-servicios-sociales-y-la-convocatoria-de-vacantes-en-el-era\/"}],"_links":{"self":[{"href":"https:\/\/candas365.es\/noticias\/wp-json\/wp\/v2\/posts\/7285","targetHints":{"allow":["GET"]}}],"collection":[{"href":"https:\/\/candas365.es\/noticias\/wp-json\/wp\/v2\/posts"}],"about":[{"href":"https:\/\/candas365.es\/noticias\/wp-json\/wp\/v2\/types\/post"}],"author":[{"embeddable":true,"href":"https:\/\/candas365.es\/noticias\/wp-json\/wp\/v2\/users\/1"}],"replies":[{"embeddable":true,"href":"https:\/\/candas365.es\/noticias\/wp-json\/wp\/v2\/comments?post=7285"}],"version-history":[{"count":0,"href":"https:\/\/candas365.es\/noticias\/wp-json\/wp\/v2\/posts\/7285\/revisions"}],"wp:featuredmedia":[{"embeddable":true,"href":"https:\/\/candas365.es\/noticias\/wp-json\/wp\/v2\/media\/190"}],"wp:attachment":[{"href":"https:\/\/candas365.es\/noticias\/wp-json\/wp\/v2\/media?parent=7285"}],"wp:term":[{"taxonomy":"category","embeddable":true,"href":"https:\/\/candas365.es\/noticias\/wp-json\/wp\/v2\/categories?post=7285"},{"taxonomy":"post_tag","embeddable":true,"href":"https:\/\/candas365.es\/noticias\/wp-json\/wp\/v2\/tags?post=7285"}],"curies":[{"name":"wp","href":"https:\/\/api.w.org\/{rel}","templated":true}]}}