{"id":72815,"date":"2017-06-05T12:37:14","date_gmt":"2017-06-05T12:37:14","guid":{"rendered":"http:\/\/candas365.es\/noticias\/?p=72815"},"modified":"2017-06-05T12:37:14","modified_gmt":"2017-06-05T12:37:14","slug":"masterchef-junior-busca-amantes-de-la-cocina-para-su-quinta-edicion","status":"publish","type":"post","link":"https:\/\/candas365.es\/noticias\/masterchef-junior-busca-amantes-de-la-cocina-para-su-quinta-edicion\/","title":{"rendered":"&#8216;MasterChef Junior&#8217; busca amantes de la cocina para su quinta edici\u00f3n"},"content":{"rendered":"<p><img fetchpriority=\"high\" decoding=\"async\" class=\"alignleft size-medium wp-image-72816\" src=\"https:\/\/candas365.es\/noticias\/wp-content\/uploads\/2017\/06\/MCj-360x240.jpg\" alt=\"\" width=\"360\" height=\"240\" srcset=\"https:\/\/candas365.es\/noticias\/wp-content\/uploads\/2017\/06\/MCj-360x240.jpg 360w, https:\/\/candas365.es\/noticias\/wp-content\/uploads\/2017\/06\/MCj-768x512.jpg 768w, https:\/\/candas365.es\/noticias\/wp-content\/uploads\/2017\/06\/MCj-655x437.jpg 655w, https:\/\/candas365.es\/noticias\/wp-content\/uploads\/2017\/06\/MCj-696x464.jpg 696w, https:\/\/candas365.es\/noticias\/wp-content\/uploads\/2017\/06\/MCj-1068x712.jpg 1068w, https:\/\/candas365.es\/noticias\/wp-content\/uploads\/2017\/06\/MCj-630x420.jpg 630w, https:\/\/candas365.es\/noticias\/wp-content\/uploads\/2017\/06\/MCj-84x55.jpg 84w, https:\/\/candas365.es\/noticias\/wp-content\/uploads\/2017\/06\/MCj.jpg 1180w\" sizes=\"(max-width: 360px) 100vw, 360px\" \/>Pepe Rodr\u00edguez Rey, Samantha Vallejo-N\u00e1gera y Jordi Cruz tienen un nuevo cometido: buscar a amantes de la cocina entre 8 y 12 a\u00f1os que quieran vivir una aventura espectacular en la quinta edici\u00f3n de &#8216;MasterChef Junior&#8217;. RTVE y Shine Iberia acaban de abrir la inscripci\u00f3n al casting de la nueva edici\u00f3n del talent infantil m\u00e1s divertido de la televisi\u00f3n. Los padres o tutores de los ni\u00f1os y ni\u00f1as interesados deber\u00e1n completar el formulario de RTVE.es (www.rtve.es\/castingmasterchef).<\/p>\n<p>Los aspirantes vivir\u00e1n una experiencia \u00fanica. Aprender\u00e1n t\u00e9cnicas de cocina, se enfrentar\u00e1n a pruebas con el mismo nivel de dificultad que los adultos, conocer\u00e1n los trucos de los chefs m\u00e1s reputados de la gastronom\u00eda espa\u00f1ola, se divertir\u00e1n, viajar\u00e1n y har\u00e1n nuevos amigos.<\/p>\n<p>Casi tres millones de espectadores siguieron la final de MasterChef 4, una cifra de r\u00e9cord con el 20% de share. Paula, la vencedora de la pasada edici\u00f3n, conquist\u00f3 al jurado y el repostero Jordi Roca con un men\u00fa vanguardista, desde la tradici\u00f3n, con t\u00e9cnicas de alta cocina. La vencedora obtuvo el trofeo que la acredita como MasterChef Junior, los 12.000 euros para su formaci\u00f3n y un curso intensivo impartido por la prestigiosa facultad de Ciencias Gastron\u00f3micas Basque Culinary Center.<\/p>\n<p>Este verano, los m\u00e1s peque\u00f1os de la casa tambi\u00e9n volver\u00e1n a disfrutar de la cocina en los Campamentos MasterChef<\/p>\n<p>&nbsp;<\/p>\n","protected":false},"excerpt":{"rendered":"<p>Pepe Rodr\u00edguez Rey, Samantha Vallejo-N\u00e1gera y Jordi Cruz tienen un nuevo cometido: buscar a amantes de la cocina entre 8 y 12 a\u00f1os que quieran vivir una aventura espectacular en la quinta edici\u00f3n de &#8216;MasterChef Junior&#8217;. RTVE y Shine Iberia acaban de abrir la inscripci\u00f3n al casting de la nueva edici\u00f3n del talent infantil m\u00e1s<\/p>\n","protected":false},"author":1,"featured_media":72816,"comment_status":"open","ping_status":"closed","sticky":false,"template":"","format":"standard","meta":{"footnotes":""},"categories":[1],"tags":[],"class_list":{"0":"post-72815","1":"post","2":"type-post","3":"status-publish","4":"format-standard","5":"has-post-thumbnail","7":"category-agenda"},"aioseo_notices":[],"aioseo_head":"\n\t\t<!-- All in One SEO Pro 4.9.6.2 - aioseo.com -->\n\t<meta name=\"description\" content=\"Pepe Rodr\u00edguez Rey, Samantha Vallejo-N\u00e1gera y Jordi Cruz tienen un nuevo cometido: buscar a amantes de la cocina entre 8 y 12 a\u00f1os que quieran vivir una aventura espectacular en la quinta edici\u00f3n de &#039;MasterChef Junior&#039;. RTVE y Shine Iberia acaban de abrir la inscripci\u00f3n al casting de la nueva edici\u00f3n del talent infantil m\u00e1s\" \/>\n\t<meta name=\"robots\" content=\"max-image-preview:large\" \/>\n\t<meta name=\"author\" content=\"Cand\u00e1s 365\"\/>\n\t<meta name=\"google-site-verification\" content=\"UA-32230408-1\" \/>\n\t<meta name=\"msvalidate.01\" content=\"354F3CDFB2DA171B47FBE9ABF1F88D5\" \/>\n\t<meta name=\"keywords\" content=\"agenda\" \/>\n\t<link rel=\"canonical\" href=\"https:\/\/candas365.es\/noticias\/masterchef-junior-busca-amantes-de-la-cocina-para-su-quinta-edicion\/\" \/>\n\t<meta name=\"generator\" content=\"All in One SEO Pro (AIOSEO) 4.9.6.2\" \/>\n\t\t<meta property=\"og:locale\" content=\"es_ES\" \/>\n\t\t<meta property=\"og:site_name\" content=\"Cand\u00e1s 365\" \/>\n\t\t<meta property=\"og:type\" content=\"article\" \/>\n\t\t<meta property=\"og:title\" content=\"\u2018MasterChef Junior\u2019 busca amantes de la cocina para su quinta edici\u00f3n | Cand\u00e1s 365\" \/>\n\t\t<meta property=\"og:description\" content=\"Pepe Rodr\u00edguez Rey, Samantha Vallejo-N\u00e1gera y Jordi Cruz tienen un nuevo cometido: buscar a amantes de la cocina entre 8 y 12 a\u00f1os que quieran vivir una aventura espectacular en la quinta edici\u00f3n de &#039;MasterChef Junior&#039;. RTVE y Shine Iberia acaban de abrir la inscripci\u00f3n al casting de la nueva edici\u00f3n del talent infantil m\u00e1s\" \/>\n\t\t<meta property=\"og:url\" content=\"https:\/\/candas365.es\/noticias\/masterchef-junior-busca-amantes-de-la-cocina-para-su-quinta-edicion\/\" \/>\n\t\t<meta property=\"og:image\" content=\"https:\/\/candas365.es\/noticias\/wp-content\/uploads\/2017\/06\/MCj.jpg\" \/>\n\t\t<meta property=\"og:image:secure_url\" content=\"https:\/\/candas365.es\/noticias\/wp-content\/uploads\/2017\/06\/MCj.jpg\" \/>\n\t\t<meta property=\"og:image:width\" content=\"1180\" \/>\n\t\t<meta property=\"og:image:height\" content=\"787\" \/>\n\t\t<meta property=\"article:published_time\" content=\"2017-06-05T12:37:14+00:00\" \/>\n\t\t<meta property=\"article:modified_time\" content=\"2017-06-05T12:37:14+00:00\" \/>\n\t\t<meta property=\"article:publisher\" content=\"https:\/\/www.facebook.com\/Nachofdezber\" \/>\n\t\t<meta property=\"article:author\" content=\"https:\/\/www.facebook.com\/carrenoactualidad\" \/>\n\t\t<meta name=\"twitter:card\" content=\"summary_large_image\" \/>\n\t\t<meta name=\"twitter:site\" content=\"@NabercoDigital\" \/>\n\t\t<meta name=\"twitter:title\" content=\"\u2018MasterChef Junior\u2019 busca amantes de la cocina para su quinta edici\u00f3n | Cand\u00e1s 365\" \/>\n\t\t<meta name=\"twitter:description\" content=\"Pepe Rodr\u00edguez Rey, Samantha Vallejo-N\u00e1gera y Jordi Cruz tienen un nuevo cometido: buscar a amantes de la cocina entre 8 y 12 a\u00f1os que quieran vivir una aventura espectacular en la quinta edici\u00f3n de &#039;MasterChef Junior&#039;. RTVE y Shine Iberia acaban de abrir la inscripci\u00f3n al casting de la nueva edici\u00f3n del talent infantil m\u00e1s\" \/>\n\t\t<meta name=\"twitter:creator\" content=\"@nbasturias\" \/>\n\t\t<meta name=\"twitter:image\" content=\"https:\/\/candas365.es\/noticias\/wp-content\/uploads\/2017\/06\/MCj.jpg\" \/>\n\t\t<meta name=\"twitter:label1\" content=\"Escrito por\" \/>\n\t\t<meta name=\"twitter:data1\" content=\"Cand\u00e1s 365\" \/>\n\t\t<meta name=\"twitter:label2\" content=\"Tiempo de lectura estimado\" \/>\n\t\t<meta name=\"twitter:data2\" content=\"1 minuto\" \/>\n\t\t<script type=\"application\/ld+json\" class=\"aioseo-schema\">\n\t\t\t{\"@context\":\"https:\\\/\\\/schema.org\",\"@graph\":[{\"@type\":\"BreadcrumbList\",\"@id\":\"https:\\\/\\\/candas365.es\\\/noticias\\\/masterchef-junior-busca-amantes-de-la-cocina-para-su-quinta-edicion\\\/#breadcrumblist\",\"itemListElement\":[{\"@type\":\"ListItem\",\"@id\":\"https:\\\/\\\/candas365.es\\\/noticias#listItem\",\"position\":1,\"name\":\"Home\",\"item\":\"https:\\\/\\\/candas365.es\\\/noticias\",\"nextItem\":{\"@type\":\"ListItem\",\"@id\":\"https:\\\/\\\/candas365.es\\\/noticias\\\/category\\\/agenda\\\/#listItem\",\"name\":\"Agenda\"}},{\"@type\":\"ListItem\",\"@id\":\"https:\\\/\\\/candas365.es\\\/noticias\\\/category\\\/agenda\\\/#listItem\",\"position\":2,\"name\":\"Agenda\",\"item\":\"https:\\\/\\\/candas365.es\\\/noticias\\\/category\\\/agenda\\\/\",\"nextItem\":{\"@type\":\"ListItem\",\"@id\":\"https:\\\/\\\/candas365.es\\\/noticias\\\/masterchef-junior-busca-amantes-de-la-cocina-para-su-quinta-edicion\\\/#listItem\",\"name\":\"&#8216;MasterChef Junior&#8217; busca amantes de la cocina para su quinta edici\\u00f3n\"},\"previousItem\":{\"@type\":\"ListItem\",\"@id\":\"https:\\\/\\\/candas365.es\\\/noticias#listItem\",\"name\":\"Home\"}},{\"@type\":\"ListItem\",\"@id\":\"https:\\\/\\\/candas365.es\\\/noticias\\\/masterchef-junior-busca-amantes-de-la-cocina-para-su-quinta-edicion\\\/#listItem\",\"position\":3,\"name\":\"&#8216;MasterChef Junior&#8217; busca amantes de la cocina para su quinta edici\\u00f3n\",\"previousItem\":{\"@type\":\"ListItem\",\"@id\":\"https:\\\/\\\/candas365.es\\\/noticias\\\/category\\\/agenda\\\/#listItem\",\"name\":\"Agenda\"}}]},{\"@type\":\"NewsArticle\",\"@id\":\"https:\\\/\\\/candas365.es\\\/noticias\\\/masterchef-junior-busca-amantes-de-la-cocina-para-su-quinta-edicion\\\/#newsarticle\",\"name\":\"\\u2018MasterChef Junior\\u2019 busca amantes de la cocina para su quinta edici\\u00f3n | Cand\\u00e1s 365\",\"headline\":\"&#8216;MasterChef Junior&#8217; busca amantes de la cocina para su quinta edici\\u00f3n\",\"author\":{\"@id\":\"https:\\\/\\\/candas365.es\\\/noticias\\\/author\\\/admin\\\/#author\"},\"publisher\":{\"@id\":\"https:\\\/\\\/candas365.es\\\/noticias\\\/#organization\"},\"image\":{\"@type\":\"ImageObject\",\"url\":\"https:\\\/\\\/candas365.es\\\/noticias\\\/wp-content\\\/uploads\\\/2017\\\/06\\\/MCj.jpg\",\"width\":1180,\"height\":787},\"datePublished\":\"2017-06-05T12:37:14+02:00\",\"dateModified\":\"2017-06-05T12:37:14+02:00\",\"inLanguage\":\"es-ES\",\"mainEntityOfPage\":{\"@id\":\"https:\\\/\\\/candas365.es\\\/noticias\\\/masterchef-junior-busca-amantes-de-la-cocina-para-su-quinta-edicion\\\/#webpage\"},\"isPartOf\":{\"@id\":\"https:\\\/\\\/candas365.es\\\/noticias\\\/masterchef-junior-busca-amantes-de-la-cocina-para-su-quinta-edicion\\\/#webpage\"},\"articleSection\":\"Agenda\",\"dateline\":\"Publicado el junio 5, 2017.\"},{\"@type\":\"Organization\",\"@id\":\"https:\\\/\\\/candas365.es\\\/noticias\\\/#organization\",\"name\":\"Cand\\u00e1s 365\",\"description\":\"Cand\\u00e1s 365 es un diario digital independiente, fundado en 2012, con base en Asturias. Informamos con rigor sobre actualidad, sociedad, cultura y ocio, con una mirada local y global.\",\"url\":\"https:\\\/\\\/candas365.es\\\/noticias\\\/\",\"email\":\"info@candas365.es\",\"telephone\":\"+34652131393\",\"foundingDate\":\"2012-06-10\",\"logo\":{\"@type\":\"ImageObject\",\"url\":\"https:\\\/\\\/candas365.es\\\/noticias\\\/wp-content\\\/uploads\\\/2024\\\/09\\\/Candas-365-Redes.jpg\",\"@id\":\"https:\\\/\\\/candas365.es\\\/noticias\\\/masterchef-junior-busca-amantes-de-la-cocina-para-su-quinta-edicion\\\/#organizationLogo\",\"width\":1152,\"height\":864,\"caption\":\"Cand\\u00e1s 365 Redes\"},\"image\":{\"@id\":\"https:\\\/\\\/candas365.es\\\/noticias\\\/masterchef-junior-busca-amantes-de-la-cocina-para-su-quinta-edicion\\\/#organizationLogo\"},\"sameAs\":[\"https:\\\/\\\/www.facebook.com\\\/Nachofdezber\",\"https:\\\/\\\/x.com\\\/NabercoDigital\",\"https:\\\/\\\/www.instagram.com\\\/nachofdezber\\\/\",\"https:\\\/\\\/www.youtube.com\\\/channel\\\/UCZP-2wLEB9Rv6erhFmqVnvg\"],\"address\":{\"@id\":\"https:\\\/\\\/candas365.es\\\/noticias\\\/#postaladdress\",\"@type\":\"PostalAddress\",\"streetAddress\":\"san antonio 4, san antonio 4\",\"postalCode\":\"33430\",\"addressLocality\":\"Cand\\u00e1s\",\"addressRegion\":\"Asturias\",\"addressCountry\":\"ES\"}},{\"@type\":\"Person\",\"@id\":\"https:\\\/\\\/candas365.es\\\/noticias\\\/author\\\/admin\\\/#author\",\"url\":\"https:\\\/\\\/candas365.es\\\/noticias\\\/author\\\/admin\\\/\",\"name\":\"Cand\\u00e1s 365\",\"image\":{\"@type\":\"ImageObject\",\"@id\":\"https:\\\/\\\/candas365.es\\\/noticias\\\/masterchef-junior-busca-amantes-de-la-cocina-para-su-quinta-edicion\\\/#authorImage\",\"url\":\"https:\\\/\\\/secure.gravatar.com\\\/avatar\\\/496a8e03d0c493ede1718b7934145dbdf8d89be1036b0eec9544e1094c9de390?s=96&d=mm&r=g\",\"width\":96,\"height\":96,\"caption\":\"Cand\\u00e1s 365\"},\"sameAs\":[\"https:\\\/\\\/www.facebook.com\\\/carrenoactualidad\",\"https:\\\/\\\/twitter.com\\\/nbasturias\",\"https:\\\/\\\/www.instagram.com\\\/nachofdezber\\\/\",\"https:\\\/\\\/www.youtube.com\\\/channel\\\/UCZP-2wLEB9Rv6erhFmqVnvg\"]},{\"@type\":\"WebPage\",\"@id\":\"https:\\\/\\\/candas365.es\\\/noticias\\\/masterchef-junior-busca-amantes-de-la-cocina-para-su-quinta-edicion\\\/#webpage\",\"url\":\"https:\\\/\\\/candas365.es\\\/noticias\\\/masterchef-junior-busca-amantes-de-la-cocina-para-su-quinta-edicion\\\/\",\"name\":\"\\u2018MasterChef Junior\\u2019 busca amantes de la cocina para su quinta edici\\u00f3n | Cand\\u00e1s 365\",\"description\":\"Pepe Rodr\\u00edguez Rey, Samantha Vallejo-N\\u00e1gera y Jordi Cruz tienen un nuevo cometido: buscar a amantes de la cocina entre 8 y 12 a\\u00f1os que quieran vivir una aventura espectacular en la quinta edici\\u00f3n de 'MasterChef Junior'. RTVE y Shine Iberia acaban de abrir la inscripci\\u00f3n al casting de la nueva edici\\u00f3n del talent infantil m\\u00e1s\",\"inLanguage\":\"es-ES\",\"isPartOf\":{\"@id\":\"https:\\\/\\\/candas365.es\\\/noticias\\\/#website\"},\"breadcrumb\":{\"@id\":\"https:\\\/\\\/candas365.es\\\/noticias\\\/masterchef-junior-busca-amantes-de-la-cocina-para-su-quinta-edicion\\\/#breadcrumblist\"},\"author\":{\"@id\":\"https:\\\/\\\/candas365.es\\\/noticias\\\/author\\\/admin\\\/#author\"},\"creator\":{\"@id\":\"https:\\\/\\\/candas365.es\\\/noticias\\\/author\\\/admin\\\/#author\"},\"image\":{\"@type\":\"ImageObject\",\"url\":\"https:\\\/\\\/candas365.es\\\/noticias\\\/wp-content\\\/uploads\\\/2017\\\/06\\\/MCj.jpg\",\"@id\":\"https:\\\/\\\/candas365.es\\\/noticias\\\/masterchef-junior-busca-amantes-de-la-cocina-para-su-quinta-edicion\\\/#mainImage\",\"width\":1180,\"height\":787},\"primaryImageOfPage\":{\"@id\":\"https:\\\/\\\/candas365.es\\\/noticias\\\/masterchef-junior-busca-amantes-de-la-cocina-para-su-quinta-edicion\\\/#mainImage\"},\"datePublished\":\"2017-06-05T12:37:14+02:00\",\"dateModified\":\"2017-06-05T12:37:14+02:00\"},{\"@type\":\"WebSite\",\"@id\":\"https:\\\/\\\/candas365.es\\\/noticias\\\/#website\",\"url\":\"https:\\\/\\\/candas365.es\\\/noticias\\\/\",\"name\":\"Cand\\u00e1s 365\",\"alternateName\":\"Cand\\u00e1s 365 Noticias\",\"description\":\"Actualidad desde Carre\\u00f1o para el mundo\",\"inLanguage\":\"es-ES\",\"publisher\":{\"@id\":\"https:\\\/\\\/candas365.es\\\/noticias\\\/#organization\"}}]}\n\t\t<\/script>\n\t\t<!-- All in One SEO Pro -->\r\n\t\t<title>\u2018MasterChef Junior\u2019 busca amantes de la cocina para su quinta edici\u00f3n | Cand\u00e1s 365<\/title>\n\n","aioseo_head_json":{"title":"\u2018MasterChef Junior\u2019 busca amantes de la cocina para su quinta edici\u00f3n | Cand\u00e1s 365","description":"Pepe Rodr\u00edguez Rey, Samantha Vallejo-N\u00e1gera y Jordi Cruz tienen un nuevo cometido: buscar a amantes de la cocina entre 8 y 12 a\u00f1os que quieran vivir una aventura espectacular en la quinta edici\u00f3n de 'MasterChef Junior'. RTVE y Shine Iberia acaban de abrir la inscripci\u00f3n al casting de la nueva edici\u00f3n del talent infantil m\u00e1s","canonical_url":"https:\/\/candas365.es\/noticias\/masterchef-junior-busca-amantes-de-la-cocina-para-su-quinta-edicion\/","robots":"max-image-preview:large","keywords":"agenda","webmasterTools":{"google-site-verification":"UA-32230408-1","msvalidate.01":"354F3CDFB2DA171B47FBE9ABF1F88D5","miscellaneous":""},"schema":{"@context":"https:\/\/schema.org","@graph":[{"@type":"BreadcrumbList","@id":"https:\/\/candas365.es\/noticias\/masterchef-junior-busca-amantes-de-la-cocina-para-su-quinta-edicion\/#breadcrumblist","itemListElement":[{"@type":"ListItem","@id":"https:\/\/candas365.es\/noticias#listItem","position":1,"name":"Home","item":"https:\/\/candas365.es\/noticias","nextItem":{"@type":"ListItem","@id":"https:\/\/candas365.es\/noticias\/category\/agenda\/#listItem","name":"Agenda"}},{"@type":"ListItem","@id":"https:\/\/candas365.es\/noticias\/category\/agenda\/#listItem","position":2,"name":"Agenda","item":"https:\/\/candas365.es\/noticias\/category\/agenda\/","nextItem":{"@type":"ListItem","@id":"https:\/\/candas365.es\/noticias\/masterchef-junior-busca-amantes-de-la-cocina-para-su-quinta-edicion\/#listItem","name":"&#8216;MasterChef Junior&#8217; busca amantes de la cocina para su quinta edici\u00f3n"},"previousItem":{"@type":"ListItem","@id":"https:\/\/candas365.es\/noticias#listItem","name":"Home"}},{"@type":"ListItem","@id":"https:\/\/candas365.es\/noticias\/masterchef-junior-busca-amantes-de-la-cocina-para-su-quinta-edicion\/#listItem","position":3,"name":"&#8216;MasterChef Junior&#8217; busca amantes de la cocina para su quinta edici\u00f3n","previousItem":{"@type":"ListItem","@id":"https:\/\/candas365.es\/noticias\/category\/agenda\/#listItem","name":"Agenda"}}]},{"@type":"NewsArticle","@id":"https:\/\/candas365.es\/noticias\/masterchef-junior-busca-amantes-de-la-cocina-para-su-quinta-edicion\/#newsarticle","name":"\u2018MasterChef Junior\u2019 busca amantes de la cocina para su quinta edici\u00f3n | Cand\u00e1s 365","headline":"&#8216;MasterChef Junior&#8217; busca amantes de la cocina para su quinta edici\u00f3n","author":{"@id":"https:\/\/candas365.es\/noticias\/author\/admin\/#author"},"publisher":{"@id":"https:\/\/candas365.es\/noticias\/#organization"},"image":{"@type":"ImageObject","url":"https:\/\/candas365.es\/noticias\/wp-content\/uploads\/2017\/06\/MCj.jpg","width":1180,"height":787},"datePublished":"2017-06-05T12:37:14+02:00","dateModified":"2017-06-05T12:37:14+02:00","inLanguage":"es-ES","mainEntityOfPage":{"@id":"https:\/\/candas365.es\/noticias\/masterchef-junior-busca-amantes-de-la-cocina-para-su-quinta-edicion\/#webpage"},"isPartOf":{"@id":"https:\/\/candas365.es\/noticias\/masterchef-junior-busca-amantes-de-la-cocina-para-su-quinta-edicion\/#webpage"},"articleSection":"Agenda","dateline":"Publicado el junio 5, 2017."},{"@type":"Organization","@id":"https:\/\/candas365.es\/noticias\/#organization","name":"Cand\u00e1s 365","description":"Cand\u00e1s 365 es un diario digital independiente, fundado en 2012, con base en Asturias. Informamos con rigor sobre actualidad, sociedad, cultura y ocio, con una mirada local y global.","url":"https:\/\/candas365.es\/noticias\/","email":"info@candas365.es","telephone":"+34652131393","foundingDate":"2012-06-10","logo":{"@type":"ImageObject","url":"https:\/\/candas365.es\/noticias\/wp-content\/uploads\/2024\/09\/Candas-365-Redes.jpg","@id":"https:\/\/candas365.es\/noticias\/masterchef-junior-busca-amantes-de-la-cocina-para-su-quinta-edicion\/#organizationLogo","width":1152,"height":864,"caption":"Cand\u00e1s 365 Redes"},"image":{"@id":"https:\/\/candas365.es\/noticias\/masterchef-junior-busca-amantes-de-la-cocina-para-su-quinta-edicion\/#organizationLogo"},"sameAs":["https:\/\/www.facebook.com\/Nachofdezber","https:\/\/x.com\/NabercoDigital","https:\/\/www.instagram.com\/nachofdezber\/","https:\/\/www.youtube.com\/channel\/UCZP-2wLEB9Rv6erhFmqVnvg"],"address":{"@id":"https:\/\/candas365.es\/noticias\/#postaladdress","@type":"PostalAddress","streetAddress":"san antonio 4, san antonio 4","postalCode":"33430","addressLocality":"Cand\u00e1s","addressRegion":"Asturias","addressCountry":"ES"}},{"@type":"Person","@id":"https:\/\/candas365.es\/noticias\/author\/admin\/#author","url":"https:\/\/candas365.es\/noticias\/author\/admin\/","name":"Cand\u00e1s 365","image":{"@type":"ImageObject","@id":"https:\/\/candas365.es\/noticias\/masterchef-junior-busca-amantes-de-la-cocina-para-su-quinta-edicion\/#authorImage","url":"https:\/\/secure.gravatar.com\/avatar\/496a8e03d0c493ede1718b7934145dbdf8d89be1036b0eec9544e1094c9de390?s=96&d=mm&r=g","width":96,"height":96,"caption":"Cand\u00e1s 365"},"sameAs":["https:\/\/www.facebook.com\/carrenoactualidad","https:\/\/twitter.com\/nbasturias","https:\/\/www.instagram.com\/nachofdezber\/","https:\/\/www.youtube.com\/channel\/UCZP-2wLEB9Rv6erhFmqVnvg"]},{"@type":"WebPage","@id":"https:\/\/candas365.es\/noticias\/masterchef-junior-busca-amantes-de-la-cocina-para-su-quinta-edicion\/#webpage","url":"https:\/\/candas365.es\/noticias\/masterchef-junior-busca-amantes-de-la-cocina-para-su-quinta-edicion\/","name":"\u2018MasterChef Junior\u2019 busca amantes de la cocina para su quinta edici\u00f3n | Cand\u00e1s 365","description":"Pepe Rodr\u00edguez Rey, Samantha Vallejo-N\u00e1gera y Jordi Cruz tienen un nuevo cometido: buscar a amantes de la cocina entre 8 y 12 a\u00f1os que quieran vivir una aventura espectacular en la quinta edici\u00f3n de 'MasterChef Junior'. RTVE y Shine Iberia acaban de abrir la inscripci\u00f3n al casting de la nueva edici\u00f3n del talent infantil m\u00e1s","inLanguage":"es-ES","isPartOf":{"@id":"https:\/\/candas365.es\/noticias\/#website"},"breadcrumb":{"@id":"https:\/\/candas365.es\/noticias\/masterchef-junior-busca-amantes-de-la-cocina-para-su-quinta-edicion\/#breadcrumblist"},"author":{"@id":"https:\/\/candas365.es\/noticias\/author\/admin\/#author"},"creator":{"@id":"https:\/\/candas365.es\/noticias\/author\/admin\/#author"},"image":{"@type":"ImageObject","url":"https:\/\/candas365.es\/noticias\/wp-content\/uploads\/2017\/06\/MCj.jpg","@id":"https:\/\/candas365.es\/noticias\/masterchef-junior-busca-amantes-de-la-cocina-para-su-quinta-edicion\/#mainImage","width":1180,"height":787},"primaryImageOfPage":{"@id":"https:\/\/candas365.es\/noticias\/masterchef-junior-busca-amantes-de-la-cocina-para-su-quinta-edicion\/#mainImage"},"datePublished":"2017-06-05T12:37:14+02:00","dateModified":"2017-06-05T12:37:14+02:00"},{"@type":"WebSite","@id":"https:\/\/candas365.es\/noticias\/#website","url":"https:\/\/candas365.es\/noticias\/","name":"Cand\u00e1s 365","alternateName":"Cand\u00e1s 365 Noticias","description":"Actualidad desde Carre\u00f1o para el mundo","inLanguage":"es-ES","publisher":{"@id":"https:\/\/candas365.es\/noticias\/#organization"}}]},"og:locale":"es_ES","og:site_name":"Cand\u00e1s 365","og:type":"article","og:title":"\u2018MasterChef Junior\u2019 busca amantes de la cocina para su quinta edici\u00f3n | Cand\u00e1s 365","og:description":"Pepe Rodr\u00edguez Rey, Samantha Vallejo-N\u00e1gera y Jordi Cruz tienen un nuevo cometido: buscar a amantes de la cocina entre 8 y 12 a\u00f1os que quieran vivir una aventura espectacular en la quinta edici\u00f3n de 'MasterChef Junior'. RTVE y Shine Iberia acaban de abrir la inscripci\u00f3n al casting de la nueva edici\u00f3n del talent infantil m\u00e1s","og:url":"https:\/\/candas365.es\/noticias\/masterchef-junior-busca-amantes-de-la-cocina-para-su-quinta-edicion\/","og:image":"https:\/\/candas365.es\/noticias\/wp-content\/uploads\/2017\/06\/MCj.jpg","og:image:secure_url":"https:\/\/candas365.es\/noticias\/wp-content\/uploads\/2017\/06\/MCj.jpg","og:image:width":1180,"og:image:height":787,"article:published_time":"2017-06-05T12:37:14+00:00","article:modified_time":"2017-06-05T12:37:14+00:00","article:publisher":"https:\/\/www.facebook.com\/Nachofdezber","article:author":"https:\/\/www.facebook.com\/carrenoactualidad","twitter:card":"summary_large_image","twitter:site":"@NabercoDigital","twitter:title":"\u2018MasterChef Junior\u2019 busca amantes de la cocina para su quinta edici\u00f3n | Cand\u00e1s 365","twitter:description":"Pepe Rodr\u00edguez Rey, Samantha Vallejo-N\u00e1gera y Jordi Cruz tienen un nuevo cometido: buscar a amantes de la cocina entre 8 y 12 a\u00f1os que quieran vivir una aventura espectacular en la quinta edici\u00f3n de 'MasterChef Junior'. RTVE y Shine Iberia acaban de abrir la inscripci\u00f3n al casting de la nueva edici\u00f3n del talent infantil m\u00e1s","twitter:creator":"@nbasturias","twitter:image":"https:\/\/candas365.es\/noticias\/wp-content\/uploads\/2017\/06\/MCj.jpg","twitter:label1":"Escrito por","twitter:data1":"Cand\u00e1s 365","twitter:label2":"Tiempo de lectura estimado","twitter:data2":"1 minuto"},"aioseo_meta_data":{"post_id":"72815","title":null,"description":null,"keywords":null,"keyphrases":null,"primary_term":null,"canonical_url":null,"og_title":null,"og_description":null,"og_object_type":"default","og_image_type":"default","og_image_url":null,"og_image_width":null,"og_image_height":null,"og_image_custom_url":null,"og_image_custom_fields":null,"og_video":null,"og_custom_url":null,"og_article_section":null,"og_article_tags":null,"twitter_use_og":false,"twitter_card":"default","twitter_image_type":"default","twitter_image_url":null,"twitter_image_custom_url":null,"twitter_image_custom_fields":null,"twitter_title":null,"twitter_description":null,"schema":{"blockGraphs":[],"customGraphs":[],"default":{"data":{"Article":[],"Course":[],"Dataset":[],"FAQPage":[],"Movie":[],"Person":[],"Product":[],"ProductReview":[],"Car":[],"Recipe":[],"Service":[],"SoftwareApplication":[],"WebPage":[]},"graphName":"","isEnabled":true},"graphs":[]},"schema_type":null,"schema_type_options":null,"pillar_content":false,"robots_default":true,"robots_noindex":false,"robots_noarchive":false,"robots_nosnippet":false,"robots_nofollow":false,"robots_noimageindex":false,"robots_noodp":false,"robots_notranslate":false,"robots_max_snippet":null,"robots_max_videopreview":null,"robots_max_imagepreview":"large","priority":null,"frequency":null,"location":null,"local_seo":null,"seo_analyzer_scan_date":"2025-08-25 15:21:12","breadcrumb_settings":null,"limit_modified_date":false,"reviewed_by":null,"open_ai":null,"ai":null,"created":"2020-12-21 10:51:55","updated":"2025-08-25 15:21:12"},"aioseo_breadcrumb":"<div class=\"aioseo-breadcrumbs\"><span class=\"aioseo-breadcrumb\">\n\t<a href=\"https:\/\/candas365.es\/noticias\" title=\"Home\">Home<\/a>\n<\/span><span class=\"aioseo-breadcrumb-separator\">&ndash;<\/span><span class=\"aioseo-breadcrumb\">\n\t<a href=\"https:\/\/candas365.es\/noticias\/category\/agenda\/\" title=\"Agenda\">Agenda<\/a>\n<\/span><span class=\"aioseo-breadcrumb-separator\">&ndash;<\/span><span class=\"aioseo-breadcrumb\">\n\t\u2018MasterChef Junior\u2019 busca amantes de la cocina para su quinta edici\u00f3n\n<\/span><\/div>","aioseo_breadcrumb_json":[{"label":"Home","link":"https:\/\/candas365.es\/noticias"},{"label":"Agenda","link":"https:\/\/candas365.es\/noticias\/category\/agenda\/"},{"label":"&#8216;MasterChef Junior&#8217; busca amantes de la cocina para su quinta edici\u00f3n","link":"https:\/\/candas365.es\/noticias\/masterchef-junior-busca-amantes-de-la-cocina-para-su-quinta-edicion\/"}],"_links":{"self":[{"href":"https:\/\/candas365.es\/noticias\/wp-json\/wp\/v2\/posts\/72815","targetHints":{"allow":["GET"]}}],"collection":[{"href":"https:\/\/candas365.es\/noticias\/wp-json\/wp\/v2\/posts"}],"about":[{"href":"https:\/\/candas365.es\/noticias\/wp-json\/wp\/v2\/types\/post"}],"author":[{"embeddable":true,"href":"https:\/\/candas365.es\/noticias\/wp-json\/wp\/v2\/users\/1"}],"replies":[{"embeddable":true,"href":"https:\/\/candas365.es\/noticias\/wp-json\/wp\/v2\/comments?post=72815"}],"version-history":[{"count":0,"href":"https:\/\/candas365.es\/noticias\/wp-json\/wp\/v2\/posts\/72815\/revisions"}],"wp:featuredmedia":[{"embeddable":true,"href":"https:\/\/candas365.es\/noticias\/wp-json\/wp\/v2\/media\/72816"}],"wp:attachment":[{"href":"https:\/\/candas365.es\/noticias\/wp-json\/wp\/v2\/media?parent=72815"}],"wp:term":[{"taxonomy":"category","embeddable":true,"href":"https:\/\/candas365.es\/noticias\/wp-json\/wp\/v2\/categories?post=72815"},{"taxonomy":"post_tag","embeddable":true,"href":"https:\/\/candas365.es\/noticias\/wp-json\/wp\/v2\/tags?post=72815"}],"curies":[{"name":"wp","href":"https:\/\/api.w.org\/{rel}","templated":true}]}}