{"id":72811,"date":"2017-06-05T12:31:47","date_gmt":"2017-06-05T12:31:47","guid":{"rendered":"http:\/\/candas365.es\/noticias\/?p=72811"},"modified":"2017-06-05T12:31:47","modified_gmt":"2017-06-05T12:31:47","slug":"documentos-tv-estrena-realidades-extremas","status":"publish","type":"post","link":"https:\/\/candas365.es\/noticias\/documentos-tv-estrena-realidades-extremas\/","title":{"rendered":"&#8216;Documentos TV&#8217; estrena &#8216;Realidades extremas&#8217;"},"content":{"rendered":"<p><img fetchpriority=\"high\" decoding=\"async\" class=\"alignleft size-medium wp-image-72809\" src=\"https:\/\/candas365.es\/noticias\/wp-content\/uploads\/2017\/06\/1496330500242-360x240.jpg\" alt=\"\" width=\"360\" height=\"240\" srcset=\"https:\/\/candas365.es\/noticias\/wp-content\/uploads\/2017\/06\/1496330500242-360x240.jpg 360w, https:\/\/candas365.es\/noticias\/wp-content\/uploads\/2017\/06\/1496330500242-768x512.jpg 768w, https:\/\/candas365.es\/noticias\/wp-content\/uploads\/2017\/06\/1496330500242-655x436.jpg 655w, https:\/\/candas365.es\/noticias\/wp-content\/uploads\/2017\/06\/1496330500242-696x464.jpg 696w, https:\/\/candas365.es\/noticias\/wp-content\/uploads\/2017\/06\/1496330500242-630x420.jpg 630w, https:\/\/candas365.es\/noticias\/wp-content\/uploads\/2017\/06\/1496330500242-84x55.jpg 84w, https:\/\/candas365.es\/noticias\/wp-content\/uploads\/2017\/06\/1496330500242.jpg 800w\" sizes=\"(max-width: 360px) 100vw, 360px\" \/>&#8216;Documentos TV&#8217; estrena &#8216;Realidades extremas&#8217;, que muestra los riesgos asociados al cambio clim\u00e1tico que generan una delicada relaci\u00f3n entre la poblaci\u00f3n y el planeta. La conexi\u00f3n entre los fen\u00f3menos meteorol\u00f3gicos extremos y las crisis econ\u00f3micas, sociales y sanitarias se est\u00e1 convirtiendo en uno de los principales problemas de la pol\u00edtica exterior. &#8216;Documentos TV&#8217; es uno de los espacios de RTVE que se une esta semana a la iniciativa de RTVE &#8216;Concienciados con el Medio Ambiente&#8217;.<\/p>\n<p>&#8216;Realidades extremas&#8217; analiza minuciosamente, la fragilidad y la vulnerabilidad de la poblaci\u00f3n, ante las consecuencias que el cambio clim\u00e1tico provoca en el sistema econ\u00f3mico, social y sanitario de las naciones afectadas. \u201cEl cambio clim\u00e1tico ya es una causa de la violencia. No va a pasar en el futuro; ya est\u00e1 pasando\u201d, afirma Christian Parenti, un periodista que trabaja en las zonas de guerra m\u00e1s peligrosas del mundo.<\/p>\n<p>La seguridad del planeta se ve comprometida por los efectos del clima err\u00e1tico como las sequ\u00edas prolongadas, fuertes olas de calor, graves inundaciones. Sus consecuencias son refugiados medioambientales, muertes tribales o conflictos armados. \u201cTenemos que entender que existe una nueva geopol\u00edtica del \u00c1rtico, que va a emerger en las pr\u00f3ximas d\u00e9cadas\u201d, asegura Sherry Goodman, la exsubsecretaria del Departamento de Defensa de Estados Unidos en el documental.<\/p>\n<p>\u00bfPuede un fen\u00f3meno clim\u00e1tico extremo, junto con una serie de reivindicaciones econ\u00f3micas y de derechos humanos, contribuir a la ca\u00edda de reg\u00edmenes pol\u00edticos y poner en riesgo la estabilidad de toda una zona? \u201cEl cambio clim\u00e1tico lleva a la gente al l\u00edmite y pasa r\u00e1pidamente de ser un problema econ\u00f3mico local a ser un problema pol\u00edtico local y entonces se convierte en un problema de seguridad global\u201d, sostiene el vicepresidente de Oxfam.<\/p>\n<p>Esta es la nueva normalidad. La realidad actual es un planeta asediado por m\u00e1s cat\u00e1strofes clim\u00e1ticas extremas, de las registradas hasta ahora en los \u00faltimos cien a\u00f1os. Y este cambio clim\u00e1tico se ha convertido en uno de los principales problemas de la pol\u00edtica exterior del siglo XXI.<\/p>\n<p>&nbsp;<\/p>\n","protected":false},"excerpt":{"rendered":"<p>&#8216;Documentos TV&#8217; estrena &#8216;Realidades extremas&#8217;, que muestra los riesgos asociados al cambio clim\u00e1tico que generan una delicada relaci\u00f3n entre la poblaci\u00f3n y el planeta. La conexi\u00f3n entre los fen\u00f3menos meteorol\u00f3gicos extremos y las crisis econ\u00f3micas, sociales y sanitarias se est\u00e1 convirtiendo en uno de los principales problemas de la pol\u00edtica exterior. &#8216;Documentos TV&#8217; es uno<\/p>\n","protected":false},"author":1,"featured_media":72809,"comment_status":"open","ping_status":"closed","sticky":false,"template":"","format":"standard","meta":{"footnotes":""},"categories":[1],"tags":[],"class_list":{"0":"post-72811","1":"post","2":"type-post","3":"status-publish","4":"format-standard","5":"has-post-thumbnail","7":"category-agenda"},"aioseo_notices":[],"aioseo_head":"\n\t\t<!-- All in One SEO Pro 4.9.6.2 - aioseo.com -->\n\t<meta name=\"description\" content=\"&#039;Documentos TV&#039; estrena &#039;Realidades extremas&#039;, que muestra los riesgos asociados al cambio clim\u00e1tico que generan una delicada relaci\u00f3n entre la poblaci\u00f3n y el planeta. La conexi\u00f3n entre los fen\u00f3menos meteorol\u00f3gicos extremos y las crisis econ\u00f3micas, sociales y sanitarias se est\u00e1 convirtiendo en uno de los principales problemas de la pol\u00edtica exterior. &#039;Documentos TV&#039; es uno\" \/>\n\t<meta name=\"robots\" content=\"max-image-preview:large\" \/>\n\t<meta name=\"author\" content=\"Cand\u00e1s 365\"\/>\n\t<meta name=\"google-site-verification\" content=\"UA-32230408-1\" \/>\n\t<meta name=\"msvalidate.01\" content=\"354F3CDFB2DA171B47FBE9ABF1F88D5\" \/>\n\t<meta name=\"keywords\" content=\"agenda\" \/>\n\t<link rel=\"canonical\" href=\"https:\/\/candas365.es\/noticias\/documentos-tv-estrena-realidades-extremas\/\" \/>\n\t<meta name=\"generator\" content=\"All in One SEO Pro (AIOSEO) 4.9.6.2\" \/>\n\t\t<meta property=\"og:locale\" content=\"es_ES\" \/>\n\t\t<meta property=\"og:site_name\" content=\"Cand\u00e1s 365\" \/>\n\t\t<meta property=\"og:type\" content=\"article\" \/>\n\t\t<meta property=\"og:title\" content=\"\u2018Documentos TV\u2019 estrena \u2018Realidades extremas\u2019 | Cand\u00e1s 365\" \/>\n\t\t<meta property=\"og:description\" content=\"&#039;Documentos TV&#039; estrena &#039;Realidades extremas&#039;, que muestra los riesgos asociados al cambio clim\u00e1tico que generan una delicada relaci\u00f3n entre la poblaci\u00f3n y el planeta. La conexi\u00f3n entre los fen\u00f3menos meteorol\u00f3gicos extremos y las crisis econ\u00f3micas, sociales y sanitarias se est\u00e1 convirtiendo en uno de los principales problemas de la pol\u00edtica exterior. &#039;Documentos TV&#039; es uno\" \/>\n\t\t<meta property=\"og:url\" content=\"https:\/\/candas365.es\/noticias\/documentos-tv-estrena-realidades-extremas\/\" \/>\n\t\t<meta property=\"og:image\" content=\"https:\/\/candas365.es\/noticias\/wp-content\/uploads\/2017\/06\/1496330500242.jpg\" \/>\n\t\t<meta property=\"og:image:secure_url\" content=\"https:\/\/candas365.es\/noticias\/wp-content\/uploads\/2017\/06\/1496330500242.jpg\" \/>\n\t\t<meta property=\"og:image:width\" content=\"800\" \/>\n\t\t<meta property=\"og:image:height\" content=\"533\" \/>\n\t\t<meta property=\"article:published_time\" content=\"2017-06-05T12:31:47+00:00\" \/>\n\t\t<meta property=\"article:modified_time\" content=\"2017-06-05T12:31:47+00:00\" \/>\n\t\t<meta property=\"article:publisher\" content=\"https:\/\/www.facebook.com\/Nachofdezber\" \/>\n\t\t<meta property=\"article:author\" content=\"https:\/\/www.facebook.com\/carrenoactualidad\" \/>\n\t\t<meta name=\"twitter:card\" content=\"summary_large_image\" \/>\n\t\t<meta name=\"twitter:site\" content=\"@NabercoDigital\" \/>\n\t\t<meta name=\"twitter:title\" content=\"\u2018Documentos TV\u2019 estrena \u2018Realidades extremas\u2019 | Cand\u00e1s 365\" \/>\n\t\t<meta name=\"twitter:description\" content=\"&#039;Documentos TV&#039; estrena &#039;Realidades extremas&#039;, que muestra los riesgos asociados al cambio clim\u00e1tico que generan una delicada relaci\u00f3n entre la poblaci\u00f3n y el planeta. La conexi\u00f3n entre los fen\u00f3menos meteorol\u00f3gicos extremos y las crisis econ\u00f3micas, sociales y sanitarias se est\u00e1 convirtiendo en uno de los principales problemas de la pol\u00edtica exterior. &#039;Documentos TV&#039; es uno\" \/>\n\t\t<meta name=\"twitter:creator\" content=\"@nbasturias\" \/>\n\t\t<meta name=\"twitter:image\" content=\"https:\/\/candas365.es\/noticias\/wp-content\/uploads\/2017\/06\/1496330500242.jpg\" \/>\n\t\t<meta name=\"twitter:label1\" content=\"Escrito por\" \/>\n\t\t<meta name=\"twitter:data1\" content=\"Cand\u00e1s 365\" \/>\n\t\t<meta name=\"twitter:label2\" content=\"Tiempo de lectura estimado\" \/>\n\t\t<meta name=\"twitter:data2\" content=\"2 minutos\" \/>\n\t\t<script type=\"application\/ld+json\" class=\"aioseo-schema\">\n\t\t\t{\"@context\":\"https:\\\/\\\/schema.org\",\"@graph\":[{\"@type\":\"BreadcrumbList\",\"@id\":\"https:\\\/\\\/candas365.es\\\/noticias\\\/documentos-tv-estrena-realidades-extremas\\\/#breadcrumblist\",\"itemListElement\":[{\"@type\":\"ListItem\",\"@id\":\"https:\\\/\\\/candas365.es\\\/noticias#listItem\",\"position\":1,\"name\":\"Home\",\"item\":\"https:\\\/\\\/candas365.es\\\/noticias\",\"nextItem\":{\"@type\":\"ListItem\",\"@id\":\"https:\\\/\\\/candas365.es\\\/noticias\\\/category\\\/agenda\\\/#listItem\",\"name\":\"Agenda\"}},{\"@type\":\"ListItem\",\"@id\":\"https:\\\/\\\/candas365.es\\\/noticias\\\/category\\\/agenda\\\/#listItem\",\"position\":2,\"name\":\"Agenda\",\"item\":\"https:\\\/\\\/candas365.es\\\/noticias\\\/category\\\/agenda\\\/\",\"nextItem\":{\"@type\":\"ListItem\",\"@id\":\"https:\\\/\\\/candas365.es\\\/noticias\\\/documentos-tv-estrena-realidades-extremas\\\/#listItem\",\"name\":\"&#8216;Documentos TV&#8217; estrena &#8216;Realidades extremas&#8217;\"},\"previousItem\":{\"@type\":\"ListItem\",\"@id\":\"https:\\\/\\\/candas365.es\\\/noticias#listItem\",\"name\":\"Home\"}},{\"@type\":\"ListItem\",\"@id\":\"https:\\\/\\\/candas365.es\\\/noticias\\\/documentos-tv-estrena-realidades-extremas\\\/#listItem\",\"position\":3,\"name\":\"&#8216;Documentos TV&#8217; estrena &#8216;Realidades extremas&#8217;\",\"previousItem\":{\"@type\":\"ListItem\",\"@id\":\"https:\\\/\\\/candas365.es\\\/noticias\\\/category\\\/agenda\\\/#listItem\",\"name\":\"Agenda\"}}]},{\"@type\":\"NewsArticle\",\"@id\":\"https:\\\/\\\/candas365.es\\\/noticias\\\/documentos-tv-estrena-realidades-extremas\\\/#newsarticle\",\"name\":\"\\u2018Documentos TV\\u2019 estrena \\u2018Realidades extremas\\u2019 | Cand\\u00e1s 365\",\"headline\":\"&#8216;Documentos TV&#8217; estrena &#8216;Realidades extremas&#8217;\",\"author\":{\"@id\":\"https:\\\/\\\/candas365.es\\\/noticias\\\/author\\\/admin\\\/#author\"},\"publisher\":{\"@id\":\"https:\\\/\\\/candas365.es\\\/noticias\\\/#organization\"},\"image\":{\"@type\":\"ImageObject\",\"url\":\"https:\\\/\\\/candas365.es\\\/noticias\\\/wp-content\\\/uploads\\\/2017\\\/06\\\/1496330500242.jpg\",\"width\":800,\"height\":533},\"datePublished\":\"2017-06-05T12:31:47+02:00\",\"dateModified\":\"2017-06-05T12:31:47+02:00\",\"inLanguage\":\"es-ES\",\"mainEntityOfPage\":{\"@id\":\"https:\\\/\\\/candas365.es\\\/noticias\\\/documentos-tv-estrena-realidades-extremas\\\/#webpage\"},\"isPartOf\":{\"@id\":\"https:\\\/\\\/candas365.es\\\/noticias\\\/documentos-tv-estrena-realidades-extremas\\\/#webpage\"},\"articleSection\":\"Agenda\",\"dateline\":\"Publicado el junio 5, 2017.\"},{\"@type\":\"Organization\",\"@id\":\"https:\\\/\\\/candas365.es\\\/noticias\\\/#organization\",\"name\":\"Cand\\u00e1s 365\",\"description\":\"Cand\\u00e1s 365 es un diario digital independiente, fundado en 2012, con base en Asturias. Informamos con rigor sobre actualidad, sociedad, cultura y ocio, con una mirada local y global.\",\"url\":\"https:\\\/\\\/candas365.es\\\/noticias\\\/\",\"email\":\"info@candas365.es\",\"telephone\":\"+34652131393\",\"foundingDate\":\"2012-06-10\",\"logo\":{\"@type\":\"ImageObject\",\"url\":\"https:\\\/\\\/candas365.es\\\/noticias\\\/wp-content\\\/uploads\\\/2024\\\/09\\\/Candas-365-Redes.jpg\",\"@id\":\"https:\\\/\\\/candas365.es\\\/noticias\\\/documentos-tv-estrena-realidades-extremas\\\/#organizationLogo\",\"width\":1152,\"height\":864,\"caption\":\"Cand\\u00e1s 365 Redes\"},\"image\":{\"@id\":\"https:\\\/\\\/candas365.es\\\/noticias\\\/documentos-tv-estrena-realidades-extremas\\\/#organizationLogo\"},\"sameAs\":[\"https:\\\/\\\/www.facebook.com\\\/Nachofdezber\",\"https:\\\/\\\/x.com\\\/NabercoDigital\",\"https:\\\/\\\/www.instagram.com\\\/nachofdezber\\\/\",\"https:\\\/\\\/www.youtube.com\\\/channel\\\/UCZP-2wLEB9Rv6erhFmqVnvg\"],\"address\":{\"@id\":\"https:\\\/\\\/candas365.es\\\/noticias\\\/#postaladdress\",\"@type\":\"PostalAddress\",\"streetAddress\":\"san antonio 4, san antonio 4\",\"postalCode\":\"33430\",\"addressLocality\":\"Cand\\u00e1s\",\"addressRegion\":\"Asturias\",\"addressCountry\":\"ES\"}},{\"@type\":\"Person\",\"@id\":\"https:\\\/\\\/candas365.es\\\/noticias\\\/author\\\/admin\\\/#author\",\"url\":\"https:\\\/\\\/candas365.es\\\/noticias\\\/author\\\/admin\\\/\",\"name\":\"Cand\\u00e1s 365\",\"image\":{\"@type\":\"ImageObject\",\"@id\":\"https:\\\/\\\/candas365.es\\\/noticias\\\/documentos-tv-estrena-realidades-extremas\\\/#authorImage\",\"url\":\"https:\\\/\\\/secure.gravatar.com\\\/avatar\\\/496a8e03d0c493ede1718b7934145dbdf8d89be1036b0eec9544e1094c9de390?s=96&d=mm&r=g\",\"width\":96,\"height\":96,\"caption\":\"Cand\\u00e1s 365\"},\"sameAs\":[\"https:\\\/\\\/www.facebook.com\\\/carrenoactualidad\",\"https:\\\/\\\/twitter.com\\\/nbasturias\",\"https:\\\/\\\/www.instagram.com\\\/nachofdezber\\\/\",\"https:\\\/\\\/www.youtube.com\\\/channel\\\/UCZP-2wLEB9Rv6erhFmqVnvg\"]},{\"@type\":\"WebPage\",\"@id\":\"https:\\\/\\\/candas365.es\\\/noticias\\\/documentos-tv-estrena-realidades-extremas\\\/#webpage\",\"url\":\"https:\\\/\\\/candas365.es\\\/noticias\\\/documentos-tv-estrena-realidades-extremas\\\/\",\"name\":\"\\u2018Documentos TV\\u2019 estrena \\u2018Realidades extremas\\u2019 | Cand\\u00e1s 365\",\"description\":\"'Documentos TV' estrena 'Realidades extremas', que muestra los riesgos asociados al cambio clim\\u00e1tico que generan una delicada relaci\\u00f3n entre la poblaci\\u00f3n y el planeta. La conexi\\u00f3n entre los fen\\u00f3menos meteorol\\u00f3gicos extremos y las crisis econ\\u00f3micas, sociales y sanitarias se est\\u00e1 convirtiendo en uno de los principales problemas de la pol\\u00edtica exterior. 'Documentos TV' es uno\",\"inLanguage\":\"es-ES\",\"isPartOf\":{\"@id\":\"https:\\\/\\\/candas365.es\\\/noticias\\\/#website\"},\"breadcrumb\":{\"@id\":\"https:\\\/\\\/candas365.es\\\/noticias\\\/documentos-tv-estrena-realidades-extremas\\\/#breadcrumblist\"},\"author\":{\"@id\":\"https:\\\/\\\/candas365.es\\\/noticias\\\/author\\\/admin\\\/#author\"},\"creator\":{\"@id\":\"https:\\\/\\\/candas365.es\\\/noticias\\\/author\\\/admin\\\/#author\"},\"image\":{\"@type\":\"ImageObject\",\"url\":\"https:\\\/\\\/candas365.es\\\/noticias\\\/wp-content\\\/uploads\\\/2017\\\/06\\\/1496330500242.jpg\",\"@id\":\"https:\\\/\\\/candas365.es\\\/noticias\\\/documentos-tv-estrena-realidades-extremas\\\/#mainImage\",\"width\":800,\"height\":533},\"primaryImageOfPage\":{\"@id\":\"https:\\\/\\\/candas365.es\\\/noticias\\\/documentos-tv-estrena-realidades-extremas\\\/#mainImage\"},\"datePublished\":\"2017-06-05T12:31:47+02:00\",\"dateModified\":\"2017-06-05T12:31:47+02:00\"},{\"@type\":\"WebSite\",\"@id\":\"https:\\\/\\\/candas365.es\\\/noticias\\\/#website\",\"url\":\"https:\\\/\\\/candas365.es\\\/noticias\\\/\",\"name\":\"Cand\\u00e1s 365\",\"alternateName\":\"Cand\\u00e1s 365 Noticias\",\"description\":\"Actualidad desde Carre\\u00f1o para el mundo\",\"inLanguage\":\"es-ES\",\"publisher\":{\"@id\":\"https:\\\/\\\/candas365.es\\\/noticias\\\/#organization\"}}]}\n\t\t<\/script>\n\t\t<!-- All in One SEO Pro -->\r\n\t\t<title>\u2018Documentos TV\u2019 estrena \u2018Realidades extremas\u2019 | Cand\u00e1s 365<\/title>\n\n","aioseo_head_json":{"title":"\u2018Documentos TV\u2019 estrena \u2018Realidades extremas\u2019 | Cand\u00e1s 365","description":"'Documentos TV' estrena 'Realidades extremas', que muestra los riesgos asociados al cambio clim\u00e1tico que generan una delicada relaci\u00f3n entre la poblaci\u00f3n y el planeta. La conexi\u00f3n entre los fen\u00f3menos meteorol\u00f3gicos extremos y las crisis econ\u00f3micas, sociales y sanitarias se est\u00e1 convirtiendo en uno de los principales problemas de la pol\u00edtica exterior. 'Documentos TV' es uno","canonical_url":"https:\/\/candas365.es\/noticias\/documentos-tv-estrena-realidades-extremas\/","robots":"max-image-preview:large","keywords":"agenda","webmasterTools":{"google-site-verification":"UA-32230408-1","msvalidate.01":"354F3CDFB2DA171B47FBE9ABF1F88D5","miscellaneous":""},"schema":{"@context":"https:\/\/schema.org","@graph":[{"@type":"BreadcrumbList","@id":"https:\/\/candas365.es\/noticias\/documentos-tv-estrena-realidades-extremas\/#breadcrumblist","itemListElement":[{"@type":"ListItem","@id":"https:\/\/candas365.es\/noticias#listItem","position":1,"name":"Home","item":"https:\/\/candas365.es\/noticias","nextItem":{"@type":"ListItem","@id":"https:\/\/candas365.es\/noticias\/category\/agenda\/#listItem","name":"Agenda"}},{"@type":"ListItem","@id":"https:\/\/candas365.es\/noticias\/category\/agenda\/#listItem","position":2,"name":"Agenda","item":"https:\/\/candas365.es\/noticias\/category\/agenda\/","nextItem":{"@type":"ListItem","@id":"https:\/\/candas365.es\/noticias\/documentos-tv-estrena-realidades-extremas\/#listItem","name":"&#8216;Documentos TV&#8217; estrena &#8216;Realidades extremas&#8217;"},"previousItem":{"@type":"ListItem","@id":"https:\/\/candas365.es\/noticias#listItem","name":"Home"}},{"@type":"ListItem","@id":"https:\/\/candas365.es\/noticias\/documentos-tv-estrena-realidades-extremas\/#listItem","position":3,"name":"&#8216;Documentos TV&#8217; estrena &#8216;Realidades extremas&#8217;","previousItem":{"@type":"ListItem","@id":"https:\/\/candas365.es\/noticias\/category\/agenda\/#listItem","name":"Agenda"}}]},{"@type":"NewsArticle","@id":"https:\/\/candas365.es\/noticias\/documentos-tv-estrena-realidades-extremas\/#newsarticle","name":"\u2018Documentos TV\u2019 estrena \u2018Realidades extremas\u2019 | Cand\u00e1s 365","headline":"&#8216;Documentos TV&#8217; estrena &#8216;Realidades extremas&#8217;","author":{"@id":"https:\/\/candas365.es\/noticias\/author\/admin\/#author"},"publisher":{"@id":"https:\/\/candas365.es\/noticias\/#organization"},"image":{"@type":"ImageObject","url":"https:\/\/candas365.es\/noticias\/wp-content\/uploads\/2017\/06\/1496330500242.jpg","width":800,"height":533},"datePublished":"2017-06-05T12:31:47+02:00","dateModified":"2017-06-05T12:31:47+02:00","inLanguage":"es-ES","mainEntityOfPage":{"@id":"https:\/\/candas365.es\/noticias\/documentos-tv-estrena-realidades-extremas\/#webpage"},"isPartOf":{"@id":"https:\/\/candas365.es\/noticias\/documentos-tv-estrena-realidades-extremas\/#webpage"},"articleSection":"Agenda","dateline":"Publicado el junio 5, 2017."},{"@type":"Organization","@id":"https:\/\/candas365.es\/noticias\/#organization","name":"Cand\u00e1s 365","description":"Cand\u00e1s 365 es un diario digital independiente, fundado en 2012, con base en Asturias. Informamos con rigor sobre actualidad, sociedad, cultura y ocio, con una mirada local y global.","url":"https:\/\/candas365.es\/noticias\/","email":"info@candas365.es","telephone":"+34652131393","foundingDate":"2012-06-10","logo":{"@type":"ImageObject","url":"https:\/\/candas365.es\/noticias\/wp-content\/uploads\/2024\/09\/Candas-365-Redes.jpg","@id":"https:\/\/candas365.es\/noticias\/documentos-tv-estrena-realidades-extremas\/#organizationLogo","width":1152,"height":864,"caption":"Cand\u00e1s 365 Redes"},"image":{"@id":"https:\/\/candas365.es\/noticias\/documentos-tv-estrena-realidades-extremas\/#organizationLogo"},"sameAs":["https:\/\/www.facebook.com\/Nachofdezber","https:\/\/x.com\/NabercoDigital","https:\/\/www.instagram.com\/nachofdezber\/","https:\/\/www.youtube.com\/channel\/UCZP-2wLEB9Rv6erhFmqVnvg"],"address":{"@id":"https:\/\/candas365.es\/noticias\/#postaladdress","@type":"PostalAddress","streetAddress":"san antonio 4, san antonio 4","postalCode":"33430","addressLocality":"Cand\u00e1s","addressRegion":"Asturias","addressCountry":"ES"}},{"@type":"Person","@id":"https:\/\/candas365.es\/noticias\/author\/admin\/#author","url":"https:\/\/candas365.es\/noticias\/author\/admin\/","name":"Cand\u00e1s 365","image":{"@type":"ImageObject","@id":"https:\/\/candas365.es\/noticias\/documentos-tv-estrena-realidades-extremas\/#authorImage","url":"https:\/\/secure.gravatar.com\/avatar\/496a8e03d0c493ede1718b7934145dbdf8d89be1036b0eec9544e1094c9de390?s=96&d=mm&r=g","width":96,"height":96,"caption":"Cand\u00e1s 365"},"sameAs":["https:\/\/www.facebook.com\/carrenoactualidad","https:\/\/twitter.com\/nbasturias","https:\/\/www.instagram.com\/nachofdezber\/","https:\/\/www.youtube.com\/channel\/UCZP-2wLEB9Rv6erhFmqVnvg"]},{"@type":"WebPage","@id":"https:\/\/candas365.es\/noticias\/documentos-tv-estrena-realidades-extremas\/#webpage","url":"https:\/\/candas365.es\/noticias\/documentos-tv-estrena-realidades-extremas\/","name":"\u2018Documentos TV\u2019 estrena \u2018Realidades extremas\u2019 | Cand\u00e1s 365","description":"'Documentos TV' estrena 'Realidades extremas', que muestra los riesgos asociados al cambio clim\u00e1tico que generan una delicada relaci\u00f3n entre la poblaci\u00f3n y el planeta. La conexi\u00f3n entre los fen\u00f3menos meteorol\u00f3gicos extremos y las crisis econ\u00f3micas, sociales y sanitarias se est\u00e1 convirtiendo en uno de los principales problemas de la pol\u00edtica exterior. 'Documentos TV' es uno","inLanguage":"es-ES","isPartOf":{"@id":"https:\/\/candas365.es\/noticias\/#website"},"breadcrumb":{"@id":"https:\/\/candas365.es\/noticias\/documentos-tv-estrena-realidades-extremas\/#breadcrumblist"},"author":{"@id":"https:\/\/candas365.es\/noticias\/author\/admin\/#author"},"creator":{"@id":"https:\/\/candas365.es\/noticias\/author\/admin\/#author"},"image":{"@type":"ImageObject","url":"https:\/\/candas365.es\/noticias\/wp-content\/uploads\/2017\/06\/1496330500242.jpg","@id":"https:\/\/candas365.es\/noticias\/documentos-tv-estrena-realidades-extremas\/#mainImage","width":800,"height":533},"primaryImageOfPage":{"@id":"https:\/\/candas365.es\/noticias\/documentos-tv-estrena-realidades-extremas\/#mainImage"},"datePublished":"2017-06-05T12:31:47+02:00","dateModified":"2017-06-05T12:31:47+02:00"},{"@type":"WebSite","@id":"https:\/\/candas365.es\/noticias\/#website","url":"https:\/\/candas365.es\/noticias\/","name":"Cand\u00e1s 365","alternateName":"Cand\u00e1s 365 Noticias","description":"Actualidad desde Carre\u00f1o para el mundo","inLanguage":"es-ES","publisher":{"@id":"https:\/\/candas365.es\/noticias\/#organization"}}]},"og:locale":"es_ES","og:site_name":"Cand\u00e1s 365","og:type":"article","og:title":"\u2018Documentos TV\u2019 estrena \u2018Realidades extremas\u2019 | Cand\u00e1s 365","og:description":"'Documentos TV' estrena 'Realidades extremas', que muestra los riesgos asociados al cambio clim\u00e1tico que generan una delicada relaci\u00f3n entre la poblaci\u00f3n y el planeta. La conexi\u00f3n entre los fen\u00f3menos meteorol\u00f3gicos extremos y las crisis econ\u00f3micas, sociales y sanitarias se est\u00e1 convirtiendo en uno de los principales problemas de la pol\u00edtica exterior. 'Documentos TV' es uno","og:url":"https:\/\/candas365.es\/noticias\/documentos-tv-estrena-realidades-extremas\/","og:image":"https:\/\/candas365.es\/noticias\/wp-content\/uploads\/2017\/06\/1496330500242.jpg","og:image:secure_url":"https:\/\/candas365.es\/noticias\/wp-content\/uploads\/2017\/06\/1496330500242.jpg","og:image:width":800,"og:image:height":533,"article:published_time":"2017-06-05T12:31:47+00:00","article:modified_time":"2017-06-05T12:31:47+00:00","article:publisher":"https:\/\/www.facebook.com\/Nachofdezber","article:author":"https:\/\/www.facebook.com\/carrenoactualidad","twitter:card":"summary_large_image","twitter:site":"@NabercoDigital","twitter:title":"\u2018Documentos TV\u2019 estrena \u2018Realidades extremas\u2019 | Cand\u00e1s 365","twitter:description":"'Documentos TV' estrena 'Realidades extremas', que muestra los riesgos asociados al cambio clim\u00e1tico que generan una delicada relaci\u00f3n entre la poblaci\u00f3n y el planeta. La conexi\u00f3n entre los fen\u00f3menos meteorol\u00f3gicos extremos y las crisis econ\u00f3micas, sociales y sanitarias se est\u00e1 convirtiendo en uno de los principales problemas de la pol\u00edtica exterior. 'Documentos TV' es uno","twitter:creator":"@nbasturias","twitter:image":"https:\/\/candas365.es\/noticias\/wp-content\/uploads\/2017\/06\/1496330500242.jpg","twitter:label1":"Escrito por","twitter:data1":"Cand\u00e1s 365","twitter:label2":"Tiempo de lectura estimado","twitter:data2":"2 minutos"},"aioseo_meta_data":{"post_id":"72811","title":null,"description":null,"keywords":null,"keyphrases":null,"primary_term":null,"canonical_url":null,"og_title":null,"og_description":null,"og_object_type":"default","og_image_type":"default","og_image_url":null,"og_image_width":null,"og_image_height":null,"og_image_custom_url":null,"og_image_custom_fields":null,"og_video":null,"og_custom_url":null,"og_article_section":null,"og_article_tags":null,"twitter_use_og":false,"twitter_card":"default","twitter_image_type":"default","twitter_image_url":null,"twitter_image_custom_url":null,"twitter_image_custom_fields":null,"twitter_title":null,"twitter_description":null,"schema":{"blockGraphs":[],"customGraphs":[],"default":{"data":{"Article":[],"Course":[],"Dataset":[],"FAQPage":[],"Movie":[],"Person":[],"Product":[],"ProductReview":[],"Car":[],"Recipe":[],"Service":[],"SoftwareApplication":[],"WebPage":[]},"graphName":"","isEnabled":true},"graphs":[]},"schema_type":null,"schema_type_options":null,"pillar_content":false,"robots_default":true,"robots_noindex":false,"robots_noarchive":false,"robots_nosnippet":false,"robots_nofollow":false,"robots_noimageindex":false,"robots_noodp":false,"robots_notranslate":false,"robots_max_snippet":null,"robots_max_videopreview":null,"robots_max_imagepreview":"large","priority":null,"frequency":null,"location":null,"local_seo":null,"seo_analyzer_scan_date":"2025-08-25 15:21:10","breadcrumb_settings":null,"limit_modified_date":false,"reviewed_by":null,"open_ai":null,"ai":null,"created":"2020-12-21 10:51:55","updated":"2025-08-25 15:21:10"},"aioseo_breadcrumb":"<div class=\"aioseo-breadcrumbs\"><span class=\"aioseo-breadcrumb\">\n\t<a href=\"https:\/\/candas365.es\/noticias\" title=\"Home\">Home<\/a>\n<\/span><span class=\"aioseo-breadcrumb-separator\">&ndash;<\/span><span class=\"aioseo-breadcrumb\">\n\t<a href=\"https:\/\/candas365.es\/noticias\/category\/agenda\/\" title=\"Agenda\">Agenda<\/a>\n<\/span><span class=\"aioseo-breadcrumb-separator\">&ndash;<\/span><span class=\"aioseo-breadcrumb\">\n\t\u2018Documentos TV\u2019 estrena \u2018Realidades extremas\u2019\n<\/span><\/div>","aioseo_breadcrumb_json":[{"label":"Home","link":"https:\/\/candas365.es\/noticias"},{"label":"Agenda","link":"https:\/\/candas365.es\/noticias\/category\/agenda\/"},{"label":"&#8216;Documentos TV&#8217; estrena &#8216;Realidades extremas&#8217;","link":"https:\/\/candas365.es\/noticias\/documentos-tv-estrena-realidades-extremas\/"}],"_links":{"self":[{"href":"https:\/\/candas365.es\/noticias\/wp-json\/wp\/v2\/posts\/72811","targetHints":{"allow":["GET"]}}],"collection":[{"href":"https:\/\/candas365.es\/noticias\/wp-json\/wp\/v2\/posts"}],"about":[{"href":"https:\/\/candas365.es\/noticias\/wp-json\/wp\/v2\/types\/post"}],"author":[{"embeddable":true,"href":"https:\/\/candas365.es\/noticias\/wp-json\/wp\/v2\/users\/1"}],"replies":[{"embeddable":true,"href":"https:\/\/candas365.es\/noticias\/wp-json\/wp\/v2\/comments?post=72811"}],"version-history":[{"count":0,"href":"https:\/\/candas365.es\/noticias\/wp-json\/wp\/v2\/posts\/72811\/revisions"}],"wp:featuredmedia":[{"embeddable":true,"href":"https:\/\/candas365.es\/noticias\/wp-json\/wp\/v2\/media\/72809"}],"wp:attachment":[{"href":"https:\/\/candas365.es\/noticias\/wp-json\/wp\/v2\/media?parent=72811"}],"wp:term":[{"taxonomy":"category","embeddable":true,"href":"https:\/\/candas365.es\/noticias\/wp-json\/wp\/v2\/categories?post=72811"},{"taxonomy":"post_tag","embeddable":true,"href":"https:\/\/candas365.es\/noticias\/wp-json\/wp\/v2\/tags?post=72811"}],"curies":[{"name":"wp","href":"https:\/\/api.w.org\/{rel}","templated":true}]}}