{"id":72808,"date":"2017-06-05T12:30:27","date_gmt":"2017-06-05T12:30:27","guid":{"rendered":"http:\/\/candas365.es\/noticias\/?p=72808"},"modified":"2017-06-05T12:30:27","modified_gmt":"2017-06-05T12:30:27","slug":"rtve-tine-de-verde-su-programacion","status":"publish","type":"post","link":"https:\/\/candas365.es\/noticias\/rtve-tine-de-verde-su-programacion\/","title":{"rendered":"RTVE ti\u00f1e de verde su programaci\u00f3n"},"content":{"rendered":"<p><img fetchpriority=\"high\" decoding=\"async\" class=\"alignleft size-medium wp-image-72809\" src=\"https:\/\/candas365.es\/noticias\/wp-content\/uploads\/2017\/06\/1496330500242-360x240.jpg\" alt=\"\" width=\"360\" height=\"240\" srcset=\"https:\/\/candas365.es\/noticias\/wp-content\/uploads\/2017\/06\/1496330500242-360x240.jpg 360w, https:\/\/candas365.es\/noticias\/wp-content\/uploads\/2017\/06\/1496330500242-768x512.jpg 768w, https:\/\/candas365.es\/noticias\/wp-content\/uploads\/2017\/06\/1496330500242-655x436.jpg 655w, https:\/\/candas365.es\/noticias\/wp-content\/uploads\/2017\/06\/1496330500242-696x464.jpg 696w, https:\/\/candas365.es\/noticias\/wp-content\/uploads\/2017\/06\/1496330500242-630x420.jpg 630w, https:\/\/candas365.es\/noticias\/wp-content\/uploads\/2017\/06\/1496330500242-84x55.jpg 84w, https:\/\/candas365.es\/noticias\/wp-content\/uploads\/2017\/06\/1496330500242.jpg 800w\" sizes=\"(max-width: 360px) 100vw, 360px\" \/>El 5 de junio se celebra el D\u00eda Mundial del Medio Ambiente, una efem\u00e9ride que RTVE celebra con una nueva campa\u00f1a de &#8216;Concienciados con el Medio Ambiente&#8217;. Del 4 al 8 de junio la Corporaci\u00f3n difundir\u00e1 la necesidad de proteger el planeta y frenar el cambio clim\u00e1tico a trav\u00e9s de multitud de ventanas de programaci\u00f3n en televisi\u00f3n y radio, contenidos que tambi\u00e9n ser\u00e1n accesibles en directo y A la Carta a trav\u00e9s de RTVE.es.<\/p>\n<p>La Corporaci\u00f3n culminar\u00e1 esta iniciativa con el encuentro responsable &#8216;Coraz\u00f3n verde: medio ambiente y cambio global&#8217;. Tendr\u00e1 lugar el 8 de junio en Prado del Rey, presentado por Jacob Petrus y con las intervenciones de Jos\u00e9 Manuel Moreno, catedr\u00e1tico de Ecolog\u00eda en la Universidad de Castilla-La Mancha y vicepresidente del II grupo del Panel Intergubernamental sobre Cambio Clim\u00e1tico hasta octubre de 2015; Joaqu\u00edn Araujo, naturalista, escritor y periodista, adem\u00e1s de agricultor, ganadero y selvicultor con m\u00e9todos ecol\u00f3gicos; y Luis Miguel Dom\u00ednguez, naturalista, colaborador en &#8216;Aqu\u00ed la Tierra&#8217;, autor del documental &#8216;Invasores&#8217;.<\/p>\n<p>En el encuentro se presentar\u00e1 el proyecto &#8216;Coraz\u00f3n verde&#8217;, con el que RTVE impulsar\u00e1 a partir de ahora los programas o iniciativas con los que muestra su compromiso con el medio ambiente.<\/p>\n<p><strong>Una semana \u00abverde\u00bb en La 2<\/strong><\/p>\n<p>La 2 se llena de contenidos \u00abverdes\u00bb desde este viernes, con &#8216;El escarabajo verde&#8217; (18:30 horas) que aprovecha el centenario de la declaraci\u00f3n de los Parques Nacionales de Espa\u00f1a para visitar el primero de ellos, los Picos de Europa, y analizar los efectos del turismo masivo. El s\u00e1bado 3, &#8216;Agrosfera&#8217; (09:30 horas) se acercar\u00e1 a una cooperativa agraria que lucha contra el cambio clim\u00e1tico; y el s\u00e1bado 10 hablar\u00e1 sobre riego sostenible. Este s\u00e1bado, adem\u00e1s, &#8216;Para todos La 2&#8217; (12:00) entrevista a la fot\u00f3grafa y naturalista Marina Caro.<\/p>\n<p>El domingo 4 en &#8216;Documaster&#8217; (21:30 horas) La 2 recupera &#8216;La era de la estupidez&#8217;, un documental en clave de ficci\u00f3n que reflexiona sobre c\u00f3mo ser\u00e1 la vida cuando se acaben los recursos de la Tierra y no se haya detenido, aunque pudo hacerse, el cambio clim\u00e1tico.<\/p>\n<p>Toda la semana siguiente estar\u00e1 dedicada al medio ambiente, especialmente a trav\u00e9s de &#8216;Historia de nuestro cine&#8217; que emitir\u00e1 pel\u00edculas relacionadas con el mundo rural (&#8216;Orgullo&#8217; el martes, &#8216;La gata&#8217; el mi\u00e9rcoles, El disputado voto del se\u00f1or Cayo&#8217; el jueves, y &#8216;El tiempo de la felicidad&#8217; el viernes), y la serie documental &#8216;Planeta Arena&#8217; (de lunes a jueves y el lunes 12, a las 18:15) que recorre los cinco desiertos m\u00e1s grandes para ver el efecto de la acci\u00f3n del hombre sobre ellos.<\/p>\n<p>Adem\u00e1s, el lunes 5 &#8216;La aventura del saber&#8217; (10:00 horas) habla con WWF y visita el Geoparque de la isla de El Hierro, y &#8216;Tips&#8217; (20:00 horas) mostrar\u00e1 aplicaciones inform\u00e1ticas que ayudan a cuidar el medio ambiente. El martes 6, &#8216;Documentos TV&#8217; (00:15 horas) analiza c\u00f3mo el cambio clim\u00e1tico hace mella en los sistemas econ\u00f3micos y sociales en &#8216;Realidades extremas&#8217;. Y el s\u00e1bado 10 &#8216;La noche tem\u00e1tica&#8217; (23:30 horas) abordar\u00e1 &#8216;La gran amenaza de los oc\u00e9anos&#8217; en los documentales &#8216;Oc\u00e9anos: el misterio del pl\u00e1stico desaparecido&#8217; y &#8216;Las l\u00e1grimas negras del mar&#8217;.<\/p>\n<p>En junio Clan impulsa la campa\u00f1a &#8216;Nuestro oc\u00e9ano, nuestro futuro&#8217;, dentro de &#8216;Concienciados con el Medio Ambiente&#8217;. El canal infantil de RTVE emitir\u00e1 breves piezas protagonizadas por los Lunnis y Lucrecia junto a Jacob Petrus, que instruir\u00e1n sobre la formaci\u00f3n de los oc\u00e9anos, los animales que los habitan, las amenazas que sufren y las ventajas que aportan al planeta. Clan emitir\u00e1 otras breves piezas con im\u00e1genes grabadas por &#8216;El escarabajo verde&#8217; en su reciente expedici\u00f3n a la Ant\u00e1rtida, que mostrar\u00e1n el contraste entre la belleza de los h\u00e1bitats marinos y las graves consecuencias de su contaminaci\u00f3n.<\/p>\n<p>&nbsp;<\/p>\n<p>&nbsp;<\/p>\n","protected":false},"excerpt":{"rendered":"<p>El 5 de junio se celebra el D\u00eda Mundial del Medio Ambiente, una efem\u00e9ride que RTVE celebra con una nueva campa\u00f1a de &#8216;Concienciados con el Medio Ambiente&#8217;. Del 4 al 8 de junio la Corporaci\u00f3n difundir\u00e1 la necesidad de proteger el planeta y frenar el cambio clim\u00e1tico a trav\u00e9s de multitud de ventanas de programaci\u00f3n<\/p>\n","protected":false},"author":1,"featured_media":72809,"comment_status":"open","ping_status":"closed","sticky":false,"template":"","format":"standard","meta":{"footnotes":""},"categories":[1],"tags":[],"class_list":{"0":"post-72808","1":"post","2":"type-post","3":"status-publish","4":"format-standard","5":"has-post-thumbnail","7":"category-agenda"},"aioseo_notices":[],"aioseo_head":"\n\t\t<!-- All in One SEO Pro 4.9.6.2 - aioseo.com -->\n\t<meta name=\"description\" content=\"El 5 de junio se celebra el D\u00eda Mundial del Medio Ambiente, una efem\u00e9ride que RTVE celebra con una nueva campa\u00f1a de &#039;Concienciados con el Medio Ambiente&#039;. Del 4 al 8 de junio la Corporaci\u00f3n difundir\u00e1 la necesidad de proteger el planeta y frenar el cambio clim\u00e1tico a trav\u00e9s de multitud de ventanas de programaci\u00f3n\" \/>\n\t<meta name=\"robots\" content=\"max-image-preview:large\" \/>\n\t<meta name=\"author\" content=\"Cand\u00e1s 365\"\/>\n\t<meta name=\"google-site-verification\" content=\"UA-32230408-1\" \/>\n\t<meta name=\"msvalidate.01\" content=\"354F3CDFB2DA171B47FBE9ABF1F88D5\" \/>\n\t<meta name=\"keywords\" content=\"agenda\" \/>\n\t<link rel=\"canonical\" href=\"https:\/\/candas365.es\/noticias\/rtve-tine-de-verde-su-programacion\/\" \/>\n\t<meta name=\"generator\" content=\"All in One SEO Pro (AIOSEO) 4.9.6.2\" \/>\n\t\t<meta property=\"og:locale\" content=\"es_ES\" \/>\n\t\t<meta property=\"og:site_name\" content=\"Cand\u00e1s 365\" \/>\n\t\t<meta property=\"og:type\" content=\"article\" \/>\n\t\t<meta property=\"og:title\" content=\"RTVE ti\u00f1e de verde su programaci\u00f3n | Cand\u00e1s 365\" \/>\n\t\t<meta property=\"og:description\" content=\"El 5 de junio se celebra el D\u00eda Mundial del Medio Ambiente, una efem\u00e9ride que RTVE celebra con una nueva campa\u00f1a de &#039;Concienciados con el Medio Ambiente&#039;. Del 4 al 8 de junio la Corporaci\u00f3n difundir\u00e1 la necesidad de proteger el planeta y frenar el cambio clim\u00e1tico a trav\u00e9s de multitud de ventanas de programaci\u00f3n\" \/>\n\t\t<meta property=\"og:url\" content=\"https:\/\/candas365.es\/noticias\/rtve-tine-de-verde-su-programacion\/\" \/>\n\t\t<meta property=\"og:image\" content=\"https:\/\/candas365.es\/noticias\/wp-content\/uploads\/2017\/06\/1496330500242.jpg\" \/>\n\t\t<meta property=\"og:image:secure_url\" content=\"https:\/\/candas365.es\/noticias\/wp-content\/uploads\/2017\/06\/1496330500242.jpg\" \/>\n\t\t<meta property=\"og:image:width\" content=\"800\" \/>\n\t\t<meta property=\"og:image:height\" content=\"533\" \/>\n\t\t<meta property=\"article:published_time\" content=\"2017-06-05T12:30:27+00:00\" \/>\n\t\t<meta property=\"article:modified_time\" content=\"2017-06-05T12:30:27+00:00\" \/>\n\t\t<meta property=\"article:publisher\" content=\"https:\/\/www.facebook.com\/Nachofdezber\" \/>\n\t\t<meta property=\"article:author\" content=\"https:\/\/www.facebook.com\/carrenoactualidad\" \/>\n\t\t<meta name=\"twitter:card\" content=\"summary_large_image\" \/>\n\t\t<meta name=\"twitter:site\" content=\"@NabercoDigital\" \/>\n\t\t<meta name=\"twitter:title\" content=\"RTVE ti\u00f1e de verde su programaci\u00f3n | Cand\u00e1s 365\" \/>\n\t\t<meta name=\"twitter:description\" content=\"El 5 de junio se celebra el D\u00eda Mundial del Medio Ambiente, una efem\u00e9ride que RTVE celebra con una nueva campa\u00f1a de &#039;Concienciados con el Medio Ambiente&#039;. Del 4 al 8 de junio la Corporaci\u00f3n difundir\u00e1 la necesidad de proteger el planeta y frenar el cambio clim\u00e1tico a trav\u00e9s de multitud de ventanas de programaci\u00f3n\" \/>\n\t\t<meta name=\"twitter:creator\" content=\"@nbasturias\" \/>\n\t\t<meta name=\"twitter:image\" content=\"https:\/\/candas365.es\/noticias\/wp-content\/uploads\/2017\/06\/1496330500242.jpg\" \/>\n\t\t<meta name=\"twitter:label1\" content=\"Escrito por\" \/>\n\t\t<meta name=\"twitter:data1\" content=\"Cand\u00e1s 365\" \/>\n\t\t<meta name=\"twitter:label2\" content=\"Tiempo de lectura estimado\" \/>\n\t\t<meta name=\"twitter:data2\" content=\"3 minutos\" \/>\n\t\t<script type=\"application\/ld+json\" class=\"aioseo-schema\">\n\t\t\t{\"@context\":\"https:\\\/\\\/schema.org\",\"@graph\":[{\"@type\":\"BreadcrumbList\",\"@id\":\"https:\\\/\\\/candas365.es\\\/noticias\\\/rtve-tine-de-verde-su-programacion\\\/#breadcrumblist\",\"itemListElement\":[{\"@type\":\"ListItem\",\"@id\":\"https:\\\/\\\/candas365.es\\\/noticias#listItem\",\"position\":1,\"name\":\"Home\",\"item\":\"https:\\\/\\\/candas365.es\\\/noticias\",\"nextItem\":{\"@type\":\"ListItem\",\"@id\":\"https:\\\/\\\/candas365.es\\\/noticias\\\/category\\\/agenda\\\/#listItem\",\"name\":\"Agenda\"}},{\"@type\":\"ListItem\",\"@id\":\"https:\\\/\\\/candas365.es\\\/noticias\\\/category\\\/agenda\\\/#listItem\",\"position\":2,\"name\":\"Agenda\",\"item\":\"https:\\\/\\\/candas365.es\\\/noticias\\\/category\\\/agenda\\\/\",\"nextItem\":{\"@type\":\"ListItem\",\"@id\":\"https:\\\/\\\/candas365.es\\\/noticias\\\/rtve-tine-de-verde-su-programacion\\\/#listItem\",\"name\":\"RTVE ti\\u00f1e de verde su programaci\\u00f3n\"},\"previousItem\":{\"@type\":\"ListItem\",\"@id\":\"https:\\\/\\\/candas365.es\\\/noticias#listItem\",\"name\":\"Home\"}},{\"@type\":\"ListItem\",\"@id\":\"https:\\\/\\\/candas365.es\\\/noticias\\\/rtve-tine-de-verde-su-programacion\\\/#listItem\",\"position\":3,\"name\":\"RTVE ti\\u00f1e de verde su programaci\\u00f3n\",\"previousItem\":{\"@type\":\"ListItem\",\"@id\":\"https:\\\/\\\/candas365.es\\\/noticias\\\/category\\\/agenda\\\/#listItem\",\"name\":\"Agenda\"}}]},{\"@type\":\"NewsArticle\",\"@id\":\"https:\\\/\\\/candas365.es\\\/noticias\\\/rtve-tine-de-verde-su-programacion\\\/#newsarticle\",\"name\":\"RTVE ti\\u00f1e de verde su programaci\\u00f3n | Cand\\u00e1s 365\",\"headline\":\"RTVE ti\\u00f1e de verde su programaci\\u00f3n\",\"author\":{\"@id\":\"https:\\\/\\\/candas365.es\\\/noticias\\\/author\\\/admin\\\/#author\"},\"publisher\":{\"@id\":\"https:\\\/\\\/candas365.es\\\/noticias\\\/#organization\"},\"image\":{\"@type\":\"ImageObject\",\"url\":\"https:\\\/\\\/candas365.es\\\/noticias\\\/wp-content\\\/uploads\\\/2017\\\/06\\\/1496330500242.jpg\",\"width\":800,\"height\":533},\"datePublished\":\"2017-06-05T12:30:27+02:00\",\"dateModified\":\"2017-06-05T12:30:27+02:00\",\"inLanguage\":\"es-ES\",\"mainEntityOfPage\":{\"@id\":\"https:\\\/\\\/candas365.es\\\/noticias\\\/rtve-tine-de-verde-su-programacion\\\/#webpage\"},\"isPartOf\":{\"@id\":\"https:\\\/\\\/candas365.es\\\/noticias\\\/rtve-tine-de-verde-su-programacion\\\/#webpage\"},\"articleSection\":\"Agenda\",\"dateline\":\"Publicado el junio 5, 2017.\"},{\"@type\":\"Organization\",\"@id\":\"https:\\\/\\\/candas365.es\\\/noticias\\\/#organization\",\"name\":\"Cand\\u00e1s 365\",\"description\":\"Cand\\u00e1s 365 es un diario digital independiente, fundado en 2012, con base en Asturias. Informamos con rigor sobre actualidad, sociedad, cultura y ocio, con una mirada local y global.\",\"url\":\"https:\\\/\\\/candas365.es\\\/noticias\\\/\",\"email\":\"info@candas365.es\",\"telephone\":\"+34652131393\",\"foundingDate\":\"2012-06-10\",\"logo\":{\"@type\":\"ImageObject\",\"url\":\"https:\\\/\\\/candas365.es\\\/noticias\\\/wp-content\\\/uploads\\\/2024\\\/09\\\/Candas-365-Redes.jpg\",\"@id\":\"https:\\\/\\\/candas365.es\\\/noticias\\\/rtve-tine-de-verde-su-programacion\\\/#organizationLogo\",\"width\":1152,\"height\":864,\"caption\":\"Cand\\u00e1s 365 Redes\"},\"image\":{\"@id\":\"https:\\\/\\\/candas365.es\\\/noticias\\\/rtve-tine-de-verde-su-programacion\\\/#organizationLogo\"},\"sameAs\":[\"https:\\\/\\\/www.facebook.com\\\/Nachofdezber\",\"https:\\\/\\\/x.com\\\/NabercoDigital\",\"https:\\\/\\\/www.instagram.com\\\/nachofdezber\\\/\",\"https:\\\/\\\/www.youtube.com\\\/channel\\\/UCZP-2wLEB9Rv6erhFmqVnvg\"],\"address\":{\"@id\":\"https:\\\/\\\/candas365.es\\\/noticias\\\/#postaladdress\",\"@type\":\"PostalAddress\",\"streetAddress\":\"san antonio 4, san antonio 4\",\"postalCode\":\"33430\",\"addressLocality\":\"Cand\\u00e1s\",\"addressRegion\":\"Asturias\",\"addressCountry\":\"ES\"}},{\"@type\":\"Person\",\"@id\":\"https:\\\/\\\/candas365.es\\\/noticias\\\/author\\\/admin\\\/#author\",\"url\":\"https:\\\/\\\/candas365.es\\\/noticias\\\/author\\\/admin\\\/\",\"name\":\"Cand\\u00e1s 365\",\"image\":{\"@type\":\"ImageObject\",\"@id\":\"https:\\\/\\\/candas365.es\\\/noticias\\\/rtve-tine-de-verde-su-programacion\\\/#authorImage\",\"url\":\"https:\\\/\\\/secure.gravatar.com\\\/avatar\\\/496a8e03d0c493ede1718b7934145dbdf8d89be1036b0eec9544e1094c9de390?s=96&d=mm&r=g\",\"width\":96,\"height\":96,\"caption\":\"Cand\\u00e1s 365\"},\"sameAs\":[\"https:\\\/\\\/www.facebook.com\\\/carrenoactualidad\",\"https:\\\/\\\/twitter.com\\\/nbasturias\",\"https:\\\/\\\/www.instagram.com\\\/nachofdezber\\\/\",\"https:\\\/\\\/www.youtube.com\\\/channel\\\/UCZP-2wLEB9Rv6erhFmqVnvg\"]},{\"@type\":\"WebPage\",\"@id\":\"https:\\\/\\\/candas365.es\\\/noticias\\\/rtve-tine-de-verde-su-programacion\\\/#webpage\",\"url\":\"https:\\\/\\\/candas365.es\\\/noticias\\\/rtve-tine-de-verde-su-programacion\\\/\",\"name\":\"RTVE ti\\u00f1e de verde su programaci\\u00f3n | Cand\\u00e1s 365\",\"description\":\"El 5 de junio se celebra el D\\u00eda Mundial del Medio Ambiente, una efem\\u00e9ride que RTVE celebra con una nueva campa\\u00f1a de 'Concienciados con el Medio Ambiente'. Del 4 al 8 de junio la Corporaci\\u00f3n difundir\\u00e1 la necesidad de proteger el planeta y frenar el cambio clim\\u00e1tico a trav\\u00e9s de multitud de ventanas de programaci\\u00f3n\",\"inLanguage\":\"es-ES\",\"isPartOf\":{\"@id\":\"https:\\\/\\\/candas365.es\\\/noticias\\\/#website\"},\"breadcrumb\":{\"@id\":\"https:\\\/\\\/candas365.es\\\/noticias\\\/rtve-tine-de-verde-su-programacion\\\/#breadcrumblist\"},\"author\":{\"@id\":\"https:\\\/\\\/candas365.es\\\/noticias\\\/author\\\/admin\\\/#author\"},\"creator\":{\"@id\":\"https:\\\/\\\/candas365.es\\\/noticias\\\/author\\\/admin\\\/#author\"},\"image\":{\"@type\":\"ImageObject\",\"url\":\"https:\\\/\\\/candas365.es\\\/noticias\\\/wp-content\\\/uploads\\\/2017\\\/06\\\/1496330500242.jpg\",\"@id\":\"https:\\\/\\\/candas365.es\\\/noticias\\\/rtve-tine-de-verde-su-programacion\\\/#mainImage\",\"width\":800,\"height\":533},\"primaryImageOfPage\":{\"@id\":\"https:\\\/\\\/candas365.es\\\/noticias\\\/rtve-tine-de-verde-su-programacion\\\/#mainImage\"},\"datePublished\":\"2017-06-05T12:30:27+02:00\",\"dateModified\":\"2017-06-05T12:30:27+02:00\"},{\"@type\":\"WebSite\",\"@id\":\"https:\\\/\\\/candas365.es\\\/noticias\\\/#website\",\"url\":\"https:\\\/\\\/candas365.es\\\/noticias\\\/\",\"name\":\"Cand\\u00e1s 365\",\"alternateName\":\"Cand\\u00e1s 365 Noticias\",\"description\":\"Actualidad desde Carre\\u00f1o para el mundo\",\"inLanguage\":\"es-ES\",\"publisher\":{\"@id\":\"https:\\\/\\\/candas365.es\\\/noticias\\\/#organization\"}}]}\n\t\t<\/script>\n\t\t<!-- All in One SEO Pro -->\r\n\t\t<title>RTVE ti\u00f1e de verde su programaci\u00f3n | Cand\u00e1s 365<\/title>\n\n","aioseo_head_json":{"title":"RTVE ti\u00f1e de verde su programaci\u00f3n | Cand\u00e1s 365","description":"El 5 de junio se celebra el D\u00eda Mundial del Medio Ambiente, una efem\u00e9ride que RTVE celebra con una nueva campa\u00f1a de 'Concienciados con el Medio Ambiente'. Del 4 al 8 de junio la Corporaci\u00f3n difundir\u00e1 la necesidad de proteger el planeta y frenar el cambio clim\u00e1tico a trav\u00e9s de multitud de ventanas de programaci\u00f3n","canonical_url":"https:\/\/candas365.es\/noticias\/rtve-tine-de-verde-su-programacion\/","robots":"max-image-preview:large","keywords":"agenda","webmasterTools":{"google-site-verification":"UA-32230408-1","msvalidate.01":"354F3CDFB2DA171B47FBE9ABF1F88D5","miscellaneous":""},"schema":{"@context":"https:\/\/schema.org","@graph":[{"@type":"BreadcrumbList","@id":"https:\/\/candas365.es\/noticias\/rtve-tine-de-verde-su-programacion\/#breadcrumblist","itemListElement":[{"@type":"ListItem","@id":"https:\/\/candas365.es\/noticias#listItem","position":1,"name":"Home","item":"https:\/\/candas365.es\/noticias","nextItem":{"@type":"ListItem","@id":"https:\/\/candas365.es\/noticias\/category\/agenda\/#listItem","name":"Agenda"}},{"@type":"ListItem","@id":"https:\/\/candas365.es\/noticias\/category\/agenda\/#listItem","position":2,"name":"Agenda","item":"https:\/\/candas365.es\/noticias\/category\/agenda\/","nextItem":{"@type":"ListItem","@id":"https:\/\/candas365.es\/noticias\/rtve-tine-de-verde-su-programacion\/#listItem","name":"RTVE ti\u00f1e de verde su programaci\u00f3n"},"previousItem":{"@type":"ListItem","@id":"https:\/\/candas365.es\/noticias#listItem","name":"Home"}},{"@type":"ListItem","@id":"https:\/\/candas365.es\/noticias\/rtve-tine-de-verde-su-programacion\/#listItem","position":3,"name":"RTVE ti\u00f1e de verde su programaci\u00f3n","previousItem":{"@type":"ListItem","@id":"https:\/\/candas365.es\/noticias\/category\/agenda\/#listItem","name":"Agenda"}}]},{"@type":"NewsArticle","@id":"https:\/\/candas365.es\/noticias\/rtve-tine-de-verde-su-programacion\/#newsarticle","name":"RTVE ti\u00f1e de verde su programaci\u00f3n | Cand\u00e1s 365","headline":"RTVE ti\u00f1e de verde su programaci\u00f3n","author":{"@id":"https:\/\/candas365.es\/noticias\/author\/admin\/#author"},"publisher":{"@id":"https:\/\/candas365.es\/noticias\/#organization"},"image":{"@type":"ImageObject","url":"https:\/\/candas365.es\/noticias\/wp-content\/uploads\/2017\/06\/1496330500242.jpg","width":800,"height":533},"datePublished":"2017-06-05T12:30:27+02:00","dateModified":"2017-06-05T12:30:27+02:00","inLanguage":"es-ES","mainEntityOfPage":{"@id":"https:\/\/candas365.es\/noticias\/rtve-tine-de-verde-su-programacion\/#webpage"},"isPartOf":{"@id":"https:\/\/candas365.es\/noticias\/rtve-tine-de-verde-su-programacion\/#webpage"},"articleSection":"Agenda","dateline":"Publicado el junio 5, 2017."},{"@type":"Organization","@id":"https:\/\/candas365.es\/noticias\/#organization","name":"Cand\u00e1s 365","description":"Cand\u00e1s 365 es un diario digital independiente, fundado en 2012, con base en Asturias. Informamos con rigor sobre actualidad, sociedad, cultura y ocio, con una mirada local y global.","url":"https:\/\/candas365.es\/noticias\/","email":"info@candas365.es","telephone":"+34652131393","foundingDate":"2012-06-10","logo":{"@type":"ImageObject","url":"https:\/\/candas365.es\/noticias\/wp-content\/uploads\/2024\/09\/Candas-365-Redes.jpg","@id":"https:\/\/candas365.es\/noticias\/rtve-tine-de-verde-su-programacion\/#organizationLogo","width":1152,"height":864,"caption":"Cand\u00e1s 365 Redes"},"image":{"@id":"https:\/\/candas365.es\/noticias\/rtve-tine-de-verde-su-programacion\/#organizationLogo"},"sameAs":["https:\/\/www.facebook.com\/Nachofdezber","https:\/\/x.com\/NabercoDigital","https:\/\/www.instagram.com\/nachofdezber\/","https:\/\/www.youtube.com\/channel\/UCZP-2wLEB9Rv6erhFmqVnvg"],"address":{"@id":"https:\/\/candas365.es\/noticias\/#postaladdress","@type":"PostalAddress","streetAddress":"san antonio 4, san antonio 4","postalCode":"33430","addressLocality":"Cand\u00e1s","addressRegion":"Asturias","addressCountry":"ES"}},{"@type":"Person","@id":"https:\/\/candas365.es\/noticias\/author\/admin\/#author","url":"https:\/\/candas365.es\/noticias\/author\/admin\/","name":"Cand\u00e1s 365","image":{"@type":"ImageObject","@id":"https:\/\/candas365.es\/noticias\/rtve-tine-de-verde-su-programacion\/#authorImage","url":"https:\/\/secure.gravatar.com\/avatar\/496a8e03d0c493ede1718b7934145dbdf8d89be1036b0eec9544e1094c9de390?s=96&d=mm&r=g","width":96,"height":96,"caption":"Cand\u00e1s 365"},"sameAs":["https:\/\/www.facebook.com\/carrenoactualidad","https:\/\/twitter.com\/nbasturias","https:\/\/www.instagram.com\/nachofdezber\/","https:\/\/www.youtube.com\/channel\/UCZP-2wLEB9Rv6erhFmqVnvg"]},{"@type":"WebPage","@id":"https:\/\/candas365.es\/noticias\/rtve-tine-de-verde-su-programacion\/#webpage","url":"https:\/\/candas365.es\/noticias\/rtve-tine-de-verde-su-programacion\/","name":"RTVE ti\u00f1e de verde su programaci\u00f3n | Cand\u00e1s 365","description":"El 5 de junio se celebra el D\u00eda Mundial del Medio Ambiente, una efem\u00e9ride que RTVE celebra con una nueva campa\u00f1a de 'Concienciados con el Medio Ambiente'. Del 4 al 8 de junio la Corporaci\u00f3n difundir\u00e1 la necesidad de proteger el planeta y frenar el cambio clim\u00e1tico a trav\u00e9s de multitud de ventanas de programaci\u00f3n","inLanguage":"es-ES","isPartOf":{"@id":"https:\/\/candas365.es\/noticias\/#website"},"breadcrumb":{"@id":"https:\/\/candas365.es\/noticias\/rtve-tine-de-verde-su-programacion\/#breadcrumblist"},"author":{"@id":"https:\/\/candas365.es\/noticias\/author\/admin\/#author"},"creator":{"@id":"https:\/\/candas365.es\/noticias\/author\/admin\/#author"},"image":{"@type":"ImageObject","url":"https:\/\/candas365.es\/noticias\/wp-content\/uploads\/2017\/06\/1496330500242.jpg","@id":"https:\/\/candas365.es\/noticias\/rtve-tine-de-verde-su-programacion\/#mainImage","width":800,"height":533},"primaryImageOfPage":{"@id":"https:\/\/candas365.es\/noticias\/rtve-tine-de-verde-su-programacion\/#mainImage"},"datePublished":"2017-06-05T12:30:27+02:00","dateModified":"2017-06-05T12:30:27+02:00"},{"@type":"WebSite","@id":"https:\/\/candas365.es\/noticias\/#website","url":"https:\/\/candas365.es\/noticias\/","name":"Cand\u00e1s 365","alternateName":"Cand\u00e1s 365 Noticias","description":"Actualidad desde Carre\u00f1o para el mundo","inLanguage":"es-ES","publisher":{"@id":"https:\/\/candas365.es\/noticias\/#organization"}}]},"og:locale":"es_ES","og:site_name":"Cand\u00e1s 365","og:type":"article","og:title":"RTVE ti\u00f1e de verde su programaci\u00f3n | Cand\u00e1s 365","og:description":"El 5 de junio se celebra el D\u00eda Mundial del Medio Ambiente, una efem\u00e9ride que RTVE celebra con una nueva campa\u00f1a de 'Concienciados con el Medio Ambiente'. Del 4 al 8 de junio la Corporaci\u00f3n difundir\u00e1 la necesidad de proteger el planeta y frenar el cambio clim\u00e1tico a trav\u00e9s de multitud de ventanas de programaci\u00f3n","og:url":"https:\/\/candas365.es\/noticias\/rtve-tine-de-verde-su-programacion\/","og:image":"https:\/\/candas365.es\/noticias\/wp-content\/uploads\/2017\/06\/1496330500242.jpg","og:image:secure_url":"https:\/\/candas365.es\/noticias\/wp-content\/uploads\/2017\/06\/1496330500242.jpg","og:image:width":800,"og:image:height":533,"article:published_time":"2017-06-05T12:30:27+00:00","article:modified_time":"2017-06-05T12:30:27+00:00","article:publisher":"https:\/\/www.facebook.com\/Nachofdezber","article:author":"https:\/\/www.facebook.com\/carrenoactualidad","twitter:card":"summary_large_image","twitter:site":"@NabercoDigital","twitter:title":"RTVE ti\u00f1e de verde su programaci\u00f3n | Cand\u00e1s 365","twitter:description":"El 5 de junio se celebra el D\u00eda Mundial del Medio Ambiente, una efem\u00e9ride que RTVE celebra con una nueva campa\u00f1a de 'Concienciados con el Medio Ambiente'. Del 4 al 8 de junio la Corporaci\u00f3n difundir\u00e1 la necesidad de proteger el planeta y frenar el cambio clim\u00e1tico a trav\u00e9s de multitud de ventanas de programaci\u00f3n","twitter:creator":"@nbasturias","twitter:image":"https:\/\/candas365.es\/noticias\/wp-content\/uploads\/2017\/06\/1496330500242.jpg","twitter:label1":"Escrito por","twitter:data1":"Cand\u00e1s 365","twitter:label2":"Tiempo de lectura estimado","twitter:data2":"3 minutos"},"aioseo_meta_data":{"post_id":"72808","title":null,"description":null,"keywords":null,"keyphrases":null,"primary_term":null,"canonical_url":null,"og_title":null,"og_description":null,"og_object_type":"default","og_image_type":"default","og_image_url":null,"og_image_width":null,"og_image_height":null,"og_image_custom_url":null,"og_image_custom_fields":null,"og_video":null,"og_custom_url":null,"og_article_section":null,"og_article_tags":null,"twitter_use_og":false,"twitter_card":"default","twitter_image_type":"default","twitter_image_url":null,"twitter_image_custom_url":null,"twitter_image_custom_fields":null,"twitter_title":null,"twitter_description":null,"schema":{"blockGraphs":[],"customGraphs":[],"default":{"data":{"Article":[],"Course":[],"Dataset":[],"FAQPage":[],"Movie":[],"Person":[],"Product":[],"ProductReview":[],"Car":[],"Recipe":[],"Service":[],"SoftwareApplication":[],"WebPage":[]},"graphName":"","isEnabled":true},"graphs":[]},"schema_type":null,"schema_type_options":null,"pillar_content":false,"robots_default":true,"robots_noindex":false,"robots_noarchive":false,"robots_nosnippet":false,"robots_nofollow":false,"robots_noimageindex":false,"robots_noodp":false,"robots_notranslate":false,"robots_max_snippet":null,"robots_max_videopreview":null,"robots_max_imagepreview":"large","priority":null,"frequency":null,"location":null,"local_seo":null,"seo_analyzer_scan_date":"2025-08-25 15:19:18","breadcrumb_settings":null,"limit_modified_date":false,"reviewed_by":null,"open_ai":null,"ai":null,"created":"2020-12-21 10:51:55","updated":"2025-08-25 15:19:18"},"aioseo_breadcrumb":"<div class=\"aioseo-breadcrumbs\"><span class=\"aioseo-breadcrumb\">\n\t<a href=\"https:\/\/candas365.es\/noticias\" title=\"Home\">Home<\/a>\n<\/span><span class=\"aioseo-breadcrumb-separator\">&ndash;<\/span><span class=\"aioseo-breadcrumb\">\n\t<a href=\"https:\/\/candas365.es\/noticias\/category\/agenda\/\" title=\"Agenda\">Agenda<\/a>\n<\/span><span class=\"aioseo-breadcrumb-separator\">&ndash;<\/span><span class=\"aioseo-breadcrumb\">\n\tRTVE ti\u00f1e de verde su programaci\u00f3n\n<\/span><\/div>","aioseo_breadcrumb_json":[{"label":"Home","link":"https:\/\/candas365.es\/noticias"},{"label":"Agenda","link":"https:\/\/candas365.es\/noticias\/category\/agenda\/"},{"label":"RTVE ti\u00f1e de verde su programaci\u00f3n","link":"https:\/\/candas365.es\/noticias\/rtve-tine-de-verde-su-programacion\/"}],"_links":{"self":[{"href":"https:\/\/candas365.es\/noticias\/wp-json\/wp\/v2\/posts\/72808","targetHints":{"allow":["GET"]}}],"collection":[{"href":"https:\/\/candas365.es\/noticias\/wp-json\/wp\/v2\/posts"}],"about":[{"href":"https:\/\/candas365.es\/noticias\/wp-json\/wp\/v2\/types\/post"}],"author":[{"embeddable":true,"href":"https:\/\/candas365.es\/noticias\/wp-json\/wp\/v2\/users\/1"}],"replies":[{"embeddable":true,"href":"https:\/\/candas365.es\/noticias\/wp-json\/wp\/v2\/comments?post=72808"}],"version-history":[{"count":0,"href":"https:\/\/candas365.es\/noticias\/wp-json\/wp\/v2\/posts\/72808\/revisions"}],"wp:featuredmedia":[{"embeddable":true,"href":"https:\/\/candas365.es\/noticias\/wp-json\/wp\/v2\/media\/72809"}],"wp:attachment":[{"href":"https:\/\/candas365.es\/noticias\/wp-json\/wp\/v2\/media?parent=72808"}],"wp:term":[{"taxonomy":"category","embeddable":true,"href":"https:\/\/candas365.es\/noticias\/wp-json\/wp\/v2\/categories?post=72808"},{"taxonomy":"post_tag","embeddable":true,"href":"https:\/\/candas365.es\/noticias\/wp-json\/wp\/v2\/tags?post=72808"}],"curies":[{"name":"wp","href":"https:\/\/api.w.org\/{rel}","templated":true}]}}