{"id":72726,"date":"2017-06-02T22:00:20","date_gmt":"2017-06-02T22:00:20","guid":{"rendered":"http:\/\/candas365.es\/noticias\/?p=72726"},"modified":"2017-06-02T22:00:20","modified_gmt":"2017-06-02T22:00:20","slug":"que-animal-recorre-las-fragas-do-eume","status":"publish","type":"post","link":"https:\/\/candas365.es\/noticias\/que-animal-recorre-las-fragas-do-eume\/","title":{"rendered":"\u00a1Qu\u00e9 animal! recorre las Fragas do Eume"},"content":{"rendered":"<p><img fetchpriority=\"high\" decoding=\"async\" class=\"alignleft size-medium wp-image-72727\" src=\"https:\/\/candas365.es\/noticias\/wp-content\/uploads\/2017\/06\/QA-Tele261701-360x203.jpg\" alt=\"\" width=\"360\" height=\"203\" srcset=\"https:\/\/candas365.es\/noticias\/wp-content\/uploads\/2017\/06\/QA-Tele261701-360x203.jpg 360w, https:\/\/candas365.es\/noticias\/wp-content\/uploads\/2017\/06\/QA-Tele261701-768x432.jpg 768w, https:\/\/candas365.es\/noticias\/wp-content\/uploads\/2017\/06\/QA-Tele261701-655x369.jpg 655w, https:\/\/candas365.es\/noticias\/wp-content\/uploads\/2017\/06\/QA-Tele261701-696x392.jpg 696w, https:\/\/candas365.es\/noticias\/wp-content\/uploads\/2017\/06\/QA-Tele261701-1068x601.jpg 1068w, https:\/\/candas365.es\/noticias\/wp-content\/uploads\/2017\/06\/QA-Tele261701-746x420.jpg 746w, https:\/\/candas365.es\/noticias\/wp-content\/uploads\/2017\/06\/QA-Tele261701-499x280.jpg 499w, https:\/\/candas365.es\/noticias\/wp-content\/uploads\/2017\/06\/QA-Tele261701.jpg 1180w\" sizes=\"(max-width: 360px) 100vw, 360px\" \/>&#8216;\u00a1Qu\u00e9 animal!&#8217; visita esta semana el parque natural de las Fragas do Eume, en A Coru\u00f1a, el bosque atl\u00e1ntico costero m\u00e1s importante de Europa. Sus 9.000 hect\u00e1reas se conservan en un estado casi virgen y albergan especies end\u00e9micas como el caracol de Quimper o la salamandra rabilarga. Adem\u00e1s, el medallista paral\u00edmpico ciego Enhamed Enhamed demostrar\u00e1 si puede orientarse como los murci\u00e9lagos.<\/p>\n<p>Bosques exuberantes en un estado casi virgen se extienden a lo largo del curso del r\u00edo Eume, que da nombre a este parque natural. Las fragas, las zonas de bosque espeso donde apenas pasa la luz del sol, son el ambiente ideal para las comunidades de anfibios, como la salamandra rabilarga. Esta especie, con una larga cola que hace honor a su nombre, solo se encuentra en Galicia, en el norte de Portugal y en alguna zona de Asturias.<\/p>\n<p>Aqu\u00ed tambi\u00e9n habitan varias especies del \u00fanico mam\u00edfero que puede volar: el murci\u00e9lago. \u00bfSon realmente ciegos? Se comprobar\u00e1 c\u00f3mo se orientan en el apartado de experimentos, en el que incluso se podr\u00e1 ver el sonido. El mejor nadador paral\u00edmpico de la historia, Enhamed Enhamed, desvelar\u00e1 si puede orientarse como ellos.Tambi\u00e9n se explicar\u00e1 por qu\u00e9 el caracol clava un dardo a su pareja para reproducirse.<\/p>\n<p>&nbsp;<\/p>\n","protected":false},"excerpt":{"rendered":"<p>&#8216;\u00a1Qu\u00e9 animal!&#8217; visita esta semana el parque natural de las Fragas do Eume, en A Coru\u00f1a, el bosque atl\u00e1ntico costero m\u00e1s importante de Europa. Sus 9.000 hect\u00e1reas se conservan en un estado casi virgen y albergan especies end\u00e9micas como el caracol de Quimper o la salamandra rabilarga. Adem\u00e1s, el medallista paral\u00edmpico ciego Enhamed Enhamed demostrar\u00e1<\/p>\n","protected":false},"author":1,"featured_media":72727,"comment_status":"open","ping_status":"closed","sticky":false,"template":"","format":"standard","meta":{"footnotes":""},"categories":[1],"tags":[],"class_list":{"0":"post-72726","1":"post","2":"type-post","3":"status-publish","4":"format-standard","5":"has-post-thumbnail","7":"category-agenda"},"aioseo_notices":[],"aioseo_head":"\n\t\t<!-- All in One SEO Pro 4.9.6.2 - aioseo.com -->\n\t<meta name=\"description\" content=\"&#039;\u00a1Qu\u00e9 animal!&#039; visita esta semana el parque natural de las Fragas do Eume, en A Coru\u00f1a, el bosque atl\u00e1ntico costero m\u00e1s importante de Europa. Sus 9.000 hect\u00e1reas se conservan en un estado casi virgen y albergan especies end\u00e9micas como el caracol de Quimper o la salamandra rabilarga. Adem\u00e1s, el medallista paral\u00edmpico ciego Enhamed Enhamed demostrar\u00e1\" \/>\n\t<meta name=\"robots\" content=\"max-image-preview:large\" \/>\n\t<meta name=\"author\" content=\"Cand\u00e1s 365\"\/>\n\t<meta name=\"google-site-verification\" content=\"UA-32230408-1\" \/>\n\t<meta name=\"msvalidate.01\" content=\"354F3CDFB2DA171B47FBE9ABF1F88D5\" \/>\n\t<meta name=\"keywords\" content=\"agenda\" \/>\n\t<link rel=\"canonical\" href=\"https:\/\/candas365.es\/noticias\/que-animal-recorre-las-fragas-do-eume\/\" \/>\n\t<meta name=\"generator\" content=\"All in One SEO Pro (AIOSEO) 4.9.6.2\" \/>\n\t\t<meta property=\"og:locale\" content=\"es_ES\" \/>\n\t\t<meta property=\"og:site_name\" content=\"Cand\u00e1s 365\" \/>\n\t\t<meta property=\"og:type\" content=\"article\" \/>\n\t\t<meta property=\"og:title\" content=\"\u00a1Qu\u00e9 animal! recorre las Fragas do Eume | Cand\u00e1s 365\" \/>\n\t\t<meta property=\"og:description\" content=\"&#039;\u00a1Qu\u00e9 animal!&#039; visita esta semana el parque natural de las Fragas do Eume, en A Coru\u00f1a, el bosque atl\u00e1ntico costero m\u00e1s importante de Europa. Sus 9.000 hect\u00e1reas se conservan en un estado casi virgen y albergan especies end\u00e9micas como el caracol de Quimper o la salamandra rabilarga. Adem\u00e1s, el medallista paral\u00edmpico ciego Enhamed Enhamed demostrar\u00e1\" \/>\n\t\t<meta property=\"og:url\" content=\"https:\/\/candas365.es\/noticias\/que-animal-recorre-las-fragas-do-eume\/\" \/>\n\t\t<meta property=\"og:image\" content=\"https:\/\/candas365.es\/noticias\/wp-content\/uploads\/2017\/06\/QA-Tele261701.jpg\" \/>\n\t\t<meta property=\"og:image:secure_url\" content=\"https:\/\/candas365.es\/noticias\/wp-content\/uploads\/2017\/06\/QA-Tele261701.jpg\" \/>\n\t\t<meta property=\"og:image:width\" content=\"1180\" \/>\n\t\t<meta property=\"og:image:height\" content=\"664\" \/>\n\t\t<meta property=\"article:published_time\" content=\"2017-06-02T22:00:20+00:00\" \/>\n\t\t<meta property=\"article:modified_time\" content=\"2017-06-02T22:00:20+00:00\" \/>\n\t\t<meta property=\"article:publisher\" content=\"https:\/\/www.facebook.com\/Nachofdezber\" \/>\n\t\t<meta property=\"article:author\" content=\"https:\/\/www.facebook.com\/carrenoactualidad\" \/>\n\t\t<meta name=\"twitter:card\" content=\"summary_large_image\" \/>\n\t\t<meta name=\"twitter:site\" content=\"@NabercoDigital\" \/>\n\t\t<meta name=\"twitter:title\" content=\"\u00a1Qu\u00e9 animal! recorre las Fragas do Eume | Cand\u00e1s 365\" \/>\n\t\t<meta name=\"twitter:description\" content=\"&#039;\u00a1Qu\u00e9 animal!&#039; visita esta semana el parque natural de las Fragas do Eume, en A Coru\u00f1a, el bosque atl\u00e1ntico costero m\u00e1s importante de Europa. Sus 9.000 hect\u00e1reas se conservan en un estado casi virgen y albergan especies end\u00e9micas como el caracol de Quimper o la salamandra rabilarga. Adem\u00e1s, el medallista paral\u00edmpico ciego Enhamed Enhamed demostrar\u00e1\" \/>\n\t\t<meta name=\"twitter:creator\" content=\"@nbasturias\" \/>\n\t\t<meta name=\"twitter:image\" content=\"https:\/\/candas365.es\/noticias\/wp-content\/uploads\/2017\/06\/QA-Tele261701.jpg\" \/>\n\t\t<meta name=\"twitter:label1\" content=\"Escrito por\" \/>\n\t\t<meta name=\"twitter:data1\" content=\"Cand\u00e1s 365\" \/>\n\t\t<meta name=\"twitter:label2\" content=\"Tiempo de lectura estimado\" \/>\n\t\t<meta name=\"twitter:data2\" content=\"1 minuto\" \/>\n\t\t<script type=\"application\/ld+json\" class=\"aioseo-schema\">\n\t\t\t{\"@context\":\"https:\\\/\\\/schema.org\",\"@graph\":[{\"@type\":\"BreadcrumbList\",\"@id\":\"https:\\\/\\\/candas365.es\\\/noticias\\\/que-animal-recorre-las-fragas-do-eume\\\/#breadcrumblist\",\"itemListElement\":[{\"@type\":\"ListItem\",\"@id\":\"https:\\\/\\\/candas365.es\\\/noticias#listItem\",\"position\":1,\"name\":\"Home\",\"item\":\"https:\\\/\\\/candas365.es\\\/noticias\",\"nextItem\":{\"@type\":\"ListItem\",\"@id\":\"https:\\\/\\\/candas365.es\\\/noticias\\\/category\\\/agenda\\\/#listItem\",\"name\":\"Agenda\"}},{\"@type\":\"ListItem\",\"@id\":\"https:\\\/\\\/candas365.es\\\/noticias\\\/category\\\/agenda\\\/#listItem\",\"position\":2,\"name\":\"Agenda\",\"item\":\"https:\\\/\\\/candas365.es\\\/noticias\\\/category\\\/agenda\\\/\",\"nextItem\":{\"@type\":\"ListItem\",\"@id\":\"https:\\\/\\\/candas365.es\\\/noticias\\\/que-animal-recorre-las-fragas-do-eume\\\/#listItem\",\"name\":\"\\u00a1Qu\\u00e9 animal! recorre las Fragas do Eume\"},\"previousItem\":{\"@type\":\"ListItem\",\"@id\":\"https:\\\/\\\/candas365.es\\\/noticias#listItem\",\"name\":\"Home\"}},{\"@type\":\"ListItem\",\"@id\":\"https:\\\/\\\/candas365.es\\\/noticias\\\/que-animal-recorre-las-fragas-do-eume\\\/#listItem\",\"position\":3,\"name\":\"\\u00a1Qu\\u00e9 animal! recorre las Fragas do Eume\",\"previousItem\":{\"@type\":\"ListItem\",\"@id\":\"https:\\\/\\\/candas365.es\\\/noticias\\\/category\\\/agenda\\\/#listItem\",\"name\":\"Agenda\"}}]},{\"@type\":\"NewsArticle\",\"@id\":\"https:\\\/\\\/candas365.es\\\/noticias\\\/que-animal-recorre-las-fragas-do-eume\\\/#newsarticle\",\"name\":\"\\u00a1Qu\\u00e9 animal! recorre las Fragas do Eume | Cand\\u00e1s 365\",\"headline\":\"\\u00a1Qu\\u00e9 animal! recorre las Fragas do Eume\",\"author\":{\"@id\":\"https:\\\/\\\/candas365.es\\\/noticias\\\/author\\\/admin\\\/#author\"},\"publisher\":{\"@id\":\"https:\\\/\\\/candas365.es\\\/noticias\\\/#organization\"},\"image\":{\"@type\":\"ImageObject\",\"url\":\"https:\\\/\\\/candas365.es\\\/noticias\\\/wp-content\\\/uploads\\\/2017\\\/06\\\/QA-Tele261701.jpg\",\"width\":1180,\"height\":664},\"datePublished\":\"2017-06-02T22:00:20+02:00\",\"dateModified\":\"2017-06-02T22:00:20+02:00\",\"inLanguage\":\"es-ES\",\"mainEntityOfPage\":{\"@id\":\"https:\\\/\\\/candas365.es\\\/noticias\\\/que-animal-recorre-las-fragas-do-eume\\\/#webpage\"},\"isPartOf\":{\"@id\":\"https:\\\/\\\/candas365.es\\\/noticias\\\/que-animal-recorre-las-fragas-do-eume\\\/#webpage\"},\"articleSection\":\"Agenda\",\"dateline\":\"Publicado el junio 2, 2017.\"},{\"@type\":\"Organization\",\"@id\":\"https:\\\/\\\/candas365.es\\\/noticias\\\/#organization\",\"name\":\"Cand\\u00e1s 365\",\"description\":\"Cand\\u00e1s 365 es un diario digital independiente, fundado en 2012, con base en Asturias. Informamos con rigor sobre actualidad, sociedad, cultura y ocio, con una mirada local y global.\",\"url\":\"https:\\\/\\\/candas365.es\\\/noticias\\\/\",\"email\":\"info@candas365.es\",\"telephone\":\"+34652131393\",\"foundingDate\":\"2012-06-10\",\"logo\":{\"@type\":\"ImageObject\",\"url\":\"https:\\\/\\\/candas365.es\\\/noticias\\\/wp-content\\\/uploads\\\/2024\\\/09\\\/Candas-365-Redes.jpg\",\"@id\":\"https:\\\/\\\/candas365.es\\\/noticias\\\/que-animal-recorre-las-fragas-do-eume\\\/#organizationLogo\",\"width\":1152,\"height\":864,\"caption\":\"Cand\\u00e1s 365 Redes\"},\"image\":{\"@id\":\"https:\\\/\\\/candas365.es\\\/noticias\\\/que-animal-recorre-las-fragas-do-eume\\\/#organizationLogo\"},\"sameAs\":[\"https:\\\/\\\/www.facebook.com\\\/Nachofdezber\",\"https:\\\/\\\/x.com\\\/NabercoDigital\",\"https:\\\/\\\/www.instagram.com\\\/nachofdezber\\\/\",\"https:\\\/\\\/www.youtube.com\\\/channel\\\/UCZP-2wLEB9Rv6erhFmqVnvg\"],\"address\":{\"@id\":\"https:\\\/\\\/candas365.es\\\/noticias\\\/#postaladdress\",\"@type\":\"PostalAddress\",\"streetAddress\":\"san antonio 4, san antonio 4\",\"postalCode\":\"33430\",\"addressLocality\":\"Cand\\u00e1s\",\"addressRegion\":\"Asturias\",\"addressCountry\":\"ES\"}},{\"@type\":\"Person\",\"@id\":\"https:\\\/\\\/candas365.es\\\/noticias\\\/author\\\/admin\\\/#author\",\"url\":\"https:\\\/\\\/candas365.es\\\/noticias\\\/author\\\/admin\\\/\",\"name\":\"Cand\\u00e1s 365\",\"image\":{\"@type\":\"ImageObject\",\"@id\":\"https:\\\/\\\/candas365.es\\\/noticias\\\/que-animal-recorre-las-fragas-do-eume\\\/#authorImage\",\"url\":\"https:\\\/\\\/secure.gravatar.com\\\/avatar\\\/496a8e03d0c493ede1718b7934145dbdf8d89be1036b0eec9544e1094c9de390?s=96&d=mm&r=g\",\"width\":96,\"height\":96,\"caption\":\"Cand\\u00e1s 365\"},\"sameAs\":[\"https:\\\/\\\/www.facebook.com\\\/carrenoactualidad\",\"https:\\\/\\\/twitter.com\\\/nbasturias\",\"https:\\\/\\\/www.instagram.com\\\/nachofdezber\\\/\",\"https:\\\/\\\/www.youtube.com\\\/channel\\\/UCZP-2wLEB9Rv6erhFmqVnvg\"]},{\"@type\":\"WebPage\",\"@id\":\"https:\\\/\\\/candas365.es\\\/noticias\\\/que-animal-recorre-las-fragas-do-eume\\\/#webpage\",\"url\":\"https:\\\/\\\/candas365.es\\\/noticias\\\/que-animal-recorre-las-fragas-do-eume\\\/\",\"name\":\"\\u00a1Qu\\u00e9 animal! recorre las Fragas do Eume | Cand\\u00e1s 365\",\"description\":\"'\\u00a1Qu\\u00e9 animal!' visita esta semana el parque natural de las Fragas do Eume, en A Coru\\u00f1a, el bosque atl\\u00e1ntico costero m\\u00e1s importante de Europa. Sus 9.000 hect\\u00e1reas se conservan en un estado casi virgen y albergan especies end\\u00e9micas como el caracol de Quimper o la salamandra rabilarga. Adem\\u00e1s, el medallista paral\\u00edmpico ciego Enhamed Enhamed demostrar\\u00e1\",\"inLanguage\":\"es-ES\",\"isPartOf\":{\"@id\":\"https:\\\/\\\/candas365.es\\\/noticias\\\/#website\"},\"breadcrumb\":{\"@id\":\"https:\\\/\\\/candas365.es\\\/noticias\\\/que-animal-recorre-las-fragas-do-eume\\\/#breadcrumblist\"},\"author\":{\"@id\":\"https:\\\/\\\/candas365.es\\\/noticias\\\/author\\\/admin\\\/#author\"},\"creator\":{\"@id\":\"https:\\\/\\\/candas365.es\\\/noticias\\\/author\\\/admin\\\/#author\"},\"image\":{\"@type\":\"ImageObject\",\"url\":\"https:\\\/\\\/candas365.es\\\/noticias\\\/wp-content\\\/uploads\\\/2017\\\/06\\\/QA-Tele261701.jpg\",\"@id\":\"https:\\\/\\\/candas365.es\\\/noticias\\\/que-animal-recorre-las-fragas-do-eume\\\/#mainImage\",\"width\":1180,\"height\":664},\"primaryImageOfPage\":{\"@id\":\"https:\\\/\\\/candas365.es\\\/noticias\\\/que-animal-recorre-las-fragas-do-eume\\\/#mainImage\"},\"datePublished\":\"2017-06-02T22:00:20+02:00\",\"dateModified\":\"2017-06-02T22:00:20+02:00\"},{\"@type\":\"WebSite\",\"@id\":\"https:\\\/\\\/candas365.es\\\/noticias\\\/#website\",\"url\":\"https:\\\/\\\/candas365.es\\\/noticias\\\/\",\"name\":\"Cand\\u00e1s 365\",\"alternateName\":\"Cand\\u00e1s 365 Noticias\",\"description\":\"Actualidad desde Carre\\u00f1o para el mundo\",\"inLanguage\":\"es-ES\",\"publisher\":{\"@id\":\"https:\\\/\\\/candas365.es\\\/noticias\\\/#organization\"}}]}\n\t\t<\/script>\n\t\t<!-- All in One SEO Pro -->\r\n\t\t<title>\u00a1Qu\u00e9 animal! recorre las Fragas do Eume | Cand\u00e1s 365<\/title>\n\n","aioseo_head_json":{"title":"\u00a1Qu\u00e9 animal! recorre las Fragas do Eume | Cand\u00e1s 365","description":"'\u00a1Qu\u00e9 animal!' visita esta semana el parque natural de las Fragas do Eume, en A Coru\u00f1a, el bosque atl\u00e1ntico costero m\u00e1s importante de Europa. Sus 9.000 hect\u00e1reas se conservan en un estado casi virgen y albergan especies end\u00e9micas como el caracol de Quimper o la salamandra rabilarga. Adem\u00e1s, el medallista paral\u00edmpico ciego Enhamed Enhamed demostrar\u00e1","canonical_url":"https:\/\/candas365.es\/noticias\/que-animal-recorre-las-fragas-do-eume\/","robots":"max-image-preview:large","keywords":"agenda","webmasterTools":{"google-site-verification":"UA-32230408-1","msvalidate.01":"354F3CDFB2DA171B47FBE9ABF1F88D5","miscellaneous":""},"schema":{"@context":"https:\/\/schema.org","@graph":[{"@type":"BreadcrumbList","@id":"https:\/\/candas365.es\/noticias\/que-animal-recorre-las-fragas-do-eume\/#breadcrumblist","itemListElement":[{"@type":"ListItem","@id":"https:\/\/candas365.es\/noticias#listItem","position":1,"name":"Home","item":"https:\/\/candas365.es\/noticias","nextItem":{"@type":"ListItem","@id":"https:\/\/candas365.es\/noticias\/category\/agenda\/#listItem","name":"Agenda"}},{"@type":"ListItem","@id":"https:\/\/candas365.es\/noticias\/category\/agenda\/#listItem","position":2,"name":"Agenda","item":"https:\/\/candas365.es\/noticias\/category\/agenda\/","nextItem":{"@type":"ListItem","@id":"https:\/\/candas365.es\/noticias\/que-animal-recorre-las-fragas-do-eume\/#listItem","name":"\u00a1Qu\u00e9 animal! recorre las Fragas do Eume"},"previousItem":{"@type":"ListItem","@id":"https:\/\/candas365.es\/noticias#listItem","name":"Home"}},{"@type":"ListItem","@id":"https:\/\/candas365.es\/noticias\/que-animal-recorre-las-fragas-do-eume\/#listItem","position":3,"name":"\u00a1Qu\u00e9 animal! recorre las Fragas do Eume","previousItem":{"@type":"ListItem","@id":"https:\/\/candas365.es\/noticias\/category\/agenda\/#listItem","name":"Agenda"}}]},{"@type":"NewsArticle","@id":"https:\/\/candas365.es\/noticias\/que-animal-recorre-las-fragas-do-eume\/#newsarticle","name":"\u00a1Qu\u00e9 animal! recorre las Fragas do Eume | Cand\u00e1s 365","headline":"\u00a1Qu\u00e9 animal! recorre las Fragas do Eume","author":{"@id":"https:\/\/candas365.es\/noticias\/author\/admin\/#author"},"publisher":{"@id":"https:\/\/candas365.es\/noticias\/#organization"},"image":{"@type":"ImageObject","url":"https:\/\/candas365.es\/noticias\/wp-content\/uploads\/2017\/06\/QA-Tele261701.jpg","width":1180,"height":664},"datePublished":"2017-06-02T22:00:20+02:00","dateModified":"2017-06-02T22:00:20+02:00","inLanguage":"es-ES","mainEntityOfPage":{"@id":"https:\/\/candas365.es\/noticias\/que-animal-recorre-las-fragas-do-eume\/#webpage"},"isPartOf":{"@id":"https:\/\/candas365.es\/noticias\/que-animal-recorre-las-fragas-do-eume\/#webpage"},"articleSection":"Agenda","dateline":"Publicado el junio 2, 2017."},{"@type":"Organization","@id":"https:\/\/candas365.es\/noticias\/#organization","name":"Cand\u00e1s 365","description":"Cand\u00e1s 365 es un diario digital independiente, fundado en 2012, con base en Asturias. Informamos con rigor sobre actualidad, sociedad, cultura y ocio, con una mirada local y global.","url":"https:\/\/candas365.es\/noticias\/","email":"info@candas365.es","telephone":"+34652131393","foundingDate":"2012-06-10","logo":{"@type":"ImageObject","url":"https:\/\/candas365.es\/noticias\/wp-content\/uploads\/2024\/09\/Candas-365-Redes.jpg","@id":"https:\/\/candas365.es\/noticias\/que-animal-recorre-las-fragas-do-eume\/#organizationLogo","width":1152,"height":864,"caption":"Cand\u00e1s 365 Redes"},"image":{"@id":"https:\/\/candas365.es\/noticias\/que-animal-recorre-las-fragas-do-eume\/#organizationLogo"},"sameAs":["https:\/\/www.facebook.com\/Nachofdezber","https:\/\/x.com\/NabercoDigital","https:\/\/www.instagram.com\/nachofdezber\/","https:\/\/www.youtube.com\/channel\/UCZP-2wLEB9Rv6erhFmqVnvg"],"address":{"@id":"https:\/\/candas365.es\/noticias\/#postaladdress","@type":"PostalAddress","streetAddress":"san antonio 4, san antonio 4","postalCode":"33430","addressLocality":"Cand\u00e1s","addressRegion":"Asturias","addressCountry":"ES"}},{"@type":"Person","@id":"https:\/\/candas365.es\/noticias\/author\/admin\/#author","url":"https:\/\/candas365.es\/noticias\/author\/admin\/","name":"Cand\u00e1s 365","image":{"@type":"ImageObject","@id":"https:\/\/candas365.es\/noticias\/que-animal-recorre-las-fragas-do-eume\/#authorImage","url":"https:\/\/secure.gravatar.com\/avatar\/496a8e03d0c493ede1718b7934145dbdf8d89be1036b0eec9544e1094c9de390?s=96&d=mm&r=g","width":96,"height":96,"caption":"Cand\u00e1s 365"},"sameAs":["https:\/\/www.facebook.com\/carrenoactualidad","https:\/\/twitter.com\/nbasturias","https:\/\/www.instagram.com\/nachofdezber\/","https:\/\/www.youtube.com\/channel\/UCZP-2wLEB9Rv6erhFmqVnvg"]},{"@type":"WebPage","@id":"https:\/\/candas365.es\/noticias\/que-animal-recorre-las-fragas-do-eume\/#webpage","url":"https:\/\/candas365.es\/noticias\/que-animal-recorre-las-fragas-do-eume\/","name":"\u00a1Qu\u00e9 animal! recorre las Fragas do Eume | Cand\u00e1s 365","description":"'\u00a1Qu\u00e9 animal!' visita esta semana el parque natural de las Fragas do Eume, en A Coru\u00f1a, el bosque atl\u00e1ntico costero m\u00e1s importante de Europa. Sus 9.000 hect\u00e1reas se conservan en un estado casi virgen y albergan especies end\u00e9micas como el caracol de Quimper o la salamandra rabilarga. Adem\u00e1s, el medallista paral\u00edmpico ciego Enhamed Enhamed demostrar\u00e1","inLanguage":"es-ES","isPartOf":{"@id":"https:\/\/candas365.es\/noticias\/#website"},"breadcrumb":{"@id":"https:\/\/candas365.es\/noticias\/que-animal-recorre-las-fragas-do-eume\/#breadcrumblist"},"author":{"@id":"https:\/\/candas365.es\/noticias\/author\/admin\/#author"},"creator":{"@id":"https:\/\/candas365.es\/noticias\/author\/admin\/#author"},"image":{"@type":"ImageObject","url":"https:\/\/candas365.es\/noticias\/wp-content\/uploads\/2017\/06\/QA-Tele261701.jpg","@id":"https:\/\/candas365.es\/noticias\/que-animal-recorre-las-fragas-do-eume\/#mainImage","width":1180,"height":664},"primaryImageOfPage":{"@id":"https:\/\/candas365.es\/noticias\/que-animal-recorre-las-fragas-do-eume\/#mainImage"},"datePublished":"2017-06-02T22:00:20+02:00","dateModified":"2017-06-02T22:00:20+02:00"},{"@type":"WebSite","@id":"https:\/\/candas365.es\/noticias\/#website","url":"https:\/\/candas365.es\/noticias\/","name":"Cand\u00e1s 365","alternateName":"Cand\u00e1s 365 Noticias","description":"Actualidad desde Carre\u00f1o para el mundo","inLanguage":"es-ES","publisher":{"@id":"https:\/\/candas365.es\/noticias\/#organization"}}]},"og:locale":"es_ES","og:site_name":"Cand\u00e1s 365","og:type":"article","og:title":"\u00a1Qu\u00e9 animal! recorre las Fragas do Eume | Cand\u00e1s 365","og:description":"'\u00a1Qu\u00e9 animal!' visita esta semana el parque natural de las Fragas do Eume, en A Coru\u00f1a, el bosque atl\u00e1ntico costero m\u00e1s importante de Europa. Sus 9.000 hect\u00e1reas se conservan en un estado casi virgen y albergan especies end\u00e9micas como el caracol de Quimper o la salamandra rabilarga. Adem\u00e1s, el medallista paral\u00edmpico ciego Enhamed Enhamed demostrar\u00e1","og:url":"https:\/\/candas365.es\/noticias\/que-animal-recorre-las-fragas-do-eume\/","og:image":"https:\/\/candas365.es\/noticias\/wp-content\/uploads\/2017\/06\/QA-Tele261701.jpg","og:image:secure_url":"https:\/\/candas365.es\/noticias\/wp-content\/uploads\/2017\/06\/QA-Tele261701.jpg","og:image:width":1180,"og:image:height":664,"article:published_time":"2017-06-02T22:00:20+00:00","article:modified_time":"2017-06-02T22:00:20+00:00","article:publisher":"https:\/\/www.facebook.com\/Nachofdezber","article:author":"https:\/\/www.facebook.com\/carrenoactualidad","twitter:card":"summary_large_image","twitter:site":"@NabercoDigital","twitter:title":"\u00a1Qu\u00e9 animal! recorre las Fragas do Eume | Cand\u00e1s 365","twitter:description":"'\u00a1Qu\u00e9 animal!' visita esta semana el parque natural de las Fragas do Eume, en A Coru\u00f1a, el bosque atl\u00e1ntico costero m\u00e1s importante de Europa. Sus 9.000 hect\u00e1reas se conservan en un estado casi virgen y albergan especies end\u00e9micas como el caracol de Quimper o la salamandra rabilarga. Adem\u00e1s, el medallista paral\u00edmpico ciego Enhamed Enhamed demostrar\u00e1","twitter:creator":"@nbasturias","twitter:image":"https:\/\/candas365.es\/noticias\/wp-content\/uploads\/2017\/06\/QA-Tele261701.jpg","twitter:label1":"Escrito por","twitter:data1":"Cand\u00e1s 365","twitter:label2":"Tiempo de lectura estimado","twitter:data2":"1 minuto"},"aioseo_meta_data":{"post_id":"72726","title":null,"description":null,"keywords":null,"keyphrases":null,"primary_term":null,"canonical_url":null,"og_title":null,"og_description":null,"og_object_type":"default","og_image_type":"default","og_image_url":null,"og_image_width":null,"og_image_height":null,"og_image_custom_url":null,"og_image_custom_fields":null,"og_video":null,"og_custom_url":null,"og_article_section":null,"og_article_tags":null,"twitter_use_og":false,"twitter_card":"default","twitter_image_type":"default","twitter_image_url":null,"twitter_image_custom_url":null,"twitter_image_custom_fields":null,"twitter_title":null,"twitter_description":null,"schema":{"blockGraphs":[],"customGraphs":[],"default":{"data":{"Article":[],"Course":[],"Dataset":[],"FAQPage":[],"Movie":[],"Person":[],"Product":[],"ProductReview":[],"Car":[],"Recipe":[],"Service":[],"SoftwareApplication":[],"WebPage":[]},"graphName":"","isEnabled":true},"graphs":[],"defaultGraph":"","defaultPostTypeGraph":""},"schema_type":null,"schema_type_options":null,"pillar_content":false,"robots_default":true,"robots_noindex":false,"robots_noarchive":false,"robots_nosnippet":false,"robots_nofollow":false,"robots_noimageindex":false,"robots_noodp":false,"robots_notranslate":false,"robots_max_snippet":null,"robots_max_videopreview":null,"robots_max_imagepreview":"large","priority":null,"frequency":null,"location":null,"local_seo":null,"seo_analyzer_scan_date":"2025-08-25 15:13:21","breadcrumb_settings":null,"limit_modified_date":false,"reviewed_by":null,"open_ai":null,"ai":null,"created":"2020-12-21 10:52:01","updated":"2025-08-25 15:13:21"},"aioseo_breadcrumb":"<div class=\"aioseo-breadcrumbs\"><span class=\"aioseo-breadcrumb\">\n\t<a href=\"https:\/\/candas365.es\/noticias\" title=\"Home\">Home<\/a>\n<\/span><span class=\"aioseo-breadcrumb-separator\">&ndash;<\/span><span class=\"aioseo-breadcrumb\">\n\t<a href=\"https:\/\/candas365.es\/noticias\/category\/agenda\/\" title=\"Agenda\">Agenda<\/a>\n<\/span><span class=\"aioseo-breadcrumb-separator\">&ndash;<\/span><span class=\"aioseo-breadcrumb\">\n\t\u00a1Qu\u00e9 animal! recorre las Fragas do Eume\n<\/span><\/div>","aioseo_breadcrumb_json":[{"label":"Home","link":"https:\/\/candas365.es\/noticias"},{"label":"Agenda","link":"https:\/\/candas365.es\/noticias\/category\/agenda\/"},{"label":"\u00a1Qu\u00e9 animal! recorre las Fragas do Eume","link":"https:\/\/candas365.es\/noticias\/que-animal-recorre-las-fragas-do-eume\/"}],"_links":{"self":[{"href":"https:\/\/candas365.es\/noticias\/wp-json\/wp\/v2\/posts\/72726","targetHints":{"allow":["GET"]}}],"collection":[{"href":"https:\/\/candas365.es\/noticias\/wp-json\/wp\/v2\/posts"}],"about":[{"href":"https:\/\/candas365.es\/noticias\/wp-json\/wp\/v2\/types\/post"}],"author":[{"embeddable":true,"href":"https:\/\/candas365.es\/noticias\/wp-json\/wp\/v2\/users\/1"}],"replies":[{"embeddable":true,"href":"https:\/\/candas365.es\/noticias\/wp-json\/wp\/v2\/comments?post=72726"}],"version-history":[{"count":0,"href":"https:\/\/candas365.es\/noticias\/wp-json\/wp\/v2\/posts\/72726\/revisions"}],"wp:featuredmedia":[{"embeddable":true,"href":"https:\/\/candas365.es\/noticias\/wp-json\/wp\/v2\/media\/72727"}],"wp:attachment":[{"href":"https:\/\/candas365.es\/noticias\/wp-json\/wp\/v2\/media?parent=72726"}],"wp:term":[{"taxonomy":"category","embeddable":true,"href":"https:\/\/candas365.es\/noticias\/wp-json\/wp\/v2\/categories?post=72726"},{"taxonomy":"post_tag","embeddable":true,"href":"https:\/\/candas365.es\/noticias\/wp-json\/wp\/v2\/tags?post=72726"}],"curies":[{"name":"wp","href":"https:\/\/api.w.org\/{rel}","templated":true}]}}