{"id":72717,"date":"2017-06-02T21:54:09","date_gmt":"2017-06-02T21:54:09","guid":{"rendered":"http:\/\/candas365.es\/noticias\/?p=72717"},"modified":"2017-06-02T21:54:09","modified_gmt":"2017-06-02T21:54:09","slug":"jornadas-internacionales-de-micologia-ascomycota-2017-en-somiedo","status":"publish","type":"post","link":"https:\/\/candas365.es\/noticias\/jornadas-internacionales-de-micologia-ascomycota-2017-en-somiedo\/","title":{"rendered":"Jornadas internacionales de micolog\u00eda Ascomycota 2017 en Somiedo"},"content":{"rendered":"<p><img fetchpriority=\"high\" decoding=\"async\" class=\"alignleft size-medium wp-image-72718\" src=\"https:\/\/candas365.es\/noticias\/wp-content\/uploads\/2017\/06\/2035495_960_720-360x300.jpg\" alt=\"\" width=\"360\" height=\"300\" srcset=\"https:\/\/candas365.es\/noticias\/wp-content\/uploads\/2017\/06\/2035495_960_720-360x300.jpg 360w, https:\/\/candas365.es\/noticias\/wp-content\/uploads\/2017\/06\/2035495_960_720-768x642.jpg 768w, https:\/\/candas365.es\/noticias\/wp-content\/uploads\/2017\/06\/2035495_960_720-574x480.jpg 574w, https:\/\/candas365.es\/noticias\/wp-content\/uploads\/2017\/06\/2035495_960_720-696x582.jpg 696w, https:\/\/candas365.es\/noticias\/wp-content\/uploads\/2017\/06\/2035495_960_720-502x420.jpg 502w, https:\/\/candas365.es\/noticias\/wp-content\/uploads\/2017\/06\/2035495_960_720.jpg 861w\" sizes=\"(max-width: 360px) 100vw, 360px\" \/>El Parque Natural y Reserva de la Biosfera de Somiedo acoger\u00e1 desde ma\u00f1ana y hasta el d\u00eda 11 de este mes las jornadas internacionales de micolog\u00eda Ascomycota 2017, en las que participar\u00e1n 86 expertos procedentes de Europa (Alemania, Holanda, Francia, Espa\u00f1a, B\u00e9lgica, Finlandia, Estonia), Am\u00e9rica (Canad\u00e1) y Asia (Tailandia) para aumentar el conocimiento sobre este tipo de hongos.<\/p>\n<p>El territorio somedano es del m\u00e1ximo inter\u00e9s para que celebrar estas jornadas de estudio de los ascomycetes porque ofrece biodiversidad, riqueza etnogr\u00e1fica y sostenibilidad a los participantes. Aqu\u00ed existen actualmente m\u00e1s de 900 especies catalogadas.<\/p>\n<p>La p\u00e9rdida de diversidad biol\u00f3gica es motivo de preocupaci\u00f3n a nivel mundial, sobre todo, por el conocimiento incompleto que se dispone de la biota de la Tierra, una situaci\u00f3n particularmente cr\u00edtica en algunos grupos de organismos que constituyen elementos clave de las cadenas alimentarias y ecosist\u00e9micas.<\/p>\n<p>El parque de Somiedo lleva m\u00e1s de 25 a\u00f1os estudiando los hongos que son organismos euraciotas heter\u00f3trofos que, comparados con las plantas o los animales, han recibido considerablemente menor atenci\u00f3n. La \u00faltima estimaci\u00f3n aceptada del n\u00famero de especies f\u00fangicas es de 1,5 millones, de las cuales s\u00f3lo se conocen unas 80.000 y \u00fanicamente se mantiene en cultivo el 5 %.<\/p>\n<p>El objetivo es conocer la biodivesidad f\u00fangica como un componente clave en el mantenimiento de los ecosistemas: como degradadores, como pat\u00f3genos de plantas y animales o como simbiontes.<\/p>\n<p>Entre los objetivos de estas jornadas figura la posterior edici\u00f3n de una publicaci\u00f3n divulgativa sobre la rica biodiversidad f\u00fangica existente Somiedo, probablemente el parque con m\u00e1s especies de hongos estudiadas. Tambi\u00e9n se dar\u00e1 a conocer el papel ecol\u00f3gico que juegan en la naturaleza para concienciar sobre el aprovechamiento sostenible de este recurso agroforestal en Asturias. Asimismo, se explicar\u00e1 el recurso micol\u00f3gico como una riqueza a conservar y proteger por el papel que desempe\u00f1a en los distintos ecosistemas y formas de vida.<\/p>\n<p>&nbsp;<\/p>\n<p>&nbsp;<\/p>\n","protected":false},"excerpt":{"rendered":"<p>El Parque Natural y Reserva de la Biosfera de Somiedo acoger\u00e1 desde ma\u00f1ana y hasta el d\u00eda 11 de este mes las jornadas internacionales de micolog\u00eda Ascomycota 2017, en las que participar\u00e1n 86 expertos procedentes de Europa (Alemania, Holanda, Francia, Espa\u00f1a, B\u00e9lgica, Finlandia, Estonia), Am\u00e9rica (Canad\u00e1) y Asia (Tailandia) para aumentar el conocimiento sobre este<\/p>\n","protected":false},"author":1,"featured_media":72718,"comment_status":"open","ping_status":"closed","sticky":false,"template":"","format":"standard","meta":{"footnotes":""},"categories":[1],"tags":[],"class_list":{"0":"post-72717","1":"post","2":"type-post","3":"status-publish","4":"format-standard","5":"has-post-thumbnail","7":"category-agenda"},"aioseo_notices":[],"aioseo_head":"\n\t\t<!-- All in One SEO Pro 4.9.6.2 - aioseo.com -->\n\t<meta name=\"description\" content=\"El Parque Natural y Reserva de la Biosfera de Somiedo acoger\u00e1 desde ma\u00f1ana y hasta el d\u00eda 11 de este mes las jornadas internacionales de micolog\u00eda Ascomycota 2017, en las que participar\u00e1n 86 expertos procedentes de Europa (Alemania, Holanda, Francia, Espa\u00f1a, B\u00e9lgica, Finlandia, Estonia), Am\u00e9rica (Canad\u00e1) y Asia (Tailandia) para aumentar el conocimiento sobre este\" \/>\n\t<meta name=\"robots\" content=\"max-image-preview:large\" \/>\n\t<meta name=\"author\" content=\"Cand\u00e1s 365\"\/>\n\t<meta name=\"google-site-verification\" content=\"UA-32230408-1\" \/>\n\t<meta name=\"msvalidate.01\" content=\"354F3CDFB2DA171B47FBE9ABF1F88D5\" \/>\n\t<meta name=\"keywords\" content=\"agenda\" \/>\n\t<link rel=\"canonical\" href=\"https:\/\/candas365.es\/noticias\/jornadas-internacionales-de-micologia-ascomycota-2017-en-somiedo\/\" \/>\n\t<meta name=\"generator\" content=\"All in One SEO Pro (AIOSEO) 4.9.6.2\" \/>\n\t\t<meta property=\"og:locale\" content=\"es_ES\" \/>\n\t\t<meta property=\"og:site_name\" content=\"Cand\u00e1s 365\" \/>\n\t\t<meta property=\"og:type\" content=\"article\" \/>\n\t\t<meta property=\"og:title\" content=\"Jornadas internacionales de micolog\u00eda Ascomycota 2017 en Somiedo | Cand\u00e1s 365\" \/>\n\t\t<meta property=\"og:description\" content=\"El Parque Natural y Reserva de la Biosfera de Somiedo acoger\u00e1 desde ma\u00f1ana y hasta el d\u00eda 11 de este mes las jornadas internacionales de micolog\u00eda Ascomycota 2017, en las que participar\u00e1n 86 expertos procedentes de Europa (Alemania, Holanda, Francia, Espa\u00f1a, B\u00e9lgica, Finlandia, Estonia), Am\u00e9rica (Canad\u00e1) y Asia (Tailandia) para aumentar el conocimiento sobre este\" \/>\n\t\t<meta property=\"og:url\" content=\"https:\/\/candas365.es\/noticias\/jornadas-internacionales-de-micologia-ascomycota-2017-en-somiedo\/\" \/>\n\t\t<meta property=\"og:image\" content=\"https:\/\/candas365.es\/noticias\/wp-content\/uploads\/2017\/06\/2035495_960_720.jpg\" \/>\n\t\t<meta property=\"og:image:secure_url\" content=\"https:\/\/candas365.es\/noticias\/wp-content\/uploads\/2017\/06\/2035495_960_720.jpg\" \/>\n\t\t<meta property=\"og:image:width\" content=\"861\" \/>\n\t\t<meta property=\"og:image:height\" content=\"720\" \/>\n\t\t<meta property=\"article:published_time\" content=\"2017-06-02T21:54:09+00:00\" \/>\n\t\t<meta property=\"article:modified_time\" content=\"2017-06-02T21:54:09+00:00\" \/>\n\t\t<meta property=\"article:publisher\" content=\"https:\/\/www.facebook.com\/Nachofdezber\" \/>\n\t\t<meta property=\"article:author\" content=\"https:\/\/www.facebook.com\/carrenoactualidad\" \/>\n\t\t<meta name=\"twitter:card\" content=\"summary_large_image\" \/>\n\t\t<meta name=\"twitter:site\" content=\"@NabercoDigital\" \/>\n\t\t<meta name=\"twitter:title\" content=\"Jornadas internacionales de micolog\u00eda Ascomycota 2017 en Somiedo | Cand\u00e1s 365\" \/>\n\t\t<meta name=\"twitter:description\" content=\"El Parque Natural y Reserva de la Biosfera de Somiedo acoger\u00e1 desde ma\u00f1ana y hasta el d\u00eda 11 de este mes las jornadas internacionales de micolog\u00eda Ascomycota 2017, en las que participar\u00e1n 86 expertos procedentes de Europa (Alemania, Holanda, Francia, Espa\u00f1a, B\u00e9lgica, Finlandia, Estonia), Am\u00e9rica (Canad\u00e1) y Asia (Tailandia) para aumentar el conocimiento sobre este\" \/>\n\t\t<meta name=\"twitter:creator\" content=\"@nbasturias\" \/>\n\t\t<meta name=\"twitter:image\" content=\"https:\/\/candas365.es\/noticias\/wp-content\/uploads\/2017\/06\/2035495_960_720.jpg\" \/>\n\t\t<meta name=\"twitter:label1\" content=\"Escrito por\" \/>\n\t\t<meta name=\"twitter:data1\" content=\"Cand\u00e1s 365\" \/>\n\t\t<meta name=\"twitter:label2\" content=\"Tiempo de lectura estimado\" \/>\n\t\t<meta name=\"twitter:data2\" content=\"2 minutos\" \/>\n\t\t<script type=\"application\/ld+json\" class=\"aioseo-schema\">\n\t\t\t{\"@context\":\"https:\\\/\\\/schema.org\",\"@graph\":[{\"@type\":\"BreadcrumbList\",\"@id\":\"https:\\\/\\\/candas365.es\\\/noticias\\\/jornadas-internacionales-de-micologia-ascomycota-2017-en-somiedo\\\/#breadcrumblist\",\"itemListElement\":[{\"@type\":\"ListItem\",\"@id\":\"https:\\\/\\\/candas365.es\\\/noticias#listItem\",\"position\":1,\"name\":\"Home\",\"item\":\"https:\\\/\\\/candas365.es\\\/noticias\",\"nextItem\":{\"@type\":\"ListItem\",\"@id\":\"https:\\\/\\\/candas365.es\\\/noticias\\\/category\\\/agenda\\\/#listItem\",\"name\":\"Agenda\"}},{\"@type\":\"ListItem\",\"@id\":\"https:\\\/\\\/candas365.es\\\/noticias\\\/category\\\/agenda\\\/#listItem\",\"position\":2,\"name\":\"Agenda\",\"item\":\"https:\\\/\\\/candas365.es\\\/noticias\\\/category\\\/agenda\\\/\",\"nextItem\":{\"@type\":\"ListItem\",\"@id\":\"https:\\\/\\\/candas365.es\\\/noticias\\\/jornadas-internacionales-de-micologia-ascomycota-2017-en-somiedo\\\/#listItem\",\"name\":\"Jornadas internacionales de micolog\\u00eda Ascomycota 2017 en Somiedo\"},\"previousItem\":{\"@type\":\"ListItem\",\"@id\":\"https:\\\/\\\/candas365.es\\\/noticias#listItem\",\"name\":\"Home\"}},{\"@type\":\"ListItem\",\"@id\":\"https:\\\/\\\/candas365.es\\\/noticias\\\/jornadas-internacionales-de-micologia-ascomycota-2017-en-somiedo\\\/#listItem\",\"position\":3,\"name\":\"Jornadas internacionales de micolog\\u00eda Ascomycota 2017 en Somiedo\",\"previousItem\":{\"@type\":\"ListItem\",\"@id\":\"https:\\\/\\\/candas365.es\\\/noticias\\\/category\\\/agenda\\\/#listItem\",\"name\":\"Agenda\"}}]},{\"@type\":\"NewsArticle\",\"@id\":\"https:\\\/\\\/candas365.es\\\/noticias\\\/jornadas-internacionales-de-micologia-ascomycota-2017-en-somiedo\\\/#newsarticle\",\"name\":\"Jornadas internacionales de micolog\\u00eda Ascomycota 2017 en Somiedo | Cand\\u00e1s 365\",\"headline\":\"Jornadas internacionales de micolog\\u00eda Ascomycota 2017 en Somiedo\",\"author\":{\"@id\":\"https:\\\/\\\/candas365.es\\\/noticias\\\/author\\\/admin\\\/#author\"},\"publisher\":{\"@id\":\"https:\\\/\\\/candas365.es\\\/noticias\\\/#organization\"},\"image\":{\"@type\":\"ImageObject\",\"url\":\"https:\\\/\\\/candas365.es\\\/noticias\\\/wp-content\\\/uploads\\\/2017\\\/06\\\/2035495_960_720.jpg\",\"width\":861,\"height\":720},\"datePublished\":\"2017-06-02T21:54:09+02:00\",\"dateModified\":\"2017-06-02T21:54:09+02:00\",\"inLanguage\":\"es-ES\",\"mainEntityOfPage\":{\"@id\":\"https:\\\/\\\/candas365.es\\\/noticias\\\/jornadas-internacionales-de-micologia-ascomycota-2017-en-somiedo\\\/#webpage\"},\"isPartOf\":{\"@id\":\"https:\\\/\\\/candas365.es\\\/noticias\\\/jornadas-internacionales-de-micologia-ascomycota-2017-en-somiedo\\\/#webpage\"},\"articleSection\":\"Agenda\",\"dateline\":\"Publicado el junio 2, 2017.\"},{\"@type\":\"Organization\",\"@id\":\"https:\\\/\\\/candas365.es\\\/noticias\\\/#organization\",\"name\":\"Cand\\u00e1s 365\",\"description\":\"Cand\\u00e1s 365 es un diario digital independiente, fundado en 2012, con base en Asturias. Informamos con rigor sobre actualidad, sociedad, cultura y ocio, con una mirada local y global.\",\"url\":\"https:\\\/\\\/candas365.es\\\/noticias\\\/\",\"email\":\"info@candas365.es\",\"telephone\":\"+34652131393\",\"foundingDate\":\"2012-06-10\",\"logo\":{\"@type\":\"ImageObject\",\"url\":\"https:\\\/\\\/candas365.es\\\/noticias\\\/wp-content\\\/uploads\\\/2024\\\/09\\\/Candas-365-Redes.jpg\",\"@id\":\"https:\\\/\\\/candas365.es\\\/noticias\\\/jornadas-internacionales-de-micologia-ascomycota-2017-en-somiedo\\\/#organizationLogo\",\"width\":1152,\"height\":864,\"caption\":\"Cand\\u00e1s 365 Redes\"},\"image\":{\"@id\":\"https:\\\/\\\/candas365.es\\\/noticias\\\/jornadas-internacionales-de-micologia-ascomycota-2017-en-somiedo\\\/#organizationLogo\"},\"sameAs\":[\"https:\\\/\\\/www.facebook.com\\\/Nachofdezber\",\"https:\\\/\\\/x.com\\\/NabercoDigital\",\"https:\\\/\\\/www.instagram.com\\\/nachofdezber\\\/\",\"https:\\\/\\\/www.youtube.com\\\/channel\\\/UCZP-2wLEB9Rv6erhFmqVnvg\"],\"address\":{\"@id\":\"https:\\\/\\\/candas365.es\\\/noticias\\\/#postaladdress\",\"@type\":\"PostalAddress\",\"streetAddress\":\"san antonio 4, san antonio 4\",\"postalCode\":\"33430\",\"addressLocality\":\"Cand\\u00e1s\",\"addressRegion\":\"Asturias\",\"addressCountry\":\"ES\"}},{\"@type\":\"Person\",\"@id\":\"https:\\\/\\\/candas365.es\\\/noticias\\\/author\\\/admin\\\/#author\",\"url\":\"https:\\\/\\\/candas365.es\\\/noticias\\\/author\\\/admin\\\/\",\"name\":\"Cand\\u00e1s 365\",\"image\":{\"@type\":\"ImageObject\",\"@id\":\"https:\\\/\\\/candas365.es\\\/noticias\\\/jornadas-internacionales-de-micologia-ascomycota-2017-en-somiedo\\\/#authorImage\",\"url\":\"https:\\\/\\\/secure.gravatar.com\\\/avatar\\\/496a8e03d0c493ede1718b7934145dbdf8d89be1036b0eec9544e1094c9de390?s=96&d=mm&r=g\",\"width\":96,\"height\":96,\"caption\":\"Cand\\u00e1s 365\"},\"sameAs\":[\"https:\\\/\\\/www.facebook.com\\\/carrenoactualidad\",\"https:\\\/\\\/twitter.com\\\/nbasturias\",\"https:\\\/\\\/www.instagram.com\\\/nachofdezber\\\/\",\"https:\\\/\\\/www.youtube.com\\\/channel\\\/UCZP-2wLEB9Rv6erhFmqVnvg\"]},{\"@type\":\"WebPage\",\"@id\":\"https:\\\/\\\/candas365.es\\\/noticias\\\/jornadas-internacionales-de-micologia-ascomycota-2017-en-somiedo\\\/#webpage\",\"url\":\"https:\\\/\\\/candas365.es\\\/noticias\\\/jornadas-internacionales-de-micologia-ascomycota-2017-en-somiedo\\\/\",\"name\":\"Jornadas internacionales de micolog\\u00eda Ascomycota 2017 en Somiedo | Cand\\u00e1s 365\",\"description\":\"El Parque Natural y Reserva de la Biosfera de Somiedo acoger\\u00e1 desde ma\\u00f1ana y hasta el d\\u00eda 11 de este mes las jornadas internacionales de micolog\\u00eda Ascomycota 2017, en las que participar\\u00e1n 86 expertos procedentes de Europa (Alemania, Holanda, Francia, Espa\\u00f1a, B\\u00e9lgica, Finlandia, Estonia), Am\\u00e9rica (Canad\\u00e1) y Asia (Tailandia) para aumentar el conocimiento sobre este\",\"inLanguage\":\"es-ES\",\"isPartOf\":{\"@id\":\"https:\\\/\\\/candas365.es\\\/noticias\\\/#website\"},\"breadcrumb\":{\"@id\":\"https:\\\/\\\/candas365.es\\\/noticias\\\/jornadas-internacionales-de-micologia-ascomycota-2017-en-somiedo\\\/#breadcrumblist\"},\"author\":{\"@id\":\"https:\\\/\\\/candas365.es\\\/noticias\\\/author\\\/admin\\\/#author\"},\"creator\":{\"@id\":\"https:\\\/\\\/candas365.es\\\/noticias\\\/author\\\/admin\\\/#author\"},\"image\":{\"@type\":\"ImageObject\",\"url\":\"https:\\\/\\\/candas365.es\\\/noticias\\\/wp-content\\\/uploads\\\/2017\\\/06\\\/2035495_960_720.jpg\",\"@id\":\"https:\\\/\\\/candas365.es\\\/noticias\\\/jornadas-internacionales-de-micologia-ascomycota-2017-en-somiedo\\\/#mainImage\",\"width\":861,\"height\":720},\"primaryImageOfPage\":{\"@id\":\"https:\\\/\\\/candas365.es\\\/noticias\\\/jornadas-internacionales-de-micologia-ascomycota-2017-en-somiedo\\\/#mainImage\"},\"datePublished\":\"2017-06-02T21:54:09+02:00\",\"dateModified\":\"2017-06-02T21:54:09+02:00\"},{\"@type\":\"WebSite\",\"@id\":\"https:\\\/\\\/candas365.es\\\/noticias\\\/#website\",\"url\":\"https:\\\/\\\/candas365.es\\\/noticias\\\/\",\"name\":\"Cand\\u00e1s 365\",\"alternateName\":\"Cand\\u00e1s 365 Noticias\",\"description\":\"Actualidad desde Carre\\u00f1o para el mundo\",\"inLanguage\":\"es-ES\",\"publisher\":{\"@id\":\"https:\\\/\\\/candas365.es\\\/noticias\\\/#organization\"}}]}\n\t\t<\/script>\n\t\t<!-- All in One SEO Pro -->\r\n\t\t<title>Jornadas internacionales de micolog\u00eda Ascomycota 2017 en Somiedo | Cand\u00e1s 365<\/title>\n\n","aioseo_head_json":{"title":"Jornadas internacionales de micolog\u00eda Ascomycota 2017 en Somiedo | Cand\u00e1s 365","description":"El Parque Natural y Reserva de la Biosfera de Somiedo acoger\u00e1 desde ma\u00f1ana y hasta el d\u00eda 11 de este mes las jornadas internacionales de micolog\u00eda Ascomycota 2017, en las que participar\u00e1n 86 expertos procedentes de Europa (Alemania, Holanda, Francia, Espa\u00f1a, B\u00e9lgica, Finlandia, Estonia), Am\u00e9rica (Canad\u00e1) y Asia (Tailandia) para aumentar el conocimiento sobre este","canonical_url":"https:\/\/candas365.es\/noticias\/jornadas-internacionales-de-micologia-ascomycota-2017-en-somiedo\/","robots":"max-image-preview:large","keywords":"agenda","webmasterTools":{"google-site-verification":"UA-32230408-1","msvalidate.01":"354F3CDFB2DA171B47FBE9ABF1F88D5","miscellaneous":""},"schema":{"@context":"https:\/\/schema.org","@graph":[{"@type":"BreadcrumbList","@id":"https:\/\/candas365.es\/noticias\/jornadas-internacionales-de-micologia-ascomycota-2017-en-somiedo\/#breadcrumblist","itemListElement":[{"@type":"ListItem","@id":"https:\/\/candas365.es\/noticias#listItem","position":1,"name":"Home","item":"https:\/\/candas365.es\/noticias","nextItem":{"@type":"ListItem","@id":"https:\/\/candas365.es\/noticias\/category\/agenda\/#listItem","name":"Agenda"}},{"@type":"ListItem","@id":"https:\/\/candas365.es\/noticias\/category\/agenda\/#listItem","position":2,"name":"Agenda","item":"https:\/\/candas365.es\/noticias\/category\/agenda\/","nextItem":{"@type":"ListItem","@id":"https:\/\/candas365.es\/noticias\/jornadas-internacionales-de-micologia-ascomycota-2017-en-somiedo\/#listItem","name":"Jornadas internacionales de micolog\u00eda Ascomycota 2017 en Somiedo"},"previousItem":{"@type":"ListItem","@id":"https:\/\/candas365.es\/noticias#listItem","name":"Home"}},{"@type":"ListItem","@id":"https:\/\/candas365.es\/noticias\/jornadas-internacionales-de-micologia-ascomycota-2017-en-somiedo\/#listItem","position":3,"name":"Jornadas internacionales de micolog\u00eda Ascomycota 2017 en Somiedo","previousItem":{"@type":"ListItem","@id":"https:\/\/candas365.es\/noticias\/category\/agenda\/#listItem","name":"Agenda"}}]},{"@type":"NewsArticle","@id":"https:\/\/candas365.es\/noticias\/jornadas-internacionales-de-micologia-ascomycota-2017-en-somiedo\/#newsarticle","name":"Jornadas internacionales de micolog\u00eda Ascomycota 2017 en Somiedo | Cand\u00e1s 365","headline":"Jornadas internacionales de micolog\u00eda Ascomycota 2017 en Somiedo","author":{"@id":"https:\/\/candas365.es\/noticias\/author\/admin\/#author"},"publisher":{"@id":"https:\/\/candas365.es\/noticias\/#organization"},"image":{"@type":"ImageObject","url":"https:\/\/candas365.es\/noticias\/wp-content\/uploads\/2017\/06\/2035495_960_720.jpg","width":861,"height":720},"datePublished":"2017-06-02T21:54:09+02:00","dateModified":"2017-06-02T21:54:09+02:00","inLanguage":"es-ES","mainEntityOfPage":{"@id":"https:\/\/candas365.es\/noticias\/jornadas-internacionales-de-micologia-ascomycota-2017-en-somiedo\/#webpage"},"isPartOf":{"@id":"https:\/\/candas365.es\/noticias\/jornadas-internacionales-de-micologia-ascomycota-2017-en-somiedo\/#webpage"},"articleSection":"Agenda","dateline":"Publicado el junio 2, 2017."},{"@type":"Organization","@id":"https:\/\/candas365.es\/noticias\/#organization","name":"Cand\u00e1s 365","description":"Cand\u00e1s 365 es un diario digital independiente, fundado en 2012, con base en Asturias. Informamos con rigor sobre actualidad, sociedad, cultura y ocio, con una mirada local y global.","url":"https:\/\/candas365.es\/noticias\/","email":"info@candas365.es","telephone":"+34652131393","foundingDate":"2012-06-10","logo":{"@type":"ImageObject","url":"https:\/\/candas365.es\/noticias\/wp-content\/uploads\/2024\/09\/Candas-365-Redes.jpg","@id":"https:\/\/candas365.es\/noticias\/jornadas-internacionales-de-micologia-ascomycota-2017-en-somiedo\/#organizationLogo","width":1152,"height":864,"caption":"Cand\u00e1s 365 Redes"},"image":{"@id":"https:\/\/candas365.es\/noticias\/jornadas-internacionales-de-micologia-ascomycota-2017-en-somiedo\/#organizationLogo"},"sameAs":["https:\/\/www.facebook.com\/Nachofdezber","https:\/\/x.com\/NabercoDigital","https:\/\/www.instagram.com\/nachofdezber\/","https:\/\/www.youtube.com\/channel\/UCZP-2wLEB9Rv6erhFmqVnvg"],"address":{"@id":"https:\/\/candas365.es\/noticias\/#postaladdress","@type":"PostalAddress","streetAddress":"san antonio 4, san antonio 4","postalCode":"33430","addressLocality":"Cand\u00e1s","addressRegion":"Asturias","addressCountry":"ES"}},{"@type":"Person","@id":"https:\/\/candas365.es\/noticias\/author\/admin\/#author","url":"https:\/\/candas365.es\/noticias\/author\/admin\/","name":"Cand\u00e1s 365","image":{"@type":"ImageObject","@id":"https:\/\/candas365.es\/noticias\/jornadas-internacionales-de-micologia-ascomycota-2017-en-somiedo\/#authorImage","url":"https:\/\/secure.gravatar.com\/avatar\/496a8e03d0c493ede1718b7934145dbdf8d89be1036b0eec9544e1094c9de390?s=96&d=mm&r=g","width":96,"height":96,"caption":"Cand\u00e1s 365"},"sameAs":["https:\/\/www.facebook.com\/carrenoactualidad","https:\/\/twitter.com\/nbasturias","https:\/\/www.instagram.com\/nachofdezber\/","https:\/\/www.youtube.com\/channel\/UCZP-2wLEB9Rv6erhFmqVnvg"]},{"@type":"WebPage","@id":"https:\/\/candas365.es\/noticias\/jornadas-internacionales-de-micologia-ascomycota-2017-en-somiedo\/#webpage","url":"https:\/\/candas365.es\/noticias\/jornadas-internacionales-de-micologia-ascomycota-2017-en-somiedo\/","name":"Jornadas internacionales de micolog\u00eda Ascomycota 2017 en Somiedo | Cand\u00e1s 365","description":"El Parque Natural y Reserva de la Biosfera de Somiedo acoger\u00e1 desde ma\u00f1ana y hasta el d\u00eda 11 de este mes las jornadas internacionales de micolog\u00eda Ascomycota 2017, en las que participar\u00e1n 86 expertos procedentes de Europa (Alemania, Holanda, Francia, Espa\u00f1a, B\u00e9lgica, Finlandia, Estonia), Am\u00e9rica (Canad\u00e1) y Asia (Tailandia) para aumentar el conocimiento sobre este","inLanguage":"es-ES","isPartOf":{"@id":"https:\/\/candas365.es\/noticias\/#website"},"breadcrumb":{"@id":"https:\/\/candas365.es\/noticias\/jornadas-internacionales-de-micologia-ascomycota-2017-en-somiedo\/#breadcrumblist"},"author":{"@id":"https:\/\/candas365.es\/noticias\/author\/admin\/#author"},"creator":{"@id":"https:\/\/candas365.es\/noticias\/author\/admin\/#author"},"image":{"@type":"ImageObject","url":"https:\/\/candas365.es\/noticias\/wp-content\/uploads\/2017\/06\/2035495_960_720.jpg","@id":"https:\/\/candas365.es\/noticias\/jornadas-internacionales-de-micologia-ascomycota-2017-en-somiedo\/#mainImage","width":861,"height":720},"primaryImageOfPage":{"@id":"https:\/\/candas365.es\/noticias\/jornadas-internacionales-de-micologia-ascomycota-2017-en-somiedo\/#mainImage"},"datePublished":"2017-06-02T21:54:09+02:00","dateModified":"2017-06-02T21:54:09+02:00"},{"@type":"WebSite","@id":"https:\/\/candas365.es\/noticias\/#website","url":"https:\/\/candas365.es\/noticias\/","name":"Cand\u00e1s 365","alternateName":"Cand\u00e1s 365 Noticias","description":"Actualidad desde Carre\u00f1o para el mundo","inLanguage":"es-ES","publisher":{"@id":"https:\/\/candas365.es\/noticias\/#organization"}}]},"og:locale":"es_ES","og:site_name":"Cand\u00e1s 365","og:type":"article","og:title":"Jornadas internacionales de micolog\u00eda Ascomycota 2017 en Somiedo | Cand\u00e1s 365","og:description":"El Parque Natural y Reserva de la Biosfera de Somiedo acoger\u00e1 desde ma\u00f1ana y hasta el d\u00eda 11 de este mes las jornadas internacionales de micolog\u00eda Ascomycota 2017, en las que participar\u00e1n 86 expertos procedentes de Europa (Alemania, Holanda, Francia, Espa\u00f1a, B\u00e9lgica, Finlandia, Estonia), Am\u00e9rica (Canad\u00e1) y Asia (Tailandia) para aumentar el conocimiento sobre este","og:url":"https:\/\/candas365.es\/noticias\/jornadas-internacionales-de-micologia-ascomycota-2017-en-somiedo\/","og:image":"https:\/\/candas365.es\/noticias\/wp-content\/uploads\/2017\/06\/2035495_960_720.jpg","og:image:secure_url":"https:\/\/candas365.es\/noticias\/wp-content\/uploads\/2017\/06\/2035495_960_720.jpg","og:image:width":861,"og:image:height":720,"article:published_time":"2017-06-02T21:54:09+00:00","article:modified_time":"2017-06-02T21:54:09+00:00","article:publisher":"https:\/\/www.facebook.com\/Nachofdezber","article:author":"https:\/\/www.facebook.com\/carrenoactualidad","twitter:card":"summary_large_image","twitter:site":"@NabercoDigital","twitter:title":"Jornadas internacionales de micolog\u00eda Ascomycota 2017 en Somiedo | Cand\u00e1s 365","twitter:description":"El Parque Natural y Reserva de la Biosfera de Somiedo acoger\u00e1 desde ma\u00f1ana y hasta el d\u00eda 11 de este mes las jornadas internacionales de micolog\u00eda Ascomycota 2017, en las que participar\u00e1n 86 expertos procedentes de Europa (Alemania, Holanda, Francia, Espa\u00f1a, B\u00e9lgica, Finlandia, Estonia), Am\u00e9rica (Canad\u00e1) y Asia (Tailandia) para aumentar el conocimiento sobre este","twitter:creator":"@nbasturias","twitter:image":"https:\/\/candas365.es\/noticias\/wp-content\/uploads\/2017\/06\/2035495_960_720.jpg","twitter:label1":"Escrito por","twitter:data1":"Cand\u00e1s 365","twitter:label2":"Tiempo de lectura estimado","twitter:data2":"2 minutos"},"aioseo_meta_data":{"post_id":"72717","title":null,"description":null,"keywords":null,"keyphrases":null,"primary_term":null,"canonical_url":null,"og_title":null,"og_description":null,"og_object_type":"default","og_image_type":"default","og_image_url":null,"og_image_width":null,"og_image_height":null,"og_image_custom_url":null,"og_image_custom_fields":null,"og_video":null,"og_custom_url":null,"og_article_section":null,"og_article_tags":null,"twitter_use_og":false,"twitter_card":"default","twitter_image_type":"default","twitter_image_url":null,"twitter_image_custom_url":null,"twitter_image_custom_fields":null,"twitter_title":null,"twitter_description":null,"schema":{"blockGraphs":[],"customGraphs":[],"default":{"data":{"Article":[],"Course":[],"Dataset":[],"FAQPage":[],"Movie":[],"Person":[],"Product":[],"ProductReview":[],"Car":[],"Recipe":[],"Service":[],"SoftwareApplication":[],"WebPage":[]},"graphName":"","isEnabled":true},"graphs":[]},"schema_type":null,"schema_type_options":null,"pillar_content":false,"robots_default":true,"robots_noindex":false,"robots_noarchive":false,"robots_nosnippet":false,"robots_nofollow":false,"robots_noimageindex":false,"robots_noodp":false,"robots_notranslate":false,"robots_max_snippet":null,"robots_max_videopreview":null,"robots_max_imagepreview":"large","priority":null,"frequency":null,"location":null,"local_seo":null,"seo_analyzer_scan_date":"2025-08-25 15:13:17","breadcrumb_settings":null,"limit_modified_date":false,"reviewed_by":null,"open_ai":null,"ai":null,"created":"2020-12-21 10:52:01","updated":"2025-08-25 15:13:17"},"aioseo_breadcrumb":"<div class=\"aioseo-breadcrumbs\"><span class=\"aioseo-breadcrumb\">\n\t<a href=\"https:\/\/candas365.es\/noticias\" title=\"Home\">Home<\/a>\n<\/span><span class=\"aioseo-breadcrumb-separator\">&ndash;<\/span><span class=\"aioseo-breadcrumb\">\n\t<a href=\"https:\/\/candas365.es\/noticias\/category\/agenda\/\" title=\"Agenda\">Agenda<\/a>\n<\/span><span class=\"aioseo-breadcrumb-separator\">&ndash;<\/span><span class=\"aioseo-breadcrumb\">\n\tJornadas internacionales de micolog\u00eda Ascomycota 2017 en Somiedo\n<\/span><\/div>","aioseo_breadcrumb_json":[{"label":"Home","link":"https:\/\/candas365.es\/noticias"},{"label":"Agenda","link":"https:\/\/candas365.es\/noticias\/category\/agenda\/"},{"label":"Jornadas internacionales de micolog\u00eda Ascomycota 2017 en Somiedo","link":"https:\/\/candas365.es\/noticias\/jornadas-internacionales-de-micologia-ascomycota-2017-en-somiedo\/"}],"_links":{"self":[{"href":"https:\/\/candas365.es\/noticias\/wp-json\/wp\/v2\/posts\/72717","targetHints":{"allow":["GET"]}}],"collection":[{"href":"https:\/\/candas365.es\/noticias\/wp-json\/wp\/v2\/posts"}],"about":[{"href":"https:\/\/candas365.es\/noticias\/wp-json\/wp\/v2\/types\/post"}],"author":[{"embeddable":true,"href":"https:\/\/candas365.es\/noticias\/wp-json\/wp\/v2\/users\/1"}],"replies":[{"embeddable":true,"href":"https:\/\/candas365.es\/noticias\/wp-json\/wp\/v2\/comments?post=72717"}],"version-history":[{"count":0,"href":"https:\/\/candas365.es\/noticias\/wp-json\/wp\/v2\/posts\/72717\/revisions"}],"wp:featuredmedia":[{"embeddable":true,"href":"https:\/\/candas365.es\/noticias\/wp-json\/wp\/v2\/media\/72718"}],"wp:attachment":[{"href":"https:\/\/candas365.es\/noticias\/wp-json\/wp\/v2\/media?parent=72717"}],"wp:term":[{"taxonomy":"category","embeddable":true,"href":"https:\/\/candas365.es\/noticias\/wp-json\/wp\/v2\/categories?post=72717"},{"taxonomy":"post_tag","embeddable":true,"href":"https:\/\/candas365.es\/noticias\/wp-json\/wp\/v2\/tags?post=72717"}],"curies":[{"name":"wp","href":"https:\/\/api.w.org\/{rel}","templated":true}]}}