{"id":72633,"date":"2017-06-01T17:41:22","date_gmt":"2017-06-01T17:41:22","guid":{"rendered":"http:\/\/candas365.es\/noticias\/?p=72633"},"modified":"2017-06-01T17:41:22","modified_gmt":"2017-06-01T17:41:22","slug":"ciclo-los-monstruos-de-la-maquina-frankenstein-en-el-siglo-xxi-de-laboral-cineteca","status":"publish","type":"post","link":"https:\/\/candas365.es\/noticias\/ciclo-los-monstruos-de-la-maquina-frankenstein-en-el-siglo-xxi-de-laboral-cineteca\/","title":{"rendered":"Ciclo \u201cLos monstruos de la m\u00e1quina. Frankenstein en el siglo XXI\u201d de Laboral Cineteca"},"content":{"rendered":"<p><img fetchpriority=\"high\" decoding=\"async\" class=\"alignleft size-medium wp-image-72634\" src=\"https:\/\/candas365.es\/noticias\/wp-content\/uploads\/2017\/06\/Loveandengineering-360x203.jpg\" alt=\"\" width=\"360\" height=\"203\" srcset=\"https:\/\/candas365.es\/noticias\/wp-content\/uploads\/2017\/06\/Loveandengineering-360x203.jpg 360w, https:\/\/candas365.es\/noticias\/wp-content\/uploads\/2017\/06\/Loveandengineering-768x432.jpg 768w, https:\/\/candas365.es\/noticias\/wp-content\/uploads\/2017\/06\/Loveandengineering-655x368.jpg 655w, https:\/\/candas365.es\/noticias\/wp-content\/uploads\/2017\/06\/Loveandengineering-696x392.jpg 696w, https:\/\/candas365.es\/noticias\/wp-content\/uploads\/2017\/06\/Loveandengineering-1068x601.jpg 1068w, https:\/\/candas365.es\/noticias\/wp-content\/uploads\/2017\/06\/Loveandengineering-747x420.jpg 747w, https:\/\/candas365.es\/noticias\/wp-content\/uploads\/2017\/06\/Loveandengineering-499x280.jpg 499w, https:\/\/candas365.es\/noticias\/wp-content\/uploads\/2017\/06\/Loveandengineering.jpg 1280w\" sizes=\"(max-width: 360px) 100vw, 360px\" \/>Love &amp; engineering de Tonislav Hristov abre este viernes 2 de junio, a las 20:00 horas, el ciclo \u201cLos monstruos de la m\u00e1quina. Frankenstein en el siglo XXI\u00bb que coordina Roberto Cueto, programador invitado de Laboral Cineteca en el segundo trimestre de 2017. El Viceconsejero de Cultura y Deporte, Vicente Dom\u00ednguez, asistir\u00e1 a la proyecci\u00f3n.<\/p>\n<p>Cueto, profesor de Comunicaci\u00f3n Audiovisual en la Universidad Carlos III y miembro del comit\u00e9 de selecci\u00f3n del Festival Internacional de Cine de San Sebasti\u00e1n, ha elegido para Laboral Cineteca una serie de seis pel\u00edculas que analizan las siempre conflictivas interacciones entre la inquietud cient\u00edfica y las pasiones humanas y que sirven de complemento a la exposici\u00f3n hom\u00f3nima que puede verse hasta el 31 de agosto en LABoral Centro de Arte y Creaci\u00f3n Industrial.<\/p>\n<p>Love &amp; engineering de Hristov, que se proyectar\u00e1 este viernes 2 de junio y el domingo 2 de julio a las 20:00 horas en el Paraninfo de la Laboral, plantea una mirada sorprendente y divertida de la b\u00fasqueda del amor. Vanishing waves de Kristina Bouzyte, un sensorial viaje que indaga en los misterios de la psique humana, es ya en un t\u00edtulo de culto del g\u00e9nero y se proyectar\u00e1 en Laboral Cineteca el 4 y 17 de junio. Suicide Room de Jan Komosa se hundir\u00e1 de lleno en el abismo del mundo virtual el 10 y 16 de junio mientras que Brand upon the brain! de Guy Maddin plantear\u00e1 una bella f\u00e1bula sobre la impronta que los monstruos de la infancia dejan en la vida adulta el 25 y 30 de junio.<\/p>\n<p>El ciclo programado se completa el 23 de junio con los cl\u00e1sicos La mosca de David Cronenberg, d\u00eda en el que Roberto Cueto mantendr\u00e1 un encuentro con el p\u00fablico, y Viaje alucinante de Richard Fleischer el 2 de julio, que se proyectar\u00e1n adem\u00e1s en 35 mm.<\/p>\n<p>En las pel\u00edculas reunidas en este ciclo los registros son variados: la especulaci\u00f3n fantacient\u00edfica, la iron\u00eda con regusto kitsch o incluso la comedia rom\u00e1ntica. Pero todas ellas implican esa mezcla de miedo y fascinaci\u00f3n que supone toda b\u00fasqueda cient\u00edfica y toda evoluci\u00f3n de la experiencia humana: las consecuencias que tendr\u00e1 en nuestros pensamientos y sentimientos esa necesidad de ir m\u00e1s all\u00e1 de los l\u00edmites marcado por la sociedad y la humanidad tal y como la conocemos ahora.<\/p>\n<p>Los protagonistas de La mosca y Brand upon the brain! son v\u00edctimas de experimentos cient\u00edficos que imprimen una marca indeleble en las propias emociones humanas. Tambi\u00e9n extrav\u00eda su rumbo el cient\u00edfico de Vanishing waves al intentar expandir las fronteras de la conciencia, mientras que Suicide room advierte del peligro de la creaci\u00f3n de para\u00edsos artificiales. Viaje alucinante, en cambio, nos muestra a la ciencia como puerta hacia el descubrimiento de nuevas maravillas. Por \u00faltimo, el documental Love &amp; engineering plantea una mirada tan contempor\u00e1nea como cercana a nuestra experiencia diaria: \u00bfacaso no es el nerd, el genio socialmente inadaptado enfrentado a sus peque\u00f1os problemas cotidianos, el que ha heredado el testigo del mad doctor en la actual cultura millenial?<\/p>\n<p>Para Cueto, en su novela Frankenstein desencadenado (1973) el escritor de ciencia ficci\u00f3n Brian Aldiss reflexionaba sobre una constante de la condici\u00f3n humana: \u00absomos v\u00edctimas de esa maldici\u00f3n que cay\u00f3 sobre el bar\u00f3n Frankenstein en la novela de Mary Shelley: por pretender dominar demasiado, hemos perdido el dominio sobre nosotros mismos (&#8230;) \u00bfNo era este acaso el verdadero, tremendo sentido de la man\u00eda de Frankenstein? La naturaleza necesitaba ser enmendada, y enmendarla era la misi\u00f3n del hombre. \u00bfY esa man\u00eda no hab\u00eda sido transmitida como un virus a cada uno de sus semejantes en sucesivas generaciones?\u00bb. La novela de Mary Shelley Frankenstein, o el moderno Prometeo (1816) nos ha legado una par\u00e1bola a\u00fan vigente en la cultura popular a la hora de analizar las siempre conflictivas interacciones entre la inquietud cient\u00edfica y las pasiones humanas.<\/p>\n<p>Las entradas para las proyecciones, as\u00ed como para el encuentro con Roberto Cueto (que incluye la proyecci\u00f3n de La mosca) tienen un precio general de 4 euros y reducido de 3 para socios del Club Cultura Asturias y Carn\u00e9 Joven y pueden adquirirse en la recepci\u00f3n de Laboral Ciudad de la Cultura en Gij\u00f3n, en la Recepci\u00f3n del Centro Niemeyer en Avil\u00e9s, en el Centro de Informaci\u00f3n Tur\u00edstica del Principado en Oviedo, en entradas Liberbank, en el tel\u00e9fono 902 106 601 y en la red de cajeros Liberbank.<\/p>\n<p>Laboral Cineteca es una iniciativa promovida por la Viceconsejer\u00eda de Cultura y Deporte, a trav\u00e9s de la Sociedad P\u00fablica de Gesti\u00f3n y Promoci\u00f3n Tur\u00edstica y Cultural del Principado de Asturias, que pretende estimular el conocimiento del arte cinematogr\u00e1fico, mediante programas de proyecciones, seminarios, actividades educativas y otras iniciativas especiales. Adem\u00e1s, este proyecto constituye un servicio p\u00fablico para el sector creativo cinematogr\u00e1fico y audiovisual asturiano a trav\u00e9s de la Film Commission, Cineteca distribuidora y Cineteca cortos.<\/p>\n<p>&nbsp;<\/p>\n","protected":false},"excerpt":{"rendered":"<p>Love &amp; engineering de Tonislav Hristov abre este viernes 2 de junio, a las 20:00 horas, el ciclo \u201cLos monstruos de la m\u00e1quina. Frankenstein en el siglo XXI\u00bb que coordina Roberto Cueto, programador invitado de Laboral Cineteca en el segundo trimestre de 2017. El Viceconsejero de Cultura y Deporte, Vicente Dom\u00ednguez, asistir\u00e1 a la proyecci\u00f3n.<\/p>\n","protected":false},"author":1,"featured_media":72634,"comment_status":"open","ping_status":"closed","sticky":false,"template":"","format":"standard","meta":{"footnotes":""},"categories":[1],"tags":[],"class_list":{"0":"post-72633","1":"post","2":"type-post","3":"status-publish","4":"format-standard","5":"has-post-thumbnail","7":"category-agenda"},"aioseo_notices":[],"aioseo_head":"\n\t\t<!-- All in One SEO Pro 4.9.6.2 - aioseo.com -->\n\t<meta name=\"description\" content=\"Love &amp; engineering de Tonislav Hristov abre este viernes 2 de junio, a las 20:00 horas, el ciclo \u201cLos monstruos de la m\u00e1quina. Frankenstein en el siglo XXI&quot; que coordina Roberto Cueto, programador invitado de Laboral Cineteca en el segundo trimestre de 2017. El Viceconsejero de Cultura y Deporte, Vicente Dom\u00ednguez, asistir\u00e1 a la proyecci\u00f3n.\" \/>\n\t<meta name=\"robots\" content=\"max-image-preview:large\" \/>\n\t<meta name=\"author\" content=\"Cand\u00e1s 365\"\/>\n\t<meta name=\"google-site-verification\" content=\"UA-32230408-1\" \/>\n\t<meta name=\"msvalidate.01\" content=\"354F3CDFB2DA171B47FBE9ABF1F88D5\" \/>\n\t<meta name=\"keywords\" content=\"agenda\" \/>\n\t<link rel=\"canonical\" href=\"https:\/\/candas365.es\/noticias\/ciclo-los-monstruos-de-la-maquina-frankenstein-en-el-siglo-xxi-de-laboral-cineteca\/\" \/>\n\t<meta name=\"generator\" content=\"All in One SEO Pro (AIOSEO) 4.9.6.2\" \/>\n\t\t<meta property=\"og:locale\" content=\"es_ES\" \/>\n\t\t<meta property=\"og:site_name\" content=\"Cand\u00e1s 365\" \/>\n\t\t<meta property=\"og:type\" content=\"article\" \/>\n\t\t<meta property=\"og:title\" content=\"Ciclo \u201cLos monstruos de la m\u00e1quina. Frankenstein en el siglo XXI\u201d de Laboral Cineteca | Cand\u00e1s 365\" \/>\n\t\t<meta property=\"og:description\" content=\"Love &amp; engineering de Tonislav Hristov abre este viernes 2 de junio, a las 20:00 horas, el ciclo \u201cLos monstruos de la m\u00e1quina. Frankenstein en el siglo XXI&quot; que coordina Roberto Cueto, programador invitado de Laboral Cineteca en el segundo trimestre de 2017. El Viceconsejero de Cultura y Deporte, Vicente Dom\u00ednguez, asistir\u00e1 a la proyecci\u00f3n.\" \/>\n\t\t<meta property=\"og:url\" content=\"https:\/\/candas365.es\/noticias\/ciclo-los-monstruos-de-la-maquina-frankenstein-en-el-siglo-xxi-de-laboral-cineteca\/\" \/>\n\t\t<meta property=\"og:image\" content=\"https:\/\/candas365.es\/noticias\/wp-content\/uploads\/2017\/06\/Loveandengineering.jpg\" \/>\n\t\t<meta property=\"og:image:secure_url\" content=\"https:\/\/candas365.es\/noticias\/wp-content\/uploads\/2017\/06\/Loveandengineering.jpg\" \/>\n\t\t<meta property=\"og:image:width\" content=\"1280\" \/>\n\t\t<meta property=\"og:image:height\" content=\"720\" \/>\n\t\t<meta property=\"article:published_time\" content=\"2017-06-01T17:41:22+00:00\" \/>\n\t\t<meta property=\"article:modified_time\" content=\"2017-06-01T17:41:22+00:00\" \/>\n\t\t<meta property=\"article:publisher\" content=\"https:\/\/www.facebook.com\/Nachofdezber\" \/>\n\t\t<meta property=\"article:author\" content=\"https:\/\/www.facebook.com\/carrenoactualidad\" \/>\n\t\t<meta name=\"twitter:card\" content=\"summary_large_image\" \/>\n\t\t<meta name=\"twitter:site\" content=\"@NabercoDigital\" \/>\n\t\t<meta name=\"twitter:title\" content=\"Ciclo \u201cLos monstruos de la m\u00e1quina. Frankenstein en el siglo XXI\u201d de Laboral Cineteca | Cand\u00e1s 365\" \/>\n\t\t<meta name=\"twitter:description\" content=\"Love &amp; engineering de Tonislav Hristov abre este viernes 2 de junio, a las 20:00 horas, el ciclo \u201cLos monstruos de la m\u00e1quina. Frankenstein en el siglo XXI&quot; que coordina Roberto Cueto, programador invitado de Laboral Cineteca en el segundo trimestre de 2017. El Viceconsejero de Cultura y Deporte, Vicente Dom\u00ednguez, asistir\u00e1 a la proyecci\u00f3n.\" \/>\n\t\t<meta name=\"twitter:creator\" content=\"@nbasturias\" \/>\n\t\t<meta name=\"twitter:image\" content=\"https:\/\/candas365.es\/noticias\/wp-content\/uploads\/2017\/06\/Loveandengineering.jpg\" \/>\n\t\t<meta name=\"twitter:label1\" content=\"Escrito por\" \/>\n\t\t<meta name=\"twitter:data1\" content=\"Cand\u00e1s 365\" \/>\n\t\t<meta name=\"twitter:label2\" content=\"Tiempo de lectura estimado\" \/>\n\t\t<meta name=\"twitter:data2\" content=\"4 minutos\" \/>\n\t\t<script type=\"application\/ld+json\" class=\"aioseo-schema\">\n\t\t\t{\"@context\":\"https:\\\/\\\/schema.org\",\"@graph\":[{\"@type\":\"BreadcrumbList\",\"@id\":\"https:\\\/\\\/candas365.es\\\/noticias\\\/ciclo-los-monstruos-de-la-maquina-frankenstein-en-el-siglo-xxi-de-laboral-cineteca\\\/#breadcrumblist\",\"itemListElement\":[{\"@type\":\"ListItem\",\"@id\":\"https:\\\/\\\/candas365.es\\\/noticias#listItem\",\"position\":1,\"name\":\"Home\",\"item\":\"https:\\\/\\\/candas365.es\\\/noticias\",\"nextItem\":{\"@type\":\"ListItem\",\"@id\":\"https:\\\/\\\/candas365.es\\\/noticias\\\/category\\\/agenda\\\/#listItem\",\"name\":\"Agenda\"}},{\"@type\":\"ListItem\",\"@id\":\"https:\\\/\\\/candas365.es\\\/noticias\\\/category\\\/agenda\\\/#listItem\",\"position\":2,\"name\":\"Agenda\",\"item\":\"https:\\\/\\\/candas365.es\\\/noticias\\\/category\\\/agenda\\\/\",\"nextItem\":{\"@type\":\"ListItem\",\"@id\":\"https:\\\/\\\/candas365.es\\\/noticias\\\/ciclo-los-monstruos-de-la-maquina-frankenstein-en-el-siglo-xxi-de-laboral-cineteca\\\/#listItem\",\"name\":\"Ciclo \\u201cLos monstruos de la m\\u00e1quina. Frankenstein en el siglo XXI\\u201d de Laboral Cineteca\"},\"previousItem\":{\"@type\":\"ListItem\",\"@id\":\"https:\\\/\\\/candas365.es\\\/noticias#listItem\",\"name\":\"Home\"}},{\"@type\":\"ListItem\",\"@id\":\"https:\\\/\\\/candas365.es\\\/noticias\\\/ciclo-los-monstruos-de-la-maquina-frankenstein-en-el-siglo-xxi-de-laboral-cineteca\\\/#listItem\",\"position\":3,\"name\":\"Ciclo \\u201cLos monstruos de la m\\u00e1quina. Frankenstein en el siglo XXI\\u201d de Laboral Cineteca\",\"previousItem\":{\"@type\":\"ListItem\",\"@id\":\"https:\\\/\\\/candas365.es\\\/noticias\\\/category\\\/agenda\\\/#listItem\",\"name\":\"Agenda\"}}]},{\"@type\":\"NewsArticle\",\"@id\":\"https:\\\/\\\/candas365.es\\\/noticias\\\/ciclo-los-monstruos-de-la-maquina-frankenstein-en-el-siglo-xxi-de-laboral-cineteca\\\/#newsarticle\",\"name\":\"Ciclo \\u201cLos monstruos de la m\\u00e1quina. Frankenstein en el siglo XXI\\u201d de Laboral Cineteca | Cand\\u00e1s 365\",\"headline\":\"Ciclo \\u201cLos monstruos de la m\\u00e1quina. Frankenstein en el siglo XXI\\u201d de Laboral Cineteca\",\"author\":{\"@id\":\"https:\\\/\\\/candas365.es\\\/noticias\\\/author\\\/admin\\\/#author\"},\"publisher\":{\"@id\":\"https:\\\/\\\/candas365.es\\\/noticias\\\/#organization\"},\"image\":{\"@type\":\"ImageObject\",\"url\":\"https:\\\/\\\/candas365.es\\\/noticias\\\/wp-content\\\/uploads\\\/2017\\\/06\\\/Loveandengineering.jpg\",\"width\":1280,\"height\":720},\"datePublished\":\"2017-06-01T17:41:22+02:00\",\"dateModified\":\"2017-06-01T17:41:22+02:00\",\"inLanguage\":\"es-ES\",\"mainEntityOfPage\":{\"@id\":\"https:\\\/\\\/candas365.es\\\/noticias\\\/ciclo-los-monstruos-de-la-maquina-frankenstein-en-el-siglo-xxi-de-laboral-cineteca\\\/#webpage\"},\"isPartOf\":{\"@id\":\"https:\\\/\\\/candas365.es\\\/noticias\\\/ciclo-los-monstruos-de-la-maquina-frankenstein-en-el-siglo-xxi-de-laboral-cineteca\\\/#webpage\"},\"articleSection\":\"Agenda\",\"dateline\":\"Publicado el junio 1, 2017.\"},{\"@type\":\"Organization\",\"@id\":\"https:\\\/\\\/candas365.es\\\/noticias\\\/#organization\",\"name\":\"Cand\\u00e1s 365\",\"description\":\"Cand\\u00e1s 365 es un diario digital independiente, fundado en 2012, con base en Asturias. Informamos con rigor sobre actualidad, sociedad, cultura y ocio, con una mirada local y global.\",\"url\":\"https:\\\/\\\/candas365.es\\\/noticias\\\/\",\"email\":\"info@candas365.es\",\"telephone\":\"+34652131393\",\"foundingDate\":\"2012-06-10\",\"logo\":{\"@type\":\"ImageObject\",\"url\":\"https:\\\/\\\/candas365.es\\\/noticias\\\/wp-content\\\/uploads\\\/2024\\\/09\\\/Candas-365-Redes.jpg\",\"@id\":\"https:\\\/\\\/candas365.es\\\/noticias\\\/ciclo-los-monstruos-de-la-maquina-frankenstein-en-el-siglo-xxi-de-laboral-cineteca\\\/#organizationLogo\",\"width\":1152,\"height\":864,\"caption\":\"Cand\\u00e1s 365 Redes\"},\"image\":{\"@id\":\"https:\\\/\\\/candas365.es\\\/noticias\\\/ciclo-los-monstruos-de-la-maquina-frankenstein-en-el-siglo-xxi-de-laboral-cineteca\\\/#organizationLogo\"},\"sameAs\":[\"https:\\\/\\\/www.facebook.com\\\/Nachofdezber\",\"https:\\\/\\\/x.com\\\/NabercoDigital\",\"https:\\\/\\\/www.instagram.com\\\/nachofdezber\\\/\",\"https:\\\/\\\/www.youtube.com\\\/channel\\\/UCZP-2wLEB9Rv6erhFmqVnvg\"],\"address\":{\"@id\":\"https:\\\/\\\/candas365.es\\\/noticias\\\/#postaladdress\",\"@type\":\"PostalAddress\",\"streetAddress\":\"san antonio 4, san antonio 4\",\"postalCode\":\"33430\",\"addressLocality\":\"Cand\\u00e1s\",\"addressRegion\":\"Asturias\",\"addressCountry\":\"ES\"}},{\"@type\":\"Person\",\"@id\":\"https:\\\/\\\/candas365.es\\\/noticias\\\/author\\\/admin\\\/#author\",\"url\":\"https:\\\/\\\/candas365.es\\\/noticias\\\/author\\\/admin\\\/\",\"name\":\"Cand\\u00e1s 365\",\"image\":{\"@type\":\"ImageObject\",\"@id\":\"https:\\\/\\\/candas365.es\\\/noticias\\\/ciclo-los-monstruos-de-la-maquina-frankenstein-en-el-siglo-xxi-de-laboral-cineteca\\\/#authorImage\",\"url\":\"https:\\\/\\\/secure.gravatar.com\\\/avatar\\\/496a8e03d0c493ede1718b7934145dbdf8d89be1036b0eec9544e1094c9de390?s=96&d=mm&r=g\",\"width\":96,\"height\":96,\"caption\":\"Cand\\u00e1s 365\"},\"sameAs\":[\"https:\\\/\\\/www.facebook.com\\\/carrenoactualidad\",\"https:\\\/\\\/twitter.com\\\/nbasturias\",\"https:\\\/\\\/www.instagram.com\\\/nachofdezber\\\/\",\"https:\\\/\\\/www.youtube.com\\\/channel\\\/UCZP-2wLEB9Rv6erhFmqVnvg\"]},{\"@type\":\"WebPage\",\"@id\":\"https:\\\/\\\/candas365.es\\\/noticias\\\/ciclo-los-monstruos-de-la-maquina-frankenstein-en-el-siglo-xxi-de-laboral-cineteca\\\/#webpage\",\"url\":\"https:\\\/\\\/candas365.es\\\/noticias\\\/ciclo-los-monstruos-de-la-maquina-frankenstein-en-el-siglo-xxi-de-laboral-cineteca\\\/\",\"name\":\"Ciclo \\u201cLos monstruos de la m\\u00e1quina. Frankenstein en el siglo XXI\\u201d de Laboral Cineteca | Cand\\u00e1s 365\",\"description\":\"Love & engineering de Tonislav Hristov abre este viernes 2 de junio, a las 20:00 horas, el ciclo \\u201cLos monstruos de la m\\u00e1quina. Frankenstein en el siglo XXI\\\" que coordina Roberto Cueto, programador invitado de Laboral Cineteca en el segundo trimestre de 2017. El Viceconsejero de Cultura y Deporte, Vicente Dom\\u00ednguez, asistir\\u00e1 a la proyecci\\u00f3n.\",\"inLanguage\":\"es-ES\",\"isPartOf\":{\"@id\":\"https:\\\/\\\/candas365.es\\\/noticias\\\/#website\"},\"breadcrumb\":{\"@id\":\"https:\\\/\\\/candas365.es\\\/noticias\\\/ciclo-los-monstruos-de-la-maquina-frankenstein-en-el-siglo-xxi-de-laboral-cineteca\\\/#breadcrumblist\"},\"author\":{\"@id\":\"https:\\\/\\\/candas365.es\\\/noticias\\\/author\\\/admin\\\/#author\"},\"creator\":{\"@id\":\"https:\\\/\\\/candas365.es\\\/noticias\\\/author\\\/admin\\\/#author\"},\"image\":{\"@type\":\"ImageObject\",\"url\":\"https:\\\/\\\/candas365.es\\\/noticias\\\/wp-content\\\/uploads\\\/2017\\\/06\\\/Loveandengineering.jpg\",\"@id\":\"https:\\\/\\\/candas365.es\\\/noticias\\\/ciclo-los-monstruos-de-la-maquina-frankenstein-en-el-siglo-xxi-de-laboral-cineteca\\\/#mainImage\",\"width\":1280,\"height\":720},\"primaryImageOfPage\":{\"@id\":\"https:\\\/\\\/candas365.es\\\/noticias\\\/ciclo-los-monstruos-de-la-maquina-frankenstein-en-el-siglo-xxi-de-laboral-cineteca\\\/#mainImage\"},\"datePublished\":\"2017-06-01T17:41:22+02:00\",\"dateModified\":\"2017-06-01T17:41:22+02:00\"},{\"@type\":\"WebSite\",\"@id\":\"https:\\\/\\\/candas365.es\\\/noticias\\\/#website\",\"url\":\"https:\\\/\\\/candas365.es\\\/noticias\\\/\",\"name\":\"Cand\\u00e1s 365\",\"alternateName\":\"Cand\\u00e1s 365 Noticias\",\"description\":\"Actualidad desde Carre\\u00f1o para el mundo\",\"inLanguage\":\"es-ES\",\"publisher\":{\"@id\":\"https:\\\/\\\/candas365.es\\\/noticias\\\/#organization\"}}]}\n\t\t<\/script>\n\t\t<!-- All in One SEO Pro -->\r\n\t\t<title>Ciclo \u201cLos monstruos de la m\u00e1quina. Frankenstein en el siglo XXI\u201d de Laboral Cineteca | Cand\u00e1s 365<\/title>\n\n","aioseo_head_json":{"title":"Ciclo \u201cLos monstruos de la m\u00e1quina. Frankenstein en el siglo XXI\u201d de Laboral Cineteca | Cand\u00e1s 365","description":"Love & engineering de Tonislav Hristov abre este viernes 2 de junio, a las 20:00 horas, el ciclo \u201cLos monstruos de la m\u00e1quina. Frankenstein en el siglo XXI\" que coordina Roberto Cueto, programador invitado de Laboral Cineteca en el segundo trimestre de 2017. El Viceconsejero de Cultura y Deporte, Vicente Dom\u00ednguez, asistir\u00e1 a la proyecci\u00f3n.","canonical_url":"https:\/\/candas365.es\/noticias\/ciclo-los-monstruos-de-la-maquina-frankenstein-en-el-siglo-xxi-de-laboral-cineteca\/","robots":"max-image-preview:large","keywords":"agenda","webmasterTools":{"google-site-verification":"UA-32230408-1","msvalidate.01":"354F3CDFB2DA171B47FBE9ABF1F88D5","miscellaneous":""},"schema":{"@context":"https:\/\/schema.org","@graph":[{"@type":"BreadcrumbList","@id":"https:\/\/candas365.es\/noticias\/ciclo-los-monstruos-de-la-maquina-frankenstein-en-el-siglo-xxi-de-laboral-cineteca\/#breadcrumblist","itemListElement":[{"@type":"ListItem","@id":"https:\/\/candas365.es\/noticias#listItem","position":1,"name":"Home","item":"https:\/\/candas365.es\/noticias","nextItem":{"@type":"ListItem","@id":"https:\/\/candas365.es\/noticias\/category\/agenda\/#listItem","name":"Agenda"}},{"@type":"ListItem","@id":"https:\/\/candas365.es\/noticias\/category\/agenda\/#listItem","position":2,"name":"Agenda","item":"https:\/\/candas365.es\/noticias\/category\/agenda\/","nextItem":{"@type":"ListItem","@id":"https:\/\/candas365.es\/noticias\/ciclo-los-monstruos-de-la-maquina-frankenstein-en-el-siglo-xxi-de-laboral-cineteca\/#listItem","name":"Ciclo \u201cLos monstruos de la m\u00e1quina. Frankenstein en el siglo XXI\u201d de Laboral Cineteca"},"previousItem":{"@type":"ListItem","@id":"https:\/\/candas365.es\/noticias#listItem","name":"Home"}},{"@type":"ListItem","@id":"https:\/\/candas365.es\/noticias\/ciclo-los-monstruos-de-la-maquina-frankenstein-en-el-siglo-xxi-de-laboral-cineteca\/#listItem","position":3,"name":"Ciclo \u201cLos monstruos de la m\u00e1quina. Frankenstein en el siglo XXI\u201d de Laboral Cineteca","previousItem":{"@type":"ListItem","@id":"https:\/\/candas365.es\/noticias\/category\/agenda\/#listItem","name":"Agenda"}}]},{"@type":"NewsArticle","@id":"https:\/\/candas365.es\/noticias\/ciclo-los-monstruos-de-la-maquina-frankenstein-en-el-siglo-xxi-de-laboral-cineteca\/#newsarticle","name":"Ciclo \u201cLos monstruos de la m\u00e1quina. Frankenstein en el siglo XXI\u201d de Laboral Cineteca | Cand\u00e1s 365","headline":"Ciclo \u201cLos monstruos de la m\u00e1quina. Frankenstein en el siglo XXI\u201d de Laboral Cineteca","author":{"@id":"https:\/\/candas365.es\/noticias\/author\/admin\/#author"},"publisher":{"@id":"https:\/\/candas365.es\/noticias\/#organization"},"image":{"@type":"ImageObject","url":"https:\/\/candas365.es\/noticias\/wp-content\/uploads\/2017\/06\/Loveandengineering.jpg","width":1280,"height":720},"datePublished":"2017-06-01T17:41:22+02:00","dateModified":"2017-06-01T17:41:22+02:00","inLanguage":"es-ES","mainEntityOfPage":{"@id":"https:\/\/candas365.es\/noticias\/ciclo-los-monstruos-de-la-maquina-frankenstein-en-el-siglo-xxi-de-laboral-cineteca\/#webpage"},"isPartOf":{"@id":"https:\/\/candas365.es\/noticias\/ciclo-los-monstruos-de-la-maquina-frankenstein-en-el-siglo-xxi-de-laboral-cineteca\/#webpage"},"articleSection":"Agenda","dateline":"Publicado el junio 1, 2017."},{"@type":"Organization","@id":"https:\/\/candas365.es\/noticias\/#organization","name":"Cand\u00e1s 365","description":"Cand\u00e1s 365 es un diario digital independiente, fundado en 2012, con base en Asturias. Informamos con rigor sobre actualidad, sociedad, cultura y ocio, con una mirada local y global.","url":"https:\/\/candas365.es\/noticias\/","email":"info@candas365.es","telephone":"+34652131393","foundingDate":"2012-06-10","logo":{"@type":"ImageObject","url":"https:\/\/candas365.es\/noticias\/wp-content\/uploads\/2024\/09\/Candas-365-Redes.jpg","@id":"https:\/\/candas365.es\/noticias\/ciclo-los-monstruos-de-la-maquina-frankenstein-en-el-siglo-xxi-de-laboral-cineteca\/#organizationLogo","width":1152,"height":864,"caption":"Cand\u00e1s 365 Redes"},"image":{"@id":"https:\/\/candas365.es\/noticias\/ciclo-los-monstruos-de-la-maquina-frankenstein-en-el-siglo-xxi-de-laboral-cineteca\/#organizationLogo"},"sameAs":["https:\/\/www.facebook.com\/Nachofdezber","https:\/\/x.com\/NabercoDigital","https:\/\/www.instagram.com\/nachofdezber\/","https:\/\/www.youtube.com\/channel\/UCZP-2wLEB9Rv6erhFmqVnvg"],"address":{"@id":"https:\/\/candas365.es\/noticias\/#postaladdress","@type":"PostalAddress","streetAddress":"san antonio 4, san antonio 4","postalCode":"33430","addressLocality":"Cand\u00e1s","addressRegion":"Asturias","addressCountry":"ES"}},{"@type":"Person","@id":"https:\/\/candas365.es\/noticias\/author\/admin\/#author","url":"https:\/\/candas365.es\/noticias\/author\/admin\/","name":"Cand\u00e1s 365","image":{"@type":"ImageObject","@id":"https:\/\/candas365.es\/noticias\/ciclo-los-monstruos-de-la-maquina-frankenstein-en-el-siglo-xxi-de-laboral-cineteca\/#authorImage","url":"https:\/\/secure.gravatar.com\/avatar\/496a8e03d0c493ede1718b7934145dbdf8d89be1036b0eec9544e1094c9de390?s=96&d=mm&r=g","width":96,"height":96,"caption":"Cand\u00e1s 365"},"sameAs":["https:\/\/www.facebook.com\/carrenoactualidad","https:\/\/twitter.com\/nbasturias","https:\/\/www.instagram.com\/nachofdezber\/","https:\/\/www.youtube.com\/channel\/UCZP-2wLEB9Rv6erhFmqVnvg"]},{"@type":"WebPage","@id":"https:\/\/candas365.es\/noticias\/ciclo-los-monstruos-de-la-maquina-frankenstein-en-el-siglo-xxi-de-laboral-cineteca\/#webpage","url":"https:\/\/candas365.es\/noticias\/ciclo-los-monstruos-de-la-maquina-frankenstein-en-el-siglo-xxi-de-laboral-cineteca\/","name":"Ciclo \u201cLos monstruos de la m\u00e1quina. Frankenstein en el siglo XXI\u201d de Laboral Cineteca | Cand\u00e1s 365","description":"Love & engineering de Tonislav Hristov abre este viernes 2 de junio, a las 20:00 horas, el ciclo \u201cLos monstruos de la m\u00e1quina. Frankenstein en el siglo XXI\" que coordina Roberto Cueto, programador invitado de Laboral Cineteca en el segundo trimestre de 2017. El Viceconsejero de Cultura y Deporte, Vicente Dom\u00ednguez, asistir\u00e1 a la proyecci\u00f3n.","inLanguage":"es-ES","isPartOf":{"@id":"https:\/\/candas365.es\/noticias\/#website"},"breadcrumb":{"@id":"https:\/\/candas365.es\/noticias\/ciclo-los-monstruos-de-la-maquina-frankenstein-en-el-siglo-xxi-de-laboral-cineteca\/#breadcrumblist"},"author":{"@id":"https:\/\/candas365.es\/noticias\/author\/admin\/#author"},"creator":{"@id":"https:\/\/candas365.es\/noticias\/author\/admin\/#author"},"image":{"@type":"ImageObject","url":"https:\/\/candas365.es\/noticias\/wp-content\/uploads\/2017\/06\/Loveandengineering.jpg","@id":"https:\/\/candas365.es\/noticias\/ciclo-los-monstruos-de-la-maquina-frankenstein-en-el-siglo-xxi-de-laboral-cineteca\/#mainImage","width":1280,"height":720},"primaryImageOfPage":{"@id":"https:\/\/candas365.es\/noticias\/ciclo-los-monstruos-de-la-maquina-frankenstein-en-el-siglo-xxi-de-laboral-cineteca\/#mainImage"},"datePublished":"2017-06-01T17:41:22+02:00","dateModified":"2017-06-01T17:41:22+02:00"},{"@type":"WebSite","@id":"https:\/\/candas365.es\/noticias\/#website","url":"https:\/\/candas365.es\/noticias\/","name":"Cand\u00e1s 365","alternateName":"Cand\u00e1s 365 Noticias","description":"Actualidad desde Carre\u00f1o para el mundo","inLanguage":"es-ES","publisher":{"@id":"https:\/\/candas365.es\/noticias\/#organization"}}]},"og:locale":"es_ES","og:site_name":"Cand\u00e1s 365","og:type":"article","og:title":"Ciclo \u201cLos monstruos de la m\u00e1quina. Frankenstein en el siglo XXI\u201d de Laboral Cineteca | Cand\u00e1s 365","og:description":"Love &amp; engineering de Tonislav Hristov abre este viernes 2 de junio, a las 20:00 horas, el ciclo \u201cLos monstruos de la m\u00e1quina. Frankenstein en el siglo XXI&quot; que coordina Roberto Cueto, programador invitado de Laboral Cineteca en el segundo trimestre de 2017. El Viceconsejero de Cultura y Deporte, Vicente Dom\u00ednguez, asistir\u00e1 a la proyecci\u00f3n.","og:url":"https:\/\/candas365.es\/noticias\/ciclo-los-monstruos-de-la-maquina-frankenstein-en-el-siglo-xxi-de-laboral-cineteca\/","og:image":"https:\/\/candas365.es\/noticias\/wp-content\/uploads\/2017\/06\/Loveandengineering.jpg","og:image:secure_url":"https:\/\/candas365.es\/noticias\/wp-content\/uploads\/2017\/06\/Loveandengineering.jpg","og:image:width":1280,"og:image:height":720,"article:published_time":"2017-06-01T17:41:22+00:00","article:modified_time":"2017-06-01T17:41:22+00:00","article:publisher":"https:\/\/www.facebook.com\/Nachofdezber","article:author":"https:\/\/www.facebook.com\/carrenoactualidad","twitter:card":"summary_large_image","twitter:site":"@NabercoDigital","twitter:title":"Ciclo \u201cLos monstruos de la m\u00e1quina. Frankenstein en el siglo XXI\u201d de Laboral Cineteca | Cand\u00e1s 365","twitter:description":"Love &amp; engineering de Tonislav Hristov abre este viernes 2 de junio, a las 20:00 horas, el ciclo \u201cLos monstruos de la m\u00e1quina. Frankenstein en el siglo XXI&quot; que coordina Roberto Cueto, programador invitado de Laboral Cineteca en el segundo trimestre de 2017. El Viceconsejero de Cultura y Deporte, Vicente Dom\u00ednguez, asistir\u00e1 a la proyecci\u00f3n.","twitter:creator":"@nbasturias","twitter:image":"https:\/\/candas365.es\/noticias\/wp-content\/uploads\/2017\/06\/Loveandengineering.jpg","twitter:label1":"Escrito por","twitter:data1":"Cand\u00e1s 365","twitter:label2":"Tiempo de lectura estimado","twitter:data2":"4 minutos"},"aioseo_meta_data":{"post_id":"72633","title":null,"description":null,"keywords":null,"keyphrases":null,"primary_term":null,"canonical_url":null,"og_title":null,"og_description":null,"og_object_type":"default","og_image_type":"default","og_image_url":null,"og_image_width":null,"og_image_height":null,"og_image_custom_url":null,"og_image_custom_fields":null,"og_video":null,"og_custom_url":null,"og_article_section":null,"og_article_tags":null,"twitter_use_og":false,"twitter_card":"default","twitter_image_type":"default","twitter_image_url":null,"twitter_image_custom_url":null,"twitter_image_custom_fields":null,"twitter_title":null,"twitter_description":null,"schema":{"blockGraphs":[],"customGraphs":[],"default":{"data":{"Article":[],"Course":[],"Dataset":[],"FAQPage":[],"Movie":[],"Person":[],"Product":[],"ProductReview":[],"Car":[],"Recipe":[],"Service":[],"SoftwareApplication":[],"WebPage":[]},"graphName":"","isEnabled":true},"graphs":[],"defaultGraph":"","defaultPostTypeGraph":""},"schema_type":null,"schema_type_options":null,"pillar_content":false,"robots_default":true,"robots_noindex":false,"robots_noarchive":false,"robots_nosnippet":false,"robots_nofollow":false,"robots_noimageindex":false,"robots_noodp":false,"robots_notranslate":false,"robots_max_snippet":null,"robots_max_videopreview":null,"robots_max_imagepreview":"large","priority":null,"frequency":null,"location":null,"local_seo":null,"seo_analyzer_scan_date":"2025-08-25 15:07:16","breadcrumb_settings":null,"limit_modified_date":false,"reviewed_by":null,"open_ai":null,"ai":null,"created":"2020-12-21 10:52:01","updated":"2025-08-25 15:07:16"},"aioseo_breadcrumb":"<div class=\"aioseo-breadcrumbs\"><span class=\"aioseo-breadcrumb\">\n\t<a href=\"https:\/\/candas365.es\/noticias\" title=\"Home\">Home<\/a>\n<\/span><span class=\"aioseo-breadcrumb-separator\">&ndash;<\/span><span class=\"aioseo-breadcrumb\">\n\t<a href=\"https:\/\/candas365.es\/noticias\/category\/agenda\/\" title=\"Agenda\">Agenda<\/a>\n<\/span><span class=\"aioseo-breadcrumb-separator\">&ndash;<\/span><span class=\"aioseo-breadcrumb\">\n\tCiclo \u201cLos monstruos de la m\u00e1quina. Frankenstein en el siglo XXI\u201d de Laboral Cineteca\n<\/span><\/div>","aioseo_breadcrumb_json":[{"label":"Home","link":"https:\/\/candas365.es\/noticias"},{"label":"Agenda","link":"https:\/\/candas365.es\/noticias\/category\/agenda\/"},{"label":"Ciclo \u201cLos monstruos de la m\u00e1quina. Frankenstein en el siglo XXI\u201d de Laboral Cineteca","link":"https:\/\/candas365.es\/noticias\/ciclo-los-monstruos-de-la-maquina-frankenstein-en-el-siglo-xxi-de-laboral-cineteca\/"}],"_links":{"self":[{"href":"https:\/\/candas365.es\/noticias\/wp-json\/wp\/v2\/posts\/72633","targetHints":{"allow":["GET"]}}],"collection":[{"href":"https:\/\/candas365.es\/noticias\/wp-json\/wp\/v2\/posts"}],"about":[{"href":"https:\/\/candas365.es\/noticias\/wp-json\/wp\/v2\/types\/post"}],"author":[{"embeddable":true,"href":"https:\/\/candas365.es\/noticias\/wp-json\/wp\/v2\/users\/1"}],"replies":[{"embeddable":true,"href":"https:\/\/candas365.es\/noticias\/wp-json\/wp\/v2\/comments?post=72633"}],"version-history":[{"count":0,"href":"https:\/\/candas365.es\/noticias\/wp-json\/wp\/v2\/posts\/72633\/revisions"}],"wp:featuredmedia":[{"embeddable":true,"href":"https:\/\/candas365.es\/noticias\/wp-json\/wp\/v2\/media\/72634"}],"wp:attachment":[{"href":"https:\/\/candas365.es\/noticias\/wp-json\/wp\/v2\/media?parent=72633"}],"wp:term":[{"taxonomy":"category","embeddable":true,"href":"https:\/\/candas365.es\/noticias\/wp-json\/wp\/v2\/categories?post=72633"},{"taxonomy":"post_tag","embeddable":true,"href":"https:\/\/candas365.es\/noticias\/wp-json\/wp\/v2\/tags?post=72633"}],"curies":[{"name":"wp","href":"https:\/\/api.w.org\/{rel}","templated":true}]}}