{"id":72612,"date":"2017-05-31T18:42:02","date_gmt":"2017-05-31T18:42:02","guid":{"rendered":"http:\/\/candas365.es\/noticias\/?p=72612"},"modified":"2017-05-31T18:42:02","modified_gmt":"2017-05-31T18:42:02","slug":"el-tiempo-jueves-1-de-junio-de-2017","status":"publish","type":"post","link":"https:\/\/candas365.es\/noticias\/el-tiempo-jueves-1-de-junio-de-2017\/","title":{"rendered":"El tiempo, jueves 1 de junio de 2017"},"content":{"rendered":"<p><img fetchpriority=\"high\" decoding=\"async\" class=\"alignleft size-medium wp-image-30104\" src=\"https:\/\/candas365.es\/noticias\/wp-content\/uploads\/2016\/06\/puerto-de-cand\u00e1s-360x189.jpg\" alt=\"\" width=\"360\" height=\"189\" srcset=\"https:\/\/candas365.es\/noticias\/wp-content\/uploads\/2016\/06\/puerto-de-cand\u00e1s-360x189.jpg 360w, https:\/\/candas365.es\/noticias\/wp-content\/uploads\/2016\/06\/puerto-de-cand\u00e1s-650x342.jpg 650w, https:\/\/candas365.es\/noticias\/wp-content\/uploads\/2016\/06\/puerto-de-cand\u00e1s-768x404.jpg 768w, https:\/\/candas365.es\/noticias\/wp-content\/uploads\/2016\/06\/puerto-de-cand\u00e1s-150x79.jpg 150w, https:\/\/candas365.es\/noticias\/wp-content\/uploads\/2016\/06\/puerto-de-cand\u00e1s-450x237.jpg 450w, https:\/\/candas365.es\/noticias\/wp-content\/uploads\/2016\/06\/puerto-de-cand\u00e1s-655x344.jpg 655w, https:\/\/candas365.es\/noticias\/wp-content\/uploads\/2016\/06\/puerto-de-cand\u00e1s-696x366.jpg 696w, https:\/\/candas365.es\/noticias\/wp-content\/uploads\/2016\/06\/puerto-de-cand\u00e1s-799x420.jpg 799w, https:\/\/candas365.es\/noticias\/wp-content\/uploads\/2016\/06\/puerto-de-cand\u00e1s.jpg 911w\" sizes=\"(max-width: 360px) 100vw, 360px\" \/>En la mayor parte del pa\u00eds predominar\u00e1n al principio los cielos poco nubosos, con algunos intervalos nubosos en el norte y oeste de Galicia, Cant\u00e1brico occidental, Baleares, \u00e1rea del Estrecho y Melilla. En el interior peninsular nubosidad de evoluci\u00f3n diurna, con probabilidad de algunos chubascos o tormentas por la tarde en zonas de monta\u00f1a de la mitad norte, m\u00e1s intensos en el Pirineo y Sistema Ib\u00e9rico orientales. De forma aislada podr\u00e1n darse chubascos en sierras del sudeste y, ocasionalmente, en otras zonas de monta\u00f1a, en Baleares y, en la Meseta, en zonas llanas. Intervalos nubosos en el norte de Canarias, con lluvias d\u00e9biles ocasionales en las islas de mayor relieve, m\u00e1s probables por la ma\u00f1ana.<\/p>\n<p>Posibilidad de alguna bruma o nube baja matinal en noroeste y sureste peninsulares y Baleares.<\/p>\n<p>Temperaturas en aumento en el interior de la Pen\u00ednsula y de Baleares. Pocos cambios en Canarias. Se sobrepasar\u00e1n los 30 grados en la mitad sur de la vertiente atl\u00e1ntica y en el medio Ebro.<\/p>\n<p>Viento de componente este en los litorales de Andaluc\u00eda y del sudeste peninsular, con intervalos de intensidad fuerte en el Estrecho y en el litoral almeriense. Viento del nordeste en Canarias, con intervalos de fuerte en las islas de m\u00e1s relieve. Flojo en el resto, predominando la componente este en el \u00e1rea mediterr\u00e1nea, con brisas en los litorales.<\/p>\n","protected":false},"excerpt":{"rendered":"<p>En la mayor parte del pa\u00eds predominar\u00e1n al principio los cielos poco nubosos, con algunos intervalos nubosos en el norte y oeste de Galicia, Cant\u00e1brico occidental, Baleares, \u00e1rea del Estrecho y Melilla. En el interior peninsular nubosidad de evoluci\u00f3n diurna, con probabilidad de algunos chubascos o tormentas por la tarde en zonas de monta\u00f1a de<\/p>\n","protected":false},"author":1,"featured_media":30104,"comment_status":"open","ping_status":"closed","sticky":false,"template":"","format":"standard","meta":{"footnotes":""},"categories":[1],"tags":[],"class_list":{"0":"post-72612","1":"post","2":"type-post","3":"status-publish","4":"format-standard","5":"has-post-thumbnail","7":"category-agenda"},"aioseo_notices":[],"aioseo_head":"\n\t\t<!-- All in One SEO Pro 4.9.6.2 - aioseo.com -->\n\t<meta name=\"description\" content=\"En la mayor parte del pa\u00eds predominar\u00e1n al principio los cielos poco nubosos, con algunos intervalos nubosos en el norte y oeste de Galicia, Cant\u00e1brico occidental, Baleares, \u00e1rea del Estrecho y Melilla. En el interior peninsular nubosidad de evoluci\u00f3n diurna, con probabilidad de algunos chubascos o tormentas por la tarde en zonas de monta\u00f1a de\" \/>\n\t<meta name=\"robots\" content=\"max-image-preview:large\" \/>\n\t<meta name=\"author\" content=\"Cand\u00e1s 365\"\/>\n\t<meta name=\"google-site-verification\" content=\"UA-32230408-1\" \/>\n\t<meta name=\"msvalidate.01\" content=\"354F3CDFB2DA171B47FBE9ABF1F88D5\" \/>\n\t<meta name=\"keywords\" content=\"agenda\" \/>\n\t<link rel=\"canonical\" href=\"https:\/\/candas365.es\/noticias\/el-tiempo-jueves-1-de-junio-de-2017\/\" \/>\n\t<meta name=\"generator\" content=\"All in One SEO Pro (AIOSEO) 4.9.6.2\" \/>\n\t\t<meta property=\"og:locale\" content=\"es_ES\" \/>\n\t\t<meta property=\"og:site_name\" content=\"Cand\u00e1s 365\" \/>\n\t\t<meta property=\"og:type\" content=\"article\" \/>\n\t\t<meta property=\"og:title\" content=\"El tiempo, jueves 1 de junio de 2017 | Cand\u00e1s 365\" \/>\n\t\t<meta property=\"og:description\" content=\"En la mayor parte del pa\u00eds predominar\u00e1n al principio los cielos poco nubosos, con algunos intervalos nubosos en el norte y oeste de Galicia, Cant\u00e1brico occidental, Baleares, \u00e1rea del Estrecho y Melilla. En el interior peninsular nubosidad de evoluci\u00f3n diurna, con probabilidad de algunos chubascos o tormentas por la tarde en zonas de monta\u00f1a de\" \/>\n\t\t<meta property=\"og:url\" content=\"https:\/\/candas365.es\/noticias\/el-tiempo-jueves-1-de-junio-de-2017\/\" \/>\n\t\t<meta property=\"og:image\" content=\"https:\/\/candas365.es\/noticias\/wp-content\/uploads\/2016\/06\/puerto-de-cand\u00e1s.jpg\" \/>\n\t\t<meta property=\"og:image:secure_url\" content=\"https:\/\/candas365.es\/noticias\/wp-content\/uploads\/2016\/06\/puerto-de-cand\u00e1s.jpg\" \/>\n\t\t<meta property=\"og:image:width\" content=\"911\" \/>\n\t\t<meta property=\"og:image:height\" content=\"479\" \/>\n\t\t<meta property=\"article:published_time\" content=\"2017-05-31T18:42:02+00:00\" \/>\n\t\t<meta property=\"article:modified_time\" content=\"2017-05-31T18:42:02+00:00\" \/>\n\t\t<meta property=\"article:publisher\" content=\"https:\/\/www.facebook.com\/Nachofdezber\" \/>\n\t\t<meta property=\"article:author\" content=\"https:\/\/www.facebook.com\/carrenoactualidad\" \/>\n\t\t<meta name=\"twitter:card\" content=\"summary_large_image\" \/>\n\t\t<meta name=\"twitter:site\" content=\"@NabercoDigital\" \/>\n\t\t<meta name=\"twitter:title\" content=\"El tiempo, jueves 1 de junio de 2017 | Cand\u00e1s 365\" \/>\n\t\t<meta name=\"twitter:description\" content=\"En la mayor parte del pa\u00eds predominar\u00e1n al principio los cielos poco nubosos, con algunos intervalos nubosos en el norte y oeste de Galicia, Cant\u00e1brico occidental, Baleares, \u00e1rea del Estrecho y Melilla. En el interior peninsular nubosidad de evoluci\u00f3n diurna, con probabilidad de algunos chubascos o tormentas por la tarde en zonas de monta\u00f1a de\" \/>\n\t\t<meta name=\"twitter:creator\" content=\"@nbasturias\" \/>\n\t\t<meta name=\"twitter:image\" content=\"https:\/\/candas365.es\/noticias\/wp-content\/uploads\/2016\/06\/puerto-de-cand\u00e1s.jpg\" \/>\n\t\t<meta name=\"twitter:label1\" content=\"Escrito por\" \/>\n\t\t<meta name=\"twitter:data1\" content=\"Cand\u00e1s 365\" \/>\n\t\t<meta name=\"twitter:label2\" content=\"Tiempo de lectura estimado\" \/>\n\t\t<meta name=\"twitter:data2\" content=\"1 minuto\" \/>\n\t\t<script type=\"application\/ld+json\" class=\"aioseo-schema\">\n\t\t\t{\"@context\":\"https:\\\/\\\/schema.org\",\"@graph\":[{\"@type\":\"BreadcrumbList\",\"@id\":\"https:\\\/\\\/candas365.es\\\/noticias\\\/el-tiempo-jueves-1-de-junio-de-2017\\\/#breadcrumblist\",\"itemListElement\":[{\"@type\":\"ListItem\",\"@id\":\"https:\\\/\\\/candas365.es\\\/noticias#listItem\",\"position\":1,\"name\":\"Home\",\"item\":\"https:\\\/\\\/candas365.es\\\/noticias\",\"nextItem\":{\"@type\":\"ListItem\",\"@id\":\"https:\\\/\\\/candas365.es\\\/noticias\\\/category\\\/agenda\\\/#listItem\",\"name\":\"Agenda\"}},{\"@type\":\"ListItem\",\"@id\":\"https:\\\/\\\/candas365.es\\\/noticias\\\/category\\\/agenda\\\/#listItem\",\"position\":2,\"name\":\"Agenda\",\"item\":\"https:\\\/\\\/candas365.es\\\/noticias\\\/category\\\/agenda\\\/\",\"nextItem\":{\"@type\":\"ListItem\",\"@id\":\"https:\\\/\\\/candas365.es\\\/noticias\\\/el-tiempo-jueves-1-de-junio-de-2017\\\/#listItem\",\"name\":\"El tiempo, jueves 1 de junio de 2017\"},\"previousItem\":{\"@type\":\"ListItem\",\"@id\":\"https:\\\/\\\/candas365.es\\\/noticias#listItem\",\"name\":\"Home\"}},{\"@type\":\"ListItem\",\"@id\":\"https:\\\/\\\/candas365.es\\\/noticias\\\/el-tiempo-jueves-1-de-junio-de-2017\\\/#listItem\",\"position\":3,\"name\":\"El tiempo, jueves 1 de junio de 2017\",\"previousItem\":{\"@type\":\"ListItem\",\"@id\":\"https:\\\/\\\/candas365.es\\\/noticias\\\/category\\\/agenda\\\/#listItem\",\"name\":\"Agenda\"}}]},{\"@type\":\"NewsArticle\",\"@id\":\"https:\\\/\\\/candas365.es\\\/noticias\\\/el-tiempo-jueves-1-de-junio-de-2017\\\/#newsarticle\",\"name\":\"El tiempo, jueves 1 de junio de 2017 | Cand\\u00e1s 365\",\"headline\":\"El tiempo, jueves 1 de junio de 2017\",\"author\":{\"@id\":\"https:\\\/\\\/candas365.es\\\/noticias\\\/author\\\/admin\\\/#author\"},\"publisher\":{\"@id\":\"https:\\\/\\\/candas365.es\\\/noticias\\\/#organization\"},\"image\":{\"@type\":\"ImageObject\",\"url\":\"https:\\\/\\\/candas365.es\\\/noticias\\\/wp-content\\\/uploads\\\/2016\\\/06\\\/puerto-de-cand\\u00e1s.jpg\",\"width\":911,\"height\":479},\"datePublished\":\"2017-05-31T18:42:02+02:00\",\"dateModified\":\"2017-05-31T18:42:02+02:00\",\"inLanguage\":\"es-ES\",\"mainEntityOfPage\":{\"@id\":\"https:\\\/\\\/candas365.es\\\/noticias\\\/el-tiempo-jueves-1-de-junio-de-2017\\\/#webpage\"},\"isPartOf\":{\"@id\":\"https:\\\/\\\/candas365.es\\\/noticias\\\/el-tiempo-jueves-1-de-junio-de-2017\\\/#webpage\"},\"articleSection\":\"Agenda\",\"dateline\":\"Publicado el mayo 31, 2017.\"},{\"@type\":\"Organization\",\"@id\":\"https:\\\/\\\/candas365.es\\\/noticias\\\/#organization\",\"name\":\"Cand\\u00e1s 365\",\"description\":\"Cand\\u00e1s 365 es un diario digital independiente, fundado en 2012, con base en Asturias. Informamos con rigor sobre actualidad, sociedad, cultura y ocio, con una mirada local y global.\",\"url\":\"https:\\\/\\\/candas365.es\\\/noticias\\\/\",\"email\":\"info@candas365.es\",\"telephone\":\"+34652131393\",\"foundingDate\":\"2012-06-10\",\"logo\":{\"@type\":\"ImageObject\",\"url\":\"https:\\\/\\\/candas365.es\\\/noticias\\\/wp-content\\\/uploads\\\/2024\\\/09\\\/Candas-365-Redes.jpg\",\"@id\":\"https:\\\/\\\/candas365.es\\\/noticias\\\/el-tiempo-jueves-1-de-junio-de-2017\\\/#organizationLogo\",\"width\":1152,\"height\":864,\"caption\":\"Cand\\u00e1s 365 Redes\"},\"image\":{\"@id\":\"https:\\\/\\\/candas365.es\\\/noticias\\\/el-tiempo-jueves-1-de-junio-de-2017\\\/#organizationLogo\"},\"sameAs\":[\"https:\\\/\\\/www.facebook.com\\\/Nachofdezber\",\"https:\\\/\\\/x.com\\\/NabercoDigital\",\"https:\\\/\\\/www.instagram.com\\\/nachofdezber\\\/\",\"https:\\\/\\\/www.youtube.com\\\/channel\\\/UCZP-2wLEB9Rv6erhFmqVnvg\"],\"address\":{\"@id\":\"https:\\\/\\\/candas365.es\\\/noticias\\\/#postaladdress\",\"@type\":\"PostalAddress\",\"streetAddress\":\"san antonio 4, san antonio 4\",\"postalCode\":\"33430\",\"addressLocality\":\"Cand\\u00e1s\",\"addressRegion\":\"Asturias\",\"addressCountry\":\"ES\"}},{\"@type\":\"Person\",\"@id\":\"https:\\\/\\\/candas365.es\\\/noticias\\\/author\\\/admin\\\/#author\",\"url\":\"https:\\\/\\\/candas365.es\\\/noticias\\\/author\\\/admin\\\/\",\"name\":\"Cand\\u00e1s 365\",\"image\":{\"@type\":\"ImageObject\",\"@id\":\"https:\\\/\\\/candas365.es\\\/noticias\\\/el-tiempo-jueves-1-de-junio-de-2017\\\/#authorImage\",\"url\":\"https:\\\/\\\/secure.gravatar.com\\\/avatar\\\/496a8e03d0c493ede1718b7934145dbdf8d89be1036b0eec9544e1094c9de390?s=96&d=mm&r=g\",\"width\":96,\"height\":96,\"caption\":\"Cand\\u00e1s 365\"},\"sameAs\":[\"https:\\\/\\\/www.facebook.com\\\/carrenoactualidad\",\"https:\\\/\\\/twitter.com\\\/nbasturias\",\"https:\\\/\\\/www.instagram.com\\\/nachofdezber\\\/\",\"https:\\\/\\\/www.youtube.com\\\/channel\\\/UCZP-2wLEB9Rv6erhFmqVnvg\"]},{\"@type\":\"WebPage\",\"@id\":\"https:\\\/\\\/candas365.es\\\/noticias\\\/el-tiempo-jueves-1-de-junio-de-2017\\\/#webpage\",\"url\":\"https:\\\/\\\/candas365.es\\\/noticias\\\/el-tiempo-jueves-1-de-junio-de-2017\\\/\",\"name\":\"El tiempo, jueves 1 de junio de 2017 | Cand\\u00e1s 365\",\"description\":\"En la mayor parte del pa\\u00eds predominar\\u00e1n al principio los cielos poco nubosos, con algunos intervalos nubosos en el norte y oeste de Galicia, Cant\\u00e1brico occidental, Baleares, \\u00e1rea del Estrecho y Melilla. En el interior peninsular nubosidad de evoluci\\u00f3n diurna, con probabilidad de algunos chubascos o tormentas por la tarde en zonas de monta\\u00f1a de\",\"inLanguage\":\"es-ES\",\"isPartOf\":{\"@id\":\"https:\\\/\\\/candas365.es\\\/noticias\\\/#website\"},\"breadcrumb\":{\"@id\":\"https:\\\/\\\/candas365.es\\\/noticias\\\/el-tiempo-jueves-1-de-junio-de-2017\\\/#breadcrumblist\"},\"author\":{\"@id\":\"https:\\\/\\\/candas365.es\\\/noticias\\\/author\\\/admin\\\/#author\"},\"creator\":{\"@id\":\"https:\\\/\\\/candas365.es\\\/noticias\\\/author\\\/admin\\\/#author\"},\"image\":{\"@type\":\"ImageObject\",\"url\":\"https:\\\/\\\/candas365.es\\\/noticias\\\/wp-content\\\/uploads\\\/2016\\\/06\\\/puerto-de-cand\\u00e1s.jpg\",\"@id\":\"https:\\\/\\\/candas365.es\\\/noticias\\\/el-tiempo-jueves-1-de-junio-de-2017\\\/#mainImage\",\"width\":911,\"height\":479},\"primaryImageOfPage\":{\"@id\":\"https:\\\/\\\/candas365.es\\\/noticias\\\/el-tiempo-jueves-1-de-junio-de-2017\\\/#mainImage\"},\"datePublished\":\"2017-05-31T18:42:02+02:00\",\"dateModified\":\"2017-05-31T18:42:02+02:00\"},{\"@type\":\"WebSite\",\"@id\":\"https:\\\/\\\/candas365.es\\\/noticias\\\/#website\",\"url\":\"https:\\\/\\\/candas365.es\\\/noticias\\\/\",\"name\":\"Cand\\u00e1s 365\",\"alternateName\":\"Cand\\u00e1s 365 Noticias\",\"description\":\"Actualidad desde Carre\\u00f1o para el mundo\",\"inLanguage\":\"es-ES\",\"publisher\":{\"@id\":\"https:\\\/\\\/candas365.es\\\/noticias\\\/#organization\"}}]}\n\t\t<\/script>\n\t\t<!-- All in One SEO Pro -->\r\n\t\t<title>El tiempo, jueves 1 de junio de 2017 | Cand\u00e1s 365<\/title>\n\n","aioseo_head_json":{"title":"El tiempo, jueves 1 de junio de 2017 | Cand\u00e1s 365","description":"En la mayor parte del pa\u00eds predominar\u00e1n al principio los cielos poco nubosos, con algunos intervalos nubosos en el norte y oeste de Galicia, Cant\u00e1brico occidental, Baleares, \u00e1rea del Estrecho y Melilla. En el interior peninsular nubosidad de evoluci\u00f3n diurna, con probabilidad de algunos chubascos o tormentas por la tarde en zonas de monta\u00f1a de","canonical_url":"https:\/\/candas365.es\/noticias\/el-tiempo-jueves-1-de-junio-de-2017\/","robots":"max-image-preview:large","keywords":"agenda","webmasterTools":{"google-site-verification":"UA-32230408-1","msvalidate.01":"354F3CDFB2DA171B47FBE9ABF1F88D5","miscellaneous":""},"schema":{"@context":"https:\/\/schema.org","@graph":[{"@type":"BreadcrumbList","@id":"https:\/\/candas365.es\/noticias\/el-tiempo-jueves-1-de-junio-de-2017\/#breadcrumblist","itemListElement":[{"@type":"ListItem","@id":"https:\/\/candas365.es\/noticias#listItem","position":1,"name":"Home","item":"https:\/\/candas365.es\/noticias","nextItem":{"@type":"ListItem","@id":"https:\/\/candas365.es\/noticias\/category\/agenda\/#listItem","name":"Agenda"}},{"@type":"ListItem","@id":"https:\/\/candas365.es\/noticias\/category\/agenda\/#listItem","position":2,"name":"Agenda","item":"https:\/\/candas365.es\/noticias\/category\/agenda\/","nextItem":{"@type":"ListItem","@id":"https:\/\/candas365.es\/noticias\/el-tiempo-jueves-1-de-junio-de-2017\/#listItem","name":"El tiempo, jueves 1 de junio de 2017"},"previousItem":{"@type":"ListItem","@id":"https:\/\/candas365.es\/noticias#listItem","name":"Home"}},{"@type":"ListItem","@id":"https:\/\/candas365.es\/noticias\/el-tiempo-jueves-1-de-junio-de-2017\/#listItem","position":3,"name":"El tiempo, jueves 1 de junio de 2017","previousItem":{"@type":"ListItem","@id":"https:\/\/candas365.es\/noticias\/category\/agenda\/#listItem","name":"Agenda"}}]},{"@type":"NewsArticle","@id":"https:\/\/candas365.es\/noticias\/el-tiempo-jueves-1-de-junio-de-2017\/#newsarticle","name":"El tiempo, jueves 1 de junio de 2017 | Cand\u00e1s 365","headline":"El tiempo, jueves 1 de junio de 2017","author":{"@id":"https:\/\/candas365.es\/noticias\/author\/admin\/#author"},"publisher":{"@id":"https:\/\/candas365.es\/noticias\/#organization"},"image":{"@type":"ImageObject","url":"https:\/\/candas365.es\/noticias\/wp-content\/uploads\/2016\/06\/puerto-de-cand\u00e1s.jpg","width":911,"height":479},"datePublished":"2017-05-31T18:42:02+02:00","dateModified":"2017-05-31T18:42:02+02:00","inLanguage":"es-ES","mainEntityOfPage":{"@id":"https:\/\/candas365.es\/noticias\/el-tiempo-jueves-1-de-junio-de-2017\/#webpage"},"isPartOf":{"@id":"https:\/\/candas365.es\/noticias\/el-tiempo-jueves-1-de-junio-de-2017\/#webpage"},"articleSection":"Agenda","dateline":"Publicado el mayo 31, 2017."},{"@type":"Organization","@id":"https:\/\/candas365.es\/noticias\/#organization","name":"Cand\u00e1s 365","description":"Cand\u00e1s 365 es un diario digital independiente, fundado en 2012, con base en Asturias. Informamos con rigor sobre actualidad, sociedad, cultura y ocio, con una mirada local y global.","url":"https:\/\/candas365.es\/noticias\/","email":"info@candas365.es","telephone":"+34652131393","foundingDate":"2012-06-10","logo":{"@type":"ImageObject","url":"https:\/\/candas365.es\/noticias\/wp-content\/uploads\/2024\/09\/Candas-365-Redes.jpg","@id":"https:\/\/candas365.es\/noticias\/el-tiempo-jueves-1-de-junio-de-2017\/#organizationLogo","width":1152,"height":864,"caption":"Cand\u00e1s 365 Redes"},"image":{"@id":"https:\/\/candas365.es\/noticias\/el-tiempo-jueves-1-de-junio-de-2017\/#organizationLogo"},"sameAs":["https:\/\/www.facebook.com\/Nachofdezber","https:\/\/x.com\/NabercoDigital","https:\/\/www.instagram.com\/nachofdezber\/","https:\/\/www.youtube.com\/channel\/UCZP-2wLEB9Rv6erhFmqVnvg"],"address":{"@id":"https:\/\/candas365.es\/noticias\/#postaladdress","@type":"PostalAddress","streetAddress":"san antonio 4, san antonio 4","postalCode":"33430","addressLocality":"Cand\u00e1s","addressRegion":"Asturias","addressCountry":"ES"}},{"@type":"Person","@id":"https:\/\/candas365.es\/noticias\/author\/admin\/#author","url":"https:\/\/candas365.es\/noticias\/author\/admin\/","name":"Cand\u00e1s 365","image":{"@type":"ImageObject","@id":"https:\/\/candas365.es\/noticias\/el-tiempo-jueves-1-de-junio-de-2017\/#authorImage","url":"https:\/\/secure.gravatar.com\/avatar\/496a8e03d0c493ede1718b7934145dbdf8d89be1036b0eec9544e1094c9de390?s=96&d=mm&r=g","width":96,"height":96,"caption":"Cand\u00e1s 365"},"sameAs":["https:\/\/www.facebook.com\/carrenoactualidad","https:\/\/twitter.com\/nbasturias","https:\/\/www.instagram.com\/nachofdezber\/","https:\/\/www.youtube.com\/channel\/UCZP-2wLEB9Rv6erhFmqVnvg"]},{"@type":"WebPage","@id":"https:\/\/candas365.es\/noticias\/el-tiempo-jueves-1-de-junio-de-2017\/#webpage","url":"https:\/\/candas365.es\/noticias\/el-tiempo-jueves-1-de-junio-de-2017\/","name":"El tiempo, jueves 1 de junio de 2017 | Cand\u00e1s 365","description":"En la mayor parte del pa\u00eds predominar\u00e1n al principio los cielos poco nubosos, con algunos intervalos nubosos en el norte y oeste de Galicia, Cant\u00e1brico occidental, Baleares, \u00e1rea del Estrecho y Melilla. En el interior peninsular nubosidad de evoluci\u00f3n diurna, con probabilidad de algunos chubascos o tormentas por la tarde en zonas de monta\u00f1a de","inLanguage":"es-ES","isPartOf":{"@id":"https:\/\/candas365.es\/noticias\/#website"},"breadcrumb":{"@id":"https:\/\/candas365.es\/noticias\/el-tiempo-jueves-1-de-junio-de-2017\/#breadcrumblist"},"author":{"@id":"https:\/\/candas365.es\/noticias\/author\/admin\/#author"},"creator":{"@id":"https:\/\/candas365.es\/noticias\/author\/admin\/#author"},"image":{"@type":"ImageObject","url":"https:\/\/candas365.es\/noticias\/wp-content\/uploads\/2016\/06\/puerto-de-cand\u00e1s.jpg","@id":"https:\/\/candas365.es\/noticias\/el-tiempo-jueves-1-de-junio-de-2017\/#mainImage","width":911,"height":479},"primaryImageOfPage":{"@id":"https:\/\/candas365.es\/noticias\/el-tiempo-jueves-1-de-junio-de-2017\/#mainImage"},"datePublished":"2017-05-31T18:42:02+02:00","dateModified":"2017-05-31T18:42:02+02:00"},{"@type":"WebSite","@id":"https:\/\/candas365.es\/noticias\/#website","url":"https:\/\/candas365.es\/noticias\/","name":"Cand\u00e1s 365","alternateName":"Cand\u00e1s 365 Noticias","description":"Actualidad desde Carre\u00f1o para el mundo","inLanguage":"es-ES","publisher":{"@id":"https:\/\/candas365.es\/noticias\/#organization"}}]},"og:locale":"es_ES","og:site_name":"Cand\u00e1s 365","og:type":"article","og:title":"El tiempo, jueves 1 de junio de 2017 | Cand\u00e1s 365","og:description":"En la mayor parte del pa\u00eds predominar\u00e1n al principio los cielos poco nubosos, con algunos intervalos nubosos en el norte y oeste de Galicia, Cant\u00e1brico occidental, Baleares, \u00e1rea del Estrecho y Melilla. En el interior peninsular nubosidad de evoluci\u00f3n diurna, con probabilidad de algunos chubascos o tormentas por la tarde en zonas de monta\u00f1a de","og:url":"https:\/\/candas365.es\/noticias\/el-tiempo-jueves-1-de-junio-de-2017\/","og:image":"https:\/\/candas365.es\/noticias\/wp-content\/uploads\/2016\/06\/puerto-de-cand\u00e1s.jpg","og:image:secure_url":"https:\/\/candas365.es\/noticias\/wp-content\/uploads\/2016\/06\/puerto-de-cand\u00e1s.jpg","og:image:width":911,"og:image:height":479,"article:published_time":"2017-05-31T18:42:02+00:00","article:modified_time":"2017-05-31T18:42:02+00:00","article:publisher":"https:\/\/www.facebook.com\/Nachofdezber","article:author":"https:\/\/www.facebook.com\/carrenoactualidad","twitter:card":"summary_large_image","twitter:site":"@NabercoDigital","twitter:title":"El tiempo, jueves 1 de junio de 2017 | Cand\u00e1s 365","twitter:description":"En la mayor parte del pa\u00eds predominar\u00e1n al principio los cielos poco nubosos, con algunos intervalos nubosos en el norte y oeste de Galicia, Cant\u00e1brico occidental, Baleares, \u00e1rea del Estrecho y Melilla. En el interior peninsular nubosidad de evoluci\u00f3n diurna, con probabilidad de algunos chubascos o tormentas por la tarde en zonas de monta\u00f1a de","twitter:creator":"@nbasturias","twitter:image":"https:\/\/candas365.es\/noticias\/wp-content\/uploads\/2016\/06\/puerto-de-cand\u00e1s.jpg","twitter:label1":"Escrito por","twitter:data1":"Cand\u00e1s 365","twitter:label2":"Tiempo de lectura estimado","twitter:data2":"1 minuto"},"aioseo_meta_data":{"post_id":"72612","title":null,"description":null,"keywords":null,"keyphrases":null,"primary_term":null,"canonical_url":null,"og_title":null,"og_description":null,"og_object_type":"default","og_image_type":"default","og_image_url":null,"og_image_width":null,"og_image_height":null,"og_image_custom_url":null,"og_image_custom_fields":null,"og_video":null,"og_custom_url":null,"og_article_section":null,"og_article_tags":null,"twitter_use_og":false,"twitter_card":"default","twitter_image_type":"default","twitter_image_url":null,"twitter_image_custom_url":null,"twitter_image_custom_fields":null,"twitter_title":null,"twitter_description":null,"schema":{"blockGraphs":[],"customGraphs":[],"default":{"data":{"Article":[],"Course":[],"Dataset":[],"FAQPage":[],"Movie":[],"Person":[],"Product":[],"ProductReview":[],"Car":[],"Recipe":[],"Service":[],"SoftwareApplication":[],"WebPage":[]},"graphName":"","isEnabled":true},"graphs":[]},"schema_type":null,"schema_type_options":null,"pillar_content":false,"robots_default":true,"robots_noindex":false,"robots_noarchive":false,"robots_nosnippet":false,"robots_nofollow":false,"robots_noimageindex":false,"robots_noodp":false,"robots_notranslate":false,"robots_max_snippet":null,"robots_max_videopreview":null,"robots_max_imagepreview":"large","priority":null,"frequency":null,"location":null,"local_seo":null,"seo_analyzer_scan_date":"2025-08-25 15:05:19","breadcrumb_settings":null,"limit_modified_date":false,"reviewed_by":null,"open_ai":null,"ai":null,"created":"2020-12-21 10:52:37","updated":"2025-08-25 15:05:19"},"aioseo_breadcrumb":"<div class=\"aioseo-breadcrumbs\"><span class=\"aioseo-breadcrumb\">\n\t<a href=\"https:\/\/candas365.es\/noticias\" title=\"Home\">Home<\/a>\n<\/span><span class=\"aioseo-breadcrumb-separator\">&ndash;<\/span><span class=\"aioseo-breadcrumb\">\n\t<a href=\"https:\/\/candas365.es\/noticias\/category\/agenda\/\" title=\"Agenda\">Agenda<\/a>\n<\/span><span class=\"aioseo-breadcrumb-separator\">&ndash;<\/span><span class=\"aioseo-breadcrumb\">\n\tEl tiempo, jueves 1 de junio de 2017\n<\/span><\/div>","aioseo_breadcrumb_json":[{"label":"Home","link":"https:\/\/candas365.es\/noticias"},{"label":"Agenda","link":"https:\/\/candas365.es\/noticias\/category\/agenda\/"},{"label":"El tiempo, jueves 1 de junio de 2017","link":"https:\/\/candas365.es\/noticias\/el-tiempo-jueves-1-de-junio-de-2017\/"}],"_links":{"self":[{"href":"https:\/\/candas365.es\/noticias\/wp-json\/wp\/v2\/posts\/72612","targetHints":{"allow":["GET"]}}],"collection":[{"href":"https:\/\/candas365.es\/noticias\/wp-json\/wp\/v2\/posts"}],"about":[{"href":"https:\/\/candas365.es\/noticias\/wp-json\/wp\/v2\/types\/post"}],"author":[{"embeddable":true,"href":"https:\/\/candas365.es\/noticias\/wp-json\/wp\/v2\/users\/1"}],"replies":[{"embeddable":true,"href":"https:\/\/candas365.es\/noticias\/wp-json\/wp\/v2\/comments?post=72612"}],"version-history":[{"count":0,"href":"https:\/\/candas365.es\/noticias\/wp-json\/wp\/v2\/posts\/72612\/revisions"}],"wp:featuredmedia":[{"embeddable":true,"href":"https:\/\/candas365.es\/noticias\/wp-json\/wp\/v2\/media\/30104"}],"wp:attachment":[{"href":"https:\/\/candas365.es\/noticias\/wp-json\/wp\/v2\/media?parent=72612"}],"wp:term":[{"taxonomy":"category","embeddable":true,"href":"https:\/\/candas365.es\/noticias\/wp-json\/wp\/v2\/categories?post=72612"},{"taxonomy":"post_tag","embeddable":true,"href":"https:\/\/candas365.es\/noticias\/wp-json\/wp\/v2\/tags?post=72612"}],"curies":[{"name":"wp","href":"https:\/\/api.w.org\/{rel}","templated":true}]}}