{"id":72553,"date":"2017-05-31T14:47:04","date_gmt":"2017-05-31T14:47:04","guid":{"rendered":"http:\/\/candas365.es\/noticias\/?p=72553"},"modified":"2017-05-31T14:47:04","modified_gmt":"2017-05-31T14:47:04","slug":"dia-del-medio-ambiente-en-el-centro-tito-bustillo","status":"publish","type":"post","link":"https:\/\/candas365.es\/noticias\/dia-del-medio-ambiente-en-el-centro-tito-bustillo\/","title":{"rendered":"D\u00eda del Medio Ambiente en el Centro Tito Bustillo"},"content":{"rendered":"<p><img fetchpriority=\"high\" decoding=\"async\" class=\"alignleft size-medium wp-image-37281\" src=\"https:\/\/candas365.es\/noticias\/wp-content\/uploads\/2016\/11\/TitoBustillo-360x198.jpg\" alt=\"\" width=\"360\" height=\"198\" srcset=\"https:\/\/candas365.es\/noticias\/wp-content\/uploads\/2016\/11\/TitoBustillo-360x198.jpg 360w, https:\/\/candas365.es\/noticias\/wp-content\/uploads\/2016\/11\/TitoBustillo-650x357.jpg 650w, https:\/\/candas365.es\/noticias\/wp-content\/uploads\/2016\/11\/TitoBustillo-150x82.jpg 150w, https:\/\/candas365.es\/noticias\/wp-content\/uploads\/2016\/11\/TitoBustillo-450x247.jpg 450w, https:\/\/candas365.es\/noticias\/wp-content\/uploads\/2016\/11\/TitoBustillo.jpg 655w\" sizes=\"(max-width: 360px) 100vw, 360px\" \/>Un reparto gratuito de \u00e1rboles, la apertura de la muestra con las obras ganadoras del Concurso fotogr\u00e1fico Asturias Para\u00edso Natural, una visita-taller sobre consumo sostenible y un taller infantil para decorar un \u201cMacetero prehist\u00f3rico\u201d son las actividades con las que el Centro de Arte Rupestre de Tito Bustillo celebra el D\u00eda del Medio Ambiente.<\/p>\n<p>A partir de este jueves 1 de junio se repartir\u00e1n gratuitamente 225 ejemplares de \u00e1rboles donados por el Vivero Forestal La Mata. Se entregar\u00e1n, hasta agotar existencias, cerezos, encinas y abedules a todas aquellas personas que se acerquen al Centro Tito Bustillo. Tambi\u00e9n este jueves se abrir\u00e1 al p\u00fablico una muestra con las 20 obras ganadoras del primer Concurso fotogr\u00e1fico Asturias Para\u00edso Natural, que se podr\u00e1 visitar durante el mes de junio con acceso gratuito con la entrada al equipamiento riosellano.<\/p>\n<p>El s\u00e1bado 3 de junio, de 11:15 a 14:00 horas, el Centro de Arte Rupestre y el Centro de Formaci\u00f3n para el Consumo de Ribadesella proponen un viaje por 20.000 a\u00f1os de consumo, una actividad gratuita que permite conocer el modelo de consumo humano desde la Prehistoria hasta nuestros d\u00edas. El recorrido comenzar\u00e1 en el Centro Tito Bustillo, con una visita tematizada enfocada al consumo en la Prehistoria y la importancia del recurso de la pesca en Ribadesella durante el Paleol\u00edtico Superior, continuando con un ejercicio de arqueolog\u00eda experimental en el que los participantes deber\u00e1n tratar de conseguir alimento tal y como lo har\u00edan nuestros antepasados.<\/p>\n<p>A continuaci\u00f3n se visitar\u00e1 el Centro de Formaci\u00f3n para el Consumo de Ribadesella, donde los participantes explorar\u00e1n varios aspectos sobre el consumo del hombre prehist\u00f3rico en comparaci\u00f3n con nuestro actual modelo de consumo. Elaborar\u00e1n y degustar\u00e1n \u201cuna brocheta prehist\u00f3rica\u201d, saludable y equilibrada, confeccionada a partir de alimentos que, muy posiblemente, estuvieran al alcance de nuestros antepasados.<\/p>\n<p>El viaje por \u201c20.000 a\u00f1os de consumo sostenible\u201d es una actividad es gratuita, est\u00e1 dirigida a p\u00fablico de todas las edades y no incluye el traslado entre los dos centros. Las plazas son limitadas y se recomienda retirar invitaci\u00f3n previa en la Recepci\u00f3n del Centro o a trav\u00e9s de la web www.centrotitobustillo.com.<\/p>\n<p>El p\u00fablico infantil de 4 a 11 a\u00f1os podr\u00e1 decorar con motivos prehist\u00f3ricos un macetero construido con materiales reciclados el domingo 4 de junio, a las 12:00 horas. Para esta visita-taller, con un precio de 1,60 euros, se puede adquirir la entrada a trav\u00e9s de la web del Centro.<\/p>\n<p><strong>Jornadas Gastron\u00f3micas del Mar en Ribadesella<\/strong><\/p>\n<p>El Centro Tito Bustillo tambi\u00e9n se suma a las Jornadas Gastron\u00f3micas del Mar en Ribadesella. Todos aquellos que degusten el men\u00fa de las jornadas en cualquiera de los restaurantes participantes, podr\u00e1n disfrutar de tarifa reducida este s\u00e1bado y domingo, 3 y 4 de junio, en la visita al Centro presentando el ticket correspondiente.<\/p>\n<p>El fin de semana, a las 16:30 horas, habr\u00e1 adem\u00e1s un taller dirigido al p\u00fablico familiar para que todos los participantes se conviertan en unos aut\u00e9nticos depredadores del Sella. La actividad, con plazas limitadas, es gratuita para aquellos que presenten el ticket del men\u00fa de las Jornadas y para el resto de los visitantes tiene un coste de 1,60 euros.<\/p>\n","protected":false},"excerpt":{"rendered":"<p>Un reparto gratuito de \u00e1rboles, la apertura de la muestra con las obras ganadoras del Concurso fotogr\u00e1fico Asturias Para\u00edso Natural, una visita-taller sobre consumo sostenible y un taller infantil para decorar un \u201cMacetero prehist\u00f3rico\u201d son las actividades con las que el Centro de Arte Rupestre de Tito Bustillo celebra el D\u00eda del Medio Ambiente. A<\/p>\n","protected":false},"author":1,"featured_media":37281,"comment_status":"open","ping_status":"closed","sticky":false,"template":"","format":"standard","meta":{"footnotes":""},"categories":[1],"tags":[],"class_list":{"0":"post-72553","1":"post","2":"type-post","3":"status-publish","4":"format-standard","5":"has-post-thumbnail","7":"category-agenda"},"aioseo_notices":[],"aioseo_head":"\n\t\t<!-- All in One SEO Pro 4.9.6.2 - aioseo.com -->\n\t<meta name=\"description\" content=\"Un reparto gratuito de \u00e1rboles, la apertura de la muestra con las obras ganadoras del Concurso fotogr\u00e1fico Asturias Para\u00edso Natural, una visita-taller sobre consumo sostenible y un taller infantil para decorar un \u201cMacetero prehist\u00f3rico\u201d son las actividades con las que el Centro de Arte Rupestre de Tito Bustillo celebra el D\u00eda del Medio Ambiente. A\" \/>\n\t<meta name=\"robots\" content=\"max-image-preview:large\" \/>\n\t<meta name=\"author\" content=\"Cand\u00e1s 365\"\/>\n\t<meta name=\"google-site-verification\" content=\"UA-32230408-1\" \/>\n\t<meta name=\"msvalidate.01\" content=\"354F3CDFB2DA171B47FBE9ABF1F88D5\" \/>\n\t<meta name=\"keywords\" content=\"agenda\" \/>\n\t<link rel=\"canonical\" href=\"https:\/\/candas365.es\/noticias\/dia-del-medio-ambiente-en-el-centro-tito-bustillo\/\" \/>\n\t<meta name=\"generator\" content=\"All in One SEO Pro (AIOSEO) 4.9.6.2\" \/>\n\t\t<meta property=\"og:locale\" content=\"es_ES\" \/>\n\t\t<meta property=\"og:site_name\" content=\"Cand\u00e1s 365\" \/>\n\t\t<meta property=\"og:type\" content=\"article\" \/>\n\t\t<meta property=\"og:title\" content=\"D\u00eda del Medio Ambiente en el Centro Tito Bustillo | Cand\u00e1s 365\" \/>\n\t\t<meta property=\"og:description\" content=\"Un reparto gratuito de \u00e1rboles, la apertura de la muestra con las obras ganadoras del Concurso fotogr\u00e1fico Asturias Para\u00edso Natural, una visita-taller sobre consumo sostenible y un taller infantil para decorar un \u201cMacetero prehist\u00f3rico\u201d son las actividades con las que el Centro de Arte Rupestre de Tito Bustillo celebra el D\u00eda del Medio Ambiente. A\" \/>\n\t\t<meta property=\"og:url\" content=\"https:\/\/candas365.es\/noticias\/dia-del-medio-ambiente-en-el-centro-tito-bustillo\/\" \/>\n\t\t<meta property=\"og:image\" content=\"https:\/\/candas365.es\/noticias\/wp-content\/uploads\/2016\/11\/TitoBustillo.jpg\" \/>\n\t\t<meta property=\"og:image:secure_url\" content=\"https:\/\/candas365.es\/noticias\/wp-content\/uploads\/2016\/11\/TitoBustillo.jpg\" \/>\n\t\t<meta property=\"og:image:width\" content=\"655\" \/>\n\t\t<meta property=\"og:image:height\" content=\"360\" \/>\n\t\t<meta property=\"article:published_time\" content=\"2017-05-31T14:47:04+00:00\" \/>\n\t\t<meta property=\"article:modified_time\" content=\"2017-05-31T14:47:04+00:00\" \/>\n\t\t<meta property=\"article:publisher\" content=\"https:\/\/www.facebook.com\/Nachofdezber\" \/>\n\t\t<meta property=\"article:author\" content=\"https:\/\/www.facebook.com\/carrenoactualidad\" \/>\n\t\t<meta name=\"twitter:card\" content=\"summary_large_image\" \/>\n\t\t<meta name=\"twitter:site\" content=\"@NabercoDigital\" \/>\n\t\t<meta name=\"twitter:title\" content=\"D\u00eda del Medio Ambiente en el Centro Tito Bustillo | Cand\u00e1s 365\" \/>\n\t\t<meta name=\"twitter:description\" content=\"Un reparto gratuito de \u00e1rboles, la apertura de la muestra con las obras ganadoras del Concurso fotogr\u00e1fico Asturias Para\u00edso Natural, una visita-taller sobre consumo sostenible y un taller infantil para decorar un \u201cMacetero prehist\u00f3rico\u201d son las actividades con las que el Centro de Arte Rupestre de Tito Bustillo celebra el D\u00eda del Medio Ambiente. A\" \/>\n\t\t<meta name=\"twitter:creator\" content=\"@nbasturias\" \/>\n\t\t<meta name=\"twitter:image\" content=\"https:\/\/candas365.es\/noticias\/wp-content\/uploads\/2016\/11\/TitoBustillo.jpg\" \/>\n\t\t<meta name=\"twitter:label1\" content=\"Escrito por\" \/>\n\t\t<meta name=\"twitter:data1\" content=\"Cand\u00e1s 365\" \/>\n\t\t<meta name=\"twitter:label2\" content=\"Tiempo de lectura estimado\" \/>\n\t\t<meta name=\"twitter:data2\" content=\"3 minutos\" \/>\n\t\t<script type=\"application\/ld+json\" class=\"aioseo-schema\">\n\t\t\t{\"@context\":\"https:\\\/\\\/schema.org\",\"@graph\":[{\"@type\":\"BreadcrumbList\",\"@id\":\"https:\\\/\\\/candas365.es\\\/noticias\\\/dia-del-medio-ambiente-en-el-centro-tito-bustillo\\\/#breadcrumblist\",\"itemListElement\":[{\"@type\":\"ListItem\",\"@id\":\"https:\\\/\\\/candas365.es\\\/noticias#listItem\",\"position\":1,\"name\":\"Home\",\"item\":\"https:\\\/\\\/candas365.es\\\/noticias\",\"nextItem\":{\"@type\":\"ListItem\",\"@id\":\"https:\\\/\\\/candas365.es\\\/noticias\\\/category\\\/agenda\\\/#listItem\",\"name\":\"Agenda\"}},{\"@type\":\"ListItem\",\"@id\":\"https:\\\/\\\/candas365.es\\\/noticias\\\/category\\\/agenda\\\/#listItem\",\"position\":2,\"name\":\"Agenda\",\"item\":\"https:\\\/\\\/candas365.es\\\/noticias\\\/category\\\/agenda\\\/\",\"nextItem\":{\"@type\":\"ListItem\",\"@id\":\"https:\\\/\\\/candas365.es\\\/noticias\\\/dia-del-medio-ambiente-en-el-centro-tito-bustillo\\\/#listItem\",\"name\":\"D\\u00eda del Medio Ambiente en el Centro Tito Bustillo\"},\"previousItem\":{\"@type\":\"ListItem\",\"@id\":\"https:\\\/\\\/candas365.es\\\/noticias#listItem\",\"name\":\"Home\"}},{\"@type\":\"ListItem\",\"@id\":\"https:\\\/\\\/candas365.es\\\/noticias\\\/dia-del-medio-ambiente-en-el-centro-tito-bustillo\\\/#listItem\",\"position\":3,\"name\":\"D\\u00eda del Medio Ambiente en el Centro Tito Bustillo\",\"previousItem\":{\"@type\":\"ListItem\",\"@id\":\"https:\\\/\\\/candas365.es\\\/noticias\\\/category\\\/agenda\\\/#listItem\",\"name\":\"Agenda\"}}]},{\"@type\":\"NewsArticle\",\"@id\":\"https:\\\/\\\/candas365.es\\\/noticias\\\/dia-del-medio-ambiente-en-el-centro-tito-bustillo\\\/#newsarticle\",\"name\":\"D\\u00eda del Medio Ambiente en el Centro Tito Bustillo | Cand\\u00e1s 365\",\"headline\":\"D\\u00eda del Medio Ambiente en el Centro Tito Bustillo\",\"author\":{\"@id\":\"https:\\\/\\\/candas365.es\\\/noticias\\\/author\\\/admin\\\/#author\"},\"publisher\":{\"@id\":\"https:\\\/\\\/candas365.es\\\/noticias\\\/#organization\"},\"image\":{\"@type\":\"ImageObject\",\"url\":\"https:\\\/\\\/candas365.es\\\/noticias\\\/wp-content\\\/uploads\\\/2016\\\/11\\\/TitoBustillo.jpg\",\"width\":655,\"height\":360,\"caption\":\"Tito Bustillo\"},\"datePublished\":\"2017-05-31T14:47:04+02:00\",\"dateModified\":\"2017-05-31T14:47:04+02:00\",\"inLanguage\":\"es-ES\",\"mainEntityOfPage\":{\"@id\":\"https:\\\/\\\/candas365.es\\\/noticias\\\/dia-del-medio-ambiente-en-el-centro-tito-bustillo\\\/#webpage\"},\"isPartOf\":{\"@id\":\"https:\\\/\\\/candas365.es\\\/noticias\\\/dia-del-medio-ambiente-en-el-centro-tito-bustillo\\\/#webpage\"},\"articleSection\":\"Agenda\",\"dateline\":\"Publicado el mayo 31, 2017.\"},{\"@type\":\"Organization\",\"@id\":\"https:\\\/\\\/candas365.es\\\/noticias\\\/#organization\",\"name\":\"Cand\\u00e1s 365\",\"description\":\"Cand\\u00e1s 365 es un diario digital independiente, fundado en 2012, con base en Asturias. Informamos con rigor sobre actualidad, sociedad, cultura y ocio, con una mirada local y global.\",\"url\":\"https:\\\/\\\/candas365.es\\\/noticias\\\/\",\"email\":\"info@candas365.es\",\"telephone\":\"+34652131393\",\"foundingDate\":\"2012-06-10\",\"logo\":{\"@type\":\"ImageObject\",\"url\":\"https:\\\/\\\/candas365.es\\\/noticias\\\/wp-content\\\/uploads\\\/2024\\\/09\\\/Candas-365-Redes.jpg\",\"@id\":\"https:\\\/\\\/candas365.es\\\/noticias\\\/dia-del-medio-ambiente-en-el-centro-tito-bustillo\\\/#organizationLogo\",\"width\":1152,\"height\":864,\"caption\":\"Cand\\u00e1s 365 Redes\"},\"image\":{\"@id\":\"https:\\\/\\\/candas365.es\\\/noticias\\\/dia-del-medio-ambiente-en-el-centro-tito-bustillo\\\/#organizationLogo\"},\"sameAs\":[\"https:\\\/\\\/www.facebook.com\\\/Nachofdezber\",\"https:\\\/\\\/x.com\\\/NabercoDigital\",\"https:\\\/\\\/www.instagram.com\\\/nachofdezber\\\/\",\"https:\\\/\\\/www.youtube.com\\\/channel\\\/UCZP-2wLEB9Rv6erhFmqVnvg\"],\"address\":{\"@id\":\"https:\\\/\\\/candas365.es\\\/noticias\\\/#postaladdress\",\"@type\":\"PostalAddress\",\"streetAddress\":\"san antonio 4, san antonio 4\",\"postalCode\":\"33430\",\"addressLocality\":\"Cand\\u00e1s\",\"addressRegion\":\"Asturias\",\"addressCountry\":\"ES\"}},{\"@type\":\"Person\",\"@id\":\"https:\\\/\\\/candas365.es\\\/noticias\\\/author\\\/admin\\\/#author\",\"url\":\"https:\\\/\\\/candas365.es\\\/noticias\\\/author\\\/admin\\\/\",\"name\":\"Cand\\u00e1s 365\",\"image\":{\"@type\":\"ImageObject\",\"@id\":\"https:\\\/\\\/candas365.es\\\/noticias\\\/dia-del-medio-ambiente-en-el-centro-tito-bustillo\\\/#authorImage\",\"url\":\"https:\\\/\\\/secure.gravatar.com\\\/avatar\\\/496a8e03d0c493ede1718b7934145dbdf8d89be1036b0eec9544e1094c9de390?s=96&d=mm&r=g\",\"width\":96,\"height\":96,\"caption\":\"Cand\\u00e1s 365\"},\"sameAs\":[\"https:\\\/\\\/www.facebook.com\\\/carrenoactualidad\",\"https:\\\/\\\/twitter.com\\\/nbasturias\",\"https:\\\/\\\/www.instagram.com\\\/nachofdezber\\\/\",\"https:\\\/\\\/www.youtube.com\\\/channel\\\/UCZP-2wLEB9Rv6erhFmqVnvg\"]},{\"@type\":\"WebPage\",\"@id\":\"https:\\\/\\\/candas365.es\\\/noticias\\\/dia-del-medio-ambiente-en-el-centro-tito-bustillo\\\/#webpage\",\"url\":\"https:\\\/\\\/candas365.es\\\/noticias\\\/dia-del-medio-ambiente-en-el-centro-tito-bustillo\\\/\",\"name\":\"D\\u00eda del Medio Ambiente en el Centro Tito Bustillo | Cand\\u00e1s 365\",\"description\":\"Un reparto gratuito de \\u00e1rboles, la apertura de la muestra con las obras ganadoras del Concurso fotogr\\u00e1fico Asturias Para\\u00edso Natural, una visita-taller sobre consumo sostenible y un taller infantil para decorar un \\u201cMacetero prehist\\u00f3rico\\u201d son las actividades con las que el Centro de Arte Rupestre de Tito Bustillo celebra el D\\u00eda del Medio Ambiente. A\",\"inLanguage\":\"es-ES\",\"isPartOf\":{\"@id\":\"https:\\\/\\\/candas365.es\\\/noticias\\\/#website\"},\"breadcrumb\":{\"@id\":\"https:\\\/\\\/candas365.es\\\/noticias\\\/dia-del-medio-ambiente-en-el-centro-tito-bustillo\\\/#breadcrumblist\"},\"author\":{\"@id\":\"https:\\\/\\\/candas365.es\\\/noticias\\\/author\\\/admin\\\/#author\"},\"creator\":{\"@id\":\"https:\\\/\\\/candas365.es\\\/noticias\\\/author\\\/admin\\\/#author\"},\"image\":{\"@type\":\"ImageObject\",\"url\":\"https:\\\/\\\/candas365.es\\\/noticias\\\/wp-content\\\/uploads\\\/2016\\\/11\\\/TitoBustillo.jpg\",\"@id\":\"https:\\\/\\\/candas365.es\\\/noticias\\\/dia-del-medio-ambiente-en-el-centro-tito-bustillo\\\/#mainImage\",\"width\":655,\"height\":360,\"caption\":\"Tito Bustillo\"},\"primaryImageOfPage\":{\"@id\":\"https:\\\/\\\/candas365.es\\\/noticias\\\/dia-del-medio-ambiente-en-el-centro-tito-bustillo\\\/#mainImage\"},\"datePublished\":\"2017-05-31T14:47:04+02:00\",\"dateModified\":\"2017-05-31T14:47:04+02:00\"},{\"@type\":\"WebSite\",\"@id\":\"https:\\\/\\\/candas365.es\\\/noticias\\\/#website\",\"url\":\"https:\\\/\\\/candas365.es\\\/noticias\\\/\",\"name\":\"Cand\\u00e1s 365\",\"alternateName\":\"Cand\\u00e1s 365 Noticias\",\"description\":\"Actualidad desde Carre\\u00f1o para el mundo\",\"inLanguage\":\"es-ES\",\"publisher\":{\"@id\":\"https:\\\/\\\/candas365.es\\\/noticias\\\/#organization\"}}]}\n\t\t<\/script>\n\t\t<!-- All in One SEO Pro -->\r\n\t\t<title>D\u00eda del Medio Ambiente en el Centro Tito Bustillo | Cand\u00e1s 365<\/title>\n\n","aioseo_head_json":{"title":"D\u00eda del Medio Ambiente en el Centro Tito Bustillo | Cand\u00e1s 365","description":"Un reparto gratuito de \u00e1rboles, la apertura de la muestra con las obras ganadoras del Concurso fotogr\u00e1fico Asturias Para\u00edso Natural, una visita-taller sobre consumo sostenible y un taller infantil para decorar un \u201cMacetero prehist\u00f3rico\u201d son las actividades con las que el Centro de Arte Rupestre de Tito Bustillo celebra el D\u00eda del Medio Ambiente. A","canonical_url":"https:\/\/candas365.es\/noticias\/dia-del-medio-ambiente-en-el-centro-tito-bustillo\/","robots":"max-image-preview:large","keywords":"agenda","webmasterTools":{"google-site-verification":"UA-32230408-1","msvalidate.01":"354F3CDFB2DA171B47FBE9ABF1F88D5","miscellaneous":""},"schema":{"@context":"https:\/\/schema.org","@graph":[{"@type":"BreadcrumbList","@id":"https:\/\/candas365.es\/noticias\/dia-del-medio-ambiente-en-el-centro-tito-bustillo\/#breadcrumblist","itemListElement":[{"@type":"ListItem","@id":"https:\/\/candas365.es\/noticias#listItem","position":1,"name":"Home","item":"https:\/\/candas365.es\/noticias","nextItem":{"@type":"ListItem","@id":"https:\/\/candas365.es\/noticias\/category\/agenda\/#listItem","name":"Agenda"}},{"@type":"ListItem","@id":"https:\/\/candas365.es\/noticias\/category\/agenda\/#listItem","position":2,"name":"Agenda","item":"https:\/\/candas365.es\/noticias\/category\/agenda\/","nextItem":{"@type":"ListItem","@id":"https:\/\/candas365.es\/noticias\/dia-del-medio-ambiente-en-el-centro-tito-bustillo\/#listItem","name":"D\u00eda del Medio Ambiente en el Centro Tito Bustillo"},"previousItem":{"@type":"ListItem","@id":"https:\/\/candas365.es\/noticias#listItem","name":"Home"}},{"@type":"ListItem","@id":"https:\/\/candas365.es\/noticias\/dia-del-medio-ambiente-en-el-centro-tito-bustillo\/#listItem","position":3,"name":"D\u00eda del Medio Ambiente en el Centro Tito Bustillo","previousItem":{"@type":"ListItem","@id":"https:\/\/candas365.es\/noticias\/category\/agenda\/#listItem","name":"Agenda"}}]},{"@type":"NewsArticle","@id":"https:\/\/candas365.es\/noticias\/dia-del-medio-ambiente-en-el-centro-tito-bustillo\/#newsarticle","name":"D\u00eda del Medio Ambiente en el Centro Tito Bustillo | Cand\u00e1s 365","headline":"D\u00eda del Medio Ambiente en el Centro Tito Bustillo","author":{"@id":"https:\/\/candas365.es\/noticias\/author\/admin\/#author"},"publisher":{"@id":"https:\/\/candas365.es\/noticias\/#organization"},"image":{"@type":"ImageObject","url":"https:\/\/candas365.es\/noticias\/wp-content\/uploads\/2016\/11\/TitoBustillo.jpg","width":655,"height":360,"caption":"Tito Bustillo"},"datePublished":"2017-05-31T14:47:04+02:00","dateModified":"2017-05-31T14:47:04+02:00","inLanguage":"es-ES","mainEntityOfPage":{"@id":"https:\/\/candas365.es\/noticias\/dia-del-medio-ambiente-en-el-centro-tito-bustillo\/#webpage"},"isPartOf":{"@id":"https:\/\/candas365.es\/noticias\/dia-del-medio-ambiente-en-el-centro-tito-bustillo\/#webpage"},"articleSection":"Agenda","dateline":"Publicado el mayo 31, 2017."},{"@type":"Organization","@id":"https:\/\/candas365.es\/noticias\/#organization","name":"Cand\u00e1s 365","description":"Cand\u00e1s 365 es un diario digital independiente, fundado en 2012, con base en Asturias. Informamos con rigor sobre actualidad, sociedad, cultura y ocio, con una mirada local y global.","url":"https:\/\/candas365.es\/noticias\/","email":"info@candas365.es","telephone":"+34652131393","foundingDate":"2012-06-10","logo":{"@type":"ImageObject","url":"https:\/\/candas365.es\/noticias\/wp-content\/uploads\/2024\/09\/Candas-365-Redes.jpg","@id":"https:\/\/candas365.es\/noticias\/dia-del-medio-ambiente-en-el-centro-tito-bustillo\/#organizationLogo","width":1152,"height":864,"caption":"Cand\u00e1s 365 Redes"},"image":{"@id":"https:\/\/candas365.es\/noticias\/dia-del-medio-ambiente-en-el-centro-tito-bustillo\/#organizationLogo"},"sameAs":["https:\/\/www.facebook.com\/Nachofdezber","https:\/\/x.com\/NabercoDigital","https:\/\/www.instagram.com\/nachofdezber\/","https:\/\/www.youtube.com\/channel\/UCZP-2wLEB9Rv6erhFmqVnvg"],"address":{"@id":"https:\/\/candas365.es\/noticias\/#postaladdress","@type":"PostalAddress","streetAddress":"san antonio 4, san antonio 4","postalCode":"33430","addressLocality":"Cand\u00e1s","addressRegion":"Asturias","addressCountry":"ES"}},{"@type":"Person","@id":"https:\/\/candas365.es\/noticias\/author\/admin\/#author","url":"https:\/\/candas365.es\/noticias\/author\/admin\/","name":"Cand\u00e1s 365","image":{"@type":"ImageObject","@id":"https:\/\/candas365.es\/noticias\/dia-del-medio-ambiente-en-el-centro-tito-bustillo\/#authorImage","url":"https:\/\/secure.gravatar.com\/avatar\/496a8e03d0c493ede1718b7934145dbdf8d89be1036b0eec9544e1094c9de390?s=96&d=mm&r=g","width":96,"height":96,"caption":"Cand\u00e1s 365"},"sameAs":["https:\/\/www.facebook.com\/carrenoactualidad","https:\/\/twitter.com\/nbasturias","https:\/\/www.instagram.com\/nachofdezber\/","https:\/\/www.youtube.com\/channel\/UCZP-2wLEB9Rv6erhFmqVnvg"]},{"@type":"WebPage","@id":"https:\/\/candas365.es\/noticias\/dia-del-medio-ambiente-en-el-centro-tito-bustillo\/#webpage","url":"https:\/\/candas365.es\/noticias\/dia-del-medio-ambiente-en-el-centro-tito-bustillo\/","name":"D\u00eda del Medio Ambiente en el Centro Tito Bustillo | Cand\u00e1s 365","description":"Un reparto gratuito de \u00e1rboles, la apertura de la muestra con las obras ganadoras del Concurso fotogr\u00e1fico Asturias Para\u00edso Natural, una visita-taller sobre consumo sostenible y un taller infantil para decorar un \u201cMacetero prehist\u00f3rico\u201d son las actividades con las que el Centro de Arte Rupestre de Tito Bustillo celebra el D\u00eda del Medio Ambiente. A","inLanguage":"es-ES","isPartOf":{"@id":"https:\/\/candas365.es\/noticias\/#website"},"breadcrumb":{"@id":"https:\/\/candas365.es\/noticias\/dia-del-medio-ambiente-en-el-centro-tito-bustillo\/#breadcrumblist"},"author":{"@id":"https:\/\/candas365.es\/noticias\/author\/admin\/#author"},"creator":{"@id":"https:\/\/candas365.es\/noticias\/author\/admin\/#author"},"image":{"@type":"ImageObject","url":"https:\/\/candas365.es\/noticias\/wp-content\/uploads\/2016\/11\/TitoBustillo.jpg","@id":"https:\/\/candas365.es\/noticias\/dia-del-medio-ambiente-en-el-centro-tito-bustillo\/#mainImage","width":655,"height":360,"caption":"Tito Bustillo"},"primaryImageOfPage":{"@id":"https:\/\/candas365.es\/noticias\/dia-del-medio-ambiente-en-el-centro-tito-bustillo\/#mainImage"},"datePublished":"2017-05-31T14:47:04+02:00","dateModified":"2017-05-31T14:47:04+02:00"},{"@type":"WebSite","@id":"https:\/\/candas365.es\/noticias\/#website","url":"https:\/\/candas365.es\/noticias\/","name":"Cand\u00e1s 365","alternateName":"Cand\u00e1s 365 Noticias","description":"Actualidad desde Carre\u00f1o para el mundo","inLanguage":"es-ES","publisher":{"@id":"https:\/\/candas365.es\/noticias\/#organization"}}]},"og:locale":"es_ES","og:site_name":"Cand\u00e1s 365","og:type":"article","og:title":"D\u00eda del Medio Ambiente en el Centro Tito Bustillo | Cand\u00e1s 365","og:description":"Un reparto gratuito de \u00e1rboles, la apertura de la muestra con las obras ganadoras del Concurso fotogr\u00e1fico Asturias Para\u00edso Natural, una visita-taller sobre consumo sostenible y un taller infantil para decorar un \u201cMacetero prehist\u00f3rico\u201d son las actividades con las que el Centro de Arte Rupestre de Tito Bustillo celebra el D\u00eda del Medio Ambiente. A","og:url":"https:\/\/candas365.es\/noticias\/dia-del-medio-ambiente-en-el-centro-tito-bustillo\/","og:image":"https:\/\/candas365.es\/noticias\/wp-content\/uploads\/2016\/11\/TitoBustillo.jpg","og:image:secure_url":"https:\/\/candas365.es\/noticias\/wp-content\/uploads\/2016\/11\/TitoBustillo.jpg","og:image:width":655,"og:image:height":360,"article:published_time":"2017-05-31T14:47:04+00:00","article:modified_time":"2017-05-31T14:47:04+00:00","article:publisher":"https:\/\/www.facebook.com\/Nachofdezber","article:author":"https:\/\/www.facebook.com\/carrenoactualidad","twitter:card":"summary_large_image","twitter:site":"@NabercoDigital","twitter:title":"D\u00eda del Medio Ambiente en el Centro Tito Bustillo | Cand\u00e1s 365","twitter:description":"Un reparto gratuito de \u00e1rboles, la apertura de la muestra con las obras ganadoras del Concurso fotogr\u00e1fico Asturias Para\u00edso Natural, una visita-taller sobre consumo sostenible y un taller infantil para decorar un \u201cMacetero prehist\u00f3rico\u201d son las actividades con las que el Centro de Arte Rupestre de Tito Bustillo celebra el D\u00eda del Medio Ambiente. A","twitter:creator":"@nbasturias","twitter:image":"https:\/\/candas365.es\/noticias\/wp-content\/uploads\/2016\/11\/TitoBustillo.jpg","twitter:label1":"Escrito por","twitter:data1":"Cand\u00e1s 365","twitter:label2":"Tiempo de lectura estimado","twitter:data2":"3 minutos"},"aioseo_meta_data":{"post_id":"72553","title":null,"description":null,"keywords":null,"keyphrases":null,"primary_term":null,"canonical_url":null,"og_title":null,"og_description":null,"og_object_type":"default","og_image_type":"default","og_image_url":null,"og_image_width":null,"og_image_height":null,"og_image_custom_url":null,"og_image_custom_fields":null,"og_video":null,"og_custom_url":null,"og_article_section":null,"og_article_tags":null,"twitter_use_og":false,"twitter_card":"default","twitter_image_type":"default","twitter_image_url":null,"twitter_image_custom_url":null,"twitter_image_custom_fields":null,"twitter_title":null,"twitter_description":null,"schema":{"blockGraphs":[],"customGraphs":[],"default":{"data":{"Article":[],"Course":[],"Dataset":[],"FAQPage":[],"Movie":[],"Person":[],"Product":[],"ProductReview":[],"Car":[],"Recipe":[],"Service":[],"SoftwareApplication":[],"WebPage":[]},"graphName":"","isEnabled":true},"graphs":[],"defaultGraph":"","defaultPostTypeGraph":""},"schema_type":null,"schema_type_options":null,"pillar_content":false,"robots_default":true,"robots_noindex":false,"robots_noarchive":false,"robots_nosnippet":false,"robots_nofollow":false,"robots_noimageindex":false,"robots_noodp":false,"robots_notranslate":false,"robots_max_snippet":null,"robots_max_videopreview":null,"robots_max_imagepreview":"large","priority":null,"frequency":null,"location":null,"local_seo":null,"seo_analyzer_scan_date":"2025-08-25 15:01:17","breadcrumb_settings":null,"limit_modified_date":false,"reviewed_by":null,"open_ai":null,"ai":null,"created":"2020-12-21 10:52:01","updated":"2025-08-25 15:01:17"},"aioseo_breadcrumb":"<div class=\"aioseo-breadcrumbs\"><span class=\"aioseo-breadcrumb\">\n\t<a href=\"https:\/\/candas365.es\/noticias\" title=\"Home\">Home<\/a>\n<\/span><span class=\"aioseo-breadcrumb-separator\">&ndash;<\/span><span class=\"aioseo-breadcrumb\">\n\t<a href=\"https:\/\/candas365.es\/noticias\/category\/agenda\/\" title=\"Agenda\">Agenda<\/a>\n<\/span><span class=\"aioseo-breadcrumb-separator\">&ndash;<\/span><span class=\"aioseo-breadcrumb\">\n\tD\u00eda del Medio Ambiente en el Centro Tito Bustillo\n<\/span><\/div>","aioseo_breadcrumb_json":[{"label":"Home","link":"https:\/\/candas365.es\/noticias"},{"label":"Agenda","link":"https:\/\/candas365.es\/noticias\/category\/agenda\/"},{"label":"D\u00eda del Medio Ambiente en el Centro Tito Bustillo","link":"https:\/\/candas365.es\/noticias\/dia-del-medio-ambiente-en-el-centro-tito-bustillo\/"}],"_links":{"self":[{"href":"https:\/\/candas365.es\/noticias\/wp-json\/wp\/v2\/posts\/72553","targetHints":{"allow":["GET"]}}],"collection":[{"href":"https:\/\/candas365.es\/noticias\/wp-json\/wp\/v2\/posts"}],"about":[{"href":"https:\/\/candas365.es\/noticias\/wp-json\/wp\/v2\/types\/post"}],"author":[{"embeddable":true,"href":"https:\/\/candas365.es\/noticias\/wp-json\/wp\/v2\/users\/1"}],"replies":[{"embeddable":true,"href":"https:\/\/candas365.es\/noticias\/wp-json\/wp\/v2\/comments?post=72553"}],"version-history":[{"count":0,"href":"https:\/\/candas365.es\/noticias\/wp-json\/wp\/v2\/posts\/72553\/revisions"}],"wp:featuredmedia":[{"embeddable":true,"href":"https:\/\/candas365.es\/noticias\/wp-json\/wp\/v2\/media\/37281"}],"wp:attachment":[{"href":"https:\/\/candas365.es\/noticias\/wp-json\/wp\/v2\/media?parent=72553"}],"wp:term":[{"taxonomy":"category","embeddable":true,"href":"https:\/\/candas365.es\/noticias\/wp-json\/wp\/v2\/categories?post=72553"},{"taxonomy":"post_tag","embeddable":true,"href":"https:\/\/candas365.es\/noticias\/wp-json\/wp\/v2\/tags?post=72553"}],"curies":[{"name":"wp","href":"https:\/\/api.w.org\/{rel}","templated":true}]}}