{"id":72550,"date":"2017-05-31T14:41:44","date_gmt":"2017-05-31T14:41:44","guid":{"rendered":"http:\/\/candas365.es\/noticias\/?p=72550"},"modified":"2017-05-31T14:41:44","modified_gmt":"2017-05-31T14:41:44","slug":"el-universario-de-marcel-gros-llega-este-domingo-al-teatro-de-la-laboral","status":"publish","type":"post","link":"https:\/\/candas365.es\/noticias\/el-universario-de-marcel-gros-llega-este-domingo-al-teatro-de-la-laboral\/","title":{"rendered":"El Universario de Marcel Gros llega este domingo al Teatro de la Laboral"},"content":{"rendered":"<p><img fetchpriority=\"high\" decoding=\"async\" class=\"alignleft size-medium wp-image-72551\" src=\"https:\/\/candas365.es\/noticias\/wp-content\/uploads\/2017\/05\/UniversarioMarcel-Gros-360x240.jpg\" alt=\"\" width=\"360\" height=\"240\" srcset=\"https:\/\/candas365.es\/noticias\/wp-content\/uploads\/2017\/05\/UniversarioMarcel-Gros-360x240.jpg 360w, https:\/\/candas365.es\/noticias\/wp-content\/uploads\/2017\/05\/UniversarioMarcel-Gros-768x512.jpg 768w, https:\/\/candas365.es\/noticias\/wp-content\/uploads\/2017\/05\/UniversarioMarcel-Gros-655x436.jpg 655w, https:\/\/candas365.es\/noticias\/wp-content\/uploads\/2017\/05\/UniversarioMarcel-Gros-696x464.jpg 696w, https:\/\/candas365.es\/noticias\/wp-content\/uploads\/2017\/05\/UniversarioMarcel-Gros-1068x712.jpg 1068w, https:\/\/candas365.es\/noticias\/wp-content\/uploads\/2017\/05\/UniversarioMarcel-Gros-630x420.jpg 630w, https:\/\/candas365.es\/noticias\/wp-content\/uploads\/2017\/05\/UniversarioMarcel-Gros-84x55.jpg 84w, https:\/\/candas365.es\/noticias\/wp-content\/uploads\/2017\/05\/UniversarioMarcel-Gros.jpg 1280w\" sizes=\"(max-width: 360px) 100vw, 360px\" \/>El espect\u00e1culo Universario de Marcel Gros llega este domingo 4 de junio, a las 17:30 horas, al Teatro de la Laboral.<\/p>\n<p>Un peque\u00f1o universo de letras vocales, que se transforman en elementos arquitect\u00f3nicos y paisajes, es donde habita un curioso personaje interpretado por Marcel Gros al que le gusta so\u00f1ar despierto y jugar con las palabras y los objetos.<\/p>\n<p>La realidad se transforma a base de risas e imaginaci\u00f3n con un lenguaje alegre, especial y original con un \u201cpresentador impresentable, un mimo parlante, un concertista desconcertante, un ilusionista ilusionado, un oriental desorientado y un astronauta desorbitado\u201d.<\/p>\n<p>Tras trabajar en teatro y televisi\u00f3n, Marcel Gros empieza en 1991 su camino en solitario, una trayectoria en la que no ha perdido la esencia del payaso, la iron\u00eda de un buf\u00f3n y el contacto con el p\u00fablico propio de un showman. Coautor y director de seis espect\u00e1culos de Teatre M\u00f2bil, ha sido distinguido con el premio Rialles 98 por su obra Fenomenal; el mejor espect\u00e1culo Fira T\u00e0rrega 2000 por Standby; el mejor espect\u00e1culo Mostra Igualada 08 por Iventari; y el premio al mejor espect\u00e1culo Castilla La Mancha 2012 por La gran a\u2026ventura.<\/p>\n<p>Las entradas para este espect\u00e1culo incluido en el programa Vamos! est\u00e1n disponibles a un precio general de 8 euros y reducido de 6 euros para socios del Club Cultura Asturias. Las localidades se pueden adquirir en la Recepci\u00f3n de la Laboral, en la Oficina de Informaci\u00f3n Tur\u00edstica de Asturias en Oviedo, el Centro Niemeyer en Avil\u00e9s, en entradas.liberbank.es, en el tel\u00e9fono 902 106 601 y en la red de cajeros Liberbank.<\/p>\n","protected":false},"excerpt":{"rendered":"<p>El espect\u00e1culo Universario de Marcel Gros llega este domingo 4 de junio, a las 17:30 horas, al Teatro de la Laboral. Un peque\u00f1o universo de letras vocales, que se transforman en elementos arquitect\u00f3nicos y paisajes, es donde habita un curioso personaje interpretado por Marcel Gros al que le gusta so\u00f1ar despierto y jugar con las<\/p>\n","protected":false},"author":1,"featured_media":72551,"comment_status":"open","ping_status":"closed","sticky":false,"template":"","format":"standard","meta":{"footnotes":""},"categories":[1],"tags":[],"class_list":{"0":"post-72550","1":"post","2":"type-post","3":"status-publish","4":"format-standard","5":"has-post-thumbnail","7":"category-agenda"},"aioseo_notices":[],"aioseo_head":"\n\t\t<!-- All in One SEO Pro 4.9.6.2 - aioseo.com -->\n\t<meta name=\"description\" content=\"El espect\u00e1culo Universario de Marcel Gros llega este domingo 4 de junio, a las 17:30 horas, al Teatro de la Laboral. Un peque\u00f1o universo de letras vocales, que se transforman en elementos arquitect\u00f3nicos y paisajes, es donde habita un curioso personaje interpretado por Marcel Gros al que le gusta so\u00f1ar despierto y jugar con las\" \/>\n\t<meta name=\"robots\" content=\"max-image-preview:large\" \/>\n\t<meta name=\"author\" content=\"Cand\u00e1s 365\"\/>\n\t<meta name=\"google-site-verification\" content=\"UA-32230408-1\" \/>\n\t<meta name=\"msvalidate.01\" content=\"354F3CDFB2DA171B47FBE9ABF1F88D5\" \/>\n\t<meta name=\"keywords\" content=\"agenda\" \/>\n\t<link rel=\"canonical\" href=\"https:\/\/candas365.es\/noticias\/el-universario-de-marcel-gros-llega-este-domingo-al-teatro-de-la-laboral\/\" \/>\n\t<meta name=\"generator\" content=\"All in One SEO Pro (AIOSEO) 4.9.6.2\" \/>\n\t\t<meta property=\"og:locale\" content=\"es_ES\" \/>\n\t\t<meta property=\"og:site_name\" content=\"Cand\u00e1s 365\" \/>\n\t\t<meta property=\"og:type\" content=\"article\" \/>\n\t\t<meta property=\"og:title\" content=\"El Universario de Marcel Gros llega este domingo al Teatro de la Laboral | Cand\u00e1s 365\" \/>\n\t\t<meta property=\"og:description\" content=\"El espect\u00e1culo Universario de Marcel Gros llega este domingo 4 de junio, a las 17:30 horas, al Teatro de la Laboral. Un peque\u00f1o universo de letras vocales, que se transforman en elementos arquitect\u00f3nicos y paisajes, es donde habita un curioso personaje interpretado por Marcel Gros al que le gusta so\u00f1ar despierto y jugar con las\" \/>\n\t\t<meta property=\"og:url\" content=\"https:\/\/candas365.es\/noticias\/el-universario-de-marcel-gros-llega-este-domingo-al-teatro-de-la-laboral\/\" \/>\n\t\t<meta property=\"og:image\" content=\"https:\/\/candas365.es\/noticias\/wp-content\/uploads\/2017\/05\/UniversarioMarcel-Gros.jpg\" \/>\n\t\t<meta property=\"og:image:secure_url\" content=\"https:\/\/candas365.es\/noticias\/wp-content\/uploads\/2017\/05\/UniversarioMarcel-Gros.jpg\" \/>\n\t\t<meta property=\"og:image:width\" content=\"1280\" \/>\n\t\t<meta property=\"og:image:height\" content=\"853\" \/>\n\t\t<meta property=\"article:published_time\" content=\"2017-05-31T14:41:44+00:00\" \/>\n\t\t<meta property=\"article:modified_time\" content=\"2017-05-31T14:41:44+00:00\" \/>\n\t\t<meta property=\"article:publisher\" content=\"https:\/\/www.facebook.com\/Nachofdezber\" \/>\n\t\t<meta property=\"article:author\" content=\"https:\/\/www.facebook.com\/carrenoactualidad\" \/>\n\t\t<meta name=\"twitter:card\" content=\"summary_large_image\" \/>\n\t\t<meta name=\"twitter:site\" content=\"@NabercoDigital\" \/>\n\t\t<meta name=\"twitter:title\" content=\"El Universario de Marcel Gros llega este domingo al Teatro de la Laboral | Cand\u00e1s 365\" \/>\n\t\t<meta name=\"twitter:description\" content=\"El espect\u00e1culo Universario de Marcel Gros llega este domingo 4 de junio, a las 17:30 horas, al Teatro de la Laboral. Un peque\u00f1o universo de letras vocales, que se transforman en elementos arquitect\u00f3nicos y paisajes, es donde habita un curioso personaje interpretado por Marcel Gros al que le gusta so\u00f1ar despierto y jugar con las\" \/>\n\t\t<meta name=\"twitter:creator\" content=\"@nbasturias\" \/>\n\t\t<meta name=\"twitter:image\" content=\"https:\/\/candas365.es\/noticias\/wp-content\/uploads\/2017\/05\/UniversarioMarcel-Gros.jpg\" \/>\n\t\t<meta name=\"twitter:label1\" content=\"Escrito por\" \/>\n\t\t<meta name=\"twitter:data1\" content=\"Cand\u00e1s 365\" \/>\n\t\t<meta name=\"twitter:label2\" content=\"Tiempo de lectura estimado\" \/>\n\t\t<meta name=\"twitter:data2\" content=\"1 minuto\" \/>\n\t\t<script type=\"application\/ld+json\" class=\"aioseo-schema\">\n\t\t\t{\"@context\":\"https:\\\/\\\/schema.org\",\"@graph\":[{\"@type\":\"BreadcrumbList\",\"@id\":\"https:\\\/\\\/candas365.es\\\/noticias\\\/el-universario-de-marcel-gros-llega-este-domingo-al-teatro-de-la-laboral\\\/#breadcrumblist\",\"itemListElement\":[{\"@type\":\"ListItem\",\"@id\":\"https:\\\/\\\/candas365.es\\\/noticias#listItem\",\"position\":1,\"name\":\"Home\",\"item\":\"https:\\\/\\\/candas365.es\\\/noticias\",\"nextItem\":{\"@type\":\"ListItem\",\"@id\":\"https:\\\/\\\/candas365.es\\\/noticias\\\/category\\\/agenda\\\/#listItem\",\"name\":\"Agenda\"}},{\"@type\":\"ListItem\",\"@id\":\"https:\\\/\\\/candas365.es\\\/noticias\\\/category\\\/agenda\\\/#listItem\",\"position\":2,\"name\":\"Agenda\",\"item\":\"https:\\\/\\\/candas365.es\\\/noticias\\\/category\\\/agenda\\\/\",\"nextItem\":{\"@type\":\"ListItem\",\"@id\":\"https:\\\/\\\/candas365.es\\\/noticias\\\/el-universario-de-marcel-gros-llega-este-domingo-al-teatro-de-la-laboral\\\/#listItem\",\"name\":\"El Universario de Marcel Gros llega este domingo al Teatro de la Laboral\"},\"previousItem\":{\"@type\":\"ListItem\",\"@id\":\"https:\\\/\\\/candas365.es\\\/noticias#listItem\",\"name\":\"Home\"}},{\"@type\":\"ListItem\",\"@id\":\"https:\\\/\\\/candas365.es\\\/noticias\\\/el-universario-de-marcel-gros-llega-este-domingo-al-teatro-de-la-laboral\\\/#listItem\",\"position\":3,\"name\":\"El Universario de Marcel Gros llega este domingo al Teatro de la Laboral\",\"previousItem\":{\"@type\":\"ListItem\",\"@id\":\"https:\\\/\\\/candas365.es\\\/noticias\\\/category\\\/agenda\\\/#listItem\",\"name\":\"Agenda\"}}]},{\"@type\":\"NewsArticle\",\"@id\":\"https:\\\/\\\/candas365.es\\\/noticias\\\/el-universario-de-marcel-gros-llega-este-domingo-al-teatro-de-la-laboral\\\/#newsarticle\",\"name\":\"El Universario de Marcel Gros llega este domingo al Teatro de la Laboral | Cand\\u00e1s 365\",\"headline\":\"El Universario de Marcel Gros llega este domingo al Teatro de la Laboral\",\"author\":{\"@id\":\"https:\\\/\\\/candas365.es\\\/noticias\\\/author\\\/admin\\\/#author\"},\"publisher\":{\"@id\":\"https:\\\/\\\/candas365.es\\\/noticias\\\/#organization\"},\"image\":{\"@type\":\"ImageObject\",\"url\":\"https:\\\/\\\/candas365.es\\\/noticias\\\/wp-content\\\/uploads\\\/2017\\\/05\\\/UniversarioMarcel-Gros.jpg\",\"width\":1280,\"height\":853},\"datePublished\":\"2017-05-31T14:41:44+02:00\",\"dateModified\":\"2017-05-31T14:41:44+02:00\",\"inLanguage\":\"es-ES\",\"mainEntityOfPage\":{\"@id\":\"https:\\\/\\\/candas365.es\\\/noticias\\\/el-universario-de-marcel-gros-llega-este-domingo-al-teatro-de-la-laboral\\\/#webpage\"},\"isPartOf\":{\"@id\":\"https:\\\/\\\/candas365.es\\\/noticias\\\/el-universario-de-marcel-gros-llega-este-domingo-al-teatro-de-la-laboral\\\/#webpage\"},\"articleSection\":\"Agenda\",\"dateline\":\"Publicado el mayo 31, 2017.\"},{\"@type\":\"Organization\",\"@id\":\"https:\\\/\\\/candas365.es\\\/noticias\\\/#organization\",\"name\":\"Cand\\u00e1s 365\",\"description\":\"Cand\\u00e1s 365 es un diario digital independiente, fundado en 2012, con base en Asturias. Informamos con rigor sobre actualidad, sociedad, cultura y ocio, con una mirada local y global.\",\"url\":\"https:\\\/\\\/candas365.es\\\/noticias\\\/\",\"email\":\"info@candas365.es\",\"telephone\":\"+34652131393\",\"foundingDate\":\"2012-06-10\",\"logo\":{\"@type\":\"ImageObject\",\"url\":\"https:\\\/\\\/candas365.es\\\/noticias\\\/wp-content\\\/uploads\\\/2024\\\/09\\\/Candas-365-Redes.jpg\",\"@id\":\"https:\\\/\\\/candas365.es\\\/noticias\\\/el-universario-de-marcel-gros-llega-este-domingo-al-teatro-de-la-laboral\\\/#organizationLogo\",\"width\":1152,\"height\":864,\"caption\":\"Cand\\u00e1s 365 Redes\"},\"image\":{\"@id\":\"https:\\\/\\\/candas365.es\\\/noticias\\\/el-universario-de-marcel-gros-llega-este-domingo-al-teatro-de-la-laboral\\\/#organizationLogo\"},\"sameAs\":[\"https:\\\/\\\/www.facebook.com\\\/Nachofdezber\",\"https:\\\/\\\/x.com\\\/NabercoDigital\",\"https:\\\/\\\/www.instagram.com\\\/nachofdezber\\\/\",\"https:\\\/\\\/www.youtube.com\\\/channel\\\/UCZP-2wLEB9Rv6erhFmqVnvg\"],\"address\":{\"@id\":\"https:\\\/\\\/candas365.es\\\/noticias\\\/#postaladdress\",\"@type\":\"PostalAddress\",\"streetAddress\":\"san antonio 4, san antonio 4\",\"postalCode\":\"33430\",\"addressLocality\":\"Cand\\u00e1s\",\"addressRegion\":\"Asturias\",\"addressCountry\":\"ES\"}},{\"@type\":\"Person\",\"@id\":\"https:\\\/\\\/candas365.es\\\/noticias\\\/author\\\/admin\\\/#author\",\"url\":\"https:\\\/\\\/candas365.es\\\/noticias\\\/author\\\/admin\\\/\",\"name\":\"Cand\\u00e1s 365\",\"image\":{\"@type\":\"ImageObject\",\"@id\":\"https:\\\/\\\/candas365.es\\\/noticias\\\/el-universario-de-marcel-gros-llega-este-domingo-al-teatro-de-la-laboral\\\/#authorImage\",\"url\":\"https:\\\/\\\/secure.gravatar.com\\\/avatar\\\/496a8e03d0c493ede1718b7934145dbdf8d89be1036b0eec9544e1094c9de390?s=96&d=mm&r=g\",\"width\":96,\"height\":96,\"caption\":\"Cand\\u00e1s 365\"},\"sameAs\":[\"https:\\\/\\\/www.facebook.com\\\/carrenoactualidad\",\"https:\\\/\\\/twitter.com\\\/nbasturias\",\"https:\\\/\\\/www.instagram.com\\\/nachofdezber\\\/\",\"https:\\\/\\\/www.youtube.com\\\/channel\\\/UCZP-2wLEB9Rv6erhFmqVnvg\"]},{\"@type\":\"WebPage\",\"@id\":\"https:\\\/\\\/candas365.es\\\/noticias\\\/el-universario-de-marcel-gros-llega-este-domingo-al-teatro-de-la-laboral\\\/#webpage\",\"url\":\"https:\\\/\\\/candas365.es\\\/noticias\\\/el-universario-de-marcel-gros-llega-este-domingo-al-teatro-de-la-laboral\\\/\",\"name\":\"El Universario de Marcel Gros llega este domingo al Teatro de la Laboral | Cand\\u00e1s 365\",\"description\":\"El espect\\u00e1culo Universario de Marcel Gros llega este domingo 4 de junio, a las 17:30 horas, al Teatro de la Laboral. Un peque\\u00f1o universo de letras vocales, que se transforman en elementos arquitect\\u00f3nicos y paisajes, es donde habita un curioso personaje interpretado por Marcel Gros al que le gusta so\\u00f1ar despierto y jugar con las\",\"inLanguage\":\"es-ES\",\"isPartOf\":{\"@id\":\"https:\\\/\\\/candas365.es\\\/noticias\\\/#website\"},\"breadcrumb\":{\"@id\":\"https:\\\/\\\/candas365.es\\\/noticias\\\/el-universario-de-marcel-gros-llega-este-domingo-al-teatro-de-la-laboral\\\/#breadcrumblist\"},\"author\":{\"@id\":\"https:\\\/\\\/candas365.es\\\/noticias\\\/author\\\/admin\\\/#author\"},\"creator\":{\"@id\":\"https:\\\/\\\/candas365.es\\\/noticias\\\/author\\\/admin\\\/#author\"},\"image\":{\"@type\":\"ImageObject\",\"url\":\"https:\\\/\\\/candas365.es\\\/noticias\\\/wp-content\\\/uploads\\\/2017\\\/05\\\/UniversarioMarcel-Gros.jpg\",\"@id\":\"https:\\\/\\\/candas365.es\\\/noticias\\\/el-universario-de-marcel-gros-llega-este-domingo-al-teatro-de-la-laboral\\\/#mainImage\",\"width\":1280,\"height\":853},\"primaryImageOfPage\":{\"@id\":\"https:\\\/\\\/candas365.es\\\/noticias\\\/el-universario-de-marcel-gros-llega-este-domingo-al-teatro-de-la-laboral\\\/#mainImage\"},\"datePublished\":\"2017-05-31T14:41:44+02:00\",\"dateModified\":\"2017-05-31T14:41:44+02:00\"},{\"@type\":\"WebSite\",\"@id\":\"https:\\\/\\\/candas365.es\\\/noticias\\\/#website\",\"url\":\"https:\\\/\\\/candas365.es\\\/noticias\\\/\",\"name\":\"Cand\\u00e1s 365\",\"alternateName\":\"Cand\\u00e1s 365 Noticias\",\"description\":\"Actualidad desde Carre\\u00f1o para el mundo\",\"inLanguage\":\"es-ES\",\"publisher\":{\"@id\":\"https:\\\/\\\/candas365.es\\\/noticias\\\/#organization\"}}]}\n\t\t<\/script>\n\t\t<!-- All in One SEO Pro -->\r\n\t\t<title>El Universario de Marcel Gros llega este domingo al Teatro de la Laboral | Cand\u00e1s 365<\/title>\n\n","aioseo_head_json":{"title":"El Universario de Marcel Gros llega este domingo al Teatro de la Laboral | Cand\u00e1s 365","description":"El espect\u00e1culo Universario de Marcel Gros llega este domingo 4 de junio, a las 17:30 horas, al Teatro de la Laboral. Un peque\u00f1o universo de letras vocales, que se transforman en elementos arquitect\u00f3nicos y paisajes, es donde habita un curioso personaje interpretado por Marcel Gros al que le gusta so\u00f1ar despierto y jugar con las","canonical_url":"https:\/\/candas365.es\/noticias\/el-universario-de-marcel-gros-llega-este-domingo-al-teatro-de-la-laboral\/","robots":"max-image-preview:large","keywords":"agenda","webmasterTools":{"google-site-verification":"UA-32230408-1","msvalidate.01":"354F3CDFB2DA171B47FBE9ABF1F88D5","miscellaneous":""},"schema":{"@context":"https:\/\/schema.org","@graph":[{"@type":"BreadcrumbList","@id":"https:\/\/candas365.es\/noticias\/el-universario-de-marcel-gros-llega-este-domingo-al-teatro-de-la-laboral\/#breadcrumblist","itemListElement":[{"@type":"ListItem","@id":"https:\/\/candas365.es\/noticias#listItem","position":1,"name":"Home","item":"https:\/\/candas365.es\/noticias","nextItem":{"@type":"ListItem","@id":"https:\/\/candas365.es\/noticias\/category\/agenda\/#listItem","name":"Agenda"}},{"@type":"ListItem","@id":"https:\/\/candas365.es\/noticias\/category\/agenda\/#listItem","position":2,"name":"Agenda","item":"https:\/\/candas365.es\/noticias\/category\/agenda\/","nextItem":{"@type":"ListItem","@id":"https:\/\/candas365.es\/noticias\/el-universario-de-marcel-gros-llega-este-domingo-al-teatro-de-la-laboral\/#listItem","name":"El Universario de Marcel Gros llega este domingo al Teatro de la Laboral"},"previousItem":{"@type":"ListItem","@id":"https:\/\/candas365.es\/noticias#listItem","name":"Home"}},{"@type":"ListItem","@id":"https:\/\/candas365.es\/noticias\/el-universario-de-marcel-gros-llega-este-domingo-al-teatro-de-la-laboral\/#listItem","position":3,"name":"El Universario de Marcel Gros llega este domingo al Teatro de la Laboral","previousItem":{"@type":"ListItem","@id":"https:\/\/candas365.es\/noticias\/category\/agenda\/#listItem","name":"Agenda"}}]},{"@type":"NewsArticle","@id":"https:\/\/candas365.es\/noticias\/el-universario-de-marcel-gros-llega-este-domingo-al-teatro-de-la-laboral\/#newsarticle","name":"El Universario de Marcel Gros llega este domingo al Teatro de la Laboral | Cand\u00e1s 365","headline":"El Universario de Marcel Gros llega este domingo al Teatro de la Laboral","author":{"@id":"https:\/\/candas365.es\/noticias\/author\/admin\/#author"},"publisher":{"@id":"https:\/\/candas365.es\/noticias\/#organization"},"image":{"@type":"ImageObject","url":"https:\/\/candas365.es\/noticias\/wp-content\/uploads\/2017\/05\/UniversarioMarcel-Gros.jpg","width":1280,"height":853},"datePublished":"2017-05-31T14:41:44+02:00","dateModified":"2017-05-31T14:41:44+02:00","inLanguage":"es-ES","mainEntityOfPage":{"@id":"https:\/\/candas365.es\/noticias\/el-universario-de-marcel-gros-llega-este-domingo-al-teatro-de-la-laboral\/#webpage"},"isPartOf":{"@id":"https:\/\/candas365.es\/noticias\/el-universario-de-marcel-gros-llega-este-domingo-al-teatro-de-la-laboral\/#webpage"},"articleSection":"Agenda","dateline":"Publicado el mayo 31, 2017."},{"@type":"Organization","@id":"https:\/\/candas365.es\/noticias\/#organization","name":"Cand\u00e1s 365","description":"Cand\u00e1s 365 es un diario digital independiente, fundado en 2012, con base en Asturias. Informamos con rigor sobre actualidad, sociedad, cultura y ocio, con una mirada local y global.","url":"https:\/\/candas365.es\/noticias\/","email":"info@candas365.es","telephone":"+34652131393","foundingDate":"2012-06-10","logo":{"@type":"ImageObject","url":"https:\/\/candas365.es\/noticias\/wp-content\/uploads\/2024\/09\/Candas-365-Redes.jpg","@id":"https:\/\/candas365.es\/noticias\/el-universario-de-marcel-gros-llega-este-domingo-al-teatro-de-la-laboral\/#organizationLogo","width":1152,"height":864,"caption":"Cand\u00e1s 365 Redes"},"image":{"@id":"https:\/\/candas365.es\/noticias\/el-universario-de-marcel-gros-llega-este-domingo-al-teatro-de-la-laboral\/#organizationLogo"},"sameAs":["https:\/\/www.facebook.com\/Nachofdezber","https:\/\/x.com\/NabercoDigital","https:\/\/www.instagram.com\/nachofdezber\/","https:\/\/www.youtube.com\/channel\/UCZP-2wLEB9Rv6erhFmqVnvg"],"address":{"@id":"https:\/\/candas365.es\/noticias\/#postaladdress","@type":"PostalAddress","streetAddress":"san antonio 4, san antonio 4","postalCode":"33430","addressLocality":"Cand\u00e1s","addressRegion":"Asturias","addressCountry":"ES"}},{"@type":"Person","@id":"https:\/\/candas365.es\/noticias\/author\/admin\/#author","url":"https:\/\/candas365.es\/noticias\/author\/admin\/","name":"Cand\u00e1s 365","image":{"@type":"ImageObject","@id":"https:\/\/candas365.es\/noticias\/el-universario-de-marcel-gros-llega-este-domingo-al-teatro-de-la-laboral\/#authorImage","url":"https:\/\/secure.gravatar.com\/avatar\/496a8e03d0c493ede1718b7934145dbdf8d89be1036b0eec9544e1094c9de390?s=96&d=mm&r=g","width":96,"height":96,"caption":"Cand\u00e1s 365"},"sameAs":["https:\/\/www.facebook.com\/carrenoactualidad","https:\/\/twitter.com\/nbasturias","https:\/\/www.instagram.com\/nachofdezber\/","https:\/\/www.youtube.com\/channel\/UCZP-2wLEB9Rv6erhFmqVnvg"]},{"@type":"WebPage","@id":"https:\/\/candas365.es\/noticias\/el-universario-de-marcel-gros-llega-este-domingo-al-teatro-de-la-laboral\/#webpage","url":"https:\/\/candas365.es\/noticias\/el-universario-de-marcel-gros-llega-este-domingo-al-teatro-de-la-laboral\/","name":"El Universario de Marcel Gros llega este domingo al Teatro de la Laboral | Cand\u00e1s 365","description":"El espect\u00e1culo Universario de Marcel Gros llega este domingo 4 de junio, a las 17:30 horas, al Teatro de la Laboral. Un peque\u00f1o universo de letras vocales, que se transforman en elementos arquitect\u00f3nicos y paisajes, es donde habita un curioso personaje interpretado por Marcel Gros al que le gusta so\u00f1ar despierto y jugar con las","inLanguage":"es-ES","isPartOf":{"@id":"https:\/\/candas365.es\/noticias\/#website"},"breadcrumb":{"@id":"https:\/\/candas365.es\/noticias\/el-universario-de-marcel-gros-llega-este-domingo-al-teatro-de-la-laboral\/#breadcrumblist"},"author":{"@id":"https:\/\/candas365.es\/noticias\/author\/admin\/#author"},"creator":{"@id":"https:\/\/candas365.es\/noticias\/author\/admin\/#author"},"image":{"@type":"ImageObject","url":"https:\/\/candas365.es\/noticias\/wp-content\/uploads\/2017\/05\/UniversarioMarcel-Gros.jpg","@id":"https:\/\/candas365.es\/noticias\/el-universario-de-marcel-gros-llega-este-domingo-al-teatro-de-la-laboral\/#mainImage","width":1280,"height":853},"primaryImageOfPage":{"@id":"https:\/\/candas365.es\/noticias\/el-universario-de-marcel-gros-llega-este-domingo-al-teatro-de-la-laboral\/#mainImage"},"datePublished":"2017-05-31T14:41:44+02:00","dateModified":"2017-05-31T14:41:44+02:00"},{"@type":"WebSite","@id":"https:\/\/candas365.es\/noticias\/#website","url":"https:\/\/candas365.es\/noticias\/","name":"Cand\u00e1s 365","alternateName":"Cand\u00e1s 365 Noticias","description":"Actualidad desde Carre\u00f1o para el mundo","inLanguage":"es-ES","publisher":{"@id":"https:\/\/candas365.es\/noticias\/#organization"}}]},"og:locale":"es_ES","og:site_name":"Cand\u00e1s 365","og:type":"article","og:title":"El Universario de Marcel Gros llega este domingo al Teatro de la Laboral | Cand\u00e1s 365","og:description":"El espect\u00e1culo Universario de Marcel Gros llega este domingo 4 de junio, a las 17:30 horas, al Teatro de la Laboral. Un peque\u00f1o universo de letras vocales, que se transforman en elementos arquitect\u00f3nicos y paisajes, es donde habita un curioso personaje interpretado por Marcel Gros al que le gusta so\u00f1ar despierto y jugar con las","og:url":"https:\/\/candas365.es\/noticias\/el-universario-de-marcel-gros-llega-este-domingo-al-teatro-de-la-laboral\/","og:image":"https:\/\/candas365.es\/noticias\/wp-content\/uploads\/2017\/05\/UniversarioMarcel-Gros.jpg","og:image:secure_url":"https:\/\/candas365.es\/noticias\/wp-content\/uploads\/2017\/05\/UniversarioMarcel-Gros.jpg","og:image:width":1280,"og:image:height":853,"article:published_time":"2017-05-31T14:41:44+00:00","article:modified_time":"2017-05-31T14:41:44+00:00","article:publisher":"https:\/\/www.facebook.com\/Nachofdezber","article:author":"https:\/\/www.facebook.com\/carrenoactualidad","twitter:card":"summary_large_image","twitter:site":"@NabercoDigital","twitter:title":"El Universario de Marcel Gros llega este domingo al Teatro de la Laboral | Cand\u00e1s 365","twitter:description":"El espect\u00e1culo Universario de Marcel Gros llega este domingo 4 de junio, a las 17:30 horas, al Teatro de la Laboral. Un peque\u00f1o universo de letras vocales, que se transforman en elementos arquitect\u00f3nicos y paisajes, es donde habita un curioso personaje interpretado por Marcel Gros al que le gusta so\u00f1ar despierto y jugar con las","twitter:creator":"@nbasturias","twitter:image":"https:\/\/candas365.es\/noticias\/wp-content\/uploads\/2017\/05\/UniversarioMarcel-Gros.jpg","twitter:label1":"Escrito por","twitter:data1":"Cand\u00e1s 365","twitter:label2":"Tiempo de lectura estimado","twitter:data2":"1 minuto"},"aioseo_meta_data":{"post_id":"72550","title":null,"description":null,"keywords":null,"keyphrases":null,"primary_term":null,"canonical_url":null,"og_title":null,"og_description":null,"og_object_type":"default","og_image_type":"default","og_image_url":null,"og_image_width":null,"og_image_height":null,"og_image_custom_url":null,"og_image_custom_fields":null,"og_video":null,"og_custom_url":null,"og_article_section":null,"og_article_tags":null,"twitter_use_og":false,"twitter_card":"default","twitter_image_type":"default","twitter_image_url":null,"twitter_image_custom_url":null,"twitter_image_custom_fields":null,"twitter_title":null,"twitter_description":null,"schema":{"blockGraphs":[],"customGraphs":[],"default":{"data":{"Article":[],"Course":[],"Dataset":[],"FAQPage":[],"Movie":[],"Person":[],"Product":[],"ProductReview":[],"Car":[],"Recipe":[],"Service":[],"SoftwareApplication":[],"WebPage":[]},"graphName":"","isEnabled":true},"graphs":[],"defaultGraph":"","defaultPostTypeGraph":""},"schema_type":null,"schema_type_options":null,"pillar_content":false,"robots_default":true,"robots_noindex":false,"robots_noarchive":false,"robots_nosnippet":false,"robots_nofollow":false,"robots_noimageindex":false,"robots_noodp":false,"robots_notranslate":false,"robots_max_snippet":null,"robots_max_videopreview":null,"robots_max_imagepreview":"large","priority":null,"frequency":null,"location":null,"local_seo":null,"seo_analyzer_scan_date":"2025-08-25 15:01:16","breadcrumb_settings":null,"limit_modified_date":false,"reviewed_by":null,"open_ai":null,"ai":null,"created":"2020-12-21 10:52:01","updated":"2025-08-25 15:01:16"},"aioseo_breadcrumb":"<div class=\"aioseo-breadcrumbs\"><span class=\"aioseo-breadcrumb\">\n\t<a href=\"https:\/\/candas365.es\/noticias\" title=\"Home\">Home<\/a>\n<\/span><span class=\"aioseo-breadcrumb-separator\">&ndash;<\/span><span class=\"aioseo-breadcrumb\">\n\t<a href=\"https:\/\/candas365.es\/noticias\/category\/agenda\/\" title=\"Agenda\">Agenda<\/a>\n<\/span><span class=\"aioseo-breadcrumb-separator\">&ndash;<\/span><span class=\"aioseo-breadcrumb\">\n\tEl Universario de Marcel Gros llega este domingo al Teatro de la Laboral\n<\/span><\/div>","aioseo_breadcrumb_json":[{"label":"Home","link":"https:\/\/candas365.es\/noticias"},{"label":"Agenda","link":"https:\/\/candas365.es\/noticias\/category\/agenda\/"},{"label":"El Universario de Marcel Gros llega este domingo al Teatro de la Laboral","link":"https:\/\/candas365.es\/noticias\/el-universario-de-marcel-gros-llega-este-domingo-al-teatro-de-la-laboral\/"}],"_links":{"self":[{"href":"https:\/\/candas365.es\/noticias\/wp-json\/wp\/v2\/posts\/72550","targetHints":{"allow":["GET"]}}],"collection":[{"href":"https:\/\/candas365.es\/noticias\/wp-json\/wp\/v2\/posts"}],"about":[{"href":"https:\/\/candas365.es\/noticias\/wp-json\/wp\/v2\/types\/post"}],"author":[{"embeddable":true,"href":"https:\/\/candas365.es\/noticias\/wp-json\/wp\/v2\/users\/1"}],"replies":[{"embeddable":true,"href":"https:\/\/candas365.es\/noticias\/wp-json\/wp\/v2\/comments?post=72550"}],"version-history":[{"count":0,"href":"https:\/\/candas365.es\/noticias\/wp-json\/wp\/v2\/posts\/72550\/revisions"}],"wp:featuredmedia":[{"embeddable":true,"href":"https:\/\/candas365.es\/noticias\/wp-json\/wp\/v2\/media\/72551"}],"wp:attachment":[{"href":"https:\/\/candas365.es\/noticias\/wp-json\/wp\/v2\/media?parent=72550"}],"wp:term":[{"taxonomy":"category","embeddable":true,"href":"https:\/\/candas365.es\/noticias\/wp-json\/wp\/v2\/categories?post=72550"},{"taxonomy":"post_tag","embeddable":true,"href":"https:\/\/candas365.es\/noticias\/wp-json\/wp\/v2\/tags?post=72550"}],"curies":[{"name":"wp","href":"https:\/\/api.w.org\/{rel}","templated":true}]}}