{"id":72482,"date":"2017-05-30T16:14:00","date_gmt":"2017-05-30T16:14:00","guid":{"rendered":"http:\/\/candas365.es\/noticias\/?p=72482"},"modified":"2017-05-30T16:14:00","modified_gmt":"2017-05-30T16:14:00","slug":"cineteca-ambulante-lleva-a-vegadeo-el-otro-lado-de-la-esperanza","status":"publish","type":"post","link":"https:\/\/candas365.es\/noticias\/cineteca-ambulante-lleva-a-vegadeo-el-otro-lado-de-la-esperanza\/","title":{"rendered":"Cineteca Ambulante lleva a Vegadeo \u00abEl otro lado de la esperanza\u00bb"},"content":{"rendered":"<p><img fetchpriority=\"high\" decoding=\"async\" class=\"alignleft size-medium wp-image-72483\" src=\"https:\/\/candas365.es\/noticias\/wp-content\/uploads\/2017\/05\/el_otro_lado_de_la_esperanza-360x240.jpg\" alt=\"\" width=\"360\" height=\"240\" srcset=\"https:\/\/candas365.es\/noticias\/wp-content\/uploads\/2017\/05\/el_otro_lado_de_la_esperanza-360x240.jpg 360w, https:\/\/candas365.es\/noticias\/wp-content\/uploads\/2017\/05\/el_otro_lado_de_la_esperanza-768x512.jpg 768w, https:\/\/candas365.es\/noticias\/wp-content\/uploads\/2017\/05\/el_otro_lado_de_la_esperanza-655x437.jpg 655w, https:\/\/candas365.es\/noticias\/wp-content\/uploads\/2017\/05\/el_otro_lado_de_la_esperanza-696x464.jpg 696w, https:\/\/candas365.es\/noticias\/wp-content\/uploads\/2017\/05\/el_otro_lado_de_la_esperanza-1068x713.jpg 1068w, https:\/\/candas365.es\/noticias\/wp-content\/uploads\/2017\/05\/el_otro_lado_de_la_esperanza-630x420.jpg 630w, https:\/\/candas365.es\/noticias\/wp-content\/uploads\/2017\/05\/el_otro_lado_de_la_esperanza-84x55.jpg 84w, https:\/\/candas365.es\/noticias\/wp-content\/uploads\/2017\/05\/el_otro_lado_de_la_esperanza.jpg 1280w\" sizes=\"(max-width: 360px) 100vw, 360px\" \/>La programaci\u00f3n de la Cineteca Ambulante en Vegadeo llega a su ecuador este martes 31 de mayo, a las 20:00 horas en la Casa de Cultura, con la proyecci\u00f3n de El otro lado de la esperanza, la \u00faltima pel\u00edcula del director Aki Kaurism\u00e4ki quien se hizo con el Oso de Plata al mejor director en el pasado Festival Internacional de Cine de Berl\u00edn, Berlinale. El Viceconsejero de Cultura del Principado, Vicente Dom\u00ednguez, asistir\u00e1 este jueves a esta proyecci\u00f3n.<\/p>\n<p>Kaurism\u00e4ki sigue en su \u00faltimo film la estela de El Havre (2011) para narrar el drama de los refugiados. En esta ocasi\u00f3n el director sit\u00faa la acci\u00f3n en Finlandia donde hace coincidir a un finland\u00e9s reci\u00e9n divorciado y a un inmigrante sirio reci\u00e9n llegado. Aparentemente no tienen mucho en com\u00fan, pero sirven a Kaurism\u00e4ki para hacer notar c\u00f3mo la solidaridad civil suple a la ayuda oficial que debiera prestarse a quienes escapan de la guerra siria.<\/p>\n<p>Cineteca Ambulante ha proyectado en Vegadeo tres t\u00edtulos del mejor cine contempor\u00e1neo: El Viajante de Asghar Farhadi (26 de abril), galardonada como mejor pel\u00edcula extranjera en la pasada edici\u00f3n de los Oscar; Rara de la directora argentina Pepa San Mart\u00edn, mejor pel\u00edcula iberoamericana en 2016 (3 de mayo) y La comunidad de los corazones rotos de Samuel Benchetrit (17 de mayo), protagonizada por Isabelle Huppert. Completan el ciclo itinerante en Vegadeo, adem\u00e1s del largometraje El otro lado de la esperanza que se proyecta ma\u00f1ana, Maravilloso Boccaccio de los hermanos Taviani (14 de junio) y Personal Shopper de Olivier Assayas (22 de junio), mejor director en Cannes 2016. Todas las pel\u00edculas, con entrada gratuita, se proyectar\u00e1n a las 20:30 horas y se emitir\u00e1n en versi\u00f3n original subtitulada en castellano.<\/p>\n<p>La Cineteca Ambulantes es el programa de cine itinerante de Laboral Cineteca, una iniciativa promovida por la Viceconsejer\u00eda de Cultura y Deporte, a trav\u00e9s de la Sociedad P\u00fablica de Gesti\u00f3n y Promoci\u00f3n Tur\u00edstica y Cultural del Principado de Asturias que pretende estimular el conocimiento del arte cinematogr\u00e1fico, mediante programas de proyecciones, seminarios, actividades educativas y otras iniciativas especiales. Adem\u00e1s, este proyecto constituye un servicio p\u00fablico para el sector creativo cinematogr\u00e1fico y audiovisual asturiano a trav\u00e9s de la Film Commission, Cineteca distribuidora y Cineteca cortos.<\/p>\n","protected":false},"excerpt":{"rendered":"<p>La programaci\u00f3n de la Cineteca Ambulante en Vegadeo llega a su ecuador este martes 31 de mayo, a las 20:00 horas en la Casa de Cultura, con la proyecci\u00f3n de El otro lado de la esperanza, la \u00faltima pel\u00edcula del director Aki Kaurism\u00e4ki quien se hizo con el Oso de Plata al mejor director en<\/p>\n","protected":false},"author":1,"featured_media":72483,"comment_status":"open","ping_status":"closed","sticky":false,"template":"","format":"standard","meta":{"footnotes":""},"categories":[1],"tags":[],"class_list":{"0":"post-72482","1":"post","2":"type-post","3":"status-publish","4":"format-standard","5":"has-post-thumbnail","7":"category-agenda"},"aioseo_notices":[],"aioseo_head":"\n\t\t<!-- All in One SEO Pro 4.9.6.2 - aioseo.com -->\n\t<meta name=\"description\" content=\"La programaci\u00f3n de la Cineteca Ambulante en Vegadeo llega a su ecuador este martes 31 de mayo, a las 20:00 horas en la Casa de Cultura, con la proyecci\u00f3n de El otro lado de la esperanza, la \u00faltima pel\u00edcula del director Aki Kaurism\u00e4ki quien se hizo con el Oso de Plata al mejor director en\" \/>\n\t<meta name=\"robots\" content=\"max-image-preview:large\" \/>\n\t<meta name=\"author\" content=\"Cand\u00e1s 365\"\/>\n\t<meta name=\"google-site-verification\" content=\"UA-32230408-1\" \/>\n\t<meta name=\"msvalidate.01\" content=\"354F3CDFB2DA171B47FBE9ABF1F88D5\" \/>\n\t<meta name=\"keywords\" content=\"agenda\" \/>\n\t<link rel=\"canonical\" href=\"https:\/\/candas365.es\/noticias\/cineteca-ambulante-lleva-a-vegadeo-el-otro-lado-de-la-esperanza\/\" \/>\n\t<meta name=\"generator\" content=\"All in One SEO Pro (AIOSEO) 4.9.6.2\" \/>\n\t\t<meta property=\"og:locale\" content=\"es_ES\" \/>\n\t\t<meta property=\"og:site_name\" content=\"Cand\u00e1s 365\" \/>\n\t\t<meta property=\"og:type\" content=\"article\" \/>\n\t\t<meta property=\"og:title\" content=\"Cineteca Ambulante lleva a Vegadeo \u00abEl otro lado de la esperanza\u00bb | Cand\u00e1s 365\" \/>\n\t\t<meta property=\"og:description\" content=\"La programaci\u00f3n de la Cineteca Ambulante en Vegadeo llega a su ecuador este martes 31 de mayo, a las 20:00 horas en la Casa de Cultura, con la proyecci\u00f3n de El otro lado de la esperanza, la \u00faltima pel\u00edcula del director Aki Kaurism\u00e4ki quien se hizo con el Oso de Plata al mejor director en\" \/>\n\t\t<meta property=\"og:url\" content=\"https:\/\/candas365.es\/noticias\/cineteca-ambulante-lleva-a-vegadeo-el-otro-lado-de-la-esperanza\/\" \/>\n\t\t<meta property=\"og:image\" content=\"https:\/\/candas365.es\/noticias\/wp-content\/uploads\/2017\/05\/el_otro_lado_de_la_esperanza.jpg\" \/>\n\t\t<meta property=\"og:image:secure_url\" content=\"https:\/\/candas365.es\/noticias\/wp-content\/uploads\/2017\/05\/el_otro_lado_de_la_esperanza.jpg\" \/>\n\t\t<meta property=\"og:image:width\" content=\"1280\" \/>\n\t\t<meta property=\"og:image:height\" content=\"854\" \/>\n\t\t<meta property=\"article:published_time\" content=\"2017-05-30T16:14:00+00:00\" \/>\n\t\t<meta property=\"article:modified_time\" content=\"2017-05-30T16:14:00+00:00\" \/>\n\t\t<meta property=\"article:publisher\" content=\"https:\/\/www.facebook.com\/Nachofdezber\" \/>\n\t\t<meta property=\"article:author\" content=\"https:\/\/www.facebook.com\/carrenoactualidad\" \/>\n\t\t<meta name=\"twitter:card\" content=\"summary_large_image\" \/>\n\t\t<meta name=\"twitter:site\" content=\"@NabercoDigital\" \/>\n\t\t<meta name=\"twitter:title\" content=\"Cineteca Ambulante lleva a Vegadeo \u00abEl otro lado de la esperanza\u00bb | Cand\u00e1s 365\" \/>\n\t\t<meta name=\"twitter:description\" content=\"La programaci\u00f3n de la Cineteca Ambulante en Vegadeo llega a su ecuador este martes 31 de mayo, a las 20:00 horas en la Casa de Cultura, con la proyecci\u00f3n de El otro lado de la esperanza, la \u00faltima pel\u00edcula del director Aki Kaurism\u00e4ki quien se hizo con el Oso de Plata al mejor director en\" \/>\n\t\t<meta name=\"twitter:creator\" content=\"@nbasturias\" \/>\n\t\t<meta name=\"twitter:image\" content=\"https:\/\/candas365.es\/noticias\/wp-content\/uploads\/2017\/05\/el_otro_lado_de_la_esperanza.jpg\" \/>\n\t\t<meta name=\"twitter:label1\" content=\"Escrito por\" \/>\n\t\t<meta name=\"twitter:data1\" content=\"Cand\u00e1s 365\" \/>\n\t\t<meta name=\"twitter:label2\" content=\"Tiempo de lectura estimado\" \/>\n\t\t<meta name=\"twitter:data2\" content=\"2 minutos\" \/>\n\t\t<script type=\"application\/ld+json\" class=\"aioseo-schema\">\n\t\t\t{\"@context\":\"https:\\\/\\\/schema.org\",\"@graph\":[{\"@type\":\"BreadcrumbList\",\"@id\":\"https:\\\/\\\/candas365.es\\\/noticias\\\/cineteca-ambulante-lleva-a-vegadeo-el-otro-lado-de-la-esperanza\\\/#breadcrumblist\",\"itemListElement\":[{\"@type\":\"ListItem\",\"@id\":\"https:\\\/\\\/candas365.es\\\/noticias#listItem\",\"position\":1,\"name\":\"Home\",\"item\":\"https:\\\/\\\/candas365.es\\\/noticias\",\"nextItem\":{\"@type\":\"ListItem\",\"@id\":\"https:\\\/\\\/candas365.es\\\/noticias\\\/category\\\/agenda\\\/#listItem\",\"name\":\"Agenda\"}},{\"@type\":\"ListItem\",\"@id\":\"https:\\\/\\\/candas365.es\\\/noticias\\\/category\\\/agenda\\\/#listItem\",\"position\":2,\"name\":\"Agenda\",\"item\":\"https:\\\/\\\/candas365.es\\\/noticias\\\/category\\\/agenda\\\/\",\"nextItem\":{\"@type\":\"ListItem\",\"@id\":\"https:\\\/\\\/candas365.es\\\/noticias\\\/cineteca-ambulante-lleva-a-vegadeo-el-otro-lado-de-la-esperanza\\\/#listItem\",\"name\":\"Cineteca Ambulante lleva a Vegadeo \\u00abEl otro lado de la esperanza\\u00bb\"},\"previousItem\":{\"@type\":\"ListItem\",\"@id\":\"https:\\\/\\\/candas365.es\\\/noticias#listItem\",\"name\":\"Home\"}},{\"@type\":\"ListItem\",\"@id\":\"https:\\\/\\\/candas365.es\\\/noticias\\\/cineteca-ambulante-lleva-a-vegadeo-el-otro-lado-de-la-esperanza\\\/#listItem\",\"position\":3,\"name\":\"Cineteca Ambulante lleva a Vegadeo \\u00abEl otro lado de la esperanza\\u00bb\",\"previousItem\":{\"@type\":\"ListItem\",\"@id\":\"https:\\\/\\\/candas365.es\\\/noticias\\\/category\\\/agenda\\\/#listItem\",\"name\":\"Agenda\"}}]},{\"@type\":\"NewsArticle\",\"@id\":\"https:\\\/\\\/candas365.es\\\/noticias\\\/cineteca-ambulante-lleva-a-vegadeo-el-otro-lado-de-la-esperanza\\\/#newsarticle\",\"name\":\"Cineteca Ambulante lleva a Vegadeo \\u00abEl otro lado de la esperanza\\u00bb | Cand\\u00e1s 365\",\"headline\":\"Cineteca Ambulante lleva a Vegadeo \\u00abEl otro lado de la esperanza\\u00bb\",\"author\":{\"@id\":\"https:\\\/\\\/candas365.es\\\/noticias\\\/author\\\/admin\\\/#author\"},\"publisher\":{\"@id\":\"https:\\\/\\\/candas365.es\\\/noticias\\\/#organization\"},\"image\":{\"@type\":\"ImageObject\",\"url\":\"https:\\\/\\\/candas365.es\\\/noticias\\\/wp-content\\\/uploads\\\/2017\\\/05\\\/el_otro_lado_de_la_esperanza.jpg\",\"width\":1280,\"height\":854},\"datePublished\":\"2017-05-30T16:14:00+02:00\",\"dateModified\":\"2017-05-30T16:14:00+02:00\",\"inLanguage\":\"es-ES\",\"mainEntityOfPage\":{\"@id\":\"https:\\\/\\\/candas365.es\\\/noticias\\\/cineteca-ambulante-lleva-a-vegadeo-el-otro-lado-de-la-esperanza\\\/#webpage\"},\"isPartOf\":{\"@id\":\"https:\\\/\\\/candas365.es\\\/noticias\\\/cineteca-ambulante-lleva-a-vegadeo-el-otro-lado-de-la-esperanza\\\/#webpage\"},\"articleSection\":\"Agenda\",\"dateline\":\"Publicado el mayo 30, 2017.\"},{\"@type\":\"Organization\",\"@id\":\"https:\\\/\\\/candas365.es\\\/noticias\\\/#organization\",\"name\":\"Cand\\u00e1s 365\",\"description\":\"Cand\\u00e1s 365 es un diario digital independiente, fundado en 2012, con base en Asturias. Informamos con rigor sobre actualidad, sociedad, cultura y ocio, con una mirada local y global.\",\"url\":\"https:\\\/\\\/candas365.es\\\/noticias\\\/\",\"email\":\"info@candas365.es\",\"telephone\":\"+34652131393\",\"foundingDate\":\"2012-06-10\",\"logo\":{\"@type\":\"ImageObject\",\"url\":\"https:\\\/\\\/candas365.es\\\/noticias\\\/wp-content\\\/uploads\\\/2024\\\/09\\\/Candas-365-Redes.jpg\",\"@id\":\"https:\\\/\\\/candas365.es\\\/noticias\\\/cineteca-ambulante-lleva-a-vegadeo-el-otro-lado-de-la-esperanza\\\/#organizationLogo\",\"width\":1152,\"height\":864,\"caption\":\"Cand\\u00e1s 365 Redes\"},\"image\":{\"@id\":\"https:\\\/\\\/candas365.es\\\/noticias\\\/cineteca-ambulante-lleva-a-vegadeo-el-otro-lado-de-la-esperanza\\\/#organizationLogo\"},\"sameAs\":[\"https:\\\/\\\/www.facebook.com\\\/Nachofdezber\",\"https:\\\/\\\/x.com\\\/NabercoDigital\",\"https:\\\/\\\/www.instagram.com\\\/nachofdezber\\\/\",\"https:\\\/\\\/www.youtube.com\\\/channel\\\/UCZP-2wLEB9Rv6erhFmqVnvg\"],\"address\":{\"@id\":\"https:\\\/\\\/candas365.es\\\/noticias\\\/#postaladdress\",\"@type\":\"PostalAddress\",\"streetAddress\":\"san antonio 4, san antonio 4\",\"postalCode\":\"33430\",\"addressLocality\":\"Cand\\u00e1s\",\"addressRegion\":\"Asturias\",\"addressCountry\":\"ES\"}},{\"@type\":\"Person\",\"@id\":\"https:\\\/\\\/candas365.es\\\/noticias\\\/author\\\/admin\\\/#author\",\"url\":\"https:\\\/\\\/candas365.es\\\/noticias\\\/author\\\/admin\\\/\",\"name\":\"Cand\\u00e1s 365\",\"image\":{\"@type\":\"ImageObject\",\"@id\":\"https:\\\/\\\/candas365.es\\\/noticias\\\/cineteca-ambulante-lleva-a-vegadeo-el-otro-lado-de-la-esperanza\\\/#authorImage\",\"url\":\"https:\\\/\\\/secure.gravatar.com\\\/avatar\\\/496a8e03d0c493ede1718b7934145dbdf8d89be1036b0eec9544e1094c9de390?s=96&d=mm&r=g\",\"width\":96,\"height\":96,\"caption\":\"Cand\\u00e1s 365\"},\"sameAs\":[\"https:\\\/\\\/www.facebook.com\\\/carrenoactualidad\",\"https:\\\/\\\/twitter.com\\\/nbasturias\",\"https:\\\/\\\/www.instagram.com\\\/nachofdezber\\\/\",\"https:\\\/\\\/www.youtube.com\\\/channel\\\/UCZP-2wLEB9Rv6erhFmqVnvg\"]},{\"@type\":\"WebPage\",\"@id\":\"https:\\\/\\\/candas365.es\\\/noticias\\\/cineteca-ambulante-lleva-a-vegadeo-el-otro-lado-de-la-esperanza\\\/#webpage\",\"url\":\"https:\\\/\\\/candas365.es\\\/noticias\\\/cineteca-ambulante-lleva-a-vegadeo-el-otro-lado-de-la-esperanza\\\/\",\"name\":\"Cineteca Ambulante lleva a Vegadeo \\u00abEl otro lado de la esperanza\\u00bb | Cand\\u00e1s 365\",\"description\":\"La programaci\\u00f3n de la Cineteca Ambulante en Vegadeo llega a su ecuador este martes 31 de mayo, a las 20:00 horas en la Casa de Cultura, con la proyecci\\u00f3n de El otro lado de la esperanza, la \\u00faltima pel\\u00edcula del director Aki Kaurism\\u00e4ki quien se hizo con el Oso de Plata al mejor director en\",\"inLanguage\":\"es-ES\",\"isPartOf\":{\"@id\":\"https:\\\/\\\/candas365.es\\\/noticias\\\/#website\"},\"breadcrumb\":{\"@id\":\"https:\\\/\\\/candas365.es\\\/noticias\\\/cineteca-ambulante-lleva-a-vegadeo-el-otro-lado-de-la-esperanza\\\/#breadcrumblist\"},\"author\":{\"@id\":\"https:\\\/\\\/candas365.es\\\/noticias\\\/author\\\/admin\\\/#author\"},\"creator\":{\"@id\":\"https:\\\/\\\/candas365.es\\\/noticias\\\/author\\\/admin\\\/#author\"},\"image\":{\"@type\":\"ImageObject\",\"url\":\"https:\\\/\\\/candas365.es\\\/noticias\\\/wp-content\\\/uploads\\\/2017\\\/05\\\/el_otro_lado_de_la_esperanza.jpg\",\"@id\":\"https:\\\/\\\/candas365.es\\\/noticias\\\/cineteca-ambulante-lleva-a-vegadeo-el-otro-lado-de-la-esperanza\\\/#mainImage\",\"width\":1280,\"height\":854},\"primaryImageOfPage\":{\"@id\":\"https:\\\/\\\/candas365.es\\\/noticias\\\/cineteca-ambulante-lleva-a-vegadeo-el-otro-lado-de-la-esperanza\\\/#mainImage\"},\"datePublished\":\"2017-05-30T16:14:00+02:00\",\"dateModified\":\"2017-05-30T16:14:00+02:00\"},{\"@type\":\"WebSite\",\"@id\":\"https:\\\/\\\/candas365.es\\\/noticias\\\/#website\",\"url\":\"https:\\\/\\\/candas365.es\\\/noticias\\\/\",\"name\":\"Cand\\u00e1s 365\",\"alternateName\":\"Cand\\u00e1s 365 Noticias\",\"description\":\"Actualidad desde Carre\\u00f1o para el mundo\",\"inLanguage\":\"es-ES\",\"publisher\":{\"@id\":\"https:\\\/\\\/candas365.es\\\/noticias\\\/#organization\"}}]}\n\t\t<\/script>\n\t\t<!-- All in One SEO Pro -->\r\n\t\t<title>Cineteca Ambulante lleva a Vegadeo \u00abEl otro lado de la esperanza\u00bb | Cand\u00e1s 365<\/title>\n\n","aioseo_head_json":{"title":"Cineteca Ambulante lleva a Vegadeo \u00abEl otro lado de la esperanza\u00bb | Cand\u00e1s 365","description":"La programaci\u00f3n de la Cineteca Ambulante en Vegadeo llega a su ecuador este martes 31 de mayo, a las 20:00 horas en la Casa de Cultura, con la proyecci\u00f3n de El otro lado de la esperanza, la \u00faltima pel\u00edcula del director Aki Kaurism\u00e4ki quien se hizo con el Oso de Plata al mejor director en","canonical_url":"https:\/\/candas365.es\/noticias\/cineteca-ambulante-lleva-a-vegadeo-el-otro-lado-de-la-esperanza\/","robots":"max-image-preview:large","keywords":"agenda","webmasterTools":{"google-site-verification":"UA-32230408-1","msvalidate.01":"354F3CDFB2DA171B47FBE9ABF1F88D5","miscellaneous":""},"schema":{"@context":"https:\/\/schema.org","@graph":[{"@type":"BreadcrumbList","@id":"https:\/\/candas365.es\/noticias\/cineteca-ambulante-lleva-a-vegadeo-el-otro-lado-de-la-esperanza\/#breadcrumblist","itemListElement":[{"@type":"ListItem","@id":"https:\/\/candas365.es\/noticias#listItem","position":1,"name":"Home","item":"https:\/\/candas365.es\/noticias","nextItem":{"@type":"ListItem","@id":"https:\/\/candas365.es\/noticias\/category\/agenda\/#listItem","name":"Agenda"}},{"@type":"ListItem","@id":"https:\/\/candas365.es\/noticias\/category\/agenda\/#listItem","position":2,"name":"Agenda","item":"https:\/\/candas365.es\/noticias\/category\/agenda\/","nextItem":{"@type":"ListItem","@id":"https:\/\/candas365.es\/noticias\/cineteca-ambulante-lleva-a-vegadeo-el-otro-lado-de-la-esperanza\/#listItem","name":"Cineteca Ambulante lleva a Vegadeo \u00abEl otro lado de la esperanza\u00bb"},"previousItem":{"@type":"ListItem","@id":"https:\/\/candas365.es\/noticias#listItem","name":"Home"}},{"@type":"ListItem","@id":"https:\/\/candas365.es\/noticias\/cineteca-ambulante-lleva-a-vegadeo-el-otro-lado-de-la-esperanza\/#listItem","position":3,"name":"Cineteca Ambulante lleva a Vegadeo \u00abEl otro lado de la esperanza\u00bb","previousItem":{"@type":"ListItem","@id":"https:\/\/candas365.es\/noticias\/category\/agenda\/#listItem","name":"Agenda"}}]},{"@type":"NewsArticle","@id":"https:\/\/candas365.es\/noticias\/cineteca-ambulante-lleva-a-vegadeo-el-otro-lado-de-la-esperanza\/#newsarticle","name":"Cineteca Ambulante lleva a Vegadeo \u00abEl otro lado de la esperanza\u00bb | Cand\u00e1s 365","headline":"Cineteca Ambulante lleva a Vegadeo \u00abEl otro lado de la esperanza\u00bb","author":{"@id":"https:\/\/candas365.es\/noticias\/author\/admin\/#author"},"publisher":{"@id":"https:\/\/candas365.es\/noticias\/#organization"},"image":{"@type":"ImageObject","url":"https:\/\/candas365.es\/noticias\/wp-content\/uploads\/2017\/05\/el_otro_lado_de_la_esperanza.jpg","width":1280,"height":854},"datePublished":"2017-05-30T16:14:00+02:00","dateModified":"2017-05-30T16:14:00+02:00","inLanguage":"es-ES","mainEntityOfPage":{"@id":"https:\/\/candas365.es\/noticias\/cineteca-ambulante-lleva-a-vegadeo-el-otro-lado-de-la-esperanza\/#webpage"},"isPartOf":{"@id":"https:\/\/candas365.es\/noticias\/cineteca-ambulante-lleva-a-vegadeo-el-otro-lado-de-la-esperanza\/#webpage"},"articleSection":"Agenda","dateline":"Publicado el mayo 30, 2017."},{"@type":"Organization","@id":"https:\/\/candas365.es\/noticias\/#organization","name":"Cand\u00e1s 365","description":"Cand\u00e1s 365 es un diario digital independiente, fundado en 2012, con base en Asturias. Informamos con rigor sobre actualidad, sociedad, cultura y ocio, con una mirada local y global.","url":"https:\/\/candas365.es\/noticias\/","email":"info@candas365.es","telephone":"+34652131393","foundingDate":"2012-06-10","logo":{"@type":"ImageObject","url":"https:\/\/candas365.es\/noticias\/wp-content\/uploads\/2024\/09\/Candas-365-Redes.jpg","@id":"https:\/\/candas365.es\/noticias\/cineteca-ambulante-lleva-a-vegadeo-el-otro-lado-de-la-esperanza\/#organizationLogo","width":1152,"height":864,"caption":"Cand\u00e1s 365 Redes"},"image":{"@id":"https:\/\/candas365.es\/noticias\/cineteca-ambulante-lleva-a-vegadeo-el-otro-lado-de-la-esperanza\/#organizationLogo"},"sameAs":["https:\/\/www.facebook.com\/Nachofdezber","https:\/\/x.com\/NabercoDigital","https:\/\/www.instagram.com\/nachofdezber\/","https:\/\/www.youtube.com\/channel\/UCZP-2wLEB9Rv6erhFmqVnvg"],"address":{"@id":"https:\/\/candas365.es\/noticias\/#postaladdress","@type":"PostalAddress","streetAddress":"san antonio 4, san antonio 4","postalCode":"33430","addressLocality":"Cand\u00e1s","addressRegion":"Asturias","addressCountry":"ES"}},{"@type":"Person","@id":"https:\/\/candas365.es\/noticias\/author\/admin\/#author","url":"https:\/\/candas365.es\/noticias\/author\/admin\/","name":"Cand\u00e1s 365","image":{"@type":"ImageObject","@id":"https:\/\/candas365.es\/noticias\/cineteca-ambulante-lleva-a-vegadeo-el-otro-lado-de-la-esperanza\/#authorImage","url":"https:\/\/secure.gravatar.com\/avatar\/496a8e03d0c493ede1718b7934145dbdf8d89be1036b0eec9544e1094c9de390?s=96&d=mm&r=g","width":96,"height":96,"caption":"Cand\u00e1s 365"},"sameAs":["https:\/\/www.facebook.com\/carrenoactualidad","https:\/\/twitter.com\/nbasturias","https:\/\/www.instagram.com\/nachofdezber\/","https:\/\/www.youtube.com\/channel\/UCZP-2wLEB9Rv6erhFmqVnvg"]},{"@type":"WebPage","@id":"https:\/\/candas365.es\/noticias\/cineteca-ambulante-lleva-a-vegadeo-el-otro-lado-de-la-esperanza\/#webpage","url":"https:\/\/candas365.es\/noticias\/cineteca-ambulante-lleva-a-vegadeo-el-otro-lado-de-la-esperanza\/","name":"Cineteca Ambulante lleva a Vegadeo \u00abEl otro lado de la esperanza\u00bb | Cand\u00e1s 365","description":"La programaci\u00f3n de la Cineteca Ambulante en Vegadeo llega a su ecuador este martes 31 de mayo, a las 20:00 horas en la Casa de Cultura, con la proyecci\u00f3n de El otro lado de la esperanza, la \u00faltima pel\u00edcula del director Aki Kaurism\u00e4ki quien se hizo con el Oso de Plata al mejor director en","inLanguage":"es-ES","isPartOf":{"@id":"https:\/\/candas365.es\/noticias\/#website"},"breadcrumb":{"@id":"https:\/\/candas365.es\/noticias\/cineteca-ambulante-lleva-a-vegadeo-el-otro-lado-de-la-esperanza\/#breadcrumblist"},"author":{"@id":"https:\/\/candas365.es\/noticias\/author\/admin\/#author"},"creator":{"@id":"https:\/\/candas365.es\/noticias\/author\/admin\/#author"},"image":{"@type":"ImageObject","url":"https:\/\/candas365.es\/noticias\/wp-content\/uploads\/2017\/05\/el_otro_lado_de_la_esperanza.jpg","@id":"https:\/\/candas365.es\/noticias\/cineteca-ambulante-lleva-a-vegadeo-el-otro-lado-de-la-esperanza\/#mainImage","width":1280,"height":854},"primaryImageOfPage":{"@id":"https:\/\/candas365.es\/noticias\/cineteca-ambulante-lleva-a-vegadeo-el-otro-lado-de-la-esperanza\/#mainImage"},"datePublished":"2017-05-30T16:14:00+02:00","dateModified":"2017-05-30T16:14:00+02:00"},{"@type":"WebSite","@id":"https:\/\/candas365.es\/noticias\/#website","url":"https:\/\/candas365.es\/noticias\/","name":"Cand\u00e1s 365","alternateName":"Cand\u00e1s 365 Noticias","description":"Actualidad desde Carre\u00f1o para el mundo","inLanguage":"es-ES","publisher":{"@id":"https:\/\/candas365.es\/noticias\/#organization"}}]},"og:locale":"es_ES","og:site_name":"Cand\u00e1s 365","og:type":"article","og:title":"Cineteca Ambulante lleva a Vegadeo \u00abEl otro lado de la esperanza\u00bb | Cand\u00e1s 365","og:description":"La programaci\u00f3n de la Cineteca Ambulante en Vegadeo llega a su ecuador este martes 31 de mayo, a las 20:00 horas en la Casa de Cultura, con la proyecci\u00f3n de El otro lado de la esperanza, la \u00faltima pel\u00edcula del director Aki Kaurism\u00e4ki quien se hizo con el Oso de Plata al mejor director en","og:url":"https:\/\/candas365.es\/noticias\/cineteca-ambulante-lleva-a-vegadeo-el-otro-lado-de-la-esperanza\/","og:image":"https:\/\/candas365.es\/noticias\/wp-content\/uploads\/2017\/05\/el_otro_lado_de_la_esperanza.jpg","og:image:secure_url":"https:\/\/candas365.es\/noticias\/wp-content\/uploads\/2017\/05\/el_otro_lado_de_la_esperanza.jpg","og:image:width":1280,"og:image:height":854,"article:published_time":"2017-05-30T16:14:00+00:00","article:modified_time":"2017-05-30T16:14:00+00:00","article:publisher":"https:\/\/www.facebook.com\/Nachofdezber","article:author":"https:\/\/www.facebook.com\/carrenoactualidad","twitter:card":"summary_large_image","twitter:site":"@NabercoDigital","twitter:title":"Cineteca Ambulante lleva a Vegadeo \u00abEl otro lado de la esperanza\u00bb | Cand\u00e1s 365","twitter:description":"La programaci\u00f3n de la Cineteca Ambulante en Vegadeo llega a su ecuador este martes 31 de mayo, a las 20:00 horas en la Casa de Cultura, con la proyecci\u00f3n de El otro lado de la esperanza, la \u00faltima pel\u00edcula del director Aki Kaurism\u00e4ki quien se hizo con el Oso de Plata al mejor director en","twitter:creator":"@nbasturias","twitter:image":"https:\/\/candas365.es\/noticias\/wp-content\/uploads\/2017\/05\/el_otro_lado_de_la_esperanza.jpg","twitter:label1":"Escrito por","twitter:data1":"Cand\u00e1s 365","twitter:label2":"Tiempo de lectura estimado","twitter:data2":"2 minutos"},"aioseo_meta_data":{"post_id":"72482","title":null,"description":null,"keywords":null,"keyphrases":null,"primary_term":null,"canonical_url":null,"og_title":null,"og_description":null,"og_object_type":"default","og_image_type":"default","og_image_url":null,"og_image_width":null,"og_image_height":null,"og_image_custom_url":null,"og_image_custom_fields":null,"og_video":null,"og_custom_url":null,"og_article_section":null,"og_article_tags":null,"twitter_use_og":false,"twitter_card":"default","twitter_image_type":"default","twitter_image_url":null,"twitter_image_custom_url":null,"twitter_image_custom_fields":null,"twitter_title":null,"twitter_description":null,"schema":{"blockGraphs":[],"customGraphs":[],"default":{"data":{"Article":[],"Course":[],"Dataset":[],"FAQPage":[],"Movie":[],"Person":[],"Product":[],"ProductReview":[],"Car":[],"Recipe":[],"Service":[],"SoftwareApplication":[],"WebPage":[]},"graphName":"","isEnabled":true},"graphs":[]},"schema_type":null,"schema_type_options":null,"pillar_content":false,"robots_default":true,"robots_noindex":false,"robots_noarchive":false,"robots_nosnippet":false,"robots_nofollow":false,"robots_noimageindex":false,"robots_noodp":false,"robots_notranslate":false,"robots_max_snippet":null,"robots_max_videopreview":null,"robots_max_imagepreview":"large","priority":null,"frequency":null,"location":null,"local_seo":null,"seo_analyzer_scan_date":"2025-08-25 14:57:13","breadcrumb_settings":null,"limit_modified_date":false,"reviewed_by":null,"open_ai":null,"ai":null,"created":"2020-12-21 10:52:01","updated":"2025-08-25 14:57:13"},"aioseo_breadcrumb":"<div class=\"aioseo-breadcrumbs\"><span class=\"aioseo-breadcrumb\">\n\t<a href=\"https:\/\/candas365.es\/noticias\" title=\"Home\">Home<\/a>\n<\/span><span class=\"aioseo-breadcrumb-separator\">&ndash;<\/span><span class=\"aioseo-breadcrumb\">\n\t<a href=\"https:\/\/candas365.es\/noticias\/category\/agenda\/\" title=\"Agenda\">Agenda<\/a>\n<\/span><span class=\"aioseo-breadcrumb-separator\">&ndash;<\/span><span class=\"aioseo-breadcrumb\">\n\tCineteca Ambulante lleva a Vegadeo \u00abEl otro lado de la esperanza\u00bb\n<\/span><\/div>","aioseo_breadcrumb_json":[{"label":"Home","link":"https:\/\/candas365.es\/noticias"},{"label":"Agenda","link":"https:\/\/candas365.es\/noticias\/category\/agenda\/"},{"label":"Cineteca Ambulante lleva a Vegadeo \u00abEl otro lado de la esperanza\u00bb","link":"https:\/\/candas365.es\/noticias\/cineteca-ambulante-lleva-a-vegadeo-el-otro-lado-de-la-esperanza\/"}],"_links":{"self":[{"href":"https:\/\/candas365.es\/noticias\/wp-json\/wp\/v2\/posts\/72482","targetHints":{"allow":["GET"]}}],"collection":[{"href":"https:\/\/candas365.es\/noticias\/wp-json\/wp\/v2\/posts"}],"about":[{"href":"https:\/\/candas365.es\/noticias\/wp-json\/wp\/v2\/types\/post"}],"author":[{"embeddable":true,"href":"https:\/\/candas365.es\/noticias\/wp-json\/wp\/v2\/users\/1"}],"replies":[{"embeddable":true,"href":"https:\/\/candas365.es\/noticias\/wp-json\/wp\/v2\/comments?post=72482"}],"version-history":[{"count":0,"href":"https:\/\/candas365.es\/noticias\/wp-json\/wp\/v2\/posts\/72482\/revisions"}],"wp:featuredmedia":[{"embeddable":true,"href":"https:\/\/candas365.es\/noticias\/wp-json\/wp\/v2\/media\/72483"}],"wp:attachment":[{"href":"https:\/\/candas365.es\/noticias\/wp-json\/wp\/v2\/media?parent=72482"}],"wp:term":[{"taxonomy":"category","embeddable":true,"href":"https:\/\/candas365.es\/noticias\/wp-json\/wp\/v2\/categories?post=72482"},{"taxonomy":"post_tag","embeddable":true,"href":"https:\/\/candas365.es\/noticias\/wp-json\/wp\/v2\/tags?post=72482"}],"curies":[{"name":"wp","href":"https:\/\/api.w.org\/{rel}","templated":true}]}}