{"id":72377,"date":"2017-05-25T18:18:55","date_gmt":"2017-05-25T18:18:55","guid":{"rendered":"http:\/\/candas365.es\/noticias\/?p=72377"},"modified":"2017-05-25T18:18:55","modified_gmt":"2017-05-25T18:18:55","slug":"espanoles-en-el-mundo-regresa-este-verano-a-rtve","status":"publish","type":"post","link":"https:\/\/candas365.es\/noticias\/espanoles-en-el-mundo-regresa-este-verano-a-rtve\/","title":{"rendered":"&#8216;Espa\u00f1oles en el mundo&#8217; regresa este verano a RTVE"},"content":{"rendered":"<p><img fetchpriority=\"high\" decoding=\"async\" class=\"alignleft size-medium wp-image-72378\" src=\"https:\/\/candas365.es\/noticias\/wp-content\/uploads\/2017\/05\/telec365502-360x240.jpg\" alt=\"\" width=\"360\" height=\"240\" srcset=\"https:\/\/candas365.es\/noticias\/wp-content\/uploads\/2017\/05\/telec365502-360x240.jpg 360w, https:\/\/candas365.es\/noticias\/wp-content\/uploads\/2017\/05\/telec365502-768x512.jpg 768w, https:\/\/candas365.es\/noticias\/wp-content\/uploads\/2017\/05\/telec365502-655x437.jpg 655w, https:\/\/candas365.es\/noticias\/wp-content\/uploads\/2017\/05\/telec365502-696x464.jpg 696w, https:\/\/candas365.es\/noticias\/wp-content\/uploads\/2017\/05\/telec365502-1068x712.jpg 1068w, https:\/\/candas365.es\/noticias\/wp-content\/uploads\/2017\/05\/telec365502-630x420.jpg 630w, https:\/\/candas365.es\/noticias\/wp-content\/uploads\/2017\/05\/telec365502-84x55.jpg 84w, https:\/\/candas365.es\/noticias\/wp-content\/uploads\/2017\/05\/telec365502.jpg 1180w\" sizes=\"(max-width: 360px) 100vw, 360px\" \/>Este verano regresa a La 1 uno de los programas m\u00e1s queridos por los telespectadores, \u2018Espa\u00f1oles en el mundo\u2019. Una nueva temporada del espacio de viajes de RTVE que vuelve con nuevos e in\u00e9ditos destinos en busca de espa\u00f1oles que, un d\u00eda, decidieron cambiar su residencia para vivir en el extranjero. Setenta nuevos protagonistas con perfiles muy distintos que reflejar\u00e1n la diversidad de personalidades, expectativas y roles que existen en la emigraci\u00f3n.<\/p>\n<p><strong>Nuevos destinos de los cinco continentes<\/strong><\/p>\n<p>Nueva Caledonia, Cali, Botsuana, Oxford, Tallin\u2026 son algunos de los nuevos destinos que recorrer\u00e1 \u2018Espa\u00f1oles en el mundo\u2019 para conocer a compatriotas deseosos de compartir c\u00f3mo viven fuera de nuestras fronteras.<\/p>\n<p>Producido por RTVE en colaboraci\u00f3n con Secuoya Contenidos, \u2018Espa\u00f1oles en el mundo\u2019 muestra en cada entrega la cultura, costumbres, historia, paisaje, vida cotidiana y condiciones de vida en destinos a lo largo de todo el planeta.<\/p>\n<p>Luis Calero, Estefan\u00eda Mas\u00f3, Mar\u00eda P\u00e9rez y Antonio Montero recorrer\u00e1n m\u00e1s de 160.800 kil\u00f3metros -m\u00e1s de cuatro vueltas a la Tierra- para mostrar c\u00f3mo viven los espa\u00f1oles en Tallin (Estonia), D\u00fcsseldorf (Alemania), Oxford (Reino Unido), Monterrey (M\u00e9xico), Bangalore (India), Tennessee (Estados Unidos), o Cali (Colombia); destinos tur\u00edsticos clave como Botsuana o Nueva Caledonia; o ciudades que est\u00e1n siendo foco informativo de la actualidad, como Estambul o Costa de Marfil.<\/p>\n<p><strong>Setenta nuevos protagonistas<\/strong><\/p>\n<p>En los destinos de la nueva temporada, \u2018Espa\u00f1oles en el mundo\u2019 solo repetir\u00e1 tres ubicaciones, pero con una mirada diferente: Tokio, que protagoniz\u00f3 un reportaje especial sobre la huella de la cultura espa\u00f1ola en Jap\u00f3n; T\u00fanez y Estambul.<\/p>\n<p>En el resto de ciudades \u2013en las que est\u00e1n representados los cinco continentes-, el programa de viajes buscar\u00e1 el contraste entre c\u00f3mo viven los espa\u00f1oles con vidas m\u00e1s consolidadas y estables, y la nueva hornada de emigrantes, gente muy joven que pretende abrirse un camino en otros territorios, a veces, con medios bastante limitados.<\/p>\n<p>Un forjador de espadas que emigr\u00f3 a Alemania en los a\u00f1os 60; un jockey en Nueva Caledoria; un cantaor flamenco en Tokio; un pintor en Cali; un gu\u00eda de safaris en Botsuana\u2026 con perfiles muy distintos son algunos de los 70 protagonistas de \u2018Espa\u00f1oles en el mundo\u2019 que reflejan la diversidad de personalidad, expectativas y roles que existen en la emigraci\u00f3n.<\/p>\n<p>\u2018Espa\u00f1oles en el mundo\u2019 se fortalece, adem\u00e1s, en el \u00e1mbito digital, para ofrecer a los usuarios material extra del programa y la oportunidad de conocer un poco m\u00e1s a qui\u00e9nes est\u00e1n detr\u00e1s de la c\u00e1mara.<\/p>\n","protected":false},"excerpt":{"rendered":"<p>Este verano regresa a La 1 uno de los programas m\u00e1s queridos por los telespectadores, \u2018Espa\u00f1oles en el mundo\u2019. Una nueva temporada del espacio de viajes de RTVE que vuelve con nuevos e in\u00e9ditos destinos en busca de espa\u00f1oles que, un d\u00eda, decidieron cambiar su residencia para vivir en el extranjero. Setenta nuevos protagonistas con<\/p>\n","protected":false},"author":1,"featured_media":72378,"comment_status":"open","ping_status":"closed","sticky":false,"template":"","format":"standard","meta":{"footnotes":""},"categories":[1],"tags":[],"class_list":{"0":"post-72377","1":"post","2":"type-post","3":"status-publish","4":"format-standard","5":"has-post-thumbnail","7":"category-agenda"},"aioseo_notices":[],"aioseo_head":"\n\t\t<!-- All in One SEO Pro 4.9.6.2 - aioseo.com -->\n\t<meta name=\"description\" content=\"Este verano regresa a La 1 uno de los programas m\u00e1s queridos por los telespectadores, \u2018Espa\u00f1oles en el mundo\u2019. Una nueva temporada del espacio de viajes de RTVE que vuelve con nuevos e in\u00e9ditos destinos en busca de espa\u00f1oles que, un d\u00eda, decidieron cambiar su residencia para vivir en el extranjero. Setenta nuevos protagonistas con\" \/>\n\t<meta name=\"robots\" content=\"max-image-preview:large\" \/>\n\t<meta name=\"author\" content=\"Cand\u00e1s 365\"\/>\n\t<meta name=\"google-site-verification\" content=\"UA-32230408-1\" \/>\n\t<meta name=\"msvalidate.01\" content=\"354F3CDFB2DA171B47FBE9ABF1F88D5\" \/>\n\t<meta name=\"keywords\" content=\"agenda\" \/>\n\t<link rel=\"canonical\" href=\"https:\/\/candas365.es\/noticias\/espanoles-en-el-mundo-regresa-este-verano-a-rtve\/\" \/>\n\t<meta name=\"generator\" content=\"All in One SEO Pro (AIOSEO) 4.9.6.2\" \/>\n\t\t<meta property=\"og:locale\" content=\"es_ES\" \/>\n\t\t<meta property=\"og:site_name\" content=\"Cand\u00e1s 365\" \/>\n\t\t<meta property=\"og:type\" content=\"article\" \/>\n\t\t<meta property=\"og:title\" content=\"\u2018Espa\u00f1oles en el mundo\u2019 regresa este verano a RTVE | Cand\u00e1s 365\" \/>\n\t\t<meta property=\"og:description\" content=\"Este verano regresa a La 1 uno de los programas m\u00e1s queridos por los telespectadores, \u2018Espa\u00f1oles en el mundo\u2019. Una nueva temporada del espacio de viajes de RTVE que vuelve con nuevos e in\u00e9ditos destinos en busca de espa\u00f1oles que, un d\u00eda, decidieron cambiar su residencia para vivir en el extranjero. Setenta nuevos protagonistas con\" \/>\n\t\t<meta property=\"og:url\" content=\"https:\/\/candas365.es\/noticias\/espanoles-en-el-mundo-regresa-este-verano-a-rtve\/\" \/>\n\t\t<meta property=\"og:image\" content=\"https:\/\/candas365.es\/noticias\/wp-content\/uploads\/2017\/05\/telec365502.jpg\" \/>\n\t\t<meta property=\"og:image:secure_url\" content=\"https:\/\/candas365.es\/noticias\/wp-content\/uploads\/2017\/05\/telec365502.jpg\" \/>\n\t\t<meta property=\"og:image:width\" content=\"1180\" \/>\n\t\t<meta property=\"og:image:height\" content=\"787\" \/>\n\t\t<meta property=\"article:published_time\" content=\"2017-05-25T18:18:55+00:00\" \/>\n\t\t<meta property=\"article:modified_time\" content=\"2017-05-25T18:18:55+00:00\" \/>\n\t\t<meta property=\"article:publisher\" content=\"https:\/\/www.facebook.com\/Nachofdezber\" \/>\n\t\t<meta property=\"article:author\" content=\"https:\/\/www.facebook.com\/carrenoactualidad\" \/>\n\t\t<meta name=\"twitter:card\" content=\"summary_large_image\" \/>\n\t\t<meta name=\"twitter:site\" content=\"@NabercoDigital\" \/>\n\t\t<meta name=\"twitter:title\" content=\"\u2018Espa\u00f1oles en el mundo\u2019 regresa este verano a RTVE | Cand\u00e1s 365\" \/>\n\t\t<meta name=\"twitter:description\" content=\"Este verano regresa a La 1 uno de los programas m\u00e1s queridos por los telespectadores, \u2018Espa\u00f1oles en el mundo\u2019. Una nueva temporada del espacio de viajes de RTVE que vuelve con nuevos e in\u00e9ditos destinos en busca de espa\u00f1oles que, un d\u00eda, decidieron cambiar su residencia para vivir en el extranjero. Setenta nuevos protagonistas con\" \/>\n\t\t<meta name=\"twitter:creator\" content=\"@nbasturias\" \/>\n\t\t<meta name=\"twitter:image\" content=\"https:\/\/candas365.es\/noticias\/wp-content\/uploads\/2017\/05\/telec365502.jpg\" \/>\n\t\t<meta name=\"twitter:label1\" content=\"Escrito por\" \/>\n\t\t<meta name=\"twitter:data1\" content=\"Cand\u00e1s 365\" \/>\n\t\t<meta name=\"twitter:label2\" content=\"Tiempo de lectura estimado\" \/>\n\t\t<meta name=\"twitter:data2\" content=\"2 minutos\" \/>\n\t\t<script type=\"application\/ld+json\" class=\"aioseo-schema\">\n\t\t\t{\"@context\":\"https:\\\/\\\/schema.org\",\"@graph\":[{\"@type\":\"BreadcrumbList\",\"@id\":\"https:\\\/\\\/candas365.es\\\/noticias\\\/espanoles-en-el-mundo-regresa-este-verano-a-rtve\\\/#breadcrumblist\",\"itemListElement\":[{\"@type\":\"ListItem\",\"@id\":\"https:\\\/\\\/candas365.es\\\/noticias#listItem\",\"position\":1,\"name\":\"Home\",\"item\":\"https:\\\/\\\/candas365.es\\\/noticias\",\"nextItem\":{\"@type\":\"ListItem\",\"@id\":\"https:\\\/\\\/candas365.es\\\/noticias\\\/category\\\/agenda\\\/#listItem\",\"name\":\"Agenda\"}},{\"@type\":\"ListItem\",\"@id\":\"https:\\\/\\\/candas365.es\\\/noticias\\\/category\\\/agenda\\\/#listItem\",\"position\":2,\"name\":\"Agenda\",\"item\":\"https:\\\/\\\/candas365.es\\\/noticias\\\/category\\\/agenda\\\/\",\"nextItem\":{\"@type\":\"ListItem\",\"@id\":\"https:\\\/\\\/candas365.es\\\/noticias\\\/espanoles-en-el-mundo-regresa-este-verano-a-rtve\\\/#listItem\",\"name\":\"&#8216;Espa\\u00f1oles en el mundo&#8217; regresa este verano a RTVE\"},\"previousItem\":{\"@type\":\"ListItem\",\"@id\":\"https:\\\/\\\/candas365.es\\\/noticias#listItem\",\"name\":\"Home\"}},{\"@type\":\"ListItem\",\"@id\":\"https:\\\/\\\/candas365.es\\\/noticias\\\/espanoles-en-el-mundo-regresa-este-verano-a-rtve\\\/#listItem\",\"position\":3,\"name\":\"&#8216;Espa\\u00f1oles en el mundo&#8217; regresa este verano a RTVE\",\"previousItem\":{\"@type\":\"ListItem\",\"@id\":\"https:\\\/\\\/candas365.es\\\/noticias\\\/category\\\/agenda\\\/#listItem\",\"name\":\"Agenda\"}}]},{\"@type\":\"NewsArticle\",\"@id\":\"https:\\\/\\\/candas365.es\\\/noticias\\\/espanoles-en-el-mundo-regresa-este-verano-a-rtve\\\/#newsarticle\",\"name\":\"\\u2018Espa\\u00f1oles en el mundo\\u2019 regresa este verano a RTVE | Cand\\u00e1s 365\",\"headline\":\"&#8216;Espa\\u00f1oles en el mundo&#8217; regresa este verano a RTVE\",\"author\":{\"@id\":\"https:\\\/\\\/candas365.es\\\/noticias\\\/author\\\/admin\\\/#author\"},\"publisher\":{\"@id\":\"https:\\\/\\\/candas365.es\\\/noticias\\\/#organization\"},\"image\":{\"@type\":\"ImageObject\",\"url\":\"https:\\\/\\\/candas365.es\\\/noticias\\\/wp-content\\\/uploads\\\/2017\\\/05\\\/telec365502.jpg\",\"width\":1180,\"height\":787},\"datePublished\":\"2017-05-25T18:18:55+02:00\",\"dateModified\":\"2017-05-25T18:18:55+02:00\",\"inLanguage\":\"es-ES\",\"mainEntityOfPage\":{\"@id\":\"https:\\\/\\\/candas365.es\\\/noticias\\\/espanoles-en-el-mundo-regresa-este-verano-a-rtve\\\/#webpage\"},\"isPartOf\":{\"@id\":\"https:\\\/\\\/candas365.es\\\/noticias\\\/espanoles-en-el-mundo-regresa-este-verano-a-rtve\\\/#webpage\"},\"articleSection\":\"Agenda\",\"dateline\":\"Publicado el mayo 25, 2017.\"},{\"@type\":\"Organization\",\"@id\":\"https:\\\/\\\/candas365.es\\\/noticias\\\/#organization\",\"name\":\"Cand\\u00e1s 365\",\"description\":\"Cand\\u00e1s 365 es un diario digital independiente, fundado en 2012, con base en Asturias. Informamos con rigor sobre actualidad, sociedad, cultura y ocio, con una mirada local y global.\",\"url\":\"https:\\\/\\\/candas365.es\\\/noticias\\\/\",\"email\":\"info@candas365.es\",\"telephone\":\"+34652131393\",\"foundingDate\":\"2012-06-10\",\"logo\":{\"@type\":\"ImageObject\",\"url\":\"https:\\\/\\\/candas365.es\\\/noticias\\\/wp-content\\\/uploads\\\/2024\\\/09\\\/Candas-365-Redes.jpg\",\"@id\":\"https:\\\/\\\/candas365.es\\\/noticias\\\/espanoles-en-el-mundo-regresa-este-verano-a-rtve\\\/#organizationLogo\",\"width\":1152,\"height\":864,\"caption\":\"Cand\\u00e1s 365 Redes\"},\"image\":{\"@id\":\"https:\\\/\\\/candas365.es\\\/noticias\\\/espanoles-en-el-mundo-regresa-este-verano-a-rtve\\\/#organizationLogo\"},\"sameAs\":[\"https:\\\/\\\/www.facebook.com\\\/Nachofdezber\",\"https:\\\/\\\/x.com\\\/NabercoDigital\",\"https:\\\/\\\/www.instagram.com\\\/nachofdezber\\\/\",\"https:\\\/\\\/www.youtube.com\\\/channel\\\/UCZP-2wLEB9Rv6erhFmqVnvg\"],\"address\":{\"@id\":\"https:\\\/\\\/candas365.es\\\/noticias\\\/#postaladdress\",\"@type\":\"PostalAddress\",\"streetAddress\":\"san antonio 4, san antonio 4\",\"postalCode\":\"33430\",\"addressLocality\":\"Cand\\u00e1s\",\"addressRegion\":\"Asturias\",\"addressCountry\":\"ES\"}},{\"@type\":\"Person\",\"@id\":\"https:\\\/\\\/candas365.es\\\/noticias\\\/author\\\/admin\\\/#author\",\"url\":\"https:\\\/\\\/candas365.es\\\/noticias\\\/author\\\/admin\\\/\",\"name\":\"Cand\\u00e1s 365\",\"image\":{\"@type\":\"ImageObject\",\"@id\":\"https:\\\/\\\/candas365.es\\\/noticias\\\/espanoles-en-el-mundo-regresa-este-verano-a-rtve\\\/#authorImage\",\"url\":\"https:\\\/\\\/secure.gravatar.com\\\/avatar\\\/496a8e03d0c493ede1718b7934145dbdf8d89be1036b0eec9544e1094c9de390?s=96&d=mm&r=g\",\"width\":96,\"height\":96,\"caption\":\"Cand\\u00e1s 365\"},\"sameAs\":[\"https:\\\/\\\/www.facebook.com\\\/carrenoactualidad\",\"https:\\\/\\\/twitter.com\\\/nbasturias\",\"https:\\\/\\\/www.instagram.com\\\/nachofdezber\\\/\",\"https:\\\/\\\/www.youtube.com\\\/channel\\\/UCZP-2wLEB9Rv6erhFmqVnvg\"]},{\"@type\":\"WebPage\",\"@id\":\"https:\\\/\\\/candas365.es\\\/noticias\\\/espanoles-en-el-mundo-regresa-este-verano-a-rtve\\\/#webpage\",\"url\":\"https:\\\/\\\/candas365.es\\\/noticias\\\/espanoles-en-el-mundo-regresa-este-verano-a-rtve\\\/\",\"name\":\"\\u2018Espa\\u00f1oles en el mundo\\u2019 regresa este verano a RTVE | Cand\\u00e1s 365\",\"description\":\"Este verano regresa a La 1 uno de los programas m\\u00e1s queridos por los telespectadores, \\u2018Espa\\u00f1oles en el mundo\\u2019. Una nueva temporada del espacio de viajes de RTVE que vuelve con nuevos e in\\u00e9ditos destinos en busca de espa\\u00f1oles que, un d\\u00eda, decidieron cambiar su residencia para vivir en el extranjero. Setenta nuevos protagonistas con\",\"inLanguage\":\"es-ES\",\"isPartOf\":{\"@id\":\"https:\\\/\\\/candas365.es\\\/noticias\\\/#website\"},\"breadcrumb\":{\"@id\":\"https:\\\/\\\/candas365.es\\\/noticias\\\/espanoles-en-el-mundo-regresa-este-verano-a-rtve\\\/#breadcrumblist\"},\"author\":{\"@id\":\"https:\\\/\\\/candas365.es\\\/noticias\\\/author\\\/admin\\\/#author\"},\"creator\":{\"@id\":\"https:\\\/\\\/candas365.es\\\/noticias\\\/author\\\/admin\\\/#author\"},\"image\":{\"@type\":\"ImageObject\",\"url\":\"https:\\\/\\\/candas365.es\\\/noticias\\\/wp-content\\\/uploads\\\/2017\\\/05\\\/telec365502.jpg\",\"@id\":\"https:\\\/\\\/candas365.es\\\/noticias\\\/espanoles-en-el-mundo-regresa-este-verano-a-rtve\\\/#mainImage\",\"width\":1180,\"height\":787},\"primaryImageOfPage\":{\"@id\":\"https:\\\/\\\/candas365.es\\\/noticias\\\/espanoles-en-el-mundo-regresa-este-verano-a-rtve\\\/#mainImage\"},\"datePublished\":\"2017-05-25T18:18:55+02:00\",\"dateModified\":\"2017-05-25T18:18:55+02:00\"},{\"@type\":\"WebSite\",\"@id\":\"https:\\\/\\\/candas365.es\\\/noticias\\\/#website\",\"url\":\"https:\\\/\\\/candas365.es\\\/noticias\\\/\",\"name\":\"Cand\\u00e1s 365\",\"alternateName\":\"Cand\\u00e1s 365 Noticias\",\"description\":\"Actualidad desde Carre\\u00f1o para el mundo\",\"inLanguage\":\"es-ES\",\"publisher\":{\"@id\":\"https:\\\/\\\/candas365.es\\\/noticias\\\/#organization\"}}]}\n\t\t<\/script>\n\t\t<!-- All in One SEO Pro -->\r\n\t\t<title>\u2018Espa\u00f1oles en el mundo\u2019 regresa este verano a RTVE | Cand\u00e1s 365<\/title>\n\n","aioseo_head_json":{"title":"\u2018Espa\u00f1oles en el mundo\u2019 regresa este verano a RTVE | Cand\u00e1s 365","description":"Este verano regresa a La 1 uno de los programas m\u00e1s queridos por los telespectadores, \u2018Espa\u00f1oles en el mundo\u2019. Una nueva temporada del espacio de viajes de RTVE que vuelve con nuevos e in\u00e9ditos destinos en busca de espa\u00f1oles que, un d\u00eda, decidieron cambiar su residencia para vivir en el extranjero. Setenta nuevos protagonistas con","canonical_url":"https:\/\/candas365.es\/noticias\/espanoles-en-el-mundo-regresa-este-verano-a-rtve\/","robots":"max-image-preview:large","keywords":"agenda","webmasterTools":{"google-site-verification":"UA-32230408-1","msvalidate.01":"354F3CDFB2DA171B47FBE9ABF1F88D5","miscellaneous":""},"schema":{"@context":"https:\/\/schema.org","@graph":[{"@type":"BreadcrumbList","@id":"https:\/\/candas365.es\/noticias\/espanoles-en-el-mundo-regresa-este-verano-a-rtve\/#breadcrumblist","itemListElement":[{"@type":"ListItem","@id":"https:\/\/candas365.es\/noticias#listItem","position":1,"name":"Home","item":"https:\/\/candas365.es\/noticias","nextItem":{"@type":"ListItem","@id":"https:\/\/candas365.es\/noticias\/category\/agenda\/#listItem","name":"Agenda"}},{"@type":"ListItem","@id":"https:\/\/candas365.es\/noticias\/category\/agenda\/#listItem","position":2,"name":"Agenda","item":"https:\/\/candas365.es\/noticias\/category\/agenda\/","nextItem":{"@type":"ListItem","@id":"https:\/\/candas365.es\/noticias\/espanoles-en-el-mundo-regresa-este-verano-a-rtve\/#listItem","name":"&#8216;Espa\u00f1oles en el mundo&#8217; regresa este verano a RTVE"},"previousItem":{"@type":"ListItem","@id":"https:\/\/candas365.es\/noticias#listItem","name":"Home"}},{"@type":"ListItem","@id":"https:\/\/candas365.es\/noticias\/espanoles-en-el-mundo-regresa-este-verano-a-rtve\/#listItem","position":3,"name":"&#8216;Espa\u00f1oles en el mundo&#8217; regresa este verano a RTVE","previousItem":{"@type":"ListItem","@id":"https:\/\/candas365.es\/noticias\/category\/agenda\/#listItem","name":"Agenda"}}]},{"@type":"NewsArticle","@id":"https:\/\/candas365.es\/noticias\/espanoles-en-el-mundo-regresa-este-verano-a-rtve\/#newsarticle","name":"\u2018Espa\u00f1oles en el mundo\u2019 regresa este verano a RTVE | Cand\u00e1s 365","headline":"&#8216;Espa\u00f1oles en el mundo&#8217; regresa este verano a RTVE","author":{"@id":"https:\/\/candas365.es\/noticias\/author\/admin\/#author"},"publisher":{"@id":"https:\/\/candas365.es\/noticias\/#organization"},"image":{"@type":"ImageObject","url":"https:\/\/candas365.es\/noticias\/wp-content\/uploads\/2017\/05\/telec365502.jpg","width":1180,"height":787},"datePublished":"2017-05-25T18:18:55+02:00","dateModified":"2017-05-25T18:18:55+02:00","inLanguage":"es-ES","mainEntityOfPage":{"@id":"https:\/\/candas365.es\/noticias\/espanoles-en-el-mundo-regresa-este-verano-a-rtve\/#webpage"},"isPartOf":{"@id":"https:\/\/candas365.es\/noticias\/espanoles-en-el-mundo-regresa-este-verano-a-rtve\/#webpage"},"articleSection":"Agenda","dateline":"Publicado el mayo 25, 2017."},{"@type":"Organization","@id":"https:\/\/candas365.es\/noticias\/#organization","name":"Cand\u00e1s 365","description":"Cand\u00e1s 365 es un diario digital independiente, fundado en 2012, con base en Asturias. Informamos con rigor sobre actualidad, sociedad, cultura y ocio, con una mirada local y global.","url":"https:\/\/candas365.es\/noticias\/","email":"info@candas365.es","telephone":"+34652131393","foundingDate":"2012-06-10","logo":{"@type":"ImageObject","url":"https:\/\/candas365.es\/noticias\/wp-content\/uploads\/2024\/09\/Candas-365-Redes.jpg","@id":"https:\/\/candas365.es\/noticias\/espanoles-en-el-mundo-regresa-este-verano-a-rtve\/#organizationLogo","width":1152,"height":864,"caption":"Cand\u00e1s 365 Redes"},"image":{"@id":"https:\/\/candas365.es\/noticias\/espanoles-en-el-mundo-regresa-este-verano-a-rtve\/#organizationLogo"},"sameAs":["https:\/\/www.facebook.com\/Nachofdezber","https:\/\/x.com\/NabercoDigital","https:\/\/www.instagram.com\/nachofdezber\/","https:\/\/www.youtube.com\/channel\/UCZP-2wLEB9Rv6erhFmqVnvg"],"address":{"@id":"https:\/\/candas365.es\/noticias\/#postaladdress","@type":"PostalAddress","streetAddress":"san antonio 4, san antonio 4","postalCode":"33430","addressLocality":"Cand\u00e1s","addressRegion":"Asturias","addressCountry":"ES"}},{"@type":"Person","@id":"https:\/\/candas365.es\/noticias\/author\/admin\/#author","url":"https:\/\/candas365.es\/noticias\/author\/admin\/","name":"Cand\u00e1s 365","image":{"@type":"ImageObject","@id":"https:\/\/candas365.es\/noticias\/espanoles-en-el-mundo-regresa-este-verano-a-rtve\/#authorImage","url":"https:\/\/secure.gravatar.com\/avatar\/496a8e03d0c493ede1718b7934145dbdf8d89be1036b0eec9544e1094c9de390?s=96&d=mm&r=g","width":96,"height":96,"caption":"Cand\u00e1s 365"},"sameAs":["https:\/\/www.facebook.com\/carrenoactualidad","https:\/\/twitter.com\/nbasturias","https:\/\/www.instagram.com\/nachofdezber\/","https:\/\/www.youtube.com\/channel\/UCZP-2wLEB9Rv6erhFmqVnvg"]},{"@type":"WebPage","@id":"https:\/\/candas365.es\/noticias\/espanoles-en-el-mundo-regresa-este-verano-a-rtve\/#webpage","url":"https:\/\/candas365.es\/noticias\/espanoles-en-el-mundo-regresa-este-verano-a-rtve\/","name":"\u2018Espa\u00f1oles en el mundo\u2019 regresa este verano a RTVE | Cand\u00e1s 365","description":"Este verano regresa a La 1 uno de los programas m\u00e1s queridos por los telespectadores, \u2018Espa\u00f1oles en el mundo\u2019. Una nueva temporada del espacio de viajes de RTVE que vuelve con nuevos e in\u00e9ditos destinos en busca de espa\u00f1oles que, un d\u00eda, decidieron cambiar su residencia para vivir en el extranjero. Setenta nuevos protagonistas con","inLanguage":"es-ES","isPartOf":{"@id":"https:\/\/candas365.es\/noticias\/#website"},"breadcrumb":{"@id":"https:\/\/candas365.es\/noticias\/espanoles-en-el-mundo-regresa-este-verano-a-rtve\/#breadcrumblist"},"author":{"@id":"https:\/\/candas365.es\/noticias\/author\/admin\/#author"},"creator":{"@id":"https:\/\/candas365.es\/noticias\/author\/admin\/#author"},"image":{"@type":"ImageObject","url":"https:\/\/candas365.es\/noticias\/wp-content\/uploads\/2017\/05\/telec365502.jpg","@id":"https:\/\/candas365.es\/noticias\/espanoles-en-el-mundo-regresa-este-verano-a-rtve\/#mainImage","width":1180,"height":787},"primaryImageOfPage":{"@id":"https:\/\/candas365.es\/noticias\/espanoles-en-el-mundo-regresa-este-verano-a-rtve\/#mainImage"},"datePublished":"2017-05-25T18:18:55+02:00","dateModified":"2017-05-25T18:18:55+02:00"},{"@type":"WebSite","@id":"https:\/\/candas365.es\/noticias\/#website","url":"https:\/\/candas365.es\/noticias\/","name":"Cand\u00e1s 365","alternateName":"Cand\u00e1s 365 Noticias","description":"Actualidad desde Carre\u00f1o para el mundo","inLanguage":"es-ES","publisher":{"@id":"https:\/\/candas365.es\/noticias\/#organization"}}]},"og:locale":"es_ES","og:site_name":"Cand\u00e1s 365","og:type":"article","og:title":"\u2018Espa\u00f1oles en el mundo\u2019 regresa este verano a RTVE | Cand\u00e1s 365","og:description":"Este verano regresa a La 1 uno de los programas m\u00e1s queridos por los telespectadores, \u2018Espa\u00f1oles en el mundo\u2019. Una nueva temporada del espacio de viajes de RTVE que vuelve con nuevos e in\u00e9ditos destinos en busca de espa\u00f1oles que, un d\u00eda, decidieron cambiar su residencia para vivir en el extranjero. Setenta nuevos protagonistas con","og:url":"https:\/\/candas365.es\/noticias\/espanoles-en-el-mundo-regresa-este-verano-a-rtve\/","og:image":"https:\/\/candas365.es\/noticias\/wp-content\/uploads\/2017\/05\/telec365502.jpg","og:image:secure_url":"https:\/\/candas365.es\/noticias\/wp-content\/uploads\/2017\/05\/telec365502.jpg","og:image:width":1180,"og:image:height":787,"article:published_time":"2017-05-25T18:18:55+00:00","article:modified_time":"2017-05-25T18:18:55+00:00","article:publisher":"https:\/\/www.facebook.com\/Nachofdezber","article:author":"https:\/\/www.facebook.com\/carrenoactualidad","twitter:card":"summary_large_image","twitter:site":"@NabercoDigital","twitter:title":"\u2018Espa\u00f1oles en el mundo\u2019 regresa este verano a RTVE | Cand\u00e1s 365","twitter:description":"Este verano regresa a La 1 uno de los programas m\u00e1s queridos por los telespectadores, \u2018Espa\u00f1oles en el mundo\u2019. Una nueva temporada del espacio de viajes de RTVE que vuelve con nuevos e in\u00e9ditos destinos en busca de espa\u00f1oles que, un d\u00eda, decidieron cambiar su residencia para vivir en el extranjero. Setenta nuevos protagonistas con","twitter:creator":"@nbasturias","twitter:image":"https:\/\/candas365.es\/noticias\/wp-content\/uploads\/2017\/05\/telec365502.jpg","twitter:label1":"Escrito por","twitter:data1":"Cand\u00e1s 365","twitter:label2":"Tiempo de lectura estimado","twitter:data2":"2 minutos"},"aioseo_meta_data":{"post_id":"72377","title":null,"description":null,"keywords":null,"keyphrases":null,"primary_term":null,"canonical_url":null,"og_title":null,"og_description":null,"og_object_type":"default","og_image_type":"default","og_image_url":null,"og_image_width":null,"og_image_height":null,"og_image_custom_url":null,"og_image_custom_fields":null,"og_video":null,"og_custom_url":null,"og_article_section":null,"og_article_tags":null,"twitter_use_og":false,"twitter_card":"default","twitter_image_type":"default","twitter_image_url":null,"twitter_image_custom_url":null,"twitter_image_custom_fields":null,"twitter_title":null,"twitter_description":null,"schema":{"blockGraphs":[],"customGraphs":[],"default":{"data":{"Article":[],"Course":[],"Dataset":[],"FAQPage":[],"Movie":[],"Person":[],"Product":[],"ProductReview":[],"Car":[],"Recipe":[],"Service":[],"SoftwareApplication":[],"WebPage":[]},"graphName":"","isEnabled":true},"graphs":[],"defaultGraph":"","defaultPostTypeGraph":""},"schema_type":null,"schema_type_options":null,"pillar_content":false,"robots_default":true,"robots_noindex":false,"robots_noarchive":false,"robots_nosnippet":false,"robots_nofollow":false,"robots_noimageindex":false,"robots_noodp":false,"robots_notranslate":false,"robots_max_snippet":null,"robots_max_videopreview":null,"robots_max_imagepreview":"large","priority":null,"frequency":null,"location":null,"local_seo":null,"seo_analyzer_scan_date":"2025-08-25 14:49:15","breadcrumb_settings":null,"limit_modified_date":false,"reviewed_by":null,"open_ai":null,"ai":null,"created":"2020-12-21 10:52:08","updated":"2025-08-25 14:49:15"},"aioseo_breadcrumb":"<div class=\"aioseo-breadcrumbs\"><span class=\"aioseo-breadcrumb\">\n\t<a href=\"https:\/\/candas365.es\/noticias\" title=\"Home\">Home<\/a>\n<\/span><span class=\"aioseo-breadcrumb-separator\">&ndash;<\/span><span class=\"aioseo-breadcrumb\">\n\t<a href=\"https:\/\/candas365.es\/noticias\/category\/agenda\/\" title=\"Agenda\">Agenda<\/a>\n<\/span><span class=\"aioseo-breadcrumb-separator\">&ndash;<\/span><span class=\"aioseo-breadcrumb\">\n\t\u2018Espa\u00f1oles en el mundo\u2019 regresa este verano a RTVE\n<\/span><\/div>","aioseo_breadcrumb_json":[{"label":"Home","link":"https:\/\/candas365.es\/noticias"},{"label":"Agenda","link":"https:\/\/candas365.es\/noticias\/category\/agenda\/"},{"label":"&#8216;Espa\u00f1oles en el mundo&#8217; regresa este verano a RTVE","link":"https:\/\/candas365.es\/noticias\/espanoles-en-el-mundo-regresa-este-verano-a-rtve\/"}],"_links":{"self":[{"href":"https:\/\/candas365.es\/noticias\/wp-json\/wp\/v2\/posts\/72377","targetHints":{"allow":["GET"]}}],"collection":[{"href":"https:\/\/candas365.es\/noticias\/wp-json\/wp\/v2\/posts"}],"about":[{"href":"https:\/\/candas365.es\/noticias\/wp-json\/wp\/v2\/types\/post"}],"author":[{"embeddable":true,"href":"https:\/\/candas365.es\/noticias\/wp-json\/wp\/v2\/users\/1"}],"replies":[{"embeddable":true,"href":"https:\/\/candas365.es\/noticias\/wp-json\/wp\/v2\/comments?post=72377"}],"version-history":[{"count":0,"href":"https:\/\/candas365.es\/noticias\/wp-json\/wp\/v2\/posts\/72377\/revisions"}],"wp:featuredmedia":[{"embeddable":true,"href":"https:\/\/candas365.es\/noticias\/wp-json\/wp\/v2\/media\/72378"}],"wp:attachment":[{"href":"https:\/\/candas365.es\/noticias\/wp-json\/wp\/v2\/media?parent=72377"}],"wp:term":[{"taxonomy":"category","embeddable":true,"href":"https:\/\/candas365.es\/noticias\/wp-json\/wp\/v2\/categories?post=72377"},{"taxonomy":"post_tag","embeddable":true,"href":"https:\/\/candas365.es\/noticias\/wp-json\/wp\/v2\/tags?post=72377"}],"curies":[{"name":"wp","href":"https:\/\/api.w.org\/{rel}","templated":true}]}}