{"id":72374,"date":"2017-05-25T18:17:27","date_gmt":"2017-05-25T18:17:27","guid":{"rendered":"http:\/\/candas365.es\/noticias\/?p=72374"},"modified":"2017-05-25T18:17:27","modified_gmt":"2017-05-25T18:17:27","slug":"aqui-la-tierra-cumple-su-tercer-ano-de-emision-en-la-1","status":"publish","type":"post","link":"https:\/\/candas365.es\/noticias\/aqui-la-tierra-cumple-su-tercer-ano-de-emision-en-la-1\/","title":{"rendered":"&#8216;Aqu\u00ed la Tierra&#8217; cumple su tercer a\u00f1o de emisi\u00f3n en La 1"},"content":{"rendered":"<p><img fetchpriority=\"high\" decoding=\"async\" class=\"alignleft size-medium wp-image-72375\" src=\"https:\/\/candas365.es\/noticias\/wp-content\/uploads\/2017\/05\/telec3651-360x240.jpg\" alt=\"\" width=\"360\" height=\"240\" srcset=\"https:\/\/candas365.es\/noticias\/wp-content\/uploads\/2017\/05\/telec3651-360x240.jpg 360w, https:\/\/candas365.es\/noticias\/wp-content\/uploads\/2017\/05\/telec3651-768x512.jpg 768w, https:\/\/candas365.es\/noticias\/wp-content\/uploads\/2017\/05\/telec3651-655x437.jpg 655w, https:\/\/candas365.es\/noticias\/wp-content\/uploads\/2017\/05\/telec3651-696x464.jpg 696w, https:\/\/candas365.es\/noticias\/wp-content\/uploads\/2017\/05\/telec3651-1068x712.jpg 1068w, https:\/\/candas365.es\/noticias\/wp-content\/uploads\/2017\/05\/telec3651-630x420.jpg 630w, https:\/\/candas365.es\/noticias\/wp-content\/uploads\/2017\/05\/telec3651-84x55.jpg 84w, https:\/\/candas365.es\/noticias\/wp-content\/uploads\/2017\/05\/telec3651.jpg 1180w\" sizes=\"(max-width: 360px) 100vw, 360px\" \/>&#8216;Aqu\u00ed la Tierra&#8217;, el magac\u00edn divulgativo y de entretenimiento sobre el clima y el planeta, cumple este s\u00e1bado 27 de mayo tres a\u00f1os en las tardes de La 1, consolidado como uno de los espacios favoritos de los espectadores. Para celebrarlo, el programa emitir\u00e1 este viernes un repaso a sus mejores momentos y Jacob Petrus har\u00e1 un Facebook Live y responder\u00e1 a las preguntas de los \u00abterr\u00edcolas\u00bb. &#8216;Aqu\u00ed la Tierra&#8217; se emite de lunes a viernes a las 20:30 horas en La 1 con Jacob Petrus, y los domingos, con Quico Taronj\u00ed.<\/p>\n<p>&#8216;Aqu\u00ed la Tierra&#8217;, dirigido por Jacob Petrus y V\u00edctor Otamendi, ha acompa\u00f1ado a los espectadores durante tres a\u00f1os con informaci\u00f3n amena y curiosa sobre c\u00f3mo afecta el clima y los fen\u00f3menos asociados a \u00e9l a las personas, los animales y al planeta.<\/p>\n<p>Desde su estreno en mayo de 2014, el magac\u00edn ha ido sumando caras nuevas a su familia de reporteros. Las \u00faltimas incorporaciones han sido las de \u00c1ngeles Cortina y Omar Mor\u00e1n, que se unen a los ya conocidos Koldo Arrastia, Mar Villalobos, Vicente Rubio, San Morales, Luc\u00eda Mbomio, Cristina Tovar, Juan Pablo Carpintero y Marta M\u00e1rquez.<\/p>\n<p>El programa acaba de incorporar dos secciones nuevas. Una de ellas es &#8216;Aqu\u00ed mi tierra&#8217;, donde un personaje famoso ense\u00f1a su pueblo, el lugar donde naci\u00f3 y donde pas\u00f3 su infancia, para recuperar sus recuerdos, especialmente los relacionados con los alimentos y las recetas de su casa. En esta secci\u00f3n aparecen conocidos rostros como Manu Tenorio, Mayra G\u00f3mez Kemp, Ketama o Los del R\u00edo.<\/p>\n<p>La otra secci\u00f3n es &#8216;La Cata&#8217;, una serie de reportajes donde se degustan tres variantes de un producto de calidad, que luego se traslada al p\u00fablico de la calle para ver si son capaces de distinguirlos. De este modo, se podr\u00e1 ver si los espectadores encuentran las diferencias entre el jam\u00f3n de recebo, el de bellota o el ib\u00e9rico; o entre pamplinas, collejas y berros.<\/p>\n<p>El cari\u00f1o que el p\u00fablico demuestra hacia el equipo de &#8216;Aqu\u00ed la Tierra&#8217; y sus buenos datos de audiencia propiciaron que el pasado 12 de marzo ampliara sus emisiones a los domingos, presentado por Quico Taronj\u00ed, con la colaboraci\u00f3n de la meteor\u00f3loga Isabel Zubiaurre.<\/p>\n<p>Una audiencia y acogida consolidadas<\/p>\n<p>&#8216;Aqu\u00ed la Tierra&#8217; se ha consolidado en las tardes de La 1 como una de las opciones favoritas del p\u00fablico. El programa comenz\u00f3 a emitirse el 27 de mayo de 2014, y ya ha superado las 600 emisiones.<\/p>\n<p>Por temporadas, consigue su mejor registro de audiencia en la actual, con una media de 1.574.000 seguidores y un 12% de cuota desde septiembre de 2016. En lo que llevamos de 2017 promedia 1.634.000 espectadores y 12,1%. Y su mejor trimestre hist\u00f3rico es el primero de este a\u00f1o (enero, febrero, marzo) con una media de 1.788.000 espectadores y una cuota de pantalla del 12,5%. Su r\u00e9cord en n\u00famero de espectadores lo logr\u00f3 el 19 de enero de 2017, con 2.180.000; y su m\u00e1xima cuota hist\u00f3rica, un 14,3%, se ha repetido en tres ocasiones desde su estreno.<\/p>\n<p>En estos tres a\u00f1os el programa ha recibido numerosos reconocimientos: Premio Biocultura 2015 de Periodismo en Televisi\u00f3n, Premio Nacional de Periodismo Ciudad de Guadix 2016, Premio de Period\u00edstico Ecovidrio, el Internacional de Comunicaci\u00f3n Tur\u00edstica, o el Premio Imagen de la Sociedad Geogr\u00e1fica Espa\u00f1ola, entre otros.<\/p>\n<p>&nbsp;<\/p>\n","protected":false},"excerpt":{"rendered":"<p>&#8216;Aqu\u00ed la Tierra&#8217;, el magac\u00edn divulgativo y de entretenimiento sobre el clima y el planeta, cumple este s\u00e1bado 27 de mayo tres a\u00f1os en las tardes de La 1, consolidado como uno de los espacios favoritos de los espectadores. Para celebrarlo, el programa emitir\u00e1 este viernes un repaso a sus mejores momentos y Jacob Petrus<\/p>\n","protected":false},"author":1,"featured_media":72375,"comment_status":"open","ping_status":"closed","sticky":false,"template":"","format":"standard","meta":{"footnotes":""},"categories":[1],"tags":[],"class_list":{"0":"post-72374","1":"post","2":"type-post","3":"status-publish","4":"format-standard","5":"has-post-thumbnail","7":"category-agenda"},"aioseo_notices":[],"aioseo_head":"\n\t\t<!-- All in One SEO Pro 4.9.6.2 - aioseo.com -->\n\t<meta name=\"description\" content=\"&#039;Aqu\u00ed la Tierra&#039;, el magac\u00edn divulgativo y de entretenimiento sobre el clima y el planeta, cumple este s\u00e1bado 27 de mayo tres a\u00f1os en las tardes de La 1, consolidado como uno de los espacios favoritos de los espectadores. Para celebrarlo, el programa emitir\u00e1 este viernes un repaso a sus mejores momentos y Jacob Petrus\" \/>\n\t<meta name=\"robots\" content=\"max-image-preview:large\" \/>\n\t<meta name=\"author\" content=\"Cand\u00e1s 365\"\/>\n\t<meta name=\"google-site-verification\" content=\"UA-32230408-1\" \/>\n\t<meta name=\"msvalidate.01\" content=\"354F3CDFB2DA171B47FBE9ABF1F88D5\" \/>\n\t<meta name=\"keywords\" content=\"agenda\" \/>\n\t<link rel=\"canonical\" href=\"https:\/\/candas365.es\/noticias\/aqui-la-tierra-cumple-su-tercer-ano-de-emision-en-la-1\/\" \/>\n\t<meta name=\"generator\" content=\"All in One SEO Pro (AIOSEO) 4.9.6.2\" \/>\n\t\t<meta property=\"og:locale\" content=\"es_ES\" \/>\n\t\t<meta property=\"og:site_name\" content=\"Cand\u00e1s 365\" \/>\n\t\t<meta property=\"og:type\" content=\"article\" \/>\n\t\t<meta property=\"og:title\" content=\"\u2018Aqu\u00ed la Tierra\u2019 cumple su tercer a\u00f1o de emisi\u00f3n en La 1 | Cand\u00e1s 365\" \/>\n\t\t<meta property=\"og:description\" content=\"&#039;Aqu\u00ed la Tierra&#039;, el magac\u00edn divulgativo y de entretenimiento sobre el clima y el planeta, cumple este s\u00e1bado 27 de mayo tres a\u00f1os en las tardes de La 1, consolidado como uno de los espacios favoritos de los espectadores. Para celebrarlo, el programa emitir\u00e1 este viernes un repaso a sus mejores momentos y Jacob Petrus\" \/>\n\t\t<meta property=\"og:url\" content=\"https:\/\/candas365.es\/noticias\/aqui-la-tierra-cumple-su-tercer-ano-de-emision-en-la-1\/\" \/>\n\t\t<meta property=\"og:image\" content=\"https:\/\/candas365.es\/noticias\/wp-content\/uploads\/2017\/05\/telec3651.jpg\" \/>\n\t\t<meta property=\"og:image:secure_url\" content=\"https:\/\/candas365.es\/noticias\/wp-content\/uploads\/2017\/05\/telec3651.jpg\" \/>\n\t\t<meta property=\"og:image:width\" content=\"1180\" \/>\n\t\t<meta property=\"og:image:height\" content=\"787\" \/>\n\t\t<meta property=\"article:published_time\" content=\"2017-05-25T18:17:27+00:00\" \/>\n\t\t<meta property=\"article:modified_time\" content=\"2017-05-25T18:17:27+00:00\" \/>\n\t\t<meta property=\"article:publisher\" content=\"https:\/\/www.facebook.com\/Nachofdezber\" \/>\n\t\t<meta property=\"article:author\" content=\"https:\/\/www.facebook.com\/carrenoactualidad\" \/>\n\t\t<meta name=\"twitter:card\" content=\"summary_large_image\" \/>\n\t\t<meta name=\"twitter:site\" content=\"@NabercoDigital\" \/>\n\t\t<meta name=\"twitter:title\" content=\"\u2018Aqu\u00ed la Tierra\u2019 cumple su tercer a\u00f1o de emisi\u00f3n en La 1 | Cand\u00e1s 365\" \/>\n\t\t<meta name=\"twitter:description\" content=\"&#039;Aqu\u00ed la Tierra&#039;, el magac\u00edn divulgativo y de entretenimiento sobre el clima y el planeta, cumple este s\u00e1bado 27 de mayo tres a\u00f1os en las tardes de La 1, consolidado como uno de los espacios favoritos de los espectadores. Para celebrarlo, el programa emitir\u00e1 este viernes un repaso a sus mejores momentos y Jacob Petrus\" \/>\n\t\t<meta name=\"twitter:creator\" content=\"@nbasturias\" \/>\n\t\t<meta name=\"twitter:image\" content=\"https:\/\/candas365.es\/noticias\/wp-content\/uploads\/2017\/05\/telec3651.jpg\" \/>\n\t\t<meta name=\"twitter:label1\" content=\"Escrito por\" \/>\n\t\t<meta name=\"twitter:data1\" content=\"Cand\u00e1s 365\" \/>\n\t\t<meta name=\"twitter:label2\" content=\"Tiempo de lectura estimado\" \/>\n\t\t<meta name=\"twitter:data2\" content=\"3 minutos\" \/>\n\t\t<script type=\"application\/ld+json\" class=\"aioseo-schema\">\n\t\t\t{\"@context\":\"https:\\\/\\\/schema.org\",\"@graph\":[{\"@type\":\"BreadcrumbList\",\"@id\":\"https:\\\/\\\/candas365.es\\\/noticias\\\/aqui-la-tierra-cumple-su-tercer-ano-de-emision-en-la-1\\\/#breadcrumblist\",\"itemListElement\":[{\"@type\":\"ListItem\",\"@id\":\"https:\\\/\\\/candas365.es\\\/noticias#listItem\",\"position\":1,\"name\":\"Home\",\"item\":\"https:\\\/\\\/candas365.es\\\/noticias\",\"nextItem\":{\"@type\":\"ListItem\",\"@id\":\"https:\\\/\\\/candas365.es\\\/noticias\\\/category\\\/agenda\\\/#listItem\",\"name\":\"Agenda\"}},{\"@type\":\"ListItem\",\"@id\":\"https:\\\/\\\/candas365.es\\\/noticias\\\/category\\\/agenda\\\/#listItem\",\"position\":2,\"name\":\"Agenda\",\"item\":\"https:\\\/\\\/candas365.es\\\/noticias\\\/category\\\/agenda\\\/\",\"nextItem\":{\"@type\":\"ListItem\",\"@id\":\"https:\\\/\\\/candas365.es\\\/noticias\\\/aqui-la-tierra-cumple-su-tercer-ano-de-emision-en-la-1\\\/#listItem\",\"name\":\"&#8216;Aqu\\u00ed la Tierra&#8217; cumple su tercer a\\u00f1o de emisi\\u00f3n en La 1\"},\"previousItem\":{\"@type\":\"ListItem\",\"@id\":\"https:\\\/\\\/candas365.es\\\/noticias#listItem\",\"name\":\"Home\"}},{\"@type\":\"ListItem\",\"@id\":\"https:\\\/\\\/candas365.es\\\/noticias\\\/aqui-la-tierra-cumple-su-tercer-ano-de-emision-en-la-1\\\/#listItem\",\"position\":3,\"name\":\"&#8216;Aqu\\u00ed la Tierra&#8217; cumple su tercer a\\u00f1o de emisi\\u00f3n en La 1\",\"previousItem\":{\"@type\":\"ListItem\",\"@id\":\"https:\\\/\\\/candas365.es\\\/noticias\\\/category\\\/agenda\\\/#listItem\",\"name\":\"Agenda\"}}]},{\"@type\":\"NewsArticle\",\"@id\":\"https:\\\/\\\/candas365.es\\\/noticias\\\/aqui-la-tierra-cumple-su-tercer-ano-de-emision-en-la-1\\\/#newsarticle\",\"name\":\"\\u2018Aqu\\u00ed la Tierra\\u2019 cumple su tercer a\\u00f1o de emisi\\u00f3n en La 1 | Cand\\u00e1s 365\",\"headline\":\"&#8216;Aqu\\u00ed la Tierra&#8217; cumple su tercer a\\u00f1o de emisi\\u00f3n en La 1\",\"author\":{\"@id\":\"https:\\\/\\\/candas365.es\\\/noticias\\\/author\\\/admin\\\/#author\"},\"publisher\":{\"@id\":\"https:\\\/\\\/candas365.es\\\/noticias\\\/#organization\"},\"image\":{\"@type\":\"ImageObject\",\"url\":\"https:\\\/\\\/candas365.es\\\/noticias\\\/wp-content\\\/uploads\\\/2017\\\/05\\\/telec3651.jpg\",\"width\":1180,\"height\":787},\"datePublished\":\"2017-05-25T18:17:27+02:00\",\"dateModified\":\"2017-05-25T18:17:27+02:00\",\"inLanguage\":\"es-ES\",\"mainEntityOfPage\":{\"@id\":\"https:\\\/\\\/candas365.es\\\/noticias\\\/aqui-la-tierra-cumple-su-tercer-ano-de-emision-en-la-1\\\/#webpage\"},\"isPartOf\":{\"@id\":\"https:\\\/\\\/candas365.es\\\/noticias\\\/aqui-la-tierra-cumple-su-tercer-ano-de-emision-en-la-1\\\/#webpage\"},\"articleSection\":\"Agenda\",\"dateline\":\"Publicado el mayo 25, 2017.\"},{\"@type\":\"Organization\",\"@id\":\"https:\\\/\\\/candas365.es\\\/noticias\\\/#organization\",\"name\":\"Cand\\u00e1s 365\",\"description\":\"Cand\\u00e1s 365 es un diario digital independiente, fundado en 2012, con base en Asturias. Informamos con rigor sobre actualidad, sociedad, cultura y ocio, con una mirada local y global.\",\"url\":\"https:\\\/\\\/candas365.es\\\/noticias\\\/\",\"email\":\"info@candas365.es\",\"telephone\":\"+34652131393\",\"foundingDate\":\"2012-06-10\",\"logo\":{\"@type\":\"ImageObject\",\"url\":\"https:\\\/\\\/candas365.es\\\/noticias\\\/wp-content\\\/uploads\\\/2024\\\/09\\\/Candas-365-Redes.jpg\",\"@id\":\"https:\\\/\\\/candas365.es\\\/noticias\\\/aqui-la-tierra-cumple-su-tercer-ano-de-emision-en-la-1\\\/#organizationLogo\",\"width\":1152,\"height\":864,\"caption\":\"Cand\\u00e1s 365 Redes\"},\"image\":{\"@id\":\"https:\\\/\\\/candas365.es\\\/noticias\\\/aqui-la-tierra-cumple-su-tercer-ano-de-emision-en-la-1\\\/#organizationLogo\"},\"sameAs\":[\"https:\\\/\\\/www.facebook.com\\\/Nachofdezber\",\"https:\\\/\\\/x.com\\\/NabercoDigital\",\"https:\\\/\\\/www.instagram.com\\\/nachofdezber\\\/\",\"https:\\\/\\\/www.youtube.com\\\/channel\\\/UCZP-2wLEB9Rv6erhFmqVnvg\"],\"address\":{\"@id\":\"https:\\\/\\\/candas365.es\\\/noticias\\\/#postaladdress\",\"@type\":\"PostalAddress\",\"streetAddress\":\"san antonio 4, san antonio 4\",\"postalCode\":\"33430\",\"addressLocality\":\"Cand\\u00e1s\",\"addressRegion\":\"Asturias\",\"addressCountry\":\"ES\"}},{\"@type\":\"Person\",\"@id\":\"https:\\\/\\\/candas365.es\\\/noticias\\\/author\\\/admin\\\/#author\",\"url\":\"https:\\\/\\\/candas365.es\\\/noticias\\\/author\\\/admin\\\/\",\"name\":\"Cand\\u00e1s 365\",\"image\":{\"@type\":\"ImageObject\",\"@id\":\"https:\\\/\\\/candas365.es\\\/noticias\\\/aqui-la-tierra-cumple-su-tercer-ano-de-emision-en-la-1\\\/#authorImage\",\"url\":\"https:\\\/\\\/secure.gravatar.com\\\/avatar\\\/496a8e03d0c493ede1718b7934145dbdf8d89be1036b0eec9544e1094c9de390?s=96&d=mm&r=g\",\"width\":96,\"height\":96,\"caption\":\"Cand\\u00e1s 365\"},\"sameAs\":[\"https:\\\/\\\/www.facebook.com\\\/carrenoactualidad\",\"https:\\\/\\\/twitter.com\\\/nbasturias\",\"https:\\\/\\\/www.instagram.com\\\/nachofdezber\\\/\",\"https:\\\/\\\/www.youtube.com\\\/channel\\\/UCZP-2wLEB9Rv6erhFmqVnvg\"]},{\"@type\":\"WebPage\",\"@id\":\"https:\\\/\\\/candas365.es\\\/noticias\\\/aqui-la-tierra-cumple-su-tercer-ano-de-emision-en-la-1\\\/#webpage\",\"url\":\"https:\\\/\\\/candas365.es\\\/noticias\\\/aqui-la-tierra-cumple-su-tercer-ano-de-emision-en-la-1\\\/\",\"name\":\"\\u2018Aqu\\u00ed la Tierra\\u2019 cumple su tercer a\\u00f1o de emisi\\u00f3n en La 1 | Cand\\u00e1s 365\",\"description\":\"'Aqu\\u00ed la Tierra', el magac\\u00edn divulgativo y de entretenimiento sobre el clima y el planeta, cumple este s\\u00e1bado 27 de mayo tres a\\u00f1os en las tardes de La 1, consolidado como uno de los espacios favoritos de los espectadores. Para celebrarlo, el programa emitir\\u00e1 este viernes un repaso a sus mejores momentos y Jacob Petrus\",\"inLanguage\":\"es-ES\",\"isPartOf\":{\"@id\":\"https:\\\/\\\/candas365.es\\\/noticias\\\/#website\"},\"breadcrumb\":{\"@id\":\"https:\\\/\\\/candas365.es\\\/noticias\\\/aqui-la-tierra-cumple-su-tercer-ano-de-emision-en-la-1\\\/#breadcrumblist\"},\"author\":{\"@id\":\"https:\\\/\\\/candas365.es\\\/noticias\\\/author\\\/admin\\\/#author\"},\"creator\":{\"@id\":\"https:\\\/\\\/candas365.es\\\/noticias\\\/author\\\/admin\\\/#author\"},\"image\":{\"@type\":\"ImageObject\",\"url\":\"https:\\\/\\\/candas365.es\\\/noticias\\\/wp-content\\\/uploads\\\/2017\\\/05\\\/telec3651.jpg\",\"@id\":\"https:\\\/\\\/candas365.es\\\/noticias\\\/aqui-la-tierra-cumple-su-tercer-ano-de-emision-en-la-1\\\/#mainImage\",\"width\":1180,\"height\":787},\"primaryImageOfPage\":{\"@id\":\"https:\\\/\\\/candas365.es\\\/noticias\\\/aqui-la-tierra-cumple-su-tercer-ano-de-emision-en-la-1\\\/#mainImage\"},\"datePublished\":\"2017-05-25T18:17:27+02:00\",\"dateModified\":\"2017-05-25T18:17:27+02:00\"},{\"@type\":\"WebSite\",\"@id\":\"https:\\\/\\\/candas365.es\\\/noticias\\\/#website\",\"url\":\"https:\\\/\\\/candas365.es\\\/noticias\\\/\",\"name\":\"Cand\\u00e1s 365\",\"alternateName\":\"Cand\\u00e1s 365 Noticias\",\"description\":\"Actualidad desde Carre\\u00f1o para el mundo\",\"inLanguage\":\"es-ES\",\"publisher\":{\"@id\":\"https:\\\/\\\/candas365.es\\\/noticias\\\/#organization\"}}]}\n\t\t<\/script>\n\t\t<!-- All in One SEO Pro -->\r\n\t\t<title>\u2018Aqu\u00ed la Tierra\u2019 cumple su tercer a\u00f1o de emisi\u00f3n en La 1 | Cand\u00e1s 365<\/title>\n\n","aioseo_head_json":{"title":"\u2018Aqu\u00ed la Tierra\u2019 cumple su tercer a\u00f1o de emisi\u00f3n en La 1 | Cand\u00e1s 365","description":"'Aqu\u00ed la Tierra', el magac\u00edn divulgativo y de entretenimiento sobre el clima y el planeta, cumple este s\u00e1bado 27 de mayo tres a\u00f1os en las tardes de La 1, consolidado como uno de los espacios favoritos de los espectadores. Para celebrarlo, el programa emitir\u00e1 este viernes un repaso a sus mejores momentos y Jacob Petrus","canonical_url":"https:\/\/candas365.es\/noticias\/aqui-la-tierra-cumple-su-tercer-ano-de-emision-en-la-1\/","robots":"max-image-preview:large","keywords":"agenda","webmasterTools":{"google-site-verification":"UA-32230408-1","msvalidate.01":"354F3CDFB2DA171B47FBE9ABF1F88D5","miscellaneous":""},"schema":{"@context":"https:\/\/schema.org","@graph":[{"@type":"BreadcrumbList","@id":"https:\/\/candas365.es\/noticias\/aqui-la-tierra-cumple-su-tercer-ano-de-emision-en-la-1\/#breadcrumblist","itemListElement":[{"@type":"ListItem","@id":"https:\/\/candas365.es\/noticias#listItem","position":1,"name":"Home","item":"https:\/\/candas365.es\/noticias","nextItem":{"@type":"ListItem","@id":"https:\/\/candas365.es\/noticias\/category\/agenda\/#listItem","name":"Agenda"}},{"@type":"ListItem","@id":"https:\/\/candas365.es\/noticias\/category\/agenda\/#listItem","position":2,"name":"Agenda","item":"https:\/\/candas365.es\/noticias\/category\/agenda\/","nextItem":{"@type":"ListItem","@id":"https:\/\/candas365.es\/noticias\/aqui-la-tierra-cumple-su-tercer-ano-de-emision-en-la-1\/#listItem","name":"&#8216;Aqu\u00ed la Tierra&#8217; cumple su tercer a\u00f1o de emisi\u00f3n en La 1"},"previousItem":{"@type":"ListItem","@id":"https:\/\/candas365.es\/noticias#listItem","name":"Home"}},{"@type":"ListItem","@id":"https:\/\/candas365.es\/noticias\/aqui-la-tierra-cumple-su-tercer-ano-de-emision-en-la-1\/#listItem","position":3,"name":"&#8216;Aqu\u00ed la Tierra&#8217; cumple su tercer a\u00f1o de emisi\u00f3n en La 1","previousItem":{"@type":"ListItem","@id":"https:\/\/candas365.es\/noticias\/category\/agenda\/#listItem","name":"Agenda"}}]},{"@type":"NewsArticle","@id":"https:\/\/candas365.es\/noticias\/aqui-la-tierra-cumple-su-tercer-ano-de-emision-en-la-1\/#newsarticle","name":"\u2018Aqu\u00ed la Tierra\u2019 cumple su tercer a\u00f1o de emisi\u00f3n en La 1 | Cand\u00e1s 365","headline":"&#8216;Aqu\u00ed la Tierra&#8217; cumple su tercer a\u00f1o de emisi\u00f3n en La 1","author":{"@id":"https:\/\/candas365.es\/noticias\/author\/admin\/#author"},"publisher":{"@id":"https:\/\/candas365.es\/noticias\/#organization"},"image":{"@type":"ImageObject","url":"https:\/\/candas365.es\/noticias\/wp-content\/uploads\/2017\/05\/telec3651.jpg","width":1180,"height":787},"datePublished":"2017-05-25T18:17:27+02:00","dateModified":"2017-05-25T18:17:27+02:00","inLanguage":"es-ES","mainEntityOfPage":{"@id":"https:\/\/candas365.es\/noticias\/aqui-la-tierra-cumple-su-tercer-ano-de-emision-en-la-1\/#webpage"},"isPartOf":{"@id":"https:\/\/candas365.es\/noticias\/aqui-la-tierra-cumple-su-tercer-ano-de-emision-en-la-1\/#webpage"},"articleSection":"Agenda","dateline":"Publicado el mayo 25, 2017."},{"@type":"Organization","@id":"https:\/\/candas365.es\/noticias\/#organization","name":"Cand\u00e1s 365","description":"Cand\u00e1s 365 es un diario digital independiente, fundado en 2012, con base en Asturias. Informamos con rigor sobre actualidad, sociedad, cultura y ocio, con una mirada local y global.","url":"https:\/\/candas365.es\/noticias\/","email":"info@candas365.es","telephone":"+34652131393","foundingDate":"2012-06-10","logo":{"@type":"ImageObject","url":"https:\/\/candas365.es\/noticias\/wp-content\/uploads\/2024\/09\/Candas-365-Redes.jpg","@id":"https:\/\/candas365.es\/noticias\/aqui-la-tierra-cumple-su-tercer-ano-de-emision-en-la-1\/#organizationLogo","width":1152,"height":864,"caption":"Cand\u00e1s 365 Redes"},"image":{"@id":"https:\/\/candas365.es\/noticias\/aqui-la-tierra-cumple-su-tercer-ano-de-emision-en-la-1\/#organizationLogo"},"sameAs":["https:\/\/www.facebook.com\/Nachofdezber","https:\/\/x.com\/NabercoDigital","https:\/\/www.instagram.com\/nachofdezber\/","https:\/\/www.youtube.com\/channel\/UCZP-2wLEB9Rv6erhFmqVnvg"],"address":{"@id":"https:\/\/candas365.es\/noticias\/#postaladdress","@type":"PostalAddress","streetAddress":"san antonio 4, san antonio 4","postalCode":"33430","addressLocality":"Cand\u00e1s","addressRegion":"Asturias","addressCountry":"ES"}},{"@type":"Person","@id":"https:\/\/candas365.es\/noticias\/author\/admin\/#author","url":"https:\/\/candas365.es\/noticias\/author\/admin\/","name":"Cand\u00e1s 365","image":{"@type":"ImageObject","@id":"https:\/\/candas365.es\/noticias\/aqui-la-tierra-cumple-su-tercer-ano-de-emision-en-la-1\/#authorImage","url":"https:\/\/secure.gravatar.com\/avatar\/496a8e03d0c493ede1718b7934145dbdf8d89be1036b0eec9544e1094c9de390?s=96&d=mm&r=g","width":96,"height":96,"caption":"Cand\u00e1s 365"},"sameAs":["https:\/\/www.facebook.com\/carrenoactualidad","https:\/\/twitter.com\/nbasturias","https:\/\/www.instagram.com\/nachofdezber\/","https:\/\/www.youtube.com\/channel\/UCZP-2wLEB9Rv6erhFmqVnvg"]},{"@type":"WebPage","@id":"https:\/\/candas365.es\/noticias\/aqui-la-tierra-cumple-su-tercer-ano-de-emision-en-la-1\/#webpage","url":"https:\/\/candas365.es\/noticias\/aqui-la-tierra-cumple-su-tercer-ano-de-emision-en-la-1\/","name":"\u2018Aqu\u00ed la Tierra\u2019 cumple su tercer a\u00f1o de emisi\u00f3n en La 1 | Cand\u00e1s 365","description":"'Aqu\u00ed la Tierra', el magac\u00edn divulgativo y de entretenimiento sobre el clima y el planeta, cumple este s\u00e1bado 27 de mayo tres a\u00f1os en las tardes de La 1, consolidado como uno de los espacios favoritos de los espectadores. Para celebrarlo, el programa emitir\u00e1 este viernes un repaso a sus mejores momentos y Jacob Petrus","inLanguage":"es-ES","isPartOf":{"@id":"https:\/\/candas365.es\/noticias\/#website"},"breadcrumb":{"@id":"https:\/\/candas365.es\/noticias\/aqui-la-tierra-cumple-su-tercer-ano-de-emision-en-la-1\/#breadcrumblist"},"author":{"@id":"https:\/\/candas365.es\/noticias\/author\/admin\/#author"},"creator":{"@id":"https:\/\/candas365.es\/noticias\/author\/admin\/#author"},"image":{"@type":"ImageObject","url":"https:\/\/candas365.es\/noticias\/wp-content\/uploads\/2017\/05\/telec3651.jpg","@id":"https:\/\/candas365.es\/noticias\/aqui-la-tierra-cumple-su-tercer-ano-de-emision-en-la-1\/#mainImage","width":1180,"height":787},"primaryImageOfPage":{"@id":"https:\/\/candas365.es\/noticias\/aqui-la-tierra-cumple-su-tercer-ano-de-emision-en-la-1\/#mainImage"},"datePublished":"2017-05-25T18:17:27+02:00","dateModified":"2017-05-25T18:17:27+02:00"},{"@type":"WebSite","@id":"https:\/\/candas365.es\/noticias\/#website","url":"https:\/\/candas365.es\/noticias\/","name":"Cand\u00e1s 365","alternateName":"Cand\u00e1s 365 Noticias","description":"Actualidad desde Carre\u00f1o para el mundo","inLanguage":"es-ES","publisher":{"@id":"https:\/\/candas365.es\/noticias\/#organization"}}]},"og:locale":"es_ES","og:site_name":"Cand\u00e1s 365","og:type":"article","og:title":"\u2018Aqu\u00ed la Tierra\u2019 cumple su tercer a\u00f1o de emisi\u00f3n en La 1 | Cand\u00e1s 365","og:description":"'Aqu\u00ed la Tierra', el magac\u00edn divulgativo y de entretenimiento sobre el clima y el planeta, cumple este s\u00e1bado 27 de mayo tres a\u00f1os en las tardes de La 1, consolidado como uno de los espacios favoritos de los espectadores. Para celebrarlo, el programa emitir\u00e1 este viernes un repaso a sus mejores momentos y Jacob Petrus","og:url":"https:\/\/candas365.es\/noticias\/aqui-la-tierra-cumple-su-tercer-ano-de-emision-en-la-1\/","og:image":"https:\/\/candas365.es\/noticias\/wp-content\/uploads\/2017\/05\/telec3651.jpg","og:image:secure_url":"https:\/\/candas365.es\/noticias\/wp-content\/uploads\/2017\/05\/telec3651.jpg","og:image:width":1180,"og:image:height":787,"article:published_time":"2017-05-25T18:17:27+00:00","article:modified_time":"2017-05-25T18:17:27+00:00","article:publisher":"https:\/\/www.facebook.com\/Nachofdezber","article:author":"https:\/\/www.facebook.com\/carrenoactualidad","twitter:card":"summary_large_image","twitter:site":"@NabercoDigital","twitter:title":"\u2018Aqu\u00ed la Tierra\u2019 cumple su tercer a\u00f1o de emisi\u00f3n en La 1 | Cand\u00e1s 365","twitter:description":"'Aqu\u00ed la Tierra', el magac\u00edn divulgativo y de entretenimiento sobre el clima y el planeta, cumple este s\u00e1bado 27 de mayo tres a\u00f1os en las tardes de La 1, consolidado como uno de los espacios favoritos de los espectadores. Para celebrarlo, el programa emitir\u00e1 este viernes un repaso a sus mejores momentos y Jacob Petrus","twitter:creator":"@nbasturias","twitter:image":"https:\/\/candas365.es\/noticias\/wp-content\/uploads\/2017\/05\/telec3651.jpg","twitter:label1":"Escrito por","twitter:data1":"Cand\u00e1s 365","twitter:label2":"Tiempo de lectura estimado","twitter:data2":"3 minutos"},"aioseo_meta_data":{"post_id":"72374","title":null,"description":null,"keywords":null,"keyphrases":null,"primary_term":null,"canonical_url":null,"og_title":null,"og_description":null,"og_object_type":"default","og_image_type":"default","og_image_url":null,"og_image_width":null,"og_image_height":null,"og_image_custom_url":null,"og_image_custom_fields":null,"og_video":null,"og_custom_url":null,"og_article_section":null,"og_article_tags":null,"twitter_use_og":false,"twitter_card":"default","twitter_image_type":"default","twitter_image_url":null,"twitter_image_custom_url":null,"twitter_image_custom_fields":null,"twitter_title":null,"twitter_description":null,"schema":{"blockGraphs":[],"customGraphs":[],"default":{"data":{"Article":[],"Course":[],"Dataset":[],"FAQPage":[],"Movie":[],"Person":[],"Product":[],"ProductReview":[],"Car":[],"Recipe":[],"Service":[],"SoftwareApplication":[],"WebPage":[]},"graphName":"","isEnabled":true},"graphs":[]},"schema_type":null,"schema_type_options":null,"pillar_content":false,"robots_default":true,"robots_noindex":false,"robots_noarchive":false,"robots_nosnippet":false,"robots_nofollow":false,"robots_noimageindex":false,"robots_noodp":false,"robots_notranslate":false,"robots_max_snippet":null,"robots_max_videopreview":null,"robots_max_imagepreview":"large","priority":null,"frequency":null,"location":null,"local_seo":null,"seo_analyzer_scan_date":"2025-08-25 14:49:14","breadcrumb_settings":null,"limit_modified_date":false,"reviewed_by":null,"open_ai":null,"ai":null,"created":"2020-12-21 10:52:08","updated":"2025-08-25 14:49:14"},"aioseo_breadcrumb":"<div class=\"aioseo-breadcrumbs\"><span class=\"aioseo-breadcrumb\">\n\t<a href=\"https:\/\/candas365.es\/noticias\" title=\"Home\">Home<\/a>\n<\/span><span class=\"aioseo-breadcrumb-separator\">&ndash;<\/span><span class=\"aioseo-breadcrumb\">\n\t<a href=\"https:\/\/candas365.es\/noticias\/category\/agenda\/\" title=\"Agenda\">Agenda<\/a>\n<\/span><span class=\"aioseo-breadcrumb-separator\">&ndash;<\/span><span class=\"aioseo-breadcrumb\">\n\t\u2018Aqu\u00ed la Tierra\u2019 cumple su tercer a\u00f1o de emisi\u00f3n en La 1\n<\/span><\/div>","aioseo_breadcrumb_json":[{"label":"Home","link":"https:\/\/candas365.es\/noticias"},{"label":"Agenda","link":"https:\/\/candas365.es\/noticias\/category\/agenda\/"},{"label":"&#8216;Aqu\u00ed la Tierra&#8217; cumple su tercer a\u00f1o de emisi\u00f3n en La 1","link":"https:\/\/candas365.es\/noticias\/aqui-la-tierra-cumple-su-tercer-ano-de-emision-en-la-1\/"}],"_links":{"self":[{"href":"https:\/\/candas365.es\/noticias\/wp-json\/wp\/v2\/posts\/72374","targetHints":{"allow":["GET"]}}],"collection":[{"href":"https:\/\/candas365.es\/noticias\/wp-json\/wp\/v2\/posts"}],"about":[{"href":"https:\/\/candas365.es\/noticias\/wp-json\/wp\/v2\/types\/post"}],"author":[{"embeddable":true,"href":"https:\/\/candas365.es\/noticias\/wp-json\/wp\/v2\/users\/1"}],"replies":[{"embeddable":true,"href":"https:\/\/candas365.es\/noticias\/wp-json\/wp\/v2\/comments?post=72374"}],"version-history":[{"count":0,"href":"https:\/\/candas365.es\/noticias\/wp-json\/wp\/v2\/posts\/72374\/revisions"}],"wp:featuredmedia":[{"embeddable":true,"href":"https:\/\/candas365.es\/noticias\/wp-json\/wp\/v2\/media\/72375"}],"wp:attachment":[{"href":"https:\/\/candas365.es\/noticias\/wp-json\/wp\/v2\/media?parent=72374"}],"wp:term":[{"taxonomy":"category","embeddable":true,"href":"https:\/\/candas365.es\/noticias\/wp-json\/wp\/v2\/categories?post=72374"},{"taxonomy":"post_tag","embeddable":true,"href":"https:\/\/candas365.es\/noticias\/wp-json\/wp\/v2\/tags?post=72374"}],"curies":[{"name":"wp","href":"https:\/\/api.w.org\/{rel}","templated":true}]}}