{"id":72184,"date":"2017-05-23T11:56:36","date_gmt":"2017-05-23T11:56:36","guid":{"rendered":"http:\/\/candas365.es\/noticias\/?p=72184"},"modified":"2017-05-23T11:56:36","modified_gmt":"2017-05-23T11:56:36","slug":"jornada-de-puertas-abiertas-de-la-escuela-hofmann-8-de-junio","status":"publish","type":"post","link":"https:\/\/candas365.es\/noticias\/jornada-de-puertas-abiertas-de-la-escuela-hofmann-8-de-junio\/","title":{"rendered":"Jornada de Puertas Abiertas de la Escuela Hofmann 8 de Junio"},"content":{"rendered":"<p><img fetchpriority=\"high\" decoding=\"async\" class=\"alignleft size-medium wp-image-72185\" src=\"https:\/\/candas365.es\/noticias\/wp-content\/uploads\/2017\/05\/1495463843_Restaurante_Hofmann-360x156.jpg\" alt=\"\" width=\"360\" height=\"156\" srcset=\"https:\/\/candas365.es\/noticias\/wp-content\/uploads\/2017\/05\/1495463843_Restaurante_Hofmann-360x156.jpg 360w, https:\/\/candas365.es\/noticias\/wp-content\/uploads\/2017\/05\/1495463843_Restaurante_Hofmann-768x332.jpg 768w, https:\/\/candas365.es\/noticias\/wp-content\/uploads\/2017\/05\/1495463843_Restaurante_Hofmann-655x283.jpg 655w, https:\/\/candas365.es\/noticias\/wp-content\/uploads\/2017\/05\/1495463843_Restaurante_Hofmann-696x301.jpg 696w, https:\/\/candas365.es\/noticias\/wp-content\/uploads\/2017\/05\/1495463843_Restaurante_Hofmann-1068x462.jpg 1068w, https:\/\/candas365.es\/noticias\/wp-content\/uploads\/2017\/05\/1495463843_Restaurante_Hofmann-970x420.jpg 970w, https:\/\/candas365.es\/noticias\/wp-content\/uploads\/2017\/05\/1495463843_Restaurante_Hofmann.jpg 1280w\" sizes=\"(max-width: 360px) 100vw, 360px\" \/>La Escuela de Hosteler\u00eda Hofmann, celebra el pr\u00f3ximo jueves 8 de junio, de 10 de la ma\u00f1ana a 7 de la tarde, su primera Jornada de Puertas Abiertas, Hofmann Open Day, en su conocida sede de la Calle Argenter\u00eda 74-78 de Barcelona.<\/p>\n<p>El Hofmann Open Day, est\u00e1 abierto a todos los futuros alumnos de los prestigiosos Cursos de Hosteler\u00eda que se llevan realizando en la escuela desde hace m\u00e1s de 33 a\u00f1os. Mey Hofmann, decidi\u00f3 en 1983 crear su propia escuela de Cocina, pionera en su \u00e9poca y desde entonces a la vanguardia de la cocina internacional, con alumnos tan ilustres como los hermanos Sergio y Javier Torres, David Gil, Josep M\u00aa Rodriguez o Fran L\u00f3pez.<\/p>\n<p>Durante el Hofmann Open Day, se podr\u00e1n conocer de primera mano todos los detalles del Programa de Hosteler\u00eda Hofmann, que comprende m\u00e1s de 700 horas de clases te\u00f3ricas y 2.800 horas pr\u00e1cticas, realizadas en el Restaurante Hofmann, galardonado durante m\u00e1s de 13 a\u00f1os con una estrella en la Gu\u00eda Michelin.<\/p>\n<p>Los visitantes, podr\u00e1n conocer las instalaciones de la escuela, sus diferentes cocinas, obradores de pasteler\u00eda y aulas te\u00f3ricas. Adem\u00e1s, tendr\u00e1n el privilegio de visitar la cocina del Restaurante Hofmann y comprobar como chefs y alumnos elaboran los men\u00fas de alta cocina del \u00fanico restaurante perteneciente a una escuela de hosteler\u00eda, con estrella Michelin del mundo.<\/p>\n<p>Todos los espacios de formaci\u00f3n de Hofmann participar\u00e1n en esta Jornada de Puerta Abiertas; las instalaciones de la Calle Argenter\u00eda, las aulas y cocinas de la Calle Abaixadors y el espacio polivalente de la Calle Basea.<\/p>\n<p>El equipo directivo y formativo de la Escuela Hofmann, liderado por Silvia Hofmann, recibir\u00e1 y acompa\u00f1ar\u00e1 a todos los asistentes durante la jornada, en sesiones cada hora, que se extender\u00e1n durante todo el d\u00eda para atender de una forma personalizada a todos los asistentes.<\/p>\n<p>M\u00e1s Informaci\u00f3n sobre el <span style=\"color: #000000;\"><a style=\"color: #000000;\" href=\"http:\/\/openday.hofmann-bcn.com\/\" target=\"_blank\" rel=\"noopener noreferrer\"><strong>Hofmann Open Day aqu\u00ed.<\/strong><\/a><\/span><\/p>\n<p><strong>Acerca de Hofmann<\/strong><\/p>\n<p>Hofmann es un grupo empresarial dedicado a la gastronom\u00eda, fundado en 1983 por la chef y empresaria Mey Hofmann y actualmente liderado por su hija Silvia Hoffman.<\/p>\n<p>Su actividad comienza con la creaci\u00f3n de la Escuela de Hosteler\u00eda Hofmann, que dio paso a la apertura en 1992 del Restaurante Hofmann, centro de aplicaci\u00f3n, donde los alumnos realizan sus pr\u00e1cticas. \u00danico restaurante de una escuela de hosteler\u00eda reconocido con una estrella Michel\u00edn.<\/p>\n<p>Hofmann abarca la gastronom\u00eda 360\u00ba y posee en la ciudad de Barcelona, adem\u00e1s de la Escuela de Hosteler\u00eda y el Restaurante Hofmann, una completa oferta gastron\u00f3mica compuesta por la Pasteler\u00eda Hofmann, Hofmann La Seca, el Rac\u00f3 Hofmann, la Taverna Hofmann y Arroz Hofmann.<\/p>\n<p>&nbsp;<\/p>\n","protected":false},"excerpt":{"rendered":"<p>La Escuela de Hosteler\u00eda Hofmann, celebra el pr\u00f3ximo jueves 8 de junio, de 10 de la ma\u00f1ana a 7 de la tarde, su primera Jornada de Puertas Abiertas, Hofmann Open Day, en su conocida sede de la Calle Argenter\u00eda 74-78 de Barcelona. El Hofmann Open Day, est\u00e1 abierto a todos los futuros alumnos de los<\/p>\n","protected":false},"author":1,"featured_media":72185,"comment_status":"open","ping_status":"closed","sticky":false,"template":"","format":"standard","meta":{"footnotes":""},"categories":[1],"tags":[],"class_list":{"0":"post-72184","1":"post","2":"type-post","3":"status-publish","4":"format-standard","5":"has-post-thumbnail","7":"category-agenda"},"aioseo_notices":[],"aioseo_head":"\n\t\t<!-- All in One SEO Pro 4.9.6.2 - aioseo.com -->\n\t<meta name=\"description\" content=\"La Escuela de Hosteler\u00eda Hofmann, celebra el pr\u00f3ximo jueves 8 de junio, de 10 de la ma\u00f1ana a 7 de la tarde, su primera Jornada de Puertas Abiertas, Hofmann Open Day, en su conocida sede de la Calle Argenter\u00eda 74-78 de Barcelona. El Hofmann Open Day, est\u00e1 abierto a todos los futuros alumnos de los\" \/>\n\t<meta name=\"robots\" content=\"max-image-preview:large\" \/>\n\t<meta name=\"author\" content=\"Cand\u00e1s 365\"\/>\n\t<meta name=\"google-site-verification\" content=\"UA-32230408-1\" \/>\n\t<meta name=\"msvalidate.01\" content=\"354F3CDFB2DA171B47FBE9ABF1F88D5\" \/>\n\t<meta name=\"keywords\" content=\"agenda\" \/>\n\t<link rel=\"canonical\" href=\"https:\/\/candas365.es\/noticias\/jornada-de-puertas-abiertas-de-la-escuela-hofmann-8-de-junio\/\" \/>\n\t<meta name=\"generator\" content=\"All in One SEO Pro (AIOSEO) 4.9.6.2\" \/>\n\t\t<meta property=\"og:locale\" content=\"es_ES\" \/>\n\t\t<meta property=\"og:site_name\" content=\"Cand\u00e1s 365\" \/>\n\t\t<meta property=\"og:type\" content=\"article\" \/>\n\t\t<meta property=\"og:title\" content=\"Jornada de Puertas Abiertas de la Escuela Hofmann 8 de Junio | Cand\u00e1s 365\" \/>\n\t\t<meta property=\"og:description\" content=\"La Escuela de Hosteler\u00eda Hofmann, celebra el pr\u00f3ximo jueves 8 de junio, de 10 de la ma\u00f1ana a 7 de la tarde, su primera Jornada de Puertas Abiertas, Hofmann Open Day, en su conocida sede de la Calle Argenter\u00eda 74-78 de Barcelona. El Hofmann Open Day, est\u00e1 abierto a todos los futuros alumnos de los\" \/>\n\t\t<meta property=\"og:url\" content=\"https:\/\/candas365.es\/noticias\/jornada-de-puertas-abiertas-de-la-escuela-hofmann-8-de-junio\/\" \/>\n\t\t<meta property=\"og:image\" content=\"https:\/\/candas365.es\/noticias\/wp-content\/uploads\/2017\/05\/1495463843_Restaurante_Hofmann.jpg\" \/>\n\t\t<meta property=\"og:image:secure_url\" content=\"https:\/\/candas365.es\/noticias\/wp-content\/uploads\/2017\/05\/1495463843_Restaurante_Hofmann.jpg\" \/>\n\t\t<meta property=\"og:image:width\" content=\"1280\" \/>\n\t\t<meta property=\"og:image:height\" content=\"554\" \/>\n\t\t<meta property=\"article:published_time\" content=\"2017-05-23T11:56:36+00:00\" \/>\n\t\t<meta property=\"article:modified_time\" content=\"2017-05-23T11:56:36+00:00\" \/>\n\t\t<meta property=\"article:publisher\" content=\"https:\/\/www.facebook.com\/Nachofdezber\" \/>\n\t\t<meta property=\"article:author\" content=\"https:\/\/www.facebook.com\/carrenoactualidad\" \/>\n\t\t<meta name=\"twitter:card\" content=\"summary_large_image\" \/>\n\t\t<meta name=\"twitter:site\" content=\"@NabercoDigital\" \/>\n\t\t<meta name=\"twitter:title\" content=\"Jornada de Puertas Abiertas de la Escuela Hofmann 8 de Junio | Cand\u00e1s 365\" \/>\n\t\t<meta name=\"twitter:description\" content=\"La Escuela de Hosteler\u00eda Hofmann, celebra el pr\u00f3ximo jueves 8 de junio, de 10 de la ma\u00f1ana a 7 de la tarde, su primera Jornada de Puertas Abiertas, Hofmann Open Day, en su conocida sede de la Calle Argenter\u00eda 74-78 de Barcelona. El Hofmann Open Day, est\u00e1 abierto a todos los futuros alumnos de los\" \/>\n\t\t<meta name=\"twitter:creator\" content=\"@nbasturias\" \/>\n\t\t<meta name=\"twitter:image\" content=\"https:\/\/candas365.es\/noticias\/wp-content\/uploads\/2017\/05\/1495463843_Restaurante_Hofmann.jpg\" \/>\n\t\t<meta name=\"twitter:label1\" content=\"Escrito por\" \/>\n\t\t<meta name=\"twitter:data1\" content=\"Cand\u00e1s 365\" \/>\n\t\t<meta name=\"twitter:label2\" content=\"Tiempo de lectura estimado\" \/>\n\t\t<meta name=\"twitter:data2\" content=\"2 minutos\" \/>\n\t\t<script type=\"application\/ld+json\" class=\"aioseo-schema\">\n\t\t\t{\"@context\":\"https:\\\/\\\/schema.org\",\"@graph\":[{\"@type\":\"BreadcrumbList\",\"@id\":\"https:\\\/\\\/candas365.es\\\/noticias\\\/jornada-de-puertas-abiertas-de-la-escuela-hofmann-8-de-junio\\\/#breadcrumblist\",\"itemListElement\":[{\"@type\":\"ListItem\",\"@id\":\"https:\\\/\\\/candas365.es\\\/noticias#listItem\",\"position\":1,\"name\":\"Home\",\"item\":\"https:\\\/\\\/candas365.es\\\/noticias\",\"nextItem\":{\"@type\":\"ListItem\",\"@id\":\"https:\\\/\\\/candas365.es\\\/noticias\\\/category\\\/agenda\\\/#listItem\",\"name\":\"Agenda\"}},{\"@type\":\"ListItem\",\"@id\":\"https:\\\/\\\/candas365.es\\\/noticias\\\/category\\\/agenda\\\/#listItem\",\"position\":2,\"name\":\"Agenda\",\"item\":\"https:\\\/\\\/candas365.es\\\/noticias\\\/category\\\/agenda\\\/\",\"nextItem\":{\"@type\":\"ListItem\",\"@id\":\"https:\\\/\\\/candas365.es\\\/noticias\\\/jornada-de-puertas-abiertas-de-la-escuela-hofmann-8-de-junio\\\/#listItem\",\"name\":\"Jornada de Puertas Abiertas de la Escuela Hofmann 8 de Junio\"},\"previousItem\":{\"@type\":\"ListItem\",\"@id\":\"https:\\\/\\\/candas365.es\\\/noticias#listItem\",\"name\":\"Home\"}},{\"@type\":\"ListItem\",\"@id\":\"https:\\\/\\\/candas365.es\\\/noticias\\\/jornada-de-puertas-abiertas-de-la-escuela-hofmann-8-de-junio\\\/#listItem\",\"position\":3,\"name\":\"Jornada de Puertas Abiertas de la Escuela Hofmann 8 de Junio\",\"previousItem\":{\"@type\":\"ListItem\",\"@id\":\"https:\\\/\\\/candas365.es\\\/noticias\\\/category\\\/agenda\\\/#listItem\",\"name\":\"Agenda\"}}]},{\"@type\":\"NewsArticle\",\"@id\":\"https:\\\/\\\/candas365.es\\\/noticias\\\/jornada-de-puertas-abiertas-de-la-escuela-hofmann-8-de-junio\\\/#newsarticle\",\"name\":\"Jornada de Puertas Abiertas de la Escuela Hofmann 8 de Junio | Cand\\u00e1s 365\",\"headline\":\"Jornada de Puertas Abiertas de la Escuela Hofmann 8 de Junio\",\"author\":{\"@id\":\"https:\\\/\\\/candas365.es\\\/noticias\\\/author\\\/admin\\\/#author\"},\"publisher\":{\"@id\":\"https:\\\/\\\/candas365.es\\\/noticias\\\/#organization\"},\"image\":{\"@type\":\"ImageObject\",\"url\":\"https:\\\/\\\/candas365.es\\\/noticias\\\/wp-content\\\/uploads\\\/2017\\\/05\\\/1495463843_Restaurante_Hofmann.jpg\",\"width\":1280,\"height\":554},\"datePublished\":\"2017-05-23T11:56:36+02:00\",\"dateModified\":\"2017-05-23T11:56:36+02:00\",\"inLanguage\":\"es-ES\",\"mainEntityOfPage\":{\"@id\":\"https:\\\/\\\/candas365.es\\\/noticias\\\/jornada-de-puertas-abiertas-de-la-escuela-hofmann-8-de-junio\\\/#webpage\"},\"isPartOf\":{\"@id\":\"https:\\\/\\\/candas365.es\\\/noticias\\\/jornada-de-puertas-abiertas-de-la-escuela-hofmann-8-de-junio\\\/#webpage\"},\"articleSection\":\"Agenda\",\"dateline\":\"Publicado el mayo 23, 2017.\"},{\"@type\":\"Organization\",\"@id\":\"https:\\\/\\\/candas365.es\\\/noticias\\\/#organization\",\"name\":\"Cand\\u00e1s 365\",\"description\":\"Cand\\u00e1s 365 es un diario digital independiente, fundado en 2012, con base en Asturias. Informamos con rigor sobre actualidad, sociedad, cultura y ocio, con una mirada local y global.\",\"url\":\"https:\\\/\\\/candas365.es\\\/noticias\\\/\",\"email\":\"info@candas365.es\",\"telephone\":\"+34652131393\",\"foundingDate\":\"2012-06-10\",\"logo\":{\"@type\":\"ImageObject\",\"url\":\"https:\\\/\\\/candas365.es\\\/noticias\\\/wp-content\\\/uploads\\\/2024\\\/09\\\/Candas-365-Redes.jpg\",\"@id\":\"https:\\\/\\\/candas365.es\\\/noticias\\\/jornada-de-puertas-abiertas-de-la-escuela-hofmann-8-de-junio\\\/#organizationLogo\",\"width\":1152,\"height\":864,\"caption\":\"Cand\\u00e1s 365 Redes\"},\"image\":{\"@id\":\"https:\\\/\\\/candas365.es\\\/noticias\\\/jornada-de-puertas-abiertas-de-la-escuela-hofmann-8-de-junio\\\/#organizationLogo\"},\"sameAs\":[\"https:\\\/\\\/www.facebook.com\\\/Nachofdezber\",\"https:\\\/\\\/x.com\\\/NabercoDigital\",\"https:\\\/\\\/www.instagram.com\\\/nachofdezber\\\/\",\"https:\\\/\\\/www.youtube.com\\\/channel\\\/UCZP-2wLEB9Rv6erhFmqVnvg\"],\"address\":{\"@id\":\"https:\\\/\\\/candas365.es\\\/noticias\\\/#postaladdress\",\"@type\":\"PostalAddress\",\"streetAddress\":\"san antonio 4, san antonio 4\",\"postalCode\":\"33430\",\"addressLocality\":\"Cand\\u00e1s\",\"addressRegion\":\"Asturias\",\"addressCountry\":\"ES\"}},{\"@type\":\"Person\",\"@id\":\"https:\\\/\\\/candas365.es\\\/noticias\\\/author\\\/admin\\\/#author\",\"url\":\"https:\\\/\\\/candas365.es\\\/noticias\\\/author\\\/admin\\\/\",\"name\":\"Cand\\u00e1s 365\",\"image\":{\"@type\":\"ImageObject\",\"@id\":\"https:\\\/\\\/candas365.es\\\/noticias\\\/jornada-de-puertas-abiertas-de-la-escuela-hofmann-8-de-junio\\\/#authorImage\",\"url\":\"https:\\\/\\\/secure.gravatar.com\\\/avatar\\\/496a8e03d0c493ede1718b7934145dbdf8d89be1036b0eec9544e1094c9de390?s=96&d=mm&r=g\",\"width\":96,\"height\":96,\"caption\":\"Cand\\u00e1s 365\"},\"sameAs\":[\"https:\\\/\\\/www.facebook.com\\\/carrenoactualidad\",\"https:\\\/\\\/twitter.com\\\/nbasturias\",\"https:\\\/\\\/www.instagram.com\\\/nachofdezber\\\/\",\"https:\\\/\\\/www.youtube.com\\\/channel\\\/UCZP-2wLEB9Rv6erhFmqVnvg\"]},{\"@type\":\"WebPage\",\"@id\":\"https:\\\/\\\/candas365.es\\\/noticias\\\/jornada-de-puertas-abiertas-de-la-escuela-hofmann-8-de-junio\\\/#webpage\",\"url\":\"https:\\\/\\\/candas365.es\\\/noticias\\\/jornada-de-puertas-abiertas-de-la-escuela-hofmann-8-de-junio\\\/\",\"name\":\"Jornada de Puertas Abiertas de la Escuela Hofmann 8 de Junio | Cand\\u00e1s 365\",\"description\":\"La Escuela de Hosteler\\u00eda Hofmann, celebra el pr\\u00f3ximo jueves 8 de junio, de 10 de la ma\\u00f1ana a 7 de la tarde, su primera Jornada de Puertas Abiertas, Hofmann Open Day, en su conocida sede de la Calle Argenter\\u00eda 74-78 de Barcelona. El Hofmann Open Day, est\\u00e1 abierto a todos los futuros alumnos de los\",\"inLanguage\":\"es-ES\",\"isPartOf\":{\"@id\":\"https:\\\/\\\/candas365.es\\\/noticias\\\/#website\"},\"breadcrumb\":{\"@id\":\"https:\\\/\\\/candas365.es\\\/noticias\\\/jornada-de-puertas-abiertas-de-la-escuela-hofmann-8-de-junio\\\/#breadcrumblist\"},\"author\":{\"@id\":\"https:\\\/\\\/candas365.es\\\/noticias\\\/author\\\/admin\\\/#author\"},\"creator\":{\"@id\":\"https:\\\/\\\/candas365.es\\\/noticias\\\/author\\\/admin\\\/#author\"},\"image\":{\"@type\":\"ImageObject\",\"url\":\"https:\\\/\\\/candas365.es\\\/noticias\\\/wp-content\\\/uploads\\\/2017\\\/05\\\/1495463843_Restaurante_Hofmann.jpg\",\"@id\":\"https:\\\/\\\/candas365.es\\\/noticias\\\/jornada-de-puertas-abiertas-de-la-escuela-hofmann-8-de-junio\\\/#mainImage\",\"width\":1280,\"height\":554},\"primaryImageOfPage\":{\"@id\":\"https:\\\/\\\/candas365.es\\\/noticias\\\/jornada-de-puertas-abiertas-de-la-escuela-hofmann-8-de-junio\\\/#mainImage\"},\"datePublished\":\"2017-05-23T11:56:36+02:00\",\"dateModified\":\"2017-05-23T11:56:36+02:00\"},{\"@type\":\"WebSite\",\"@id\":\"https:\\\/\\\/candas365.es\\\/noticias\\\/#website\",\"url\":\"https:\\\/\\\/candas365.es\\\/noticias\\\/\",\"name\":\"Cand\\u00e1s 365\",\"alternateName\":\"Cand\\u00e1s 365 Noticias\",\"description\":\"Actualidad desde Carre\\u00f1o para el mundo\",\"inLanguage\":\"es-ES\",\"publisher\":{\"@id\":\"https:\\\/\\\/candas365.es\\\/noticias\\\/#organization\"}}]}\n\t\t<\/script>\n\t\t<!-- All in One SEO Pro -->\r\n\t\t<title>Jornada de Puertas Abiertas de la Escuela Hofmann 8 de Junio | Cand\u00e1s 365<\/title>\n\n","aioseo_head_json":{"title":"Jornada de Puertas Abiertas de la Escuela Hofmann 8 de Junio | Cand\u00e1s 365","description":"La Escuela de Hosteler\u00eda Hofmann, celebra el pr\u00f3ximo jueves 8 de junio, de 10 de la ma\u00f1ana a 7 de la tarde, su primera Jornada de Puertas Abiertas, Hofmann Open Day, en su conocida sede de la Calle Argenter\u00eda 74-78 de Barcelona. El Hofmann Open Day, est\u00e1 abierto a todos los futuros alumnos de los","canonical_url":"https:\/\/candas365.es\/noticias\/jornada-de-puertas-abiertas-de-la-escuela-hofmann-8-de-junio\/","robots":"max-image-preview:large","keywords":"agenda","webmasterTools":{"google-site-verification":"UA-32230408-1","msvalidate.01":"354F3CDFB2DA171B47FBE9ABF1F88D5","miscellaneous":""},"schema":{"@context":"https:\/\/schema.org","@graph":[{"@type":"BreadcrumbList","@id":"https:\/\/candas365.es\/noticias\/jornada-de-puertas-abiertas-de-la-escuela-hofmann-8-de-junio\/#breadcrumblist","itemListElement":[{"@type":"ListItem","@id":"https:\/\/candas365.es\/noticias#listItem","position":1,"name":"Home","item":"https:\/\/candas365.es\/noticias","nextItem":{"@type":"ListItem","@id":"https:\/\/candas365.es\/noticias\/category\/agenda\/#listItem","name":"Agenda"}},{"@type":"ListItem","@id":"https:\/\/candas365.es\/noticias\/category\/agenda\/#listItem","position":2,"name":"Agenda","item":"https:\/\/candas365.es\/noticias\/category\/agenda\/","nextItem":{"@type":"ListItem","@id":"https:\/\/candas365.es\/noticias\/jornada-de-puertas-abiertas-de-la-escuela-hofmann-8-de-junio\/#listItem","name":"Jornada de Puertas Abiertas de la Escuela Hofmann 8 de Junio"},"previousItem":{"@type":"ListItem","@id":"https:\/\/candas365.es\/noticias#listItem","name":"Home"}},{"@type":"ListItem","@id":"https:\/\/candas365.es\/noticias\/jornada-de-puertas-abiertas-de-la-escuela-hofmann-8-de-junio\/#listItem","position":3,"name":"Jornada de Puertas Abiertas de la Escuela Hofmann 8 de Junio","previousItem":{"@type":"ListItem","@id":"https:\/\/candas365.es\/noticias\/category\/agenda\/#listItem","name":"Agenda"}}]},{"@type":"NewsArticle","@id":"https:\/\/candas365.es\/noticias\/jornada-de-puertas-abiertas-de-la-escuela-hofmann-8-de-junio\/#newsarticle","name":"Jornada de Puertas Abiertas de la Escuela Hofmann 8 de Junio | Cand\u00e1s 365","headline":"Jornada de Puertas Abiertas de la Escuela Hofmann 8 de Junio","author":{"@id":"https:\/\/candas365.es\/noticias\/author\/admin\/#author"},"publisher":{"@id":"https:\/\/candas365.es\/noticias\/#organization"},"image":{"@type":"ImageObject","url":"https:\/\/candas365.es\/noticias\/wp-content\/uploads\/2017\/05\/1495463843_Restaurante_Hofmann.jpg","width":1280,"height":554},"datePublished":"2017-05-23T11:56:36+02:00","dateModified":"2017-05-23T11:56:36+02:00","inLanguage":"es-ES","mainEntityOfPage":{"@id":"https:\/\/candas365.es\/noticias\/jornada-de-puertas-abiertas-de-la-escuela-hofmann-8-de-junio\/#webpage"},"isPartOf":{"@id":"https:\/\/candas365.es\/noticias\/jornada-de-puertas-abiertas-de-la-escuela-hofmann-8-de-junio\/#webpage"},"articleSection":"Agenda","dateline":"Publicado el mayo 23, 2017."},{"@type":"Organization","@id":"https:\/\/candas365.es\/noticias\/#organization","name":"Cand\u00e1s 365","description":"Cand\u00e1s 365 es un diario digital independiente, fundado en 2012, con base en Asturias. Informamos con rigor sobre actualidad, sociedad, cultura y ocio, con una mirada local y global.","url":"https:\/\/candas365.es\/noticias\/","email":"info@candas365.es","telephone":"+34652131393","foundingDate":"2012-06-10","logo":{"@type":"ImageObject","url":"https:\/\/candas365.es\/noticias\/wp-content\/uploads\/2024\/09\/Candas-365-Redes.jpg","@id":"https:\/\/candas365.es\/noticias\/jornada-de-puertas-abiertas-de-la-escuela-hofmann-8-de-junio\/#organizationLogo","width":1152,"height":864,"caption":"Cand\u00e1s 365 Redes"},"image":{"@id":"https:\/\/candas365.es\/noticias\/jornada-de-puertas-abiertas-de-la-escuela-hofmann-8-de-junio\/#organizationLogo"},"sameAs":["https:\/\/www.facebook.com\/Nachofdezber","https:\/\/x.com\/NabercoDigital","https:\/\/www.instagram.com\/nachofdezber\/","https:\/\/www.youtube.com\/channel\/UCZP-2wLEB9Rv6erhFmqVnvg"],"address":{"@id":"https:\/\/candas365.es\/noticias\/#postaladdress","@type":"PostalAddress","streetAddress":"san antonio 4, san antonio 4","postalCode":"33430","addressLocality":"Cand\u00e1s","addressRegion":"Asturias","addressCountry":"ES"}},{"@type":"Person","@id":"https:\/\/candas365.es\/noticias\/author\/admin\/#author","url":"https:\/\/candas365.es\/noticias\/author\/admin\/","name":"Cand\u00e1s 365","image":{"@type":"ImageObject","@id":"https:\/\/candas365.es\/noticias\/jornada-de-puertas-abiertas-de-la-escuela-hofmann-8-de-junio\/#authorImage","url":"https:\/\/secure.gravatar.com\/avatar\/496a8e03d0c493ede1718b7934145dbdf8d89be1036b0eec9544e1094c9de390?s=96&d=mm&r=g","width":96,"height":96,"caption":"Cand\u00e1s 365"},"sameAs":["https:\/\/www.facebook.com\/carrenoactualidad","https:\/\/twitter.com\/nbasturias","https:\/\/www.instagram.com\/nachofdezber\/","https:\/\/www.youtube.com\/channel\/UCZP-2wLEB9Rv6erhFmqVnvg"]},{"@type":"WebPage","@id":"https:\/\/candas365.es\/noticias\/jornada-de-puertas-abiertas-de-la-escuela-hofmann-8-de-junio\/#webpage","url":"https:\/\/candas365.es\/noticias\/jornada-de-puertas-abiertas-de-la-escuela-hofmann-8-de-junio\/","name":"Jornada de Puertas Abiertas de la Escuela Hofmann 8 de Junio | Cand\u00e1s 365","description":"La Escuela de Hosteler\u00eda Hofmann, celebra el pr\u00f3ximo jueves 8 de junio, de 10 de la ma\u00f1ana a 7 de la tarde, su primera Jornada de Puertas Abiertas, Hofmann Open Day, en su conocida sede de la Calle Argenter\u00eda 74-78 de Barcelona. El Hofmann Open Day, est\u00e1 abierto a todos los futuros alumnos de los","inLanguage":"es-ES","isPartOf":{"@id":"https:\/\/candas365.es\/noticias\/#website"},"breadcrumb":{"@id":"https:\/\/candas365.es\/noticias\/jornada-de-puertas-abiertas-de-la-escuela-hofmann-8-de-junio\/#breadcrumblist"},"author":{"@id":"https:\/\/candas365.es\/noticias\/author\/admin\/#author"},"creator":{"@id":"https:\/\/candas365.es\/noticias\/author\/admin\/#author"},"image":{"@type":"ImageObject","url":"https:\/\/candas365.es\/noticias\/wp-content\/uploads\/2017\/05\/1495463843_Restaurante_Hofmann.jpg","@id":"https:\/\/candas365.es\/noticias\/jornada-de-puertas-abiertas-de-la-escuela-hofmann-8-de-junio\/#mainImage","width":1280,"height":554},"primaryImageOfPage":{"@id":"https:\/\/candas365.es\/noticias\/jornada-de-puertas-abiertas-de-la-escuela-hofmann-8-de-junio\/#mainImage"},"datePublished":"2017-05-23T11:56:36+02:00","dateModified":"2017-05-23T11:56:36+02:00"},{"@type":"WebSite","@id":"https:\/\/candas365.es\/noticias\/#website","url":"https:\/\/candas365.es\/noticias\/","name":"Cand\u00e1s 365","alternateName":"Cand\u00e1s 365 Noticias","description":"Actualidad desde Carre\u00f1o para el mundo","inLanguage":"es-ES","publisher":{"@id":"https:\/\/candas365.es\/noticias\/#organization"}}]},"og:locale":"es_ES","og:site_name":"Cand\u00e1s 365","og:type":"article","og:title":"Jornada de Puertas Abiertas de la Escuela Hofmann 8 de Junio | Cand\u00e1s 365","og:description":"La Escuela de Hosteler\u00eda Hofmann, celebra el pr\u00f3ximo jueves 8 de junio, de 10 de la ma\u00f1ana a 7 de la tarde, su primera Jornada de Puertas Abiertas, Hofmann Open Day, en su conocida sede de la Calle Argenter\u00eda 74-78 de Barcelona. El Hofmann Open Day, est\u00e1 abierto a todos los futuros alumnos de los","og:url":"https:\/\/candas365.es\/noticias\/jornada-de-puertas-abiertas-de-la-escuela-hofmann-8-de-junio\/","og:image":"https:\/\/candas365.es\/noticias\/wp-content\/uploads\/2017\/05\/1495463843_Restaurante_Hofmann.jpg","og:image:secure_url":"https:\/\/candas365.es\/noticias\/wp-content\/uploads\/2017\/05\/1495463843_Restaurante_Hofmann.jpg","og:image:width":1280,"og:image:height":554,"article:published_time":"2017-05-23T11:56:36+00:00","article:modified_time":"2017-05-23T11:56:36+00:00","article:publisher":"https:\/\/www.facebook.com\/Nachofdezber","article:author":"https:\/\/www.facebook.com\/carrenoactualidad","twitter:card":"summary_large_image","twitter:site":"@NabercoDigital","twitter:title":"Jornada de Puertas Abiertas de la Escuela Hofmann 8 de Junio | Cand\u00e1s 365","twitter:description":"La Escuela de Hosteler\u00eda Hofmann, celebra el pr\u00f3ximo jueves 8 de junio, de 10 de la ma\u00f1ana a 7 de la tarde, su primera Jornada de Puertas Abiertas, Hofmann Open Day, en su conocida sede de la Calle Argenter\u00eda 74-78 de Barcelona. El Hofmann Open Day, est\u00e1 abierto a todos los futuros alumnos de los","twitter:creator":"@nbasturias","twitter:image":"https:\/\/candas365.es\/noticias\/wp-content\/uploads\/2017\/05\/1495463843_Restaurante_Hofmann.jpg","twitter:label1":"Escrito por","twitter:data1":"Cand\u00e1s 365","twitter:label2":"Tiempo de lectura estimado","twitter:data2":"2 minutos"},"aioseo_meta_data":{"post_id":"72184","title":null,"description":null,"keywords":null,"keyphrases":null,"primary_term":null,"canonical_url":null,"og_title":null,"og_description":null,"og_object_type":"default","og_image_type":"default","og_image_url":null,"og_image_width":null,"og_image_height":null,"og_image_custom_url":null,"og_image_custom_fields":null,"og_video":null,"og_custom_url":null,"og_article_section":null,"og_article_tags":null,"twitter_use_og":false,"twitter_card":"default","twitter_image_type":"default","twitter_image_url":null,"twitter_image_custom_url":null,"twitter_image_custom_fields":null,"twitter_title":null,"twitter_description":null,"schema":{"blockGraphs":[],"customGraphs":[],"default":{"data":{"Article":[],"Course":[],"Dataset":[],"FAQPage":[],"Movie":[],"Person":[],"Product":[],"ProductReview":[],"Car":[],"Recipe":[],"Service":[],"SoftwareApplication":[],"WebPage":[]},"graphName":"","isEnabled":true},"graphs":[]},"schema_type":null,"schema_type_options":null,"pillar_content":false,"robots_default":true,"robots_noindex":false,"robots_noarchive":false,"robots_nosnippet":false,"robots_nofollow":false,"robots_noimageindex":false,"robots_noodp":false,"robots_notranslate":false,"robots_max_snippet":null,"robots_max_videopreview":null,"robots_max_imagepreview":"large","priority":null,"frequency":null,"location":null,"local_seo":null,"seo_analyzer_scan_date":"2025-08-25 14:37:08","breadcrumb_settings":null,"limit_modified_date":false,"reviewed_by":null,"open_ai":null,"ai":null,"created":"2020-12-21 10:52:08","updated":"2025-08-25 14:37:08"},"aioseo_breadcrumb":"<div class=\"aioseo-breadcrumbs\"><span class=\"aioseo-breadcrumb\">\n\t<a href=\"https:\/\/candas365.es\/noticias\" title=\"Home\">Home<\/a>\n<\/span><span class=\"aioseo-breadcrumb-separator\">&ndash;<\/span><span class=\"aioseo-breadcrumb\">\n\t<a href=\"https:\/\/candas365.es\/noticias\/category\/agenda\/\" title=\"Agenda\">Agenda<\/a>\n<\/span><span class=\"aioseo-breadcrumb-separator\">&ndash;<\/span><span class=\"aioseo-breadcrumb\">\n\tJornada de Puertas Abiertas de la Escuela Hofmann 8 de Junio\n<\/span><\/div>","aioseo_breadcrumb_json":[{"label":"Home","link":"https:\/\/candas365.es\/noticias"},{"label":"Agenda","link":"https:\/\/candas365.es\/noticias\/category\/agenda\/"},{"label":"Jornada de Puertas Abiertas de la Escuela Hofmann 8 de Junio","link":"https:\/\/candas365.es\/noticias\/jornada-de-puertas-abiertas-de-la-escuela-hofmann-8-de-junio\/"}],"_links":{"self":[{"href":"https:\/\/candas365.es\/noticias\/wp-json\/wp\/v2\/posts\/72184","targetHints":{"allow":["GET"]}}],"collection":[{"href":"https:\/\/candas365.es\/noticias\/wp-json\/wp\/v2\/posts"}],"about":[{"href":"https:\/\/candas365.es\/noticias\/wp-json\/wp\/v2\/types\/post"}],"author":[{"embeddable":true,"href":"https:\/\/candas365.es\/noticias\/wp-json\/wp\/v2\/users\/1"}],"replies":[{"embeddable":true,"href":"https:\/\/candas365.es\/noticias\/wp-json\/wp\/v2\/comments?post=72184"}],"version-history":[{"count":0,"href":"https:\/\/candas365.es\/noticias\/wp-json\/wp\/v2\/posts\/72184\/revisions"}],"wp:featuredmedia":[{"embeddable":true,"href":"https:\/\/candas365.es\/noticias\/wp-json\/wp\/v2\/media\/72185"}],"wp:attachment":[{"href":"https:\/\/candas365.es\/noticias\/wp-json\/wp\/v2\/media?parent=72184"}],"wp:term":[{"taxonomy":"category","embeddable":true,"href":"https:\/\/candas365.es\/noticias\/wp-json\/wp\/v2\/categories?post=72184"},{"taxonomy":"post_tag","embeddable":true,"href":"https:\/\/candas365.es\/noticias\/wp-json\/wp\/v2\/tags?post=72184"}],"curies":[{"name":"wp","href":"https:\/\/api.w.org\/{rel}","templated":true}]}}