{"id":72158,"date":"2017-05-23T10:34:42","date_gmt":"2017-05-23T10:34:42","guid":{"rendered":"http:\/\/candas365.es\/noticias\/?p=72158"},"modified":"2017-05-23T10:34:42","modified_gmt":"2017-05-23T10:34:42","slug":"laboral-cineteca-acoge-el-25-de-mayo-el-preestreno-de-pieles","status":"publish","type":"post","link":"https:\/\/candas365.es\/noticias\/laboral-cineteca-acoge-el-25-de-mayo-el-preestreno-de-pieles\/","title":{"rendered":"Laboral Cineteca acoge el 25 de mayo el preestreno de \u00abPieles\u00bb"},"content":{"rendered":"<p><img fetchpriority=\"high\" decoding=\"async\" class=\"alignleft size-medium wp-image-72159\" src=\"https:\/\/candas365.es\/noticias\/wp-content\/uploads\/2017\/05\/pieles-360x240.jpg\" alt=\"\" width=\"360\" height=\"240\" srcset=\"https:\/\/candas365.es\/noticias\/wp-content\/uploads\/2017\/05\/pieles-360x240.jpg 360w, https:\/\/candas365.es\/noticias\/wp-content\/uploads\/2017\/05\/pieles-768x512.jpg 768w, https:\/\/candas365.es\/noticias\/wp-content\/uploads\/2017\/05\/pieles-655x436.jpg 655w, https:\/\/candas365.es\/noticias\/wp-content\/uploads\/2017\/05\/pieles-696x464.jpg 696w, https:\/\/candas365.es\/noticias\/wp-content\/uploads\/2017\/05\/pieles-1068x712.jpg 1068w, https:\/\/candas365.es\/noticias\/wp-content\/uploads\/2017\/05\/pieles-630x420.jpg 630w, https:\/\/candas365.es\/noticias\/wp-content\/uploads\/2017\/05\/pieles-84x55.jpg 84w, https:\/\/candas365.es\/noticias\/wp-content\/uploads\/2017\/05\/pieles.jpg 1280w\" sizes=\"(max-width: 360px) 100vw, 360px\" \/>Laboral Cineteca acoge este jueves 25 de mayo, a las 20:00 horas, el preestreno de Pieles, la \u00f3pera prima del joven actor y guionista Eduardo Casanova que llegar\u00e1 a las salas comerciales el 9 de junio. Casanova se estrena en la direcci\u00f3n con una pel\u00edcula que quiere ser una oda a la diferencia y una reflexi\u00f3n sobre en qu\u00e9 medida afecta la apariencia f\u00edsica a nuestra vida en sociedad. El productor de la pel\u00edcula Javier Prada y la actriz Itziar Castro ser\u00e1n los encargados de presentarla este jueves en el Paraninfo de la Laboral.<\/p>\n<p>Tomando como eje de partida su corto Eat my shit -en el que Ana Mar\u00eda Polvorosa da vida a Samantha, una mujer con el aparato digestivo al rev\u00e9s-, Casanova ampl\u00eda el abanico de personajes f\u00edsicamente diferentes, solitarios que luchan por encontrarse en una sociedad que les obliga una y otra vez a esconderse, recluirse o unirse entre ellos.<\/p>\n<p>El film ya ha cosechado gran \u00e9xito de cr\u00edtica y p\u00fablico en los festivales de Berl\u00edn y M\u00e1laga, donde logr\u00f3 el Premio del Jurado Joven a la mejor pel\u00edcula de la Secci\u00f3n Oficial. Adem\u00e1s, ha ganado el M\u00e8lies d\u00b4Argent a la mejor pel\u00edcula fant\u00e1stica europea en el Imagine Film Festival de \u00c1msterdam y ha inaugurado el Festival de Cine Fant\u00e1stico FANT de Bilbao.<\/p>\n<p>En el reparto coral de Pieles destacan Carmen Machi, Candela Pe\u00f1a, Ana Polvorosa, Macarena G\u00f3mez, Secun de la Rosa, Jon Kortajarena, Joaqu\u00edn Climent, Carolina Bang, Ana Mari Ayala, Mikel Godoy e Itziar Castro. Pieles es una producci\u00f3n financiada por Pookepsie Films (\u00c1lex de la Iglesia y Carolina Bang), la productora Nadie es perfecto de Kiko Mart\u00ednez, The Other Side Films -de los asturianos Javier y Kiko Prada- y Netflix, que ha comprado sus derechos internacionales.<\/p>\n<p>Las entradas para el preestreno pueden adquirirse a un precio general de 4 euros y reducido de 3 euros para socios del Club Cultura Asturias y Carn\u00e9 Joven, en la Recepci\u00f3n de la Laboral, en el Centro Niemeyer en Avil\u00e9s, en el Centro de Informaci\u00f3n Tur\u00edstica del Principado en Oviedo, en entradas.liberbank.es, en el tel\u00e9fono 902 106 601 y en la red de cajeros Liberbank.<\/p>\n<p>Laboral Cineteca es una iniciativa promovida por la Consejer\u00eda de Educaci\u00f3n y Cultura, a trav\u00e9s de la Sociedad P\u00fablica de Gesti\u00f3n y Promoci\u00f3n Tur\u00edstica y Cultural del Principado de Asturias que pretende estimular el conocimiento del arte cinematogr\u00e1fico, mediante programas de proyecciones, seminarios, actividades educativas y otras iniciativas especiales. Adem\u00e1s, este proyecto constituye un servicio p\u00fablico para el sector creativo cinematogr\u00e1fico y audiovisual asturiano a trav\u00e9s de la Film Commission, Cineteca distribuidora y Cineteca cortos.<\/p>\n","protected":false},"excerpt":{"rendered":"<p>Laboral Cineteca acoge este jueves 25 de mayo, a las 20:00 horas, el preestreno de Pieles, la \u00f3pera prima del joven actor y guionista Eduardo Casanova que llegar\u00e1 a las salas comerciales el 9 de junio. Casanova se estrena en la direcci\u00f3n con una pel\u00edcula que quiere ser una oda a la diferencia y una<\/p>\n","protected":false},"author":1,"featured_media":72159,"comment_status":"open","ping_status":"closed","sticky":false,"template":"","format":"standard","meta":{"footnotes":""},"categories":[1],"tags":[],"class_list":{"0":"post-72158","1":"post","2":"type-post","3":"status-publish","4":"format-standard","5":"has-post-thumbnail","7":"category-agenda"},"aioseo_notices":[],"aioseo_head":"\n\t\t<!-- All in One SEO Pro 4.9.6.2 - aioseo.com -->\n\t<meta name=\"description\" content=\"Laboral Cineteca acoge este jueves 25 de mayo, a las 20:00 horas, el preestreno de Pieles, la \u00f3pera prima del joven actor y guionista Eduardo Casanova que llegar\u00e1 a las salas comerciales el 9 de junio. Casanova se estrena en la direcci\u00f3n con una pel\u00edcula que quiere ser una oda a la diferencia y una\" \/>\n\t<meta name=\"robots\" content=\"max-image-preview:large\" \/>\n\t<meta name=\"author\" content=\"Cand\u00e1s 365\"\/>\n\t<meta name=\"google-site-verification\" content=\"UA-32230408-1\" \/>\n\t<meta name=\"msvalidate.01\" content=\"354F3CDFB2DA171B47FBE9ABF1F88D5\" \/>\n\t<meta name=\"keywords\" content=\"agenda\" \/>\n\t<link rel=\"canonical\" href=\"https:\/\/candas365.es\/noticias\/laboral-cineteca-acoge-el-25-de-mayo-el-preestreno-de-pieles\/\" \/>\n\t<meta name=\"generator\" content=\"All in One SEO Pro (AIOSEO) 4.9.6.2\" \/>\n\t\t<meta property=\"og:locale\" content=\"es_ES\" \/>\n\t\t<meta property=\"og:site_name\" content=\"Cand\u00e1s 365\" \/>\n\t\t<meta property=\"og:type\" content=\"article\" \/>\n\t\t<meta property=\"og:title\" content=\"Laboral Cineteca acoge el 25 de mayo el preestreno de \u00abPieles\u00bb | Cand\u00e1s 365\" \/>\n\t\t<meta property=\"og:description\" content=\"Laboral Cineteca acoge este jueves 25 de mayo, a las 20:00 horas, el preestreno de Pieles, la \u00f3pera prima del joven actor y guionista Eduardo Casanova que llegar\u00e1 a las salas comerciales el 9 de junio. Casanova se estrena en la direcci\u00f3n con una pel\u00edcula que quiere ser una oda a la diferencia y una\" \/>\n\t\t<meta property=\"og:url\" content=\"https:\/\/candas365.es\/noticias\/laboral-cineteca-acoge-el-25-de-mayo-el-preestreno-de-pieles\/\" \/>\n\t\t<meta property=\"og:image\" content=\"https:\/\/candas365.es\/noticias\/wp-content\/uploads\/2017\/05\/pieles.jpg\" \/>\n\t\t<meta property=\"og:image:secure_url\" content=\"https:\/\/candas365.es\/noticias\/wp-content\/uploads\/2017\/05\/pieles.jpg\" \/>\n\t\t<meta property=\"og:image:width\" content=\"1280\" \/>\n\t\t<meta property=\"og:image:height\" content=\"853\" \/>\n\t\t<meta property=\"article:published_time\" content=\"2017-05-23T10:34:42+00:00\" \/>\n\t\t<meta property=\"article:modified_time\" content=\"2017-05-23T10:34:42+00:00\" \/>\n\t\t<meta property=\"article:publisher\" content=\"https:\/\/www.facebook.com\/Nachofdezber\" \/>\n\t\t<meta property=\"article:author\" content=\"https:\/\/www.facebook.com\/carrenoactualidad\" \/>\n\t\t<meta name=\"twitter:card\" content=\"summary_large_image\" \/>\n\t\t<meta name=\"twitter:site\" content=\"@NabercoDigital\" \/>\n\t\t<meta name=\"twitter:title\" content=\"Laboral Cineteca acoge el 25 de mayo el preestreno de \u00abPieles\u00bb | Cand\u00e1s 365\" \/>\n\t\t<meta name=\"twitter:description\" content=\"Laboral Cineteca acoge este jueves 25 de mayo, a las 20:00 horas, el preestreno de Pieles, la \u00f3pera prima del joven actor y guionista Eduardo Casanova que llegar\u00e1 a las salas comerciales el 9 de junio. Casanova se estrena en la direcci\u00f3n con una pel\u00edcula que quiere ser una oda a la diferencia y una\" \/>\n\t\t<meta name=\"twitter:creator\" content=\"@nbasturias\" \/>\n\t\t<meta name=\"twitter:image\" content=\"https:\/\/candas365.es\/noticias\/wp-content\/uploads\/2017\/05\/pieles.jpg\" \/>\n\t\t<meta name=\"twitter:label1\" content=\"Escrito por\" \/>\n\t\t<meta name=\"twitter:data1\" content=\"Cand\u00e1s 365\" \/>\n\t\t<meta name=\"twitter:label2\" content=\"Tiempo de lectura estimado\" \/>\n\t\t<meta name=\"twitter:data2\" content=\"2 minutos\" \/>\n\t\t<script type=\"application\/ld+json\" class=\"aioseo-schema\">\n\t\t\t{\"@context\":\"https:\\\/\\\/schema.org\",\"@graph\":[{\"@type\":\"BreadcrumbList\",\"@id\":\"https:\\\/\\\/candas365.es\\\/noticias\\\/laboral-cineteca-acoge-el-25-de-mayo-el-preestreno-de-pieles\\\/#breadcrumblist\",\"itemListElement\":[{\"@type\":\"ListItem\",\"@id\":\"https:\\\/\\\/candas365.es\\\/noticias#listItem\",\"position\":1,\"name\":\"Home\",\"item\":\"https:\\\/\\\/candas365.es\\\/noticias\",\"nextItem\":{\"@type\":\"ListItem\",\"@id\":\"https:\\\/\\\/candas365.es\\\/noticias\\\/category\\\/agenda\\\/#listItem\",\"name\":\"Agenda\"}},{\"@type\":\"ListItem\",\"@id\":\"https:\\\/\\\/candas365.es\\\/noticias\\\/category\\\/agenda\\\/#listItem\",\"position\":2,\"name\":\"Agenda\",\"item\":\"https:\\\/\\\/candas365.es\\\/noticias\\\/category\\\/agenda\\\/\",\"nextItem\":{\"@type\":\"ListItem\",\"@id\":\"https:\\\/\\\/candas365.es\\\/noticias\\\/laboral-cineteca-acoge-el-25-de-mayo-el-preestreno-de-pieles\\\/#listItem\",\"name\":\"Laboral Cineteca acoge el 25 de mayo el preestreno de \\u00abPieles\\u00bb\"},\"previousItem\":{\"@type\":\"ListItem\",\"@id\":\"https:\\\/\\\/candas365.es\\\/noticias#listItem\",\"name\":\"Home\"}},{\"@type\":\"ListItem\",\"@id\":\"https:\\\/\\\/candas365.es\\\/noticias\\\/laboral-cineteca-acoge-el-25-de-mayo-el-preestreno-de-pieles\\\/#listItem\",\"position\":3,\"name\":\"Laboral Cineteca acoge el 25 de mayo el preestreno de \\u00abPieles\\u00bb\",\"previousItem\":{\"@type\":\"ListItem\",\"@id\":\"https:\\\/\\\/candas365.es\\\/noticias\\\/category\\\/agenda\\\/#listItem\",\"name\":\"Agenda\"}}]},{\"@type\":\"NewsArticle\",\"@id\":\"https:\\\/\\\/candas365.es\\\/noticias\\\/laboral-cineteca-acoge-el-25-de-mayo-el-preestreno-de-pieles\\\/#newsarticle\",\"name\":\"Laboral Cineteca acoge el 25 de mayo el preestreno de \\u00abPieles\\u00bb | Cand\\u00e1s 365\",\"headline\":\"Laboral Cineteca acoge el 25 de mayo el preestreno de \\u00abPieles\\u00bb\",\"author\":{\"@id\":\"https:\\\/\\\/candas365.es\\\/noticias\\\/author\\\/admin\\\/#author\"},\"publisher\":{\"@id\":\"https:\\\/\\\/candas365.es\\\/noticias\\\/#organization\"},\"image\":{\"@type\":\"ImageObject\",\"url\":\"https:\\\/\\\/candas365.es\\\/noticias\\\/wp-content\\\/uploads\\\/2017\\\/05\\\/pieles.jpg\",\"width\":1280,\"height\":853},\"datePublished\":\"2017-05-23T10:34:42+02:00\",\"dateModified\":\"2017-05-23T10:34:42+02:00\",\"inLanguage\":\"es-ES\",\"mainEntityOfPage\":{\"@id\":\"https:\\\/\\\/candas365.es\\\/noticias\\\/laboral-cineteca-acoge-el-25-de-mayo-el-preestreno-de-pieles\\\/#webpage\"},\"isPartOf\":{\"@id\":\"https:\\\/\\\/candas365.es\\\/noticias\\\/laboral-cineteca-acoge-el-25-de-mayo-el-preestreno-de-pieles\\\/#webpage\"},\"articleSection\":\"Agenda\",\"dateline\":\"Publicado el mayo 23, 2017.\"},{\"@type\":\"Organization\",\"@id\":\"https:\\\/\\\/candas365.es\\\/noticias\\\/#organization\",\"name\":\"Cand\\u00e1s 365\",\"description\":\"Cand\\u00e1s 365 es un diario digital independiente, fundado en 2012, con base en Asturias. Informamos con rigor sobre actualidad, sociedad, cultura y ocio, con una mirada local y global.\",\"url\":\"https:\\\/\\\/candas365.es\\\/noticias\\\/\",\"email\":\"info@candas365.es\",\"telephone\":\"+34652131393\",\"foundingDate\":\"2012-06-10\",\"logo\":{\"@type\":\"ImageObject\",\"url\":\"https:\\\/\\\/candas365.es\\\/noticias\\\/wp-content\\\/uploads\\\/2024\\\/09\\\/Candas-365-Redes.jpg\",\"@id\":\"https:\\\/\\\/candas365.es\\\/noticias\\\/laboral-cineteca-acoge-el-25-de-mayo-el-preestreno-de-pieles\\\/#organizationLogo\",\"width\":1152,\"height\":864,\"caption\":\"Cand\\u00e1s 365 Redes\"},\"image\":{\"@id\":\"https:\\\/\\\/candas365.es\\\/noticias\\\/laboral-cineteca-acoge-el-25-de-mayo-el-preestreno-de-pieles\\\/#organizationLogo\"},\"sameAs\":[\"https:\\\/\\\/www.facebook.com\\\/Nachofdezber\",\"https:\\\/\\\/x.com\\\/NabercoDigital\",\"https:\\\/\\\/www.instagram.com\\\/nachofdezber\\\/\",\"https:\\\/\\\/www.youtube.com\\\/channel\\\/UCZP-2wLEB9Rv6erhFmqVnvg\"],\"address\":{\"@id\":\"https:\\\/\\\/candas365.es\\\/noticias\\\/#postaladdress\",\"@type\":\"PostalAddress\",\"streetAddress\":\"san antonio 4, san antonio 4\",\"postalCode\":\"33430\",\"addressLocality\":\"Cand\\u00e1s\",\"addressRegion\":\"Asturias\",\"addressCountry\":\"ES\"}},{\"@type\":\"Person\",\"@id\":\"https:\\\/\\\/candas365.es\\\/noticias\\\/author\\\/admin\\\/#author\",\"url\":\"https:\\\/\\\/candas365.es\\\/noticias\\\/author\\\/admin\\\/\",\"name\":\"Cand\\u00e1s 365\",\"image\":{\"@type\":\"ImageObject\",\"@id\":\"https:\\\/\\\/candas365.es\\\/noticias\\\/laboral-cineteca-acoge-el-25-de-mayo-el-preestreno-de-pieles\\\/#authorImage\",\"url\":\"https:\\\/\\\/secure.gravatar.com\\\/avatar\\\/496a8e03d0c493ede1718b7934145dbdf8d89be1036b0eec9544e1094c9de390?s=96&d=mm&r=g\",\"width\":96,\"height\":96,\"caption\":\"Cand\\u00e1s 365\"},\"sameAs\":[\"https:\\\/\\\/www.facebook.com\\\/carrenoactualidad\",\"https:\\\/\\\/twitter.com\\\/nbasturias\",\"https:\\\/\\\/www.instagram.com\\\/nachofdezber\\\/\",\"https:\\\/\\\/www.youtube.com\\\/channel\\\/UCZP-2wLEB9Rv6erhFmqVnvg\"]},{\"@type\":\"WebPage\",\"@id\":\"https:\\\/\\\/candas365.es\\\/noticias\\\/laboral-cineteca-acoge-el-25-de-mayo-el-preestreno-de-pieles\\\/#webpage\",\"url\":\"https:\\\/\\\/candas365.es\\\/noticias\\\/laboral-cineteca-acoge-el-25-de-mayo-el-preestreno-de-pieles\\\/\",\"name\":\"Laboral Cineteca acoge el 25 de mayo el preestreno de \\u00abPieles\\u00bb | Cand\\u00e1s 365\",\"description\":\"Laboral Cineteca acoge este jueves 25 de mayo, a las 20:00 horas, el preestreno de Pieles, la \\u00f3pera prima del joven actor y guionista Eduardo Casanova que llegar\\u00e1 a las salas comerciales el 9 de junio. Casanova se estrena en la direcci\\u00f3n con una pel\\u00edcula que quiere ser una oda a la diferencia y una\",\"inLanguage\":\"es-ES\",\"isPartOf\":{\"@id\":\"https:\\\/\\\/candas365.es\\\/noticias\\\/#website\"},\"breadcrumb\":{\"@id\":\"https:\\\/\\\/candas365.es\\\/noticias\\\/laboral-cineteca-acoge-el-25-de-mayo-el-preestreno-de-pieles\\\/#breadcrumblist\"},\"author\":{\"@id\":\"https:\\\/\\\/candas365.es\\\/noticias\\\/author\\\/admin\\\/#author\"},\"creator\":{\"@id\":\"https:\\\/\\\/candas365.es\\\/noticias\\\/author\\\/admin\\\/#author\"},\"image\":{\"@type\":\"ImageObject\",\"url\":\"https:\\\/\\\/candas365.es\\\/noticias\\\/wp-content\\\/uploads\\\/2017\\\/05\\\/pieles.jpg\",\"@id\":\"https:\\\/\\\/candas365.es\\\/noticias\\\/laboral-cineteca-acoge-el-25-de-mayo-el-preestreno-de-pieles\\\/#mainImage\",\"width\":1280,\"height\":853},\"primaryImageOfPage\":{\"@id\":\"https:\\\/\\\/candas365.es\\\/noticias\\\/laboral-cineteca-acoge-el-25-de-mayo-el-preestreno-de-pieles\\\/#mainImage\"},\"datePublished\":\"2017-05-23T10:34:42+02:00\",\"dateModified\":\"2017-05-23T10:34:42+02:00\"},{\"@type\":\"WebSite\",\"@id\":\"https:\\\/\\\/candas365.es\\\/noticias\\\/#website\",\"url\":\"https:\\\/\\\/candas365.es\\\/noticias\\\/\",\"name\":\"Cand\\u00e1s 365\",\"alternateName\":\"Cand\\u00e1s 365 Noticias\",\"description\":\"Actualidad desde Carre\\u00f1o para el mundo\",\"inLanguage\":\"es-ES\",\"publisher\":{\"@id\":\"https:\\\/\\\/candas365.es\\\/noticias\\\/#organization\"}}]}\n\t\t<\/script>\n\t\t<!-- All in One SEO Pro -->\r\n\t\t<title>Laboral Cineteca acoge el 25 de mayo el preestreno de \u00abPieles\u00bb | Cand\u00e1s 365<\/title>\n\n","aioseo_head_json":{"title":"Laboral Cineteca acoge el 25 de mayo el preestreno de \u00abPieles\u00bb | Cand\u00e1s 365","description":"Laboral Cineteca acoge este jueves 25 de mayo, a las 20:00 horas, el preestreno de Pieles, la \u00f3pera prima del joven actor y guionista Eduardo Casanova que llegar\u00e1 a las salas comerciales el 9 de junio. Casanova se estrena en la direcci\u00f3n con una pel\u00edcula que quiere ser una oda a la diferencia y una","canonical_url":"https:\/\/candas365.es\/noticias\/laboral-cineteca-acoge-el-25-de-mayo-el-preestreno-de-pieles\/","robots":"max-image-preview:large","keywords":"agenda","webmasterTools":{"google-site-verification":"UA-32230408-1","msvalidate.01":"354F3CDFB2DA171B47FBE9ABF1F88D5","miscellaneous":""},"schema":{"@context":"https:\/\/schema.org","@graph":[{"@type":"BreadcrumbList","@id":"https:\/\/candas365.es\/noticias\/laboral-cineteca-acoge-el-25-de-mayo-el-preestreno-de-pieles\/#breadcrumblist","itemListElement":[{"@type":"ListItem","@id":"https:\/\/candas365.es\/noticias#listItem","position":1,"name":"Home","item":"https:\/\/candas365.es\/noticias","nextItem":{"@type":"ListItem","@id":"https:\/\/candas365.es\/noticias\/category\/agenda\/#listItem","name":"Agenda"}},{"@type":"ListItem","@id":"https:\/\/candas365.es\/noticias\/category\/agenda\/#listItem","position":2,"name":"Agenda","item":"https:\/\/candas365.es\/noticias\/category\/agenda\/","nextItem":{"@type":"ListItem","@id":"https:\/\/candas365.es\/noticias\/laboral-cineteca-acoge-el-25-de-mayo-el-preestreno-de-pieles\/#listItem","name":"Laboral Cineteca acoge el 25 de mayo el preestreno de \u00abPieles\u00bb"},"previousItem":{"@type":"ListItem","@id":"https:\/\/candas365.es\/noticias#listItem","name":"Home"}},{"@type":"ListItem","@id":"https:\/\/candas365.es\/noticias\/laboral-cineteca-acoge-el-25-de-mayo-el-preestreno-de-pieles\/#listItem","position":3,"name":"Laboral Cineteca acoge el 25 de mayo el preestreno de \u00abPieles\u00bb","previousItem":{"@type":"ListItem","@id":"https:\/\/candas365.es\/noticias\/category\/agenda\/#listItem","name":"Agenda"}}]},{"@type":"NewsArticle","@id":"https:\/\/candas365.es\/noticias\/laboral-cineteca-acoge-el-25-de-mayo-el-preestreno-de-pieles\/#newsarticle","name":"Laboral Cineteca acoge el 25 de mayo el preestreno de \u00abPieles\u00bb | Cand\u00e1s 365","headline":"Laboral Cineteca acoge el 25 de mayo el preestreno de \u00abPieles\u00bb","author":{"@id":"https:\/\/candas365.es\/noticias\/author\/admin\/#author"},"publisher":{"@id":"https:\/\/candas365.es\/noticias\/#organization"},"image":{"@type":"ImageObject","url":"https:\/\/candas365.es\/noticias\/wp-content\/uploads\/2017\/05\/pieles.jpg","width":1280,"height":853},"datePublished":"2017-05-23T10:34:42+02:00","dateModified":"2017-05-23T10:34:42+02:00","inLanguage":"es-ES","mainEntityOfPage":{"@id":"https:\/\/candas365.es\/noticias\/laboral-cineteca-acoge-el-25-de-mayo-el-preestreno-de-pieles\/#webpage"},"isPartOf":{"@id":"https:\/\/candas365.es\/noticias\/laboral-cineteca-acoge-el-25-de-mayo-el-preestreno-de-pieles\/#webpage"},"articleSection":"Agenda","dateline":"Publicado el mayo 23, 2017."},{"@type":"Organization","@id":"https:\/\/candas365.es\/noticias\/#organization","name":"Cand\u00e1s 365","description":"Cand\u00e1s 365 es un diario digital independiente, fundado en 2012, con base en Asturias. Informamos con rigor sobre actualidad, sociedad, cultura y ocio, con una mirada local y global.","url":"https:\/\/candas365.es\/noticias\/","email":"info@candas365.es","telephone":"+34652131393","foundingDate":"2012-06-10","logo":{"@type":"ImageObject","url":"https:\/\/candas365.es\/noticias\/wp-content\/uploads\/2024\/09\/Candas-365-Redes.jpg","@id":"https:\/\/candas365.es\/noticias\/laboral-cineteca-acoge-el-25-de-mayo-el-preestreno-de-pieles\/#organizationLogo","width":1152,"height":864,"caption":"Cand\u00e1s 365 Redes"},"image":{"@id":"https:\/\/candas365.es\/noticias\/laboral-cineteca-acoge-el-25-de-mayo-el-preestreno-de-pieles\/#organizationLogo"},"sameAs":["https:\/\/www.facebook.com\/Nachofdezber","https:\/\/x.com\/NabercoDigital","https:\/\/www.instagram.com\/nachofdezber\/","https:\/\/www.youtube.com\/channel\/UCZP-2wLEB9Rv6erhFmqVnvg"],"address":{"@id":"https:\/\/candas365.es\/noticias\/#postaladdress","@type":"PostalAddress","streetAddress":"san antonio 4, san antonio 4","postalCode":"33430","addressLocality":"Cand\u00e1s","addressRegion":"Asturias","addressCountry":"ES"}},{"@type":"Person","@id":"https:\/\/candas365.es\/noticias\/author\/admin\/#author","url":"https:\/\/candas365.es\/noticias\/author\/admin\/","name":"Cand\u00e1s 365","image":{"@type":"ImageObject","@id":"https:\/\/candas365.es\/noticias\/laboral-cineteca-acoge-el-25-de-mayo-el-preestreno-de-pieles\/#authorImage","url":"https:\/\/secure.gravatar.com\/avatar\/496a8e03d0c493ede1718b7934145dbdf8d89be1036b0eec9544e1094c9de390?s=96&d=mm&r=g","width":96,"height":96,"caption":"Cand\u00e1s 365"},"sameAs":["https:\/\/www.facebook.com\/carrenoactualidad","https:\/\/twitter.com\/nbasturias","https:\/\/www.instagram.com\/nachofdezber\/","https:\/\/www.youtube.com\/channel\/UCZP-2wLEB9Rv6erhFmqVnvg"]},{"@type":"WebPage","@id":"https:\/\/candas365.es\/noticias\/laboral-cineteca-acoge-el-25-de-mayo-el-preestreno-de-pieles\/#webpage","url":"https:\/\/candas365.es\/noticias\/laboral-cineteca-acoge-el-25-de-mayo-el-preestreno-de-pieles\/","name":"Laboral Cineteca acoge el 25 de mayo el preestreno de \u00abPieles\u00bb | Cand\u00e1s 365","description":"Laboral Cineteca acoge este jueves 25 de mayo, a las 20:00 horas, el preestreno de Pieles, la \u00f3pera prima del joven actor y guionista Eduardo Casanova que llegar\u00e1 a las salas comerciales el 9 de junio. Casanova se estrena en la direcci\u00f3n con una pel\u00edcula que quiere ser una oda a la diferencia y una","inLanguage":"es-ES","isPartOf":{"@id":"https:\/\/candas365.es\/noticias\/#website"},"breadcrumb":{"@id":"https:\/\/candas365.es\/noticias\/laboral-cineteca-acoge-el-25-de-mayo-el-preestreno-de-pieles\/#breadcrumblist"},"author":{"@id":"https:\/\/candas365.es\/noticias\/author\/admin\/#author"},"creator":{"@id":"https:\/\/candas365.es\/noticias\/author\/admin\/#author"},"image":{"@type":"ImageObject","url":"https:\/\/candas365.es\/noticias\/wp-content\/uploads\/2017\/05\/pieles.jpg","@id":"https:\/\/candas365.es\/noticias\/laboral-cineteca-acoge-el-25-de-mayo-el-preestreno-de-pieles\/#mainImage","width":1280,"height":853},"primaryImageOfPage":{"@id":"https:\/\/candas365.es\/noticias\/laboral-cineteca-acoge-el-25-de-mayo-el-preestreno-de-pieles\/#mainImage"},"datePublished":"2017-05-23T10:34:42+02:00","dateModified":"2017-05-23T10:34:42+02:00"},{"@type":"WebSite","@id":"https:\/\/candas365.es\/noticias\/#website","url":"https:\/\/candas365.es\/noticias\/","name":"Cand\u00e1s 365","alternateName":"Cand\u00e1s 365 Noticias","description":"Actualidad desde Carre\u00f1o para el mundo","inLanguage":"es-ES","publisher":{"@id":"https:\/\/candas365.es\/noticias\/#organization"}}]},"og:locale":"es_ES","og:site_name":"Cand\u00e1s 365","og:type":"article","og:title":"Laboral Cineteca acoge el 25 de mayo el preestreno de \u00abPieles\u00bb | Cand\u00e1s 365","og:description":"Laboral Cineteca acoge este jueves 25 de mayo, a las 20:00 horas, el preestreno de Pieles, la \u00f3pera prima del joven actor y guionista Eduardo Casanova que llegar\u00e1 a las salas comerciales el 9 de junio. Casanova se estrena en la direcci\u00f3n con una pel\u00edcula que quiere ser una oda a la diferencia y una","og:url":"https:\/\/candas365.es\/noticias\/laboral-cineteca-acoge-el-25-de-mayo-el-preestreno-de-pieles\/","og:image":"https:\/\/candas365.es\/noticias\/wp-content\/uploads\/2017\/05\/pieles.jpg","og:image:secure_url":"https:\/\/candas365.es\/noticias\/wp-content\/uploads\/2017\/05\/pieles.jpg","og:image:width":1280,"og:image:height":853,"article:published_time":"2017-05-23T10:34:42+00:00","article:modified_time":"2017-05-23T10:34:42+00:00","article:publisher":"https:\/\/www.facebook.com\/Nachofdezber","article:author":"https:\/\/www.facebook.com\/carrenoactualidad","twitter:card":"summary_large_image","twitter:site":"@NabercoDigital","twitter:title":"Laboral Cineteca acoge el 25 de mayo el preestreno de \u00abPieles\u00bb | Cand\u00e1s 365","twitter:description":"Laboral Cineteca acoge este jueves 25 de mayo, a las 20:00 horas, el preestreno de Pieles, la \u00f3pera prima del joven actor y guionista Eduardo Casanova que llegar\u00e1 a las salas comerciales el 9 de junio. Casanova se estrena en la direcci\u00f3n con una pel\u00edcula que quiere ser una oda a la diferencia y una","twitter:creator":"@nbasturias","twitter:image":"https:\/\/candas365.es\/noticias\/wp-content\/uploads\/2017\/05\/pieles.jpg","twitter:label1":"Escrito por","twitter:data1":"Cand\u00e1s 365","twitter:label2":"Tiempo de lectura estimado","twitter:data2":"2 minutos"},"aioseo_meta_data":{"post_id":"72158","title":null,"description":null,"keywords":null,"keyphrases":null,"primary_term":null,"canonical_url":null,"og_title":null,"og_description":null,"og_object_type":"default","og_image_type":"default","og_image_url":null,"og_image_width":null,"og_image_height":null,"og_image_custom_url":null,"og_image_custom_fields":null,"og_video":null,"og_custom_url":null,"og_article_section":null,"og_article_tags":null,"twitter_use_og":false,"twitter_card":"default","twitter_image_type":"default","twitter_image_url":null,"twitter_image_custom_url":null,"twitter_image_custom_fields":null,"twitter_title":null,"twitter_description":null,"schema":{"blockGraphs":[],"customGraphs":[],"default":{"data":{"Article":[],"Course":[],"Dataset":[],"FAQPage":[],"Movie":[],"Person":[],"Product":[],"ProductReview":[],"Car":[],"Recipe":[],"Service":[],"SoftwareApplication":[],"WebPage":[]},"graphName":"","isEnabled":true},"graphs":[],"defaultGraph":"","defaultPostTypeGraph":""},"schema_type":null,"schema_type_options":null,"pillar_content":false,"robots_default":true,"robots_noindex":false,"robots_noarchive":false,"robots_nosnippet":false,"robots_nofollow":false,"robots_noimageindex":false,"robots_noodp":false,"robots_notranslate":false,"robots_max_snippet":null,"robots_max_videopreview":null,"robots_max_imagepreview":"large","priority":null,"frequency":null,"location":null,"local_seo":null,"seo_analyzer_scan_date":"2025-08-25 14:35:09","breadcrumb_settings":null,"limit_modified_date":false,"reviewed_by":null,"open_ai":null,"ai":null,"created":"2020-12-21 10:52:08","updated":"2025-08-25 14:35:09"},"aioseo_breadcrumb":"<div class=\"aioseo-breadcrumbs\"><span class=\"aioseo-breadcrumb\">\n\t<a href=\"https:\/\/candas365.es\/noticias\" title=\"Home\">Home<\/a>\n<\/span><span class=\"aioseo-breadcrumb-separator\">&ndash;<\/span><span class=\"aioseo-breadcrumb\">\n\t<a href=\"https:\/\/candas365.es\/noticias\/category\/agenda\/\" title=\"Agenda\">Agenda<\/a>\n<\/span><span class=\"aioseo-breadcrumb-separator\">&ndash;<\/span><span class=\"aioseo-breadcrumb\">\n\tLaboral Cineteca acoge el 25 de mayo el preestreno de \u00abPieles\u00bb\n<\/span><\/div>","aioseo_breadcrumb_json":[{"label":"Home","link":"https:\/\/candas365.es\/noticias"},{"label":"Agenda","link":"https:\/\/candas365.es\/noticias\/category\/agenda\/"},{"label":"Laboral Cineteca acoge el 25 de mayo el preestreno de \u00abPieles\u00bb","link":"https:\/\/candas365.es\/noticias\/laboral-cineteca-acoge-el-25-de-mayo-el-preestreno-de-pieles\/"}],"_links":{"self":[{"href":"https:\/\/candas365.es\/noticias\/wp-json\/wp\/v2\/posts\/72158","targetHints":{"allow":["GET"]}}],"collection":[{"href":"https:\/\/candas365.es\/noticias\/wp-json\/wp\/v2\/posts"}],"about":[{"href":"https:\/\/candas365.es\/noticias\/wp-json\/wp\/v2\/types\/post"}],"author":[{"embeddable":true,"href":"https:\/\/candas365.es\/noticias\/wp-json\/wp\/v2\/users\/1"}],"replies":[{"embeddable":true,"href":"https:\/\/candas365.es\/noticias\/wp-json\/wp\/v2\/comments?post=72158"}],"version-history":[{"count":0,"href":"https:\/\/candas365.es\/noticias\/wp-json\/wp\/v2\/posts\/72158\/revisions"}],"wp:featuredmedia":[{"embeddable":true,"href":"https:\/\/candas365.es\/noticias\/wp-json\/wp\/v2\/media\/72159"}],"wp:attachment":[{"href":"https:\/\/candas365.es\/noticias\/wp-json\/wp\/v2\/media?parent=72158"}],"wp:term":[{"taxonomy":"category","embeddable":true,"href":"https:\/\/candas365.es\/noticias\/wp-json\/wp\/v2\/categories?post=72158"},{"taxonomy":"post_tag","embeddable":true,"href":"https:\/\/candas365.es\/noticias\/wp-json\/wp\/v2\/tags?post=72158"}],"curies":[{"name":"wp","href":"https:\/\/api.w.org\/{rel}","templated":true}]}}