{"id":72076,"date":"2017-05-20T19:30:12","date_gmt":"2017-05-20T19:30:12","guid":{"rendered":"http:\/\/candas365.es\/noticias\/?p=72076"},"modified":"2017-05-20T19:30:12","modified_gmt":"2017-05-20T19:30:12","slug":"las-tormentas-interiores-de-gerardo-perez-sanchez","status":"publish","type":"post","link":"https:\/\/candas365.es\/noticias\/las-tormentas-interiores-de-gerardo-perez-sanchez\/","title":{"rendered":"\u2018Las tormentas interiores\u2019 de Gerardo P\u00e9rez S\u00e1nchez"},"content":{"rendered":"<p><img fetchpriority=\"high\" decoding=\"async\" class=\"alignleft size-medium wp-image-72077\" src=\"https:\/\/candas365.es\/noticias\/wp-content\/uploads\/2017\/05\/1495092660-360x273.jpg\" alt=\"\" width=\"360\" height=\"273\" srcset=\"https:\/\/candas365.es\/noticias\/wp-content\/uploads\/2017\/05\/1495092660-360x273.jpg 360w, https:\/\/candas365.es\/noticias\/wp-content\/uploads\/2017\/05\/1495092660-633x480.jpg 633w, https:\/\/candas365.es\/noticias\/wp-content\/uploads\/2017\/05\/1495092660-768x582.jpg 768w, https:\/\/candas365.es\/noticias\/wp-content\/uploads\/2017\/05\/1495092660-1536x1164.jpg 1536w, https:\/\/candas365.es\/noticias\/wp-content\/uploads\/2017\/05\/1495092660-150x114.jpg 150w, https:\/\/candas365.es\/noticias\/wp-content\/uploads\/2017\/05\/1495092660-450x341.jpg 450w, https:\/\/candas365.es\/noticias\/wp-content\/uploads\/2017\/05\/1495092660-1200x910.jpg 1200w, https:\/\/candas365.es\/noticias\/wp-content\/uploads\/2017\/05\/1495092660-80x60.jpg 80w, https:\/\/candas365.es\/noticias\/wp-content\/uploads\/2017\/05\/1495092660-696x528.jpg 696w, https:\/\/candas365.es\/noticias\/wp-content\/uploads\/2017\/05\/1495092660-1068x810.jpg 1068w, https:\/\/candas365.es\/noticias\/wp-content\/uploads\/2017\/05\/1495092660-554x420.jpg 554w, https:\/\/candas365.es\/noticias\/wp-content\/uploads\/2017\/05\/1495092660-90x67.jpg 90w, https:\/\/candas365.es\/noticias\/wp-content\/uploads\/2017\/05\/1495092660.jpg 1695w\" sizes=\"(max-width: 360px) 100vw, 360px\" \/>El lunes 22 de mayo a las 20:30h, tendr\u00e1 lugar la presentaci\u00f3n de Las tormentas interiores, la nueva y cuarta novela de Gerardo P\u00e9rez S\u00e1nchez. El Real Casino de Tenerife abrir\u00e1 sus puertas para que los asistentes puedan compartir sus preguntas y opiniones sobre el libro, aunque no solo habr\u00e1 espacio para charlar de literatura; tambi\u00e9n se tratar\u00e1n aspectos relacionados con el cine, la otra gran afici\u00f3n del escritor tinerfe\u00f1o. En el evento, adem\u00e1s, participar\u00e1n Juan Manuel Bethencourt, antiguo Director General de Comunicaci\u00f3n del Gobierno de Canarias, y Eduardo Garc\u00eda Rojas, actual director de la agencia Ideapress. Y, como broche final, todos aquellos que se acerquen a la presentaci\u00f3n podr\u00e1n disfrutar de una peque\u00f1a degustaci\u00f3n.<\/p>\n<p>Cuatro personas, desconocidas entre s\u00ed y provenientes de distintos puntos del pa\u00eds, coinciden por casualidad una tarde en el aeropuerto de Madrid. Dos de ellas, sin saberlo, comparten el mismo vuelo a Londres. \u00c9l, para participar en la grabaci\u00f3n de un disco. Ella, para asistir a la boda de una hermana. Las otras dos tambi\u00e9n deben viajar en el mismo avi\u00f3n, en este caso, con destino a Roma. El primero, para acudir a una reuni\u00f3n de negocios. La segunda, decidida a cambiar de aires para dar un giro radical a su vida. Pero, a causa de una repentina tormenta, ambos vuelos han de ser cancelados, por lo que algunos pasajeros tendr\u00e1n que pasar la noche en la propia terminal y otros en hoteles de la capital. Durante esas horas de angustiosa espera previas a reemprender sus respectivos viajes, tendr\u00e1n la oportunidad de conocerse. Y, desde ese momento, sus vidas cambiar\u00e1n para siempre.<\/p>\n<p>Las tormentas interiores, que ya puede adquirirse a trav\u00e9s de la propia Editorial Verbum, Casa del Libro y Amazon, tiene todos los elementos que se le puede pedir a una buena novela: personajes emp\u00e1ticos, una historia bien hilada y una estructura poco com\u00fan. Es una lectura para disfrutar y dejarse llevar como sus protagonistas. Detr\u00e1s de las historias de cada uno de ellos, hay reflexi\u00f3n, amor y vida. S\u00ed, vida, pues trata temas reconocibles que mueven, que golpean en el est\u00f3mago porque forman parte de la cotidianidad.<\/p>\n","protected":false},"excerpt":{"rendered":"<p>El lunes 22 de mayo a las 20:30h, tendr\u00e1 lugar la presentaci\u00f3n de Las tormentas interiores, la nueva y cuarta novela de Gerardo P\u00e9rez S\u00e1nchez. El Real Casino de Tenerife abrir\u00e1 sus puertas para que los asistentes puedan compartir sus preguntas y opiniones sobre el libro, aunque no solo habr\u00e1 espacio para charlar de literatura;<\/p>\n","protected":false},"author":1,"featured_media":72077,"comment_status":"open","ping_status":"closed","sticky":false,"template":"","format":"standard","meta":{"footnotes":""},"categories":[1],"tags":[],"class_list":{"0":"post-72076","1":"post","2":"type-post","3":"status-publish","4":"format-standard","5":"has-post-thumbnail","7":"category-agenda"},"aioseo_notices":[],"aioseo_head":"\n\t\t<!-- All in One SEO Pro 4.9.6.2 - aioseo.com -->\n\t<meta name=\"description\" content=\"El lunes 22 de mayo a las 20:30h, tendr\u00e1 lugar la presentaci\u00f3n de Las tormentas interiores, la nueva y cuarta novela de Gerardo P\u00e9rez S\u00e1nchez. El Real Casino de Tenerife abrir\u00e1 sus puertas para que los asistentes puedan compartir sus preguntas y opiniones sobre el libro, aunque no solo habr\u00e1 espacio para charlar de literatura;\" \/>\n\t<meta name=\"robots\" content=\"max-image-preview:large\" \/>\n\t<meta name=\"author\" content=\"Cand\u00e1s 365\"\/>\n\t<meta name=\"google-site-verification\" content=\"UA-32230408-1\" \/>\n\t<meta name=\"msvalidate.01\" content=\"354F3CDFB2DA171B47FBE9ABF1F88D5\" \/>\n\t<meta name=\"keywords\" content=\"agenda\" \/>\n\t<link rel=\"canonical\" href=\"https:\/\/candas365.es\/noticias\/las-tormentas-interiores-de-gerardo-perez-sanchez\/\" \/>\n\t<meta name=\"generator\" content=\"All in One SEO Pro (AIOSEO) 4.9.6.2\" \/>\n\t\t<meta property=\"og:locale\" content=\"es_ES\" \/>\n\t\t<meta property=\"og:site_name\" content=\"Cand\u00e1s 365\" \/>\n\t\t<meta property=\"og:type\" content=\"article\" \/>\n\t\t<meta property=\"og:title\" content=\"\u2018Las tormentas interiores\u2019 de Gerardo P\u00e9rez S\u00e1nchez | Cand\u00e1s 365\" \/>\n\t\t<meta property=\"og:description\" content=\"El lunes 22 de mayo a las 20:30h, tendr\u00e1 lugar la presentaci\u00f3n de Las tormentas interiores, la nueva y cuarta novela de Gerardo P\u00e9rez S\u00e1nchez. El Real Casino de Tenerife abrir\u00e1 sus puertas para que los asistentes puedan compartir sus preguntas y opiniones sobre el libro, aunque no solo habr\u00e1 espacio para charlar de literatura;\" \/>\n\t\t<meta property=\"og:url\" content=\"https:\/\/candas365.es\/noticias\/las-tormentas-interiores-de-gerardo-perez-sanchez\/\" \/>\n\t\t<meta property=\"og:image\" content=\"https:\/\/candas365.es\/noticias\/wp-content\/uploads\/2017\/05\/1495092660.jpg\" \/>\n\t\t<meta property=\"og:image:secure_url\" content=\"https:\/\/candas365.es\/noticias\/wp-content\/uploads\/2017\/05\/1495092660.jpg\" \/>\n\t\t<meta property=\"og:image:width\" content=\"1695\" \/>\n\t\t<meta property=\"og:image:height\" content=\"1285\" \/>\n\t\t<meta property=\"article:published_time\" content=\"2017-05-20T19:30:12+00:00\" \/>\n\t\t<meta property=\"article:modified_time\" content=\"2017-05-20T19:30:12+00:00\" \/>\n\t\t<meta property=\"article:publisher\" content=\"https:\/\/www.facebook.com\/Nachofdezber\" \/>\n\t\t<meta property=\"article:author\" content=\"https:\/\/www.facebook.com\/carrenoactualidad\" \/>\n\t\t<meta name=\"twitter:card\" content=\"summary_large_image\" \/>\n\t\t<meta name=\"twitter:site\" content=\"@NabercoDigital\" \/>\n\t\t<meta name=\"twitter:title\" content=\"\u2018Las tormentas interiores\u2019 de Gerardo P\u00e9rez S\u00e1nchez | Cand\u00e1s 365\" \/>\n\t\t<meta name=\"twitter:description\" content=\"El lunes 22 de mayo a las 20:30h, tendr\u00e1 lugar la presentaci\u00f3n de Las tormentas interiores, la nueva y cuarta novela de Gerardo P\u00e9rez S\u00e1nchez. El Real Casino de Tenerife abrir\u00e1 sus puertas para que los asistentes puedan compartir sus preguntas y opiniones sobre el libro, aunque no solo habr\u00e1 espacio para charlar de literatura;\" \/>\n\t\t<meta name=\"twitter:creator\" content=\"@nbasturias\" \/>\n\t\t<meta name=\"twitter:image\" content=\"https:\/\/candas365.es\/noticias\/wp-content\/uploads\/2017\/05\/1495092660.jpg\" \/>\n\t\t<meta name=\"twitter:label1\" content=\"Escrito por\" \/>\n\t\t<meta name=\"twitter:data1\" content=\"Cand\u00e1s 365\" \/>\n\t\t<meta name=\"twitter:label2\" content=\"Tiempo de lectura estimado\" \/>\n\t\t<meta name=\"twitter:data2\" content=\"2 minutos\" \/>\n\t\t<script type=\"application\/ld+json\" class=\"aioseo-schema\">\n\t\t\t{\"@context\":\"https:\\\/\\\/schema.org\",\"@graph\":[{\"@type\":\"BreadcrumbList\",\"@id\":\"https:\\\/\\\/candas365.es\\\/noticias\\\/las-tormentas-interiores-de-gerardo-perez-sanchez\\\/#breadcrumblist\",\"itemListElement\":[{\"@type\":\"ListItem\",\"@id\":\"https:\\\/\\\/candas365.es\\\/noticias#listItem\",\"position\":1,\"name\":\"Home\",\"item\":\"https:\\\/\\\/candas365.es\\\/noticias\",\"nextItem\":{\"@type\":\"ListItem\",\"@id\":\"https:\\\/\\\/candas365.es\\\/noticias\\\/category\\\/agenda\\\/#listItem\",\"name\":\"Agenda\"}},{\"@type\":\"ListItem\",\"@id\":\"https:\\\/\\\/candas365.es\\\/noticias\\\/category\\\/agenda\\\/#listItem\",\"position\":2,\"name\":\"Agenda\",\"item\":\"https:\\\/\\\/candas365.es\\\/noticias\\\/category\\\/agenda\\\/\",\"nextItem\":{\"@type\":\"ListItem\",\"@id\":\"https:\\\/\\\/candas365.es\\\/noticias\\\/las-tormentas-interiores-de-gerardo-perez-sanchez\\\/#listItem\",\"name\":\"\\u2018Las tormentas interiores\\u2019 de Gerardo P\\u00e9rez S\\u00e1nchez\"},\"previousItem\":{\"@type\":\"ListItem\",\"@id\":\"https:\\\/\\\/candas365.es\\\/noticias#listItem\",\"name\":\"Home\"}},{\"@type\":\"ListItem\",\"@id\":\"https:\\\/\\\/candas365.es\\\/noticias\\\/las-tormentas-interiores-de-gerardo-perez-sanchez\\\/#listItem\",\"position\":3,\"name\":\"\\u2018Las tormentas interiores\\u2019 de Gerardo P\\u00e9rez S\\u00e1nchez\",\"previousItem\":{\"@type\":\"ListItem\",\"@id\":\"https:\\\/\\\/candas365.es\\\/noticias\\\/category\\\/agenda\\\/#listItem\",\"name\":\"Agenda\"}}]},{\"@type\":\"NewsArticle\",\"@id\":\"https:\\\/\\\/candas365.es\\\/noticias\\\/las-tormentas-interiores-de-gerardo-perez-sanchez\\\/#newsarticle\",\"name\":\"\\u2018Las tormentas interiores\\u2019 de Gerardo P\\u00e9rez S\\u00e1nchez | Cand\\u00e1s 365\",\"headline\":\"\\u2018Las tormentas interiores\\u2019 de Gerardo P\\u00e9rez S\\u00e1nchez\",\"author\":{\"@id\":\"https:\\\/\\\/candas365.es\\\/noticias\\\/author\\\/admin\\\/#author\"},\"publisher\":{\"@id\":\"https:\\\/\\\/candas365.es\\\/noticias\\\/#organization\"},\"image\":{\"@type\":\"ImageObject\",\"url\":\"https:\\\/\\\/candas365.es\\\/noticias\\\/wp-content\\\/uploads\\\/2017\\\/05\\\/1495092660.jpg\",\"width\":1695,\"height\":1285},\"datePublished\":\"2017-05-20T19:30:12+02:00\",\"dateModified\":\"2017-05-20T19:30:12+02:00\",\"inLanguage\":\"es-ES\",\"mainEntityOfPage\":{\"@id\":\"https:\\\/\\\/candas365.es\\\/noticias\\\/las-tormentas-interiores-de-gerardo-perez-sanchez\\\/#webpage\"},\"isPartOf\":{\"@id\":\"https:\\\/\\\/candas365.es\\\/noticias\\\/las-tormentas-interiores-de-gerardo-perez-sanchez\\\/#webpage\"},\"articleSection\":\"Agenda\",\"dateline\":\"Publicado el mayo 20, 2017.\"},{\"@type\":\"Organization\",\"@id\":\"https:\\\/\\\/candas365.es\\\/noticias\\\/#organization\",\"name\":\"Cand\\u00e1s 365\",\"description\":\"Cand\\u00e1s 365 es un diario digital independiente, fundado en 2012, con base en Asturias. Informamos con rigor sobre actualidad, sociedad, cultura y ocio, con una mirada local y global.\",\"url\":\"https:\\\/\\\/candas365.es\\\/noticias\\\/\",\"email\":\"info@candas365.es\",\"telephone\":\"+34652131393\",\"foundingDate\":\"2012-06-10\",\"logo\":{\"@type\":\"ImageObject\",\"url\":\"https:\\\/\\\/candas365.es\\\/noticias\\\/wp-content\\\/uploads\\\/2024\\\/09\\\/Candas-365-Redes.jpg\",\"@id\":\"https:\\\/\\\/candas365.es\\\/noticias\\\/las-tormentas-interiores-de-gerardo-perez-sanchez\\\/#organizationLogo\",\"width\":1152,\"height\":864,\"caption\":\"Cand\\u00e1s 365 Redes\"},\"image\":{\"@id\":\"https:\\\/\\\/candas365.es\\\/noticias\\\/las-tormentas-interiores-de-gerardo-perez-sanchez\\\/#organizationLogo\"},\"sameAs\":[\"https:\\\/\\\/www.facebook.com\\\/Nachofdezber\",\"https:\\\/\\\/x.com\\\/NabercoDigital\",\"https:\\\/\\\/www.instagram.com\\\/nachofdezber\\\/\",\"https:\\\/\\\/www.youtube.com\\\/channel\\\/UCZP-2wLEB9Rv6erhFmqVnvg\"],\"address\":{\"@id\":\"https:\\\/\\\/candas365.es\\\/noticias\\\/#postaladdress\",\"@type\":\"PostalAddress\",\"streetAddress\":\"san antonio 4, san antonio 4\",\"postalCode\":\"33430\",\"addressLocality\":\"Cand\\u00e1s\",\"addressRegion\":\"Asturias\",\"addressCountry\":\"ES\"}},{\"@type\":\"Person\",\"@id\":\"https:\\\/\\\/candas365.es\\\/noticias\\\/author\\\/admin\\\/#author\",\"url\":\"https:\\\/\\\/candas365.es\\\/noticias\\\/author\\\/admin\\\/\",\"name\":\"Cand\\u00e1s 365\",\"image\":{\"@type\":\"ImageObject\",\"@id\":\"https:\\\/\\\/candas365.es\\\/noticias\\\/las-tormentas-interiores-de-gerardo-perez-sanchez\\\/#authorImage\",\"url\":\"https:\\\/\\\/secure.gravatar.com\\\/avatar\\\/496a8e03d0c493ede1718b7934145dbdf8d89be1036b0eec9544e1094c9de390?s=96&d=mm&r=g\",\"width\":96,\"height\":96,\"caption\":\"Cand\\u00e1s 365\"},\"sameAs\":[\"https:\\\/\\\/www.facebook.com\\\/carrenoactualidad\",\"https:\\\/\\\/twitter.com\\\/nbasturias\",\"https:\\\/\\\/www.instagram.com\\\/nachofdezber\\\/\",\"https:\\\/\\\/www.youtube.com\\\/channel\\\/UCZP-2wLEB9Rv6erhFmqVnvg\"]},{\"@type\":\"WebPage\",\"@id\":\"https:\\\/\\\/candas365.es\\\/noticias\\\/las-tormentas-interiores-de-gerardo-perez-sanchez\\\/#webpage\",\"url\":\"https:\\\/\\\/candas365.es\\\/noticias\\\/las-tormentas-interiores-de-gerardo-perez-sanchez\\\/\",\"name\":\"\\u2018Las tormentas interiores\\u2019 de Gerardo P\\u00e9rez S\\u00e1nchez | Cand\\u00e1s 365\",\"description\":\"El lunes 22 de mayo a las 20:30h, tendr\\u00e1 lugar la presentaci\\u00f3n de Las tormentas interiores, la nueva y cuarta novela de Gerardo P\\u00e9rez S\\u00e1nchez. El Real Casino de Tenerife abrir\\u00e1 sus puertas para que los asistentes puedan compartir sus preguntas y opiniones sobre el libro, aunque no solo habr\\u00e1 espacio para charlar de literatura;\",\"inLanguage\":\"es-ES\",\"isPartOf\":{\"@id\":\"https:\\\/\\\/candas365.es\\\/noticias\\\/#website\"},\"breadcrumb\":{\"@id\":\"https:\\\/\\\/candas365.es\\\/noticias\\\/las-tormentas-interiores-de-gerardo-perez-sanchez\\\/#breadcrumblist\"},\"author\":{\"@id\":\"https:\\\/\\\/candas365.es\\\/noticias\\\/author\\\/admin\\\/#author\"},\"creator\":{\"@id\":\"https:\\\/\\\/candas365.es\\\/noticias\\\/author\\\/admin\\\/#author\"},\"image\":{\"@type\":\"ImageObject\",\"url\":\"https:\\\/\\\/candas365.es\\\/noticias\\\/wp-content\\\/uploads\\\/2017\\\/05\\\/1495092660.jpg\",\"@id\":\"https:\\\/\\\/candas365.es\\\/noticias\\\/las-tormentas-interiores-de-gerardo-perez-sanchez\\\/#mainImage\",\"width\":1695,\"height\":1285},\"primaryImageOfPage\":{\"@id\":\"https:\\\/\\\/candas365.es\\\/noticias\\\/las-tormentas-interiores-de-gerardo-perez-sanchez\\\/#mainImage\"},\"datePublished\":\"2017-05-20T19:30:12+02:00\",\"dateModified\":\"2017-05-20T19:30:12+02:00\"},{\"@type\":\"WebSite\",\"@id\":\"https:\\\/\\\/candas365.es\\\/noticias\\\/#website\",\"url\":\"https:\\\/\\\/candas365.es\\\/noticias\\\/\",\"name\":\"Cand\\u00e1s 365\",\"alternateName\":\"Cand\\u00e1s 365 Noticias\",\"description\":\"Actualidad desde Carre\\u00f1o para el mundo\",\"inLanguage\":\"es-ES\",\"publisher\":{\"@id\":\"https:\\\/\\\/candas365.es\\\/noticias\\\/#organization\"}}]}\n\t\t<\/script>\n\t\t<!-- All in One SEO Pro -->\r\n\t\t<title>\u2018Las tormentas interiores\u2019 de Gerardo P\u00e9rez S\u00e1nchez | Cand\u00e1s 365<\/title>\n\n","aioseo_head_json":{"title":"\u2018Las tormentas interiores\u2019 de Gerardo P\u00e9rez S\u00e1nchez | Cand\u00e1s 365","description":"El lunes 22 de mayo a las 20:30h, tendr\u00e1 lugar la presentaci\u00f3n de Las tormentas interiores, la nueva y cuarta novela de Gerardo P\u00e9rez S\u00e1nchez. El Real Casino de Tenerife abrir\u00e1 sus puertas para que los asistentes puedan compartir sus preguntas y opiniones sobre el libro, aunque no solo habr\u00e1 espacio para charlar de literatura;","canonical_url":"https:\/\/candas365.es\/noticias\/las-tormentas-interiores-de-gerardo-perez-sanchez\/","robots":"max-image-preview:large","keywords":"agenda","webmasterTools":{"google-site-verification":"UA-32230408-1","msvalidate.01":"354F3CDFB2DA171B47FBE9ABF1F88D5","miscellaneous":""},"schema":{"@context":"https:\/\/schema.org","@graph":[{"@type":"BreadcrumbList","@id":"https:\/\/candas365.es\/noticias\/las-tormentas-interiores-de-gerardo-perez-sanchez\/#breadcrumblist","itemListElement":[{"@type":"ListItem","@id":"https:\/\/candas365.es\/noticias#listItem","position":1,"name":"Home","item":"https:\/\/candas365.es\/noticias","nextItem":{"@type":"ListItem","@id":"https:\/\/candas365.es\/noticias\/category\/agenda\/#listItem","name":"Agenda"}},{"@type":"ListItem","@id":"https:\/\/candas365.es\/noticias\/category\/agenda\/#listItem","position":2,"name":"Agenda","item":"https:\/\/candas365.es\/noticias\/category\/agenda\/","nextItem":{"@type":"ListItem","@id":"https:\/\/candas365.es\/noticias\/las-tormentas-interiores-de-gerardo-perez-sanchez\/#listItem","name":"\u2018Las tormentas interiores\u2019 de Gerardo P\u00e9rez S\u00e1nchez"},"previousItem":{"@type":"ListItem","@id":"https:\/\/candas365.es\/noticias#listItem","name":"Home"}},{"@type":"ListItem","@id":"https:\/\/candas365.es\/noticias\/las-tormentas-interiores-de-gerardo-perez-sanchez\/#listItem","position":3,"name":"\u2018Las tormentas interiores\u2019 de Gerardo P\u00e9rez S\u00e1nchez","previousItem":{"@type":"ListItem","@id":"https:\/\/candas365.es\/noticias\/category\/agenda\/#listItem","name":"Agenda"}}]},{"@type":"NewsArticle","@id":"https:\/\/candas365.es\/noticias\/las-tormentas-interiores-de-gerardo-perez-sanchez\/#newsarticle","name":"\u2018Las tormentas interiores\u2019 de Gerardo P\u00e9rez S\u00e1nchez | Cand\u00e1s 365","headline":"\u2018Las tormentas interiores\u2019 de Gerardo P\u00e9rez S\u00e1nchez","author":{"@id":"https:\/\/candas365.es\/noticias\/author\/admin\/#author"},"publisher":{"@id":"https:\/\/candas365.es\/noticias\/#organization"},"image":{"@type":"ImageObject","url":"https:\/\/candas365.es\/noticias\/wp-content\/uploads\/2017\/05\/1495092660.jpg","width":1695,"height":1285},"datePublished":"2017-05-20T19:30:12+02:00","dateModified":"2017-05-20T19:30:12+02:00","inLanguage":"es-ES","mainEntityOfPage":{"@id":"https:\/\/candas365.es\/noticias\/las-tormentas-interiores-de-gerardo-perez-sanchez\/#webpage"},"isPartOf":{"@id":"https:\/\/candas365.es\/noticias\/las-tormentas-interiores-de-gerardo-perez-sanchez\/#webpage"},"articleSection":"Agenda","dateline":"Publicado el mayo 20, 2017."},{"@type":"Organization","@id":"https:\/\/candas365.es\/noticias\/#organization","name":"Cand\u00e1s 365","description":"Cand\u00e1s 365 es un diario digital independiente, fundado en 2012, con base en Asturias. Informamos con rigor sobre actualidad, sociedad, cultura y ocio, con una mirada local y global.","url":"https:\/\/candas365.es\/noticias\/","email":"info@candas365.es","telephone":"+34652131393","foundingDate":"2012-06-10","logo":{"@type":"ImageObject","url":"https:\/\/candas365.es\/noticias\/wp-content\/uploads\/2024\/09\/Candas-365-Redes.jpg","@id":"https:\/\/candas365.es\/noticias\/las-tormentas-interiores-de-gerardo-perez-sanchez\/#organizationLogo","width":1152,"height":864,"caption":"Cand\u00e1s 365 Redes"},"image":{"@id":"https:\/\/candas365.es\/noticias\/las-tormentas-interiores-de-gerardo-perez-sanchez\/#organizationLogo"},"sameAs":["https:\/\/www.facebook.com\/Nachofdezber","https:\/\/x.com\/NabercoDigital","https:\/\/www.instagram.com\/nachofdezber\/","https:\/\/www.youtube.com\/channel\/UCZP-2wLEB9Rv6erhFmqVnvg"],"address":{"@id":"https:\/\/candas365.es\/noticias\/#postaladdress","@type":"PostalAddress","streetAddress":"san antonio 4, san antonio 4","postalCode":"33430","addressLocality":"Cand\u00e1s","addressRegion":"Asturias","addressCountry":"ES"}},{"@type":"Person","@id":"https:\/\/candas365.es\/noticias\/author\/admin\/#author","url":"https:\/\/candas365.es\/noticias\/author\/admin\/","name":"Cand\u00e1s 365","image":{"@type":"ImageObject","@id":"https:\/\/candas365.es\/noticias\/las-tormentas-interiores-de-gerardo-perez-sanchez\/#authorImage","url":"https:\/\/secure.gravatar.com\/avatar\/496a8e03d0c493ede1718b7934145dbdf8d89be1036b0eec9544e1094c9de390?s=96&d=mm&r=g","width":96,"height":96,"caption":"Cand\u00e1s 365"},"sameAs":["https:\/\/www.facebook.com\/carrenoactualidad","https:\/\/twitter.com\/nbasturias","https:\/\/www.instagram.com\/nachofdezber\/","https:\/\/www.youtube.com\/channel\/UCZP-2wLEB9Rv6erhFmqVnvg"]},{"@type":"WebPage","@id":"https:\/\/candas365.es\/noticias\/las-tormentas-interiores-de-gerardo-perez-sanchez\/#webpage","url":"https:\/\/candas365.es\/noticias\/las-tormentas-interiores-de-gerardo-perez-sanchez\/","name":"\u2018Las tormentas interiores\u2019 de Gerardo P\u00e9rez S\u00e1nchez | Cand\u00e1s 365","description":"El lunes 22 de mayo a las 20:30h, tendr\u00e1 lugar la presentaci\u00f3n de Las tormentas interiores, la nueva y cuarta novela de Gerardo P\u00e9rez S\u00e1nchez. El Real Casino de Tenerife abrir\u00e1 sus puertas para que los asistentes puedan compartir sus preguntas y opiniones sobre el libro, aunque no solo habr\u00e1 espacio para charlar de literatura;","inLanguage":"es-ES","isPartOf":{"@id":"https:\/\/candas365.es\/noticias\/#website"},"breadcrumb":{"@id":"https:\/\/candas365.es\/noticias\/las-tormentas-interiores-de-gerardo-perez-sanchez\/#breadcrumblist"},"author":{"@id":"https:\/\/candas365.es\/noticias\/author\/admin\/#author"},"creator":{"@id":"https:\/\/candas365.es\/noticias\/author\/admin\/#author"},"image":{"@type":"ImageObject","url":"https:\/\/candas365.es\/noticias\/wp-content\/uploads\/2017\/05\/1495092660.jpg","@id":"https:\/\/candas365.es\/noticias\/las-tormentas-interiores-de-gerardo-perez-sanchez\/#mainImage","width":1695,"height":1285},"primaryImageOfPage":{"@id":"https:\/\/candas365.es\/noticias\/las-tormentas-interiores-de-gerardo-perez-sanchez\/#mainImage"},"datePublished":"2017-05-20T19:30:12+02:00","dateModified":"2017-05-20T19:30:12+02:00"},{"@type":"WebSite","@id":"https:\/\/candas365.es\/noticias\/#website","url":"https:\/\/candas365.es\/noticias\/","name":"Cand\u00e1s 365","alternateName":"Cand\u00e1s 365 Noticias","description":"Actualidad desde Carre\u00f1o para el mundo","inLanguage":"es-ES","publisher":{"@id":"https:\/\/candas365.es\/noticias\/#organization"}}]},"og:locale":"es_ES","og:site_name":"Cand\u00e1s 365","og:type":"article","og:title":"\u2018Las tormentas interiores\u2019 de Gerardo P\u00e9rez S\u00e1nchez | Cand\u00e1s 365","og:description":"El lunes 22 de mayo a las 20:30h, tendr\u00e1 lugar la presentaci\u00f3n de Las tormentas interiores, la nueva y cuarta novela de Gerardo P\u00e9rez S\u00e1nchez. El Real Casino de Tenerife abrir\u00e1 sus puertas para que los asistentes puedan compartir sus preguntas y opiniones sobre el libro, aunque no solo habr\u00e1 espacio para charlar de literatura;","og:url":"https:\/\/candas365.es\/noticias\/las-tormentas-interiores-de-gerardo-perez-sanchez\/","og:image":"https:\/\/candas365.es\/noticias\/wp-content\/uploads\/2017\/05\/1495092660.jpg","og:image:secure_url":"https:\/\/candas365.es\/noticias\/wp-content\/uploads\/2017\/05\/1495092660.jpg","og:image:width":1695,"og:image:height":1285,"article:published_time":"2017-05-20T19:30:12+00:00","article:modified_time":"2017-05-20T19:30:12+00:00","article:publisher":"https:\/\/www.facebook.com\/Nachofdezber","article:author":"https:\/\/www.facebook.com\/carrenoactualidad","twitter:card":"summary_large_image","twitter:site":"@NabercoDigital","twitter:title":"\u2018Las tormentas interiores\u2019 de Gerardo P\u00e9rez S\u00e1nchez | Cand\u00e1s 365","twitter:description":"El lunes 22 de mayo a las 20:30h, tendr\u00e1 lugar la presentaci\u00f3n de Las tormentas interiores, la nueva y cuarta novela de Gerardo P\u00e9rez S\u00e1nchez. El Real Casino de Tenerife abrir\u00e1 sus puertas para que los asistentes puedan compartir sus preguntas y opiniones sobre el libro, aunque no solo habr\u00e1 espacio para charlar de literatura;","twitter:creator":"@nbasturias","twitter:image":"https:\/\/candas365.es\/noticias\/wp-content\/uploads\/2017\/05\/1495092660.jpg","twitter:label1":"Escrito por","twitter:data1":"Cand\u00e1s 365","twitter:label2":"Tiempo de lectura estimado","twitter:data2":"2 minutos"},"aioseo_meta_data":{"post_id":"72076","title":null,"description":null,"keywords":null,"keyphrases":null,"primary_term":null,"canonical_url":null,"og_title":null,"og_description":null,"og_object_type":"default","og_image_type":"default","og_image_url":null,"og_image_width":null,"og_image_height":null,"og_image_custom_url":null,"og_image_custom_fields":null,"og_video":null,"og_custom_url":null,"og_article_section":null,"og_article_tags":null,"twitter_use_og":false,"twitter_card":"default","twitter_image_type":"default","twitter_image_url":null,"twitter_image_custom_url":null,"twitter_image_custom_fields":null,"twitter_title":null,"twitter_description":null,"schema":{"blockGraphs":[],"customGraphs":[],"default":{"data":{"Article":[],"Course":[],"Dataset":[],"FAQPage":[],"Movie":[],"Person":[],"Product":[],"ProductReview":[],"Car":[],"Recipe":[],"Service":[],"SoftwareApplication":[],"WebPage":[]},"graphName":"","isEnabled":true},"graphs":[]},"schema_type":null,"schema_type_options":null,"pillar_content":false,"robots_default":true,"robots_noindex":false,"robots_noarchive":false,"robots_nosnippet":false,"robots_nofollow":false,"robots_noimageindex":false,"robots_noodp":false,"robots_notranslate":false,"robots_max_snippet":null,"robots_max_videopreview":null,"robots_max_imagepreview":"large","priority":null,"frequency":null,"location":null,"local_seo":null,"seo_analyzer_scan_date":"2025-08-25 14:30:09","breadcrumb_settings":null,"limit_modified_date":false,"reviewed_by":null,"open_ai":null,"ai":null,"created":"2020-12-21 10:52:17","updated":"2025-08-25 14:30:09"},"aioseo_breadcrumb":"<div class=\"aioseo-breadcrumbs\"><span class=\"aioseo-breadcrumb\">\n\t<a href=\"https:\/\/candas365.es\/noticias\" title=\"Home\">Home<\/a>\n<\/span><span class=\"aioseo-breadcrumb-separator\">&ndash;<\/span><span class=\"aioseo-breadcrumb\">\n\t<a href=\"https:\/\/candas365.es\/noticias\/category\/agenda\/\" title=\"Agenda\">Agenda<\/a>\n<\/span><span class=\"aioseo-breadcrumb-separator\">&ndash;<\/span><span class=\"aioseo-breadcrumb\">\n\t\u2018Las tormentas interiores\u2019 de Gerardo P\u00e9rez S\u00e1nchez\n<\/span><\/div>","aioseo_breadcrumb_json":[{"label":"Home","link":"https:\/\/candas365.es\/noticias"},{"label":"Agenda","link":"https:\/\/candas365.es\/noticias\/category\/agenda\/"},{"label":"\u2018Las tormentas interiores\u2019 de Gerardo P\u00e9rez S\u00e1nchez","link":"https:\/\/candas365.es\/noticias\/las-tormentas-interiores-de-gerardo-perez-sanchez\/"}],"_links":{"self":[{"href":"https:\/\/candas365.es\/noticias\/wp-json\/wp\/v2\/posts\/72076","targetHints":{"allow":["GET"]}}],"collection":[{"href":"https:\/\/candas365.es\/noticias\/wp-json\/wp\/v2\/posts"}],"about":[{"href":"https:\/\/candas365.es\/noticias\/wp-json\/wp\/v2\/types\/post"}],"author":[{"embeddable":true,"href":"https:\/\/candas365.es\/noticias\/wp-json\/wp\/v2\/users\/1"}],"replies":[{"embeddable":true,"href":"https:\/\/candas365.es\/noticias\/wp-json\/wp\/v2\/comments?post=72076"}],"version-history":[{"count":0,"href":"https:\/\/candas365.es\/noticias\/wp-json\/wp\/v2\/posts\/72076\/revisions"}],"wp:featuredmedia":[{"embeddable":true,"href":"https:\/\/candas365.es\/noticias\/wp-json\/wp\/v2\/media\/72077"}],"wp:attachment":[{"href":"https:\/\/candas365.es\/noticias\/wp-json\/wp\/v2\/media?parent=72076"}],"wp:term":[{"taxonomy":"category","embeddable":true,"href":"https:\/\/candas365.es\/noticias\/wp-json\/wp\/v2\/categories?post=72076"},{"taxonomy":"post_tag","embeddable":true,"href":"https:\/\/candas365.es\/noticias\/wp-json\/wp\/v2\/tags?post=72076"}],"curies":[{"name":"wp","href":"https:\/\/api.w.org\/{rel}","templated":true}]}}