{"id":71701,"date":"2017-05-12T13:41:16","date_gmt":"2017-05-12T13:41:16","guid":{"rendered":"http:\/\/candas365.es\/noticias\/?p=71701"},"modified":"2017-05-12T13:41:16","modified_gmt":"2017-05-12T13:41:16","slug":"s-o-s-alimentos-karra-al-rescate-pone-rumbo-a-zaragoza","status":"publish","type":"post","link":"https:\/\/candas365.es\/noticias\/s-o-s-alimentos-karra-al-rescate-pone-rumbo-a-zaragoza\/","title":{"rendered":"&#8216;S.O.S Alimentos. Karra al rescate&#8217; pone rumbo a Zaragoza"},"content":{"rendered":"<p><img fetchpriority=\"high\" decoding=\"async\" class=\"alignleft size-medium wp-image-71702\" src=\"https:\/\/candas365.es\/noticias\/wp-content\/uploads\/2017\/05\/TELE120205-360x203.jpg\" alt=\"\" width=\"360\" height=\"203\" srcset=\"https:\/\/candas365.es\/noticias\/wp-content\/uploads\/2017\/05\/TELE120205-360x203.jpg 360w, https:\/\/candas365.es\/noticias\/wp-content\/uploads\/2017\/05\/TELE120205-650x366.jpg 650w, https:\/\/candas365.es\/noticias\/wp-content\/uploads\/2017\/05\/TELE120205-768x432.jpg 768w, https:\/\/candas365.es\/noticias\/wp-content\/uploads\/2017\/05\/TELE120205-150x84.jpg 150w, https:\/\/candas365.es\/noticias\/wp-content\/uploads\/2017\/05\/TELE120205-450x253.jpg 450w, https:\/\/candas365.es\/noticias\/wp-content\/uploads\/2017\/05\/TELE120205-655x369.jpg 655w, https:\/\/candas365.es\/noticias\/wp-content\/uploads\/2017\/05\/TELE120205-696x392.jpg 696w, https:\/\/candas365.es\/noticias\/wp-content\/uploads\/2017\/05\/TELE120205-1068x601.jpg 1068w, https:\/\/candas365.es\/noticias\/wp-content\/uploads\/2017\/05\/TELE120205-746x420.jpg 746w, https:\/\/candas365.es\/noticias\/wp-content\/uploads\/2017\/05\/TELE120205-499x280.jpg 499w, https:\/\/candas365.es\/noticias\/wp-content\/uploads\/2017\/05\/TELE120205.jpg 1180w\" sizes=\"(max-width: 360px) 100vw, 360px\" \/>&#8216;S.O.S Alimentos. Karra al rescate&#8217; pone rumbo a Zaragoza para recuperar una especie \u00fanica de la tierra: la aceituna empeltre con la que, junto a sus c\u00f3mplices, Karra Elejalde cocinar\u00e1 un tartar de at\u00fan rojo y solomillo de ternera con cristales de patatas en un restaurante de la ciudad.<\/p>\n<p>Adem\u00e1s, visita Belchite para trabajar en la recolecci\u00f3n y cuidados de los olivos que producen este tipo de aceituna.<\/p>\n<p>La protagonista de esta nueva entrega es la aceituna empeltre, una especie aut\u00f3ctona de Arag\u00f3n que hace d\u00e9cadas se encuentra en peligro de extinci\u00f3n. Karra comienza su misi\u00f3n en Belchite, donde existe una de las pocas fincas donde se cultiva. En el pueblo de Nuevo Belchite encontrar\u00e1 a sus dos nuevos c\u00f3mplices buscando la informaci\u00f3n que necesita. David Boldova (chef del restaurante Novodabo en Zaragoza) y Pilar Gil y Gil (abuela de David y cocinera tradicional) llevar\u00e1n a Karra a los campos de Antonio Alfonso, farmac\u00e9utico y productor de aceite. En sus tierras trabajar\u00e1n en la recolecci\u00f3n y cuidados de los olivos que producen la aceituna empeltre.<\/p>\n<p>En el restaurante Novodabo, Karra ayudar\u00e1 a David a preparar dos platos: tartar de at\u00fan rojo con helado de aceituna empeltre y solomillo de ternera a la baturra con cristales de patata y de aceitunas empeltres.<\/p>\n","protected":false},"excerpt":{"rendered":"<p>&#8216;S.O.S Alimentos. Karra al rescate&#8217; pone rumbo a Zaragoza para recuperar una especie \u00fanica de la tierra: la aceituna empeltre con la que, junto a sus c\u00f3mplices, Karra Elejalde cocinar\u00e1 un tartar de at\u00fan rojo y solomillo de ternera con cristales de patatas en un restaurante de la ciudad. Adem\u00e1s, visita Belchite para trabajar en<\/p>\n","protected":false},"author":1,"featured_media":71702,"comment_status":"open","ping_status":"closed","sticky":false,"template":"","format":"standard","meta":{"footnotes":""},"categories":[1],"tags":[],"class_list":{"0":"post-71701","1":"post","2":"type-post","3":"status-publish","4":"format-standard","5":"has-post-thumbnail","7":"category-agenda"},"aioseo_notices":[],"aioseo_head":"\n\t\t<!-- All in One SEO Pro 4.9.6.2 - aioseo.com -->\n\t<meta name=\"description\" content=\"&#039;S.O.S Alimentos. Karra al rescate&#039; pone rumbo a Zaragoza para recuperar una especie \u00fanica de la tierra: la aceituna empeltre con la que, junto a sus c\u00f3mplices, Karra Elejalde cocinar\u00e1 un tartar de at\u00fan rojo y solomillo de ternera con cristales de patatas en un restaurante de la ciudad. Adem\u00e1s, visita Belchite para trabajar en\" \/>\n\t<meta name=\"robots\" content=\"max-image-preview:large\" \/>\n\t<meta name=\"author\" content=\"Cand\u00e1s 365\"\/>\n\t<meta name=\"google-site-verification\" content=\"UA-32230408-1\" \/>\n\t<meta name=\"msvalidate.01\" content=\"354F3CDFB2DA171B47FBE9ABF1F88D5\" \/>\n\t<meta name=\"keywords\" content=\"agenda\" \/>\n\t<link rel=\"canonical\" href=\"https:\/\/candas365.es\/noticias\/s-o-s-alimentos-karra-al-rescate-pone-rumbo-a-zaragoza\/\" \/>\n\t<meta name=\"generator\" content=\"All in One SEO Pro (AIOSEO) 4.9.6.2\" \/>\n\t\t<meta property=\"og:locale\" content=\"es_ES\" \/>\n\t\t<meta property=\"og:site_name\" content=\"Cand\u00e1s 365\" \/>\n\t\t<meta property=\"og:type\" content=\"article\" \/>\n\t\t<meta property=\"og:title\" content=\"\u2018S.O.S Alimentos. Karra al rescate\u2019 pone rumbo a Zaragoza | Cand\u00e1s 365\" \/>\n\t\t<meta property=\"og:description\" content=\"&#039;S.O.S Alimentos. Karra al rescate&#039; pone rumbo a Zaragoza para recuperar una especie \u00fanica de la tierra: la aceituna empeltre con la que, junto a sus c\u00f3mplices, Karra Elejalde cocinar\u00e1 un tartar de at\u00fan rojo y solomillo de ternera con cristales de patatas en un restaurante de la ciudad. Adem\u00e1s, visita Belchite para trabajar en\" \/>\n\t\t<meta property=\"og:url\" content=\"https:\/\/candas365.es\/noticias\/s-o-s-alimentos-karra-al-rescate-pone-rumbo-a-zaragoza\/\" \/>\n\t\t<meta property=\"og:image\" content=\"https:\/\/candas365.es\/noticias\/wp-content\/uploads\/2017\/05\/TELE120205.jpg\" \/>\n\t\t<meta property=\"og:image:secure_url\" content=\"https:\/\/candas365.es\/noticias\/wp-content\/uploads\/2017\/05\/TELE120205.jpg\" \/>\n\t\t<meta property=\"og:image:width\" content=\"1180\" \/>\n\t\t<meta property=\"og:image:height\" content=\"664\" \/>\n\t\t<meta property=\"article:published_time\" content=\"2017-05-12T13:41:16+00:00\" \/>\n\t\t<meta property=\"article:modified_time\" content=\"2017-05-12T13:41:16+00:00\" \/>\n\t\t<meta property=\"article:publisher\" content=\"https:\/\/www.facebook.com\/Nachofdezber\" \/>\n\t\t<meta property=\"article:author\" content=\"https:\/\/www.facebook.com\/carrenoactualidad\" \/>\n\t\t<meta name=\"twitter:card\" content=\"summary_large_image\" \/>\n\t\t<meta name=\"twitter:site\" content=\"@NabercoDigital\" \/>\n\t\t<meta name=\"twitter:title\" content=\"\u2018S.O.S Alimentos. Karra al rescate\u2019 pone rumbo a Zaragoza | Cand\u00e1s 365\" \/>\n\t\t<meta name=\"twitter:description\" content=\"&#039;S.O.S Alimentos. Karra al rescate&#039; pone rumbo a Zaragoza para recuperar una especie \u00fanica de la tierra: la aceituna empeltre con la que, junto a sus c\u00f3mplices, Karra Elejalde cocinar\u00e1 un tartar de at\u00fan rojo y solomillo de ternera con cristales de patatas en un restaurante de la ciudad. Adem\u00e1s, visita Belchite para trabajar en\" \/>\n\t\t<meta name=\"twitter:creator\" content=\"@nbasturias\" \/>\n\t\t<meta name=\"twitter:image\" content=\"https:\/\/candas365.es\/noticias\/wp-content\/uploads\/2017\/05\/TELE120205.jpg\" \/>\n\t\t<meta name=\"twitter:label1\" content=\"Escrito por\" \/>\n\t\t<meta name=\"twitter:data1\" content=\"Cand\u00e1s 365\" \/>\n\t\t<meta name=\"twitter:label2\" content=\"Tiempo de lectura estimado\" \/>\n\t\t<meta name=\"twitter:data2\" content=\"1 minuto\" \/>\n\t\t<script type=\"application\/ld+json\" class=\"aioseo-schema\">\n\t\t\t{\"@context\":\"https:\\\/\\\/schema.org\",\"@graph\":[{\"@type\":\"BreadcrumbList\",\"@id\":\"https:\\\/\\\/candas365.es\\\/noticias\\\/s-o-s-alimentos-karra-al-rescate-pone-rumbo-a-zaragoza\\\/#breadcrumblist\",\"itemListElement\":[{\"@type\":\"ListItem\",\"@id\":\"https:\\\/\\\/candas365.es\\\/noticias#listItem\",\"position\":1,\"name\":\"Home\",\"item\":\"https:\\\/\\\/candas365.es\\\/noticias\",\"nextItem\":{\"@type\":\"ListItem\",\"@id\":\"https:\\\/\\\/candas365.es\\\/noticias\\\/category\\\/agenda\\\/#listItem\",\"name\":\"Agenda\"}},{\"@type\":\"ListItem\",\"@id\":\"https:\\\/\\\/candas365.es\\\/noticias\\\/category\\\/agenda\\\/#listItem\",\"position\":2,\"name\":\"Agenda\",\"item\":\"https:\\\/\\\/candas365.es\\\/noticias\\\/category\\\/agenda\\\/\",\"nextItem\":{\"@type\":\"ListItem\",\"@id\":\"https:\\\/\\\/candas365.es\\\/noticias\\\/s-o-s-alimentos-karra-al-rescate-pone-rumbo-a-zaragoza\\\/#listItem\",\"name\":\"&#8216;S.O.S Alimentos. Karra al rescate&#8217; pone rumbo a Zaragoza\"},\"previousItem\":{\"@type\":\"ListItem\",\"@id\":\"https:\\\/\\\/candas365.es\\\/noticias#listItem\",\"name\":\"Home\"}},{\"@type\":\"ListItem\",\"@id\":\"https:\\\/\\\/candas365.es\\\/noticias\\\/s-o-s-alimentos-karra-al-rescate-pone-rumbo-a-zaragoza\\\/#listItem\",\"position\":3,\"name\":\"&#8216;S.O.S Alimentos. Karra al rescate&#8217; pone rumbo a Zaragoza\",\"previousItem\":{\"@type\":\"ListItem\",\"@id\":\"https:\\\/\\\/candas365.es\\\/noticias\\\/category\\\/agenda\\\/#listItem\",\"name\":\"Agenda\"}}]},{\"@type\":\"NewsArticle\",\"@id\":\"https:\\\/\\\/candas365.es\\\/noticias\\\/s-o-s-alimentos-karra-al-rescate-pone-rumbo-a-zaragoza\\\/#newsarticle\",\"name\":\"\\u2018S.O.S Alimentos. Karra al rescate\\u2019 pone rumbo a Zaragoza | Cand\\u00e1s 365\",\"headline\":\"&#8216;S.O.S Alimentos. Karra al rescate&#8217; pone rumbo a Zaragoza\",\"author\":{\"@id\":\"https:\\\/\\\/candas365.es\\\/noticias\\\/author\\\/admin\\\/#author\"},\"publisher\":{\"@id\":\"https:\\\/\\\/candas365.es\\\/noticias\\\/#organization\"},\"image\":{\"@type\":\"ImageObject\",\"url\":\"https:\\\/\\\/candas365.es\\\/noticias\\\/wp-content\\\/uploads\\\/2017\\\/05\\\/TELE120205.jpg\",\"width\":1180,\"height\":664},\"datePublished\":\"2017-05-12T13:41:16+02:00\",\"dateModified\":\"2017-05-12T13:41:16+02:00\",\"inLanguage\":\"es-ES\",\"mainEntityOfPage\":{\"@id\":\"https:\\\/\\\/candas365.es\\\/noticias\\\/s-o-s-alimentos-karra-al-rescate-pone-rumbo-a-zaragoza\\\/#webpage\"},\"isPartOf\":{\"@id\":\"https:\\\/\\\/candas365.es\\\/noticias\\\/s-o-s-alimentos-karra-al-rescate-pone-rumbo-a-zaragoza\\\/#webpage\"},\"articleSection\":\"Agenda\",\"dateline\":\"Publicado el mayo 12, 2017.\"},{\"@type\":\"Organization\",\"@id\":\"https:\\\/\\\/candas365.es\\\/noticias\\\/#organization\",\"name\":\"Cand\\u00e1s 365\",\"description\":\"Cand\\u00e1s 365 es un diario digital independiente, fundado en 2012, con base en Asturias. Informamos con rigor sobre actualidad, sociedad, cultura y ocio, con una mirada local y global.\",\"url\":\"https:\\\/\\\/candas365.es\\\/noticias\\\/\",\"email\":\"info@candas365.es\",\"telephone\":\"+34652131393\",\"foundingDate\":\"2012-06-10\",\"logo\":{\"@type\":\"ImageObject\",\"url\":\"https:\\\/\\\/candas365.es\\\/noticias\\\/wp-content\\\/uploads\\\/2024\\\/09\\\/Candas-365-Redes.jpg\",\"@id\":\"https:\\\/\\\/candas365.es\\\/noticias\\\/s-o-s-alimentos-karra-al-rescate-pone-rumbo-a-zaragoza\\\/#organizationLogo\",\"width\":1152,\"height\":864,\"caption\":\"Cand\\u00e1s 365 Redes\"},\"image\":{\"@id\":\"https:\\\/\\\/candas365.es\\\/noticias\\\/s-o-s-alimentos-karra-al-rescate-pone-rumbo-a-zaragoza\\\/#organizationLogo\"},\"sameAs\":[\"https:\\\/\\\/www.facebook.com\\\/Nachofdezber\",\"https:\\\/\\\/x.com\\\/NabercoDigital\",\"https:\\\/\\\/www.instagram.com\\\/nachofdezber\\\/\",\"https:\\\/\\\/www.youtube.com\\\/channel\\\/UCZP-2wLEB9Rv6erhFmqVnvg\"],\"address\":{\"@id\":\"https:\\\/\\\/candas365.es\\\/noticias\\\/#postaladdress\",\"@type\":\"PostalAddress\",\"streetAddress\":\"san antonio 4, san antonio 4\",\"postalCode\":\"33430\",\"addressLocality\":\"Cand\\u00e1s\",\"addressRegion\":\"Asturias\",\"addressCountry\":\"ES\"}},{\"@type\":\"Person\",\"@id\":\"https:\\\/\\\/candas365.es\\\/noticias\\\/author\\\/admin\\\/#author\",\"url\":\"https:\\\/\\\/candas365.es\\\/noticias\\\/author\\\/admin\\\/\",\"name\":\"Cand\\u00e1s 365\",\"image\":{\"@type\":\"ImageObject\",\"@id\":\"https:\\\/\\\/candas365.es\\\/noticias\\\/s-o-s-alimentos-karra-al-rescate-pone-rumbo-a-zaragoza\\\/#authorImage\",\"url\":\"https:\\\/\\\/secure.gravatar.com\\\/avatar\\\/496a8e03d0c493ede1718b7934145dbdf8d89be1036b0eec9544e1094c9de390?s=96&d=mm&r=g\",\"width\":96,\"height\":96,\"caption\":\"Cand\\u00e1s 365\"},\"sameAs\":[\"https:\\\/\\\/www.facebook.com\\\/carrenoactualidad\",\"https:\\\/\\\/twitter.com\\\/nbasturias\",\"https:\\\/\\\/www.instagram.com\\\/nachofdezber\\\/\",\"https:\\\/\\\/www.youtube.com\\\/channel\\\/UCZP-2wLEB9Rv6erhFmqVnvg\"]},{\"@type\":\"WebPage\",\"@id\":\"https:\\\/\\\/candas365.es\\\/noticias\\\/s-o-s-alimentos-karra-al-rescate-pone-rumbo-a-zaragoza\\\/#webpage\",\"url\":\"https:\\\/\\\/candas365.es\\\/noticias\\\/s-o-s-alimentos-karra-al-rescate-pone-rumbo-a-zaragoza\\\/\",\"name\":\"\\u2018S.O.S Alimentos. Karra al rescate\\u2019 pone rumbo a Zaragoza | Cand\\u00e1s 365\",\"description\":\"'S.O.S Alimentos. Karra al rescate' pone rumbo a Zaragoza para recuperar una especie \\u00fanica de la tierra: la aceituna empeltre con la que, junto a sus c\\u00f3mplices, Karra Elejalde cocinar\\u00e1 un tartar de at\\u00fan rojo y solomillo de ternera con cristales de patatas en un restaurante de la ciudad. Adem\\u00e1s, visita Belchite para trabajar en\",\"inLanguage\":\"es-ES\",\"isPartOf\":{\"@id\":\"https:\\\/\\\/candas365.es\\\/noticias\\\/#website\"},\"breadcrumb\":{\"@id\":\"https:\\\/\\\/candas365.es\\\/noticias\\\/s-o-s-alimentos-karra-al-rescate-pone-rumbo-a-zaragoza\\\/#breadcrumblist\"},\"author\":{\"@id\":\"https:\\\/\\\/candas365.es\\\/noticias\\\/author\\\/admin\\\/#author\"},\"creator\":{\"@id\":\"https:\\\/\\\/candas365.es\\\/noticias\\\/author\\\/admin\\\/#author\"},\"image\":{\"@type\":\"ImageObject\",\"url\":\"https:\\\/\\\/candas365.es\\\/noticias\\\/wp-content\\\/uploads\\\/2017\\\/05\\\/TELE120205.jpg\",\"@id\":\"https:\\\/\\\/candas365.es\\\/noticias\\\/s-o-s-alimentos-karra-al-rescate-pone-rumbo-a-zaragoza\\\/#mainImage\",\"width\":1180,\"height\":664},\"primaryImageOfPage\":{\"@id\":\"https:\\\/\\\/candas365.es\\\/noticias\\\/s-o-s-alimentos-karra-al-rescate-pone-rumbo-a-zaragoza\\\/#mainImage\"},\"datePublished\":\"2017-05-12T13:41:16+02:00\",\"dateModified\":\"2017-05-12T13:41:16+02:00\"},{\"@type\":\"WebSite\",\"@id\":\"https:\\\/\\\/candas365.es\\\/noticias\\\/#website\",\"url\":\"https:\\\/\\\/candas365.es\\\/noticias\\\/\",\"name\":\"Cand\\u00e1s 365\",\"alternateName\":\"Cand\\u00e1s 365 Noticias\",\"description\":\"Actualidad desde Carre\\u00f1o para el mundo\",\"inLanguage\":\"es-ES\",\"publisher\":{\"@id\":\"https:\\\/\\\/candas365.es\\\/noticias\\\/#organization\"}}]}\n\t\t<\/script>\n\t\t<!-- All in One SEO Pro -->\r\n\t\t<title>\u2018S.O.S Alimentos. Karra al rescate\u2019 pone rumbo a Zaragoza | Cand\u00e1s 365<\/title>\n\n","aioseo_head_json":{"title":"\u2018S.O.S Alimentos. Karra al rescate\u2019 pone rumbo a Zaragoza | Cand\u00e1s 365","description":"'S.O.S Alimentos. Karra al rescate' pone rumbo a Zaragoza para recuperar una especie \u00fanica de la tierra: la aceituna empeltre con la que, junto a sus c\u00f3mplices, Karra Elejalde cocinar\u00e1 un tartar de at\u00fan rojo y solomillo de ternera con cristales de patatas en un restaurante de la ciudad. Adem\u00e1s, visita Belchite para trabajar en","canonical_url":"https:\/\/candas365.es\/noticias\/s-o-s-alimentos-karra-al-rescate-pone-rumbo-a-zaragoza\/","robots":"max-image-preview:large","keywords":"agenda","webmasterTools":{"google-site-verification":"UA-32230408-1","msvalidate.01":"354F3CDFB2DA171B47FBE9ABF1F88D5","miscellaneous":""},"schema":{"@context":"https:\/\/schema.org","@graph":[{"@type":"BreadcrumbList","@id":"https:\/\/candas365.es\/noticias\/s-o-s-alimentos-karra-al-rescate-pone-rumbo-a-zaragoza\/#breadcrumblist","itemListElement":[{"@type":"ListItem","@id":"https:\/\/candas365.es\/noticias#listItem","position":1,"name":"Home","item":"https:\/\/candas365.es\/noticias","nextItem":{"@type":"ListItem","@id":"https:\/\/candas365.es\/noticias\/category\/agenda\/#listItem","name":"Agenda"}},{"@type":"ListItem","@id":"https:\/\/candas365.es\/noticias\/category\/agenda\/#listItem","position":2,"name":"Agenda","item":"https:\/\/candas365.es\/noticias\/category\/agenda\/","nextItem":{"@type":"ListItem","@id":"https:\/\/candas365.es\/noticias\/s-o-s-alimentos-karra-al-rescate-pone-rumbo-a-zaragoza\/#listItem","name":"&#8216;S.O.S Alimentos. Karra al rescate&#8217; pone rumbo a Zaragoza"},"previousItem":{"@type":"ListItem","@id":"https:\/\/candas365.es\/noticias#listItem","name":"Home"}},{"@type":"ListItem","@id":"https:\/\/candas365.es\/noticias\/s-o-s-alimentos-karra-al-rescate-pone-rumbo-a-zaragoza\/#listItem","position":3,"name":"&#8216;S.O.S Alimentos. Karra al rescate&#8217; pone rumbo a Zaragoza","previousItem":{"@type":"ListItem","@id":"https:\/\/candas365.es\/noticias\/category\/agenda\/#listItem","name":"Agenda"}}]},{"@type":"NewsArticle","@id":"https:\/\/candas365.es\/noticias\/s-o-s-alimentos-karra-al-rescate-pone-rumbo-a-zaragoza\/#newsarticle","name":"\u2018S.O.S Alimentos. Karra al rescate\u2019 pone rumbo a Zaragoza | Cand\u00e1s 365","headline":"&#8216;S.O.S Alimentos. Karra al rescate&#8217; pone rumbo a Zaragoza","author":{"@id":"https:\/\/candas365.es\/noticias\/author\/admin\/#author"},"publisher":{"@id":"https:\/\/candas365.es\/noticias\/#organization"},"image":{"@type":"ImageObject","url":"https:\/\/candas365.es\/noticias\/wp-content\/uploads\/2017\/05\/TELE120205.jpg","width":1180,"height":664},"datePublished":"2017-05-12T13:41:16+02:00","dateModified":"2017-05-12T13:41:16+02:00","inLanguage":"es-ES","mainEntityOfPage":{"@id":"https:\/\/candas365.es\/noticias\/s-o-s-alimentos-karra-al-rescate-pone-rumbo-a-zaragoza\/#webpage"},"isPartOf":{"@id":"https:\/\/candas365.es\/noticias\/s-o-s-alimentos-karra-al-rescate-pone-rumbo-a-zaragoza\/#webpage"},"articleSection":"Agenda","dateline":"Publicado el mayo 12, 2017."},{"@type":"Organization","@id":"https:\/\/candas365.es\/noticias\/#organization","name":"Cand\u00e1s 365","description":"Cand\u00e1s 365 es un diario digital independiente, fundado en 2012, con base en Asturias. Informamos con rigor sobre actualidad, sociedad, cultura y ocio, con una mirada local y global.","url":"https:\/\/candas365.es\/noticias\/","email":"info@candas365.es","telephone":"+34652131393","foundingDate":"2012-06-10","logo":{"@type":"ImageObject","url":"https:\/\/candas365.es\/noticias\/wp-content\/uploads\/2024\/09\/Candas-365-Redes.jpg","@id":"https:\/\/candas365.es\/noticias\/s-o-s-alimentos-karra-al-rescate-pone-rumbo-a-zaragoza\/#organizationLogo","width":1152,"height":864,"caption":"Cand\u00e1s 365 Redes"},"image":{"@id":"https:\/\/candas365.es\/noticias\/s-o-s-alimentos-karra-al-rescate-pone-rumbo-a-zaragoza\/#organizationLogo"},"sameAs":["https:\/\/www.facebook.com\/Nachofdezber","https:\/\/x.com\/NabercoDigital","https:\/\/www.instagram.com\/nachofdezber\/","https:\/\/www.youtube.com\/channel\/UCZP-2wLEB9Rv6erhFmqVnvg"],"address":{"@id":"https:\/\/candas365.es\/noticias\/#postaladdress","@type":"PostalAddress","streetAddress":"san antonio 4, san antonio 4","postalCode":"33430","addressLocality":"Cand\u00e1s","addressRegion":"Asturias","addressCountry":"ES"}},{"@type":"Person","@id":"https:\/\/candas365.es\/noticias\/author\/admin\/#author","url":"https:\/\/candas365.es\/noticias\/author\/admin\/","name":"Cand\u00e1s 365","image":{"@type":"ImageObject","@id":"https:\/\/candas365.es\/noticias\/s-o-s-alimentos-karra-al-rescate-pone-rumbo-a-zaragoza\/#authorImage","url":"https:\/\/secure.gravatar.com\/avatar\/496a8e03d0c493ede1718b7934145dbdf8d89be1036b0eec9544e1094c9de390?s=96&d=mm&r=g","width":96,"height":96,"caption":"Cand\u00e1s 365"},"sameAs":["https:\/\/www.facebook.com\/carrenoactualidad","https:\/\/twitter.com\/nbasturias","https:\/\/www.instagram.com\/nachofdezber\/","https:\/\/www.youtube.com\/channel\/UCZP-2wLEB9Rv6erhFmqVnvg"]},{"@type":"WebPage","@id":"https:\/\/candas365.es\/noticias\/s-o-s-alimentos-karra-al-rescate-pone-rumbo-a-zaragoza\/#webpage","url":"https:\/\/candas365.es\/noticias\/s-o-s-alimentos-karra-al-rescate-pone-rumbo-a-zaragoza\/","name":"\u2018S.O.S Alimentos. Karra al rescate\u2019 pone rumbo a Zaragoza | Cand\u00e1s 365","description":"'S.O.S Alimentos. Karra al rescate' pone rumbo a Zaragoza para recuperar una especie \u00fanica de la tierra: la aceituna empeltre con la que, junto a sus c\u00f3mplices, Karra Elejalde cocinar\u00e1 un tartar de at\u00fan rojo y solomillo de ternera con cristales de patatas en un restaurante de la ciudad. Adem\u00e1s, visita Belchite para trabajar en","inLanguage":"es-ES","isPartOf":{"@id":"https:\/\/candas365.es\/noticias\/#website"},"breadcrumb":{"@id":"https:\/\/candas365.es\/noticias\/s-o-s-alimentos-karra-al-rescate-pone-rumbo-a-zaragoza\/#breadcrumblist"},"author":{"@id":"https:\/\/candas365.es\/noticias\/author\/admin\/#author"},"creator":{"@id":"https:\/\/candas365.es\/noticias\/author\/admin\/#author"},"image":{"@type":"ImageObject","url":"https:\/\/candas365.es\/noticias\/wp-content\/uploads\/2017\/05\/TELE120205.jpg","@id":"https:\/\/candas365.es\/noticias\/s-o-s-alimentos-karra-al-rescate-pone-rumbo-a-zaragoza\/#mainImage","width":1180,"height":664},"primaryImageOfPage":{"@id":"https:\/\/candas365.es\/noticias\/s-o-s-alimentos-karra-al-rescate-pone-rumbo-a-zaragoza\/#mainImage"},"datePublished":"2017-05-12T13:41:16+02:00","dateModified":"2017-05-12T13:41:16+02:00"},{"@type":"WebSite","@id":"https:\/\/candas365.es\/noticias\/#website","url":"https:\/\/candas365.es\/noticias\/","name":"Cand\u00e1s 365","alternateName":"Cand\u00e1s 365 Noticias","description":"Actualidad desde Carre\u00f1o para el mundo","inLanguage":"es-ES","publisher":{"@id":"https:\/\/candas365.es\/noticias\/#organization"}}]},"og:locale":"es_ES","og:site_name":"Cand\u00e1s 365","og:type":"article","og:title":"\u2018S.O.S Alimentos. Karra al rescate\u2019 pone rumbo a Zaragoza | Cand\u00e1s 365","og:description":"'S.O.S Alimentos. Karra al rescate' pone rumbo a Zaragoza para recuperar una especie \u00fanica de la tierra: la aceituna empeltre con la que, junto a sus c\u00f3mplices, Karra Elejalde cocinar\u00e1 un tartar de at\u00fan rojo y solomillo de ternera con cristales de patatas en un restaurante de la ciudad. Adem\u00e1s, visita Belchite para trabajar en","og:url":"https:\/\/candas365.es\/noticias\/s-o-s-alimentos-karra-al-rescate-pone-rumbo-a-zaragoza\/","og:image":"https:\/\/candas365.es\/noticias\/wp-content\/uploads\/2017\/05\/TELE120205.jpg","og:image:secure_url":"https:\/\/candas365.es\/noticias\/wp-content\/uploads\/2017\/05\/TELE120205.jpg","og:image:width":1180,"og:image:height":664,"article:published_time":"2017-05-12T13:41:16+00:00","article:modified_time":"2017-05-12T13:41:16+00:00","article:publisher":"https:\/\/www.facebook.com\/Nachofdezber","article:author":"https:\/\/www.facebook.com\/carrenoactualidad","twitter:card":"summary_large_image","twitter:site":"@NabercoDigital","twitter:title":"\u2018S.O.S Alimentos. Karra al rescate\u2019 pone rumbo a Zaragoza | Cand\u00e1s 365","twitter:description":"'S.O.S Alimentos. Karra al rescate' pone rumbo a Zaragoza para recuperar una especie \u00fanica de la tierra: la aceituna empeltre con la que, junto a sus c\u00f3mplices, Karra Elejalde cocinar\u00e1 un tartar de at\u00fan rojo y solomillo de ternera con cristales de patatas en un restaurante de la ciudad. Adem\u00e1s, visita Belchite para trabajar en","twitter:creator":"@nbasturias","twitter:image":"https:\/\/candas365.es\/noticias\/wp-content\/uploads\/2017\/05\/TELE120205.jpg","twitter:label1":"Escrito por","twitter:data1":"Cand\u00e1s 365","twitter:label2":"Tiempo de lectura estimado","twitter:data2":"1 minuto"},"aioseo_meta_data":{"post_id":"71701","title":null,"description":null,"keywords":null,"keyphrases":null,"primary_term":null,"canonical_url":null,"og_title":null,"og_description":null,"og_object_type":"default","og_image_type":"default","og_image_url":null,"og_image_width":null,"og_image_height":null,"og_image_custom_url":null,"og_image_custom_fields":null,"og_video":null,"og_custom_url":null,"og_article_section":null,"og_article_tags":null,"twitter_use_og":false,"twitter_card":"default","twitter_image_type":"default","twitter_image_url":null,"twitter_image_custom_url":null,"twitter_image_custom_fields":null,"twitter_title":null,"twitter_description":null,"schema":{"blockGraphs":[],"customGraphs":[],"default":{"data":{"Article":[],"Course":[],"Dataset":[],"FAQPage":[],"Movie":[],"Person":[],"Product":[],"ProductReview":[],"Car":[],"Recipe":[],"Service":[],"SoftwareApplication":[],"WebPage":[]},"graphName":"","isEnabled":true},"graphs":[],"defaultGraph":"","defaultPostTypeGraph":""},"schema_type":null,"schema_type_options":null,"pillar_content":false,"robots_default":true,"robots_noindex":false,"robots_noarchive":false,"robots_nosnippet":false,"robots_nofollow":false,"robots_noimageindex":false,"robots_noodp":false,"robots_notranslate":false,"robots_max_snippet":null,"robots_max_videopreview":null,"robots_max_imagepreview":"large","priority":null,"frequency":null,"location":null,"local_seo":null,"seo_analyzer_scan_date":"2025-08-25 14:10:07","breadcrumb_settings":null,"limit_modified_date":false,"reviewed_by":null,"open_ai":null,"ai":null,"created":"2020-12-21 13:00:07","updated":"2025-08-25 14:10:07"},"aioseo_breadcrumb":"<div class=\"aioseo-breadcrumbs\"><span class=\"aioseo-breadcrumb\">\n\t<a href=\"https:\/\/candas365.es\/noticias\" title=\"Home\">Home<\/a>\n<\/span><span class=\"aioseo-breadcrumb-separator\">&ndash;<\/span><span class=\"aioseo-breadcrumb\">\n\t<a href=\"https:\/\/candas365.es\/noticias\/category\/agenda\/\" title=\"Agenda\">Agenda<\/a>\n<\/span><span class=\"aioseo-breadcrumb-separator\">&ndash;<\/span><span class=\"aioseo-breadcrumb\">\n\t\u2018S.O.S Alimentos. Karra al rescate\u2019 pone rumbo a Zaragoza\n<\/span><\/div>","aioseo_breadcrumb_json":[{"label":"Home","link":"https:\/\/candas365.es\/noticias"},{"label":"Agenda","link":"https:\/\/candas365.es\/noticias\/category\/agenda\/"},{"label":"&#8216;S.O.S Alimentos. Karra al rescate&#8217; pone rumbo a Zaragoza","link":"https:\/\/candas365.es\/noticias\/s-o-s-alimentos-karra-al-rescate-pone-rumbo-a-zaragoza\/"}],"_links":{"self":[{"href":"https:\/\/candas365.es\/noticias\/wp-json\/wp\/v2\/posts\/71701","targetHints":{"allow":["GET"]}}],"collection":[{"href":"https:\/\/candas365.es\/noticias\/wp-json\/wp\/v2\/posts"}],"about":[{"href":"https:\/\/candas365.es\/noticias\/wp-json\/wp\/v2\/types\/post"}],"author":[{"embeddable":true,"href":"https:\/\/candas365.es\/noticias\/wp-json\/wp\/v2\/users\/1"}],"replies":[{"embeddable":true,"href":"https:\/\/candas365.es\/noticias\/wp-json\/wp\/v2\/comments?post=71701"}],"version-history":[{"count":0,"href":"https:\/\/candas365.es\/noticias\/wp-json\/wp\/v2\/posts\/71701\/revisions"}],"wp:featuredmedia":[{"embeddable":true,"href":"https:\/\/candas365.es\/noticias\/wp-json\/wp\/v2\/media\/71702"}],"wp:attachment":[{"href":"https:\/\/candas365.es\/noticias\/wp-json\/wp\/v2\/media?parent=71701"}],"wp:term":[{"taxonomy":"category","embeddable":true,"href":"https:\/\/candas365.es\/noticias\/wp-json\/wp\/v2\/categories?post=71701"},{"taxonomy":"post_tag","embeddable":true,"href":"https:\/\/candas365.es\/noticias\/wp-json\/wp\/v2\/tags?post=71701"}],"curies":[{"name":"wp","href":"https:\/\/api.w.org\/{rel}","templated":true}]}}