{"id":71064,"date":"2017-05-04T17:13:00","date_gmt":"2017-05-04T17:13:00","guid":{"rendered":"http:\/\/candas365.es\/noticias\/?p=71064"},"modified":"2017-05-04T17:13:00","modified_gmt":"2017-05-04T17:13:00","slug":"sohne-mannheims-inicia-su-nueva-gira","status":"publish","type":"post","link":"https:\/\/candas365.es\/noticias\/sohne-mannheims-inicia-su-nueva-gira\/","title":{"rendered":"\u00abS\u00f6hne Mannheims\u00bb inicia su nueva gira"},"content":{"rendered":"<p>(dpa) &#8211; El grupo de m\u00fasica alem\u00e1n \u00abS\u00f6hne Mannheims\u00bb (hijos de Mannheim) comenz\u00f3 esta semana su gira por Alemania, Austria, Suiza y Luxemburgo con un concierto en su ciudad de origen.<\/p>\n<p>Ante centenares de espectadores en un abarrotado club Capitol, el grupo de m\u00fasica del cantante Xavier Naidoo ofreci\u00f3 un recorrido por los casi 20 a\u00f1os de producci\u00f3n musical de la banda. En el antiguo cine a orillas del r\u00edo Neckar, cantaron tambi\u00e9n grandes \u00e9xitos como \u00abDas hat die Welt noch nicht gesehen\u00bb (El mundo nunca ha visto algo as\u00ed).<\/p>\n<p>Tras m\u00e1s de dos horas de actuaci\u00f3n, el p\u00fablico despidi\u00f3 a la formaci\u00f3n constituida por unos 20 m\u00fasicos con grandes aplausos.<\/p>\n<p>La gira comprende 15 actuaciones hasta el 20 de mayo y sirve como presentaci\u00f3n del nuevo CD del grupo titulado \u00abMannHeim\u00bb.<\/p>\n<p>El \u00e1lbum incluye tambi\u00e9n la canci\u00f3n \u00abMarionetten\u00bb (Marionetas), en la que se insulta fuertemente a los pol\u00edticos. La ciudad de Mannheim critic\u00f3 el texto y tach\u00f3 de \u00abantiestatal\u00bb el mensaje del grupo. En el primer concierto de la gira no tocaron esta canci\u00f3n.<\/p>\n<p>\u00abYo entiendo esta canci\u00f3n como una llamada a reflexionar sobre el hecho de que la pol\u00edtica muchas veces se usa mal. Y ah\u00ed es donde nosotros -reconozco que con palabras exageradas- hacemos un llamamiento a hacer algo en contra\u00bb, explic\u00f3 a dpa, Henning Wehland, cantante de la banda.<\/p>\n","protected":false},"excerpt":{"rendered":"<p>(dpa) &#8211; El grupo de m\u00fasica alem\u00e1n \u00abS\u00f6hne Mannheims\u00bb (hijos de Mannheim) comenz\u00f3 esta semana su gira por Alemania, Austria, Suiza y Luxemburgo con un concierto en su ciudad de origen. Ante centenares de espectadores en un abarrotado club Capitol, el grupo de m\u00fasica del cantante Xavier Naidoo ofreci\u00f3 un recorrido por los casi 20<\/p>\n","protected":false},"author":1,"featured_media":270,"comment_status":"open","ping_status":"closed","sticky":false,"template":"","format":"standard","meta":{"footnotes":""},"categories":[1],"tags":[],"class_list":{"0":"post-71064","1":"post","2":"type-post","3":"status-publish","4":"format-standard","5":"has-post-thumbnail","7":"category-agenda"},"aioseo_notices":[],"aioseo_head":"\n\t\t<!-- All in One SEO Pro 4.9.6.2 - aioseo.com -->\n\t<meta name=\"description\" content=\"(dpa) - El grupo de m\u00fasica alem\u00e1n &quot;S\u00f6hne Mannheims&quot; (hijos de Mannheim) comenz\u00f3 esta semana su gira por Alemania, Austria, Suiza y Luxemburgo con un concierto en su ciudad de origen. Ante centenares de espectadores en un abarrotado club Capitol, el grupo de m\u00fasica del cantante Xavier Naidoo ofreci\u00f3 un recorrido por los casi 20\" \/>\n\t<meta name=\"robots\" content=\"max-image-preview:large\" \/>\n\t<meta name=\"author\" content=\"Cand\u00e1s 365\"\/>\n\t<meta name=\"google-site-verification\" content=\"UA-32230408-1\" \/>\n\t<meta name=\"msvalidate.01\" content=\"354F3CDFB2DA171B47FBE9ABF1F88D5\" \/>\n\t<meta name=\"keywords\" content=\"agenda\" \/>\n\t<link rel=\"canonical\" href=\"https:\/\/candas365.es\/noticias\/sohne-mannheims-inicia-su-nueva-gira\/\" \/>\n\t<meta name=\"generator\" content=\"All in One SEO Pro (AIOSEO) 4.9.6.2\" \/>\n\t\t<meta property=\"og:locale\" content=\"es_ES\" \/>\n\t\t<meta property=\"og:site_name\" content=\"Cand\u00e1s 365\" \/>\n\t\t<meta property=\"og:type\" content=\"article\" \/>\n\t\t<meta property=\"og:title\" content=\"\u00abS\u00f6hne Mannheims\u00bb inicia su nueva gira | Cand\u00e1s 365\" \/>\n\t\t<meta property=\"og:description\" content=\"(dpa) - El grupo de m\u00fasica alem\u00e1n &quot;S\u00f6hne Mannheims&quot; (hijos de Mannheim) comenz\u00f3 esta semana su gira por Alemania, Austria, Suiza y Luxemburgo con un concierto en su ciudad de origen. Ante centenares de espectadores en un abarrotado club Capitol, el grupo de m\u00fasica del cantante Xavier Naidoo ofreci\u00f3 un recorrido por los casi 20\" \/>\n\t\t<meta property=\"og:url\" content=\"https:\/\/candas365.es\/noticias\/sohne-mannheims-inicia-su-nueva-gira\/\" \/>\n\t\t<meta property=\"og:image\" content=\"https:\/\/candas365.es\/noticias\/wp-content\/uploads\/2014\/09\/agenda.jpg\" \/>\n\t\t<meta property=\"og:image:secure_url\" content=\"https:\/\/candas365.es\/noticias\/wp-content\/uploads\/2014\/09\/agenda.jpg\" \/>\n\t\t<meta property=\"og:image:width\" content=\"500\" \/>\n\t\t<meta property=\"og:image:height\" content=\"331\" \/>\n\t\t<meta property=\"article:published_time\" content=\"2017-05-04T17:13:00+00:00\" \/>\n\t\t<meta property=\"article:modified_time\" content=\"2017-05-04T17:13:00+00:00\" \/>\n\t\t<meta property=\"article:publisher\" content=\"https:\/\/www.facebook.com\/Nachofdezber\" \/>\n\t\t<meta property=\"article:author\" content=\"https:\/\/www.facebook.com\/carrenoactualidad\" \/>\n\t\t<meta name=\"twitter:card\" content=\"summary_large_image\" \/>\n\t\t<meta name=\"twitter:site\" content=\"@NabercoDigital\" \/>\n\t\t<meta name=\"twitter:title\" content=\"\u00abS\u00f6hne Mannheims\u00bb inicia su nueva gira | Cand\u00e1s 365\" \/>\n\t\t<meta name=\"twitter:description\" content=\"(dpa) - El grupo de m\u00fasica alem\u00e1n &quot;S\u00f6hne Mannheims&quot; (hijos de Mannheim) comenz\u00f3 esta semana su gira por Alemania, Austria, Suiza y Luxemburgo con un concierto en su ciudad de origen. Ante centenares de espectadores en un abarrotado club Capitol, el grupo de m\u00fasica del cantante Xavier Naidoo ofreci\u00f3 un recorrido por los casi 20\" \/>\n\t\t<meta name=\"twitter:creator\" content=\"@nbasturias\" \/>\n\t\t<meta name=\"twitter:image\" content=\"https:\/\/candas365.es\/noticias\/wp-content\/uploads\/2014\/09\/agenda.jpg\" \/>\n\t\t<meta name=\"twitter:label1\" content=\"Escrito por\" \/>\n\t\t<meta name=\"twitter:data1\" content=\"Cand\u00e1s 365\" \/>\n\t\t<meta name=\"twitter:label2\" content=\"Tiempo de lectura estimado\" \/>\n\t\t<meta name=\"twitter:data2\" content=\"1 minuto\" \/>\n\t\t<script type=\"application\/ld+json\" class=\"aioseo-schema\">\n\t\t\t{\"@context\":\"https:\\\/\\\/schema.org\",\"@graph\":[{\"@type\":\"BreadcrumbList\",\"@id\":\"https:\\\/\\\/candas365.es\\\/noticias\\\/sohne-mannheims-inicia-su-nueva-gira\\\/#breadcrumblist\",\"itemListElement\":[{\"@type\":\"ListItem\",\"@id\":\"https:\\\/\\\/candas365.es\\\/noticias#listItem\",\"position\":1,\"name\":\"Home\",\"item\":\"https:\\\/\\\/candas365.es\\\/noticias\",\"nextItem\":{\"@type\":\"ListItem\",\"@id\":\"https:\\\/\\\/candas365.es\\\/noticias\\\/category\\\/agenda\\\/#listItem\",\"name\":\"Agenda\"}},{\"@type\":\"ListItem\",\"@id\":\"https:\\\/\\\/candas365.es\\\/noticias\\\/category\\\/agenda\\\/#listItem\",\"position\":2,\"name\":\"Agenda\",\"item\":\"https:\\\/\\\/candas365.es\\\/noticias\\\/category\\\/agenda\\\/\",\"nextItem\":{\"@type\":\"ListItem\",\"@id\":\"https:\\\/\\\/candas365.es\\\/noticias\\\/sohne-mannheims-inicia-su-nueva-gira\\\/#listItem\",\"name\":\"\\u00abS\\u00f6hne Mannheims\\u00bb inicia su nueva gira\"},\"previousItem\":{\"@type\":\"ListItem\",\"@id\":\"https:\\\/\\\/candas365.es\\\/noticias#listItem\",\"name\":\"Home\"}},{\"@type\":\"ListItem\",\"@id\":\"https:\\\/\\\/candas365.es\\\/noticias\\\/sohne-mannheims-inicia-su-nueva-gira\\\/#listItem\",\"position\":3,\"name\":\"\\u00abS\\u00f6hne Mannheims\\u00bb inicia su nueva gira\",\"previousItem\":{\"@type\":\"ListItem\",\"@id\":\"https:\\\/\\\/candas365.es\\\/noticias\\\/category\\\/agenda\\\/#listItem\",\"name\":\"Agenda\"}}]},{\"@type\":\"NewsArticle\",\"@id\":\"https:\\\/\\\/candas365.es\\\/noticias\\\/sohne-mannheims-inicia-su-nueva-gira\\\/#newsarticle\",\"name\":\"\\u00abS\\u00f6hne Mannheims\\u00bb inicia su nueva gira | Cand\\u00e1s 365\",\"headline\":\"\\u00abS\\u00f6hne Mannheims\\u00bb inicia su nueva gira\",\"author\":{\"@id\":\"https:\\\/\\\/candas365.es\\\/noticias\\\/author\\\/admin\\\/#author\"},\"publisher\":{\"@id\":\"https:\\\/\\\/candas365.es\\\/noticias\\\/#organization\"},\"image\":{\"@type\":\"ImageObject\",\"url\":\"https:\\\/\\\/candas365.es\\\/noticias\\\/wp-content\\\/uploads\\\/2014\\\/09\\\/agenda.jpg\",\"width\":500,\"height\":331},\"datePublished\":\"2017-05-04T17:13:00+02:00\",\"dateModified\":\"2017-05-04T17:13:00+02:00\",\"inLanguage\":\"es-ES\",\"mainEntityOfPage\":{\"@id\":\"https:\\\/\\\/candas365.es\\\/noticias\\\/sohne-mannheims-inicia-su-nueva-gira\\\/#webpage\"},\"isPartOf\":{\"@id\":\"https:\\\/\\\/candas365.es\\\/noticias\\\/sohne-mannheims-inicia-su-nueva-gira\\\/#webpage\"},\"articleSection\":\"Agenda\",\"dateline\":\"Publicado el mayo 4, 2017.\"},{\"@type\":\"Organization\",\"@id\":\"https:\\\/\\\/candas365.es\\\/noticias\\\/#organization\",\"name\":\"Cand\\u00e1s 365\",\"description\":\"Cand\\u00e1s 365 es un diario digital independiente, fundado en 2012, con base en Asturias. Informamos con rigor sobre actualidad, sociedad, cultura y ocio, con una mirada local y global.\",\"url\":\"https:\\\/\\\/candas365.es\\\/noticias\\\/\",\"email\":\"info@candas365.es\",\"telephone\":\"+34652131393\",\"foundingDate\":\"2012-06-10\",\"logo\":{\"@type\":\"ImageObject\",\"url\":\"https:\\\/\\\/candas365.es\\\/noticias\\\/wp-content\\\/uploads\\\/2024\\\/09\\\/Candas-365-Redes.jpg\",\"@id\":\"https:\\\/\\\/candas365.es\\\/noticias\\\/sohne-mannheims-inicia-su-nueva-gira\\\/#organizationLogo\",\"width\":1152,\"height\":864,\"caption\":\"Cand\\u00e1s 365 Redes\"},\"image\":{\"@id\":\"https:\\\/\\\/candas365.es\\\/noticias\\\/sohne-mannheims-inicia-su-nueva-gira\\\/#organizationLogo\"},\"sameAs\":[\"https:\\\/\\\/www.facebook.com\\\/Nachofdezber\",\"https:\\\/\\\/x.com\\\/NabercoDigital\",\"https:\\\/\\\/www.instagram.com\\\/nachofdezber\\\/\",\"https:\\\/\\\/www.youtube.com\\\/channel\\\/UCZP-2wLEB9Rv6erhFmqVnvg\"],\"address\":{\"@id\":\"https:\\\/\\\/candas365.es\\\/noticias\\\/#postaladdress\",\"@type\":\"PostalAddress\",\"streetAddress\":\"san antonio 4, san antonio 4\",\"postalCode\":\"33430\",\"addressLocality\":\"Cand\\u00e1s\",\"addressRegion\":\"Asturias\",\"addressCountry\":\"ES\"}},{\"@type\":\"Person\",\"@id\":\"https:\\\/\\\/candas365.es\\\/noticias\\\/author\\\/admin\\\/#author\",\"url\":\"https:\\\/\\\/candas365.es\\\/noticias\\\/author\\\/admin\\\/\",\"name\":\"Cand\\u00e1s 365\",\"image\":{\"@type\":\"ImageObject\",\"@id\":\"https:\\\/\\\/candas365.es\\\/noticias\\\/sohne-mannheims-inicia-su-nueva-gira\\\/#authorImage\",\"url\":\"https:\\\/\\\/secure.gravatar.com\\\/avatar\\\/496a8e03d0c493ede1718b7934145dbdf8d89be1036b0eec9544e1094c9de390?s=96&d=mm&r=g\",\"width\":96,\"height\":96,\"caption\":\"Cand\\u00e1s 365\"},\"sameAs\":[\"https:\\\/\\\/www.facebook.com\\\/carrenoactualidad\",\"https:\\\/\\\/twitter.com\\\/nbasturias\",\"https:\\\/\\\/www.instagram.com\\\/nachofdezber\\\/\",\"https:\\\/\\\/www.youtube.com\\\/channel\\\/UCZP-2wLEB9Rv6erhFmqVnvg\"]},{\"@type\":\"WebPage\",\"@id\":\"https:\\\/\\\/candas365.es\\\/noticias\\\/sohne-mannheims-inicia-su-nueva-gira\\\/#webpage\",\"url\":\"https:\\\/\\\/candas365.es\\\/noticias\\\/sohne-mannheims-inicia-su-nueva-gira\\\/\",\"name\":\"\\u00abS\\u00f6hne Mannheims\\u00bb inicia su nueva gira | Cand\\u00e1s 365\",\"description\":\"(dpa) - El grupo de m\\u00fasica alem\\u00e1n \\\"S\\u00f6hne Mannheims\\\" (hijos de Mannheim) comenz\\u00f3 esta semana su gira por Alemania, Austria, Suiza y Luxemburgo con un concierto en su ciudad de origen. Ante centenares de espectadores en un abarrotado club Capitol, el grupo de m\\u00fasica del cantante Xavier Naidoo ofreci\\u00f3 un recorrido por los casi 20\",\"inLanguage\":\"es-ES\",\"isPartOf\":{\"@id\":\"https:\\\/\\\/candas365.es\\\/noticias\\\/#website\"},\"breadcrumb\":{\"@id\":\"https:\\\/\\\/candas365.es\\\/noticias\\\/sohne-mannheims-inicia-su-nueva-gira\\\/#breadcrumblist\"},\"author\":{\"@id\":\"https:\\\/\\\/candas365.es\\\/noticias\\\/author\\\/admin\\\/#author\"},\"creator\":{\"@id\":\"https:\\\/\\\/candas365.es\\\/noticias\\\/author\\\/admin\\\/#author\"},\"image\":{\"@type\":\"ImageObject\",\"url\":\"https:\\\/\\\/candas365.es\\\/noticias\\\/wp-content\\\/uploads\\\/2014\\\/09\\\/agenda.jpg\",\"@id\":\"https:\\\/\\\/candas365.es\\\/noticias\\\/sohne-mannheims-inicia-su-nueva-gira\\\/#mainImage\",\"width\":500,\"height\":331},\"primaryImageOfPage\":{\"@id\":\"https:\\\/\\\/candas365.es\\\/noticias\\\/sohne-mannheims-inicia-su-nueva-gira\\\/#mainImage\"},\"datePublished\":\"2017-05-04T17:13:00+02:00\",\"dateModified\":\"2017-05-04T17:13:00+02:00\"},{\"@type\":\"WebSite\",\"@id\":\"https:\\\/\\\/candas365.es\\\/noticias\\\/#website\",\"url\":\"https:\\\/\\\/candas365.es\\\/noticias\\\/\",\"name\":\"Cand\\u00e1s 365\",\"alternateName\":\"Cand\\u00e1s 365 Noticias\",\"description\":\"Actualidad desde Carre\\u00f1o para el mundo\",\"inLanguage\":\"es-ES\",\"publisher\":{\"@id\":\"https:\\\/\\\/candas365.es\\\/noticias\\\/#organization\"}}]}\n\t\t<\/script>\n\t\t<!-- All in One SEO Pro -->\r\n\t\t<title>\u00abS\u00f6hne Mannheims\u00bb inicia su nueva gira | Cand\u00e1s 365<\/title>\n\n","aioseo_head_json":{"title":"\u00abS\u00f6hne Mannheims\u00bb inicia su nueva gira | Cand\u00e1s 365","description":"(dpa) - El grupo de m\u00fasica alem\u00e1n \"S\u00f6hne Mannheims\" (hijos de Mannheim) comenz\u00f3 esta semana su gira por Alemania, Austria, Suiza y Luxemburgo con un concierto en su ciudad de origen. Ante centenares de espectadores en un abarrotado club Capitol, el grupo de m\u00fasica del cantante Xavier Naidoo ofreci\u00f3 un recorrido por los casi 20","canonical_url":"https:\/\/candas365.es\/noticias\/sohne-mannheims-inicia-su-nueva-gira\/","robots":"max-image-preview:large","keywords":"agenda","webmasterTools":{"google-site-verification":"UA-32230408-1","msvalidate.01":"354F3CDFB2DA171B47FBE9ABF1F88D5","miscellaneous":""},"schema":{"@context":"https:\/\/schema.org","@graph":[{"@type":"BreadcrumbList","@id":"https:\/\/candas365.es\/noticias\/sohne-mannheims-inicia-su-nueva-gira\/#breadcrumblist","itemListElement":[{"@type":"ListItem","@id":"https:\/\/candas365.es\/noticias#listItem","position":1,"name":"Home","item":"https:\/\/candas365.es\/noticias","nextItem":{"@type":"ListItem","@id":"https:\/\/candas365.es\/noticias\/category\/agenda\/#listItem","name":"Agenda"}},{"@type":"ListItem","@id":"https:\/\/candas365.es\/noticias\/category\/agenda\/#listItem","position":2,"name":"Agenda","item":"https:\/\/candas365.es\/noticias\/category\/agenda\/","nextItem":{"@type":"ListItem","@id":"https:\/\/candas365.es\/noticias\/sohne-mannheims-inicia-su-nueva-gira\/#listItem","name":"\u00abS\u00f6hne Mannheims\u00bb inicia su nueva gira"},"previousItem":{"@type":"ListItem","@id":"https:\/\/candas365.es\/noticias#listItem","name":"Home"}},{"@type":"ListItem","@id":"https:\/\/candas365.es\/noticias\/sohne-mannheims-inicia-su-nueva-gira\/#listItem","position":3,"name":"\u00abS\u00f6hne Mannheims\u00bb inicia su nueva gira","previousItem":{"@type":"ListItem","@id":"https:\/\/candas365.es\/noticias\/category\/agenda\/#listItem","name":"Agenda"}}]},{"@type":"NewsArticle","@id":"https:\/\/candas365.es\/noticias\/sohne-mannheims-inicia-su-nueva-gira\/#newsarticle","name":"\u00abS\u00f6hne Mannheims\u00bb inicia su nueva gira | Cand\u00e1s 365","headline":"\u00abS\u00f6hne Mannheims\u00bb inicia su nueva gira","author":{"@id":"https:\/\/candas365.es\/noticias\/author\/admin\/#author"},"publisher":{"@id":"https:\/\/candas365.es\/noticias\/#organization"},"image":{"@type":"ImageObject","url":"https:\/\/candas365.es\/noticias\/wp-content\/uploads\/2014\/09\/agenda.jpg","width":500,"height":331},"datePublished":"2017-05-04T17:13:00+02:00","dateModified":"2017-05-04T17:13:00+02:00","inLanguage":"es-ES","mainEntityOfPage":{"@id":"https:\/\/candas365.es\/noticias\/sohne-mannheims-inicia-su-nueva-gira\/#webpage"},"isPartOf":{"@id":"https:\/\/candas365.es\/noticias\/sohne-mannheims-inicia-su-nueva-gira\/#webpage"},"articleSection":"Agenda","dateline":"Publicado el mayo 4, 2017."},{"@type":"Organization","@id":"https:\/\/candas365.es\/noticias\/#organization","name":"Cand\u00e1s 365","description":"Cand\u00e1s 365 es un diario digital independiente, fundado en 2012, con base en Asturias. Informamos con rigor sobre actualidad, sociedad, cultura y ocio, con una mirada local y global.","url":"https:\/\/candas365.es\/noticias\/","email":"info@candas365.es","telephone":"+34652131393","foundingDate":"2012-06-10","logo":{"@type":"ImageObject","url":"https:\/\/candas365.es\/noticias\/wp-content\/uploads\/2024\/09\/Candas-365-Redes.jpg","@id":"https:\/\/candas365.es\/noticias\/sohne-mannheims-inicia-su-nueva-gira\/#organizationLogo","width":1152,"height":864,"caption":"Cand\u00e1s 365 Redes"},"image":{"@id":"https:\/\/candas365.es\/noticias\/sohne-mannheims-inicia-su-nueva-gira\/#organizationLogo"},"sameAs":["https:\/\/www.facebook.com\/Nachofdezber","https:\/\/x.com\/NabercoDigital","https:\/\/www.instagram.com\/nachofdezber\/","https:\/\/www.youtube.com\/channel\/UCZP-2wLEB9Rv6erhFmqVnvg"],"address":{"@id":"https:\/\/candas365.es\/noticias\/#postaladdress","@type":"PostalAddress","streetAddress":"san antonio 4, san antonio 4","postalCode":"33430","addressLocality":"Cand\u00e1s","addressRegion":"Asturias","addressCountry":"ES"}},{"@type":"Person","@id":"https:\/\/candas365.es\/noticias\/author\/admin\/#author","url":"https:\/\/candas365.es\/noticias\/author\/admin\/","name":"Cand\u00e1s 365","image":{"@type":"ImageObject","@id":"https:\/\/candas365.es\/noticias\/sohne-mannheims-inicia-su-nueva-gira\/#authorImage","url":"https:\/\/secure.gravatar.com\/avatar\/496a8e03d0c493ede1718b7934145dbdf8d89be1036b0eec9544e1094c9de390?s=96&d=mm&r=g","width":96,"height":96,"caption":"Cand\u00e1s 365"},"sameAs":["https:\/\/www.facebook.com\/carrenoactualidad","https:\/\/twitter.com\/nbasturias","https:\/\/www.instagram.com\/nachofdezber\/","https:\/\/www.youtube.com\/channel\/UCZP-2wLEB9Rv6erhFmqVnvg"]},{"@type":"WebPage","@id":"https:\/\/candas365.es\/noticias\/sohne-mannheims-inicia-su-nueva-gira\/#webpage","url":"https:\/\/candas365.es\/noticias\/sohne-mannheims-inicia-su-nueva-gira\/","name":"\u00abS\u00f6hne Mannheims\u00bb inicia su nueva gira | Cand\u00e1s 365","description":"(dpa) - El grupo de m\u00fasica alem\u00e1n \"S\u00f6hne Mannheims\" (hijos de Mannheim) comenz\u00f3 esta semana su gira por Alemania, Austria, Suiza y Luxemburgo con un concierto en su ciudad de origen. Ante centenares de espectadores en un abarrotado club Capitol, el grupo de m\u00fasica del cantante Xavier Naidoo ofreci\u00f3 un recorrido por los casi 20","inLanguage":"es-ES","isPartOf":{"@id":"https:\/\/candas365.es\/noticias\/#website"},"breadcrumb":{"@id":"https:\/\/candas365.es\/noticias\/sohne-mannheims-inicia-su-nueva-gira\/#breadcrumblist"},"author":{"@id":"https:\/\/candas365.es\/noticias\/author\/admin\/#author"},"creator":{"@id":"https:\/\/candas365.es\/noticias\/author\/admin\/#author"},"image":{"@type":"ImageObject","url":"https:\/\/candas365.es\/noticias\/wp-content\/uploads\/2014\/09\/agenda.jpg","@id":"https:\/\/candas365.es\/noticias\/sohne-mannheims-inicia-su-nueva-gira\/#mainImage","width":500,"height":331},"primaryImageOfPage":{"@id":"https:\/\/candas365.es\/noticias\/sohne-mannheims-inicia-su-nueva-gira\/#mainImage"},"datePublished":"2017-05-04T17:13:00+02:00","dateModified":"2017-05-04T17:13:00+02:00"},{"@type":"WebSite","@id":"https:\/\/candas365.es\/noticias\/#website","url":"https:\/\/candas365.es\/noticias\/","name":"Cand\u00e1s 365","alternateName":"Cand\u00e1s 365 Noticias","description":"Actualidad desde Carre\u00f1o para el mundo","inLanguage":"es-ES","publisher":{"@id":"https:\/\/candas365.es\/noticias\/#organization"}}]},"og:locale":"es_ES","og:site_name":"Cand\u00e1s 365","og:type":"article","og:title":"\u00abS\u00f6hne Mannheims\u00bb inicia su nueva gira | Cand\u00e1s 365","og:description":"(dpa) - El grupo de m\u00fasica alem\u00e1n &quot;S\u00f6hne Mannheims&quot; (hijos de Mannheim) comenz\u00f3 esta semana su gira por Alemania, Austria, Suiza y Luxemburgo con un concierto en su ciudad de origen. Ante centenares de espectadores en un abarrotado club Capitol, el grupo de m\u00fasica del cantante Xavier Naidoo ofreci\u00f3 un recorrido por los casi 20","og:url":"https:\/\/candas365.es\/noticias\/sohne-mannheims-inicia-su-nueva-gira\/","og:image":"https:\/\/candas365.es\/noticias\/wp-content\/uploads\/2014\/09\/agenda.jpg","og:image:secure_url":"https:\/\/candas365.es\/noticias\/wp-content\/uploads\/2014\/09\/agenda.jpg","og:image:width":500,"og:image:height":331,"article:published_time":"2017-05-04T17:13:00+00:00","article:modified_time":"2017-05-04T17:13:00+00:00","article:publisher":"https:\/\/www.facebook.com\/Nachofdezber","article:author":"https:\/\/www.facebook.com\/carrenoactualidad","twitter:card":"summary_large_image","twitter:site":"@NabercoDigital","twitter:title":"\u00abS\u00f6hne Mannheims\u00bb inicia su nueva gira | Cand\u00e1s 365","twitter:description":"(dpa) - El grupo de m\u00fasica alem\u00e1n &quot;S\u00f6hne Mannheims&quot; (hijos de Mannheim) comenz\u00f3 esta semana su gira por Alemania, Austria, Suiza y Luxemburgo con un concierto en su ciudad de origen. Ante centenares de espectadores en un abarrotado club Capitol, el grupo de m\u00fasica del cantante Xavier Naidoo ofreci\u00f3 un recorrido por los casi 20","twitter:creator":"@nbasturias","twitter:image":"https:\/\/candas365.es\/noticias\/wp-content\/uploads\/2014\/09\/agenda.jpg","twitter:label1":"Escrito por","twitter:data1":"Cand\u00e1s 365","twitter:label2":"Tiempo de lectura estimado","twitter:data2":"1 minuto"},"aioseo_meta_data":{"post_id":"71064","title":null,"description":null,"keywords":null,"keyphrases":null,"primary_term":null,"canonical_url":null,"og_title":null,"og_description":null,"og_object_type":"default","og_image_type":"default","og_image_url":null,"og_image_width":null,"og_image_height":null,"og_image_custom_url":null,"og_image_custom_fields":null,"og_video":null,"og_custom_url":null,"og_article_section":null,"og_article_tags":null,"twitter_use_og":false,"twitter_card":"default","twitter_image_type":"default","twitter_image_url":null,"twitter_image_custom_url":null,"twitter_image_custom_fields":null,"twitter_title":null,"twitter_description":null,"schema":{"blockGraphs":[],"customGraphs":[],"default":{"data":{"Article":[],"Course":[],"Dataset":[],"FAQPage":[],"Movie":[],"Person":[],"Product":[],"ProductReview":[],"Car":[],"Recipe":[],"Service":[],"SoftwareApplication":[],"WebPage":[]},"graphName":"","isEnabled":true},"graphs":[]},"schema_type":null,"schema_type_options":null,"pillar_content":false,"robots_default":true,"robots_noindex":false,"robots_noarchive":false,"robots_nosnippet":false,"robots_nofollow":false,"robots_noimageindex":false,"robots_noodp":false,"robots_notranslate":false,"robots_max_snippet":null,"robots_max_videopreview":null,"robots_max_imagepreview":"large","priority":null,"frequency":null,"location":null,"local_seo":null,"seo_analyzer_scan_date":"2025-08-25 13:14:37","breadcrumb_settings":null,"limit_modified_date":false,"reviewed_by":null,"open_ai":null,"ai":null,"created":"2020-12-21 13:00:30","updated":"2025-08-25 13:14:37"},"aioseo_breadcrumb":"<div class=\"aioseo-breadcrumbs\"><span class=\"aioseo-breadcrumb\">\n\t<a href=\"https:\/\/candas365.es\/noticias\" title=\"Home\">Home<\/a>\n<\/span><span class=\"aioseo-breadcrumb-separator\">&ndash;<\/span><span class=\"aioseo-breadcrumb\">\n\t<a href=\"https:\/\/candas365.es\/noticias\/category\/agenda\/\" title=\"Agenda\">Agenda<\/a>\n<\/span><span class=\"aioseo-breadcrumb-separator\">&ndash;<\/span><span class=\"aioseo-breadcrumb\">\n\t\u00abS\u00f6hne Mannheims\u00bb inicia su nueva gira\n<\/span><\/div>","aioseo_breadcrumb_json":[{"label":"Home","link":"https:\/\/candas365.es\/noticias"},{"label":"Agenda","link":"https:\/\/candas365.es\/noticias\/category\/agenda\/"},{"label":"\u00abS\u00f6hne Mannheims\u00bb inicia su nueva gira","link":"https:\/\/candas365.es\/noticias\/sohne-mannheims-inicia-su-nueva-gira\/"}],"_links":{"self":[{"href":"https:\/\/candas365.es\/noticias\/wp-json\/wp\/v2\/posts\/71064","targetHints":{"allow":["GET"]}}],"collection":[{"href":"https:\/\/candas365.es\/noticias\/wp-json\/wp\/v2\/posts"}],"about":[{"href":"https:\/\/candas365.es\/noticias\/wp-json\/wp\/v2\/types\/post"}],"author":[{"embeddable":true,"href":"https:\/\/candas365.es\/noticias\/wp-json\/wp\/v2\/users\/1"}],"replies":[{"embeddable":true,"href":"https:\/\/candas365.es\/noticias\/wp-json\/wp\/v2\/comments?post=71064"}],"version-history":[{"count":0,"href":"https:\/\/candas365.es\/noticias\/wp-json\/wp\/v2\/posts\/71064\/revisions"}],"wp:featuredmedia":[{"embeddable":true,"href":"https:\/\/candas365.es\/noticias\/wp-json\/wp\/v2\/media\/270"}],"wp:attachment":[{"href":"https:\/\/candas365.es\/noticias\/wp-json\/wp\/v2\/media?parent=71064"}],"wp:term":[{"taxonomy":"category","embeddable":true,"href":"https:\/\/candas365.es\/noticias\/wp-json\/wp\/v2\/categories?post=71064"},{"taxonomy":"post_tag","embeddable":true,"href":"https:\/\/candas365.es\/noticias\/wp-json\/wp\/v2\/tags?post=71064"}],"curies":[{"name":"wp","href":"https:\/\/api.w.org\/{rel}","templated":true}]}}