{"id":7098,"date":"2015-02-12T14:22:48","date_gmt":"2015-02-12T16:22:48","guid":{"rendered":"http:\/\/candas365.es\/noticias\/?p=7098"},"modified":"2015-02-12T14:22:48","modified_gmt":"2015-02-12T16:22:48","slug":"la-incidencia-de-la-gripe-en-asturias-desciende-por-segunda-semana-consecutiva","status":"publish","type":"post","link":"https:\/\/candas365.es\/noticias\/la-incidencia-de-la-gripe-en-asturias-desciende-por-segunda-semana-consecutiva\/","title":{"rendered":"La incidencia de la gripe en Asturias desciende por segunda semana consecutiva"},"content":{"rendered":"<p><img fetchpriority=\"high\" decoding=\"async\" class=\"alignleft size-medium wp-image-5347\" src=\"https:\/\/candas365.es\/noticias\/wp-content\/uploads\/2014\/11\/cabue\u00f1es-360x270.jpg\" alt=\"cabue\u00f1es\" width=\"360\" height=\"270\" srcset=\"https:\/\/candas365.es\/noticias\/wp-content\/uploads\/2014\/11\/cabue\u00f1es.jpg 360w, https:\/\/candas365.es\/noticias\/wp-content\/uploads\/2014\/11\/cabue\u00f1es-150x113.jpg 150w, https:\/\/candas365.es\/noticias\/wp-content\/uploads\/2014\/11\/cabue\u00f1es-80x60.jpg 80w, https:\/\/candas365.es\/noticias\/wp-content\/uploads\/2014\/11\/cabue\u00f1es-265x198.jpg 265w, https:\/\/candas365.es\/noticias\/wp-content\/uploads\/2014\/11\/cabue\u00f1es-90x67.jpg 90w\" sizes=\"(max-width: 360px) 100vw, 360px\" \/>La tasa de incidencia de la gripe en Asturias en la sexta semana de 2015 se ha situado en 275 casos por cada cien mil habitantes, despu\u00e9s de haber alcanzando el pico de la onda epid\u00e9mica en la semana 4\/2015. La difusi\u00f3n sigue siendo epid\u00e9mica y la intensidad, media, y se espera que esta situaci\u00f3n contin\u00fae durante las pr\u00f3ximas semanas hasta que vuelva a niveles basales en el plazo de un mes y medio. La afectaci\u00f3n ha disminuido en todos los grupos de edad, aunque vuelve a ser m\u00e1s marcado en los menores de quince a\u00f1os.<\/p>\n<p>La proporci\u00f3n de casos con alguna complicaci\u00f3n en el momento de la consulta y las derivaciones al hospital desde atenci\u00f3n primaria se mantienen en niveles bajos. Entre los casos notificados, los factores de riesgo m\u00e1s frecuentes siguen siendo el asma y la enfermedad cardiovascular cr\u00f3nica, seguidas de situaciones de inmunodeficiencia y enfermedades metab\u00f3licas, como la diabetes.<\/p>\n<p>En el conjunto del pa\u00eds, la actividad gripal tambi\u00e9n disminuye con la \u00fanica excepci\u00f3n de Catalu\u00f1a, \u00fanico territorio en el que su evoluci\u00f3n es todav\u00eda creciente y la onda gripal contin\u00faa en fase de ascenso. La tasa global de incidencia de la enfermedad en la semana 06\/2015 descienden a 276,96 casos por cien mil habitantes, lo que indica que el pico de m\u00e1xima incidencia de la temporada 2014-2015 se alcanz\u00f3 en la semana 05\/2014. Se observa un descenso significativo de casos en todos los grupos de edad, excepto en los mayores de 64 a\u00f1os.<\/p>\n<p>La gripe es una enfermedad infecciosa generalmente benigna, que se inicia repentinamente y puede suponer la aparici\u00f3n de fiebre, dolores musculares, malestar general, tos, dolor de cabeza, congesti\u00f3n nasal, estornudos o dolor de garganta. Est\u00e1 causada por un virus y se contagia muy f\u00e1cilmente, por lo que es importante seguir unas buenas pr\u00e1cticas de higiene que ayudan a disminuir la transmisi\u00f3n del virus y son la acci\u00f3n m\u00e1s efectiva para protegerse y proteger a los dem\u00e1s.<\/p>\n<p>Es muy importante evitar el contagio, especialmente al toser o estornudar, y para ello se recomienda:<\/p>\n<p>\u2022Utilizar pa\u00f1uelos de papel para taparse la boca y la nariz cuando se tosa y se estornude. Si no se dispone de pa\u00f1uelo de papel, se debe toser y estornudar sobre la manga de la ropa (en el hueco del codo) para evitar contaminar las manos.<br \/>\n\u2022Tirar los pa\u00f1uelos de papel despu\u00e9s de utilizarlos.<br \/>\n\u2022Lavarse a menudo las manos con agua y jab\u00f3n.<br \/>\n\u2022Mantener una buena ventilaci\u00f3n de los espacios cerrados.<br \/>\n\u2022Limpiar con frecuencia las superficies que se tocan con las manos como los pomos de las puertas, los interruptores\u2026<\/p>\n<p>El tratamiento m\u00e1s adecuado consiste en aliviar los s\u00edntomas mediante analg\u00e9sicos y antit\u00e9rmicos. En la mayor parte de los casos, la gripe se cura sola con las medidas habituales: beber abundantes l\u00edquidos y utilizar los antit\u00e9rmicos y analg\u00e9sicos habituales, como el paracetamol, seg\u00fan las recomendaciones de los profesionales sanitarios, hasta recuperarse. La vacunaci\u00f3n anual a las personas mayores y vulnerables evita las complicaciones de la enfermedad y previene la mortalidad por esta causa.<\/p>\n","protected":false},"excerpt":{"rendered":"<p>La tasa de incidencia de la gripe en Asturias en la sexta semana de 2015 se ha situado en 275 casos por cada cien mil habitantes, despu\u00e9s de haber alcanzando el pico de la onda epid\u00e9mica en la semana 4\/2015. La difusi\u00f3n sigue siendo epid\u00e9mica y la intensidad, media, y se espera que esta situaci\u00f3n<\/p>\n","protected":false},"author":1,"featured_media":5347,"comment_status":"open","ping_status":"closed","sticky":false,"template":"","format":"standard","meta":{"footnotes":""},"categories":[7],"tags":[],"class_list":{"0":"post-7098","1":"post","2":"type-post","3":"status-publish","4":"format-standard","5":"has-post-thumbnail","7":"category-asturias"},"aioseo_notices":[],"aioseo_head":"\n\t\t<!-- All in One SEO Pro 4.9.6.2 - aioseo.com -->\n\t<meta name=\"description\" content=\"La tasa de incidencia de la gripe en Asturias en la sexta semana de 2015 se ha situado en 275 casos por cada cien mil habitantes, despu\u00e9s de haber alcanzando el pico de la onda epid\u00e9mica en la semana 4\/2015. La difusi\u00f3n sigue siendo epid\u00e9mica y la intensidad, media, y se espera que esta situaci\u00f3n\" \/>\n\t<meta name=\"robots\" content=\"max-image-preview:large\" \/>\n\t<meta name=\"author\" content=\"Cand\u00e1s 365\"\/>\n\t<meta name=\"google-site-verification\" content=\"UA-32230408-1\" \/>\n\t<meta name=\"msvalidate.01\" content=\"354F3CDFB2DA171B47FBE9ABF1F88D5\" \/>\n\t<meta name=\"keywords\" content=\"asturias\" \/>\n\t<link rel=\"canonical\" href=\"https:\/\/candas365.es\/noticias\/la-incidencia-de-la-gripe-en-asturias-desciende-por-segunda-semana-consecutiva\/\" \/>\n\t<meta name=\"generator\" content=\"All in One SEO Pro (AIOSEO) 4.9.6.2\" \/>\n\t\t<meta property=\"og:locale\" content=\"es_ES\" \/>\n\t\t<meta property=\"og:site_name\" content=\"Cand\u00e1s 365\" \/>\n\t\t<meta property=\"og:type\" content=\"article\" \/>\n\t\t<meta property=\"og:title\" content=\"La incidencia de la gripe en Asturias desciende por segunda semana consecutiva | Cand\u00e1s 365\" \/>\n\t\t<meta property=\"og:description\" content=\"La tasa de incidencia de la gripe en Asturias en la sexta semana de 2015 se ha situado en 275 casos por cada cien mil habitantes, despu\u00e9s de haber alcanzando el pico de la onda epid\u00e9mica en la semana 4\/2015. La difusi\u00f3n sigue siendo epid\u00e9mica y la intensidad, media, y se espera que esta situaci\u00f3n\" \/>\n\t\t<meta property=\"og:url\" content=\"https:\/\/candas365.es\/noticias\/la-incidencia-de-la-gripe-en-asturias-desciende-por-segunda-semana-consecutiva\/\" \/>\n\t\t<meta property=\"og:image\" content=\"https:\/\/candas365.es\/noticias\/wp-content\/uploads\/2014\/11\/cabue\u00f1es.jpg\" \/>\n\t\t<meta property=\"og:image:secure_url\" content=\"https:\/\/candas365.es\/noticias\/wp-content\/uploads\/2014\/11\/cabue\u00f1es.jpg\" \/>\n\t\t<meta property=\"og:image:width\" content=\"360\" \/>\n\t\t<meta property=\"og:image:height\" content=\"270\" \/>\n\t\t<meta property=\"article:published_time\" content=\"2015-02-12T16:22:48+00:00\" \/>\n\t\t<meta property=\"article:modified_time\" content=\"2015-02-12T16:22:48+00:00\" \/>\n\t\t<meta property=\"article:publisher\" content=\"https:\/\/www.facebook.com\/Nachofdezber\" \/>\n\t\t<meta property=\"article:author\" content=\"https:\/\/www.facebook.com\/carrenoactualidad\" \/>\n\t\t<meta name=\"twitter:card\" content=\"summary_large_image\" \/>\n\t\t<meta name=\"twitter:site\" content=\"@NabercoDigital\" \/>\n\t\t<meta name=\"twitter:title\" content=\"La incidencia de la gripe en Asturias desciende por segunda semana consecutiva | Cand\u00e1s 365\" \/>\n\t\t<meta name=\"twitter:description\" content=\"La tasa de incidencia de la gripe en Asturias en la sexta semana de 2015 se ha situado en 275 casos por cada cien mil habitantes, despu\u00e9s de haber alcanzando el pico de la onda epid\u00e9mica en la semana 4\/2015. La difusi\u00f3n sigue siendo epid\u00e9mica y la intensidad, media, y se espera que esta situaci\u00f3n\" \/>\n\t\t<meta name=\"twitter:creator\" content=\"@nbasturias\" \/>\n\t\t<meta name=\"twitter:image\" content=\"https:\/\/candas365.es\/noticias\/wp-content\/uploads\/2014\/11\/cabue\u00f1es.jpg\" \/>\n\t\t<meta name=\"twitter:label1\" content=\"Escrito por\" \/>\n\t\t<meta name=\"twitter:data1\" content=\"Cand\u00e1s 365\" \/>\n\t\t<meta name=\"twitter:label2\" content=\"Tiempo de lectura estimado\" \/>\n\t\t<meta name=\"twitter:data2\" content=\"3 minutos\" \/>\n\t\t<script type=\"application\/ld+json\" class=\"aioseo-schema\">\n\t\t\t{\"@context\":\"https:\\\/\\\/schema.org\",\"@graph\":[{\"@type\":\"BreadcrumbList\",\"@id\":\"https:\\\/\\\/candas365.es\\\/noticias\\\/la-incidencia-de-la-gripe-en-asturias-desciende-por-segunda-semana-consecutiva\\\/#breadcrumblist\",\"itemListElement\":[{\"@type\":\"ListItem\",\"@id\":\"https:\\\/\\\/candas365.es\\\/noticias#listItem\",\"position\":1,\"name\":\"Home\",\"item\":\"https:\\\/\\\/candas365.es\\\/noticias\",\"nextItem\":{\"@type\":\"ListItem\",\"@id\":\"https:\\\/\\\/candas365.es\\\/noticias\\\/category\\\/asturias\\\/#listItem\",\"name\":\"Asturias\"}},{\"@type\":\"ListItem\",\"@id\":\"https:\\\/\\\/candas365.es\\\/noticias\\\/category\\\/asturias\\\/#listItem\",\"position\":2,\"name\":\"Asturias\",\"item\":\"https:\\\/\\\/candas365.es\\\/noticias\\\/category\\\/asturias\\\/\",\"nextItem\":{\"@type\":\"ListItem\",\"@id\":\"https:\\\/\\\/candas365.es\\\/noticias\\\/la-incidencia-de-la-gripe-en-asturias-desciende-por-segunda-semana-consecutiva\\\/#listItem\",\"name\":\"La incidencia de la gripe en Asturias desciende por segunda semana consecutiva\"},\"previousItem\":{\"@type\":\"ListItem\",\"@id\":\"https:\\\/\\\/candas365.es\\\/noticias#listItem\",\"name\":\"Home\"}},{\"@type\":\"ListItem\",\"@id\":\"https:\\\/\\\/candas365.es\\\/noticias\\\/la-incidencia-de-la-gripe-en-asturias-desciende-por-segunda-semana-consecutiva\\\/#listItem\",\"position\":3,\"name\":\"La incidencia de la gripe en Asturias desciende por segunda semana consecutiva\",\"previousItem\":{\"@type\":\"ListItem\",\"@id\":\"https:\\\/\\\/candas365.es\\\/noticias\\\/category\\\/asturias\\\/#listItem\",\"name\":\"Asturias\"}}]},{\"@type\":\"NewsArticle\",\"@id\":\"https:\\\/\\\/candas365.es\\\/noticias\\\/la-incidencia-de-la-gripe-en-asturias-desciende-por-segunda-semana-consecutiva\\\/#newsarticle\",\"name\":\"La incidencia de la gripe en Asturias desciende por segunda semana consecutiva | Cand\\u00e1s 365\",\"headline\":\"La incidencia de la gripe en Asturias desciende por segunda semana consecutiva\",\"author\":{\"@id\":\"https:\\\/\\\/candas365.es\\\/noticias\\\/author\\\/admin\\\/#author\"},\"publisher\":{\"@id\":\"https:\\\/\\\/candas365.es\\\/noticias\\\/#organization\"},\"image\":{\"@type\":\"ImageObject\",\"url\":\"https:\\\/\\\/candas365.es\\\/noticias\\\/wp-content\\\/uploads\\\/2014\\\/11\\\/cabue\\u00f1es.jpg\",\"width\":360,\"height\":270},\"datePublished\":\"2015-02-12T14:22:48+01:00\",\"dateModified\":\"2015-02-12T14:22:48+01:00\",\"inLanguage\":\"es-ES\",\"mainEntityOfPage\":{\"@id\":\"https:\\\/\\\/candas365.es\\\/noticias\\\/la-incidencia-de-la-gripe-en-asturias-desciende-por-segunda-semana-consecutiva\\\/#webpage\"},\"isPartOf\":{\"@id\":\"https:\\\/\\\/candas365.es\\\/noticias\\\/la-incidencia-de-la-gripe-en-asturias-desciende-por-segunda-semana-consecutiva\\\/#webpage\"},\"articleSection\":\"Asturias\",\"dateline\":\"Publicado el febrero 12, 2015.\"},{\"@type\":\"Organization\",\"@id\":\"https:\\\/\\\/candas365.es\\\/noticias\\\/#organization\",\"name\":\"Cand\\u00e1s 365\",\"description\":\"Cand\\u00e1s 365 es un diario digital independiente, fundado en 2012, con base en Asturias. Informamos con rigor sobre actualidad, sociedad, cultura y ocio, con una mirada local y global.\",\"url\":\"https:\\\/\\\/candas365.es\\\/noticias\\\/\",\"email\":\"info@candas365.es\",\"telephone\":\"+34652131393\",\"foundingDate\":\"2012-06-10\",\"logo\":{\"@type\":\"ImageObject\",\"url\":\"https:\\\/\\\/candas365.es\\\/noticias\\\/wp-content\\\/uploads\\\/2024\\\/09\\\/Candas-365-Redes.jpg\",\"@id\":\"https:\\\/\\\/candas365.es\\\/noticias\\\/la-incidencia-de-la-gripe-en-asturias-desciende-por-segunda-semana-consecutiva\\\/#organizationLogo\",\"width\":1152,\"height\":864,\"caption\":\"Cand\\u00e1s 365 Redes\"},\"image\":{\"@id\":\"https:\\\/\\\/candas365.es\\\/noticias\\\/la-incidencia-de-la-gripe-en-asturias-desciende-por-segunda-semana-consecutiva\\\/#organizationLogo\"},\"sameAs\":[\"https:\\\/\\\/www.facebook.com\\\/Nachofdezber\",\"https:\\\/\\\/x.com\\\/NabercoDigital\",\"https:\\\/\\\/www.instagram.com\\\/nachofdezber\\\/\",\"https:\\\/\\\/www.youtube.com\\\/channel\\\/UCZP-2wLEB9Rv6erhFmqVnvg\"],\"address\":{\"@id\":\"https:\\\/\\\/candas365.es\\\/noticias\\\/#postaladdress\",\"@type\":\"PostalAddress\",\"streetAddress\":\"san antonio 4, san antonio 4\",\"postalCode\":\"33430\",\"addressLocality\":\"Cand\\u00e1s\",\"addressRegion\":\"Asturias\",\"addressCountry\":\"ES\"}},{\"@type\":\"Person\",\"@id\":\"https:\\\/\\\/candas365.es\\\/noticias\\\/author\\\/admin\\\/#author\",\"url\":\"https:\\\/\\\/candas365.es\\\/noticias\\\/author\\\/admin\\\/\",\"name\":\"Cand\\u00e1s 365\",\"image\":{\"@type\":\"ImageObject\",\"@id\":\"https:\\\/\\\/candas365.es\\\/noticias\\\/la-incidencia-de-la-gripe-en-asturias-desciende-por-segunda-semana-consecutiva\\\/#authorImage\",\"url\":\"https:\\\/\\\/secure.gravatar.com\\\/avatar\\\/496a8e03d0c493ede1718b7934145dbdf8d89be1036b0eec9544e1094c9de390?s=96&d=mm&r=g\",\"width\":96,\"height\":96,\"caption\":\"Cand\\u00e1s 365\"},\"sameAs\":[\"https:\\\/\\\/www.facebook.com\\\/carrenoactualidad\",\"https:\\\/\\\/twitter.com\\\/nbasturias\",\"https:\\\/\\\/www.instagram.com\\\/nachofdezber\\\/\",\"https:\\\/\\\/www.youtube.com\\\/channel\\\/UCZP-2wLEB9Rv6erhFmqVnvg\"]},{\"@type\":\"WebPage\",\"@id\":\"https:\\\/\\\/candas365.es\\\/noticias\\\/la-incidencia-de-la-gripe-en-asturias-desciende-por-segunda-semana-consecutiva\\\/#webpage\",\"url\":\"https:\\\/\\\/candas365.es\\\/noticias\\\/la-incidencia-de-la-gripe-en-asturias-desciende-por-segunda-semana-consecutiva\\\/\",\"name\":\"La incidencia de la gripe en Asturias desciende por segunda semana consecutiva | Cand\\u00e1s 365\",\"description\":\"La tasa de incidencia de la gripe en Asturias en la sexta semana de 2015 se ha situado en 275 casos por cada cien mil habitantes, despu\\u00e9s de haber alcanzando el pico de la onda epid\\u00e9mica en la semana 4\\\/2015. La difusi\\u00f3n sigue siendo epid\\u00e9mica y la intensidad, media, y se espera que esta situaci\\u00f3n\",\"inLanguage\":\"es-ES\",\"isPartOf\":{\"@id\":\"https:\\\/\\\/candas365.es\\\/noticias\\\/#website\"},\"breadcrumb\":{\"@id\":\"https:\\\/\\\/candas365.es\\\/noticias\\\/la-incidencia-de-la-gripe-en-asturias-desciende-por-segunda-semana-consecutiva\\\/#breadcrumblist\"},\"author\":{\"@id\":\"https:\\\/\\\/candas365.es\\\/noticias\\\/author\\\/admin\\\/#author\"},\"creator\":{\"@id\":\"https:\\\/\\\/candas365.es\\\/noticias\\\/author\\\/admin\\\/#author\"},\"image\":{\"@type\":\"ImageObject\",\"url\":\"https:\\\/\\\/candas365.es\\\/noticias\\\/wp-content\\\/uploads\\\/2014\\\/11\\\/cabue\\u00f1es.jpg\",\"@id\":\"https:\\\/\\\/candas365.es\\\/noticias\\\/la-incidencia-de-la-gripe-en-asturias-desciende-por-segunda-semana-consecutiva\\\/#mainImage\",\"width\":360,\"height\":270},\"primaryImageOfPage\":{\"@id\":\"https:\\\/\\\/candas365.es\\\/noticias\\\/la-incidencia-de-la-gripe-en-asturias-desciende-por-segunda-semana-consecutiva\\\/#mainImage\"},\"datePublished\":\"2015-02-12T14:22:48+01:00\",\"dateModified\":\"2015-02-12T14:22:48+01:00\"},{\"@type\":\"WebSite\",\"@id\":\"https:\\\/\\\/candas365.es\\\/noticias\\\/#website\",\"url\":\"https:\\\/\\\/candas365.es\\\/noticias\\\/\",\"name\":\"Cand\\u00e1s 365\",\"alternateName\":\"Cand\\u00e1s 365 Noticias\",\"description\":\"Actualidad desde Carre\\u00f1o para el mundo\",\"inLanguage\":\"es-ES\",\"publisher\":{\"@id\":\"https:\\\/\\\/candas365.es\\\/noticias\\\/#organization\"}}]}\n\t\t<\/script>\n\t\t<!-- All in One SEO Pro -->\r\n\t\t<title>La incidencia de la gripe en Asturias desciende por segunda semana consecutiva | Cand\u00e1s 365<\/title>\n\n","aioseo_head_json":{"title":"La incidencia de la gripe en Asturias desciende por segunda semana consecutiva | Cand\u00e1s 365","description":"La tasa de incidencia de la gripe en Asturias en la sexta semana de 2015 se ha situado en 275 casos por cada cien mil habitantes, despu\u00e9s de haber alcanzando el pico de la onda epid\u00e9mica en la semana 4\/2015. La difusi\u00f3n sigue siendo epid\u00e9mica y la intensidad, media, y se espera que esta situaci\u00f3n","canonical_url":"https:\/\/candas365.es\/noticias\/la-incidencia-de-la-gripe-en-asturias-desciende-por-segunda-semana-consecutiva\/","robots":"max-image-preview:large","keywords":"asturias","webmasterTools":{"google-site-verification":"UA-32230408-1","msvalidate.01":"354F3CDFB2DA171B47FBE9ABF1F88D5","miscellaneous":""},"schema":{"@context":"https:\/\/schema.org","@graph":[{"@type":"BreadcrumbList","@id":"https:\/\/candas365.es\/noticias\/la-incidencia-de-la-gripe-en-asturias-desciende-por-segunda-semana-consecutiva\/#breadcrumblist","itemListElement":[{"@type":"ListItem","@id":"https:\/\/candas365.es\/noticias#listItem","position":1,"name":"Home","item":"https:\/\/candas365.es\/noticias","nextItem":{"@type":"ListItem","@id":"https:\/\/candas365.es\/noticias\/category\/asturias\/#listItem","name":"Asturias"}},{"@type":"ListItem","@id":"https:\/\/candas365.es\/noticias\/category\/asturias\/#listItem","position":2,"name":"Asturias","item":"https:\/\/candas365.es\/noticias\/category\/asturias\/","nextItem":{"@type":"ListItem","@id":"https:\/\/candas365.es\/noticias\/la-incidencia-de-la-gripe-en-asturias-desciende-por-segunda-semana-consecutiva\/#listItem","name":"La incidencia de la gripe en Asturias desciende por segunda semana consecutiva"},"previousItem":{"@type":"ListItem","@id":"https:\/\/candas365.es\/noticias#listItem","name":"Home"}},{"@type":"ListItem","@id":"https:\/\/candas365.es\/noticias\/la-incidencia-de-la-gripe-en-asturias-desciende-por-segunda-semana-consecutiva\/#listItem","position":3,"name":"La incidencia de la gripe en Asturias desciende por segunda semana consecutiva","previousItem":{"@type":"ListItem","@id":"https:\/\/candas365.es\/noticias\/category\/asturias\/#listItem","name":"Asturias"}}]},{"@type":"NewsArticle","@id":"https:\/\/candas365.es\/noticias\/la-incidencia-de-la-gripe-en-asturias-desciende-por-segunda-semana-consecutiva\/#newsarticle","name":"La incidencia de la gripe en Asturias desciende por segunda semana consecutiva | Cand\u00e1s 365","headline":"La incidencia de la gripe en Asturias desciende por segunda semana consecutiva","author":{"@id":"https:\/\/candas365.es\/noticias\/author\/admin\/#author"},"publisher":{"@id":"https:\/\/candas365.es\/noticias\/#organization"},"image":{"@type":"ImageObject","url":"https:\/\/candas365.es\/noticias\/wp-content\/uploads\/2014\/11\/cabue\u00f1es.jpg","width":360,"height":270},"datePublished":"2015-02-12T14:22:48+01:00","dateModified":"2015-02-12T14:22:48+01:00","inLanguage":"es-ES","mainEntityOfPage":{"@id":"https:\/\/candas365.es\/noticias\/la-incidencia-de-la-gripe-en-asturias-desciende-por-segunda-semana-consecutiva\/#webpage"},"isPartOf":{"@id":"https:\/\/candas365.es\/noticias\/la-incidencia-de-la-gripe-en-asturias-desciende-por-segunda-semana-consecutiva\/#webpage"},"articleSection":"Asturias","dateline":"Publicado el febrero 12, 2015."},{"@type":"Organization","@id":"https:\/\/candas365.es\/noticias\/#organization","name":"Cand\u00e1s 365","description":"Cand\u00e1s 365 es un diario digital independiente, fundado en 2012, con base en Asturias. Informamos con rigor sobre actualidad, sociedad, cultura y ocio, con una mirada local y global.","url":"https:\/\/candas365.es\/noticias\/","email":"info@candas365.es","telephone":"+34652131393","foundingDate":"2012-06-10","logo":{"@type":"ImageObject","url":"https:\/\/candas365.es\/noticias\/wp-content\/uploads\/2024\/09\/Candas-365-Redes.jpg","@id":"https:\/\/candas365.es\/noticias\/la-incidencia-de-la-gripe-en-asturias-desciende-por-segunda-semana-consecutiva\/#organizationLogo","width":1152,"height":864,"caption":"Cand\u00e1s 365 Redes"},"image":{"@id":"https:\/\/candas365.es\/noticias\/la-incidencia-de-la-gripe-en-asturias-desciende-por-segunda-semana-consecutiva\/#organizationLogo"},"sameAs":["https:\/\/www.facebook.com\/Nachofdezber","https:\/\/x.com\/NabercoDigital","https:\/\/www.instagram.com\/nachofdezber\/","https:\/\/www.youtube.com\/channel\/UCZP-2wLEB9Rv6erhFmqVnvg"],"address":{"@id":"https:\/\/candas365.es\/noticias\/#postaladdress","@type":"PostalAddress","streetAddress":"san antonio 4, san antonio 4","postalCode":"33430","addressLocality":"Cand\u00e1s","addressRegion":"Asturias","addressCountry":"ES"}},{"@type":"Person","@id":"https:\/\/candas365.es\/noticias\/author\/admin\/#author","url":"https:\/\/candas365.es\/noticias\/author\/admin\/","name":"Cand\u00e1s 365","image":{"@type":"ImageObject","@id":"https:\/\/candas365.es\/noticias\/la-incidencia-de-la-gripe-en-asturias-desciende-por-segunda-semana-consecutiva\/#authorImage","url":"https:\/\/secure.gravatar.com\/avatar\/496a8e03d0c493ede1718b7934145dbdf8d89be1036b0eec9544e1094c9de390?s=96&d=mm&r=g","width":96,"height":96,"caption":"Cand\u00e1s 365"},"sameAs":["https:\/\/www.facebook.com\/carrenoactualidad","https:\/\/twitter.com\/nbasturias","https:\/\/www.instagram.com\/nachofdezber\/","https:\/\/www.youtube.com\/channel\/UCZP-2wLEB9Rv6erhFmqVnvg"]},{"@type":"WebPage","@id":"https:\/\/candas365.es\/noticias\/la-incidencia-de-la-gripe-en-asturias-desciende-por-segunda-semana-consecutiva\/#webpage","url":"https:\/\/candas365.es\/noticias\/la-incidencia-de-la-gripe-en-asturias-desciende-por-segunda-semana-consecutiva\/","name":"La incidencia de la gripe en Asturias desciende por segunda semana consecutiva | Cand\u00e1s 365","description":"La tasa de incidencia de la gripe en Asturias en la sexta semana de 2015 se ha situado en 275 casos por cada cien mil habitantes, despu\u00e9s de haber alcanzando el pico de la onda epid\u00e9mica en la semana 4\/2015. La difusi\u00f3n sigue siendo epid\u00e9mica y la intensidad, media, y se espera que esta situaci\u00f3n","inLanguage":"es-ES","isPartOf":{"@id":"https:\/\/candas365.es\/noticias\/#website"},"breadcrumb":{"@id":"https:\/\/candas365.es\/noticias\/la-incidencia-de-la-gripe-en-asturias-desciende-por-segunda-semana-consecutiva\/#breadcrumblist"},"author":{"@id":"https:\/\/candas365.es\/noticias\/author\/admin\/#author"},"creator":{"@id":"https:\/\/candas365.es\/noticias\/author\/admin\/#author"},"image":{"@type":"ImageObject","url":"https:\/\/candas365.es\/noticias\/wp-content\/uploads\/2014\/11\/cabue\u00f1es.jpg","@id":"https:\/\/candas365.es\/noticias\/la-incidencia-de-la-gripe-en-asturias-desciende-por-segunda-semana-consecutiva\/#mainImage","width":360,"height":270},"primaryImageOfPage":{"@id":"https:\/\/candas365.es\/noticias\/la-incidencia-de-la-gripe-en-asturias-desciende-por-segunda-semana-consecutiva\/#mainImage"},"datePublished":"2015-02-12T14:22:48+01:00","dateModified":"2015-02-12T14:22:48+01:00"},{"@type":"WebSite","@id":"https:\/\/candas365.es\/noticias\/#website","url":"https:\/\/candas365.es\/noticias\/","name":"Cand\u00e1s 365","alternateName":"Cand\u00e1s 365 Noticias","description":"Actualidad desde Carre\u00f1o para el mundo","inLanguage":"es-ES","publisher":{"@id":"https:\/\/candas365.es\/noticias\/#organization"}}]},"og:locale":"es_ES","og:site_name":"Cand\u00e1s 365","og:type":"article","og:title":"La incidencia de la gripe en Asturias desciende por segunda semana consecutiva | Cand\u00e1s 365","og:description":"La tasa de incidencia de la gripe en Asturias en la sexta semana de 2015 se ha situado en 275 casos por cada cien mil habitantes, despu\u00e9s de haber alcanzando el pico de la onda epid\u00e9mica en la semana 4\/2015. La difusi\u00f3n sigue siendo epid\u00e9mica y la intensidad, media, y se espera que esta situaci\u00f3n","og:url":"https:\/\/candas365.es\/noticias\/la-incidencia-de-la-gripe-en-asturias-desciende-por-segunda-semana-consecutiva\/","og:image":"https:\/\/candas365.es\/noticias\/wp-content\/uploads\/2014\/11\/cabue\u00f1es.jpg","og:image:secure_url":"https:\/\/candas365.es\/noticias\/wp-content\/uploads\/2014\/11\/cabue\u00f1es.jpg","og:image:width":360,"og:image:height":270,"article:published_time":"2015-02-12T16:22:48+00:00","article:modified_time":"2015-02-12T16:22:48+00:00","article:publisher":"https:\/\/www.facebook.com\/Nachofdezber","article:author":"https:\/\/www.facebook.com\/carrenoactualidad","twitter:card":"summary_large_image","twitter:site":"@NabercoDigital","twitter:title":"La incidencia de la gripe en Asturias desciende por segunda semana consecutiva | Cand\u00e1s 365","twitter:description":"La tasa de incidencia de la gripe en Asturias en la sexta semana de 2015 se ha situado en 275 casos por cada cien mil habitantes, despu\u00e9s de haber alcanzando el pico de la onda epid\u00e9mica en la semana 4\/2015. La difusi\u00f3n sigue siendo epid\u00e9mica y la intensidad, media, y se espera que esta situaci\u00f3n","twitter:creator":"@nbasturias","twitter:image":"https:\/\/candas365.es\/noticias\/wp-content\/uploads\/2014\/11\/cabue\u00f1es.jpg","twitter:label1":"Escrito por","twitter:data1":"Cand\u00e1s 365","twitter:label2":"Tiempo de lectura estimado","twitter:data2":"3 minutos"},"aioseo_meta_data":{"post_id":"7098","title":null,"description":null,"keywords":null,"keyphrases":null,"primary_term":null,"canonical_url":null,"og_title":null,"og_description":null,"og_object_type":"default","og_image_type":"default","og_image_url":null,"og_image_width":null,"og_image_height":null,"og_image_custom_url":null,"og_image_custom_fields":null,"og_video":null,"og_custom_url":null,"og_article_section":null,"og_article_tags":null,"twitter_use_og":false,"twitter_card":"default","twitter_image_type":"default","twitter_image_url":null,"twitter_image_custom_url":null,"twitter_image_custom_fields":null,"twitter_title":null,"twitter_description":null,"schema":{"blockGraphs":[],"customGraphs":[],"default":{"data":{"Article":[],"Course":[],"Dataset":[],"FAQPage":[],"Movie":[],"Person":[],"Product":[],"ProductReview":[],"Car":[],"Recipe":[],"Service":[],"SoftwareApplication":[],"WebPage":[]},"graphName":"","isEnabled":true},"graphs":[]},"schema_type":null,"schema_type_options":null,"pillar_content":false,"robots_default":true,"robots_noindex":false,"robots_noarchive":false,"robots_nosnippet":false,"robots_nofollow":false,"robots_noimageindex":false,"robots_noodp":false,"robots_notranslate":false,"robots_max_snippet":null,"robots_max_videopreview":null,"robots_max_imagepreview":"large","priority":null,"frequency":null,"location":null,"local_seo":null,"seo_analyzer_scan_date":"2025-08-23 04:55:19","breadcrumb_settings":null,"limit_modified_date":false,"reviewed_by":null,"open_ai":null,"ai":null,"created":"2020-12-21 10:54:35","updated":"2025-08-23 04:55:19"},"aioseo_breadcrumb":"<div class=\"aioseo-breadcrumbs\"><span class=\"aioseo-breadcrumb\">\n\t<a href=\"https:\/\/candas365.es\/noticias\" title=\"Home\">Home<\/a>\n<\/span><span class=\"aioseo-breadcrumb-separator\">&ndash;<\/span><span class=\"aioseo-breadcrumb\">\n\t<a href=\"https:\/\/candas365.es\/noticias\/category\/asturias\/\" title=\"Asturias\">Asturias<\/a>\n<\/span><span class=\"aioseo-breadcrumb-separator\">&ndash;<\/span><span class=\"aioseo-breadcrumb\">\n\tLa incidencia de la gripe en Asturias desciende por segunda semana consecutiva\n<\/span><\/div>","aioseo_breadcrumb_json":[{"label":"Home","link":"https:\/\/candas365.es\/noticias"},{"label":"Asturias","link":"https:\/\/candas365.es\/noticias\/category\/asturias\/"},{"label":"La incidencia de la gripe en Asturias desciende por segunda semana consecutiva","link":"https:\/\/candas365.es\/noticias\/la-incidencia-de-la-gripe-en-asturias-desciende-por-segunda-semana-consecutiva\/"}],"_links":{"self":[{"href":"https:\/\/candas365.es\/noticias\/wp-json\/wp\/v2\/posts\/7098","targetHints":{"allow":["GET"]}}],"collection":[{"href":"https:\/\/candas365.es\/noticias\/wp-json\/wp\/v2\/posts"}],"about":[{"href":"https:\/\/candas365.es\/noticias\/wp-json\/wp\/v2\/types\/post"}],"author":[{"embeddable":true,"href":"https:\/\/candas365.es\/noticias\/wp-json\/wp\/v2\/users\/1"}],"replies":[{"embeddable":true,"href":"https:\/\/candas365.es\/noticias\/wp-json\/wp\/v2\/comments?post=7098"}],"version-history":[{"count":0,"href":"https:\/\/candas365.es\/noticias\/wp-json\/wp\/v2\/posts\/7098\/revisions"}],"wp:featuredmedia":[{"embeddable":true,"href":"https:\/\/candas365.es\/noticias\/wp-json\/wp\/v2\/media\/5347"}],"wp:attachment":[{"href":"https:\/\/candas365.es\/noticias\/wp-json\/wp\/v2\/media?parent=7098"}],"wp:term":[{"taxonomy":"category","embeddable":true,"href":"https:\/\/candas365.es\/noticias\/wp-json\/wp\/v2\/categories?post=7098"},{"taxonomy":"post_tag","embeddable":true,"href":"https:\/\/candas365.es\/noticias\/wp-json\/wp\/v2\/tags?post=7098"}],"curies":[{"name":"wp","href":"https:\/\/api.w.org\/{rel}","templated":true}]}}