{"id":7044,"date":"2015-02-11T12:26:32","date_gmt":"2015-02-11T14:26:32","guid":{"rendered":"http:\/\/candas365.es\/noticias\/?p=7044"},"modified":"2015-02-11T12:26:32","modified_gmt":"2015-02-11T14:26:32","slug":"ahuja-fomento-pretende-agilizar-la-integracion-ferroviara-en-gijon","status":"publish","type":"post","link":"https:\/\/candas365.es\/noticias\/ahuja-fomento-pretende-agilizar-la-integracion-ferroviara-en-gijon\/","title":{"rendered":"Ah\u00faja \u201cFomento pretende agilizar la integraci\u00f3n ferroviara en Gij\u00f3n\u201d"},"content":{"rendered":"<p><img fetchpriority=\"high\" decoding=\"async\" class=\"alignleft size-medium wp-image-508\" src=\"https:\/\/candas365.es\/noticias\/wp-content\/uploads\/2014\/09\/gijon3-360x270.jpg\" alt=\"gijon3\" width=\"360\" height=\"270\" srcset=\"https:\/\/candas365.es\/noticias\/wp-content\/uploads\/2014\/09\/gijon3.jpg 360w, https:\/\/candas365.es\/noticias\/wp-content\/uploads\/2014\/09\/gijon3-150x113.jpg 150w, https:\/\/candas365.es\/noticias\/wp-content\/uploads\/2014\/09\/gijon3-80x60.jpg 80w, https:\/\/candas365.es\/noticias\/wp-content\/uploads\/2014\/09\/gijon3-265x198.jpg 265w, https:\/\/candas365.es\/noticias\/wp-content\/uploads\/2014\/09\/gijon3-90x67.jpg 90w\" sizes=\"(max-width: 360px) 100vw, 360px\" \/>La diputada nacional del Partido Popular por Asturias \u00c1ngeles Fern\u00e1ndez-Ah\u00faja se ha reunido esta ma\u00f1ana con el secretario general de Infraestructuras, Manuel Ni\u00f1o, quien le ha trasladado \u201cel compromiso\u201d del Ministerio de Fomento de agilizar la integraci\u00f3n ferroviaria en Gij\u00f3n.<\/p>\n<p>En el encuentro, celebrado en la sede del Ministerio de Fomento y al que han asistido tambi\u00e9n otros responsables de Adif y del ministerio que dirige Ana Pastor, Manuel Ni\u00f1o ha dado instrucciones para que se acelere la venta de la primera parcela del plan de v\u00edas y esta operaci\u00f3n pueda estar concluida en los pr\u00f3ximos meses, para continuar as\u00ed con el calendario del proyecto. Un proyecto para el que, seg\u00fan ha expuesto el secretario general de Infraestructuras, se apuesta por recuperar la centralidad del tren.<\/p>\n<p>Fern\u00e1ndez-Ah\u00faja ha defendido tambi\u00e9n la necesidad de la prolongaci\u00f3n del metrotr\u00e9n hasta Cabue\u00f1es, \u201cteniendo en cuenta los equipamientos que existen en la zona Este de la ciudad, como el Hospital, el Tanatorio, el Jard\u00edn Bot\u00e1nico, el Parque Cient\u00edfico y Tecnol\u00f3gico y la Universidad Laboral\u201d.<\/p>\n<p>Asimismo, Ni\u00f1o ha informado a la diputada popular y consejera de Gij\u00f3n Al Norte sobre el planteamiento de Fomento de suscribir este mismo a\u00f1o un nuevo convenio entre las tres administraciones, que sustituya al de 2002 e incluya las alternativas y soluciones que se puedan aportar para el desarrollo del plan de v\u00edas.<\/p>\n<p>Seg\u00fan la diputada nacional, \u201cla intenci\u00f3n del Gobierno del Partido Popular es claramente constructiva. Se trata de no convertir este proyecto, que es el principal reto pendiente que tenemos en Gij\u00f3n, en un viaje a ninguna parte. Al contrario, la idea es agilizar un desarrollo realista y el mejor posible para esta ciudad\u201d.<\/p>\n<p>En la reuni\u00f3n en Fomento tambi\u00e9n se abordaron otros asuntos, como los accesos a El Musel. Ni\u00f1o inform\u00f3 de que se van a utilizar fondos CEF (\u2018Conectar Europa\u2019) para licitar los viales de Lloreda y Jove en el segundo semestre de este a\u00f1o.<\/p>\n<p>Respecto a la variante de Pajares, el responsable del Ministerio de Fomento tambi\u00e9n confirm\u00f3 a Fern\u00e1ndez-Ah\u00faja las previsiones del Gobierno del PP para su puesta en marcha en este mismo ejercicio<\/p>\n","protected":false},"excerpt":{"rendered":"<p>La diputada nacional del Partido Popular por Asturias \u00c1ngeles Fern\u00e1ndez-Ah\u00faja se ha reunido esta ma\u00f1ana con el secretario general de Infraestructuras, Manuel Ni\u00f1o, quien le ha trasladado \u201cel compromiso\u201d del Ministerio de Fomento de agilizar la integraci\u00f3n ferroviaria en Gij\u00f3n. En el encuentro, celebrado en la sede del Ministerio de Fomento y al que han<\/p>\n","protected":false},"author":1,"featured_media":508,"comment_status":"open","ping_status":"closed","sticky":false,"template":"","format":"standard","meta":{"footnotes":""},"categories":[7],"tags":[],"class_list":{"0":"post-7044","1":"post","2":"type-post","3":"status-publish","4":"format-standard","5":"has-post-thumbnail","7":"category-asturias"},"aioseo_notices":[],"aioseo_head":"\n\t\t<!-- All in One SEO Pro 4.9.6.2 - aioseo.com -->\n\t<meta name=\"description\" content=\"La diputada nacional del Partido Popular por Asturias \u00c1ngeles Fern\u00e1ndez-Ah\u00faja se ha reunido esta ma\u00f1ana con el secretario general de Infraestructuras, Manuel Ni\u00f1o, quien le ha trasladado \u201cel compromiso\u201d del Ministerio de Fomento de agilizar la integraci\u00f3n ferroviaria en Gij\u00f3n. En el encuentro, celebrado en la sede del Ministerio de Fomento y al que han\" \/>\n\t<meta name=\"robots\" content=\"max-image-preview:large\" \/>\n\t<meta name=\"author\" content=\"Cand\u00e1s 365\"\/>\n\t<meta name=\"google-site-verification\" content=\"UA-32230408-1\" \/>\n\t<meta name=\"msvalidate.01\" content=\"354F3CDFB2DA171B47FBE9ABF1F88D5\" \/>\n\t<meta name=\"keywords\" content=\"asturias\" \/>\n\t<link rel=\"canonical\" href=\"https:\/\/candas365.es\/noticias\/ahuja-fomento-pretende-agilizar-la-integracion-ferroviara-en-gijon\/\" \/>\n\t<meta name=\"generator\" content=\"All in One SEO Pro (AIOSEO) 4.9.6.2\" \/>\n\t\t<meta property=\"og:locale\" content=\"es_ES\" \/>\n\t\t<meta property=\"og:site_name\" content=\"Cand\u00e1s 365\" \/>\n\t\t<meta property=\"og:type\" content=\"article\" \/>\n\t\t<meta property=\"og:title\" content=\"Ah\u00faja \u201cFomento pretende agilizar la integraci\u00f3n ferroviara en Gij\u00f3n\u201d | Cand\u00e1s 365\" \/>\n\t\t<meta property=\"og:description\" content=\"La diputada nacional del Partido Popular por Asturias \u00c1ngeles Fern\u00e1ndez-Ah\u00faja se ha reunido esta ma\u00f1ana con el secretario general de Infraestructuras, Manuel Ni\u00f1o, quien le ha trasladado \u201cel compromiso\u201d del Ministerio de Fomento de agilizar la integraci\u00f3n ferroviaria en Gij\u00f3n. En el encuentro, celebrado en la sede del Ministerio de Fomento y al que han\" \/>\n\t\t<meta property=\"og:url\" content=\"https:\/\/candas365.es\/noticias\/ahuja-fomento-pretende-agilizar-la-integracion-ferroviara-en-gijon\/\" \/>\n\t\t<meta property=\"og:image\" content=\"https:\/\/candas365.es\/noticias\/wp-content\/uploads\/2014\/09\/gijon3.jpg\" \/>\n\t\t<meta property=\"og:image:secure_url\" content=\"https:\/\/candas365.es\/noticias\/wp-content\/uploads\/2014\/09\/gijon3.jpg\" \/>\n\t\t<meta property=\"og:image:width\" content=\"360\" \/>\n\t\t<meta property=\"og:image:height\" content=\"270\" \/>\n\t\t<meta property=\"article:published_time\" content=\"2015-02-11T14:26:32+00:00\" \/>\n\t\t<meta property=\"article:modified_time\" content=\"2015-02-11T14:26:32+00:00\" \/>\n\t\t<meta property=\"article:publisher\" content=\"https:\/\/www.facebook.com\/Nachofdezber\" \/>\n\t\t<meta property=\"article:author\" content=\"https:\/\/www.facebook.com\/carrenoactualidad\" \/>\n\t\t<meta name=\"twitter:card\" content=\"summary_large_image\" \/>\n\t\t<meta name=\"twitter:site\" content=\"@NabercoDigital\" \/>\n\t\t<meta name=\"twitter:title\" content=\"Ah\u00faja \u201cFomento pretende agilizar la integraci\u00f3n ferroviara en Gij\u00f3n\u201d | Cand\u00e1s 365\" \/>\n\t\t<meta name=\"twitter:description\" content=\"La diputada nacional del Partido Popular por Asturias \u00c1ngeles Fern\u00e1ndez-Ah\u00faja se ha reunido esta ma\u00f1ana con el secretario general de Infraestructuras, Manuel Ni\u00f1o, quien le ha trasladado \u201cel compromiso\u201d del Ministerio de Fomento de agilizar la integraci\u00f3n ferroviaria en Gij\u00f3n. En el encuentro, celebrado en la sede del Ministerio de Fomento y al que han\" \/>\n\t\t<meta name=\"twitter:creator\" content=\"@nbasturias\" \/>\n\t\t<meta name=\"twitter:image\" content=\"https:\/\/candas365.es\/noticias\/wp-content\/uploads\/2014\/09\/gijon3.jpg\" \/>\n\t\t<meta name=\"twitter:label1\" content=\"Escrito por\" \/>\n\t\t<meta name=\"twitter:data1\" content=\"Cand\u00e1s 365\" \/>\n\t\t<meta name=\"twitter:label2\" content=\"Tiempo de lectura estimado\" \/>\n\t\t<meta name=\"twitter:data2\" content=\"2 minutos\" \/>\n\t\t<script type=\"application\/ld+json\" class=\"aioseo-schema\">\n\t\t\t{\"@context\":\"https:\\\/\\\/schema.org\",\"@graph\":[{\"@type\":\"BreadcrumbList\",\"@id\":\"https:\\\/\\\/candas365.es\\\/noticias\\\/ahuja-fomento-pretende-agilizar-la-integracion-ferroviara-en-gijon\\\/#breadcrumblist\",\"itemListElement\":[{\"@type\":\"ListItem\",\"@id\":\"https:\\\/\\\/candas365.es\\\/noticias#listItem\",\"position\":1,\"name\":\"Home\",\"item\":\"https:\\\/\\\/candas365.es\\\/noticias\",\"nextItem\":{\"@type\":\"ListItem\",\"@id\":\"https:\\\/\\\/candas365.es\\\/noticias\\\/category\\\/asturias\\\/#listItem\",\"name\":\"Asturias\"}},{\"@type\":\"ListItem\",\"@id\":\"https:\\\/\\\/candas365.es\\\/noticias\\\/category\\\/asturias\\\/#listItem\",\"position\":2,\"name\":\"Asturias\",\"item\":\"https:\\\/\\\/candas365.es\\\/noticias\\\/category\\\/asturias\\\/\",\"nextItem\":{\"@type\":\"ListItem\",\"@id\":\"https:\\\/\\\/candas365.es\\\/noticias\\\/ahuja-fomento-pretende-agilizar-la-integracion-ferroviara-en-gijon\\\/#listItem\",\"name\":\"Ah\\u00faja \\u201cFomento pretende agilizar la integraci\\u00f3n ferroviara en Gij\\u00f3n\\u201d\"},\"previousItem\":{\"@type\":\"ListItem\",\"@id\":\"https:\\\/\\\/candas365.es\\\/noticias#listItem\",\"name\":\"Home\"}},{\"@type\":\"ListItem\",\"@id\":\"https:\\\/\\\/candas365.es\\\/noticias\\\/ahuja-fomento-pretende-agilizar-la-integracion-ferroviara-en-gijon\\\/#listItem\",\"position\":3,\"name\":\"Ah\\u00faja \\u201cFomento pretende agilizar la integraci\\u00f3n ferroviara en Gij\\u00f3n\\u201d\",\"previousItem\":{\"@type\":\"ListItem\",\"@id\":\"https:\\\/\\\/candas365.es\\\/noticias\\\/category\\\/asturias\\\/#listItem\",\"name\":\"Asturias\"}}]},{\"@type\":\"NewsArticle\",\"@id\":\"https:\\\/\\\/candas365.es\\\/noticias\\\/ahuja-fomento-pretende-agilizar-la-integracion-ferroviara-en-gijon\\\/#newsarticle\",\"name\":\"Ah\\u00faja \\u201cFomento pretende agilizar la integraci\\u00f3n ferroviara en Gij\\u00f3n\\u201d | Cand\\u00e1s 365\",\"headline\":\"Ah\\u00faja \\u201cFomento pretende agilizar la integraci\\u00f3n ferroviara en Gij\\u00f3n\\u201d\",\"author\":{\"@id\":\"https:\\\/\\\/candas365.es\\\/noticias\\\/author\\\/admin\\\/#author\"},\"publisher\":{\"@id\":\"https:\\\/\\\/candas365.es\\\/noticias\\\/#organization\"},\"image\":{\"@type\":\"ImageObject\",\"url\":\"https:\\\/\\\/candas365.es\\\/noticias\\\/wp-content\\\/uploads\\\/2014\\\/09\\\/gijon3.jpg\",\"width\":360,\"height\":270},\"datePublished\":\"2015-02-11T12:26:32+01:00\",\"dateModified\":\"2015-02-11T12:26:32+01:00\",\"inLanguage\":\"es-ES\",\"mainEntityOfPage\":{\"@id\":\"https:\\\/\\\/candas365.es\\\/noticias\\\/ahuja-fomento-pretende-agilizar-la-integracion-ferroviara-en-gijon\\\/#webpage\"},\"isPartOf\":{\"@id\":\"https:\\\/\\\/candas365.es\\\/noticias\\\/ahuja-fomento-pretende-agilizar-la-integracion-ferroviara-en-gijon\\\/#webpage\"},\"articleSection\":\"Asturias\",\"dateline\":\"Publicado el febrero 11, 2015.\"},{\"@type\":\"Organization\",\"@id\":\"https:\\\/\\\/candas365.es\\\/noticias\\\/#organization\",\"name\":\"Cand\\u00e1s 365\",\"description\":\"Cand\\u00e1s 365 es un diario digital independiente, fundado en 2012, con base en Asturias. Informamos con rigor sobre actualidad, sociedad, cultura y ocio, con una mirada local y global.\",\"url\":\"https:\\\/\\\/candas365.es\\\/noticias\\\/\",\"email\":\"info@candas365.es\",\"telephone\":\"+34652131393\",\"foundingDate\":\"2012-06-10\",\"logo\":{\"@type\":\"ImageObject\",\"url\":\"https:\\\/\\\/candas365.es\\\/noticias\\\/wp-content\\\/uploads\\\/2024\\\/09\\\/Candas-365-Redes.jpg\",\"@id\":\"https:\\\/\\\/candas365.es\\\/noticias\\\/ahuja-fomento-pretende-agilizar-la-integracion-ferroviara-en-gijon\\\/#organizationLogo\",\"width\":1152,\"height\":864,\"caption\":\"Cand\\u00e1s 365 Redes\"},\"image\":{\"@id\":\"https:\\\/\\\/candas365.es\\\/noticias\\\/ahuja-fomento-pretende-agilizar-la-integracion-ferroviara-en-gijon\\\/#organizationLogo\"},\"sameAs\":[\"https:\\\/\\\/www.facebook.com\\\/Nachofdezber\",\"https:\\\/\\\/x.com\\\/NabercoDigital\",\"https:\\\/\\\/www.instagram.com\\\/nachofdezber\\\/\",\"https:\\\/\\\/www.youtube.com\\\/channel\\\/UCZP-2wLEB9Rv6erhFmqVnvg\"],\"address\":{\"@id\":\"https:\\\/\\\/candas365.es\\\/noticias\\\/#postaladdress\",\"@type\":\"PostalAddress\",\"streetAddress\":\"san antonio 4, san antonio 4\",\"postalCode\":\"33430\",\"addressLocality\":\"Cand\\u00e1s\",\"addressRegion\":\"Asturias\",\"addressCountry\":\"ES\"}},{\"@type\":\"Person\",\"@id\":\"https:\\\/\\\/candas365.es\\\/noticias\\\/author\\\/admin\\\/#author\",\"url\":\"https:\\\/\\\/candas365.es\\\/noticias\\\/author\\\/admin\\\/\",\"name\":\"Cand\\u00e1s 365\",\"image\":{\"@type\":\"ImageObject\",\"@id\":\"https:\\\/\\\/candas365.es\\\/noticias\\\/ahuja-fomento-pretende-agilizar-la-integracion-ferroviara-en-gijon\\\/#authorImage\",\"url\":\"https:\\\/\\\/secure.gravatar.com\\\/avatar\\\/496a8e03d0c493ede1718b7934145dbdf8d89be1036b0eec9544e1094c9de390?s=96&d=mm&r=g\",\"width\":96,\"height\":96,\"caption\":\"Cand\\u00e1s 365\"},\"sameAs\":[\"https:\\\/\\\/www.facebook.com\\\/carrenoactualidad\",\"https:\\\/\\\/twitter.com\\\/nbasturias\",\"https:\\\/\\\/www.instagram.com\\\/nachofdezber\\\/\",\"https:\\\/\\\/www.youtube.com\\\/channel\\\/UCZP-2wLEB9Rv6erhFmqVnvg\"]},{\"@type\":\"WebPage\",\"@id\":\"https:\\\/\\\/candas365.es\\\/noticias\\\/ahuja-fomento-pretende-agilizar-la-integracion-ferroviara-en-gijon\\\/#webpage\",\"url\":\"https:\\\/\\\/candas365.es\\\/noticias\\\/ahuja-fomento-pretende-agilizar-la-integracion-ferroviara-en-gijon\\\/\",\"name\":\"Ah\\u00faja \\u201cFomento pretende agilizar la integraci\\u00f3n ferroviara en Gij\\u00f3n\\u201d | Cand\\u00e1s 365\",\"description\":\"La diputada nacional del Partido Popular por Asturias \\u00c1ngeles Fern\\u00e1ndez-Ah\\u00faja se ha reunido esta ma\\u00f1ana con el secretario general de Infraestructuras, Manuel Ni\\u00f1o, quien le ha trasladado \\u201cel compromiso\\u201d del Ministerio de Fomento de agilizar la integraci\\u00f3n ferroviaria en Gij\\u00f3n. En el encuentro, celebrado en la sede del Ministerio de Fomento y al que han\",\"inLanguage\":\"es-ES\",\"isPartOf\":{\"@id\":\"https:\\\/\\\/candas365.es\\\/noticias\\\/#website\"},\"breadcrumb\":{\"@id\":\"https:\\\/\\\/candas365.es\\\/noticias\\\/ahuja-fomento-pretende-agilizar-la-integracion-ferroviara-en-gijon\\\/#breadcrumblist\"},\"author\":{\"@id\":\"https:\\\/\\\/candas365.es\\\/noticias\\\/author\\\/admin\\\/#author\"},\"creator\":{\"@id\":\"https:\\\/\\\/candas365.es\\\/noticias\\\/author\\\/admin\\\/#author\"},\"image\":{\"@type\":\"ImageObject\",\"url\":\"https:\\\/\\\/candas365.es\\\/noticias\\\/wp-content\\\/uploads\\\/2014\\\/09\\\/gijon3.jpg\",\"@id\":\"https:\\\/\\\/candas365.es\\\/noticias\\\/ahuja-fomento-pretende-agilizar-la-integracion-ferroviara-en-gijon\\\/#mainImage\",\"width\":360,\"height\":270},\"primaryImageOfPage\":{\"@id\":\"https:\\\/\\\/candas365.es\\\/noticias\\\/ahuja-fomento-pretende-agilizar-la-integracion-ferroviara-en-gijon\\\/#mainImage\"},\"datePublished\":\"2015-02-11T12:26:32+01:00\",\"dateModified\":\"2015-02-11T12:26:32+01:00\"},{\"@type\":\"WebSite\",\"@id\":\"https:\\\/\\\/candas365.es\\\/noticias\\\/#website\",\"url\":\"https:\\\/\\\/candas365.es\\\/noticias\\\/\",\"name\":\"Cand\\u00e1s 365\",\"alternateName\":\"Cand\\u00e1s 365 Noticias\",\"description\":\"Actualidad desde Carre\\u00f1o para el mundo\",\"inLanguage\":\"es-ES\",\"publisher\":{\"@id\":\"https:\\\/\\\/candas365.es\\\/noticias\\\/#organization\"}}]}\n\t\t<\/script>\n\t\t<!-- All in One SEO Pro -->\r\n\t\t<title>Ah\u00faja \u201cFomento pretende agilizar la integraci\u00f3n ferroviara en Gij\u00f3n\u201d | Cand\u00e1s 365<\/title>\n\n","aioseo_head_json":{"title":"Ah\u00faja \u201cFomento pretende agilizar la integraci\u00f3n ferroviara en Gij\u00f3n\u201d | Cand\u00e1s 365","description":"La diputada nacional del Partido Popular por Asturias \u00c1ngeles Fern\u00e1ndez-Ah\u00faja se ha reunido esta ma\u00f1ana con el secretario general de Infraestructuras, Manuel Ni\u00f1o, quien le ha trasladado \u201cel compromiso\u201d del Ministerio de Fomento de agilizar la integraci\u00f3n ferroviaria en Gij\u00f3n. En el encuentro, celebrado en la sede del Ministerio de Fomento y al que han","canonical_url":"https:\/\/candas365.es\/noticias\/ahuja-fomento-pretende-agilizar-la-integracion-ferroviara-en-gijon\/","robots":"max-image-preview:large","keywords":"asturias","webmasterTools":{"google-site-verification":"UA-32230408-1","msvalidate.01":"354F3CDFB2DA171B47FBE9ABF1F88D5","miscellaneous":""},"schema":{"@context":"https:\/\/schema.org","@graph":[{"@type":"BreadcrumbList","@id":"https:\/\/candas365.es\/noticias\/ahuja-fomento-pretende-agilizar-la-integracion-ferroviara-en-gijon\/#breadcrumblist","itemListElement":[{"@type":"ListItem","@id":"https:\/\/candas365.es\/noticias#listItem","position":1,"name":"Home","item":"https:\/\/candas365.es\/noticias","nextItem":{"@type":"ListItem","@id":"https:\/\/candas365.es\/noticias\/category\/asturias\/#listItem","name":"Asturias"}},{"@type":"ListItem","@id":"https:\/\/candas365.es\/noticias\/category\/asturias\/#listItem","position":2,"name":"Asturias","item":"https:\/\/candas365.es\/noticias\/category\/asturias\/","nextItem":{"@type":"ListItem","@id":"https:\/\/candas365.es\/noticias\/ahuja-fomento-pretende-agilizar-la-integracion-ferroviara-en-gijon\/#listItem","name":"Ah\u00faja \u201cFomento pretende agilizar la integraci\u00f3n ferroviara en Gij\u00f3n\u201d"},"previousItem":{"@type":"ListItem","@id":"https:\/\/candas365.es\/noticias#listItem","name":"Home"}},{"@type":"ListItem","@id":"https:\/\/candas365.es\/noticias\/ahuja-fomento-pretende-agilizar-la-integracion-ferroviara-en-gijon\/#listItem","position":3,"name":"Ah\u00faja \u201cFomento pretende agilizar la integraci\u00f3n ferroviara en Gij\u00f3n\u201d","previousItem":{"@type":"ListItem","@id":"https:\/\/candas365.es\/noticias\/category\/asturias\/#listItem","name":"Asturias"}}]},{"@type":"NewsArticle","@id":"https:\/\/candas365.es\/noticias\/ahuja-fomento-pretende-agilizar-la-integracion-ferroviara-en-gijon\/#newsarticle","name":"Ah\u00faja \u201cFomento pretende agilizar la integraci\u00f3n ferroviara en Gij\u00f3n\u201d | Cand\u00e1s 365","headline":"Ah\u00faja \u201cFomento pretende agilizar la integraci\u00f3n ferroviara en Gij\u00f3n\u201d","author":{"@id":"https:\/\/candas365.es\/noticias\/author\/admin\/#author"},"publisher":{"@id":"https:\/\/candas365.es\/noticias\/#organization"},"image":{"@type":"ImageObject","url":"https:\/\/candas365.es\/noticias\/wp-content\/uploads\/2014\/09\/gijon3.jpg","width":360,"height":270},"datePublished":"2015-02-11T12:26:32+01:00","dateModified":"2015-02-11T12:26:32+01:00","inLanguage":"es-ES","mainEntityOfPage":{"@id":"https:\/\/candas365.es\/noticias\/ahuja-fomento-pretende-agilizar-la-integracion-ferroviara-en-gijon\/#webpage"},"isPartOf":{"@id":"https:\/\/candas365.es\/noticias\/ahuja-fomento-pretende-agilizar-la-integracion-ferroviara-en-gijon\/#webpage"},"articleSection":"Asturias","dateline":"Publicado el febrero 11, 2015."},{"@type":"Organization","@id":"https:\/\/candas365.es\/noticias\/#organization","name":"Cand\u00e1s 365","description":"Cand\u00e1s 365 es un diario digital independiente, fundado en 2012, con base en Asturias. Informamos con rigor sobre actualidad, sociedad, cultura y ocio, con una mirada local y global.","url":"https:\/\/candas365.es\/noticias\/","email":"info@candas365.es","telephone":"+34652131393","foundingDate":"2012-06-10","logo":{"@type":"ImageObject","url":"https:\/\/candas365.es\/noticias\/wp-content\/uploads\/2024\/09\/Candas-365-Redes.jpg","@id":"https:\/\/candas365.es\/noticias\/ahuja-fomento-pretende-agilizar-la-integracion-ferroviara-en-gijon\/#organizationLogo","width":1152,"height":864,"caption":"Cand\u00e1s 365 Redes"},"image":{"@id":"https:\/\/candas365.es\/noticias\/ahuja-fomento-pretende-agilizar-la-integracion-ferroviara-en-gijon\/#organizationLogo"},"sameAs":["https:\/\/www.facebook.com\/Nachofdezber","https:\/\/x.com\/NabercoDigital","https:\/\/www.instagram.com\/nachofdezber\/","https:\/\/www.youtube.com\/channel\/UCZP-2wLEB9Rv6erhFmqVnvg"],"address":{"@id":"https:\/\/candas365.es\/noticias\/#postaladdress","@type":"PostalAddress","streetAddress":"san antonio 4, san antonio 4","postalCode":"33430","addressLocality":"Cand\u00e1s","addressRegion":"Asturias","addressCountry":"ES"}},{"@type":"Person","@id":"https:\/\/candas365.es\/noticias\/author\/admin\/#author","url":"https:\/\/candas365.es\/noticias\/author\/admin\/","name":"Cand\u00e1s 365","image":{"@type":"ImageObject","@id":"https:\/\/candas365.es\/noticias\/ahuja-fomento-pretende-agilizar-la-integracion-ferroviara-en-gijon\/#authorImage","url":"https:\/\/secure.gravatar.com\/avatar\/496a8e03d0c493ede1718b7934145dbdf8d89be1036b0eec9544e1094c9de390?s=96&d=mm&r=g","width":96,"height":96,"caption":"Cand\u00e1s 365"},"sameAs":["https:\/\/www.facebook.com\/carrenoactualidad","https:\/\/twitter.com\/nbasturias","https:\/\/www.instagram.com\/nachofdezber\/","https:\/\/www.youtube.com\/channel\/UCZP-2wLEB9Rv6erhFmqVnvg"]},{"@type":"WebPage","@id":"https:\/\/candas365.es\/noticias\/ahuja-fomento-pretende-agilizar-la-integracion-ferroviara-en-gijon\/#webpage","url":"https:\/\/candas365.es\/noticias\/ahuja-fomento-pretende-agilizar-la-integracion-ferroviara-en-gijon\/","name":"Ah\u00faja \u201cFomento pretende agilizar la integraci\u00f3n ferroviara en Gij\u00f3n\u201d | Cand\u00e1s 365","description":"La diputada nacional del Partido Popular por Asturias \u00c1ngeles Fern\u00e1ndez-Ah\u00faja se ha reunido esta ma\u00f1ana con el secretario general de Infraestructuras, Manuel Ni\u00f1o, quien le ha trasladado \u201cel compromiso\u201d del Ministerio de Fomento de agilizar la integraci\u00f3n ferroviaria en Gij\u00f3n. En el encuentro, celebrado en la sede del Ministerio de Fomento y al que han","inLanguage":"es-ES","isPartOf":{"@id":"https:\/\/candas365.es\/noticias\/#website"},"breadcrumb":{"@id":"https:\/\/candas365.es\/noticias\/ahuja-fomento-pretende-agilizar-la-integracion-ferroviara-en-gijon\/#breadcrumblist"},"author":{"@id":"https:\/\/candas365.es\/noticias\/author\/admin\/#author"},"creator":{"@id":"https:\/\/candas365.es\/noticias\/author\/admin\/#author"},"image":{"@type":"ImageObject","url":"https:\/\/candas365.es\/noticias\/wp-content\/uploads\/2014\/09\/gijon3.jpg","@id":"https:\/\/candas365.es\/noticias\/ahuja-fomento-pretende-agilizar-la-integracion-ferroviara-en-gijon\/#mainImage","width":360,"height":270},"primaryImageOfPage":{"@id":"https:\/\/candas365.es\/noticias\/ahuja-fomento-pretende-agilizar-la-integracion-ferroviara-en-gijon\/#mainImage"},"datePublished":"2015-02-11T12:26:32+01:00","dateModified":"2015-02-11T12:26:32+01:00"},{"@type":"WebSite","@id":"https:\/\/candas365.es\/noticias\/#website","url":"https:\/\/candas365.es\/noticias\/","name":"Cand\u00e1s 365","alternateName":"Cand\u00e1s 365 Noticias","description":"Actualidad desde Carre\u00f1o para el mundo","inLanguage":"es-ES","publisher":{"@id":"https:\/\/candas365.es\/noticias\/#organization"}}]},"og:locale":"es_ES","og:site_name":"Cand\u00e1s 365","og:type":"article","og:title":"Ah\u00faja \u201cFomento pretende agilizar la integraci\u00f3n ferroviara en Gij\u00f3n\u201d | Cand\u00e1s 365","og:description":"La diputada nacional del Partido Popular por Asturias \u00c1ngeles Fern\u00e1ndez-Ah\u00faja se ha reunido esta ma\u00f1ana con el secretario general de Infraestructuras, Manuel Ni\u00f1o, quien le ha trasladado \u201cel compromiso\u201d del Ministerio de Fomento de agilizar la integraci\u00f3n ferroviaria en Gij\u00f3n. En el encuentro, celebrado en la sede del Ministerio de Fomento y al que han","og:url":"https:\/\/candas365.es\/noticias\/ahuja-fomento-pretende-agilizar-la-integracion-ferroviara-en-gijon\/","og:image":"https:\/\/candas365.es\/noticias\/wp-content\/uploads\/2014\/09\/gijon3.jpg","og:image:secure_url":"https:\/\/candas365.es\/noticias\/wp-content\/uploads\/2014\/09\/gijon3.jpg","og:image:width":360,"og:image:height":270,"article:published_time":"2015-02-11T14:26:32+00:00","article:modified_time":"2015-02-11T14:26:32+00:00","article:publisher":"https:\/\/www.facebook.com\/Nachofdezber","article:author":"https:\/\/www.facebook.com\/carrenoactualidad","twitter:card":"summary_large_image","twitter:site":"@NabercoDigital","twitter:title":"Ah\u00faja \u201cFomento pretende agilizar la integraci\u00f3n ferroviara en Gij\u00f3n\u201d | Cand\u00e1s 365","twitter:description":"La diputada nacional del Partido Popular por Asturias \u00c1ngeles Fern\u00e1ndez-Ah\u00faja se ha reunido esta ma\u00f1ana con el secretario general de Infraestructuras, Manuel Ni\u00f1o, quien le ha trasladado \u201cel compromiso\u201d del Ministerio de Fomento de agilizar la integraci\u00f3n ferroviaria en Gij\u00f3n. En el encuentro, celebrado en la sede del Ministerio de Fomento y al que han","twitter:creator":"@nbasturias","twitter:image":"https:\/\/candas365.es\/noticias\/wp-content\/uploads\/2014\/09\/gijon3.jpg","twitter:label1":"Escrito por","twitter:data1":"Cand\u00e1s 365","twitter:label2":"Tiempo de lectura estimado","twitter:data2":"2 minutos"},"aioseo_meta_data":{"post_id":"7044","title":null,"description":null,"keywords":null,"keyphrases":null,"primary_term":null,"canonical_url":null,"og_title":null,"og_description":null,"og_object_type":"default","og_image_type":"default","og_image_url":null,"og_image_width":null,"og_image_height":null,"og_image_custom_url":null,"og_image_custom_fields":null,"og_video":null,"og_custom_url":null,"og_article_section":null,"og_article_tags":null,"twitter_use_og":false,"twitter_card":"default","twitter_image_type":"default","twitter_image_url":null,"twitter_image_custom_url":null,"twitter_image_custom_fields":null,"twitter_title":null,"twitter_description":null,"schema":{"blockGraphs":[],"customGraphs":[],"default":{"data":{"Article":[],"Course":[],"Dataset":[],"FAQPage":[],"Movie":[],"Person":[],"Product":[],"ProductReview":[],"Car":[],"Recipe":[],"Service":[],"SoftwareApplication":[],"WebPage":[]},"graphName":"","isEnabled":true},"graphs":[]},"schema_type":null,"schema_type_options":null,"pillar_content":false,"robots_default":true,"robots_noindex":false,"robots_noarchive":false,"robots_nosnippet":false,"robots_nofollow":false,"robots_noimageindex":false,"robots_noodp":false,"robots_notranslate":false,"robots_max_snippet":null,"robots_max_videopreview":null,"robots_max_imagepreview":"large","priority":null,"frequency":null,"location":null,"local_seo":null,"seo_analyzer_scan_date":"2025-08-23 04:50:26","breadcrumb_settings":null,"limit_modified_date":false,"reviewed_by":null,"open_ai":null,"ai":null,"created":"2020-12-21 10:54:14","updated":"2025-08-23 04:50:26"},"aioseo_breadcrumb":"<div class=\"aioseo-breadcrumbs\"><span class=\"aioseo-breadcrumb\">\n\t<a href=\"https:\/\/candas365.es\/noticias\" title=\"Home\">Home<\/a>\n<\/span><span class=\"aioseo-breadcrumb-separator\">&ndash;<\/span><span class=\"aioseo-breadcrumb\">\n\t<a href=\"https:\/\/candas365.es\/noticias\/category\/asturias\/\" title=\"Asturias\">Asturias<\/a>\n<\/span><span class=\"aioseo-breadcrumb-separator\">&ndash;<\/span><span class=\"aioseo-breadcrumb\">\n\tAh\u00faja \u201cFomento pretende agilizar la integraci\u00f3n ferroviara en Gij\u00f3n\u201d\n<\/span><\/div>","aioseo_breadcrumb_json":[{"label":"Home","link":"https:\/\/candas365.es\/noticias"},{"label":"Asturias","link":"https:\/\/candas365.es\/noticias\/category\/asturias\/"},{"label":"Ah\u00faja \u201cFomento pretende agilizar la integraci\u00f3n ferroviara en Gij\u00f3n\u201d","link":"https:\/\/candas365.es\/noticias\/ahuja-fomento-pretende-agilizar-la-integracion-ferroviara-en-gijon\/"}],"_links":{"self":[{"href":"https:\/\/candas365.es\/noticias\/wp-json\/wp\/v2\/posts\/7044","targetHints":{"allow":["GET"]}}],"collection":[{"href":"https:\/\/candas365.es\/noticias\/wp-json\/wp\/v2\/posts"}],"about":[{"href":"https:\/\/candas365.es\/noticias\/wp-json\/wp\/v2\/types\/post"}],"author":[{"embeddable":true,"href":"https:\/\/candas365.es\/noticias\/wp-json\/wp\/v2\/users\/1"}],"replies":[{"embeddable":true,"href":"https:\/\/candas365.es\/noticias\/wp-json\/wp\/v2\/comments?post=7044"}],"version-history":[{"count":0,"href":"https:\/\/candas365.es\/noticias\/wp-json\/wp\/v2\/posts\/7044\/revisions"}],"wp:featuredmedia":[{"embeddable":true,"href":"https:\/\/candas365.es\/noticias\/wp-json\/wp\/v2\/media\/508"}],"wp:attachment":[{"href":"https:\/\/candas365.es\/noticias\/wp-json\/wp\/v2\/media?parent=7044"}],"wp:term":[{"taxonomy":"category","embeddable":true,"href":"https:\/\/candas365.es\/noticias\/wp-json\/wp\/v2\/categories?post=7044"},{"taxonomy":"post_tag","embeddable":true,"href":"https:\/\/candas365.es\/noticias\/wp-json\/wp\/v2\/tags?post=7044"}],"curies":[{"name":"wp","href":"https:\/\/api.w.org\/{rel}","templated":true}]}}