{"id":69863,"date":"2017-04-19T19:26:46","date_gmt":"2017-04-19T19:26:46","guid":{"rendered":"http:\/\/candas365.es\/noticias\/?p=69863"},"modified":"2017-04-19T19:26:46","modified_gmt":"2017-04-19T19:26:46","slug":"frauke-petry-renuncia-a-presentarse-a-las-elecciones-generales","status":"publish","type":"post","link":"https:\/\/candas365.es\/noticias\/frauke-petry-renuncia-a-presentarse-a-las-elecciones-generales\/","title":{"rendered":"Frauke Petry renuncia a presentarse a las elecciones generales"},"content":{"rendered":"<p>(dpa) &#8211; Frauke Petry, la presidenta de los populistas de derechas de Alternativa para Alemania (AfD), anunci\u00f3 hoy que desiste de presentarse como candidata a las elecciones generales del 24 de septiembre.<\/p>\n<p>A dos d\u00edas de un congreso nacional del partido en Colonia, Petry comunic\u00f3 en un mensaje de video que no est\u00e1 a disposici\u00f3n ni para una candidatura en solitario, como aspiraba en un principio, ni para una f\u00f3rmula de equipo, como demandaban sus rivales en las propias filas de la agrupaci\u00f3n anti-inmigraci\u00f3n.<\/p>\n<p>La elocuente pol\u00edtica alemana, de 41 a\u00f1os, justific\u00f3 la decisi\u00f3n alegando que el partido deb\u00eda centrarse en los contenidos, independientemente de las cuestiones de candidaturas.<\/p>\n<p>Petry afirm\u00f3 que la AfD adolece de una falta de estrategia com\u00fan desde el oto\u00f1o (boreal) de 2015. Entonces, la agrupaci\u00f3n de tintes xen\u00f3fobos vivi\u00f3 un auge debido a la llegada masiva a Alemania de refugiados del Cercano Oriente y de \u00c1frica.<\/p>\n<p>As\u00ed fue encadenando \u00e9xitos electorales que le permitieron ingresar en 11 Parlamentos regionales. Sin embargo, la popularidad de los xen\u00f3fobos cay\u00f3 al tiempo que mermaba el flujo de refugiados por el cierre de la ruta de migraci\u00f3n a trav\u00e9s de los pa\u00edses del sureste europeo y el acuerdo con Turqu\u00eda para evitar el \u00e9xodo a trav\u00e9s del mar Egeo.<\/p>\n<p>A eso se sumaron luchas intestinas entre el ala m\u00e1s moderada, que representa Petry, y las fuerzas nacionalistas y ultraderechistas.<\/p>\n<p>\u00abLa imagen externa de la AfD est\u00e1 caracterizada una y otra vez por las provocaciones m\u00e1ximas de algunos pocos representantes, sin consulta previa y por ello de forma completamente inesperada para la c\u00fapula del partido\u00bb, critic\u00f3.<\/p>\n<p>Uno de los episodios m\u00e1s sonados fue el protagonizado por el l\u00edder de la AfD en Turingia, Bj\u00f6rn H\u00f6cke, que critic\u00f3 el monumento a las v\u00edctimas del genocidio jud\u00edo en Berl\u00edn y cuestion\u00f3 la importancia que reviste de la historia del nacionalsocialismo en los planes de estudio escolares de Alemania.<\/p>\n<p>Esto espant\u00f3 a una parte del electorado burgu\u00e9s y llev\u00f3 a que se redujera considerablemente el potencial de electores de la AfD, argument\u00f3 Petry, quien lidera la bancada parlamentaria de su partido en el Parlamento del estado de Sajonia, en el este alem\u00e1n.<\/p>\n<p>Mientras que en el oto\u00f1o de 2015, el potencial llegaba hasta el 30 por ciento, ahora est\u00e1 en un 14 por ciento, constat\u00f3.<\/p>\n<p>Petry tiene previsto presentar en el congreso que celebrar\u00e1 la AfD el fin de semana en Colonia una propuesta para alejar a la formaci\u00f3n de sus \u00abestrategias de oposici\u00f3n fundamental\u00bb y convertirla en un partido de centro con capacidad de integrar en un futuro coaliciones de gobierno.<\/p>\n","protected":false},"excerpt":{"rendered":"<p>(dpa) &#8211; Frauke Petry, la presidenta de los populistas de derechas de Alternativa para Alemania (AfD), anunci\u00f3 hoy que desiste de presentarse como candidata a las elecciones generales del 24 de septiembre. A dos d\u00edas de un congreso nacional del partido en Colonia, Petry comunic\u00f3 en un mensaje de video que no est\u00e1 a disposici\u00f3n<\/p>\n","protected":false},"author":1,"featured_media":0,"comment_status":"open","ping_status":"closed","sticky":false,"template":"","format":"standard","meta":{"footnotes":""},"categories":[343],"tags":[],"class_list":{"0":"post-69863","1":"post","2":"type-post","3":"status-publish","4":"format-standard","6":"category-actualidad"},"aioseo_notices":[],"aioseo_head":"\n\t\t<!-- All in One SEO Pro 4.9.6.2 - aioseo.com -->\n\t<meta name=\"description\" content=\"(dpa) - Frauke Petry, la presidenta de los populistas de derechas de Alternativa para Alemania (AfD), anunci\u00f3 hoy que desiste de presentarse como candidata a las elecciones generales del 24 de septiembre. A dos d\u00edas de un congreso nacional del partido en Colonia, Petry comunic\u00f3 en un mensaje de video que no est\u00e1 a disposici\u00f3n\" \/>\n\t<meta name=\"robots\" content=\"max-image-preview:large\" \/>\n\t<meta name=\"author\" content=\"Cand\u00e1s 365\"\/>\n\t<meta name=\"google-site-verification\" content=\"UA-32230408-1\" \/>\n\t<meta name=\"msvalidate.01\" content=\"354F3CDFB2DA171B47FBE9ABF1F88D5\" \/>\n\t<meta name=\"keywords\" content=\"actualidad\" \/>\n\t<link rel=\"canonical\" href=\"https:\/\/candas365.es\/noticias\/frauke-petry-renuncia-a-presentarse-a-las-elecciones-generales\/\" \/>\n\t<meta name=\"generator\" content=\"All in One SEO Pro (AIOSEO) 4.9.6.2\" \/>\n\t\t<meta property=\"og:locale\" content=\"es_ES\" \/>\n\t\t<meta property=\"og:site_name\" content=\"Cand\u00e1s 365\" \/>\n\t\t<meta property=\"og:type\" content=\"article\" \/>\n\t\t<meta property=\"og:title\" content=\"Frauke Petry renuncia a presentarse a las elecciones generales | Cand\u00e1s 365\" \/>\n\t\t<meta property=\"og:description\" content=\"(dpa) - Frauke Petry, la presidenta de los populistas de derechas de Alternativa para Alemania (AfD), anunci\u00f3 hoy que desiste de presentarse como candidata a las elecciones generales del 24 de septiembre. A dos d\u00edas de un congreso nacional del partido en Colonia, Petry comunic\u00f3 en un mensaje de video que no est\u00e1 a disposici\u00f3n\" \/>\n\t\t<meta property=\"og:url\" content=\"https:\/\/candas365.es\/noticias\/frauke-petry-renuncia-a-presentarse-a-las-elecciones-generales\/\" \/>\n\t\t<meta property=\"og:image\" content=\"https:\/\/candas365.es\/noticias\/wp-content\/uploads\/2024\/09\/Candas-365-Redes.jpg\" \/>\n\t\t<meta property=\"og:image:secure_url\" content=\"https:\/\/candas365.es\/noticias\/wp-content\/uploads\/2024\/09\/Candas-365-Redes.jpg\" \/>\n\t\t<meta property=\"og:image:width\" content=\"1152\" \/>\n\t\t<meta property=\"og:image:height\" content=\"864\" \/>\n\t\t<meta property=\"article:published_time\" content=\"2017-04-19T19:26:46+00:00\" \/>\n\t\t<meta property=\"article:modified_time\" content=\"2017-04-19T19:26:46+00:00\" \/>\n\t\t<meta property=\"article:publisher\" content=\"https:\/\/www.facebook.com\/Nachofdezber\" \/>\n\t\t<meta property=\"article:author\" content=\"https:\/\/www.facebook.com\/carrenoactualidad\" \/>\n\t\t<meta name=\"twitter:card\" content=\"summary_large_image\" \/>\n\t\t<meta name=\"twitter:site\" content=\"@NabercoDigital\" \/>\n\t\t<meta name=\"twitter:title\" content=\"Frauke Petry renuncia a presentarse a las elecciones generales | Cand\u00e1s 365\" \/>\n\t\t<meta name=\"twitter:description\" content=\"(dpa) - Frauke Petry, la presidenta de los populistas de derechas de Alternativa para Alemania (AfD), anunci\u00f3 hoy que desiste de presentarse como candidata a las elecciones generales del 24 de septiembre. A dos d\u00edas de un congreso nacional del partido en Colonia, Petry comunic\u00f3 en un mensaje de video que no est\u00e1 a disposici\u00f3n\" \/>\n\t\t<meta name=\"twitter:creator\" content=\"@nbasturias\" \/>\n\t\t<meta name=\"twitter:image\" content=\"https:\/\/candas365.es\/noticias\/wp-content\/uploads\/2024\/09\/Candas-365-Redes.jpg\" \/>\n\t\t<meta name=\"twitter:label1\" content=\"Escrito por\" \/>\n\t\t<meta name=\"twitter:data1\" content=\"Cand\u00e1s 365\" \/>\n\t\t<meta name=\"twitter:label2\" content=\"Tiempo de lectura estimado\" \/>\n\t\t<meta name=\"twitter:data2\" content=\"2 minutos\" \/>\n\t\t<script type=\"application\/ld+json\" class=\"aioseo-schema\">\n\t\t\t{\"@context\":\"https:\\\/\\\/schema.org\",\"@graph\":[{\"@type\":\"BreadcrumbList\",\"@id\":\"https:\\\/\\\/candas365.es\\\/noticias\\\/frauke-petry-renuncia-a-presentarse-a-las-elecciones-generales\\\/#breadcrumblist\",\"itemListElement\":[{\"@type\":\"ListItem\",\"@id\":\"https:\\\/\\\/candas365.es\\\/noticias#listItem\",\"position\":1,\"name\":\"Home\",\"item\":\"https:\\\/\\\/candas365.es\\\/noticias\",\"nextItem\":{\"@type\":\"ListItem\",\"@id\":\"https:\\\/\\\/candas365.es\\\/noticias\\\/category\\\/actualidad\\\/#listItem\",\"name\":\"Actualidad\"}},{\"@type\":\"ListItem\",\"@id\":\"https:\\\/\\\/candas365.es\\\/noticias\\\/category\\\/actualidad\\\/#listItem\",\"position\":2,\"name\":\"Actualidad\",\"item\":\"https:\\\/\\\/candas365.es\\\/noticias\\\/category\\\/actualidad\\\/\",\"nextItem\":{\"@type\":\"ListItem\",\"@id\":\"https:\\\/\\\/candas365.es\\\/noticias\\\/frauke-petry-renuncia-a-presentarse-a-las-elecciones-generales\\\/#listItem\",\"name\":\"Frauke Petry renuncia a presentarse a las elecciones generales\"},\"previousItem\":{\"@type\":\"ListItem\",\"@id\":\"https:\\\/\\\/candas365.es\\\/noticias#listItem\",\"name\":\"Home\"}},{\"@type\":\"ListItem\",\"@id\":\"https:\\\/\\\/candas365.es\\\/noticias\\\/frauke-petry-renuncia-a-presentarse-a-las-elecciones-generales\\\/#listItem\",\"position\":3,\"name\":\"Frauke Petry renuncia a presentarse a las elecciones generales\",\"previousItem\":{\"@type\":\"ListItem\",\"@id\":\"https:\\\/\\\/candas365.es\\\/noticias\\\/category\\\/actualidad\\\/#listItem\",\"name\":\"Actualidad\"}}]},{\"@type\":\"NewsArticle\",\"@id\":\"https:\\\/\\\/candas365.es\\\/noticias\\\/frauke-petry-renuncia-a-presentarse-a-las-elecciones-generales\\\/#newsarticle\",\"name\":\"Frauke Petry renuncia a presentarse a las elecciones generales | Cand\\u00e1s 365\",\"headline\":\"Frauke Petry renuncia a presentarse a las elecciones generales\",\"author\":{\"@id\":\"https:\\\/\\\/candas365.es\\\/noticias\\\/author\\\/admin\\\/#author\"},\"publisher\":{\"@id\":\"https:\\\/\\\/candas365.es\\\/noticias\\\/#organization\"},\"image\":{\"@type\":\"ImageObject\",\"url\":\"https:\\\/\\\/candas365.es\\\/noticias\\\/wp-content\\\/uploads\\\/2024\\\/09\\\/Candas-365-Redes.jpg\",\"@id\":\"https:\\\/\\\/candas365.es\\\/noticias\\\/#articleImage\",\"width\":1152,\"height\":864,\"caption\":\"Cand\\u00e1s 365 Redes\"},\"datePublished\":\"2017-04-19T19:26:46+02:00\",\"dateModified\":\"2017-04-19T19:26:46+02:00\",\"inLanguage\":\"es-ES\",\"mainEntityOfPage\":{\"@id\":\"https:\\\/\\\/candas365.es\\\/noticias\\\/frauke-petry-renuncia-a-presentarse-a-las-elecciones-generales\\\/#webpage\"},\"isPartOf\":{\"@id\":\"https:\\\/\\\/candas365.es\\\/noticias\\\/frauke-petry-renuncia-a-presentarse-a-las-elecciones-generales\\\/#webpage\"},\"articleSection\":\"Actualidad\",\"dateline\":\"Publicado el abril 19, 2017.\"},{\"@type\":\"Organization\",\"@id\":\"https:\\\/\\\/candas365.es\\\/noticias\\\/#organization\",\"name\":\"Cand\\u00e1s 365\",\"description\":\"Cand\\u00e1s 365 es un diario digital independiente, fundado en 2012, con base en Asturias. Informamos con rigor sobre actualidad, sociedad, cultura y ocio, con una mirada local y global.\",\"url\":\"https:\\\/\\\/candas365.es\\\/noticias\\\/\",\"email\":\"info@candas365.es\",\"telephone\":\"+34652131393\",\"foundingDate\":\"2012-06-10\",\"logo\":{\"@type\":\"ImageObject\",\"url\":\"https:\\\/\\\/candas365.es\\\/noticias\\\/wp-content\\\/uploads\\\/2024\\\/09\\\/Candas-365-Redes.jpg\",\"@id\":\"https:\\\/\\\/candas365.es\\\/noticias\\\/frauke-petry-renuncia-a-presentarse-a-las-elecciones-generales\\\/#organizationLogo\",\"width\":1152,\"height\":864,\"caption\":\"Cand\\u00e1s 365 Redes\"},\"image\":{\"@id\":\"https:\\\/\\\/candas365.es\\\/noticias\\\/frauke-petry-renuncia-a-presentarse-a-las-elecciones-generales\\\/#organizationLogo\"},\"sameAs\":[\"https:\\\/\\\/www.facebook.com\\\/Nachofdezber\",\"https:\\\/\\\/x.com\\\/NabercoDigital\",\"https:\\\/\\\/www.instagram.com\\\/nachofdezber\\\/\",\"https:\\\/\\\/www.youtube.com\\\/channel\\\/UCZP-2wLEB9Rv6erhFmqVnvg\"],\"address\":{\"@id\":\"https:\\\/\\\/candas365.es\\\/noticias\\\/#postaladdress\",\"@type\":\"PostalAddress\",\"streetAddress\":\"san antonio 4, san antonio 4\",\"postalCode\":\"33430\",\"addressLocality\":\"Cand\\u00e1s\",\"addressRegion\":\"Asturias\",\"addressCountry\":\"ES\"}},{\"@type\":\"Person\",\"@id\":\"https:\\\/\\\/candas365.es\\\/noticias\\\/author\\\/admin\\\/#author\",\"url\":\"https:\\\/\\\/candas365.es\\\/noticias\\\/author\\\/admin\\\/\",\"name\":\"Cand\\u00e1s 365\",\"image\":{\"@type\":\"ImageObject\",\"@id\":\"https:\\\/\\\/candas365.es\\\/noticias\\\/frauke-petry-renuncia-a-presentarse-a-las-elecciones-generales\\\/#authorImage\",\"url\":\"https:\\\/\\\/secure.gravatar.com\\\/avatar\\\/496a8e03d0c493ede1718b7934145dbdf8d89be1036b0eec9544e1094c9de390?s=96&d=mm&r=g\",\"width\":96,\"height\":96,\"caption\":\"Cand\\u00e1s 365\"},\"sameAs\":[\"https:\\\/\\\/www.facebook.com\\\/carrenoactualidad\",\"https:\\\/\\\/twitter.com\\\/nbasturias\",\"https:\\\/\\\/www.instagram.com\\\/nachofdezber\\\/\",\"https:\\\/\\\/www.youtube.com\\\/channel\\\/UCZP-2wLEB9Rv6erhFmqVnvg\"]},{\"@type\":\"WebPage\",\"@id\":\"https:\\\/\\\/candas365.es\\\/noticias\\\/frauke-petry-renuncia-a-presentarse-a-las-elecciones-generales\\\/#webpage\",\"url\":\"https:\\\/\\\/candas365.es\\\/noticias\\\/frauke-petry-renuncia-a-presentarse-a-las-elecciones-generales\\\/\",\"name\":\"Frauke Petry renuncia a presentarse a las elecciones generales | Cand\\u00e1s 365\",\"description\":\"(dpa) - Frauke Petry, la presidenta de los populistas de derechas de Alternativa para Alemania (AfD), anunci\\u00f3 hoy que desiste de presentarse como candidata a las elecciones generales del 24 de septiembre. A dos d\\u00edas de un congreso nacional del partido en Colonia, Petry comunic\\u00f3 en un mensaje de video que no est\\u00e1 a disposici\\u00f3n\",\"inLanguage\":\"es-ES\",\"isPartOf\":{\"@id\":\"https:\\\/\\\/candas365.es\\\/noticias\\\/#website\"},\"breadcrumb\":{\"@id\":\"https:\\\/\\\/candas365.es\\\/noticias\\\/frauke-petry-renuncia-a-presentarse-a-las-elecciones-generales\\\/#breadcrumblist\"},\"author\":{\"@id\":\"https:\\\/\\\/candas365.es\\\/noticias\\\/author\\\/admin\\\/#author\"},\"creator\":{\"@id\":\"https:\\\/\\\/candas365.es\\\/noticias\\\/author\\\/admin\\\/#author\"},\"datePublished\":\"2017-04-19T19:26:46+02:00\",\"dateModified\":\"2017-04-19T19:26:46+02:00\"},{\"@type\":\"WebSite\",\"@id\":\"https:\\\/\\\/candas365.es\\\/noticias\\\/#website\",\"url\":\"https:\\\/\\\/candas365.es\\\/noticias\\\/\",\"name\":\"Cand\\u00e1s 365\",\"alternateName\":\"Cand\\u00e1s 365 Noticias\",\"description\":\"Actualidad desde Carre\\u00f1o para el mundo\",\"inLanguage\":\"es-ES\",\"publisher\":{\"@id\":\"https:\\\/\\\/candas365.es\\\/noticias\\\/#organization\"}}]}\n\t\t<\/script>\n\t\t<!-- All in One SEO Pro -->\r\n\t\t<title>Frauke Petry renuncia a presentarse a las elecciones generales | Cand\u00e1s 365<\/title>\n\n","aioseo_head_json":{"title":"Frauke Petry renuncia a presentarse a las elecciones generales | Cand\u00e1s 365","description":"(dpa) - Frauke Petry, la presidenta de los populistas de derechas de Alternativa para Alemania (AfD), anunci\u00f3 hoy que desiste de presentarse como candidata a las elecciones generales del 24 de septiembre. A dos d\u00edas de un congreso nacional del partido en Colonia, Petry comunic\u00f3 en un mensaje de video que no est\u00e1 a disposici\u00f3n","canonical_url":"https:\/\/candas365.es\/noticias\/frauke-petry-renuncia-a-presentarse-a-las-elecciones-generales\/","robots":"max-image-preview:large","keywords":"actualidad","webmasterTools":{"google-site-verification":"UA-32230408-1","msvalidate.01":"354F3CDFB2DA171B47FBE9ABF1F88D5","miscellaneous":""},"schema":{"@context":"https:\/\/schema.org","@graph":[{"@type":"BreadcrumbList","@id":"https:\/\/candas365.es\/noticias\/frauke-petry-renuncia-a-presentarse-a-las-elecciones-generales\/#breadcrumblist","itemListElement":[{"@type":"ListItem","@id":"https:\/\/candas365.es\/noticias#listItem","position":1,"name":"Home","item":"https:\/\/candas365.es\/noticias","nextItem":{"@type":"ListItem","@id":"https:\/\/candas365.es\/noticias\/category\/actualidad\/#listItem","name":"Actualidad"}},{"@type":"ListItem","@id":"https:\/\/candas365.es\/noticias\/category\/actualidad\/#listItem","position":2,"name":"Actualidad","item":"https:\/\/candas365.es\/noticias\/category\/actualidad\/","nextItem":{"@type":"ListItem","@id":"https:\/\/candas365.es\/noticias\/frauke-petry-renuncia-a-presentarse-a-las-elecciones-generales\/#listItem","name":"Frauke Petry renuncia a presentarse a las elecciones generales"},"previousItem":{"@type":"ListItem","@id":"https:\/\/candas365.es\/noticias#listItem","name":"Home"}},{"@type":"ListItem","@id":"https:\/\/candas365.es\/noticias\/frauke-petry-renuncia-a-presentarse-a-las-elecciones-generales\/#listItem","position":3,"name":"Frauke Petry renuncia a presentarse a las elecciones generales","previousItem":{"@type":"ListItem","@id":"https:\/\/candas365.es\/noticias\/category\/actualidad\/#listItem","name":"Actualidad"}}]},{"@type":"NewsArticle","@id":"https:\/\/candas365.es\/noticias\/frauke-petry-renuncia-a-presentarse-a-las-elecciones-generales\/#newsarticle","name":"Frauke Petry renuncia a presentarse a las elecciones generales | Cand\u00e1s 365","headline":"Frauke Petry renuncia a presentarse a las elecciones generales","author":{"@id":"https:\/\/candas365.es\/noticias\/author\/admin\/#author"},"publisher":{"@id":"https:\/\/candas365.es\/noticias\/#organization"},"image":{"@type":"ImageObject","url":"https:\/\/candas365.es\/noticias\/wp-content\/uploads\/2024\/09\/Candas-365-Redes.jpg","@id":"https:\/\/candas365.es\/noticias\/#articleImage","width":1152,"height":864,"caption":"Cand\u00e1s 365 Redes"},"datePublished":"2017-04-19T19:26:46+02:00","dateModified":"2017-04-19T19:26:46+02:00","inLanguage":"es-ES","mainEntityOfPage":{"@id":"https:\/\/candas365.es\/noticias\/frauke-petry-renuncia-a-presentarse-a-las-elecciones-generales\/#webpage"},"isPartOf":{"@id":"https:\/\/candas365.es\/noticias\/frauke-petry-renuncia-a-presentarse-a-las-elecciones-generales\/#webpage"},"articleSection":"Actualidad","dateline":"Publicado el abril 19, 2017."},{"@type":"Organization","@id":"https:\/\/candas365.es\/noticias\/#organization","name":"Cand\u00e1s 365","description":"Cand\u00e1s 365 es un diario digital independiente, fundado en 2012, con base en Asturias. Informamos con rigor sobre actualidad, sociedad, cultura y ocio, con una mirada local y global.","url":"https:\/\/candas365.es\/noticias\/","email":"info@candas365.es","telephone":"+34652131393","foundingDate":"2012-06-10","logo":{"@type":"ImageObject","url":"https:\/\/candas365.es\/noticias\/wp-content\/uploads\/2024\/09\/Candas-365-Redes.jpg","@id":"https:\/\/candas365.es\/noticias\/frauke-petry-renuncia-a-presentarse-a-las-elecciones-generales\/#organizationLogo","width":1152,"height":864,"caption":"Cand\u00e1s 365 Redes"},"image":{"@id":"https:\/\/candas365.es\/noticias\/frauke-petry-renuncia-a-presentarse-a-las-elecciones-generales\/#organizationLogo"},"sameAs":["https:\/\/www.facebook.com\/Nachofdezber","https:\/\/x.com\/NabercoDigital","https:\/\/www.instagram.com\/nachofdezber\/","https:\/\/www.youtube.com\/channel\/UCZP-2wLEB9Rv6erhFmqVnvg"],"address":{"@id":"https:\/\/candas365.es\/noticias\/#postaladdress","@type":"PostalAddress","streetAddress":"san antonio 4, san antonio 4","postalCode":"33430","addressLocality":"Cand\u00e1s","addressRegion":"Asturias","addressCountry":"ES"}},{"@type":"Person","@id":"https:\/\/candas365.es\/noticias\/author\/admin\/#author","url":"https:\/\/candas365.es\/noticias\/author\/admin\/","name":"Cand\u00e1s 365","image":{"@type":"ImageObject","@id":"https:\/\/candas365.es\/noticias\/frauke-petry-renuncia-a-presentarse-a-las-elecciones-generales\/#authorImage","url":"https:\/\/secure.gravatar.com\/avatar\/496a8e03d0c493ede1718b7934145dbdf8d89be1036b0eec9544e1094c9de390?s=96&d=mm&r=g","width":96,"height":96,"caption":"Cand\u00e1s 365"},"sameAs":["https:\/\/www.facebook.com\/carrenoactualidad","https:\/\/twitter.com\/nbasturias","https:\/\/www.instagram.com\/nachofdezber\/","https:\/\/www.youtube.com\/channel\/UCZP-2wLEB9Rv6erhFmqVnvg"]},{"@type":"WebPage","@id":"https:\/\/candas365.es\/noticias\/frauke-petry-renuncia-a-presentarse-a-las-elecciones-generales\/#webpage","url":"https:\/\/candas365.es\/noticias\/frauke-petry-renuncia-a-presentarse-a-las-elecciones-generales\/","name":"Frauke Petry renuncia a presentarse a las elecciones generales | Cand\u00e1s 365","description":"(dpa) - Frauke Petry, la presidenta de los populistas de derechas de Alternativa para Alemania (AfD), anunci\u00f3 hoy que desiste de presentarse como candidata a las elecciones generales del 24 de septiembre. A dos d\u00edas de un congreso nacional del partido en Colonia, Petry comunic\u00f3 en un mensaje de video que no est\u00e1 a disposici\u00f3n","inLanguage":"es-ES","isPartOf":{"@id":"https:\/\/candas365.es\/noticias\/#website"},"breadcrumb":{"@id":"https:\/\/candas365.es\/noticias\/frauke-petry-renuncia-a-presentarse-a-las-elecciones-generales\/#breadcrumblist"},"author":{"@id":"https:\/\/candas365.es\/noticias\/author\/admin\/#author"},"creator":{"@id":"https:\/\/candas365.es\/noticias\/author\/admin\/#author"},"datePublished":"2017-04-19T19:26:46+02:00","dateModified":"2017-04-19T19:26:46+02:00"},{"@type":"WebSite","@id":"https:\/\/candas365.es\/noticias\/#website","url":"https:\/\/candas365.es\/noticias\/","name":"Cand\u00e1s 365","alternateName":"Cand\u00e1s 365 Noticias","description":"Actualidad desde Carre\u00f1o para el mundo","inLanguage":"es-ES","publisher":{"@id":"https:\/\/candas365.es\/noticias\/#organization"}}]},"og:locale":"es_ES","og:site_name":"Cand\u00e1s 365","og:type":"article","og:title":"Frauke Petry renuncia a presentarse a las elecciones generales | Cand\u00e1s 365","og:description":"(dpa) - Frauke Petry, la presidenta de los populistas de derechas de Alternativa para Alemania (AfD), anunci\u00f3 hoy que desiste de presentarse como candidata a las elecciones generales del 24 de septiembre. A dos d\u00edas de un congreso nacional del partido en Colonia, Petry comunic\u00f3 en un mensaje de video que no est\u00e1 a disposici\u00f3n","og:url":"https:\/\/candas365.es\/noticias\/frauke-petry-renuncia-a-presentarse-a-las-elecciones-generales\/","og:image":"https:\/\/candas365.es\/noticias\/wp-content\/uploads\/2024\/09\/Candas-365-Redes.jpg","og:image:secure_url":"https:\/\/candas365.es\/noticias\/wp-content\/uploads\/2024\/09\/Candas-365-Redes.jpg","og:image:width":1152,"og:image:height":864,"article:published_time":"2017-04-19T19:26:46+00:00","article:modified_time":"2017-04-19T19:26:46+00:00","article:publisher":"https:\/\/www.facebook.com\/Nachofdezber","article:author":"https:\/\/www.facebook.com\/carrenoactualidad","twitter:card":"summary_large_image","twitter:site":"@NabercoDigital","twitter:title":"Frauke Petry renuncia a presentarse a las elecciones generales | Cand\u00e1s 365","twitter:description":"(dpa) - Frauke Petry, la presidenta de los populistas de derechas de Alternativa para Alemania (AfD), anunci\u00f3 hoy que desiste de presentarse como candidata a las elecciones generales del 24 de septiembre. A dos d\u00edas de un congreso nacional del partido en Colonia, Petry comunic\u00f3 en un mensaje de video que no est\u00e1 a disposici\u00f3n","twitter:creator":"@nbasturias","twitter:image":"https:\/\/candas365.es\/noticias\/wp-content\/uploads\/2024\/09\/Candas-365-Redes.jpg","twitter:label1":"Escrito por","twitter:data1":"Cand\u00e1s 365","twitter:label2":"Tiempo de lectura estimado","twitter:data2":"2 minutos"},"aioseo_meta_data":{"post_id":"69863","title":null,"description":null,"keywords":null,"keyphrases":null,"primary_term":null,"canonical_url":null,"og_title":null,"og_description":null,"og_object_type":"default","og_image_type":"default","og_image_url":null,"og_image_width":null,"og_image_height":null,"og_image_custom_url":null,"og_image_custom_fields":null,"og_video":null,"og_custom_url":null,"og_article_section":null,"og_article_tags":null,"twitter_use_og":false,"twitter_card":"default","twitter_image_type":"default","twitter_image_url":null,"twitter_image_custom_url":null,"twitter_image_custom_fields":null,"twitter_title":null,"twitter_description":null,"schema":{"blockGraphs":[],"customGraphs":[],"default":{"data":{"Article":[],"Course":[],"Dataset":[],"FAQPage":[],"Movie":[],"Person":[],"Product":[],"ProductReview":[],"Car":[],"Recipe":[],"Service":[],"SoftwareApplication":[],"WebPage":[]},"graphName":"","isEnabled":true},"graphs":[],"defaultGraph":"","defaultPostTypeGraph":""},"schema_type":null,"schema_type_options":null,"pillar_content":false,"robots_default":true,"robots_noindex":false,"robots_noarchive":false,"robots_nosnippet":false,"robots_nofollow":false,"robots_noimageindex":false,"robots_noodp":false,"robots_notranslate":false,"robots_max_snippet":null,"robots_max_videopreview":null,"robots_max_imagepreview":"large","priority":null,"frequency":null,"location":null,"local_seo":null,"seo_analyzer_scan_date":"2025-08-25 11:29:25","breadcrumb_settings":null,"limit_modified_date":false,"reviewed_by":null,"open_ai":null,"ai":null,"created":"2020-12-21 13:01:22","updated":"2025-08-25 11:29:25"},"aioseo_breadcrumb":"<div class=\"aioseo-breadcrumbs\"><span class=\"aioseo-breadcrumb\">\n\t<a href=\"https:\/\/candas365.es\/noticias\" title=\"Home\">Home<\/a>\n<\/span><span class=\"aioseo-breadcrumb-separator\">&ndash;<\/span><span class=\"aioseo-breadcrumb\">\n\t<a href=\"https:\/\/candas365.es\/noticias\/category\/actualidad\/\" title=\"Actualidad\">Actualidad<\/a>\n<\/span><span class=\"aioseo-breadcrumb-separator\">&ndash;<\/span><span class=\"aioseo-breadcrumb\">\n\tFrauke Petry renuncia a presentarse a las elecciones generales\n<\/span><\/div>","aioseo_breadcrumb_json":[{"label":"Home","link":"https:\/\/candas365.es\/noticias"},{"label":"Actualidad","link":"https:\/\/candas365.es\/noticias\/category\/actualidad\/"},{"label":"Frauke Petry renuncia a presentarse a las elecciones generales","link":"https:\/\/candas365.es\/noticias\/frauke-petry-renuncia-a-presentarse-a-las-elecciones-generales\/"}],"_links":{"self":[{"href":"https:\/\/candas365.es\/noticias\/wp-json\/wp\/v2\/posts\/69863","targetHints":{"allow":["GET"]}}],"collection":[{"href":"https:\/\/candas365.es\/noticias\/wp-json\/wp\/v2\/posts"}],"about":[{"href":"https:\/\/candas365.es\/noticias\/wp-json\/wp\/v2\/types\/post"}],"author":[{"embeddable":true,"href":"https:\/\/candas365.es\/noticias\/wp-json\/wp\/v2\/users\/1"}],"replies":[{"embeddable":true,"href":"https:\/\/candas365.es\/noticias\/wp-json\/wp\/v2\/comments?post=69863"}],"version-history":[{"count":0,"href":"https:\/\/candas365.es\/noticias\/wp-json\/wp\/v2\/posts\/69863\/revisions"}],"wp:attachment":[{"href":"https:\/\/candas365.es\/noticias\/wp-json\/wp\/v2\/media?parent=69863"}],"wp:term":[{"taxonomy":"category","embeddable":true,"href":"https:\/\/candas365.es\/noticias\/wp-json\/wp\/v2\/categories?post=69863"},{"taxonomy":"post_tag","embeddable":true,"href":"https:\/\/candas365.es\/noticias\/wp-json\/wp\/v2\/tags?post=69863"}],"curies":[{"name":"wp","href":"https:\/\/api.w.org\/{rel}","templated":true}]}}