{"id":69861,"date":"2017-04-19T19:24:49","date_gmt":"2017-04-19T19:24:49","guid":{"rendered":"http:\/\/candas365.es\/noticias\/?p=69861"},"modified":"2017-04-19T19:24:49","modified_gmt":"2017-04-19T19:24:49","slug":"neuer-se-fractura-el-pie-y-es-baja-hasta-fin-de-temporada","status":"publish","type":"post","link":"https:\/\/candas365.es\/noticias\/neuer-se-fractura-el-pie-y-es-baja-hasta-fin-de-temporada\/","title":{"rendered":"Neuer se fractura el pie y es baja hasta fin de temporada"},"content":{"rendered":"<p>(dpa) &#8211; El arquero del Bayern M\u00fanich Manuel Neuer se lesion\u00f3 el pie en la derrota sufrida el martes ante el Real Madrid por los cuartos de final de la Liga de Campeones y se perder\u00e1 con toda probabilidad el final de la temporada.<\/p>\n<p>\u00abManuel Neuer sufri\u00f3 desgraciadamente una fractura del pie izquierdo\u00bb, comunic\u00f3 el club a trav\u00e9s de la red social Twitter.<\/p>\n<p>El presidente de la junta directiva del Bayern, Karl-Heinz Rummenigge, dijo tras el 4-2 que dej\u00f3 fuera al Bayern de la Champions que Neuer se hab\u00eda lesionado seriamente y que estar\u00eda de \u00abocho semanas de baja\u00bb.<\/p>\n<p>Seg\u00fan el club, el internacional germano se quebr\u00f3 el pie poco antes de recibir el tercer gol en la pr\u00f3rroga del encuentro celebrado en el estadio Santiago Bernab\u00e9u de Madrid.<\/p>\n<p>Neuer hab\u00eda sido operado hace tres semanas justamente del pie izquierdo. La fractura lo dejar\u00e1 fuera no solo de los restantes partidos de Liga sino tambi\u00e9n de la final de la Copa Alemana el 27 de mayo, en caso de clasificarse el Bayern en el partido de semifinal contra el Dortmund.<\/p>\n","protected":false},"excerpt":{"rendered":"<p>(dpa) &#8211; El arquero del Bayern M\u00fanich Manuel Neuer se lesion\u00f3 el pie en la derrota sufrida el martes ante el Real Madrid por los cuartos de final de la Liga de Campeones y se perder\u00e1 con toda probabilidad el final de la temporada. \u00abManuel Neuer sufri\u00f3 desgraciadamente una fractura del pie izquierdo\u00bb, comunic\u00f3 el<\/p>\n","protected":false},"author":1,"featured_media":69643,"comment_status":"open","ping_status":"closed","sticky":false,"template":"","format":"standard","meta":{"footnotes":""},"categories":[343],"tags":[],"class_list":{"0":"post-69861","1":"post","2":"type-post","3":"status-publish","4":"format-standard","5":"has-post-thumbnail","7":"category-actualidad"},"aioseo_notices":[],"aioseo_head":"\n\t\t<!-- All in One SEO Pro 4.9.6.2 - aioseo.com -->\n\t<meta name=\"description\" content=\"(dpa) - El arquero del Bayern M\u00fanich Manuel Neuer se lesion\u00f3 el pie en la derrota sufrida el martes ante el Real Madrid por los cuartos de final de la Liga de Campeones y se perder\u00e1 con toda probabilidad el final de la temporada. &quot;Manuel Neuer sufri\u00f3 desgraciadamente una fractura del pie izquierdo&quot;, comunic\u00f3 el\" \/>\n\t<meta name=\"robots\" content=\"max-image-preview:large\" \/>\n\t<meta name=\"author\" content=\"Cand\u00e1s 365\"\/>\n\t<meta name=\"google-site-verification\" content=\"UA-32230408-1\" \/>\n\t<meta name=\"msvalidate.01\" content=\"354F3CDFB2DA171B47FBE9ABF1F88D5\" \/>\n\t<meta name=\"keywords\" content=\"actualidad\" \/>\n\t<link rel=\"canonical\" href=\"https:\/\/candas365.es\/noticias\/neuer-se-fractura-el-pie-y-es-baja-hasta-fin-de-temporada\/\" \/>\n\t<meta name=\"generator\" content=\"All in One SEO Pro (AIOSEO) 4.9.6.2\" \/>\n\t\t<meta property=\"og:locale\" content=\"es_ES\" \/>\n\t\t<meta property=\"og:site_name\" content=\"Cand\u00e1s 365\" \/>\n\t\t<meta property=\"og:type\" content=\"article\" \/>\n\t\t<meta property=\"og:title\" content=\"Neuer se fractura el pie y es baja hasta fin de temporada | Cand\u00e1s 365\" \/>\n\t\t<meta property=\"og:description\" content=\"(dpa) - El arquero del Bayern M\u00fanich Manuel Neuer se lesion\u00f3 el pie en la derrota sufrida el martes ante el Real Madrid por los cuartos de final de la Liga de Campeones y se perder\u00e1 con toda probabilidad el final de la temporada. &quot;Manuel Neuer sufri\u00f3 desgraciadamente una fractura del pie izquierdo&quot;, comunic\u00f3 el\" \/>\n\t\t<meta property=\"og:url\" content=\"https:\/\/candas365.es\/noticias\/neuer-se-fractura-el-pie-y-es-baja-hasta-fin-de-temporada\/\" \/>\n\t\t<meta property=\"og:image\" content=\"https:\/\/candas365.es\/noticias\/wp-content\/uploads\/2017\/04\/HOROSCOPOMEYRISA-8.jpg\" \/>\n\t\t<meta property=\"og:image:secure_url\" content=\"https:\/\/candas365.es\/noticias\/wp-content\/uploads\/2017\/04\/HOROSCOPOMEYRISA-8.jpg\" \/>\n\t\t<meta property=\"og:image:width\" content=\"543\" \/>\n\t\t<meta property=\"og:image:height\" content=\"330\" \/>\n\t\t<meta property=\"article:published_time\" content=\"2017-04-19T19:24:49+00:00\" \/>\n\t\t<meta property=\"article:modified_time\" content=\"2017-04-19T19:24:49+00:00\" \/>\n\t\t<meta property=\"article:publisher\" content=\"https:\/\/www.facebook.com\/Nachofdezber\" \/>\n\t\t<meta property=\"article:author\" content=\"https:\/\/www.facebook.com\/carrenoactualidad\" \/>\n\t\t<meta name=\"twitter:card\" content=\"summary_large_image\" \/>\n\t\t<meta name=\"twitter:site\" content=\"@NabercoDigital\" \/>\n\t\t<meta name=\"twitter:title\" content=\"Neuer se fractura el pie y es baja hasta fin de temporada | Cand\u00e1s 365\" \/>\n\t\t<meta name=\"twitter:description\" content=\"(dpa) - El arquero del Bayern M\u00fanich Manuel Neuer se lesion\u00f3 el pie en la derrota sufrida el martes ante el Real Madrid por los cuartos de final de la Liga de Campeones y se perder\u00e1 con toda probabilidad el final de la temporada. &quot;Manuel Neuer sufri\u00f3 desgraciadamente una fractura del pie izquierdo&quot;, comunic\u00f3 el\" \/>\n\t\t<meta name=\"twitter:creator\" content=\"@nbasturias\" \/>\n\t\t<meta name=\"twitter:image\" content=\"https:\/\/candas365.es\/noticias\/wp-content\/uploads\/2017\/04\/HOROSCOPOMEYRISA-8.jpg\" \/>\n\t\t<meta name=\"twitter:label1\" content=\"Escrito por\" \/>\n\t\t<meta name=\"twitter:data1\" content=\"Cand\u00e1s 365\" \/>\n\t\t<meta name=\"twitter:label2\" content=\"Tiempo de lectura estimado\" \/>\n\t\t<meta name=\"twitter:data2\" content=\"1 minuto\" \/>\n\t\t<script type=\"application\/ld+json\" class=\"aioseo-schema\">\n\t\t\t{\"@context\":\"https:\\\/\\\/schema.org\",\"@graph\":[{\"@type\":\"BreadcrumbList\",\"@id\":\"https:\\\/\\\/candas365.es\\\/noticias\\\/neuer-se-fractura-el-pie-y-es-baja-hasta-fin-de-temporada\\\/#breadcrumblist\",\"itemListElement\":[{\"@type\":\"ListItem\",\"@id\":\"https:\\\/\\\/candas365.es\\\/noticias#listItem\",\"position\":1,\"name\":\"Home\",\"item\":\"https:\\\/\\\/candas365.es\\\/noticias\",\"nextItem\":{\"@type\":\"ListItem\",\"@id\":\"https:\\\/\\\/candas365.es\\\/noticias\\\/category\\\/actualidad\\\/#listItem\",\"name\":\"Actualidad\"}},{\"@type\":\"ListItem\",\"@id\":\"https:\\\/\\\/candas365.es\\\/noticias\\\/category\\\/actualidad\\\/#listItem\",\"position\":2,\"name\":\"Actualidad\",\"item\":\"https:\\\/\\\/candas365.es\\\/noticias\\\/category\\\/actualidad\\\/\",\"nextItem\":{\"@type\":\"ListItem\",\"@id\":\"https:\\\/\\\/candas365.es\\\/noticias\\\/neuer-se-fractura-el-pie-y-es-baja-hasta-fin-de-temporada\\\/#listItem\",\"name\":\"Neuer se fractura el pie y es baja hasta fin de temporada\"},\"previousItem\":{\"@type\":\"ListItem\",\"@id\":\"https:\\\/\\\/candas365.es\\\/noticias#listItem\",\"name\":\"Home\"}},{\"@type\":\"ListItem\",\"@id\":\"https:\\\/\\\/candas365.es\\\/noticias\\\/neuer-se-fractura-el-pie-y-es-baja-hasta-fin-de-temporada\\\/#listItem\",\"position\":3,\"name\":\"Neuer se fractura el pie y es baja hasta fin de temporada\",\"previousItem\":{\"@type\":\"ListItem\",\"@id\":\"https:\\\/\\\/candas365.es\\\/noticias\\\/category\\\/actualidad\\\/#listItem\",\"name\":\"Actualidad\"}}]},{\"@type\":\"NewsArticle\",\"@id\":\"https:\\\/\\\/candas365.es\\\/noticias\\\/neuer-se-fractura-el-pie-y-es-baja-hasta-fin-de-temporada\\\/#newsarticle\",\"name\":\"Neuer se fractura el pie y es baja hasta fin de temporada | Cand\\u00e1s 365\",\"headline\":\"Neuer se fractura el pie y es baja hasta fin de temporada\",\"author\":{\"@id\":\"https:\\\/\\\/candas365.es\\\/noticias\\\/author\\\/admin\\\/#author\"},\"publisher\":{\"@id\":\"https:\\\/\\\/candas365.es\\\/noticias\\\/#organization\"},\"image\":{\"@type\":\"ImageObject\",\"url\":\"https:\\\/\\\/candas365.es\\\/noticias\\\/wp-content\\\/uploads\\\/2017\\\/04\\\/HOROSCOPOMEYRISA-8.jpg\",\"width\":543,\"height\":330},\"datePublished\":\"2017-04-19T19:24:49+02:00\",\"dateModified\":\"2017-04-19T19:24:49+02:00\",\"inLanguage\":\"es-ES\",\"mainEntityOfPage\":{\"@id\":\"https:\\\/\\\/candas365.es\\\/noticias\\\/neuer-se-fractura-el-pie-y-es-baja-hasta-fin-de-temporada\\\/#webpage\"},\"isPartOf\":{\"@id\":\"https:\\\/\\\/candas365.es\\\/noticias\\\/neuer-se-fractura-el-pie-y-es-baja-hasta-fin-de-temporada\\\/#webpage\"},\"articleSection\":\"Actualidad\",\"dateline\":\"Publicado el abril 19, 2017.\"},{\"@type\":\"Organization\",\"@id\":\"https:\\\/\\\/candas365.es\\\/noticias\\\/#organization\",\"name\":\"Cand\\u00e1s 365\",\"description\":\"Cand\\u00e1s 365 es un diario digital independiente, fundado en 2012, con base en Asturias. Informamos con rigor sobre actualidad, sociedad, cultura y ocio, con una mirada local y global.\",\"url\":\"https:\\\/\\\/candas365.es\\\/noticias\\\/\",\"email\":\"info@candas365.es\",\"telephone\":\"+34652131393\",\"foundingDate\":\"2012-06-10\",\"logo\":{\"@type\":\"ImageObject\",\"url\":\"https:\\\/\\\/candas365.es\\\/noticias\\\/wp-content\\\/uploads\\\/2024\\\/09\\\/Candas-365-Redes.jpg\",\"@id\":\"https:\\\/\\\/candas365.es\\\/noticias\\\/neuer-se-fractura-el-pie-y-es-baja-hasta-fin-de-temporada\\\/#organizationLogo\",\"width\":1152,\"height\":864,\"caption\":\"Cand\\u00e1s 365 Redes\"},\"image\":{\"@id\":\"https:\\\/\\\/candas365.es\\\/noticias\\\/neuer-se-fractura-el-pie-y-es-baja-hasta-fin-de-temporada\\\/#organizationLogo\"},\"sameAs\":[\"https:\\\/\\\/www.facebook.com\\\/Nachofdezber\",\"https:\\\/\\\/x.com\\\/NabercoDigital\",\"https:\\\/\\\/www.instagram.com\\\/nachofdezber\\\/\",\"https:\\\/\\\/www.youtube.com\\\/channel\\\/UCZP-2wLEB9Rv6erhFmqVnvg\"],\"address\":{\"@id\":\"https:\\\/\\\/candas365.es\\\/noticias\\\/#postaladdress\",\"@type\":\"PostalAddress\",\"streetAddress\":\"san antonio 4, san antonio 4\",\"postalCode\":\"33430\",\"addressLocality\":\"Cand\\u00e1s\",\"addressRegion\":\"Asturias\",\"addressCountry\":\"ES\"}},{\"@type\":\"Person\",\"@id\":\"https:\\\/\\\/candas365.es\\\/noticias\\\/author\\\/admin\\\/#author\",\"url\":\"https:\\\/\\\/candas365.es\\\/noticias\\\/author\\\/admin\\\/\",\"name\":\"Cand\\u00e1s 365\",\"image\":{\"@type\":\"ImageObject\",\"@id\":\"https:\\\/\\\/candas365.es\\\/noticias\\\/neuer-se-fractura-el-pie-y-es-baja-hasta-fin-de-temporada\\\/#authorImage\",\"url\":\"https:\\\/\\\/secure.gravatar.com\\\/avatar\\\/496a8e03d0c493ede1718b7934145dbdf8d89be1036b0eec9544e1094c9de390?s=96&d=mm&r=g\",\"width\":96,\"height\":96,\"caption\":\"Cand\\u00e1s 365\"},\"sameAs\":[\"https:\\\/\\\/www.facebook.com\\\/carrenoactualidad\",\"https:\\\/\\\/twitter.com\\\/nbasturias\",\"https:\\\/\\\/www.instagram.com\\\/nachofdezber\\\/\",\"https:\\\/\\\/www.youtube.com\\\/channel\\\/UCZP-2wLEB9Rv6erhFmqVnvg\"]},{\"@type\":\"WebPage\",\"@id\":\"https:\\\/\\\/candas365.es\\\/noticias\\\/neuer-se-fractura-el-pie-y-es-baja-hasta-fin-de-temporada\\\/#webpage\",\"url\":\"https:\\\/\\\/candas365.es\\\/noticias\\\/neuer-se-fractura-el-pie-y-es-baja-hasta-fin-de-temporada\\\/\",\"name\":\"Neuer se fractura el pie y es baja hasta fin de temporada | Cand\\u00e1s 365\",\"description\":\"(dpa) - El arquero del Bayern M\\u00fanich Manuel Neuer se lesion\\u00f3 el pie en la derrota sufrida el martes ante el Real Madrid por los cuartos de final de la Liga de Campeones y se perder\\u00e1 con toda probabilidad el final de la temporada. \\\"Manuel Neuer sufri\\u00f3 desgraciadamente una fractura del pie izquierdo\\\", comunic\\u00f3 el\",\"inLanguage\":\"es-ES\",\"isPartOf\":{\"@id\":\"https:\\\/\\\/candas365.es\\\/noticias\\\/#website\"},\"breadcrumb\":{\"@id\":\"https:\\\/\\\/candas365.es\\\/noticias\\\/neuer-se-fractura-el-pie-y-es-baja-hasta-fin-de-temporada\\\/#breadcrumblist\"},\"author\":{\"@id\":\"https:\\\/\\\/candas365.es\\\/noticias\\\/author\\\/admin\\\/#author\"},\"creator\":{\"@id\":\"https:\\\/\\\/candas365.es\\\/noticias\\\/author\\\/admin\\\/#author\"},\"image\":{\"@type\":\"ImageObject\",\"url\":\"https:\\\/\\\/candas365.es\\\/noticias\\\/wp-content\\\/uploads\\\/2017\\\/04\\\/HOROSCOPOMEYRISA-8.jpg\",\"@id\":\"https:\\\/\\\/candas365.es\\\/noticias\\\/neuer-se-fractura-el-pie-y-es-baja-hasta-fin-de-temporada\\\/#mainImage\",\"width\":543,\"height\":330},\"primaryImageOfPage\":{\"@id\":\"https:\\\/\\\/candas365.es\\\/noticias\\\/neuer-se-fractura-el-pie-y-es-baja-hasta-fin-de-temporada\\\/#mainImage\"},\"datePublished\":\"2017-04-19T19:24:49+02:00\",\"dateModified\":\"2017-04-19T19:24:49+02:00\"},{\"@type\":\"WebSite\",\"@id\":\"https:\\\/\\\/candas365.es\\\/noticias\\\/#website\",\"url\":\"https:\\\/\\\/candas365.es\\\/noticias\\\/\",\"name\":\"Cand\\u00e1s 365\",\"alternateName\":\"Cand\\u00e1s 365 Noticias\",\"description\":\"Actualidad desde Carre\\u00f1o para el mundo\",\"inLanguage\":\"es-ES\",\"publisher\":{\"@id\":\"https:\\\/\\\/candas365.es\\\/noticias\\\/#organization\"}}]}\n\t\t<\/script>\n\t\t<!-- All in One SEO Pro -->\r\n\t\t<title>Neuer se fractura el pie y es baja hasta fin de temporada | Cand\u00e1s 365<\/title>\n\n","aioseo_head_json":{"title":"Neuer se fractura el pie y es baja hasta fin de temporada | Cand\u00e1s 365","description":"(dpa) - El arquero del Bayern M\u00fanich Manuel Neuer se lesion\u00f3 el pie en la derrota sufrida el martes ante el Real Madrid por los cuartos de final de la Liga de Campeones y se perder\u00e1 con toda probabilidad el final de la temporada. \"Manuel Neuer sufri\u00f3 desgraciadamente una fractura del pie izquierdo\", comunic\u00f3 el","canonical_url":"https:\/\/candas365.es\/noticias\/neuer-se-fractura-el-pie-y-es-baja-hasta-fin-de-temporada\/","robots":"max-image-preview:large","keywords":"actualidad","webmasterTools":{"google-site-verification":"UA-32230408-1","msvalidate.01":"354F3CDFB2DA171B47FBE9ABF1F88D5","miscellaneous":""},"schema":{"@context":"https:\/\/schema.org","@graph":[{"@type":"BreadcrumbList","@id":"https:\/\/candas365.es\/noticias\/neuer-se-fractura-el-pie-y-es-baja-hasta-fin-de-temporada\/#breadcrumblist","itemListElement":[{"@type":"ListItem","@id":"https:\/\/candas365.es\/noticias#listItem","position":1,"name":"Home","item":"https:\/\/candas365.es\/noticias","nextItem":{"@type":"ListItem","@id":"https:\/\/candas365.es\/noticias\/category\/actualidad\/#listItem","name":"Actualidad"}},{"@type":"ListItem","@id":"https:\/\/candas365.es\/noticias\/category\/actualidad\/#listItem","position":2,"name":"Actualidad","item":"https:\/\/candas365.es\/noticias\/category\/actualidad\/","nextItem":{"@type":"ListItem","@id":"https:\/\/candas365.es\/noticias\/neuer-se-fractura-el-pie-y-es-baja-hasta-fin-de-temporada\/#listItem","name":"Neuer se fractura el pie y es baja hasta fin de temporada"},"previousItem":{"@type":"ListItem","@id":"https:\/\/candas365.es\/noticias#listItem","name":"Home"}},{"@type":"ListItem","@id":"https:\/\/candas365.es\/noticias\/neuer-se-fractura-el-pie-y-es-baja-hasta-fin-de-temporada\/#listItem","position":3,"name":"Neuer se fractura el pie y es baja hasta fin de temporada","previousItem":{"@type":"ListItem","@id":"https:\/\/candas365.es\/noticias\/category\/actualidad\/#listItem","name":"Actualidad"}}]},{"@type":"NewsArticle","@id":"https:\/\/candas365.es\/noticias\/neuer-se-fractura-el-pie-y-es-baja-hasta-fin-de-temporada\/#newsarticle","name":"Neuer se fractura el pie y es baja hasta fin de temporada | Cand\u00e1s 365","headline":"Neuer se fractura el pie y es baja hasta fin de temporada","author":{"@id":"https:\/\/candas365.es\/noticias\/author\/admin\/#author"},"publisher":{"@id":"https:\/\/candas365.es\/noticias\/#organization"},"image":{"@type":"ImageObject","url":"https:\/\/candas365.es\/noticias\/wp-content\/uploads\/2017\/04\/HOROSCOPOMEYRISA-8.jpg","width":543,"height":330},"datePublished":"2017-04-19T19:24:49+02:00","dateModified":"2017-04-19T19:24:49+02:00","inLanguage":"es-ES","mainEntityOfPage":{"@id":"https:\/\/candas365.es\/noticias\/neuer-se-fractura-el-pie-y-es-baja-hasta-fin-de-temporada\/#webpage"},"isPartOf":{"@id":"https:\/\/candas365.es\/noticias\/neuer-se-fractura-el-pie-y-es-baja-hasta-fin-de-temporada\/#webpage"},"articleSection":"Actualidad","dateline":"Publicado el abril 19, 2017."},{"@type":"Organization","@id":"https:\/\/candas365.es\/noticias\/#organization","name":"Cand\u00e1s 365","description":"Cand\u00e1s 365 es un diario digital independiente, fundado en 2012, con base en Asturias. Informamos con rigor sobre actualidad, sociedad, cultura y ocio, con una mirada local y global.","url":"https:\/\/candas365.es\/noticias\/","email":"info@candas365.es","telephone":"+34652131393","foundingDate":"2012-06-10","logo":{"@type":"ImageObject","url":"https:\/\/candas365.es\/noticias\/wp-content\/uploads\/2024\/09\/Candas-365-Redes.jpg","@id":"https:\/\/candas365.es\/noticias\/neuer-se-fractura-el-pie-y-es-baja-hasta-fin-de-temporada\/#organizationLogo","width":1152,"height":864,"caption":"Cand\u00e1s 365 Redes"},"image":{"@id":"https:\/\/candas365.es\/noticias\/neuer-se-fractura-el-pie-y-es-baja-hasta-fin-de-temporada\/#organizationLogo"},"sameAs":["https:\/\/www.facebook.com\/Nachofdezber","https:\/\/x.com\/NabercoDigital","https:\/\/www.instagram.com\/nachofdezber\/","https:\/\/www.youtube.com\/channel\/UCZP-2wLEB9Rv6erhFmqVnvg"],"address":{"@id":"https:\/\/candas365.es\/noticias\/#postaladdress","@type":"PostalAddress","streetAddress":"san antonio 4, san antonio 4","postalCode":"33430","addressLocality":"Cand\u00e1s","addressRegion":"Asturias","addressCountry":"ES"}},{"@type":"Person","@id":"https:\/\/candas365.es\/noticias\/author\/admin\/#author","url":"https:\/\/candas365.es\/noticias\/author\/admin\/","name":"Cand\u00e1s 365","image":{"@type":"ImageObject","@id":"https:\/\/candas365.es\/noticias\/neuer-se-fractura-el-pie-y-es-baja-hasta-fin-de-temporada\/#authorImage","url":"https:\/\/secure.gravatar.com\/avatar\/496a8e03d0c493ede1718b7934145dbdf8d89be1036b0eec9544e1094c9de390?s=96&d=mm&r=g","width":96,"height":96,"caption":"Cand\u00e1s 365"},"sameAs":["https:\/\/www.facebook.com\/carrenoactualidad","https:\/\/twitter.com\/nbasturias","https:\/\/www.instagram.com\/nachofdezber\/","https:\/\/www.youtube.com\/channel\/UCZP-2wLEB9Rv6erhFmqVnvg"]},{"@type":"WebPage","@id":"https:\/\/candas365.es\/noticias\/neuer-se-fractura-el-pie-y-es-baja-hasta-fin-de-temporada\/#webpage","url":"https:\/\/candas365.es\/noticias\/neuer-se-fractura-el-pie-y-es-baja-hasta-fin-de-temporada\/","name":"Neuer se fractura el pie y es baja hasta fin de temporada | Cand\u00e1s 365","description":"(dpa) - El arquero del Bayern M\u00fanich Manuel Neuer se lesion\u00f3 el pie en la derrota sufrida el martes ante el Real Madrid por los cuartos de final de la Liga de Campeones y se perder\u00e1 con toda probabilidad el final de la temporada. \"Manuel Neuer sufri\u00f3 desgraciadamente una fractura del pie izquierdo\", comunic\u00f3 el","inLanguage":"es-ES","isPartOf":{"@id":"https:\/\/candas365.es\/noticias\/#website"},"breadcrumb":{"@id":"https:\/\/candas365.es\/noticias\/neuer-se-fractura-el-pie-y-es-baja-hasta-fin-de-temporada\/#breadcrumblist"},"author":{"@id":"https:\/\/candas365.es\/noticias\/author\/admin\/#author"},"creator":{"@id":"https:\/\/candas365.es\/noticias\/author\/admin\/#author"},"image":{"@type":"ImageObject","url":"https:\/\/candas365.es\/noticias\/wp-content\/uploads\/2017\/04\/HOROSCOPOMEYRISA-8.jpg","@id":"https:\/\/candas365.es\/noticias\/neuer-se-fractura-el-pie-y-es-baja-hasta-fin-de-temporada\/#mainImage","width":543,"height":330},"primaryImageOfPage":{"@id":"https:\/\/candas365.es\/noticias\/neuer-se-fractura-el-pie-y-es-baja-hasta-fin-de-temporada\/#mainImage"},"datePublished":"2017-04-19T19:24:49+02:00","dateModified":"2017-04-19T19:24:49+02:00"},{"@type":"WebSite","@id":"https:\/\/candas365.es\/noticias\/#website","url":"https:\/\/candas365.es\/noticias\/","name":"Cand\u00e1s 365","alternateName":"Cand\u00e1s 365 Noticias","description":"Actualidad desde Carre\u00f1o para el mundo","inLanguage":"es-ES","publisher":{"@id":"https:\/\/candas365.es\/noticias\/#organization"}}]},"og:locale":"es_ES","og:site_name":"Cand\u00e1s 365","og:type":"article","og:title":"Neuer se fractura el pie y es baja hasta fin de temporada | Cand\u00e1s 365","og:description":"(dpa) - El arquero del Bayern M\u00fanich Manuel Neuer se lesion\u00f3 el pie en la derrota sufrida el martes ante el Real Madrid por los cuartos de final de la Liga de Campeones y se perder\u00e1 con toda probabilidad el final de la temporada. &quot;Manuel Neuer sufri\u00f3 desgraciadamente una fractura del pie izquierdo&quot;, comunic\u00f3 el","og:url":"https:\/\/candas365.es\/noticias\/neuer-se-fractura-el-pie-y-es-baja-hasta-fin-de-temporada\/","og:image":"https:\/\/candas365.es\/noticias\/wp-content\/uploads\/2017\/04\/HOROSCOPOMEYRISA-8.jpg","og:image:secure_url":"https:\/\/candas365.es\/noticias\/wp-content\/uploads\/2017\/04\/HOROSCOPOMEYRISA-8.jpg","og:image:width":543,"og:image:height":330,"article:published_time":"2017-04-19T19:24:49+00:00","article:modified_time":"2017-04-19T19:24:49+00:00","article:publisher":"https:\/\/www.facebook.com\/Nachofdezber","article:author":"https:\/\/www.facebook.com\/carrenoactualidad","twitter:card":"summary_large_image","twitter:site":"@NabercoDigital","twitter:title":"Neuer se fractura el pie y es baja hasta fin de temporada | Cand\u00e1s 365","twitter:description":"(dpa) - El arquero del Bayern M\u00fanich Manuel Neuer se lesion\u00f3 el pie en la derrota sufrida el martes ante el Real Madrid por los cuartos de final de la Liga de Campeones y se perder\u00e1 con toda probabilidad el final de la temporada. &quot;Manuel Neuer sufri\u00f3 desgraciadamente una fractura del pie izquierdo&quot;, comunic\u00f3 el","twitter:creator":"@nbasturias","twitter:image":"https:\/\/candas365.es\/noticias\/wp-content\/uploads\/2017\/04\/HOROSCOPOMEYRISA-8.jpg","twitter:label1":"Escrito por","twitter:data1":"Cand\u00e1s 365","twitter:label2":"Tiempo de lectura estimado","twitter:data2":"1 minuto"},"aioseo_meta_data":{"post_id":"69861","title":null,"description":null,"keywords":null,"keyphrases":null,"primary_term":null,"canonical_url":null,"og_title":null,"og_description":null,"og_object_type":"default","og_image_type":"default","og_image_url":null,"og_image_width":null,"og_image_height":null,"og_image_custom_url":null,"og_image_custom_fields":null,"og_video":null,"og_custom_url":null,"og_article_section":null,"og_article_tags":null,"twitter_use_og":false,"twitter_card":"default","twitter_image_type":"default","twitter_image_url":null,"twitter_image_custom_url":null,"twitter_image_custom_fields":null,"twitter_title":null,"twitter_description":null,"schema":{"blockGraphs":[],"customGraphs":[],"default":{"data":{"Article":[],"Course":[],"Dataset":[],"FAQPage":[],"Movie":[],"Person":[],"Product":[],"ProductReview":[],"Car":[],"Recipe":[],"Service":[],"SoftwareApplication":[],"WebPage":[]},"graphName":"","isEnabled":true},"graphs":[],"defaultGraph":"","defaultPostTypeGraph":""},"schema_type":null,"schema_type_options":null,"pillar_content":false,"robots_default":true,"robots_noindex":false,"robots_noarchive":false,"robots_nosnippet":false,"robots_nofollow":false,"robots_noimageindex":false,"robots_noodp":false,"robots_notranslate":false,"robots_max_snippet":null,"robots_max_videopreview":null,"robots_max_imagepreview":"large","priority":null,"frequency":null,"location":null,"local_seo":null,"seo_analyzer_scan_date":"2025-08-25 11:29:13","breadcrumb_settings":null,"limit_modified_date":false,"reviewed_by":null,"open_ai":null,"ai":null,"created":"2020-12-21 13:01:22","updated":"2025-08-25 11:29:13"},"aioseo_breadcrumb":"<div class=\"aioseo-breadcrumbs\"><span class=\"aioseo-breadcrumb\">\n\t<a href=\"https:\/\/candas365.es\/noticias\" title=\"Home\">Home<\/a>\n<\/span><span class=\"aioseo-breadcrumb-separator\">&ndash;<\/span><span class=\"aioseo-breadcrumb\">\n\t<a href=\"https:\/\/candas365.es\/noticias\/category\/actualidad\/\" title=\"Actualidad\">Actualidad<\/a>\n<\/span><span class=\"aioseo-breadcrumb-separator\">&ndash;<\/span><span class=\"aioseo-breadcrumb\">\n\tNeuer se fractura el pie y es baja hasta fin de temporada\n<\/span><\/div>","aioseo_breadcrumb_json":[{"label":"Home","link":"https:\/\/candas365.es\/noticias"},{"label":"Actualidad","link":"https:\/\/candas365.es\/noticias\/category\/actualidad\/"},{"label":"Neuer se fractura el pie y es baja hasta fin de temporada","link":"https:\/\/candas365.es\/noticias\/neuer-se-fractura-el-pie-y-es-baja-hasta-fin-de-temporada\/"}],"_links":{"self":[{"href":"https:\/\/candas365.es\/noticias\/wp-json\/wp\/v2\/posts\/69861","targetHints":{"allow":["GET"]}}],"collection":[{"href":"https:\/\/candas365.es\/noticias\/wp-json\/wp\/v2\/posts"}],"about":[{"href":"https:\/\/candas365.es\/noticias\/wp-json\/wp\/v2\/types\/post"}],"author":[{"embeddable":true,"href":"https:\/\/candas365.es\/noticias\/wp-json\/wp\/v2\/users\/1"}],"replies":[{"embeddable":true,"href":"https:\/\/candas365.es\/noticias\/wp-json\/wp\/v2\/comments?post=69861"}],"version-history":[{"count":0,"href":"https:\/\/candas365.es\/noticias\/wp-json\/wp\/v2\/posts\/69861\/revisions"}],"wp:featuredmedia":[{"embeddable":true,"href":"https:\/\/candas365.es\/noticias\/wp-json\/wp\/v2\/media\/69643"}],"wp:attachment":[{"href":"https:\/\/candas365.es\/noticias\/wp-json\/wp\/v2\/media?parent=69861"}],"wp:term":[{"taxonomy":"category","embeddable":true,"href":"https:\/\/candas365.es\/noticias\/wp-json\/wp\/v2\/categories?post=69861"},{"taxonomy":"post_tag","embeddable":true,"href":"https:\/\/candas365.es\/noticias\/wp-json\/wp\/v2\/tags?post=69861"}],"curies":[{"name":"wp","href":"https:\/\/api.w.org\/{rel}","templated":true}]}}