{"id":69859,"date":"2017-04-19T19:23:47","date_gmt":"2017-04-19T19:23:47","guid":{"rendered":"http:\/\/candas365.es\/noticias\/?p=69859"},"modified":"2017-04-19T19:23:47","modified_gmt":"2017-04-19T19:23:47","slug":"conservadores-de-merkel-mantienen-solido-liderato-en-sondeos-alemanes","status":"publish","type":"post","link":"https:\/\/candas365.es\/noticias\/conservadores-de-merkel-mantienen-solido-liderato-en-sondeos-alemanes\/","title":{"rendered":"Conservadores de Merkel mantienen s\u00f3lido liderato en sondeos alemanes"},"content":{"rendered":"<p>(dpa) &#8211; A cinco meses de las elecciones generales del 24 de septiembre en Alemania, los conservadores de la canciller Angela Merkel mantienen un s\u00f3lido liderato en las encuestas, seg\u00fan arrojan varios sondeos divulgados hoy.<\/p>\n<p>El Partido Socialdem\u00f3crata (SPD), de centro-izquierda, vivi\u00f3 un inesperado auge despu\u00e9s de que fuese nominado como candidato a la jefatura de gobierno el ex presidente del Parlamento europeo Martin Schulz, pero ahora se ha desinflado en los sondeos.<\/p>\n<p>A tenor de las consultas de los institutos Insa y Forsa, el llamado \u00abefecto Schulz\u00bb ha perdido fuerza mientras la precampa\u00f1a entra en una fase clave, con citas electorales en el peque\u00f1o estado de Schleswig-Holstein, el 7 de mayo, y en el \u00abLand\u00bb m\u00e1s populoso del pa\u00eds, Renania del Norte Westfalia, el 14 de mayo.<\/p>\n<p>En la primera cita electoral del a\u00f1o, en el diminuto estado del Sarre, los democristianos de Merkel obtuvieron un triunfo c\u00f3modo que no auguraban los expertos demosc\u00f3picos y que reforz\u00f3 a la mandataria Merkel en sus aspiraciones de obtener un cuarto mandato en las generales.<\/p>\n<p>El sondeo de Forsa ubica a los dem\u00f3cratas cristianos de Merkel (CDU) y sus socios socialcristianos de Baviera (CSU) en un estable 36 por ciento, seguido del SPD, en un 30 por ciento de la intenci\u00f3n de voto.<\/p>\n<p>La encuesta de Insa publicada por el rotativo de masas \u00abBild\u00bb registr\u00f3 un resultado similar, con un aumento de un punto al 34 por ciento para la CDU y una ca\u00edda del SPD al 30,5 por ciento.<\/p>\n<p>Los sondeos pronostican el ingreso de los antiinmigraci\u00f3n de Alternativa para Alemania (AfD), lo que significar\u00eda que por primera vez un partido xenof\u00f3bo y de ultraderecha tendr\u00eda esca\u00f1os en el Parlamento nacional despu\u00e9s de la Segunda Guerra Mundial.<\/p>\n","protected":false},"excerpt":{"rendered":"<p>(dpa) &#8211; A cinco meses de las elecciones generales del 24 de septiembre en Alemania, los conservadores de la canciller Angela Merkel mantienen un s\u00f3lido liderato en las encuestas, seg\u00fan arrojan varios sondeos divulgados hoy. El Partido Socialdem\u00f3crata (SPD), de centro-izquierda, vivi\u00f3 un inesperado auge despu\u00e9s de que fuese nominado como candidato a la jefatura<\/p>\n","protected":false},"author":1,"featured_media":0,"comment_status":"open","ping_status":"closed","sticky":false,"template":"","format":"standard","meta":{"footnotes":""},"categories":[343],"tags":[],"class_list":{"0":"post-69859","1":"post","2":"type-post","3":"status-publish","4":"format-standard","6":"category-actualidad"},"aioseo_notices":[],"aioseo_head":"\n\t\t<!-- All in One SEO Pro 4.9.6.2 - aioseo.com -->\n\t<meta name=\"description\" content=\"(dpa) - A cinco meses de las elecciones generales del 24 de septiembre en Alemania, los conservadores de la canciller Angela Merkel mantienen un s\u00f3lido liderato en las encuestas, seg\u00fan arrojan varios sondeos divulgados hoy. El Partido Socialdem\u00f3crata (SPD), de centro-izquierda, vivi\u00f3 un inesperado auge despu\u00e9s de que fuese nominado como candidato a la jefatura\" \/>\n\t<meta name=\"robots\" content=\"max-image-preview:large\" \/>\n\t<meta name=\"author\" content=\"Cand\u00e1s 365\"\/>\n\t<meta name=\"google-site-verification\" content=\"UA-32230408-1\" \/>\n\t<meta name=\"msvalidate.01\" content=\"354F3CDFB2DA171B47FBE9ABF1F88D5\" \/>\n\t<meta name=\"keywords\" content=\"actualidad\" \/>\n\t<link rel=\"canonical\" href=\"https:\/\/candas365.es\/noticias\/conservadores-de-merkel-mantienen-solido-liderato-en-sondeos-alemanes\/\" \/>\n\t<meta name=\"generator\" content=\"All in One SEO Pro (AIOSEO) 4.9.6.2\" \/>\n\t\t<meta property=\"og:locale\" content=\"es_ES\" \/>\n\t\t<meta property=\"og:site_name\" content=\"Cand\u00e1s 365\" \/>\n\t\t<meta property=\"og:type\" content=\"article\" \/>\n\t\t<meta property=\"og:title\" content=\"Conservadores de Merkel mantienen s\u00f3lido liderato en sondeos alemanes | Cand\u00e1s 365\" \/>\n\t\t<meta property=\"og:description\" content=\"(dpa) - A cinco meses de las elecciones generales del 24 de septiembre en Alemania, los conservadores de la canciller Angela Merkel mantienen un s\u00f3lido liderato en las encuestas, seg\u00fan arrojan varios sondeos divulgados hoy. El Partido Socialdem\u00f3crata (SPD), de centro-izquierda, vivi\u00f3 un inesperado auge despu\u00e9s de que fuese nominado como candidato a la jefatura\" \/>\n\t\t<meta property=\"og:url\" content=\"https:\/\/candas365.es\/noticias\/conservadores-de-merkel-mantienen-solido-liderato-en-sondeos-alemanes\/\" \/>\n\t\t<meta property=\"og:image\" content=\"https:\/\/candas365.es\/noticias\/wp-content\/uploads\/2024\/09\/Candas-365-Redes.jpg\" \/>\n\t\t<meta property=\"og:image:secure_url\" content=\"https:\/\/candas365.es\/noticias\/wp-content\/uploads\/2024\/09\/Candas-365-Redes.jpg\" \/>\n\t\t<meta property=\"og:image:width\" content=\"1152\" \/>\n\t\t<meta property=\"og:image:height\" content=\"864\" \/>\n\t\t<meta property=\"article:published_time\" content=\"2017-04-19T19:23:47+00:00\" \/>\n\t\t<meta property=\"article:modified_time\" content=\"2017-04-19T19:23:47+00:00\" \/>\n\t\t<meta property=\"article:publisher\" content=\"https:\/\/www.facebook.com\/Nachofdezber\" \/>\n\t\t<meta property=\"article:author\" content=\"https:\/\/www.facebook.com\/carrenoactualidad\" \/>\n\t\t<meta name=\"twitter:card\" content=\"summary_large_image\" \/>\n\t\t<meta name=\"twitter:site\" content=\"@NabercoDigital\" \/>\n\t\t<meta name=\"twitter:title\" content=\"Conservadores de Merkel mantienen s\u00f3lido liderato en sondeos alemanes | Cand\u00e1s 365\" \/>\n\t\t<meta name=\"twitter:description\" content=\"(dpa) - A cinco meses de las elecciones generales del 24 de septiembre en Alemania, los conservadores de la canciller Angela Merkel mantienen un s\u00f3lido liderato en las encuestas, seg\u00fan arrojan varios sondeos divulgados hoy. El Partido Socialdem\u00f3crata (SPD), de centro-izquierda, vivi\u00f3 un inesperado auge despu\u00e9s de que fuese nominado como candidato a la jefatura\" \/>\n\t\t<meta name=\"twitter:creator\" content=\"@nbasturias\" \/>\n\t\t<meta name=\"twitter:image\" content=\"https:\/\/candas365.es\/noticias\/wp-content\/uploads\/2024\/09\/Candas-365-Redes.jpg\" \/>\n\t\t<meta name=\"twitter:label1\" content=\"Escrito por\" \/>\n\t\t<meta name=\"twitter:data1\" content=\"Cand\u00e1s 365\" \/>\n\t\t<meta name=\"twitter:label2\" content=\"Tiempo de lectura estimado\" \/>\n\t\t<meta name=\"twitter:data2\" content=\"1 minuto\" \/>\n\t\t<script type=\"application\/ld+json\" class=\"aioseo-schema\">\n\t\t\t{\"@context\":\"https:\\\/\\\/schema.org\",\"@graph\":[{\"@type\":\"BreadcrumbList\",\"@id\":\"https:\\\/\\\/candas365.es\\\/noticias\\\/conservadores-de-merkel-mantienen-solido-liderato-en-sondeos-alemanes\\\/#breadcrumblist\",\"itemListElement\":[{\"@type\":\"ListItem\",\"@id\":\"https:\\\/\\\/candas365.es\\\/noticias#listItem\",\"position\":1,\"name\":\"Home\",\"item\":\"https:\\\/\\\/candas365.es\\\/noticias\",\"nextItem\":{\"@type\":\"ListItem\",\"@id\":\"https:\\\/\\\/candas365.es\\\/noticias\\\/category\\\/actualidad\\\/#listItem\",\"name\":\"Actualidad\"}},{\"@type\":\"ListItem\",\"@id\":\"https:\\\/\\\/candas365.es\\\/noticias\\\/category\\\/actualidad\\\/#listItem\",\"position\":2,\"name\":\"Actualidad\",\"item\":\"https:\\\/\\\/candas365.es\\\/noticias\\\/category\\\/actualidad\\\/\",\"nextItem\":{\"@type\":\"ListItem\",\"@id\":\"https:\\\/\\\/candas365.es\\\/noticias\\\/conservadores-de-merkel-mantienen-solido-liderato-en-sondeos-alemanes\\\/#listItem\",\"name\":\"Conservadores de Merkel mantienen s\\u00f3lido liderato en sondeos alemanes\"},\"previousItem\":{\"@type\":\"ListItem\",\"@id\":\"https:\\\/\\\/candas365.es\\\/noticias#listItem\",\"name\":\"Home\"}},{\"@type\":\"ListItem\",\"@id\":\"https:\\\/\\\/candas365.es\\\/noticias\\\/conservadores-de-merkel-mantienen-solido-liderato-en-sondeos-alemanes\\\/#listItem\",\"position\":3,\"name\":\"Conservadores de Merkel mantienen s\\u00f3lido liderato en sondeos alemanes\",\"previousItem\":{\"@type\":\"ListItem\",\"@id\":\"https:\\\/\\\/candas365.es\\\/noticias\\\/category\\\/actualidad\\\/#listItem\",\"name\":\"Actualidad\"}}]},{\"@type\":\"NewsArticle\",\"@id\":\"https:\\\/\\\/candas365.es\\\/noticias\\\/conservadores-de-merkel-mantienen-solido-liderato-en-sondeos-alemanes\\\/#newsarticle\",\"name\":\"Conservadores de Merkel mantienen s\\u00f3lido liderato en sondeos alemanes | Cand\\u00e1s 365\",\"headline\":\"Conservadores de Merkel mantienen s\\u00f3lido liderato en sondeos alemanes\",\"author\":{\"@id\":\"https:\\\/\\\/candas365.es\\\/noticias\\\/author\\\/admin\\\/#author\"},\"publisher\":{\"@id\":\"https:\\\/\\\/candas365.es\\\/noticias\\\/#organization\"},\"image\":{\"@type\":\"ImageObject\",\"url\":\"https:\\\/\\\/candas365.es\\\/noticias\\\/wp-content\\\/uploads\\\/2024\\\/09\\\/Candas-365-Redes.jpg\",\"@id\":\"https:\\\/\\\/candas365.es\\\/noticias\\\/#articleImage\",\"width\":1152,\"height\":864,\"caption\":\"Cand\\u00e1s 365 Redes\"},\"datePublished\":\"2017-04-19T19:23:47+02:00\",\"dateModified\":\"2017-04-19T19:23:47+02:00\",\"inLanguage\":\"es-ES\",\"mainEntityOfPage\":{\"@id\":\"https:\\\/\\\/candas365.es\\\/noticias\\\/conservadores-de-merkel-mantienen-solido-liderato-en-sondeos-alemanes\\\/#webpage\"},\"isPartOf\":{\"@id\":\"https:\\\/\\\/candas365.es\\\/noticias\\\/conservadores-de-merkel-mantienen-solido-liderato-en-sondeos-alemanes\\\/#webpage\"},\"articleSection\":\"Actualidad\",\"dateline\":\"Publicado el abril 19, 2017.\"},{\"@type\":\"Organization\",\"@id\":\"https:\\\/\\\/candas365.es\\\/noticias\\\/#organization\",\"name\":\"Cand\\u00e1s 365\",\"description\":\"Cand\\u00e1s 365 es un diario digital independiente, fundado en 2012, con base en Asturias. Informamos con rigor sobre actualidad, sociedad, cultura y ocio, con una mirada local y global.\",\"url\":\"https:\\\/\\\/candas365.es\\\/noticias\\\/\",\"email\":\"info@candas365.es\",\"telephone\":\"+34652131393\",\"foundingDate\":\"2012-06-10\",\"logo\":{\"@type\":\"ImageObject\",\"url\":\"https:\\\/\\\/candas365.es\\\/noticias\\\/wp-content\\\/uploads\\\/2024\\\/09\\\/Candas-365-Redes.jpg\",\"@id\":\"https:\\\/\\\/candas365.es\\\/noticias\\\/conservadores-de-merkel-mantienen-solido-liderato-en-sondeos-alemanes\\\/#organizationLogo\",\"width\":1152,\"height\":864,\"caption\":\"Cand\\u00e1s 365 Redes\"},\"image\":{\"@id\":\"https:\\\/\\\/candas365.es\\\/noticias\\\/conservadores-de-merkel-mantienen-solido-liderato-en-sondeos-alemanes\\\/#organizationLogo\"},\"sameAs\":[\"https:\\\/\\\/www.facebook.com\\\/Nachofdezber\",\"https:\\\/\\\/x.com\\\/NabercoDigital\",\"https:\\\/\\\/www.instagram.com\\\/nachofdezber\\\/\",\"https:\\\/\\\/www.youtube.com\\\/channel\\\/UCZP-2wLEB9Rv6erhFmqVnvg\"],\"address\":{\"@id\":\"https:\\\/\\\/candas365.es\\\/noticias\\\/#postaladdress\",\"@type\":\"PostalAddress\",\"streetAddress\":\"san antonio 4, san antonio 4\",\"postalCode\":\"33430\",\"addressLocality\":\"Cand\\u00e1s\",\"addressRegion\":\"Asturias\",\"addressCountry\":\"ES\"}},{\"@type\":\"Person\",\"@id\":\"https:\\\/\\\/candas365.es\\\/noticias\\\/author\\\/admin\\\/#author\",\"url\":\"https:\\\/\\\/candas365.es\\\/noticias\\\/author\\\/admin\\\/\",\"name\":\"Cand\\u00e1s 365\",\"image\":{\"@type\":\"ImageObject\",\"@id\":\"https:\\\/\\\/candas365.es\\\/noticias\\\/conservadores-de-merkel-mantienen-solido-liderato-en-sondeos-alemanes\\\/#authorImage\",\"url\":\"https:\\\/\\\/secure.gravatar.com\\\/avatar\\\/496a8e03d0c493ede1718b7934145dbdf8d89be1036b0eec9544e1094c9de390?s=96&d=mm&r=g\",\"width\":96,\"height\":96,\"caption\":\"Cand\\u00e1s 365\"},\"sameAs\":[\"https:\\\/\\\/www.facebook.com\\\/carrenoactualidad\",\"https:\\\/\\\/twitter.com\\\/nbasturias\",\"https:\\\/\\\/www.instagram.com\\\/nachofdezber\\\/\",\"https:\\\/\\\/www.youtube.com\\\/channel\\\/UCZP-2wLEB9Rv6erhFmqVnvg\"]},{\"@type\":\"WebPage\",\"@id\":\"https:\\\/\\\/candas365.es\\\/noticias\\\/conservadores-de-merkel-mantienen-solido-liderato-en-sondeos-alemanes\\\/#webpage\",\"url\":\"https:\\\/\\\/candas365.es\\\/noticias\\\/conservadores-de-merkel-mantienen-solido-liderato-en-sondeos-alemanes\\\/\",\"name\":\"Conservadores de Merkel mantienen s\\u00f3lido liderato en sondeos alemanes | Cand\\u00e1s 365\",\"description\":\"(dpa) - A cinco meses de las elecciones generales del 24 de septiembre en Alemania, los conservadores de la canciller Angela Merkel mantienen un s\\u00f3lido liderato en las encuestas, seg\\u00fan arrojan varios sondeos divulgados hoy. El Partido Socialdem\\u00f3crata (SPD), de centro-izquierda, vivi\\u00f3 un inesperado auge despu\\u00e9s de que fuese nominado como candidato a la jefatura\",\"inLanguage\":\"es-ES\",\"isPartOf\":{\"@id\":\"https:\\\/\\\/candas365.es\\\/noticias\\\/#website\"},\"breadcrumb\":{\"@id\":\"https:\\\/\\\/candas365.es\\\/noticias\\\/conservadores-de-merkel-mantienen-solido-liderato-en-sondeos-alemanes\\\/#breadcrumblist\"},\"author\":{\"@id\":\"https:\\\/\\\/candas365.es\\\/noticias\\\/author\\\/admin\\\/#author\"},\"creator\":{\"@id\":\"https:\\\/\\\/candas365.es\\\/noticias\\\/author\\\/admin\\\/#author\"},\"datePublished\":\"2017-04-19T19:23:47+02:00\",\"dateModified\":\"2017-04-19T19:23:47+02:00\"},{\"@type\":\"WebSite\",\"@id\":\"https:\\\/\\\/candas365.es\\\/noticias\\\/#website\",\"url\":\"https:\\\/\\\/candas365.es\\\/noticias\\\/\",\"name\":\"Cand\\u00e1s 365\",\"alternateName\":\"Cand\\u00e1s 365 Noticias\",\"description\":\"Actualidad desde Carre\\u00f1o para el mundo\",\"inLanguage\":\"es-ES\",\"publisher\":{\"@id\":\"https:\\\/\\\/candas365.es\\\/noticias\\\/#organization\"}}]}\n\t\t<\/script>\n\t\t<!-- All in One SEO Pro -->\r\n\t\t<title>Conservadores de Merkel mantienen s\u00f3lido liderato en sondeos alemanes | Cand\u00e1s 365<\/title>\n\n","aioseo_head_json":{"title":"Conservadores de Merkel mantienen s\u00f3lido liderato en sondeos alemanes | Cand\u00e1s 365","description":"(dpa) - A cinco meses de las elecciones generales del 24 de septiembre en Alemania, los conservadores de la canciller Angela Merkel mantienen un s\u00f3lido liderato en las encuestas, seg\u00fan arrojan varios sondeos divulgados hoy. El Partido Socialdem\u00f3crata (SPD), de centro-izquierda, vivi\u00f3 un inesperado auge despu\u00e9s de que fuese nominado como candidato a la jefatura","canonical_url":"https:\/\/candas365.es\/noticias\/conservadores-de-merkel-mantienen-solido-liderato-en-sondeos-alemanes\/","robots":"max-image-preview:large","keywords":"actualidad","webmasterTools":{"google-site-verification":"UA-32230408-1","msvalidate.01":"354F3CDFB2DA171B47FBE9ABF1F88D5","miscellaneous":""},"schema":{"@context":"https:\/\/schema.org","@graph":[{"@type":"BreadcrumbList","@id":"https:\/\/candas365.es\/noticias\/conservadores-de-merkel-mantienen-solido-liderato-en-sondeos-alemanes\/#breadcrumblist","itemListElement":[{"@type":"ListItem","@id":"https:\/\/candas365.es\/noticias#listItem","position":1,"name":"Home","item":"https:\/\/candas365.es\/noticias","nextItem":{"@type":"ListItem","@id":"https:\/\/candas365.es\/noticias\/category\/actualidad\/#listItem","name":"Actualidad"}},{"@type":"ListItem","@id":"https:\/\/candas365.es\/noticias\/category\/actualidad\/#listItem","position":2,"name":"Actualidad","item":"https:\/\/candas365.es\/noticias\/category\/actualidad\/","nextItem":{"@type":"ListItem","@id":"https:\/\/candas365.es\/noticias\/conservadores-de-merkel-mantienen-solido-liderato-en-sondeos-alemanes\/#listItem","name":"Conservadores de Merkel mantienen s\u00f3lido liderato en sondeos alemanes"},"previousItem":{"@type":"ListItem","@id":"https:\/\/candas365.es\/noticias#listItem","name":"Home"}},{"@type":"ListItem","@id":"https:\/\/candas365.es\/noticias\/conservadores-de-merkel-mantienen-solido-liderato-en-sondeos-alemanes\/#listItem","position":3,"name":"Conservadores de Merkel mantienen s\u00f3lido liderato en sondeos alemanes","previousItem":{"@type":"ListItem","@id":"https:\/\/candas365.es\/noticias\/category\/actualidad\/#listItem","name":"Actualidad"}}]},{"@type":"NewsArticle","@id":"https:\/\/candas365.es\/noticias\/conservadores-de-merkel-mantienen-solido-liderato-en-sondeos-alemanes\/#newsarticle","name":"Conservadores de Merkel mantienen s\u00f3lido liderato en sondeos alemanes | Cand\u00e1s 365","headline":"Conservadores de Merkel mantienen s\u00f3lido liderato en sondeos alemanes","author":{"@id":"https:\/\/candas365.es\/noticias\/author\/admin\/#author"},"publisher":{"@id":"https:\/\/candas365.es\/noticias\/#organization"},"image":{"@type":"ImageObject","url":"https:\/\/candas365.es\/noticias\/wp-content\/uploads\/2024\/09\/Candas-365-Redes.jpg","@id":"https:\/\/candas365.es\/noticias\/#articleImage","width":1152,"height":864,"caption":"Cand\u00e1s 365 Redes"},"datePublished":"2017-04-19T19:23:47+02:00","dateModified":"2017-04-19T19:23:47+02:00","inLanguage":"es-ES","mainEntityOfPage":{"@id":"https:\/\/candas365.es\/noticias\/conservadores-de-merkel-mantienen-solido-liderato-en-sondeos-alemanes\/#webpage"},"isPartOf":{"@id":"https:\/\/candas365.es\/noticias\/conservadores-de-merkel-mantienen-solido-liderato-en-sondeos-alemanes\/#webpage"},"articleSection":"Actualidad","dateline":"Publicado el abril 19, 2017."},{"@type":"Organization","@id":"https:\/\/candas365.es\/noticias\/#organization","name":"Cand\u00e1s 365","description":"Cand\u00e1s 365 es un diario digital independiente, fundado en 2012, con base en Asturias. Informamos con rigor sobre actualidad, sociedad, cultura y ocio, con una mirada local y global.","url":"https:\/\/candas365.es\/noticias\/","email":"info@candas365.es","telephone":"+34652131393","foundingDate":"2012-06-10","logo":{"@type":"ImageObject","url":"https:\/\/candas365.es\/noticias\/wp-content\/uploads\/2024\/09\/Candas-365-Redes.jpg","@id":"https:\/\/candas365.es\/noticias\/conservadores-de-merkel-mantienen-solido-liderato-en-sondeos-alemanes\/#organizationLogo","width":1152,"height":864,"caption":"Cand\u00e1s 365 Redes"},"image":{"@id":"https:\/\/candas365.es\/noticias\/conservadores-de-merkel-mantienen-solido-liderato-en-sondeos-alemanes\/#organizationLogo"},"sameAs":["https:\/\/www.facebook.com\/Nachofdezber","https:\/\/x.com\/NabercoDigital","https:\/\/www.instagram.com\/nachofdezber\/","https:\/\/www.youtube.com\/channel\/UCZP-2wLEB9Rv6erhFmqVnvg"],"address":{"@id":"https:\/\/candas365.es\/noticias\/#postaladdress","@type":"PostalAddress","streetAddress":"san antonio 4, san antonio 4","postalCode":"33430","addressLocality":"Cand\u00e1s","addressRegion":"Asturias","addressCountry":"ES"}},{"@type":"Person","@id":"https:\/\/candas365.es\/noticias\/author\/admin\/#author","url":"https:\/\/candas365.es\/noticias\/author\/admin\/","name":"Cand\u00e1s 365","image":{"@type":"ImageObject","@id":"https:\/\/candas365.es\/noticias\/conservadores-de-merkel-mantienen-solido-liderato-en-sondeos-alemanes\/#authorImage","url":"https:\/\/secure.gravatar.com\/avatar\/496a8e03d0c493ede1718b7934145dbdf8d89be1036b0eec9544e1094c9de390?s=96&d=mm&r=g","width":96,"height":96,"caption":"Cand\u00e1s 365"},"sameAs":["https:\/\/www.facebook.com\/carrenoactualidad","https:\/\/twitter.com\/nbasturias","https:\/\/www.instagram.com\/nachofdezber\/","https:\/\/www.youtube.com\/channel\/UCZP-2wLEB9Rv6erhFmqVnvg"]},{"@type":"WebPage","@id":"https:\/\/candas365.es\/noticias\/conservadores-de-merkel-mantienen-solido-liderato-en-sondeos-alemanes\/#webpage","url":"https:\/\/candas365.es\/noticias\/conservadores-de-merkel-mantienen-solido-liderato-en-sondeos-alemanes\/","name":"Conservadores de Merkel mantienen s\u00f3lido liderato en sondeos alemanes | Cand\u00e1s 365","description":"(dpa) - A cinco meses de las elecciones generales del 24 de septiembre en Alemania, los conservadores de la canciller Angela Merkel mantienen un s\u00f3lido liderato en las encuestas, seg\u00fan arrojan varios sondeos divulgados hoy. El Partido Socialdem\u00f3crata (SPD), de centro-izquierda, vivi\u00f3 un inesperado auge despu\u00e9s de que fuese nominado como candidato a la jefatura","inLanguage":"es-ES","isPartOf":{"@id":"https:\/\/candas365.es\/noticias\/#website"},"breadcrumb":{"@id":"https:\/\/candas365.es\/noticias\/conservadores-de-merkel-mantienen-solido-liderato-en-sondeos-alemanes\/#breadcrumblist"},"author":{"@id":"https:\/\/candas365.es\/noticias\/author\/admin\/#author"},"creator":{"@id":"https:\/\/candas365.es\/noticias\/author\/admin\/#author"},"datePublished":"2017-04-19T19:23:47+02:00","dateModified":"2017-04-19T19:23:47+02:00"},{"@type":"WebSite","@id":"https:\/\/candas365.es\/noticias\/#website","url":"https:\/\/candas365.es\/noticias\/","name":"Cand\u00e1s 365","alternateName":"Cand\u00e1s 365 Noticias","description":"Actualidad desde Carre\u00f1o para el mundo","inLanguage":"es-ES","publisher":{"@id":"https:\/\/candas365.es\/noticias\/#organization"}}]},"og:locale":"es_ES","og:site_name":"Cand\u00e1s 365","og:type":"article","og:title":"Conservadores de Merkel mantienen s\u00f3lido liderato en sondeos alemanes | Cand\u00e1s 365","og:description":"(dpa) - A cinco meses de las elecciones generales del 24 de septiembre en Alemania, los conservadores de la canciller Angela Merkel mantienen un s\u00f3lido liderato en las encuestas, seg\u00fan arrojan varios sondeos divulgados hoy. El Partido Socialdem\u00f3crata (SPD), de centro-izquierda, vivi\u00f3 un inesperado auge despu\u00e9s de que fuese nominado como candidato a la jefatura","og:url":"https:\/\/candas365.es\/noticias\/conservadores-de-merkel-mantienen-solido-liderato-en-sondeos-alemanes\/","og:image":"https:\/\/candas365.es\/noticias\/wp-content\/uploads\/2024\/09\/Candas-365-Redes.jpg","og:image:secure_url":"https:\/\/candas365.es\/noticias\/wp-content\/uploads\/2024\/09\/Candas-365-Redes.jpg","og:image:width":1152,"og:image:height":864,"article:published_time":"2017-04-19T19:23:47+00:00","article:modified_time":"2017-04-19T19:23:47+00:00","article:publisher":"https:\/\/www.facebook.com\/Nachofdezber","article:author":"https:\/\/www.facebook.com\/carrenoactualidad","twitter:card":"summary_large_image","twitter:site":"@NabercoDigital","twitter:title":"Conservadores de Merkel mantienen s\u00f3lido liderato en sondeos alemanes | Cand\u00e1s 365","twitter:description":"(dpa) - A cinco meses de las elecciones generales del 24 de septiembre en Alemania, los conservadores de la canciller Angela Merkel mantienen un s\u00f3lido liderato en las encuestas, seg\u00fan arrojan varios sondeos divulgados hoy. El Partido Socialdem\u00f3crata (SPD), de centro-izquierda, vivi\u00f3 un inesperado auge despu\u00e9s de que fuese nominado como candidato a la jefatura","twitter:creator":"@nbasturias","twitter:image":"https:\/\/candas365.es\/noticias\/wp-content\/uploads\/2024\/09\/Candas-365-Redes.jpg","twitter:label1":"Escrito por","twitter:data1":"Cand\u00e1s 365","twitter:label2":"Tiempo de lectura estimado","twitter:data2":"1 minuto"},"aioseo_meta_data":{"post_id":"69859","title":null,"description":null,"keywords":null,"keyphrases":null,"primary_term":null,"canonical_url":null,"og_title":null,"og_description":null,"og_object_type":"default","og_image_type":"default","og_image_url":null,"og_image_width":null,"og_image_height":null,"og_image_custom_url":null,"og_image_custom_fields":null,"og_video":null,"og_custom_url":null,"og_article_section":null,"og_article_tags":null,"twitter_use_og":false,"twitter_card":"default","twitter_image_type":"default","twitter_image_url":null,"twitter_image_custom_url":null,"twitter_image_custom_fields":null,"twitter_title":null,"twitter_description":null,"schema":{"blockGraphs":[],"customGraphs":[],"default":{"data":{"Article":[],"Course":[],"Dataset":[],"FAQPage":[],"Movie":[],"Person":[],"Product":[],"ProductReview":[],"Car":[],"Recipe":[],"Service":[],"SoftwareApplication":[],"WebPage":[]},"graphName":"","isEnabled":true},"graphs":[],"defaultGraph":"","defaultPostTypeGraph":""},"schema_type":null,"schema_type_options":null,"pillar_content":false,"robots_default":true,"robots_noindex":false,"robots_noarchive":false,"robots_nosnippet":false,"robots_nofollow":false,"robots_noimageindex":false,"robots_noodp":false,"robots_notranslate":false,"robots_max_snippet":null,"robots_max_videopreview":null,"robots_max_imagepreview":"large","priority":null,"frequency":null,"location":null,"local_seo":null,"seo_analyzer_scan_date":"2025-08-25 11:29:12","breadcrumb_settings":null,"limit_modified_date":false,"reviewed_by":null,"open_ai":null,"ai":null,"created":"2020-12-21 13:01:22","updated":"2025-08-25 11:29:12"},"aioseo_breadcrumb":"<div class=\"aioseo-breadcrumbs\"><span class=\"aioseo-breadcrumb\">\n\t<a href=\"https:\/\/candas365.es\/noticias\" title=\"Home\">Home<\/a>\n<\/span><span class=\"aioseo-breadcrumb-separator\">&ndash;<\/span><span class=\"aioseo-breadcrumb\">\n\t<a href=\"https:\/\/candas365.es\/noticias\/category\/actualidad\/\" title=\"Actualidad\">Actualidad<\/a>\n<\/span><span class=\"aioseo-breadcrumb-separator\">&ndash;<\/span><span class=\"aioseo-breadcrumb\">\n\tConservadores de Merkel mantienen s\u00f3lido liderato en sondeos alemanes\n<\/span><\/div>","aioseo_breadcrumb_json":[{"label":"Home","link":"https:\/\/candas365.es\/noticias"},{"label":"Actualidad","link":"https:\/\/candas365.es\/noticias\/category\/actualidad\/"},{"label":"Conservadores de Merkel mantienen s\u00f3lido liderato en sondeos alemanes","link":"https:\/\/candas365.es\/noticias\/conservadores-de-merkel-mantienen-solido-liderato-en-sondeos-alemanes\/"}],"_links":{"self":[{"href":"https:\/\/candas365.es\/noticias\/wp-json\/wp\/v2\/posts\/69859","targetHints":{"allow":["GET"]}}],"collection":[{"href":"https:\/\/candas365.es\/noticias\/wp-json\/wp\/v2\/posts"}],"about":[{"href":"https:\/\/candas365.es\/noticias\/wp-json\/wp\/v2\/types\/post"}],"author":[{"embeddable":true,"href":"https:\/\/candas365.es\/noticias\/wp-json\/wp\/v2\/users\/1"}],"replies":[{"embeddable":true,"href":"https:\/\/candas365.es\/noticias\/wp-json\/wp\/v2\/comments?post=69859"}],"version-history":[{"count":0,"href":"https:\/\/candas365.es\/noticias\/wp-json\/wp\/v2\/posts\/69859\/revisions"}],"wp:attachment":[{"href":"https:\/\/candas365.es\/noticias\/wp-json\/wp\/v2\/media?parent=69859"}],"wp:term":[{"taxonomy":"category","embeddable":true,"href":"https:\/\/candas365.es\/noticias\/wp-json\/wp\/v2\/categories?post=69859"},{"taxonomy":"post_tag","embeddable":true,"href":"https:\/\/candas365.es\/noticias\/wp-json\/wp\/v2\/tags?post=69859"}],"curies":[{"name":"wp","href":"https:\/\/api.w.org\/{rel}","templated":true}]}}