{"id":69851,"date":"2017-04-19T19:20:47","date_gmt":"2017-04-19T19:20:47","guid":{"rendered":"http:\/\/candas365.es\/noticias\/?p=69851"},"modified":"2017-04-19T19:20:47","modified_gmt":"2017-04-19T19:20:47","slug":"uefa-no-abrio-ningun-expediente-por-protestas-del-bayern-al-arbitro","status":"publish","type":"post","link":"https:\/\/candas365.es\/noticias\/uefa-no-abrio-ningun-expediente-por-protestas-del-bayern-al-arbitro\/","title":{"rendered":"UEFA no abri\u00f3 ning\u00fan expediente por protestas del Bayern al \u00e1rbitro"},"content":{"rendered":"<p>(dpa) &#8211; La UEFA asegur\u00f3 hoy que no abri\u00f3 ning\u00fan expediente disciplinario tras el encuentro entre el Real Madrid y el Bayern M\u00fanich, pese a las informaciones sobre un presunta irrupci\u00f3n de varios jugadores del conjunto alem\u00e1n en la zona del \u00e1rbitro despu\u00e9s del partido.<\/p>\n<p>Ante la consulta de dpa, el ente rector del f\u00fatbol europeo se\u00f1al\u00f3 que no se abri\u00f3 ning\u00fan tipo de expediente despu\u00e9s del dram\u00e1tico y pol\u00e9mico partido que el Real Madrid gan\u00f3 4-2 en la pr\u00f3rroga para sellar su pase a las semifinales de la Liga de Campeones.<\/p>\n<p>Ello no implica, sin embargo, que la UEFA no pueda tomar acciones disciplinarias en el futuro.<\/p>\n<p>Seg\u00fan informaciones coincidentes en la prensa espa\u00f1ola, los jugadores del Bayern Robert Lewandowski, Arturo Vidal y Thiago Alc\u00e1ntara siguieron al \u00e1rbitro h\u00fangaro Viktor Kassai hasta su vestuario despu\u00e9s del partido, furiosos por los errores del juez. Incluso, algunos medios se\u00f1alan que los jugadores debieron ser retirados por la polic\u00eda.<\/p>\n<p>Jugadores, cuerpo t\u00e9cnico y directivos del Bayern tuvieron muy duras palabras hacia el juez tras el encuentro disputado en la noche del martes en el Santiago Bernab\u00e9u.<\/p>\n<p>Vidal habl\u00f3 de un \u00abrobo\u00bb y calific\u00f3 de \u00abpayaso\u00bb al \u00e1rbitro. Y tampoco el presidente de la junta directiva del Bayern M\u00fanich, Karl-Heinz Rummenigge, mantuvo los mejores modales. \u00abNos han cagado con todas las letras\u00bb, arremeti\u00f3 en la cena posterior a la derrota.<\/p>\n<p>Kassai qued\u00f3 en la mira por la expulsi\u00f3n de Vidal a seis minutos del final del tiempo de regular y por la convalidaci\u00f3n de dos goles en fuera de juego de Cristiano Ronaldo durante la pr\u00f3rroga.<\/p>\n","protected":false},"excerpt":{"rendered":"<p>(dpa) &#8211; La UEFA asegur\u00f3 hoy que no abri\u00f3 ning\u00fan expediente disciplinario tras el encuentro entre el Real Madrid y el Bayern M\u00fanich, pese a las informaciones sobre un presunta irrupci\u00f3n de varios jugadores del conjunto alem\u00e1n en la zona del \u00e1rbitro despu\u00e9s del partido. Ante la consulta de dpa, el ente rector del f\u00fatbol<\/p>\n","protected":false},"author":1,"featured_media":0,"comment_status":"open","ping_status":"closed","sticky":false,"template":"","format":"standard","meta":{"footnotes":""},"categories":[343],"tags":[],"class_list":{"0":"post-69851","1":"post","2":"type-post","3":"status-publish","4":"format-standard","6":"category-actualidad"},"aioseo_notices":[],"aioseo_head":"\n\t\t<!-- All in One SEO Pro 4.9.6.2 - aioseo.com -->\n\t<meta name=\"description\" content=\"(dpa) - La UEFA asegur\u00f3 hoy que no abri\u00f3 ning\u00fan expediente disciplinario tras el encuentro entre el Real Madrid y el Bayern M\u00fanich, pese a las informaciones sobre un presunta irrupci\u00f3n de varios jugadores del conjunto alem\u00e1n en la zona del \u00e1rbitro despu\u00e9s del partido. Ante la consulta de dpa, el ente rector del f\u00fatbol\" \/>\n\t<meta name=\"robots\" content=\"max-image-preview:large\" \/>\n\t<meta name=\"author\" content=\"Cand\u00e1s 365\"\/>\n\t<meta name=\"google-site-verification\" content=\"UA-32230408-1\" \/>\n\t<meta name=\"msvalidate.01\" content=\"354F3CDFB2DA171B47FBE9ABF1F88D5\" \/>\n\t<meta name=\"keywords\" content=\"actualidad\" \/>\n\t<link rel=\"canonical\" href=\"https:\/\/candas365.es\/noticias\/uefa-no-abrio-ningun-expediente-por-protestas-del-bayern-al-arbitro\/\" \/>\n\t<meta name=\"generator\" content=\"All in One SEO Pro (AIOSEO) 4.9.6.2\" \/>\n\t\t<meta property=\"og:locale\" content=\"es_ES\" \/>\n\t\t<meta property=\"og:site_name\" content=\"Cand\u00e1s 365\" \/>\n\t\t<meta property=\"og:type\" content=\"article\" \/>\n\t\t<meta property=\"og:title\" content=\"UEFA no abri\u00f3 ning\u00fan expediente por protestas del Bayern al \u00e1rbitro | Cand\u00e1s 365\" \/>\n\t\t<meta property=\"og:description\" content=\"(dpa) - La UEFA asegur\u00f3 hoy que no abri\u00f3 ning\u00fan expediente disciplinario tras el encuentro entre el Real Madrid y el Bayern M\u00fanich, pese a las informaciones sobre un presunta irrupci\u00f3n de varios jugadores del conjunto alem\u00e1n en la zona del \u00e1rbitro despu\u00e9s del partido. Ante la consulta de dpa, el ente rector del f\u00fatbol\" \/>\n\t\t<meta property=\"og:url\" content=\"https:\/\/candas365.es\/noticias\/uefa-no-abrio-ningun-expediente-por-protestas-del-bayern-al-arbitro\/\" \/>\n\t\t<meta property=\"og:image\" content=\"https:\/\/candas365.es\/noticias\/wp-content\/uploads\/2024\/09\/Candas-365-Redes.jpg\" \/>\n\t\t<meta property=\"og:image:secure_url\" content=\"https:\/\/candas365.es\/noticias\/wp-content\/uploads\/2024\/09\/Candas-365-Redes.jpg\" \/>\n\t\t<meta property=\"og:image:width\" content=\"1152\" \/>\n\t\t<meta property=\"og:image:height\" content=\"864\" \/>\n\t\t<meta property=\"article:published_time\" content=\"2017-04-19T19:20:47+00:00\" \/>\n\t\t<meta property=\"article:modified_time\" content=\"2017-04-19T19:20:47+00:00\" \/>\n\t\t<meta property=\"article:publisher\" content=\"https:\/\/www.facebook.com\/Nachofdezber\" \/>\n\t\t<meta property=\"article:author\" content=\"https:\/\/www.facebook.com\/carrenoactualidad\" \/>\n\t\t<meta name=\"twitter:card\" content=\"summary_large_image\" \/>\n\t\t<meta name=\"twitter:site\" content=\"@NabercoDigital\" \/>\n\t\t<meta name=\"twitter:title\" content=\"UEFA no abri\u00f3 ning\u00fan expediente por protestas del Bayern al \u00e1rbitro | Cand\u00e1s 365\" \/>\n\t\t<meta name=\"twitter:description\" content=\"(dpa) - La UEFA asegur\u00f3 hoy que no abri\u00f3 ning\u00fan expediente disciplinario tras el encuentro entre el Real Madrid y el Bayern M\u00fanich, pese a las informaciones sobre un presunta irrupci\u00f3n de varios jugadores del conjunto alem\u00e1n en la zona del \u00e1rbitro despu\u00e9s del partido. Ante la consulta de dpa, el ente rector del f\u00fatbol\" \/>\n\t\t<meta name=\"twitter:creator\" content=\"@nbasturias\" \/>\n\t\t<meta name=\"twitter:image\" content=\"https:\/\/candas365.es\/noticias\/wp-content\/uploads\/2024\/09\/Candas-365-Redes.jpg\" \/>\n\t\t<meta name=\"twitter:label1\" content=\"Escrito por\" \/>\n\t\t<meta name=\"twitter:data1\" content=\"Cand\u00e1s 365\" \/>\n\t\t<meta name=\"twitter:label2\" content=\"Tiempo de lectura estimado\" \/>\n\t\t<meta name=\"twitter:data2\" content=\"1 minuto\" \/>\n\t\t<script type=\"application\/ld+json\" class=\"aioseo-schema\">\n\t\t\t{\"@context\":\"https:\\\/\\\/schema.org\",\"@graph\":[{\"@type\":\"BreadcrumbList\",\"@id\":\"https:\\\/\\\/candas365.es\\\/noticias\\\/uefa-no-abrio-ningun-expediente-por-protestas-del-bayern-al-arbitro\\\/#breadcrumblist\",\"itemListElement\":[{\"@type\":\"ListItem\",\"@id\":\"https:\\\/\\\/candas365.es\\\/noticias#listItem\",\"position\":1,\"name\":\"Home\",\"item\":\"https:\\\/\\\/candas365.es\\\/noticias\",\"nextItem\":{\"@type\":\"ListItem\",\"@id\":\"https:\\\/\\\/candas365.es\\\/noticias\\\/category\\\/actualidad\\\/#listItem\",\"name\":\"Actualidad\"}},{\"@type\":\"ListItem\",\"@id\":\"https:\\\/\\\/candas365.es\\\/noticias\\\/category\\\/actualidad\\\/#listItem\",\"position\":2,\"name\":\"Actualidad\",\"item\":\"https:\\\/\\\/candas365.es\\\/noticias\\\/category\\\/actualidad\\\/\",\"nextItem\":{\"@type\":\"ListItem\",\"@id\":\"https:\\\/\\\/candas365.es\\\/noticias\\\/uefa-no-abrio-ningun-expediente-por-protestas-del-bayern-al-arbitro\\\/#listItem\",\"name\":\"UEFA no abri\\u00f3 ning\\u00fan expediente por protestas del Bayern al \\u00e1rbitro\"},\"previousItem\":{\"@type\":\"ListItem\",\"@id\":\"https:\\\/\\\/candas365.es\\\/noticias#listItem\",\"name\":\"Home\"}},{\"@type\":\"ListItem\",\"@id\":\"https:\\\/\\\/candas365.es\\\/noticias\\\/uefa-no-abrio-ningun-expediente-por-protestas-del-bayern-al-arbitro\\\/#listItem\",\"position\":3,\"name\":\"UEFA no abri\\u00f3 ning\\u00fan expediente por protestas del Bayern al \\u00e1rbitro\",\"previousItem\":{\"@type\":\"ListItem\",\"@id\":\"https:\\\/\\\/candas365.es\\\/noticias\\\/category\\\/actualidad\\\/#listItem\",\"name\":\"Actualidad\"}}]},{\"@type\":\"NewsArticle\",\"@id\":\"https:\\\/\\\/candas365.es\\\/noticias\\\/uefa-no-abrio-ningun-expediente-por-protestas-del-bayern-al-arbitro\\\/#newsarticle\",\"name\":\"UEFA no abri\\u00f3 ning\\u00fan expediente por protestas del Bayern al \\u00e1rbitro | Cand\\u00e1s 365\",\"headline\":\"UEFA no abri\\u00f3 ning\\u00fan expediente por protestas del Bayern al \\u00e1rbitro\",\"author\":{\"@id\":\"https:\\\/\\\/candas365.es\\\/noticias\\\/author\\\/admin\\\/#author\"},\"publisher\":{\"@id\":\"https:\\\/\\\/candas365.es\\\/noticias\\\/#organization\"},\"image\":{\"@type\":\"ImageObject\",\"url\":\"https:\\\/\\\/candas365.es\\\/noticias\\\/wp-content\\\/uploads\\\/2024\\\/09\\\/Candas-365-Redes.jpg\",\"@id\":\"https:\\\/\\\/candas365.es\\\/noticias\\\/#articleImage\",\"width\":1152,\"height\":864,\"caption\":\"Cand\\u00e1s 365 Redes\"},\"datePublished\":\"2017-04-19T19:20:47+02:00\",\"dateModified\":\"2017-04-19T19:20:47+02:00\",\"inLanguage\":\"es-ES\",\"mainEntityOfPage\":{\"@id\":\"https:\\\/\\\/candas365.es\\\/noticias\\\/uefa-no-abrio-ningun-expediente-por-protestas-del-bayern-al-arbitro\\\/#webpage\"},\"isPartOf\":{\"@id\":\"https:\\\/\\\/candas365.es\\\/noticias\\\/uefa-no-abrio-ningun-expediente-por-protestas-del-bayern-al-arbitro\\\/#webpage\"},\"articleSection\":\"Actualidad\",\"dateline\":\"Publicado el abril 19, 2017.\"},{\"@type\":\"Organization\",\"@id\":\"https:\\\/\\\/candas365.es\\\/noticias\\\/#organization\",\"name\":\"Cand\\u00e1s 365\",\"description\":\"Cand\\u00e1s 365 es un diario digital independiente, fundado en 2012, con base en Asturias. Informamos con rigor sobre actualidad, sociedad, cultura y ocio, con una mirada local y global.\",\"url\":\"https:\\\/\\\/candas365.es\\\/noticias\\\/\",\"email\":\"info@candas365.es\",\"telephone\":\"+34652131393\",\"foundingDate\":\"2012-06-10\",\"logo\":{\"@type\":\"ImageObject\",\"url\":\"https:\\\/\\\/candas365.es\\\/noticias\\\/wp-content\\\/uploads\\\/2024\\\/09\\\/Candas-365-Redes.jpg\",\"@id\":\"https:\\\/\\\/candas365.es\\\/noticias\\\/uefa-no-abrio-ningun-expediente-por-protestas-del-bayern-al-arbitro\\\/#organizationLogo\",\"width\":1152,\"height\":864,\"caption\":\"Cand\\u00e1s 365 Redes\"},\"image\":{\"@id\":\"https:\\\/\\\/candas365.es\\\/noticias\\\/uefa-no-abrio-ningun-expediente-por-protestas-del-bayern-al-arbitro\\\/#organizationLogo\"},\"sameAs\":[\"https:\\\/\\\/www.facebook.com\\\/Nachofdezber\",\"https:\\\/\\\/x.com\\\/NabercoDigital\",\"https:\\\/\\\/www.instagram.com\\\/nachofdezber\\\/\",\"https:\\\/\\\/www.youtube.com\\\/channel\\\/UCZP-2wLEB9Rv6erhFmqVnvg\"],\"address\":{\"@id\":\"https:\\\/\\\/candas365.es\\\/noticias\\\/#postaladdress\",\"@type\":\"PostalAddress\",\"streetAddress\":\"san antonio 4, san antonio 4\",\"postalCode\":\"33430\",\"addressLocality\":\"Cand\\u00e1s\",\"addressRegion\":\"Asturias\",\"addressCountry\":\"ES\"}},{\"@type\":\"Person\",\"@id\":\"https:\\\/\\\/candas365.es\\\/noticias\\\/author\\\/admin\\\/#author\",\"url\":\"https:\\\/\\\/candas365.es\\\/noticias\\\/author\\\/admin\\\/\",\"name\":\"Cand\\u00e1s 365\",\"image\":{\"@type\":\"ImageObject\",\"@id\":\"https:\\\/\\\/candas365.es\\\/noticias\\\/uefa-no-abrio-ningun-expediente-por-protestas-del-bayern-al-arbitro\\\/#authorImage\",\"url\":\"https:\\\/\\\/secure.gravatar.com\\\/avatar\\\/496a8e03d0c493ede1718b7934145dbdf8d89be1036b0eec9544e1094c9de390?s=96&d=mm&r=g\",\"width\":96,\"height\":96,\"caption\":\"Cand\\u00e1s 365\"},\"sameAs\":[\"https:\\\/\\\/www.facebook.com\\\/carrenoactualidad\",\"https:\\\/\\\/twitter.com\\\/nbasturias\",\"https:\\\/\\\/www.instagram.com\\\/nachofdezber\\\/\",\"https:\\\/\\\/www.youtube.com\\\/channel\\\/UCZP-2wLEB9Rv6erhFmqVnvg\"]},{\"@type\":\"WebPage\",\"@id\":\"https:\\\/\\\/candas365.es\\\/noticias\\\/uefa-no-abrio-ningun-expediente-por-protestas-del-bayern-al-arbitro\\\/#webpage\",\"url\":\"https:\\\/\\\/candas365.es\\\/noticias\\\/uefa-no-abrio-ningun-expediente-por-protestas-del-bayern-al-arbitro\\\/\",\"name\":\"UEFA no abri\\u00f3 ning\\u00fan expediente por protestas del Bayern al \\u00e1rbitro | Cand\\u00e1s 365\",\"description\":\"(dpa) - La UEFA asegur\\u00f3 hoy que no abri\\u00f3 ning\\u00fan expediente disciplinario tras el encuentro entre el Real Madrid y el Bayern M\\u00fanich, pese a las informaciones sobre un presunta irrupci\\u00f3n de varios jugadores del conjunto alem\\u00e1n en la zona del \\u00e1rbitro despu\\u00e9s del partido. Ante la consulta de dpa, el ente rector del f\\u00fatbol\",\"inLanguage\":\"es-ES\",\"isPartOf\":{\"@id\":\"https:\\\/\\\/candas365.es\\\/noticias\\\/#website\"},\"breadcrumb\":{\"@id\":\"https:\\\/\\\/candas365.es\\\/noticias\\\/uefa-no-abrio-ningun-expediente-por-protestas-del-bayern-al-arbitro\\\/#breadcrumblist\"},\"author\":{\"@id\":\"https:\\\/\\\/candas365.es\\\/noticias\\\/author\\\/admin\\\/#author\"},\"creator\":{\"@id\":\"https:\\\/\\\/candas365.es\\\/noticias\\\/author\\\/admin\\\/#author\"},\"datePublished\":\"2017-04-19T19:20:47+02:00\",\"dateModified\":\"2017-04-19T19:20:47+02:00\"},{\"@type\":\"WebSite\",\"@id\":\"https:\\\/\\\/candas365.es\\\/noticias\\\/#website\",\"url\":\"https:\\\/\\\/candas365.es\\\/noticias\\\/\",\"name\":\"Cand\\u00e1s 365\",\"alternateName\":\"Cand\\u00e1s 365 Noticias\",\"description\":\"Actualidad desde Carre\\u00f1o para el mundo\",\"inLanguage\":\"es-ES\",\"publisher\":{\"@id\":\"https:\\\/\\\/candas365.es\\\/noticias\\\/#organization\"}}]}\n\t\t<\/script>\n\t\t<!-- All in One SEO Pro -->\r\n\t\t<title>UEFA no abri\u00f3 ning\u00fan expediente por protestas del Bayern al \u00e1rbitro | Cand\u00e1s 365<\/title>\n\n","aioseo_head_json":{"title":"UEFA no abri\u00f3 ning\u00fan expediente por protestas del Bayern al \u00e1rbitro | Cand\u00e1s 365","description":"(dpa) - La UEFA asegur\u00f3 hoy que no abri\u00f3 ning\u00fan expediente disciplinario tras el encuentro entre el Real Madrid y el Bayern M\u00fanich, pese a las informaciones sobre un presunta irrupci\u00f3n de varios jugadores del conjunto alem\u00e1n en la zona del \u00e1rbitro despu\u00e9s del partido. Ante la consulta de dpa, el ente rector del f\u00fatbol","canonical_url":"https:\/\/candas365.es\/noticias\/uefa-no-abrio-ningun-expediente-por-protestas-del-bayern-al-arbitro\/","robots":"max-image-preview:large","keywords":"actualidad","webmasterTools":{"google-site-verification":"UA-32230408-1","msvalidate.01":"354F3CDFB2DA171B47FBE9ABF1F88D5","miscellaneous":""},"schema":{"@context":"https:\/\/schema.org","@graph":[{"@type":"BreadcrumbList","@id":"https:\/\/candas365.es\/noticias\/uefa-no-abrio-ningun-expediente-por-protestas-del-bayern-al-arbitro\/#breadcrumblist","itemListElement":[{"@type":"ListItem","@id":"https:\/\/candas365.es\/noticias#listItem","position":1,"name":"Home","item":"https:\/\/candas365.es\/noticias","nextItem":{"@type":"ListItem","@id":"https:\/\/candas365.es\/noticias\/category\/actualidad\/#listItem","name":"Actualidad"}},{"@type":"ListItem","@id":"https:\/\/candas365.es\/noticias\/category\/actualidad\/#listItem","position":2,"name":"Actualidad","item":"https:\/\/candas365.es\/noticias\/category\/actualidad\/","nextItem":{"@type":"ListItem","@id":"https:\/\/candas365.es\/noticias\/uefa-no-abrio-ningun-expediente-por-protestas-del-bayern-al-arbitro\/#listItem","name":"UEFA no abri\u00f3 ning\u00fan expediente por protestas del Bayern al \u00e1rbitro"},"previousItem":{"@type":"ListItem","@id":"https:\/\/candas365.es\/noticias#listItem","name":"Home"}},{"@type":"ListItem","@id":"https:\/\/candas365.es\/noticias\/uefa-no-abrio-ningun-expediente-por-protestas-del-bayern-al-arbitro\/#listItem","position":3,"name":"UEFA no abri\u00f3 ning\u00fan expediente por protestas del Bayern al \u00e1rbitro","previousItem":{"@type":"ListItem","@id":"https:\/\/candas365.es\/noticias\/category\/actualidad\/#listItem","name":"Actualidad"}}]},{"@type":"NewsArticle","@id":"https:\/\/candas365.es\/noticias\/uefa-no-abrio-ningun-expediente-por-protestas-del-bayern-al-arbitro\/#newsarticle","name":"UEFA no abri\u00f3 ning\u00fan expediente por protestas del Bayern al \u00e1rbitro | Cand\u00e1s 365","headline":"UEFA no abri\u00f3 ning\u00fan expediente por protestas del Bayern al \u00e1rbitro","author":{"@id":"https:\/\/candas365.es\/noticias\/author\/admin\/#author"},"publisher":{"@id":"https:\/\/candas365.es\/noticias\/#organization"},"image":{"@type":"ImageObject","url":"https:\/\/candas365.es\/noticias\/wp-content\/uploads\/2024\/09\/Candas-365-Redes.jpg","@id":"https:\/\/candas365.es\/noticias\/#articleImage","width":1152,"height":864,"caption":"Cand\u00e1s 365 Redes"},"datePublished":"2017-04-19T19:20:47+02:00","dateModified":"2017-04-19T19:20:47+02:00","inLanguage":"es-ES","mainEntityOfPage":{"@id":"https:\/\/candas365.es\/noticias\/uefa-no-abrio-ningun-expediente-por-protestas-del-bayern-al-arbitro\/#webpage"},"isPartOf":{"@id":"https:\/\/candas365.es\/noticias\/uefa-no-abrio-ningun-expediente-por-protestas-del-bayern-al-arbitro\/#webpage"},"articleSection":"Actualidad","dateline":"Publicado el abril 19, 2017."},{"@type":"Organization","@id":"https:\/\/candas365.es\/noticias\/#organization","name":"Cand\u00e1s 365","description":"Cand\u00e1s 365 es un diario digital independiente, fundado en 2012, con base en Asturias. Informamos con rigor sobre actualidad, sociedad, cultura y ocio, con una mirada local y global.","url":"https:\/\/candas365.es\/noticias\/","email":"info@candas365.es","telephone":"+34652131393","foundingDate":"2012-06-10","logo":{"@type":"ImageObject","url":"https:\/\/candas365.es\/noticias\/wp-content\/uploads\/2024\/09\/Candas-365-Redes.jpg","@id":"https:\/\/candas365.es\/noticias\/uefa-no-abrio-ningun-expediente-por-protestas-del-bayern-al-arbitro\/#organizationLogo","width":1152,"height":864,"caption":"Cand\u00e1s 365 Redes"},"image":{"@id":"https:\/\/candas365.es\/noticias\/uefa-no-abrio-ningun-expediente-por-protestas-del-bayern-al-arbitro\/#organizationLogo"},"sameAs":["https:\/\/www.facebook.com\/Nachofdezber","https:\/\/x.com\/NabercoDigital","https:\/\/www.instagram.com\/nachofdezber\/","https:\/\/www.youtube.com\/channel\/UCZP-2wLEB9Rv6erhFmqVnvg"],"address":{"@id":"https:\/\/candas365.es\/noticias\/#postaladdress","@type":"PostalAddress","streetAddress":"san antonio 4, san antonio 4","postalCode":"33430","addressLocality":"Cand\u00e1s","addressRegion":"Asturias","addressCountry":"ES"}},{"@type":"Person","@id":"https:\/\/candas365.es\/noticias\/author\/admin\/#author","url":"https:\/\/candas365.es\/noticias\/author\/admin\/","name":"Cand\u00e1s 365","image":{"@type":"ImageObject","@id":"https:\/\/candas365.es\/noticias\/uefa-no-abrio-ningun-expediente-por-protestas-del-bayern-al-arbitro\/#authorImage","url":"https:\/\/secure.gravatar.com\/avatar\/496a8e03d0c493ede1718b7934145dbdf8d89be1036b0eec9544e1094c9de390?s=96&d=mm&r=g","width":96,"height":96,"caption":"Cand\u00e1s 365"},"sameAs":["https:\/\/www.facebook.com\/carrenoactualidad","https:\/\/twitter.com\/nbasturias","https:\/\/www.instagram.com\/nachofdezber\/","https:\/\/www.youtube.com\/channel\/UCZP-2wLEB9Rv6erhFmqVnvg"]},{"@type":"WebPage","@id":"https:\/\/candas365.es\/noticias\/uefa-no-abrio-ningun-expediente-por-protestas-del-bayern-al-arbitro\/#webpage","url":"https:\/\/candas365.es\/noticias\/uefa-no-abrio-ningun-expediente-por-protestas-del-bayern-al-arbitro\/","name":"UEFA no abri\u00f3 ning\u00fan expediente por protestas del Bayern al \u00e1rbitro | Cand\u00e1s 365","description":"(dpa) - La UEFA asegur\u00f3 hoy que no abri\u00f3 ning\u00fan expediente disciplinario tras el encuentro entre el Real Madrid y el Bayern M\u00fanich, pese a las informaciones sobre un presunta irrupci\u00f3n de varios jugadores del conjunto alem\u00e1n en la zona del \u00e1rbitro despu\u00e9s del partido. Ante la consulta de dpa, el ente rector del f\u00fatbol","inLanguage":"es-ES","isPartOf":{"@id":"https:\/\/candas365.es\/noticias\/#website"},"breadcrumb":{"@id":"https:\/\/candas365.es\/noticias\/uefa-no-abrio-ningun-expediente-por-protestas-del-bayern-al-arbitro\/#breadcrumblist"},"author":{"@id":"https:\/\/candas365.es\/noticias\/author\/admin\/#author"},"creator":{"@id":"https:\/\/candas365.es\/noticias\/author\/admin\/#author"},"datePublished":"2017-04-19T19:20:47+02:00","dateModified":"2017-04-19T19:20:47+02:00"},{"@type":"WebSite","@id":"https:\/\/candas365.es\/noticias\/#website","url":"https:\/\/candas365.es\/noticias\/","name":"Cand\u00e1s 365","alternateName":"Cand\u00e1s 365 Noticias","description":"Actualidad desde Carre\u00f1o para el mundo","inLanguage":"es-ES","publisher":{"@id":"https:\/\/candas365.es\/noticias\/#organization"}}]},"og:locale":"es_ES","og:site_name":"Cand\u00e1s 365","og:type":"article","og:title":"UEFA no abri\u00f3 ning\u00fan expediente por protestas del Bayern al \u00e1rbitro | Cand\u00e1s 365","og:description":"(dpa) - La UEFA asegur\u00f3 hoy que no abri\u00f3 ning\u00fan expediente disciplinario tras el encuentro entre el Real Madrid y el Bayern M\u00fanich, pese a las informaciones sobre un presunta irrupci\u00f3n de varios jugadores del conjunto alem\u00e1n en la zona del \u00e1rbitro despu\u00e9s del partido. Ante la consulta de dpa, el ente rector del f\u00fatbol","og:url":"https:\/\/candas365.es\/noticias\/uefa-no-abrio-ningun-expediente-por-protestas-del-bayern-al-arbitro\/","og:image":"https:\/\/candas365.es\/noticias\/wp-content\/uploads\/2024\/09\/Candas-365-Redes.jpg","og:image:secure_url":"https:\/\/candas365.es\/noticias\/wp-content\/uploads\/2024\/09\/Candas-365-Redes.jpg","og:image:width":1152,"og:image:height":864,"article:published_time":"2017-04-19T19:20:47+00:00","article:modified_time":"2017-04-19T19:20:47+00:00","article:publisher":"https:\/\/www.facebook.com\/Nachofdezber","article:author":"https:\/\/www.facebook.com\/carrenoactualidad","twitter:card":"summary_large_image","twitter:site":"@NabercoDigital","twitter:title":"UEFA no abri\u00f3 ning\u00fan expediente por protestas del Bayern al \u00e1rbitro | Cand\u00e1s 365","twitter:description":"(dpa) - La UEFA asegur\u00f3 hoy que no abri\u00f3 ning\u00fan expediente disciplinario tras el encuentro entre el Real Madrid y el Bayern M\u00fanich, pese a las informaciones sobre un presunta irrupci\u00f3n de varios jugadores del conjunto alem\u00e1n en la zona del \u00e1rbitro despu\u00e9s del partido. Ante la consulta de dpa, el ente rector del f\u00fatbol","twitter:creator":"@nbasturias","twitter:image":"https:\/\/candas365.es\/noticias\/wp-content\/uploads\/2024\/09\/Candas-365-Redes.jpg","twitter:label1":"Escrito por","twitter:data1":"Cand\u00e1s 365","twitter:label2":"Tiempo de lectura estimado","twitter:data2":"1 minuto"},"aioseo_meta_data":{"post_id":"69851","title":null,"description":null,"keywords":null,"keyphrases":null,"primary_term":null,"canonical_url":null,"og_title":null,"og_description":null,"og_object_type":"default","og_image_type":"default","og_image_url":null,"og_image_width":null,"og_image_height":null,"og_image_custom_url":null,"og_image_custom_fields":null,"og_video":null,"og_custom_url":null,"og_article_section":null,"og_article_tags":null,"twitter_use_og":false,"twitter_card":"default","twitter_image_type":"default","twitter_image_url":null,"twitter_image_custom_url":null,"twitter_image_custom_fields":null,"twitter_title":null,"twitter_description":null,"schema":{"blockGraphs":[],"customGraphs":[],"default":{"data":{"Article":[],"Course":[],"Dataset":[],"FAQPage":[],"Movie":[],"Person":[],"Product":[],"ProductReview":[],"Car":[],"Recipe":[],"Service":[],"SoftwareApplication":[],"WebPage":[]},"graphName":"","isEnabled":true},"graphs":[],"defaultGraph":"","defaultPostTypeGraph":""},"schema_type":null,"schema_type_options":null,"pillar_content":false,"robots_default":true,"robots_noindex":false,"robots_noarchive":false,"robots_nosnippet":false,"robots_nofollow":false,"robots_noimageindex":false,"robots_noodp":false,"robots_notranslate":false,"robots_max_snippet":null,"robots_max_videopreview":null,"robots_max_imagepreview":"large","priority":null,"frequency":null,"location":null,"local_seo":null,"seo_analyzer_scan_date":"2025-08-25 11:27:17","breadcrumb_settings":null,"limit_modified_date":false,"reviewed_by":null,"open_ai":null,"ai":null,"created":"2020-12-21 13:01:22","updated":"2025-08-25 11:27:17"},"aioseo_breadcrumb":"<div class=\"aioseo-breadcrumbs\"><span class=\"aioseo-breadcrumb\">\n\t<a href=\"https:\/\/candas365.es\/noticias\" title=\"Home\">Home<\/a>\n<\/span><span class=\"aioseo-breadcrumb-separator\">&ndash;<\/span><span class=\"aioseo-breadcrumb\">\n\t<a href=\"https:\/\/candas365.es\/noticias\/category\/actualidad\/\" title=\"Actualidad\">Actualidad<\/a>\n<\/span><span class=\"aioseo-breadcrumb-separator\">&ndash;<\/span><span class=\"aioseo-breadcrumb\">\n\tUEFA no abri\u00f3 ning\u00fan expediente por protestas del Bayern al \u00e1rbitro\n<\/span><\/div>","aioseo_breadcrumb_json":[{"label":"Home","link":"https:\/\/candas365.es\/noticias"},{"label":"Actualidad","link":"https:\/\/candas365.es\/noticias\/category\/actualidad\/"},{"label":"UEFA no abri\u00f3 ning\u00fan expediente por protestas del Bayern al \u00e1rbitro","link":"https:\/\/candas365.es\/noticias\/uefa-no-abrio-ningun-expediente-por-protestas-del-bayern-al-arbitro\/"}],"_links":{"self":[{"href":"https:\/\/candas365.es\/noticias\/wp-json\/wp\/v2\/posts\/69851","targetHints":{"allow":["GET"]}}],"collection":[{"href":"https:\/\/candas365.es\/noticias\/wp-json\/wp\/v2\/posts"}],"about":[{"href":"https:\/\/candas365.es\/noticias\/wp-json\/wp\/v2\/types\/post"}],"author":[{"embeddable":true,"href":"https:\/\/candas365.es\/noticias\/wp-json\/wp\/v2\/users\/1"}],"replies":[{"embeddable":true,"href":"https:\/\/candas365.es\/noticias\/wp-json\/wp\/v2\/comments?post=69851"}],"version-history":[{"count":0,"href":"https:\/\/candas365.es\/noticias\/wp-json\/wp\/v2\/posts\/69851\/revisions"}],"wp:attachment":[{"href":"https:\/\/candas365.es\/noticias\/wp-json\/wp\/v2\/media?parent=69851"}],"wp:term":[{"taxonomy":"category","embeddable":true,"href":"https:\/\/candas365.es\/noticias\/wp-json\/wp\/v2\/categories?post=69851"},{"taxonomy":"post_tag","embeddable":true,"href":"https:\/\/candas365.es\/noticias\/wp-json\/wp\/v2\/tags?post=69851"}],"curies":[{"name":"wp","href":"https:\/\/api.w.org\/{rel}","templated":true}]}}