{"id":69837,"date":"2017-04-19T19:14:44","date_gmt":"2017-04-19T19:14:44","guid":{"rendered":"http:\/\/candas365.es\/noticias\/?p=69837"},"modified":"2017-04-19T19:14:44","modified_gmt":"2017-04-19T19:14:44","slug":"investigan-a-anciana-de-92-anos-por-colaborar-en-campo-nazi","status":"publish","type":"post","link":"https:\/\/candas365.es\/noticias\/investigan-a-anciana-de-92-anos-por-colaborar-en-campo-nazi\/","title":{"rendered":"Investigan a anciana de 92 a\u00f1os por colaborar en campo nazi"},"content":{"rendered":"<p> (dpa) &#8211; La fiscal\u00eda de M\u00fanich comunic\u00f3 hoy que abri\u00f3 expediente contra una anciana de 92 a\u00f1os que trabaj\u00f3 en un campo de concentraci\u00f3n durante el nazismo.<\/p>\n<p>Seg\u00fan dijo el portavoz de la fiscal\u00eda Florian Weinzierl, a\u00fan no se sabe qu\u00e9 funciones cumpl\u00eda exactamente en el campo de Stutthof, ubicado en las inmediaciones de la ciudad polaca de Gdansk, entonces bajo ocupaci\u00f3n alemana. En el campo perdieron la vida m\u00e1s de 60.000 personas.<\/p>\n<p>\u00abNo tenemos indicios de que haya participado directamente en la selecci\u00f3n de prisioneros, pero esto no es impedimento para examinar de cerca si no tiene relevancia penal\u00bb, explic\u00f3.<\/p>\n<p>Seg\u00fan el diario de M\u00fanich \u00abM\u00fcnchner Merkur\u00bb, la mujer, nacida en Gdansk, trabaj\u00f3 como telefonista en el campo. \u00abPero no fue por propia voluntad\u00bb, cita el diario a la anciana. <\/p>\n<p>Su caso fue entregado a la fiscal\u00eda por la Oficina Central de Esclarecimiento de Cr\u00edmenes Nacionalsocialistas que tiene sede en la ciudad alemana de Ludwigsburg.<\/p>\n","protected":false},"excerpt":{"rendered":"<p>(dpa) &#8211; La fiscal\u00eda de M\u00fanich comunic\u00f3 hoy que abri\u00f3 expediente contra una anciana de 92 a\u00f1os que trabaj\u00f3 en un campo de concentraci\u00f3n durante el nazismo. Seg\u00fan dijo el portavoz de la fiscal\u00eda Florian Weinzierl, a\u00fan no se sabe qu\u00e9 funciones cumpl\u00eda exactamente en el campo de Stutthof, ubicado en las inmediaciones de la<\/p>\n","protected":false},"author":1,"featured_media":0,"comment_status":"open","ping_status":"closed","sticky":false,"template":"","format":"standard","meta":{"footnotes":""},"categories":[343],"tags":[],"class_list":{"0":"post-69837","1":"post","2":"type-post","3":"status-publish","4":"format-standard","6":"category-actualidad"},"aioseo_notices":[],"aioseo_head":"\n\t\t<!-- All in One SEO Pro 4.9.6.2 - aioseo.com -->\n\t<meta name=\"description\" content=\"(dpa) - La fiscal\u00eda de M\u00fanich comunic\u00f3 hoy que abri\u00f3 expediente contra una anciana de 92 a\u00f1os que trabaj\u00f3 en un campo de concentraci\u00f3n durante el nazismo. Seg\u00fan dijo el portavoz de la fiscal\u00eda Florian Weinzierl, a\u00fan no se sabe qu\u00e9 funciones cumpl\u00eda exactamente en el campo de Stutthof, ubicado en las inmediaciones de la\" \/>\n\t<meta name=\"robots\" content=\"max-image-preview:large\" \/>\n\t<meta name=\"author\" content=\"Cand\u00e1s 365\"\/>\n\t<meta name=\"google-site-verification\" content=\"UA-32230408-1\" \/>\n\t<meta name=\"msvalidate.01\" content=\"354F3CDFB2DA171B47FBE9ABF1F88D5\" \/>\n\t<meta name=\"keywords\" content=\"actualidad\" \/>\n\t<link rel=\"canonical\" href=\"https:\/\/candas365.es\/noticias\/investigan-a-anciana-de-92-anos-por-colaborar-en-campo-nazi\/\" \/>\n\t<meta name=\"generator\" content=\"All in One SEO Pro (AIOSEO) 4.9.6.2\" \/>\n\t\t<meta property=\"og:locale\" content=\"es_ES\" \/>\n\t\t<meta property=\"og:site_name\" content=\"Cand\u00e1s 365\" \/>\n\t\t<meta property=\"og:type\" content=\"article\" \/>\n\t\t<meta property=\"og:title\" content=\"Investigan a anciana de 92 a\u00f1os por colaborar en campo nazi | Cand\u00e1s 365\" \/>\n\t\t<meta property=\"og:description\" content=\"(dpa) - La fiscal\u00eda de M\u00fanich comunic\u00f3 hoy que abri\u00f3 expediente contra una anciana de 92 a\u00f1os que trabaj\u00f3 en un campo de concentraci\u00f3n durante el nazismo. Seg\u00fan dijo el portavoz de la fiscal\u00eda Florian Weinzierl, a\u00fan no se sabe qu\u00e9 funciones cumpl\u00eda exactamente en el campo de Stutthof, ubicado en las inmediaciones de la\" \/>\n\t\t<meta property=\"og:url\" content=\"https:\/\/candas365.es\/noticias\/investigan-a-anciana-de-92-anos-por-colaborar-en-campo-nazi\/\" \/>\n\t\t<meta property=\"og:image\" content=\"https:\/\/candas365.es\/noticias\/wp-content\/uploads\/2024\/09\/Candas-365-Redes.jpg\" \/>\n\t\t<meta property=\"og:image:secure_url\" content=\"https:\/\/candas365.es\/noticias\/wp-content\/uploads\/2024\/09\/Candas-365-Redes.jpg\" \/>\n\t\t<meta property=\"og:image:width\" content=\"1152\" \/>\n\t\t<meta property=\"og:image:height\" content=\"864\" \/>\n\t\t<meta property=\"article:published_time\" content=\"2017-04-19T19:14:44+00:00\" \/>\n\t\t<meta property=\"article:modified_time\" content=\"2017-04-19T19:14:44+00:00\" \/>\n\t\t<meta property=\"article:publisher\" content=\"https:\/\/www.facebook.com\/Nachofdezber\" \/>\n\t\t<meta property=\"article:author\" content=\"https:\/\/www.facebook.com\/carrenoactualidad\" \/>\n\t\t<meta name=\"twitter:card\" content=\"summary_large_image\" \/>\n\t\t<meta name=\"twitter:site\" content=\"@NabercoDigital\" \/>\n\t\t<meta name=\"twitter:title\" content=\"Investigan a anciana de 92 a\u00f1os por colaborar en campo nazi | Cand\u00e1s 365\" \/>\n\t\t<meta name=\"twitter:description\" content=\"(dpa) - La fiscal\u00eda de M\u00fanich comunic\u00f3 hoy que abri\u00f3 expediente contra una anciana de 92 a\u00f1os que trabaj\u00f3 en un campo de concentraci\u00f3n durante el nazismo. Seg\u00fan dijo el portavoz de la fiscal\u00eda Florian Weinzierl, a\u00fan no se sabe qu\u00e9 funciones cumpl\u00eda exactamente en el campo de Stutthof, ubicado en las inmediaciones de la\" \/>\n\t\t<meta name=\"twitter:creator\" content=\"@nbasturias\" \/>\n\t\t<meta name=\"twitter:image\" content=\"https:\/\/candas365.es\/noticias\/wp-content\/uploads\/2024\/09\/Candas-365-Redes.jpg\" \/>\n\t\t<meta name=\"twitter:label1\" content=\"Escrito por\" \/>\n\t\t<meta name=\"twitter:data1\" content=\"Cand\u00e1s 365\" \/>\n\t\t<meta name=\"twitter:label2\" content=\"Tiempo de lectura estimado\" \/>\n\t\t<meta name=\"twitter:data2\" content=\"1 minuto\" \/>\n\t\t<script type=\"application\/ld+json\" class=\"aioseo-schema\">\n\t\t\t{\"@context\":\"https:\\\/\\\/schema.org\",\"@graph\":[{\"@type\":\"BreadcrumbList\",\"@id\":\"https:\\\/\\\/candas365.es\\\/noticias\\\/investigan-a-anciana-de-92-anos-por-colaborar-en-campo-nazi\\\/#breadcrumblist\",\"itemListElement\":[{\"@type\":\"ListItem\",\"@id\":\"https:\\\/\\\/candas365.es\\\/noticias#listItem\",\"position\":1,\"name\":\"Home\",\"item\":\"https:\\\/\\\/candas365.es\\\/noticias\",\"nextItem\":{\"@type\":\"ListItem\",\"@id\":\"https:\\\/\\\/candas365.es\\\/noticias\\\/category\\\/actualidad\\\/#listItem\",\"name\":\"Actualidad\"}},{\"@type\":\"ListItem\",\"@id\":\"https:\\\/\\\/candas365.es\\\/noticias\\\/category\\\/actualidad\\\/#listItem\",\"position\":2,\"name\":\"Actualidad\",\"item\":\"https:\\\/\\\/candas365.es\\\/noticias\\\/category\\\/actualidad\\\/\",\"nextItem\":{\"@type\":\"ListItem\",\"@id\":\"https:\\\/\\\/candas365.es\\\/noticias\\\/investigan-a-anciana-de-92-anos-por-colaborar-en-campo-nazi\\\/#listItem\",\"name\":\"Investigan a anciana de 92 a\\u00f1os por colaborar en campo nazi\"},\"previousItem\":{\"@type\":\"ListItem\",\"@id\":\"https:\\\/\\\/candas365.es\\\/noticias#listItem\",\"name\":\"Home\"}},{\"@type\":\"ListItem\",\"@id\":\"https:\\\/\\\/candas365.es\\\/noticias\\\/investigan-a-anciana-de-92-anos-por-colaborar-en-campo-nazi\\\/#listItem\",\"position\":3,\"name\":\"Investigan a anciana de 92 a\\u00f1os por colaborar en campo nazi\",\"previousItem\":{\"@type\":\"ListItem\",\"@id\":\"https:\\\/\\\/candas365.es\\\/noticias\\\/category\\\/actualidad\\\/#listItem\",\"name\":\"Actualidad\"}}]},{\"@type\":\"NewsArticle\",\"@id\":\"https:\\\/\\\/candas365.es\\\/noticias\\\/investigan-a-anciana-de-92-anos-por-colaborar-en-campo-nazi\\\/#newsarticle\",\"name\":\"Investigan a anciana de 92 a\\u00f1os por colaborar en campo nazi | Cand\\u00e1s 365\",\"headline\":\"Investigan a anciana de 92 a\\u00f1os por colaborar en campo nazi\",\"author\":{\"@id\":\"https:\\\/\\\/candas365.es\\\/noticias\\\/author\\\/admin\\\/#author\"},\"publisher\":{\"@id\":\"https:\\\/\\\/candas365.es\\\/noticias\\\/#organization\"},\"image\":{\"@type\":\"ImageObject\",\"url\":\"https:\\\/\\\/candas365.es\\\/noticias\\\/wp-content\\\/uploads\\\/2024\\\/09\\\/Candas-365-Redes.jpg\",\"@id\":\"https:\\\/\\\/candas365.es\\\/noticias\\\/#articleImage\",\"width\":1152,\"height\":864,\"caption\":\"Cand\\u00e1s 365 Redes\"},\"datePublished\":\"2017-04-19T19:14:44+02:00\",\"dateModified\":\"2017-04-19T19:14:44+02:00\",\"inLanguage\":\"es-ES\",\"mainEntityOfPage\":{\"@id\":\"https:\\\/\\\/candas365.es\\\/noticias\\\/investigan-a-anciana-de-92-anos-por-colaborar-en-campo-nazi\\\/#webpage\"},\"isPartOf\":{\"@id\":\"https:\\\/\\\/candas365.es\\\/noticias\\\/investigan-a-anciana-de-92-anos-por-colaborar-en-campo-nazi\\\/#webpage\"},\"articleSection\":\"Actualidad\",\"dateline\":\"Publicado el abril 19, 2017.\"},{\"@type\":\"Organization\",\"@id\":\"https:\\\/\\\/candas365.es\\\/noticias\\\/#organization\",\"name\":\"Cand\\u00e1s 365\",\"description\":\"Cand\\u00e1s 365 es un diario digital independiente, fundado en 2012, con base en Asturias. Informamos con rigor sobre actualidad, sociedad, cultura y ocio, con una mirada local y global.\",\"url\":\"https:\\\/\\\/candas365.es\\\/noticias\\\/\",\"email\":\"info@candas365.es\",\"telephone\":\"+34652131393\",\"foundingDate\":\"2012-06-10\",\"logo\":{\"@type\":\"ImageObject\",\"url\":\"https:\\\/\\\/candas365.es\\\/noticias\\\/wp-content\\\/uploads\\\/2024\\\/09\\\/Candas-365-Redes.jpg\",\"@id\":\"https:\\\/\\\/candas365.es\\\/noticias\\\/investigan-a-anciana-de-92-anos-por-colaborar-en-campo-nazi\\\/#organizationLogo\",\"width\":1152,\"height\":864,\"caption\":\"Cand\\u00e1s 365 Redes\"},\"image\":{\"@id\":\"https:\\\/\\\/candas365.es\\\/noticias\\\/investigan-a-anciana-de-92-anos-por-colaborar-en-campo-nazi\\\/#organizationLogo\"},\"sameAs\":[\"https:\\\/\\\/www.facebook.com\\\/Nachofdezber\",\"https:\\\/\\\/x.com\\\/NabercoDigital\",\"https:\\\/\\\/www.instagram.com\\\/nachofdezber\\\/\",\"https:\\\/\\\/www.youtube.com\\\/channel\\\/UCZP-2wLEB9Rv6erhFmqVnvg\"],\"address\":{\"@id\":\"https:\\\/\\\/candas365.es\\\/noticias\\\/#postaladdress\",\"@type\":\"PostalAddress\",\"streetAddress\":\"san antonio 4, san antonio 4\",\"postalCode\":\"33430\",\"addressLocality\":\"Cand\\u00e1s\",\"addressRegion\":\"Asturias\",\"addressCountry\":\"ES\"}},{\"@type\":\"Person\",\"@id\":\"https:\\\/\\\/candas365.es\\\/noticias\\\/author\\\/admin\\\/#author\",\"url\":\"https:\\\/\\\/candas365.es\\\/noticias\\\/author\\\/admin\\\/\",\"name\":\"Cand\\u00e1s 365\",\"image\":{\"@type\":\"ImageObject\",\"@id\":\"https:\\\/\\\/candas365.es\\\/noticias\\\/investigan-a-anciana-de-92-anos-por-colaborar-en-campo-nazi\\\/#authorImage\",\"url\":\"https:\\\/\\\/secure.gravatar.com\\\/avatar\\\/496a8e03d0c493ede1718b7934145dbdf8d89be1036b0eec9544e1094c9de390?s=96&d=mm&r=g\",\"width\":96,\"height\":96,\"caption\":\"Cand\\u00e1s 365\"},\"sameAs\":[\"https:\\\/\\\/www.facebook.com\\\/carrenoactualidad\",\"https:\\\/\\\/twitter.com\\\/nbasturias\",\"https:\\\/\\\/www.instagram.com\\\/nachofdezber\\\/\",\"https:\\\/\\\/www.youtube.com\\\/channel\\\/UCZP-2wLEB9Rv6erhFmqVnvg\"]},{\"@type\":\"WebPage\",\"@id\":\"https:\\\/\\\/candas365.es\\\/noticias\\\/investigan-a-anciana-de-92-anos-por-colaborar-en-campo-nazi\\\/#webpage\",\"url\":\"https:\\\/\\\/candas365.es\\\/noticias\\\/investigan-a-anciana-de-92-anos-por-colaborar-en-campo-nazi\\\/\",\"name\":\"Investigan a anciana de 92 a\\u00f1os por colaborar en campo nazi | Cand\\u00e1s 365\",\"description\":\"(dpa) - La fiscal\\u00eda de M\\u00fanich comunic\\u00f3 hoy que abri\\u00f3 expediente contra una anciana de 92 a\\u00f1os que trabaj\\u00f3 en un campo de concentraci\\u00f3n durante el nazismo. Seg\\u00fan dijo el portavoz de la fiscal\\u00eda Florian Weinzierl, a\\u00fan no se sabe qu\\u00e9 funciones cumpl\\u00eda exactamente en el campo de Stutthof, ubicado en las inmediaciones de la\",\"inLanguage\":\"es-ES\",\"isPartOf\":{\"@id\":\"https:\\\/\\\/candas365.es\\\/noticias\\\/#website\"},\"breadcrumb\":{\"@id\":\"https:\\\/\\\/candas365.es\\\/noticias\\\/investigan-a-anciana-de-92-anos-por-colaborar-en-campo-nazi\\\/#breadcrumblist\"},\"author\":{\"@id\":\"https:\\\/\\\/candas365.es\\\/noticias\\\/author\\\/admin\\\/#author\"},\"creator\":{\"@id\":\"https:\\\/\\\/candas365.es\\\/noticias\\\/author\\\/admin\\\/#author\"},\"datePublished\":\"2017-04-19T19:14:44+02:00\",\"dateModified\":\"2017-04-19T19:14:44+02:00\"},{\"@type\":\"WebSite\",\"@id\":\"https:\\\/\\\/candas365.es\\\/noticias\\\/#website\",\"url\":\"https:\\\/\\\/candas365.es\\\/noticias\\\/\",\"name\":\"Cand\\u00e1s 365\",\"alternateName\":\"Cand\\u00e1s 365 Noticias\",\"description\":\"Actualidad desde Carre\\u00f1o para el mundo\",\"inLanguage\":\"es-ES\",\"publisher\":{\"@id\":\"https:\\\/\\\/candas365.es\\\/noticias\\\/#organization\"}}]}\n\t\t<\/script>\n\t\t<!-- All in One SEO Pro -->\r\n\t\t<title>Investigan a anciana de 92 a\u00f1os por colaborar en campo nazi | Cand\u00e1s 365<\/title>\n\n","aioseo_head_json":{"title":"Investigan a anciana de 92 a\u00f1os por colaborar en campo nazi | Cand\u00e1s 365","description":"(dpa) - La fiscal\u00eda de M\u00fanich comunic\u00f3 hoy que abri\u00f3 expediente contra una anciana de 92 a\u00f1os que trabaj\u00f3 en un campo de concentraci\u00f3n durante el nazismo. Seg\u00fan dijo el portavoz de la fiscal\u00eda Florian Weinzierl, a\u00fan no se sabe qu\u00e9 funciones cumpl\u00eda exactamente en el campo de Stutthof, ubicado en las inmediaciones de la","canonical_url":"https:\/\/candas365.es\/noticias\/investigan-a-anciana-de-92-anos-por-colaborar-en-campo-nazi\/","robots":"max-image-preview:large","keywords":"actualidad","webmasterTools":{"google-site-verification":"UA-32230408-1","msvalidate.01":"354F3CDFB2DA171B47FBE9ABF1F88D5","miscellaneous":""},"schema":{"@context":"https:\/\/schema.org","@graph":[{"@type":"BreadcrumbList","@id":"https:\/\/candas365.es\/noticias\/investigan-a-anciana-de-92-anos-por-colaborar-en-campo-nazi\/#breadcrumblist","itemListElement":[{"@type":"ListItem","@id":"https:\/\/candas365.es\/noticias#listItem","position":1,"name":"Home","item":"https:\/\/candas365.es\/noticias","nextItem":{"@type":"ListItem","@id":"https:\/\/candas365.es\/noticias\/category\/actualidad\/#listItem","name":"Actualidad"}},{"@type":"ListItem","@id":"https:\/\/candas365.es\/noticias\/category\/actualidad\/#listItem","position":2,"name":"Actualidad","item":"https:\/\/candas365.es\/noticias\/category\/actualidad\/","nextItem":{"@type":"ListItem","@id":"https:\/\/candas365.es\/noticias\/investigan-a-anciana-de-92-anos-por-colaborar-en-campo-nazi\/#listItem","name":"Investigan a anciana de 92 a\u00f1os por colaborar en campo nazi"},"previousItem":{"@type":"ListItem","@id":"https:\/\/candas365.es\/noticias#listItem","name":"Home"}},{"@type":"ListItem","@id":"https:\/\/candas365.es\/noticias\/investigan-a-anciana-de-92-anos-por-colaborar-en-campo-nazi\/#listItem","position":3,"name":"Investigan a anciana de 92 a\u00f1os por colaborar en campo nazi","previousItem":{"@type":"ListItem","@id":"https:\/\/candas365.es\/noticias\/category\/actualidad\/#listItem","name":"Actualidad"}}]},{"@type":"NewsArticle","@id":"https:\/\/candas365.es\/noticias\/investigan-a-anciana-de-92-anos-por-colaborar-en-campo-nazi\/#newsarticle","name":"Investigan a anciana de 92 a\u00f1os por colaborar en campo nazi | Cand\u00e1s 365","headline":"Investigan a anciana de 92 a\u00f1os por colaborar en campo nazi","author":{"@id":"https:\/\/candas365.es\/noticias\/author\/admin\/#author"},"publisher":{"@id":"https:\/\/candas365.es\/noticias\/#organization"},"image":{"@type":"ImageObject","url":"https:\/\/candas365.es\/noticias\/wp-content\/uploads\/2024\/09\/Candas-365-Redes.jpg","@id":"https:\/\/candas365.es\/noticias\/#articleImage","width":1152,"height":864,"caption":"Cand\u00e1s 365 Redes"},"datePublished":"2017-04-19T19:14:44+02:00","dateModified":"2017-04-19T19:14:44+02:00","inLanguage":"es-ES","mainEntityOfPage":{"@id":"https:\/\/candas365.es\/noticias\/investigan-a-anciana-de-92-anos-por-colaborar-en-campo-nazi\/#webpage"},"isPartOf":{"@id":"https:\/\/candas365.es\/noticias\/investigan-a-anciana-de-92-anos-por-colaborar-en-campo-nazi\/#webpage"},"articleSection":"Actualidad","dateline":"Publicado el abril 19, 2017."},{"@type":"Organization","@id":"https:\/\/candas365.es\/noticias\/#organization","name":"Cand\u00e1s 365","description":"Cand\u00e1s 365 es un diario digital independiente, fundado en 2012, con base en Asturias. Informamos con rigor sobre actualidad, sociedad, cultura y ocio, con una mirada local y global.","url":"https:\/\/candas365.es\/noticias\/","email":"info@candas365.es","telephone":"+34652131393","foundingDate":"2012-06-10","logo":{"@type":"ImageObject","url":"https:\/\/candas365.es\/noticias\/wp-content\/uploads\/2024\/09\/Candas-365-Redes.jpg","@id":"https:\/\/candas365.es\/noticias\/investigan-a-anciana-de-92-anos-por-colaborar-en-campo-nazi\/#organizationLogo","width":1152,"height":864,"caption":"Cand\u00e1s 365 Redes"},"image":{"@id":"https:\/\/candas365.es\/noticias\/investigan-a-anciana-de-92-anos-por-colaborar-en-campo-nazi\/#organizationLogo"},"sameAs":["https:\/\/www.facebook.com\/Nachofdezber","https:\/\/x.com\/NabercoDigital","https:\/\/www.instagram.com\/nachofdezber\/","https:\/\/www.youtube.com\/channel\/UCZP-2wLEB9Rv6erhFmqVnvg"],"address":{"@id":"https:\/\/candas365.es\/noticias\/#postaladdress","@type":"PostalAddress","streetAddress":"san antonio 4, san antonio 4","postalCode":"33430","addressLocality":"Cand\u00e1s","addressRegion":"Asturias","addressCountry":"ES"}},{"@type":"Person","@id":"https:\/\/candas365.es\/noticias\/author\/admin\/#author","url":"https:\/\/candas365.es\/noticias\/author\/admin\/","name":"Cand\u00e1s 365","image":{"@type":"ImageObject","@id":"https:\/\/candas365.es\/noticias\/investigan-a-anciana-de-92-anos-por-colaborar-en-campo-nazi\/#authorImage","url":"https:\/\/secure.gravatar.com\/avatar\/496a8e03d0c493ede1718b7934145dbdf8d89be1036b0eec9544e1094c9de390?s=96&d=mm&r=g","width":96,"height":96,"caption":"Cand\u00e1s 365"},"sameAs":["https:\/\/www.facebook.com\/carrenoactualidad","https:\/\/twitter.com\/nbasturias","https:\/\/www.instagram.com\/nachofdezber\/","https:\/\/www.youtube.com\/channel\/UCZP-2wLEB9Rv6erhFmqVnvg"]},{"@type":"WebPage","@id":"https:\/\/candas365.es\/noticias\/investigan-a-anciana-de-92-anos-por-colaborar-en-campo-nazi\/#webpage","url":"https:\/\/candas365.es\/noticias\/investigan-a-anciana-de-92-anos-por-colaborar-en-campo-nazi\/","name":"Investigan a anciana de 92 a\u00f1os por colaborar en campo nazi | Cand\u00e1s 365","description":"(dpa) - La fiscal\u00eda de M\u00fanich comunic\u00f3 hoy que abri\u00f3 expediente contra una anciana de 92 a\u00f1os que trabaj\u00f3 en un campo de concentraci\u00f3n durante el nazismo. Seg\u00fan dijo el portavoz de la fiscal\u00eda Florian Weinzierl, a\u00fan no se sabe qu\u00e9 funciones cumpl\u00eda exactamente en el campo de Stutthof, ubicado en las inmediaciones de la","inLanguage":"es-ES","isPartOf":{"@id":"https:\/\/candas365.es\/noticias\/#website"},"breadcrumb":{"@id":"https:\/\/candas365.es\/noticias\/investigan-a-anciana-de-92-anos-por-colaborar-en-campo-nazi\/#breadcrumblist"},"author":{"@id":"https:\/\/candas365.es\/noticias\/author\/admin\/#author"},"creator":{"@id":"https:\/\/candas365.es\/noticias\/author\/admin\/#author"},"datePublished":"2017-04-19T19:14:44+02:00","dateModified":"2017-04-19T19:14:44+02:00"},{"@type":"WebSite","@id":"https:\/\/candas365.es\/noticias\/#website","url":"https:\/\/candas365.es\/noticias\/","name":"Cand\u00e1s 365","alternateName":"Cand\u00e1s 365 Noticias","description":"Actualidad desde Carre\u00f1o para el mundo","inLanguage":"es-ES","publisher":{"@id":"https:\/\/candas365.es\/noticias\/#organization"}}]},"og:locale":"es_ES","og:site_name":"Cand\u00e1s 365","og:type":"article","og:title":"Investigan a anciana de 92 a\u00f1os por colaborar en campo nazi | Cand\u00e1s 365","og:description":"(dpa) - La fiscal\u00eda de M\u00fanich comunic\u00f3 hoy que abri\u00f3 expediente contra una anciana de 92 a\u00f1os que trabaj\u00f3 en un campo de concentraci\u00f3n durante el nazismo. Seg\u00fan dijo el portavoz de la fiscal\u00eda Florian Weinzierl, a\u00fan no se sabe qu\u00e9 funciones cumpl\u00eda exactamente en el campo de Stutthof, ubicado en las inmediaciones de la","og:url":"https:\/\/candas365.es\/noticias\/investigan-a-anciana-de-92-anos-por-colaborar-en-campo-nazi\/","og:image":"https:\/\/candas365.es\/noticias\/wp-content\/uploads\/2024\/09\/Candas-365-Redes.jpg","og:image:secure_url":"https:\/\/candas365.es\/noticias\/wp-content\/uploads\/2024\/09\/Candas-365-Redes.jpg","og:image:width":1152,"og:image:height":864,"article:published_time":"2017-04-19T19:14:44+00:00","article:modified_time":"2017-04-19T19:14:44+00:00","article:publisher":"https:\/\/www.facebook.com\/Nachofdezber","article:author":"https:\/\/www.facebook.com\/carrenoactualidad","twitter:card":"summary_large_image","twitter:site":"@NabercoDigital","twitter:title":"Investigan a anciana de 92 a\u00f1os por colaborar en campo nazi | Cand\u00e1s 365","twitter:description":"(dpa) - La fiscal\u00eda de M\u00fanich comunic\u00f3 hoy que abri\u00f3 expediente contra una anciana de 92 a\u00f1os que trabaj\u00f3 en un campo de concentraci\u00f3n durante el nazismo. Seg\u00fan dijo el portavoz de la fiscal\u00eda Florian Weinzierl, a\u00fan no se sabe qu\u00e9 funciones cumpl\u00eda exactamente en el campo de Stutthof, ubicado en las inmediaciones de la","twitter:creator":"@nbasturias","twitter:image":"https:\/\/candas365.es\/noticias\/wp-content\/uploads\/2024\/09\/Candas-365-Redes.jpg","twitter:label1":"Escrito por","twitter:data1":"Cand\u00e1s 365","twitter:label2":"Tiempo de lectura estimado","twitter:data2":"1 minuto"},"aioseo_meta_data":{"post_id":"69837","title":null,"description":null,"keywords":null,"keyphrases":null,"primary_term":null,"canonical_url":null,"og_title":null,"og_description":null,"og_object_type":"default","og_image_type":"default","og_image_url":null,"og_image_width":null,"og_image_height":null,"og_image_custom_url":null,"og_image_custom_fields":null,"og_video":null,"og_custom_url":null,"og_article_section":null,"og_article_tags":null,"twitter_use_og":false,"twitter_card":"default","twitter_image_type":"default","twitter_image_url":null,"twitter_image_custom_url":null,"twitter_image_custom_fields":null,"twitter_title":null,"twitter_description":null,"schema":{"blockGraphs":[],"customGraphs":[],"default":{"data":{"Article":[],"Course":[],"Dataset":[],"FAQPage":[],"Movie":[],"Person":[],"Product":[],"ProductReview":[],"Car":[],"Recipe":[],"Service":[],"SoftwareApplication":[],"WebPage":[]},"graphName":"","isEnabled":true},"graphs":[],"defaultGraph":"","defaultPostTypeGraph":""},"schema_type":null,"schema_type_options":null,"pillar_content":false,"robots_default":true,"robots_noindex":false,"robots_noarchive":false,"robots_nosnippet":false,"robots_nofollow":false,"robots_noimageindex":false,"robots_noodp":false,"robots_notranslate":false,"robots_max_snippet":null,"robots_max_videopreview":null,"robots_max_imagepreview":"large","priority":null,"frequency":null,"location":null,"local_seo":null,"seo_analyzer_scan_date":"2025-08-25 11:27:11","breadcrumb_settings":null,"limit_modified_date":false,"reviewed_by":null,"open_ai":null,"ai":null,"created":"2020-12-21 13:01:22","updated":"2025-08-25 11:27:11"},"aioseo_breadcrumb":"<div class=\"aioseo-breadcrumbs\"><span class=\"aioseo-breadcrumb\">\n\t<a href=\"https:\/\/candas365.es\/noticias\" title=\"Home\">Home<\/a>\n<\/span><span class=\"aioseo-breadcrumb-separator\">&ndash;<\/span><span class=\"aioseo-breadcrumb\">\n\t<a href=\"https:\/\/candas365.es\/noticias\/category\/actualidad\/\" title=\"Actualidad\">Actualidad<\/a>\n<\/span><span class=\"aioseo-breadcrumb-separator\">&ndash;<\/span><span class=\"aioseo-breadcrumb\">\n\tInvestigan a anciana de 92 a\u00f1os por colaborar en campo nazi\n<\/span><\/div>","aioseo_breadcrumb_json":[{"label":"Home","link":"https:\/\/candas365.es\/noticias"},{"label":"Actualidad","link":"https:\/\/candas365.es\/noticias\/category\/actualidad\/"},{"label":"Investigan a anciana de 92 a\u00f1os por colaborar en campo nazi","link":"https:\/\/candas365.es\/noticias\/investigan-a-anciana-de-92-anos-por-colaborar-en-campo-nazi\/"}],"_links":{"self":[{"href":"https:\/\/candas365.es\/noticias\/wp-json\/wp\/v2\/posts\/69837","targetHints":{"allow":["GET"]}}],"collection":[{"href":"https:\/\/candas365.es\/noticias\/wp-json\/wp\/v2\/posts"}],"about":[{"href":"https:\/\/candas365.es\/noticias\/wp-json\/wp\/v2\/types\/post"}],"author":[{"embeddable":true,"href":"https:\/\/candas365.es\/noticias\/wp-json\/wp\/v2\/users\/1"}],"replies":[{"embeddable":true,"href":"https:\/\/candas365.es\/noticias\/wp-json\/wp\/v2\/comments?post=69837"}],"version-history":[{"count":0,"href":"https:\/\/candas365.es\/noticias\/wp-json\/wp\/v2\/posts\/69837\/revisions"}],"wp:attachment":[{"href":"https:\/\/candas365.es\/noticias\/wp-json\/wp\/v2\/media?parent=69837"}],"wp:term":[{"taxonomy":"category","embeddable":true,"href":"https:\/\/candas365.es\/noticias\/wp-json\/wp\/v2\/categories?post=69837"},{"taxonomy":"post_tag","embeddable":true,"href":"https:\/\/candas365.es\/noticias\/wp-json\/wp\/v2\/tags?post=69837"}],"curies":[{"name":"wp","href":"https:\/\/api.w.org\/{rel}","templated":true}]}}