{"id":69835,"date":"2017-04-19T19:14:02","date_gmt":"2017-04-19T19:14:02","guid":{"rendered":"http:\/\/candas365.es\/noticias\/?p=69835"},"modified":"2017-04-19T19:14:02","modified_gmt":"2017-04-19T19:14:02","slug":"grupo-mediatico-aleman-axel-springer-adquiere-participacion-en-uber","status":"publish","type":"post","link":"https:\/\/candas365.es\/noticias\/grupo-mediatico-aleman-axel-springer-adquiere-participacion-en-uber\/","title":{"rendered":"Grupo medi\u00e1tico alem\u00e1n Axel-Springer adquiere participaci\u00f3n en Uber"},"content":{"rendered":"<p>(dpa) &#8211; Axel Springer, el mayor grupo de medios de comunicaci\u00f3n de Europa, adquiri\u00f3 una participaci\u00f3n en el pol\u00e9mico servicio de transporte urbano Uber, confirm\u00f3 hoy una portavoz de Springer.<\/p>\n<p>\u00abSe trata de una participaci\u00f3n financiera, no de una inversi\u00f3n estrat\u00e9gica\u00bb, se\u00f1al\u00f3 la vocera. La participaci\u00f3n es una inversi\u00f3n \u00abm\u00ednima similar a la de AirBnB\u00bb, agreg\u00f3.<\/p>\n<p>Springer declin\u00f3 brindar detalles sobre la operaci\u00f3n, que no fue comunicada al p\u00fablico y se filtr\u00f3 a trav\u00e9s del portal t3n.de.<\/p>\n<p>Recientemente se inform\u00f3 que el ex redactor jefe y editor del diario de masas \u00abBild\u00bb -el buque insignia de Springer- Kai Diekmann hab\u00eda asumido una funci\u00f3n de asesor de Uber.<\/p>\n<p>La empresa californiana, por su parte, manifest\u00f3 \u00abla visi\u00f3n de contribuir a que las ciudades y calles europeas sean m\u00e1s seguras, limpias y accesibles\u00bb.<\/p>\n<p>\u00abLa inversi\u00f3n de la editorial digital Axel Springer es otro ejemplo de una empresa l\u00edder alemana que comparte esta visi\u00f3n\u00bb, destac\u00f3.<\/p>\n<p>Uber es una compa\u00f1\u00eda que genera pol\u00e9mica. Sus servicios de intermediaci\u00f3n entre conductores particulares y pasajeros representa una fuerte competencia a las empresas de taxis. En varias ciudades de Europa le ha sido prohibido operar total o parcialmente.<\/p>\n<p>Asimismo, la firma californiana ha ocupado titulares negativos en otro orden. Una ex ingeniera de software critic\u00f3 la cultura de la empresa en un blog y acus\u00f3 a Uber de discriminar a las mujeres. Adem\u00e1s, la empresa Waymo ha demandado a Uber acus\u00e1ndola de usar tecnolog\u00eda de conducci\u00f3n aut\u00f3noma robada por un ex empleado. <\/p>\n<p>Uber registr\u00f3 en 2015 p\u00e9rdidas de 2.200 millones de d\u00f3lares, a las que se sumaron m\u00e1s n\u00fameros rojos el a\u00f1o pasado, al parecer del orden de unos 1.270 millones de d\u00f3lares, seg\u00fan la agencia de noticias econ\u00f3micas Bloomberg.<\/p>\n<p>La editorial Axel Springer anunci\u00f3 en febrero de 2012 una \u00abasociaci\u00f3n estrat\u00e9gica de comercializaci\u00f3n con el portal www.airbnb.de\u00bb.<\/p>\n","protected":false},"excerpt":{"rendered":"<p>(dpa) &#8211; Axel Springer, el mayor grupo de medios de comunicaci\u00f3n de Europa, adquiri\u00f3 una participaci\u00f3n en el pol\u00e9mico servicio de transporte urbano Uber, confirm\u00f3 hoy una portavoz de Springer. \u00abSe trata de una participaci\u00f3n financiera, no de una inversi\u00f3n estrat\u00e9gica\u00bb, se\u00f1al\u00f3 la vocera. La participaci\u00f3n es una inversi\u00f3n \u00abm\u00ednima similar a la de AirBnB\u00bb,<\/p>\n","protected":false},"author":1,"featured_media":0,"comment_status":"open","ping_status":"closed","sticky":false,"template":"","format":"standard","meta":{"footnotes":""},"categories":[343],"tags":[],"class_list":{"0":"post-69835","1":"post","2":"type-post","3":"status-publish","4":"format-standard","6":"category-actualidad"},"aioseo_notices":[],"aioseo_head":"\n\t\t<!-- All in One SEO Pro 4.9.6.2 - aioseo.com -->\n\t<meta name=\"description\" content=\"(dpa) - Axel Springer, el mayor grupo de medios de comunicaci\u00f3n de Europa, adquiri\u00f3 una participaci\u00f3n en el pol\u00e9mico servicio de transporte urbano Uber, confirm\u00f3 hoy una portavoz de Springer. &quot;Se trata de una participaci\u00f3n financiera, no de una inversi\u00f3n estrat\u00e9gica&quot;, se\u00f1al\u00f3 la vocera. La participaci\u00f3n es una inversi\u00f3n &quot;m\u00ednima similar a la de AirBnB&quot;,\" \/>\n\t<meta name=\"robots\" content=\"max-image-preview:large\" \/>\n\t<meta name=\"author\" content=\"Cand\u00e1s 365\"\/>\n\t<meta name=\"google-site-verification\" content=\"UA-32230408-1\" \/>\n\t<meta name=\"msvalidate.01\" content=\"354F3CDFB2DA171B47FBE9ABF1F88D5\" \/>\n\t<meta name=\"keywords\" content=\"actualidad\" \/>\n\t<link rel=\"canonical\" href=\"https:\/\/candas365.es\/noticias\/grupo-mediatico-aleman-axel-springer-adquiere-participacion-en-uber\/\" \/>\n\t<meta name=\"generator\" content=\"All in One SEO Pro (AIOSEO) 4.9.6.2\" \/>\n\t\t<meta property=\"og:locale\" content=\"es_ES\" \/>\n\t\t<meta property=\"og:site_name\" content=\"Cand\u00e1s 365\" \/>\n\t\t<meta property=\"og:type\" content=\"article\" \/>\n\t\t<meta property=\"og:title\" content=\"Grupo medi\u00e1tico alem\u00e1n Axel-Springer adquiere participaci\u00f3n en Uber | Cand\u00e1s 365\" \/>\n\t\t<meta property=\"og:description\" content=\"(dpa) - Axel Springer, el mayor grupo de medios de comunicaci\u00f3n de Europa, adquiri\u00f3 una participaci\u00f3n en el pol\u00e9mico servicio de transporte urbano Uber, confirm\u00f3 hoy una portavoz de Springer. &quot;Se trata de una participaci\u00f3n financiera, no de una inversi\u00f3n estrat\u00e9gica&quot;, se\u00f1al\u00f3 la vocera. La participaci\u00f3n es una inversi\u00f3n &quot;m\u00ednima similar a la de AirBnB&quot;,\" \/>\n\t\t<meta property=\"og:url\" content=\"https:\/\/candas365.es\/noticias\/grupo-mediatico-aleman-axel-springer-adquiere-participacion-en-uber\/\" \/>\n\t\t<meta property=\"og:image\" content=\"https:\/\/candas365.es\/noticias\/wp-content\/uploads\/2024\/09\/Candas-365-Redes.jpg\" \/>\n\t\t<meta property=\"og:image:secure_url\" content=\"https:\/\/candas365.es\/noticias\/wp-content\/uploads\/2024\/09\/Candas-365-Redes.jpg\" \/>\n\t\t<meta property=\"og:image:width\" content=\"1152\" \/>\n\t\t<meta property=\"og:image:height\" content=\"864\" \/>\n\t\t<meta property=\"article:published_time\" content=\"2017-04-19T19:14:02+00:00\" \/>\n\t\t<meta property=\"article:modified_time\" content=\"2017-04-19T19:14:02+00:00\" \/>\n\t\t<meta property=\"article:publisher\" content=\"https:\/\/www.facebook.com\/Nachofdezber\" \/>\n\t\t<meta property=\"article:author\" content=\"https:\/\/www.facebook.com\/carrenoactualidad\" \/>\n\t\t<meta name=\"twitter:card\" content=\"summary_large_image\" \/>\n\t\t<meta name=\"twitter:site\" content=\"@NabercoDigital\" \/>\n\t\t<meta name=\"twitter:title\" content=\"Grupo medi\u00e1tico alem\u00e1n Axel-Springer adquiere participaci\u00f3n en Uber | Cand\u00e1s 365\" \/>\n\t\t<meta name=\"twitter:description\" content=\"(dpa) - Axel Springer, el mayor grupo de medios de comunicaci\u00f3n de Europa, adquiri\u00f3 una participaci\u00f3n en el pol\u00e9mico servicio de transporte urbano Uber, confirm\u00f3 hoy una portavoz de Springer. &quot;Se trata de una participaci\u00f3n financiera, no de una inversi\u00f3n estrat\u00e9gica&quot;, se\u00f1al\u00f3 la vocera. La participaci\u00f3n es una inversi\u00f3n &quot;m\u00ednima similar a la de AirBnB&quot;,\" \/>\n\t\t<meta name=\"twitter:creator\" content=\"@nbasturias\" \/>\n\t\t<meta name=\"twitter:image\" content=\"https:\/\/candas365.es\/noticias\/wp-content\/uploads\/2024\/09\/Candas-365-Redes.jpg\" \/>\n\t\t<meta name=\"twitter:label1\" content=\"Escrito por\" \/>\n\t\t<meta name=\"twitter:data1\" content=\"Cand\u00e1s 365\" \/>\n\t\t<meta name=\"twitter:label2\" content=\"Tiempo de lectura estimado\" \/>\n\t\t<meta name=\"twitter:data2\" content=\"2 minutos\" \/>\n\t\t<script type=\"application\/ld+json\" class=\"aioseo-schema\">\n\t\t\t{\"@context\":\"https:\\\/\\\/schema.org\",\"@graph\":[{\"@type\":\"BreadcrumbList\",\"@id\":\"https:\\\/\\\/candas365.es\\\/noticias\\\/grupo-mediatico-aleman-axel-springer-adquiere-participacion-en-uber\\\/#breadcrumblist\",\"itemListElement\":[{\"@type\":\"ListItem\",\"@id\":\"https:\\\/\\\/candas365.es\\\/noticias#listItem\",\"position\":1,\"name\":\"Home\",\"item\":\"https:\\\/\\\/candas365.es\\\/noticias\",\"nextItem\":{\"@type\":\"ListItem\",\"@id\":\"https:\\\/\\\/candas365.es\\\/noticias\\\/category\\\/actualidad\\\/#listItem\",\"name\":\"Actualidad\"}},{\"@type\":\"ListItem\",\"@id\":\"https:\\\/\\\/candas365.es\\\/noticias\\\/category\\\/actualidad\\\/#listItem\",\"position\":2,\"name\":\"Actualidad\",\"item\":\"https:\\\/\\\/candas365.es\\\/noticias\\\/category\\\/actualidad\\\/\",\"nextItem\":{\"@type\":\"ListItem\",\"@id\":\"https:\\\/\\\/candas365.es\\\/noticias\\\/grupo-mediatico-aleman-axel-springer-adquiere-participacion-en-uber\\\/#listItem\",\"name\":\"Grupo medi\\u00e1tico alem\\u00e1n Axel-Springer adquiere participaci\\u00f3n en Uber\"},\"previousItem\":{\"@type\":\"ListItem\",\"@id\":\"https:\\\/\\\/candas365.es\\\/noticias#listItem\",\"name\":\"Home\"}},{\"@type\":\"ListItem\",\"@id\":\"https:\\\/\\\/candas365.es\\\/noticias\\\/grupo-mediatico-aleman-axel-springer-adquiere-participacion-en-uber\\\/#listItem\",\"position\":3,\"name\":\"Grupo medi\\u00e1tico alem\\u00e1n Axel-Springer adquiere participaci\\u00f3n en Uber\",\"previousItem\":{\"@type\":\"ListItem\",\"@id\":\"https:\\\/\\\/candas365.es\\\/noticias\\\/category\\\/actualidad\\\/#listItem\",\"name\":\"Actualidad\"}}]},{\"@type\":\"NewsArticle\",\"@id\":\"https:\\\/\\\/candas365.es\\\/noticias\\\/grupo-mediatico-aleman-axel-springer-adquiere-participacion-en-uber\\\/#newsarticle\",\"name\":\"Grupo medi\\u00e1tico alem\\u00e1n Axel-Springer adquiere participaci\\u00f3n en Uber | Cand\\u00e1s 365\",\"headline\":\"Grupo medi\\u00e1tico alem\\u00e1n Axel-Springer adquiere participaci\\u00f3n en Uber\",\"author\":{\"@id\":\"https:\\\/\\\/candas365.es\\\/noticias\\\/author\\\/admin\\\/#author\"},\"publisher\":{\"@id\":\"https:\\\/\\\/candas365.es\\\/noticias\\\/#organization\"},\"image\":{\"@type\":\"ImageObject\",\"url\":\"https:\\\/\\\/candas365.es\\\/noticias\\\/wp-content\\\/uploads\\\/2024\\\/09\\\/Candas-365-Redes.jpg\",\"@id\":\"https:\\\/\\\/candas365.es\\\/noticias\\\/#articleImage\",\"width\":1152,\"height\":864,\"caption\":\"Cand\\u00e1s 365 Redes\"},\"datePublished\":\"2017-04-19T19:14:02+02:00\",\"dateModified\":\"2017-04-19T19:14:02+02:00\",\"inLanguage\":\"es-ES\",\"mainEntityOfPage\":{\"@id\":\"https:\\\/\\\/candas365.es\\\/noticias\\\/grupo-mediatico-aleman-axel-springer-adquiere-participacion-en-uber\\\/#webpage\"},\"isPartOf\":{\"@id\":\"https:\\\/\\\/candas365.es\\\/noticias\\\/grupo-mediatico-aleman-axel-springer-adquiere-participacion-en-uber\\\/#webpage\"},\"articleSection\":\"Actualidad\",\"dateline\":\"Publicado el abril 19, 2017.\"},{\"@type\":\"Organization\",\"@id\":\"https:\\\/\\\/candas365.es\\\/noticias\\\/#organization\",\"name\":\"Cand\\u00e1s 365\",\"description\":\"Cand\\u00e1s 365 es un diario digital independiente, fundado en 2012, con base en Asturias. Informamos con rigor sobre actualidad, sociedad, cultura y ocio, con una mirada local y global.\",\"url\":\"https:\\\/\\\/candas365.es\\\/noticias\\\/\",\"email\":\"info@candas365.es\",\"telephone\":\"+34652131393\",\"foundingDate\":\"2012-06-10\",\"logo\":{\"@type\":\"ImageObject\",\"url\":\"https:\\\/\\\/candas365.es\\\/noticias\\\/wp-content\\\/uploads\\\/2024\\\/09\\\/Candas-365-Redes.jpg\",\"@id\":\"https:\\\/\\\/candas365.es\\\/noticias\\\/grupo-mediatico-aleman-axel-springer-adquiere-participacion-en-uber\\\/#organizationLogo\",\"width\":1152,\"height\":864,\"caption\":\"Cand\\u00e1s 365 Redes\"},\"image\":{\"@id\":\"https:\\\/\\\/candas365.es\\\/noticias\\\/grupo-mediatico-aleman-axel-springer-adquiere-participacion-en-uber\\\/#organizationLogo\"},\"sameAs\":[\"https:\\\/\\\/www.facebook.com\\\/Nachofdezber\",\"https:\\\/\\\/x.com\\\/NabercoDigital\",\"https:\\\/\\\/www.instagram.com\\\/nachofdezber\\\/\",\"https:\\\/\\\/www.youtube.com\\\/channel\\\/UCZP-2wLEB9Rv6erhFmqVnvg\"],\"address\":{\"@id\":\"https:\\\/\\\/candas365.es\\\/noticias\\\/#postaladdress\",\"@type\":\"PostalAddress\",\"streetAddress\":\"san antonio 4, san antonio 4\",\"postalCode\":\"33430\",\"addressLocality\":\"Cand\\u00e1s\",\"addressRegion\":\"Asturias\",\"addressCountry\":\"ES\"}},{\"@type\":\"Person\",\"@id\":\"https:\\\/\\\/candas365.es\\\/noticias\\\/author\\\/admin\\\/#author\",\"url\":\"https:\\\/\\\/candas365.es\\\/noticias\\\/author\\\/admin\\\/\",\"name\":\"Cand\\u00e1s 365\",\"image\":{\"@type\":\"ImageObject\",\"@id\":\"https:\\\/\\\/candas365.es\\\/noticias\\\/grupo-mediatico-aleman-axel-springer-adquiere-participacion-en-uber\\\/#authorImage\",\"url\":\"https:\\\/\\\/secure.gravatar.com\\\/avatar\\\/496a8e03d0c493ede1718b7934145dbdf8d89be1036b0eec9544e1094c9de390?s=96&d=mm&r=g\",\"width\":96,\"height\":96,\"caption\":\"Cand\\u00e1s 365\"},\"sameAs\":[\"https:\\\/\\\/www.facebook.com\\\/carrenoactualidad\",\"https:\\\/\\\/twitter.com\\\/nbasturias\",\"https:\\\/\\\/www.instagram.com\\\/nachofdezber\\\/\",\"https:\\\/\\\/www.youtube.com\\\/channel\\\/UCZP-2wLEB9Rv6erhFmqVnvg\"]},{\"@type\":\"WebPage\",\"@id\":\"https:\\\/\\\/candas365.es\\\/noticias\\\/grupo-mediatico-aleman-axel-springer-adquiere-participacion-en-uber\\\/#webpage\",\"url\":\"https:\\\/\\\/candas365.es\\\/noticias\\\/grupo-mediatico-aleman-axel-springer-adquiere-participacion-en-uber\\\/\",\"name\":\"Grupo medi\\u00e1tico alem\\u00e1n Axel-Springer adquiere participaci\\u00f3n en Uber | Cand\\u00e1s 365\",\"description\":\"(dpa) - Axel Springer, el mayor grupo de medios de comunicaci\\u00f3n de Europa, adquiri\\u00f3 una participaci\\u00f3n en el pol\\u00e9mico servicio de transporte urbano Uber, confirm\\u00f3 hoy una portavoz de Springer. \\\"Se trata de una participaci\\u00f3n financiera, no de una inversi\\u00f3n estrat\\u00e9gica\\\", se\\u00f1al\\u00f3 la vocera. La participaci\\u00f3n es una inversi\\u00f3n \\\"m\\u00ednima similar a la de AirBnB\\\",\",\"inLanguage\":\"es-ES\",\"isPartOf\":{\"@id\":\"https:\\\/\\\/candas365.es\\\/noticias\\\/#website\"},\"breadcrumb\":{\"@id\":\"https:\\\/\\\/candas365.es\\\/noticias\\\/grupo-mediatico-aleman-axel-springer-adquiere-participacion-en-uber\\\/#breadcrumblist\"},\"author\":{\"@id\":\"https:\\\/\\\/candas365.es\\\/noticias\\\/author\\\/admin\\\/#author\"},\"creator\":{\"@id\":\"https:\\\/\\\/candas365.es\\\/noticias\\\/author\\\/admin\\\/#author\"},\"datePublished\":\"2017-04-19T19:14:02+02:00\",\"dateModified\":\"2017-04-19T19:14:02+02:00\"},{\"@type\":\"WebSite\",\"@id\":\"https:\\\/\\\/candas365.es\\\/noticias\\\/#website\",\"url\":\"https:\\\/\\\/candas365.es\\\/noticias\\\/\",\"name\":\"Cand\\u00e1s 365\",\"alternateName\":\"Cand\\u00e1s 365 Noticias\",\"description\":\"Actualidad desde Carre\\u00f1o para el mundo\",\"inLanguage\":\"es-ES\",\"publisher\":{\"@id\":\"https:\\\/\\\/candas365.es\\\/noticias\\\/#organization\"}}]}\n\t\t<\/script>\n\t\t<!-- All in One SEO Pro -->\r\n\t\t<title>Grupo medi\u00e1tico alem\u00e1n Axel-Springer adquiere participaci\u00f3n en Uber | Cand\u00e1s 365<\/title>\n\n","aioseo_head_json":{"title":"Grupo medi\u00e1tico alem\u00e1n Axel-Springer adquiere participaci\u00f3n en Uber | Cand\u00e1s 365","description":"(dpa) - Axel Springer, el mayor grupo de medios de comunicaci\u00f3n de Europa, adquiri\u00f3 una participaci\u00f3n en el pol\u00e9mico servicio de transporte urbano Uber, confirm\u00f3 hoy una portavoz de Springer. \"Se trata de una participaci\u00f3n financiera, no de una inversi\u00f3n estrat\u00e9gica\", se\u00f1al\u00f3 la vocera. La participaci\u00f3n es una inversi\u00f3n \"m\u00ednima similar a la de AirBnB\",","canonical_url":"https:\/\/candas365.es\/noticias\/grupo-mediatico-aleman-axel-springer-adquiere-participacion-en-uber\/","robots":"max-image-preview:large","keywords":"actualidad","webmasterTools":{"google-site-verification":"UA-32230408-1","msvalidate.01":"354F3CDFB2DA171B47FBE9ABF1F88D5","miscellaneous":""},"schema":{"@context":"https:\/\/schema.org","@graph":[{"@type":"BreadcrumbList","@id":"https:\/\/candas365.es\/noticias\/grupo-mediatico-aleman-axel-springer-adquiere-participacion-en-uber\/#breadcrumblist","itemListElement":[{"@type":"ListItem","@id":"https:\/\/candas365.es\/noticias#listItem","position":1,"name":"Home","item":"https:\/\/candas365.es\/noticias","nextItem":{"@type":"ListItem","@id":"https:\/\/candas365.es\/noticias\/category\/actualidad\/#listItem","name":"Actualidad"}},{"@type":"ListItem","@id":"https:\/\/candas365.es\/noticias\/category\/actualidad\/#listItem","position":2,"name":"Actualidad","item":"https:\/\/candas365.es\/noticias\/category\/actualidad\/","nextItem":{"@type":"ListItem","@id":"https:\/\/candas365.es\/noticias\/grupo-mediatico-aleman-axel-springer-adquiere-participacion-en-uber\/#listItem","name":"Grupo medi\u00e1tico alem\u00e1n Axel-Springer adquiere participaci\u00f3n en Uber"},"previousItem":{"@type":"ListItem","@id":"https:\/\/candas365.es\/noticias#listItem","name":"Home"}},{"@type":"ListItem","@id":"https:\/\/candas365.es\/noticias\/grupo-mediatico-aleman-axel-springer-adquiere-participacion-en-uber\/#listItem","position":3,"name":"Grupo medi\u00e1tico alem\u00e1n Axel-Springer adquiere participaci\u00f3n en Uber","previousItem":{"@type":"ListItem","@id":"https:\/\/candas365.es\/noticias\/category\/actualidad\/#listItem","name":"Actualidad"}}]},{"@type":"NewsArticle","@id":"https:\/\/candas365.es\/noticias\/grupo-mediatico-aleman-axel-springer-adquiere-participacion-en-uber\/#newsarticle","name":"Grupo medi\u00e1tico alem\u00e1n Axel-Springer adquiere participaci\u00f3n en Uber | Cand\u00e1s 365","headline":"Grupo medi\u00e1tico alem\u00e1n Axel-Springer adquiere participaci\u00f3n en Uber","author":{"@id":"https:\/\/candas365.es\/noticias\/author\/admin\/#author"},"publisher":{"@id":"https:\/\/candas365.es\/noticias\/#organization"},"image":{"@type":"ImageObject","url":"https:\/\/candas365.es\/noticias\/wp-content\/uploads\/2024\/09\/Candas-365-Redes.jpg","@id":"https:\/\/candas365.es\/noticias\/#articleImage","width":1152,"height":864,"caption":"Cand\u00e1s 365 Redes"},"datePublished":"2017-04-19T19:14:02+02:00","dateModified":"2017-04-19T19:14:02+02:00","inLanguage":"es-ES","mainEntityOfPage":{"@id":"https:\/\/candas365.es\/noticias\/grupo-mediatico-aleman-axel-springer-adquiere-participacion-en-uber\/#webpage"},"isPartOf":{"@id":"https:\/\/candas365.es\/noticias\/grupo-mediatico-aleman-axel-springer-adquiere-participacion-en-uber\/#webpage"},"articleSection":"Actualidad","dateline":"Publicado el abril 19, 2017."},{"@type":"Organization","@id":"https:\/\/candas365.es\/noticias\/#organization","name":"Cand\u00e1s 365","description":"Cand\u00e1s 365 es un diario digital independiente, fundado en 2012, con base en Asturias. Informamos con rigor sobre actualidad, sociedad, cultura y ocio, con una mirada local y global.","url":"https:\/\/candas365.es\/noticias\/","email":"info@candas365.es","telephone":"+34652131393","foundingDate":"2012-06-10","logo":{"@type":"ImageObject","url":"https:\/\/candas365.es\/noticias\/wp-content\/uploads\/2024\/09\/Candas-365-Redes.jpg","@id":"https:\/\/candas365.es\/noticias\/grupo-mediatico-aleman-axel-springer-adquiere-participacion-en-uber\/#organizationLogo","width":1152,"height":864,"caption":"Cand\u00e1s 365 Redes"},"image":{"@id":"https:\/\/candas365.es\/noticias\/grupo-mediatico-aleman-axel-springer-adquiere-participacion-en-uber\/#organizationLogo"},"sameAs":["https:\/\/www.facebook.com\/Nachofdezber","https:\/\/x.com\/NabercoDigital","https:\/\/www.instagram.com\/nachofdezber\/","https:\/\/www.youtube.com\/channel\/UCZP-2wLEB9Rv6erhFmqVnvg"],"address":{"@id":"https:\/\/candas365.es\/noticias\/#postaladdress","@type":"PostalAddress","streetAddress":"san antonio 4, san antonio 4","postalCode":"33430","addressLocality":"Cand\u00e1s","addressRegion":"Asturias","addressCountry":"ES"}},{"@type":"Person","@id":"https:\/\/candas365.es\/noticias\/author\/admin\/#author","url":"https:\/\/candas365.es\/noticias\/author\/admin\/","name":"Cand\u00e1s 365","image":{"@type":"ImageObject","@id":"https:\/\/candas365.es\/noticias\/grupo-mediatico-aleman-axel-springer-adquiere-participacion-en-uber\/#authorImage","url":"https:\/\/secure.gravatar.com\/avatar\/496a8e03d0c493ede1718b7934145dbdf8d89be1036b0eec9544e1094c9de390?s=96&d=mm&r=g","width":96,"height":96,"caption":"Cand\u00e1s 365"},"sameAs":["https:\/\/www.facebook.com\/carrenoactualidad","https:\/\/twitter.com\/nbasturias","https:\/\/www.instagram.com\/nachofdezber\/","https:\/\/www.youtube.com\/channel\/UCZP-2wLEB9Rv6erhFmqVnvg"]},{"@type":"WebPage","@id":"https:\/\/candas365.es\/noticias\/grupo-mediatico-aleman-axel-springer-adquiere-participacion-en-uber\/#webpage","url":"https:\/\/candas365.es\/noticias\/grupo-mediatico-aleman-axel-springer-adquiere-participacion-en-uber\/","name":"Grupo medi\u00e1tico alem\u00e1n Axel-Springer adquiere participaci\u00f3n en Uber | Cand\u00e1s 365","description":"(dpa) - Axel Springer, el mayor grupo de medios de comunicaci\u00f3n de Europa, adquiri\u00f3 una participaci\u00f3n en el pol\u00e9mico servicio de transporte urbano Uber, confirm\u00f3 hoy una portavoz de Springer. \"Se trata de una participaci\u00f3n financiera, no de una inversi\u00f3n estrat\u00e9gica\", se\u00f1al\u00f3 la vocera. La participaci\u00f3n es una inversi\u00f3n \"m\u00ednima similar a la de AirBnB\",","inLanguage":"es-ES","isPartOf":{"@id":"https:\/\/candas365.es\/noticias\/#website"},"breadcrumb":{"@id":"https:\/\/candas365.es\/noticias\/grupo-mediatico-aleman-axel-springer-adquiere-participacion-en-uber\/#breadcrumblist"},"author":{"@id":"https:\/\/candas365.es\/noticias\/author\/admin\/#author"},"creator":{"@id":"https:\/\/candas365.es\/noticias\/author\/admin\/#author"},"datePublished":"2017-04-19T19:14:02+02:00","dateModified":"2017-04-19T19:14:02+02:00"},{"@type":"WebSite","@id":"https:\/\/candas365.es\/noticias\/#website","url":"https:\/\/candas365.es\/noticias\/","name":"Cand\u00e1s 365","alternateName":"Cand\u00e1s 365 Noticias","description":"Actualidad desde Carre\u00f1o para el mundo","inLanguage":"es-ES","publisher":{"@id":"https:\/\/candas365.es\/noticias\/#organization"}}]},"og:locale":"es_ES","og:site_name":"Cand\u00e1s 365","og:type":"article","og:title":"Grupo medi\u00e1tico alem\u00e1n Axel-Springer adquiere participaci\u00f3n en Uber | Cand\u00e1s 365","og:description":"(dpa) - Axel Springer, el mayor grupo de medios de comunicaci\u00f3n de Europa, adquiri\u00f3 una participaci\u00f3n en el pol\u00e9mico servicio de transporte urbano Uber, confirm\u00f3 hoy una portavoz de Springer. &quot;Se trata de una participaci\u00f3n financiera, no de una inversi\u00f3n estrat\u00e9gica&quot;, se\u00f1al\u00f3 la vocera. La participaci\u00f3n es una inversi\u00f3n &quot;m\u00ednima similar a la de AirBnB&quot;,","og:url":"https:\/\/candas365.es\/noticias\/grupo-mediatico-aleman-axel-springer-adquiere-participacion-en-uber\/","og:image":"https:\/\/candas365.es\/noticias\/wp-content\/uploads\/2024\/09\/Candas-365-Redes.jpg","og:image:secure_url":"https:\/\/candas365.es\/noticias\/wp-content\/uploads\/2024\/09\/Candas-365-Redes.jpg","og:image:width":1152,"og:image:height":864,"article:published_time":"2017-04-19T19:14:02+00:00","article:modified_time":"2017-04-19T19:14:02+00:00","article:publisher":"https:\/\/www.facebook.com\/Nachofdezber","article:author":"https:\/\/www.facebook.com\/carrenoactualidad","twitter:card":"summary_large_image","twitter:site":"@NabercoDigital","twitter:title":"Grupo medi\u00e1tico alem\u00e1n Axel-Springer adquiere participaci\u00f3n en Uber | Cand\u00e1s 365","twitter:description":"(dpa) - Axel Springer, el mayor grupo de medios de comunicaci\u00f3n de Europa, adquiri\u00f3 una participaci\u00f3n en el pol\u00e9mico servicio de transporte urbano Uber, confirm\u00f3 hoy una portavoz de Springer. &quot;Se trata de una participaci\u00f3n financiera, no de una inversi\u00f3n estrat\u00e9gica&quot;, se\u00f1al\u00f3 la vocera. La participaci\u00f3n es una inversi\u00f3n &quot;m\u00ednima similar a la de AirBnB&quot;,","twitter:creator":"@nbasturias","twitter:image":"https:\/\/candas365.es\/noticias\/wp-content\/uploads\/2024\/09\/Candas-365-Redes.jpg","twitter:label1":"Escrito por","twitter:data1":"Cand\u00e1s 365","twitter:label2":"Tiempo de lectura estimado","twitter:data2":"2 minutos"},"aioseo_meta_data":{"post_id":"69835","title":null,"description":null,"keywords":null,"keyphrases":null,"primary_term":null,"canonical_url":null,"og_title":null,"og_description":null,"og_object_type":"default","og_image_type":"default","og_image_url":null,"og_image_width":null,"og_image_height":null,"og_image_custom_url":null,"og_image_custom_fields":null,"og_video":null,"og_custom_url":null,"og_article_section":null,"og_article_tags":null,"twitter_use_og":false,"twitter_card":"default","twitter_image_type":"default","twitter_image_url":null,"twitter_image_custom_url":null,"twitter_image_custom_fields":null,"twitter_title":null,"twitter_description":null,"schema":{"blockGraphs":[],"customGraphs":[],"default":{"data":{"Article":[],"Course":[],"Dataset":[],"FAQPage":[],"Movie":[],"Person":[],"Product":[],"ProductReview":[],"Car":[],"Recipe":[],"Service":[],"SoftwareApplication":[],"WebPage":[]},"graphName":"","isEnabled":true},"graphs":[]},"schema_type":null,"schema_type_options":null,"pillar_content":false,"robots_default":true,"robots_noindex":false,"robots_noarchive":false,"robots_nosnippet":false,"robots_nofollow":false,"robots_noimageindex":false,"robots_noodp":false,"robots_notranslate":false,"robots_max_snippet":null,"robots_max_videopreview":null,"robots_max_imagepreview":"large","priority":null,"frequency":null,"location":null,"local_seo":null,"seo_analyzer_scan_date":"2025-08-25 11:27:10","breadcrumb_settings":null,"limit_modified_date":false,"reviewed_by":null,"open_ai":null,"ai":null,"created":"2020-12-21 13:01:22","updated":"2025-08-25 11:27:10"},"aioseo_breadcrumb":"<div class=\"aioseo-breadcrumbs\"><span class=\"aioseo-breadcrumb\">\n\t<a href=\"https:\/\/candas365.es\/noticias\" title=\"Home\">Home<\/a>\n<\/span><span class=\"aioseo-breadcrumb-separator\">&ndash;<\/span><span class=\"aioseo-breadcrumb\">\n\t<a href=\"https:\/\/candas365.es\/noticias\/category\/actualidad\/\" title=\"Actualidad\">Actualidad<\/a>\n<\/span><span class=\"aioseo-breadcrumb-separator\">&ndash;<\/span><span class=\"aioseo-breadcrumb\">\n\tGrupo medi\u00e1tico alem\u00e1n Axel-Springer adquiere participaci\u00f3n en Uber\n<\/span><\/div>","aioseo_breadcrumb_json":[{"label":"Home","link":"https:\/\/candas365.es\/noticias"},{"label":"Actualidad","link":"https:\/\/candas365.es\/noticias\/category\/actualidad\/"},{"label":"Grupo medi\u00e1tico alem\u00e1n Axel-Springer adquiere participaci\u00f3n en Uber","link":"https:\/\/candas365.es\/noticias\/grupo-mediatico-aleman-axel-springer-adquiere-participacion-en-uber\/"}],"_links":{"self":[{"href":"https:\/\/candas365.es\/noticias\/wp-json\/wp\/v2\/posts\/69835","targetHints":{"allow":["GET"]}}],"collection":[{"href":"https:\/\/candas365.es\/noticias\/wp-json\/wp\/v2\/posts"}],"about":[{"href":"https:\/\/candas365.es\/noticias\/wp-json\/wp\/v2\/types\/post"}],"author":[{"embeddable":true,"href":"https:\/\/candas365.es\/noticias\/wp-json\/wp\/v2\/users\/1"}],"replies":[{"embeddable":true,"href":"https:\/\/candas365.es\/noticias\/wp-json\/wp\/v2\/comments?post=69835"}],"version-history":[{"count":0,"href":"https:\/\/candas365.es\/noticias\/wp-json\/wp\/v2\/posts\/69835\/revisions"}],"wp:attachment":[{"href":"https:\/\/candas365.es\/noticias\/wp-json\/wp\/v2\/media?parent=69835"}],"wp:term":[{"taxonomy":"category","embeddable":true,"href":"https:\/\/candas365.es\/noticias\/wp-json\/wp\/v2\/categories?post=69835"},{"taxonomy":"post_tag","embeddable":true,"href":"https:\/\/candas365.es\/noticias\/wp-json\/wp\/v2\/tags?post=69835"}],"curies":[{"name":"wp","href":"https:\/\/api.w.org\/{rel}","templated":true}]}}