{"id":69803,"date":"2017-04-18T19:43:27","date_gmt":"2017-04-18T19:43:27","guid":{"rendered":"http:\/\/candas365.es\/noticias\/?p=69803"},"modified":"2017-04-18T19:43:40","modified_gmt":"2017-04-18T19:43:40","slug":"llamazares-establece-como-prioridades-legislativas-las-de-regeneracion-democratica","status":"publish","type":"post","link":"https:\/\/candas365.es\/noticias\/llamazares-establece-como-prioridades-legislativas-las-de-regeneracion-democratica\/","title":{"rendered":"Llamazares establece como prioridades legislativas las de regeneraci\u00f3n democr\u00e1tica"},"content":{"rendered":"<p><img fetchpriority=\"high\" decoding=\"async\" class=\"alignleft size-medium wp-image-69787\" src=\"https:\/\/candas365.es\/noticias\/wp-content\/uploads\/2017\/04\/Llamazares-360x198.jpg\" alt=\"\" width=\"360\" height=\"198\" srcset=\"https:\/\/candas365.es\/noticias\/wp-content\/uploads\/2017\/04\/Llamazares-360x198.jpg 360w, https:\/\/candas365.es\/noticias\/wp-content\/uploads\/2017\/04\/Llamazares-650x357.jpg 650w, https:\/\/candas365.es\/noticias\/wp-content\/uploads\/2017\/04\/Llamazares-150x82.jpg 150w, https:\/\/candas365.es\/noticias\/wp-content\/uploads\/2017\/04\/Llamazares-450x247.jpg 450w, https:\/\/candas365.es\/noticias\/wp-content\/uploads\/2017\/04\/Llamazares.jpg 655w\" sizes=\"(max-width: 360px) 100vw, 360px\" \/>Gaspar Llamazares reiter\u00f3 esta ma\u00f1ana las prioridades legislativas del grupo parlamentario de IU: Ley de Reforma Electoral, Ley de Transparencia, -presentada por el Gobierno-, Ley Anticorrupci\u00f3n de Podemos, y Ley Reguladora de Inspecci\u00f3n General de Servicios, de Ciudadanos. Estas leyes son, a juicio de Llamazares, importantes, como son las leyes de servicios, la Ley de Servicios Sociales, la de Garant\u00eda de Servicios Garantizados y la Ley de Salud P\u00fablica. \u201cNo son exclusivas, nosotros queremos compartir nuestras prioridades con el resto de fuerzas pol\u00edticas para que las hagan viables\u201d, explic\u00f3.<\/p>\n<p>Llamazares tambi\u00e9n admiti\u00f3 la prioridad que explican otros grupos, la de aquellas leyes forzadas por plazos de la normativa comunitaria. Por el contrario, descart\u00f3 que la Ley de Bebidas Alcoh\u00f3licas sea urgente. S\u00ed subray\u00f3 que algunas leyes como la de Garant\u00eda de Servicios B\u00e1sicos o Participaci\u00f3n, comprometida con IU, est\u00e1n ya fuera de plazos.<\/p>\n<p>Respecto a la ley de Reforma Electoral, el portavoz de IU, explic\u00f3 que \u201cse ha hecho un encaje de bolillos\u201d que no sabe si merece la pena para acercar posiciones con aquellos que tienen la \u201cobsesi\u00f3n de las circunscripciones\u201d, los grupos de la derecha, y da la impresi\u00f3n de que \u201ccada acercamiento es un alejamiento\u201d. \u201cNo sabemos si merece la pena seguir haciendo acercamientos y si la soluci\u00f3n ser\u00eda ya una circunscripci\u00f3n \u00fanica, como en Murcia\u201d, reflexion\u00f3 el portavoz de IU ante una ley defendida por la coalici\u00f3n, Ciudadanos y PSOE. \u201cLas fuerzas pol\u00edticas de la derecha no comparten la circunscripci\u00f3n \u00fanica, una persona un voto, y lo acepten en Murcia con una mayor\u00eda del PP\u201d, dijo.<\/p>\n<p>A su juicio el momento decisivo de la ley es este mes, concretamente el d\u00eda 25, dado que est\u00e1 en su recta final. \u201cHay que despejar ya si seguimos jugando a hacernos trampas en el solitario o la echamos para delante\u201d, asever\u00f3.<\/p>\n","protected":false},"excerpt":{"rendered":"<p>Gaspar Llamazares reiter\u00f3 esta ma\u00f1ana las prioridades legislativas del grupo parlamentario de IU: Ley de Reforma Electoral, Ley de Transparencia, -presentada por el Gobierno-, Ley Anticorrupci\u00f3n de Podemos, y Ley Reguladora de Inspecci\u00f3n General de Servicios, de Ciudadanos. Estas leyes son, a juicio de Llamazares, importantes, como son las leyes de servicios, la Ley de<\/p>\n","protected":false},"author":1,"featured_media":69787,"comment_status":"open","ping_status":"closed","sticky":false,"template":"","format":"standard","meta":{"footnotes":""},"categories":[343],"tags":[],"class_list":{"0":"post-69803","1":"post","2":"type-post","3":"status-publish","4":"format-standard","5":"has-post-thumbnail","7":"category-actualidad"},"aioseo_notices":[],"aioseo_head":"\n\t\t<!-- All in One SEO Pro 4.9.6.2 - aioseo.com -->\n\t<meta name=\"description\" content=\"Gaspar Llamazares reiter\u00f3 esta ma\u00f1ana las prioridades legislativas del grupo parlamentario de IU: Ley de Reforma Electoral, Ley de Transparencia, -presentada por el Gobierno-, Ley Anticorrupci\u00f3n de Podemos, y Ley Reguladora de Inspecci\u00f3n General de Servicios, de Ciudadanos. Estas leyes son, a juicio de Llamazares, importantes, como son las leyes de servicios, la Ley de\" \/>\n\t<meta name=\"robots\" content=\"max-image-preview:large\" \/>\n\t<meta name=\"author\" content=\"Cand\u00e1s 365\"\/>\n\t<meta name=\"google-site-verification\" content=\"UA-32230408-1\" \/>\n\t<meta name=\"msvalidate.01\" content=\"354F3CDFB2DA171B47FBE9ABF1F88D5\" \/>\n\t<meta name=\"keywords\" content=\"actualidad\" \/>\n\t<link rel=\"canonical\" href=\"https:\/\/candas365.es\/noticias\/llamazares-establece-como-prioridades-legislativas-las-de-regeneracion-democratica\/\" \/>\n\t<meta name=\"generator\" content=\"All in One SEO Pro (AIOSEO) 4.9.6.2\" \/>\n\t\t<meta property=\"og:locale\" content=\"es_ES\" \/>\n\t\t<meta property=\"og:site_name\" content=\"Cand\u00e1s 365\" \/>\n\t\t<meta property=\"og:type\" content=\"article\" \/>\n\t\t<meta property=\"og:title\" content=\"Llamazares establece como prioridades legislativas las de regeneraci\u00f3n democr\u00e1tica | Cand\u00e1s 365\" \/>\n\t\t<meta property=\"og:description\" content=\"Gaspar Llamazares reiter\u00f3 esta ma\u00f1ana las prioridades legislativas del grupo parlamentario de IU: Ley de Reforma Electoral, Ley de Transparencia, -presentada por el Gobierno-, Ley Anticorrupci\u00f3n de Podemos, y Ley Reguladora de Inspecci\u00f3n General de Servicios, de Ciudadanos. Estas leyes son, a juicio de Llamazares, importantes, como son las leyes de servicios, la Ley de\" \/>\n\t\t<meta property=\"og:url\" content=\"https:\/\/candas365.es\/noticias\/llamazares-establece-como-prioridades-legislativas-las-de-regeneracion-democratica\/\" \/>\n\t\t<meta property=\"og:image\" content=\"https:\/\/candas365.es\/noticias\/wp-content\/uploads\/2017\/04\/Llamazares.jpg\" \/>\n\t\t<meta property=\"og:image:secure_url\" content=\"https:\/\/candas365.es\/noticias\/wp-content\/uploads\/2017\/04\/Llamazares.jpg\" \/>\n\t\t<meta property=\"og:image:width\" content=\"655\" \/>\n\t\t<meta property=\"og:image:height\" content=\"360\" \/>\n\t\t<meta property=\"article:published_time\" content=\"2017-04-18T19:43:27+00:00\" \/>\n\t\t<meta property=\"article:modified_time\" content=\"2017-04-18T19:43:40+00:00\" \/>\n\t\t<meta property=\"article:publisher\" content=\"https:\/\/www.facebook.com\/Nachofdezber\" \/>\n\t\t<meta property=\"article:author\" content=\"https:\/\/www.facebook.com\/carrenoactualidad\" \/>\n\t\t<meta name=\"twitter:card\" content=\"summary_large_image\" \/>\n\t\t<meta name=\"twitter:site\" content=\"@NabercoDigital\" \/>\n\t\t<meta name=\"twitter:title\" content=\"Llamazares establece como prioridades legislativas las de regeneraci\u00f3n democr\u00e1tica | Cand\u00e1s 365\" \/>\n\t\t<meta name=\"twitter:description\" content=\"Gaspar Llamazares reiter\u00f3 esta ma\u00f1ana las prioridades legislativas del grupo parlamentario de IU: Ley de Reforma Electoral, Ley de Transparencia, -presentada por el Gobierno-, Ley Anticorrupci\u00f3n de Podemos, y Ley Reguladora de Inspecci\u00f3n General de Servicios, de Ciudadanos. Estas leyes son, a juicio de Llamazares, importantes, como son las leyes de servicios, la Ley de\" \/>\n\t\t<meta name=\"twitter:creator\" content=\"@nbasturias\" \/>\n\t\t<meta name=\"twitter:image\" content=\"https:\/\/candas365.es\/noticias\/wp-content\/uploads\/2017\/04\/Llamazares.jpg\" \/>\n\t\t<meta name=\"twitter:label1\" content=\"Escrito por\" \/>\n\t\t<meta name=\"twitter:data1\" content=\"Cand\u00e1s 365\" \/>\n\t\t<meta name=\"twitter:label2\" content=\"Tiempo de lectura estimado\" \/>\n\t\t<meta name=\"twitter:data2\" content=\"2 minutos\" \/>\n\t\t<script type=\"application\/ld+json\" class=\"aioseo-schema\">\n\t\t\t{\"@context\":\"https:\\\/\\\/schema.org\",\"@graph\":[{\"@type\":\"BreadcrumbList\",\"@id\":\"https:\\\/\\\/candas365.es\\\/noticias\\\/llamazares-establece-como-prioridades-legislativas-las-de-regeneracion-democratica\\\/#breadcrumblist\",\"itemListElement\":[{\"@type\":\"ListItem\",\"@id\":\"https:\\\/\\\/candas365.es\\\/noticias#listItem\",\"position\":1,\"name\":\"Home\",\"item\":\"https:\\\/\\\/candas365.es\\\/noticias\",\"nextItem\":{\"@type\":\"ListItem\",\"@id\":\"https:\\\/\\\/candas365.es\\\/noticias\\\/category\\\/actualidad\\\/#listItem\",\"name\":\"Actualidad\"}},{\"@type\":\"ListItem\",\"@id\":\"https:\\\/\\\/candas365.es\\\/noticias\\\/category\\\/actualidad\\\/#listItem\",\"position\":2,\"name\":\"Actualidad\",\"item\":\"https:\\\/\\\/candas365.es\\\/noticias\\\/category\\\/actualidad\\\/\",\"nextItem\":{\"@type\":\"ListItem\",\"@id\":\"https:\\\/\\\/candas365.es\\\/noticias\\\/llamazares-establece-como-prioridades-legislativas-las-de-regeneracion-democratica\\\/#listItem\",\"name\":\"Llamazares establece como prioridades legislativas las de regeneraci\\u00f3n democr\\u00e1tica\"},\"previousItem\":{\"@type\":\"ListItem\",\"@id\":\"https:\\\/\\\/candas365.es\\\/noticias#listItem\",\"name\":\"Home\"}},{\"@type\":\"ListItem\",\"@id\":\"https:\\\/\\\/candas365.es\\\/noticias\\\/llamazares-establece-como-prioridades-legislativas-las-de-regeneracion-democratica\\\/#listItem\",\"position\":3,\"name\":\"Llamazares establece como prioridades legislativas las de regeneraci\\u00f3n democr\\u00e1tica\",\"previousItem\":{\"@type\":\"ListItem\",\"@id\":\"https:\\\/\\\/candas365.es\\\/noticias\\\/category\\\/actualidad\\\/#listItem\",\"name\":\"Actualidad\"}}]},{\"@type\":\"NewsArticle\",\"@id\":\"https:\\\/\\\/candas365.es\\\/noticias\\\/llamazares-establece-como-prioridades-legislativas-las-de-regeneracion-democratica\\\/#newsarticle\",\"name\":\"Llamazares establece como prioridades legislativas las de regeneraci\\u00f3n democr\\u00e1tica | Cand\\u00e1s 365\",\"headline\":\"Llamazares establece como prioridades legislativas las de regeneraci\\u00f3n democr\\u00e1tica\",\"author\":{\"@id\":\"https:\\\/\\\/candas365.es\\\/noticias\\\/author\\\/admin\\\/#author\"},\"publisher\":{\"@id\":\"https:\\\/\\\/candas365.es\\\/noticias\\\/#organization\"},\"image\":{\"@type\":\"ImageObject\",\"url\":\"https:\\\/\\\/candas365.es\\\/noticias\\\/wp-content\\\/uploads\\\/2017\\\/04\\\/Llamazares.jpg\",\"width\":655,\"height\":360},\"datePublished\":\"2017-04-18T19:43:27+02:00\",\"dateModified\":\"2017-04-18T19:43:40+02:00\",\"inLanguage\":\"es-ES\",\"mainEntityOfPage\":{\"@id\":\"https:\\\/\\\/candas365.es\\\/noticias\\\/llamazares-establece-como-prioridades-legislativas-las-de-regeneracion-democratica\\\/#webpage\"},\"isPartOf\":{\"@id\":\"https:\\\/\\\/candas365.es\\\/noticias\\\/llamazares-establece-como-prioridades-legislativas-las-de-regeneracion-democratica\\\/#webpage\"},\"articleSection\":\"Actualidad\",\"dateline\":\"Publicado el abril 18, 2017.\"},{\"@type\":\"Organization\",\"@id\":\"https:\\\/\\\/candas365.es\\\/noticias\\\/#organization\",\"name\":\"Cand\\u00e1s 365\",\"description\":\"Cand\\u00e1s 365 es un diario digital independiente, fundado en 2012, con base en Asturias. Informamos con rigor sobre actualidad, sociedad, cultura y ocio, con una mirada local y global.\",\"url\":\"https:\\\/\\\/candas365.es\\\/noticias\\\/\",\"email\":\"info@candas365.es\",\"telephone\":\"+34652131393\",\"foundingDate\":\"2012-06-10\",\"logo\":{\"@type\":\"ImageObject\",\"url\":\"https:\\\/\\\/candas365.es\\\/noticias\\\/wp-content\\\/uploads\\\/2024\\\/09\\\/Candas-365-Redes.jpg\",\"@id\":\"https:\\\/\\\/candas365.es\\\/noticias\\\/llamazares-establece-como-prioridades-legislativas-las-de-regeneracion-democratica\\\/#organizationLogo\",\"width\":1152,\"height\":864,\"caption\":\"Cand\\u00e1s 365 Redes\"},\"image\":{\"@id\":\"https:\\\/\\\/candas365.es\\\/noticias\\\/llamazares-establece-como-prioridades-legislativas-las-de-regeneracion-democratica\\\/#organizationLogo\"},\"sameAs\":[\"https:\\\/\\\/www.facebook.com\\\/Nachofdezber\",\"https:\\\/\\\/x.com\\\/NabercoDigital\",\"https:\\\/\\\/www.instagram.com\\\/nachofdezber\\\/\",\"https:\\\/\\\/www.youtube.com\\\/channel\\\/UCZP-2wLEB9Rv6erhFmqVnvg\"],\"address\":{\"@id\":\"https:\\\/\\\/candas365.es\\\/noticias\\\/#postaladdress\",\"@type\":\"PostalAddress\",\"streetAddress\":\"san antonio 4, san antonio 4\",\"postalCode\":\"33430\",\"addressLocality\":\"Cand\\u00e1s\",\"addressRegion\":\"Asturias\",\"addressCountry\":\"ES\"}},{\"@type\":\"Person\",\"@id\":\"https:\\\/\\\/candas365.es\\\/noticias\\\/author\\\/admin\\\/#author\",\"url\":\"https:\\\/\\\/candas365.es\\\/noticias\\\/author\\\/admin\\\/\",\"name\":\"Cand\\u00e1s 365\",\"image\":{\"@type\":\"ImageObject\",\"@id\":\"https:\\\/\\\/candas365.es\\\/noticias\\\/llamazares-establece-como-prioridades-legislativas-las-de-regeneracion-democratica\\\/#authorImage\",\"url\":\"https:\\\/\\\/secure.gravatar.com\\\/avatar\\\/496a8e03d0c493ede1718b7934145dbdf8d89be1036b0eec9544e1094c9de390?s=96&d=mm&r=g\",\"width\":96,\"height\":96,\"caption\":\"Cand\\u00e1s 365\"},\"sameAs\":[\"https:\\\/\\\/www.facebook.com\\\/carrenoactualidad\",\"https:\\\/\\\/twitter.com\\\/nbasturias\",\"https:\\\/\\\/www.instagram.com\\\/nachofdezber\\\/\",\"https:\\\/\\\/www.youtube.com\\\/channel\\\/UCZP-2wLEB9Rv6erhFmqVnvg\"]},{\"@type\":\"WebPage\",\"@id\":\"https:\\\/\\\/candas365.es\\\/noticias\\\/llamazares-establece-como-prioridades-legislativas-las-de-regeneracion-democratica\\\/#webpage\",\"url\":\"https:\\\/\\\/candas365.es\\\/noticias\\\/llamazares-establece-como-prioridades-legislativas-las-de-regeneracion-democratica\\\/\",\"name\":\"Llamazares establece como prioridades legislativas las de regeneraci\\u00f3n democr\\u00e1tica | Cand\\u00e1s 365\",\"description\":\"Gaspar Llamazares reiter\\u00f3 esta ma\\u00f1ana las prioridades legislativas del grupo parlamentario de IU: Ley de Reforma Electoral, Ley de Transparencia, -presentada por el Gobierno-, Ley Anticorrupci\\u00f3n de Podemos, y Ley Reguladora de Inspecci\\u00f3n General de Servicios, de Ciudadanos. Estas leyes son, a juicio de Llamazares, importantes, como son las leyes de servicios, la Ley de\",\"inLanguage\":\"es-ES\",\"isPartOf\":{\"@id\":\"https:\\\/\\\/candas365.es\\\/noticias\\\/#website\"},\"breadcrumb\":{\"@id\":\"https:\\\/\\\/candas365.es\\\/noticias\\\/llamazares-establece-como-prioridades-legislativas-las-de-regeneracion-democratica\\\/#breadcrumblist\"},\"author\":{\"@id\":\"https:\\\/\\\/candas365.es\\\/noticias\\\/author\\\/admin\\\/#author\"},\"creator\":{\"@id\":\"https:\\\/\\\/candas365.es\\\/noticias\\\/author\\\/admin\\\/#author\"},\"image\":{\"@type\":\"ImageObject\",\"url\":\"https:\\\/\\\/candas365.es\\\/noticias\\\/wp-content\\\/uploads\\\/2017\\\/04\\\/Llamazares.jpg\",\"@id\":\"https:\\\/\\\/candas365.es\\\/noticias\\\/llamazares-establece-como-prioridades-legislativas-las-de-regeneracion-democratica\\\/#mainImage\",\"width\":655,\"height\":360},\"primaryImageOfPage\":{\"@id\":\"https:\\\/\\\/candas365.es\\\/noticias\\\/llamazares-establece-como-prioridades-legislativas-las-de-regeneracion-democratica\\\/#mainImage\"},\"datePublished\":\"2017-04-18T19:43:27+02:00\",\"dateModified\":\"2017-04-18T19:43:40+02:00\"},{\"@type\":\"WebSite\",\"@id\":\"https:\\\/\\\/candas365.es\\\/noticias\\\/#website\",\"url\":\"https:\\\/\\\/candas365.es\\\/noticias\\\/\",\"name\":\"Cand\\u00e1s 365\",\"alternateName\":\"Cand\\u00e1s 365 Noticias\",\"description\":\"Actualidad desde Carre\\u00f1o para el mundo\",\"inLanguage\":\"es-ES\",\"publisher\":{\"@id\":\"https:\\\/\\\/candas365.es\\\/noticias\\\/#organization\"}}]}\n\t\t<\/script>\n\t\t<!-- All in One SEO Pro -->\r\n\t\t<title>Llamazares establece como prioridades legislativas las de regeneraci\u00f3n democr\u00e1tica | Cand\u00e1s 365<\/title>\n\n","aioseo_head_json":{"title":"Llamazares establece como prioridades legislativas las de regeneraci\u00f3n democr\u00e1tica | Cand\u00e1s 365","description":"Gaspar Llamazares reiter\u00f3 esta ma\u00f1ana las prioridades legislativas del grupo parlamentario de IU: Ley de Reforma Electoral, Ley de Transparencia, -presentada por el Gobierno-, Ley Anticorrupci\u00f3n de Podemos, y Ley Reguladora de Inspecci\u00f3n General de Servicios, de Ciudadanos. Estas leyes son, a juicio de Llamazares, importantes, como son las leyes de servicios, la Ley de","canonical_url":"https:\/\/candas365.es\/noticias\/llamazares-establece-como-prioridades-legislativas-las-de-regeneracion-democratica\/","robots":"max-image-preview:large","keywords":"actualidad","webmasterTools":{"google-site-verification":"UA-32230408-1","msvalidate.01":"354F3CDFB2DA171B47FBE9ABF1F88D5","miscellaneous":""},"schema":{"@context":"https:\/\/schema.org","@graph":[{"@type":"BreadcrumbList","@id":"https:\/\/candas365.es\/noticias\/llamazares-establece-como-prioridades-legislativas-las-de-regeneracion-democratica\/#breadcrumblist","itemListElement":[{"@type":"ListItem","@id":"https:\/\/candas365.es\/noticias#listItem","position":1,"name":"Home","item":"https:\/\/candas365.es\/noticias","nextItem":{"@type":"ListItem","@id":"https:\/\/candas365.es\/noticias\/category\/actualidad\/#listItem","name":"Actualidad"}},{"@type":"ListItem","@id":"https:\/\/candas365.es\/noticias\/category\/actualidad\/#listItem","position":2,"name":"Actualidad","item":"https:\/\/candas365.es\/noticias\/category\/actualidad\/","nextItem":{"@type":"ListItem","@id":"https:\/\/candas365.es\/noticias\/llamazares-establece-como-prioridades-legislativas-las-de-regeneracion-democratica\/#listItem","name":"Llamazares establece como prioridades legislativas las de regeneraci\u00f3n democr\u00e1tica"},"previousItem":{"@type":"ListItem","@id":"https:\/\/candas365.es\/noticias#listItem","name":"Home"}},{"@type":"ListItem","@id":"https:\/\/candas365.es\/noticias\/llamazares-establece-como-prioridades-legislativas-las-de-regeneracion-democratica\/#listItem","position":3,"name":"Llamazares establece como prioridades legislativas las de regeneraci\u00f3n democr\u00e1tica","previousItem":{"@type":"ListItem","@id":"https:\/\/candas365.es\/noticias\/category\/actualidad\/#listItem","name":"Actualidad"}}]},{"@type":"NewsArticle","@id":"https:\/\/candas365.es\/noticias\/llamazares-establece-como-prioridades-legislativas-las-de-regeneracion-democratica\/#newsarticle","name":"Llamazares establece como prioridades legislativas las de regeneraci\u00f3n democr\u00e1tica | Cand\u00e1s 365","headline":"Llamazares establece como prioridades legislativas las de regeneraci\u00f3n democr\u00e1tica","author":{"@id":"https:\/\/candas365.es\/noticias\/author\/admin\/#author"},"publisher":{"@id":"https:\/\/candas365.es\/noticias\/#organization"},"image":{"@type":"ImageObject","url":"https:\/\/candas365.es\/noticias\/wp-content\/uploads\/2017\/04\/Llamazares.jpg","width":655,"height":360},"datePublished":"2017-04-18T19:43:27+02:00","dateModified":"2017-04-18T19:43:40+02:00","inLanguage":"es-ES","mainEntityOfPage":{"@id":"https:\/\/candas365.es\/noticias\/llamazares-establece-como-prioridades-legislativas-las-de-regeneracion-democratica\/#webpage"},"isPartOf":{"@id":"https:\/\/candas365.es\/noticias\/llamazares-establece-como-prioridades-legislativas-las-de-regeneracion-democratica\/#webpage"},"articleSection":"Actualidad","dateline":"Publicado el abril 18, 2017."},{"@type":"Organization","@id":"https:\/\/candas365.es\/noticias\/#organization","name":"Cand\u00e1s 365","description":"Cand\u00e1s 365 es un diario digital independiente, fundado en 2012, con base en Asturias. Informamos con rigor sobre actualidad, sociedad, cultura y ocio, con una mirada local y global.","url":"https:\/\/candas365.es\/noticias\/","email":"info@candas365.es","telephone":"+34652131393","foundingDate":"2012-06-10","logo":{"@type":"ImageObject","url":"https:\/\/candas365.es\/noticias\/wp-content\/uploads\/2024\/09\/Candas-365-Redes.jpg","@id":"https:\/\/candas365.es\/noticias\/llamazares-establece-como-prioridades-legislativas-las-de-regeneracion-democratica\/#organizationLogo","width":1152,"height":864,"caption":"Cand\u00e1s 365 Redes"},"image":{"@id":"https:\/\/candas365.es\/noticias\/llamazares-establece-como-prioridades-legislativas-las-de-regeneracion-democratica\/#organizationLogo"},"sameAs":["https:\/\/www.facebook.com\/Nachofdezber","https:\/\/x.com\/NabercoDigital","https:\/\/www.instagram.com\/nachofdezber\/","https:\/\/www.youtube.com\/channel\/UCZP-2wLEB9Rv6erhFmqVnvg"],"address":{"@id":"https:\/\/candas365.es\/noticias\/#postaladdress","@type":"PostalAddress","streetAddress":"san antonio 4, san antonio 4","postalCode":"33430","addressLocality":"Cand\u00e1s","addressRegion":"Asturias","addressCountry":"ES"}},{"@type":"Person","@id":"https:\/\/candas365.es\/noticias\/author\/admin\/#author","url":"https:\/\/candas365.es\/noticias\/author\/admin\/","name":"Cand\u00e1s 365","image":{"@type":"ImageObject","@id":"https:\/\/candas365.es\/noticias\/llamazares-establece-como-prioridades-legislativas-las-de-regeneracion-democratica\/#authorImage","url":"https:\/\/secure.gravatar.com\/avatar\/496a8e03d0c493ede1718b7934145dbdf8d89be1036b0eec9544e1094c9de390?s=96&d=mm&r=g","width":96,"height":96,"caption":"Cand\u00e1s 365"},"sameAs":["https:\/\/www.facebook.com\/carrenoactualidad","https:\/\/twitter.com\/nbasturias","https:\/\/www.instagram.com\/nachofdezber\/","https:\/\/www.youtube.com\/channel\/UCZP-2wLEB9Rv6erhFmqVnvg"]},{"@type":"WebPage","@id":"https:\/\/candas365.es\/noticias\/llamazares-establece-como-prioridades-legislativas-las-de-regeneracion-democratica\/#webpage","url":"https:\/\/candas365.es\/noticias\/llamazares-establece-como-prioridades-legislativas-las-de-regeneracion-democratica\/","name":"Llamazares establece como prioridades legislativas las de regeneraci\u00f3n democr\u00e1tica | Cand\u00e1s 365","description":"Gaspar Llamazares reiter\u00f3 esta ma\u00f1ana las prioridades legislativas del grupo parlamentario de IU: Ley de Reforma Electoral, Ley de Transparencia, -presentada por el Gobierno-, Ley Anticorrupci\u00f3n de Podemos, y Ley Reguladora de Inspecci\u00f3n General de Servicios, de Ciudadanos. Estas leyes son, a juicio de Llamazares, importantes, como son las leyes de servicios, la Ley de","inLanguage":"es-ES","isPartOf":{"@id":"https:\/\/candas365.es\/noticias\/#website"},"breadcrumb":{"@id":"https:\/\/candas365.es\/noticias\/llamazares-establece-como-prioridades-legislativas-las-de-regeneracion-democratica\/#breadcrumblist"},"author":{"@id":"https:\/\/candas365.es\/noticias\/author\/admin\/#author"},"creator":{"@id":"https:\/\/candas365.es\/noticias\/author\/admin\/#author"},"image":{"@type":"ImageObject","url":"https:\/\/candas365.es\/noticias\/wp-content\/uploads\/2017\/04\/Llamazares.jpg","@id":"https:\/\/candas365.es\/noticias\/llamazares-establece-como-prioridades-legislativas-las-de-regeneracion-democratica\/#mainImage","width":655,"height":360},"primaryImageOfPage":{"@id":"https:\/\/candas365.es\/noticias\/llamazares-establece-como-prioridades-legislativas-las-de-regeneracion-democratica\/#mainImage"},"datePublished":"2017-04-18T19:43:27+02:00","dateModified":"2017-04-18T19:43:40+02:00"},{"@type":"WebSite","@id":"https:\/\/candas365.es\/noticias\/#website","url":"https:\/\/candas365.es\/noticias\/","name":"Cand\u00e1s 365","alternateName":"Cand\u00e1s 365 Noticias","description":"Actualidad desde Carre\u00f1o para el mundo","inLanguage":"es-ES","publisher":{"@id":"https:\/\/candas365.es\/noticias\/#organization"}}]},"og:locale":"es_ES","og:site_name":"Cand\u00e1s 365","og:type":"article","og:title":"Llamazares establece como prioridades legislativas las de regeneraci\u00f3n democr\u00e1tica | Cand\u00e1s 365","og:description":"Gaspar Llamazares reiter\u00f3 esta ma\u00f1ana las prioridades legislativas del grupo parlamentario de IU: Ley de Reforma Electoral, Ley de Transparencia, -presentada por el Gobierno-, Ley Anticorrupci\u00f3n de Podemos, y Ley Reguladora de Inspecci\u00f3n General de Servicios, de Ciudadanos. Estas leyes son, a juicio de Llamazares, importantes, como son las leyes de servicios, la Ley de","og:url":"https:\/\/candas365.es\/noticias\/llamazares-establece-como-prioridades-legislativas-las-de-regeneracion-democratica\/","og:image":"https:\/\/candas365.es\/noticias\/wp-content\/uploads\/2017\/04\/Llamazares.jpg","og:image:secure_url":"https:\/\/candas365.es\/noticias\/wp-content\/uploads\/2017\/04\/Llamazares.jpg","og:image:width":655,"og:image:height":360,"article:published_time":"2017-04-18T19:43:27+00:00","article:modified_time":"2017-04-18T19:43:40+00:00","article:publisher":"https:\/\/www.facebook.com\/Nachofdezber","article:author":"https:\/\/www.facebook.com\/carrenoactualidad","twitter:card":"summary_large_image","twitter:site":"@NabercoDigital","twitter:title":"Llamazares establece como prioridades legislativas las de regeneraci\u00f3n democr\u00e1tica | Cand\u00e1s 365","twitter:description":"Gaspar Llamazares reiter\u00f3 esta ma\u00f1ana las prioridades legislativas del grupo parlamentario de IU: Ley de Reforma Electoral, Ley de Transparencia, -presentada por el Gobierno-, Ley Anticorrupci\u00f3n de Podemos, y Ley Reguladora de Inspecci\u00f3n General de Servicios, de Ciudadanos. Estas leyes son, a juicio de Llamazares, importantes, como son las leyes de servicios, la Ley de","twitter:creator":"@nbasturias","twitter:image":"https:\/\/candas365.es\/noticias\/wp-content\/uploads\/2017\/04\/Llamazares.jpg","twitter:label1":"Escrito por","twitter:data1":"Cand\u00e1s 365","twitter:label2":"Tiempo de lectura estimado","twitter:data2":"2 minutos"},"aioseo_meta_data":{"post_id":"69803","title":null,"description":null,"keywords":null,"keyphrases":null,"primary_term":null,"canonical_url":null,"og_title":null,"og_description":null,"og_object_type":"default","og_image_type":"default","og_image_url":null,"og_image_width":null,"og_image_height":null,"og_image_custom_url":null,"og_image_custom_fields":null,"og_video":null,"og_custom_url":null,"og_article_section":null,"og_article_tags":null,"twitter_use_og":false,"twitter_card":"default","twitter_image_type":"default","twitter_image_url":null,"twitter_image_custom_url":null,"twitter_image_custom_fields":null,"twitter_title":null,"twitter_description":null,"schema":{"blockGraphs":[],"customGraphs":[],"default":{"data":{"Article":[],"Course":[],"Dataset":[],"FAQPage":[],"Movie":[],"Person":[],"Product":[],"ProductReview":[],"Car":[],"Recipe":[],"Service":[],"SoftwareApplication":[],"WebPage":[]},"graphName":"","isEnabled":true},"graphs":[],"defaultGraph":"","defaultPostTypeGraph":""},"schema_type":null,"schema_type_options":null,"pillar_content":false,"robots_default":true,"robots_noindex":false,"robots_noarchive":false,"robots_nosnippet":false,"robots_nofollow":false,"robots_noimageindex":false,"robots_noodp":false,"robots_notranslate":false,"robots_max_snippet":null,"robots_max_videopreview":null,"robots_max_imagepreview":"large","priority":null,"frequency":null,"location":null,"local_seo":null,"seo_analyzer_scan_date":"2025-08-25 11:23:19","breadcrumb_settings":null,"limit_modified_date":false,"reviewed_by":null,"open_ai":null,"ai":null,"created":"2020-12-21 13:01:23","updated":"2025-08-25 11:23:19"},"aioseo_breadcrumb":"<div class=\"aioseo-breadcrumbs\"><span class=\"aioseo-breadcrumb\">\n\t<a href=\"https:\/\/candas365.es\/noticias\" title=\"Home\">Home<\/a>\n<\/span><span class=\"aioseo-breadcrumb-separator\">&ndash;<\/span><span class=\"aioseo-breadcrumb\">\n\t<a href=\"https:\/\/candas365.es\/noticias\/category\/actualidad\/\" title=\"Actualidad\">Actualidad<\/a>\n<\/span><span class=\"aioseo-breadcrumb-separator\">&ndash;<\/span><span class=\"aioseo-breadcrumb\">\n\tLlamazares establece como prioridades legislativas las de regeneraci\u00f3n democr\u00e1tica\n<\/span><\/div>","aioseo_breadcrumb_json":[{"label":"Home","link":"https:\/\/candas365.es\/noticias"},{"label":"Actualidad","link":"https:\/\/candas365.es\/noticias\/category\/actualidad\/"},{"label":"Llamazares establece como prioridades legislativas las de regeneraci\u00f3n democr\u00e1tica","link":"https:\/\/candas365.es\/noticias\/llamazares-establece-como-prioridades-legislativas-las-de-regeneracion-democratica\/"}],"_links":{"self":[{"href":"https:\/\/candas365.es\/noticias\/wp-json\/wp\/v2\/posts\/69803","targetHints":{"allow":["GET"]}}],"collection":[{"href":"https:\/\/candas365.es\/noticias\/wp-json\/wp\/v2\/posts"}],"about":[{"href":"https:\/\/candas365.es\/noticias\/wp-json\/wp\/v2\/types\/post"}],"author":[{"embeddable":true,"href":"https:\/\/candas365.es\/noticias\/wp-json\/wp\/v2\/users\/1"}],"replies":[{"embeddable":true,"href":"https:\/\/candas365.es\/noticias\/wp-json\/wp\/v2\/comments?post=69803"}],"version-history":[{"count":0,"href":"https:\/\/candas365.es\/noticias\/wp-json\/wp\/v2\/posts\/69803\/revisions"}],"wp:featuredmedia":[{"embeddable":true,"href":"https:\/\/candas365.es\/noticias\/wp-json\/wp\/v2\/media\/69787"}],"wp:attachment":[{"href":"https:\/\/candas365.es\/noticias\/wp-json\/wp\/v2\/media?parent=69803"}],"wp:term":[{"taxonomy":"category","embeddable":true,"href":"https:\/\/candas365.es\/noticias\/wp-json\/wp\/v2\/categories?post=69803"},{"taxonomy":"post_tag","embeddable":true,"href":"https:\/\/candas365.es\/noticias\/wp-json\/wp\/v2\/tags?post=69803"}],"curies":[{"name":"wp","href":"https:\/\/api.w.org\/{rel}","templated":true}]}}