{"id":69742,"date":"2017-04-18T18:05:16","date_gmt":"2017-04-18T18:05:16","guid":{"rendered":"http:\/\/candas365.es\/noticias\/?p=69742"},"modified":"2017-04-18T18:05:16","modified_gmt":"2017-04-18T18:05:16","slug":"biblioteca-de-berlin-atesora-un-millon-de-libros-sobre-iberoamerica","status":"publish","type":"post","link":"https:\/\/candas365.es\/noticias\/biblioteca-de-berlin-atesora-un-millon-de-libros-sobre-iberoamerica\/","title":{"rendered":"Biblioteca de Berl\u00edn atesora un mill\u00f3n de libros sobre Iberoam\u00e9rica"},"content":{"rendered":"<p>(dpa) \u2013 La Biblioteca del Instituto Iberoamericano, la mayor de Europa especializada en Am\u00e9rica Latina, el Caribe, Espa\u00f1a y Portugal, sum\u00f3 a su colecci\u00f3n el millon\u00e9simo libro, lo que supone \u00abun gran fondo cultural al alcance de todos\u00bb, asegura Ulrike M\u00fchlschlegel, vocera de la instituci\u00f3n.<\/p>\n<p>Entre las joyas de la biblioteca, ubicada en el centro de Berl\u00edn y considerada la tercera mejor del mundo en su tipo, est\u00e1 la primera traducci\u00f3n al alem\u00e1n de las famosas cartas escritas por el conquistador Hern\u00e1n Cort\u00e9s al emperador espa\u00f1ol Carlos V y que data de principios del siglo XVI.<\/p>\n<p>\u00abEs dif\u00edcil decir cu\u00e1les son los libros &#8216;especiales&#8217;, pero sin duda tenemos algunos que no se encuentran en ning\u00fan otro lugar del mundo\u00bb, dice M\u00fchlschlegel. <\/p>\n<p>Uno de estos ejemplares es un manuscrito en pergamino de un Nuevo Testamento en quich\u00e9, que es parte de la familia ling\u00fc\u00edstica de las lenguas Mayas y que se habla en ciertas regiones de Guatemala y M\u00e9xico.<\/p>\n<p>La biblioteca posee tambi\u00e9n una amplia colecci\u00f3n de cultura popular latinoamericana del siglo XIX. Un ejemplo es la serie llamada \u00abBiblioteca criolla\u00bb, una recopilaci\u00f3n de m\u00e1s de 2.000 folletos, encuadernados en 25 tomos, que re\u00fanen las mejores obras de literatura gauchesca, cancioneros populares, noticias de cr\u00edmenes, publicaciones anarquistas y pol\u00edticas y obras de teatro argentinas, aunque tambi\u00e9n hay sobre Per\u00fa y Uruguay.<\/p>\n<p>En sus anaqueles se encuentra una edici\u00f3n de \u00abDos odas elementales\u00bb del Premio Nobel chileno Pablo Neruda, una publicaci\u00f3n de 1956, de solo cuatro p\u00e1ginas y que contiene los dibujos del autor y su firma.<\/p>\n<p>Adem\u00e1s hay obras del poeta uruguayo Sa\u00fal Ibargoyen, como \u00abDispersiones\u00bb, \u00abPoeta semi-autom\u00e1tico\u00bb y \u00ab\u00bfPalabras?\u00bb, con dedicatorias a la poetisa uruguaya Idea Vilari\u00f1o.<\/p>\n<p>La biblioteca fue creada en 1930 a partir de la donaci\u00f3n de 82.000 tomos que pose\u00eda el historiador, escritor, abogado argentino Ernesto Quesada, al Estado de Prusia (antigua Alemania). <\/p>\n<p>Ese fue el comienzo de lo que a\u00f1os m\u00e1s tarde se convertir\u00eda en el Instituto Iberoamericano de Berl\u00edn, que actualmente trabaja en tres \u00e1mbitos: informaci\u00f3n, investigaci\u00f3n y centro cultural.<\/p>\n<p>\u00abLa colecci\u00f3n desde un inicio se desarroll\u00f3 con una visi\u00f3n de libros sobre Am\u00e9rica Latina, Espa\u00f1a y Portugal. Es decir, son textos hechos en estas regiones y tambi\u00e9n libros escritos en alem\u00e1n o cualquier otro idioma sobre Iberoam\u00e9rica\u00bb, resalta la portavoz de la biblioteca. <\/p>\n<p>Adem\u00e1s, contiene obras cient\u00edficas en \u00e1reas como humanidades, sociolog\u00eda, antropolog\u00eda y ling\u00fc\u00edstica. \u00abM\u00e1s m\u00e1s f\u00e1cil es decir qu\u00e9 no hay ac\u00e1: Matem\u00e1ticas, por ejemplo\u201d, detalla M\u00fchlschlegel.<\/p>\n<p>Cada d\u00eda, alrededor de 150 a 200 personas visitan la biblioteca, un 30 por ciento corresponde a estudiantes de Berl\u00edn y Potsdam, una ciudad ubicada a 30 kil\u00f3metros de la capital germana. <\/p>\n<p>Otro 60% por ciento son catedr\u00e1ticos alemanes e investigadores extranjeros y el 10 por ciento restante es el p\u00fablico en general, quienes incluso pueden llevarse los libros en pr\u00e9stamo.<\/p>\n<p>El Instituto Iberoamericano lanz\u00f3 hace cuatro a\u00f1os tambi\u00e9n una biblioteca digital. Seg\u00fan la instituci\u00f3n, el n\u00famero de usuarios crece en un 80 por ciento al a\u00f1o y en 2016 registr\u00f3 165.000 visitas.<\/p>\n","protected":false},"excerpt":{"rendered":"<p>(dpa) \u2013 La Biblioteca del Instituto Iberoamericano, la mayor de Europa especializada en Am\u00e9rica Latina, el Caribe, Espa\u00f1a y Portugal, sum\u00f3 a su colecci\u00f3n el millon\u00e9simo libro, lo que supone \u00abun gran fondo cultural al alcance de todos\u00bb, asegura Ulrike M\u00fchlschlegel, vocera de la instituci\u00f3n. Entre las joyas de la biblioteca, ubicada en el centro<\/p>\n","protected":false},"author":1,"featured_media":0,"comment_status":"open","ping_status":"closed","sticky":false,"template":"","format":"standard","meta":{"footnotes":""},"categories":[343],"tags":[],"class_list":{"0":"post-69742","1":"post","2":"type-post","3":"status-publish","4":"format-standard","6":"category-actualidad"},"aioseo_notices":[],"aioseo_head":"\n\t\t<!-- All in One SEO Pro 4.9.6.2 - aioseo.com -->\n\t<meta name=\"description\" content=\"(dpa) \u2013 La Biblioteca del Instituto Iberoamericano, la mayor de Europa especializada en Am\u00e9rica Latina, el Caribe, Espa\u00f1a y Portugal, sum\u00f3 a su colecci\u00f3n el millon\u00e9simo libro, lo que supone &quot;un gran fondo cultural al alcance de todos&quot;, asegura Ulrike M\u00fchlschlegel, vocera de la instituci\u00f3n. Entre las joyas de la biblioteca, ubicada en el centro\" \/>\n\t<meta name=\"robots\" content=\"max-image-preview:large\" \/>\n\t<meta name=\"author\" content=\"Cand\u00e1s 365\"\/>\n\t<meta name=\"google-site-verification\" content=\"UA-32230408-1\" \/>\n\t<meta name=\"msvalidate.01\" content=\"354F3CDFB2DA171B47FBE9ABF1F88D5\" \/>\n\t<meta name=\"keywords\" content=\"actualidad\" \/>\n\t<link rel=\"canonical\" href=\"https:\/\/candas365.es\/noticias\/biblioteca-de-berlin-atesora-un-millon-de-libros-sobre-iberoamerica\/\" \/>\n\t<meta name=\"generator\" content=\"All in One SEO Pro (AIOSEO) 4.9.6.2\" \/>\n\t\t<meta property=\"og:locale\" content=\"es_ES\" \/>\n\t\t<meta property=\"og:site_name\" content=\"Cand\u00e1s 365\" \/>\n\t\t<meta property=\"og:type\" content=\"article\" \/>\n\t\t<meta property=\"og:title\" content=\"Biblioteca de Berl\u00edn atesora un mill\u00f3n de libros sobre Iberoam\u00e9rica | Cand\u00e1s 365\" \/>\n\t\t<meta property=\"og:description\" content=\"(dpa) \u2013 La Biblioteca del Instituto Iberoamericano, la mayor de Europa especializada en Am\u00e9rica Latina, el Caribe, Espa\u00f1a y Portugal, sum\u00f3 a su colecci\u00f3n el millon\u00e9simo libro, lo que supone &quot;un gran fondo cultural al alcance de todos&quot;, asegura Ulrike M\u00fchlschlegel, vocera de la instituci\u00f3n. Entre las joyas de la biblioteca, ubicada en el centro\" \/>\n\t\t<meta property=\"og:url\" content=\"https:\/\/candas365.es\/noticias\/biblioteca-de-berlin-atesora-un-millon-de-libros-sobre-iberoamerica\/\" \/>\n\t\t<meta property=\"og:image\" content=\"https:\/\/candas365.es\/noticias\/wp-content\/uploads\/2024\/09\/Candas-365-Redes.jpg\" \/>\n\t\t<meta property=\"og:image:secure_url\" content=\"https:\/\/candas365.es\/noticias\/wp-content\/uploads\/2024\/09\/Candas-365-Redes.jpg\" \/>\n\t\t<meta property=\"og:image:width\" content=\"1152\" \/>\n\t\t<meta property=\"og:image:height\" content=\"864\" \/>\n\t\t<meta property=\"article:published_time\" content=\"2017-04-18T18:05:16+00:00\" \/>\n\t\t<meta property=\"article:modified_time\" content=\"2017-04-18T18:05:16+00:00\" \/>\n\t\t<meta property=\"article:publisher\" content=\"https:\/\/www.facebook.com\/Nachofdezber\" \/>\n\t\t<meta property=\"article:author\" content=\"https:\/\/www.facebook.com\/carrenoactualidad\" \/>\n\t\t<meta name=\"twitter:card\" content=\"summary_large_image\" \/>\n\t\t<meta name=\"twitter:site\" content=\"@NabercoDigital\" \/>\n\t\t<meta name=\"twitter:title\" content=\"Biblioteca de Berl\u00edn atesora un mill\u00f3n de libros sobre Iberoam\u00e9rica | Cand\u00e1s 365\" \/>\n\t\t<meta name=\"twitter:description\" content=\"(dpa) \u2013 La Biblioteca del Instituto Iberoamericano, la mayor de Europa especializada en Am\u00e9rica Latina, el Caribe, Espa\u00f1a y Portugal, sum\u00f3 a su colecci\u00f3n el millon\u00e9simo libro, lo que supone &quot;un gran fondo cultural al alcance de todos&quot;, asegura Ulrike M\u00fchlschlegel, vocera de la instituci\u00f3n. Entre las joyas de la biblioteca, ubicada en el centro\" \/>\n\t\t<meta name=\"twitter:creator\" content=\"@nbasturias\" \/>\n\t\t<meta name=\"twitter:image\" content=\"https:\/\/candas365.es\/noticias\/wp-content\/uploads\/2024\/09\/Candas-365-Redes.jpg\" \/>\n\t\t<meta name=\"twitter:label1\" content=\"Escrito por\" \/>\n\t\t<meta name=\"twitter:data1\" content=\"Cand\u00e1s 365\" \/>\n\t\t<meta name=\"twitter:label2\" content=\"Tiempo de lectura estimado\" \/>\n\t\t<meta name=\"twitter:data2\" content=\"3 minutos\" \/>\n\t\t<script type=\"application\/ld+json\" class=\"aioseo-schema\">\n\t\t\t{\"@context\":\"https:\\\/\\\/schema.org\",\"@graph\":[{\"@type\":\"BreadcrumbList\",\"@id\":\"https:\\\/\\\/candas365.es\\\/noticias\\\/biblioteca-de-berlin-atesora-un-millon-de-libros-sobre-iberoamerica\\\/#breadcrumblist\",\"itemListElement\":[{\"@type\":\"ListItem\",\"@id\":\"https:\\\/\\\/candas365.es\\\/noticias#listItem\",\"position\":1,\"name\":\"Home\",\"item\":\"https:\\\/\\\/candas365.es\\\/noticias\",\"nextItem\":{\"@type\":\"ListItem\",\"@id\":\"https:\\\/\\\/candas365.es\\\/noticias\\\/category\\\/actualidad\\\/#listItem\",\"name\":\"Actualidad\"}},{\"@type\":\"ListItem\",\"@id\":\"https:\\\/\\\/candas365.es\\\/noticias\\\/category\\\/actualidad\\\/#listItem\",\"position\":2,\"name\":\"Actualidad\",\"item\":\"https:\\\/\\\/candas365.es\\\/noticias\\\/category\\\/actualidad\\\/\",\"nextItem\":{\"@type\":\"ListItem\",\"@id\":\"https:\\\/\\\/candas365.es\\\/noticias\\\/biblioteca-de-berlin-atesora-un-millon-de-libros-sobre-iberoamerica\\\/#listItem\",\"name\":\"Biblioteca de Berl\\u00edn atesora un mill\\u00f3n de libros sobre Iberoam\\u00e9rica\"},\"previousItem\":{\"@type\":\"ListItem\",\"@id\":\"https:\\\/\\\/candas365.es\\\/noticias#listItem\",\"name\":\"Home\"}},{\"@type\":\"ListItem\",\"@id\":\"https:\\\/\\\/candas365.es\\\/noticias\\\/biblioteca-de-berlin-atesora-un-millon-de-libros-sobre-iberoamerica\\\/#listItem\",\"position\":3,\"name\":\"Biblioteca de Berl\\u00edn atesora un mill\\u00f3n de libros sobre Iberoam\\u00e9rica\",\"previousItem\":{\"@type\":\"ListItem\",\"@id\":\"https:\\\/\\\/candas365.es\\\/noticias\\\/category\\\/actualidad\\\/#listItem\",\"name\":\"Actualidad\"}}]},{\"@type\":\"NewsArticle\",\"@id\":\"https:\\\/\\\/candas365.es\\\/noticias\\\/biblioteca-de-berlin-atesora-un-millon-de-libros-sobre-iberoamerica\\\/#newsarticle\",\"name\":\"Biblioteca de Berl\\u00edn atesora un mill\\u00f3n de libros sobre Iberoam\\u00e9rica | Cand\\u00e1s 365\",\"headline\":\"Biblioteca de Berl\\u00edn atesora un mill\\u00f3n de libros sobre Iberoam\\u00e9rica\",\"author\":{\"@id\":\"https:\\\/\\\/candas365.es\\\/noticias\\\/author\\\/admin\\\/#author\"},\"publisher\":{\"@id\":\"https:\\\/\\\/candas365.es\\\/noticias\\\/#organization\"},\"image\":{\"@type\":\"ImageObject\",\"url\":\"https:\\\/\\\/candas365.es\\\/noticias\\\/wp-content\\\/uploads\\\/2024\\\/09\\\/Candas-365-Redes.jpg\",\"@id\":\"https:\\\/\\\/candas365.es\\\/noticias\\\/#articleImage\",\"width\":1152,\"height\":864,\"caption\":\"Cand\\u00e1s 365 Redes\"},\"datePublished\":\"2017-04-18T18:05:16+02:00\",\"dateModified\":\"2017-04-18T18:05:16+02:00\",\"inLanguage\":\"es-ES\",\"mainEntityOfPage\":{\"@id\":\"https:\\\/\\\/candas365.es\\\/noticias\\\/biblioteca-de-berlin-atesora-un-millon-de-libros-sobre-iberoamerica\\\/#webpage\"},\"isPartOf\":{\"@id\":\"https:\\\/\\\/candas365.es\\\/noticias\\\/biblioteca-de-berlin-atesora-un-millon-de-libros-sobre-iberoamerica\\\/#webpage\"},\"articleSection\":\"Actualidad\",\"dateline\":\"Publicado el abril 18, 2017.\"},{\"@type\":\"Organization\",\"@id\":\"https:\\\/\\\/candas365.es\\\/noticias\\\/#organization\",\"name\":\"Cand\\u00e1s 365\",\"description\":\"Cand\\u00e1s 365 es un diario digital independiente, fundado en 2012, con base en Asturias. Informamos con rigor sobre actualidad, sociedad, cultura y ocio, con una mirada local y global.\",\"url\":\"https:\\\/\\\/candas365.es\\\/noticias\\\/\",\"email\":\"info@candas365.es\",\"telephone\":\"+34652131393\",\"foundingDate\":\"2012-06-10\",\"logo\":{\"@type\":\"ImageObject\",\"url\":\"https:\\\/\\\/candas365.es\\\/noticias\\\/wp-content\\\/uploads\\\/2024\\\/09\\\/Candas-365-Redes.jpg\",\"@id\":\"https:\\\/\\\/candas365.es\\\/noticias\\\/biblioteca-de-berlin-atesora-un-millon-de-libros-sobre-iberoamerica\\\/#organizationLogo\",\"width\":1152,\"height\":864,\"caption\":\"Cand\\u00e1s 365 Redes\"},\"image\":{\"@id\":\"https:\\\/\\\/candas365.es\\\/noticias\\\/biblioteca-de-berlin-atesora-un-millon-de-libros-sobre-iberoamerica\\\/#organizationLogo\"},\"sameAs\":[\"https:\\\/\\\/www.facebook.com\\\/Nachofdezber\",\"https:\\\/\\\/x.com\\\/NabercoDigital\",\"https:\\\/\\\/www.instagram.com\\\/nachofdezber\\\/\",\"https:\\\/\\\/www.youtube.com\\\/channel\\\/UCZP-2wLEB9Rv6erhFmqVnvg\"],\"address\":{\"@id\":\"https:\\\/\\\/candas365.es\\\/noticias\\\/#postaladdress\",\"@type\":\"PostalAddress\",\"streetAddress\":\"san antonio 4, san antonio 4\",\"postalCode\":\"33430\",\"addressLocality\":\"Cand\\u00e1s\",\"addressRegion\":\"Asturias\",\"addressCountry\":\"ES\"}},{\"@type\":\"Person\",\"@id\":\"https:\\\/\\\/candas365.es\\\/noticias\\\/author\\\/admin\\\/#author\",\"url\":\"https:\\\/\\\/candas365.es\\\/noticias\\\/author\\\/admin\\\/\",\"name\":\"Cand\\u00e1s 365\",\"image\":{\"@type\":\"ImageObject\",\"@id\":\"https:\\\/\\\/candas365.es\\\/noticias\\\/biblioteca-de-berlin-atesora-un-millon-de-libros-sobre-iberoamerica\\\/#authorImage\",\"url\":\"https:\\\/\\\/secure.gravatar.com\\\/avatar\\\/496a8e03d0c493ede1718b7934145dbdf8d89be1036b0eec9544e1094c9de390?s=96&d=mm&r=g\",\"width\":96,\"height\":96,\"caption\":\"Cand\\u00e1s 365\"},\"sameAs\":[\"https:\\\/\\\/www.facebook.com\\\/carrenoactualidad\",\"https:\\\/\\\/twitter.com\\\/nbasturias\",\"https:\\\/\\\/www.instagram.com\\\/nachofdezber\\\/\",\"https:\\\/\\\/www.youtube.com\\\/channel\\\/UCZP-2wLEB9Rv6erhFmqVnvg\"]},{\"@type\":\"WebPage\",\"@id\":\"https:\\\/\\\/candas365.es\\\/noticias\\\/biblioteca-de-berlin-atesora-un-millon-de-libros-sobre-iberoamerica\\\/#webpage\",\"url\":\"https:\\\/\\\/candas365.es\\\/noticias\\\/biblioteca-de-berlin-atesora-un-millon-de-libros-sobre-iberoamerica\\\/\",\"name\":\"Biblioteca de Berl\\u00edn atesora un mill\\u00f3n de libros sobre Iberoam\\u00e9rica | Cand\\u00e1s 365\",\"description\":\"(dpa) \\u2013 La Biblioteca del Instituto Iberoamericano, la mayor de Europa especializada en Am\\u00e9rica Latina, el Caribe, Espa\\u00f1a y Portugal, sum\\u00f3 a su colecci\\u00f3n el millon\\u00e9simo libro, lo que supone \\\"un gran fondo cultural al alcance de todos\\\", asegura Ulrike M\\u00fchlschlegel, vocera de la instituci\\u00f3n. Entre las joyas de la biblioteca, ubicada en el centro\",\"inLanguage\":\"es-ES\",\"isPartOf\":{\"@id\":\"https:\\\/\\\/candas365.es\\\/noticias\\\/#website\"},\"breadcrumb\":{\"@id\":\"https:\\\/\\\/candas365.es\\\/noticias\\\/biblioteca-de-berlin-atesora-un-millon-de-libros-sobre-iberoamerica\\\/#breadcrumblist\"},\"author\":{\"@id\":\"https:\\\/\\\/candas365.es\\\/noticias\\\/author\\\/admin\\\/#author\"},\"creator\":{\"@id\":\"https:\\\/\\\/candas365.es\\\/noticias\\\/author\\\/admin\\\/#author\"},\"datePublished\":\"2017-04-18T18:05:16+02:00\",\"dateModified\":\"2017-04-18T18:05:16+02:00\"},{\"@type\":\"WebSite\",\"@id\":\"https:\\\/\\\/candas365.es\\\/noticias\\\/#website\",\"url\":\"https:\\\/\\\/candas365.es\\\/noticias\\\/\",\"name\":\"Cand\\u00e1s 365\",\"alternateName\":\"Cand\\u00e1s 365 Noticias\",\"description\":\"Actualidad desde Carre\\u00f1o para el mundo\",\"inLanguage\":\"es-ES\",\"publisher\":{\"@id\":\"https:\\\/\\\/candas365.es\\\/noticias\\\/#organization\"}}]}\n\t\t<\/script>\n\t\t<!-- All in One SEO Pro -->\r\n\t\t<title>Biblioteca de Berl\u00edn atesora un mill\u00f3n de libros sobre Iberoam\u00e9rica | Cand\u00e1s 365<\/title>\n\n","aioseo_head_json":{"title":"Biblioteca de Berl\u00edn atesora un mill\u00f3n de libros sobre Iberoam\u00e9rica | Cand\u00e1s 365","description":"(dpa) \u2013 La Biblioteca del Instituto Iberoamericano, la mayor de Europa especializada en Am\u00e9rica Latina, el Caribe, Espa\u00f1a y Portugal, sum\u00f3 a su colecci\u00f3n el millon\u00e9simo libro, lo que supone \"un gran fondo cultural al alcance de todos\", asegura Ulrike M\u00fchlschlegel, vocera de la instituci\u00f3n. Entre las joyas de la biblioteca, ubicada en el centro","canonical_url":"https:\/\/candas365.es\/noticias\/biblioteca-de-berlin-atesora-un-millon-de-libros-sobre-iberoamerica\/","robots":"max-image-preview:large","keywords":"actualidad","webmasterTools":{"google-site-verification":"UA-32230408-1","msvalidate.01":"354F3CDFB2DA171B47FBE9ABF1F88D5","miscellaneous":""},"schema":{"@context":"https:\/\/schema.org","@graph":[{"@type":"BreadcrumbList","@id":"https:\/\/candas365.es\/noticias\/biblioteca-de-berlin-atesora-un-millon-de-libros-sobre-iberoamerica\/#breadcrumblist","itemListElement":[{"@type":"ListItem","@id":"https:\/\/candas365.es\/noticias#listItem","position":1,"name":"Home","item":"https:\/\/candas365.es\/noticias","nextItem":{"@type":"ListItem","@id":"https:\/\/candas365.es\/noticias\/category\/actualidad\/#listItem","name":"Actualidad"}},{"@type":"ListItem","@id":"https:\/\/candas365.es\/noticias\/category\/actualidad\/#listItem","position":2,"name":"Actualidad","item":"https:\/\/candas365.es\/noticias\/category\/actualidad\/","nextItem":{"@type":"ListItem","@id":"https:\/\/candas365.es\/noticias\/biblioteca-de-berlin-atesora-un-millon-de-libros-sobre-iberoamerica\/#listItem","name":"Biblioteca de Berl\u00edn atesora un mill\u00f3n de libros sobre Iberoam\u00e9rica"},"previousItem":{"@type":"ListItem","@id":"https:\/\/candas365.es\/noticias#listItem","name":"Home"}},{"@type":"ListItem","@id":"https:\/\/candas365.es\/noticias\/biblioteca-de-berlin-atesora-un-millon-de-libros-sobre-iberoamerica\/#listItem","position":3,"name":"Biblioteca de Berl\u00edn atesora un mill\u00f3n de libros sobre Iberoam\u00e9rica","previousItem":{"@type":"ListItem","@id":"https:\/\/candas365.es\/noticias\/category\/actualidad\/#listItem","name":"Actualidad"}}]},{"@type":"NewsArticle","@id":"https:\/\/candas365.es\/noticias\/biblioteca-de-berlin-atesora-un-millon-de-libros-sobre-iberoamerica\/#newsarticle","name":"Biblioteca de Berl\u00edn atesora un mill\u00f3n de libros sobre Iberoam\u00e9rica | Cand\u00e1s 365","headline":"Biblioteca de Berl\u00edn atesora un mill\u00f3n de libros sobre Iberoam\u00e9rica","author":{"@id":"https:\/\/candas365.es\/noticias\/author\/admin\/#author"},"publisher":{"@id":"https:\/\/candas365.es\/noticias\/#organization"},"image":{"@type":"ImageObject","url":"https:\/\/candas365.es\/noticias\/wp-content\/uploads\/2024\/09\/Candas-365-Redes.jpg","@id":"https:\/\/candas365.es\/noticias\/#articleImage","width":1152,"height":864,"caption":"Cand\u00e1s 365 Redes"},"datePublished":"2017-04-18T18:05:16+02:00","dateModified":"2017-04-18T18:05:16+02:00","inLanguage":"es-ES","mainEntityOfPage":{"@id":"https:\/\/candas365.es\/noticias\/biblioteca-de-berlin-atesora-un-millon-de-libros-sobre-iberoamerica\/#webpage"},"isPartOf":{"@id":"https:\/\/candas365.es\/noticias\/biblioteca-de-berlin-atesora-un-millon-de-libros-sobre-iberoamerica\/#webpage"},"articleSection":"Actualidad","dateline":"Publicado el abril 18, 2017."},{"@type":"Organization","@id":"https:\/\/candas365.es\/noticias\/#organization","name":"Cand\u00e1s 365","description":"Cand\u00e1s 365 es un diario digital independiente, fundado en 2012, con base en Asturias. Informamos con rigor sobre actualidad, sociedad, cultura y ocio, con una mirada local y global.","url":"https:\/\/candas365.es\/noticias\/","email":"info@candas365.es","telephone":"+34652131393","foundingDate":"2012-06-10","logo":{"@type":"ImageObject","url":"https:\/\/candas365.es\/noticias\/wp-content\/uploads\/2024\/09\/Candas-365-Redes.jpg","@id":"https:\/\/candas365.es\/noticias\/biblioteca-de-berlin-atesora-un-millon-de-libros-sobre-iberoamerica\/#organizationLogo","width":1152,"height":864,"caption":"Cand\u00e1s 365 Redes"},"image":{"@id":"https:\/\/candas365.es\/noticias\/biblioteca-de-berlin-atesora-un-millon-de-libros-sobre-iberoamerica\/#organizationLogo"},"sameAs":["https:\/\/www.facebook.com\/Nachofdezber","https:\/\/x.com\/NabercoDigital","https:\/\/www.instagram.com\/nachofdezber\/","https:\/\/www.youtube.com\/channel\/UCZP-2wLEB9Rv6erhFmqVnvg"],"address":{"@id":"https:\/\/candas365.es\/noticias\/#postaladdress","@type":"PostalAddress","streetAddress":"san antonio 4, san antonio 4","postalCode":"33430","addressLocality":"Cand\u00e1s","addressRegion":"Asturias","addressCountry":"ES"}},{"@type":"Person","@id":"https:\/\/candas365.es\/noticias\/author\/admin\/#author","url":"https:\/\/candas365.es\/noticias\/author\/admin\/","name":"Cand\u00e1s 365","image":{"@type":"ImageObject","@id":"https:\/\/candas365.es\/noticias\/biblioteca-de-berlin-atesora-un-millon-de-libros-sobre-iberoamerica\/#authorImage","url":"https:\/\/secure.gravatar.com\/avatar\/496a8e03d0c493ede1718b7934145dbdf8d89be1036b0eec9544e1094c9de390?s=96&d=mm&r=g","width":96,"height":96,"caption":"Cand\u00e1s 365"},"sameAs":["https:\/\/www.facebook.com\/carrenoactualidad","https:\/\/twitter.com\/nbasturias","https:\/\/www.instagram.com\/nachofdezber\/","https:\/\/www.youtube.com\/channel\/UCZP-2wLEB9Rv6erhFmqVnvg"]},{"@type":"WebPage","@id":"https:\/\/candas365.es\/noticias\/biblioteca-de-berlin-atesora-un-millon-de-libros-sobre-iberoamerica\/#webpage","url":"https:\/\/candas365.es\/noticias\/biblioteca-de-berlin-atesora-un-millon-de-libros-sobre-iberoamerica\/","name":"Biblioteca de Berl\u00edn atesora un mill\u00f3n de libros sobre Iberoam\u00e9rica | Cand\u00e1s 365","description":"(dpa) \u2013 La Biblioteca del Instituto Iberoamericano, la mayor de Europa especializada en Am\u00e9rica Latina, el Caribe, Espa\u00f1a y Portugal, sum\u00f3 a su colecci\u00f3n el millon\u00e9simo libro, lo que supone \"un gran fondo cultural al alcance de todos\", asegura Ulrike M\u00fchlschlegel, vocera de la instituci\u00f3n. Entre las joyas de la biblioteca, ubicada en el centro","inLanguage":"es-ES","isPartOf":{"@id":"https:\/\/candas365.es\/noticias\/#website"},"breadcrumb":{"@id":"https:\/\/candas365.es\/noticias\/biblioteca-de-berlin-atesora-un-millon-de-libros-sobre-iberoamerica\/#breadcrumblist"},"author":{"@id":"https:\/\/candas365.es\/noticias\/author\/admin\/#author"},"creator":{"@id":"https:\/\/candas365.es\/noticias\/author\/admin\/#author"},"datePublished":"2017-04-18T18:05:16+02:00","dateModified":"2017-04-18T18:05:16+02:00"},{"@type":"WebSite","@id":"https:\/\/candas365.es\/noticias\/#website","url":"https:\/\/candas365.es\/noticias\/","name":"Cand\u00e1s 365","alternateName":"Cand\u00e1s 365 Noticias","description":"Actualidad desde Carre\u00f1o para el mundo","inLanguage":"es-ES","publisher":{"@id":"https:\/\/candas365.es\/noticias\/#organization"}}]},"og:locale":"es_ES","og:site_name":"Cand\u00e1s 365","og:type":"article","og:title":"Biblioteca de Berl\u00edn atesora un mill\u00f3n de libros sobre Iberoam\u00e9rica | Cand\u00e1s 365","og:description":"(dpa) \u2013 La Biblioteca del Instituto Iberoamericano, la mayor de Europa especializada en Am\u00e9rica Latina, el Caribe, Espa\u00f1a y Portugal, sum\u00f3 a su colecci\u00f3n el millon\u00e9simo libro, lo que supone &quot;un gran fondo cultural al alcance de todos&quot;, asegura Ulrike M\u00fchlschlegel, vocera de la instituci\u00f3n. Entre las joyas de la biblioteca, ubicada en el centro","og:url":"https:\/\/candas365.es\/noticias\/biblioteca-de-berlin-atesora-un-millon-de-libros-sobre-iberoamerica\/","og:image":"https:\/\/candas365.es\/noticias\/wp-content\/uploads\/2024\/09\/Candas-365-Redes.jpg","og:image:secure_url":"https:\/\/candas365.es\/noticias\/wp-content\/uploads\/2024\/09\/Candas-365-Redes.jpg","og:image:width":1152,"og:image:height":864,"article:published_time":"2017-04-18T18:05:16+00:00","article:modified_time":"2017-04-18T18:05:16+00:00","article:publisher":"https:\/\/www.facebook.com\/Nachofdezber","article:author":"https:\/\/www.facebook.com\/carrenoactualidad","twitter:card":"summary_large_image","twitter:site":"@NabercoDigital","twitter:title":"Biblioteca de Berl\u00edn atesora un mill\u00f3n de libros sobre Iberoam\u00e9rica | Cand\u00e1s 365","twitter:description":"(dpa) \u2013 La Biblioteca del Instituto Iberoamericano, la mayor de Europa especializada en Am\u00e9rica Latina, el Caribe, Espa\u00f1a y Portugal, sum\u00f3 a su colecci\u00f3n el millon\u00e9simo libro, lo que supone &quot;un gran fondo cultural al alcance de todos&quot;, asegura Ulrike M\u00fchlschlegel, vocera de la instituci\u00f3n. Entre las joyas de la biblioteca, ubicada en el centro","twitter:creator":"@nbasturias","twitter:image":"https:\/\/candas365.es\/noticias\/wp-content\/uploads\/2024\/09\/Candas-365-Redes.jpg","twitter:label1":"Escrito por","twitter:data1":"Cand\u00e1s 365","twitter:label2":"Tiempo de lectura estimado","twitter:data2":"3 minutos"},"aioseo_meta_data":{"post_id":"69742","title":null,"description":null,"keywords":null,"keyphrases":null,"primary_term":null,"canonical_url":null,"og_title":null,"og_description":null,"og_object_type":"default","og_image_type":"default","og_image_url":null,"og_image_width":null,"og_image_height":null,"og_image_custom_url":null,"og_image_custom_fields":null,"og_video":null,"og_custom_url":null,"og_article_section":null,"og_article_tags":null,"twitter_use_og":false,"twitter_card":"default","twitter_image_type":"default","twitter_image_url":null,"twitter_image_custom_url":null,"twitter_image_custom_fields":null,"twitter_title":null,"twitter_description":null,"schema":{"blockGraphs":[],"customGraphs":[],"default":{"data":{"Article":[],"Course":[],"Dataset":[],"FAQPage":[],"Movie":[],"Person":[],"Product":[],"ProductReview":[],"Car":[],"Recipe":[],"Service":[],"SoftwareApplication":[],"WebPage":[]},"graphName":"","isEnabled":true},"graphs":[],"defaultGraph":"","defaultPostTypeGraph":""},"schema_type":null,"schema_type_options":null,"pillar_content":false,"robots_default":true,"robots_noindex":false,"robots_noarchive":false,"robots_nosnippet":false,"robots_nofollow":false,"robots_noimageindex":false,"robots_noodp":false,"robots_notranslate":false,"robots_max_snippet":null,"robots_max_videopreview":null,"robots_max_imagepreview":"large","priority":null,"frequency":null,"location":null,"local_seo":null,"seo_analyzer_scan_date":"2025-08-25 11:19:11","breadcrumb_settings":null,"limit_modified_date":false,"reviewed_by":null,"open_ai":null,"ai":null,"created":"2020-12-21 13:01:32","updated":"2025-08-25 11:19:11"},"aioseo_breadcrumb":"<div class=\"aioseo-breadcrumbs\"><span class=\"aioseo-breadcrumb\">\n\t<a href=\"https:\/\/candas365.es\/noticias\" title=\"Home\">Home<\/a>\n<\/span><span class=\"aioseo-breadcrumb-separator\">&ndash;<\/span><span class=\"aioseo-breadcrumb\">\n\t<a href=\"https:\/\/candas365.es\/noticias\/category\/actualidad\/\" title=\"Actualidad\">Actualidad<\/a>\n<\/span><span class=\"aioseo-breadcrumb-separator\">&ndash;<\/span><span class=\"aioseo-breadcrumb\">\n\tBiblioteca de Berl\u00edn atesora un mill\u00f3n de libros sobre Iberoam\u00e9rica\n<\/span><\/div>","aioseo_breadcrumb_json":[{"label":"Home","link":"https:\/\/candas365.es\/noticias"},{"label":"Actualidad","link":"https:\/\/candas365.es\/noticias\/category\/actualidad\/"},{"label":"Biblioteca de Berl\u00edn atesora un mill\u00f3n de libros sobre Iberoam\u00e9rica","link":"https:\/\/candas365.es\/noticias\/biblioteca-de-berlin-atesora-un-millon-de-libros-sobre-iberoamerica\/"}],"_links":{"self":[{"href":"https:\/\/candas365.es\/noticias\/wp-json\/wp\/v2\/posts\/69742","targetHints":{"allow":["GET"]}}],"collection":[{"href":"https:\/\/candas365.es\/noticias\/wp-json\/wp\/v2\/posts"}],"about":[{"href":"https:\/\/candas365.es\/noticias\/wp-json\/wp\/v2\/types\/post"}],"author":[{"embeddable":true,"href":"https:\/\/candas365.es\/noticias\/wp-json\/wp\/v2\/users\/1"}],"replies":[{"embeddable":true,"href":"https:\/\/candas365.es\/noticias\/wp-json\/wp\/v2\/comments?post=69742"}],"version-history":[{"count":0,"href":"https:\/\/candas365.es\/noticias\/wp-json\/wp\/v2\/posts\/69742\/revisions"}],"wp:attachment":[{"href":"https:\/\/candas365.es\/noticias\/wp-json\/wp\/v2\/media?parent=69742"}],"wp:term":[{"taxonomy":"category","embeddable":true,"href":"https:\/\/candas365.es\/noticias\/wp-json\/wp\/v2\/categories?post=69742"},{"taxonomy":"post_tag","embeddable":true,"href":"https:\/\/candas365.es\/noticias\/wp-json\/wp\/v2\/tags?post=69742"}],"curies":[{"name":"wp","href":"https:\/\/api.w.org\/{rel}","templated":true}]}}