{"id":69740,"date":"2017-04-18T18:04:37","date_gmt":"2017-04-18T18:04:37","guid":{"rendered":"http:\/\/candas365.es\/noticias\/?p=69740"},"modified":"2017-04-18T18:04:37","modified_gmt":"2017-04-18T18:04:37","slug":"berlin-ve-aun-posible-futura-adhesion-de-turquia-a-la-union-europea","status":"publish","type":"post","link":"https:\/\/candas365.es\/noticias\/berlin-ve-aun-posible-futura-adhesion-de-turquia-a-la-union-europea\/","title":{"rendered":"Berl\u00edn ve a\u00fan posible futura adhesi\u00f3n de Turqu\u00eda a la Uni\u00f3n Europea"},"content":{"rendered":"<p>(dpa) &#8211; A pesar de la prevista reforma de la Constituci\u00f3n turca, el ministro de Exteriores alem\u00e1n, Sigmar Gabriel, ve posible a\u00fan continuar en un futuro con las negociaciones de adhesi\u00f3n de Turqu\u00eda en la Uni\u00f3n Europea (UE). <\/p>\n<p>\u00abEst\u00e1 en manos de Turqu\u00eda. No hay decisiones pendientes a largo plazo, aunque de todas formas ahora no podr\u00edan entrar\u00bb, declar\u00f3 el pol\u00edtico socialdem\u00f3crata en una entrevista publicada el lunes por el diario alem\u00e1n \u00abBild\u00bb. <\/p>\n<p>Poco antes, l\u00edderes de los conservadores alemanes, el Partido Liberal (FDP) y La Izquierda reclamaron cerrar inmediatamente la puerta de la UE a Turqu\u00eda tras el resultado en el refer\u00e9ndum turco del domingo a favor de la implementaci\u00f3n de un sistema presidencialista en Turqu\u00eda.<\/p>\n<p>Dentro del proceso de negociaci\u00f3n se incluye el pago de ayudas econ\u00f3micas procedentes de la UE. \u00c9ste es el principal argumento que esgrimen los defensores de poner fin al proceso de adhesi\u00f3n. <\/p>\n<p>\u00abTurqu\u00eda no deber\u00eda alejarse a\u00fan m\u00e1s de Europa, tambi\u00e9n en su propio inter\u00e9s\u00bb, indic\u00f3 Gabriel. Sin embargo, reafirm\u00f3 la l\u00ednea roja del Gobierno alem\u00e1n que se sobrepasar\u00eda al restaurar la pena de muerte en el pa\u00eds. \u00abEso ser\u00eda el equivalente a poner fin al sue\u00f1o de Europa\u00bb, afirm\u00f3. <\/p>\n<p>A pesar de todo, Gabriel rechaz\u00f3 firmemente la posibilidad de expulsar a Turqu\u00eda de la OTAN como consecuencia del giro pol\u00edtico en el pa\u00eds. <\/p>\n<p>\u00abTurqu\u00eda sigue siendo un vecino grande, que no fue excluido de la OTAN en los tiempos de la dictadura militar a principios de los 80 para no empujarlo en manos de la Uni\u00f3n Sovi\u00e9tica\u00bb, record\u00f3. \u00abY tambi\u00e9n hoy queremos mantener a Turqu\u00eda con nosotros y no empujarlo a un aislamiento en pol\u00edtica exterior o en direcci\u00f3n a Rusia\u00bb, agreg\u00f3. <\/p>\n<p>Hasta ahora solo La Izquierda ha cuestiando que Turqu\u00eda pueda seguir formando parte de la OTAN. <\/p>\n","protected":false},"excerpt":{"rendered":"<p>(dpa) &#8211; A pesar de la prevista reforma de la Constituci\u00f3n turca, el ministro de Exteriores alem\u00e1n, Sigmar Gabriel, ve posible a\u00fan continuar en un futuro con las negociaciones de adhesi\u00f3n de Turqu\u00eda en la Uni\u00f3n Europea (UE). \u00abEst\u00e1 en manos de Turqu\u00eda. No hay decisiones pendientes a largo plazo, aunque de todas formas ahora<\/p>\n","protected":false},"author":1,"featured_media":0,"comment_status":"open","ping_status":"closed","sticky":false,"template":"","format":"standard","meta":{"footnotes":""},"categories":[343],"tags":[],"class_list":{"0":"post-69740","1":"post","2":"type-post","3":"status-publish","4":"format-standard","6":"category-actualidad"},"aioseo_notices":[],"aioseo_head":"\n\t\t<!-- All in One SEO Pro 4.9.6.2 - aioseo.com -->\n\t<meta name=\"description\" content=\"(dpa) - A pesar de la prevista reforma de la Constituci\u00f3n turca, el ministro de Exteriores alem\u00e1n, Sigmar Gabriel, ve posible a\u00fan continuar en un futuro con las negociaciones de adhesi\u00f3n de Turqu\u00eda en la Uni\u00f3n Europea (UE). &quot;Est\u00e1 en manos de Turqu\u00eda. No hay decisiones pendientes a largo plazo, aunque de todas formas ahora\" \/>\n\t<meta name=\"robots\" content=\"max-image-preview:large\" \/>\n\t<meta name=\"author\" content=\"Cand\u00e1s 365\"\/>\n\t<meta name=\"google-site-verification\" content=\"UA-32230408-1\" \/>\n\t<meta name=\"msvalidate.01\" content=\"354F3CDFB2DA171B47FBE9ABF1F88D5\" \/>\n\t<meta name=\"keywords\" content=\"actualidad\" \/>\n\t<link rel=\"canonical\" href=\"https:\/\/candas365.es\/noticias\/berlin-ve-aun-posible-futura-adhesion-de-turquia-a-la-union-europea\/\" \/>\n\t<meta name=\"generator\" content=\"All in One SEO Pro (AIOSEO) 4.9.6.2\" \/>\n\t\t<meta property=\"og:locale\" content=\"es_ES\" \/>\n\t\t<meta property=\"og:site_name\" content=\"Cand\u00e1s 365\" \/>\n\t\t<meta property=\"og:type\" content=\"article\" \/>\n\t\t<meta property=\"og:title\" content=\"Berl\u00edn ve a\u00fan posible futura adhesi\u00f3n de Turqu\u00eda a la Uni\u00f3n Europea | Cand\u00e1s 365\" \/>\n\t\t<meta property=\"og:description\" content=\"(dpa) - A pesar de la prevista reforma de la Constituci\u00f3n turca, el ministro de Exteriores alem\u00e1n, Sigmar Gabriel, ve posible a\u00fan continuar en un futuro con las negociaciones de adhesi\u00f3n de Turqu\u00eda en la Uni\u00f3n Europea (UE). &quot;Est\u00e1 en manos de Turqu\u00eda. No hay decisiones pendientes a largo plazo, aunque de todas formas ahora\" \/>\n\t\t<meta property=\"og:url\" content=\"https:\/\/candas365.es\/noticias\/berlin-ve-aun-posible-futura-adhesion-de-turquia-a-la-union-europea\/\" \/>\n\t\t<meta property=\"og:image\" content=\"https:\/\/candas365.es\/noticias\/wp-content\/uploads\/2024\/09\/Candas-365-Redes.jpg\" \/>\n\t\t<meta property=\"og:image:secure_url\" content=\"https:\/\/candas365.es\/noticias\/wp-content\/uploads\/2024\/09\/Candas-365-Redes.jpg\" \/>\n\t\t<meta property=\"og:image:width\" content=\"1152\" \/>\n\t\t<meta property=\"og:image:height\" content=\"864\" \/>\n\t\t<meta property=\"article:published_time\" content=\"2017-04-18T18:04:37+00:00\" \/>\n\t\t<meta property=\"article:modified_time\" content=\"2017-04-18T18:04:37+00:00\" \/>\n\t\t<meta property=\"article:publisher\" content=\"https:\/\/www.facebook.com\/Nachofdezber\" \/>\n\t\t<meta property=\"article:author\" content=\"https:\/\/www.facebook.com\/carrenoactualidad\" \/>\n\t\t<meta name=\"twitter:card\" content=\"summary_large_image\" \/>\n\t\t<meta name=\"twitter:site\" content=\"@NabercoDigital\" \/>\n\t\t<meta name=\"twitter:title\" content=\"Berl\u00edn ve a\u00fan posible futura adhesi\u00f3n de Turqu\u00eda a la Uni\u00f3n Europea | Cand\u00e1s 365\" \/>\n\t\t<meta name=\"twitter:description\" content=\"(dpa) - A pesar de la prevista reforma de la Constituci\u00f3n turca, el ministro de Exteriores alem\u00e1n, Sigmar Gabriel, ve posible a\u00fan continuar en un futuro con las negociaciones de adhesi\u00f3n de Turqu\u00eda en la Uni\u00f3n Europea (UE). &quot;Est\u00e1 en manos de Turqu\u00eda. No hay decisiones pendientes a largo plazo, aunque de todas formas ahora\" \/>\n\t\t<meta name=\"twitter:creator\" content=\"@nbasturias\" \/>\n\t\t<meta name=\"twitter:image\" content=\"https:\/\/candas365.es\/noticias\/wp-content\/uploads\/2024\/09\/Candas-365-Redes.jpg\" \/>\n\t\t<meta name=\"twitter:label1\" content=\"Escrito por\" \/>\n\t\t<meta name=\"twitter:data1\" content=\"Cand\u00e1s 365\" \/>\n\t\t<meta name=\"twitter:label2\" content=\"Tiempo de lectura estimado\" \/>\n\t\t<meta name=\"twitter:data2\" content=\"2 minutos\" \/>\n\t\t<script type=\"application\/ld+json\" class=\"aioseo-schema\">\n\t\t\t{\"@context\":\"https:\\\/\\\/schema.org\",\"@graph\":[{\"@type\":\"BreadcrumbList\",\"@id\":\"https:\\\/\\\/candas365.es\\\/noticias\\\/berlin-ve-aun-posible-futura-adhesion-de-turquia-a-la-union-europea\\\/#breadcrumblist\",\"itemListElement\":[{\"@type\":\"ListItem\",\"@id\":\"https:\\\/\\\/candas365.es\\\/noticias#listItem\",\"position\":1,\"name\":\"Home\",\"item\":\"https:\\\/\\\/candas365.es\\\/noticias\",\"nextItem\":{\"@type\":\"ListItem\",\"@id\":\"https:\\\/\\\/candas365.es\\\/noticias\\\/category\\\/actualidad\\\/#listItem\",\"name\":\"Actualidad\"}},{\"@type\":\"ListItem\",\"@id\":\"https:\\\/\\\/candas365.es\\\/noticias\\\/category\\\/actualidad\\\/#listItem\",\"position\":2,\"name\":\"Actualidad\",\"item\":\"https:\\\/\\\/candas365.es\\\/noticias\\\/category\\\/actualidad\\\/\",\"nextItem\":{\"@type\":\"ListItem\",\"@id\":\"https:\\\/\\\/candas365.es\\\/noticias\\\/berlin-ve-aun-posible-futura-adhesion-de-turquia-a-la-union-europea\\\/#listItem\",\"name\":\"Berl\\u00edn ve a\\u00fan posible futura adhesi\\u00f3n de Turqu\\u00eda a la Uni\\u00f3n Europea\"},\"previousItem\":{\"@type\":\"ListItem\",\"@id\":\"https:\\\/\\\/candas365.es\\\/noticias#listItem\",\"name\":\"Home\"}},{\"@type\":\"ListItem\",\"@id\":\"https:\\\/\\\/candas365.es\\\/noticias\\\/berlin-ve-aun-posible-futura-adhesion-de-turquia-a-la-union-europea\\\/#listItem\",\"position\":3,\"name\":\"Berl\\u00edn ve a\\u00fan posible futura adhesi\\u00f3n de Turqu\\u00eda a la Uni\\u00f3n Europea\",\"previousItem\":{\"@type\":\"ListItem\",\"@id\":\"https:\\\/\\\/candas365.es\\\/noticias\\\/category\\\/actualidad\\\/#listItem\",\"name\":\"Actualidad\"}}]},{\"@type\":\"NewsArticle\",\"@id\":\"https:\\\/\\\/candas365.es\\\/noticias\\\/berlin-ve-aun-posible-futura-adhesion-de-turquia-a-la-union-europea\\\/#newsarticle\",\"name\":\"Berl\\u00edn ve a\\u00fan posible futura adhesi\\u00f3n de Turqu\\u00eda a la Uni\\u00f3n Europea | Cand\\u00e1s 365\",\"headline\":\"Berl\\u00edn ve a\\u00fan posible futura adhesi\\u00f3n de Turqu\\u00eda a la Uni\\u00f3n Europea\",\"author\":{\"@id\":\"https:\\\/\\\/candas365.es\\\/noticias\\\/author\\\/admin\\\/#author\"},\"publisher\":{\"@id\":\"https:\\\/\\\/candas365.es\\\/noticias\\\/#organization\"},\"image\":{\"@type\":\"ImageObject\",\"url\":\"https:\\\/\\\/candas365.es\\\/noticias\\\/wp-content\\\/uploads\\\/2024\\\/09\\\/Candas-365-Redes.jpg\",\"@id\":\"https:\\\/\\\/candas365.es\\\/noticias\\\/#articleImage\",\"width\":1152,\"height\":864,\"caption\":\"Cand\\u00e1s 365 Redes\"},\"datePublished\":\"2017-04-18T18:04:37+02:00\",\"dateModified\":\"2017-04-18T18:04:37+02:00\",\"inLanguage\":\"es-ES\",\"mainEntityOfPage\":{\"@id\":\"https:\\\/\\\/candas365.es\\\/noticias\\\/berlin-ve-aun-posible-futura-adhesion-de-turquia-a-la-union-europea\\\/#webpage\"},\"isPartOf\":{\"@id\":\"https:\\\/\\\/candas365.es\\\/noticias\\\/berlin-ve-aun-posible-futura-adhesion-de-turquia-a-la-union-europea\\\/#webpage\"},\"articleSection\":\"Actualidad\",\"dateline\":\"Publicado el abril 18, 2017.\"},{\"@type\":\"Organization\",\"@id\":\"https:\\\/\\\/candas365.es\\\/noticias\\\/#organization\",\"name\":\"Cand\\u00e1s 365\",\"description\":\"Cand\\u00e1s 365 es un diario digital independiente, fundado en 2012, con base en Asturias. Informamos con rigor sobre actualidad, sociedad, cultura y ocio, con una mirada local y global.\",\"url\":\"https:\\\/\\\/candas365.es\\\/noticias\\\/\",\"email\":\"info@candas365.es\",\"telephone\":\"+34652131393\",\"foundingDate\":\"2012-06-10\",\"logo\":{\"@type\":\"ImageObject\",\"url\":\"https:\\\/\\\/candas365.es\\\/noticias\\\/wp-content\\\/uploads\\\/2024\\\/09\\\/Candas-365-Redes.jpg\",\"@id\":\"https:\\\/\\\/candas365.es\\\/noticias\\\/berlin-ve-aun-posible-futura-adhesion-de-turquia-a-la-union-europea\\\/#organizationLogo\",\"width\":1152,\"height\":864,\"caption\":\"Cand\\u00e1s 365 Redes\"},\"image\":{\"@id\":\"https:\\\/\\\/candas365.es\\\/noticias\\\/berlin-ve-aun-posible-futura-adhesion-de-turquia-a-la-union-europea\\\/#organizationLogo\"},\"sameAs\":[\"https:\\\/\\\/www.facebook.com\\\/Nachofdezber\",\"https:\\\/\\\/x.com\\\/NabercoDigital\",\"https:\\\/\\\/www.instagram.com\\\/nachofdezber\\\/\",\"https:\\\/\\\/www.youtube.com\\\/channel\\\/UCZP-2wLEB9Rv6erhFmqVnvg\"],\"address\":{\"@id\":\"https:\\\/\\\/candas365.es\\\/noticias\\\/#postaladdress\",\"@type\":\"PostalAddress\",\"streetAddress\":\"san antonio 4, san antonio 4\",\"postalCode\":\"33430\",\"addressLocality\":\"Cand\\u00e1s\",\"addressRegion\":\"Asturias\",\"addressCountry\":\"ES\"}},{\"@type\":\"Person\",\"@id\":\"https:\\\/\\\/candas365.es\\\/noticias\\\/author\\\/admin\\\/#author\",\"url\":\"https:\\\/\\\/candas365.es\\\/noticias\\\/author\\\/admin\\\/\",\"name\":\"Cand\\u00e1s 365\",\"image\":{\"@type\":\"ImageObject\",\"@id\":\"https:\\\/\\\/candas365.es\\\/noticias\\\/berlin-ve-aun-posible-futura-adhesion-de-turquia-a-la-union-europea\\\/#authorImage\",\"url\":\"https:\\\/\\\/secure.gravatar.com\\\/avatar\\\/496a8e03d0c493ede1718b7934145dbdf8d89be1036b0eec9544e1094c9de390?s=96&d=mm&r=g\",\"width\":96,\"height\":96,\"caption\":\"Cand\\u00e1s 365\"},\"sameAs\":[\"https:\\\/\\\/www.facebook.com\\\/carrenoactualidad\",\"https:\\\/\\\/twitter.com\\\/nbasturias\",\"https:\\\/\\\/www.instagram.com\\\/nachofdezber\\\/\",\"https:\\\/\\\/www.youtube.com\\\/channel\\\/UCZP-2wLEB9Rv6erhFmqVnvg\"]},{\"@type\":\"WebPage\",\"@id\":\"https:\\\/\\\/candas365.es\\\/noticias\\\/berlin-ve-aun-posible-futura-adhesion-de-turquia-a-la-union-europea\\\/#webpage\",\"url\":\"https:\\\/\\\/candas365.es\\\/noticias\\\/berlin-ve-aun-posible-futura-adhesion-de-turquia-a-la-union-europea\\\/\",\"name\":\"Berl\\u00edn ve a\\u00fan posible futura adhesi\\u00f3n de Turqu\\u00eda a la Uni\\u00f3n Europea | Cand\\u00e1s 365\",\"description\":\"(dpa) - A pesar de la prevista reforma de la Constituci\\u00f3n turca, el ministro de Exteriores alem\\u00e1n, Sigmar Gabriel, ve posible a\\u00fan continuar en un futuro con las negociaciones de adhesi\\u00f3n de Turqu\\u00eda en la Uni\\u00f3n Europea (UE). \\\"Est\\u00e1 en manos de Turqu\\u00eda. No hay decisiones pendientes a largo plazo, aunque de todas formas ahora\",\"inLanguage\":\"es-ES\",\"isPartOf\":{\"@id\":\"https:\\\/\\\/candas365.es\\\/noticias\\\/#website\"},\"breadcrumb\":{\"@id\":\"https:\\\/\\\/candas365.es\\\/noticias\\\/berlin-ve-aun-posible-futura-adhesion-de-turquia-a-la-union-europea\\\/#breadcrumblist\"},\"author\":{\"@id\":\"https:\\\/\\\/candas365.es\\\/noticias\\\/author\\\/admin\\\/#author\"},\"creator\":{\"@id\":\"https:\\\/\\\/candas365.es\\\/noticias\\\/author\\\/admin\\\/#author\"},\"datePublished\":\"2017-04-18T18:04:37+02:00\",\"dateModified\":\"2017-04-18T18:04:37+02:00\"},{\"@type\":\"WebSite\",\"@id\":\"https:\\\/\\\/candas365.es\\\/noticias\\\/#website\",\"url\":\"https:\\\/\\\/candas365.es\\\/noticias\\\/\",\"name\":\"Cand\\u00e1s 365\",\"alternateName\":\"Cand\\u00e1s 365 Noticias\",\"description\":\"Actualidad desde Carre\\u00f1o para el mundo\",\"inLanguage\":\"es-ES\",\"publisher\":{\"@id\":\"https:\\\/\\\/candas365.es\\\/noticias\\\/#organization\"}}]}\n\t\t<\/script>\n\t\t<!-- All in One SEO Pro -->\r\n\t\t<title>Berl\u00edn ve a\u00fan posible futura adhesi\u00f3n de Turqu\u00eda a la Uni\u00f3n Europea | Cand\u00e1s 365<\/title>\n\n","aioseo_head_json":{"title":"Berl\u00edn ve a\u00fan posible futura adhesi\u00f3n de Turqu\u00eda a la Uni\u00f3n Europea | Cand\u00e1s 365","description":"(dpa) - A pesar de la prevista reforma de la Constituci\u00f3n turca, el ministro de Exteriores alem\u00e1n, Sigmar Gabriel, ve posible a\u00fan continuar en un futuro con las negociaciones de adhesi\u00f3n de Turqu\u00eda en la Uni\u00f3n Europea (UE). \"Est\u00e1 en manos de Turqu\u00eda. No hay decisiones pendientes a largo plazo, aunque de todas formas ahora","canonical_url":"https:\/\/candas365.es\/noticias\/berlin-ve-aun-posible-futura-adhesion-de-turquia-a-la-union-europea\/","robots":"max-image-preview:large","keywords":"actualidad","webmasterTools":{"google-site-verification":"UA-32230408-1","msvalidate.01":"354F3CDFB2DA171B47FBE9ABF1F88D5","miscellaneous":""},"schema":{"@context":"https:\/\/schema.org","@graph":[{"@type":"BreadcrumbList","@id":"https:\/\/candas365.es\/noticias\/berlin-ve-aun-posible-futura-adhesion-de-turquia-a-la-union-europea\/#breadcrumblist","itemListElement":[{"@type":"ListItem","@id":"https:\/\/candas365.es\/noticias#listItem","position":1,"name":"Home","item":"https:\/\/candas365.es\/noticias","nextItem":{"@type":"ListItem","@id":"https:\/\/candas365.es\/noticias\/category\/actualidad\/#listItem","name":"Actualidad"}},{"@type":"ListItem","@id":"https:\/\/candas365.es\/noticias\/category\/actualidad\/#listItem","position":2,"name":"Actualidad","item":"https:\/\/candas365.es\/noticias\/category\/actualidad\/","nextItem":{"@type":"ListItem","@id":"https:\/\/candas365.es\/noticias\/berlin-ve-aun-posible-futura-adhesion-de-turquia-a-la-union-europea\/#listItem","name":"Berl\u00edn ve a\u00fan posible futura adhesi\u00f3n de Turqu\u00eda a la Uni\u00f3n Europea"},"previousItem":{"@type":"ListItem","@id":"https:\/\/candas365.es\/noticias#listItem","name":"Home"}},{"@type":"ListItem","@id":"https:\/\/candas365.es\/noticias\/berlin-ve-aun-posible-futura-adhesion-de-turquia-a-la-union-europea\/#listItem","position":3,"name":"Berl\u00edn ve a\u00fan posible futura adhesi\u00f3n de Turqu\u00eda a la Uni\u00f3n Europea","previousItem":{"@type":"ListItem","@id":"https:\/\/candas365.es\/noticias\/category\/actualidad\/#listItem","name":"Actualidad"}}]},{"@type":"NewsArticle","@id":"https:\/\/candas365.es\/noticias\/berlin-ve-aun-posible-futura-adhesion-de-turquia-a-la-union-europea\/#newsarticle","name":"Berl\u00edn ve a\u00fan posible futura adhesi\u00f3n de Turqu\u00eda a la Uni\u00f3n Europea | Cand\u00e1s 365","headline":"Berl\u00edn ve a\u00fan posible futura adhesi\u00f3n de Turqu\u00eda a la Uni\u00f3n Europea","author":{"@id":"https:\/\/candas365.es\/noticias\/author\/admin\/#author"},"publisher":{"@id":"https:\/\/candas365.es\/noticias\/#organization"},"image":{"@type":"ImageObject","url":"https:\/\/candas365.es\/noticias\/wp-content\/uploads\/2024\/09\/Candas-365-Redes.jpg","@id":"https:\/\/candas365.es\/noticias\/#articleImage","width":1152,"height":864,"caption":"Cand\u00e1s 365 Redes"},"datePublished":"2017-04-18T18:04:37+02:00","dateModified":"2017-04-18T18:04:37+02:00","inLanguage":"es-ES","mainEntityOfPage":{"@id":"https:\/\/candas365.es\/noticias\/berlin-ve-aun-posible-futura-adhesion-de-turquia-a-la-union-europea\/#webpage"},"isPartOf":{"@id":"https:\/\/candas365.es\/noticias\/berlin-ve-aun-posible-futura-adhesion-de-turquia-a-la-union-europea\/#webpage"},"articleSection":"Actualidad","dateline":"Publicado el abril 18, 2017."},{"@type":"Organization","@id":"https:\/\/candas365.es\/noticias\/#organization","name":"Cand\u00e1s 365","description":"Cand\u00e1s 365 es un diario digital independiente, fundado en 2012, con base en Asturias. Informamos con rigor sobre actualidad, sociedad, cultura y ocio, con una mirada local y global.","url":"https:\/\/candas365.es\/noticias\/","email":"info@candas365.es","telephone":"+34652131393","foundingDate":"2012-06-10","logo":{"@type":"ImageObject","url":"https:\/\/candas365.es\/noticias\/wp-content\/uploads\/2024\/09\/Candas-365-Redes.jpg","@id":"https:\/\/candas365.es\/noticias\/berlin-ve-aun-posible-futura-adhesion-de-turquia-a-la-union-europea\/#organizationLogo","width":1152,"height":864,"caption":"Cand\u00e1s 365 Redes"},"image":{"@id":"https:\/\/candas365.es\/noticias\/berlin-ve-aun-posible-futura-adhesion-de-turquia-a-la-union-europea\/#organizationLogo"},"sameAs":["https:\/\/www.facebook.com\/Nachofdezber","https:\/\/x.com\/NabercoDigital","https:\/\/www.instagram.com\/nachofdezber\/","https:\/\/www.youtube.com\/channel\/UCZP-2wLEB9Rv6erhFmqVnvg"],"address":{"@id":"https:\/\/candas365.es\/noticias\/#postaladdress","@type":"PostalAddress","streetAddress":"san antonio 4, san antonio 4","postalCode":"33430","addressLocality":"Cand\u00e1s","addressRegion":"Asturias","addressCountry":"ES"}},{"@type":"Person","@id":"https:\/\/candas365.es\/noticias\/author\/admin\/#author","url":"https:\/\/candas365.es\/noticias\/author\/admin\/","name":"Cand\u00e1s 365","image":{"@type":"ImageObject","@id":"https:\/\/candas365.es\/noticias\/berlin-ve-aun-posible-futura-adhesion-de-turquia-a-la-union-europea\/#authorImage","url":"https:\/\/secure.gravatar.com\/avatar\/496a8e03d0c493ede1718b7934145dbdf8d89be1036b0eec9544e1094c9de390?s=96&d=mm&r=g","width":96,"height":96,"caption":"Cand\u00e1s 365"},"sameAs":["https:\/\/www.facebook.com\/carrenoactualidad","https:\/\/twitter.com\/nbasturias","https:\/\/www.instagram.com\/nachofdezber\/","https:\/\/www.youtube.com\/channel\/UCZP-2wLEB9Rv6erhFmqVnvg"]},{"@type":"WebPage","@id":"https:\/\/candas365.es\/noticias\/berlin-ve-aun-posible-futura-adhesion-de-turquia-a-la-union-europea\/#webpage","url":"https:\/\/candas365.es\/noticias\/berlin-ve-aun-posible-futura-adhesion-de-turquia-a-la-union-europea\/","name":"Berl\u00edn ve a\u00fan posible futura adhesi\u00f3n de Turqu\u00eda a la Uni\u00f3n Europea | Cand\u00e1s 365","description":"(dpa) - A pesar de la prevista reforma de la Constituci\u00f3n turca, el ministro de Exteriores alem\u00e1n, Sigmar Gabriel, ve posible a\u00fan continuar en un futuro con las negociaciones de adhesi\u00f3n de Turqu\u00eda en la Uni\u00f3n Europea (UE). \"Est\u00e1 en manos de Turqu\u00eda. No hay decisiones pendientes a largo plazo, aunque de todas formas ahora","inLanguage":"es-ES","isPartOf":{"@id":"https:\/\/candas365.es\/noticias\/#website"},"breadcrumb":{"@id":"https:\/\/candas365.es\/noticias\/berlin-ve-aun-posible-futura-adhesion-de-turquia-a-la-union-europea\/#breadcrumblist"},"author":{"@id":"https:\/\/candas365.es\/noticias\/author\/admin\/#author"},"creator":{"@id":"https:\/\/candas365.es\/noticias\/author\/admin\/#author"},"datePublished":"2017-04-18T18:04:37+02:00","dateModified":"2017-04-18T18:04:37+02:00"},{"@type":"WebSite","@id":"https:\/\/candas365.es\/noticias\/#website","url":"https:\/\/candas365.es\/noticias\/","name":"Cand\u00e1s 365","alternateName":"Cand\u00e1s 365 Noticias","description":"Actualidad desde Carre\u00f1o para el mundo","inLanguage":"es-ES","publisher":{"@id":"https:\/\/candas365.es\/noticias\/#organization"}}]},"og:locale":"es_ES","og:site_name":"Cand\u00e1s 365","og:type":"article","og:title":"Berl\u00edn ve a\u00fan posible futura adhesi\u00f3n de Turqu\u00eda a la Uni\u00f3n Europea | Cand\u00e1s 365","og:description":"(dpa) - A pesar de la prevista reforma de la Constituci\u00f3n turca, el ministro de Exteriores alem\u00e1n, Sigmar Gabriel, ve posible a\u00fan continuar en un futuro con las negociaciones de adhesi\u00f3n de Turqu\u00eda en la Uni\u00f3n Europea (UE). &quot;Est\u00e1 en manos de Turqu\u00eda. No hay decisiones pendientes a largo plazo, aunque de todas formas ahora","og:url":"https:\/\/candas365.es\/noticias\/berlin-ve-aun-posible-futura-adhesion-de-turquia-a-la-union-europea\/","og:image":"https:\/\/candas365.es\/noticias\/wp-content\/uploads\/2024\/09\/Candas-365-Redes.jpg","og:image:secure_url":"https:\/\/candas365.es\/noticias\/wp-content\/uploads\/2024\/09\/Candas-365-Redes.jpg","og:image:width":1152,"og:image:height":864,"article:published_time":"2017-04-18T18:04:37+00:00","article:modified_time":"2017-04-18T18:04:37+00:00","article:publisher":"https:\/\/www.facebook.com\/Nachofdezber","article:author":"https:\/\/www.facebook.com\/carrenoactualidad","twitter:card":"summary_large_image","twitter:site":"@NabercoDigital","twitter:title":"Berl\u00edn ve a\u00fan posible futura adhesi\u00f3n de Turqu\u00eda a la Uni\u00f3n Europea | Cand\u00e1s 365","twitter:description":"(dpa) - A pesar de la prevista reforma de la Constituci\u00f3n turca, el ministro de Exteriores alem\u00e1n, Sigmar Gabriel, ve posible a\u00fan continuar en un futuro con las negociaciones de adhesi\u00f3n de Turqu\u00eda en la Uni\u00f3n Europea (UE). &quot;Est\u00e1 en manos de Turqu\u00eda. No hay decisiones pendientes a largo plazo, aunque de todas formas ahora","twitter:creator":"@nbasturias","twitter:image":"https:\/\/candas365.es\/noticias\/wp-content\/uploads\/2024\/09\/Candas-365-Redes.jpg","twitter:label1":"Escrito por","twitter:data1":"Cand\u00e1s 365","twitter:label2":"Tiempo de lectura estimado","twitter:data2":"2 minutos"},"aioseo_meta_data":{"post_id":"69740","title":null,"description":null,"keywords":null,"keyphrases":null,"primary_term":null,"canonical_url":null,"og_title":null,"og_description":null,"og_object_type":"default","og_image_type":"default","og_image_url":null,"og_image_width":null,"og_image_height":null,"og_image_custom_url":null,"og_image_custom_fields":null,"og_video":null,"og_custom_url":null,"og_article_section":null,"og_article_tags":null,"twitter_use_og":false,"twitter_card":"default","twitter_image_type":"default","twitter_image_url":null,"twitter_image_custom_url":null,"twitter_image_custom_fields":null,"twitter_title":null,"twitter_description":null,"schema":{"blockGraphs":[],"customGraphs":[],"default":{"data":{"Article":[],"Course":[],"Dataset":[],"FAQPage":[],"Movie":[],"Person":[],"Product":[],"ProductReview":[],"Car":[],"Recipe":[],"Service":[],"SoftwareApplication":[],"WebPage":[]},"graphName":"","isEnabled":true},"graphs":[],"defaultGraph":"","defaultPostTypeGraph":""},"schema_type":null,"schema_type_options":null,"pillar_content":false,"robots_default":true,"robots_noindex":false,"robots_noarchive":false,"robots_nosnippet":false,"robots_nofollow":false,"robots_noimageindex":false,"robots_noodp":false,"robots_notranslate":false,"robots_max_snippet":null,"robots_max_videopreview":null,"robots_max_imagepreview":"large","priority":null,"frequency":null,"location":null,"local_seo":null,"seo_analyzer_scan_date":"2025-08-25 11:19:10","breadcrumb_settings":null,"limit_modified_date":false,"reviewed_by":null,"open_ai":null,"ai":null,"created":"2020-12-21 13:01:32","updated":"2025-08-25 11:19:10"},"aioseo_breadcrumb":"<div class=\"aioseo-breadcrumbs\"><span class=\"aioseo-breadcrumb\">\n\t<a href=\"https:\/\/candas365.es\/noticias\" title=\"Home\">Home<\/a>\n<\/span><span class=\"aioseo-breadcrumb-separator\">&ndash;<\/span><span class=\"aioseo-breadcrumb\">\n\t<a href=\"https:\/\/candas365.es\/noticias\/category\/actualidad\/\" title=\"Actualidad\">Actualidad<\/a>\n<\/span><span class=\"aioseo-breadcrumb-separator\">&ndash;<\/span><span class=\"aioseo-breadcrumb\">\n\tBerl\u00edn ve a\u00fan posible futura adhesi\u00f3n de Turqu\u00eda a la Uni\u00f3n Europea\n<\/span><\/div>","aioseo_breadcrumb_json":[{"label":"Home","link":"https:\/\/candas365.es\/noticias"},{"label":"Actualidad","link":"https:\/\/candas365.es\/noticias\/category\/actualidad\/"},{"label":"Berl\u00edn ve a\u00fan posible futura adhesi\u00f3n de Turqu\u00eda a la Uni\u00f3n Europea","link":"https:\/\/candas365.es\/noticias\/berlin-ve-aun-posible-futura-adhesion-de-turquia-a-la-union-europea\/"}],"_links":{"self":[{"href":"https:\/\/candas365.es\/noticias\/wp-json\/wp\/v2\/posts\/69740","targetHints":{"allow":["GET"]}}],"collection":[{"href":"https:\/\/candas365.es\/noticias\/wp-json\/wp\/v2\/posts"}],"about":[{"href":"https:\/\/candas365.es\/noticias\/wp-json\/wp\/v2\/types\/post"}],"author":[{"embeddable":true,"href":"https:\/\/candas365.es\/noticias\/wp-json\/wp\/v2\/users\/1"}],"replies":[{"embeddable":true,"href":"https:\/\/candas365.es\/noticias\/wp-json\/wp\/v2\/comments?post=69740"}],"version-history":[{"count":0,"href":"https:\/\/candas365.es\/noticias\/wp-json\/wp\/v2\/posts\/69740\/revisions"}],"wp:attachment":[{"href":"https:\/\/candas365.es\/noticias\/wp-json\/wp\/v2\/media?parent=69740"}],"wp:term":[{"taxonomy":"category","embeddable":true,"href":"https:\/\/candas365.es\/noticias\/wp-json\/wp\/v2\/categories?post=69740"},{"taxonomy":"post_tag","embeddable":true,"href":"https:\/\/candas365.es\/noticias\/wp-json\/wp\/v2\/tags?post=69740"}],"curies":[{"name":"wp","href":"https:\/\/api.w.org\/{rel}","templated":true}]}}