{"id":6974,"date":"2015-02-09T13:50:23","date_gmt":"2015-02-09T15:50:23","guid":{"rendered":"http:\/\/candas365.es\/noticias\/?p=6974"},"modified":"2015-02-09T13:50:23","modified_gmt":"2015-02-09T15:50:23","slug":"el-gobierno-del-principado-refuerza-el-operativo-de-emergencias-en-degana-para-limpiar-la-salida-leon","status":"publish","type":"post","link":"https:\/\/candas365.es\/noticias\/el-gobierno-del-principado-refuerza-el-operativo-de-emergencias-en-degana-para-limpiar-la-salida-leon\/","title":{"rendered":"El Gobierno del Principado refuerza el operativo de emergencias en Dega\u00f1a para limpiar la salida a Le\u00f3n"},"content":{"rendered":"<p><img fetchpriority=\"high\" decoding=\"async\" class=\"alignleft size-medium wp-image-6975\" src=\"https:\/\/candas365.es\/noticias\/wp-content\/uploads\/2015\/02\/2015_02_08-consejero-de-Presidencia-en-Dega\u00f1a-1-360x239.jpg\" alt=\"2015_02_08 consejero de Presidencia en Dega\u00f1a 1\" width=\"360\" height=\"239\" srcset=\"https:\/\/candas365.es\/noticias\/wp-content\/uploads\/2015\/02\/2015_02_08-consejero-de-Presidencia-en-Dega\u00f1a-1-360x239.jpg 360w, https:\/\/candas365.es\/noticias\/wp-content\/uploads\/2015\/02\/2015_02_08-consejero-de-Presidencia-en-Dega\u00f1a-1-650x432.jpg 650w, https:\/\/candas365.es\/noticias\/wp-content\/uploads\/2015\/02\/2015_02_08-consejero-de-Presidencia-en-Dega\u00f1a-1-768x510.jpg 768w, https:\/\/candas365.es\/noticias\/wp-content\/uploads\/2015\/02\/2015_02_08-consejero-de-Presidencia-en-Dega\u00f1a-1-1536x1020.jpg 1536w, https:\/\/candas365.es\/noticias\/wp-content\/uploads\/2015\/02\/2015_02_08-consejero-de-Presidencia-en-Dega\u00f1a-1-2048x1360.jpg 2048w, https:\/\/candas365.es\/noticias\/wp-content\/uploads\/2015\/02\/2015_02_08-consejero-de-Presidencia-en-Dega\u00f1a-1-150x100.jpg 150w, https:\/\/candas365.es\/noticias\/wp-content\/uploads\/2015\/02\/2015_02_08-consejero-de-Presidencia-en-Dega\u00f1a-1-450x299.jpg 450w, https:\/\/candas365.es\/noticias\/wp-content\/uploads\/2015\/02\/2015_02_08-consejero-de-Presidencia-en-Dega\u00f1a-1-1200x797.jpg 1200w, https:\/\/candas365.es\/noticias\/wp-content\/uploads\/2015\/02\/2015_02_08-consejero-de-Presidencia-en-Dega\u00f1a-1-1920x1275.jpg 1920w, https:\/\/candas365.es\/noticias\/wp-content\/uploads\/2015\/02\/2015_02_08-consejero-de-Presidencia-en-Dega\u00f1a-1-655x435.jpg 655w, https:\/\/candas365.es\/noticias\/wp-content\/uploads\/2015\/02\/2015_02_08-consejero-de-Presidencia-en-Dega\u00f1a-1-696x462.jpg 696w, https:\/\/candas365.es\/noticias\/wp-content\/uploads\/2015\/02\/2015_02_08-consejero-de-Presidencia-en-Dega\u00f1a-1-1068x709.jpg 1068w, https:\/\/candas365.es\/noticias\/wp-content\/uploads\/2015\/02\/2015_02_08-consejero-de-Presidencia-en-Dega\u00f1a-1-632x420.jpg 632w, https:\/\/candas365.es\/noticias\/wp-content\/uploads\/2015\/02\/2015_02_08-consejero-de-Presidencia-en-Dega\u00f1a-1-84x55.jpg 84w\" sizes=\"(max-width: 360px) 100vw, 360px\" \/>El Gobierno del Principado ha ampliado el operativo de emergencias en el Suroccidente asturiano, una de las zonas m\u00e1s afectadas por el temporal de nieve de los \u00faltimos d\u00edas. En esta ocasi\u00f3n se ha reforzado el equipo en Dega\u00f1a para lograr limpiar la carretera que une la localidad de Cerredo con la provincia de Le\u00f3n.<\/p>\n<p>El consejero de Presidencia, Guillermo Mart\u00ednez, el director general de Justicia e Interior, Jos\u00e9 Luis Villaverde, el director general de Carreteras, Juan Fern\u00e1ndez Pereiro, y el gerente del Servicio de Emergencias del Principado de Asturias (SEPA), Antonio de Corro, as\u00ed como t\u00e9cnicos de la Consejer\u00eda de Fomento acudieron hoy a Dega\u00f1a para supervisar la evoluci\u00f3n de los trabajos que los diferentes servicios dependientes del Principado realizan en el municipio desde el inicio de las intensas nevadas.<\/p>\n<p>La principal v\u00eda de comunicaci\u00f3n de Dega\u00f1a con el resto de Asturias es la carretera de la red auton\u00f3mica AS15 (Cornellana-Puerto de Cerredo). Desde que se desencaden\u00f3 el fuerte temporal de nieve los equipos del SEPA y de Fomento, en colaboraci\u00f3n con el resto de las administraciones locales, se han desplegado por la zona para garantizar la circulaci\u00f3n por la AS15, la seguridad de los automovilistas y los servicios p\u00fablicos esenciales a los habitantes de estos concejos suroccidentales.<\/p>\n<p>Los puntos m\u00e1s conflictivos eran el Puerto de Ra\u00f1adoiro, paso obligatorio desde Dega\u00f1a hacia otros municipios vecinos, y el tramo entre Cerredo con el l\u00edmite de la provincia de Le\u00f3n. Los trabajos realizados permitieron durante estos d\u00edas mantener despejada la zona de Ra\u00f1adoiro, aunque las fuertes nevadas dificultaban mucho los trabajos, y hoy se reforz\u00f3 con una m\u00e1quina fresadora a los equipos de Dega\u00f1a para limpiar los cinco kil\u00f3metros m\u00e1s complicados hasta el Alto de la Collada de Cerredo. Desde primera hora de la tarde, la fresadora inici\u00f3 las labores para lograr que la circulaci\u00f3n de esta v\u00eda de comunicaci\u00f3n con Le\u00f3n se hiciese con plenas garant\u00edas de seguridad para los usuarios.<\/p>\n<p>El Consejero de Presidencia se\u00f1al\u00f3 que otro objetivo prioritario para el Gobierno del Principado y para el Ayuntamiento de Dega\u00f1a es limpiar los n\u00facleos urbanos, principalmente el de Cerredo, donde la acumulaci\u00f3n de nieve super\u00f3 el metro de altura.<\/p>\n<p>Guillermo Mart\u00ednez destac\u00f3 la plena colaboraci\u00f3n que las administraciones auton\u00f3mica, central y municipal han mantenido durante estos d\u00edas de temporal, cooperando cada una de ellas con los equipamientos a su disposici\u00f3n. \u201cTodas las emergencias han sido atendidas, independientemente de la circunstancia y del lugar donde se hayan producido\u201d, puntualiz\u00f3 el titular de Presidencia y portavoz del Principado.<\/p>\n<p>Los diferentes departamentos del Gobierno asturiano han movilizado desde el pasado martes todos sus efectivos para garantizar la atenci\u00f3n sanitaria, el transporte de enfermos, el suministro de medicamentos y de productos de primera necesidad o el mantenimiento de las comunicaciones y de la energ\u00eda a los asturianos y asturianas residentes en los concejos m\u00e1s castigados por el temporal de nieve. Tambi\u00e9n se ha mantenido un permanente contacto con el resto de las administraciones p\u00fablicas para conocer sus necesidades e intensificar la cooperaci\u00f3n.<\/p>\n","protected":false},"excerpt":{"rendered":"<p>El Gobierno del Principado ha ampliado el operativo de emergencias en el Suroccidente asturiano, una de las zonas m\u00e1s afectadas por el temporal de nieve de los \u00faltimos d\u00edas. En esta ocasi\u00f3n se ha reforzado el equipo en Dega\u00f1a para lograr limpiar la carretera que une la localidad de Cerredo con la provincia de Le\u00f3n.<\/p>\n","protected":false},"author":1,"featured_media":6975,"comment_status":"open","ping_status":"closed","sticky":false,"template":"","format":"standard","meta":{"footnotes":""},"categories":[7],"tags":[],"class_list":{"0":"post-6974","1":"post","2":"type-post","3":"status-publish","4":"format-standard","5":"has-post-thumbnail","7":"category-asturias"},"aioseo_notices":[],"aioseo_head":"\n\t\t<!-- All in One SEO Pro 4.9.6.2 - aioseo.com -->\n\t<meta name=\"description\" content=\"El Gobierno del Principado ha ampliado el operativo de emergencias en el Suroccidente asturiano, una de las zonas m\u00e1s afectadas por el temporal de nieve de los \u00faltimos d\u00edas. En esta ocasi\u00f3n se ha reforzado el equipo en Dega\u00f1a para lograr limpiar la carretera que une la localidad de Cerredo con la provincia de Le\u00f3n.\" \/>\n\t<meta name=\"robots\" content=\"max-image-preview:large\" \/>\n\t<meta name=\"author\" content=\"Cand\u00e1s 365\"\/>\n\t<meta name=\"google-site-verification\" content=\"UA-32230408-1\" \/>\n\t<meta name=\"msvalidate.01\" content=\"354F3CDFB2DA171B47FBE9ABF1F88D5\" \/>\n\t<meta name=\"keywords\" content=\"asturias\" \/>\n\t<link rel=\"canonical\" href=\"https:\/\/candas365.es\/noticias\/el-gobierno-del-principado-refuerza-el-operativo-de-emergencias-en-degana-para-limpiar-la-salida-leon\/\" \/>\n\t<meta name=\"generator\" content=\"All in One SEO Pro (AIOSEO) 4.9.6.2\" \/>\n\t\t<meta property=\"og:locale\" content=\"es_ES\" \/>\n\t\t<meta property=\"og:site_name\" content=\"Cand\u00e1s 365\" \/>\n\t\t<meta property=\"og:type\" content=\"article\" \/>\n\t\t<meta property=\"og:title\" content=\"El Gobierno del Principado refuerza el operativo de emergencias en Dega\u00f1a para limpiar la salida a Le\u00f3n | Cand\u00e1s 365\" \/>\n\t\t<meta property=\"og:description\" content=\"El Gobierno del Principado ha ampliado el operativo de emergencias en el Suroccidente asturiano, una de las zonas m\u00e1s afectadas por el temporal de nieve de los \u00faltimos d\u00edas. En esta ocasi\u00f3n se ha reforzado el equipo en Dega\u00f1a para lograr limpiar la carretera que une la localidad de Cerredo con la provincia de Le\u00f3n.\" \/>\n\t\t<meta property=\"og:url\" content=\"https:\/\/candas365.es\/noticias\/el-gobierno-del-principado-refuerza-el-operativo-de-emergencias-en-degana-para-limpiar-la-salida-leon\/\" \/>\n\t\t<meta property=\"og:image\" content=\"https:\/\/candas365.es\/noticias\/wp-content\/uploads\/2015\/02\/2015_02_08-consejero-de-Presidencia-en-Dega\u00f1a-1.jpg\" \/>\n\t\t<meta property=\"og:image:secure_url\" content=\"https:\/\/candas365.es\/noticias\/wp-content\/uploads\/2015\/02\/2015_02_08-consejero-de-Presidencia-en-Dega\u00f1a-1.jpg\" \/>\n\t\t<meta property=\"og:image:width\" content=\"2280\" \/>\n\t\t<meta property=\"og:image:height\" content=\"1514\" \/>\n\t\t<meta property=\"article:published_time\" content=\"2015-02-09T15:50:23+00:00\" \/>\n\t\t<meta property=\"article:modified_time\" content=\"2015-02-09T15:50:23+00:00\" \/>\n\t\t<meta property=\"article:publisher\" content=\"https:\/\/www.facebook.com\/Nachofdezber\" \/>\n\t\t<meta property=\"article:author\" content=\"https:\/\/www.facebook.com\/carrenoactualidad\" \/>\n\t\t<meta name=\"twitter:card\" content=\"summary_large_image\" \/>\n\t\t<meta name=\"twitter:site\" content=\"@NabercoDigital\" \/>\n\t\t<meta name=\"twitter:title\" content=\"El Gobierno del Principado refuerza el operativo de emergencias en Dega\u00f1a para limpiar la salida a Le\u00f3n | Cand\u00e1s 365\" \/>\n\t\t<meta name=\"twitter:description\" content=\"El Gobierno del Principado ha ampliado el operativo de emergencias en el Suroccidente asturiano, una de las zonas m\u00e1s afectadas por el temporal de nieve de los \u00faltimos d\u00edas. En esta ocasi\u00f3n se ha reforzado el equipo en Dega\u00f1a para lograr limpiar la carretera que une la localidad de Cerredo con la provincia de Le\u00f3n.\" \/>\n\t\t<meta name=\"twitter:creator\" content=\"@nbasturias\" \/>\n\t\t<meta name=\"twitter:image\" content=\"https:\/\/candas365.es\/noticias\/wp-content\/uploads\/2015\/02\/2015_02_08-consejero-de-Presidencia-en-Dega\u00f1a-1.jpg\" \/>\n\t\t<meta name=\"twitter:label1\" content=\"Escrito por\" \/>\n\t\t<meta name=\"twitter:data1\" content=\"Cand\u00e1s 365\" \/>\n\t\t<meta name=\"twitter:label2\" content=\"Tiempo de lectura estimado\" \/>\n\t\t<meta name=\"twitter:data2\" content=\"3 minutos\" \/>\n\t\t<script type=\"application\/ld+json\" class=\"aioseo-schema\">\n\t\t\t{\"@context\":\"https:\\\/\\\/schema.org\",\"@graph\":[{\"@type\":\"BreadcrumbList\",\"@id\":\"https:\\\/\\\/candas365.es\\\/noticias\\\/el-gobierno-del-principado-refuerza-el-operativo-de-emergencias-en-degana-para-limpiar-la-salida-leon\\\/#breadcrumblist\",\"itemListElement\":[{\"@type\":\"ListItem\",\"@id\":\"https:\\\/\\\/candas365.es\\\/noticias#listItem\",\"position\":1,\"name\":\"Home\",\"item\":\"https:\\\/\\\/candas365.es\\\/noticias\",\"nextItem\":{\"@type\":\"ListItem\",\"@id\":\"https:\\\/\\\/candas365.es\\\/noticias\\\/category\\\/asturias\\\/#listItem\",\"name\":\"Asturias\"}},{\"@type\":\"ListItem\",\"@id\":\"https:\\\/\\\/candas365.es\\\/noticias\\\/category\\\/asturias\\\/#listItem\",\"position\":2,\"name\":\"Asturias\",\"item\":\"https:\\\/\\\/candas365.es\\\/noticias\\\/category\\\/asturias\\\/\",\"nextItem\":{\"@type\":\"ListItem\",\"@id\":\"https:\\\/\\\/candas365.es\\\/noticias\\\/el-gobierno-del-principado-refuerza-el-operativo-de-emergencias-en-degana-para-limpiar-la-salida-leon\\\/#listItem\",\"name\":\"El Gobierno del Principado refuerza el operativo de emergencias en Dega\\u00f1a para limpiar la salida a Le\\u00f3n\"},\"previousItem\":{\"@type\":\"ListItem\",\"@id\":\"https:\\\/\\\/candas365.es\\\/noticias#listItem\",\"name\":\"Home\"}},{\"@type\":\"ListItem\",\"@id\":\"https:\\\/\\\/candas365.es\\\/noticias\\\/el-gobierno-del-principado-refuerza-el-operativo-de-emergencias-en-degana-para-limpiar-la-salida-leon\\\/#listItem\",\"position\":3,\"name\":\"El Gobierno del Principado refuerza el operativo de emergencias en Dega\\u00f1a para limpiar la salida a Le\\u00f3n\",\"previousItem\":{\"@type\":\"ListItem\",\"@id\":\"https:\\\/\\\/candas365.es\\\/noticias\\\/category\\\/asturias\\\/#listItem\",\"name\":\"Asturias\"}}]},{\"@type\":\"NewsArticle\",\"@id\":\"https:\\\/\\\/candas365.es\\\/noticias\\\/el-gobierno-del-principado-refuerza-el-operativo-de-emergencias-en-degana-para-limpiar-la-salida-leon\\\/#newsarticle\",\"name\":\"El Gobierno del Principado refuerza el operativo de emergencias en Dega\\u00f1a para limpiar la salida a Le\\u00f3n | Cand\\u00e1s 365\",\"headline\":\"El Gobierno del Principado refuerza el operativo de emergencias en Dega\\u00f1a para limpiar la salida a Le\\u00f3n\",\"author\":{\"@id\":\"https:\\\/\\\/candas365.es\\\/noticias\\\/author\\\/admin\\\/#author\"},\"publisher\":{\"@id\":\"https:\\\/\\\/candas365.es\\\/noticias\\\/#organization\"},\"image\":{\"@type\":\"ImageObject\",\"url\":\"https:\\\/\\\/candas365.es\\\/noticias\\\/wp-content\\\/uploads\\\/2015\\\/02\\\/2015_02_08-consejero-de-Presidencia-en-Dega\\u00f1a-1.jpg\",\"width\":2280,\"height\":1514},\"datePublished\":\"2015-02-09T13:50:23+01:00\",\"dateModified\":\"2015-02-09T13:50:23+01:00\",\"inLanguage\":\"es-ES\",\"mainEntityOfPage\":{\"@id\":\"https:\\\/\\\/candas365.es\\\/noticias\\\/el-gobierno-del-principado-refuerza-el-operativo-de-emergencias-en-degana-para-limpiar-la-salida-leon\\\/#webpage\"},\"isPartOf\":{\"@id\":\"https:\\\/\\\/candas365.es\\\/noticias\\\/el-gobierno-del-principado-refuerza-el-operativo-de-emergencias-en-degana-para-limpiar-la-salida-leon\\\/#webpage\"},\"articleSection\":\"Asturias\",\"dateline\":\"Publicado el febrero 9, 2015.\"},{\"@type\":\"Organization\",\"@id\":\"https:\\\/\\\/candas365.es\\\/noticias\\\/#organization\",\"name\":\"Cand\\u00e1s 365\",\"description\":\"Cand\\u00e1s 365 es un diario digital independiente, fundado en 2012, con base en Asturias. Informamos con rigor sobre actualidad, sociedad, cultura y ocio, con una mirada local y global.\",\"url\":\"https:\\\/\\\/candas365.es\\\/noticias\\\/\",\"email\":\"info@candas365.es\",\"telephone\":\"+34652131393\",\"foundingDate\":\"2012-06-10\",\"logo\":{\"@type\":\"ImageObject\",\"url\":\"https:\\\/\\\/candas365.es\\\/noticias\\\/wp-content\\\/uploads\\\/2024\\\/09\\\/Candas-365-Redes.jpg\",\"@id\":\"https:\\\/\\\/candas365.es\\\/noticias\\\/el-gobierno-del-principado-refuerza-el-operativo-de-emergencias-en-degana-para-limpiar-la-salida-leon\\\/#organizationLogo\",\"width\":1152,\"height\":864,\"caption\":\"Cand\\u00e1s 365 Redes\"},\"image\":{\"@id\":\"https:\\\/\\\/candas365.es\\\/noticias\\\/el-gobierno-del-principado-refuerza-el-operativo-de-emergencias-en-degana-para-limpiar-la-salida-leon\\\/#organizationLogo\"},\"sameAs\":[\"https:\\\/\\\/www.facebook.com\\\/Nachofdezber\",\"https:\\\/\\\/x.com\\\/NabercoDigital\",\"https:\\\/\\\/www.instagram.com\\\/nachofdezber\\\/\",\"https:\\\/\\\/www.youtube.com\\\/channel\\\/UCZP-2wLEB9Rv6erhFmqVnvg\"],\"address\":{\"@id\":\"https:\\\/\\\/candas365.es\\\/noticias\\\/#postaladdress\",\"@type\":\"PostalAddress\",\"streetAddress\":\"san antonio 4, san antonio 4\",\"postalCode\":\"33430\",\"addressLocality\":\"Cand\\u00e1s\",\"addressRegion\":\"Asturias\",\"addressCountry\":\"ES\"}},{\"@type\":\"Person\",\"@id\":\"https:\\\/\\\/candas365.es\\\/noticias\\\/author\\\/admin\\\/#author\",\"url\":\"https:\\\/\\\/candas365.es\\\/noticias\\\/author\\\/admin\\\/\",\"name\":\"Cand\\u00e1s 365\",\"image\":{\"@type\":\"ImageObject\",\"@id\":\"https:\\\/\\\/candas365.es\\\/noticias\\\/el-gobierno-del-principado-refuerza-el-operativo-de-emergencias-en-degana-para-limpiar-la-salida-leon\\\/#authorImage\",\"url\":\"https:\\\/\\\/secure.gravatar.com\\\/avatar\\\/496a8e03d0c493ede1718b7934145dbdf8d89be1036b0eec9544e1094c9de390?s=96&d=mm&r=g\",\"width\":96,\"height\":96,\"caption\":\"Cand\\u00e1s 365\"},\"sameAs\":[\"https:\\\/\\\/www.facebook.com\\\/carrenoactualidad\",\"https:\\\/\\\/twitter.com\\\/nbasturias\",\"https:\\\/\\\/www.instagram.com\\\/nachofdezber\\\/\",\"https:\\\/\\\/www.youtube.com\\\/channel\\\/UCZP-2wLEB9Rv6erhFmqVnvg\"]},{\"@type\":\"WebPage\",\"@id\":\"https:\\\/\\\/candas365.es\\\/noticias\\\/el-gobierno-del-principado-refuerza-el-operativo-de-emergencias-en-degana-para-limpiar-la-salida-leon\\\/#webpage\",\"url\":\"https:\\\/\\\/candas365.es\\\/noticias\\\/el-gobierno-del-principado-refuerza-el-operativo-de-emergencias-en-degana-para-limpiar-la-salida-leon\\\/\",\"name\":\"El Gobierno del Principado refuerza el operativo de emergencias en Dega\\u00f1a para limpiar la salida a Le\\u00f3n | Cand\\u00e1s 365\",\"description\":\"El Gobierno del Principado ha ampliado el operativo de emergencias en el Suroccidente asturiano, una de las zonas m\\u00e1s afectadas por el temporal de nieve de los \\u00faltimos d\\u00edas. En esta ocasi\\u00f3n se ha reforzado el equipo en Dega\\u00f1a para lograr limpiar la carretera que une la localidad de Cerredo con la provincia de Le\\u00f3n.\",\"inLanguage\":\"es-ES\",\"isPartOf\":{\"@id\":\"https:\\\/\\\/candas365.es\\\/noticias\\\/#website\"},\"breadcrumb\":{\"@id\":\"https:\\\/\\\/candas365.es\\\/noticias\\\/el-gobierno-del-principado-refuerza-el-operativo-de-emergencias-en-degana-para-limpiar-la-salida-leon\\\/#breadcrumblist\"},\"author\":{\"@id\":\"https:\\\/\\\/candas365.es\\\/noticias\\\/author\\\/admin\\\/#author\"},\"creator\":{\"@id\":\"https:\\\/\\\/candas365.es\\\/noticias\\\/author\\\/admin\\\/#author\"},\"image\":{\"@type\":\"ImageObject\",\"url\":\"https:\\\/\\\/candas365.es\\\/noticias\\\/wp-content\\\/uploads\\\/2015\\\/02\\\/2015_02_08-consejero-de-Presidencia-en-Dega\\u00f1a-1.jpg\",\"@id\":\"https:\\\/\\\/candas365.es\\\/noticias\\\/el-gobierno-del-principado-refuerza-el-operativo-de-emergencias-en-degana-para-limpiar-la-salida-leon\\\/#mainImage\",\"width\":2280,\"height\":1514},\"primaryImageOfPage\":{\"@id\":\"https:\\\/\\\/candas365.es\\\/noticias\\\/el-gobierno-del-principado-refuerza-el-operativo-de-emergencias-en-degana-para-limpiar-la-salida-leon\\\/#mainImage\"},\"datePublished\":\"2015-02-09T13:50:23+01:00\",\"dateModified\":\"2015-02-09T13:50:23+01:00\"},{\"@type\":\"WebSite\",\"@id\":\"https:\\\/\\\/candas365.es\\\/noticias\\\/#website\",\"url\":\"https:\\\/\\\/candas365.es\\\/noticias\\\/\",\"name\":\"Cand\\u00e1s 365\",\"alternateName\":\"Cand\\u00e1s 365 Noticias\",\"description\":\"Actualidad desde Carre\\u00f1o para el mundo\",\"inLanguage\":\"es-ES\",\"publisher\":{\"@id\":\"https:\\\/\\\/candas365.es\\\/noticias\\\/#organization\"}}]}\n\t\t<\/script>\n\t\t<!-- All in One SEO Pro -->\r\n\t\t<title>El Gobierno del Principado refuerza el operativo de emergencias en Dega\u00f1a para limpiar la salida a Le\u00f3n | Cand\u00e1s 365<\/title>\n\n","aioseo_head_json":{"title":"El Gobierno del Principado refuerza el operativo de emergencias en Dega\u00f1a para limpiar la salida a Le\u00f3n | Cand\u00e1s 365","description":"El Gobierno del Principado ha ampliado el operativo de emergencias en el Suroccidente asturiano, una de las zonas m\u00e1s afectadas por el temporal de nieve de los \u00faltimos d\u00edas. En esta ocasi\u00f3n se ha reforzado el equipo en Dega\u00f1a para lograr limpiar la carretera que une la localidad de Cerredo con la provincia de Le\u00f3n.","canonical_url":"https:\/\/candas365.es\/noticias\/el-gobierno-del-principado-refuerza-el-operativo-de-emergencias-en-degana-para-limpiar-la-salida-leon\/","robots":"max-image-preview:large","keywords":"asturias","webmasterTools":{"google-site-verification":"UA-32230408-1","msvalidate.01":"354F3CDFB2DA171B47FBE9ABF1F88D5","miscellaneous":""},"schema":{"@context":"https:\/\/schema.org","@graph":[{"@type":"BreadcrumbList","@id":"https:\/\/candas365.es\/noticias\/el-gobierno-del-principado-refuerza-el-operativo-de-emergencias-en-degana-para-limpiar-la-salida-leon\/#breadcrumblist","itemListElement":[{"@type":"ListItem","@id":"https:\/\/candas365.es\/noticias#listItem","position":1,"name":"Home","item":"https:\/\/candas365.es\/noticias","nextItem":{"@type":"ListItem","@id":"https:\/\/candas365.es\/noticias\/category\/asturias\/#listItem","name":"Asturias"}},{"@type":"ListItem","@id":"https:\/\/candas365.es\/noticias\/category\/asturias\/#listItem","position":2,"name":"Asturias","item":"https:\/\/candas365.es\/noticias\/category\/asturias\/","nextItem":{"@type":"ListItem","@id":"https:\/\/candas365.es\/noticias\/el-gobierno-del-principado-refuerza-el-operativo-de-emergencias-en-degana-para-limpiar-la-salida-leon\/#listItem","name":"El Gobierno del Principado refuerza el operativo de emergencias en Dega\u00f1a para limpiar la salida a Le\u00f3n"},"previousItem":{"@type":"ListItem","@id":"https:\/\/candas365.es\/noticias#listItem","name":"Home"}},{"@type":"ListItem","@id":"https:\/\/candas365.es\/noticias\/el-gobierno-del-principado-refuerza-el-operativo-de-emergencias-en-degana-para-limpiar-la-salida-leon\/#listItem","position":3,"name":"El Gobierno del Principado refuerza el operativo de emergencias en Dega\u00f1a para limpiar la salida a Le\u00f3n","previousItem":{"@type":"ListItem","@id":"https:\/\/candas365.es\/noticias\/category\/asturias\/#listItem","name":"Asturias"}}]},{"@type":"NewsArticle","@id":"https:\/\/candas365.es\/noticias\/el-gobierno-del-principado-refuerza-el-operativo-de-emergencias-en-degana-para-limpiar-la-salida-leon\/#newsarticle","name":"El Gobierno del Principado refuerza el operativo de emergencias en Dega\u00f1a para limpiar la salida a Le\u00f3n | Cand\u00e1s 365","headline":"El Gobierno del Principado refuerza el operativo de emergencias en Dega\u00f1a para limpiar la salida a Le\u00f3n","author":{"@id":"https:\/\/candas365.es\/noticias\/author\/admin\/#author"},"publisher":{"@id":"https:\/\/candas365.es\/noticias\/#organization"},"image":{"@type":"ImageObject","url":"https:\/\/candas365.es\/noticias\/wp-content\/uploads\/2015\/02\/2015_02_08-consejero-de-Presidencia-en-Dega\u00f1a-1.jpg","width":2280,"height":1514},"datePublished":"2015-02-09T13:50:23+01:00","dateModified":"2015-02-09T13:50:23+01:00","inLanguage":"es-ES","mainEntityOfPage":{"@id":"https:\/\/candas365.es\/noticias\/el-gobierno-del-principado-refuerza-el-operativo-de-emergencias-en-degana-para-limpiar-la-salida-leon\/#webpage"},"isPartOf":{"@id":"https:\/\/candas365.es\/noticias\/el-gobierno-del-principado-refuerza-el-operativo-de-emergencias-en-degana-para-limpiar-la-salida-leon\/#webpage"},"articleSection":"Asturias","dateline":"Publicado el febrero 9, 2015."},{"@type":"Organization","@id":"https:\/\/candas365.es\/noticias\/#organization","name":"Cand\u00e1s 365","description":"Cand\u00e1s 365 es un diario digital independiente, fundado en 2012, con base en Asturias. Informamos con rigor sobre actualidad, sociedad, cultura y ocio, con una mirada local y global.","url":"https:\/\/candas365.es\/noticias\/","email":"info@candas365.es","telephone":"+34652131393","foundingDate":"2012-06-10","logo":{"@type":"ImageObject","url":"https:\/\/candas365.es\/noticias\/wp-content\/uploads\/2024\/09\/Candas-365-Redes.jpg","@id":"https:\/\/candas365.es\/noticias\/el-gobierno-del-principado-refuerza-el-operativo-de-emergencias-en-degana-para-limpiar-la-salida-leon\/#organizationLogo","width":1152,"height":864,"caption":"Cand\u00e1s 365 Redes"},"image":{"@id":"https:\/\/candas365.es\/noticias\/el-gobierno-del-principado-refuerza-el-operativo-de-emergencias-en-degana-para-limpiar-la-salida-leon\/#organizationLogo"},"sameAs":["https:\/\/www.facebook.com\/Nachofdezber","https:\/\/x.com\/NabercoDigital","https:\/\/www.instagram.com\/nachofdezber\/","https:\/\/www.youtube.com\/channel\/UCZP-2wLEB9Rv6erhFmqVnvg"],"address":{"@id":"https:\/\/candas365.es\/noticias\/#postaladdress","@type":"PostalAddress","streetAddress":"san antonio 4, san antonio 4","postalCode":"33430","addressLocality":"Cand\u00e1s","addressRegion":"Asturias","addressCountry":"ES"}},{"@type":"Person","@id":"https:\/\/candas365.es\/noticias\/author\/admin\/#author","url":"https:\/\/candas365.es\/noticias\/author\/admin\/","name":"Cand\u00e1s 365","image":{"@type":"ImageObject","@id":"https:\/\/candas365.es\/noticias\/el-gobierno-del-principado-refuerza-el-operativo-de-emergencias-en-degana-para-limpiar-la-salida-leon\/#authorImage","url":"https:\/\/secure.gravatar.com\/avatar\/496a8e03d0c493ede1718b7934145dbdf8d89be1036b0eec9544e1094c9de390?s=96&d=mm&r=g","width":96,"height":96,"caption":"Cand\u00e1s 365"},"sameAs":["https:\/\/www.facebook.com\/carrenoactualidad","https:\/\/twitter.com\/nbasturias","https:\/\/www.instagram.com\/nachofdezber\/","https:\/\/www.youtube.com\/channel\/UCZP-2wLEB9Rv6erhFmqVnvg"]},{"@type":"WebPage","@id":"https:\/\/candas365.es\/noticias\/el-gobierno-del-principado-refuerza-el-operativo-de-emergencias-en-degana-para-limpiar-la-salida-leon\/#webpage","url":"https:\/\/candas365.es\/noticias\/el-gobierno-del-principado-refuerza-el-operativo-de-emergencias-en-degana-para-limpiar-la-salida-leon\/","name":"El Gobierno del Principado refuerza el operativo de emergencias en Dega\u00f1a para limpiar la salida a Le\u00f3n | Cand\u00e1s 365","description":"El Gobierno del Principado ha ampliado el operativo de emergencias en el Suroccidente asturiano, una de las zonas m\u00e1s afectadas por el temporal de nieve de los \u00faltimos d\u00edas. En esta ocasi\u00f3n se ha reforzado el equipo en Dega\u00f1a para lograr limpiar la carretera que une la localidad de Cerredo con la provincia de Le\u00f3n.","inLanguage":"es-ES","isPartOf":{"@id":"https:\/\/candas365.es\/noticias\/#website"},"breadcrumb":{"@id":"https:\/\/candas365.es\/noticias\/el-gobierno-del-principado-refuerza-el-operativo-de-emergencias-en-degana-para-limpiar-la-salida-leon\/#breadcrumblist"},"author":{"@id":"https:\/\/candas365.es\/noticias\/author\/admin\/#author"},"creator":{"@id":"https:\/\/candas365.es\/noticias\/author\/admin\/#author"},"image":{"@type":"ImageObject","url":"https:\/\/candas365.es\/noticias\/wp-content\/uploads\/2015\/02\/2015_02_08-consejero-de-Presidencia-en-Dega\u00f1a-1.jpg","@id":"https:\/\/candas365.es\/noticias\/el-gobierno-del-principado-refuerza-el-operativo-de-emergencias-en-degana-para-limpiar-la-salida-leon\/#mainImage","width":2280,"height":1514},"primaryImageOfPage":{"@id":"https:\/\/candas365.es\/noticias\/el-gobierno-del-principado-refuerza-el-operativo-de-emergencias-en-degana-para-limpiar-la-salida-leon\/#mainImage"},"datePublished":"2015-02-09T13:50:23+01:00","dateModified":"2015-02-09T13:50:23+01:00"},{"@type":"WebSite","@id":"https:\/\/candas365.es\/noticias\/#website","url":"https:\/\/candas365.es\/noticias\/","name":"Cand\u00e1s 365","alternateName":"Cand\u00e1s 365 Noticias","description":"Actualidad desde Carre\u00f1o para el mundo","inLanguage":"es-ES","publisher":{"@id":"https:\/\/candas365.es\/noticias\/#organization"}}]},"og:locale":"es_ES","og:site_name":"Cand\u00e1s 365","og:type":"article","og:title":"El Gobierno del Principado refuerza el operativo de emergencias en Dega\u00f1a para limpiar la salida a Le\u00f3n | Cand\u00e1s 365","og:description":"El Gobierno del Principado ha ampliado el operativo de emergencias en el Suroccidente asturiano, una de las zonas m\u00e1s afectadas por el temporal de nieve de los \u00faltimos d\u00edas. En esta ocasi\u00f3n se ha reforzado el equipo en Dega\u00f1a para lograr limpiar la carretera que une la localidad de Cerredo con la provincia de Le\u00f3n.","og:url":"https:\/\/candas365.es\/noticias\/el-gobierno-del-principado-refuerza-el-operativo-de-emergencias-en-degana-para-limpiar-la-salida-leon\/","og:image":"https:\/\/candas365.es\/noticias\/wp-content\/uploads\/2015\/02\/2015_02_08-consejero-de-Presidencia-en-Dega\u00f1a-1.jpg","og:image:secure_url":"https:\/\/candas365.es\/noticias\/wp-content\/uploads\/2015\/02\/2015_02_08-consejero-de-Presidencia-en-Dega\u00f1a-1.jpg","og:image:width":2280,"og:image:height":1514,"article:published_time":"2015-02-09T15:50:23+00:00","article:modified_time":"2015-02-09T15:50:23+00:00","article:publisher":"https:\/\/www.facebook.com\/Nachofdezber","article:author":"https:\/\/www.facebook.com\/carrenoactualidad","twitter:card":"summary_large_image","twitter:site":"@NabercoDigital","twitter:title":"El Gobierno del Principado refuerza el operativo de emergencias en Dega\u00f1a para limpiar la salida a Le\u00f3n | Cand\u00e1s 365","twitter:description":"El Gobierno del Principado ha ampliado el operativo de emergencias en el Suroccidente asturiano, una de las zonas m\u00e1s afectadas por el temporal de nieve de los \u00faltimos d\u00edas. En esta ocasi\u00f3n se ha reforzado el equipo en Dega\u00f1a para lograr limpiar la carretera que une la localidad de Cerredo con la provincia de Le\u00f3n.","twitter:creator":"@nbasturias","twitter:image":"https:\/\/candas365.es\/noticias\/wp-content\/uploads\/2015\/02\/2015_02_08-consejero-de-Presidencia-en-Dega\u00f1a-1.jpg","twitter:label1":"Escrito por","twitter:data1":"Cand\u00e1s 365","twitter:label2":"Tiempo de lectura estimado","twitter:data2":"3 minutos"},"aioseo_meta_data":{"post_id":"6974","title":null,"description":null,"keywords":null,"keyphrases":null,"primary_term":null,"canonical_url":null,"og_title":null,"og_description":null,"og_object_type":"default","og_image_type":"default","og_image_url":null,"og_image_width":null,"og_image_height":null,"og_image_custom_url":null,"og_image_custom_fields":null,"og_video":null,"og_custom_url":null,"og_article_section":null,"og_article_tags":null,"twitter_use_og":false,"twitter_card":"default","twitter_image_type":"default","twitter_image_url":null,"twitter_image_custom_url":null,"twitter_image_custom_fields":null,"twitter_title":null,"twitter_description":null,"schema":{"blockGraphs":[],"customGraphs":[],"default":{"data":{"Article":[],"Course":[],"Dataset":[],"FAQPage":[],"Movie":[],"Person":[],"Product":[],"ProductReview":[],"Car":[],"Recipe":[],"Service":[],"SoftwareApplication":[],"WebPage":[]},"graphName":"","isEnabled":true},"graphs":[],"defaultGraph":"","defaultPostTypeGraph":""},"schema_type":null,"schema_type_options":null,"pillar_content":false,"robots_default":true,"robots_noindex":false,"robots_noarchive":false,"robots_nosnippet":false,"robots_nofollow":false,"robots_noimageindex":false,"robots_noodp":false,"robots_notranslate":false,"robots_max_snippet":null,"robots_max_videopreview":null,"robots_max_imagepreview":"large","priority":null,"frequency":null,"location":null,"local_seo":null,"seo_analyzer_scan_date":"2025-08-23 04:45:09","breadcrumb_settings":null,"limit_modified_date":false,"reviewed_by":null,"open_ai":null,"ai":null,"created":"2020-12-21 10:54:13","updated":"2025-08-23 04:45:09"},"aioseo_breadcrumb":"<div class=\"aioseo-breadcrumbs\"><span class=\"aioseo-breadcrumb\">\n\t<a href=\"https:\/\/candas365.es\/noticias\" title=\"Home\">Home<\/a>\n<\/span><span class=\"aioseo-breadcrumb-separator\">&ndash;<\/span><span class=\"aioseo-breadcrumb\">\n\t<a href=\"https:\/\/candas365.es\/noticias\/category\/asturias\/\" title=\"Asturias\">Asturias<\/a>\n<\/span><span class=\"aioseo-breadcrumb-separator\">&ndash;<\/span><span class=\"aioseo-breadcrumb\">\n\tEl Gobierno del Principado refuerza el operativo de emergencias en Dega\u00f1a para limpiar la salida a Le\u00f3n\n<\/span><\/div>","aioseo_breadcrumb_json":[{"label":"Home","link":"https:\/\/candas365.es\/noticias"},{"label":"Asturias","link":"https:\/\/candas365.es\/noticias\/category\/asturias\/"},{"label":"El Gobierno del Principado refuerza el operativo de emergencias en Dega\u00f1a para limpiar la salida a Le\u00f3n","link":"https:\/\/candas365.es\/noticias\/el-gobierno-del-principado-refuerza-el-operativo-de-emergencias-en-degana-para-limpiar-la-salida-leon\/"}],"_links":{"self":[{"href":"https:\/\/candas365.es\/noticias\/wp-json\/wp\/v2\/posts\/6974","targetHints":{"allow":["GET"]}}],"collection":[{"href":"https:\/\/candas365.es\/noticias\/wp-json\/wp\/v2\/posts"}],"about":[{"href":"https:\/\/candas365.es\/noticias\/wp-json\/wp\/v2\/types\/post"}],"author":[{"embeddable":true,"href":"https:\/\/candas365.es\/noticias\/wp-json\/wp\/v2\/users\/1"}],"replies":[{"embeddable":true,"href":"https:\/\/candas365.es\/noticias\/wp-json\/wp\/v2\/comments?post=6974"}],"version-history":[{"count":0,"href":"https:\/\/candas365.es\/noticias\/wp-json\/wp\/v2\/posts\/6974\/revisions"}],"wp:featuredmedia":[{"embeddable":true,"href":"https:\/\/candas365.es\/noticias\/wp-json\/wp\/v2\/media\/6975"}],"wp:attachment":[{"href":"https:\/\/candas365.es\/noticias\/wp-json\/wp\/v2\/media?parent=6974"}],"wp:term":[{"taxonomy":"category","embeddable":true,"href":"https:\/\/candas365.es\/noticias\/wp-json\/wp\/v2\/categories?post=6974"},{"taxonomy":"post_tag","embeddable":true,"href":"https:\/\/candas365.es\/noticias\/wp-json\/wp\/v2\/tags?post=6974"}],"curies":[{"name":"wp","href":"https:\/\/api.w.org\/{rel}","templated":true}]}}