{"id":69736,"date":"2017-04-18T18:03:12","date_gmt":"2017-04-18T18:03:12","guid":{"rendered":"http:\/\/candas365.es\/noticias\/?p=69736"},"modified":"2017-04-18T18:03:12","modified_gmt":"2017-04-18T18:03:12","slug":"benedicto-xvi-festeja-su-90-cumpleanos-con-cerveza-bavara","status":"publish","type":"post","link":"https:\/\/candas365.es\/noticias\/benedicto-xvi-festeja-su-90-cumpleanos-con-cerveza-bavara\/","title":{"rendered":"Benedicto XVI festeja su 90 cumplea\u00f1os con cerveza b\u00e1vara"},"content":{"rendered":"<p>(dpa) &#8211; Benedicto XVI festej\u00f3 este lunes su cumplea\u00f1os 90 junto a unos 50 invitados en la residencia \u00abMater Ecclesiae\u00bb del Vaticano, donde vive desde que renunci\u00f3 al papado, hace cuatro a\u00f1os.<\/p>\n<p>La mayor\u00eda de los que se acercaron a saludar a Benedicto XVI en su residencia en los Jardines Vaticanos eran ciudadanos de su Baviera natal. \u00abEste pecado est\u00e1 permitido\u00bb, dijo en broma el primer ministro b\u00e1varo, Horst Seehofer, quien se bebi\u00f3 un licor junto al religioso. Antes, hab\u00edan brindado con cerveza. Seehofer regal\u00f3 otros dos productos t\u00edpicos de su regi\u00f3n al homenajeado: salchichas y bretzeln (roscas de pan).<\/p>\n<p>\u00abQu\u00e9 alegr\u00eda que podamos reunirnos de forma tan linda bajo el cielo azul de Roma, que me recuerda al cielo azul y blanco de Baviera\u00bb, dijo por su parte Benedicto.<\/p>\n<p>Entre los presentes estaban, adem\u00e1s de Seehofer, su esposa Karin y el hermano de Benedicto, Georg. <\/p>\n<p>Desde su retirada en febrero de 2013, Benedicto vive tras los muros del Vaticano con vista a la c\u00fapula de la bas\u00edlica de San Pedro, donde reza, lee, recibe visitas y pasea con su andador.<\/p>\n<p>Si bien Benedicto cumpli\u00f3 a\u00f1os anteayer, domingo de Pascua, corri\u00f3 el festejo un d\u00eda para no coincidir con la festividad religiosa.<\/p>\n<p>\u00abMi coraz\u00f3n est\u00e1 lleno de gratitud por los 90 a\u00f1os que me regal\u00f3 Dios\u00bb, dijo. <\/p>\n","protected":false},"excerpt":{"rendered":"<p>(dpa) &#8211; Benedicto XVI festej\u00f3 este lunes su cumplea\u00f1os 90 junto a unos 50 invitados en la residencia \u00abMater Ecclesiae\u00bb del Vaticano, donde vive desde que renunci\u00f3 al papado, hace cuatro a\u00f1os. La mayor\u00eda de los que se acercaron a saludar a Benedicto XVI en su residencia en los Jardines Vaticanos eran ciudadanos de su<\/p>\n","protected":false},"author":1,"featured_media":0,"comment_status":"open","ping_status":"closed","sticky":false,"template":"","format":"standard","meta":{"footnotes":""},"categories":[343],"tags":[],"class_list":{"0":"post-69736","1":"post","2":"type-post","3":"status-publish","4":"format-standard","6":"category-actualidad"},"aioseo_notices":[],"aioseo_head":"\n\t\t<!-- All in One SEO Pro 4.9.6.2 - aioseo.com -->\n\t<meta name=\"description\" content=\"(dpa) - Benedicto XVI festej\u00f3 este lunes su cumplea\u00f1os 90 junto a unos 50 invitados en la residencia &quot;Mater Ecclesiae&quot; del Vaticano, donde vive desde que renunci\u00f3 al papado, hace cuatro a\u00f1os. La mayor\u00eda de los que se acercaron a saludar a Benedicto XVI en su residencia en los Jardines Vaticanos eran ciudadanos de su\" \/>\n\t<meta name=\"robots\" content=\"max-image-preview:large\" \/>\n\t<meta name=\"author\" content=\"Cand\u00e1s 365\"\/>\n\t<meta name=\"google-site-verification\" content=\"UA-32230408-1\" \/>\n\t<meta name=\"msvalidate.01\" content=\"354F3CDFB2DA171B47FBE9ABF1F88D5\" \/>\n\t<meta name=\"keywords\" content=\"actualidad\" \/>\n\t<link rel=\"canonical\" href=\"https:\/\/candas365.es\/noticias\/benedicto-xvi-festeja-su-90-cumpleanos-con-cerveza-bavara\/\" \/>\n\t<meta name=\"generator\" content=\"All in One SEO Pro (AIOSEO) 4.9.6.2\" \/>\n\t\t<meta property=\"og:locale\" content=\"es_ES\" \/>\n\t\t<meta property=\"og:site_name\" content=\"Cand\u00e1s 365\" \/>\n\t\t<meta property=\"og:type\" content=\"article\" \/>\n\t\t<meta property=\"og:title\" content=\"Benedicto XVI festeja su 90 cumplea\u00f1os con cerveza b\u00e1vara | Cand\u00e1s 365\" \/>\n\t\t<meta property=\"og:description\" content=\"(dpa) - Benedicto XVI festej\u00f3 este lunes su cumplea\u00f1os 90 junto a unos 50 invitados en la residencia &quot;Mater Ecclesiae&quot; del Vaticano, donde vive desde que renunci\u00f3 al papado, hace cuatro a\u00f1os. La mayor\u00eda de los que se acercaron a saludar a Benedicto XVI en su residencia en los Jardines Vaticanos eran ciudadanos de su\" \/>\n\t\t<meta property=\"og:url\" content=\"https:\/\/candas365.es\/noticias\/benedicto-xvi-festeja-su-90-cumpleanos-con-cerveza-bavara\/\" \/>\n\t\t<meta property=\"og:image\" content=\"https:\/\/candas365.es\/noticias\/wp-content\/uploads\/2024\/09\/Candas-365-Redes.jpg\" \/>\n\t\t<meta property=\"og:image:secure_url\" content=\"https:\/\/candas365.es\/noticias\/wp-content\/uploads\/2024\/09\/Candas-365-Redes.jpg\" \/>\n\t\t<meta property=\"og:image:width\" content=\"1152\" \/>\n\t\t<meta property=\"og:image:height\" content=\"864\" \/>\n\t\t<meta property=\"article:published_time\" content=\"2017-04-18T18:03:12+00:00\" \/>\n\t\t<meta property=\"article:modified_time\" content=\"2017-04-18T18:03:12+00:00\" \/>\n\t\t<meta property=\"article:publisher\" content=\"https:\/\/www.facebook.com\/Nachofdezber\" \/>\n\t\t<meta property=\"article:author\" content=\"https:\/\/www.facebook.com\/carrenoactualidad\" \/>\n\t\t<meta name=\"twitter:card\" content=\"summary_large_image\" \/>\n\t\t<meta name=\"twitter:site\" content=\"@NabercoDigital\" \/>\n\t\t<meta name=\"twitter:title\" content=\"Benedicto XVI festeja su 90 cumplea\u00f1os con cerveza b\u00e1vara | Cand\u00e1s 365\" \/>\n\t\t<meta name=\"twitter:description\" content=\"(dpa) - Benedicto XVI festej\u00f3 este lunes su cumplea\u00f1os 90 junto a unos 50 invitados en la residencia &quot;Mater Ecclesiae&quot; del Vaticano, donde vive desde que renunci\u00f3 al papado, hace cuatro a\u00f1os. La mayor\u00eda de los que se acercaron a saludar a Benedicto XVI en su residencia en los Jardines Vaticanos eran ciudadanos de su\" \/>\n\t\t<meta name=\"twitter:creator\" content=\"@nbasturias\" \/>\n\t\t<meta name=\"twitter:image\" content=\"https:\/\/candas365.es\/noticias\/wp-content\/uploads\/2024\/09\/Candas-365-Redes.jpg\" \/>\n\t\t<meta name=\"twitter:label1\" content=\"Escrito por\" \/>\n\t\t<meta name=\"twitter:data1\" content=\"Cand\u00e1s 365\" \/>\n\t\t<meta name=\"twitter:label2\" content=\"Tiempo de lectura estimado\" \/>\n\t\t<meta name=\"twitter:data2\" content=\"1 minuto\" \/>\n\t\t<script type=\"application\/ld+json\" class=\"aioseo-schema\">\n\t\t\t{\"@context\":\"https:\\\/\\\/schema.org\",\"@graph\":[{\"@type\":\"BreadcrumbList\",\"@id\":\"https:\\\/\\\/candas365.es\\\/noticias\\\/benedicto-xvi-festeja-su-90-cumpleanos-con-cerveza-bavara\\\/#breadcrumblist\",\"itemListElement\":[{\"@type\":\"ListItem\",\"@id\":\"https:\\\/\\\/candas365.es\\\/noticias#listItem\",\"position\":1,\"name\":\"Home\",\"item\":\"https:\\\/\\\/candas365.es\\\/noticias\",\"nextItem\":{\"@type\":\"ListItem\",\"@id\":\"https:\\\/\\\/candas365.es\\\/noticias\\\/category\\\/actualidad\\\/#listItem\",\"name\":\"Actualidad\"}},{\"@type\":\"ListItem\",\"@id\":\"https:\\\/\\\/candas365.es\\\/noticias\\\/category\\\/actualidad\\\/#listItem\",\"position\":2,\"name\":\"Actualidad\",\"item\":\"https:\\\/\\\/candas365.es\\\/noticias\\\/category\\\/actualidad\\\/\",\"nextItem\":{\"@type\":\"ListItem\",\"@id\":\"https:\\\/\\\/candas365.es\\\/noticias\\\/benedicto-xvi-festeja-su-90-cumpleanos-con-cerveza-bavara\\\/#listItem\",\"name\":\"Benedicto XVI festeja su 90 cumplea\\u00f1os con cerveza b\\u00e1vara\"},\"previousItem\":{\"@type\":\"ListItem\",\"@id\":\"https:\\\/\\\/candas365.es\\\/noticias#listItem\",\"name\":\"Home\"}},{\"@type\":\"ListItem\",\"@id\":\"https:\\\/\\\/candas365.es\\\/noticias\\\/benedicto-xvi-festeja-su-90-cumpleanos-con-cerveza-bavara\\\/#listItem\",\"position\":3,\"name\":\"Benedicto XVI festeja su 90 cumplea\\u00f1os con cerveza b\\u00e1vara\",\"previousItem\":{\"@type\":\"ListItem\",\"@id\":\"https:\\\/\\\/candas365.es\\\/noticias\\\/category\\\/actualidad\\\/#listItem\",\"name\":\"Actualidad\"}}]},{\"@type\":\"NewsArticle\",\"@id\":\"https:\\\/\\\/candas365.es\\\/noticias\\\/benedicto-xvi-festeja-su-90-cumpleanos-con-cerveza-bavara\\\/#newsarticle\",\"name\":\"Benedicto XVI festeja su 90 cumplea\\u00f1os con cerveza b\\u00e1vara | Cand\\u00e1s 365\",\"headline\":\"Benedicto XVI festeja su 90 cumplea\\u00f1os con cerveza b\\u00e1vara\",\"author\":{\"@id\":\"https:\\\/\\\/candas365.es\\\/noticias\\\/author\\\/admin\\\/#author\"},\"publisher\":{\"@id\":\"https:\\\/\\\/candas365.es\\\/noticias\\\/#organization\"},\"image\":{\"@type\":\"ImageObject\",\"url\":\"https:\\\/\\\/candas365.es\\\/noticias\\\/wp-content\\\/uploads\\\/2024\\\/09\\\/Candas-365-Redes.jpg\",\"@id\":\"https:\\\/\\\/candas365.es\\\/noticias\\\/#articleImage\",\"width\":1152,\"height\":864,\"caption\":\"Cand\\u00e1s 365 Redes\"},\"datePublished\":\"2017-04-18T18:03:12+02:00\",\"dateModified\":\"2017-04-18T18:03:12+02:00\",\"inLanguage\":\"es-ES\",\"mainEntityOfPage\":{\"@id\":\"https:\\\/\\\/candas365.es\\\/noticias\\\/benedicto-xvi-festeja-su-90-cumpleanos-con-cerveza-bavara\\\/#webpage\"},\"isPartOf\":{\"@id\":\"https:\\\/\\\/candas365.es\\\/noticias\\\/benedicto-xvi-festeja-su-90-cumpleanos-con-cerveza-bavara\\\/#webpage\"},\"articleSection\":\"Actualidad\",\"dateline\":\"Publicado el abril 18, 2017.\"},{\"@type\":\"Organization\",\"@id\":\"https:\\\/\\\/candas365.es\\\/noticias\\\/#organization\",\"name\":\"Cand\\u00e1s 365\",\"description\":\"Cand\\u00e1s 365 es un diario digital independiente, fundado en 2012, con base en Asturias. Informamos con rigor sobre actualidad, sociedad, cultura y ocio, con una mirada local y global.\",\"url\":\"https:\\\/\\\/candas365.es\\\/noticias\\\/\",\"email\":\"info@candas365.es\",\"telephone\":\"+34652131393\",\"foundingDate\":\"2012-06-10\",\"logo\":{\"@type\":\"ImageObject\",\"url\":\"https:\\\/\\\/candas365.es\\\/noticias\\\/wp-content\\\/uploads\\\/2024\\\/09\\\/Candas-365-Redes.jpg\",\"@id\":\"https:\\\/\\\/candas365.es\\\/noticias\\\/benedicto-xvi-festeja-su-90-cumpleanos-con-cerveza-bavara\\\/#organizationLogo\",\"width\":1152,\"height\":864,\"caption\":\"Cand\\u00e1s 365 Redes\"},\"image\":{\"@id\":\"https:\\\/\\\/candas365.es\\\/noticias\\\/benedicto-xvi-festeja-su-90-cumpleanos-con-cerveza-bavara\\\/#organizationLogo\"},\"sameAs\":[\"https:\\\/\\\/www.facebook.com\\\/Nachofdezber\",\"https:\\\/\\\/x.com\\\/NabercoDigital\",\"https:\\\/\\\/www.instagram.com\\\/nachofdezber\\\/\",\"https:\\\/\\\/www.youtube.com\\\/channel\\\/UCZP-2wLEB9Rv6erhFmqVnvg\"],\"address\":{\"@id\":\"https:\\\/\\\/candas365.es\\\/noticias\\\/#postaladdress\",\"@type\":\"PostalAddress\",\"streetAddress\":\"san antonio 4, san antonio 4\",\"postalCode\":\"33430\",\"addressLocality\":\"Cand\\u00e1s\",\"addressRegion\":\"Asturias\",\"addressCountry\":\"ES\"}},{\"@type\":\"Person\",\"@id\":\"https:\\\/\\\/candas365.es\\\/noticias\\\/author\\\/admin\\\/#author\",\"url\":\"https:\\\/\\\/candas365.es\\\/noticias\\\/author\\\/admin\\\/\",\"name\":\"Cand\\u00e1s 365\",\"image\":{\"@type\":\"ImageObject\",\"@id\":\"https:\\\/\\\/candas365.es\\\/noticias\\\/benedicto-xvi-festeja-su-90-cumpleanos-con-cerveza-bavara\\\/#authorImage\",\"url\":\"https:\\\/\\\/secure.gravatar.com\\\/avatar\\\/496a8e03d0c493ede1718b7934145dbdf8d89be1036b0eec9544e1094c9de390?s=96&d=mm&r=g\",\"width\":96,\"height\":96,\"caption\":\"Cand\\u00e1s 365\"},\"sameAs\":[\"https:\\\/\\\/www.facebook.com\\\/carrenoactualidad\",\"https:\\\/\\\/twitter.com\\\/nbasturias\",\"https:\\\/\\\/www.instagram.com\\\/nachofdezber\\\/\",\"https:\\\/\\\/www.youtube.com\\\/channel\\\/UCZP-2wLEB9Rv6erhFmqVnvg\"]},{\"@type\":\"WebPage\",\"@id\":\"https:\\\/\\\/candas365.es\\\/noticias\\\/benedicto-xvi-festeja-su-90-cumpleanos-con-cerveza-bavara\\\/#webpage\",\"url\":\"https:\\\/\\\/candas365.es\\\/noticias\\\/benedicto-xvi-festeja-su-90-cumpleanos-con-cerveza-bavara\\\/\",\"name\":\"Benedicto XVI festeja su 90 cumplea\\u00f1os con cerveza b\\u00e1vara | Cand\\u00e1s 365\",\"description\":\"(dpa) - Benedicto XVI festej\\u00f3 este lunes su cumplea\\u00f1os 90 junto a unos 50 invitados en la residencia \\\"Mater Ecclesiae\\\" del Vaticano, donde vive desde que renunci\\u00f3 al papado, hace cuatro a\\u00f1os. La mayor\\u00eda de los que se acercaron a saludar a Benedicto XVI en su residencia en los Jardines Vaticanos eran ciudadanos de su\",\"inLanguage\":\"es-ES\",\"isPartOf\":{\"@id\":\"https:\\\/\\\/candas365.es\\\/noticias\\\/#website\"},\"breadcrumb\":{\"@id\":\"https:\\\/\\\/candas365.es\\\/noticias\\\/benedicto-xvi-festeja-su-90-cumpleanos-con-cerveza-bavara\\\/#breadcrumblist\"},\"author\":{\"@id\":\"https:\\\/\\\/candas365.es\\\/noticias\\\/author\\\/admin\\\/#author\"},\"creator\":{\"@id\":\"https:\\\/\\\/candas365.es\\\/noticias\\\/author\\\/admin\\\/#author\"},\"datePublished\":\"2017-04-18T18:03:12+02:00\",\"dateModified\":\"2017-04-18T18:03:12+02:00\"},{\"@type\":\"WebSite\",\"@id\":\"https:\\\/\\\/candas365.es\\\/noticias\\\/#website\",\"url\":\"https:\\\/\\\/candas365.es\\\/noticias\\\/\",\"name\":\"Cand\\u00e1s 365\",\"alternateName\":\"Cand\\u00e1s 365 Noticias\",\"description\":\"Actualidad desde Carre\\u00f1o para el mundo\",\"inLanguage\":\"es-ES\",\"publisher\":{\"@id\":\"https:\\\/\\\/candas365.es\\\/noticias\\\/#organization\"}}]}\n\t\t<\/script>\n\t\t<!-- All in One SEO Pro -->\r\n\t\t<title>Benedicto XVI festeja su 90 cumplea\u00f1os con cerveza b\u00e1vara | Cand\u00e1s 365<\/title>\n\n","aioseo_head_json":{"title":"Benedicto XVI festeja su 90 cumplea\u00f1os con cerveza b\u00e1vara | Cand\u00e1s 365","description":"(dpa) - Benedicto XVI festej\u00f3 este lunes su cumplea\u00f1os 90 junto a unos 50 invitados en la residencia \"Mater Ecclesiae\" del Vaticano, donde vive desde que renunci\u00f3 al papado, hace cuatro a\u00f1os. La mayor\u00eda de los que se acercaron a saludar a Benedicto XVI en su residencia en los Jardines Vaticanos eran ciudadanos de su","canonical_url":"https:\/\/candas365.es\/noticias\/benedicto-xvi-festeja-su-90-cumpleanos-con-cerveza-bavara\/","robots":"max-image-preview:large","keywords":"actualidad","webmasterTools":{"google-site-verification":"UA-32230408-1","msvalidate.01":"354F3CDFB2DA171B47FBE9ABF1F88D5","miscellaneous":""},"schema":{"@context":"https:\/\/schema.org","@graph":[{"@type":"BreadcrumbList","@id":"https:\/\/candas365.es\/noticias\/benedicto-xvi-festeja-su-90-cumpleanos-con-cerveza-bavara\/#breadcrumblist","itemListElement":[{"@type":"ListItem","@id":"https:\/\/candas365.es\/noticias#listItem","position":1,"name":"Home","item":"https:\/\/candas365.es\/noticias","nextItem":{"@type":"ListItem","@id":"https:\/\/candas365.es\/noticias\/category\/actualidad\/#listItem","name":"Actualidad"}},{"@type":"ListItem","@id":"https:\/\/candas365.es\/noticias\/category\/actualidad\/#listItem","position":2,"name":"Actualidad","item":"https:\/\/candas365.es\/noticias\/category\/actualidad\/","nextItem":{"@type":"ListItem","@id":"https:\/\/candas365.es\/noticias\/benedicto-xvi-festeja-su-90-cumpleanos-con-cerveza-bavara\/#listItem","name":"Benedicto XVI festeja su 90 cumplea\u00f1os con cerveza b\u00e1vara"},"previousItem":{"@type":"ListItem","@id":"https:\/\/candas365.es\/noticias#listItem","name":"Home"}},{"@type":"ListItem","@id":"https:\/\/candas365.es\/noticias\/benedicto-xvi-festeja-su-90-cumpleanos-con-cerveza-bavara\/#listItem","position":3,"name":"Benedicto XVI festeja su 90 cumplea\u00f1os con cerveza b\u00e1vara","previousItem":{"@type":"ListItem","@id":"https:\/\/candas365.es\/noticias\/category\/actualidad\/#listItem","name":"Actualidad"}}]},{"@type":"NewsArticle","@id":"https:\/\/candas365.es\/noticias\/benedicto-xvi-festeja-su-90-cumpleanos-con-cerveza-bavara\/#newsarticle","name":"Benedicto XVI festeja su 90 cumplea\u00f1os con cerveza b\u00e1vara | Cand\u00e1s 365","headline":"Benedicto XVI festeja su 90 cumplea\u00f1os con cerveza b\u00e1vara","author":{"@id":"https:\/\/candas365.es\/noticias\/author\/admin\/#author"},"publisher":{"@id":"https:\/\/candas365.es\/noticias\/#organization"},"image":{"@type":"ImageObject","url":"https:\/\/candas365.es\/noticias\/wp-content\/uploads\/2024\/09\/Candas-365-Redes.jpg","@id":"https:\/\/candas365.es\/noticias\/#articleImage","width":1152,"height":864,"caption":"Cand\u00e1s 365 Redes"},"datePublished":"2017-04-18T18:03:12+02:00","dateModified":"2017-04-18T18:03:12+02:00","inLanguage":"es-ES","mainEntityOfPage":{"@id":"https:\/\/candas365.es\/noticias\/benedicto-xvi-festeja-su-90-cumpleanos-con-cerveza-bavara\/#webpage"},"isPartOf":{"@id":"https:\/\/candas365.es\/noticias\/benedicto-xvi-festeja-su-90-cumpleanos-con-cerveza-bavara\/#webpage"},"articleSection":"Actualidad","dateline":"Publicado el abril 18, 2017."},{"@type":"Organization","@id":"https:\/\/candas365.es\/noticias\/#organization","name":"Cand\u00e1s 365","description":"Cand\u00e1s 365 es un diario digital independiente, fundado en 2012, con base en Asturias. Informamos con rigor sobre actualidad, sociedad, cultura y ocio, con una mirada local y global.","url":"https:\/\/candas365.es\/noticias\/","email":"info@candas365.es","telephone":"+34652131393","foundingDate":"2012-06-10","logo":{"@type":"ImageObject","url":"https:\/\/candas365.es\/noticias\/wp-content\/uploads\/2024\/09\/Candas-365-Redes.jpg","@id":"https:\/\/candas365.es\/noticias\/benedicto-xvi-festeja-su-90-cumpleanos-con-cerveza-bavara\/#organizationLogo","width":1152,"height":864,"caption":"Cand\u00e1s 365 Redes"},"image":{"@id":"https:\/\/candas365.es\/noticias\/benedicto-xvi-festeja-su-90-cumpleanos-con-cerveza-bavara\/#organizationLogo"},"sameAs":["https:\/\/www.facebook.com\/Nachofdezber","https:\/\/x.com\/NabercoDigital","https:\/\/www.instagram.com\/nachofdezber\/","https:\/\/www.youtube.com\/channel\/UCZP-2wLEB9Rv6erhFmqVnvg"],"address":{"@id":"https:\/\/candas365.es\/noticias\/#postaladdress","@type":"PostalAddress","streetAddress":"san antonio 4, san antonio 4","postalCode":"33430","addressLocality":"Cand\u00e1s","addressRegion":"Asturias","addressCountry":"ES"}},{"@type":"Person","@id":"https:\/\/candas365.es\/noticias\/author\/admin\/#author","url":"https:\/\/candas365.es\/noticias\/author\/admin\/","name":"Cand\u00e1s 365","image":{"@type":"ImageObject","@id":"https:\/\/candas365.es\/noticias\/benedicto-xvi-festeja-su-90-cumpleanos-con-cerveza-bavara\/#authorImage","url":"https:\/\/secure.gravatar.com\/avatar\/496a8e03d0c493ede1718b7934145dbdf8d89be1036b0eec9544e1094c9de390?s=96&d=mm&r=g","width":96,"height":96,"caption":"Cand\u00e1s 365"},"sameAs":["https:\/\/www.facebook.com\/carrenoactualidad","https:\/\/twitter.com\/nbasturias","https:\/\/www.instagram.com\/nachofdezber\/","https:\/\/www.youtube.com\/channel\/UCZP-2wLEB9Rv6erhFmqVnvg"]},{"@type":"WebPage","@id":"https:\/\/candas365.es\/noticias\/benedicto-xvi-festeja-su-90-cumpleanos-con-cerveza-bavara\/#webpage","url":"https:\/\/candas365.es\/noticias\/benedicto-xvi-festeja-su-90-cumpleanos-con-cerveza-bavara\/","name":"Benedicto XVI festeja su 90 cumplea\u00f1os con cerveza b\u00e1vara | Cand\u00e1s 365","description":"(dpa) - Benedicto XVI festej\u00f3 este lunes su cumplea\u00f1os 90 junto a unos 50 invitados en la residencia \"Mater Ecclesiae\" del Vaticano, donde vive desde que renunci\u00f3 al papado, hace cuatro a\u00f1os. La mayor\u00eda de los que se acercaron a saludar a Benedicto XVI en su residencia en los Jardines Vaticanos eran ciudadanos de su","inLanguage":"es-ES","isPartOf":{"@id":"https:\/\/candas365.es\/noticias\/#website"},"breadcrumb":{"@id":"https:\/\/candas365.es\/noticias\/benedicto-xvi-festeja-su-90-cumpleanos-con-cerveza-bavara\/#breadcrumblist"},"author":{"@id":"https:\/\/candas365.es\/noticias\/author\/admin\/#author"},"creator":{"@id":"https:\/\/candas365.es\/noticias\/author\/admin\/#author"},"datePublished":"2017-04-18T18:03:12+02:00","dateModified":"2017-04-18T18:03:12+02:00"},{"@type":"WebSite","@id":"https:\/\/candas365.es\/noticias\/#website","url":"https:\/\/candas365.es\/noticias\/","name":"Cand\u00e1s 365","alternateName":"Cand\u00e1s 365 Noticias","description":"Actualidad desde Carre\u00f1o para el mundo","inLanguage":"es-ES","publisher":{"@id":"https:\/\/candas365.es\/noticias\/#organization"}}]},"og:locale":"es_ES","og:site_name":"Cand\u00e1s 365","og:type":"article","og:title":"Benedicto XVI festeja su 90 cumplea\u00f1os con cerveza b\u00e1vara | Cand\u00e1s 365","og:description":"(dpa) - Benedicto XVI festej\u00f3 este lunes su cumplea\u00f1os 90 junto a unos 50 invitados en la residencia &quot;Mater Ecclesiae&quot; del Vaticano, donde vive desde que renunci\u00f3 al papado, hace cuatro a\u00f1os. La mayor\u00eda de los que se acercaron a saludar a Benedicto XVI en su residencia en los Jardines Vaticanos eran ciudadanos de su","og:url":"https:\/\/candas365.es\/noticias\/benedicto-xvi-festeja-su-90-cumpleanos-con-cerveza-bavara\/","og:image":"https:\/\/candas365.es\/noticias\/wp-content\/uploads\/2024\/09\/Candas-365-Redes.jpg","og:image:secure_url":"https:\/\/candas365.es\/noticias\/wp-content\/uploads\/2024\/09\/Candas-365-Redes.jpg","og:image:width":1152,"og:image:height":864,"article:published_time":"2017-04-18T18:03:12+00:00","article:modified_time":"2017-04-18T18:03:12+00:00","article:publisher":"https:\/\/www.facebook.com\/Nachofdezber","article:author":"https:\/\/www.facebook.com\/carrenoactualidad","twitter:card":"summary_large_image","twitter:site":"@NabercoDigital","twitter:title":"Benedicto XVI festeja su 90 cumplea\u00f1os con cerveza b\u00e1vara | Cand\u00e1s 365","twitter:description":"(dpa) - Benedicto XVI festej\u00f3 este lunes su cumplea\u00f1os 90 junto a unos 50 invitados en la residencia &quot;Mater Ecclesiae&quot; del Vaticano, donde vive desde que renunci\u00f3 al papado, hace cuatro a\u00f1os. La mayor\u00eda de los que se acercaron a saludar a Benedicto XVI en su residencia en los Jardines Vaticanos eran ciudadanos de su","twitter:creator":"@nbasturias","twitter:image":"https:\/\/candas365.es\/noticias\/wp-content\/uploads\/2024\/09\/Candas-365-Redes.jpg","twitter:label1":"Escrito por","twitter:data1":"Cand\u00e1s 365","twitter:label2":"Tiempo de lectura estimado","twitter:data2":"1 minuto"},"aioseo_meta_data":{"post_id":"69736","title":null,"description":null,"keywords":null,"keyphrases":null,"primary_term":null,"canonical_url":null,"og_title":null,"og_description":null,"og_object_type":"default","og_image_type":"default","og_image_url":null,"og_image_width":null,"og_image_height":null,"og_image_custom_url":null,"og_image_custom_fields":null,"og_video":null,"og_custom_url":null,"og_article_section":null,"og_article_tags":null,"twitter_use_og":false,"twitter_card":"default","twitter_image_type":"default","twitter_image_url":null,"twitter_image_custom_url":null,"twitter_image_custom_fields":null,"twitter_title":null,"twitter_description":null,"schema":{"blockGraphs":[],"customGraphs":[],"default":{"data":{"Article":[],"Course":[],"Dataset":[],"FAQPage":[],"Movie":[],"Person":[],"Product":[],"ProductReview":[],"Car":[],"Recipe":[],"Service":[],"SoftwareApplication":[],"WebPage":[]},"graphName":"","isEnabled":true},"graphs":[]},"schema_type":null,"schema_type_options":null,"pillar_content":false,"robots_default":true,"robots_noindex":false,"robots_noarchive":false,"robots_nosnippet":false,"robots_nofollow":false,"robots_noimageindex":false,"robots_noodp":false,"robots_notranslate":false,"robots_max_snippet":null,"robots_max_videopreview":null,"robots_max_imagepreview":"large","priority":null,"frequency":null,"location":null,"local_seo":null,"seo_analyzer_scan_date":"2025-08-25 11:19:09","breadcrumb_settings":null,"limit_modified_date":false,"reviewed_by":null,"open_ai":null,"ai":null,"created":"2020-12-21 13:01:32","updated":"2025-08-25 11:19:09"},"aioseo_breadcrumb":"<div class=\"aioseo-breadcrumbs\"><span class=\"aioseo-breadcrumb\">\n\t<a href=\"https:\/\/candas365.es\/noticias\" title=\"Home\">Home<\/a>\n<\/span><span class=\"aioseo-breadcrumb-separator\">&ndash;<\/span><span class=\"aioseo-breadcrumb\">\n\t<a href=\"https:\/\/candas365.es\/noticias\/category\/actualidad\/\" title=\"Actualidad\">Actualidad<\/a>\n<\/span><span class=\"aioseo-breadcrumb-separator\">&ndash;<\/span><span class=\"aioseo-breadcrumb\">\n\tBenedicto XVI festeja su 90 cumplea\u00f1os con cerveza b\u00e1vara\n<\/span><\/div>","aioseo_breadcrumb_json":[{"label":"Home","link":"https:\/\/candas365.es\/noticias"},{"label":"Actualidad","link":"https:\/\/candas365.es\/noticias\/category\/actualidad\/"},{"label":"Benedicto XVI festeja su 90 cumplea\u00f1os con cerveza b\u00e1vara","link":"https:\/\/candas365.es\/noticias\/benedicto-xvi-festeja-su-90-cumpleanos-con-cerveza-bavara\/"}],"_links":{"self":[{"href":"https:\/\/candas365.es\/noticias\/wp-json\/wp\/v2\/posts\/69736","targetHints":{"allow":["GET"]}}],"collection":[{"href":"https:\/\/candas365.es\/noticias\/wp-json\/wp\/v2\/posts"}],"about":[{"href":"https:\/\/candas365.es\/noticias\/wp-json\/wp\/v2\/types\/post"}],"author":[{"embeddable":true,"href":"https:\/\/candas365.es\/noticias\/wp-json\/wp\/v2\/users\/1"}],"replies":[{"embeddable":true,"href":"https:\/\/candas365.es\/noticias\/wp-json\/wp\/v2\/comments?post=69736"}],"version-history":[{"count":0,"href":"https:\/\/candas365.es\/noticias\/wp-json\/wp\/v2\/posts\/69736\/revisions"}],"wp:attachment":[{"href":"https:\/\/candas365.es\/noticias\/wp-json\/wp\/v2\/media?parent=69736"}],"wp:term":[{"taxonomy":"category","embeddable":true,"href":"https:\/\/candas365.es\/noticias\/wp-json\/wp\/v2\/categories?post=69736"},{"taxonomy":"post_tag","embeddable":true,"href":"https:\/\/candas365.es\/noticias\/wp-json\/wp\/v2\/tags?post=69736"}],"curies":[{"name":"wp","href":"https:\/\/api.w.org\/{rel}","templated":true}]}}