{"id":69734,"date":"2017-04-18T18:02:40","date_gmt":"2017-04-18T18:02:40","guid":{"rendered":"http:\/\/candas365.es\/noticias\/?p=69734"},"modified":"2017-04-18T18:02:40","modified_gmt":"2017-04-18T18:02:40","slug":"bartra-agradece-visita-sorpresa-de-ex-companeros-del-barcelona","status":"publish","type":"post","link":"https:\/\/candas365.es\/noticias\/bartra-agradece-visita-sorpresa-de-ex-companeros-del-barcelona\/","title":{"rendered":"Bartra agradece visita sorpresa de ex compa\u00f1eros del Barcelona"},"content":{"rendered":"<p>(dpa) &#8211; El futbolista espa\u00f1ol Marc Bartra, que result\u00f3 herido en el ataque al autob\u00fas del Borussia Dortmund la pasada semana, agradeci\u00f3 hoy la visita sorpresa de Jordi Alba y Sergio Busquets, con quienes comparti\u00f3 el terreno de juego en su \u00e9poca en el Barcelona. <\/p>\n<p>\u00ab\u00a1Visitas sorpresa que te alegran y que no se olvidan nunca! Gracias de coraz\u00f3n amigos\u00bb, escribi\u00f3 el jugador en su cuenta de Twitter junto con una foto de los tres sonrientes a orillas de un lago donde disfrutaron del domingo de Pascua. <\/p>\n<p>El domingo por la noche, Alba ya colg\u00f3 una foto en su cuenta de Instagram de los tres sentados en un sof\u00e1. \u00abQu\u00e9 alegr\u00eda verte y compartir risas juntos amigo\u00bb, escribi\u00f3.<\/p>\n<p>El futbolista de 26 a\u00f1os recibi\u00f3 el s\u00e1bado el alta del hospital despu\u00e9s de ser operado de una fractura del radio de la mano derecha. El defensa tambi\u00e9n sufri\u00f3 heridas cortantes en un brazo. <\/p>\n<p>El ataque se produjo el martes cuando los jugadores viajaban en autob\u00fas hacia el estadio para enfrentarse al M\u00f3naco por la Liga de Campeones europea. Poco despu\u00e9s de que el veh\u00edculo abandonara el hotel donde se hab\u00eda concentrado el equipo explotaron tres artefactos ocultos a la vera de la calle. <\/p>\n<p>La onda expansiva hizo estallar los vidrios de seguridad del autob\u00fas, causando las heridas a Bartra y a un polic\u00eda. De acuerdo con el club, el ex jugador del Barcelona estar\u00e1 cuatro semanas de baja.<\/p>\n","protected":false},"excerpt":{"rendered":"<p>(dpa) &#8211; El futbolista espa\u00f1ol Marc Bartra, que result\u00f3 herido en el ataque al autob\u00fas del Borussia Dortmund la pasada semana, agradeci\u00f3 hoy la visita sorpresa de Jordi Alba y Sergio Busquets, con quienes comparti\u00f3 el terreno de juego en su \u00e9poca en el Barcelona. \u00ab\u00a1Visitas sorpresa que te alegran y que no se olvidan<\/p>\n","protected":false},"author":1,"featured_media":0,"comment_status":"open","ping_status":"closed","sticky":false,"template":"","format":"standard","meta":{"footnotes":""},"categories":[343],"tags":[],"class_list":{"0":"post-69734","1":"post","2":"type-post","3":"status-publish","4":"format-standard","6":"category-actualidad"},"aioseo_notices":[],"aioseo_head":"\n\t\t<!-- All in One SEO Pro 4.9.6.2 - aioseo.com -->\n\t<meta name=\"description\" content=\"(dpa) - El futbolista espa\u00f1ol Marc Bartra, que result\u00f3 herido en el ataque al autob\u00fas del Borussia Dortmund la pasada semana, agradeci\u00f3 hoy la visita sorpresa de Jordi Alba y Sergio Busquets, con quienes comparti\u00f3 el terreno de juego en su \u00e9poca en el Barcelona. &quot;\u00a1Visitas sorpresa que te alegran y que no se olvidan\" \/>\n\t<meta name=\"robots\" content=\"max-image-preview:large\" \/>\n\t<meta name=\"author\" content=\"Cand\u00e1s 365\"\/>\n\t<meta name=\"google-site-verification\" content=\"UA-32230408-1\" \/>\n\t<meta name=\"msvalidate.01\" content=\"354F3CDFB2DA171B47FBE9ABF1F88D5\" \/>\n\t<meta name=\"keywords\" content=\"actualidad\" \/>\n\t<link rel=\"canonical\" href=\"https:\/\/candas365.es\/noticias\/bartra-agradece-visita-sorpresa-de-ex-companeros-del-barcelona\/\" \/>\n\t<meta name=\"generator\" content=\"All in One SEO Pro (AIOSEO) 4.9.6.2\" \/>\n\t\t<meta property=\"og:locale\" content=\"es_ES\" \/>\n\t\t<meta property=\"og:site_name\" content=\"Cand\u00e1s 365\" \/>\n\t\t<meta property=\"og:type\" content=\"article\" \/>\n\t\t<meta property=\"og:title\" content=\"Bartra agradece visita sorpresa de ex compa\u00f1eros del Barcelona | Cand\u00e1s 365\" \/>\n\t\t<meta property=\"og:description\" content=\"(dpa) - El futbolista espa\u00f1ol Marc Bartra, que result\u00f3 herido en el ataque al autob\u00fas del Borussia Dortmund la pasada semana, agradeci\u00f3 hoy la visita sorpresa de Jordi Alba y Sergio Busquets, con quienes comparti\u00f3 el terreno de juego en su \u00e9poca en el Barcelona. &quot;\u00a1Visitas sorpresa que te alegran y que no se olvidan\" \/>\n\t\t<meta property=\"og:url\" content=\"https:\/\/candas365.es\/noticias\/bartra-agradece-visita-sorpresa-de-ex-companeros-del-barcelona\/\" \/>\n\t\t<meta property=\"og:image\" content=\"https:\/\/candas365.es\/noticias\/wp-content\/uploads\/2024\/09\/Candas-365-Redes.jpg\" \/>\n\t\t<meta property=\"og:image:secure_url\" content=\"https:\/\/candas365.es\/noticias\/wp-content\/uploads\/2024\/09\/Candas-365-Redes.jpg\" \/>\n\t\t<meta property=\"og:image:width\" content=\"1152\" \/>\n\t\t<meta property=\"og:image:height\" content=\"864\" \/>\n\t\t<meta property=\"article:published_time\" content=\"2017-04-18T18:02:40+00:00\" \/>\n\t\t<meta property=\"article:modified_time\" content=\"2017-04-18T18:02:40+00:00\" \/>\n\t\t<meta property=\"article:publisher\" content=\"https:\/\/www.facebook.com\/Nachofdezber\" \/>\n\t\t<meta property=\"article:author\" content=\"https:\/\/www.facebook.com\/carrenoactualidad\" \/>\n\t\t<meta name=\"twitter:card\" content=\"summary_large_image\" \/>\n\t\t<meta name=\"twitter:site\" content=\"@NabercoDigital\" \/>\n\t\t<meta name=\"twitter:title\" content=\"Bartra agradece visita sorpresa de ex compa\u00f1eros del Barcelona | Cand\u00e1s 365\" \/>\n\t\t<meta name=\"twitter:description\" content=\"(dpa) - El futbolista espa\u00f1ol Marc Bartra, que result\u00f3 herido en el ataque al autob\u00fas del Borussia Dortmund la pasada semana, agradeci\u00f3 hoy la visita sorpresa de Jordi Alba y Sergio Busquets, con quienes comparti\u00f3 el terreno de juego en su \u00e9poca en el Barcelona. &quot;\u00a1Visitas sorpresa que te alegran y que no se olvidan\" \/>\n\t\t<meta name=\"twitter:creator\" content=\"@nbasturias\" \/>\n\t\t<meta name=\"twitter:image\" content=\"https:\/\/candas365.es\/noticias\/wp-content\/uploads\/2024\/09\/Candas-365-Redes.jpg\" \/>\n\t\t<meta name=\"twitter:label1\" content=\"Escrito por\" \/>\n\t\t<meta name=\"twitter:data1\" content=\"Cand\u00e1s 365\" \/>\n\t\t<meta name=\"twitter:label2\" content=\"Tiempo de lectura estimado\" \/>\n\t\t<meta name=\"twitter:data2\" content=\"1 minuto\" \/>\n\t\t<script type=\"application\/ld+json\" class=\"aioseo-schema\">\n\t\t\t{\"@context\":\"https:\\\/\\\/schema.org\",\"@graph\":[{\"@type\":\"BreadcrumbList\",\"@id\":\"https:\\\/\\\/candas365.es\\\/noticias\\\/bartra-agradece-visita-sorpresa-de-ex-companeros-del-barcelona\\\/#breadcrumblist\",\"itemListElement\":[{\"@type\":\"ListItem\",\"@id\":\"https:\\\/\\\/candas365.es\\\/noticias#listItem\",\"position\":1,\"name\":\"Home\",\"item\":\"https:\\\/\\\/candas365.es\\\/noticias\",\"nextItem\":{\"@type\":\"ListItem\",\"@id\":\"https:\\\/\\\/candas365.es\\\/noticias\\\/category\\\/actualidad\\\/#listItem\",\"name\":\"Actualidad\"}},{\"@type\":\"ListItem\",\"@id\":\"https:\\\/\\\/candas365.es\\\/noticias\\\/category\\\/actualidad\\\/#listItem\",\"position\":2,\"name\":\"Actualidad\",\"item\":\"https:\\\/\\\/candas365.es\\\/noticias\\\/category\\\/actualidad\\\/\",\"nextItem\":{\"@type\":\"ListItem\",\"@id\":\"https:\\\/\\\/candas365.es\\\/noticias\\\/bartra-agradece-visita-sorpresa-de-ex-companeros-del-barcelona\\\/#listItem\",\"name\":\"Bartra agradece visita sorpresa de ex compa\\u00f1eros del Barcelona\"},\"previousItem\":{\"@type\":\"ListItem\",\"@id\":\"https:\\\/\\\/candas365.es\\\/noticias#listItem\",\"name\":\"Home\"}},{\"@type\":\"ListItem\",\"@id\":\"https:\\\/\\\/candas365.es\\\/noticias\\\/bartra-agradece-visita-sorpresa-de-ex-companeros-del-barcelona\\\/#listItem\",\"position\":3,\"name\":\"Bartra agradece visita sorpresa de ex compa\\u00f1eros del Barcelona\",\"previousItem\":{\"@type\":\"ListItem\",\"@id\":\"https:\\\/\\\/candas365.es\\\/noticias\\\/category\\\/actualidad\\\/#listItem\",\"name\":\"Actualidad\"}}]},{\"@type\":\"NewsArticle\",\"@id\":\"https:\\\/\\\/candas365.es\\\/noticias\\\/bartra-agradece-visita-sorpresa-de-ex-companeros-del-barcelona\\\/#newsarticle\",\"name\":\"Bartra agradece visita sorpresa de ex compa\\u00f1eros del Barcelona | Cand\\u00e1s 365\",\"headline\":\"Bartra agradece visita sorpresa de ex compa\\u00f1eros del Barcelona\",\"author\":{\"@id\":\"https:\\\/\\\/candas365.es\\\/noticias\\\/author\\\/admin\\\/#author\"},\"publisher\":{\"@id\":\"https:\\\/\\\/candas365.es\\\/noticias\\\/#organization\"},\"image\":{\"@type\":\"ImageObject\",\"url\":\"https:\\\/\\\/candas365.es\\\/noticias\\\/wp-content\\\/uploads\\\/2024\\\/09\\\/Candas-365-Redes.jpg\",\"@id\":\"https:\\\/\\\/candas365.es\\\/noticias\\\/#articleImage\",\"width\":1152,\"height\":864,\"caption\":\"Cand\\u00e1s 365 Redes\"},\"datePublished\":\"2017-04-18T18:02:40+02:00\",\"dateModified\":\"2017-04-18T18:02:40+02:00\",\"inLanguage\":\"es-ES\",\"mainEntityOfPage\":{\"@id\":\"https:\\\/\\\/candas365.es\\\/noticias\\\/bartra-agradece-visita-sorpresa-de-ex-companeros-del-barcelona\\\/#webpage\"},\"isPartOf\":{\"@id\":\"https:\\\/\\\/candas365.es\\\/noticias\\\/bartra-agradece-visita-sorpresa-de-ex-companeros-del-barcelona\\\/#webpage\"},\"articleSection\":\"Actualidad\",\"dateline\":\"Publicado el abril 18, 2017.\"},{\"@type\":\"Organization\",\"@id\":\"https:\\\/\\\/candas365.es\\\/noticias\\\/#organization\",\"name\":\"Cand\\u00e1s 365\",\"description\":\"Cand\\u00e1s 365 es un diario digital independiente, fundado en 2012, con base en Asturias. Informamos con rigor sobre actualidad, sociedad, cultura y ocio, con una mirada local y global.\",\"url\":\"https:\\\/\\\/candas365.es\\\/noticias\\\/\",\"email\":\"info@candas365.es\",\"telephone\":\"+34652131393\",\"foundingDate\":\"2012-06-10\",\"logo\":{\"@type\":\"ImageObject\",\"url\":\"https:\\\/\\\/candas365.es\\\/noticias\\\/wp-content\\\/uploads\\\/2024\\\/09\\\/Candas-365-Redes.jpg\",\"@id\":\"https:\\\/\\\/candas365.es\\\/noticias\\\/bartra-agradece-visita-sorpresa-de-ex-companeros-del-barcelona\\\/#organizationLogo\",\"width\":1152,\"height\":864,\"caption\":\"Cand\\u00e1s 365 Redes\"},\"image\":{\"@id\":\"https:\\\/\\\/candas365.es\\\/noticias\\\/bartra-agradece-visita-sorpresa-de-ex-companeros-del-barcelona\\\/#organizationLogo\"},\"sameAs\":[\"https:\\\/\\\/www.facebook.com\\\/Nachofdezber\",\"https:\\\/\\\/x.com\\\/NabercoDigital\",\"https:\\\/\\\/www.instagram.com\\\/nachofdezber\\\/\",\"https:\\\/\\\/www.youtube.com\\\/channel\\\/UCZP-2wLEB9Rv6erhFmqVnvg\"],\"address\":{\"@id\":\"https:\\\/\\\/candas365.es\\\/noticias\\\/#postaladdress\",\"@type\":\"PostalAddress\",\"streetAddress\":\"san antonio 4, san antonio 4\",\"postalCode\":\"33430\",\"addressLocality\":\"Cand\\u00e1s\",\"addressRegion\":\"Asturias\",\"addressCountry\":\"ES\"}},{\"@type\":\"Person\",\"@id\":\"https:\\\/\\\/candas365.es\\\/noticias\\\/author\\\/admin\\\/#author\",\"url\":\"https:\\\/\\\/candas365.es\\\/noticias\\\/author\\\/admin\\\/\",\"name\":\"Cand\\u00e1s 365\",\"image\":{\"@type\":\"ImageObject\",\"@id\":\"https:\\\/\\\/candas365.es\\\/noticias\\\/bartra-agradece-visita-sorpresa-de-ex-companeros-del-barcelona\\\/#authorImage\",\"url\":\"https:\\\/\\\/secure.gravatar.com\\\/avatar\\\/496a8e03d0c493ede1718b7934145dbdf8d89be1036b0eec9544e1094c9de390?s=96&d=mm&r=g\",\"width\":96,\"height\":96,\"caption\":\"Cand\\u00e1s 365\"},\"sameAs\":[\"https:\\\/\\\/www.facebook.com\\\/carrenoactualidad\",\"https:\\\/\\\/twitter.com\\\/nbasturias\",\"https:\\\/\\\/www.instagram.com\\\/nachofdezber\\\/\",\"https:\\\/\\\/www.youtube.com\\\/channel\\\/UCZP-2wLEB9Rv6erhFmqVnvg\"]},{\"@type\":\"WebPage\",\"@id\":\"https:\\\/\\\/candas365.es\\\/noticias\\\/bartra-agradece-visita-sorpresa-de-ex-companeros-del-barcelona\\\/#webpage\",\"url\":\"https:\\\/\\\/candas365.es\\\/noticias\\\/bartra-agradece-visita-sorpresa-de-ex-companeros-del-barcelona\\\/\",\"name\":\"Bartra agradece visita sorpresa de ex compa\\u00f1eros del Barcelona | Cand\\u00e1s 365\",\"description\":\"(dpa) - El futbolista espa\\u00f1ol Marc Bartra, que result\\u00f3 herido en el ataque al autob\\u00fas del Borussia Dortmund la pasada semana, agradeci\\u00f3 hoy la visita sorpresa de Jordi Alba y Sergio Busquets, con quienes comparti\\u00f3 el terreno de juego en su \\u00e9poca en el Barcelona. \\\"\\u00a1Visitas sorpresa que te alegran y que no se olvidan\",\"inLanguage\":\"es-ES\",\"isPartOf\":{\"@id\":\"https:\\\/\\\/candas365.es\\\/noticias\\\/#website\"},\"breadcrumb\":{\"@id\":\"https:\\\/\\\/candas365.es\\\/noticias\\\/bartra-agradece-visita-sorpresa-de-ex-companeros-del-barcelona\\\/#breadcrumblist\"},\"author\":{\"@id\":\"https:\\\/\\\/candas365.es\\\/noticias\\\/author\\\/admin\\\/#author\"},\"creator\":{\"@id\":\"https:\\\/\\\/candas365.es\\\/noticias\\\/author\\\/admin\\\/#author\"},\"datePublished\":\"2017-04-18T18:02:40+02:00\",\"dateModified\":\"2017-04-18T18:02:40+02:00\"},{\"@type\":\"WebSite\",\"@id\":\"https:\\\/\\\/candas365.es\\\/noticias\\\/#website\",\"url\":\"https:\\\/\\\/candas365.es\\\/noticias\\\/\",\"name\":\"Cand\\u00e1s 365\",\"alternateName\":\"Cand\\u00e1s 365 Noticias\",\"description\":\"Actualidad desde Carre\\u00f1o para el mundo\",\"inLanguage\":\"es-ES\",\"publisher\":{\"@id\":\"https:\\\/\\\/candas365.es\\\/noticias\\\/#organization\"}}]}\n\t\t<\/script>\n\t\t<!-- All in One SEO Pro -->\r\n\t\t<title>Bartra agradece visita sorpresa de ex compa\u00f1eros del Barcelona | Cand\u00e1s 365<\/title>\n\n","aioseo_head_json":{"title":"Bartra agradece visita sorpresa de ex compa\u00f1eros del Barcelona | Cand\u00e1s 365","description":"(dpa) - El futbolista espa\u00f1ol Marc Bartra, que result\u00f3 herido en el ataque al autob\u00fas del Borussia Dortmund la pasada semana, agradeci\u00f3 hoy la visita sorpresa de Jordi Alba y Sergio Busquets, con quienes comparti\u00f3 el terreno de juego en su \u00e9poca en el Barcelona. \"\u00a1Visitas sorpresa que te alegran y que no se olvidan","canonical_url":"https:\/\/candas365.es\/noticias\/bartra-agradece-visita-sorpresa-de-ex-companeros-del-barcelona\/","robots":"max-image-preview:large","keywords":"actualidad","webmasterTools":{"google-site-verification":"UA-32230408-1","msvalidate.01":"354F3CDFB2DA171B47FBE9ABF1F88D5","miscellaneous":""},"schema":{"@context":"https:\/\/schema.org","@graph":[{"@type":"BreadcrumbList","@id":"https:\/\/candas365.es\/noticias\/bartra-agradece-visita-sorpresa-de-ex-companeros-del-barcelona\/#breadcrumblist","itemListElement":[{"@type":"ListItem","@id":"https:\/\/candas365.es\/noticias#listItem","position":1,"name":"Home","item":"https:\/\/candas365.es\/noticias","nextItem":{"@type":"ListItem","@id":"https:\/\/candas365.es\/noticias\/category\/actualidad\/#listItem","name":"Actualidad"}},{"@type":"ListItem","@id":"https:\/\/candas365.es\/noticias\/category\/actualidad\/#listItem","position":2,"name":"Actualidad","item":"https:\/\/candas365.es\/noticias\/category\/actualidad\/","nextItem":{"@type":"ListItem","@id":"https:\/\/candas365.es\/noticias\/bartra-agradece-visita-sorpresa-de-ex-companeros-del-barcelona\/#listItem","name":"Bartra agradece visita sorpresa de ex compa\u00f1eros del Barcelona"},"previousItem":{"@type":"ListItem","@id":"https:\/\/candas365.es\/noticias#listItem","name":"Home"}},{"@type":"ListItem","@id":"https:\/\/candas365.es\/noticias\/bartra-agradece-visita-sorpresa-de-ex-companeros-del-barcelona\/#listItem","position":3,"name":"Bartra agradece visita sorpresa de ex compa\u00f1eros del Barcelona","previousItem":{"@type":"ListItem","@id":"https:\/\/candas365.es\/noticias\/category\/actualidad\/#listItem","name":"Actualidad"}}]},{"@type":"NewsArticle","@id":"https:\/\/candas365.es\/noticias\/bartra-agradece-visita-sorpresa-de-ex-companeros-del-barcelona\/#newsarticle","name":"Bartra agradece visita sorpresa de ex compa\u00f1eros del Barcelona | Cand\u00e1s 365","headline":"Bartra agradece visita sorpresa de ex compa\u00f1eros del Barcelona","author":{"@id":"https:\/\/candas365.es\/noticias\/author\/admin\/#author"},"publisher":{"@id":"https:\/\/candas365.es\/noticias\/#organization"},"image":{"@type":"ImageObject","url":"https:\/\/candas365.es\/noticias\/wp-content\/uploads\/2024\/09\/Candas-365-Redes.jpg","@id":"https:\/\/candas365.es\/noticias\/#articleImage","width":1152,"height":864,"caption":"Cand\u00e1s 365 Redes"},"datePublished":"2017-04-18T18:02:40+02:00","dateModified":"2017-04-18T18:02:40+02:00","inLanguage":"es-ES","mainEntityOfPage":{"@id":"https:\/\/candas365.es\/noticias\/bartra-agradece-visita-sorpresa-de-ex-companeros-del-barcelona\/#webpage"},"isPartOf":{"@id":"https:\/\/candas365.es\/noticias\/bartra-agradece-visita-sorpresa-de-ex-companeros-del-barcelona\/#webpage"},"articleSection":"Actualidad","dateline":"Publicado el abril 18, 2017."},{"@type":"Organization","@id":"https:\/\/candas365.es\/noticias\/#organization","name":"Cand\u00e1s 365","description":"Cand\u00e1s 365 es un diario digital independiente, fundado en 2012, con base en Asturias. Informamos con rigor sobre actualidad, sociedad, cultura y ocio, con una mirada local y global.","url":"https:\/\/candas365.es\/noticias\/","email":"info@candas365.es","telephone":"+34652131393","foundingDate":"2012-06-10","logo":{"@type":"ImageObject","url":"https:\/\/candas365.es\/noticias\/wp-content\/uploads\/2024\/09\/Candas-365-Redes.jpg","@id":"https:\/\/candas365.es\/noticias\/bartra-agradece-visita-sorpresa-de-ex-companeros-del-barcelona\/#organizationLogo","width":1152,"height":864,"caption":"Cand\u00e1s 365 Redes"},"image":{"@id":"https:\/\/candas365.es\/noticias\/bartra-agradece-visita-sorpresa-de-ex-companeros-del-barcelona\/#organizationLogo"},"sameAs":["https:\/\/www.facebook.com\/Nachofdezber","https:\/\/x.com\/NabercoDigital","https:\/\/www.instagram.com\/nachofdezber\/","https:\/\/www.youtube.com\/channel\/UCZP-2wLEB9Rv6erhFmqVnvg"],"address":{"@id":"https:\/\/candas365.es\/noticias\/#postaladdress","@type":"PostalAddress","streetAddress":"san antonio 4, san antonio 4","postalCode":"33430","addressLocality":"Cand\u00e1s","addressRegion":"Asturias","addressCountry":"ES"}},{"@type":"Person","@id":"https:\/\/candas365.es\/noticias\/author\/admin\/#author","url":"https:\/\/candas365.es\/noticias\/author\/admin\/","name":"Cand\u00e1s 365","image":{"@type":"ImageObject","@id":"https:\/\/candas365.es\/noticias\/bartra-agradece-visita-sorpresa-de-ex-companeros-del-barcelona\/#authorImage","url":"https:\/\/secure.gravatar.com\/avatar\/496a8e03d0c493ede1718b7934145dbdf8d89be1036b0eec9544e1094c9de390?s=96&d=mm&r=g","width":96,"height":96,"caption":"Cand\u00e1s 365"},"sameAs":["https:\/\/www.facebook.com\/carrenoactualidad","https:\/\/twitter.com\/nbasturias","https:\/\/www.instagram.com\/nachofdezber\/","https:\/\/www.youtube.com\/channel\/UCZP-2wLEB9Rv6erhFmqVnvg"]},{"@type":"WebPage","@id":"https:\/\/candas365.es\/noticias\/bartra-agradece-visita-sorpresa-de-ex-companeros-del-barcelona\/#webpage","url":"https:\/\/candas365.es\/noticias\/bartra-agradece-visita-sorpresa-de-ex-companeros-del-barcelona\/","name":"Bartra agradece visita sorpresa de ex compa\u00f1eros del Barcelona | Cand\u00e1s 365","description":"(dpa) - El futbolista espa\u00f1ol Marc Bartra, que result\u00f3 herido en el ataque al autob\u00fas del Borussia Dortmund la pasada semana, agradeci\u00f3 hoy la visita sorpresa de Jordi Alba y Sergio Busquets, con quienes comparti\u00f3 el terreno de juego en su \u00e9poca en el Barcelona. \"\u00a1Visitas sorpresa que te alegran y que no se olvidan","inLanguage":"es-ES","isPartOf":{"@id":"https:\/\/candas365.es\/noticias\/#website"},"breadcrumb":{"@id":"https:\/\/candas365.es\/noticias\/bartra-agradece-visita-sorpresa-de-ex-companeros-del-barcelona\/#breadcrumblist"},"author":{"@id":"https:\/\/candas365.es\/noticias\/author\/admin\/#author"},"creator":{"@id":"https:\/\/candas365.es\/noticias\/author\/admin\/#author"},"datePublished":"2017-04-18T18:02:40+02:00","dateModified":"2017-04-18T18:02:40+02:00"},{"@type":"WebSite","@id":"https:\/\/candas365.es\/noticias\/#website","url":"https:\/\/candas365.es\/noticias\/","name":"Cand\u00e1s 365","alternateName":"Cand\u00e1s 365 Noticias","description":"Actualidad desde Carre\u00f1o para el mundo","inLanguage":"es-ES","publisher":{"@id":"https:\/\/candas365.es\/noticias\/#organization"}}]},"og:locale":"es_ES","og:site_name":"Cand\u00e1s 365","og:type":"article","og:title":"Bartra agradece visita sorpresa de ex compa\u00f1eros del Barcelona | Cand\u00e1s 365","og:description":"(dpa) - El futbolista espa\u00f1ol Marc Bartra, que result\u00f3 herido en el ataque al autob\u00fas del Borussia Dortmund la pasada semana, agradeci\u00f3 hoy la visita sorpresa de Jordi Alba y Sergio Busquets, con quienes comparti\u00f3 el terreno de juego en su \u00e9poca en el Barcelona. &quot;\u00a1Visitas sorpresa que te alegran y que no se olvidan","og:url":"https:\/\/candas365.es\/noticias\/bartra-agradece-visita-sorpresa-de-ex-companeros-del-barcelona\/","og:image":"https:\/\/candas365.es\/noticias\/wp-content\/uploads\/2024\/09\/Candas-365-Redes.jpg","og:image:secure_url":"https:\/\/candas365.es\/noticias\/wp-content\/uploads\/2024\/09\/Candas-365-Redes.jpg","og:image:width":1152,"og:image:height":864,"article:published_time":"2017-04-18T18:02:40+00:00","article:modified_time":"2017-04-18T18:02:40+00:00","article:publisher":"https:\/\/www.facebook.com\/Nachofdezber","article:author":"https:\/\/www.facebook.com\/carrenoactualidad","twitter:card":"summary_large_image","twitter:site":"@NabercoDigital","twitter:title":"Bartra agradece visita sorpresa de ex compa\u00f1eros del Barcelona | Cand\u00e1s 365","twitter:description":"(dpa) - El futbolista espa\u00f1ol Marc Bartra, que result\u00f3 herido en el ataque al autob\u00fas del Borussia Dortmund la pasada semana, agradeci\u00f3 hoy la visita sorpresa de Jordi Alba y Sergio Busquets, con quienes comparti\u00f3 el terreno de juego en su \u00e9poca en el Barcelona. &quot;\u00a1Visitas sorpresa que te alegran y que no se olvidan","twitter:creator":"@nbasturias","twitter:image":"https:\/\/candas365.es\/noticias\/wp-content\/uploads\/2024\/09\/Candas-365-Redes.jpg","twitter:label1":"Escrito por","twitter:data1":"Cand\u00e1s 365","twitter:label2":"Tiempo de lectura estimado","twitter:data2":"1 minuto"},"aioseo_meta_data":{"post_id":"69734","title":null,"description":null,"keywords":null,"keyphrases":null,"primary_term":null,"canonical_url":null,"og_title":null,"og_description":null,"og_object_type":"default","og_image_type":"default","og_image_url":null,"og_image_width":null,"og_image_height":null,"og_image_custom_url":null,"og_image_custom_fields":null,"og_video":null,"og_custom_url":null,"og_article_section":null,"og_article_tags":null,"twitter_use_og":false,"twitter_card":"default","twitter_image_type":"default","twitter_image_url":null,"twitter_image_custom_url":null,"twitter_image_custom_fields":null,"twitter_title":null,"twitter_description":null,"schema":{"blockGraphs":[],"customGraphs":[],"default":{"data":{"Article":[],"Course":[],"Dataset":[],"FAQPage":[],"Movie":[],"Person":[],"Product":[],"ProductReview":[],"Car":[],"Recipe":[],"Service":[],"SoftwareApplication":[],"WebPage":[]},"graphName":"","isEnabled":true},"graphs":[],"defaultGraph":"","defaultPostTypeGraph":""},"schema_type":null,"schema_type_options":null,"pillar_content":false,"robots_default":true,"robots_noindex":false,"robots_noarchive":false,"robots_nosnippet":false,"robots_nofollow":false,"robots_noimageindex":false,"robots_noodp":false,"robots_notranslate":false,"robots_max_snippet":null,"robots_max_videopreview":null,"robots_max_imagepreview":"large","priority":null,"frequency":null,"location":null,"local_seo":null,"seo_analyzer_scan_date":"2025-08-25 11:17:26","breadcrumb_settings":null,"limit_modified_date":false,"reviewed_by":null,"open_ai":null,"ai":null,"created":"2020-12-21 13:01:32","updated":"2025-08-25 11:17:26"},"aioseo_breadcrumb":"<div class=\"aioseo-breadcrumbs\"><span class=\"aioseo-breadcrumb\">\n\t<a href=\"https:\/\/candas365.es\/noticias\" title=\"Home\">Home<\/a>\n<\/span><span class=\"aioseo-breadcrumb-separator\">&ndash;<\/span><span class=\"aioseo-breadcrumb\">\n\t<a href=\"https:\/\/candas365.es\/noticias\/category\/actualidad\/\" title=\"Actualidad\">Actualidad<\/a>\n<\/span><span class=\"aioseo-breadcrumb-separator\">&ndash;<\/span><span class=\"aioseo-breadcrumb\">\n\tBartra agradece visita sorpresa de ex compa\u00f1eros del Barcelona\n<\/span><\/div>","aioseo_breadcrumb_json":[{"label":"Home","link":"https:\/\/candas365.es\/noticias"},{"label":"Actualidad","link":"https:\/\/candas365.es\/noticias\/category\/actualidad\/"},{"label":"Bartra agradece visita sorpresa de ex compa\u00f1eros del Barcelona","link":"https:\/\/candas365.es\/noticias\/bartra-agradece-visita-sorpresa-de-ex-companeros-del-barcelona\/"}],"_links":{"self":[{"href":"https:\/\/candas365.es\/noticias\/wp-json\/wp\/v2\/posts\/69734","targetHints":{"allow":["GET"]}}],"collection":[{"href":"https:\/\/candas365.es\/noticias\/wp-json\/wp\/v2\/posts"}],"about":[{"href":"https:\/\/candas365.es\/noticias\/wp-json\/wp\/v2\/types\/post"}],"author":[{"embeddable":true,"href":"https:\/\/candas365.es\/noticias\/wp-json\/wp\/v2\/users\/1"}],"replies":[{"embeddable":true,"href":"https:\/\/candas365.es\/noticias\/wp-json\/wp\/v2\/comments?post=69734"}],"version-history":[{"count":0,"href":"https:\/\/candas365.es\/noticias\/wp-json\/wp\/v2\/posts\/69734\/revisions"}],"wp:attachment":[{"href":"https:\/\/candas365.es\/noticias\/wp-json\/wp\/v2\/media?parent=69734"}],"wp:term":[{"taxonomy":"category","embeddable":true,"href":"https:\/\/candas365.es\/noticias\/wp-json\/wp\/v2\/categories?post=69734"},{"taxonomy":"post_tag","embeddable":true,"href":"https:\/\/candas365.es\/noticias\/wp-json\/wp\/v2\/tags?post=69734"}],"curies":[{"name":"wp","href":"https:\/\/api.w.org\/{rel}","templated":true}]}}