{"id":69730,"date":"2017-04-18T18:01:08","date_gmt":"2017-04-18T18:01:08","guid":{"rendered":"http:\/\/candas365.es\/noticias\/?p=69730"},"modified":"2017-04-18T18:01:08","modified_gmt":"2017-04-18T18:01:08","slug":"xabi-alonso-regresa-al-bernabeu-punto-y-seguido-o-punto-y-final","status":"publish","type":"post","link":"https:\/\/candas365.es\/noticias\/xabi-alonso-regresa-al-bernabeu-punto-y-seguido-o-punto-y-final\/","title":{"rendered":"Xabi Alonso regresa al Bernab\u00e9u: \u00bfpunto y seguido o punto y final?"},"content":{"rendered":"<p>(dpa) &#8211; El futbolista del Bayern M\u00fanich Xabi Alonso regresar\u00e1 ma\u00f1ana al Santiago Bernab\u00e9u con una cuesti\u00f3n por resolver: \u00bfser\u00e1 un punto y seguido en la Liga de Campeones o, por el contrario, dibujar\u00e1 un punto y final?<\/p>\n<p>El centrocampista anunci\u00f3 hace un mes que a sus 35 a\u00f1os dejar\u00e1 el f\u00fatbol a final de temporada. Por eso, el encuentro de ma\u00f1ana puede significar el final de algo. O quiz\u00e1 no.<\/p>\n<p>Alonso fue jugador del Real Madrid entre 2009 y 2014, cinco temporadas en las que se reivindic\u00f3 como el gran cerebro del equipo blanco. Titular indiscutible cada temporada, fue imprescindible para todos sus t\u00e9cnicos por su car\u00e1cter, lectura del juego y preciso golpeo de bal\u00f3n.<\/p>\n<p>En 2014, y contra todo pron\u00f3stico, decidi\u00f3 cambiar de equipo poco antes de comenzar la nueva temporada en una decisi\u00f3n que no muchos entendieron. Tras ganar la Liga de Campeones con el Real Madrid, Alonso decidi\u00f3 fichar por el Bayern M\u00fanich que entonces entrenaba Josep Guardiola. No sali\u00f3 del club blanco por la puerta de atr\u00e1s, pero tampoco lo hizo por la puerta grande.<\/p>\n<p>En sus tres temporadas en Alemania tambi\u00e9n fue actor principal y le sirvi\u00f3 para aprender cosas de otra Liga. Tambi\u00e9n de un entrenador como Guardiola. Al actual, Carlo Ancelotti, ya lo conoci\u00f3 en su \u00faltima temporada en el Real Madrid.<\/p>\n<p>Ahora regresa al Bernab\u00e9u con la posibilidad concreta de jugar su \u00faltimo partido de Liga de Campeones. El Bayern perdi\u00f3 2-1 en M\u00fanich en el partido de ida y est\u00e1 contra las cuerdas. <\/p>\n<p>\u00abYo no s\u00e9 c\u00f3mo lo voy a gestionar. Recordar\u00e9 todos los momentos que pase all\u00ed y que marcaron mi historia en el Madrid. Ser\u00e1 mi despedida hacia un p\u00fablico al que respeto mucho y del que siempre he recibido el mismo respeto\u00bb, explic\u00f3 en una entrevista publicada hoy por el diario \u00abEl Pa\u00eds\u00bb.<\/p>\n<p>Para Alonso, un hombre poco dado a expresar muestras de afecto en p\u00fablico, ser\u00e1 un encuentro especial, pero ante todo una oportunidad m\u00e1s de comprobar lo buen competidor que es, c\u00f3mo sabe dejar atr\u00e1s las cuestiones sentimentales para defender el escudo que lleva en la camiseta.<\/p>\n<p>\u00abAdem\u00e1s de jugar muy bien hay que tener un poco de suerte y que ellos no tengan un buen d\u00eda\u00bb, relat\u00f3 en la citada entrevista.<\/p>\n<p>No ser\u00e1 el \u00fanico regreso significativo al Bernab\u00e9u, pues tambi\u00e9n vuelve Ancelotti. Fue t\u00e9cnico del Real Madrid hasta hace dos temporadas y fue despedido por su presidente, Florentino P\u00e9rez, despu\u00e9s de concluir una campa\u00f1a sin t\u00edtulos, la siguiente a la conquista de la famosa d\u00e9cima Copa de Europa.<\/p>\n<p>Ancelotti fue v\u00edctima de la \u00abtrituradora\u00bb de entrenadores que es el Real Madrid de P\u00e9rez y con el Bayern aspira a ganar su sexta Copa de Europa tras haber conquistado dos como jugador del Milan y tres como entrenador. <\/p>\n<p>Ahora tiene ante s\u00ed un reto con categor\u00eda de gesta: seguir adelante remontando un claro marcador en contra. Y nada menos que en el Santiago Bernab\u00e9u, que tanto le aplaudi\u00f3 hasta no hace mucho tiempo. Lo intentar\u00e1 con Alonso al mando de su equipo.<\/p>\n<p>Por Alberto Bravo <\/p>\n","protected":false},"excerpt":{"rendered":"<p>(dpa) &#8211; El futbolista del Bayern M\u00fanich Xabi Alonso regresar\u00e1 ma\u00f1ana al Santiago Bernab\u00e9u con una cuesti\u00f3n por resolver: \u00bfser\u00e1 un punto y seguido en la Liga de Campeones o, por el contrario, dibujar\u00e1 un punto y final? El centrocampista anunci\u00f3 hace un mes que a sus 35 a\u00f1os dejar\u00e1 el f\u00fatbol a final de<\/p>\n","protected":false},"author":1,"featured_media":0,"comment_status":"open","ping_status":"closed","sticky":false,"template":"","format":"standard","meta":{"footnotes":""},"categories":[343],"tags":[],"class_list":{"0":"post-69730","1":"post","2":"type-post","3":"status-publish","4":"format-standard","6":"category-actualidad"},"aioseo_notices":[],"aioseo_head":"\n\t\t<!-- All in One SEO Pro 4.9.6.2 - aioseo.com -->\n\t<meta name=\"description\" content=\"(dpa) - El futbolista del Bayern M\u00fanich Xabi Alonso regresar\u00e1 ma\u00f1ana al Santiago Bernab\u00e9u con una cuesti\u00f3n por resolver: \u00bfser\u00e1 un punto y seguido en la Liga de Campeones o, por el contrario, dibujar\u00e1 un punto y final? El centrocampista anunci\u00f3 hace un mes que a sus 35 a\u00f1os dejar\u00e1 el f\u00fatbol a final de\" \/>\n\t<meta name=\"robots\" content=\"max-image-preview:large\" \/>\n\t<meta name=\"author\" content=\"Cand\u00e1s 365\"\/>\n\t<meta name=\"google-site-verification\" content=\"UA-32230408-1\" \/>\n\t<meta name=\"msvalidate.01\" content=\"354F3CDFB2DA171B47FBE9ABF1F88D5\" \/>\n\t<meta name=\"keywords\" content=\"actualidad\" \/>\n\t<link rel=\"canonical\" href=\"https:\/\/candas365.es\/noticias\/xabi-alonso-regresa-al-bernabeu-punto-y-seguido-o-punto-y-final\/\" \/>\n\t<meta name=\"generator\" content=\"All in One SEO Pro (AIOSEO) 4.9.6.2\" \/>\n\t\t<meta property=\"og:locale\" content=\"es_ES\" \/>\n\t\t<meta property=\"og:site_name\" content=\"Cand\u00e1s 365\" \/>\n\t\t<meta property=\"og:type\" content=\"article\" \/>\n\t\t<meta property=\"og:title\" content=\"Xabi Alonso regresa al Bernab\u00e9u: \u00bfpunto y seguido o punto y final? | Cand\u00e1s 365\" \/>\n\t\t<meta property=\"og:description\" content=\"(dpa) - El futbolista del Bayern M\u00fanich Xabi Alonso regresar\u00e1 ma\u00f1ana al Santiago Bernab\u00e9u con una cuesti\u00f3n por resolver: \u00bfser\u00e1 un punto y seguido en la Liga de Campeones o, por el contrario, dibujar\u00e1 un punto y final? El centrocampista anunci\u00f3 hace un mes que a sus 35 a\u00f1os dejar\u00e1 el f\u00fatbol a final de\" \/>\n\t\t<meta property=\"og:url\" content=\"https:\/\/candas365.es\/noticias\/xabi-alonso-regresa-al-bernabeu-punto-y-seguido-o-punto-y-final\/\" \/>\n\t\t<meta property=\"og:image\" content=\"https:\/\/candas365.es\/noticias\/wp-content\/uploads\/2024\/09\/Candas-365-Redes.jpg\" \/>\n\t\t<meta property=\"og:image:secure_url\" content=\"https:\/\/candas365.es\/noticias\/wp-content\/uploads\/2024\/09\/Candas-365-Redes.jpg\" \/>\n\t\t<meta property=\"og:image:width\" content=\"1152\" \/>\n\t\t<meta property=\"og:image:height\" content=\"864\" \/>\n\t\t<meta property=\"article:published_time\" content=\"2017-04-18T18:01:08+00:00\" \/>\n\t\t<meta property=\"article:modified_time\" content=\"2017-04-18T18:01:08+00:00\" \/>\n\t\t<meta property=\"article:publisher\" content=\"https:\/\/www.facebook.com\/Nachofdezber\" \/>\n\t\t<meta property=\"article:author\" content=\"https:\/\/www.facebook.com\/carrenoactualidad\" \/>\n\t\t<meta name=\"twitter:card\" content=\"summary_large_image\" \/>\n\t\t<meta name=\"twitter:site\" content=\"@NabercoDigital\" \/>\n\t\t<meta name=\"twitter:title\" content=\"Xabi Alonso regresa al Bernab\u00e9u: \u00bfpunto y seguido o punto y final? | Cand\u00e1s 365\" \/>\n\t\t<meta name=\"twitter:description\" content=\"(dpa) - El futbolista del Bayern M\u00fanich Xabi Alonso regresar\u00e1 ma\u00f1ana al Santiago Bernab\u00e9u con una cuesti\u00f3n por resolver: \u00bfser\u00e1 un punto y seguido en la Liga de Campeones o, por el contrario, dibujar\u00e1 un punto y final? El centrocampista anunci\u00f3 hace un mes que a sus 35 a\u00f1os dejar\u00e1 el f\u00fatbol a final de\" \/>\n\t\t<meta name=\"twitter:creator\" content=\"@nbasturias\" \/>\n\t\t<meta name=\"twitter:image\" content=\"https:\/\/candas365.es\/noticias\/wp-content\/uploads\/2024\/09\/Candas-365-Redes.jpg\" \/>\n\t\t<meta name=\"twitter:label1\" content=\"Escrito por\" \/>\n\t\t<meta name=\"twitter:data1\" content=\"Cand\u00e1s 365\" \/>\n\t\t<meta name=\"twitter:label2\" content=\"Tiempo de lectura estimado\" \/>\n\t\t<meta name=\"twitter:data2\" content=\"3 minutos\" \/>\n\t\t<script type=\"application\/ld+json\" class=\"aioseo-schema\">\n\t\t\t{\"@context\":\"https:\\\/\\\/schema.org\",\"@graph\":[{\"@type\":\"BreadcrumbList\",\"@id\":\"https:\\\/\\\/candas365.es\\\/noticias\\\/xabi-alonso-regresa-al-bernabeu-punto-y-seguido-o-punto-y-final\\\/#breadcrumblist\",\"itemListElement\":[{\"@type\":\"ListItem\",\"@id\":\"https:\\\/\\\/candas365.es\\\/noticias#listItem\",\"position\":1,\"name\":\"Home\",\"item\":\"https:\\\/\\\/candas365.es\\\/noticias\",\"nextItem\":{\"@type\":\"ListItem\",\"@id\":\"https:\\\/\\\/candas365.es\\\/noticias\\\/category\\\/actualidad\\\/#listItem\",\"name\":\"Actualidad\"}},{\"@type\":\"ListItem\",\"@id\":\"https:\\\/\\\/candas365.es\\\/noticias\\\/category\\\/actualidad\\\/#listItem\",\"position\":2,\"name\":\"Actualidad\",\"item\":\"https:\\\/\\\/candas365.es\\\/noticias\\\/category\\\/actualidad\\\/\",\"nextItem\":{\"@type\":\"ListItem\",\"@id\":\"https:\\\/\\\/candas365.es\\\/noticias\\\/xabi-alonso-regresa-al-bernabeu-punto-y-seguido-o-punto-y-final\\\/#listItem\",\"name\":\"Xabi Alonso regresa al Bernab\\u00e9u: \\u00bfpunto y seguido o punto y final?\"},\"previousItem\":{\"@type\":\"ListItem\",\"@id\":\"https:\\\/\\\/candas365.es\\\/noticias#listItem\",\"name\":\"Home\"}},{\"@type\":\"ListItem\",\"@id\":\"https:\\\/\\\/candas365.es\\\/noticias\\\/xabi-alonso-regresa-al-bernabeu-punto-y-seguido-o-punto-y-final\\\/#listItem\",\"position\":3,\"name\":\"Xabi Alonso regresa al Bernab\\u00e9u: \\u00bfpunto y seguido o punto y final?\",\"previousItem\":{\"@type\":\"ListItem\",\"@id\":\"https:\\\/\\\/candas365.es\\\/noticias\\\/category\\\/actualidad\\\/#listItem\",\"name\":\"Actualidad\"}}]},{\"@type\":\"NewsArticle\",\"@id\":\"https:\\\/\\\/candas365.es\\\/noticias\\\/xabi-alonso-regresa-al-bernabeu-punto-y-seguido-o-punto-y-final\\\/#newsarticle\",\"name\":\"Xabi Alonso regresa al Bernab\\u00e9u: \\u00bfpunto y seguido o punto y final? | Cand\\u00e1s 365\",\"headline\":\"Xabi Alonso regresa al Bernab\\u00e9u: \\u00bfpunto y seguido o punto y final?\",\"author\":{\"@id\":\"https:\\\/\\\/candas365.es\\\/noticias\\\/author\\\/admin\\\/#author\"},\"publisher\":{\"@id\":\"https:\\\/\\\/candas365.es\\\/noticias\\\/#organization\"},\"image\":{\"@type\":\"ImageObject\",\"url\":\"https:\\\/\\\/candas365.es\\\/noticias\\\/wp-content\\\/uploads\\\/2024\\\/09\\\/Candas-365-Redes.jpg\",\"@id\":\"https:\\\/\\\/candas365.es\\\/noticias\\\/#articleImage\",\"width\":1152,\"height\":864,\"caption\":\"Cand\\u00e1s 365 Redes\"},\"datePublished\":\"2017-04-18T18:01:08+02:00\",\"dateModified\":\"2017-04-18T18:01:08+02:00\",\"inLanguage\":\"es-ES\",\"mainEntityOfPage\":{\"@id\":\"https:\\\/\\\/candas365.es\\\/noticias\\\/xabi-alonso-regresa-al-bernabeu-punto-y-seguido-o-punto-y-final\\\/#webpage\"},\"isPartOf\":{\"@id\":\"https:\\\/\\\/candas365.es\\\/noticias\\\/xabi-alonso-regresa-al-bernabeu-punto-y-seguido-o-punto-y-final\\\/#webpage\"},\"articleSection\":\"Actualidad\",\"dateline\":\"Publicado el abril 18, 2017.\"},{\"@type\":\"Organization\",\"@id\":\"https:\\\/\\\/candas365.es\\\/noticias\\\/#organization\",\"name\":\"Cand\\u00e1s 365\",\"description\":\"Cand\\u00e1s 365 es un diario digital independiente, fundado en 2012, con base en Asturias. Informamos con rigor sobre actualidad, sociedad, cultura y ocio, con una mirada local y global.\",\"url\":\"https:\\\/\\\/candas365.es\\\/noticias\\\/\",\"email\":\"info@candas365.es\",\"telephone\":\"+34652131393\",\"foundingDate\":\"2012-06-10\",\"logo\":{\"@type\":\"ImageObject\",\"url\":\"https:\\\/\\\/candas365.es\\\/noticias\\\/wp-content\\\/uploads\\\/2024\\\/09\\\/Candas-365-Redes.jpg\",\"@id\":\"https:\\\/\\\/candas365.es\\\/noticias\\\/xabi-alonso-regresa-al-bernabeu-punto-y-seguido-o-punto-y-final\\\/#organizationLogo\",\"width\":1152,\"height\":864,\"caption\":\"Cand\\u00e1s 365 Redes\"},\"image\":{\"@id\":\"https:\\\/\\\/candas365.es\\\/noticias\\\/xabi-alonso-regresa-al-bernabeu-punto-y-seguido-o-punto-y-final\\\/#organizationLogo\"},\"sameAs\":[\"https:\\\/\\\/www.facebook.com\\\/Nachofdezber\",\"https:\\\/\\\/x.com\\\/NabercoDigital\",\"https:\\\/\\\/www.instagram.com\\\/nachofdezber\\\/\",\"https:\\\/\\\/www.youtube.com\\\/channel\\\/UCZP-2wLEB9Rv6erhFmqVnvg\"],\"address\":{\"@id\":\"https:\\\/\\\/candas365.es\\\/noticias\\\/#postaladdress\",\"@type\":\"PostalAddress\",\"streetAddress\":\"san antonio 4, san antonio 4\",\"postalCode\":\"33430\",\"addressLocality\":\"Cand\\u00e1s\",\"addressRegion\":\"Asturias\",\"addressCountry\":\"ES\"}},{\"@type\":\"Person\",\"@id\":\"https:\\\/\\\/candas365.es\\\/noticias\\\/author\\\/admin\\\/#author\",\"url\":\"https:\\\/\\\/candas365.es\\\/noticias\\\/author\\\/admin\\\/\",\"name\":\"Cand\\u00e1s 365\",\"image\":{\"@type\":\"ImageObject\",\"@id\":\"https:\\\/\\\/candas365.es\\\/noticias\\\/xabi-alonso-regresa-al-bernabeu-punto-y-seguido-o-punto-y-final\\\/#authorImage\",\"url\":\"https:\\\/\\\/secure.gravatar.com\\\/avatar\\\/496a8e03d0c493ede1718b7934145dbdf8d89be1036b0eec9544e1094c9de390?s=96&d=mm&r=g\",\"width\":96,\"height\":96,\"caption\":\"Cand\\u00e1s 365\"},\"sameAs\":[\"https:\\\/\\\/www.facebook.com\\\/carrenoactualidad\",\"https:\\\/\\\/twitter.com\\\/nbasturias\",\"https:\\\/\\\/www.instagram.com\\\/nachofdezber\\\/\",\"https:\\\/\\\/www.youtube.com\\\/channel\\\/UCZP-2wLEB9Rv6erhFmqVnvg\"]},{\"@type\":\"WebPage\",\"@id\":\"https:\\\/\\\/candas365.es\\\/noticias\\\/xabi-alonso-regresa-al-bernabeu-punto-y-seguido-o-punto-y-final\\\/#webpage\",\"url\":\"https:\\\/\\\/candas365.es\\\/noticias\\\/xabi-alonso-regresa-al-bernabeu-punto-y-seguido-o-punto-y-final\\\/\",\"name\":\"Xabi Alonso regresa al Bernab\\u00e9u: \\u00bfpunto y seguido o punto y final? | Cand\\u00e1s 365\",\"description\":\"(dpa) - El futbolista del Bayern M\\u00fanich Xabi Alonso regresar\\u00e1 ma\\u00f1ana al Santiago Bernab\\u00e9u con una cuesti\\u00f3n por resolver: \\u00bfser\\u00e1 un punto y seguido en la Liga de Campeones o, por el contrario, dibujar\\u00e1 un punto y final? El centrocampista anunci\\u00f3 hace un mes que a sus 35 a\\u00f1os dejar\\u00e1 el f\\u00fatbol a final de\",\"inLanguage\":\"es-ES\",\"isPartOf\":{\"@id\":\"https:\\\/\\\/candas365.es\\\/noticias\\\/#website\"},\"breadcrumb\":{\"@id\":\"https:\\\/\\\/candas365.es\\\/noticias\\\/xabi-alonso-regresa-al-bernabeu-punto-y-seguido-o-punto-y-final\\\/#breadcrumblist\"},\"author\":{\"@id\":\"https:\\\/\\\/candas365.es\\\/noticias\\\/author\\\/admin\\\/#author\"},\"creator\":{\"@id\":\"https:\\\/\\\/candas365.es\\\/noticias\\\/author\\\/admin\\\/#author\"},\"datePublished\":\"2017-04-18T18:01:08+02:00\",\"dateModified\":\"2017-04-18T18:01:08+02:00\"},{\"@type\":\"WebSite\",\"@id\":\"https:\\\/\\\/candas365.es\\\/noticias\\\/#website\",\"url\":\"https:\\\/\\\/candas365.es\\\/noticias\\\/\",\"name\":\"Cand\\u00e1s 365\",\"alternateName\":\"Cand\\u00e1s 365 Noticias\",\"description\":\"Actualidad desde Carre\\u00f1o para el mundo\",\"inLanguage\":\"es-ES\",\"publisher\":{\"@id\":\"https:\\\/\\\/candas365.es\\\/noticias\\\/#organization\"}}]}\n\t\t<\/script>\n\t\t<!-- All in One SEO Pro -->\r\n\t\t<title>Xabi Alonso regresa al Bernab\u00e9u: \u00bfpunto y seguido o punto y final? | Cand\u00e1s 365<\/title>\n\n","aioseo_head_json":{"title":"Xabi Alonso regresa al Bernab\u00e9u: \u00bfpunto y seguido o punto y final? | Cand\u00e1s 365","description":"(dpa) - El futbolista del Bayern M\u00fanich Xabi Alonso regresar\u00e1 ma\u00f1ana al Santiago Bernab\u00e9u con una cuesti\u00f3n por resolver: \u00bfser\u00e1 un punto y seguido en la Liga de Campeones o, por el contrario, dibujar\u00e1 un punto y final? El centrocampista anunci\u00f3 hace un mes que a sus 35 a\u00f1os dejar\u00e1 el f\u00fatbol a final de","canonical_url":"https:\/\/candas365.es\/noticias\/xabi-alonso-regresa-al-bernabeu-punto-y-seguido-o-punto-y-final\/","robots":"max-image-preview:large","keywords":"actualidad","webmasterTools":{"google-site-verification":"UA-32230408-1","msvalidate.01":"354F3CDFB2DA171B47FBE9ABF1F88D5","miscellaneous":""},"schema":{"@context":"https:\/\/schema.org","@graph":[{"@type":"BreadcrumbList","@id":"https:\/\/candas365.es\/noticias\/xabi-alonso-regresa-al-bernabeu-punto-y-seguido-o-punto-y-final\/#breadcrumblist","itemListElement":[{"@type":"ListItem","@id":"https:\/\/candas365.es\/noticias#listItem","position":1,"name":"Home","item":"https:\/\/candas365.es\/noticias","nextItem":{"@type":"ListItem","@id":"https:\/\/candas365.es\/noticias\/category\/actualidad\/#listItem","name":"Actualidad"}},{"@type":"ListItem","@id":"https:\/\/candas365.es\/noticias\/category\/actualidad\/#listItem","position":2,"name":"Actualidad","item":"https:\/\/candas365.es\/noticias\/category\/actualidad\/","nextItem":{"@type":"ListItem","@id":"https:\/\/candas365.es\/noticias\/xabi-alonso-regresa-al-bernabeu-punto-y-seguido-o-punto-y-final\/#listItem","name":"Xabi Alonso regresa al Bernab\u00e9u: \u00bfpunto y seguido o punto y final?"},"previousItem":{"@type":"ListItem","@id":"https:\/\/candas365.es\/noticias#listItem","name":"Home"}},{"@type":"ListItem","@id":"https:\/\/candas365.es\/noticias\/xabi-alonso-regresa-al-bernabeu-punto-y-seguido-o-punto-y-final\/#listItem","position":3,"name":"Xabi Alonso regresa al Bernab\u00e9u: \u00bfpunto y seguido o punto y final?","previousItem":{"@type":"ListItem","@id":"https:\/\/candas365.es\/noticias\/category\/actualidad\/#listItem","name":"Actualidad"}}]},{"@type":"NewsArticle","@id":"https:\/\/candas365.es\/noticias\/xabi-alonso-regresa-al-bernabeu-punto-y-seguido-o-punto-y-final\/#newsarticle","name":"Xabi Alonso regresa al Bernab\u00e9u: \u00bfpunto y seguido o punto y final? | Cand\u00e1s 365","headline":"Xabi Alonso regresa al Bernab\u00e9u: \u00bfpunto y seguido o punto y final?","author":{"@id":"https:\/\/candas365.es\/noticias\/author\/admin\/#author"},"publisher":{"@id":"https:\/\/candas365.es\/noticias\/#organization"},"image":{"@type":"ImageObject","url":"https:\/\/candas365.es\/noticias\/wp-content\/uploads\/2024\/09\/Candas-365-Redes.jpg","@id":"https:\/\/candas365.es\/noticias\/#articleImage","width":1152,"height":864,"caption":"Cand\u00e1s 365 Redes"},"datePublished":"2017-04-18T18:01:08+02:00","dateModified":"2017-04-18T18:01:08+02:00","inLanguage":"es-ES","mainEntityOfPage":{"@id":"https:\/\/candas365.es\/noticias\/xabi-alonso-regresa-al-bernabeu-punto-y-seguido-o-punto-y-final\/#webpage"},"isPartOf":{"@id":"https:\/\/candas365.es\/noticias\/xabi-alonso-regresa-al-bernabeu-punto-y-seguido-o-punto-y-final\/#webpage"},"articleSection":"Actualidad","dateline":"Publicado el abril 18, 2017."},{"@type":"Organization","@id":"https:\/\/candas365.es\/noticias\/#organization","name":"Cand\u00e1s 365","description":"Cand\u00e1s 365 es un diario digital independiente, fundado en 2012, con base en Asturias. Informamos con rigor sobre actualidad, sociedad, cultura y ocio, con una mirada local y global.","url":"https:\/\/candas365.es\/noticias\/","email":"info@candas365.es","telephone":"+34652131393","foundingDate":"2012-06-10","logo":{"@type":"ImageObject","url":"https:\/\/candas365.es\/noticias\/wp-content\/uploads\/2024\/09\/Candas-365-Redes.jpg","@id":"https:\/\/candas365.es\/noticias\/xabi-alonso-regresa-al-bernabeu-punto-y-seguido-o-punto-y-final\/#organizationLogo","width":1152,"height":864,"caption":"Cand\u00e1s 365 Redes"},"image":{"@id":"https:\/\/candas365.es\/noticias\/xabi-alonso-regresa-al-bernabeu-punto-y-seguido-o-punto-y-final\/#organizationLogo"},"sameAs":["https:\/\/www.facebook.com\/Nachofdezber","https:\/\/x.com\/NabercoDigital","https:\/\/www.instagram.com\/nachofdezber\/","https:\/\/www.youtube.com\/channel\/UCZP-2wLEB9Rv6erhFmqVnvg"],"address":{"@id":"https:\/\/candas365.es\/noticias\/#postaladdress","@type":"PostalAddress","streetAddress":"san antonio 4, san antonio 4","postalCode":"33430","addressLocality":"Cand\u00e1s","addressRegion":"Asturias","addressCountry":"ES"}},{"@type":"Person","@id":"https:\/\/candas365.es\/noticias\/author\/admin\/#author","url":"https:\/\/candas365.es\/noticias\/author\/admin\/","name":"Cand\u00e1s 365","image":{"@type":"ImageObject","@id":"https:\/\/candas365.es\/noticias\/xabi-alonso-regresa-al-bernabeu-punto-y-seguido-o-punto-y-final\/#authorImage","url":"https:\/\/secure.gravatar.com\/avatar\/496a8e03d0c493ede1718b7934145dbdf8d89be1036b0eec9544e1094c9de390?s=96&d=mm&r=g","width":96,"height":96,"caption":"Cand\u00e1s 365"},"sameAs":["https:\/\/www.facebook.com\/carrenoactualidad","https:\/\/twitter.com\/nbasturias","https:\/\/www.instagram.com\/nachofdezber\/","https:\/\/www.youtube.com\/channel\/UCZP-2wLEB9Rv6erhFmqVnvg"]},{"@type":"WebPage","@id":"https:\/\/candas365.es\/noticias\/xabi-alonso-regresa-al-bernabeu-punto-y-seguido-o-punto-y-final\/#webpage","url":"https:\/\/candas365.es\/noticias\/xabi-alonso-regresa-al-bernabeu-punto-y-seguido-o-punto-y-final\/","name":"Xabi Alonso regresa al Bernab\u00e9u: \u00bfpunto y seguido o punto y final? | Cand\u00e1s 365","description":"(dpa) - El futbolista del Bayern M\u00fanich Xabi Alonso regresar\u00e1 ma\u00f1ana al Santiago Bernab\u00e9u con una cuesti\u00f3n por resolver: \u00bfser\u00e1 un punto y seguido en la Liga de Campeones o, por el contrario, dibujar\u00e1 un punto y final? El centrocampista anunci\u00f3 hace un mes que a sus 35 a\u00f1os dejar\u00e1 el f\u00fatbol a final de","inLanguage":"es-ES","isPartOf":{"@id":"https:\/\/candas365.es\/noticias\/#website"},"breadcrumb":{"@id":"https:\/\/candas365.es\/noticias\/xabi-alonso-regresa-al-bernabeu-punto-y-seguido-o-punto-y-final\/#breadcrumblist"},"author":{"@id":"https:\/\/candas365.es\/noticias\/author\/admin\/#author"},"creator":{"@id":"https:\/\/candas365.es\/noticias\/author\/admin\/#author"},"datePublished":"2017-04-18T18:01:08+02:00","dateModified":"2017-04-18T18:01:08+02:00"},{"@type":"WebSite","@id":"https:\/\/candas365.es\/noticias\/#website","url":"https:\/\/candas365.es\/noticias\/","name":"Cand\u00e1s 365","alternateName":"Cand\u00e1s 365 Noticias","description":"Actualidad desde Carre\u00f1o para el mundo","inLanguage":"es-ES","publisher":{"@id":"https:\/\/candas365.es\/noticias\/#organization"}}]},"og:locale":"es_ES","og:site_name":"Cand\u00e1s 365","og:type":"article","og:title":"Xabi Alonso regresa al Bernab\u00e9u: \u00bfpunto y seguido o punto y final? | Cand\u00e1s 365","og:description":"(dpa) - El futbolista del Bayern M\u00fanich Xabi Alonso regresar\u00e1 ma\u00f1ana al Santiago Bernab\u00e9u con una cuesti\u00f3n por resolver: \u00bfser\u00e1 un punto y seguido en la Liga de Campeones o, por el contrario, dibujar\u00e1 un punto y final? El centrocampista anunci\u00f3 hace un mes que a sus 35 a\u00f1os dejar\u00e1 el f\u00fatbol a final de","og:url":"https:\/\/candas365.es\/noticias\/xabi-alonso-regresa-al-bernabeu-punto-y-seguido-o-punto-y-final\/","og:image":"https:\/\/candas365.es\/noticias\/wp-content\/uploads\/2024\/09\/Candas-365-Redes.jpg","og:image:secure_url":"https:\/\/candas365.es\/noticias\/wp-content\/uploads\/2024\/09\/Candas-365-Redes.jpg","og:image:width":1152,"og:image:height":864,"article:published_time":"2017-04-18T18:01:08+00:00","article:modified_time":"2017-04-18T18:01:08+00:00","article:publisher":"https:\/\/www.facebook.com\/Nachofdezber","article:author":"https:\/\/www.facebook.com\/carrenoactualidad","twitter:card":"summary_large_image","twitter:site":"@NabercoDigital","twitter:title":"Xabi Alonso regresa al Bernab\u00e9u: \u00bfpunto y seguido o punto y final? | Cand\u00e1s 365","twitter:description":"(dpa) - El futbolista del Bayern M\u00fanich Xabi Alonso regresar\u00e1 ma\u00f1ana al Santiago Bernab\u00e9u con una cuesti\u00f3n por resolver: \u00bfser\u00e1 un punto y seguido en la Liga de Campeones o, por el contrario, dibujar\u00e1 un punto y final? El centrocampista anunci\u00f3 hace un mes que a sus 35 a\u00f1os dejar\u00e1 el f\u00fatbol a final de","twitter:creator":"@nbasturias","twitter:image":"https:\/\/candas365.es\/noticias\/wp-content\/uploads\/2024\/09\/Candas-365-Redes.jpg","twitter:label1":"Escrito por","twitter:data1":"Cand\u00e1s 365","twitter:label2":"Tiempo de lectura estimado","twitter:data2":"3 minutos"},"aioseo_meta_data":{"post_id":"69730","title":null,"description":null,"keywords":null,"keyphrases":null,"primary_term":null,"canonical_url":null,"og_title":null,"og_description":null,"og_object_type":"default","og_image_type":"default","og_image_url":null,"og_image_width":null,"og_image_height":null,"og_image_custom_url":null,"og_image_custom_fields":null,"og_video":null,"og_custom_url":null,"og_article_section":null,"og_article_tags":null,"twitter_use_og":false,"twitter_card":"default","twitter_image_type":"default","twitter_image_url":null,"twitter_image_custom_url":null,"twitter_image_custom_fields":null,"twitter_title":null,"twitter_description":null,"schema":{"blockGraphs":[],"customGraphs":[],"default":{"data":{"Article":[],"Course":[],"Dataset":[],"FAQPage":[],"Movie":[],"Person":[],"Product":[],"ProductReview":[],"Car":[],"Recipe":[],"Service":[],"SoftwareApplication":[],"WebPage":[]},"graphName":"","isEnabled":true},"graphs":[],"defaultGraph":"","defaultPostTypeGraph":""},"schema_type":null,"schema_type_options":null,"pillar_content":false,"robots_default":true,"robots_noindex":false,"robots_noarchive":false,"robots_nosnippet":false,"robots_nofollow":false,"robots_noimageindex":false,"robots_noodp":false,"robots_notranslate":false,"robots_max_snippet":null,"robots_max_videopreview":null,"robots_max_imagepreview":"large","priority":null,"frequency":null,"location":null,"local_seo":null,"seo_analyzer_scan_date":"2025-08-25 11:17:24","breadcrumb_settings":null,"limit_modified_date":false,"reviewed_by":null,"open_ai":null,"ai":null,"created":"2020-12-21 13:01:32","updated":"2025-08-25 11:17:24"},"aioseo_breadcrumb":"<div class=\"aioseo-breadcrumbs\"><span class=\"aioseo-breadcrumb\">\n\t<a href=\"https:\/\/candas365.es\/noticias\" title=\"Home\">Home<\/a>\n<\/span><span class=\"aioseo-breadcrumb-separator\">&ndash;<\/span><span class=\"aioseo-breadcrumb\">\n\t<a href=\"https:\/\/candas365.es\/noticias\/category\/actualidad\/\" title=\"Actualidad\">Actualidad<\/a>\n<\/span><span class=\"aioseo-breadcrumb-separator\">&ndash;<\/span><span class=\"aioseo-breadcrumb\">\n\tXabi Alonso regresa al Bernab\u00e9u: \u00bfpunto y seguido o punto y final?\n<\/span><\/div>","aioseo_breadcrumb_json":[{"label":"Home","link":"https:\/\/candas365.es\/noticias"},{"label":"Actualidad","link":"https:\/\/candas365.es\/noticias\/category\/actualidad\/"},{"label":"Xabi Alonso regresa al Bernab\u00e9u: \u00bfpunto y seguido o punto y final?","link":"https:\/\/candas365.es\/noticias\/xabi-alonso-regresa-al-bernabeu-punto-y-seguido-o-punto-y-final\/"}],"_links":{"self":[{"href":"https:\/\/candas365.es\/noticias\/wp-json\/wp\/v2\/posts\/69730","targetHints":{"allow":["GET"]}}],"collection":[{"href":"https:\/\/candas365.es\/noticias\/wp-json\/wp\/v2\/posts"}],"about":[{"href":"https:\/\/candas365.es\/noticias\/wp-json\/wp\/v2\/types\/post"}],"author":[{"embeddable":true,"href":"https:\/\/candas365.es\/noticias\/wp-json\/wp\/v2\/users\/1"}],"replies":[{"embeddable":true,"href":"https:\/\/candas365.es\/noticias\/wp-json\/wp\/v2\/comments?post=69730"}],"version-history":[{"count":0,"href":"https:\/\/candas365.es\/noticias\/wp-json\/wp\/v2\/posts\/69730\/revisions"}],"wp:attachment":[{"href":"https:\/\/candas365.es\/noticias\/wp-json\/wp\/v2\/media?parent=69730"}],"wp:term":[{"taxonomy":"category","embeddable":true,"href":"https:\/\/candas365.es\/noticias\/wp-json\/wp\/v2\/categories?post=69730"},{"taxonomy":"post_tag","embeddable":true,"href":"https:\/\/candas365.es\/noticias\/wp-json\/wp\/v2\/tags?post=69730"}],"curies":[{"name":"wp","href":"https:\/\/api.w.org\/{rel}","templated":true}]}}