{"id":69728,"date":"2017-04-18T18:00:25","date_gmt":"2017-04-18T18:00:25","guid":{"rendered":"http:\/\/candas365.es\/noticias\/?p=69728"},"modified":"2017-04-18T18:00:25","modified_gmt":"2017-04-18T18:00:25","slug":"instituto-aleman-ifo-ve-tiempos-duros-para-francia-tras-elecciones","status":"publish","type":"post","link":"https:\/\/candas365.es\/noticias\/instituto-aleman-ifo-ve-tiempos-duros-para-francia-tras-elecciones\/","title":{"rendered":"Instituto alem\u00e1n Ifo ve tiempos duros para Francia tras elecciones"},"content":{"rendered":"<p>(dpa) &#8211; El presidente del prestigioso instituto de investigaci\u00f3n econ\u00f3mica de M\u00fanich Ifo, Clemens Fuest, duda de que una victoria del candidato independiente Emmanuel Macron en las elecciones presidenciales de finales de abril en Francia vaya a solucionar todos los problemas del pa\u00eds.<\/p>\n<p>\u00abUna victoria de Macron no significa que todos los problemas se solucionar\u00e1n\u00bb, declar\u00f3 el economista en una entrevista con dpa. <\/p>\n<p>\u00abLa idea de que una vez Macron llegue al poder ser\u00e1 m\u00e1s sencillo hacer frente a los graves problemas no es algo que est\u00e9 probado para nada desde mi punto de vista\u00bb, indic\u00f3. Macron no tiene un mandato claro de reformas, record\u00f3. <\/p>\n<p>Francia elegir\u00e1 nuevo presidente en unos comicios que tendr\u00e1n lugar el 23 de abril, en primera vuelta, y el 7 de mayo, en segunda. Los sondeos apuntan como favoritos al liberal social Macron y a la populista de derechas Marine Le Pen.<\/p>\n<p>En opini\u00f3n de Fuest, lo que habr\u00e1 que ver es si Macron logra una mayor\u00eda en el Parlamento. \u00abLo que Francia necesita son reformas. La pregunta es si se pueden llevar a cabo tambi\u00e9n en esta constelaci\u00f3n\u00bb, coment\u00f3. <\/p>\n<p>Adem\u00e1s, no se sabe cu\u00e1l es el programa electoral de Macron, se\u00f1al\u00f3. Si acaba d\u00e1ndose una \u00abcohabitaci\u00f3n\u00bb, entonces ser\u00e1 incluso m\u00e1s dif\u00edcil, agreg\u00f3 Fuest sobre la posibilidad de que la mayor\u00eda en el Parlamento y la presidencia pertenezcan a diferentes ideolog\u00edas pol\u00edticas. <\/p>\n<p>El reconocido economista cree que la segunda mayor econom\u00eda de la eurozona, por detr\u00e1s de Alemania, se enfrenta a tiempos dif\u00edciles cuyos problemas no ser\u00e1n tan sencillos de solucionar y record\u00f3 la necesidad de emprender reformas para reducir el sector p\u00fablico, cambiar el mercado laboral y mejorar las condiciones para el empresariado. <\/p>\n<p>A pesar de todo, Fuest ve tambi\u00e9n cosas positivas en el pa\u00eds vecino, como en el caso de las peque\u00f1as reformas para ampliar el horario de apertura de las tiendas o liberalizar el transporte de los autocares. <\/p>\n<p>\u00abNo es que Francia no se mueva en absoluto, pero lo hace muy lentamente\u00bb, indic\u00f3 y se mostr\u00f3 prudente en cuanto a Macron. \u00ab\u00c9l no quiere pedir demasiado a los franceses\u00bb, agreg\u00f3. <\/p>\n","protected":false},"excerpt":{"rendered":"<p>(dpa) &#8211; El presidente del prestigioso instituto de investigaci\u00f3n econ\u00f3mica de M\u00fanich Ifo, Clemens Fuest, duda de que una victoria del candidato independiente Emmanuel Macron en las elecciones presidenciales de finales de abril en Francia vaya a solucionar todos los problemas del pa\u00eds. \u00abUna victoria de Macron no significa que todos los problemas se solucionar\u00e1n\u00bb,<\/p>\n","protected":false},"author":1,"featured_media":0,"comment_status":"open","ping_status":"closed","sticky":false,"template":"","format":"standard","meta":{"footnotes":""},"categories":[343],"tags":[],"class_list":{"0":"post-69728","1":"post","2":"type-post","3":"status-publish","4":"format-standard","6":"category-actualidad"},"aioseo_notices":[],"aioseo_head":"\n\t\t<!-- All in One SEO Pro 4.9.6.2 - aioseo.com -->\n\t<meta name=\"description\" content=\"(dpa) - El presidente del prestigioso instituto de investigaci\u00f3n econ\u00f3mica de M\u00fanich Ifo, Clemens Fuest, duda de que una victoria del candidato independiente Emmanuel Macron en las elecciones presidenciales de finales de abril en Francia vaya a solucionar todos los problemas del pa\u00eds. &quot;Una victoria de Macron no significa que todos los problemas se solucionar\u00e1n&quot;,\" \/>\n\t<meta name=\"robots\" content=\"max-image-preview:large\" \/>\n\t<meta name=\"author\" content=\"Cand\u00e1s 365\"\/>\n\t<meta name=\"google-site-verification\" content=\"UA-32230408-1\" \/>\n\t<meta name=\"msvalidate.01\" content=\"354F3CDFB2DA171B47FBE9ABF1F88D5\" \/>\n\t<meta name=\"keywords\" content=\"actualidad\" \/>\n\t<link rel=\"canonical\" href=\"https:\/\/candas365.es\/noticias\/instituto-aleman-ifo-ve-tiempos-duros-para-francia-tras-elecciones\/\" \/>\n\t<meta name=\"generator\" content=\"All in One SEO Pro (AIOSEO) 4.9.6.2\" \/>\n\t\t<meta property=\"og:locale\" content=\"es_ES\" \/>\n\t\t<meta property=\"og:site_name\" content=\"Cand\u00e1s 365\" \/>\n\t\t<meta property=\"og:type\" content=\"article\" \/>\n\t\t<meta property=\"og:title\" content=\"Instituto alem\u00e1n Ifo ve tiempos duros para Francia tras elecciones | Cand\u00e1s 365\" \/>\n\t\t<meta property=\"og:description\" content=\"(dpa) - El presidente del prestigioso instituto de investigaci\u00f3n econ\u00f3mica de M\u00fanich Ifo, Clemens Fuest, duda de que una victoria del candidato independiente Emmanuel Macron en las elecciones presidenciales de finales de abril en Francia vaya a solucionar todos los problemas del pa\u00eds. &quot;Una victoria de Macron no significa que todos los problemas se solucionar\u00e1n&quot;,\" \/>\n\t\t<meta property=\"og:url\" content=\"https:\/\/candas365.es\/noticias\/instituto-aleman-ifo-ve-tiempos-duros-para-francia-tras-elecciones\/\" \/>\n\t\t<meta property=\"og:image\" content=\"https:\/\/candas365.es\/noticias\/wp-content\/uploads\/2024\/09\/Candas-365-Redes.jpg\" \/>\n\t\t<meta property=\"og:image:secure_url\" content=\"https:\/\/candas365.es\/noticias\/wp-content\/uploads\/2024\/09\/Candas-365-Redes.jpg\" \/>\n\t\t<meta property=\"og:image:width\" content=\"1152\" \/>\n\t\t<meta property=\"og:image:height\" content=\"864\" \/>\n\t\t<meta property=\"article:published_time\" content=\"2017-04-18T18:00:25+00:00\" \/>\n\t\t<meta property=\"article:modified_time\" content=\"2017-04-18T18:00:25+00:00\" \/>\n\t\t<meta property=\"article:publisher\" content=\"https:\/\/www.facebook.com\/Nachofdezber\" \/>\n\t\t<meta property=\"article:author\" content=\"https:\/\/www.facebook.com\/carrenoactualidad\" \/>\n\t\t<meta name=\"twitter:card\" content=\"summary_large_image\" \/>\n\t\t<meta name=\"twitter:site\" content=\"@NabercoDigital\" \/>\n\t\t<meta name=\"twitter:title\" content=\"Instituto alem\u00e1n Ifo ve tiempos duros para Francia tras elecciones | Cand\u00e1s 365\" \/>\n\t\t<meta name=\"twitter:description\" content=\"(dpa) - El presidente del prestigioso instituto de investigaci\u00f3n econ\u00f3mica de M\u00fanich Ifo, Clemens Fuest, duda de que una victoria del candidato independiente Emmanuel Macron en las elecciones presidenciales de finales de abril en Francia vaya a solucionar todos los problemas del pa\u00eds. &quot;Una victoria de Macron no significa que todos los problemas se solucionar\u00e1n&quot;,\" \/>\n\t\t<meta name=\"twitter:creator\" content=\"@nbasturias\" \/>\n\t\t<meta name=\"twitter:image\" content=\"https:\/\/candas365.es\/noticias\/wp-content\/uploads\/2024\/09\/Candas-365-Redes.jpg\" \/>\n\t\t<meta name=\"twitter:label1\" content=\"Escrito por\" \/>\n\t\t<meta name=\"twitter:data1\" content=\"Cand\u00e1s 365\" \/>\n\t\t<meta name=\"twitter:label2\" content=\"Tiempo de lectura estimado\" \/>\n\t\t<meta name=\"twitter:data2\" content=\"2 minutos\" \/>\n\t\t<script type=\"application\/ld+json\" class=\"aioseo-schema\">\n\t\t\t{\"@context\":\"https:\\\/\\\/schema.org\",\"@graph\":[{\"@type\":\"BreadcrumbList\",\"@id\":\"https:\\\/\\\/candas365.es\\\/noticias\\\/instituto-aleman-ifo-ve-tiempos-duros-para-francia-tras-elecciones\\\/#breadcrumblist\",\"itemListElement\":[{\"@type\":\"ListItem\",\"@id\":\"https:\\\/\\\/candas365.es\\\/noticias#listItem\",\"position\":1,\"name\":\"Home\",\"item\":\"https:\\\/\\\/candas365.es\\\/noticias\",\"nextItem\":{\"@type\":\"ListItem\",\"@id\":\"https:\\\/\\\/candas365.es\\\/noticias\\\/category\\\/actualidad\\\/#listItem\",\"name\":\"Actualidad\"}},{\"@type\":\"ListItem\",\"@id\":\"https:\\\/\\\/candas365.es\\\/noticias\\\/category\\\/actualidad\\\/#listItem\",\"position\":2,\"name\":\"Actualidad\",\"item\":\"https:\\\/\\\/candas365.es\\\/noticias\\\/category\\\/actualidad\\\/\",\"nextItem\":{\"@type\":\"ListItem\",\"@id\":\"https:\\\/\\\/candas365.es\\\/noticias\\\/instituto-aleman-ifo-ve-tiempos-duros-para-francia-tras-elecciones\\\/#listItem\",\"name\":\"Instituto alem\\u00e1n Ifo ve tiempos duros para Francia tras elecciones\"},\"previousItem\":{\"@type\":\"ListItem\",\"@id\":\"https:\\\/\\\/candas365.es\\\/noticias#listItem\",\"name\":\"Home\"}},{\"@type\":\"ListItem\",\"@id\":\"https:\\\/\\\/candas365.es\\\/noticias\\\/instituto-aleman-ifo-ve-tiempos-duros-para-francia-tras-elecciones\\\/#listItem\",\"position\":3,\"name\":\"Instituto alem\\u00e1n Ifo ve tiempos duros para Francia tras elecciones\",\"previousItem\":{\"@type\":\"ListItem\",\"@id\":\"https:\\\/\\\/candas365.es\\\/noticias\\\/category\\\/actualidad\\\/#listItem\",\"name\":\"Actualidad\"}}]},{\"@type\":\"NewsArticle\",\"@id\":\"https:\\\/\\\/candas365.es\\\/noticias\\\/instituto-aleman-ifo-ve-tiempos-duros-para-francia-tras-elecciones\\\/#newsarticle\",\"name\":\"Instituto alem\\u00e1n Ifo ve tiempos duros para Francia tras elecciones | Cand\\u00e1s 365\",\"headline\":\"Instituto alem\\u00e1n Ifo ve tiempos duros para Francia tras elecciones\",\"author\":{\"@id\":\"https:\\\/\\\/candas365.es\\\/noticias\\\/author\\\/admin\\\/#author\"},\"publisher\":{\"@id\":\"https:\\\/\\\/candas365.es\\\/noticias\\\/#organization\"},\"image\":{\"@type\":\"ImageObject\",\"url\":\"https:\\\/\\\/candas365.es\\\/noticias\\\/wp-content\\\/uploads\\\/2024\\\/09\\\/Candas-365-Redes.jpg\",\"@id\":\"https:\\\/\\\/candas365.es\\\/noticias\\\/#articleImage\",\"width\":1152,\"height\":864,\"caption\":\"Cand\\u00e1s 365 Redes\"},\"datePublished\":\"2017-04-18T18:00:25+02:00\",\"dateModified\":\"2017-04-18T18:00:25+02:00\",\"inLanguage\":\"es-ES\",\"mainEntityOfPage\":{\"@id\":\"https:\\\/\\\/candas365.es\\\/noticias\\\/instituto-aleman-ifo-ve-tiempos-duros-para-francia-tras-elecciones\\\/#webpage\"},\"isPartOf\":{\"@id\":\"https:\\\/\\\/candas365.es\\\/noticias\\\/instituto-aleman-ifo-ve-tiempos-duros-para-francia-tras-elecciones\\\/#webpage\"},\"articleSection\":\"Actualidad\",\"dateline\":\"Publicado el abril 18, 2017.\"},{\"@type\":\"Organization\",\"@id\":\"https:\\\/\\\/candas365.es\\\/noticias\\\/#organization\",\"name\":\"Cand\\u00e1s 365\",\"description\":\"Cand\\u00e1s 365 es un diario digital independiente, fundado en 2012, con base en Asturias. Informamos con rigor sobre actualidad, sociedad, cultura y ocio, con una mirada local y global.\",\"url\":\"https:\\\/\\\/candas365.es\\\/noticias\\\/\",\"email\":\"info@candas365.es\",\"telephone\":\"+34652131393\",\"foundingDate\":\"2012-06-10\",\"logo\":{\"@type\":\"ImageObject\",\"url\":\"https:\\\/\\\/candas365.es\\\/noticias\\\/wp-content\\\/uploads\\\/2024\\\/09\\\/Candas-365-Redes.jpg\",\"@id\":\"https:\\\/\\\/candas365.es\\\/noticias\\\/instituto-aleman-ifo-ve-tiempos-duros-para-francia-tras-elecciones\\\/#organizationLogo\",\"width\":1152,\"height\":864,\"caption\":\"Cand\\u00e1s 365 Redes\"},\"image\":{\"@id\":\"https:\\\/\\\/candas365.es\\\/noticias\\\/instituto-aleman-ifo-ve-tiempos-duros-para-francia-tras-elecciones\\\/#organizationLogo\"},\"sameAs\":[\"https:\\\/\\\/www.facebook.com\\\/Nachofdezber\",\"https:\\\/\\\/x.com\\\/NabercoDigital\",\"https:\\\/\\\/www.instagram.com\\\/nachofdezber\\\/\",\"https:\\\/\\\/www.youtube.com\\\/channel\\\/UCZP-2wLEB9Rv6erhFmqVnvg\"],\"address\":{\"@id\":\"https:\\\/\\\/candas365.es\\\/noticias\\\/#postaladdress\",\"@type\":\"PostalAddress\",\"streetAddress\":\"san antonio 4, san antonio 4\",\"postalCode\":\"33430\",\"addressLocality\":\"Cand\\u00e1s\",\"addressRegion\":\"Asturias\",\"addressCountry\":\"ES\"}},{\"@type\":\"Person\",\"@id\":\"https:\\\/\\\/candas365.es\\\/noticias\\\/author\\\/admin\\\/#author\",\"url\":\"https:\\\/\\\/candas365.es\\\/noticias\\\/author\\\/admin\\\/\",\"name\":\"Cand\\u00e1s 365\",\"image\":{\"@type\":\"ImageObject\",\"@id\":\"https:\\\/\\\/candas365.es\\\/noticias\\\/instituto-aleman-ifo-ve-tiempos-duros-para-francia-tras-elecciones\\\/#authorImage\",\"url\":\"https:\\\/\\\/secure.gravatar.com\\\/avatar\\\/496a8e03d0c493ede1718b7934145dbdf8d89be1036b0eec9544e1094c9de390?s=96&d=mm&r=g\",\"width\":96,\"height\":96,\"caption\":\"Cand\\u00e1s 365\"},\"sameAs\":[\"https:\\\/\\\/www.facebook.com\\\/carrenoactualidad\",\"https:\\\/\\\/twitter.com\\\/nbasturias\",\"https:\\\/\\\/www.instagram.com\\\/nachofdezber\\\/\",\"https:\\\/\\\/www.youtube.com\\\/channel\\\/UCZP-2wLEB9Rv6erhFmqVnvg\"]},{\"@type\":\"WebPage\",\"@id\":\"https:\\\/\\\/candas365.es\\\/noticias\\\/instituto-aleman-ifo-ve-tiempos-duros-para-francia-tras-elecciones\\\/#webpage\",\"url\":\"https:\\\/\\\/candas365.es\\\/noticias\\\/instituto-aleman-ifo-ve-tiempos-duros-para-francia-tras-elecciones\\\/\",\"name\":\"Instituto alem\\u00e1n Ifo ve tiempos duros para Francia tras elecciones | Cand\\u00e1s 365\",\"description\":\"(dpa) - El presidente del prestigioso instituto de investigaci\\u00f3n econ\\u00f3mica de M\\u00fanich Ifo, Clemens Fuest, duda de que una victoria del candidato independiente Emmanuel Macron en las elecciones presidenciales de finales de abril en Francia vaya a solucionar todos los problemas del pa\\u00eds. \\\"Una victoria de Macron no significa que todos los problemas se solucionar\\u00e1n\\\",\",\"inLanguage\":\"es-ES\",\"isPartOf\":{\"@id\":\"https:\\\/\\\/candas365.es\\\/noticias\\\/#website\"},\"breadcrumb\":{\"@id\":\"https:\\\/\\\/candas365.es\\\/noticias\\\/instituto-aleman-ifo-ve-tiempos-duros-para-francia-tras-elecciones\\\/#breadcrumblist\"},\"author\":{\"@id\":\"https:\\\/\\\/candas365.es\\\/noticias\\\/author\\\/admin\\\/#author\"},\"creator\":{\"@id\":\"https:\\\/\\\/candas365.es\\\/noticias\\\/author\\\/admin\\\/#author\"},\"datePublished\":\"2017-04-18T18:00:25+02:00\",\"dateModified\":\"2017-04-18T18:00:25+02:00\"},{\"@type\":\"WebSite\",\"@id\":\"https:\\\/\\\/candas365.es\\\/noticias\\\/#website\",\"url\":\"https:\\\/\\\/candas365.es\\\/noticias\\\/\",\"name\":\"Cand\\u00e1s 365\",\"alternateName\":\"Cand\\u00e1s 365 Noticias\",\"description\":\"Actualidad desde Carre\\u00f1o para el mundo\",\"inLanguage\":\"es-ES\",\"publisher\":{\"@id\":\"https:\\\/\\\/candas365.es\\\/noticias\\\/#organization\"}}]}\n\t\t<\/script>\n\t\t<!-- All in One SEO Pro -->\r\n\t\t<title>Instituto alem\u00e1n Ifo ve tiempos duros para Francia tras elecciones | Cand\u00e1s 365<\/title>\n\n","aioseo_head_json":{"title":"Instituto alem\u00e1n Ifo ve tiempos duros para Francia tras elecciones | Cand\u00e1s 365","description":"(dpa) - El presidente del prestigioso instituto de investigaci\u00f3n econ\u00f3mica de M\u00fanich Ifo, Clemens Fuest, duda de que una victoria del candidato independiente Emmanuel Macron en las elecciones presidenciales de finales de abril en Francia vaya a solucionar todos los problemas del pa\u00eds. \"Una victoria de Macron no significa que todos los problemas se solucionar\u00e1n\",","canonical_url":"https:\/\/candas365.es\/noticias\/instituto-aleman-ifo-ve-tiempos-duros-para-francia-tras-elecciones\/","robots":"max-image-preview:large","keywords":"actualidad","webmasterTools":{"google-site-verification":"UA-32230408-1","msvalidate.01":"354F3CDFB2DA171B47FBE9ABF1F88D5","miscellaneous":""},"schema":{"@context":"https:\/\/schema.org","@graph":[{"@type":"BreadcrumbList","@id":"https:\/\/candas365.es\/noticias\/instituto-aleman-ifo-ve-tiempos-duros-para-francia-tras-elecciones\/#breadcrumblist","itemListElement":[{"@type":"ListItem","@id":"https:\/\/candas365.es\/noticias#listItem","position":1,"name":"Home","item":"https:\/\/candas365.es\/noticias","nextItem":{"@type":"ListItem","@id":"https:\/\/candas365.es\/noticias\/category\/actualidad\/#listItem","name":"Actualidad"}},{"@type":"ListItem","@id":"https:\/\/candas365.es\/noticias\/category\/actualidad\/#listItem","position":2,"name":"Actualidad","item":"https:\/\/candas365.es\/noticias\/category\/actualidad\/","nextItem":{"@type":"ListItem","@id":"https:\/\/candas365.es\/noticias\/instituto-aleman-ifo-ve-tiempos-duros-para-francia-tras-elecciones\/#listItem","name":"Instituto alem\u00e1n Ifo ve tiempos duros para Francia tras elecciones"},"previousItem":{"@type":"ListItem","@id":"https:\/\/candas365.es\/noticias#listItem","name":"Home"}},{"@type":"ListItem","@id":"https:\/\/candas365.es\/noticias\/instituto-aleman-ifo-ve-tiempos-duros-para-francia-tras-elecciones\/#listItem","position":3,"name":"Instituto alem\u00e1n Ifo ve tiempos duros para Francia tras elecciones","previousItem":{"@type":"ListItem","@id":"https:\/\/candas365.es\/noticias\/category\/actualidad\/#listItem","name":"Actualidad"}}]},{"@type":"NewsArticle","@id":"https:\/\/candas365.es\/noticias\/instituto-aleman-ifo-ve-tiempos-duros-para-francia-tras-elecciones\/#newsarticle","name":"Instituto alem\u00e1n Ifo ve tiempos duros para Francia tras elecciones | Cand\u00e1s 365","headline":"Instituto alem\u00e1n Ifo ve tiempos duros para Francia tras elecciones","author":{"@id":"https:\/\/candas365.es\/noticias\/author\/admin\/#author"},"publisher":{"@id":"https:\/\/candas365.es\/noticias\/#organization"},"image":{"@type":"ImageObject","url":"https:\/\/candas365.es\/noticias\/wp-content\/uploads\/2024\/09\/Candas-365-Redes.jpg","@id":"https:\/\/candas365.es\/noticias\/#articleImage","width":1152,"height":864,"caption":"Cand\u00e1s 365 Redes"},"datePublished":"2017-04-18T18:00:25+02:00","dateModified":"2017-04-18T18:00:25+02:00","inLanguage":"es-ES","mainEntityOfPage":{"@id":"https:\/\/candas365.es\/noticias\/instituto-aleman-ifo-ve-tiempos-duros-para-francia-tras-elecciones\/#webpage"},"isPartOf":{"@id":"https:\/\/candas365.es\/noticias\/instituto-aleman-ifo-ve-tiempos-duros-para-francia-tras-elecciones\/#webpage"},"articleSection":"Actualidad","dateline":"Publicado el abril 18, 2017."},{"@type":"Organization","@id":"https:\/\/candas365.es\/noticias\/#organization","name":"Cand\u00e1s 365","description":"Cand\u00e1s 365 es un diario digital independiente, fundado en 2012, con base en Asturias. Informamos con rigor sobre actualidad, sociedad, cultura y ocio, con una mirada local y global.","url":"https:\/\/candas365.es\/noticias\/","email":"info@candas365.es","telephone":"+34652131393","foundingDate":"2012-06-10","logo":{"@type":"ImageObject","url":"https:\/\/candas365.es\/noticias\/wp-content\/uploads\/2024\/09\/Candas-365-Redes.jpg","@id":"https:\/\/candas365.es\/noticias\/instituto-aleman-ifo-ve-tiempos-duros-para-francia-tras-elecciones\/#organizationLogo","width":1152,"height":864,"caption":"Cand\u00e1s 365 Redes"},"image":{"@id":"https:\/\/candas365.es\/noticias\/instituto-aleman-ifo-ve-tiempos-duros-para-francia-tras-elecciones\/#organizationLogo"},"sameAs":["https:\/\/www.facebook.com\/Nachofdezber","https:\/\/x.com\/NabercoDigital","https:\/\/www.instagram.com\/nachofdezber\/","https:\/\/www.youtube.com\/channel\/UCZP-2wLEB9Rv6erhFmqVnvg"],"address":{"@id":"https:\/\/candas365.es\/noticias\/#postaladdress","@type":"PostalAddress","streetAddress":"san antonio 4, san antonio 4","postalCode":"33430","addressLocality":"Cand\u00e1s","addressRegion":"Asturias","addressCountry":"ES"}},{"@type":"Person","@id":"https:\/\/candas365.es\/noticias\/author\/admin\/#author","url":"https:\/\/candas365.es\/noticias\/author\/admin\/","name":"Cand\u00e1s 365","image":{"@type":"ImageObject","@id":"https:\/\/candas365.es\/noticias\/instituto-aleman-ifo-ve-tiempos-duros-para-francia-tras-elecciones\/#authorImage","url":"https:\/\/secure.gravatar.com\/avatar\/496a8e03d0c493ede1718b7934145dbdf8d89be1036b0eec9544e1094c9de390?s=96&d=mm&r=g","width":96,"height":96,"caption":"Cand\u00e1s 365"},"sameAs":["https:\/\/www.facebook.com\/carrenoactualidad","https:\/\/twitter.com\/nbasturias","https:\/\/www.instagram.com\/nachofdezber\/","https:\/\/www.youtube.com\/channel\/UCZP-2wLEB9Rv6erhFmqVnvg"]},{"@type":"WebPage","@id":"https:\/\/candas365.es\/noticias\/instituto-aleman-ifo-ve-tiempos-duros-para-francia-tras-elecciones\/#webpage","url":"https:\/\/candas365.es\/noticias\/instituto-aleman-ifo-ve-tiempos-duros-para-francia-tras-elecciones\/","name":"Instituto alem\u00e1n Ifo ve tiempos duros para Francia tras elecciones | Cand\u00e1s 365","description":"(dpa) - El presidente del prestigioso instituto de investigaci\u00f3n econ\u00f3mica de M\u00fanich Ifo, Clemens Fuest, duda de que una victoria del candidato independiente Emmanuel Macron en las elecciones presidenciales de finales de abril en Francia vaya a solucionar todos los problemas del pa\u00eds. \"Una victoria de Macron no significa que todos los problemas se solucionar\u00e1n\",","inLanguage":"es-ES","isPartOf":{"@id":"https:\/\/candas365.es\/noticias\/#website"},"breadcrumb":{"@id":"https:\/\/candas365.es\/noticias\/instituto-aleman-ifo-ve-tiempos-duros-para-francia-tras-elecciones\/#breadcrumblist"},"author":{"@id":"https:\/\/candas365.es\/noticias\/author\/admin\/#author"},"creator":{"@id":"https:\/\/candas365.es\/noticias\/author\/admin\/#author"},"datePublished":"2017-04-18T18:00:25+02:00","dateModified":"2017-04-18T18:00:25+02:00"},{"@type":"WebSite","@id":"https:\/\/candas365.es\/noticias\/#website","url":"https:\/\/candas365.es\/noticias\/","name":"Cand\u00e1s 365","alternateName":"Cand\u00e1s 365 Noticias","description":"Actualidad desde Carre\u00f1o para el mundo","inLanguage":"es-ES","publisher":{"@id":"https:\/\/candas365.es\/noticias\/#organization"}}]},"og:locale":"es_ES","og:site_name":"Cand\u00e1s 365","og:type":"article","og:title":"Instituto alem\u00e1n Ifo ve tiempos duros para Francia tras elecciones | Cand\u00e1s 365","og:description":"(dpa) - El presidente del prestigioso instituto de investigaci\u00f3n econ\u00f3mica de M\u00fanich Ifo, Clemens Fuest, duda de que una victoria del candidato independiente Emmanuel Macron en las elecciones presidenciales de finales de abril en Francia vaya a solucionar todos los problemas del pa\u00eds. &quot;Una victoria de Macron no significa que todos los problemas se solucionar\u00e1n&quot;,","og:url":"https:\/\/candas365.es\/noticias\/instituto-aleman-ifo-ve-tiempos-duros-para-francia-tras-elecciones\/","og:image":"https:\/\/candas365.es\/noticias\/wp-content\/uploads\/2024\/09\/Candas-365-Redes.jpg","og:image:secure_url":"https:\/\/candas365.es\/noticias\/wp-content\/uploads\/2024\/09\/Candas-365-Redes.jpg","og:image:width":1152,"og:image:height":864,"article:published_time":"2017-04-18T18:00:25+00:00","article:modified_time":"2017-04-18T18:00:25+00:00","article:publisher":"https:\/\/www.facebook.com\/Nachofdezber","article:author":"https:\/\/www.facebook.com\/carrenoactualidad","twitter:card":"summary_large_image","twitter:site":"@NabercoDigital","twitter:title":"Instituto alem\u00e1n Ifo ve tiempos duros para Francia tras elecciones | Cand\u00e1s 365","twitter:description":"(dpa) - El presidente del prestigioso instituto de investigaci\u00f3n econ\u00f3mica de M\u00fanich Ifo, Clemens Fuest, duda de que una victoria del candidato independiente Emmanuel Macron en las elecciones presidenciales de finales de abril en Francia vaya a solucionar todos los problemas del pa\u00eds. &quot;Una victoria de Macron no significa que todos los problemas se solucionar\u00e1n&quot;,","twitter:creator":"@nbasturias","twitter:image":"https:\/\/candas365.es\/noticias\/wp-content\/uploads\/2024\/09\/Candas-365-Redes.jpg","twitter:label1":"Escrito por","twitter:data1":"Cand\u00e1s 365","twitter:label2":"Tiempo de lectura estimado","twitter:data2":"2 minutos"},"aioseo_meta_data":{"post_id":"69728","title":null,"description":null,"keywords":null,"keyphrases":null,"primary_term":null,"canonical_url":null,"og_title":null,"og_description":null,"og_object_type":"default","og_image_type":"default","og_image_url":null,"og_image_width":null,"og_image_height":null,"og_image_custom_url":null,"og_image_custom_fields":null,"og_video":null,"og_custom_url":null,"og_article_section":null,"og_article_tags":null,"twitter_use_og":false,"twitter_card":"default","twitter_image_type":"default","twitter_image_url":null,"twitter_image_custom_url":null,"twitter_image_custom_fields":null,"twitter_title":null,"twitter_description":null,"schema":{"blockGraphs":[],"customGraphs":[],"default":{"data":{"Article":[],"Course":[],"Dataset":[],"FAQPage":[],"Movie":[],"Person":[],"Product":[],"ProductReview":[],"Car":[],"Recipe":[],"Service":[],"SoftwareApplication":[],"WebPage":[]},"graphName":"","isEnabled":true},"graphs":[]},"schema_type":null,"schema_type_options":null,"pillar_content":false,"robots_default":true,"robots_noindex":false,"robots_noarchive":false,"robots_nosnippet":false,"robots_nofollow":false,"robots_noimageindex":false,"robots_noodp":false,"robots_notranslate":false,"robots_max_snippet":null,"robots_max_videopreview":null,"robots_max_imagepreview":"large","priority":null,"frequency":null,"location":null,"local_seo":null,"seo_analyzer_scan_date":"2025-08-25 11:17:23","breadcrumb_settings":null,"limit_modified_date":false,"reviewed_by":null,"open_ai":null,"ai":null,"created":"2020-12-21 13:01:32","updated":"2025-08-25 11:17:23"},"aioseo_breadcrumb":"<div class=\"aioseo-breadcrumbs\"><span class=\"aioseo-breadcrumb\">\n\t<a href=\"https:\/\/candas365.es\/noticias\" title=\"Home\">Home<\/a>\n<\/span><span class=\"aioseo-breadcrumb-separator\">&ndash;<\/span><span class=\"aioseo-breadcrumb\">\n\t<a href=\"https:\/\/candas365.es\/noticias\/category\/actualidad\/\" title=\"Actualidad\">Actualidad<\/a>\n<\/span><span class=\"aioseo-breadcrumb-separator\">&ndash;<\/span><span class=\"aioseo-breadcrumb\">\n\tInstituto alem\u00e1n Ifo ve tiempos duros para Francia tras elecciones\n<\/span><\/div>","aioseo_breadcrumb_json":[{"label":"Home","link":"https:\/\/candas365.es\/noticias"},{"label":"Actualidad","link":"https:\/\/candas365.es\/noticias\/category\/actualidad\/"},{"label":"Instituto alem\u00e1n Ifo ve tiempos duros para Francia tras elecciones","link":"https:\/\/candas365.es\/noticias\/instituto-aleman-ifo-ve-tiempos-duros-para-francia-tras-elecciones\/"}],"_links":{"self":[{"href":"https:\/\/candas365.es\/noticias\/wp-json\/wp\/v2\/posts\/69728","targetHints":{"allow":["GET"]}}],"collection":[{"href":"https:\/\/candas365.es\/noticias\/wp-json\/wp\/v2\/posts"}],"about":[{"href":"https:\/\/candas365.es\/noticias\/wp-json\/wp\/v2\/types\/post"}],"author":[{"embeddable":true,"href":"https:\/\/candas365.es\/noticias\/wp-json\/wp\/v2\/users\/1"}],"replies":[{"embeddable":true,"href":"https:\/\/candas365.es\/noticias\/wp-json\/wp\/v2\/comments?post=69728"}],"version-history":[{"count":0,"href":"https:\/\/candas365.es\/noticias\/wp-json\/wp\/v2\/posts\/69728\/revisions"}],"wp:attachment":[{"href":"https:\/\/candas365.es\/noticias\/wp-json\/wp\/v2\/media?parent=69728"}],"wp:term":[{"taxonomy":"category","embeddable":true,"href":"https:\/\/candas365.es\/noticias\/wp-json\/wp\/v2\/categories?post=69728"},{"taxonomy":"post_tag","embeddable":true,"href":"https:\/\/candas365.es\/noticias\/wp-json\/wp\/v2\/tags?post=69728"}],"curies":[{"name":"wp","href":"https:\/\/api.w.org\/{rel}","templated":true}]}}